{"id":95193,"date":"2024-09-25T13:08:33","date_gmt":"2024-09-25T15:08:33","guid":{"rendered":"http:\/\/pre.boxrepsol.com\/sin-categorizar\/las-novedades-honda-salon-milan\/"},"modified":"2024-10-01T12:50:56","modified_gmt":"2024-10-01T14:50:56","slug":"las-novedades-honda-salon-milan","status":"publish","type":"post","link":"https:\/\/www.boxrepsol.com\/es\/vive-tu-moto\/las-novedades-honda-salon-milan\/","title":{"rendered":"EICMA 2024: novedades del sal\u00f3n de la moto en Mil\u00e1n"},"content":{"rendered":"<figure class=\"wp-block-post-featured-image\"><img loading=\"lazy\" decoding=\"async\" width=\"1280\" height=\"650\" src=\"https:\/\/bxrepsol.s3.eu-west-1.amazonaws.com\/static\/2021\/12\/25124009\/Foto-1-aperturaweb.png\" class=\"attachment-post-thumbnail size-post-thumbnail wp-post-image\" alt=\"Imagen del sal\u00f3n de la moto de Mil\u00e1n en ediciones anteriores\" style=\"object-fit:cover;\" srcset=\"https:\/\/bxrepsol.s3.eu-west-1.amazonaws.com\/static\/2021\/12\/25124009\/Foto-1-aperturaweb.png 1280w, https:\/\/bxrepsol.s3.eu-west-1.amazonaws.com\/static\/2021\/12\/25124009\/Foto-1-aperturaweb-300x152.png 300w, https:\/\/bxrepsol.s3.eu-west-1.amazonaws.com\/static\/2021\/12\/25124009\/Foto-1-aperturaweb-1024x520.png 1024w, https:\/\/bxrepsol.s3.eu-west-1.amazonaws.com\/static\/2021\/12\/25124009\/Foto-1-aperturaweb-768x390.png 768w\" sizes=\"auto, (max-width: 1280px) 100vw, 1280px\" \/><\/figure>\n\n\n<p>El oto\u00f1o ya nos suele dejar claro si los rumores previos han sido ciertos y si las <strong>\u201cfotos esp\u00eda\u201d<\/strong> de algunos <strong>\u201cprototipos\u201d<\/strong> que han sido publicadas en los medios de comunicaci\u00f3n van a ser a ser modelos de producci\u00f3n en serie. As\u00ed, periodistas especializados y profesionales del sector, esperamos <strong>deseosos la celebraci\u00f3n de los salones<\/strong> para conocer a ciencia cierta qu\u00e9 novedades han preparado las distintas marcas y cu\u00e1les son sus caracter\u00edsticas.<\/p>\n\n\n\n<figure class=\"wp-block-image size-large\"><img loading=\"lazy\" decoding=\"async\" width=\"1024\" height=\"683\" src=\"https:\/\/bxrepsol.s3.eu-west-1.amazonaws.com\/static\/2021\/12\/25124256\/Foto-2-1024x683.jpg\" alt=\"Asistentes al sal\u00f3n de Mil\u00e1n en ediciones anteriores\" class=\"wp-image-119969\" srcset=\"https:\/\/bxrepsol.s3.eu-west-1.amazonaws.com\/static\/2021\/12\/25124256\/Foto-2-1024x683.jpg 1024w, https:\/\/bxrepsol.s3.eu-west-1.amazonaws.com\/static\/2021\/12\/25124256\/Foto-2-300x200.jpg 300w, https:\/\/bxrepsol.s3.eu-west-1.amazonaws.com\/static\/2021\/12\/25124256\/Foto-2-768x512.jpg 768w, https:\/\/bxrepsol.s3.eu-west-1.amazonaws.com\/static\/2021\/12\/25124256\/Foto-2-1536x1024.jpg 1536w, https:\/\/bxrepsol.s3.eu-west-1.amazonaws.com\/static\/2021\/12\/25124256\/Foto-2-2048x1365.jpg 2048w\" sizes=\"auto, (max-width: 1024px) 100vw, 1024px\" \/><figcaption class=\"wp-element-caption\">Fuente: EICMA<\/figcaption><\/figure>\n\n\n\n<p><\/p>\n\n\n\n<div id=\"ez-toc-container\" class=\"ez-toc-v2_0_82_2 counter-hierarchy ez-toc-counter ez-toc-grey ez-toc-container-direction\">\n<div class=\"ez-toc-title-container\">\n<p class=\"ez-toc-title\" style=\"cursor:inherit\">\u00cdndice<\/p>\n<span class=\"ez-toc-title-toggle\"><a href=\"#\" class=\"ez-toc-pull-right ez-toc-btn ez-toc-btn-xs ez-toc-btn-default ez-toc-toggle\" aria-label=\"Toggle Table of Content\"><span class=\"ez-toc-js-icon-con\"><span class=\"\"><span class=\"eztoc-hide\" style=\"display:none;\">Toggle<\/span><span class=\"ez-toc-icon-toggle-span\"><svg style=\"fill: #999;color:#999\" xmlns=\"http:\/\/www.w3.org\/2000\/svg\" class=\"list-377408\" width=\"20px\" height=\"20px\" viewBox=\"0 0 24 24\" fill=\"none\"><path d=\"M6 6H4v2h2V6zm14 0H8v2h12V6zM4 11h2v2H4v-2zm16 0H8v2h12v-2zM4 16h2v2H4v-2zm16 0H8v2h12v-2z\" fill=\"currentColor\"><\/path><\/svg><svg style=\"fill: #999;color:#999\" class=\"arrow-unsorted-368013\" xmlns=\"http:\/\/www.w3.org\/2000\/svg\" width=\"10px\" height=\"10px\" viewBox=\"0 0 24 24\" version=\"1.2\" baseProfile=\"tiny\"><path d=\"M18.2 9.3l-6.2-6.3-6.2 6.3c-.2.2-.3.4-.3.7s.1.5.3.7c.2.2.4.3.7.3h11c.3 0 .5-.1.7-.3.2-.2.3-.5.3-.7s-.1-.5-.3-.7zM5.8 14.7l6.2 6.3 6.2-6.3c.2-.2.3-.5.3-.7s-.1-.5-.3-.7c-.2-.2-.4-.3-.7-.3h-11c-.3 0-.5.1-.7.3-.2.2-.3.5-.3.7s.1.5.3.7z\"\/><\/svg><\/span><\/span><\/span><\/a><\/span><\/div>\n<nav><ul class='ez-toc-list ez-toc-list-level-1 ' ><li class='ez-toc-page-1 ez-toc-heading-level-2'><a class=\"ez-toc-link ez-toc-heading-1\" href=\"https:\/\/www.boxrepsol.com\/es\/vive-tu-moto\/las-novedades-honda-salon-milan\/#Fechas_del_EICMA_2024\" >Fechas del EICMA 2024<\/a><ul class='ez-toc-list-level-3' ><li class='ez-toc-heading-level-3'><a class=\"ez-toc-link ez-toc-heading-2\" href=\"https:\/\/www.boxrepsol.com\/es\/vive-tu-moto\/las-novedades-honda-salon-milan\/#%C2%BFDonde_se_celebra_el_salon_de_la_moto_2024\" >\u00bfD\u00f3nde se celebra el sal\u00f3n de la moto 2024?<\/a><\/li><li class='ez-toc-page-1 ez-toc-heading-level-3'><a class=\"ez-toc-link ez-toc-heading-3\" href=\"https:\/\/www.boxrepsol.com\/es\/vive-tu-moto\/las-novedades-honda-salon-milan\/#Horarios_de_apertura_del_recinto_ferial_Milan_Rho\" >Horarios de apertura del recinto ferial Mil\u00e1n Rho<\/a><\/li><li class='ez-toc-page-1 ez-toc-heading-level-3'><a class=\"ez-toc-link ez-toc-heading-4\" href=\"https:\/\/www.boxrepsol.com\/es\/vive-tu-moto\/las-novedades-honda-salon-milan\/#Novedades_del_Salon_de_la_moto_de_Milan_2024\" >Novedades del Sal\u00f3n de la moto de Mil\u00e1n 2024<\/a><\/li><\/ul><\/li><li class='ez-toc-page-1 ez-toc-heading-level-2'><a class=\"ez-toc-link ez-toc-heading-5\" href=\"https:\/\/www.boxrepsol.com\/es\/vive-tu-moto\/las-novedades-honda-salon-milan\/#Precios_de_la_entrada_EICMA\" >Precios de la entrada EICMA<\/a><ul class='ez-toc-list-level-3' ><li class='ez-toc-heading-level-3'><a class=\"ez-toc-link ez-toc-heading-6\" href=\"https:\/\/www.boxrepsol.com\/es\/vive-tu-moto\/las-novedades-honda-salon-milan\/#Adultos_a_partir_de_14_anos\" >Adultos (a partir de 14 a\u00f1os)<\/a><\/li><li class='ez-toc-page-1 ez-toc-heading-level-3'><a class=\"ez-toc-link ez-toc-heading-7\" href=\"https:\/\/www.boxrepsol.com\/es\/vive-tu-moto\/las-novedades-honda-salon-milan\/#Ninos_de_4_a_13_anos\" >Ni\u00f1os (de 4 a 13 a\u00f1os)<\/a><\/li><\/ul><\/li><li class='ez-toc-page-1 ez-toc-heading-level-2'><a class=\"ez-toc-link ez-toc-heading-8\" href=\"https:\/\/www.boxrepsol.com\/es\/vive-tu-moto\/las-novedades-honda-salon-milan\/#%C2%BFSera_EICMA_la_unica_feria_de_la_moto_importante_que_se_celebre_en_otono\" >\u00bfSer\u00e1 EICMA la \u00fanica feria de la moto importante que se celebre en oto\u00f1o?<\/a><\/li><\/ul><\/nav><\/div>\n<h2 class=\"wp-block-heading\"><span class=\"ez-toc-section\" id=\"Fechas_del_EICMA_2024\"><\/span><strong>Fechas del EICMA 2024<\/strong><span class=\"ez-toc-section-end\"><\/span><\/h2>\n\n\n\n<p>Entre los distintos salones de la moto que se llevan a cabo en oto\u00f1o hay uno que todos los a\u00f1os destaca con claridad por encima del resto y es el que m\u00e1s inter\u00e9s despierta entre el p\u00fablico, la prensa, los profesionales y las marcas. Es el <strong>Sal\u00f3n Internacional de la Moto de Mil\u00e1n<\/strong>, conocido mundialmente como <strong>EICMA <em>(\u201c<\/em><\/strong><strong><em>Esposizione Internazionale Ciclo, Motociclo e Accessori\u201d)<\/em><\/strong>, que este a\u00f1o abrir\u00e1 sus puertas al p\u00fablico general del <strong>7 al 10 de noviembre<\/strong>. Por otro lado, la <strong>prensa<\/strong> especializada debidamente acreditada tendr\u00e1 acceso exclusivo el <strong>martes 5 y el mi\u00e9rcoles 6<\/strong>, mientras que los profesionales del sector podr\u00e1n entrar a partir del d\u00eda 6.<\/p>\n\n\n\n<h3 class=\"wp-block-heading\"><span class=\"ez-toc-section\" id=\"%C2%BFDonde_se_celebra_el_salon_de_la_moto_2024\"><\/span><strong>\u00bfD\u00f3nde se celebra el sal\u00f3n de la moto 2024?<\/strong><span class=\"ez-toc-section-end\"><\/span><\/h3>\n\n\n\n<p>Las miradas de los amantes de las motos estar\u00e1n puestas en el moderno recinto ferial \u201c<em>Fiera Milano Rho<\/em>\u201d, ubicado al noroeste de <strong>Mil\u00e1n<\/strong>, la capital de la regi\u00f3n de Lombard\u00eda.<\/p>\n\n\n\n<figure class=\"wp-block-image size-large\"><img loading=\"lazy\" decoding=\"async\" width=\"1024\" height=\"683\" src=\"https:\/\/bxrepsol.s3.eu-west-1.amazonaws.com\/static\/2021\/12\/25124740\/Foto-3-1024x683.jpg\" alt=\"RCV213 de Marc M\u00e1rquez\" class=\"wp-image-119971\" srcset=\"https:\/\/bxrepsol.s3.eu-west-1.amazonaws.com\/static\/2021\/12\/25124740\/Foto-3-1024x683.jpg 1024w, https:\/\/bxrepsol.s3.eu-west-1.amazonaws.com\/static\/2021\/12\/25124740\/Foto-3-300x200.jpg 300w, https:\/\/bxrepsol.s3.eu-west-1.amazonaws.com\/static\/2021\/12\/25124740\/Foto-3-768x512.jpg 768w, https:\/\/bxrepsol.s3.eu-west-1.amazonaws.com\/static\/2021\/12\/25124740\/Foto-3-1536x1024.jpg 1536w, https:\/\/bxrepsol.s3.eu-west-1.amazonaws.com\/static\/2021\/12\/25124740\/Foto-3-2048x1365.jpg 2048w\" sizes=\"auto, (max-width: 1024px) 100vw, 1024px\" \/><figcaption class=\"wp-element-caption\">Fuente: EICMA<\/figcaption><\/figure>\n\n\n\n<p><\/p>\n\n\n\n<h3 class=\"wp-block-heading\"><span class=\"ez-toc-section\" id=\"Horarios_de_apertura_del_recinto_ferial_Milan_Rho\"><\/span><strong>Horarios de apertura del recinto ferial Mil\u00e1n Rho<\/strong><span class=\"ez-toc-section-end\"><\/span><\/h3>\n\n\n\n<ol class=\"wp-block-list\">\n<li><strong>Prensa <\/strong>(d\u00edas 5 y 6 de noviembre): de 8:30 a 18:30 h.<\/li>\n\n\n\n<li><strong>Profesionales <\/strong>(d\u00eda 6 de noviembre): de 8:30 a 18:30 h.<\/li>\n\n\n\n<li><strong>P\u00fablico general <\/strong>(del 7 al de 9 de noviembre): de 9:30 a 18:30 h.<\/li>\n<\/ol>\n\n\n\n<h3 class=\"wp-block-heading\"><span class=\"ez-toc-section\" id=\"Novedades_del_Salon_de_la_moto_de_Milan_2024\"><\/span><strong>Novedades del Sal\u00f3n de la moto de Mil\u00e1n 2024<\/strong><span class=\"ez-toc-section-end\"><\/span><\/h3>\n\n\n\n<p>Otro detalle que conviene resaltar es que <strong>EICMA celebra este a\u00f1o su 110\u00ba aniversario<\/strong>, y para conmemorarlo se presenta con un logotipo especial realizado por Lorenzo Marini, un renombrado publicista y director creativo. El mencionado logotipo pretende evocar velocidad, emoci\u00f3n e historia, y est\u00e1 acompa\u00f1ado del lema \u201cEl arte de las dos ruedas. Desde hace 110 a\u00f1os\u201d (\u201c<em>L\u2019arte delle due ruote. Da 110 anni<\/em>\u201d).<\/p>\n\n\n\n<figure class=\"wp-block-image size-large\"><img loading=\"lazy\" decoding=\"async\" width=\"1024\" height=\"303\" src=\"https:\/\/bxrepsol.s3.eu-west-1.amazonaws.com\/static\/2021\/12\/25125002\/Foto-4-1024x303.jpg\" alt=\"Cartel oficial de El arte de las dos ruedas. Desde hace 110 a\u00f1os \" class=\"wp-image-119973\" srcset=\"https:\/\/bxrepsol.s3.eu-west-1.amazonaws.com\/static\/2021\/12\/25125002\/Foto-4-1024x303.jpg 1024w, https:\/\/bxrepsol.s3.eu-west-1.amazonaws.com\/static\/2021\/12\/25125002\/Foto-4-300x89.jpg 300w, https:\/\/bxrepsol.s3.eu-west-1.amazonaws.com\/static\/2021\/12\/25125002\/Foto-4-768x227.jpg 768w, https:\/\/bxrepsol.s3.eu-west-1.amazonaws.com\/static\/2021\/12\/25125002\/Foto-4-1536x455.jpg 1536w, https:\/\/bxrepsol.s3.eu-west-1.amazonaws.com\/static\/2021\/12\/25125002\/Foto-4-2048x606.jpg 2048w\" sizes=\"auto, (max-width: 1024px) 100vw, 1024px\" \/><\/figure>\n\n\n\n<p>Adem\u00e1s, <strong>EICMA 2024<\/strong> no se limita a ser una feria en la que las principales marcas del sector exponen motos y accesorios en sus respectivos estands. Durante la celebraci\u00f3n de la cita, los asistentes pueden disfrutar de distintas actividades, como demostraciones en vivo y concursos varios, e incluso se les permite probar algunos modelos en el exterior de los pabellones del recinto.<\/p>\n\n\n\n<p>Para hacerse una idea de la magnitud de este \u201cmacroevento\u201d, conviene recordar que en 2023 estuvieron presentes<strong>&nbsp;<\/strong><a href=\"https:\/\/www.boxrepsol.com\/es\/cultura-motera\/mejores-marcas-de-motos\/\"><strong>2036 marcas de motos<\/strong><\/a><strong> (cifra r\u00e9cord para el EICMA) y m\u00e1s de 700 expositores directos<\/strong>, el 67% llegados de fuera de Italia y procedentes de 45 pa\u00edses distintos. M\u00e1s del 30% de las empresas estuvieron presentes por primera vez en los ocho pabellones que llegaron a ser ocupados, dos m\u00e1s que en 2022 y tres m\u00e1s que en 2021. Con respecto al <strong>n\u00famero de asistentes<\/strong>, el a\u00f1o pasado tambi\u00e9n se bati\u00f3 el r\u00e9cord, contabiliz\u00e1ndose<strong> m\u00e1s de 560.000<\/strong> a lo largo de las seis jornadas que estuvieron abiertas las puertas del recinto ferial milan\u00e9s.<\/p>\n\n\n\n<figure class=\"wp-block-image size-large\"><img loading=\"lazy\" decoding=\"async\" width=\"1024\" height=\"683\" src=\"https:\/\/bxrepsol.s3.eu-west-1.amazonaws.com\/static\/2021\/12\/25125025\/Foto-5-1024x683.jpg\" alt=\"Asistentes en el sal\u00f3n de la moto de Madrid\" class=\"wp-image-119975\" srcset=\"https:\/\/bxrepsol.s3.eu-west-1.amazonaws.com\/static\/2021\/12\/25125025\/Foto-5-1024x683.jpg 1024w, https:\/\/bxrepsol.s3.eu-west-1.amazonaws.com\/static\/2021\/12\/25125025\/Foto-5-300x200.jpg 300w, https:\/\/bxrepsol.s3.eu-west-1.amazonaws.com\/static\/2021\/12\/25125025\/Foto-5-768x512.jpg 768w, https:\/\/bxrepsol.s3.eu-west-1.amazonaws.com\/static\/2021\/12\/25125025\/Foto-5-1536x1024.jpg 1536w, https:\/\/bxrepsol.s3.eu-west-1.amazonaws.com\/static\/2021\/12\/25125025\/Foto-5.jpg 1620w\" sizes=\"auto, (max-width: 1024px) 100vw, 1024px\" \/><figcaption class=\"wp-element-caption\">Fuente: EICMA<\/figcaption><\/figure>\n\n\n\n<p><\/p>\n\n\n\n<h2 class=\"wp-block-heading\"><span class=\"ez-toc-section\" id=\"Precios_de_la_entrada_EICMA\"><\/span><strong>Precios de la entrada EICMA<\/strong><span class=\"ez-toc-section-end\"><\/span><\/h2>\n\n\n\n<h3 class=\"wp-block-heading\"><span class=\"ez-toc-section\" id=\"Adultos_a_partir_de_14_anos\"><\/span><strong>Adultos (a partir de 14 a\u00f1os)<\/strong><span class=\"ez-toc-section-end\"><\/span><\/h3>\n\n\n\n<ul class=\"wp-block-list\">\n<li>15 \u20ac hasta el 16 de septiembre y 20 \u20ac partir de esa fecha en la web www.eicma.it. 25 \u20ac en las taquillas.\n<ul class=\"wp-block-list\">\n<li>Entrada de tarde, a partir de las 13:30 h: 14 \u20ac desde el 16 de septiembre en la web y 19 \u20ac en las taquillas.<\/li>\n<\/ul>\n<\/li>\n<\/ul>\n\n\n\n<h3 class=\"wp-block-heading\"><span class=\"ez-toc-section\" id=\"Ninos_de_4_a_13_anos\"><\/span><strong>Ni\u00f1os (de 4 a 13 a\u00f1os)<\/strong><span class=\"ez-toc-section-end\"><\/span><\/h3>\n\n\n\n<ul class=\"wp-block-list\">\n<li>10 \u20ac en la web www.eicma.it y 12 \u20ac en las taquillas.\n<ul class=\"wp-block-list\">\n<li>Entrada de tarde, a partir de las 13:30 h: 7 \u20ac en la web y 10 \u20ac en taquillas.<\/li>\n<\/ul>\n<\/li>\n\n\n\n<li><strong>Menores de 3 a\u00f1os<\/strong>: entrada libre.<\/li>\n\n\n\n<li><strong>Personas con alguna discapacidad + acompa\u00f1ante<\/strong>: entrada libre.<\/li>\n\n\n\n<li><strong>Grupos<\/strong>: 15 \u20ac por persona. M\u00ednimo 20 personas y m\u00e1ximo 70. Solo se admiten&nbsp; colegios, asociaciones motociclistas y motoclubes.<\/li>\n<\/ul>\n\n\n\n<figure class=\"wp-block-image size-large\"><img loading=\"lazy\" decoding=\"async\" width=\"1024\" height=\"683\" src=\"https:\/\/bxrepsol.s3.eu-west-1.amazonaws.com\/static\/2021\/12\/25125620\/Foto-6-1024x683.jpg\" alt=\"Grupo de chicas en el sal\u00f3n de la moto de Mil\u00e1n \" class=\"wp-image-119977\" srcset=\"https:\/\/bxrepsol.s3.eu-west-1.amazonaws.com\/static\/2021\/12\/25125620\/Foto-6-1024x683.jpg 1024w, https:\/\/bxrepsol.s3.eu-west-1.amazonaws.com\/static\/2021\/12\/25125620\/Foto-6-300x200.jpg 300w, https:\/\/bxrepsol.s3.eu-west-1.amazonaws.com\/static\/2021\/12\/25125620\/Foto-6-768x512.jpg 768w, https:\/\/bxrepsol.s3.eu-west-1.amazonaws.com\/static\/2021\/12\/25125620\/Foto-6-1536x1024.jpg 1536w, https:\/\/bxrepsol.s3.eu-west-1.amazonaws.com\/static\/2021\/12\/25125620\/Foto-6-2048x1365.jpg 2048w\" sizes=\"auto, (max-width: 1024px) 100vw, 1024px\" \/><figcaption class=\"wp-element-caption\">Fuente: EICMA<\/figcaption><\/figure>\n\n\n\n<p><\/p>\n\n\n\n<h2 class=\"wp-block-heading\"><span class=\"ez-toc-section\" id=\"%C2%BFSera_EICMA_la_unica_feria_de_la_moto_importante_que_se_celebre_en_otono\"><\/span><strong>\u00bfSer\u00e1 EICMA la \u00fanica feria de la moto importante que se celebre en oto\u00f1o?<\/strong><span class=\"ez-toc-section-end\"><\/span><\/h2>\n\n\n\n<p>Este a\u00f1o los amantes de las motos y de las novedades del sector tambi\u00e9n podremos disfrutar de <a href=\"https:\/\/www.boxrepsol.com\/es\/motogp\/madrid-moto-show-horarios-precios\/\">otras ferias importantes<\/a>, como el <strong>Sal\u00f3n de Colonia<\/strong>, igualmente conocido como <strong>INTERMOT (\u201c<em>International Motorcycle Fair<\/em>\u201d)<\/strong>. Hasta ahora, esta cita se sol\u00eda celebrar cada dos a\u00f1os en la ciudad alemana de Colonia y, para la ocasi\u00f3n, el recinto ferial (\u201c<em>Koelnmesse<\/em>\u201d) abr\u00eda sus puertas a principios del mes de octubre. Sin embargo, el Sal\u00f3n de Colonia trae novedades y a partir de ahora se va a celebrar anualmente. Adem\u00e1s, se va a llevar a cabo despu\u00e9s del Sal\u00f3n Internacional de la Moto de Mil\u00e1n, abriendo sus puertas al <strong>p\u00fablico del 5 al 8 de diciembre<\/strong>. Como es costumbre, la <strong>prensa especializada<\/strong> podr\u00e1 acceder <strong>el martes y mi\u00e9rcoles previos<\/strong>, mientras que los profesionales del sector podr\u00e1n hacerlo el d\u00eda 4. Si deseas m\u00e1s informaci\u00f3n entra en <a href=\"https:\/\/www.intermot-cologne.com\/\">este enlace<\/a>.<\/p>\n","protected":false},"excerpt":{"rendered":"<p>Para los amantes de las motos y los distintos profesionales del sector hay una estaci\u00f3n del a\u00f1o muy esperada y esta no es otra que el oto\u00f1o. En esta \u00e9poca es cuando las marcas desvelan sus principales novedades para la siguiente temporada y aprovechan los salones que se celebran en este periodo para mostrar en vivo las motos que aparecer\u00e1n en sus respectivos cat\u00e1logos y que estar\u00e1n disponibles en los concesionarios.<\/p>\n","protected":false},"author":41267,"featured_media":119967,"comment_status":"open","ping_status":"open","sticky":false,"template":"","format":"standard","meta":{"footnotes":""},"categories":[122],"tags":[381,380],"class_list":["post-95193","post","type-post","status-publish","format-standard","hentry","category-vive-tu-moto","tag-eventos","tag-novedades"],"yoast_head":"<!-- This site is optimized with the Yoast SEO plugin v27.3 - https:\/\/yoast.com\/product\/yoast-seo-wordpress\/ -->\n<title>EICMA 2024: fechas, novedades y precios - Box Repsol- Box Repsol<\/title>\n<meta name=\"description\" content=\"Descubre las \u00faltimas innovaciones en motos y tecnolog\u00eda en EICMA 2024. \u00a1No te pierdas las novedades de las principales marcas y tendencias del sector!\" \/>\n<link rel=\"canonical\" href=\"https:\/\/www.boxrepsol.com\/es\/vive-tu-moto\/las-novedades-honda-salon-milan\/\" \/>\n<meta property=\"og:locale\" content=\"es_ES\" \/>\n<meta property=\"og:type\" content=\"article\" \/>\n<meta property=\"og:title\" content=\"EICMA 2024: fechas, novedades y precios - Box Repsol- Box Repsol\" \/>\n<meta property=\"og:description\" content=\"Descubre las \u00faltimas innovaciones en motos y tecnolog\u00eda en EICMA 2024. \u00a1No te pierdas las novedades de las principales marcas y tendencias del sector!\" \/>\n<meta property=\"og:url\" content=\"https:\/\/www.boxrepsol.com\/es\/vive-tu-moto\/las-novedades-honda-salon-milan\/\" \/>\n<meta property=\"og:site_name\" content=\"Box Repsol\" \/>\n<meta property=\"article:publisher\" content=\"https:\/\/www.facebook.com\/BoxRepsol\" \/>\n<meta property=\"article:published_time\" content=\"2024-09-25T15:08:33+00:00\" \/>\n<meta property=\"article:modified_time\" content=\"2024-10-01T14:50:56+00:00\" \/>\n<meta property=\"og:image\" content=\"https:\/\/bxrepsol.s3.eu-west-1.amazonaws.com\/static\/2021\/12\/25124009\/Foto-1-aperturaweb.png\" \/>\n\t<meta property=\"og:image:width\" content=\"1280\" \/>\n\t<meta property=\"og:image:height\" content=\"650\" \/>\n\t<meta property=\"og:image:type\" content=\"image\/png\" \/>\n<meta name=\"author\" content=\"V\u00edctor Gancedo\" \/>\n<meta name=\"twitter:card\" content=\"summary_large_image\" \/>\n<meta name=\"twitter:creator\" content=\"@box_repsol\" \/>\n<meta name=\"twitter:site\" content=\"@box_repsol\" \/>\n<meta name=\"twitter:label1\" content=\"Written by\" \/>\n\t<meta name=\"twitter:data1\" content=\"V\u00edctor Gancedo\" \/>\n\t<meta name=\"twitter:label2\" content=\"Est. reading time\" \/>\n\t<meta name=\"twitter:data2\" content=\"4 minutos\" \/>\n<script type=\"application\/ld+json\" class=\"yoast-schema-graph\">{\"@context\":\"https:\\\/\\\/schema.org\",\"@graph\":[{\"@type\":\"Article\",\"@id\":\"https:\\\/\\\/www.boxrepsol.com\\\/es\\\/vive-tu-moto\\\/las-novedades-honda-salon-milan\\\/#article\",\"isPartOf\":{\"@id\":\"https:\\\/\\\/www.boxrepsol.com\\\/es\\\/vive-tu-moto\\\/las-novedades-honda-salon-milan\\\/\"},\"author\":{\"name\":\"V\u00edctor Gancedo\",\"@id\":\"https:\\\/\\\/www.boxrepsol.com\\\/es\\\/#\\\/schema\\\/person\\\/40c28bf318bbbe8fe3848b194b7385ca\"},\"headline\":\"EICMA 2024: novedades del sal\u00f3n de la moto en Mil\u00e1n\",\"datePublished\":\"2024-09-25T15:08:33+00:00\",\"dateModified\":\"2024-10-01T14:50:56+00:00\",\"mainEntityOfPage\":{\"@id\":\"https:\\\/\\\/www.boxrepsol.com\\\/es\\\/vive-tu-moto\\\/las-novedades-honda-salon-milan\\\/\"},\"wordCount\":834,\"commentCount\":0,\"publisher\":{\"@id\":\"https:\\\/\\\/www.boxrepsol.com\\\/es\\\/#organization\"},\"image\":{\"@id\":\"https:\\\/\\\/www.boxrepsol.com\\\/es\\\/vive-tu-moto\\\/las-novedades-honda-salon-milan\\\/#primaryimage\"},\"thumbnailUrl\":\"https:\\\/\\\/bxrepsol.s3.eu-west-1.amazonaws.com\\\/static\\\/2021\\\/12\\\/25124009\\\/Foto-1-aperturaweb.png\",\"keywords\":[\"Eventos\",\"Novedades\"],\"articleSection\":[\"Vive tu moto\"],\"inLanguage\":\"es\",\"potentialAction\":[{\"@type\":\"CommentAction\",\"name\":\"Comment\",\"target\":[\"https:\\\/\\\/www.boxrepsol.com\\\/es\\\/vive-tu-moto\\\/las-novedades-honda-salon-milan\\\/#respond\"]}]},{\"@type\":\"WebPage\",\"@id\":\"https:\\\/\\\/www.boxrepsol.com\\\/es\\\/vive-tu-moto\\\/las-novedades-honda-salon-milan\\\/\",\"url\":\"https:\\\/\\\/www.boxrepsol.com\\\/es\\\/vive-tu-moto\\\/las-novedades-honda-salon-milan\\\/\",\"name\":\"EICMA 2024: fechas, novedades y precios - Box Repsol- Box Repsol\",\"isPartOf\":{\"@id\":\"https:\\\/\\\/www.boxrepsol.com\\\/es\\\/#website\"},\"primaryImageOfPage\":{\"@id\":\"https:\\\/\\\/www.boxrepsol.com\\\/es\\\/vive-tu-moto\\\/las-novedades-honda-salon-milan\\\/#primaryimage\"},\"image\":{\"@id\":\"https:\\\/\\\/www.boxrepsol.com\\\/es\\\/vive-tu-moto\\\/las-novedades-honda-salon-milan\\\/#primaryimage\"},\"thumbnailUrl\":\"https:\\\/\\\/bxrepsol.s3.eu-west-1.amazonaws.com\\\/static\\\/2021\\\/12\\\/25124009\\\/Foto-1-aperturaweb.png\",\"datePublished\":\"2024-09-25T15:08:33+00:00\",\"dateModified\":\"2024-10-01T14:50:56+00:00\",\"description\":\"Descubre las \u00faltimas innovaciones en motos y tecnolog\u00eda en EICMA 2024. \u00a1No te pierdas las novedades de las principales marcas y tendencias del sector!\",\"breadcrumb\":{\"@id\":\"https:\\\/\\\/www.boxrepsol.com\\\/es\\\/vive-tu-moto\\\/las-novedades-honda-salon-milan\\\/#breadcrumb\"},\"inLanguage\":\"es\",\"potentialAction\":[{\"@type\":\"ReadAction\",\"target\":[\"https:\\\/\\\/www.boxrepsol.com\\\/es\\\/vive-tu-moto\\\/las-novedades-honda-salon-milan\\\/\"]}]},{\"@type\":\"ImageObject\",\"inLanguage\":\"es\",\"@id\":\"https:\\\/\\\/www.boxrepsol.com\\\/es\\\/vive-tu-moto\\\/las-novedades-honda-salon-milan\\\/#primaryimage\",\"url\":\"https:\\\/\\\/bxrepsol.s3.eu-west-1.amazonaws.com\\\/static\\\/2021\\\/12\\\/25124009\\\/Foto-1-aperturaweb.png\",\"contentUrl\":\"https:\\\/\\\/bxrepsol.s3.eu-west-1.amazonaws.com\\\/static\\\/2021\\\/12\\\/25124009\\\/Foto-1-aperturaweb.png\",\"width\":1280,\"height\":650,\"caption\":\"Imagen del sal\u00f3n de la moto de Mil\u00e1n en ediciones anteriores\"},{\"@type\":\"BreadcrumbList\",\"@id\":\"https:\\\/\\\/www.boxrepsol.com\\\/es\\\/vive-tu-moto\\\/las-novedades-honda-salon-milan\\\/#breadcrumb\",\"itemListElement\":[{\"@type\":\"ListItem\",\"position\":1,\"name\":\"Home\",\"item\":\"https:\\\/\\\/www.boxrepsol.com\\\/es\\\/\"},{\"@type\":\"ListItem\",\"position\":2,\"name\":\"EICMA 2024: novedades del sal\u00f3n de la moto en Mil\u00e1n\"}]},{\"@type\":\"WebSite\",\"@id\":\"https:\\\/\\\/www.boxrepsol.com\\\/es\\\/#website\",\"url\":\"https:\\\/\\\/www.boxrepsol.com\\\/es\\\/\",\"name\":\"Box Repsol\",\"description\":\"Box Repsol Site\",\"publisher\":{\"@id\":\"https:\\\/\\\/www.boxrepsol.com\\\/es\\\/#organization\"},\"potentialAction\":[{\"@type\":\"SearchAction\",\"target\":{\"@type\":\"EntryPoint\",\"urlTemplate\":\"https:\\\/\\\/www.boxrepsol.com\\\/es\\\/?s={search_term_string}\"},\"query-input\":{\"@type\":\"PropertyValueSpecification\",\"valueRequired\":true,\"valueName\":\"search_term_string\"}}],\"inLanguage\":\"es\"},{\"@type\":\"Organization\",\"@id\":\"https:\\\/\\\/www.boxrepsol.com\\\/es\\\/#organization\",\"name\":\"Box Repsol\",\"url\":\"https:\\\/\\\/www.boxrepsol.com\\\/es\\\/\",\"logo\":{\"@type\":\"ImageObject\",\"inLanguage\":\"es\",\"@id\":\"https:\\\/\\\/www.boxrepsol.com\\\/es\\\/#\\\/schema\\\/logo\\\/image\\\/\",\"url\":\"https:\\\/\\\/bxrepsol.s3.eu-west-1.amazonaws.com\\\/static\\\/2025\\\/07\\\/30083337\\\/favicon-96x96-1.png\",\"contentUrl\":\"https:\\\/\\\/bxrepsol.s3.eu-west-1.amazonaws.com\\\/static\\\/2025\\\/07\\\/30083337\\\/favicon-96x96-1.png\",\"width\":96,\"height\":96,\"caption\":\"Box Repsol\"},\"image\":{\"@id\":\"https:\\\/\\\/www.boxrepsol.com\\\/es\\\/#\\\/schema\\\/logo\\\/image\\\/\"},\"sameAs\":[\"https:\\\/\\\/www.facebook.com\\\/BoxRepsol\",\"https:\\\/\\\/x.com\\\/box_repsol\",\"http:\\\/\\\/instagram.com\\\/box_repsol\",\"https:\\\/\\\/www.youtube.com\\\/user\\\/RepsolCompeticion\",\"https:\\\/\\\/www.flickr.com\\\/photos\\\/box_repsol\\\/\"]},{\"@type\":\"Person\",\"@id\":\"https:\\\/\\\/www.boxrepsol.com\\\/es\\\/#\\\/schema\\\/person\\\/40c28bf318bbbe8fe3848b194b7385ca\",\"name\":\"V\u00edctor Gancedo\",\"image\":{\"@type\":\"ImageObject\",\"inLanguage\":\"es\",\"@id\":\"https:\\\/\\\/secure.gravatar.com\\\/avatar\\\/cd1439a66fca5d3425cd2a7b13f32cd43e25022a0436c1235ef2a28e14fa660a?s=96&d=mm&r=g\",\"url\":\"https:\\\/\\\/secure.gravatar.com\\\/avatar\\\/cd1439a66fca5d3425cd2a7b13f32cd43e25022a0436c1235ef2a28e14fa660a?s=96&d=mm&r=g\",\"contentUrl\":\"https:\\\/\\\/secure.gravatar.com\\\/avatar\\\/cd1439a66fca5d3425cd2a7b13f32cd43e25022a0436c1235ef2a28e14fa660a?s=96&d=mm&r=g\",\"caption\":\"V\u00edctor Gancedo\"},\"description\":\"Periodista especializado en el mundo de las motos, V\u00edctor ha probado pr\u00e1cticamente todas las que han salido al mercado desde 1990. En su larga trayectoria, ha desempe\u00f1ado cargos como los de Jefe de Pruebas de la revista Motociclismo o Responsable de Pruebas del \u00c1rea de Motos del Grupo Motorpress-Ib\u00e9rica, hoy llamado Sport Life Ib\u00e9rica, al cual sigue vinculado.\",\"sameAs\":[\"https:\\\/\\\/www.instagram.com\\\/vfgancedo\"],\"url\":\"https:\\\/\\\/www.boxrepsol.com\\\/es\\\/author\\\/victor_gancedo\\\/\"}]}<\/script>\n<!-- \/ Yoast SEO plugin. -->","yoast_head_json":{"title":"EICMA 2024: fechas, novedades y precios - Box Repsol- Box Repsol","description":"Descubre las \u00faltimas innovaciones en motos y tecnolog\u00eda en EICMA 2024. \u00a1No te pierdas las novedades de las principales marcas y tendencias del sector!","canonical":"https:\/\/www.boxrepsol.com\/es\/vive-tu-moto\/las-novedades-honda-salon-milan\/","og_locale":"es_ES","og_type":"article","og_title":"EICMA 2024: fechas, novedades y precios - Box Repsol- Box Repsol","og_description":"Descubre las \u00faltimas innovaciones en motos y tecnolog\u00eda en EICMA 2024. \u00a1No te pierdas las novedades de las principales marcas y tendencias del sector!","og_url":"https:\/\/www.boxrepsol.com\/es\/vive-tu-moto\/las-novedades-honda-salon-milan\/","og_site_name":"Box Repsol","article_publisher":"https:\/\/www.facebook.com\/BoxRepsol","article_published_time":"2024-09-25T15:08:33+00:00","article_modified_time":"2024-10-01T14:50:56+00:00","og_image":[{"width":1280,"height":650,"url":"https:\/\/bxrepsol.s3.eu-west-1.amazonaws.com\/static\/2021\/12\/25124009\/Foto-1-aperturaweb.png","type":"image\/png"}],"author":"V\u00edctor Gancedo","twitter_card":"summary_large_image","twitter_creator":"@box_repsol","twitter_site":"@box_repsol","twitter_misc":{"Written by":"V\u00edctor Gancedo","Est. reading time":"4 minutos"},"schema":{"@context":"https:\/\/schema.org","@graph":[{"@type":"Article","@id":"https:\/\/www.boxrepsol.com\/es\/vive-tu-moto\/las-novedades-honda-salon-milan\/#article","isPartOf":{"@id":"https:\/\/www.boxrepsol.com\/es\/vive-tu-moto\/las-novedades-honda-salon-milan\/"},"author":{"name":"V\u00edctor Gancedo","@id":"https:\/\/www.boxrepsol.com\/es\/#\/schema\/person\/40c28bf318bbbe8fe3848b194b7385ca"},"headline":"EICMA 2024: novedades del sal\u00f3n de la moto en Mil\u00e1n","datePublished":"2024-09-25T15:08:33+00:00","dateModified":"2024-10-01T14:50:56+00:00","mainEntityOfPage":{"@id":"https:\/\/www.boxrepsol.com\/es\/vive-tu-moto\/las-novedades-honda-salon-milan\/"},"wordCount":834,"commentCount":0,"publisher":{"@id":"https:\/\/www.boxrepsol.com\/es\/#organization"},"image":{"@id":"https:\/\/www.boxrepsol.com\/es\/vive-tu-moto\/las-novedades-honda-salon-milan\/#primaryimage"},"thumbnailUrl":"https:\/\/bxrepsol.s3.eu-west-1.amazonaws.com\/static\/2021\/12\/25124009\/Foto-1-aperturaweb.png","keywords":["Eventos","Novedades"],"articleSection":["Vive tu moto"],"inLanguage":"es","potentialAction":[{"@type":"CommentAction","name":"Comment","target":["https:\/\/www.boxrepsol.com\/es\/vive-tu-moto\/las-novedades-honda-salon-milan\/#respond"]}]},{"@type":"WebPage","@id":"https:\/\/www.boxrepsol.com\/es\/vive-tu-moto\/las-novedades-honda-salon-milan\/","url":"https:\/\/www.boxrepsol.com\/es\/vive-tu-moto\/las-novedades-honda-salon-milan\/","name":"EICMA 2024: fechas, novedades y precios - Box Repsol- Box Repsol","isPartOf":{"@id":"https:\/\/www.boxrepsol.com\/es\/#website"},"primaryImageOfPage":{"@id":"https:\/\/www.boxrepsol.com\/es\/vive-tu-moto\/las-novedades-honda-salon-milan\/#primaryimage"},"image":{"@id":"https:\/\/www.boxrepsol.com\/es\/vive-tu-moto\/las-novedades-honda-salon-milan\/#primaryimage"},"thumbnailUrl":"https:\/\/bxrepsol.s3.eu-west-1.amazonaws.com\/static\/2021\/12\/25124009\/Foto-1-aperturaweb.png","datePublished":"2024-09-25T15:08:33+00:00","dateModified":"2024-10-01T14:50:56+00:00","description":"Descubre las \u00faltimas innovaciones en motos y tecnolog\u00eda en EICMA 2024. \u00a1No te pierdas las novedades de las principales marcas y tendencias del sector!","breadcrumb":{"@id":"https:\/\/www.boxrepsol.com\/es\/vive-tu-moto\/las-novedades-honda-salon-milan\/#breadcrumb"},"inLanguage":"es","potentialAction":[{"@type":"ReadAction","target":["https:\/\/www.boxrepsol.com\/es\/vive-tu-moto\/las-novedades-honda-salon-milan\/"]}]},{"@type":"ImageObject","inLanguage":"es","@id":"https:\/\/www.boxrepsol.com\/es\/vive-tu-moto\/las-novedades-honda-salon-milan\/#primaryimage","url":"https:\/\/bxrepsol.s3.eu-west-1.amazonaws.com\/static\/2021\/12\/25124009\/Foto-1-aperturaweb.png","contentUrl":"https:\/\/bxrepsol.s3.eu-west-1.amazonaws.com\/static\/2021\/12\/25124009\/Foto-1-aperturaweb.png","width":1280,"height":650,"caption":"Imagen del sal\u00f3n de la moto de Mil\u00e1n en ediciones anteriores"},{"@type":"BreadcrumbList","@id":"https:\/\/www.boxrepsol.com\/es\/vive-tu-moto\/las-novedades-honda-salon-milan\/#breadcrumb","itemListElement":[{"@type":"ListItem","position":1,"name":"Home","item":"https:\/\/www.boxrepsol.com\/es\/"},{"@type":"ListItem","position":2,"name":"EICMA 2024: novedades del sal\u00f3n de la moto en Mil\u00e1n"}]},{"@type":"WebSite","@id":"https:\/\/www.boxrepsol.com\/es\/#website","url":"https:\/\/www.boxrepsol.com\/es\/","name":"Box Repsol","description":"Box Repsol Site","publisher":{"@id":"https:\/\/www.boxrepsol.com\/es\/#organization"},"potentialAction":[{"@type":"SearchAction","target":{"@type":"EntryPoint","urlTemplate":"https:\/\/www.boxrepsol.com\/es\/?s={search_term_string}"},"query-input":{"@type":"PropertyValueSpecification","valueRequired":true,"valueName":"search_term_string"}}],"inLanguage":"es"},{"@type":"Organization","@id":"https:\/\/www.boxrepsol.com\/es\/#organization","name":"Box Repsol","url":"https:\/\/www.boxrepsol.com\/es\/","logo":{"@type":"ImageObject","inLanguage":"es","@id":"https:\/\/www.boxrepsol.com\/es\/#\/schema\/logo\/image\/","url":"https:\/\/bxrepsol.s3.eu-west-1.amazonaws.com\/static\/2025\/07\/30083337\/favicon-96x96-1.png","contentUrl":"https:\/\/bxrepsol.s3.eu-west-1.amazonaws.com\/static\/2025\/07\/30083337\/favicon-96x96-1.png","width":96,"height":96,"caption":"Box Repsol"},"image":{"@id":"https:\/\/www.boxrepsol.com\/es\/#\/schema\/logo\/image\/"},"sameAs":["https:\/\/www.facebook.com\/BoxRepsol","https:\/\/x.com\/box_repsol","http:\/\/instagram.com\/box_repsol","https:\/\/www.youtube.com\/user\/RepsolCompeticion","https:\/\/www.flickr.com\/photos\/box_repsol\/"]},{"@type":"Person","@id":"https:\/\/www.boxrepsol.com\/es\/#\/schema\/person\/40c28bf318bbbe8fe3848b194b7385ca","name":"V\u00edctor Gancedo","image":{"@type":"ImageObject","inLanguage":"es","@id":"https:\/\/secure.gravatar.com\/avatar\/cd1439a66fca5d3425cd2a7b13f32cd43e25022a0436c1235ef2a28e14fa660a?s=96&d=mm&r=g","url":"https:\/\/secure.gravatar.com\/avatar\/cd1439a66fca5d3425cd2a7b13f32cd43e25022a0436c1235ef2a28e14fa660a?s=96&d=mm&r=g","contentUrl":"https:\/\/secure.gravatar.com\/avatar\/cd1439a66fca5d3425cd2a7b13f32cd43e25022a0436c1235ef2a28e14fa660a?s=96&d=mm&r=g","caption":"V\u00edctor Gancedo"},"description":"Periodista especializado en el mundo de las motos, V\u00edctor ha probado pr\u00e1cticamente todas las que han salido al mercado desde 1990. En su larga trayectoria, ha desempe\u00f1ado cargos como los de Jefe de Pruebas de la revista Motociclismo o Responsable de Pruebas del \u00c1rea de Motos del Grupo Motorpress-Ib\u00e9rica, hoy llamado Sport Life Ib\u00e9rica, al cual sigue vinculado.","sameAs":["https:\/\/www.instagram.com\/vfgancedo"],"url":"https:\/\/www.boxrepsol.com\/es\/author\/victor_gancedo\/"}]}},"_links":{"self":[{"href":"https:\/\/www.boxrepsol.com\/es\/wp-json\/wp\/v2\/posts\/95193","targetHints":{"allow":["GET"]}}],"collection":[{"href":"https:\/\/www.boxrepsol.com\/es\/wp-json\/wp\/v2\/posts"}],"about":[{"href":"https:\/\/www.boxrepsol.com\/es\/wp-json\/wp\/v2\/types\/post"}],"author":[{"embeddable":true,"href":"https:\/\/www.boxrepsol.com\/es\/wp-json\/wp\/v2\/users\/41267"}],"replies":[{"embeddable":true,"href":"https:\/\/www.boxrepsol.com\/es\/wp-json\/wp\/v2\/comments?post=95193"}],"version-history":[{"count":6,"href":"https:\/\/www.boxrepsol.com\/es\/wp-json\/wp\/v2\/posts\/95193\/revisions"}],"predecessor-version":[{"id":120256,"href":"https:\/\/www.boxrepsol.com\/es\/wp-json\/wp\/v2\/posts\/95193\/revisions\/120256"}],"wp:featuredmedia":[{"embeddable":true,"href":"https:\/\/www.boxrepsol.com\/es\/wp-json\/wp\/v2\/media\/119967"}],"wp:attachment":[{"href":"https:\/\/www.boxrepsol.com\/es\/wp-json\/wp\/v2\/media?parent=95193"}],"wp:term":[{"taxonomy":"category","embeddable":true,"href":"https:\/\/www.boxrepsol.com\/es\/wp-json\/wp\/v2\/categories?post=95193"},{"taxonomy":"post_tag","embeddable":true,"href":"https:\/\/www.boxrepsol.com\/es\/wp-json\/wp\/v2\/tags?post=95193"}],"curies":[{"name":"wp","href":"https:\/\/api.w.org\/{rel}","templated":true}]}}