{"id":95188,"date":"2021-11-21T00:00:00","date_gmt":"2021-11-21T02:00:00","guid":{"rendered":"http:\/\/pre.boxrepsol.com\/sin-categorizar\/daniel-holgado-maximo-martinez-se-proclaman-campeones-del-fim-cev-repsol-valencia\/"},"modified":"2024-04-10T06:24:11","modified_gmt":"2024-04-10T08:24:11","slug":"daniel-holgado-maximo-martinez-se-proclaman-campeones-del-fim-cev-repsol-valencia","status":"publish","type":"post","link":"https:\/\/www.boxrepsol.com\/es\/sin-categorizar\/daniel-holgado-maximo-martinez-se-proclaman-campeones-del-fim-cev-repsol-valencia\/","title":{"rendered":"Daniel Holgado y M\u00e1ximo Martinez se proclaman campeones del FIM CEV Repsol en Valencia"},"content":{"rendered":"<p><strong>Daniel Holgado,<\/strong> en el Mundial Junior FIM de <strong>Moto3,<\/strong> y <strong>M\u00e1ximo Mart\u00ednez<\/strong> en la <strong>European Talent Cup,<\/strong> han cerrado la temporada del <strong>FIM CEV Repsol<\/strong> en Valencia como campeones de sus categor\u00edas, acompa\u00f1ando a <strong>Ferm\u00edn Aldeguer,<\/strong> ya coronado campe\u00f3n previamente del Campeonato Europeo de <strong>Moto2.<\/strong><\/p>\n<p>Tras un inicio de jornada con la pista algo mojada por la lluvia del s\u00e1bado, la primera carrera de <strong>Moto3<\/strong> ha sido m\u00e1s lenta de lo habitual. Sin embargo, a <strong>Holgado<\/strong> le ha bastado con un noveno puesto para alzarse con el t\u00edtulo de campe\u00f3n del Mundial Junior FIM de Moto3. El vencedor de la primera carrera ha sido el australiano <strong>Joel Kelso,<\/strong> que ha protagonizado una gran remontada tras haber salido trig\u00e9simo. Ya en la segunda manga, el campe\u00f3n Holgado ha cerrado la temporada con su quinta victoria del a\u00f1o tras imponerse por mil\u00e9simas a <strong>Ivan Ortol\u00e1.<\/strong><\/p>\n<p>En la <strong>European Talent Cup, M\u00e1ximo Mart\u00ednez<\/strong> ha podido defender la ventaja con la que llegaba a las \u00faltimas dos carreras de Valencia, logrando la victoria en la primera ronda y terminando sexto en la segunda carrera, que le ha valido para ser campe\u00f3n de la categor\u00eda, con 17 puntos de margen sobre <strong>Adri\u00e1n Cruces.<\/strong> El ganador de la segunda manga ha sido <strong>\u00c1lvaro Carpe,<\/strong> que ha logrado su segunda victoria de la temporada.<\/p>\n<p>Por \u00faltimo, en la categor\u00eda de Moto2, <strong>Alonso L\u00f3pez<\/strong> se ha impuesto a su compa\u00f1ero de equipo <strong>Ferm\u00edn Aldeguer,<\/strong> en una carrera que se ha dado por terminada a falta de cinco vueltas por una bandera roja.<\/p>\n<h3>Declaraciones de los pilotos<\/h3>\n<p><strong>Joel Kelso, ganador de la carrera 1 de Moto3.<\/strong><\/p>\n<p>\u00abEs incre\u00edble. La jornada de ayer fue un desastre, nada pudo ir peor. Pero hoy, con el buen tiempo, todo ha sido mejor y me he podido unir r\u00e1pido al grupo delantero. Ha sido una carrera genial. Ha sido m\u00e1s f\u00e1cil de lo que pensaba que ser\u00eda, as\u00ed que estoy muy feliz por la victoria\u201d.<\/p>\n<p><strong>Daniel Holgado, ganador de la carrera 2 de Moto3.<\/strong><\/p>\n<p>\u00abHoy ha sido el mejor d\u00eda de mi vida. He ganado el Mundial Junior y mi \u00faltima carrera con el Team Aspar. Siempre les tendr\u00e9 en mi coraz\u00f3n y quiero darles las gracias por estos dos magn\u00edficos a\u00f1os y a todos los que hacen posible el FIM CEV Repsol por estos cuatro a\u00f1os aqu\u00ed. Gracias a todos y a mis seguidores, por apoyarme aqu\u00ed y desde casa\u201d.<\/p>\n<p><strong>Daniel Holgado, campe\u00f3n.<\/strong><\/p>\n<p>\u00abQuiero darle las gracias a todo el mundo que ha venido hoy a verme, se lo debo todo a ellos, porque he sentido el apoyo y la fuerza que me faltaba en las \u00faltimas vueltas. Quiero agradecerle esto a todo mi equipo, son incre\u00edbles y les voy a echar mucho de menos. Ojal\u00e1 encontrarnos en un futuro. Tambi\u00e9n quiero felicitar a David Mu\u00f1oz e Ivan Ortol\u00e1, porque han hecho un gran campeonato y han sido unos grandes rivales. Gracias a ellos he podido mejorar como piloto y tambi\u00e9n como persona, trabajando duro d\u00eda tras d\u00edas. Darles la enhorabuena a ellos tambi\u00e9n\u201d.<\/p>\n<p><strong>Alonso L\u00f3pez, ganador de la carrera de Moto2.<\/strong><\/p>\n<p>\u00abHa sido una carrera muy dif\u00edcil y hab\u00eda que tomar cierto riesgo. Al final, hemos rodado muy r\u00e1pido por como estaba la pista. Despu\u00e9s de un mes muy duro, sabe muy bien ganar de esta manera. Quiero darle las gracias a mi familia y al equipo\u201d.<\/p>\n<p><strong>M\u00e1ximo Mart\u00ednez, ganador de la carrera 1 de la ETC.<\/strong><\/p>\n<p>\u00abLa carrera ha sido muy dif\u00edcil, porque segu\u00eda habiendo partes mojadas que hac\u00edan deslizar mucho la moto. Al principio, he intentado pegarme a \u00c1lvaro y, desafortunadamente, se ha ca\u00eddo. Espero que est\u00e9 bien. Luego he podido escaparme un poco y sacar unos metros respecto a Jacob. Esta carrera quiero dedic\u00e1rsela a Hugo Mill\u00e1n, a Luis Salom, y por supuesto a todo mi equipo y toda mi familia\u201d.<\/p>\n<p><strong>\u00c1lvaro Carpe, ganador de la carrera 2 de la ETC.<\/strong><\/p>\n<p>\u00abHa sido una carrera muy dif\u00edcil, muy dura. Esta ma\u00f1ana he sufrido una ca\u00edda muy fuerte, en la curva 4, y me he hecho mucho da\u00f1o en el pie. Pero ahora hemos conseguido ganar, y la verdad es que me siento muy afortunado por mi equipo y por mi familia\u201d.<\/p>\n<p><strong>M\u00e1ximo Mart\u00ednez, campe\u00f3n.<\/strong><\/p>\n<p>\u00abEstoy muy feliz por haber ganado el campeonato. Ha sido muy duro conseguirlo. Esto no hubiese sido posible sin mi equipo y familia, as\u00ed que se lo agradezco todo a ellos. Tambi\u00e9n quiero dedicarle este campeonato a toda mi familia, a todos los miembros del equipo, a la madre de Luis Salom y a la familia de Hugo Mill\u00e1n\u201d.<\/p>\n","protected":false},"excerpt":{"rendered":"<p>Holgado se alza con el t\u00edtulo del Mundial Junior FIM de Moto3, y Mart\u00ednez con el de la European Talent Cup<\/p>\n","protected":false},"author":43146,"featured_media":44706,"comment_status":"open","ping_status":"open","sticky":false,"template":"","format":"standard","meta":{"footnotes":""},"categories":[1],"tags":[194,130],"class_list":["post-95188","post","type-post","status-publish","format-standard","hentry","category-sin-categorizar","tag-194","tag-otros-eventos-y-competiciones"],"yoast_head":"<!-- This site is optimized with the Yoast SEO plugin v27.3 - https:\/\/yoast.com\/product\/yoast-seo-wordpress\/ -->\n<title>Daniel Holgado y M\u00e1ximo Martinez se proclaman campeones del FIM CEV Repsol en Valencia - Box Repsol<\/title>\n<link rel=\"canonical\" href=\"https:\/\/www.boxrepsol.com\/es\/sin-categorizar\/daniel-holgado-maximo-martinez-se-proclaman-campeones-del-fim-cev-repsol-valencia\/\" \/>\n<meta property=\"og:locale\" content=\"es_ES\" \/>\n<meta property=\"og:type\" content=\"article\" \/>\n<meta property=\"og:title\" content=\"Daniel Holgado y M\u00e1ximo Martinez se proclaman campeones del FIM CEV Repsol en Valencia - Box Repsol\" \/>\n<meta property=\"og:description\" content=\"Holgado se alza con el t\u00edtulo del Mundial Junior FIM de Moto3, y Mart\u00ednez con el de la European Talent Cup\" \/>\n<meta property=\"og:url\" content=\"https:\/\/www.boxrepsol.com\/es\/sin-categorizar\/daniel-holgado-maximo-martinez-se-proclaman-campeones-del-fim-cev-repsol-valencia\/\" \/>\n<meta property=\"og:site_name\" content=\"Box Repsol\" \/>\n<meta property=\"article:publisher\" content=\"https:\/\/www.facebook.com\/BoxRepsol\" \/>\n<meta property=\"article:author\" content=\"https:\/\/www.facebook.com\/BoxRepsol\/\" \/>\n<meta property=\"article:published_time\" content=\"2021-11-21T02:00:00+00:00\" \/>\n<meta property=\"article:modified_time\" content=\"2024-04-10T08:24:11+00:00\" \/>\n<meta property=\"og:image\" content=\"https:\/\/bxrepsol.s3.eu-west-1.amazonaws.com\/static\/2022\/08\/09141539\/8FIM_3champions_1173.jpg\" \/>\n\t<meta property=\"og:image:width\" content=\"2500\" \/>\n\t<meta property=\"og:image:height\" content=\"1667\" \/>\n\t<meta property=\"og:image:type\" content=\"image\/jpeg\" \/>\n<meta name=\"author\" content=\"Redacci\u00f3n Box Repsol\" \/>\n<meta name=\"twitter:card\" content=\"summary_large_image\" \/>\n<meta name=\"twitter:creator\" content=\"@https:\/\/twitter.com\/box_repsol\" \/>\n<meta name=\"twitter:site\" content=\"@box_repsol\" \/>\n<meta name=\"twitter:label1\" content=\"Written by\" \/>\n\t<meta name=\"twitter:data1\" content=\"Redacci\u00f3n Box Repsol\" \/>\n\t<meta name=\"twitter:label2\" content=\"Est. reading time\" \/>\n\t<meta name=\"twitter:data2\" content=\"4 minutos\" \/>\n<script type=\"application\/ld+json\" class=\"yoast-schema-graph\">{\"@context\":\"https:\\\/\\\/schema.org\",\"@graph\":[{\"@type\":\"Article\",\"@id\":\"https:\\\/\\\/www.boxrepsol.com\\\/es\\\/sin-categorizar\\\/daniel-holgado-maximo-martinez-se-proclaman-campeones-del-fim-cev-repsol-valencia\\\/#article\",\"isPartOf\":{\"@id\":\"https:\\\/\\\/www.boxrepsol.com\\\/es\\\/sin-categorizar\\\/daniel-holgado-maximo-martinez-se-proclaman-campeones-del-fim-cev-repsol-valencia\\\/\"},\"author\":{\"name\":\"Redacci\u00f3n Box Repsol\",\"@id\":\"https:\\\/\\\/www.boxrepsol.com\\\/es\\\/#\\\/schema\\\/person\\\/c5c2138f2cca251b0ad92b7086bb60b7\"},\"headline\":\"Daniel Holgado y M\u00e1ximo Martinez se proclaman campeones del FIM CEV Repsol en Valencia\",\"datePublished\":\"2021-11-21T02:00:00+00:00\",\"dateModified\":\"2024-04-10T08:24:11+00:00\",\"mainEntityOfPage\":{\"@id\":\"https:\\\/\\\/www.boxrepsol.com\\\/es\\\/sin-categorizar\\\/daniel-holgado-maximo-martinez-se-proclaman-campeones-del-fim-cev-repsol-valencia\\\/\"},\"wordCount\":827,\"commentCount\":0,\"publisher\":{\"@id\":\"https:\\\/\\\/www.boxrepsol.com\\\/es\\\/#organization\"},\"image\":{\"@id\":\"https:\\\/\\\/www.boxrepsol.com\\\/es\\\/sin-categorizar\\\/daniel-holgado-maximo-martinez-se-proclaman-campeones-del-fim-cev-repsol-valencia\\\/#primaryimage\"},\"thumbnailUrl\":\"https:\\\/\\\/bxrepsol.s3.eu-west-1.amazonaws.com\\\/static\\\/2022\\\/08\\\/09141539\\\/8FIM_3champions_1173.jpg\",\"keywords\":[\"2021\",\"otros eventos y competiciones\"],\"articleSection\":[\"Sin categorizar\"],\"inLanguage\":\"es\",\"potentialAction\":[{\"@type\":\"CommentAction\",\"name\":\"Comment\",\"target\":[\"https:\\\/\\\/www.boxrepsol.com\\\/es\\\/sin-categorizar\\\/daniel-holgado-maximo-martinez-se-proclaman-campeones-del-fim-cev-repsol-valencia\\\/#respond\"]}]},{\"@type\":\"WebPage\",\"@id\":\"https:\\\/\\\/www.boxrepsol.com\\\/es\\\/sin-categorizar\\\/daniel-holgado-maximo-martinez-se-proclaman-campeones-del-fim-cev-repsol-valencia\\\/\",\"url\":\"https:\\\/\\\/www.boxrepsol.com\\\/es\\\/sin-categorizar\\\/daniel-holgado-maximo-martinez-se-proclaman-campeones-del-fim-cev-repsol-valencia\\\/\",\"name\":\"Daniel Holgado y M\u00e1ximo Martinez se proclaman campeones del FIM CEV Repsol en Valencia - Box Repsol\",\"isPartOf\":{\"@id\":\"https:\\\/\\\/www.boxrepsol.com\\\/es\\\/#website\"},\"primaryImageOfPage\":{\"@id\":\"https:\\\/\\\/www.boxrepsol.com\\\/es\\\/sin-categorizar\\\/daniel-holgado-maximo-martinez-se-proclaman-campeones-del-fim-cev-repsol-valencia\\\/#primaryimage\"},\"image\":{\"@id\":\"https:\\\/\\\/www.boxrepsol.com\\\/es\\\/sin-categorizar\\\/daniel-holgado-maximo-martinez-se-proclaman-campeones-del-fim-cev-repsol-valencia\\\/#primaryimage\"},\"thumbnailUrl\":\"https:\\\/\\\/bxrepsol.s3.eu-west-1.amazonaws.com\\\/static\\\/2022\\\/08\\\/09141539\\\/8FIM_3champions_1173.jpg\",\"datePublished\":\"2021-11-21T02:00:00+00:00\",\"dateModified\":\"2024-04-10T08:24:11+00:00\",\"breadcrumb\":{\"@id\":\"https:\\\/\\\/www.boxrepsol.com\\\/es\\\/sin-categorizar\\\/daniel-holgado-maximo-martinez-se-proclaman-campeones-del-fim-cev-repsol-valencia\\\/#breadcrumb\"},\"inLanguage\":\"es\",\"potentialAction\":[{\"@type\":\"ReadAction\",\"target\":[\"https:\\\/\\\/www.boxrepsol.com\\\/es\\\/sin-categorizar\\\/daniel-holgado-maximo-martinez-se-proclaman-campeones-del-fim-cev-repsol-valencia\\\/\"]}]},{\"@type\":\"ImageObject\",\"inLanguage\":\"es\",\"@id\":\"https:\\\/\\\/www.boxrepsol.com\\\/es\\\/sin-categorizar\\\/daniel-holgado-maximo-martinez-se-proclaman-campeones-del-fim-cev-repsol-valencia\\\/#primaryimage\",\"url\":\"https:\\\/\\\/bxrepsol.s3.eu-west-1.amazonaws.com\\\/static\\\/2022\\\/08\\\/09141539\\\/8FIM_3champions_1173.jpg\",\"contentUrl\":\"https:\\\/\\\/bxrepsol.s3.eu-west-1.amazonaws.com\\\/static\\\/2022\\\/08\\\/09141539\\\/8FIM_3champions_1173.jpg\",\"width\":2500,\"height\":1667},{\"@type\":\"BreadcrumbList\",\"@id\":\"https:\\\/\\\/www.boxrepsol.com\\\/es\\\/sin-categorizar\\\/daniel-holgado-maximo-martinez-se-proclaman-campeones-del-fim-cev-repsol-valencia\\\/#breadcrumb\",\"itemListElement\":[{\"@type\":\"ListItem\",\"position\":1,\"name\":\"Home\",\"item\":\"https:\\\/\\\/www.boxrepsol.com\\\/es\\\/\"},{\"@type\":\"ListItem\",\"position\":2,\"name\":\"Daniel Holgado y M\u00e1ximo Martinez se proclaman campeones del FIM CEV Repsol en Valencia\"}]},{\"@type\":\"WebSite\",\"@id\":\"https:\\\/\\\/www.boxrepsol.com\\\/es\\\/#website\",\"url\":\"https:\\\/\\\/www.boxrepsol.com\\\/es\\\/\",\"name\":\"Box Repsol\",\"description\":\"Box Repsol Site\",\"publisher\":{\"@id\":\"https:\\\/\\\/www.boxrepsol.com\\\/es\\\/#organization\"},\"potentialAction\":[{\"@type\":\"SearchAction\",\"target\":{\"@type\":\"EntryPoint\",\"urlTemplate\":\"https:\\\/\\\/www.boxrepsol.com\\\/es\\\/?s={search_term_string}\"},\"query-input\":{\"@type\":\"PropertyValueSpecification\",\"valueRequired\":true,\"valueName\":\"search_term_string\"}}],\"inLanguage\":\"es\"},{\"@type\":\"Organization\",\"@id\":\"https:\\\/\\\/www.boxrepsol.com\\\/es\\\/#organization\",\"name\":\"Box Repsol\",\"url\":\"https:\\\/\\\/www.boxrepsol.com\\\/es\\\/\",\"logo\":{\"@type\":\"ImageObject\",\"inLanguage\":\"es\",\"@id\":\"https:\\\/\\\/www.boxrepsol.com\\\/es\\\/#\\\/schema\\\/logo\\\/image\\\/\",\"url\":\"https:\\\/\\\/bxrepsol.s3.eu-west-1.amazonaws.com\\\/static\\\/2025\\\/07\\\/30083337\\\/favicon-96x96-1.png\",\"contentUrl\":\"https:\\\/\\\/bxrepsol.s3.eu-west-1.amazonaws.com\\\/static\\\/2025\\\/07\\\/30083337\\\/favicon-96x96-1.png\",\"width\":96,\"height\":96,\"caption\":\"Box Repsol\"},\"image\":{\"@id\":\"https:\\\/\\\/www.boxrepsol.com\\\/es\\\/#\\\/schema\\\/logo\\\/image\\\/\"},\"sameAs\":[\"https:\\\/\\\/www.facebook.com\\\/BoxRepsol\",\"https:\\\/\\\/x.com\\\/box_repsol\",\"http:\\\/\\\/instagram.com\\\/box_repsol\",\"https:\\\/\\\/www.youtube.com\\\/user\\\/RepsolCompeticion\",\"https:\\\/\\\/www.flickr.com\\\/photos\\\/box_repsol\\\/\"]},{\"@type\":\"Person\",\"@id\":\"https:\\\/\\\/www.boxrepsol.com\\\/es\\\/#\\\/schema\\\/person\\\/c5c2138f2cca251b0ad92b7086bb60b7\",\"name\":\"Redacci\u00f3n Box Repsol\",\"image\":{\"@type\":\"ImageObject\",\"inLanguage\":\"es\",\"@id\":\"https:\\\/\\\/secure.gravatar.com\\\/avatar\\\/adf7b77e38b4419baf32c7e9c21dde01f4e40df611f0978e3006fc4ba0aaab7e?s=96&d=mm&r=g\",\"url\":\"https:\\\/\\\/secure.gravatar.com\\\/avatar\\\/adf7b77e38b4419baf32c7e9c21dde01f4e40df611f0978e3006fc4ba0aaab7e?s=96&d=mm&r=g\",\"contentUrl\":\"https:\\\/\\\/secure.gravatar.com\\\/avatar\\\/adf7b77e38b4419baf32c7e9c21dde01f4e40df611f0978e3006fc4ba0aaab7e?s=96&d=mm&r=g\",\"caption\":\"Redacci\u00f3n Box Repsol\"},\"description\":\"Box Repsol lo forma un equipo de periodistas, community managers, dise\u00f1adores y fot\u00f3grafos con m\u00e1s de 20 a\u00f1os de experiencia en el mundo del motorsport. Hemos vivido el primer mundial de un espa\u00f1ol en la categor\u00eda reina de motociclismo con \u00c1lex Crivill\u00e9, estuvimos en las victorias de Pedrosa y los t\u00edtulos de M\u00e1rquez, acompa\u00f1amos en \u00c1frica a Nani Roma y Marc Coma en sus conquistas del Dakar y hemos vibrado con los t\u00edtulos de Toni Bou en Trial. Adem\u00e1s, en nuestro equipo contamos con expertos en el mundo de las dos y cuatro ruedas tanto de la calle y las carreteras, como de los circuitos. Periodistas que han trabajado en revistas y publicaciones para hacerte llegar desde rutas y consejos de mantenimiento, a curiosidades y trucos de pilotaje.\",\"sameAs\":[\"https:\\\/\\\/www.facebook.com\\\/BoxRepsol\\\/\",\"https:\\\/\\\/www.instagram.com\\\/box_repsol\\\/\",\"https:\\\/\\\/x.com\\\/https:\\\/\\\/twitter.com\\\/box_repsol\",\"https:\\\/\\\/www.youtube.com\\\/@Boxrepsol\"],\"url\":\"https:\\\/\\\/www.boxrepsol.com\\\/es\\\/author\\\/redaccion-box-repsol\\\/\"}]}<\/script>\n<!-- \/ Yoast SEO plugin. -->","yoast_head_json":{"title":"Daniel Holgado y M\u00e1ximo Martinez se proclaman campeones del FIM CEV Repsol en Valencia - Box Repsol","canonical":"https:\/\/www.boxrepsol.com\/es\/sin-categorizar\/daniel-holgado-maximo-martinez-se-proclaman-campeones-del-fim-cev-repsol-valencia\/","og_locale":"es_ES","og_type":"article","og_title":"Daniel Holgado y M\u00e1ximo Martinez se proclaman campeones del FIM CEV Repsol en Valencia - Box Repsol","og_description":"Holgado se alza con el t\u00edtulo del Mundial Junior FIM de Moto3, y Mart\u00ednez con el de la European Talent Cup","og_url":"https:\/\/www.boxrepsol.com\/es\/sin-categorizar\/daniel-holgado-maximo-martinez-se-proclaman-campeones-del-fim-cev-repsol-valencia\/","og_site_name":"Box Repsol","article_publisher":"https:\/\/www.facebook.com\/BoxRepsol","article_author":"https:\/\/www.facebook.com\/BoxRepsol\/","article_published_time":"2021-11-21T02:00:00+00:00","article_modified_time":"2024-04-10T08:24:11+00:00","og_image":[{"width":2500,"height":1667,"url":"https:\/\/bxrepsol.s3.eu-west-1.amazonaws.com\/static\/2022\/08\/09141539\/8FIM_3champions_1173.jpg","type":"image\/jpeg"}],"author":"Redacci\u00f3n Box Repsol","twitter_card":"summary_large_image","twitter_creator":"@https:\/\/twitter.com\/box_repsol","twitter_site":"@box_repsol","twitter_misc":{"Written by":"Redacci\u00f3n Box Repsol","Est. reading time":"4 minutos"},"schema":{"@context":"https:\/\/schema.org","@graph":[{"@type":"Article","@id":"https:\/\/www.boxrepsol.com\/es\/sin-categorizar\/daniel-holgado-maximo-martinez-se-proclaman-campeones-del-fim-cev-repsol-valencia\/#article","isPartOf":{"@id":"https:\/\/www.boxrepsol.com\/es\/sin-categorizar\/daniel-holgado-maximo-martinez-se-proclaman-campeones-del-fim-cev-repsol-valencia\/"},"author":{"name":"Redacci\u00f3n Box Repsol","@id":"https:\/\/www.boxrepsol.com\/es\/#\/schema\/person\/c5c2138f2cca251b0ad92b7086bb60b7"},"headline":"Daniel Holgado y M\u00e1ximo Martinez se proclaman campeones del FIM CEV Repsol en Valencia","datePublished":"2021-11-21T02:00:00+00:00","dateModified":"2024-04-10T08:24:11+00:00","mainEntityOfPage":{"@id":"https:\/\/www.boxrepsol.com\/es\/sin-categorizar\/daniel-holgado-maximo-martinez-se-proclaman-campeones-del-fim-cev-repsol-valencia\/"},"wordCount":827,"commentCount":0,"publisher":{"@id":"https:\/\/www.boxrepsol.com\/es\/#organization"},"image":{"@id":"https:\/\/www.boxrepsol.com\/es\/sin-categorizar\/daniel-holgado-maximo-martinez-se-proclaman-campeones-del-fim-cev-repsol-valencia\/#primaryimage"},"thumbnailUrl":"https:\/\/bxrepsol.s3.eu-west-1.amazonaws.com\/static\/2022\/08\/09141539\/8FIM_3champions_1173.jpg","keywords":["2021","otros eventos y competiciones"],"articleSection":["Sin categorizar"],"inLanguage":"es","potentialAction":[{"@type":"CommentAction","name":"Comment","target":["https:\/\/www.boxrepsol.com\/es\/sin-categorizar\/daniel-holgado-maximo-martinez-se-proclaman-campeones-del-fim-cev-repsol-valencia\/#respond"]}]},{"@type":"WebPage","@id":"https:\/\/www.boxrepsol.com\/es\/sin-categorizar\/daniel-holgado-maximo-martinez-se-proclaman-campeones-del-fim-cev-repsol-valencia\/","url":"https:\/\/www.boxrepsol.com\/es\/sin-categorizar\/daniel-holgado-maximo-martinez-se-proclaman-campeones-del-fim-cev-repsol-valencia\/","name":"Daniel Holgado y M\u00e1ximo Martinez se proclaman campeones del FIM CEV Repsol en Valencia - Box Repsol","isPartOf":{"@id":"https:\/\/www.boxrepsol.com\/es\/#website"},"primaryImageOfPage":{"@id":"https:\/\/www.boxrepsol.com\/es\/sin-categorizar\/daniel-holgado-maximo-martinez-se-proclaman-campeones-del-fim-cev-repsol-valencia\/#primaryimage"},"image":{"@id":"https:\/\/www.boxrepsol.com\/es\/sin-categorizar\/daniel-holgado-maximo-martinez-se-proclaman-campeones-del-fim-cev-repsol-valencia\/#primaryimage"},"thumbnailUrl":"https:\/\/bxrepsol.s3.eu-west-1.amazonaws.com\/static\/2022\/08\/09141539\/8FIM_3champions_1173.jpg","datePublished":"2021-11-21T02:00:00+00:00","dateModified":"2024-04-10T08:24:11+00:00","breadcrumb":{"@id":"https:\/\/www.boxrepsol.com\/es\/sin-categorizar\/daniel-holgado-maximo-martinez-se-proclaman-campeones-del-fim-cev-repsol-valencia\/#breadcrumb"},"inLanguage":"es","potentialAction":[{"@type":"ReadAction","target":["https:\/\/www.boxrepsol.com\/es\/sin-categorizar\/daniel-holgado-maximo-martinez-se-proclaman-campeones-del-fim-cev-repsol-valencia\/"]}]},{"@type":"ImageObject","inLanguage":"es","@id":"https:\/\/www.boxrepsol.com\/es\/sin-categorizar\/daniel-holgado-maximo-martinez-se-proclaman-campeones-del-fim-cev-repsol-valencia\/#primaryimage","url":"https:\/\/bxrepsol.s3.eu-west-1.amazonaws.com\/static\/2022\/08\/09141539\/8FIM_3champions_1173.jpg","contentUrl":"https:\/\/bxrepsol.s3.eu-west-1.amazonaws.com\/static\/2022\/08\/09141539\/8FIM_3champions_1173.jpg","width":2500,"height":1667},{"@type":"BreadcrumbList","@id":"https:\/\/www.boxrepsol.com\/es\/sin-categorizar\/daniel-holgado-maximo-martinez-se-proclaman-campeones-del-fim-cev-repsol-valencia\/#breadcrumb","itemListElement":[{"@type":"ListItem","position":1,"name":"Home","item":"https:\/\/www.boxrepsol.com\/es\/"},{"@type":"ListItem","position":2,"name":"Daniel Holgado y M\u00e1ximo Martinez se proclaman campeones del FIM CEV Repsol en Valencia"}]},{"@type":"WebSite","@id":"https:\/\/www.boxrepsol.com\/es\/#website","url":"https:\/\/www.boxrepsol.com\/es\/","name":"Box Repsol","description":"Box Repsol Site","publisher":{"@id":"https:\/\/www.boxrepsol.com\/es\/#organization"},"potentialAction":[{"@type":"SearchAction","target":{"@type":"EntryPoint","urlTemplate":"https:\/\/www.boxrepsol.com\/es\/?s={search_term_string}"},"query-input":{"@type":"PropertyValueSpecification","valueRequired":true,"valueName":"search_term_string"}}],"inLanguage":"es"},{"@type":"Organization","@id":"https:\/\/www.boxrepsol.com\/es\/#organization","name":"Box Repsol","url":"https:\/\/www.boxrepsol.com\/es\/","logo":{"@type":"ImageObject","inLanguage":"es","@id":"https:\/\/www.boxrepsol.com\/es\/#\/schema\/logo\/image\/","url":"https:\/\/bxrepsol.s3.eu-west-1.amazonaws.com\/static\/2025\/07\/30083337\/favicon-96x96-1.png","contentUrl":"https:\/\/bxrepsol.s3.eu-west-1.amazonaws.com\/static\/2025\/07\/30083337\/favicon-96x96-1.png","width":96,"height":96,"caption":"Box Repsol"},"image":{"@id":"https:\/\/www.boxrepsol.com\/es\/#\/schema\/logo\/image\/"},"sameAs":["https:\/\/www.facebook.com\/BoxRepsol","https:\/\/x.com\/box_repsol","http:\/\/instagram.com\/box_repsol","https:\/\/www.youtube.com\/user\/RepsolCompeticion","https:\/\/www.flickr.com\/photos\/box_repsol\/"]},{"@type":"Person","@id":"https:\/\/www.boxrepsol.com\/es\/#\/schema\/person\/c5c2138f2cca251b0ad92b7086bb60b7","name":"Redacci\u00f3n Box Repsol","image":{"@type":"ImageObject","inLanguage":"es","@id":"https:\/\/secure.gravatar.com\/avatar\/adf7b77e38b4419baf32c7e9c21dde01f4e40df611f0978e3006fc4ba0aaab7e?s=96&d=mm&r=g","url":"https:\/\/secure.gravatar.com\/avatar\/adf7b77e38b4419baf32c7e9c21dde01f4e40df611f0978e3006fc4ba0aaab7e?s=96&d=mm&r=g","contentUrl":"https:\/\/secure.gravatar.com\/avatar\/adf7b77e38b4419baf32c7e9c21dde01f4e40df611f0978e3006fc4ba0aaab7e?s=96&d=mm&r=g","caption":"Redacci\u00f3n Box Repsol"},"description":"Box Repsol lo forma un equipo de periodistas, community managers, dise\u00f1adores y fot\u00f3grafos con m\u00e1s de 20 a\u00f1os de experiencia en el mundo del motorsport. Hemos vivido el primer mundial de un espa\u00f1ol en la categor\u00eda reina de motociclismo con \u00c1lex Crivill\u00e9, estuvimos en las victorias de Pedrosa y los t\u00edtulos de M\u00e1rquez, acompa\u00f1amos en \u00c1frica a Nani Roma y Marc Coma en sus conquistas del Dakar y hemos vibrado con los t\u00edtulos de Toni Bou en Trial. Adem\u00e1s, en nuestro equipo contamos con expertos en el mundo de las dos y cuatro ruedas tanto de la calle y las carreteras, como de los circuitos. Periodistas que han trabajado en revistas y publicaciones para hacerte llegar desde rutas y consejos de mantenimiento, a curiosidades y trucos de pilotaje.","sameAs":["https:\/\/www.facebook.com\/BoxRepsol\/","https:\/\/www.instagram.com\/box_repsol\/","https:\/\/x.com\/https:\/\/twitter.com\/box_repsol","https:\/\/www.youtube.com\/@Boxrepsol"],"url":"https:\/\/www.boxrepsol.com\/es\/author\/redaccion-box-repsol\/"}]}},"_links":{"self":[{"href":"https:\/\/www.boxrepsol.com\/es\/wp-json\/wp\/v2\/posts\/95188","targetHints":{"allow":["GET"]}}],"collection":[{"href":"https:\/\/www.boxrepsol.com\/es\/wp-json\/wp\/v2\/posts"}],"about":[{"href":"https:\/\/www.boxrepsol.com\/es\/wp-json\/wp\/v2\/types\/post"}],"author":[{"embeddable":true,"href":"https:\/\/www.boxrepsol.com\/es\/wp-json\/wp\/v2\/users\/43146"}],"replies":[{"embeddable":true,"href":"https:\/\/www.boxrepsol.com\/es\/wp-json\/wp\/v2\/comments?post=95188"}],"version-history":[{"count":1,"href":"https:\/\/www.boxrepsol.com\/es\/wp-json\/wp\/v2\/posts\/95188\/revisions"}],"predecessor-version":[{"id":114712,"href":"https:\/\/www.boxrepsol.com\/es\/wp-json\/wp\/v2\/posts\/95188\/revisions\/114712"}],"wp:featuredmedia":[{"embeddable":true,"href":"https:\/\/www.boxrepsol.com\/es\/wp-json\/wp\/v2\/media\/44706"}],"wp:attachment":[{"href":"https:\/\/www.boxrepsol.com\/es\/wp-json\/wp\/v2\/media?parent=95188"}],"wp:term":[{"taxonomy":"category","embeddable":true,"href":"https:\/\/www.boxrepsol.com\/es\/wp-json\/wp\/v2\/categories?post=95188"},{"taxonomy":"post_tag","embeddable":true,"href":"https:\/\/www.boxrepsol.com\/es\/wp-json\/wp\/v2\/tags?post=95188"}],"curies":[{"name":"wp","href":"https:\/\/api.w.org\/{rel}","templated":true}]}}