{"id":95187,"date":"2021-11-19T00:00:00","date_gmt":"2021-11-19T02:00:00","guid":{"rendered":"http:\/\/pre.boxrepsol.com\/sin-categorizar\/equipo-repsol-honda-concluye-dos-dias-entrenamientos-positivos\/"},"modified":"2024-04-10T06:24:44","modified_gmt":"2024-04-10T08:24:44","slug":"equipo-repsol-honda-concluye-dos-dias-entrenamientos-positivos","status":"publish","type":"post","link":"https:\/\/www.boxrepsol.com\/es\/motogp\/equipo-repsol-honda-concluye-dos-dias-entrenamientos-positivos\/","title":{"rendered":"El equipo Repsol Honda concluye dos d\u00edas de entrenamientos positivos"},"content":{"rendered":"<p>El <strong>equipo Repsol Honda<\/strong> ha continuado hoy acumulando kil\u00f3metros en <strong>Jerez<\/strong>, con un <strong>Pol Espargar\u00f3<\/strong> que ha seguido avanzando con el trabajo de 2022. Encontrar la direcci\u00f3n y el camino a seguir para la siguiente temporada ha sido el principal objetivo de estos dos d\u00edas.<\/p>\n<p>Trabajando a trav\u00e9s de una serie de opciones de chasis y motor, el piloto del equipo Repsol Honda tambi\u00e9n ha evaluado varias opciones aerodin\u00e1micas para la <strong>RC213V<\/strong>. A pesar de encontrarse con un fuerte viento, los resultados en todos los aspectos han sido positivos. Pol ha completado <strong>46 vueltas<\/strong> en las que ha registrado un mejor tiempo de 1 minuto, 37 segundos y 496 mil\u00e9simas, marcando el <strong>cuarto mejor tiempo<\/strong> final del d\u00eda.<\/p>\n<p>El equipo Repsol Honda deja Jerez <strong>satisfecho<\/strong> con el trabajo realizado y ahora se prepara para un ajetreado invierno, antes de que el Campeonato del Mundo de MotoGP 2022 vuelva a encender sus motores en <strong>Sepang, Malasia, el d\u00eda 5 de febrero<\/strong> para el primer test del a\u00f1o.<\/p>\n<h3>Declaraciones<\/h3>\n<p><a href=\"https:\/\/twitter.com\/search?q=%23POL44&amp;src=hashtag_click\">#POL44<\/a><\/p>\n<p>\u00abHoy se ha demostrado por qu\u00e9 estamos aqu\u00ed, aunque f\u00edsicamente est\u00e9 sufriendo un poco para poder probar en buenas condiciones lo que podr\u00eda ser la nueva moto. Tenemos una pretemporada larga por delante, hay muchas opciones diferentes para elegir el pr\u00f3ximo a\u00f1o y vamos a necesitar muchas vueltas todav\u00eda, pero esta primera etapa ha sido buena. Hoy hemos sido r\u00e1pidos incluso con el fuerte viento y es bueno probar cosas en estas condiciones. Hemos dado buenos pasos, pero no podemos parar y debemos seguir insistiendo. Hemos estado trabajando mucho para tener m\u00e1s agarre, especialmente en la parte trasera, y las nuevas opciones que Honda nos ha tra\u00eddo contin\u00faan ayudando en esto. La moto es m\u00e1s r\u00e1pida y segura, sientes que es m\u00e1s f\u00e1cil hacer tiempos r\u00e1pidos por vuelta\u00bb.<\/p>\n","protected":false},"excerpt":{"rendered":"<p>Hoy ha concluido un prometedor test para el equipo oficial de Honda. Tras estos dos d\u00edas de pruebas en Jerez, 2021 llega a su fin para los equipos de MotoGP despu\u00e9s de dos intensas jornadas de pruebas, en las que Pol Espargar\u00f3 ha terminado cuarto.<\/p>\n","protected":false},"author":43146,"featured_media":44689,"comment_status":"open","ping_status":"open","sticky":false,"template":"","format":"standard","meta":{"footnotes":""},"categories":[4],"tags":[194,50,128],"class_list":["post-95187","post","type-post","status-publish","format-standard","hentry","category-motogp","tag-194","tag-equipo-repsol-honda","tag-pol-espargaro"],"yoast_head":"<!-- This site is optimized with the Yoast SEO plugin v27.3 - https:\/\/yoast.com\/product\/yoast-seo-wordpress\/ -->\n<title>El equipo Repsol Honda concluye dos d\u00edas de entrenamientos positivos - Box Repsol<\/title>\n<link rel=\"canonical\" href=\"https:\/\/www.boxrepsol.com\/es\/motogp\/equipo-repsol-honda-concluye-dos-dias-entrenamientos-positivos\/\" \/>\n<meta property=\"og:locale\" content=\"es_ES\" \/>\n<meta property=\"og:type\" content=\"article\" \/>\n<meta property=\"og:title\" content=\"El equipo Repsol Honda concluye dos d\u00edas de entrenamientos positivos - Box Repsol\" \/>\n<meta property=\"og:description\" content=\"Hoy ha concluido un prometedor test para el equipo oficial de Honda. Tras estos dos d\u00edas de pruebas en Jerez, 2021 llega a su fin para los equipos de MotoGP despu\u00e9s de dos intensas jornadas de pruebas, en las que Pol Espargar\u00f3 ha terminado cuarto.\" \/>\n<meta property=\"og:url\" content=\"https:\/\/www.boxrepsol.com\/es\/motogp\/equipo-repsol-honda-concluye-dos-dias-entrenamientos-positivos\/\" \/>\n<meta property=\"og:site_name\" content=\"Box Repsol\" \/>\n<meta property=\"article:publisher\" content=\"https:\/\/www.facebook.com\/BoxRepsol\" \/>\n<meta property=\"article:author\" content=\"https:\/\/www.facebook.com\/BoxRepsol\/\" \/>\n<meta property=\"article:published_time\" content=\"2021-11-19T02:00:00+00:00\" \/>\n<meta property=\"article:modified_time\" content=\"2024-04-10T08:24:44+00:00\" \/>\n<meta property=\"og:image\" content=\"https:\/\/bxrepsol.s3.eu-west-1.amazonaws.com\/static\/2022\/08\/09141514\/Copy-of-RD18.1_JerezTest_Espargaro_2021-002541.jpg\" \/>\n\t<meta property=\"og:image:width\" content=\"2500\" \/>\n\t<meta property=\"og:image:height\" content=\"1172\" \/>\n\t<meta property=\"og:image:type\" content=\"image\/jpeg\" \/>\n<meta name=\"author\" content=\"Redacci\u00f3n Box Repsol\" \/>\n<meta name=\"twitter:card\" content=\"summary_large_image\" \/>\n<meta name=\"twitter:creator\" content=\"@https:\/\/twitter.com\/box_repsol\" \/>\n<meta name=\"twitter:site\" content=\"@box_repsol\" \/>\n<meta name=\"twitter:label1\" content=\"Written by\" \/>\n\t<meta name=\"twitter:data1\" content=\"Redacci\u00f3n Box Repsol\" \/>\n\t<meta name=\"twitter:label2\" content=\"Est. reading time\" \/>\n\t<meta name=\"twitter:data2\" content=\"2 minutos\" \/>\n<script type=\"application\/ld+json\" class=\"yoast-schema-graph\">{\"@context\":\"https:\\\/\\\/schema.org\",\"@graph\":[{\"@type\":\"Article\",\"@id\":\"https:\\\/\\\/www.boxrepsol.com\\\/es\\\/motogp\\\/equipo-repsol-honda-concluye-dos-dias-entrenamientos-positivos\\\/#article\",\"isPartOf\":{\"@id\":\"https:\\\/\\\/www.boxrepsol.com\\\/es\\\/motogp\\\/equipo-repsol-honda-concluye-dos-dias-entrenamientos-positivos\\\/\"},\"author\":{\"name\":\"Redacci\u00f3n Box Repsol\",\"@id\":\"https:\\\/\\\/www.boxrepsol.com\\\/es\\\/#\\\/schema\\\/person\\\/c5c2138f2cca251b0ad92b7086bb60b7\"},\"headline\":\"El equipo Repsol Honda concluye dos d\u00edas de entrenamientos positivos\",\"datePublished\":\"2021-11-19T02:00:00+00:00\",\"dateModified\":\"2024-04-10T08:24:44+00:00\",\"mainEntityOfPage\":{\"@id\":\"https:\\\/\\\/www.boxrepsol.com\\\/es\\\/motogp\\\/equipo-repsol-honda-concluye-dos-dias-entrenamientos-positivos\\\/\"},\"wordCount\":325,\"commentCount\":0,\"publisher\":{\"@id\":\"https:\\\/\\\/www.boxrepsol.com\\\/es\\\/#organization\"},\"image\":{\"@id\":\"https:\\\/\\\/www.boxrepsol.com\\\/es\\\/motogp\\\/equipo-repsol-honda-concluye-dos-dias-entrenamientos-positivos\\\/#primaryimage\"},\"thumbnailUrl\":\"https:\\\/\\\/bxrepsol.s3.eu-west-1.amazonaws.com\\\/static\\\/2022\\\/08\\\/09141514\\\/Copy-of-RD18.1_JerezTest_Espargaro_2021-002541.jpg\",\"keywords\":[\"2021\",\"Equipo Repsol Honda\",\"Pol Espargar\u00f3\"],\"articleSection\":[\"MotoGP\"],\"inLanguage\":\"es\",\"potentialAction\":[{\"@type\":\"CommentAction\",\"name\":\"Comment\",\"target\":[\"https:\\\/\\\/www.boxrepsol.com\\\/es\\\/motogp\\\/equipo-repsol-honda-concluye-dos-dias-entrenamientos-positivos\\\/#respond\"]}]},{\"@type\":\"WebPage\",\"@id\":\"https:\\\/\\\/www.boxrepsol.com\\\/es\\\/motogp\\\/equipo-repsol-honda-concluye-dos-dias-entrenamientos-positivos\\\/\",\"url\":\"https:\\\/\\\/www.boxrepsol.com\\\/es\\\/motogp\\\/equipo-repsol-honda-concluye-dos-dias-entrenamientos-positivos\\\/\",\"name\":\"El equipo Repsol Honda concluye dos d\u00edas de entrenamientos positivos - Box Repsol\",\"isPartOf\":{\"@id\":\"https:\\\/\\\/www.boxrepsol.com\\\/es\\\/#website\"},\"primaryImageOfPage\":{\"@id\":\"https:\\\/\\\/www.boxrepsol.com\\\/es\\\/motogp\\\/equipo-repsol-honda-concluye-dos-dias-entrenamientos-positivos\\\/#primaryimage\"},\"image\":{\"@id\":\"https:\\\/\\\/www.boxrepsol.com\\\/es\\\/motogp\\\/equipo-repsol-honda-concluye-dos-dias-entrenamientos-positivos\\\/#primaryimage\"},\"thumbnailUrl\":\"https:\\\/\\\/bxrepsol.s3.eu-west-1.amazonaws.com\\\/static\\\/2022\\\/08\\\/09141514\\\/Copy-of-RD18.1_JerezTest_Espargaro_2021-002541.jpg\",\"datePublished\":\"2021-11-19T02:00:00+00:00\",\"dateModified\":\"2024-04-10T08:24:44+00:00\",\"breadcrumb\":{\"@id\":\"https:\\\/\\\/www.boxrepsol.com\\\/es\\\/motogp\\\/equipo-repsol-honda-concluye-dos-dias-entrenamientos-positivos\\\/#breadcrumb\"},\"inLanguage\":\"es\",\"potentialAction\":[{\"@type\":\"ReadAction\",\"target\":[\"https:\\\/\\\/www.boxrepsol.com\\\/es\\\/motogp\\\/equipo-repsol-honda-concluye-dos-dias-entrenamientos-positivos\\\/\"]}]},{\"@type\":\"ImageObject\",\"inLanguage\":\"es\",\"@id\":\"https:\\\/\\\/www.boxrepsol.com\\\/es\\\/motogp\\\/equipo-repsol-honda-concluye-dos-dias-entrenamientos-positivos\\\/#primaryimage\",\"url\":\"https:\\\/\\\/bxrepsol.s3.eu-west-1.amazonaws.com\\\/static\\\/2022\\\/08\\\/09141514\\\/Copy-of-RD18.1_JerezTest_Espargaro_2021-002541.jpg\",\"contentUrl\":\"https:\\\/\\\/bxrepsol.s3.eu-west-1.amazonaws.com\\\/static\\\/2022\\\/08\\\/09141514\\\/Copy-of-RD18.1_JerezTest_Espargaro_2021-002541.jpg\",\"width\":2500,\"height\":1172},{\"@type\":\"BreadcrumbList\",\"@id\":\"https:\\\/\\\/www.boxrepsol.com\\\/es\\\/motogp\\\/equipo-repsol-honda-concluye-dos-dias-entrenamientos-positivos\\\/#breadcrumb\",\"itemListElement\":[{\"@type\":\"ListItem\",\"position\":1,\"name\":\"Home\",\"item\":\"https:\\\/\\\/www.boxrepsol.com\\\/es\\\/\"},{\"@type\":\"ListItem\",\"position\":2,\"name\":\"El equipo Repsol Honda concluye dos d\u00edas de entrenamientos positivos\"}]},{\"@type\":\"WebSite\",\"@id\":\"https:\\\/\\\/www.boxrepsol.com\\\/es\\\/#website\",\"url\":\"https:\\\/\\\/www.boxrepsol.com\\\/es\\\/\",\"name\":\"Box Repsol\",\"description\":\"Box Repsol Site\",\"publisher\":{\"@id\":\"https:\\\/\\\/www.boxrepsol.com\\\/es\\\/#organization\"},\"potentialAction\":[{\"@type\":\"SearchAction\",\"target\":{\"@type\":\"EntryPoint\",\"urlTemplate\":\"https:\\\/\\\/www.boxrepsol.com\\\/es\\\/?s={search_term_string}\"},\"query-input\":{\"@type\":\"PropertyValueSpecification\",\"valueRequired\":true,\"valueName\":\"search_term_string\"}}],\"inLanguage\":\"es\"},{\"@type\":\"Organization\",\"@id\":\"https:\\\/\\\/www.boxrepsol.com\\\/es\\\/#organization\",\"name\":\"Box Repsol\",\"url\":\"https:\\\/\\\/www.boxrepsol.com\\\/es\\\/\",\"logo\":{\"@type\":\"ImageObject\",\"inLanguage\":\"es\",\"@id\":\"https:\\\/\\\/www.boxrepsol.com\\\/es\\\/#\\\/schema\\\/logo\\\/image\\\/\",\"url\":\"https:\\\/\\\/bxrepsol.s3.eu-west-1.amazonaws.com\\\/static\\\/2025\\\/07\\\/30083337\\\/favicon-96x96-1.png\",\"contentUrl\":\"https:\\\/\\\/bxrepsol.s3.eu-west-1.amazonaws.com\\\/static\\\/2025\\\/07\\\/30083337\\\/favicon-96x96-1.png\",\"width\":96,\"height\":96,\"caption\":\"Box Repsol\"},\"image\":{\"@id\":\"https:\\\/\\\/www.boxrepsol.com\\\/es\\\/#\\\/schema\\\/logo\\\/image\\\/\"},\"sameAs\":[\"https:\\\/\\\/www.facebook.com\\\/BoxRepsol\",\"https:\\\/\\\/x.com\\\/box_repsol\",\"http:\\\/\\\/instagram.com\\\/box_repsol\",\"https:\\\/\\\/www.youtube.com\\\/user\\\/RepsolCompeticion\",\"https:\\\/\\\/www.flickr.com\\\/photos\\\/box_repsol\\\/\"]},{\"@type\":\"Person\",\"@id\":\"https:\\\/\\\/www.boxrepsol.com\\\/es\\\/#\\\/schema\\\/person\\\/c5c2138f2cca251b0ad92b7086bb60b7\",\"name\":\"Redacci\u00f3n Box Repsol\",\"image\":{\"@type\":\"ImageObject\",\"inLanguage\":\"es\",\"@id\":\"https:\\\/\\\/secure.gravatar.com\\\/avatar\\\/adf7b77e38b4419baf32c7e9c21dde01f4e40df611f0978e3006fc4ba0aaab7e?s=96&d=mm&r=g\",\"url\":\"https:\\\/\\\/secure.gravatar.com\\\/avatar\\\/adf7b77e38b4419baf32c7e9c21dde01f4e40df611f0978e3006fc4ba0aaab7e?s=96&d=mm&r=g\",\"contentUrl\":\"https:\\\/\\\/secure.gravatar.com\\\/avatar\\\/adf7b77e38b4419baf32c7e9c21dde01f4e40df611f0978e3006fc4ba0aaab7e?s=96&d=mm&r=g\",\"caption\":\"Redacci\u00f3n Box Repsol\"},\"description\":\"Box Repsol lo forma un equipo de periodistas, community managers, dise\u00f1adores y fot\u00f3grafos con m\u00e1s de 20 a\u00f1os de experiencia en el mundo del motorsport. Hemos vivido el primer mundial de un espa\u00f1ol en la categor\u00eda reina de motociclismo con \u00c1lex Crivill\u00e9, estuvimos en las victorias de Pedrosa y los t\u00edtulos de M\u00e1rquez, acompa\u00f1amos en \u00c1frica a Nani Roma y Marc Coma en sus conquistas del Dakar y hemos vibrado con los t\u00edtulos de Toni Bou en Trial. Adem\u00e1s, en nuestro equipo contamos con expertos en el mundo de las dos y cuatro ruedas tanto de la calle y las carreteras, como de los circuitos. Periodistas que han trabajado en revistas y publicaciones para hacerte llegar desde rutas y consejos de mantenimiento, a curiosidades y trucos de pilotaje.\",\"sameAs\":[\"https:\\\/\\\/www.facebook.com\\\/BoxRepsol\\\/\",\"https:\\\/\\\/www.instagram.com\\\/box_repsol\\\/\",\"https:\\\/\\\/x.com\\\/https:\\\/\\\/twitter.com\\\/box_repsol\",\"https:\\\/\\\/www.youtube.com\\\/@Boxrepsol\"],\"url\":\"https:\\\/\\\/www.boxrepsol.com\\\/es\\\/author\\\/redaccion-box-repsol\\\/\"}]}<\/script>\n<!-- \/ Yoast SEO plugin. -->","yoast_head_json":{"title":"El equipo Repsol Honda concluye dos d\u00edas de entrenamientos positivos - Box Repsol","canonical":"https:\/\/www.boxrepsol.com\/es\/motogp\/equipo-repsol-honda-concluye-dos-dias-entrenamientos-positivos\/","og_locale":"es_ES","og_type":"article","og_title":"El equipo Repsol Honda concluye dos d\u00edas de entrenamientos positivos - Box Repsol","og_description":"Hoy ha concluido un prometedor test para el equipo oficial de Honda. Tras estos dos d\u00edas de pruebas en Jerez, 2021 llega a su fin para los equipos de MotoGP despu\u00e9s de dos intensas jornadas de pruebas, en las que Pol Espargar\u00f3 ha terminado cuarto.","og_url":"https:\/\/www.boxrepsol.com\/es\/motogp\/equipo-repsol-honda-concluye-dos-dias-entrenamientos-positivos\/","og_site_name":"Box Repsol","article_publisher":"https:\/\/www.facebook.com\/BoxRepsol","article_author":"https:\/\/www.facebook.com\/BoxRepsol\/","article_published_time":"2021-11-19T02:00:00+00:00","article_modified_time":"2024-04-10T08:24:44+00:00","og_image":[{"width":2500,"height":1172,"url":"https:\/\/bxrepsol.s3.eu-west-1.amazonaws.com\/static\/2022\/08\/09141514\/Copy-of-RD18.1_JerezTest_Espargaro_2021-002541.jpg","type":"image\/jpeg"}],"author":"Redacci\u00f3n Box Repsol","twitter_card":"summary_large_image","twitter_creator":"@https:\/\/twitter.com\/box_repsol","twitter_site":"@box_repsol","twitter_misc":{"Written by":"Redacci\u00f3n Box Repsol","Est. reading time":"2 minutos"},"schema":{"@context":"https:\/\/schema.org","@graph":[{"@type":"Article","@id":"https:\/\/www.boxrepsol.com\/es\/motogp\/equipo-repsol-honda-concluye-dos-dias-entrenamientos-positivos\/#article","isPartOf":{"@id":"https:\/\/www.boxrepsol.com\/es\/motogp\/equipo-repsol-honda-concluye-dos-dias-entrenamientos-positivos\/"},"author":{"name":"Redacci\u00f3n Box Repsol","@id":"https:\/\/www.boxrepsol.com\/es\/#\/schema\/person\/c5c2138f2cca251b0ad92b7086bb60b7"},"headline":"El equipo Repsol Honda concluye dos d\u00edas de entrenamientos positivos","datePublished":"2021-11-19T02:00:00+00:00","dateModified":"2024-04-10T08:24:44+00:00","mainEntityOfPage":{"@id":"https:\/\/www.boxrepsol.com\/es\/motogp\/equipo-repsol-honda-concluye-dos-dias-entrenamientos-positivos\/"},"wordCount":325,"commentCount":0,"publisher":{"@id":"https:\/\/www.boxrepsol.com\/es\/#organization"},"image":{"@id":"https:\/\/www.boxrepsol.com\/es\/motogp\/equipo-repsol-honda-concluye-dos-dias-entrenamientos-positivos\/#primaryimage"},"thumbnailUrl":"https:\/\/bxrepsol.s3.eu-west-1.amazonaws.com\/static\/2022\/08\/09141514\/Copy-of-RD18.1_JerezTest_Espargaro_2021-002541.jpg","keywords":["2021","Equipo Repsol Honda","Pol Espargar\u00f3"],"articleSection":["MotoGP"],"inLanguage":"es","potentialAction":[{"@type":"CommentAction","name":"Comment","target":["https:\/\/www.boxrepsol.com\/es\/motogp\/equipo-repsol-honda-concluye-dos-dias-entrenamientos-positivos\/#respond"]}]},{"@type":"WebPage","@id":"https:\/\/www.boxrepsol.com\/es\/motogp\/equipo-repsol-honda-concluye-dos-dias-entrenamientos-positivos\/","url":"https:\/\/www.boxrepsol.com\/es\/motogp\/equipo-repsol-honda-concluye-dos-dias-entrenamientos-positivos\/","name":"El equipo Repsol Honda concluye dos d\u00edas de entrenamientos positivos - Box Repsol","isPartOf":{"@id":"https:\/\/www.boxrepsol.com\/es\/#website"},"primaryImageOfPage":{"@id":"https:\/\/www.boxrepsol.com\/es\/motogp\/equipo-repsol-honda-concluye-dos-dias-entrenamientos-positivos\/#primaryimage"},"image":{"@id":"https:\/\/www.boxrepsol.com\/es\/motogp\/equipo-repsol-honda-concluye-dos-dias-entrenamientos-positivos\/#primaryimage"},"thumbnailUrl":"https:\/\/bxrepsol.s3.eu-west-1.amazonaws.com\/static\/2022\/08\/09141514\/Copy-of-RD18.1_JerezTest_Espargaro_2021-002541.jpg","datePublished":"2021-11-19T02:00:00+00:00","dateModified":"2024-04-10T08:24:44+00:00","breadcrumb":{"@id":"https:\/\/www.boxrepsol.com\/es\/motogp\/equipo-repsol-honda-concluye-dos-dias-entrenamientos-positivos\/#breadcrumb"},"inLanguage":"es","potentialAction":[{"@type":"ReadAction","target":["https:\/\/www.boxrepsol.com\/es\/motogp\/equipo-repsol-honda-concluye-dos-dias-entrenamientos-positivos\/"]}]},{"@type":"ImageObject","inLanguage":"es","@id":"https:\/\/www.boxrepsol.com\/es\/motogp\/equipo-repsol-honda-concluye-dos-dias-entrenamientos-positivos\/#primaryimage","url":"https:\/\/bxrepsol.s3.eu-west-1.amazonaws.com\/static\/2022\/08\/09141514\/Copy-of-RD18.1_JerezTest_Espargaro_2021-002541.jpg","contentUrl":"https:\/\/bxrepsol.s3.eu-west-1.amazonaws.com\/static\/2022\/08\/09141514\/Copy-of-RD18.1_JerezTest_Espargaro_2021-002541.jpg","width":2500,"height":1172},{"@type":"BreadcrumbList","@id":"https:\/\/www.boxrepsol.com\/es\/motogp\/equipo-repsol-honda-concluye-dos-dias-entrenamientos-positivos\/#breadcrumb","itemListElement":[{"@type":"ListItem","position":1,"name":"Home","item":"https:\/\/www.boxrepsol.com\/es\/"},{"@type":"ListItem","position":2,"name":"El equipo Repsol Honda concluye dos d\u00edas de entrenamientos positivos"}]},{"@type":"WebSite","@id":"https:\/\/www.boxrepsol.com\/es\/#website","url":"https:\/\/www.boxrepsol.com\/es\/","name":"Box Repsol","description":"Box Repsol Site","publisher":{"@id":"https:\/\/www.boxrepsol.com\/es\/#organization"},"potentialAction":[{"@type":"SearchAction","target":{"@type":"EntryPoint","urlTemplate":"https:\/\/www.boxrepsol.com\/es\/?s={search_term_string}"},"query-input":{"@type":"PropertyValueSpecification","valueRequired":true,"valueName":"search_term_string"}}],"inLanguage":"es"},{"@type":"Organization","@id":"https:\/\/www.boxrepsol.com\/es\/#organization","name":"Box Repsol","url":"https:\/\/www.boxrepsol.com\/es\/","logo":{"@type":"ImageObject","inLanguage":"es","@id":"https:\/\/www.boxrepsol.com\/es\/#\/schema\/logo\/image\/","url":"https:\/\/bxrepsol.s3.eu-west-1.amazonaws.com\/static\/2025\/07\/30083337\/favicon-96x96-1.png","contentUrl":"https:\/\/bxrepsol.s3.eu-west-1.amazonaws.com\/static\/2025\/07\/30083337\/favicon-96x96-1.png","width":96,"height":96,"caption":"Box Repsol"},"image":{"@id":"https:\/\/www.boxrepsol.com\/es\/#\/schema\/logo\/image\/"},"sameAs":["https:\/\/www.facebook.com\/BoxRepsol","https:\/\/x.com\/box_repsol","http:\/\/instagram.com\/box_repsol","https:\/\/www.youtube.com\/user\/RepsolCompeticion","https:\/\/www.flickr.com\/photos\/box_repsol\/"]},{"@type":"Person","@id":"https:\/\/www.boxrepsol.com\/es\/#\/schema\/person\/c5c2138f2cca251b0ad92b7086bb60b7","name":"Redacci\u00f3n Box Repsol","image":{"@type":"ImageObject","inLanguage":"es","@id":"https:\/\/secure.gravatar.com\/avatar\/adf7b77e38b4419baf32c7e9c21dde01f4e40df611f0978e3006fc4ba0aaab7e?s=96&d=mm&r=g","url":"https:\/\/secure.gravatar.com\/avatar\/adf7b77e38b4419baf32c7e9c21dde01f4e40df611f0978e3006fc4ba0aaab7e?s=96&d=mm&r=g","contentUrl":"https:\/\/secure.gravatar.com\/avatar\/adf7b77e38b4419baf32c7e9c21dde01f4e40df611f0978e3006fc4ba0aaab7e?s=96&d=mm&r=g","caption":"Redacci\u00f3n Box Repsol"},"description":"Box Repsol lo forma un equipo de periodistas, community managers, dise\u00f1adores y fot\u00f3grafos con m\u00e1s de 20 a\u00f1os de experiencia en el mundo del motorsport. Hemos vivido el primer mundial de un espa\u00f1ol en la categor\u00eda reina de motociclismo con \u00c1lex Crivill\u00e9, estuvimos en las victorias de Pedrosa y los t\u00edtulos de M\u00e1rquez, acompa\u00f1amos en \u00c1frica a Nani Roma y Marc Coma en sus conquistas del Dakar y hemos vibrado con los t\u00edtulos de Toni Bou en Trial. Adem\u00e1s, en nuestro equipo contamos con expertos en el mundo de las dos y cuatro ruedas tanto de la calle y las carreteras, como de los circuitos. Periodistas que han trabajado en revistas y publicaciones para hacerte llegar desde rutas y consejos de mantenimiento, a curiosidades y trucos de pilotaje.","sameAs":["https:\/\/www.facebook.com\/BoxRepsol\/","https:\/\/www.instagram.com\/box_repsol\/","https:\/\/x.com\/https:\/\/twitter.com\/box_repsol","https:\/\/www.youtube.com\/@Boxrepsol"],"url":"https:\/\/www.boxrepsol.com\/es\/author\/redaccion-box-repsol\/"}]}},"_links":{"self":[{"href":"https:\/\/www.boxrepsol.com\/es\/wp-json\/wp\/v2\/posts\/95187","targetHints":{"allow":["GET"]}}],"collection":[{"href":"https:\/\/www.boxrepsol.com\/es\/wp-json\/wp\/v2\/posts"}],"about":[{"href":"https:\/\/www.boxrepsol.com\/es\/wp-json\/wp\/v2\/types\/post"}],"author":[{"embeddable":true,"href":"https:\/\/www.boxrepsol.com\/es\/wp-json\/wp\/v2\/users\/43146"}],"replies":[{"embeddable":true,"href":"https:\/\/www.boxrepsol.com\/es\/wp-json\/wp\/v2\/comments?post=95187"}],"version-history":[{"count":1,"href":"https:\/\/www.boxrepsol.com\/es\/wp-json\/wp\/v2\/posts\/95187\/revisions"}],"predecessor-version":[{"id":114714,"href":"https:\/\/www.boxrepsol.com\/es\/wp-json\/wp\/v2\/posts\/95187\/revisions\/114714"}],"wp:featuredmedia":[{"embeddable":true,"href":"https:\/\/www.boxrepsol.com\/es\/wp-json\/wp\/v2\/media\/44689"}],"wp:attachment":[{"href":"https:\/\/www.boxrepsol.com\/es\/wp-json\/wp\/v2\/media?parent=95187"}],"wp:term":[{"taxonomy":"category","embeddable":true,"href":"https:\/\/www.boxrepsol.com\/es\/wp-json\/wp\/v2\/categories?post=95187"},{"taxonomy":"post_tag","embeddable":true,"href":"https:\/\/www.boxrepsol.com\/es\/wp-json\/wp\/v2\/tags?post=95187"}],"curies":[{"name":"wp","href":"https:\/\/api.w.org\/{rel}","templated":true}]}}