{"id":95181,"date":"2021-11-13T00:00:00","date_gmt":"2021-11-13T02:00:00","guid":{"rendered":"http:\/\/pre.boxrepsol.com\/sin-categorizar\/una-fuerte-caida-de-pol-espargaro-le-impide-completar-el-segundo-dia-de-entrenamientos\/"},"modified":"2024-04-10T06:25:57","modified_gmt":"2024-04-10T08:25:57","slug":"una-fuerte-caida-de-pol-espargaro-le-impide-completar-el-segundo-dia-de-entrenamientos","status":"publish","type":"post","link":"https:\/\/www.boxrepsol.com\/es\/motogp\/una-fuerte-caida-de-pol-espargaro-le-impide-completar-el-segundo-dia-de-entrenamientos\/","title":{"rendered":"Una fuerte ca\u00edda de Pol Espargar\u00f3 le impide completar el segundo d\u00eda de entrenamientos"},"content":{"rendered":"<p>Durante los terceros entrenamientos libres de MotoGP, <strong>Pol Espargar\u00f3<\/strong> ha sufrido una <strong>ca\u00edda<\/strong> <strong>en &nbsp;la curva 13<\/strong>. El piloto del equipo Repsol Honda ha sido trasladado al centro m\u00e9dico del circuito y tras una primera exploraci\u00f3n, los m\u00e9dicos han decidido trasladarlo al <strong>Hospital 9 de Octubre de Valencia<\/strong> para una posterior revisi\u00f3n. Las pruebas realizadas en el hospital de Valencia han revelado <strong>fuertes hematomas<\/strong>, especialmente alrededor del t\u00f3rax y abdomen derechos, pero afortunadamente <strong>se han descartado fracturas.<\/strong><\/p>\n<p><strong>Espargar\u00f3 descansar\u00e1 esta noche antes de valorar su estado<\/strong> y decidir si participa o no en el warm up del domingo por la ma\u00f1ana.<\/p>\n<p>&nbsp;<\/p>\n<hr>\n<h3>Declaraciones del piloto<\/h3>\n<p><a href=\"https:\/\/twitter.com\/search?q=%23POL44&amp;src=hashtag_click\" target=\"_blank\" rel=\"noopener\">#POL44<\/a><\/p>\n<p>\u00abDesafortunadamente, hoy he tenido una gran ca\u00edda durante la FP3 en la curva 13. El impacto ha sido muy fuerte, pero por suerte no tengo lesiones graves y nada parece estar fracturado en las pruebas que hemos hecho en el hospital. En este momento tengo mucho dolor alrededor de las costillas cuando respiro, esto es lo que m\u00e1s me duele. Estoy realmente decepcionado porque hemos logrado tener un gran ritmo y me he sentido muy confiado. Lo siento por mi equipo. Esta noche descansaremos, tomaremos analg\u00e9sicos y veremos cu\u00e1l es la situaci\u00f3n por la ma\u00f1ana\u201d.<\/p>\n","protected":false},"excerpt":{"rendered":"<p>Tras el incidente en la curva 13, el piloto del equipo Repsol Honda ha tenido que pasar revisi\u00f3n m\u00e9dica primero en el circuito y posteriormente en el hospital 9 de Octubre de Valencia, perdi\u00e9ndose la segunda sesi\u00f3n libre y la cronometrada<\/p>\n","protected":false},"author":43146,"featured_media":44615,"comment_status":"open","ping_status":"open","sticky":false,"template":"","format":"standard","meta":{"footnotes":""},"categories":[4],"tags":[194,137,128],"class_list":["post-95181","post","type-post","status-publish","format-standard","hentry","category-motogp","tag-194","tag-motogp-valencia","tag-pol-espargaro"],"yoast_head":"<!-- This site is optimized with the Yoast SEO plugin v27.3 - https:\/\/yoast.com\/product\/yoast-seo-wordpress\/ -->\n<title>Una fuerte ca\u00edda de Pol Espargar\u00f3 le impide completar el segundo d\u00eda de entrenamientos - Box Repsol<\/title>\n<meta name=\"description\" content=\"Pol Espargar\u00f3 no pudo completar el segundo d\u00eda de entrenamientos: Conoce los detalles de este incidente del piloto Repsol Honda.\" \/>\n<link rel=\"canonical\" href=\"https:\/\/www.boxrepsol.com\/es\/motogp\/una-fuerte-caida-de-pol-espargaro-le-impide-completar-el-segundo-dia-de-entrenamientos\/\" \/>\n<meta property=\"og:locale\" content=\"es_ES\" \/>\n<meta property=\"og:type\" content=\"article\" \/>\n<meta property=\"og:title\" content=\"Una fuerte ca\u00edda de Pol Espargar\u00f3 le impide completar el segundo d\u00eda de entrenamientos - Box Repsol\" \/>\n<meta property=\"og:description\" content=\"Pol Espargar\u00f3 no pudo completar el segundo d\u00eda de entrenamientos: Conoce los detalles de este incidente del piloto Repsol Honda.\" \/>\n<meta property=\"og:url\" content=\"https:\/\/www.boxrepsol.com\/es\/motogp\/una-fuerte-caida-de-pol-espargaro-le-impide-completar-el-segundo-dia-de-entrenamientos\/\" \/>\n<meta property=\"og:site_name\" content=\"Box Repsol\" \/>\n<meta property=\"article:publisher\" content=\"https:\/\/www.facebook.com\/BoxRepsol\" \/>\n<meta property=\"article:author\" content=\"https:\/\/www.facebook.com\/BoxRepsol\/\" \/>\n<meta property=\"article:published_time\" content=\"2021-11-13T02:00:00+00:00\" \/>\n<meta property=\"article:modified_time\" content=\"2024-04-10T08:25:57+00:00\" \/>\n<meta property=\"og:image\" content=\"https:\/\/bxrepsol.s3.eu-west-1.amazonaws.com\/static\/2022\/08\/09141310\/Copy-of-RD18_Valencia_Espargaro_2021-079021-scaled.jpg\" \/>\n\t<meta property=\"og:image:width\" content=\"2560\" \/>\n\t<meta property=\"og:image:height\" content=\"1200\" \/>\n\t<meta property=\"og:image:type\" content=\"image\/jpeg\" \/>\n<meta name=\"author\" content=\"Redacci\u00f3n Box Repsol\" \/>\n<meta name=\"twitter:card\" content=\"summary_large_image\" \/>\n<meta name=\"twitter:creator\" content=\"@https:\/\/twitter.com\/box_repsol\" \/>\n<meta name=\"twitter:site\" content=\"@box_repsol\" \/>\n<meta name=\"twitter:label1\" content=\"Written by\" \/>\n\t<meta name=\"twitter:data1\" content=\"Redacci\u00f3n Box Repsol\" \/>\n\t<meta name=\"twitter:label2\" content=\"Est. reading time\" \/>\n\t<meta name=\"twitter:data2\" content=\"1 minuto\" \/>\n<script type=\"application\/ld+json\" class=\"yoast-schema-graph\">{\"@context\":\"https:\\\/\\\/schema.org\",\"@graph\":[{\"@type\":\"Article\",\"@id\":\"https:\\\/\\\/www.boxrepsol.com\\\/es\\\/motogp\\\/una-fuerte-caida-de-pol-espargaro-le-impide-completar-el-segundo-dia-de-entrenamientos\\\/#article\",\"isPartOf\":{\"@id\":\"https:\\\/\\\/www.boxrepsol.com\\\/es\\\/motogp\\\/una-fuerte-caida-de-pol-espargaro-le-impide-completar-el-segundo-dia-de-entrenamientos\\\/\"},\"author\":{\"name\":\"Redacci\u00f3n Box Repsol\",\"@id\":\"https:\\\/\\\/www.boxrepsol.com\\\/es\\\/#\\\/schema\\\/person\\\/c5c2138f2cca251b0ad92b7086bb60b7\"},\"headline\":\"Una fuerte ca\u00edda de Pol Espargar\u00f3 le impide completar el segundo d\u00eda de entrenamientos\",\"datePublished\":\"2021-11-13T02:00:00+00:00\",\"dateModified\":\"2024-04-10T08:25:57+00:00\",\"mainEntityOfPage\":{\"@id\":\"https:\\\/\\\/www.boxrepsol.com\\\/es\\\/motogp\\\/una-fuerte-caida-de-pol-espargaro-le-impide-completar-el-segundo-dia-de-entrenamientos\\\/\"},\"wordCount\":228,\"commentCount\":0,\"publisher\":{\"@id\":\"https:\\\/\\\/www.boxrepsol.com\\\/es\\\/#organization\"},\"image\":{\"@id\":\"https:\\\/\\\/www.boxrepsol.com\\\/es\\\/motogp\\\/una-fuerte-caida-de-pol-espargaro-le-impide-completar-el-segundo-dia-de-entrenamientos\\\/#primaryimage\"},\"thumbnailUrl\":\"https:\\\/\\\/bxrepsol.s3.eu-west-1.amazonaws.com\\\/static\\\/2022\\\/08\\\/09141310\\\/Copy-of-RD18_Valencia_Espargaro_2021-079021-scaled.jpg\",\"keywords\":[\"2021\",\"MotoGP Valencia\",\"Pol Espargar\u00f3\"],\"articleSection\":[\"MotoGP\"],\"inLanguage\":\"es\",\"potentialAction\":[{\"@type\":\"CommentAction\",\"name\":\"Comment\",\"target\":[\"https:\\\/\\\/www.boxrepsol.com\\\/es\\\/motogp\\\/una-fuerte-caida-de-pol-espargaro-le-impide-completar-el-segundo-dia-de-entrenamientos\\\/#respond\"]}]},{\"@type\":\"WebPage\",\"@id\":\"https:\\\/\\\/www.boxrepsol.com\\\/es\\\/motogp\\\/una-fuerte-caida-de-pol-espargaro-le-impide-completar-el-segundo-dia-de-entrenamientos\\\/\",\"url\":\"https:\\\/\\\/www.boxrepsol.com\\\/es\\\/motogp\\\/una-fuerte-caida-de-pol-espargaro-le-impide-completar-el-segundo-dia-de-entrenamientos\\\/\",\"name\":\"Una fuerte ca\u00edda de Pol Espargar\u00f3 le impide completar el segundo d\u00eda de entrenamientos - Box Repsol\",\"isPartOf\":{\"@id\":\"https:\\\/\\\/www.boxrepsol.com\\\/es\\\/#website\"},\"primaryImageOfPage\":{\"@id\":\"https:\\\/\\\/www.boxrepsol.com\\\/es\\\/motogp\\\/una-fuerte-caida-de-pol-espargaro-le-impide-completar-el-segundo-dia-de-entrenamientos\\\/#primaryimage\"},\"image\":{\"@id\":\"https:\\\/\\\/www.boxrepsol.com\\\/es\\\/motogp\\\/una-fuerte-caida-de-pol-espargaro-le-impide-completar-el-segundo-dia-de-entrenamientos\\\/#primaryimage\"},\"thumbnailUrl\":\"https:\\\/\\\/bxrepsol.s3.eu-west-1.amazonaws.com\\\/static\\\/2022\\\/08\\\/09141310\\\/Copy-of-RD18_Valencia_Espargaro_2021-079021-scaled.jpg\",\"datePublished\":\"2021-11-13T02:00:00+00:00\",\"dateModified\":\"2024-04-10T08:25:57+00:00\",\"description\":\"Pol Espargar\u00f3 no pudo completar el segundo d\u00eda de entrenamientos: Conoce los detalles de este incidente del piloto Repsol Honda.\",\"breadcrumb\":{\"@id\":\"https:\\\/\\\/www.boxrepsol.com\\\/es\\\/motogp\\\/una-fuerte-caida-de-pol-espargaro-le-impide-completar-el-segundo-dia-de-entrenamientos\\\/#breadcrumb\"},\"inLanguage\":\"es\",\"potentialAction\":[{\"@type\":\"ReadAction\",\"target\":[\"https:\\\/\\\/www.boxrepsol.com\\\/es\\\/motogp\\\/una-fuerte-caida-de-pol-espargaro-le-impide-completar-el-segundo-dia-de-entrenamientos\\\/\"]}]},{\"@type\":\"ImageObject\",\"inLanguage\":\"es\",\"@id\":\"https:\\\/\\\/www.boxrepsol.com\\\/es\\\/motogp\\\/una-fuerte-caida-de-pol-espargaro-le-impide-completar-el-segundo-dia-de-entrenamientos\\\/#primaryimage\",\"url\":\"https:\\\/\\\/bxrepsol.s3.eu-west-1.amazonaws.com\\\/static\\\/2022\\\/08\\\/09141310\\\/Copy-of-RD18_Valencia_Espargaro_2021-079021-scaled.jpg\",\"contentUrl\":\"https:\\\/\\\/bxrepsol.s3.eu-west-1.amazonaws.com\\\/static\\\/2022\\\/08\\\/09141310\\\/Copy-of-RD18_Valencia_Espargaro_2021-079021-scaled.jpg\",\"width\":2560,\"height\":1200},{\"@type\":\"BreadcrumbList\",\"@id\":\"https:\\\/\\\/www.boxrepsol.com\\\/es\\\/motogp\\\/una-fuerte-caida-de-pol-espargaro-le-impide-completar-el-segundo-dia-de-entrenamientos\\\/#breadcrumb\",\"itemListElement\":[{\"@type\":\"ListItem\",\"position\":1,\"name\":\"Home\",\"item\":\"https:\\\/\\\/www.boxrepsol.com\\\/es\\\/\"},{\"@type\":\"ListItem\",\"position\":2,\"name\":\"Una fuerte ca\u00edda de Pol Espargar\u00f3 le impide completar el segundo d\u00eda de entrenamientos\"}]},{\"@type\":\"WebSite\",\"@id\":\"https:\\\/\\\/www.boxrepsol.com\\\/es\\\/#website\",\"url\":\"https:\\\/\\\/www.boxrepsol.com\\\/es\\\/\",\"name\":\"Box Repsol\",\"description\":\"Box Repsol Site\",\"publisher\":{\"@id\":\"https:\\\/\\\/www.boxrepsol.com\\\/es\\\/#organization\"},\"potentialAction\":[{\"@type\":\"SearchAction\",\"target\":{\"@type\":\"EntryPoint\",\"urlTemplate\":\"https:\\\/\\\/www.boxrepsol.com\\\/es\\\/?s={search_term_string}\"},\"query-input\":{\"@type\":\"PropertyValueSpecification\",\"valueRequired\":true,\"valueName\":\"search_term_string\"}}],\"inLanguage\":\"es\"},{\"@type\":\"Organization\",\"@id\":\"https:\\\/\\\/www.boxrepsol.com\\\/es\\\/#organization\",\"name\":\"Box Repsol\",\"url\":\"https:\\\/\\\/www.boxrepsol.com\\\/es\\\/\",\"logo\":{\"@type\":\"ImageObject\",\"inLanguage\":\"es\",\"@id\":\"https:\\\/\\\/www.boxrepsol.com\\\/es\\\/#\\\/schema\\\/logo\\\/image\\\/\",\"url\":\"https:\\\/\\\/bxrepsol.s3.eu-west-1.amazonaws.com\\\/static\\\/2025\\\/07\\\/30083337\\\/favicon-96x96-1.png\",\"contentUrl\":\"https:\\\/\\\/bxrepsol.s3.eu-west-1.amazonaws.com\\\/static\\\/2025\\\/07\\\/30083337\\\/favicon-96x96-1.png\",\"width\":96,\"height\":96,\"caption\":\"Box Repsol\"},\"image\":{\"@id\":\"https:\\\/\\\/www.boxrepsol.com\\\/es\\\/#\\\/schema\\\/logo\\\/image\\\/\"},\"sameAs\":[\"https:\\\/\\\/www.facebook.com\\\/BoxRepsol\",\"https:\\\/\\\/x.com\\\/box_repsol\",\"http:\\\/\\\/instagram.com\\\/box_repsol\",\"https:\\\/\\\/www.youtube.com\\\/user\\\/RepsolCompeticion\",\"https:\\\/\\\/www.flickr.com\\\/photos\\\/box_repsol\\\/\"]},{\"@type\":\"Person\",\"@id\":\"https:\\\/\\\/www.boxrepsol.com\\\/es\\\/#\\\/schema\\\/person\\\/c5c2138f2cca251b0ad92b7086bb60b7\",\"name\":\"Redacci\u00f3n Box Repsol\",\"image\":{\"@type\":\"ImageObject\",\"inLanguage\":\"es\",\"@id\":\"https:\\\/\\\/secure.gravatar.com\\\/avatar\\\/adf7b77e38b4419baf32c7e9c21dde01f4e40df611f0978e3006fc4ba0aaab7e?s=96&d=mm&r=g\",\"url\":\"https:\\\/\\\/secure.gravatar.com\\\/avatar\\\/adf7b77e38b4419baf32c7e9c21dde01f4e40df611f0978e3006fc4ba0aaab7e?s=96&d=mm&r=g\",\"contentUrl\":\"https:\\\/\\\/secure.gravatar.com\\\/avatar\\\/adf7b77e38b4419baf32c7e9c21dde01f4e40df611f0978e3006fc4ba0aaab7e?s=96&d=mm&r=g\",\"caption\":\"Redacci\u00f3n Box Repsol\"},\"description\":\"Box Repsol lo forma un equipo de periodistas, community managers, dise\u00f1adores y fot\u00f3grafos con m\u00e1s de 20 a\u00f1os de experiencia en el mundo del motorsport. Hemos vivido el primer mundial de un espa\u00f1ol en la categor\u00eda reina de motociclismo con \u00c1lex Crivill\u00e9, estuvimos en las victorias de Pedrosa y los t\u00edtulos de M\u00e1rquez, acompa\u00f1amos en \u00c1frica a Nani Roma y Marc Coma en sus conquistas del Dakar y hemos vibrado con los t\u00edtulos de Toni Bou en Trial. Adem\u00e1s, en nuestro equipo contamos con expertos en el mundo de las dos y cuatro ruedas tanto de la calle y las carreteras, como de los circuitos. Periodistas que han trabajado en revistas y publicaciones para hacerte llegar desde rutas y consejos de mantenimiento, a curiosidades y trucos de pilotaje.\",\"sameAs\":[\"https:\\\/\\\/www.facebook.com\\\/BoxRepsol\\\/\",\"https:\\\/\\\/www.instagram.com\\\/box_repsol\\\/\",\"https:\\\/\\\/x.com\\\/https:\\\/\\\/twitter.com\\\/box_repsol\",\"https:\\\/\\\/www.youtube.com\\\/@Boxrepsol\"],\"url\":\"https:\\\/\\\/www.boxrepsol.com\\\/es\\\/author\\\/redaccion-box-repsol\\\/\"}]}<\/script>\n<!-- \/ Yoast SEO plugin. -->","yoast_head_json":{"title":"Una fuerte ca\u00edda de Pol Espargar\u00f3 le impide completar el segundo d\u00eda de entrenamientos - Box Repsol","description":"Pol Espargar\u00f3 no pudo completar el segundo d\u00eda de entrenamientos: Conoce los detalles de este incidente del piloto Repsol Honda.","canonical":"https:\/\/www.boxrepsol.com\/es\/motogp\/una-fuerte-caida-de-pol-espargaro-le-impide-completar-el-segundo-dia-de-entrenamientos\/","og_locale":"es_ES","og_type":"article","og_title":"Una fuerte ca\u00edda de Pol Espargar\u00f3 le impide completar el segundo d\u00eda de entrenamientos - Box Repsol","og_description":"Pol Espargar\u00f3 no pudo completar el segundo d\u00eda de entrenamientos: Conoce los detalles de este incidente del piloto Repsol Honda.","og_url":"https:\/\/www.boxrepsol.com\/es\/motogp\/una-fuerte-caida-de-pol-espargaro-le-impide-completar-el-segundo-dia-de-entrenamientos\/","og_site_name":"Box Repsol","article_publisher":"https:\/\/www.facebook.com\/BoxRepsol","article_author":"https:\/\/www.facebook.com\/BoxRepsol\/","article_published_time":"2021-11-13T02:00:00+00:00","article_modified_time":"2024-04-10T08:25:57+00:00","og_image":[{"width":2560,"height":1200,"url":"https:\/\/bxrepsol.s3.eu-west-1.amazonaws.com\/static\/2022\/08\/09141310\/Copy-of-RD18_Valencia_Espargaro_2021-079021-scaled.jpg","type":"image\/jpeg"}],"author":"Redacci\u00f3n Box Repsol","twitter_card":"summary_large_image","twitter_creator":"@https:\/\/twitter.com\/box_repsol","twitter_site":"@box_repsol","twitter_misc":{"Written by":"Redacci\u00f3n Box Repsol","Est. reading time":"1 minuto"},"schema":{"@context":"https:\/\/schema.org","@graph":[{"@type":"Article","@id":"https:\/\/www.boxrepsol.com\/es\/motogp\/una-fuerte-caida-de-pol-espargaro-le-impide-completar-el-segundo-dia-de-entrenamientos\/#article","isPartOf":{"@id":"https:\/\/www.boxrepsol.com\/es\/motogp\/una-fuerte-caida-de-pol-espargaro-le-impide-completar-el-segundo-dia-de-entrenamientos\/"},"author":{"name":"Redacci\u00f3n Box Repsol","@id":"https:\/\/www.boxrepsol.com\/es\/#\/schema\/person\/c5c2138f2cca251b0ad92b7086bb60b7"},"headline":"Una fuerte ca\u00edda de Pol Espargar\u00f3 le impide completar el segundo d\u00eda de entrenamientos","datePublished":"2021-11-13T02:00:00+00:00","dateModified":"2024-04-10T08:25:57+00:00","mainEntityOfPage":{"@id":"https:\/\/www.boxrepsol.com\/es\/motogp\/una-fuerte-caida-de-pol-espargaro-le-impide-completar-el-segundo-dia-de-entrenamientos\/"},"wordCount":228,"commentCount":0,"publisher":{"@id":"https:\/\/www.boxrepsol.com\/es\/#organization"},"image":{"@id":"https:\/\/www.boxrepsol.com\/es\/motogp\/una-fuerte-caida-de-pol-espargaro-le-impide-completar-el-segundo-dia-de-entrenamientos\/#primaryimage"},"thumbnailUrl":"https:\/\/bxrepsol.s3.eu-west-1.amazonaws.com\/static\/2022\/08\/09141310\/Copy-of-RD18_Valencia_Espargaro_2021-079021-scaled.jpg","keywords":["2021","MotoGP Valencia","Pol Espargar\u00f3"],"articleSection":["MotoGP"],"inLanguage":"es","potentialAction":[{"@type":"CommentAction","name":"Comment","target":["https:\/\/www.boxrepsol.com\/es\/motogp\/una-fuerte-caida-de-pol-espargaro-le-impide-completar-el-segundo-dia-de-entrenamientos\/#respond"]}]},{"@type":"WebPage","@id":"https:\/\/www.boxrepsol.com\/es\/motogp\/una-fuerte-caida-de-pol-espargaro-le-impide-completar-el-segundo-dia-de-entrenamientos\/","url":"https:\/\/www.boxrepsol.com\/es\/motogp\/una-fuerte-caida-de-pol-espargaro-le-impide-completar-el-segundo-dia-de-entrenamientos\/","name":"Una fuerte ca\u00edda de Pol Espargar\u00f3 le impide completar el segundo d\u00eda de entrenamientos - Box Repsol","isPartOf":{"@id":"https:\/\/www.boxrepsol.com\/es\/#website"},"primaryImageOfPage":{"@id":"https:\/\/www.boxrepsol.com\/es\/motogp\/una-fuerte-caida-de-pol-espargaro-le-impide-completar-el-segundo-dia-de-entrenamientos\/#primaryimage"},"image":{"@id":"https:\/\/www.boxrepsol.com\/es\/motogp\/una-fuerte-caida-de-pol-espargaro-le-impide-completar-el-segundo-dia-de-entrenamientos\/#primaryimage"},"thumbnailUrl":"https:\/\/bxrepsol.s3.eu-west-1.amazonaws.com\/static\/2022\/08\/09141310\/Copy-of-RD18_Valencia_Espargaro_2021-079021-scaled.jpg","datePublished":"2021-11-13T02:00:00+00:00","dateModified":"2024-04-10T08:25:57+00:00","description":"Pol Espargar\u00f3 no pudo completar el segundo d\u00eda de entrenamientos: Conoce los detalles de este incidente del piloto Repsol Honda.","breadcrumb":{"@id":"https:\/\/www.boxrepsol.com\/es\/motogp\/una-fuerte-caida-de-pol-espargaro-le-impide-completar-el-segundo-dia-de-entrenamientos\/#breadcrumb"},"inLanguage":"es","potentialAction":[{"@type":"ReadAction","target":["https:\/\/www.boxrepsol.com\/es\/motogp\/una-fuerte-caida-de-pol-espargaro-le-impide-completar-el-segundo-dia-de-entrenamientos\/"]}]},{"@type":"ImageObject","inLanguage":"es","@id":"https:\/\/www.boxrepsol.com\/es\/motogp\/una-fuerte-caida-de-pol-espargaro-le-impide-completar-el-segundo-dia-de-entrenamientos\/#primaryimage","url":"https:\/\/bxrepsol.s3.eu-west-1.amazonaws.com\/static\/2022\/08\/09141310\/Copy-of-RD18_Valencia_Espargaro_2021-079021-scaled.jpg","contentUrl":"https:\/\/bxrepsol.s3.eu-west-1.amazonaws.com\/static\/2022\/08\/09141310\/Copy-of-RD18_Valencia_Espargaro_2021-079021-scaled.jpg","width":2560,"height":1200},{"@type":"BreadcrumbList","@id":"https:\/\/www.boxrepsol.com\/es\/motogp\/una-fuerte-caida-de-pol-espargaro-le-impide-completar-el-segundo-dia-de-entrenamientos\/#breadcrumb","itemListElement":[{"@type":"ListItem","position":1,"name":"Home","item":"https:\/\/www.boxrepsol.com\/es\/"},{"@type":"ListItem","position":2,"name":"Una fuerte ca\u00edda de Pol Espargar\u00f3 le impide completar el segundo d\u00eda de entrenamientos"}]},{"@type":"WebSite","@id":"https:\/\/www.boxrepsol.com\/es\/#website","url":"https:\/\/www.boxrepsol.com\/es\/","name":"Box Repsol","description":"Box Repsol Site","publisher":{"@id":"https:\/\/www.boxrepsol.com\/es\/#organization"},"potentialAction":[{"@type":"SearchAction","target":{"@type":"EntryPoint","urlTemplate":"https:\/\/www.boxrepsol.com\/es\/?s={search_term_string}"},"query-input":{"@type":"PropertyValueSpecification","valueRequired":true,"valueName":"search_term_string"}}],"inLanguage":"es"},{"@type":"Organization","@id":"https:\/\/www.boxrepsol.com\/es\/#organization","name":"Box Repsol","url":"https:\/\/www.boxrepsol.com\/es\/","logo":{"@type":"ImageObject","inLanguage":"es","@id":"https:\/\/www.boxrepsol.com\/es\/#\/schema\/logo\/image\/","url":"https:\/\/bxrepsol.s3.eu-west-1.amazonaws.com\/static\/2025\/07\/30083337\/favicon-96x96-1.png","contentUrl":"https:\/\/bxrepsol.s3.eu-west-1.amazonaws.com\/static\/2025\/07\/30083337\/favicon-96x96-1.png","width":96,"height":96,"caption":"Box Repsol"},"image":{"@id":"https:\/\/www.boxrepsol.com\/es\/#\/schema\/logo\/image\/"},"sameAs":["https:\/\/www.facebook.com\/BoxRepsol","https:\/\/x.com\/box_repsol","http:\/\/instagram.com\/box_repsol","https:\/\/www.youtube.com\/user\/RepsolCompeticion","https:\/\/www.flickr.com\/photos\/box_repsol\/"]},{"@type":"Person","@id":"https:\/\/www.boxrepsol.com\/es\/#\/schema\/person\/c5c2138f2cca251b0ad92b7086bb60b7","name":"Redacci\u00f3n Box Repsol","image":{"@type":"ImageObject","inLanguage":"es","@id":"https:\/\/secure.gravatar.com\/avatar\/adf7b77e38b4419baf32c7e9c21dde01f4e40df611f0978e3006fc4ba0aaab7e?s=96&d=mm&r=g","url":"https:\/\/secure.gravatar.com\/avatar\/adf7b77e38b4419baf32c7e9c21dde01f4e40df611f0978e3006fc4ba0aaab7e?s=96&d=mm&r=g","contentUrl":"https:\/\/secure.gravatar.com\/avatar\/adf7b77e38b4419baf32c7e9c21dde01f4e40df611f0978e3006fc4ba0aaab7e?s=96&d=mm&r=g","caption":"Redacci\u00f3n Box Repsol"},"description":"Box Repsol lo forma un equipo de periodistas, community managers, dise\u00f1adores y fot\u00f3grafos con m\u00e1s de 20 a\u00f1os de experiencia en el mundo del motorsport. Hemos vivido el primer mundial de un espa\u00f1ol en la categor\u00eda reina de motociclismo con \u00c1lex Crivill\u00e9, estuvimos en las victorias de Pedrosa y los t\u00edtulos de M\u00e1rquez, acompa\u00f1amos en \u00c1frica a Nani Roma y Marc Coma en sus conquistas del Dakar y hemos vibrado con los t\u00edtulos de Toni Bou en Trial. Adem\u00e1s, en nuestro equipo contamos con expertos en el mundo de las dos y cuatro ruedas tanto de la calle y las carreteras, como de los circuitos. Periodistas que han trabajado en revistas y publicaciones para hacerte llegar desde rutas y consejos de mantenimiento, a curiosidades y trucos de pilotaje.","sameAs":["https:\/\/www.facebook.com\/BoxRepsol\/","https:\/\/www.instagram.com\/box_repsol\/","https:\/\/x.com\/https:\/\/twitter.com\/box_repsol","https:\/\/www.youtube.com\/@Boxrepsol"],"url":"https:\/\/www.boxrepsol.com\/es\/author\/redaccion-box-repsol\/"}]}},"_links":{"self":[{"href":"https:\/\/www.boxrepsol.com\/es\/wp-json\/wp\/v2\/posts\/95181","targetHints":{"allow":["GET"]}}],"collection":[{"href":"https:\/\/www.boxrepsol.com\/es\/wp-json\/wp\/v2\/posts"}],"about":[{"href":"https:\/\/www.boxrepsol.com\/es\/wp-json\/wp\/v2\/types\/post"}],"author":[{"embeddable":true,"href":"https:\/\/www.boxrepsol.com\/es\/wp-json\/wp\/v2\/users\/43146"}],"replies":[{"embeddable":true,"href":"https:\/\/www.boxrepsol.com\/es\/wp-json\/wp\/v2\/comments?post=95181"}],"version-history":[{"count":1,"href":"https:\/\/www.boxrepsol.com\/es\/wp-json\/wp\/v2\/posts\/95181\/revisions"}],"predecessor-version":[{"id":107379,"href":"https:\/\/www.boxrepsol.com\/es\/wp-json\/wp\/v2\/posts\/95181\/revisions\/107379"}],"wp:featuredmedia":[{"embeddable":true,"href":"https:\/\/www.boxrepsol.com\/es\/wp-json\/wp\/v2\/media\/44615"}],"wp:attachment":[{"href":"https:\/\/www.boxrepsol.com\/es\/wp-json\/wp\/v2\/media?parent=95181"}],"wp:term":[{"taxonomy":"category","embeddable":true,"href":"https:\/\/www.boxrepsol.com\/es\/wp-json\/wp\/v2\/categories?post=95181"},{"taxonomy":"post_tag","embeddable":true,"href":"https:\/\/www.boxrepsol.com\/es\/wp-json\/wp\/v2\/tags?post=95181"}],"curies":[{"name":"wp","href":"https:\/\/api.w.org\/{rel}","templated":true}]}}