{"id":95177,"date":"2021-11-11T00:00:00","date_gmt":"2021-11-11T02:00:00","guid":{"rendered":"http:\/\/pre.boxrepsol.com\/sin-categorizar\/horarios-donde-ver-gran-premio-la-comunitat-valenciana-2021-motogp-directo\/"},"modified":"2024-10-07T11:20:54","modified_gmt":"2024-10-07T13:20:54","slug":"horarios-donde-ver-gran-premio-la-comunitat-valenciana-2021-motogp-directo","status":"publish","type":"post","link":"https:\/\/www.boxrepsol.com\/es\/motogp\/horarios-donde-ver-gran-premio-la-comunitat-valenciana-2021-motogp-directo\/","title":{"rendered":"Horarios y d\u00f3nde ver el Gran Premio de la Comunitat Valenciana 2021 de MotoGP en directo"},"content":{"rendered":"<p>Despu\u00e9s de siete meses de competici\u00f3n, el Mundial de MotoGP dar\u00e1 por finalizada la temporada en el <strong>Circuit Ricardo Tormo,<\/strong> la decimoctava prueba del calendario. El trazado valenciano volver\u00e1 a ser el escenario de clausura del a\u00f1o para el <strong>equipo Repsol Honda<\/strong>, que se celebrar\u00e1 durante el fin de semana del 12 al 14 de noviembre, donde<a href=\"https:\/\/www.boxrepsol.com\/es\/motogp\/marc-marquez-no-disputara-el-gran-premio-de-valencia-ni-los-test-de-jerez\/\"> Marc M\u00e1rquez ser\u00e1 de nuevo baja al sufrir de diplop\u00eda (visi\u00f3n doble)<\/a>.<\/p>\n<p>El equipo viaja al GP de la Comunitat Valenciana, circuito donde los colores Repsol Honda se han subido a <strong>lo m\u00e1s alto del podio ocho veces<\/strong> y han estado presentes en el podio en 21 ocasiones. \u00a0El piloto del Repsol Honda, <strong>Pol Espargar\u00f3<\/strong> regresa al circuito en el que consigui\u00f3 su <strong>primer podio<\/strong> en la categor\u00eda de MotoGP -en el 2018-.<\/p>\n<p>En el \u00faltimo Gran Premio de la semana pasada, el \u201844\u2019 consigui\u00f3 <strong>un sexto puesto<\/strong> tras la bandera roja como consecuencia del incidente durante la carrera. En la otra parte del box, <strong>Stefan Bradl<\/strong>, quien sustituy\u00f3 a Marc M\u00e1rquez en el Gran Premio del Algarve, finaliz\u00f3 el GP <strong>15\u00ba<\/strong> recogiendo informaci\u00f3n \u00fatil de cara a los pr\u00f3ximos tests de pretemporada que se celebrar\u00e1n el 18 y 19 de noviembre en Jerez, donde tampoco estar\u00e1 el piloto de Cervera.<\/p>\n<p>Esta semana tienes la opci\u00f3n de ver online el Gran Premio de la Comunitat Valenciana 2021 de MotoGP en varias plataformas y canales, que te incluimos a continuaci\u00f3n junto al horario del fin de semana.<\/p>\n<p><strong>Ver MotoGP online y en directo en DAZN y Movistar+:<\/strong><\/p>\n<p>La plataforma de streaming <strong>DAZN<\/strong> ofrece a sus nuevos clientes un mes de prueba gratuita que puedes utilizar para ver MotoGP en directo. Si te registras ahora para ver el Gran Premio de la Comunitat Valenciana, podr\u00e1s disfrutar de la \u00faltima cita del campeonato y del contenido exclusivo que tienen preparado para el par\u00f3n de invierno de forma gratuita gracias al mes de prueba que ofrecen. Adem\u00e1s, el servicio que ofrece DAZN no tiene permanencia, por lo que podr\u00e1s darte de baja y volver a subscribirte de nuevo cuando lo desees.<\/p>\n<p><a href=\"https:\/\/www.dazn.com\/es-ES\/home\"><strong>Puedes ver MotoGP online aqu\u00ed<\/strong><\/a><\/p>\n<p>Este a\u00f1o los clientes de Movistar+ tambi\u00e9n cuentan con la opci\u00f3n de disfrutar del \u00faltimo GP a trav\u00e9s de esta plataforma por la alianza de la compa\u00f1\u00eda telef\u00f3nica con DAZN (solo en Espa\u00f1a).<\/p>\n<p><strong>Ver el GP de la Comunitat Valenciana en directo en motogp.com<\/strong><\/p>\n<p>A trav\u00e9s de la web oficial de MotoGP podr\u00e1s disfrutar de todo lo que ocurra durante el GP tanto en pista como fuera de ella. Mediante el paquete anual de suscripci\u00f3n, llamado VideoPass, podr\u00e1s ver los grandes premios desde tu m\u00f3vil, tablet o SmartTV. Sin embargo, la retransmisi\u00f3n est\u00e1 disponible \u00fanicamente en ingl\u00e9s.<\/p>\n<p>Haz click aqu\u00ed para ver en Gran Premio de la Comunitat Valenciana en la web oficial de MotoGP<\/p>\n<p>Por \u00faltimo, el domingo a las 22:45, en el canal BemadTV de Mediaset podr\u00e1s ver gratis un resumen de una hora del Gran Premio de la Comunitat Valenciana (solo en Espa\u00f1a).<\/p>\n<p><strong>\u00a0<\/strong><\/p>\n<p><strong>HORARIOS GP DE LA COMUNITAT VALENCIANA DE MOTOGP 2021<\/strong><\/p>\n<p>Aqu\u00ed tienes los horarios espa\u00f1oles para el GP de \u00ad la Comunitat Valenciana GMT +1, para Argentina y Chile GMT -3 y para M\u00e9xico y Colombia, GMT -6<\/p>\n<p><strong>\u00a0<\/strong><\/p>\n<p><strong>Viernes 12 de noviembre (GMT+1)<\/strong><\/p>\n<p>10:00 &#8211; 10:40 FP1 Moto3<\/p>\n<p>10:55 &#8211; 11:40 FP1 MotoGP<\/p>\n<p>11:55 &#8211; 12:35 FP1 Moto2<\/p>\n<p>13:35 &#8211; 14:15 FP2 Moto3<\/p>\n<p>14:30 &#8211; 15:15 FP2 MotoGP<\/p>\n<p>15:30 &#8211; 16:10 FP2 Moto2<\/p>\n<p><strong>\u00a0<\/strong><\/p>\n<p><strong>S\u00e1bado 13 de noviembre (GMT+1)<\/strong><\/p>\n<p>10:00 &#8211; 10:40 FP3 Moto3<\/p>\n<p>10:55 &#8211; 11:40 FP3 MotoGP<\/p>\n<p>11:55 &#8211; 12:35 FP3 Moto2<\/p>\n<p>13:15 &#8211; 13:30 Q1 Moto3<\/p>\n<p>13:40 &#8211; 13:55 Q2 Moto3<\/p>\n<p>14:10 &#8211; 14:40 FP4 MotoGP<\/p>\n<p>14:50 &#8211; 15:05 Q1 MotoGP<\/p>\n<p>15:15 &#8211; 15:30 Q2 MotoGP<\/p>\n<p>15:50 &#8211; 16:05 Q1 Moto2<\/p>\n<p>16:15 &#8211; 15:30 Q2 Moto2<\/p>\n<p><strong>\u00a0<\/strong><\/p>\n<p><strong>Domingo 14 de noviembre (GMT+1)<\/strong><\/p>\n<p>09:00 &#8211; 09:20 Warm Up Moto3<\/p>\n<p>09:30 &#8211; 09:50 Warm Up Moto2<\/p>\n<p>10:00 &#8211; 10:20 Warm Up MotoGP<\/p>\n<p>11:00 Carrera Moto3<\/p>\n<p>12:20 Carrera Moto2<\/p>\n<p>14:00 Carrera MotoGP<\/p>\n<p><strong>\u00a0<\/strong><\/p>\n<p><strong>Horarios MotoGP carreras Colombia y M\u00e9xico (GMT -6)<\/strong><\/p>\n<p>04:00 Carrera Moto3<\/p>\n<p>05:20 Carrera Moto2<\/p>\n<p>07:00 Carrera MotoGP<\/p>\n<p><strong>Horarios MotoGP carreras Argentina y Chile (GMT-3)<\/strong><\/p>\n<p>07:00 Carrera Moto3<\/p>\n<p>08:20 Carrera Moto2<\/p>\n<p>10:00 Carrera MotoGP<\/p>\n<p>Pod\u00e9is consultar <a href=\"https:\/\/www.boxrepsol.com\/es\/motogp\/calendario-provisional-motogp-2022\/\">aqu\u00ed<\/a> el calendario provisional de la temporada del 2022, la cual est\u00e1 compuesta por 21 rondas y la incorporaci\u00f3n de dos nuevos circuitos. Sin embargo, todas las citas est\u00e1n sujetas a la evoluci\u00f3n de la pandemia y pueden sufrir cambios. Desde Box Repsol os iremos informando sobre cualquier actualizaci\u00f3n al respecto.<\/p>\n<p>Adem\u00e1s, os recordamos que, tanto a trav\u00e9s de las redes sociales como en la <strong>App de Box Repsol<\/strong>, pod\u00e9is seguir lo m\u00e1s destacado de nuestro equipo en cada GP, incluyendo un &#8216;vuelta a vuelta&#8217; en directo de la carrera para que sep\u00e1is qu\u00e9 sucede en pista en cada momento. En nuestra cuenta de Twitter <a href=\"https:\/\/twitter.com\/box_repsol\/status\/1448964056145174530\">@Box_Repsol<\/a> podr\u00e9is seguir cada sesi\u00f3n de MotoGP, desde la FP1 hasta la carrera, con informaci\u00f3n e im\u00e1genes para vivir el GP como si estuvierais en el mismo circuito.<\/p>\n<p>\u00a1Os esperamos para vivir el Mundial en directo, online y gratis!<\/p>\n","protected":false},"excerpt":{"rendered":"<p>El Mundial de MotoGP pondr\u00e1 el broche final a la temporada 2021 en el Circuito Ricardo Tormo, la \u00faltima cita de los 18 Grandes Premios que han compuesto el calendario. Descubre c\u00f3mo ver la carrera y el horario de MotoGP en el Gran Premio de la Comunitat Valenciana.<\/p>\n","protected":false},"author":43146,"featured_media":44583,"comment_status":"open","ping_status":"open","sticky":false,"template":"","format":"standard","meta":{"footnotes":""},"categories":[4],"tags":[194,137,128],"class_list":["post-95177","post","type-post","status-publish","format-standard","hentry","category-motogp","tag-194","tag-motogp-valencia","tag-pol-espargaro"],"yoast_head":"<!-- This site is optimized with the Yoast SEO plugin v27.3 - https:\/\/yoast.com\/product\/yoast-seo-wordpress\/ -->\n<title>Horarios y d\u00f3nde ver el Gran Premio de la Comunitat Valenciana 2021 de MotoGP en directo - Box Repsol<\/title>\n<link rel=\"canonical\" href=\"https:\/\/www.boxrepsol.com\/es\/motogp\/horarios-donde-ver-gran-premio-la-comunitat-valenciana-2021-motogp-directo\/\" \/>\n<meta property=\"og:locale\" content=\"es_ES\" \/>\n<meta property=\"og:type\" content=\"article\" \/>\n<meta property=\"og:title\" content=\"Horarios y d\u00f3nde ver el Gran Premio de la Comunitat Valenciana 2021 de MotoGP en directo - Box Repsol\" \/>\n<meta property=\"og:description\" content=\"El Mundial de MotoGP pondr\u00e1 el broche final a la temporada 2021 en el Circuito Ricardo Tormo, la \u00faltima cita de los 18 Grandes Premios que han compuesto el calendario. Descubre c\u00f3mo ver la carrera y el horario de MotoGP en el Gran Premio de la Comunitat Valenciana.\" \/>\n<meta property=\"og:url\" content=\"https:\/\/www.boxrepsol.com\/es\/motogp\/horarios-donde-ver-gran-premio-la-comunitat-valenciana-2021-motogp-directo\/\" \/>\n<meta property=\"og:site_name\" content=\"Box Repsol\" \/>\n<meta property=\"article:publisher\" content=\"https:\/\/www.facebook.com\/BoxRepsol\" \/>\n<meta property=\"article:author\" content=\"https:\/\/www.facebook.com\/BoxRepsol\/\" \/>\n<meta property=\"article:published_time\" content=\"2021-11-11T02:00:00+00:00\" \/>\n<meta property=\"article:modified_time\" content=\"2024-10-07T13:20:54+00:00\" \/>\n<meta property=\"og:image\" content=\"https:\/\/bxrepsol.s3.eu-west-1.amazonaws.com\/static\/2022\/08\/09141224\/Copy-of-RD16_EmiliaRomagna_Espargaro_2021-02440-1-scaled.jpg\" \/>\n\t<meta property=\"og:image:width\" content=\"2560\" \/>\n\t<meta property=\"og:image:height\" content=\"1200\" \/>\n\t<meta property=\"og:image:type\" content=\"image\/jpeg\" \/>\n<meta name=\"author\" content=\"Redacci\u00f3n Box Repsol\" \/>\n<meta name=\"twitter:card\" content=\"summary_large_image\" \/>\n<meta name=\"twitter:creator\" content=\"@https:\/\/twitter.com\/box_repsol\" \/>\n<meta name=\"twitter:site\" content=\"@box_repsol\" \/>\n<meta name=\"twitter:label1\" content=\"Written by\" \/>\n\t<meta name=\"twitter:data1\" content=\"Redacci\u00f3n Box Repsol\" \/>\n\t<meta name=\"twitter:label2\" content=\"Est. reading time\" \/>\n\t<meta name=\"twitter:data2\" content=\"4 minutos\" \/>\n<script type=\"application\/ld+json\" class=\"yoast-schema-graph\">{\"@context\":\"https:\\\/\\\/schema.org\",\"@graph\":[{\"@type\":\"Article\",\"@id\":\"https:\\\/\\\/www.boxrepsol.com\\\/es\\\/motogp\\\/horarios-donde-ver-gran-premio-la-comunitat-valenciana-2021-motogp-directo\\\/#article\",\"isPartOf\":{\"@id\":\"https:\\\/\\\/www.boxrepsol.com\\\/es\\\/motogp\\\/horarios-donde-ver-gran-premio-la-comunitat-valenciana-2021-motogp-directo\\\/\"},\"author\":{\"name\":\"Redacci\u00f3n Box Repsol\",\"@id\":\"https:\\\/\\\/www.boxrepsol.com\\\/es\\\/#\\\/schema\\\/person\\\/c5c2138f2cca251b0ad92b7086bb60b7\"},\"headline\":\"Horarios y d\u00f3nde ver el Gran Premio de la Comunitat Valenciana 2021 de MotoGP en directo\",\"datePublished\":\"2021-11-11T02:00:00+00:00\",\"dateModified\":\"2024-10-07T13:20:54+00:00\",\"mainEntityOfPage\":{\"@id\":\"https:\\\/\\\/www.boxrepsol.com\\\/es\\\/motogp\\\/horarios-donde-ver-gran-premio-la-comunitat-valenciana-2021-motogp-directo\\\/\"},\"wordCount\":839,\"commentCount\":0,\"publisher\":{\"@id\":\"https:\\\/\\\/www.boxrepsol.com\\\/es\\\/#organization\"},\"image\":{\"@id\":\"https:\\\/\\\/www.boxrepsol.com\\\/es\\\/motogp\\\/horarios-donde-ver-gran-premio-la-comunitat-valenciana-2021-motogp-directo\\\/#primaryimage\"},\"thumbnailUrl\":\"https:\\\/\\\/bxrepsol.s3.eu-west-1.amazonaws.com\\\/static\\\/2022\\\/08\\\/09141224\\\/Copy-of-RD16_EmiliaRomagna_Espargaro_2021-02440-1-scaled.jpg\",\"keywords\":[\"2021\",\"MotoGP Valencia\",\"Pol Espargar\u00f3\"],\"articleSection\":[\"MotoGP\"],\"inLanguage\":\"es\",\"potentialAction\":[{\"@type\":\"CommentAction\",\"name\":\"Comment\",\"target\":[\"https:\\\/\\\/www.boxrepsol.com\\\/es\\\/motogp\\\/horarios-donde-ver-gran-premio-la-comunitat-valenciana-2021-motogp-directo\\\/#respond\"]}]},{\"@type\":\"WebPage\",\"@id\":\"https:\\\/\\\/www.boxrepsol.com\\\/es\\\/motogp\\\/horarios-donde-ver-gran-premio-la-comunitat-valenciana-2021-motogp-directo\\\/\",\"url\":\"https:\\\/\\\/www.boxrepsol.com\\\/es\\\/motogp\\\/horarios-donde-ver-gran-premio-la-comunitat-valenciana-2021-motogp-directo\\\/\",\"name\":\"Horarios y d\u00f3nde ver el Gran Premio de la Comunitat Valenciana 2021 de MotoGP en directo - Box Repsol\",\"isPartOf\":{\"@id\":\"https:\\\/\\\/www.boxrepsol.com\\\/es\\\/#website\"},\"primaryImageOfPage\":{\"@id\":\"https:\\\/\\\/www.boxrepsol.com\\\/es\\\/motogp\\\/horarios-donde-ver-gran-premio-la-comunitat-valenciana-2021-motogp-directo\\\/#primaryimage\"},\"image\":{\"@id\":\"https:\\\/\\\/www.boxrepsol.com\\\/es\\\/motogp\\\/horarios-donde-ver-gran-premio-la-comunitat-valenciana-2021-motogp-directo\\\/#primaryimage\"},\"thumbnailUrl\":\"https:\\\/\\\/bxrepsol.s3.eu-west-1.amazonaws.com\\\/static\\\/2022\\\/08\\\/09141224\\\/Copy-of-RD16_EmiliaRomagna_Espargaro_2021-02440-1-scaled.jpg\",\"datePublished\":\"2021-11-11T02:00:00+00:00\",\"dateModified\":\"2024-10-07T13:20:54+00:00\",\"breadcrumb\":{\"@id\":\"https:\\\/\\\/www.boxrepsol.com\\\/es\\\/motogp\\\/horarios-donde-ver-gran-premio-la-comunitat-valenciana-2021-motogp-directo\\\/#breadcrumb\"},\"inLanguage\":\"es\",\"potentialAction\":[{\"@type\":\"ReadAction\",\"target\":[\"https:\\\/\\\/www.boxrepsol.com\\\/es\\\/motogp\\\/horarios-donde-ver-gran-premio-la-comunitat-valenciana-2021-motogp-directo\\\/\"]}]},{\"@type\":\"ImageObject\",\"inLanguage\":\"es\",\"@id\":\"https:\\\/\\\/www.boxrepsol.com\\\/es\\\/motogp\\\/horarios-donde-ver-gran-premio-la-comunitat-valenciana-2021-motogp-directo\\\/#primaryimage\",\"url\":\"https:\\\/\\\/bxrepsol.s3.eu-west-1.amazonaws.com\\\/static\\\/2022\\\/08\\\/09141224\\\/Copy-of-RD16_EmiliaRomagna_Espargaro_2021-02440-1-scaled.jpg\",\"contentUrl\":\"https:\\\/\\\/bxrepsol.s3.eu-west-1.amazonaws.com\\\/static\\\/2022\\\/08\\\/09141224\\\/Copy-of-RD16_EmiliaRomagna_Espargaro_2021-02440-1-scaled.jpg\",\"width\":2560,\"height\":1200},{\"@type\":\"BreadcrumbList\",\"@id\":\"https:\\\/\\\/www.boxrepsol.com\\\/es\\\/motogp\\\/horarios-donde-ver-gran-premio-la-comunitat-valenciana-2021-motogp-directo\\\/#breadcrumb\",\"itemListElement\":[{\"@type\":\"ListItem\",\"position\":1,\"name\":\"Home\",\"item\":\"https:\\\/\\\/www.boxrepsol.com\\\/es\\\/\"},{\"@type\":\"ListItem\",\"position\":2,\"name\":\"Horarios y d\u00f3nde ver el Gran Premio de la Comunitat Valenciana 2021 de MotoGP en directo\"}]},{\"@type\":\"WebSite\",\"@id\":\"https:\\\/\\\/www.boxrepsol.com\\\/es\\\/#website\",\"url\":\"https:\\\/\\\/www.boxrepsol.com\\\/es\\\/\",\"name\":\"Box Repsol\",\"description\":\"Box Repsol Site\",\"publisher\":{\"@id\":\"https:\\\/\\\/www.boxrepsol.com\\\/es\\\/#organization\"},\"potentialAction\":[{\"@type\":\"SearchAction\",\"target\":{\"@type\":\"EntryPoint\",\"urlTemplate\":\"https:\\\/\\\/www.boxrepsol.com\\\/es\\\/?s={search_term_string}\"},\"query-input\":{\"@type\":\"PropertyValueSpecification\",\"valueRequired\":true,\"valueName\":\"search_term_string\"}}],\"inLanguage\":\"es\"},{\"@type\":\"Organization\",\"@id\":\"https:\\\/\\\/www.boxrepsol.com\\\/es\\\/#organization\",\"name\":\"Box Repsol\",\"url\":\"https:\\\/\\\/www.boxrepsol.com\\\/es\\\/\",\"logo\":{\"@type\":\"ImageObject\",\"inLanguage\":\"es\",\"@id\":\"https:\\\/\\\/www.boxrepsol.com\\\/es\\\/#\\\/schema\\\/logo\\\/image\\\/\",\"url\":\"https:\\\/\\\/bxrepsol.s3.eu-west-1.amazonaws.com\\\/static\\\/2025\\\/07\\\/30083337\\\/favicon-96x96-1.png\",\"contentUrl\":\"https:\\\/\\\/bxrepsol.s3.eu-west-1.amazonaws.com\\\/static\\\/2025\\\/07\\\/30083337\\\/favicon-96x96-1.png\",\"width\":96,\"height\":96,\"caption\":\"Box Repsol\"},\"image\":{\"@id\":\"https:\\\/\\\/www.boxrepsol.com\\\/es\\\/#\\\/schema\\\/logo\\\/image\\\/\"},\"sameAs\":[\"https:\\\/\\\/www.facebook.com\\\/BoxRepsol\",\"https:\\\/\\\/x.com\\\/box_repsol\",\"http:\\\/\\\/instagram.com\\\/box_repsol\",\"https:\\\/\\\/www.youtube.com\\\/user\\\/RepsolCompeticion\",\"https:\\\/\\\/www.flickr.com\\\/photos\\\/box_repsol\\\/\"]},{\"@type\":\"Person\",\"@id\":\"https:\\\/\\\/www.boxrepsol.com\\\/es\\\/#\\\/schema\\\/person\\\/c5c2138f2cca251b0ad92b7086bb60b7\",\"name\":\"Redacci\u00f3n Box Repsol\",\"image\":{\"@type\":\"ImageObject\",\"inLanguage\":\"es\",\"@id\":\"https:\\\/\\\/secure.gravatar.com\\\/avatar\\\/adf7b77e38b4419baf32c7e9c21dde01f4e40df611f0978e3006fc4ba0aaab7e?s=96&d=mm&r=g\",\"url\":\"https:\\\/\\\/secure.gravatar.com\\\/avatar\\\/adf7b77e38b4419baf32c7e9c21dde01f4e40df611f0978e3006fc4ba0aaab7e?s=96&d=mm&r=g\",\"contentUrl\":\"https:\\\/\\\/secure.gravatar.com\\\/avatar\\\/adf7b77e38b4419baf32c7e9c21dde01f4e40df611f0978e3006fc4ba0aaab7e?s=96&d=mm&r=g\",\"caption\":\"Redacci\u00f3n Box Repsol\"},\"description\":\"Box Repsol lo forma un equipo de periodistas, community managers, dise\u00f1adores y fot\u00f3grafos con m\u00e1s de 20 a\u00f1os de experiencia en el mundo del motorsport. Hemos vivido el primer mundial de un espa\u00f1ol en la categor\u00eda reina de motociclismo con \u00c1lex Crivill\u00e9, estuvimos en las victorias de Pedrosa y los t\u00edtulos de M\u00e1rquez, acompa\u00f1amos en \u00c1frica a Nani Roma y Marc Coma en sus conquistas del Dakar y hemos vibrado con los t\u00edtulos de Toni Bou en Trial. Adem\u00e1s, en nuestro equipo contamos con expertos en el mundo de las dos y cuatro ruedas tanto de la calle y las carreteras, como de los circuitos. Periodistas que han trabajado en revistas y publicaciones para hacerte llegar desde rutas y consejos de mantenimiento, a curiosidades y trucos de pilotaje.\",\"sameAs\":[\"https:\\\/\\\/www.facebook.com\\\/BoxRepsol\\\/\",\"https:\\\/\\\/www.instagram.com\\\/box_repsol\\\/\",\"https:\\\/\\\/x.com\\\/https:\\\/\\\/twitter.com\\\/box_repsol\",\"https:\\\/\\\/www.youtube.com\\\/@Boxrepsol\"],\"url\":\"https:\\\/\\\/www.boxrepsol.com\\\/es\\\/author\\\/redaccion-box-repsol\\\/\"}]}<\/script>\n<!-- \/ Yoast SEO plugin. -->","yoast_head_json":{"title":"Horarios y d\u00f3nde ver el Gran Premio de la Comunitat Valenciana 2021 de MotoGP en directo - Box Repsol","canonical":"https:\/\/www.boxrepsol.com\/es\/motogp\/horarios-donde-ver-gran-premio-la-comunitat-valenciana-2021-motogp-directo\/","og_locale":"es_ES","og_type":"article","og_title":"Horarios y d\u00f3nde ver el Gran Premio de la Comunitat Valenciana 2021 de MotoGP en directo - Box Repsol","og_description":"El Mundial de MotoGP pondr\u00e1 el broche final a la temporada 2021 en el Circuito Ricardo Tormo, la \u00faltima cita de los 18 Grandes Premios que han compuesto el calendario. Descubre c\u00f3mo ver la carrera y el horario de MotoGP en el Gran Premio de la Comunitat Valenciana.","og_url":"https:\/\/www.boxrepsol.com\/es\/motogp\/horarios-donde-ver-gran-premio-la-comunitat-valenciana-2021-motogp-directo\/","og_site_name":"Box Repsol","article_publisher":"https:\/\/www.facebook.com\/BoxRepsol","article_author":"https:\/\/www.facebook.com\/BoxRepsol\/","article_published_time":"2021-11-11T02:00:00+00:00","article_modified_time":"2024-10-07T13:20:54+00:00","og_image":[{"width":2560,"height":1200,"url":"https:\/\/bxrepsol.s3.eu-west-1.amazonaws.com\/static\/2022\/08\/09141224\/Copy-of-RD16_EmiliaRomagna_Espargaro_2021-02440-1-scaled.jpg","type":"image\/jpeg"}],"author":"Redacci\u00f3n Box Repsol","twitter_card":"summary_large_image","twitter_creator":"@https:\/\/twitter.com\/box_repsol","twitter_site":"@box_repsol","twitter_misc":{"Written by":"Redacci\u00f3n Box Repsol","Est. reading time":"4 minutos"},"schema":{"@context":"https:\/\/schema.org","@graph":[{"@type":"Article","@id":"https:\/\/www.boxrepsol.com\/es\/motogp\/horarios-donde-ver-gran-premio-la-comunitat-valenciana-2021-motogp-directo\/#article","isPartOf":{"@id":"https:\/\/www.boxrepsol.com\/es\/motogp\/horarios-donde-ver-gran-premio-la-comunitat-valenciana-2021-motogp-directo\/"},"author":{"name":"Redacci\u00f3n Box Repsol","@id":"https:\/\/www.boxrepsol.com\/es\/#\/schema\/person\/c5c2138f2cca251b0ad92b7086bb60b7"},"headline":"Horarios y d\u00f3nde ver el Gran Premio de la Comunitat Valenciana 2021 de MotoGP en directo","datePublished":"2021-11-11T02:00:00+00:00","dateModified":"2024-10-07T13:20:54+00:00","mainEntityOfPage":{"@id":"https:\/\/www.boxrepsol.com\/es\/motogp\/horarios-donde-ver-gran-premio-la-comunitat-valenciana-2021-motogp-directo\/"},"wordCount":839,"commentCount":0,"publisher":{"@id":"https:\/\/www.boxrepsol.com\/es\/#organization"},"image":{"@id":"https:\/\/www.boxrepsol.com\/es\/motogp\/horarios-donde-ver-gran-premio-la-comunitat-valenciana-2021-motogp-directo\/#primaryimage"},"thumbnailUrl":"https:\/\/bxrepsol.s3.eu-west-1.amazonaws.com\/static\/2022\/08\/09141224\/Copy-of-RD16_EmiliaRomagna_Espargaro_2021-02440-1-scaled.jpg","keywords":["2021","MotoGP Valencia","Pol Espargar\u00f3"],"articleSection":["MotoGP"],"inLanguage":"es","potentialAction":[{"@type":"CommentAction","name":"Comment","target":["https:\/\/www.boxrepsol.com\/es\/motogp\/horarios-donde-ver-gran-premio-la-comunitat-valenciana-2021-motogp-directo\/#respond"]}]},{"@type":"WebPage","@id":"https:\/\/www.boxrepsol.com\/es\/motogp\/horarios-donde-ver-gran-premio-la-comunitat-valenciana-2021-motogp-directo\/","url":"https:\/\/www.boxrepsol.com\/es\/motogp\/horarios-donde-ver-gran-premio-la-comunitat-valenciana-2021-motogp-directo\/","name":"Horarios y d\u00f3nde ver el Gran Premio de la Comunitat Valenciana 2021 de MotoGP en directo - Box Repsol","isPartOf":{"@id":"https:\/\/www.boxrepsol.com\/es\/#website"},"primaryImageOfPage":{"@id":"https:\/\/www.boxrepsol.com\/es\/motogp\/horarios-donde-ver-gran-premio-la-comunitat-valenciana-2021-motogp-directo\/#primaryimage"},"image":{"@id":"https:\/\/www.boxrepsol.com\/es\/motogp\/horarios-donde-ver-gran-premio-la-comunitat-valenciana-2021-motogp-directo\/#primaryimage"},"thumbnailUrl":"https:\/\/bxrepsol.s3.eu-west-1.amazonaws.com\/static\/2022\/08\/09141224\/Copy-of-RD16_EmiliaRomagna_Espargaro_2021-02440-1-scaled.jpg","datePublished":"2021-11-11T02:00:00+00:00","dateModified":"2024-10-07T13:20:54+00:00","breadcrumb":{"@id":"https:\/\/www.boxrepsol.com\/es\/motogp\/horarios-donde-ver-gran-premio-la-comunitat-valenciana-2021-motogp-directo\/#breadcrumb"},"inLanguage":"es","potentialAction":[{"@type":"ReadAction","target":["https:\/\/www.boxrepsol.com\/es\/motogp\/horarios-donde-ver-gran-premio-la-comunitat-valenciana-2021-motogp-directo\/"]}]},{"@type":"ImageObject","inLanguage":"es","@id":"https:\/\/www.boxrepsol.com\/es\/motogp\/horarios-donde-ver-gran-premio-la-comunitat-valenciana-2021-motogp-directo\/#primaryimage","url":"https:\/\/bxrepsol.s3.eu-west-1.amazonaws.com\/static\/2022\/08\/09141224\/Copy-of-RD16_EmiliaRomagna_Espargaro_2021-02440-1-scaled.jpg","contentUrl":"https:\/\/bxrepsol.s3.eu-west-1.amazonaws.com\/static\/2022\/08\/09141224\/Copy-of-RD16_EmiliaRomagna_Espargaro_2021-02440-1-scaled.jpg","width":2560,"height":1200},{"@type":"BreadcrumbList","@id":"https:\/\/www.boxrepsol.com\/es\/motogp\/horarios-donde-ver-gran-premio-la-comunitat-valenciana-2021-motogp-directo\/#breadcrumb","itemListElement":[{"@type":"ListItem","position":1,"name":"Home","item":"https:\/\/www.boxrepsol.com\/es\/"},{"@type":"ListItem","position":2,"name":"Horarios y d\u00f3nde ver el Gran Premio de la Comunitat Valenciana 2021 de MotoGP en directo"}]},{"@type":"WebSite","@id":"https:\/\/www.boxrepsol.com\/es\/#website","url":"https:\/\/www.boxrepsol.com\/es\/","name":"Box Repsol","description":"Box Repsol Site","publisher":{"@id":"https:\/\/www.boxrepsol.com\/es\/#organization"},"potentialAction":[{"@type":"SearchAction","target":{"@type":"EntryPoint","urlTemplate":"https:\/\/www.boxrepsol.com\/es\/?s={search_term_string}"},"query-input":{"@type":"PropertyValueSpecification","valueRequired":true,"valueName":"search_term_string"}}],"inLanguage":"es"},{"@type":"Organization","@id":"https:\/\/www.boxrepsol.com\/es\/#organization","name":"Box Repsol","url":"https:\/\/www.boxrepsol.com\/es\/","logo":{"@type":"ImageObject","inLanguage":"es","@id":"https:\/\/www.boxrepsol.com\/es\/#\/schema\/logo\/image\/","url":"https:\/\/bxrepsol.s3.eu-west-1.amazonaws.com\/static\/2025\/07\/30083337\/favicon-96x96-1.png","contentUrl":"https:\/\/bxrepsol.s3.eu-west-1.amazonaws.com\/static\/2025\/07\/30083337\/favicon-96x96-1.png","width":96,"height":96,"caption":"Box Repsol"},"image":{"@id":"https:\/\/www.boxrepsol.com\/es\/#\/schema\/logo\/image\/"},"sameAs":["https:\/\/www.facebook.com\/BoxRepsol","https:\/\/x.com\/box_repsol","http:\/\/instagram.com\/box_repsol","https:\/\/www.youtube.com\/user\/RepsolCompeticion","https:\/\/www.flickr.com\/photos\/box_repsol\/"]},{"@type":"Person","@id":"https:\/\/www.boxrepsol.com\/es\/#\/schema\/person\/c5c2138f2cca251b0ad92b7086bb60b7","name":"Redacci\u00f3n Box Repsol","image":{"@type":"ImageObject","inLanguage":"es","@id":"https:\/\/secure.gravatar.com\/avatar\/adf7b77e38b4419baf32c7e9c21dde01f4e40df611f0978e3006fc4ba0aaab7e?s=96&d=mm&r=g","url":"https:\/\/secure.gravatar.com\/avatar\/adf7b77e38b4419baf32c7e9c21dde01f4e40df611f0978e3006fc4ba0aaab7e?s=96&d=mm&r=g","contentUrl":"https:\/\/secure.gravatar.com\/avatar\/adf7b77e38b4419baf32c7e9c21dde01f4e40df611f0978e3006fc4ba0aaab7e?s=96&d=mm&r=g","caption":"Redacci\u00f3n Box Repsol"},"description":"Box Repsol lo forma un equipo de periodistas, community managers, dise\u00f1adores y fot\u00f3grafos con m\u00e1s de 20 a\u00f1os de experiencia en el mundo del motorsport. Hemos vivido el primer mundial de un espa\u00f1ol en la categor\u00eda reina de motociclismo con \u00c1lex Crivill\u00e9, estuvimos en las victorias de Pedrosa y los t\u00edtulos de M\u00e1rquez, acompa\u00f1amos en \u00c1frica a Nani Roma y Marc Coma en sus conquistas del Dakar y hemos vibrado con los t\u00edtulos de Toni Bou en Trial. Adem\u00e1s, en nuestro equipo contamos con expertos en el mundo de las dos y cuatro ruedas tanto de la calle y las carreteras, como de los circuitos. Periodistas que han trabajado en revistas y publicaciones para hacerte llegar desde rutas y consejos de mantenimiento, a curiosidades y trucos de pilotaje.","sameAs":["https:\/\/www.facebook.com\/BoxRepsol\/","https:\/\/www.instagram.com\/box_repsol\/","https:\/\/x.com\/https:\/\/twitter.com\/box_repsol","https:\/\/www.youtube.com\/@Boxrepsol"],"url":"https:\/\/www.boxrepsol.com\/es\/author\/redaccion-box-repsol\/"}]}},"_links":{"self":[{"href":"https:\/\/www.boxrepsol.com\/es\/wp-json\/wp\/v2\/posts\/95177","targetHints":{"allow":["GET"]}}],"collection":[{"href":"https:\/\/www.boxrepsol.com\/es\/wp-json\/wp\/v2\/posts"}],"about":[{"href":"https:\/\/www.boxrepsol.com\/es\/wp-json\/wp\/v2\/types\/post"}],"author":[{"embeddable":true,"href":"https:\/\/www.boxrepsol.com\/es\/wp-json\/wp\/v2\/users\/43146"}],"replies":[{"embeddable":true,"href":"https:\/\/www.boxrepsol.com\/es\/wp-json\/wp\/v2\/comments?post=95177"}],"version-history":[{"count":2,"href":"https:\/\/www.boxrepsol.com\/es\/wp-json\/wp\/v2\/posts\/95177\/revisions"}],"predecessor-version":[{"id":120695,"href":"https:\/\/www.boxrepsol.com\/es\/wp-json\/wp\/v2\/posts\/95177\/revisions\/120695"}],"wp:featuredmedia":[{"embeddable":true,"href":"https:\/\/www.boxrepsol.com\/es\/wp-json\/wp\/v2\/media\/44583"}],"wp:attachment":[{"href":"https:\/\/www.boxrepsol.com\/es\/wp-json\/wp\/v2\/media?parent=95177"}],"wp:term":[{"taxonomy":"category","embeddable":true,"href":"https:\/\/www.boxrepsol.com\/es\/wp-json\/wp\/v2\/categories?post=95177"},{"taxonomy":"post_tag","embeddable":true,"href":"https:\/\/www.boxrepsol.com\/es\/wp-json\/wp\/v2\/tags?post=95177"}],"curies":[{"name":"wp","href":"https:\/\/api.w.org\/{rel}","templated":true}]}}