{"id":95175,"date":"2021-11-11T00:00:00","date_gmt":"2021-11-11T02:00:00","guid":{"rendered":"http:\/\/pre.boxrepsol.com\/sin-categorizar\/espaldera-en-moto-por-que-es-importante-llevarla\/"},"modified":"2024-04-09T05:07:51","modified_gmt":"2024-04-09T07:07:51","slug":"espaldera-en-moto-por-que-es-importante-llevarla","status":"publish","type":"post","link":"https:\/\/www.boxrepsol.com\/es\/vive-tu-moto\/espaldera-en-moto-por-que-es-importante-llevarla\/","title":{"rendered":"Espaldera en moto, \u00bfpor qu\u00e9 es importante llevarla?"},"content":{"rendered":"<div id=\"ez-toc-container\" class=\"ez-toc-v2_0_82_2 counter-hierarchy ez-toc-counter ez-toc-grey ez-toc-container-direction\">\n<div class=\"ez-toc-title-container\">\n<p class=\"ez-toc-title\" style=\"cursor:inherit\">\u00cdndice<\/p>\n<span class=\"ez-toc-title-toggle\"><a href=\"#\" class=\"ez-toc-pull-right ez-toc-btn ez-toc-btn-xs ez-toc-btn-default ez-toc-toggle\" aria-label=\"Toggle Table of Content\"><span class=\"ez-toc-js-icon-con\"><span class=\"\"><span class=\"eztoc-hide\" style=\"display:none;\">Toggle<\/span><span class=\"ez-toc-icon-toggle-span\"><svg style=\"fill: #999;color:#999\" xmlns=\"http:\/\/www.w3.org\/2000\/svg\" class=\"list-377408\" width=\"20px\" height=\"20px\" viewBox=\"0 0 24 24\" fill=\"none\"><path d=\"M6 6H4v2h2V6zm14 0H8v2h12V6zM4 11h2v2H4v-2zm16 0H8v2h12v-2zM4 16h2v2H4v-2zm16 0H8v2h12v-2z\" fill=\"currentColor\"><\/path><\/svg><svg style=\"fill: #999;color:#999\" class=\"arrow-unsorted-368013\" xmlns=\"http:\/\/www.w3.org\/2000\/svg\" width=\"10px\" height=\"10px\" viewBox=\"0 0 24 24\" version=\"1.2\" baseProfile=\"tiny\"><path d=\"M18.2 9.3l-6.2-6.3-6.2 6.3c-.2.2-.3.4-.3.7s.1.5.3.7c.2.2.4.3.7.3h11c.3 0 .5-.1.7-.3.2-.2.3-.5.3-.7s-.1-.5-.3-.7zM5.8 14.7l6.2 6.3 6.2-6.3c.2-.2.3-.5.3-.7s-.1-.5-.3-.7c-.2-.2-.4-.3-.7-.3h-11c-.3 0-.5.1-.7.3-.2.2-.3.5-.3.7s.1.5.3.7z\"\/><\/svg><\/span><\/span><\/span><\/a><\/span><\/div>\n<nav><ul class='ez-toc-list ez-toc-list-level-1 ' ><li class='ez-toc-page-1 ez-toc-heading-level-2'><a class=\"ez-toc-link ez-toc-heading-1\" href=\"https:\/\/www.boxrepsol.com\/es\/vive-tu-moto\/espaldera-en-moto-por-que-es-importante-llevarla\/#%C2%BFQue_es_una_espaldera_para_moto\" >\u00bfQu\u00e9 es una espaldera para moto?<\/a><ul class='ez-toc-list-level-3' ><li class='ez-toc-heading-level-3'><a class=\"ez-toc-link ez-toc-heading-2\" href=\"https:\/\/www.boxrepsol.com\/es\/vive-tu-moto\/espaldera-en-moto-por-que-es-importante-llevarla\/#Importancia_del_uso_de_un_protector_de_espalda_para_moto\" >Importancia del uso de un protector de espalda para moto<\/a><\/li><\/ul><\/li><li class='ez-toc-page-1 ez-toc-heading-level-2'><a class=\"ez-toc-link ez-toc-heading-3\" href=\"https:\/\/www.boxrepsol.com\/es\/vive-tu-moto\/espaldera-en-moto-por-que-es-importante-llevarla\/#Tipos_de_espaldera_para_moto\" >Tipos de espaldera para moto\u00a0<\/a><ul class='ez-toc-list-level-3' ><li class='ez-toc-heading-level-3'><a class=\"ez-toc-link ez-toc-heading-4\" href=\"https:\/\/www.boxrepsol.com\/es\/vive-tu-moto\/espaldera-en-moto-por-que-es-importante-llevarla\/#%C2%BFComo_elegir_la_talla_de_tu_espaldera_para_moto\" >\u00bfC\u00f3mo elegir la talla de tu espaldera para moto?<\/a><\/li><li class='ez-toc-page-1 ez-toc-heading-level-3'><a class=\"ez-toc-link ez-toc-heading-5\" href=\"https:\/\/www.boxrepsol.com\/es\/vive-tu-moto\/espaldera-en-moto-por-que-es-importante-llevarla\/#%C2%BFComo_colocar_el_protector_de_espalda_en_la_moto\" >\u00bfC\u00f3mo colocar el protector de espalda en la moto?<\/a><\/li><\/ul><\/li><li class='ez-toc-page-1 ez-toc-heading-level-2'><a class=\"ez-toc-link ez-toc-heading-6\" href=\"https:\/\/www.boxrepsol.com\/es\/vive-tu-moto\/espaldera-en-moto-por-que-es-importante-llevarla\/#Precios_de_las_espalderas_para_moto\" >Precios de las espalderas para moto<\/a><\/li><\/ul><\/nav><\/div>\n<h2><span class=\"ez-toc-section\" id=\"%C2%BFQue_es_una_espaldera_para_moto\"><\/span>\u00bfQu\u00e9 es una espaldera para moto?<span class=\"ez-toc-section-end\"><\/span><\/h2>\n<p>Una espaldera para moto es un elemento de protecci\u00f3n que consiste en una <strong>estructura ergon\u00f3mica que se coloca en la espalda<\/strong> y est\u00e1 compuesta por materiales resistentes como pl\u00e1stico, tejido de alta densidad o metal, que absorben el impacto en caso de ca\u00edda o colisi\u00f3n. La espaldera se ajusta al cuerpo del conductor mediante correas o cintas de velcro, <strong>proporcionando comodidad y libertad de movimiento durante la conducci\u00f3n.<\/strong> Es un elemento esencial para aquellos que buscan maximizar su seguridad en la carretera.<\/p>\n<h3><span class=\"ez-toc-section\" id=\"Importancia_del_uso_de_un_protector_de_espalda_para_moto\"><\/span>Importancia del uso de un protector de espalda para moto<span class=\"ez-toc-section-end\"><\/span><\/h3>\n<p>Como cualquiera de las protecciones que se utilizan al conducir una moto, el uso de una espaldera no evita completamente la posibilidad de lesionarse la espalda en caso de ca\u00edda, pero s\u00ed es cierto que <strong>reduce el riesgo<\/strong> <strong>de lesi\u00f3n medular<\/strong> y, en el caso de que se produzca un accidente, ayuda a que sus consecuencias sean menores.<\/p>\n<p>Por este motivo, la utilizaci\u00f3n de una espaldera de moto, aunque <strong>no es obligatorio<\/strong> <strong>a la hora de disfrutar con nuestra moto<\/strong>, s\u00ed que es muy recomendable porque, aunque seamos muy expertos y muy precavidos, todos los que montamos en moto sabemos que no estamos exentos de tener una ca\u00edda. Por este motivo, la prevenci\u00f3n es muy importante, y adem\u00e1s de llevar casco, <a href=\"https:\/\/www.boxrepsol.com\/es\/cultura-motera\/es-obligatorio-usar-guantes-al-conducir-una-moto\/\">guantes de moto<\/a>, chaqueta, pantalones y botas, la espaldera es otro elemento clave de nuestro <a href=\"https:\/\/www.boxrepsol.com\/es\/vive-tu-moto\/equipamiento-para-montar-en-moto\/\">equipamiento motero<\/a> que nunca est\u00e1 de m\u00e1s y que debemos incorporar a la citada lista. Sin lugar a dudas, es una manera de g<strong>arantizar en mayor medida nuestra seguridad.<\/strong><\/p>\n<p><img loading=\"lazy\" decoding=\"async\" class=\"aligncenter\" src=\"https:\/\/bxrepsol.s3.eu-west-1.amazonaws.com\/static\/2022\/08\/09141123\/cell-2-2.jpg\" alt=\"Dimensiones de una espaldera para moto \" width=\"600\" height=\"401\" \/><\/p>\n<p>En competici\u00f3n, <strong>el primer uso de una espaldera<\/strong> <strong>se remonta a<\/strong> <b>principios de los a\u00f1os 80<\/b> del siglo pasado. Seg\u00fan datos oficiales, fue el piloto brit\u00e1nico Barry Sheene el primero en utilizar una espaldera en un campeonato de la FIM. A partir de ah\u00ed su uso se fue extendiendo y <b>hoy en d\u00eda<\/b><strong> el uso de <\/strong><strong>espalderas en las carreras <\/strong><strong>ya es obligatorio<\/strong> en la mayor\u00eda de competiciones de velocidad, enduro, motocross y rally. En todas ellas, adem\u00e1s de controlarse las motos en las verificaciones, tambi\u00e9n se comprueba que los equipamientos de los pilotos son los correctos en cuanto a homologaciones y certificaciones.<\/p>\n<h2><span class=\"ez-toc-section\" id=\"Tipos_de_espaldera_para_moto\"><\/span><strong>Tipos de espaldera para moto\u00a0<\/strong><span class=\"ez-toc-section-end\"><\/span><\/h2>\n<p>A la hora elegir un protector de espalda para la moto hay que tener en cuenta que debe estar <b>certificado y homologado<\/b>, y as\u00ed sabremos que antes ha superado determinadas pruebas de resistencia. Por lo que existen distintos tipos de espalderas de moto seg\u00fan su nivel de resistencia.<\/p>\n<ul>\n<li>Por un lado, est\u00e1n los protectores de <strong>Nivel 1<\/strong>, los m\u00e1s sofisticados, que son capaces de soportar <b>impactos de hasta 18 kilo newtons<\/b>\u00a0de fuerza.<\/li>\n<li>Por otro lado est\u00e1n los de <strong>Nivel 2<\/strong>, en su caso preparados para aguantar golpes de hasta <b>9 kilo newtons<\/b>. Adem\u00e1s, en la etiqueta aparece una numeraci\u00f3n que va del 5 al 1, correspondiendo este \u00faltimo a las de m\u00e1xima protecci\u00f3n. Seg\u00fan estas numeraciones podemos deducir lo siguiente:<\/li>\n<\/ul>\n<ol>\n<li style=\"list-style-type: none;\">\n<ol>\n<li>\u00a0Se trata de una protecci\u00f3n apta para moteros<\/li>\n<li>Protecci\u00f3n Full Back Protector<\/li>\n<li>Certifica sus especificaciones a bajas temperaturas (-10 \u00baC)<\/li>\n<li>Mantiene sus caracter\u00edsticas a altas temperaturas (+40 \u00baC)<\/li>\n<li>Su nivel de homologaci\u00f3n, puede ser del tipo 1 o 2.<\/li>\n<\/ol>\n<\/li>\n<\/ol>\n<p>De este modo hay <strong>espalderas <\/strong><strong>m\u00e1s blandas o m\u00e1s <\/strong><strong>duras<\/strong>, y m\u00e1s grandes o m\u00e1s peque\u00f1as. Tambi\u00e9n est\u00e1n las que cuentan con <b>tirantes y cintur\u00f3n\/faja<\/b> que se acoplan al cuerpo como si fuesen una mochila, o las llamadas <strong>espalderas <\/strong><strong>insertables<\/strong>, que se integran en un bolsillo espec\u00edfico que existe en la parte trasera del interior de la mayor\u00eda de chaquetas y cazadoras. Incluso las hay integradas en los chalecos de <a href=\"https:\/\/www.boxrepsol.com\/es\/tecnologia\/airbag-moto-elemento-clave-la-seguridad\/\">airbag para moto<\/a>, otro accesorio clave para la seguridad,<\/p>\n<h3><span class=\"ez-toc-section\" id=\"%C2%BFComo_elegir_la_talla_de_tu_espaldera_para_moto\"><\/span><strong>\u00bfC\u00f3mo elegir la talla de tu espaldera para moto?<\/strong><span class=\"ez-toc-section-end\"><\/span><\/h3>\n<p>Por estos motivos <strong>existen<\/strong> <b>distintas<\/b><strong> tallas o tama\u00f1os<\/strong> para las espalderas de moto, bien para adaptarse a la estatura del usuario, o bien para adecuarse al tama\u00f1o del mencionado bolsillo. As\u00ed es importante tener en cuenta estos aspectos a la hora de decidirse por un protector de espalda en la moto u otro. Una cosa que garantiza en gran medida la correcta elecci\u00f3n es que <strong>la marca de la espaldera coincida con la de la chaqueta, cazadora o mono de cuero,<\/strong> aunque tambi\u00e9n es cierto que con el debido cuidado se pueden combinar productos de distintos fabricantes. Otro detalle a valorar a la hora de elegir es el de la ventilaci\u00f3n y <strong>siempre es preferible escoger una espaldera de moto con agujeros<\/strong> para que no nos haga sudar en exceso en d\u00edas calurosos.<\/p>\n<p><img loading=\"lazy\" decoding=\"async\" class=\"aligncenter\" src=\"https:\/\/bxrepsol.s3.eu-west-1.amazonaws.com\/static\/2022\/08\/09141126\/espaldera-spidi-2-scaled.jpg\" alt=\"Espaldera de moto colocada correctamente \" width=\"4724\" height=\"3150\" \/><\/p>\n<h3><span class=\"ez-toc-section\" id=\"%C2%BFComo_colocar_el_protector_de_espalda_en_la_moto\"><\/span>\u00bfC\u00f3mo colocar el protector de espalda en la moto?<span class=\"ez-toc-section-end\"><\/span><\/h3>\n<p>Colocarse correctamente una espaldera en la moto es <strong>esencial para garantizar su efectividad en caso de accidente<\/strong>. Primero, aseg\u00farate de que la espaldera est\u00e9 ajustada a tu talla y que las correas o cintas de velcro est\u00e9n bien sujetas. Col\u00f3cate el protector de espalda sobre la camiseta o debajo de la chaqueta de moto, <strong>asegur\u00e1ndote de que est\u00e9 centrada en tu espalda<\/strong> y que cubra la zona dorsal y los hombros. Ajusta las correas o cintas de velcro para que la espaldera quede bien ce\u00f1ida al cuerpo, pero sin restricciones que afecten la movilidad. Verifica que no haya pliegues ni arrugas que puedan reducir su efectividad. Finalmente,<strong> realiza algunos movimientos para asegurarte de que te sientes c\u00f3modo<\/strong> y que la espaldera no se desplace durante la <a href=\"https:\/\/www.boxrepsol.com\/es\/vive-tu-moto\/pilotar-tu-moto-con-viento-lluvia-nieve\/\">conducci\u00f3n en moto<\/a>. Recuerda que una espaldera correctamente colocada puede marcar la diferencia en caso de un accidente en la carretera.<\/p>\n<h2><span class=\"ez-toc-section\" id=\"Precios_de_las_espalderas_para_moto\"><\/span><strong>Precios de las espalderas para moto<\/strong><span class=\"ez-toc-section-end\"><\/span><\/h2>\n<p>Teniendo en cuenta la labor que pueden llegar a desempe\u00f1ar, puedes encontrar <strong>espalderas<\/strong> <strong>de moto desde poco m\u00e1s de 20\u20ac<\/strong>, decantarte por una gama media de unos 100\u20ac, o adquirir las de gama m\u00e1s alta, que cuestan en torno a 150\u20ac, unas cantidades contenidas si te paras a pensar en el grado de las lesiones que pueden llegar a evitar. As\u00ed que, si tienes que hacer alg\u00fan <a href=\"https:\/\/www.boxrepsol.com\/es\/vive-tu-moto\/que-regalar-a-un-motero\/\">regalo motero<\/a>, no dudes en plantearte esta opci\u00f3n.<\/p>\n","protected":false},"excerpt":{"rendered":"<p>Los que montamos en moto le damos mucha importancia al equipamiento que utilizamos y al grado de protecci\u00f3n que nos ofrece, por lo que cada vez es m\u00e1s habitual que utilicemos espaldera para salvaguardar nuestra columna vertebral.<\/p>\n","protected":false},"author":41267,"featured_media":44566,"comment_status":"open","ping_status":"open","sticky":false,"template":"","format":"standard","meta":{"footnotes":""},"categories":[122],"tags":[131],"class_list":["post-95175","post","type-post","status-publish","format-standard","hentry","category-vive-tu-moto","tag-equipacion-y-accesorios-moto"],"yoast_head":"<!-- This site is optimized with the Yoast SEO plugin v27.3 - https:\/\/yoast.com\/product\/yoast-seo-wordpress\/ -->\n<title>Espaldera en moto, \u00bfpor qu\u00e9 es importante llevarla? - Box Repsol<\/title>\n<meta name=\"description\" content=\"Descubre por qu\u00e9 es importante llevar una espaldera en moto y c\u00f3mo puede protegerte durante tus aventuras en dos ruedas.\" \/>\n<link rel=\"canonical\" href=\"https:\/\/www.boxrepsol.com\/es\/vive-tu-moto\/espaldera-en-moto-por-que-es-importante-llevarla\/\" \/>\n<meta property=\"og:locale\" content=\"es_ES\" \/>\n<meta property=\"og:type\" content=\"article\" \/>\n<meta property=\"og:title\" content=\"Espaldera en moto, \u00bfpor qu\u00e9 es importante llevarla? - Box Repsol\" \/>\n<meta property=\"og:description\" content=\"Descubre por qu\u00e9 es importante llevar una espaldera en moto y c\u00f3mo puede protegerte durante tus aventuras en dos ruedas.\" \/>\n<meta property=\"og:url\" content=\"https:\/\/www.boxrepsol.com\/es\/vive-tu-moto\/espaldera-en-moto-por-que-es-importante-llevarla\/\" \/>\n<meta property=\"og:site_name\" content=\"Box Repsol\" \/>\n<meta property=\"article:publisher\" content=\"https:\/\/www.facebook.com\/BoxRepsol\" \/>\n<meta property=\"article:published_time\" content=\"2021-11-11T02:00:00+00:00\" \/>\n<meta property=\"article:modified_time\" content=\"2024-04-09T07:07:51+00:00\" \/>\n<meta property=\"og:image\" content=\"https:\/\/bxrepsol.s3.eu-west-1.amazonaws.com\/static\/2022\/08\/09141130\/http___repsolmedia.com_repsolmedia_wp-content_uploads_2021_10_Copy-of-RD16_EmiliaRomagna_Marc_2021-00464-1.jpg\" \/>\n\t<meta property=\"og:image:width\" content=\"1280\" \/>\n\t<meta property=\"og:image:height\" content=\"600\" \/>\n\t<meta property=\"og:image:type\" content=\"image\/jpeg\" \/>\n<meta name=\"author\" content=\"V\u00edctor Gancedo\" \/>\n<meta name=\"twitter:card\" content=\"summary_large_image\" \/>\n<meta name=\"twitter:creator\" content=\"@box_repsol\" \/>\n<meta name=\"twitter:site\" content=\"@box_repsol\" \/>\n<meta name=\"twitter:label1\" content=\"Written by\" \/>\n\t<meta name=\"twitter:data1\" content=\"V\u00edctor Gancedo\" \/>\n\t<meta name=\"twitter:label2\" content=\"Est. reading time\" \/>\n\t<meta name=\"twitter:data2\" content=\"5 minutos\" \/>\n<script type=\"application\/ld+json\" class=\"yoast-schema-graph\">{\"@context\":\"https:\\\/\\\/schema.org\",\"@graph\":[{\"@type\":\"Article\",\"@id\":\"https:\\\/\\\/www.boxrepsol.com\\\/es\\\/vive-tu-moto\\\/espaldera-en-moto-por-que-es-importante-llevarla\\\/#article\",\"isPartOf\":{\"@id\":\"https:\\\/\\\/www.boxrepsol.com\\\/es\\\/vive-tu-moto\\\/espaldera-en-moto-por-que-es-importante-llevarla\\\/\"},\"author\":{\"name\":\"V\u00edctor Gancedo\",\"@id\":\"https:\\\/\\\/www.boxrepsol.com\\\/es\\\/#\\\/schema\\\/person\\\/40c28bf318bbbe8fe3848b194b7385ca\"},\"headline\":\"Espaldera en moto, \u00bfpor qu\u00e9 es importante llevarla?\",\"datePublished\":\"2021-11-11T02:00:00+00:00\",\"dateModified\":\"2024-04-09T07:07:51+00:00\",\"mainEntityOfPage\":{\"@id\":\"https:\\\/\\\/www.boxrepsol.com\\\/es\\\/vive-tu-moto\\\/espaldera-en-moto-por-que-es-importante-llevarla\\\/\"},\"wordCount\":1049,\"commentCount\":0,\"publisher\":{\"@id\":\"https:\\\/\\\/www.boxrepsol.com\\\/es\\\/#organization\"},\"image\":{\"@id\":\"https:\\\/\\\/www.boxrepsol.com\\\/es\\\/vive-tu-moto\\\/espaldera-en-moto-por-que-es-importante-llevarla\\\/#primaryimage\"},\"thumbnailUrl\":\"https:\\\/\\\/bxrepsol.s3.eu-west-1.amazonaws.com\\\/static\\\/2022\\\/08\\\/09141130\\\/http___repsolmedia.com_repsolmedia_wp-content_uploads_2021_10_Copy-of-RD16_EmiliaRomagna_Marc_2021-00464-1.jpg\",\"keywords\":[\"equipaci\u00f3n y accesorios moto\"],\"articleSection\":[\"Vive tu moto\"],\"inLanguage\":\"es\",\"potentialAction\":[{\"@type\":\"CommentAction\",\"name\":\"Comment\",\"target\":[\"https:\\\/\\\/www.boxrepsol.com\\\/es\\\/vive-tu-moto\\\/espaldera-en-moto-por-que-es-importante-llevarla\\\/#respond\"]}]},{\"@type\":\"WebPage\",\"@id\":\"https:\\\/\\\/www.boxrepsol.com\\\/es\\\/vive-tu-moto\\\/espaldera-en-moto-por-que-es-importante-llevarla\\\/\",\"url\":\"https:\\\/\\\/www.boxrepsol.com\\\/es\\\/vive-tu-moto\\\/espaldera-en-moto-por-que-es-importante-llevarla\\\/\",\"name\":\"Espaldera en moto, \u00bfpor qu\u00e9 es importante llevarla? - Box Repsol\",\"isPartOf\":{\"@id\":\"https:\\\/\\\/www.boxrepsol.com\\\/es\\\/#website\"},\"primaryImageOfPage\":{\"@id\":\"https:\\\/\\\/www.boxrepsol.com\\\/es\\\/vive-tu-moto\\\/espaldera-en-moto-por-que-es-importante-llevarla\\\/#primaryimage\"},\"image\":{\"@id\":\"https:\\\/\\\/www.boxrepsol.com\\\/es\\\/vive-tu-moto\\\/espaldera-en-moto-por-que-es-importante-llevarla\\\/#primaryimage\"},\"thumbnailUrl\":\"https:\\\/\\\/bxrepsol.s3.eu-west-1.amazonaws.com\\\/static\\\/2022\\\/08\\\/09141130\\\/http___repsolmedia.com_repsolmedia_wp-content_uploads_2021_10_Copy-of-RD16_EmiliaRomagna_Marc_2021-00464-1.jpg\",\"datePublished\":\"2021-11-11T02:00:00+00:00\",\"dateModified\":\"2024-04-09T07:07:51+00:00\",\"description\":\"Descubre por qu\u00e9 es importante llevar una espaldera en moto y c\u00f3mo puede protegerte durante tus aventuras en dos ruedas.\",\"breadcrumb\":{\"@id\":\"https:\\\/\\\/www.boxrepsol.com\\\/es\\\/vive-tu-moto\\\/espaldera-en-moto-por-que-es-importante-llevarla\\\/#breadcrumb\"},\"inLanguage\":\"es\",\"potentialAction\":[{\"@type\":\"ReadAction\",\"target\":[\"https:\\\/\\\/www.boxrepsol.com\\\/es\\\/vive-tu-moto\\\/espaldera-en-moto-por-que-es-importante-llevarla\\\/\"]}]},{\"@type\":\"ImageObject\",\"inLanguage\":\"es\",\"@id\":\"https:\\\/\\\/www.boxrepsol.com\\\/es\\\/vive-tu-moto\\\/espaldera-en-moto-por-que-es-importante-llevarla\\\/#primaryimage\",\"url\":\"https:\\\/\\\/bxrepsol.s3.eu-west-1.amazonaws.com\\\/static\\\/2022\\\/08\\\/09141130\\\/http___repsolmedia.com_repsolmedia_wp-content_uploads_2021_10_Copy-of-RD16_EmiliaRomagna_Marc_2021-00464-1.jpg\",\"contentUrl\":\"https:\\\/\\\/bxrepsol.s3.eu-west-1.amazonaws.com\\\/static\\\/2022\\\/08\\\/09141130\\\/http___repsolmedia.com_repsolmedia_wp-content_uploads_2021_10_Copy-of-RD16_EmiliaRomagna_Marc_2021-00464-1.jpg\",\"width\":1280,\"height\":600},{\"@type\":\"BreadcrumbList\",\"@id\":\"https:\\\/\\\/www.boxrepsol.com\\\/es\\\/vive-tu-moto\\\/espaldera-en-moto-por-que-es-importante-llevarla\\\/#breadcrumb\",\"itemListElement\":[{\"@type\":\"ListItem\",\"position\":1,\"name\":\"Home\",\"item\":\"https:\\\/\\\/www.boxrepsol.com\\\/es\\\/\"},{\"@type\":\"ListItem\",\"position\":2,\"name\":\"Espaldera en moto, \u00bfpor qu\u00e9 es importante llevarla?\"}]},{\"@type\":\"WebSite\",\"@id\":\"https:\\\/\\\/www.boxrepsol.com\\\/es\\\/#website\",\"url\":\"https:\\\/\\\/www.boxrepsol.com\\\/es\\\/\",\"name\":\"Box Repsol\",\"description\":\"Box Repsol Site\",\"publisher\":{\"@id\":\"https:\\\/\\\/www.boxrepsol.com\\\/es\\\/#organization\"},\"potentialAction\":[{\"@type\":\"SearchAction\",\"target\":{\"@type\":\"EntryPoint\",\"urlTemplate\":\"https:\\\/\\\/www.boxrepsol.com\\\/es\\\/?s={search_term_string}\"},\"query-input\":{\"@type\":\"PropertyValueSpecification\",\"valueRequired\":true,\"valueName\":\"search_term_string\"}}],\"inLanguage\":\"es\"},{\"@type\":\"Organization\",\"@id\":\"https:\\\/\\\/www.boxrepsol.com\\\/es\\\/#organization\",\"name\":\"Box Repsol\",\"url\":\"https:\\\/\\\/www.boxrepsol.com\\\/es\\\/\",\"logo\":{\"@type\":\"ImageObject\",\"inLanguage\":\"es\",\"@id\":\"https:\\\/\\\/www.boxrepsol.com\\\/es\\\/#\\\/schema\\\/logo\\\/image\\\/\",\"url\":\"https:\\\/\\\/bxrepsol.s3.eu-west-1.amazonaws.com\\\/static\\\/2025\\\/07\\\/30083337\\\/favicon-96x96-1.png\",\"contentUrl\":\"https:\\\/\\\/bxrepsol.s3.eu-west-1.amazonaws.com\\\/static\\\/2025\\\/07\\\/30083337\\\/favicon-96x96-1.png\",\"width\":96,\"height\":96,\"caption\":\"Box Repsol\"},\"image\":{\"@id\":\"https:\\\/\\\/www.boxrepsol.com\\\/es\\\/#\\\/schema\\\/logo\\\/image\\\/\"},\"sameAs\":[\"https:\\\/\\\/www.facebook.com\\\/BoxRepsol\",\"https:\\\/\\\/x.com\\\/box_repsol\",\"http:\\\/\\\/instagram.com\\\/box_repsol\",\"https:\\\/\\\/www.youtube.com\\\/user\\\/RepsolCompeticion\",\"https:\\\/\\\/www.flickr.com\\\/photos\\\/box_repsol\\\/\"]},{\"@type\":\"Person\",\"@id\":\"https:\\\/\\\/www.boxrepsol.com\\\/es\\\/#\\\/schema\\\/person\\\/40c28bf318bbbe8fe3848b194b7385ca\",\"name\":\"V\u00edctor Gancedo\",\"image\":{\"@type\":\"ImageObject\",\"inLanguage\":\"es\",\"@id\":\"https:\\\/\\\/secure.gravatar.com\\\/avatar\\\/cd1439a66fca5d3425cd2a7b13f32cd43e25022a0436c1235ef2a28e14fa660a?s=96&d=mm&r=g\",\"url\":\"https:\\\/\\\/secure.gravatar.com\\\/avatar\\\/cd1439a66fca5d3425cd2a7b13f32cd43e25022a0436c1235ef2a28e14fa660a?s=96&d=mm&r=g\",\"contentUrl\":\"https:\\\/\\\/secure.gravatar.com\\\/avatar\\\/cd1439a66fca5d3425cd2a7b13f32cd43e25022a0436c1235ef2a28e14fa660a?s=96&d=mm&r=g\",\"caption\":\"V\u00edctor Gancedo\"},\"description\":\"Periodista especializado en el mundo de las motos, V\u00edctor ha probado pr\u00e1cticamente todas las que han salido al mercado desde 1990. En su larga trayectoria, ha desempe\u00f1ado cargos como los de Jefe de Pruebas de la revista Motociclismo o Responsable de Pruebas del \u00c1rea de Motos del Grupo Motorpress-Ib\u00e9rica, hoy llamado Sport Life Ib\u00e9rica, al cual sigue vinculado.\",\"sameAs\":[\"https:\\\/\\\/www.instagram.com\\\/vfgancedo\"],\"url\":\"https:\\\/\\\/www.boxrepsol.com\\\/es\\\/author\\\/victor_gancedo\\\/\"}]}<\/script>\n<!-- \/ Yoast SEO plugin. -->","yoast_head_json":{"title":"Espaldera en moto, \u00bfpor qu\u00e9 es importante llevarla? - Box Repsol","description":"Descubre por qu\u00e9 es importante llevar una espaldera en moto y c\u00f3mo puede protegerte durante tus aventuras en dos ruedas.","canonical":"https:\/\/www.boxrepsol.com\/es\/vive-tu-moto\/espaldera-en-moto-por-que-es-importante-llevarla\/","og_locale":"es_ES","og_type":"article","og_title":"Espaldera en moto, \u00bfpor qu\u00e9 es importante llevarla? - Box Repsol","og_description":"Descubre por qu\u00e9 es importante llevar una espaldera en moto y c\u00f3mo puede protegerte durante tus aventuras en dos ruedas.","og_url":"https:\/\/www.boxrepsol.com\/es\/vive-tu-moto\/espaldera-en-moto-por-que-es-importante-llevarla\/","og_site_name":"Box Repsol","article_publisher":"https:\/\/www.facebook.com\/BoxRepsol","article_published_time":"2021-11-11T02:00:00+00:00","article_modified_time":"2024-04-09T07:07:51+00:00","og_image":[{"width":1280,"height":600,"url":"https:\/\/bxrepsol.s3.eu-west-1.amazonaws.com\/static\/2022\/08\/09141130\/http___repsolmedia.com_repsolmedia_wp-content_uploads_2021_10_Copy-of-RD16_EmiliaRomagna_Marc_2021-00464-1.jpg","type":"image\/jpeg"}],"author":"V\u00edctor Gancedo","twitter_card":"summary_large_image","twitter_creator":"@box_repsol","twitter_site":"@box_repsol","twitter_misc":{"Written by":"V\u00edctor Gancedo","Est. reading time":"5 minutos"},"schema":{"@context":"https:\/\/schema.org","@graph":[{"@type":"Article","@id":"https:\/\/www.boxrepsol.com\/es\/vive-tu-moto\/espaldera-en-moto-por-que-es-importante-llevarla\/#article","isPartOf":{"@id":"https:\/\/www.boxrepsol.com\/es\/vive-tu-moto\/espaldera-en-moto-por-que-es-importante-llevarla\/"},"author":{"name":"V\u00edctor Gancedo","@id":"https:\/\/www.boxrepsol.com\/es\/#\/schema\/person\/40c28bf318bbbe8fe3848b194b7385ca"},"headline":"Espaldera en moto, \u00bfpor qu\u00e9 es importante llevarla?","datePublished":"2021-11-11T02:00:00+00:00","dateModified":"2024-04-09T07:07:51+00:00","mainEntityOfPage":{"@id":"https:\/\/www.boxrepsol.com\/es\/vive-tu-moto\/espaldera-en-moto-por-que-es-importante-llevarla\/"},"wordCount":1049,"commentCount":0,"publisher":{"@id":"https:\/\/www.boxrepsol.com\/es\/#organization"},"image":{"@id":"https:\/\/www.boxrepsol.com\/es\/vive-tu-moto\/espaldera-en-moto-por-que-es-importante-llevarla\/#primaryimage"},"thumbnailUrl":"https:\/\/bxrepsol.s3.eu-west-1.amazonaws.com\/static\/2022\/08\/09141130\/http___repsolmedia.com_repsolmedia_wp-content_uploads_2021_10_Copy-of-RD16_EmiliaRomagna_Marc_2021-00464-1.jpg","keywords":["equipaci\u00f3n y accesorios moto"],"articleSection":["Vive tu moto"],"inLanguage":"es","potentialAction":[{"@type":"CommentAction","name":"Comment","target":["https:\/\/www.boxrepsol.com\/es\/vive-tu-moto\/espaldera-en-moto-por-que-es-importante-llevarla\/#respond"]}]},{"@type":"WebPage","@id":"https:\/\/www.boxrepsol.com\/es\/vive-tu-moto\/espaldera-en-moto-por-que-es-importante-llevarla\/","url":"https:\/\/www.boxrepsol.com\/es\/vive-tu-moto\/espaldera-en-moto-por-que-es-importante-llevarla\/","name":"Espaldera en moto, \u00bfpor qu\u00e9 es importante llevarla? - Box Repsol","isPartOf":{"@id":"https:\/\/www.boxrepsol.com\/es\/#website"},"primaryImageOfPage":{"@id":"https:\/\/www.boxrepsol.com\/es\/vive-tu-moto\/espaldera-en-moto-por-que-es-importante-llevarla\/#primaryimage"},"image":{"@id":"https:\/\/www.boxrepsol.com\/es\/vive-tu-moto\/espaldera-en-moto-por-que-es-importante-llevarla\/#primaryimage"},"thumbnailUrl":"https:\/\/bxrepsol.s3.eu-west-1.amazonaws.com\/static\/2022\/08\/09141130\/http___repsolmedia.com_repsolmedia_wp-content_uploads_2021_10_Copy-of-RD16_EmiliaRomagna_Marc_2021-00464-1.jpg","datePublished":"2021-11-11T02:00:00+00:00","dateModified":"2024-04-09T07:07:51+00:00","description":"Descubre por qu\u00e9 es importante llevar una espaldera en moto y c\u00f3mo puede protegerte durante tus aventuras en dos ruedas.","breadcrumb":{"@id":"https:\/\/www.boxrepsol.com\/es\/vive-tu-moto\/espaldera-en-moto-por-que-es-importante-llevarla\/#breadcrumb"},"inLanguage":"es","potentialAction":[{"@type":"ReadAction","target":["https:\/\/www.boxrepsol.com\/es\/vive-tu-moto\/espaldera-en-moto-por-que-es-importante-llevarla\/"]}]},{"@type":"ImageObject","inLanguage":"es","@id":"https:\/\/www.boxrepsol.com\/es\/vive-tu-moto\/espaldera-en-moto-por-que-es-importante-llevarla\/#primaryimage","url":"https:\/\/bxrepsol.s3.eu-west-1.amazonaws.com\/static\/2022\/08\/09141130\/http___repsolmedia.com_repsolmedia_wp-content_uploads_2021_10_Copy-of-RD16_EmiliaRomagna_Marc_2021-00464-1.jpg","contentUrl":"https:\/\/bxrepsol.s3.eu-west-1.amazonaws.com\/static\/2022\/08\/09141130\/http___repsolmedia.com_repsolmedia_wp-content_uploads_2021_10_Copy-of-RD16_EmiliaRomagna_Marc_2021-00464-1.jpg","width":1280,"height":600},{"@type":"BreadcrumbList","@id":"https:\/\/www.boxrepsol.com\/es\/vive-tu-moto\/espaldera-en-moto-por-que-es-importante-llevarla\/#breadcrumb","itemListElement":[{"@type":"ListItem","position":1,"name":"Home","item":"https:\/\/www.boxrepsol.com\/es\/"},{"@type":"ListItem","position":2,"name":"Espaldera en moto, \u00bfpor qu\u00e9 es importante llevarla?"}]},{"@type":"WebSite","@id":"https:\/\/www.boxrepsol.com\/es\/#website","url":"https:\/\/www.boxrepsol.com\/es\/","name":"Box Repsol","description":"Box Repsol Site","publisher":{"@id":"https:\/\/www.boxrepsol.com\/es\/#organization"},"potentialAction":[{"@type":"SearchAction","target":{"@type":"EntryPoint","urlTemplate":"https:\/\/www.boxrepsol.com\/es\/?s={search_term_string}"},"query-input":{"@type":"PropertyValueSpecification","valueRequired":true,"valueName":"search_term_string"}}],"inLanguage":"es"},{"@type":"Organization","@id":"https:\/\/www.boxrepsol.com\/es\/#organization","name":"Box Repsol","url":"https:\/\/www.boxrepsol.com\/es\/","logo":{"@type":"ImageObject","inLanguage":"es","@id":"https:\/\/www.boxrepsol.com\/es\/#\/schema\/logo\/image\/","url":"https:\/\/bxrepsol.s3.eu-west-1.amazonaws.com\/static\/2025\/07\/30083337\/favicon-96x96-1.png","contentUrl":"https:\/\/bxrepsol.s3.eu-west-1.amazonaws.com\/static\/2025\/07\/30083337\/favicon-96x96-1.png","width":96,"height":96,"caption":"Box Repsol"},"image":{"@id":"https:\/\/www.boxrepsol.com\/es\/#\/schema\/logo\/image\/"},"sameAs":["https:\/\/www.facebook.com\/BoxRepsol","https:\/\/x.com\/box_repsol","http:\/\/instagram.com\/box_repsol","https:\/\/www.youtube.com\/user\/RepsolCompeticion","https:\/\/www.flickr.com\/photos\/box_repsol\/"]},{"@type":"Person","@id":"https:\/\/www.boxrepsol.com\/es\/#\/schema\/person\/40c28bf318bbbe8fe3848b194b7385ca","name":"V\u00edctor Gancedo","image":{"@type":"ImageObject","inLanguage":"es","@id":"https:\/\/secure.gravatar.com\/avatar\/cd1439a66fca5d3425cd2a7b13f32cd43e25022a0436c1235ef2a28e14fa660a?s=96&d=mm&r=g","url":"https:\/\/secure.gravatar.com\/avatar\/cd1439a66fca5d3425cd2a7b13f32cd43e25022a0436c1235ef2a28e14fa660a?s=96&d=mm&r=g","contentUrl":"https:\/\/secure.gravatar.com\/avatar\/cd1439a66fca5d3425cd2a7b13f32cd43e25022a0436c1235ef2a28e14fa660a?s=96&d=mm&r=g","caption":"V\u00edctor Gancedo"},"description":"Periodista especializado en el mundo de las motos, V\u00edctor ha probado pr\u00e1cticamente todas las que han salido al mercado desde 1990. En su larga trayectoria, ha desempe\u00f1ado cargos como los de Jefe de Pruebas de la revista Motociclismo o Responsable de Pruebas del \u00c1rea de Motos del Grupo Motorpress-Ib\u00e9rica, hoy llamado Sport Life Ib\u00e9rica, al cual sigue vinculado.","sameAs":["https:\/\/www.instagram.com\/vfgancedo"],"url":"https:\/\/www.boxrepsol.com\/es\/author\/victor_gancedo\/"}]}},"_links":{"self":[{"href":"https:\/\/www.boxrepsol.com\/es\/wp-json\/wp\/v2\/posts\/95175","targetHints":{"allow":["GET"]}}],"collection":[{"href":"https:\/\/www.boxrepsol.com\/es\/wp-json\/wp\/v2\/posts"}],"about":[{"href":"https:\/\/www.boxrepsol.com\/es\/wp-json\/wp\/v2\/types\/post"}],"author":[{"embeddable":true,"href":"https:\/\/www.boxrepsol.com\/es\/wp-json\/wp\/v2\/users\/41267"}],"replies":[{"embeddable":true,"href":"https:\/\/www.boxrepsol.com\/es\/wp-json\/wp\/v2\/comments?post=95175"}],"version-history":[{"count":5,"href":"https:\/\/www.boxrepsol.com\/es\/wp-json\/wp\/v2\/posts\/95175\/revisions"}],"predecessor-version":[{"id":114021,"href":"https:\/\/www.boxrepsol.com\/es\/wp-json\/wp\/v2\/posts\/95175\/revisions\/114021"}],"wp:featuredmedia":[{"embeddable":true,"href":"https:\/\/www.boxrepsol.com\/es\/wp-json\/wp\/v2\/media\/44566"}],"wp:attachment":[{"href":"https:\/\/www.boxrepsol.com\/es\/wp-json\/wp\/v2\/media?parent=95175"}],"wp:term":[{"taxonomy":"category","embeddable":true,"href":"https:\/\/www.boxrepsol.com\/es\/wp-json\/wp\/v2\/categories?post=95175"},{"taxonomy":"post_tag","embeddable":true,"href":"https:\/\/www.boxrepsol.com\/es\/wp-json\/wp\/v2\/tags?post=95175"}],"curies":[{"name":"wp","href":"https:\/\/api.w.org\/{rel}","templated":true}]}}