{"id":95172,"date":"2021-11-08T00:00:00","date_gmt":"2021-11-08T02:00:00","guid":{"rendered":"http:\/\/pre.boxrepsol.com\/sin-categorizar\/tras-un-dificil-comienzo-de-temporada-pol-esta-entendiendo-la-honda\/"},"modified":"2024-04-10T06:39:28","modified_gmt":"2024-04-10T08:39:28","slug":"tras-un-dificil-comienzo-de-temporada-pol-esta-entendiendo-la-honda","status":"publish","type":"post","link":"https:\/\/www.boxrepsol.com\/es\/motogp\/tras-un-dificil-comienzo-de-temporada-pol-esta-entendiendo-la-honda\/","title":{"rendered":"\u00abTras un dif\u00edcil comienzo de temporada, Pol est\u00e1 entendiendo la Honda\u00bb"},"content":{"rendered":"<p><strong>\u00bf<\/strong><strong>C\u00f3mo valoras el fin de semana en Portimao?<\/strong><\/p>\n<p>\u00abCreo que, en general, ha sido un fin de semana bastante bueno. Pol Espargar\u00f3 fue consistente cada d\u00eda y en la carrera consigui\u00f3 hacerlo bien. Est\u00e1 confirmando claramente que, tras un dif\u00edcil comienzo de temporada, est\u00e1 entendiendo la Honda y es capaz de rodar con el grupo delantero. Est\u00e1 haciendo los tiempos que esper\u00e1bamos cuando le fichamos\u00bb.<\/p>\n<p><strong>Pol podr\u00eda haber luchado por el podio&#8230;<\/strong><\/p>\n<p>\u00abAl principio de la carrera Pol tuvo un problema con Iker Lecuona y se fue largo. Esto le hizo retroceder y luego fue dif\u00edcil recuperar todo el terreno que hab\u00eda perdido. Su ritmo era lo suficientemente bueno como para estar entre los tres o cuatro primeros, con Alex y Miller. Pero esto es una carrera y este tipo de incidentes pueden ocurrir; hay que centrarse y continuar. Estamos contentos con el progreso de Pol en estas \u00faltimas carreras\u00bb.<\/p>\n<p><strong>Sin Marc M\u00e1rquez, Stefan Bradl ha trabajado con el equipo Repsol Honda este fin de semana.<\/strong><\/p>\n<p>\u00abDesgraciadamente Marc tiene un problema que es malo para nosotros, pero sobre todo para el propio Marc. Pudimos contar con la ayuda de Stefan este fin de semana, como es normal cuando nos encontramos en este tipo de situaciones. Nuestro piloto de pruebas hizo muy bien su trabajo, como normalmente lo hace Stefan. Estamos satisfechos con lo que consigui\u00f3, especialmente al subirse a la moto sin tiempo para prepararse. Su papel es importante, y apreciamos todo su esfuerzo\u00bb.<\/p>\n<p><strong>Nos acercamos a la \u00faltima carrera de la temporada despu\u00e9s de un a\u00f1o dif\u00edcil para HRC. \u00bfCu\u00e1l es el objetivo?<\/strong><\/p>\n<p>\u00abTodav\u00eda nos queda la \u00faltima carrera en Valencia. Pol tiene la oportunidad de mejorar su posici\u00f3n en el top 10 del campeonato, lo que ser\u00eda muy bueno para \u00e9l, especialmente despu\u00e9s de algunos puntos dif\u00edciles este a\u00f1o. No ha sido una temporada f\u00e1cil para HRC, casi ha terminado, pero lo bueno de las carreras es que siempre hay otra carrera por delante, siempre puedes mejorar. Este a\u00f1o no ha sido bueno para nosotros, as\u00ed que iremos a Valencia y luego nos centraremos plenamente en el reto del pr\u00f3ximo Mundial\u00bb.<\/p>\n","protected":false},"excerpt":{"rendered":"<p>Alberto Puig valora positivamente el fin de semana en Portimao del equipo Repsol Honda<\/p>\n","protected":false},"author":43146,"featured_media":44552,"comment_status":"open","ping_status":"open","sticky":false,"template":"","format":"standard","meta":{"footnotes":""},"categories":[4],"tags":[194,50,208],"class_list":["post-95172","post","type-post","status-publish","format-standard","hentry","category-motogp","tag-194","tag-equipo-repsol-honda","tag-motogp-portugal"],"yoast_head":"<!-- This site is optimized with the Yoast SEO plugin v27.3 - https:\/\/yoast.com\/product\/yoast-seo-wordpress\/ -->\n<title>&quot;Tras un dif\u00edcil comienzo de temporada, Pol est\u00e1 entendiendo la Honda&quot; - Box Repsol<\/title>\n<meta name=\"description\" content=\"Pol Espargar\u00f3 supera un inicio de temporada complicado y logra entender la Honda. Descubre su adaptaci\u00f3n en el mundo de MotoGP en Box Repsol.\" \/>\n<link rel=\"canonical\" href=\"https:\/\/www.boxrepsol.com\/es\/motogp\/tras-un-dificil-comienzo-de-temporada-pol-esta-entendiendo-la-honda\/\" \/>\n<meta property=\"og:locale\" content=\"es_ES\" \/>\n<meta property=\"og:type\" content=\"article\" \/>\n<meta property=\"og:title\" content=\"&quot;Tras un dif\u00edcil comienzo de temporada, Pol est\u00e1 entendiendo la Honda&quot; - Box Repsol\" \/>\n<meta property=\"og:description\" content=\"Pol Espargar\u00f3 supera un inicio de temporada complicado y logra entender la Honda. Descubre su adaptaci\u00f3n en el mundo de MotoGP en Box Repsol.\" \/>\n<meta property=\"og:url\" content=\"https:\/\/www.boxrepsol.com\/es\/motogp\/tras-un-dificil-comienzo-de-temporada-pol-esta-entendiendo-la-honda\/\" \/>\n<meta property=\"og:site_name\" content=\"Box Repsol\" \/>\n<meta property=\"article:publisher\" content=\"https:\/\/www.facebook.com\/BoxRepsol\" \/>\n<meta property=\"article:author\" content=\"https:\/\/www.facebook.com\/BoxRepsol\/\" \/>\n<meta property=\"article:published_time\" content=\"2021-11-08T02:00:00+00:00\" \/>\n<meta property=\"article:modified_time\" content=\"2024-04-10T08:39:28+00:00\" \/>\n<meta property=\"og:image\" content=\"https:\/\/bxrepsol.s3.eu-west-1.amazonaws.com\/static\/2022\/08\/09141112\/Puig.png\" \/>\n\t<meta property=\"og:image:width\" content=\"1280\" \/>\n\t<meta property=\"og:image:height\" content=\"600\" \/>\n\t<meta property=\"og:image:type\" content=\"image\/png\" \/>\n<meta name=\"author\" content=\"Redacci\u00f3n Box Repsol\" \/>\n<meta name=\"twitter:card\" content=\"summary_large_image\" \/>\n<meta name=\"twitter:creator\" content=\"@https:\/\/twitter.com\/box_repsol\" \/>\n<meta name=\"twitter:site\" content=\"@box_repsol\" \/>\n<meta name=\"twitter:label1\" content=\"Written by\" \/>\n\t<meta name=\"twitter:data1\" content=\"Redacci\u00f3n Box Repsol\" \/>\n\t<meta name=\"twitter:label2\" content=\"Est. reading time\" \/>\n\t<meta name=\"twitter:data2\" content=\"2 minutos\" \/>\n<script type=\"application\/ld+json\" class=\"yoast-schema-graph\">{\"@context\":\"https:\\\/\\\/schema.org\",\"@graph\":[{\"@type\":\"Article\",\"@id\":\"https:\\\/\\\/www.boxrepsol.com\\\/es\\\/motogp\\\/tras-un-dificil-comienzo-de-temporada-pol-esta-entendiendo-la-honda\\\/#article\",\"isPartOf\":{\"@id\":\"https:\\\/\\\/www.boxrepsol.com\\\/es\\\/motogp\\\/tras-un-dificil-comienzo-de-temporada-pol-esta-entendiendo-la-honda\\\/\"},\"author\":{\"name\":\"Redacci\u00f3n Box Repsol\",\"@id\":\"https:\\\/\\\/www.boxrepsol.com\\\/es\\\/#\\\/schema\\\/person\\\/c5c2138f2cca251b0ad92b7086bb60b7\"},\"headline\":\"\u00abTras un dif\u00edcil comienzo de temporada, Pol est\u00e1 entendiendo la Honda\u00bb\",\"datePublished\":\"2021-11-08T02:00:00+00:00\",\"dateModified\":\"2024-04-10T08:39:28+00:00\",\"mainEntityOfPage\":{\"@id\":\"https:\\\/\\\/www.boxrepsol.com\\\/es\\\/motogp\\\/tras-un-dificil-comienzo-de-temporada-pol-esta-entendiendo-la-honda\\\/\"},\"wordCount\":385,\"commentCount\":0,\"publisher\":{\"@id\":\"https:\\\/\\\/www.boxrepsol.com\\\/es\\\/#organization\"},\"image\":{\"@id\":\"https:\\\/\\\/www.boxrepsol.com\\\/es\\\/motogp\\\/tras-un-dificil-comienzo-de-temporada-pol-esta-entendiendo-la-honda\\\/#primaryimage\"},\"thumbnailUrl\":\"https:\\\/\\\/bxrepsol.s3.eu-west-1.amazonaws.com\\\/static\\\/2022\\\/08\\\/09141112\\\/Puig.png\",\"keywords\":[\"2021\",\"Equipo Repsol Honda\",\"MotoGP Portugal\"],\"articleSection\":[\"MotoGP\"],\"inLanguage\":\"es\",\"potentialAction\":[{\"@type\":\"CommentAction\",\"name\":\"Comment\",\"target\":[\"https:\\\/\\\/www.boxrepsol.com\\\/es\\\/motogp\\\/tras-un-dificil-comienzo-de-temporada-pol-esta-entendiendo-la-honda\\\/#respond\"]}]},{\"@type\":\"WebPage\",\"@id\":\"https:\\\/\\\/www.boxrepsol.com\\\/es\\\/motogp\\\/tras-un-dificil-comienzo-de-temporada-pol-esta-entendiendo-la-honda\\\/\",\"url\":\"https:\\\/\\\/www.boxrepsol.com\\\/es\\\/motogp\\\/tras-un-dificil-comienzo-de-temporada-pol-esta-entendiendo-la-honda\\\/\",\"name\":\"\\\"Tras un dif\u00edcil comienzo de temporada, Pol est\u00e1 entendiendo la Honda\\\" - Box Repsol\",\"isPartOf\":{\"@id\":\"https:\\\/\\\/www.boxrepsol.com\\\/es\\\/#website\"},\"primaryImageOfPage\":{\"@id\":\"https:\\\/\\\/www.boxrepsol.com\\\/es\\\/motogp\\\/tras-un-dificil-comienzo-de-temporada-pol-esta-entendiendo-la-honda\\\/#primaryimage\"},\"image\":{\"@id\":\"https:\\\/\\\/www.boxrepsol.com\\\/es\\\/motogp\\\/tras-un-dificil-comienzo-de-temporada-pol-esta-entendiendo-la-honda\\\/#primaryimage\"},\"thumbnailUrl\":\"https:\\\/\\\/bxrepsol.s3.eu-west-1.amazonaws.com\\\/static\\\/2022\\\/08\\\/09141112\\\/Puig.png\",\"datePublished\":\"2021-11-08T02:00:00+00:00\",\"dateModified\":\"2024-04-10T08:39:28+00:00\",\"description\":\"Pol Espargar\u00f3 supera un inicio de temporada complicado y logra entender la Honda. Descubre su adaptaci\u00f3n en el mundo de MotoGP en Box Repsol.\",\"breadcrumb\":{\"@id\":\"https:\\\/\\\/www.boxrepsol.com\\\/es\\\/motogp\\\/tras-un-dificil-comienzo-de-temporada-pol-esta-entendiendo-la-honda\\\/#breadcrumb\"},\"inLanguage\":\"es\",\"potentialAction\":[{\"@type\":\"ReadAction\",\"target\":[\"https:\\\/\\\/www.boxrepsol.com\\\/es\\\/motogp\\\/tras-un-dificil-comienzo-de-temporada-pol-esta-entendiendo-la-honda\\\/\"]}]},{\"@type\":\"ImageObject\",\"inLanguage\":\"es\",\"@id\":\"https:\\\/\\\/www.boxrepsol.com\\\/es\\\/motogp\\\/tras-un-dificil-comienzo-de-temporada-pol-esta-entendiendo-la-honda\\\/#primaryimage\",\"url\":\"https:\\\/\\\/bxrepsol.s3.eu-west-1.amazonaws.com\\\/static\\\/2022\\\/08\\\/09141112\\\/Puig.png\",\"contentUrl\":\"https:\\\/\\\/bxrepsol.s3.eu-west-1.amazonaws.com\\\/static\\\/2022\\\/08\\\/09141112\\\/Puig.png\",\"width\":1280,\"height\":600},{\"@type\":\"BreadcrumbList\",\"@id\":\"https:\\\/\\\/www.boxrepsol.com\\\/es\\\/motogp\\\/tras-un-dificil-comienzo-de-temporada-pol-esta-entendiendo-la-honda\\\/#breadcrumb\",\"itemListElement\":[{\"@type\":\"ListItem\",\"position\":1,\"name\":\"Home\",\"item\":\"https:\\\/\\\/www.boxrepsol.com\\\/es\\\/\"},{\"@type\":\"ListItem\",\"position\":2,\"name\":\"\u00abTras un dif\u00edcil comienzo de temporada, Pol est\u00e1 entendiendo la Honda\u00bb\"}]},{\"@type\":\"WebSite\",\"@id\":\"https:\\\/\\\/www.boxrepsol.com\\\/es\\\/#website\",\"url\":\"https:\\\/\\\/www.boxrepsol.com\\\/es\\\/\",\"name\":\"Box Repsol\",\"description\":\"Box Repsol Site\",\"publisher\":{\"@id\":\"https:\\\/\\\/www.boxrepsol.com\\\/es\\\/#organization\"},\"potentialAction\":[{\"@type\":\"SearchAction\",\"target\":{\"@type\":\"EntryPoint\",\"urlTemplate\":\"https:\\\/\\\/www.boxrepsol.com\\\/es\\\/?s={search_term_string}\"},\"query-input\":{\"@type\":\"PropertyValueSpecification\",\"valueRequired\":true,\"valueName\":\"search_term_string\"}}],\"inLanguage\":\"es\"},{\"@type\":\"Organization\",\"@id\":\"https:\\\/\\\/www.boxrepsol.com\\\/es\\\/#organization\",\"name\":\"Box Repsol\",\"url\":\"https:\\\/\\\/www.boxrepsol.com\\\/es\\\/\",\"logo\":{\"@type\":\"ImageObject\",\"inLanguage\":\"es\",\"@id\":\"https:\\\/\\\/www.boxrepsol.com\\\/es\\\/#\\\/schema\\\/logo\\\/image\\\/\",\"url\":\"https:\\\/\\\/bxrepsol.s3.eu-west-1.amazonaws.com\\\/static\\\/2025\\\/07\\\/30083337\\\/favicon-96x96-1.png\",\"contentUrl\":\"https:\\\/\\\/bxrepsol.s3.eu-west-1.amazonaws.com\\\/static\\\/2025\\\/07\\\/30083337\\\/favicon-96x96-1.png\",\"width\":96,\"height\":96,\"caption\":\"Box Repsol\"},\"image\":{\"@id\":\"https:\\\/\\\/www.boxrepsol.com\\\/es\\\/#\\\/schema\\\/logo\\\/image\\\/\"},\"sameAs\":[\"https:\\\/\\\/www.facebook.com\\\/BoxRepsol\",\"https:\\\/\\\/x.com\\\/box_repsol\",\"http:\\\/\\\/instagram.com\\\/box_repsol\",\"https:\\\/\\\/www.youtube.com\\\/user\\\/RepsolCompeticion\",\"https:\\\/\\\/www.flickr.com\\\/photos\\\/box_repsol\\\/\"]},{\"@type\":\"Person\",\"@id\":\"https:\\\/\\\/www.boxrepsol.com\\\/es\\\/#\\\/schema\\\/person\\\/c5c2138f2cca251b0ad92b7086bb60b7\",\"name\":\"Redacci\u00f3n Box Repsol\",\"image\":{\"@type\":\"ImageObject\",\"inLanguage\":\"es\",\"@id\":\"https:\\\/\\\/secure.gravatar.com\\\/avatar\\\/adf7b77e38b4419baf32c7e9c21dde01f4e40df611f0978e3006fc4ba0aaab7e?s=96&d=mm&r=g\",\"url\":\"https:\\\/\\\/secure.gravatar.com\\\/avatar\\\/adf7b77e38b4419baf32c7e9c21dde01f4e40df611f0978e3006fc4ba0aaab7e?s=96&d=mm&r=g\",\"contentUrl\":\"https:\\\/\\\/secure.gravatar.com\\\/avatar\\\/adf7b77e38b4419baf32c7e9c21dde01f4e40df611f0978e3006fc4ba0aaab7e?s=96&d=mm&r=g\",\"caption\":\"Redacci\u00f3n Box Repsol\"},\"description\":\"Box Repsol lo forma un equipo de periodistas, community managers, dise\u00f1adores y fot\u00f3grafos con m\u00e1s de 20 a\u00f1os de experiencia en el mundo del motorsport. Hemos vivido el primer mundial de un espa\u00f1ol en la categor\u00eda reina de motociclismo con \u00c1lex Crivill\u00e9, estuvimos en las victorias de Pedrosa y los t\u00edtulos de M\u00e1rquez, acompa\u00f1amos en \u00c1frica a Nani Roma y Marc Coma en sus conquistas del Dakar y hemos vibrado con los t\u00edtulos de Toni Bou en Trial. Adem\u00e1s, en nuestro equipo contamos con expertos en el mundo de las dos y cuatro ruedas tanto de la calle y las carreteras, como de los circuitos. Periodistas que han trabajado en revistas y publicaciones para hacerte llegar desde rutas y consejos de mantenimiento, a curiosidades y trucos de pilotaje.\",\"sameAs\":[\"https:\\\/\\\/www.facebook.com\\\/BoxRepsol\\\/\",\"https:\\\/\\\/www.instagram.com\\\/box_repsol\\\/\",\"https:\\\/\\\/x.com\\\/https:\\\/\\\/twitter.com\\\/box_repsol\",\"https:\\\/\\\/www.youtube.com\\\/@Boxrepsol\"],\"url\":\"https:\\\/\\\/www.boxrepsol.com\\\/es\\\/author\\\/redaccion-box-repsol\\\/\"}]}<\/script>\n<!-- \/ Yoast SEO plugin. -->","yoast_head_json":{"title":"\"Tras un dif\u00edcil comienzo de temporada, Pol est\u00e1 entendiendo la Honda\" - Box Repsol","description":"Pol Espargar\u00f3 supera un inicio de temporada complicado y logra entender la Honda. Descubre su adaptaci\u00f3n en el mundo de MotoGP en Box Repsol.","canonical":"https:\/\/www.boxrepsol.com\/es\/motogp\/tras-un-dificil-comienzo-de-temporada-pol-esta-entendiendo-la-honda\/","og_locale":"es_ES","og_type":"article","og_title":"\"Tras un dif\u00edcil comienzo de temporada, Pol est\u00e1 entendiendo la Honda\" - Box Repsol","og_description":"Pol Espargar\u00f3 supera un inicio de temporada complicado y logra entender la Honda. Descubre su adaptaci\u00f3n en el mundo de MotoGP en Box Repsol.","og_url":"https:\/\/www.boxrepsol.com\/es\/motogp\/tras-un-dificil-comienzo-de-temporada-pol-esta-entendiendo-la-honda\/","og_site_name":"Box Repsol","article_publisher":"https:\/\/www.facebook.com\/BoxRepsol","article_author":"https:\/\/www.facebook.com\/BoxRepsol\/","article_published_time":"2021-11-08T02:00:00+00:00","article_modified_time":"2024-04-10T08:39:28+00:00","og_image":[{"width":1280,"height":600,"url":"https:\/\/bxrepsol.s3.eu-west-1.amazonaws.com\/static\/2022\/08\/09141112\/Puig.png","type":"image\/png"}],"author":"Redacci\u00f3n Box Repsol","twitter_card":"summary_large_image","twitter_creator":"@https:\/\/twitter.com\/box_repsol","twitter_site":"@box_repsol","twitter_misc":{"Written by":"Redacci\u00f3n Box Repsol","Est. reading time":"2 minutos"},"schema":{"@context":"https:\/\/schema.org","@graph":[{"@type":"Article","@id":"https:\/\/www.boxrepsol.com\/es\/motogp\/tras-un-dificil-comienzo-de-temporada-pol-esta-entendiendo-la-honda\/#article","isPartOf":{"@id":"https:\/\/www.boxrepsol.com\/es\/motogp\/tras-un-dificil-comienzo-de-temporada-pol-esta-entendiendo-la-honda\/"},"author":{"name":"Redacci\u00f3n Box Repsol","@id":"https:\/\/www.boxrepsol.com\/es\/#\/schema\/person\/c5c2138f2cca251b0ad92b7086bb60b7"},"headline":"\u00abTras un dif\u00edcil comienzo de temporada, Pol est\u00e1 entendiendo la Honda\u00bb","datePublished":"2021-11-08T02:00:00+00:00","dateModified":"2024-04-10T08:39:28+00:00","mainEntityOfPage":{"@id":"https:\/\/www.boxrepsol.com\/es\/motogp\/tras-un-dificil-comienzo-de-temporada-pol-esta-entendiendo-la-honda\/"},"wordCount":385,"commentCount":0,"publisher":{"@id":"https:\/\/www.boxrepsol.com\/es\/#organization"},"image":{"@id":"https:\/\/www.boxrepsol.com\/es\/motogp\/tras-un-dificil-comienzo-de-temporada-pol-esta-entendiendo-la-honda\/#primaryimage"},"thumbnailUrl":"https:\/\/bxrepsol.s3.eu-west-1.amazonaws.com\/static\/2022\/08\/09141112\/Puig.png","keywords":["2021","Equipo Repsol Honda","MotoGP Portugal"],"articleSection":["MotoGP"],"inLanguage":"es","potentialAction":[{"@type":"CommentAction","name":"Comment","target":["https:\/\/www.boxrepsol.com\/es\/motogp\/tras-un-dificil-comienzo-de-temporada-pol-esta-entendiendo-la-honda\/#respond"]}]},{"@type":"WebPage","@id":"https:\/\/www.boxrepsol.com\/es\/motogp\/tras-un-dificil-comienzo-de-temporada-pol-esta-entendiendo-la-honda\/","url":"https:\/\/www.boxrepsol.com\/es\/motogp\/tras-un-dificil-comienzo-de-temporada-pol-esta-entendiendo-la-honda\/","name":"\"Tras un dif\u00edcil comienzo de temporada, Pol est\u00e1 entendiendo la Honda\" - Box Repsol","isPartOf":{"@id":"https:\/\/www.boxrepsol.com\/es\/#website"},"primaryImageOfPage":{"@id":"https:\/\/www.boxrepsol.com\/es\/motogp\/tras-un-dificil-comienzo-de-temporada-pol-esta-entendiendo-la-honda\/#primaryimage"},"image":{"@id":"https:\/\/www.boxrepsol.com\/es\/motogp\/tras-un-dificil-comienzo-de-temporada-pol-esta-entendiendo-la-honda\/#primaryimage"},"thumbnailUrl":"https:\/\/bxrepsol.s3.eu-west-1.amazonaws.com\/static\/2022\/08\/09141112\/Puig.png","datePublished":"2021-11-08T02:00:00+00:00","dateModified":"2024-04-10T08:39:28+00:00","description":"Pol Espargar\u00f3 supera un inicio de temporada complicado y logra entender la Honda. Descubre su adaptaci\u00f3n en el mundo de MotoGP en Box Repsol.","breadcrumb":{"@id":"https:\/\/www.boxrepsol.com\/es\/motogp\/tras-un-dificil-comienzo-de-temporada-pol-esta-entendiendo-la-honda\/#breadcrumb"},"inLanguage":"es","potentialAction":[{"@type":"ReadAction","target":["https:\/\/www.boxrepsol.com\/es\/motogp\/tras-un-dificil-comienzo-de-temporada-pol-esta-entendiendo-la-honda\/"]}]},{"@type":"ImageObject","inLanguage":"es","@id":"https:\/\/www.boxrepsol.com\/es\/motogp\/tras-un-dificil-comienzo-de-temporada-pol-esta-entendiendo-la-honda\/#primaryimage","url":"https:\/\/bxrepsol.s3.eu-west-1.amazonaws.com\/static\/2022\/08\/09141112\/Puig.png","contentUrl":"https:\/\/bxrepsol.s3.eu-west-1.amazonaws.com\/static\/2022\/08\/09141112\/Puig.png","width":1280,"height":600},{"@type":"BreadcrumbList","@id":"https:\/\/www.boxrepsol.com\/es\/motogp\/tras-un-dificil-comienzo-de-temporada-pol-esta-entendiendo-la-honda\/#breadcrumb","itemListElement":[{"@type":"ListItem","position":1,"name":"Home","item":"https:\/\/www.boxrepsol.com\/es\/"},{"@type":"ListItem","position":2,"name":"\u00abTras un dif\u00edcil comienzo de temporada, Pol est\u00e1 entendiendo la Honda\u00bb"}]},{"@type":"WebSite","@id":"https:\/\/www.boxrepsol.com\/es\/#website","url":"https:\/\/www.boxrepsol.com\/es\/","name":"Box Repsol","description":"Box Repsol Site","publisher":{"@id":"https:\/\/www.boxrepsol.com\/es\/#organization"},"potentialAction":[{"@type":"SearchAction","target":{"@type":"EntryPoint","urlTemplate":"https:\/\/www.boxrepsol.com\/es\/?s={search_term_string}"},"query-input":{"@type":"PropertyValueSpecification","valueRequired":true,"valueName":"search_term_string"}}],"inLanguage":"es"},{"@type":"Organization","@id":"https:\/\/www.boxrepsol.com\/es\/#organization","name":"Box Repsol","url":"https:\/\/www.boxrepsol.com\/es\/","logo":{"@type":"ImageObject","inLanguage":"es","@id":"https:\/\/www.boxrepsol.com\/es\/#\/schema\/logo\/image\/","url":"https:\/\/bxrepsol.s3.eu-west-1.amazonaws.com\/static\/2025\/07\/30083337\/favicon-96x96-1.png","contentUrl":"https:\/\/bxrepsol.s3.eu-west-1.amazonaws.com\/static\/2025\/07\/30083337\/favicon-96x96-1.png","width":96,"height":96,"caption":"Box Repsol"},"image":{"@id":"https:\/\/www.boxrepsol.com\/es\/#\/schema\/logo\/image\/"},"sameAs":["https:\/\/www.facebook.com\/BoxRepsol","https:\/\/x.com\/box_repsol","http:\/\/instagram.com\/box_repsol","https:\/\/www.youtube.com\/user\/RepsolCompeticion","https:\/\/www.flickr.com\/photos\/box_repsol\/"]},{"@type":"Person","@id":"https:\/\/www.boxrepsol.com\/es\/#\/schema\/person\/c5c2138f2cca251b0ad92b7086bb60b7","name":"Redacci\u00f3n Box Repsol","image":{"@type":"ImageObject","inLanguage":"es","@id":"https:\/\/secure.gravatar.com\/avatar\/adf7b77e38b4419baf32c7e9c21dde01f4e40df611f0978e3006fc4ba0aaab7e?s=96&d=mm&r=g","url":"https:\/\/secure.gravatar.com\/avatar\/adf7b77e38b4419baf32c7e9c21dde01f4e40df611f0978e3006fc4ba0aaab7e?s=96&d=mm&r=g","contentUrl":"https:\/\/secure.gravatar.com\/avatar\/adf7b77e38b4419baf32c7e9c21dde01f4e40df611f0978e3006fc4ba0aaab7e?s=96&d=mm&r=g","caption":"Redacci\u00f3n Box Repsol"},"description":"Box Repsol lo forma un equipo de periodistas, community managers, dise\u00f1adores y fot\u00f3grafos con m\u00e1s de 20 a\u00f1os de experiencia en el mundo del motorsport. Hemos vivido el primer mundial de un espa\u00f1ol en la categor\u00eda reina de motociclismo con \u00c1lex Crivill\u00e9, estuvimos en las victorias de Pedrosa y los t\u00edtulos de M\u00e1rquez, acompa\u00f1amos en \u00c1frica a Nani Roma y Marc Coma en sus conquistas del Dakar y hemos vibrado con los t\u00edtulos de Toni Bou en Trial. Adem\u00e1s, en nuestro equipo contamos con expertos en el mundo de las dos y cuatro ruedas tanto de la calle y las carreteras, como de los circuitos. Periodistas que han trabajado en revistas y publicaciones para hacerte llegar desde rutas y consejos de mantenimiento, a curiosidades y trucos de pilotaje.","sameAs":["https:\/\/www.facebook.com\/BoxRepsol\/","https:\/\/www.instagram.com\/box_repsol\/","https:\/\/x.com\/https:\/\/twitter.com\/box_repsol","https:\/\/www.youtube.com\/@Boxrepsol"],"url":"https:\/\/www.boxrepsol.com\/es\/author\/redaccion-box-repsol\/"}]}},"_links":{"self":[{"href":"https:\/\/www.boxrepsol.com\/es\/wp-json\/wp\/v2\/posts\/95172","targetHints":{"allow":["GET"]}}],"collection":[{"href":"https:\/\/www.boxrepsol.com\/es\/wp-json\/wp\/v2\/posts"}],"about":[{"href":"https:\/\/www.boxrepsol.com\/es\/wp-json\/wp\/v2\/types\/post"}],"author":[{"embeddable":true,"href":"https:\/\/www.boxrepsol.com\/es\/wp-json\/wp\/v2\/users\/43146"}],"replies":[{"embeddable":true,"href":"https:\/\/www.boxrepsol.com\/es\/wp-json\/wp\/v2\/comments?post=95172"}],"version-history":[{"count":1,"href":"https:\/\/www.boxrepsol.com\/es\/wp-json\/wp\/v2\/posts\/95172\/revisions"}],"predecessor-version":[{"id":109468,"href":"https:\/\/www.boxrepsol.com\/es\/wp-json\/wp\/v2\/posts\/95172\/revisions\/109468"}],"wp:featuredmedia":[{"embeddable":true,"href":"https:\/\/www.boxrepsol.com\/es\/wp-json\/wp\/v2\/media\/44552"}],"wp:attachment":[{"href":"https:\/\/www.boxrepsol.com\/es\/wp-json\/wp\/v2\/media?parent=95172"}],"wp:term":[{"taxonomy":"category","embeddable":true,"href":"https:\/\/www.boxrepsol.com\/es\/wp-json\/wp\/v2\/categories?post=95172"},{"taxonomy":"post_tag","embeddable":true,"href":"https:\/\/www.boxrepsol.com\/es\/wp-json\/wp\/v2\/tags?post=95172"}],"curies":[{"name":"wp","href":"https:\/\/api.w.org\/{rel}","templated":true}]}}