{"id":95171,"date":"2021-11-07T00:00:00","date_gmt":"2021-11-07T02:00:00","guid":{"rendered":"http:\/\/pre.boxrepsol.com\/sin-categorizar\/pol-espargaro-finaliza-sexto-el-gran-premio-del-algarve\/"},"modified":"2024-04-10T06:39:45","modified_gmt":"2024-04-10T08:39:45","slug":"pol-espargaro-finaliza-sexto-el-gran-premio-del-algarve","status":"publish","type":"post","link":"https:\/\/www.boxrepsol.com\/es\/motogp\/pol-espargaro-finaliza-sexto-el-gran-premio-del-algarve\/","title":{"rendered":"Pol Espargar\u00f3 finaliza sexto el Gran Premio del Algarve"},"content":{"rendered":"<p>El Aut\u00f3dromo Internacional do <strong>Algarve<\/strong> ha acogido este domingo la pen\u00faltima cita de la temporada de <strong>MotoGP,<\/strong> que se ha visto afectada por un accidente sin graves consecuencias pero que ha provocado una bandera roja a falta de tres vueltas para el final.<\/p>\n<p><strong>Pol Espargar\u00f3,<\/strong> que part\u00eda desde la sexta posici\u00f3n de la parilla, ha empezado la carrera situ\u00e1ndose en el grupo delantero, manteniendo un buen ritmo y con el objetivo de pelear por el podio. Un peque\u00f1o susto con otro piloto poco antes de haberse completado la mitad de la carrera ha hecho que Pol se viese retrasado hasta la octava posici\u00f3n.<\/p>\n<p>El piloto del equipo <strong>Repsol Honda<\/strong> ha podido ir mejorando sus tiempos vuelta a vuelta y, finalmente, ha cruzado la l\u00ednea de meta en sexta <strong>posici\u00f3n.<\/strong><\/p>\n<p><strong>Stefan Bradl<\/strong> empezaba el <strong>Gran Premio de Algarve<\/strong> desde la vig\u00e9sima posici\u00f3n y despu\u00e9s de haber realizado una gran salida, se ha situado decimos\u00e9ptimo durante la primera mitad de la carrera.<\/p>\n<p>El piloto alem\u00e1n del equipo <strong>Repsol Honda<\/strong> tambi\u00e9n ha registrado un ritmo constante, cruzando la l\u00ednea de meta decimoquinto y logrando sumar un punto.<\/p>\n<p>Despu\u00e9s de este fin de semana en Portugal, <strong>Pol Espargar\u00f3<\/strong> ocupa la d\u00e9cima posici\u00f3n en la clasificaci\u00f3n general con 100 puntos y <strong>Stefan Bradl<\/strong> es vig\u00e9simo segundo con 14. <strong>Marc M\u00e1rquez<\/strong> sigue ocupando la sexta posici\u00f3n con 142 puntos.<\/p>\n<h3>Declaraciones de los pilotos<\/h3>\n<p><a href=\"https:\/\/twitter.com\/search?q=%23POL44&amp;src=hashtag_click\" target=\"_blank\" rel=\"noopener\">#POL44<\/a><\/p>\n<p>\u00abEn general hemos hecho una buena carrera, la salida ha sido una l\u00e1stima porque estaba bien con \u00c1lex y Jack, pero luego Iker ha frenado tarde y me ha echado. He perdido algunas posiciones, as\u00ed que he tenido que concentrarme en recuperar. Mi ritmo en la carrera ha sido bueno despu\u00e9s de esto y tengo que decir que estoy contento con el ritmo, hemos sido fuertes y lo hemos hecho bien. En un momento de la carrera estaba alcanzando a Fabio y a las Ducati, rodando r\u00e1pido. Ahora estamos entre los diez primeros del campeonato y seguimos mejorando con cada carrera, as\u00ed que terminemos bien la temporada. Este es el objetivo\u00bb.<\/p>\n<p><a href=\"https:\/\/twitter.com\/hashtag\/SB6?src=hashtag_click\" target=\"_blank\" rel=\"noopener\">#SB6<\/a><\/p>\n<p>\u00abEstoy contento con nuestro fin de semana en general, no hemos cometido errores y hemos podido marcar tiempos competitivos en lo que probablemente sea la era m\u00e1s Igualada de MotoGP. Esperaba una carrera dif\u00edcil cambiando del modo test al modo carrera, pero al final he tenido una buena batalla con Rossi y Dovi. He disfrutado de la carrera. Estos fines de semana de carreras, por supuesto, tambi\u00e9n ayudan con los tests, por lo que en general han sido tres d\u00edas muy rentables\u00bb.<\/p>\n","protected":false},"excerpt":{"rendered":"<p>El piloto del equipo Repsol Honda suma 10 puntos en una carrera que ha finalizado antes de lo previsto por una ca\u00edda que ha obligado a que sacaran la bandera roja. Stefan Bradl ha concluido la pen\u00faltima cita de la temporada en decimoquinta posici\u00f3n.<\/p>\n","protected":false},"author":43146,"featured_media":44539,"comment_status":"open","ping_status":"open","sticky":false,"template":"","format":"standard","meta":{"footnotes":""},"categories":[4],"tags":[194,208,128],"class_list":["post-95171","post","type-post","status-publish","format-standard","hentry","category-motogp","tag-194","tag-motogp-portugal","tag-pol-espargaro"],"yoast_head":"<!-- This site is optimized with the Yoast SEO plugin v27.3 - https:\/\/yoast.com\/product\/yoast-seo-wordpress\/ -->\n<title>Pol Espargar\u00f3 finaliza sexto el Gran Premio del Algarve - Box Repsol<\/title>\n<meta name=\"description\" content=\"Pol Espargar\u00f3 finaliza sexto en el Gran Premio del Algarve. Conoce el rendimiento del piloto espa\u00f1ol en esta emocionante carrera.\" \/>\n<link rel=\"canonical\" href=\"https:\/\/www.boxrepsol.com\/es\/motogp\/pol-espargaro-finaliza-sexto-el-gran-premio-del-algarve\/\" \/>\n<meta property=\"og:locale\" content=\"es_ES\" \/>\n<meta property=\"og:type\" content=\"article\" \/>\n<meta property=\"og:title\" content=\"Pol Espargar\u00f3 finaliza sexto el Gran Premio del Algarve - Box Repsol\" \/>\n<meta property=\"og:description\" content=\"Pol Espargar\u00f3 finaliza sexto en el Gran Premio del Algarve. Conoce el rendimiento del piloto espa\u00f1ol en esta emocionante carrera.\" \/>\n<meta property=\"og:url\" content=\"https:\/\/www.boxrepsol.com\/es\/motogp\/pol-espargaro-finaliza-sexto-el-gran-premio-del-algarve\/\" \/>\n<meta property=\"og:site_name\" content=\"Box Repsol\" \/>\n<meta property=\"article:publisher\" content=\"https:\/\/www.facebook.com\/BoxRepsol\" \/>\n<meta property=\"article:author\" content=\"https:\/\/www.facebook.com\/BoxRepsol\/\" \/>\n<meta property=\"article:published_time\" content=\"2021-11-07T02:00:00+00:00\" \/>\n<meta property=\"article:modified_time\" content=\"2024-04-10T08:39:45+00:00\" \/>\n<meta property=\"og:image\" content=\"https:\/\/bxrepsol.s3.eu-west-1.amazonaws.com\/static\/2022\/08\/09141053\/http___repsolmedia.com_repsolmedia_wp-content_uploads_2021_11_Copy-of-RD17_Algarve_Espargaro_2021-03426.jpg\" \/>\n\t<meta property=\"og:image:width\" content=\"1280\" \/>\n\t<meta property=\"og:image:height\" content=\"600\" \/>\n\t<meta property=\"og:image:type\" content=\"image\/jpeg\" \/>\n<meta name=\"author\" content=\"Redacci\u00f3n Box Repsol\" \/>\n<meta name=\"twitter:card\" content=\"summary_large_image\" \/>\n<meta name=\"twitter:creator\" content=\"@https:\/\/twitter.com\/box_repsol\" \/>\n<meta name=\"twitter:site\" content=\"@box_repsol\" \/>\n<meta name=\"twitter:label1\" content=\"Written by\" \/>\n\t<meta name=\"twitter:data1\" content=\"Redacci\u00f3n Box Repsol\" \/>\n\t<meta name=\"twitter:label2\" content=\"Est. reading time\" \/>\n\t<meta name=\"twitter:data2\" content=\"2 minutos\" \/>\n<script type=\"application\/ld+json\" class=\"yoast-schema-graph\">{\"@context\":\"https:\\\/\\\/schema.org\",\"@graph\":[{\"@type\":\"Article\",\"@id\":\"https:\\\/\\\/www.boxrepsol.com\\\/es\\\/motogp\\\/pol-espargaro-finaliza-sexto-el-gran-premio-del-algarve\\\/#article\",\"isPartOf\":{\"@id\":\"https:\\\/\\\/www.boxrepsol.com\\\/es\\\/motogp\\\/pol-espargaro-finaliza-sexto-el-gran-premio-del-algarve\\\/\"},\"author\":{\"name\":\"Redacci\u00f3n Box Repsol\",\"@id\":\"https:\\\/\\\/www.boxrepsol.com\\\/es\\\/#\\\/schema\\\/person\\\/c5c2138f2cca251b0ad92b7086bb60b7\"},\"headline\":\"Pol Espargar\u00f3 finaliza sexto el Gran Premio del Algarve\",\"datePublished\":\"2021-11-07T02:00:00+00:00\",\"dateModified\":\"2024-04-10T08:39:45+00:00\",\"mainEntityOfPage\":{\"@id\":\"https:\\\/\\\/www.boxrepsol.com\\\/es\\\/motogp\\\/pol-espargaro-finaliza-sexto-el-gran-premio-del-algarve\\\/\"},\"wordCount\":458,\"commentCount\":0,\"publisher\":{\"@id\":\"https:\\\/\\\/www.boxrepsol.com\\\/es\\\/#organization\"},\"image\":{\"@id\":\"https:\\\/\\\/www.boxrepsol.com\\\/es\\\/motogp\\\/pol-espargaro-finaliza-sexto-el-gran-premio-del-algarve\\\/#primaryimage\"},\"thumbnailUrl\":\"https:\\\/\\\/bxrepsol.s3.eu-west-1.amazonaws.com\\\/static\\\/2022\\\/08\\\/09141053\\\/http___repsolmedia.com_repsolmedia_wp-content_uploads_2021_11_Copy-of-RD17_Algarve_Espargaro_2021-03426.jpg\",\"keywords\":[\"2021\",\"MotoGP Portugal\",\"Pol Espargar\u00f3\"],\"articleSection\":[\"MotoGP\"],\"inLanguage\":\"es\",\"potentialAction\":[{\"@type\":\"CommentAction\",\"name\":\"Comment\",\"target\":[\"https:\\\/\\\/www.boxrepsol.com\\\/es\\\/motogp\\\/pol-espargaro-finaliza-sexto-el-gran-premio-del-algarve\\\/#respond\"]}]},{\"@type\":\"WebPage\",\"@id\":\"https:\\\/\\\/www.boxrepsol.com\\\/es\\\/motogp\\\/pol-espargaro-finaliza-sexto-el-gran-premio-del-algarve\\\/\",\"url\":\"https:\\\/\\\/www.boxrepsol.com\\\/es\\\/motogp\\\/pol-espargaro-finaliza-sexto-el-gran-premio-del-algarve\\\/\",\"name\":\"Pol Espargar\u00f3 finaliza sexto el Gran Premio del Algarve - Box Repsol\",\"isPartOf\":{\"@id\":\"https:\\\/\\\/www.boxrepsol.com\\\/es\\\/#website\"},\"primaryImageOfPage\":{\"@id\":\"https:\\\/\\\/www.boxrepsol.com\\\/es\\\/motogp\\\/pol-espargaro-finaliza-sexto-el-gran-premio-del-algarve\\\/#primaryimage\"},\"image\":{\"@id\":\"https:\\\/\\\/www.boxrepsol.com\\\/es\\\/motogp\\\/pol-espargaro-finaliza-sexto-el-gran-premio-del-algarve\\\/#primaryimage\"},\"thumbnailUrl\":\"https:\\\/\\\/bxrepsol.s3.eu-west-1.amazonaws.com\\\/static\\\/2022\\\/08\\\/09141053\\\/http___repsolmedia.com_repsolmedia_wp-content_uploads_2021_11_Copy-of-RD17_Algarve_Espargaro_2021-03426.jpg\",\"datePublished\":\"2021-11-07T02:00:00+00:00\",\"dateModified\":\"2024-04-10T08:39:45+00:00\",\"description\":\"Pol Espargar\u00f3 finaliza sexto en el Gran Premio del Algarve. Conoce el rendimiento del piloto espa\u00f1ol en esta emocionante carrera.\",\"breadcrumb\":{\"@id\":\"https:\\\/\\\/www.boxrepsol.com\\\/es\\\/motogp\\\/pol-espargaro-finaliza-sexto-el-gran-premio-del-algarve\\\/#breadcrumb\"},\"inLanguage\":\"es\",\"potentialAction\":[{\"@type\":\"ReadAction\",\"target\":[\"https:\\\/\\\/www.boxrepsol.com\\\/es\\\/motogp\\\/pol-espargaro-finaliza-sexto-el-gran-premio-del-algarve\\\/\"]}]},{\"@type\":\"ImageObject\",\"inLanguage\":\"es\",\"@id\":\"https:\\\/\\\/www.boxrepsol.com\\\/es\\\/motogp\\\/pol-espargaro-finaliza-sexto-el-gran-premio-del-algarve\\\/#primaryimage\",\"url\":\"https:\\\/\\\/bxrepsol.s3.eu-west-1.amazonaws.com\\\/static\\\/2022\\\/08\\\/09141053\\\/http___repsolmedia.com_repsolmedia_wp-content_uploads_2021_11_Copy-of-RD17_Algarve_Espargaro_2021-03426.jpg\",\"contentUrl\":\"https:\\\/\\\/bxrepsol.s3.eu-west-1.amazonaws.com\\\/static\\\/2022\\\/08\\\/09141053\\\/http___repsolmedia.com_repsolmedia_wp-content_uploads_2021_11_Copy-of-RD17_Algarve_Espargaro_2021-03426.jpg\",\"width\":1280,\"height\":600},{\"@type\":\"BreadcrumbList\",\"@id\":\"https:\\\/\\\/www.boxrepsol.com\\\/es\\\/motogp\\\/pol-espargaro-finaliza-sexto-el-gran-premio-del-algarve\\\/#breadcrumb\",\"itemListElement\":[{\"@type\":\"ListItem\",\"position\":1,\"name\":\"Home\",\"item\":\"https:\\\/\\\/www.boxrepsol.com\\\/es\\\/\"},{\"@type\":\"ListItem\",\"position\":2,\"name\":\"Pol Espargar\u00f3 finaliza sexto el Gran Premio del Algarve\"}]},{\"@type\":\"WebSite\",\"@id\":\"https:\\\/\\\/www.boxrepsol.com\\\/es\\\/#website\",\"url\":\"https:\\\/\\\/www.boxrepsol.com\\\/es\\\/\",\"name\":\"Box Repsol\",\"description\":\"Box Repsol Site\",\"publisher\":{\"@id\":\"https:\\\/\\\/www.boxrepsol.com\\\/es\\\/#organization\"},\"potentialAction\":[{\"@type\":\"SearchAction\",\"target\":{\"@type\":\"EntryPoint\",\"urlTemplate\":\"https:\\\/\\\/www.boxrepsol.com\\\/es\\\/?s={search_term_string}\"},\"query-input\":{\"@type\":\"PropertyValueSpecification\",\"valueRequired\":true,\"valueName\":\"search_term_string\"}}],\"inLanguage\":\"es\"},{\"@type\":\"Organization\",\"@id\":\"https:\\\/\\\/www.boxrepsol.com\\\/es\\\/#organization\",\"name\":\"Box Repsol\",\"url\":\"https:\\\/\\\/www.boxrepsol.com\\\/es\\\/\",\"logo\":{\"@type\":\"ImageObject\",\"inLanguage\":\"es\",\"@id\":\"https:\\\/\\\/www.boxrepsol.com\\\/es\\\/#\\\/schema\\\/logo\\\/image\\\/\",\"url\":\"https:\\\/\\\/bxrepsol.s3.eu-west-1.amazonaws.com\\\/static\\\/2025\\\/07\\\/30083337\\\/favicon-96x96-1.png\",\"contentUrl\":\"https:\\\/\\\/bxrepsol.s3.eu-west-1.amazonaws.com\\\/static\\\/2025\\\/07\\\/30083337\\\/favicon-96x96-1.png\",\"width\":96,\"height\":96,\"caption\":\"Box Repsol\"},\"image\":{\"@id\":\"https:\\\/\\\/www.boxrepsol.com\\\/es\\\/#\\\/schema\\\/logo\\\/image\\\/\"},\"sameAs\":[\"https:\\\/\\\/www.facebook.com\\\/BoxRepsol\",\"https:\\\/\\\/x.com\\\/box_repsol\",\"http:\\\/\\\/instagram.com\\\/box_repsol\",\"https:\\\/\\\/www.youtube.com\\\/user\\\/RepsolCompeticion\",\"https:\\\/\\\/www.flickr.com\\\/photos\\\/box_repsol\\\/\"]},{\"@type\":\"Person\",\"@id\":\"https:\\\/\\\/www.boxrepsol.com\\\/es\\\/#\\\/schema\\\/person\\\/c5c2138f2cca251b0ad92b7086bb60b7\",\"name\":\"Redacci\u00f3n Box Repsol\",\"image\":{\"@type\":\"ImageObject\",\"inLanguage\":\"es\",\"@id\":\"https:\\\/\\\/secure.gravatar.com\\\/avatar\\\/adf7b77e38b4419baf32c7e9c21dde01f4e40df611f0978e3006fc4ba0aaab7e?s=96&d=mm&r=g\",\"url\":\"https:\\\/\\\/secure.gravatar.com\\\/avatar\\\/adf7b77e38b4419baf32c7e9c21dde01f4e40df611f0978e3006fc4ba0aaab7e?s=96&d=mm&r=g\",\"contentUrl\":\"https:\\\/\\\/secure.gravatar.com\\\/avatar\\\/adf7b77e38b4419baf32c7e9c21dde01f4e40df611f0978e3006fc4ba0aaab7e?s=96&d=mm&r=g\",\"caption\":\"Redacci\u00f3n Box Repsol\"},\"description\":\"Box Repsol lo forma un equipo de periodistas, community managers, dise\u00f1adores y fot\u00f3grafos con m\u00e1s de 20 a\u00f1os de experiencia en el mundo del motorsport. Hemos vivido el primer mundial de un espa\u00f1ol en la categor\u00eda reina de motociclismo con \u00c1lex Crivill\u00e9, estuvimos en las victorias de Pedrosa y los t\u00edtulos de M\u00e1rquez, acompa\u00f1amos en \u00c1frica a Nani Roma y Marc Coma en sus conquistas del Dakar y hemos vibrado con los t\u00edtulos de Toni Bou en Trial. Adem\u00e1s, en nuestro equipo contamos con expertos en el mundo de las dos y cuatro ruedas tanto de la calle y las carreteras, como de los circuitos. Periodistas que han trabajado en revistas y publicaciones para hacerte llegar desde rutas y consejos de mantenimiento, a curiosidades y trucos de pilotaje.\",\"sameAs\":[\"https:\\\/\\\/www.facebook.com\\\/BoxRepsol\\\/\",\"https:\\\/\\\/www.instagram.com\\\/box_repsol\\\/\",\"https:\\\/\\\/x.com\\\/https:\\\/\\\/twitter.com\\\/box_repsol\",\"https:\\\/\\\/www.youtube.com\\\/@Boxrepsol\"],\"url\":\"https:\\\/\\\/www.boxrepsol.com\\\/es\\\/author\\\/redaccion-box-repsol\\\/\"}]}<\/script>\n<!-- \/ Yoast SEO plugin. -->","yoast_head_json":{"title":"Pol Espargar\u00f3 finaliza sexto el Gran Premio del Algarve - Box Repsol","description":"Pol Espargar\u00f3 finaliza sexto en el Gran Premio del Algarve. Conoce el rendimiento del piloto espa\u00f1ol en esta emocionante carrera.","canonical":"https:\/\/www.boxrepsol.com\/es\/motogp\/pol-espargaro-finaliza-sexto-el-gran-premio-del-algarve\/","og_locale":"es_ES","og_type":"article","og_title":"Pol Espargar\u00f3 finaliza sexto el Gran Premio del Algarve - Box Repsol","og_description":"Pol Espargar\u00f3 finaliza sexto en el Gran Premio del Algarve. Conoce el rendimiento del piloto espa\u00f1ol en esta emocionante carrera.","og_url":"https:\/\/www.boxrepsol.com\/es\/motogp\/pol-espargaro-finaliza-sexto-el-gran-premio-del-algarve\/","og_site_name":"Box Repsol","article_publisher":"https:\/\/www.facebook.com\/BoxRepsol","article_author":"https:\/\/www.facebook.com\/BoxRepsol\/","article_published_time":"2021-11-07T02:00:00+00:00","article_modified_time":"2024-04-10T08:39:45+00:00","og_image":[{"width":1280,"height":600,"url":"https:\/\/bxrepsol.s3.eu-west-1.amazonaws.com\/static\/2022\/08\/09141053\/http___repsolmedia.com_repsolmedia_wp-content_uploads_2021_11_Copy-of-RD17_Algarve_Espargaro_2021-03426.jpg","type":"image\/jpeg"}],"author":"Redacci\u00f3n Box Repsol","twitter_card":"summary_large_image","twitter_creator":"@https:\/\/twitter.com\/box_repsol","twitter_site":"@box_repsol","twitter_misc":{"Written by":"Redacci\u00f3n Box Repsol","Est. reading time":"2 minutos"},"schema":{"@context":"https:\/\/schema.org","@graph":[{"@type":"Article","@id":"https:\/\/www.boxrepsol.com\/es\/motogp\/pol-espargaro-finaliza-sexto-el-gran-premio-del-algarve\/#article","isPartOf":{"@id":"https:\/\/www.boxrepsol.com\/es\/motogp\/pol-espargaro-finaliza-sexto-el-gran-premio-del-algarve\/"},"author":{"name":"Redacci\u00f3n Box Repsol","@id":"https:\/\/www.boxrepsol.com\/es\/#\/schema\/person\/c5c2138f2cca251b0ad92b7086bb60b7"},"headline":"Pol Espargar\u00f3 finaliza sexto el Gran Premio del Algarve","datePublished":"2021-11-07T02:00:00+00:00","dateModified":"2024-04-10T08:39:45+00:00","mainEntityOfPage":{"@id":"https:\/\/www.boxrepsol.com\/es\/motogp\/pol-espargaro-finaliza-sexto-el-gran-premio-del-algarve\/"},"wordCount":458,"commentCount":0,"publisher":{"@id":"https:\/\/www.boxrepsol.com\/es\/#organization"},"image":{"@id":"https:\/\/www.boxrepsol.com\/es\/motogp\/pol-espargaro-finaliza-sexto-el-gran-premio-del-algarve\/#primaryimage"},"thumbnailUrl":"https:\/\/bxrepsol.s3.eu-west-1.amazonaws.com\/static\/2022\/08\/09141053\/http___repsolmedia.com_repsolmedia_wp-content_uploads_2021_11_Copy-of-RD17_Algarve_Espargaro_2021-03426.jpg","keywords":["2021","MotoGP Portugal","Pol Espargar\u00f3"],"articleSection":["MotoGP"],"inLanguage":"es","potentialAction":[{"@type":"CommentAction","name":"Comment","target":["https:\/\/www.boxrepsol.com\/es\/motogp\/pol-espargaro-finaliza-sexto-el-gran-premio-del-algarve\/#respond"]}]},{"@type":"WebPage","@id":"https:\/\/www.boxrepsol.com\/es\/motogp\/pol-espargaro-finaliza-sexto-el-gran-premio-del-algarve\/","url":"https:\/\/www.boxrepsol.com\/es\/motogp\/pol-espargaro-finaliza-sexto-el-gran-premio-del-algarve\/","name":"Pol Espargar\u00f3 finaliza sexto el Gran Premio del Algarve - Box Repsol","isPartOf":{"@id":"https:\/\/www.boxrepsol.com\/es\/#website"},"primaryImageOfPage":{"@id":"https:\/\/www.boxrepsol.com\/es\/motogp\/pol-espargaro-finaliza-sexto-el-gran-premio-del-algarve\/#primaryimage"},"image":{"@id":"https:\/\/www.boxrepsol.com\/es\/motogp\/pol-espargaro-finaliza-sexto-el-gran-premio-del-algarve\/#primaryimage"},"thumbnailUrl":"https:\/\/bxrepsol.s3.eu-west-1.amazonaws.com\/static\/2022\/08\/09141053\/http___repsolmedia.com_repsolmedia_wp-content_uploads_2021_11_Copy-of-RD17_Algarve_Espargaro_2021-03426.jpg","datePublished":"2021-11-07T02:00:00+00:00","dateModified":"2024-04-10T08:39:45+00:00","description":"Pol Espargar\u00f3 finaliza sexto en el Gran Premio del Algarve. Conoce el rendimiento del piloto espa\u00f1ol en esta emocionante carrera.","breadcrumb":{"@id":"https:\/\/www.boxrepsol.com\/es\/motogp\/pol-espargaro-finaliza-sexto-el-gran-premio-del-algarve\/#breadcrumb"},"inLanguage":"es","potentialAction":[{"@type":"ReadAction","target":["https:\/\/www.boxrepsol.com\/es\/motogp\/pol-espargaro-finaliza-sexto-el-gran-premio-del-algarve\/"]}]},{"@type":"ImageObject","inLanguage":"es","@id":"https:\/\/www.boxrepsol.com\/es\/motogp\/pol-espargaro-finaliza-sexto-el-gran-premio-del-algarve\/#primaryimage","url":"https:\/\/bxrepsol.s3.eu-west-1.amazonaws.com\/static\/2022\/08\/09141053\/http___repsolmedia.com_repsolmedia_wp-content_uploads_2021_11_Copy-of-RD17_Algarve_Espargaro_2021-03426.jpg","contentUrl":"https:\/\/bxrepsol.s3.eu-west-1.amazonaws.com\/static\/2022\/08\/09141053\/http___repsolmedia.com_repsolmedia_wp-content_uploads_2021_11_Copy-of-RD17_Algarve_Espargaro_2021-03426.jpg","width":1280,"height":600},{"@type":"BreadcrumbList","@id":"https:\/\/www.boxrepsol.com\/es\/motogp\/pol-espargaro-finaliza-sexto-el-gran-premio-del-algarve\/#breadcrumb","itemListElement":[{"@type":"ListItem","position":1,"name":"Home","item":"https:\/\/www.boxrepsol.com\/es\/"},{"@type":"ListItem","position":2,"name":"Pol Espargar\u00f3 finaliza sexto el Gran Premio del Algarve"}]},{"@type":"WebSite","@id":"https:\/\/www.boxrepsol.com\/es\/#website","url":"https:\/\/www.boxrepsol.com\/es\/","name":"Box Repsol","description":"Box Repsol Site","publisher":{"@id":"https:\/\/www.boxrepsol.com\/es\/#organization"},"potentialAction":[{"@type":"SearchAction","target":{"@type":"EntryPoint","urlTemplate":"https:\/\/www.boxrepsol.com\/es\/?s={search_term_string}"},"query-input":{"@type":"PropertyValueSpecification","valueRequired":true,"valueName":"search_term_string"}}],"inLanguage":"es"},{"@type":"Organization","@id":"https:\/\/www.boxrepsol.com\/es\/#organization","name":"Box Repsol","url":"https:\/\/www.boxrepsol.com\/es\/","logo":{"@type":"ImageObject","inLanguage":"es","@id":"https:\/\/www.boxrepsol.com\/es\/#\/schema\/logo\/image\/","url":"https:\/\/bxrepsol.s3.eu-west-1.amazonaws.com\/static\/2025\/07\/30083337\/favicon-96x96-1.png","contentUrl":"https:\/\/bxrepsol.s3.eu-west-1.amazonaws.com\/static\/2025\/07\/30083337\/favicon-96x96-1.png","width":96,"height":96,"caption":"Box Repsol"},"image":{"@id":"https:\/\/www.boxrepsol.com\/es\/#\/schema\/logo\/image\/"},"sameAs":["https:\/\/www.facebook.com\/BoxRepsol","https:\/\/x.com\/box_repsol","http:\/\/instagram.com\/box_repsol","https:\/\/www.youtube.com\/user\/RepsolCompeticion","https:\/\/www.flickr.com\/photos\/box_repsol\/"]},{"@type":"Person","@id":"https:\/\/www.boxrepsol.com\/es\/#\/schema\/person\/c5c2138f2cca251b0ad92b7086bb60b7","name":"Redacci\u00f3n Box Repsol","image":{"@type":"ImageObject","inLanguage":"es","@id":"https:\/\/secure.gravatar.com\/avatar\/adf7b77e38b4419baf32c7e9c21dde01f4e40df611f0978e3006fc4ba0aaab7e?s=96&d=mm&r=g","url":"https:\/\/secure.gravatar.com\/avatar\/adf7b77e38b4419baf32c7e9c21dde01f4e40df611f0978e3006fc4ba0aaab7e?s=96&d=mm&r=g","contentUrl":"https:\/\/secure.gravatar.com\/avatar\/adf7b77e38b4419baf32c7e9c21dde01f4e40df611f0978e3006fc4ba0aaab7e?s=96&d=mm&r=g","caption":"Redacci\u00f3n Box Repsol"},"description":"Box Repsol lo forma un equipo de periodistas, community managers, dise\u00f1adores y fot\u00f3grafos con m\u00e1s de 20 a\u00f1os de experiencia en el mundo del motorsport. Hemos vivido el primer mundial de un espa\u00f1ol en la categor\u00eda reina de motociclismo con \u00c1lex Crivill\u00e9, estuvimos en las victorias de Pedrosa y los t\u00edtulos de M\u00e1rquez, acompa\u00f1amos en \u00c1frica a Nani Roma y Marc Coma en sus conquistas del Dakar y hemos vibrado con los t\u00edtulos de Toni Bou en Trial. Adem\u00e1s, en nuestro equipo contamos con expertos en el mundo de las dos y cuatro ruedas tanto de la calle y las carreteras, como de los circuitos. Periodistas que han trabajado en revistas y publicaciones para hacerte llegar desde rutas y consejos de mantenimiento, a curiosidades y trucos de pilotaje.","sameAs":["https:\/\/www.facebook.com\/BoxRepsol\/","https:\/\/www.instagram.com\/box_repsol\/","https:\/\/x.com\/https:\/\/twitter.com\/box_repsol","https:\/\/www.youtube.com\/@Boxrepsol"],"url":"https:\/\/www.boxrepsol.com\/es\/author\/redaccion-box-repsol\/"}]}},"_links":{"self":[{"href":"https:\/\/www.boxrepsol.com\/es\/wp-json\/wp\/v2\/posts\/95171","targetHints":{"allow":["GET"]}}],"collection":[{"href":"https:\/\/www.boxrepsol.com\/es\/wp-json\/wp\/v2\/posts"}],"about":[{"href":"https:\/\/www.boxrepsol.com\/es\/wp-json\/wp\/v2\/types\/post"}],"author":[{"embeddable":true,"href":"https:\/\/www.boxrepsol.com\/es\/wp-json\/wp\/v2\/users\/43146"}],"replies":[{"embeddable":true,"href":"https:\/\/www.boxrepsol.com\/es\/wp-json\/wp\/v2\/comments?post=95171"}],"version-history":[{"count":1,"href":"https:\/\/www.boxrepsol.com\/es\/wp-json\/wp\/v2\/posts\/95171\/revisions"}],"predecessor-version":[{"id":109461,"href":"https:\/\/www.boxrepsol.com\/es\/wp-json\/wp\/v2\/posts\/95171\/revisions\/109461"}],"wp:featuredmedia":[{"embeddable":true,"href":"https:\/\/www.boxrepsol.com\/es\/wp-json\/wp\/v2\/media\/44539"}],"wp:attachment":[{"href":"https:\/\/www.boxrepsol.com\/es\/wp-json\/wp\/v2\/media?parent=95171"}],"wp:term":[{"taxonomy":"category","embeddable":true,"href":"https:\/\/www.boxrepsol.com\/es\/wp-json\/wp\/v2\/categories?post=95171"},{"taxonomy":"post_tag","embeddable":true,"href":"https:\/\/www.boxrepsol.com\/es\/wp-json\/wp\/v2\/tags?post=95171"}],"curies":[{"name":"wp","href":"https:\/\/api.w.org\/{rel}","templated":true}]}}