{"id":95169,"date":"2021-11-06T00:00:00","date_gmt":"2021-11-06T02:00:00","guid":{"rendered":"http:\/\/pre.boxrepsol.com\/sin-categorizar\/pol-espargaro-saldra-manana-desde-la-segunda-linea\/"},"modified":"2024-04-10T06:40:02","modified_gmt":"2024-04-10T08:40:02","slug":"pol-espargaro-saldra-manana-desde-la-segunda-linea","status":"publish","type":"post","link":"https:\/\/www.boxrepsol.com\/es\/motogp\/pol-espargaro-saldra-manana-desde-la-segunda-linea\/","title":{"rendered":"Pol Espargar\u00f3 saldr\u00e1 ma\u00f1ana desde la segunda l\u00ednea"},"content":{"rendered":"<p>Con una temperatura del asfalto m\u00e1s baja de lo normal, se ha completado hoy en <strong>Portimao<\/strong> el pen\u00faltimo s\u00e1bado de entrenamientos clasificatorios de la temporada 2021.<\/p>\n<p><strong>Pol Espargar\u00f3<\/strong> ha logrado esta ma\u00f1ana, durante el tercer entrenamiento libre del fin de semana, clasificarse directamente para la Q2. Con un mejor registro de 1 minuto, 39 segundos y 058 mil\u00e9simas, el piloto del equipo <strong>Repsol Honda<\/strong> ha logrado el sexto mejor tiempo de la jornada.<\/p>\n<p><strong>Pol<\/strong> saldr\u00e1 desde la segunda l\u00ednea de la parrilla, posici\u00f3n estrat\u00e9gica debido a las caracter\u00edsticas de este trazado portugu\u00e9s.<\/p>\n<p><strong>Stefan Bradl<\/strong> no ha podido certificar su pase directo a la Q2 y ha tenido que pasar por el primer entrenamiento clasificatorio de la jornada. El piloto alem\u00e1n ha logrado un mejor tiempo de 1 minuto, 39 segundos y 907, registro que no ha sido suficiente para clasificarse primero o segundo y pasar, de esta forma, a la Q2. El piloto alem\u00e1n del equipo <strong>Repsol Honda<\/strong> saldr\u00e1 ma\u00f1ana desde la s\u00e9ptima fila de la parrilla.<\/p>\n<h3>Declaraciones de los pilotos<\/h3>\n<p><a href=\"https:\/\/twitter.com\/search?q=%23POL44&amp;src=hashtag_click\" target=\"_blank\" rel=\"noopener\">#POL44<\/a><\/p>\n<p>\u00abHoy se ha demostrado el progreso que hemos hecho este a\u00f1o con la moto, conmigo y con el equipo. He cometido un error en el T1 durante mi vuelta m\u00e1s r\u00e1pida, as\u00ed que tal vez podr\u00eda haber encontrado otra d\u00e9cima, pero por lo dem\u00e1s me he sentido bien con la moto, incluso despu\u00e9s de nuestra ca\u00edda en la FP4. Las dos primeras filas son nuestro objetivo todos los fines de semana, cuando est\u00e1s ah\u00ed puedes mantenerte en el grupo delantero con una buena salida. Estoy feliz de haber dado este paso. A\u00fan as\u00ed, tenemos que mirar qu\u00e9 neum\u00e1tico usar en la carrera porque aqu\u00ed hay muchas opciones posibles\u00bb.<\/p>\n<p><a href=\"https:\/\/twitter.com\/search?q=%23SB6&amp;src=typeahead_click\" target=\"_blank\" rel=\"noopener\">#SB6<\/a><\/p>\n<p>\u00abLa clasificaci\u00f3n ha estado bien, claro que me hubiera gustado estar m\u00e1s adelante, pero al final todav\u00eda me falta algo a una vuelta. Ah\u00ed es probablemente donde veo la mayor diferencia entre los otros pilotos y nosotros, apretando para aprovechar al m\u00e1ximo el neum\u00e1tico a una vuelta. Al final creo que estamos haciendo un buen trabajo; la distancia con los primeros no es muy grande porque los tiempos est\u00e1n muy ajustados. Veremos qu\u00e9 pasa ma\u00f1ana, el plan es permanecer en el grupo\u00bb.<\/p>\n","protected":false},"excerpt":{"rendered":"<p>El piloto del equipo Repsol Honda ha logrado clasificarse sexto despu\u00e9s de lograr el pase directo a la Q2. Stefan Bradl empezar\u00e1 el Gran Premio del Algarve desde la vig\u00e9sima posici\u00f3n.<\/p>\n","protected":false},"author":43146,"featured_media":44511,"comment_status":"open","ping_status":"open","sticky":false,"template":"","format":"standard","meta":{"footnotes":""},"categories":[4],"tags":[194,208,128],"class_list":["post-95169","post","type-post","status-publish","format-standard","hentry","category-motogp","tag-194","tag-motogp-portugal","tag-pol-espargaro"],"yoast_head":"<!-- This site is optimized with the Yoast SEO plugin v27.3 - https:\/\/yoast.com\/product\/yoast-seo-wordpress\/ -->\n<title>Pol Espargar\u00f3 saldr\u00e1 ma\u00f1ana desde la segunda l\u00ednea - Box Repsol<\/title>\n<meta name=\"description\" content=\"Pol Espargar\u00f3 saldr\u00e1 ma\u00f1ana desde la segunda l\u00ednea. Conoce la posici\u00f3n de partida del piloto espa\u00f1ol y sus expectativas para la carrera.\" \/>\n<link rel=\"canonical\" href=\"https:\/\/www.boxrepsol.com\/es\/motogp\/pol-espargaro-saldra-manana-desde-la-segunda-linea\/\" \/>\n<meta property=\"og:locale\" content=\"es_ES\" \/>\n<meta property=\"og:type\" content=\"article\" \/>\n<meta property=\"og:title\" content=\"Pol Espargar\u00f3 saldr\u00e1 ma\u00f1ana desde la segunda l\u00ednea - Box Repsol\" \/>\n<meta property=\"og:description\" content=\"Pol Espargar\u00f3 saldr\u00e1 ma\u00f1ana desde la segunda l\u00ednea. Conoce la posici\u00f3n de partida del piloto espa\u00f1ol y sus expectativas para la carrera.\" \/>\n<meta property=\"og:url\" content=\"https:\/\/www.boxrepsol.com\/es\/motogp\/pol-espargaro-saldra-manana-desde-la-segunda-linea\/\" \/>\n<meta property=\"og:site_name\" content=\"Box Repsol\" \/>\n<meta property=\"article:publisher\" content=\"https:\/\/www.facebook.com\/BoxRepsol\" \/>\n<meta property=\"article:author\" content=\"https:\/\/www.facebook.com\/BoxRepsol\/\" \/>\n<meta property=\"article:published_time\" content=\"2021-11-06T02:00:00+00:00\" \/>\n<meta property=\"article:modified_time\" content=\"2024-04-10T08:40:02+00:00\" \/>\n<meta property=\"og:image\" content=\"https:\/\/bxrepsol.s3.eu-west-1.amazonaws.com\/static\/2022\/08\/09141014\/http___repsolmedia.com_repsolmedia_wp-content_uploads_2021_11_Copy-of-RD17_Algarve_Espargaro_2021-00118.jpg\" \/>\n\t<meta property=\"og:image:width\" content=\"1280\" \/>\n\t<meta property=\"og:image:height\" content=\"600\" \/>\n\t<meta property=\"og:image:type\" content=\"image\/jpeg\" \/>\n<meta name=\"author\" content=\"Redacci\u00f3n Box Repsol\" \/>\n<meta name=\"twitter:card\" content=\"summary_large_image\" \/>\n<meta name=\"twitter:creator\" content=\"@https:\/\/twitter.com\/box_repsol\" \/>\n<meta name=\"twitter:site\" content=\"@box_repsol\" \/>\n<meta name=\"twitter:label1\" content=\"Written by\" \/>\n\t<meta name=\"twitter:data1\" content=\"Redacci\u00f3n Box Repsol\" \/>\n\t<meta name=\"twitter:label2\" content=\"Est. reading time\" \/>\n\t<meta name=\"twitter:data2\" content=\"2 minutos\" \/>\n<script type=\"application\/ld+json\" class=\"yoast-schema-graph\">{\"@context\":\"https:\\\/\\\/schema.org\",\"@graph\":[{\"@type\":\"Article\",\"@id\":\"https:\\\/\\\/www.boxrepsol.com\\\/es\\\/motogp\\\/pol-espargaro-saldra-manana-desde-la-segunda-linea\\\/#article\",\"isPartOf\":{\"@id\":\"https:\\\/\\\/www.boxrepsol.com\\\/es\\\/motogp\\\/pol-espargaro-saldra-manana-desde-la-segunda-linea\\\/\"},\"author\":{\"name\":\"Redacci\u00f3n Box Repsol\",\"@id\":\"https:\\\/\\\/www.boxrepsol.com\\\/es\\\/#\\\/schema\\\/person\\\/c5c2138f2cca251b0ad92b7086bb60b7\"},\"headline\":\"Pol Espargar\u00f3 saldr\u00e1 ma\u00f1ana desde la segunda l\u00ednea\",\"datePublished\":\"2021-11-06T02:00:00+00:00\",\"dateModified\":\"2024-04-10T08:40:02+00:00\",\"mainEntityOfPage\":{\"@id\":\"https:\\\/\\\/www.boxrepsol.com\\\/es\\\/motogp\\\/pol-espargaro-saldra-manana-desde-la-segunda-linea\\\/\"},\"wordCount\":398,\"commentCount\":0,\"publisher\":{\"@id\":\"https:\\\/\\\/www.boxrepsol.com\\\/es\\\/#organization\"},\"image\":{\"@id\":\"https:\\\/\\\/www.boxrepsol.com\\\/es\\\/motogp\\\/pol-espargaro-saldra-manana-desde-la-segunda-linea\\\/#primaryimage\"},\"thumbnailUrl\":\"https:\\\/\\\/bxrepsol.s3.eu-west-1.amazonaws.com\\\/static\\\/2022\\\/08\\\/09141014\\\/http___repsolmedia.com_repsolmedia_wp-content_uploads_2021_11_Copy-of-RD17_Algarve_Espargaro_2021-00118.jpg\",\"keywords\":[\"2021\",\"MotoGP Portugal\",\"Pol Espargar\u00f3\"],\"articleSection\":[\"MotoGP\"],\"inLanguage\":\"es\",\"potentialAction\":[{\"@type\":\"CommentAction\",\"name\":\"Comment\",\"target\":[\"https:\\\/\\\/www.boxrepsol.com\\\/es\\\/motogp\\\/pol-espargaro-saldra-manana-desde-la-segunda-linea\\\/#respond\"]}]},{\"@type\":\"WebPage\",\"@id\":\"https:\\\/\\\/www.boxrepsol.com\\\/es\\\/motogp\\\/pol-espargaro-saldra-manana-desde-la-segunda-linea\\\/\",\"url\":\"https:\\\/\\\/www.boxrepsol.com\\\/es\\\/motogp\\\/pol-espargaro-saldra-manana-desde-la-segunda-linea\\\/\",\"name\":\"Pol Espargar\u00f3 saldr\u00e1 ma\u00f1ana desde la segunda l\u00ednea - Box Repsol\",\"isPartOf\":{\"@id\":\"https:\\\/\\\/www.boxrepsol.com\\\/es\\\/#website\"},\"primaryImageOfPage\":{\"@id\":\"https:\\\/\\\/www.boxrepsol.com\\\/es\\\/motogp\\\/pol-espargaro-saldra-manana-desde-la-segunda-linea\\\/#primaryimage\"},\"image\":{\"@id\":\"https:\\\/\\\/www.boxrepsol.com\\\/es\\\/motogp\\\/pol-espargaro-saldra-manana-desde-la-segunda-linea\\\/#primaryimage\"},\"thumbnailUrl\":\"https:\\\/\\\/bxrepsol.s3.eu-west-1.amazonaws.com\\\/static\\\/2022\\\/08\\\/09141014\\\/http___repsolmedia.com_repsolmedia_wp-content_uploads_2021_11_Copy-of-RD17_Algarve_Espargaro_2021-00118.jpg\",\"datePublished\":\"2021-11-06T02:00:00+00:00\",\"dateModified\":\"2024-04-10T08:40:02+00:00\",\"description\":\"Pol Espargar\u00f3 saldr\u00e1 ma\u00f1ana desde la segunda l\u00ednea. Conoce la posici\u00f3n de partida del piloto espa\u00f1ol y sus expectativas para la carrera.\",\"breadcrumb\":{\"@id\":\"https:\\\/\\\/www.boxrepsol.com\\\/es\\\/motogp\\\/pol-espargaro-saldra-manana-desde-la-segunda-linea\\\/#breadcrumb\"},\"inLanguage\":\"es\",\"potentialAction\":[{\"@type\":\"ReadAction\",\"target\":[\"https:\\\/\\\/www.boxrepsol.com\\\/es\\\/motogp\\\/pol-espargaro-saldra-manana-desde-la-segunda-linea\\\/\"]}]},{\"@type\":\"ImageObject\",\"inLanguage\":\"es\",\"@id\":\"https:\\\/\\\/www.boxrepsol.com\\\/es\\\/motogp\\\/pol-espargaro-saldra-manana-desde-la-segunda-linea\\\/#primaryimage\",\"url\":\"https:\\\/\\\/bxrepsol.s3.eu-west-1.amazonaws.com\\\/static\\\/2022\\\/08\\\/09141014\\\/http___repsolmedia.com_repsolmedia_wp-content_uploads_2021_11_Copy-of-RD17_Algarve_Espargaro_2021-00118.jpg\",\"contentUrl\":\"https:\\\/\\\/bxrepsol.s3.eu-west-1.amazonaws.com\\\/static\\\/2022\\\/08\\\/09141014\\\/http___repsolmedia.com_repsolmedia_wp-content_uploads_2021_11_Copy-of-RD17_Algarve_Espargaro_2021-00118.jpg\",\"width\":1280,\"height\":600},{\"@type\":\"BreadcrumbList\",\"@id\":\"https:\\\/\\\/www.boxrepsol.com\\\/es\\\/motogp\\\/pol-espargaro-saldra-manana-desde-la-segunda-linea\\\/#breadcrumb\",\"itemListElement\":[{\"@type\":\"ListItem\",\"position\":1,\"name\":\"Home\",\"item\":\"https:\\\/\\\/www.boxrepsol.com\\\/es\\\/\"},{\"@type\":\"ListItem\",\"position\":2,\"name\":\"Pol Espargar\u00f3 saldr\u00e1 ma\u00f1ana desde la segunda l\u00ednea\"}]},{\"@type\":\"WebSite\",\"@id\":\"https:\\\/\\\/www.boxrepsol.com\\\/es\\\/#website\",\"url\":\"https:\\\/\\\/www.boxrepsol.com\\\/es\\\/\",\"name\":\"Box Repsol\",\"description\":\"Box Repsol Site\",\"publisher\":{\"@id\":\"https:\\\/\\\/www.boxrepsol.com\\\/es\\\/#organization\"},\"potentialAction\":[{\"@type\":\"SearchAction\",\"target\":{\"@type\":\"EntryPoint\",\"urlTemplate\":\"https:\\\/\\\/www.boxrepsol.com\\\/es\\\/?s={search_term_string}\"},\"query-input\":{\"@type\":\"PropertyValueSpecification\",\"valueRequired\":true,\"valueName\":\"search_term_string\"}}],\"inLanguage\":\"es\"},{\"@type\":\"Organization\",\"@id\":\"https:\\\/\\\/www.boxrepsol.com\\\/es\\\/#organization\",\"name\":\"Box Repsol\",\"url\":\"https:\\\/\\\/www.boxrepsol.com\\\/es\\\/\",\"logo\":{\"@type\":\"ImageObject\",\"inLanguage\":\"es\",\"@id\":\"https:\\\/\\\/www.boxrepsol.com\\\/es\\\/#\\\/schema\\\/logo\\\/image\\\/\",\"url\":\"https:\\\/\\\/bxrepsol.s3.eu-west-1.amazonaws.com\\\/static\\\/2025\\\/07\\\/30083337\\\/favicon-96x96-1.png\",\"contentUrl\":\"https:\\\/\\\/bxrepsol.s3.eu-west-1.amazonaws.com\\\/static\\\/2025\\\/07\\\/30083337\\\/favicon-96x96-1.png\",\"width\":96,\"height\":96,\"caption\":\"Box Repsol\"},\"image\":{\"@id\":\"https:\\\/\\\/www.boxrepsol.com\\\/es\\\/#\\\/schema\\\/logo\\\/image\\\/\"},\"sameAs\":[\"https:\\\/\\\/www.facebook.com\\\/BoxRepsol\",\"https:\\\/\\\/x.com\\\/box_repsol\",\"http:\\\/\\\/instagram.com\\\/box_repsol\",\"https:\\\/\\\/www.youtube.com\\\/user\\\/RepsolCompeticion\",\"https:\\\/\\\/www.flickr.com\\\/photos\\\/box_repsol\\\/\"]},{\"@type\":\"Person\",\"@id\":\"https:\\\/\\\/www.boxrepsol.com\\\/es\\\/#\\\/schema\\\/person\\\/c5c2138f2cca251b0ad92b7086bb60b7\",\"name\":\"Redacci\u00f3n Box Repsol\",\"image\":{\"@type\":\"ImageObject\",\"inLanguage\":\"es\",\"@id\":\"https:\\\/\\\/secure.gravatar.com\\\/avatar\\\/adf7b77e38b4419baf32c7e9c21dde01f4e40df611f0978e3006fc4ba0aaab7e?s=96&d=mm&r=g\",\"url\":\"https:\\\/\\\/secure.gravatar.com\\\/avatar\\\/adf7b77e38b4419baf32c7e9c21dde01f4e40df611f0978e3006fc4ba0aaab7e?s=96&d=mm&r=g\",\"contentUrl\":\"https:\\\/\\\/secure.gravatar.com\\\/avatar\\\/adf7b77e38b4419baf32c7e9c21dde01f4e40df611f0978e3006fc4ba0aaab7e?s=96&d=mm&r=g\",\"caption\":\"Redacci\u00f3n Box Repsol\"},\"description\":\"Box Repsol lo forma un equipo de periodistas, community managers, dise\u00f1adores y fot\u00f3grafos con m\u00e1s de 20 a\u00f1os de experiencia en el mundo del motorsport. Hemos vivido el primer mundial de un espa\u00f1ol en la categor\u00eda reina de motociclismo con \u00c1lex Crivill\u00e9, estuvimos en las victorias de Pedrosa y los t\u00edtulos de M\u00e1rquez, acompa\u00f1amos en \u00c1frica a Nani Roma y Marc Coma en sus conquistas del Dakar y hemos vibrado con los t\u00edtulos de Toni Bou en Trial. Adem\u00e1s, en nuestro equipo contamos con expertos en el mundo de las dos y cuatro ruedas tanto de la calle y las carreteras, como de los circuitos. Periodistas que han trabajado en revistas y publicaciones para hacerte llegar desde rutas y consejos de mantenimiento, a curiosidades y trucos de pilotaje.\",\"sameAs\":[\"https:\\\/\\\/www.facebook.com\\\/BoxRepsol\\\/\",\"https:\\\/\\\/www.instagram.com\\\/box_repsol\\\/\",\"https:\\\/\\\/x.com\\\/https:\\\/\\\/twitter.com\\\/box_repsol\",\"https:\\\/\\\/www.youtube.com\\\/@Boxrepsol\"],\"url\":\"https:\\\/\\\/www.boxrepsol.com\\\/es\\\/author\\\/redaccion-box-repsol\\\/\"}]}<\/script>\n<!-- \/ Yoast SEO plugin. -->","yoast_head_json":{"title":"Pol Espargar\u00f3 saldr\u00e1 ma\u00f1ana desde la segunda l\u00ednea - Box Repsol","description":"Pol Espargar\u00f3 saldr\u00e1 ma\u00f1ana desde la segunda l\u00ednea. Conoce la posici\u00f3n de partida del piloto espa\u00f1ol y sus expectativas para la carrera.","canonical":"https:\/\/www.boxrepsol.com\/es\/motogp\/pol-espargaro-saldra-manana-desde-la-segunda-linea\/","og_locale":"es_ES","og_type":"article","og_title":"Pol Espargar\u00f3 saldr\u00e1 ma\u00f1ana desde la segunda l\u00ednea - Box Repsol","og_description":"Pol Espargar\u00f3 saldr\u00e1 ma\u00f1ana desde la segunda l\u00ednea. Conoce la posici\u00f3n de partida del piloto espa\u00f1ol y sus expectativas para la carrera.","og_url":"https:\/\/www.boxrepsol.com\/es\/motogp\/pol-espargaro-saldra-manana-desde-la-segunda-linea\/","og_site_name":"Box Repsol","article_publisher":"https:\/\/www.facebook.com\/BoxRepsol","article_author":"https:\/\/www.facebook.com\/BoxRepsol\/","article_published_time":"2021-11-06T02:00:00+00:00","article_modified_time":"2024-04-10T08:40:02+00:00","og_image":[{"width":1280,"height":600,"url":"https:\/\/bxrepsol.s3.eu-west-1.amazonaws.com\/static\/2022\/08\/09141014\/http___repsolmedia.com_repsolmedia_wp-content_uploads_2021_11_Copy-of-RD17_Algarve_Espargaro_2021-00118.jpg","type":"image\/jpeg"}],"author":"Redacci\u00f3n Box Repsol","twitter_card":"summary_large_image","twitter_creator":"@https:\/\/twitter.com\/box_repsol","twitter_site":"@box_repsol","twitter_misc":{"Written by":"Redacci\u00f3n Box Repsol","Est. reading time":"2 minutos"},"schema":{"@context":"https:\/\/schema.org","@graph":[{"@type":"Article","@id":"https:\/\/www.boxrepsol.com\/es\/motogp\/pol-espargaro-saldra-manana-desde-la-segunda-linea\/#article","isPartOf":{"@id":"https:\/\/www.boxrepsol.com\/es\/motogp\/pol-espargaro-saldra-manana-desde-la-segunda-linea\/"},"author":{"name":"Redacci\u00f3n Box Repsol","@id":"https:\/\/www.boxrepsol.com\/es\/#\/schema\/person\/c5c2138f2cca251b0ad92b7086bb60b7"},"headline":"Pol Espargar\u00f3 saldr\u00e1 ma\u00f1ana desde la segunda l\u00ednea","datePublished":"2021-11-06T02:00:00+00:00","dateModified":"2024-04-10T08:40:02+00:00","mainEntityOfPage":{"@id":"https:\/\/www.boxrepsol.com\/es\/motogp\/pol-espargaro-saldra-manana-desde-la-segunda-linea\/"},"wordCount":398,"commentCount":0,"publisher":{"@id":"https:\/\/www.boxrepsol.com\/es\/#organization"},"image":{"@id":"https:\/\/www.boxrepsol.com\/es\/motogp\/pol-espargaro-saldra-manana-desde-la-segunda-linea\/#primaryimage"},"thumbnailUrl":"https:\/\/bxrepsol.s3.eu-west-1.amazonaws.com\/static\/2022\/08\/09141014\/http___repsolmedia.com_repsolmedia_wp-content_uploads_2021_11_Copy-of-RD17_Algarve_Espargaro_2021-00118.jpg","keywords":["2021","MotoGP Portugal","Pol Espargar\u00f3"],"articleSection":["MotoGP"],"inLanguage":"es","potentialAction":[{"@type":"CommentAction","name":"Comment","target":["https:\/\/www.boxrepsol.com\/es\/motogp\/pol-espargaro-saldra-manana-desde-la-segunda-linea\/#respond"]}]},{"@type":"WebPage","@id":"https:\/\/www.boxrepsol.com\/es\/motogp\/pol-espargaro-saldra-manana-desde-la-segunda-linea\/","url":"https:\/\/www.boxrepsol.com\/es\/motogp\/pol-espargaro-saldra-manana-desde-la-segunda-linea\/","name":"Pol Espargar\u00f3 saldr\u00e1 ma\u00f1ana desde la segunda l\u00ednea - Box Repsol","isPartOf":{"@id":"https:\/\/www.boxrepsol.com\/es\/#website"},"primaryImageOfPage":{"@id":"https:\/\/www.boxrepsol.com\/es\/motogp\/pol-espargaro-saldra-manana-desde-la-segunda-linea\/#primaryimage"},"image":{"@id":"https:\/\/www.boxrepsol.com\/es\/motogp\/pol-espargaro-saldra-manana-desde-la-segunda-linea\/#primaryimage"},"thumbnailUrl":"https:\/\/bxrepsol.s3.eu-west-1.amazonaws.com\/static\/2022\/08\/09141014\/http___repsolmedia.com_repsolmedia_wp-content_uploads_2021_11_Copy-of-RD17_Algarve_Espargaro_2021-00118.jpg","datePublished":"2021-11-06T02:00:00+00:00","dateModified":"2024-04-10T08:40:02+00:00","description":"Pol Espargar\u00f3 saldr\u00e1 ma\u00f1ana desde la segunda l\u00ednea. Conoce la posici\u00f3n de partida del piloto espa\u00f1ol y sus expectativas para la carrera.","breadcrumb":{"@id":"https:\/\/www.boxrepsol.com\/es\/motogp\/pol-espargaro-saldra-manana-desde-la-segunda-linea\/#breadcrumb"},"inLanguage":"es","potentialAction":[{"@type":"ReadAction","target":["https:\/\/www.boxrepsol.com\/es\/motogp\/pol-espargaro-saldra-manana-desde-la-segunda-linea\/"]}]},{"@type":"ImageObject","inLanguage":"es","@id":"https:\/\/www.boxrepsol.com\/es\/motogp\/pol-espargaro-saldra-manana-desde-la-segunda-linea\/#primaryimage","url":"https:\/\/bxrepsol.s3.eu-west-1.amazonaws.com\/static\/2022\/08\/09141014\/http___repsolmedia.com_repsolmedia_wp-content_uploads_2021_11_Copy-of-RD17_Algarve_Espargaro_2021-00118.jpg","contentUrl":"https:\/\/bxrepsol.s3.eu-west-1.amazonaws.com\/static\/2022\/08\/09141014\/http___repsolmedia.com_repsolmedia_wp-content_uploads_2021_11_Copy-of-RD17_Algarve_Espargaro_2021-00118.jpg","width":1280,"height":600},{"@type":"BreadcrumbList","@id":"https:\/\/www.boxrepsol.com\/es\/motogp\/pol-espargaro-saldra-manana-desde-la-segunda-linea\/#breadcrumb","itemListElement":[{"@type":"ListItem","position":1,"name":"Home","item":"https:\/\/www.boxrepsol.com\/es\/"},{"@type":"ListItem","position":2,"name":"Pol Espargar\u00f3 saldr\u00e1 ma\u00f1ana desde la segunda l\u00ednea"}]},{"@type":"WebSite","@id":"https:\/\/www.boxrepsol.com\/es\/#website","url":"https:\/\/www.boxrepsol.com\/es\/","name":"Box Repsol","description":"Box Repsol Site","publisher":{"@id":"https:\/\/www.boxrepsol.com\/es\/#organization"},"potentialAction":[{"@type":"SearchAction","target":{"@type":"EntryPoint","urlTemplate":"https:\/\/www.boxrepsol.com\/es\/?s={search_term_string}"},"query-input":{"@type":"PropertyValueSpecification","valueRequired":true,"valueName":"search_term_string"}}],"inLanguage":"es"},{"@type":"Organization","@id":"https:\/\/www.boxrepsol.com\/es\/#organization","name":"Box Repsol","url":"https:\/\/www.boxrepsol.com\/es\/","logo":{"@type":"ImageObject","inLanguage":"es","@id":"https:\/\/www.boxrepsol.com\/es\/#\/schema\/logo\/image\/","url":"https:\/\/bxrepsol.s3.eu-west-1.amazonaws.com\/static\/2025\/07\/30083337\/favicon-96x96-1.png","contentUrl":"https:\/\/bxrepsol.s3.eu-west-1.amazonaws.com\/static\/2025\/07\/30083337\/favicon-96x96-1.png","width":96,"height":96,"caption":"Box Repsol"},"image":{"@id":"https:\/\/www.boxrepsol.com\/es\/#\/schema\/logo\/image\/"},"sameAs":["https:\/\/www.facebook.com\/BoxRepsol","https:\/\/x.com\/box_repsol","http:\/\/instagram.com\/box_repsol","https:\/\/www.youtube.com\/user\/RepsolCompeticion","https:\/\/www.flickr.com\/photos\/box_repsol\/"]},{"@type":"Person","@id":"https:\/\/www.boxrepsol.com\/es\/#\/schema\/person\/c5c2138f2cca251b0ad92b7086bb60b7","name":"Redacci\u00f3n Box Repsol","image":{"@type":"ImageObject","inLanguage":"es","@id":"https:\/\/secure.gravatar.com\/avatar\/adf7b77e38b4419baf32c7e9c21dde01f4e40df611f0978e3006fc4ba0aaab7e?s=96&d=mm&r=g","url":"https:\/\/secure.gravatar.com\/avatar\/adf7b77e38b4419baf32c7e9c21dde01f4e40df611f0978e3006fc4ba0aaab7e?s=96&d=mm&r=g","contentUrl":"https:\/\/secure.gravatar.com\/avatar\/adf7b77e38b4419baf32c7e9c21dde01f4e40df611f0978e3006fc4ba0aaab7e?s=96&d=mm&r=g","caption":"Redacci\u00f3n Box Repsol"},"description":"Box Repsol lo forma un equipo de periodistas, community managers, dise\u00f1adores y fot\u00f3grafos con m\u00e1s de 20 a\u00f1os de experiencia en el mundo del motorsport. Hemos vivido el primer mundial de un espa\u00f1ol en la categor\u00eda reina de motociclismo con \u00c1lex Crivill\u00e9, estuvimos en las victorias de Pedrosa y los t\u00edtulos de M\u00e1rquez, acompa\u00f1amos en \u00c1frica a Nani Roma y Marc Coma en sus conquistas del Dakar y hemos vibrado con los t\u00edtulos de Toni Bou en Trial. Adem\u00e1s, en nuestro equipo contamos con expertos en el mundo de las dos y cuatro ruedas tanto de la calle y las carreteras, como de los circuitos. Periodistas que han trabajado en revistas y publicaciones para hacerte llegar desde rutas y consejos de mantenimiento, a curiosidades y trucos de pilotaje.","sameAs":["https:\/\/www.facebook.com\/BoxRepsol\/","https:\/\/www.instagram.com\/box_repsol\/","https:\/\/x.com\/https:\/\/twitter.com\/box_repsol","https:\/\/www.youtube.com\/@Boxrepsol"],"url":"https:\/\/www.boxrepsol.com\/es\/author\/redaccion-box-repsol\/"}]}},"_links":{"self":[{"href":"https:\/\/www.boxrepsol.com\/es\/wp-json\/wp\/v2\/posts\/95169","targetHints":{"allow":["GET"]}}],"collection":[{"href":"https:\/\/www.boxrepsol.com\/es\/wp-json\/wp\/v2\/posts"}],"about":[{"href":"https:\/\/www.boxrepsol.com\/es\/wp-json\/wp\/v2\/types\/post"}],"author":[{"embeddable":true,"href":"https:\/\/www.boxrepsol.com\/es\/wp-json\/wp\/v2\/users\/43146"}],"replies":[{"embeddable":true,"href":"https:\/\/www.boxrepsol.com\/es\/wp-json\/wp\/v2\/comments?post=95169"}],"version-history":[{"count":1,"href":"https:\/\/www.boxrepsol.com\/es\/wp-json\/wp\/v2\/posts\/95169\/revisions"}],"predecessor-version":[{"id":109466,"href":"https:\/\/www.boxrepsol.com\/es\/wp-json\/wp\/v2\/posts\/95169\/revisions\/109466"}],"wp:featuredmedia":[{"embeddable":true,"href":"https:\/\/www.boxrepsol.com\/es\/wp-json\/wp\/v2\/media\/44511"}],"wp:attachment":[{"href":"https:\/\/www.boxrepsol.com\/es\/wp-json\/wp\/v2\/media?parent=95169"}],"wp:term":[{"taxonomy":"category","embeddable":true,"href":"https:\/\/www.boxrepsol.com\/es\/wp-json\/wp\/v2\/categories?post=95169"},{"taxonomy":"post_tag","embeddable":true,"href":"https:\/\/www.boxrepsol.com\/es\/wp-json\/wp\/v2\/tags?post=95169"}],"curies":[{"name":"wp","href":"https:\/\/api.w.org\/{rel}","templated":true}]}}