{"id":95168,"date":"2021-11-05T00:00:00","date_gmt":"2021-11-05T02:00:00","guid":{"rendered":"http:\/\/pre.boxrepsol.com\/sin-categorizar\/pol-espargaro-finaliza-quinto-el-primer-dia-en-portimao\/"},"modified":"2024-04-10T06:40:38","modified_gmt":"2024-04-10T08:40:38","slug":"pol-espargaro-finaliza-quinto-el-primer-dia-en-portimao","status":"publish","type":"post","link":"https:\/\/www.boxrepsol.com\/es\/motogp\/pol-espargaro-finaliza-quinto-el-primer-dia-en-portimao\/","title":{"rendered":"Pol Espargar\u00f3 finaliza quinto el primer d\u00eda en Portimao"},"content":{"rendered":"<p>El trazado portugu\u00e9s de <strong>Portimao<\/strong> ha acogido hoy viernes, bajo un cielo totalmente despejado, el primer d\u00eda de entrenamientos del <strong>Gran Premio del Algarve,<\/strong> decimos\u00e9ptima y pen\u00faltima prueba de la temporada.<\/p>\n<p><strong>Pol Espargar\u00f3<\/strong> ha vuelto a subirse a la <strong>Honda RC213V<\/strong> despu\u00e9s de conseguir su primer podio en la categor\u00eda reina en el pasado Gran Premio dell\u2019Emilia \u2013 Romagna. El piloto del equipo <strong>Repsol Honda<\/strong> ha registrado un mejor tiempo de 1 minuto, 39 segundos y 792 mil\u00e9simas que le ha permitido finalizar quinto.<\/p>\n<p>Este resultado posiciona provisionalmente a <strong>Espargar\u00f3<\/strong> en la Q2 de ma\u00f1ana, a la espera de lo que suceda en el entrenamiento matinal.<\/p>\n<p>Al otro lado del box y como sustituto del lesionado Marc M\u00e1rquez, <strong>Stefan Bradl<\/strong> ha aprovechado esta primera jornada en Portimao para volver a retomar sus sensaciones con la Honda RC213V. El piloto alem\u00e1n del equipo <strong>Repsol Honda<\/strong> ha ido de menos a m\u00e1s, finalizando el decimoctavo en la tabla de tiempos.<\/p>\n<p>Con un mejor registro de 1 minuto, 40 segundos y 700 mil\u00e9simas, <strong>Bradl<\/strong> tendr\u00e1 que aprovechar la FP3 de ma\u00f1ana para intentar lograr su pase directo a la Q2.<\/p>\n<h3>Declaraciones de los pilotos<\/h3>\n<p><a href=\"https:\/\/twitter.com\/search?q=%23POL44&amp;src=hashtag_click\" target=\"_blank\" rel=\"noopener\">#POL44<\/a><\/p>\n<p>\u00abLas condiciones de hoy no han sido incre\u00edbles, no hab\u00eda mucho agarre. Hemos trabajado en la puesta a punto de la moto para sacarle el m\u00e1ximo partido a la situaci\u00f3n y ser competitivos; creo que esto demuestra lo lejos que hemos llegado desde principios de a\u00f1o. Es un paso asombroso si lo comparas ahora con la primera vez que vinimos. Incluso no estando contento con mis sensaciones, podemos marcar tiempos bastante buenos y terminar en una posici\u00f3n que no es tan mala. Todav\u00eda tenemos m\u00e1s trabajo por hacer, especialmente con los neum\u00e1ticos m\u00e1s duros, y llegar directamente a la Q2 no ser\u00e1 f\u00e1cil, pero tenemos potencial\u00bb.<\/p>\n<p><a href=\"https:\/\/twitter.com\/hashtag\/SB6?src=hashtag_click\" target=\"_blank\" rel=\"noopener\">#SB6<\/a><\/p>\n<p>\u00abEstoy contento con el d\u00eda de hoy, hemos hecho un buen trabajo en general y hemos podido comenzar a enfocarnos en algunos detalles m\u00e1s peque\u00f1os. Nuestros tiempos est\u00e1n ah\u00ed, con los pilotos que han estado corriendo todo el a\u00f1o, as\u00ed que esto demuestra nuestro nivel. He puesto un neum\u00e1tico blando al final de la FP2, pero no nos ha ayudado demasiado. Seguimos trabajando, es genial ver que la Honda va tan bien aqu\u00ed con Pol, \u00c1lex y Taka estando delante\u00bb.<\/p>\n","protected":false},"excerpt":{"rendered":"<p>El piloto del equipo Repsol Honda empieza el Gran Premio del Algarve situado entre los cinco mejores de la jornada. Stefan Bradl ha sido decimoctavo.<\/p>\n","protected":false},"author":43146,"featured_media":44496,"comment_status":"open","ping_status":"open","sticky":false,"template":"","format":"standard","meta":{"footnotes":""},"categories":[4],"tags":[194,208,128],"class_list":["post-95168","post","type-post","status-publish","format-standard","hentry","category-motogp","tag-194","tag-motogp-portugal","tag-pol-espargaro"],"yoast_head":"<!-- This site is optimized with the Yoast SEO plugin v27.3 - https:\/\/yoast.com\/product\/yoast-seo-wordpress\/ -->\n<title>Pol Espargar\u00f3 finaliza quinto el primer d\u00eda en Portimao - Box Repsol<\/title>\n<meta name=\"description\" content=\"Pol Espargar\u00f3 finaliza quinto en el primer d\u00eda en Portimao. Sigue de cerca el rendimiento del piloto espa\u00f1ol en este emocionante circuito.\" \/>\n<link rel=\"canonical\" href=\"https:\/\/www.boxrepsol.com\/es\/motogp\/pol-espargaro-finaliza-quinto-el-primer-dia-en-portimao\/\" \/>\n<meta property=\"og:locale\" content=\"es_ES\" \/>\n<meta property=\"og:type\" content=\"article\" \/>\n<meta property=\"og:title\" content=\"Pol Espargar\u00f3 finaliza quinto el primer d\u00eda en Portimao - Box Repsol\" \/>\n<meta property=\"og:description\" content=\"Pol Espargar\u00f3 finaliza quinto en el primer d\u00eda en Portimao. Sigue de cerca el rendimiento del piloto espa\u00f1ol en este emocionante circuito.\" \/>\n<meta property=\"og:url\" content=\"https:\/\/www.boxrepsol.com\/es\/motogp\/pol-espargaro-finaliza-quinto-el-primer-dia-en-portimao\/\" \/>\n<meta property=\"og:site_name\" content=\"Box Repsol\" \/>\n<meta property=\"article:publisher\" content=\"https:\/\/www.facebook.com\/BoxRepsol\" \/>\n<meta property=\"article:author\" content=\"https:\/\/www.facebook.com\/BoxRepsol\/\" \/>\n<meta property=\"article:published_time\" content=\"2021-11-05T02:00:00+00:00\" \/>\n<meta property=\"article:modified_time\" content=\"2024-04-10T08:40:38+00:00\" \/>\n<meta property=\"og:image\" content=\"https:\/\/bxrepsol.s3.eu-west-1.amazonaws.com\/static\/2022\/08\/09140952\/viernes.jpg\" \/>\n\t<meta property=\"og:image:width\" content=\"1280\" \/>\n\t<meta property=\"og:image:height\" content=\"600\" \/>\n\t<meta property=\"og:image:type\" content=\"image\/jpeg\" \/>\n<meta name=\"author\" content=\"Redacci\u00f3n Box Repsol\" \/>\n<meta name=\"twitter:card\" content=\"summary_large_image\" \/>\n<meta name=\"twitter:creator\" content=\"@https:\/\/twitter.com\/box_repsol\" \/>\n<meta name=\"twitter:site\" content=\"@box_repsol\" \/>\n<meta name=\"twitter:label1\" content=\"Written by\" \/>\n\t<meta name=\"twitter:data1\" content=\"Redacci\u00f3n Box Repsol\" \/>\n\t<meta name=\"twitter:label2\" content=\"Est. reading time\" \/>\n\t<meta name=\"twitter:data2\" content=\"2 minutos\" \/>\n<script type=\"application\/ld+json\" class=\"yoast-schema-graph\">{\"@context\":\"https:\\\/\\\/schema.org\",\"@graph\":[{\"@type\":\"Article\",\"@id\":\"https:\\\/\\\/www.boxrepsol.com\\\/es\\\/motogp\\\/pol-espargaro-finaliza-quinto-el-primer-dia-en-portimao\\\/#article\",\"isPartOf\":{\"@id\":\"https:\\\/\\\/www.boxrepsol.com\\\/es\\\/motogp\\\/pol-espargaro-finaliza-quinto-el-primer-dia-en-portimao\\\/\"},\"author\":{\"name\":\"Redacci\u00f3n Box Repsol\",\"@id\":\"https:\\\/\\\/www.boxrepsol.com\\\/es\\\/#\\\/schema\\\/person\\\/c5c2138f2cca251b0ad92b7086bb60b7\"},\"headline\":\"Pol Espargar\u00f3 finaliza quinto el primer d\u00eda en Portimao\",\"datePublished\":\"2021-11-05T02:00:00+00:00\",\"dateModified\":\"2024-04-10T08:40:38+00:00\",\"mainEntityOfPage\":{\"@id\":\"https:\\\/\\\/www.boxrepsol.com\\\/es\\\/motogp\\\/pol-espargaro-finaliza-quinto-el-primer-dia-en-portimao\\\/\"},\"wordCount\":415,\"commentCount\":0,\"publisher\":{\"@id\":\"https:\\\/\\\/www.boxrepsol.com\\\/es\\\/#organization\"},\"image\":{\"@id\":\"https:\\\/\\\/www.boxrepsol.com\\\/es\\\/motogp\\\/pol-espargaro-finaliza-quinto-el-primer-dia-en-portimao\\\/#primaryimage\"},\"thumbnailUrl\":\"https:\\\/\\\/bxrepsol.s3.eu-west-1.amazonaws.com\\\/static\\\/2022\\\/08\\\/09140952\\\/viernes.jpg\",\"keywords\":[\"2021\",\"MotoGP Portugal\",\"Pol Espargar\u00f3\"],\"articleSection\":[\"MotoGP\"],\"inLanguage\":\"es\",\"potentialAction\":[{\"@type\":\"CommentAction\",\"name\":\"Comment\",\"target\":[\"https:\\\/\\\/www.boxrepsol.com\\\/es\\\/motogp\\\/pol-espargaro-finaliza-quinto-el-primer-dia-en-portimao\\\/#respond\"]}]},{\"@type\":\"WebPage\",\"@id\":\"https:\\\/\\\/www.boxrepsol.com\\\/es\\\/motogp\\\/pol-espargaro-finaliza-quinto-el-primer-dia-en-portimao\\\/\",\"url\":\"https:\\\/\\\/www.boxrepsol.com\\\/es\\\/motogp\\\/pol-espargaro-finaliza-quinto-el-primer-dia-en-portimao\\\/\",\"name\":\"Pol Espargar\u00f3 finaliza quinto el primer d\u00eda en Portimao - Box Repsol\",\"isPartOf\":{\"@id\":\"https:\\\/\\\/www.boxrepsol.com\\\/es\\\/#website\"},\"primaryImageOfPage\":{\"@id\":\"https:\\\/\\\/www.boxrepsol.com\\\/es\\\/motogp\\\/pol-espargaro-finaliza-quinto-el-primer-dia-en-portimao\\\/#primaryimage\"},\"image\":{\"@id\":\"https:\\\/\\\/www.boxrepsol.com\\\/es\\\/motogp\\\/pol-espargaro-finaliza-quinto-el-primer-dia-en-portimao\\\/#primaryimage\"},\"thumbnailUrl\":\"https:\\\/\\\/bxrepsol.s3.eu-west-1.amazonaws.com\\\/static\\\/2022\\\/08\\\/09140952\\\/viernes.jpg\",\"datePublished\":\"2021-11-05T02:00:00+00:00\",\"dateModified\":\"2024-04-10T08:40:38+00:00\",\"description\":\"Pol Espargar\u00f3 finaliza quinto en el primer d\u00eda en Portimao. Sigue de cerca el rendimiento del piloto espa\u00f1ol en este emocionante circuito.\",\"breadcrumb\":{\"@id\":\"https:\\\/\\\/www.boxrepsol.com\\\/es\\\/motogp\\\/pol-espargaro-finaliza-quinto-el-primer-dia-en-portimao\\\/#breadcrumb\"},\"inLanguage\":\"es\",\"potentialAction\":[{\"@type\":\"ReadAction\",\"target\":[\"https:\\\/\\\/www.boxrepsol.com\\\/es\\\/motogp\\\/pol-espargaro-finaliza-quinto-el-primer-dia-en-portimao\\\/\"]}]},{\"@type\":\"ImageObject\",\"inLanguage\":\"es\",\"@id\":\"https:\\\/\\\/www.boxrepsol.com\\\/es\\\/motogp\\\/pol-espargaro-finaliza-quinto-el-primer-dia-en-portimao\\\/#primaryimage\",\"url\":\"https:\\\/\\\/bxrepsol.s3.eu-west-1.amazonaws.com\\\/static\\\/2022\\\/08\\\/09140952\\\/viernes.jpg\",\"contentUrl\":\"https:\\\/\\\/bxrepsol.s3.eu-west-1.amazonaws.com\\\/static\\\/2022\\\/08\\\/09140952\\\/viernes.jpg\",\"width\":1280,\"height\":600},{\"@type\":\"BreadcrumbList\",\"@id\":\"https:\\\/\\\/www.boxrepsol.com\\\/es\\\/motogp\\\/pol-espargaro-finaliza-quinto-el-primer-dia-en-portimao\\\/#breadcrumb\",\"itemListElement\":[{\"@type\":\"ListItem\",\"position\":1,\"name\":\"Home\",\"item\":\"https:\\\/\\\/www.boxrepsol.com\\\/es\\\/\"},{\"@type\":\"ListItem\",\"position\":2,\"name\":\"Pol Espargar\u00f3 finaliza quinto el primer d\u00eda en Portimao\"}]},{\"@type\":\"WebSite\",\"@id\":\"https:\\\/\\\/www.boxrepsol.com\\\/es\\\/#website\",\"url\":\"https:\\\/\\\/www.boxrepsol.com\\\/es\\\/\",\"name\":\"Box Repsol\",\"description\":\"Box Repsol Site\",\"publisher\":{\"@id\":\"https:\\\/\\\/www.boxrepsol.com\\\/es\\\/#organization\"},\"potentialAction\":[{\"@type\":\"SearchAction\",\"target\":{\"@type\":\"EntryPoint\",\"urlTemplate\":\"https:\\\/\\\/www.boxrepsol.com\\\/es\\\/?s={search_term_string}\"},\"query-input\":{\"@type\":\"PropertyValueSpecification\",\"valueRequired\":true,\"valueName\":\"search_term_string\"}}],\"inLanguage\":\"es\"},{\"@type\":\"Organization\",\"@id\":\"https:\\\/\\\/www.boxrepsol.com\\\/es\\\/#organization\",\"name\":\"Box Repsol\",\"url\":\"https:\\\/\\\/www.boxrepsol.com\\\/es\\\/\",\"logo\":{\"@type\":\"ImageObject\",\"inLanguage\":\"es\",\"@id\":\"https:\\\/\\\/www.boxrepsol.com\\\/es\\\/#\\\/schema\\\/logo\\\/image\\\/\",\"url\":\"https:\\\/\\\/bxrepsol.s3.eu-west-1.amazonaws.com\\\/static\\\/2025\\\/07\\\/30083337\\\/favicon-96x96-1.png\",\"contentUrl\":\"https:\\\/\\\/bxrepsol.s3.eu-west-1.amazonaws.com\\\/static\\\/2025\\\/07\\\/30083337\\\/favicon-96x96-1.png\",\"width\":96,\"height\":96,\"caption\":\"Box Repsol\"},\"image\":{\"@id\":\"https:\\\/\\\/www.boxrepsol.com\\\/es\\\/#\\\/schema\\\/logo\\\/image\\\/\"},\"sameAs\":[\"https:\\\/\\\/www.facebook.com\\\/BoxRepsol\",\"https:\\\/\\\/x.com\\\/box_repsol\",\"http:\\\/\\\/instagram.com\\\/box_repsol\",\"https:\\\/\\\/www.youtube.com\\\/user\\\/RepsolCompeticion\",\"https:\\\/\\\/www.flickr.com\\\/photos\\\/box_repsol\\\/\"]},{\"@type\":\"Person\",\"@id\":\"https:\\\/\\\/www.boxrepsol.com\\\/es\\\/#\\\/schema\\\/person\\\/c5c2138f2cca251b0ad92b7086bb60b7\",\"name\":\"Redacci\u00f3n Box Repsol\",\"image\":{\"@type\":\"ImageObject\",\"inLanguage\":\"es\",\"@id\":\"https:\\\/\\\/secure.gravatar.com\\\/avatar\\\/adf7b77e38b4419baf32c7e9c21dde01f4e40df611f0978e3006fc4ba0aaab7e?s=96&d=mm&r=g\",\"url\":\"https:\\\/\\\/secure.gravatar.com\\\/avatar\\\/adf7b77e38b4419baf32c7e9c21dde01f4e40df611f0978e3006fc4ba0aaab7e?s=96&d=mm&r=g\",\"contentUrl\":\"https:\\\/\\\/secure.gravatar.com\\\/avatar\\\/adf7b77e38b4419baf32c7e9c21dde01f4e40df611f0978e3006fc4ba0aaab7e?s=96&d=mm&r=g\",\"caption\":\"Redacci\u00f3n Box Repsol\"},\"description\":\"Box Repsol lo forma un equipo de periodistas, community managers, dise\u00f1adores y fot\u00f3grafos con m\u00e1s de 20 a\u00f1os de experiencia en el mundo del motorsport. Hemos vivido el primer mundial de un espa\u00f1ol en la categor\u00eda reina de motociclismo con \u00c1lex Crivill\u00e9, estuvimos en las victorias de Pedrosa y los t\u00edtulos de M\u00e1rquez, acompa\u00f1amos en \u00c1frica a Nani Roma y Marc Coma en sus conquistas del Dakar y hemos vibrado con los t\u00edtulos de Toni Bou en Trial. Adem\u00e1s, en nuestro equipo contamos con expertos en el mundo de las dos y cuatro ruedas tanto de la calle y las carreteras, como de los circuitos. Periodistas que han trabajado en revistas y publicaciones para hacerte llegar desde rutas y consejos de mantenimiento, a curiosidades y trucos de pilotaje.\",\"sameAs\":[\"https:\\\/\\\/www.facebook.com\\\/BoxRepsol\\\/\",\"https:\\\/\\\/www.instagram.com\\\/box_repsol\\\/\",\"https:\\\/\\\/x.com\\\/https:\\\/\\\/twitter.com\\\/box_repsol\",\"https:\\\/\\\/www.youtube.com\\\/@Boxrepsol\"],\"url\":\"https:\\\/\\\/www.boxrepsol.com\\\/es\\\/author\\\/redaccion-box-repsol\\\/\"}]}<\/script>\n<!-- \/ Yoast SEO plugin. -->","yoast_head_json":{"title":"Pol Espargar\u00f3 finaliza quinto el primer d\u00eda en Portimao - Box Repsol","description":"Pol Espargar\u00f3 finaliza quinto en el primer d\u00eda en Portimao. Sigue de cerca el rendimiento del piloto espa\u00f1ol en este emocionante circuito.","canonical":"https:\/\/www.boxrepsol.com\/es\/motogp\/pol-espargaro-finaliza-quinto-el-primer-dia-en-portimao\/","og_locale":"es_ES","og_type":"article","og_title":"Pol Espargar\u00f3 finaliza quinto el primer d\u00eda en Portimao - Box Repsol","og_description":"Pol Espargar\u00f3 finaliza quinto en el primer d\u00eda en Portimao. Sigue de cerca el rendimiento del piloto espa\u00f1ol en este emocionante circuito.","og_url":"https:\/\/www.boxrepsol.com\/es\/motogp\/pol-espargaro-finaliza-quinto-el-primer-dia-en-portimao\/","og_site_name":"Box Repsol","article_publisher":"https:\/\/www.facebook.com\/BoxRepsol","article_author":"https:\/\/www.facebook.com\/BoxRepsol\/","article_published_time":"2021-11-05T02:00:00+00:00","article_modified_time":"2024-04-10T08:40:38+00:00","og_image":[{"width":1280,"height":600,"url":"https:\/\/bxrepsol.s3.eu-west-1.amazonaws.com\/static\/2022\/08\/09140952\/viernes.jpg","type":"image\/jpeg"}],"author":"Redacci\u00f3n Box Repsol","twitter_card":"summary_large_image","twitter_creator":"@https:\/\/twitter.com\/box_repsol","twitter_site":"@box_repsol","twitter_misc":{"Written by":"Redacci\u00f3n Box Repsol","Est. reading time":"2 minutos"},"schema":{"@context":"https:\/\/schema.org","@graph":[{"@type":"Article","@id":"https:\/\/www.boxrepsol.com\/es\/motogp\/pol-espargaro-finaliza-quinto-el-primer-dia-en-portimao\/#article","isPartOf":{"@id":"https:\/\/www.boxrepsol.com\/es\/motogp\/pol-espargaro-finaliza-quinto-el-primer-dia-en-portimao\/"},"author":{"name":"Redacci\u00f3n Box Repsol","@id":"https:\/\/www.boxrepsol.com\/es\/#\/schema\/person\/c5c2138f2cca251b0ad92b7086bb60b7"},"headline":"Pol Espargar\u00f3 finaliza quinto el primer d\u00eda en Portimao","datePublished":"2021-11-05T02:00:00+00:00","dateModified":"2024-04-10T08:40:38+00:00","mainEntityOfPage":{"@id":"https:\/\/www.boxrepsol.com\/es\/motogp\/pol-espargaro-finaliza-quinto-el-primer-dia-en-portimao\/"},"wordCount":415,"commentCount":0,"publisher":{"@id":"https:\/\/www.boxrepsol.com\/es\/#organization"},"image":{"@id":"https:\/\/www.boxrepsol.com\/es\/motogp\/pol-espargaro-finaliza-quinto-el-primer-dia-en-portimao\/#primaryimage"},"thumbnailUrl":"https:\/\/bxrepsol.s3.eu-west-1.amazonaws.com\/static\/2022\/08\/09140952\/viernes.jpg","keywords":["2021","MotoGP Portugal","Pol Espargar\u00f3"],"articleSection":["MotoGP"],"inLanguage":"es","potentialAction":[{"@type":"CommentAction","name":"Comment","target":["https:\/\/www.boxrepsol.com\/es\/motogp\/pol-espargaro-finaliza-quinto-el-primer-dia-en-portimao\/#respond"]}]},{"@type":"WebPage","@id":"https:\/\/www.boxrepsol.com\/es\/motogp\/pol-espargaro-finaliza-quinto-el-primer-dia-en-portimao\/","url":"https:\/\/www.boxrepsol.com\/es\/motogp\/pol-espargaro-finaliza-quinto-el-primer-dia-en-portimao\/","name":"Pol Espargar\u00f3 finaliza quinto el primer d\u00eda en Portimao - Box Repsol","isPartOf":{"@id":"https:\/\/www.boxrepsol.com\/es\/#website"},"primaryImageOfPage":{"@id":"https:\/\/www.boxrepsol.com\/es\/motogp\/pol-espargaro-finaliza-quinto-el-primer-dia-en-portimao\/#primaryimage"},"image":{"@id":"https:\/\/www.boxrepsol.com\/es\/motogp\/pol-espargaro-finaliza-quinto-el-primer-dia-en-portimao\/#primaryimage"},"thumbnailUrl":"https:\/\/bxrepsol.s3.eu-west-1.amazonaws.com\/static\/2022\/08\/09140952\/viernes.jpg","datePublished":"2021-11-05T02:00:00+00:00","dateModified":"2024-04-10T08:40:38+00:00","description":"Pol Espargar\u00f3 finaliza quinto en el primer d\u00eda en Portimao. Sigue de cerca el rendimiento del piloto espa\u00f1ol en este emocionante circuito.","breadcrumb":{"@id":"https:\/\/www.boxrepsol.com\/es\/motogp\/pol-espargaro-finaliza-quinto-el-primer-dia-en-portimao\/#breadcrumb"},"inLanguage":"es","potentialAction":[{"@type":"ReadAction","target":["https:\/\/www.boxrepsol.com\/es\/motogp\/pol-espargaro-finaliza-quinto-el-primer-dia-en-portimao\/"]}]},{"@type":"ImageObject","inLanguage":"es","@id":"https:\/\/www.boxrepsol.com\/es\/motogp\/pol-espargaro-finaliza-quinto-el-primer-dia-en-portimao\/#primaryimage","url":"https:\/\/bxrepsol.s3.eu-west-1.amazonaws.com\/static\/2022\/08\/09140952\/viernes.jpg","contentUrl":"https:\/\/bxrepsol.s3.eu-west-1.amazonaws.com\/static\/2022\/08\/09140952\/viernes.jpg","width":1280,"height":600},{"@type":"BreadcrumbList","@id":"https:\/\/www.boxrepsol.com\/es\/motogp\/pol-espargaro-finaliza-quinto-el-primer-dia-en-portimao\/#breadcrumb","itemListElement":[{"@type":"ListItem","position":1,"name":"Home","item":"https:\/\/www.boxrepsol.com\/es\/"},{"@type":"ListItem","position":2,"name":"Pol Espargar\u00f3 finaliza quinto el primer d\u00eda en Portimao"}]},{"@type":"WebSite","@id":"https:\/\/www.boxrepsol.com\/es\/#website","url":"https:\/\/www.boxrepsol.com\/es\/","name":"Box Repsol","description":"Box Repsol Site","publisher":{"@id":"https:\/\/www.boxrepsol.com\/es\/#organization"},"potentialAction":[{"@type":"SearchAction","target":{"@type":"EntryPoint","urlTemplate":"https:\/\/www.boxrepsol.com\/es\/?s={search_term_string}"},"query-input":{"@type":"PropertyValueSpecification","valueRequired":true,"valueName":"search_term_string"}}],"inLanguage":"es"},{"@type":"Organization","@id":"https:\/\/www.boxrepsol.com\/es\/#organization","name":"Box Repsol","url":"https:\/\/www.boxrepsol.com\/es\/","logo":{"@type":"ImageObject","inLanguage":"es","@id":"https:\/\/www.boxrepsol.com\/es\/#\/schema\/logo\/image\/","url":"https:\/\/bxrepsol.s3.eu-west-1.amazonaws.com\/static\/2025\/07\/30083337\/favicon-96x96-1.png","contentUrl":"https:\/\/bxrepsol.s3.eu-west-1.amazonaws.com\/static\/2025\/07\/30083337\/favicon-96x96-1.png","width":96,"height":96,"caption":"Box Repsol"},"image":{"@id":"https:\/\/www.boxrepsol.com\/es\/#\/schema\/logo\/image\/"},"sameAs":["https:\/\/www.facebook.com\/BoxRepsol","https:\/\/x.com\/box_repsol","http:\/\/instagram.com\/box_repsol","https:\/\/www.youtube.com\/user\/RepsolCompeticion","https:\/\/www.flickr.com\/photos\/box_repsol\/"]},{"@type":"Person","@id":"https:\/\/www.boxrepsol.com\/es\/#\/schema\/person\/c5c2138f2cca251b0ad92b7086bb60b7","name":"Redacci\u00f3n Box Repsol","image":{"@type":"ImageObject","inLanguage":"es","@id":"https:\/\/secure.gravatar.com\/avatar\/adf7b77e38b4419baf32c7e9c21dde01f4e40df611f0978e3006fc4ba0aaab7e?s=96&d=mm&r=g","url":"https:\/\/secure.gravatar.com\/avatar\/adf7b77e38b4419baf32c7e9c21dde01f4e40df611f0978e3006fc4ba0aaab7e?s=96&d=mm&r=g","contentUrl":"https:\/\/secure.gravatar.com\/avatar\/adf7b77e38b4419baf32c7e9c21dde01f4e40df611f0978e3006fc4ba0aaab7e?s=96&d=mm&r=g","caption":"Redacci\u00f3n Box Repsol"},"description":"Box Repsol lo forma un equipo de periodistas, community managers, dise\u00f1adores y fot\u00f3grafos con m\u00e1s de 20 a\u00f1os de experiencia en el mundo del motorsport. Hemos vivido el primer mundial de un espa\u00f1ol en la categor\u00eda reina de motociclismo con \u00c1lex Crivill\u00e9, estuvimos en las victorias de Pedrosa y los t\u00edtulos de M\u00e1rquez, acompa\u00f1amos en \u00c1frica a Nani Roma y Marc Coma en sus conquistas del Dakar y hemos vibrado con los t\u00edtulos de Toni Bou en Trial. Adem\u00e1s, en nuestro equipo contamos con expertos en el mundo de las dos y cuatro ruedas tanto de la calle y las carreteras, como de los circuitos. Periodistas que han trabajado en revistas y publicaciones para hacerte llegar desde rutas y consejos de mantenimiento, a curiosidades y trucos de pilotaje.","sameAs":["https:\/\/www.facebook.com\/BoxRepsol\/","https:\/\/www.instagram.com\/box_repsol\/","https:\/\/x.com\/https:\/\/twitter.com\/box_repsol","https:\/\/www.youtube.com\/@Boxrepsol"],"url":"https:\/\/www.boxrepsol.com\/es\/author\/redaccion-box-repsol\/"}]}},"_links":{"self":[{"href":"https:\/\/www.boxrepsol.com\/es\/wp-json\/wp\/v2\/posts\/95168","targetHints":{"allow":["GET"]}}],"collection":[{"href":"https:\/\/www.boxrepsol.com\/es\/wp-json\/wp\/v2\/posts"}],"about":[{"href":"https:\/\/www.boxrepsol.com\/es\/wp-json\/wp\/v2\/types\/post"}],"author":[{"embeddable":true,"href":"https:\/\/www.boxrepsol.com\/es\/wp-json\/wp\/v2\/users\/43146"}],"replies":[{"embeddable":true,"href":"https:\/\/www.boxrepsol.com\/es\/wp-json\/wp\/v2\/comments?post=95168"}],"version-history":[{"count":1,"href":"https:\/\/www.boxrepsol.com\/es\/wp-json\/wp\/v2\/posts\/95168\/revisions"}],"predecessor-version":[{"id":109463,"href":"https:\/\/www.boxrepsol.com\/es\/wp-json\/wp\/v2\/posts\/95168\/revisions\/109463"}],"wp:featuredmedia":[{"embeddable":true,"href":"https:\/\/www.boxrepsol.com\/es\/wp-json\/wp\/v2\/media\/44496"}],"wp:attachment":[{"href":"https:\/\/www.boxrepsol.com\/es\/wp-json\/wp\/v2\/media?parent=95168"}],"wp:term":[{"taxonomy":"category","embeddable":true,"href":"https:\/\/www.boxrepsol.com\/es\/wp-json\/wp\/v2\/categories?post=95168"},{"taxonomy":"post_tag","embeddable":true,"href":"https:\/\/www.boxrepsol.com\/es\/wp-json\/wp\/v2\/tags?post=95168"}],"curies":[{"name":"wp","href":"https:\/\/api.w.org\/{rel}","templated":true}]}}