{"id":95165,"date":"2021-11-03T00:00:00","date_gmt":"2021-11-03T02:00:00","guid":{"rendered":"http:\/\/pre.boxrepsol.com\/sin-categorizar\/penultima-carrera-del-ano-para-el-equipo-repsol-honda-sin-marc-marquez\/"},"modified":"2024-04-10T06:41:36","modified_gmt":"2024-04-10T08:41:36","slug":"penultima-carrera-del-ano-para-el-equipo-repsol-honda-sin-marc-marquez","status":"publish","type":"post","link":"https:\/\/www.boxrepsol.com\/es\/motogp\/penultima-carrera-del-ano-para-el-equipo-repsol-honda-sin-marc-marquez\/","title":{"rendered":"Pen\u00faltima carrera del a\u00f1o para el equipo Repsol Honda sin Marc M\u00e1rquez"},"content":{"rendered":"<p>Despu\u00e9s del podio conseguido en Misano, <strong>Pol Espargar\u00f3<\/strong> viajar\u00e1 al Circuito Internacional de <strong>Algarve, Portugal,<\/strong> para celebrar este fin de semana el decimos\u00e9ptimo Gran Premio de la temporada.<\/p>\n<p><strong>Pol Espargar\u00f3<\/strong> llega al Gran Premio de Algarve en un buen momento tras lograr subir al segundo escal\u00f3n del podio en Misano. Este resultado ha sido el mejor del piloto del equipo <strong>Repsol Honda<\/strong> desde que est\u00e1 en la categor\u00eda reina y, adem\u00e1s, fue su primer podio como piloto HRC.<\/p>\n<p>En su participaci\u00f3n del a\u00f1o pasado en este Gran Premio, <strong>Espargar\u00f3<\/strong> logr\u00f3 un cuarto puesto que le permiti\u00f3 finalizar entre los cinco mejores pilotos en la clasificaci\u00f3n general.<\/p>\n<p>Su compa\u00f1ero de equipo, <strong>Marc M\u00e1rquez,<\/strong> no estar\u00e1 en Portugal este fin de semana debido a una fuerte ca\u00edda que sufri\u00f3 el pasado s\u00e1bado entrenando motocross. Por precauci\u00f3n, tanto los doctores como el equipo han decidido esperar a que Marc se recupere del todo para volver a pilotar su Honda RC213V.<\/p>\n<p>Por este motivo, <strong>Stefan Bradl<\/strong> ser\u00e1 el sustituto de Marc en Portimao. El piloto alem\u00e1n del equipo Repsol Honda ya ha competido en este trazado, donde el a\u00f1o pasado finaliz\u00f3 en s\u00e9ptima posici\u00f3n el Gran Premio de Portugal.<\/p>\n<h3>Declaraciones de los pilotos<\/h3>\n<p><a href=\"https:\/\/twitter.com\/hashtag\/POL44?src=hashtag_click\">#POL44<\/a><\/p>\n<p>\u00abTuvimos un gran fin de semana en Misano y pudimos demostrar lo que somos capaces de hacer con la Honda, pero ahora tenemos un nuevo reto. Haber corrido ya en Portugal este a\u00f1o ser\u00e1 bueno porque tenemos buenas referencias del trazado, pero creo que este fin de semana puede ser un poco m\u00e1s dif\u00edcil en comparaci\u00f3n con Misano. Las condiciones ser\u00e1n diferentes, por lo que debemos comprender qu\u00e9 ajustes necesitaremos. La motivaci\u00f3n es muy alta para apretar en estas citas finales y recompensar al equipo de nuevo. Quiero desearle a Marc una pronta recuperaci\u00f3n\u00bb.<\/p>\n<p><a href=\"https:\/\/twitter.com\/hashtag\/SB6?src=hashtag_click\">#SB6<\/a><\/p>\n<p>\u00abEn primer lugar, deseo que Marc se est\u00e9 recuperando bien y pueda volver a la pista pronto. Tengo muchas ganas de volver a correr, ya que Portimao es un circuito que me gusta y en el que obtuvimos un buen resultado a finales de 2020. Nunca es f\u00e1cil subirse a la moto, pero hemos rodado bastante este a\u00f1o entre las carreras y los tests\u00bb.<\/p>\n","protected":false},"excerpt":{"rendered":"<p>El ocho veces Campe\u00f3n del Mundo se ausentar\u00e1 de la cita portuguesa tras sufrir una ca\u00edda el pasado s\u00e1bado mientras practicaba motocross y en su lugar correr\u00e1 el piloto de pruebas, Stefan Bradl. Pol Espargar\u00f3 regresar\u00e1 a la competici\u00f3n despu\u00e9s de sumar su primer podio con el equipo Repsol Honda.<\/p>\n","protected":false},"author":43146,"featured_media":44467,"comment_status":"open","ping_status":"open","sticky":false,"template":"","format":"standard","meta":{"footnotes":""},"categories":[4],"tags":[194,208,128],"class_list":["post-95165","post","type-post","status-publish","format-standard","hentry","category-motogp","tag-194","tag-motogp-portugal","tag-pol-espargaro"],"yoast_head":"<!-- This site is optimized with the Yoast SEO plugin v27.3 - https:\/\/yoast.com\/product\/yoast-seo-wordpress\/ -->\n<title>Pen\u00faltima carrera del a\u00f1o para el equipo Repsol Honda sin Marc M\u00e1rquez - Box Repsol<\/title>\n<meta name=\"description\" content=\"Pen\u00faltima carrera del a\u00f1o para el equipo Repsol Honda sin Marc M\u00e1rquez. Sigue de cerca la actuaci\u00f3n del equipo en ausencia del campe\u00f3n.\" \/>\n<link rel=\"canonical\" href=\"https:\/\/www.boxrepsol.com\/es\/motogp\/penultima-carrera-del-ano-para-el-equipo-repsol-honda-sin-marc-marquez\/\" \/>\n<meta property=\"og:locale\" content=\"es_ES\" \/>\n<meta property=\"og:type\" content=\"article\" \/>\n<meta property=\"og:title\" content=\"Pen\u00faltima carrera del a\u00f1o para el equipo Repsol Honda sin Marc M\u00e1rquez - Box Repsol\" \/>\n<meta property=\"og:description\" content=\"Pen\u00faltima carrera del a\u00f1o para el equipo Repsol Honda sin Marc M\u00e1rquez. Sigue de cerca la actuaci\u00f3n del equipo en ausencia del campe\u00f3n.\" \/>\n<meta property=\"og:url\" content=\"https:\/\/www.boxrepsol.com\/es\/motogp\/penultima-carrera-del-ano-para-el-equipo-repsol-honda-sin-marc-marquez\/\" \/>\n<meta property=\"og:site_name\" content=\"Box Repsol\" \/>\n<meta property=\"article:publisher\" content=\"https:\/\/www.facebook.com\/BoxRepsol\" \/>\n<meta property=\"article:author\" content=\"https:\/\/www.facebook.com\/BoxRepsol\/\" \/>\n<meta property=\"article:published_time\" content=\"2021-11-03T02:00:00+00:00\" \/>\n<meta property=\"article:modified_time\" content=\"2024-04-10T08:41:36+00:00\" \/>\n<meta property=\"og:image\" content=\"https:\/\/bxrepsol.s3.eu-west-1.amazonaws.com\/static\/2022\/08\/09140921\/http___repsolmedia.com_repsolmedia_wp-content_uploads_2021_11_http___repsolmedia.com_repsolmedia_wp-content_uploads_2021_04_Copy-of-RD3_Portimao_Espargaro_2021-03957-scaled-2.jpg\" \/>\n\t<meta property=\"og:image:width\" content=\"2500\" \/>\n\t<meta property=\"og:image:height\" content=\"1668\" \/>\n\t<meta property=\"og:image:type\" content=\"image\/jpeg\" \/>\n<meta name=\"author\" content=\"Redacci\u00f3n Box Repsol\" \/>\n<meta name=\"twitter:card\" content=\"summary_large_image\" \/>\n<meta name=\"twitter:creator\" content=\"@https:\/\/twitter.com\/box_repsol\" \/>\n<meta name=\"twitter:site\" content=\"@box_repsol\" \/>\n<meta name=\"twitter:label1\" content=\"Written by\" \/>\n\t<meta name=\"twitter:data1\" content=\"Redacci\u00f3n Box Repsol\" \/>\n\t<meta name=\"twitter:label2\" content=\"Est. reading time\" \/>\n\t<meta name=\"twitter:data2\" content=\"2 minutos\" \/>\n<script type=\"application\/ld+json\" class=\"yoast-schema-graph\">{\"@context\":\"https:\\\/\\\/schema.org\",\"@graph\":[{\"@type\":\"Article\",\"@id\":\"https:\\\/\\\/www.boxrepsol.com\\\/es\\\/motogp\\\/penultima-carrera-del-ano-para-el-equipo-repsol-honda-sin-marc-marquez\\\/#article\",\"isPartOf\":{\"@id\":\"https:\\\/\\\/www.boxrepsol.com\\\/es\\\/motogp\\\/penultima-carrera-del-ano-para-el-equipo-repsol-honda-sin-marc-marquez\\\/\"},\"author\":{\"name\":\"Redacci\u00f3n Box Repsol\",\"@id\":\"https:\\\/\\\/www.boxrepsol.com\\\/es\\\/#\\\/schema\\\/person\\\/c5c2138f2cca251b0ad92b7086bb60b7\"},\"headline\":\"Pen\u00faltima carrera del a\u00f1o para el equipo Repsol Honda sin Marc M\u00e1rquez\",\"datePublished\":\"2021-11-03T02:00:00+00:00\",\"dateModified\":\"2024-04-10T08:41:36+00:00\",\"mainEntityOfPage\":{\"@id\":\"https:\\\/\\\/www.boxrepsol.com\\\/es\\\/motogp\\\/penultima-carrera-del-ano-para-el-equipo-repsol-honda-sin-marc-marquez\\\/\"},\"wordCount\":400,\"commentCount\":0,\"publisher\":{\"@id\":\"https:\\\/\\\/www.boxrepsol.com\\\/es\\\/#organization\"},\"image\":{\"@id\":\"https:\\\/\\\/www.boxrepsol.com\\\/es\\\/motogp\\\/penultima-carrera-del-ano-para-el-equipo-repsol-honda-sin-marc-marquez\\\/#primaryimage\"},\"thumbnailUrl\":\"https:\\\/\\\/bxrepsol.s3.eu-west-1.amazonaws.com\\\/static\\\/2022\\\/08\\\/09140921\\\/http___repsolmedia.com_repsolmedia_wp-content_uploads_2021_11_http___repsolmedia.com_repsolmedia_wp-content_uploads_2021_04_Copy-of-RD3_Portimao_Espargaro_2021-03957-scaled-2.jpg\",\"keywords\":[\"2021\",\"MotoGP Portugal\",\"Pol Espargar\u00f3\"],\"articleSection\":[\"MotoGP\"],\"inLanguage\":\"es\",\"potentialAction\":[{\"@type\":\"CommentAction\",\"name\":\"Comment\",\"target\":[\"https:\\\/\\\/www.boxrepsol.com\\\/es\\\/motogp\\\/penultima-carrera-del-ano-para-el-equipo-repsol-honda-sin-marc-marquez\\\/#respond\"]}]},{\"@type\":\"WebPage\",\"@id\":\"https:\\\/\\\/www.boxrepsol.com\\\/es\\\/motogp\\\/penultima-carrera-del-ano-para-el-equipo-repsol-honda-sin-marc-marquez\\\/\",\"url\":\"https:\\\/\\\/www.boxrepsol.com\\\/es\\\/motogp\\\/penultima-carrera-del-ano-para-el-equipo-repsol-honda-sin-marc-marquez\\\/\",\"name\":\"Pen\u00faltima carrera del a\u00f1o para el equipo Repsol Honda sin Marc M\u00e1rquez - Box Repsol\",\"isPartOf\":{\"@id\":\"https:\\\/\\\/www.boxrepsol.com\\\/es\\\/#website\"},\"primaryImageOfPage\":{\"@id\":\"https:\\\/\\\/www.boxrepsol.com\\\/es\\\/motogp\\\/penultima-carrera-del-ano-para-el-equipo-repsol-honda-sin-marc-marquez\\\/#primaryimage\"},\"image\":{\"@id\":\"https:\\\/\\\/www.boxrepsol.com\\\/es\\\/motogp\\\/penultima-carrera-del-ano-para-el-equipo-repsol-honda-sin-marc-marquez\\\/#primaryimage\"},\"thumbnailUrl\":\"https:\\\/\\\/bxrepsol.s3.eu-west-1.amazonaws.com\\\/static\\\/2022\\\/08\\\/09140921\\\/http___repsolmedia.com_repsolmedia_wp-content_uploads_2021_11_http___repsolmedia.com_repsolmedia_wp-content_uploads_2021_04_Copy-of-RD3_Portimao_Espargaro_2021-03957-scaled-2.jpg\",\"datePublished\":\"2021-11-03T02:00:00+00:00\",\"dateModified\":\"2024-04-10T08:41:36+00:00\",\"description\":\"Pen\u00faltima carrera del a\u00f1o para el equipo Repsol Honda sin Marc M\u00e1rquez. Sigue de cerca la actuaci\u00f3n del equipo en ausencia del campe\u00f3n.\",\"breadcrumb\":{\"@id\":\"https:\\\/\\\/www.boxrepsol.com\\\/es\\\/motogp\\\/penultima-carrera-del-ano-para-el-equipo-repsol-honda-sin-marc-marquez\\\/#breadcrumb\"},\"inLanguage\":\"es\",\"potentialAction\":[{\"@type\":\"ReadAction\",\"target\":[\"https:\\\/\\\/www.boxrepsol.com\\\/es\\\/motogp\\\/penultima-carrera-del-ano-para-el-equipo-repsol-honda-sin-marc-marquez\\\/\"]}]},{\"@type\":\"ImageObject\",\"inLanguage\":\"es\",\"@id\":\"https:\\\/\\\/www.boxrepsol.com\\\/es\\\/motogp\\\/penultima-carrera-del-ano-para-el-equipo-repsol-honda-sin-marc-marquez\\\/#primaryimage\",\"url\":\"https:\\\/\\\/bxrepsol.s3.eu-west-1.amazonaws.com\\\/static\\\/2022\\\/08\\\/09140921\\\/http___repsolmedia.com_repsolmedia_wp-content_uploads_2021_11_http___repsolmedia.com_repsolmedia_wp-content_uploads_2021_04_Copy-of-RD3_Portimao_Espargaro_2021-03957-scaled-2.jpg\",\"contentUrl\":\"https:\\\/\\\/bxrepsol.s3.eu-west-1.amazonaws.com\\\/static\\\/2022\\\/08\\\/09140921\\\/http___repsolmedia.com_repsolmedia_wp-content_uploads_2021_11_http___repsolmedia.com_repsolmedia_wp-content_uploads_2021_04_Copy-of-RD3_Portimao_Espargaro_2021-03957-scaled-2.jpg\",\"width\":2500,\"height\":1668},{\"@type\":\"BreadcrumbList\",\"@id\":\"https:\\\/\\\/www.boxrepsol.com\\\/es\\\/motogp\\\/penultima-carrera-del-ano-para-el-equipo-repsol-honda-sin-marc-marquez\\\/#breadcrumb\",\"itemListElement\":[{\"@type\":\"ListItem\",\"position\":1,\"name\":\"Home\",\"item\":\"https:\\\/\\\/www.boxrepsol.com\\\/es\\\/\"},{\"@type\":\"ListItem\",\"position\":2,\"name\":\"Pen\u00faltima carrera del a\u00f1o para el equipo Repsol Honda sin Marc M\u00e1rquez\"}]},{\"@type\":\"WebSite\",\"@id\":\"https:\\\/\\\/www.boxrepsol.com\\\/es\\\/#website\",\"url\":\"https:\\\/\\\/www.boxrepsol.com\\\/es\\\/\",\"name\":\"Box Repsol\",\"description\":\"Box Repsol Site\",\"publisher\":{\"@id\":\"https:\\\/\\\/www.boxrepsol.com\\\/es\\\/#organization\"},\"potentialAction\":[{\"@type\":\"SearchAction\",\"target\":{\"@type\":\"EntryPoint\",\"urlTemplate\":\"https:\\\/\\\/www.boxrepsol.com\\\/es\\\/?s={search_term_string}\"},\"query-input\":{\"@type\":\"PropertyValueSpecification\",\"valueRequired\":true,\"valueName\":\"search_term_string\"}}],\"inLanguage\":\"es\"},{\"@type\":\"Organization\",\"@id\":\"https:\\\/\\\/www.boxrepsol.com\\\/es\\\/#organization\",\"name\":\"Box Repsol\",\"url\":\"https:\\\/\\\/www.boxrepsol.com\\\/es\\\/\",\"logo\":{\"@type\":\"ImageObject\",\"inLanguage\":\"es\",\"@id\":\"https:\\\/\\\/www.boxrepsol.com\\\/es\\\/#\\\/schema\\\/logo\\\/image\\\/\",\"url\":\"https:\\\/\\\/bxrepsol.s3.eu-west-1.amazonaws.com\\\/static\\\/2025\\\/07\\\/30083337\\\/favicon-96x96-1.png\",\"contentUrl\":\"https:\\\/\\\/bxrepsol.s3.eu-west-1.amazonaws.com\\\/static\\\/2025\\\/07\\\/30083337\\\/favicon-96x96-1.png\",\"width\":96,\"height\":96,\"caption\":\"Box Repsol\"},\"image\":{\"@id\":\"https:\\\/\\\/www.boxrepsol.com\\\/es\\\/#\\\/schema\\\/logo\\\/image\\\/\"},\"sameAs\":[\"https:\\\/\\\/www.facebook.com\\\/BoxRepsol\",\"https:\\\/\\\/x.com\\\/box_repsol\",\"http:\\\/\\\/instagram.com\\\/box_repsol\",\"https:\\\/\\\/www.youtube.com\\\/user\\\/RepsolCompeticion\",\"https:\\\/\\\/www.flickr.com\\\/photos\\\/box_repsol\\\/\"]},{\"@type\":\"Person\",\"@id\":\"https:\\\/\\\/www.boxrepsol.com\\\/es\\\/#\\\/schema\\\/person\\\/c5c2138f2cca251b0ad92b7086bb60b7\",\"name\":\"Redacci\u00f3n Box Repsol\",\"image\":{\"@type\":\"ImageObject\",\"inLanguage\":\"es\",\"@id\":\"https:\\\/\\\/secure.gravatar.com\\\/avatar\\\/adf7b77e38b4419baf32c7e9c21dde01f4e40df611f0978e3006fc4ba0aaab7e?s=96&d=mm&r=g\",\"url\":\"https:\\\/\\\/secure.gravatar.com\\\/avatar\\\/adf7b77e38b4419baf32c7e9c21dde01f4e40df611f0978e3006fc4ba0aaab7e?s=96&d=mm&r=g\",\"contentUrl\":\"https:\\\/\\\/secure.gravatar.com\\\/avatar\\\/adf7b77e38b4419baf32c7e9c21dde01f4e40df611f0978e3006fc4ba0aaab7e?s=96&d=mm&r=g\",\"caption\":\"Redacci\u00f3n Box Repsol\"},\"description\":\"Box Repsol lo forma un equipo de periodistas, community managers, dise\u00f1adores y fot\u00f3grafos con m\u00e1s de 20 a\u00f1os de experiencia en el mundo del motorsport. Hemos vivido el primer mundial de un espa\u00f1ol en la categor\u00eda reina de motociclismo con \u00c1lex Crivill\u00e9, estuvimos en las victorias de Pedrosa y los t\u00edtulos de M\u00e1rquez, acompa\u00f1amos en \u00c1frica a Nani Roma y Marc Coma en sus conquistas del Dakar y hemos vibrado con los t\u00edtulos de Toni Bou en Trial. Adem\u00e1s, en nuestro equipo contamos con expertos en el mundo de las dos y cuatro ruedas tanto de la calle y las carreteras, como de los circuitos. Periodistas que han trabajado en revistas y publicaciones para hacerte llegar desde rutas y consejos de mantenimiento, a curiosidades y trucos de pilotaje.\",\"sameAs\":[\"https:\\\/\\\/www.facebook.com\\\/BoxRepsol\\\/\",\"https:\\\/\\\/www.instagram.com\\\/box_repsol\\\/\",\"https:\\\/\\\/x.com\\\/https:\\\/\\\/twitter.com\\\/box_repsol\",\"https:\\\/\\\/www.youtube.com\\\/@Boxrepsol\"],\"url\":\"https:\\\/\\\/www.boxrepsol.com\\\/es\\\/author\\\/redaccion-box-repsol\\\/\"}]}<\/script>\n<!-- \/ Yoast SEO plugin. -->","yoast_head_json":{"title":"Pen\u00faltima carrera del a\u00f1o para el equipo Repsol Honda sin Marc M\u00e1rquez - Box Repsol","description":"Pen\u00faltima carrera del a\u00f1o para el equipo Repsol Honda sin Marc M\u00e1rquez. Sigue de cerca la actuaci\u00f3n del equipo en ausencia del campe\u00f3n.","canonical":"https:\/\/www.boxrepsol.com\/es\/motogp\/penultima-carrera-del-ano-para-el-equipo-repsol-honda-sin-marc-marquez\/","og_locale":"es_ES","og_type":"article","og_title":"Pen\u00faltima carrera del a\u00f1o para el equipo Repsol Honda sin Marc M\u00e1rquez - Box Repsol","og_description":"Pen\u00faltima carrera del a\u00f1o para el equipo Repsol Honda sin Marc M\u00e1rquez. Sigue de cerca la actuaci\u00f3n del equipo en ausencia del campe\u00f3n.","og_url":"https:\/\/www.boxrepsol.com\/es\/motogp\/penultima-carrera-del-ano-para-el-equipo-repsol-honda-sin-marc-marquez\/","og_site_name":"Box Repsol","article_publisher":"https:\/\/www.facebook.com\/BoxRepsol","article_author":"https:\/\/www.facebook.com\/BoxRepsol\/","article_published_time":"2021-11-03T02:00:00+00:00","article_modified_time":"2024-04-10T08:41:36+00:00","og_image":[{"width":2500,"height":1668,"url":"https:\/\/bxrepsol.s3.eu-west-1.amazonaws.com\/static\/2022\/08\/09140921\/http___repsolmedia.com_repsolmedia_wp-content_uploads_2021_11_http___repsolmedia.com_repsolmedia_wp-content_uploads_2021_04_Copy-of-RD3_Portimao_Espargaro_2021-03957-scaled-2.jpg","type":"image\/jpeg"}],"author":"Redacci\u00f3n Box Repsol","twitter_card":"summary_large_image","twitter_creator":"@https:\/\/twitter.com\/box_repsol","twitter_site":"@box_repsol","twitter_misc":{"Written by":"Redacci\u00f3n Box Repsol","Est. reading time":"2 minutos"},"schema":{"@context":"https:\/\/schema.org","@graph":[{"@type":"Article","@id":"https:\/\/www.boxrepsol.com\/es\/motogp\/penultima-carrera-del-ano-para-el-equipo-repsol-honda-sin-marc-marquez\/#article","isPartOf":{"@id":"https:\/\/www.boxrepsol.com\/es\/motogp\/penultima-carrera-del-ano-para-el-equipo-repsol-honda-sin-marc-marquez\/"},"author":{"name":"Redacci\u00f3n Box Repsol","@id":"https:\/\/www.boxrepsol.com\/es\/#\/schema\/person\/c5c2138f2cca251b0ad92b7086bb60b7"},"headline":"Pen\u00faltima carrera del a\u00f1o para el equipo Repsol Honda sin Marc M\u00e1rquez","datePublished":"2021-11-03T02:00:00+00:00","dateModified":"2024-04-10T08:41:36+00:00","mainEntityOfPage":{"@id":"https:\/\/www.boxrepsol.com\/es\/motogp\/penultima-carrera-del-ano-para-el-equipo-repsol-honda-sin-marc-marquez\/"},"wordCount":400,"commentCount":0,"publisher":{"@id":"https:\/\/www.boxrepsol.com\/es\/#organization"},"image":{"@id":"https:\/\/www.boxrepsol.com\/es\/motogp\/penultima-carrera-del-ano-para-el-equipo-repsol-honda-sin-marc-marquez\/#primaryimage"},"thumbnailUrl":"https:\/\/bxrepsol.s3.eu-west-1.amazonaws.com\/static\/2022\/08\/09140921\/http___repsolmedia.com_repsolmedia_wp-content_uploads_2021_11_http___repsolmedia.com_repsolmedia_wp-content_uploads_2021_04_Copy-of-RD3_Portimao_Espargaro_2021-03957-scaled-2.jpg","keywords":["2021","MotoGP Portugal","Pol Espargar\u00f3"],"articleSection":["MotoGP"],"inLanguage":"es","potentialAction":[{"@type":"CommentAction","name":"Comment","target":["https:\/\/www.boxrepsol.com\/es\/motogp\/penultima-carrera-del-ano-para-el-equipo-repsol-honda-sin-marc-marquez\/#respond"]}]},{"@type":"WebPage","@id":"https:\/\/www.boxrepsol.com\/es\/motogp\/penultima-carrera-del-ano-para-el-equipo-repsol-honda-sin-marc-marquez\/","url":"https:\/\/www.boxrepsol.com\/es\/motogp\/penultima-carrera-del-ano-para-el-equipo-repsol-honda-sin-marc-marquez\/","name":"Pen\u00faltima carrera del a\u00f1o para el equipo Repsol Honda sin Marc M\u00e1rquez - Box Repsol","isPartOf":{"@id":"https:\/\/www.boxrepsol.com\/es\/#website"},"primaryImageOfPage":{"@id":"https:\/\/www.boxrepsol.com\/es\/motogp\/penultima-carrera-del-ano-para-el-equipo-repsol-honda-sin-marc-marquez\/#primaryimage"},"image":{"@id":"https:\/\/www.boxrepsol.com\/es\/motogp\/penultima-carrera-del-ano-para-el-equipo-repsol-honda-sin-marc-marquez\/#primaryimage"},"thumbnailUrl":"https:\/\/bxrepsol.s3.eu-west-1.amazonaws.com\/static\/2022\/08\/09140921\/http___repsolmedia.com_repsolmedia_wp-content_uploads_2021_11_http___repsolmedia.com_repsolmedia_wp-content_uploads_2021_04_Copy-of-RD3_Portimao_Espargaro_2021-03957-scaled-2.jpg","datePublished":"2021-11-03T02:00:00+00:00","dateModified":"2024-04-10T08:41:36+00:00","description":"Pen\u00faltima carrera del a\u00f1o para el equipo Repsol Honda sin Marc M\u00e1rquez. Sigue de cerca la actuaci\u00f3n del equipo en ausencia del campe\u00f3n.","breadcrumb":{"@id":"https:\/\/www.boxrepsol.com\/es\/motogp\/penultima-carrera-del-ano-para-el-equipo-repsol-honda-sin-marc-marquez\/#breadcrumb"},"inLanguage":"es","potentialAction":[{"@type":"ReadAction","target":["https:\/\/www.boxrepsol.com\/es\/motogp\/penultima-carrera-del-ano-para-el-equipo-repsol-honda-sin-marc-marquez\/"]}]},{"@type":"ImageObject","inLanguage":"es","@id":"https:\/\/www.boxrepsol.com\/es\/motogp\/penultima-carrera-del-ano-para-el-equipo-repsol-honda-sin-marc-marquez\/#primaryimage","url":"https:\/\/bxrepsol.s3.eu-west-1.amazonaws.com\/static\/2022\/08\/09140921\/http___repsolmedia.com_repsolmedia_wp-content_uploads_2021_11_http___repsolmedia.com_repsolmedia_wp-content_uploads_2021_04_Copy-of-RD3_Portimao_Espargaro_2021-03957-scaled-2.jpg","contentUrl":"https:\/\/bxrepsol.s3.eu-west-1.amazonaws.com\/static\/2022\/08\/09140921\/http___repsolmedia.com_repsolmedia_wp-content_uploads_2021_11_http___repsolmedia.com_repsolmedia_wp-content_uploads_2021_04_Copy-of-RD3_Portimao_Espargaro_2021-03957-scaled-2.jpg","width":2500,"height":1668},{"@type":"BreadcrumbList","@id":"https:\/\/www.boxrepsol.com\/es\/motogp\/penultima-carrera-del-ano-para-el-equipo-repsol-honda-sin-marc-marquez\/#breadcrumb","itemListElement":[{"@type":"ListItem","position":1,"name":"Home","item":"https:\/\/www.boxrepsol.com\/es\/"},{"@type":"ListItem","position":2,"name":"Pen\u00faltima carrera del a\u00f1o para el equipo Repsol Honda sin Marc M\u00e1rquez"}]},{"@type":"WebSite","@id":"https:\/\/www.boxrepsol.com\/es\/#website","url":"https:\/\/www.boxrepsol.com\/es\/","name":"Box Repsol","description":"Box Repsol Site","publisher":{"@id":"https:\/\/www.boxrepsol.com\/es\/#organization"},"potentialAction":[{"@type":"SearchAction","target":{"@type":"EntryPoint","urlTemplate":"https:\/\/www.boxrepsol.com\/es\/?s={search_term_string}"},"query-input":{"@type":"PropertyValueSpecification","valueRequired":true,"valueName":"search_term_string"}}],"inLanguage":"es"},{"@type":"Organization","@id":"https:\/\/www.boxrepsol.com\/es\/#organization","name":"Box Repsol","url":"https:\/\/www.boxrepsol.com\/es\/","logo":{"@type":"ImageObject","inLanguage":"es","@id":"https:\/\/www.boxrepsol.com\/es\/#\/schema\/logo\/image\/","url":"https:\/\/bxrepsol.s3.eu-west-1.amazonaws.com\/static\/2025\/07\/30083337\/favicon-96x96-1.png","contentUrl":"https:\/\/bxrepsol.s3.eu-west-1.amazonaws.com\/static\/2025\/07\/30083337\/favicon-96x96-1.png","width":96,"height":96,"caption":"Box Repsol"},"image":{"@id":"https:\/\/www.boxrepsol.com\/es\/#\/schema\/logo\/image\/"},"sameAs":["https:\/\/www.facebook.com\/BoxRepsol","https:\/\/x.com\/box_repsol","http:\/\/instagram.com\/box_repsol","https:\/\/www.youtube.com\/user\/RepsolCompeticion","https:\/\/www.flickr.com\/photos\/box_repsol\/"]},{"@type":"Person","@id":"https:\/\/www.boxrepsol.com\/es\/#\/schema\/person\/c5c2138f2cca251b0ad92b7086bb60b7","name":"Redacci\u00f3n Box Repsol","image":{"@type":"ImageObject","inLanguage":"es","@id":"https:\/\/secure.gravatar.com\/avatar\/adf7b77e38b4419baf32c7e9c21dde01f4e40df611f0978e3006fc4ba0aaab7e?s=96&d=mm&r=g","url":"https:\/\/secure.gravatar.com\/avatar\/adf7b77e38b4419baf32c7e9c21dde01f4e40df611f0978e3006fc4ba0aaab7e?s=96&d=mm&r=g","contentUrl":"https:\/\/secure.gravatar.com\/avatar\/adf7b77e38b4419baf32c7e9c21dde01f4e40df611f0978e3006fc4ba0aaab7e?s=96&d=mm&r=g","caption":"Redacci\u00f3n Box Repsol"},"description":"Box Repsol lo forma un equipo de periodistas, community managers, dise\u00f1adores y fot\u00f3grafos con m\u00e1s de 20 a\u00f1os de experiencia en el mundo del motorsport. Hemos vivido el primer mundial de un espa\u00f1ol en la categor\u00eda reina de motociclismo con \u00c1lex Crivill\u00e9, estuvimos en las victorias de Pedrosa y los t\u00edtulos de M\u00e1rquez, acompa\u00f1amos en \u00c1frica a Nani Roma y Marc Coma en sus conquistas del Dakar y hemos vibrado con los t\u00edtulos de Toni Bou en Trial. Adem\u00e1s, en nuestro equipo contamos con expertos en el mundo de las dos y cuatro ruedas tanto de la calle y las carreteras, como de los circuitos. Periodistas que han trabajado en revistas y publicaciones para hacerte llegar desde rutas y consejos de mantenimiento, a curiosidades y trucos de pilotaje.","sameAs":["https:\/\/www.facebook.com\/BoxRepsol\/","https:\/\/www.instagram.com\/box_repsol\/","https:\/\/x.com\/https:\/\/twitter.com\/box_repsol","https:\/\/www.youtube.com\/@Boxrepsol"],"url":"https:\/\/www.boxrepsol.com\/es\/author\/redaccion-box-repsol\/"}]}},"_links":{"self":[{"href":"https:\/\/www.boxrepsol.com\/es\/wp-json\/wp\/v2\/posts\/95165","targetHints":{"allow":["GET"]}}],"collection":[{"href":"https:\/\/www.boxrepsol.com\/es\/wp-json\/wp\/v2\/posts"}],"about":[{"href":"https:\/\/www.boxrepsol.com\/es\/wp-json\/wp\/v2\/types\/post"}],"author":[{"embeddable":true,"href":"https:\/\/www.boxrepsol.com\/es\/wp-json\/wp\/v2\/users\/43146"}],"replies":[{"embeddable":true,"href":"https:\/\/www.boxrepsol.com\/es\/wp-json\/wp\/v2\/comments?post=95165"}],"version-history":[{"count":1,"href":"https:\/\/www.boxrepsol.com\/es\/wp-json\/wp\/v2\/posts\/95165\/revisions"}],"predecessor-version":[{"id":109465,"href":"https:\/\/www.boxrepsol.com\/es\/wp-json\/wp\/v2\/posts\/95165\/revisions\/109465"}],"wp:featuredmedia":[{"embeddable":true,"href":"https:\/\/www.boxrepsol.com\/es\/wp-json\/wp\/v2\/media\/44467"}],"wp:attachment":[{"href":"https:\/\/www.boxrepsol.com\/es\/wp-json\/wp\/v2\/media?parent=95165"}],"wp:term":[{"taxonomy":"category","embeddable":true,"href":"https:\/\/www.boxrepsol.com\/es\/wp-json\/wp\/v2\/categories?post=95165"},{"taxonomy":"post_tag","embeddable":true,"href":"https:\/\/www.boxrepsol.com\/es\/wp-json\/wp\/v2\/tags?post=95165"}],"curies":[{"name":"wp","href":"https:\/\/api.w.org\/{rel}","templated":true}]}}