{"id":95159,"date":"2021-10-24T00:00:00","date_gmt":"2021-10-24T02:00:00","guid":{"rendered":"http:\/\/pre.boxrepsol.com\/sin-categorizar\/victoria-y-segundo-puesto-para-el-equipo-repsol-honda-en-misano\/"},"modified":"2024-04-10T06:44:26","modified_gmt":"2024-04-10T08:44:26","slug":"victoria-y-segundo-puesto-para-el-equipo-repsol-honda-en-misano","status":"publish","type":"post","link":"https:\/\/www.boxrepsol.com\/es\/motogp\/victoria-y-segundo-puesto-para-el-equipo-repsol-honda-en-misano\/","title":{"rendered":"Victoria y segundo puesto para el equipo Repsol Honda en Misano"},"content":{"rendered":"<p>El <strong>Misano World Circuit Marco Simoncelli<\/strong> ha sido escenario hoy, bajo un cielo despejado, del primer doblete del equipo <strong>Repsol Honda<\/strong> con el binomio <strong>M\u00e1rquez\/Espargar\u00f3.<\/strong>\u00a0El franc\u00e9s Fabio <strong>Quartararo<\/strong> se ha proclamado hoy Campe\u00f3n del Mundo de MotoGP 2021.<\/p>\n<p><strong>Marc M\u00e1rquez<\/strong> part\u00eda s\u00e9ptimo en la parrilla y despu\u00e9s de realizar una gran salida, se ha posicionado entre los tres primeros desde el inicio. El piloto del equipo <strong>Repsol Honda<\/strong> ha estado tres cuartas partes de la carrera situado en la segunda posici\u00f3n y, a falta de cinco vueltas para el final, una ca\u00edda de Francesco Bagnaia ha permitido a <strong>Marc<\/strong> cruzar la l\u00ednea de meta primero. Con esta victoria y despu\u00e9s de la de Austin, <strong>Marc<\/strong> vuelve a conseguir dos triunfos consecutivos, cosa que no pasaba desde el a\u00f1o 2019 en Jap\u00f3n y Australia.<\/p>\n<p>Al otro lado del box, <strong>Pol Espargar\u00f3<\/strong> ha logrado su <strong>primer podio<\/strong> como piloto del equipo <strong>Repsol Honda.<\/strong> Despu\u00e9s de realizar un buen fin de semana y clasificarse cuarto para la parrilla de salida, Espargar\u00f3 ha mantenido un ritmo muy constante que le ha permitido ocupar posiciones de podio de principio a fin de la carrera.<\/p>\n<p>El equipo <strong>Repsol Honda<\/strong> ha sumado un primero y un segundo puesto despu\u00e9s de que lo hiciera por \u00faltima vez en Arag\u00f3n en el a\u00f1o 2017.<\/p>\n<p>Completada la decimosexta cita de la temporada y a falta de dos pruebas para el final, <strong>Marc M\u00e1rquez<\/strong> ocupa la sexta plaza de la clasificaci\u00f3n general con un total de 142 puntos y <strong>Pol Espargar\u00f3<\/strong> la duod\u00e9cima, con 90 puntos.<\/p>\n<h3>Declaraciones de los pilotos<\/h3>\n<p><a href=\"https:\/\/twitter.com\/search?q=%23MM93&amp;src=hashtag_click\" target=\"_blank\" rel=\"noopener\">#MM93<\/a><\/p>\n<p>\u00abEsta es una victoria mucho m\u00e1s importante que la de Austin. Mi a derechas para terminar la temporada. Y hemos ganado. Aqu\u00ed normalmente no somos fuertes y hoy hemos tenido un ritmo de carrera super r\u00e1pido. Cuando Pecco ha empezado a empujar, sinceramente he dicho \u00abvale\u00bb y me he relajado un poco, pero entonces se ha ca\u00eddo. Afortunadamente \u00e9l est\u00e1 bien y hemos podido sacar provecho, porque \u00e9l ten\u00eda toda la ventaja para ganar. Seguimos mejorando y \u00e9sta es la mejor manera de terminar la temporada 2021, mientras nos preparamos para 2022. Cuando miras la brecha en comparaci\u00f3n con la primera carrera aqu\u00ed, hemos dado un paso adelante. Tambi\u00e9n quiero dar una gran enhorabuena a Fabio por su t\u00edtulo, ha estado incre\u00edble este a\u00f1o y realmente se lo merece. Hoy es su d\u00eda, pero espero volver a pelear con \u00e9l el a\u00f1o que viene\u00bb.<\/p>\n<p><a href=\"https:\/\/twitter.com\/search?q=%23POL44&amp;src=hashtag_click\" target=\"_blank\" rel=\"noopener\">#POL44<\/a><\/p>\n<p>\u00abUna carrera y un resultado incre\u00edbles, m\u00e1s all\u00e1 de m\u00ed mismo, estoy muy feliz y contento por el equipo. Han trabajado muy duro este a\u00f1o, y especialmente el personal japon\u00e9s de nuestro equipo ha vivido un a\u00f1o duro fuera de casa, as\u00ed que este resultado es para ellos. Es un resultado de equipo y muestra el trabajo y el progreso que hemos logrado y estamos consiguiendo. He estado bastante tenso durante la carrera, centrado en asegurarme de que pod\u00edamos lograr este resultado para el equipo, pero en las \u00faltimas vueltas ha pasado de todo, Pecco se ha ca\u00eddo, Miguel tambi\u00e9n y ten\u00eda una advertencia de haber superado los l\u00edmites de la pista. Hoy es un d\u00eda para disfrutar en equipo, en grupo. Ha sido una monta\u00f1a rusa este a\u00f1o, pero este resultado muestra lo que podemos hacer con m\u00e1s conocimiento de la moto. Enhorabuena tambi\u00e9n a Quartararo por su Campeonato del Mundo, ha sido la referencia durante todo el a\u00f1o y ha hecho una gran temporada\u00bb.<\/p>\n","protected":false},"excerpt":{"rendered":"<p>Marc M\u00e1rquez gana el Gran Premio dell\u2019Emilia &#8211; Romagna seguido de Pol Espargar\u00f3, que finaliza segundo logrando su primer podio con HRC<\/p>\n","protected":false},"author":43146,"featured_media":44433,"comment_status":"open","ping_status":"open","sticky":false,"template":"","format":"standard","meta":{"footnotes":""},"categories":[4],"tags":[194,6,142,128],"class_list":["post-95159","post","type-post","status-publish","format-standard","hentry","category-motogp","tag-194","tag-marc-marquez","tag-motogp-misano","tag-pol-espargaro"],"yoast_head":"<!-- This site is optimized with the Yoast SEO plugin v27.3 - https:\/\/yoast.com\/product\/yoast-seo-wordpress\/ -->\n<title>Victoria y segundo puesto para el equipo Repsol Honda en Misano - Box Repsol<\/title>\n<link rel=\"canonical\" href=\"https:\/\/www.boxrepsol.com\/es\/motogp\/victoria-y-segundo-puesto-para-el-equipo-repsol-honda-en-misano\/\" \/>\n<meta property=\"og:locale\" content=\"es_ES\" \/>\n<meta property=\"og:type\" content=\"article\" \/>\n<meta property=\"og:title\" content=\"Victoria y segundo puesto para el equipo Repsol Honda en Misano - Box Repsol\" \/>\n<meta property=\"og:description\" content=\"Marc M\u00e1rquez gana el Gran Premio dell\u2019Emilia - Romagna seguido de Pol Espargar\u00f3, que finaliza segundo logrando su primer podio con HRC\" \/>\n<meta property=\"og:url\" content=\"https:\/\/www.boxrepsol.com\/es\/motogp\/victoria-y-segundo-puesto-para-el-equipo-repsol-honda-en-misano\/\" \/>\n<meta property=\"og:site_name\" content=\"Box Repsol\" \/>\n<meta property=\"article:publisher\" content=\"https:\/\/www.facebook.com\/BoxRepsol\" \/>\n<meta property=\"article:author\" content=\"https:\/\/www.facebook.com\/BoxRepsol\/\" \/>\n<meta property=\"article:published_time\" content=\"2021-10-24T02:00:00+00:00\" \/>\n<meta property=\"article:modified_time\" content=\"2024-04-10T08:44:26+00:00\" \/>\n<meta property=\"og:image\" content=\"https:\/\/bxrepsol.s3.eu-west-1.amazonaws.com\/static\/2022\/08\/09140832\/http___repsolmedia.com_repsolmedia_wp-content_uploads_2021_10_Copy-of-RD16_EmiliaRomagna_2021-05519.jpg\" \/>\n\t<meta property=\"og:image:width\" content=\"2500\" \/>\n\t<meta property=\"og:image:height\" content=\"1668\" \/>\n\t<meta property=\"og:image:type\" content=\"image\/jpeg\" \/>\n<meta name=\"author\" content=\"Redacci\u00f3n Box Repsol\" \/>\n<meta name=\"twitter:card\" content=\"summary_large_image\" \/>\n<meta name=\"twitter:creator\" content=\"@https:\/\/twitter.com\/box_repsol\" \/>\n<meta name=\"twitter:site\" content=\"@box_repsol\" \/>\n<meta name=\"twitter:label1\" content=\"Written by\" \/>\n\t<meta name=\"twitter:data1\" content=\"Redacci\u00f3n Box Repsol\" \/>\n\t<meta name=\"twitter:label2\" content=\"Est. reading time\" \/>\n\t<meta name=\"twitter:data2\" content=\"3 minutos\" \/>\n<script type=\"application\/ld+json\" class=\"yoast-schema-graph\">{\"@context\":\"https:\\\/\\\/schema.org\",\"@graph\":[{\"@type\":\"Article\",\"@id\":\"https:\\\/\\\/www.boxrepsol.com\\\/es\\\/motogp\\\/victoria-y-segundo-puesto-para-el-equipo-repsol-honda-en-misano\\\/#article\",\"isPartOf\":{\"@id\":\"https:\\\/\\\/www.boxrepsol.com\\\/es\\\/motogp\\\/victoria-y-segundo-puesto-para-el-equipo-repsol-honda-en-misano\\\/\"},\"author\":{\"name\":\"Redacci\u00f3n Box Repsol\",\"@id\":\"https:\\\/\\\/www.boxrepsol.com\\\/es\\\/#\\\/schema\\\/person\\\/c5c2138f2cca251b0ad92b7086bb60b7\"},\"headline\":\"Victoria y segundo puesto para el equipo Repsol Honda en Misano\",\"datePublished\":\"2021-10-24T02:00:00+00:00\",\"dateModified\":\"2024-04-10T08:44:26+00:00\",\"mainEntityOfPage\":{\"@id\":\"https:\\\/\\\/www.boxrepsol.com\\\/es\\\/motogp\\\/victoria-y-segundo-puesto-para-el-equipo-repsol-honda-en-misano\\\/\"},\"wordCount\":624,\"commentCount\":0,\"publisher\":{\"@id\":\"https:\\\/\\\/www.boxrepsol.com\\\/es\\\/#organization\"},\"image\":{\"@id\":\"https:\\\/\\\/www.boxrepsol.com\\\/es\\\/motogp\\\/victoria-y-segundo-puesto-para-el-equipo-repsol-honda-en-misano\\\/#primaryimage\"},\"thumbnailUrl\":\"https:\\\/\\\/bxrepsol.s3.eu-west-1.amazonaws.com\\\/static\\\/2022\\\/08\\\/09140832\\\/http___repsolmedia.com_repsolmedia_wp-content_uploads_2021_10_Copy-of-RD16_EmiliaRomagna_2021-05519.jpg\",\"keywords\":[\"2021\",\"Marc M\u00e1rquez\",\"MotoGP Misano\",\"Pol Espargar\u00f3\"],\"articleSection\":[\"MotoGP\"],\"inLanguage\":\"es\",\"potentialAction\":[{\"@type\":\"CommentAction\",\"name\":\"Comment\",\"target\":[\"https:\\\/\\\/www.boxrepsol.com\\\/es\\\/motogp\\\/victoria-y-segundo-puesto-para-el-equipo-repsol-honda-en-misano\\\/#respond\"]}]},{\"@type\":\"WebPage\",\"@id\":\"https:\\\/\\\/www.boxrepsol.com\\\/es\\\/motogp\\\/victoria-y-segundo-puesto-para-el-equipo-repsol-honda-en-misano\\\/\",\"url\":\"https:\\\/\\\/www.boxrepsol.com\\\/es\\\/motogp\\\/victoria-y-segundo-puesto-para-el-equipo-repsol-honda-en-misano\\\/\",\"name\":\"Victoria y segundo puesto para el equipo Repsol Honda en Misano - Box Repsol\",\"isPartOf\":{\"@id\":\"https:\\\/\\\/www.boxrepsol.com\\\/es\\\/#website\"},\"primaryImageOfPage\":{\"@id\":\"https:\\\/\\\/www.boxrepsol.com\\\/es\\\/motogp\\\/victoria-y-segundo-puesto-para-el-equipo-repsol-honda-en-misano\\\/#primaryimage\"},\"image\":{\"@id\":\"https:\\\/\\\/www.boxrepsol.com\\\/es\\\/motogp\\\/victoria-y-segundo-puesto-para-el-equipo-repsol-honda-en-misano\\\/#primaryimage\"},\"thumbnailUrl\":\"https:\\\/\\\/bxrepsol.s3.eu-west-1.amazonaws.com\\\/static\\\/2022\\\/08\\\/09140832\\\/http___repsolmedia.com_repsolmedia_wp-content_uploads_2021_10_Copy-of-RD16_EmiliaRomagna_2021-05519.jpg\",\"datePublished\":\"2021-10-24T02:00:00+00:00\",\"dateModified\":\"2024-04-10T08:44:26+00:00\",\"breadcrumb\":{\"@id\":\"https:\\\/\\\/www.boxrepsol.com\\\/es\\\/motogp\\\/victoria-y-segundo-puesto-para-el-equipo-repsol-honda-en-misano\\\/#breadcrumb\"},\"inLanguage\":\"es\",\"potentialAction\":[{\"@type\":\"ReadAction\",\"target\":[\"https:\\\/\\\/www.boxrepsol.com\\\/es\\\/motogp\\\/victoria-y-segundo-puesto-para-el-equipo-repsol-honda-en-misano\\\/\"]}]},{\"@type\":\"ImageObject\",\"inLanguage\":\"es\",\"@id\":\"https:\\\/\\\/www.boxrepsol.com\\\/es\\\/motogp\\\/victoria-y-segundo-puesto-para-el-equipo-repsol-honda-en-misano\\\/#primaryimage\",\"url\":\"https:\\\/\\\/bxrepsol.s3.eu-west-1.amazonaws.com\\\/static\\\/2022\\\/08\\\/09140832\\\/http___repsolmedia.com_repsolmedia_wp-content_uploads_2021_10_Copy-of-RD16_EmiliaRomagna_2021-05519.jpg\",\"contentUrl\":\"https:\\\/\\\/bxrepsol.s3.eu-west-1.amazonaws.com\\\/static\\\/2022\\\/08\\\/09140832\\\/http___repsolmedia.com_repsolmedia_wp-content_uploads_2021_10_Copy-of-RD16_EmiliaRomagna_2021-05519.jpg\",\"width\":2500,\"height\":1668},{\"@type\":\"BreadcrumbList\",\"@id\":\"https:\\\/\\\/www.boxrepsol.com\\\/es\\\/motogp\\\/victoria-y-segundo-puesto-para-el-equipo-repsol-honda-en-misano\\\/#breadcrumb\",\"itemListElement\":[{\"@type\":\"ListItem\",\"position\":1,\"name\":\"Home\",\"item\":\"https:\\\/\\\/www.boxrepsol.com\\\/es\\\/\"},{\"@type\":\"ListItem\",\"position\":2,\"name\":\"Victoria y segundo puesto para el equipo Repsol Honda en Misano\"}]},{\"@type\":\"WebSite\",\"@id\":\"https:\\\/\\\/www.boxrepsol.com\\\/es\\\/#website\",\"url\":\"https:\\\/\\\/www.boxrepsol.com\\\/es\\\/\",\"name\":\"Box Repsol\",\"description\":\"Box Repsol Site\",\"publisher\":{\"@id\":\"https:\\\/\\\/www.boxrepsol.com\\\/es\\\/#organization\"},\"potentialAction\":[{\"@type\":\"SearchAction\",\"target\":{\"@type\":\"EntryPoint\",\"urlTemplate\":\"https:\\\/\\\/www.boxrepsol.com\\\/es\\\/?s={search_term_string}\"},\"query-input\":{\"@type\":\"PropertyValueSpecification\",\"valueRequired\":true,\"valueName\":\"search_term_string\"}}],\"inLanguage\":\"es\"},{\"@type\":\"Organization\",\"@id\":\"https:\\\/\\\/www.boxrepsol.com\\\/es\\\/#organization\",\"name\":\"Box Repsol\",\"url\":\"https:\\\/\\\/www.boxrepsol.com\\\/es\\\/\",\"logo\":{\"@type\":\"ImageObject\",\"inLanguage\":\"es\",\"@id\":\"https:\\\/\\\/www.boxrepsol.com\\\/es\\\/#\\\/schema\\\/logo\\\/image\\\/\",\"url\":\"https:\\\/\\\/bxrepsol.s3.eu-west-1.amazonaws.com\\\/static\\\/2025\\\/07\\\/30083337\\\/favicon-96x96-1.png\",\"contentUrl\":\"https:\\\/\\\/bxrepsol.s3.eu-west-1.amazonaws.com\\\/static\\\/2025\\\/07\\\/30083337\\\/favicon-96x96-1.png\",\"width\":96,\"height\":96,\"caption\":\"Box Repsol\"},\"image\":{\"@id\":\"https:\\\/\\\/www.boxrepsol.com\\\/es\\\/#\\\/schema\\\/logo\\\/image\\\/\"},\"sameAs\":[\"https:\\\/\\\/www.facebook.com\\\/BoxRepsol\",\"https:\\\/\\\/x.com\\\/box_repsol\",\"http:\\\/\\\/instagram.com\\\/box_repsol\",\"https:\\\/\\\/www.youtube.com\\\/user\\\/RepsolCompeticion\",\"https:\\\/\\\/www.flickr.com\\\/photos\\\/box_repsol\\\/\"]},{\"@type\":\"Person\",\"@id\":\"https:\\\/\\\/www.boxrepsol.com\\\/es\\\/#\\\/schema\\\/person\\\/c5c2138f2cca251b0ad92b7086bb60b7\",\"name\":\"Redacci\u00f3n Box Repsol\",\"image\":{\"@type\":\"ImageObject\",\"inLanguage\":\"es\",\"@id\":\"https:\\\/\\\/secure.gravatar.com\\\/avatar\\\/adf7b77e38b4419baf32c7e9c21dde01f4e40df611f0978e3006fc4ba0aaab7e?s=96&d=mm&r=g\",\"url\":\"https:\\\/\\\/secure.gravatar.com\\\/avatar\\\/adf7b77e38b4419baf32c7e9c21dde01f4e40df611f0978e3006fc4ba0aaab7e?s=96&d=mm&r=g\",\"contentUrl\":\"https:\\\/\\\/secure.gravatar.com\\\/avatar\\\/adf7b77e38b4419baf32c7e9c21dde01f4e40df611f0978e3006fc4ba0aaab7e?s=96&d=mm&r=g\",\"caption\":\"Redacci\u00f3n Box Repsol\"},\"description\":\"Box Repsol lo forma un equipo de periodistas, community managers, dise\u00f1adores y fot\u00f3grafos con m\u00e1s de 20 a\u00f1os de experiencia en el mundo del motorsport. Hemos vivido el primer mundial de un espa\u00f1ol en la categor\u00eda reina de motociclismo con \u00c1lex Crivill\u00e9, estuvimos en las victorias de Pedrosa y los t\u00edtulos de M\u00e1rquez, acompa\u00f1amos en \u00c1frica a Nani Roma y Marc Coma en sus conquistas del Dakar y hemos vibrado con los t\u00edtulos de Toni Bou en Trial. Adem\u00e1s, en nuestro equipo contamos con expertos en el mundo de las dos y cuatro ruedas tanto de la calle y las carreteras, como de los circuitos. Periodistas que han trabajado en revistas y publicaciones para hacerte llegar desde rutas y consejos de mantenimiento, a curiosidades y trucos de pilotaje.\",\"sameAs\":[\"https:\\\/\\\/www.facebook.com\\\/BoxRepsol\\\/\",\"https:\\\/\\\/www.instagram.com\\\/box_repsol\\\/\",\"https:\\\/\\\/x.com\\\/https:\\\/\\\/twitter.com\\\/box_repsol\",\"https:\\\/\\\/www.youtube.com\\\/@Boxrepsol\"],\"url\":\"https:\\\/\\\/www.boxrepsol.com\\\/es\\\/author\\\/redaccion-box-repsol\\\/\"}]}<\/script>\n<!-- \/ Yoast SEO plugin. -->","yoast_head_json":{"title":"Victoria y segundo puesto para el equipo Repsol Honda en Misano - Box Repsol","canonical":"https:\/\/www.boxrepsol.com\/es\/motogp\/victoria-y-segundo-puesto-para-el-equipo-repsol-honda-en-misano\/","og_locale":"es_ES","og_type":"article","og_title":"Victoria y segundo puesto para el equipo Repsol Honda en Misano - Box Repsol","og_description":"Marc M\u00e1rquez gana el Gran Premio dell\u2019Emilia - Romagna seguido de Pol Espargar\u00f3, que finaliza segundo logrando su primer podio con HRC","og_url":"https:\/\/www.boxrepsol.com\/es\/motogp\/victoria-y-segundo-puesto-para-el-equipo-repsol-honda-en-misano\/","og_site_name":"Box Repsol","article_publisher":"https:\/\/www.facebook.com\/BoxRepsol","article_author":"https:\/\/www.facebook.com\/BoxRepsol\/","article_published_time":"2021-10-24T02:00:00+00:00","article_modified_time":"2024-04-10T08:44:26+00:00","og_image":[{"width":2500,"height":1668,"url":"https:\/\/bxrepsol.s3.eu-west-1.amazonaws.com\/static\/2022\/08\/09140832\/http___repsolmedia.com_repsolmedia_wp-content_uploads_2021_10_Copy-of-RD16_EmiliaRomagna_2021-05519.jpg","type":"image\/jpeg"}],"author":"Redacci\u00f3n Box Repsol","twitter_card":"summary_large_image","twitter_creator":"@https:\/\/twitter.com\/box_repsol","twitter_site":"@box_repsol","twitter_misc":{"Written by":"Redacci\u00f3n Box Repsol","Est. reading time":"3 minutos"},"schema":{"@context":"https:\/\/schema.org","@graph":[{"@type":"Article","@id":"https:\/\/www.boxrepsol.com\/es\/motogp\/victoria-y-segundo-puesto-para-el-equipo-repsol-honda-en-misano\/#article","isPartOf":{"@id":"https:\/\/www.boxrepsol.com\/es\/motogp\/victoria-y-segundo-puesto-para-el-equipo-repsol-honda-en-misano\/"},"author":{"name":"Redacci\u00f3n Box Repsol","@id":"https:\/\/www.boxrepsol.com\/es\/#\/schema\/person\/c5c2138f2cca251b0ad92b7086bb60b7"},"headline":"Victoria y segundo puesto para el equipo Repsol Honda en Misano","datePublished":"2021-10-24T02:00:00+00:00","dateModified":"2024-04-10T08:44:26+00:00","mainEntityOfPage":{"@id":"https:\/\/www.boxrepsol.com\/es\/motogp\/victoria-y-segundo-puesto-para-el-equipo-repsol-honda-en-misano\/"},"wordCount":624,"commentCount":0,"publisher":{"@id":"https:\/\/www.boxrepsol.com\/es\/#organization"},"image":{"@id":"https:\/\/www.boxrepsol.com\/es\/motogp\/victoria-y-segundo-puesto-para-el-equipo-repsol-honda-en-misano\/#primaryimage"},"thumbnailUrl":"https:\/\/bxrepsol.s3.eu-west-1.amazonaws.com\/static\/2022\/08\/09140832\/http___repsolmedia.com_repsolmedia_wp-content_uploads_2021_10_Copy-of-RD16_EmiliaRomagna_2021-05519.jpg","keywords":["2021","Marc M\u00e1rquez","MotoGP Misano","Pol Espargar\u00f3"],"articleSection":["MotoGP"],"inLanguage":"es","potentialAction":[{"@type":"CommentAction","name":"Comment","target":["https:\/\/www.boxrepsol.com\/es\/motogp\/victoria-y-segundo-puesto-para-el-equipo-repsol-honda-en-misano\/#respond"]}]},{"@type":"WebPage","@id":"https:\/\/www.boxrepsol.com\/es\/motogp\/victoria-y-segundo-puesto-para-el-equipo-repsol-honda-en-misano\/","url":"https:\/\/www.boxrepsol.com\/es\/motogp\/victoria-y-segundo-puesto-para-el-equipo-repsol-honda-en-misano\/","name":"Victoria y segundo puesto para el equipo Repsol Honda en Misano - Box Repsol","isPartOf":{"@id":"https:\/\/www.boxrepsol.com\/es\/#website"},"primaryImageOfPage":{"@id":"https:\/\/www.boxrepsol.com\/es\/motogp\/victoria-y-segundo-puesto-para-el-equipo-repsol-honda-en-misano\/#primaryimage"},"image":{"@id":"https:\/\/www.boxrepsol.com\/es\/motogp\/victoria-y-segundo-puesto-para-el-equipo-repsol-honda-en-misano\/#primaryimage"},"thumbnailUrl":"https:\/\/bxrepsol.s3.eu-west-1.amazonaws.com\/static\/2022\/08\/09140832\/http___repsolmedia.com_repsolmedia_wp-content_uploads_2021_10_Copy-of-RD16_EmiliaRomagna_2021-05519.jpg","datePublished":"2021-10-24T02:00:00+00:00","dateModified":"2024-04-10T08:44:26+00:00","breadcrumb":{"@id":"https:\/\/www.boxrepsol.com\/es\/motogp\/victoria-y-segundo-puesto-para-el-equipo-repsol-honda-en-misano\/#breadcrumb"},"inLanguage":"es","potentialAction":[{"@type":"ReadAction","target":["https:\/\/www.boxrepsol.com\/es\/motogp\/victoria-y-segundo-puesto-para-el-equipo-repsol-honda-en-misano\/"]}]},{"@type":"ImageObject","inLanguage":"es","@id":"https:\/\/www.boxrepsol.com\/es\/motogp\/victoria-y-segundo-puesto-para-el-equipo-repsol-honda-en-misano\/#primaryimage","url":"https:\/\/bxrepsol.s3.eu-west-1.amazonaws.com\/static\/2022\/08\/09140832\/http___repsolmedia.com_repsolmedia_wp-content_uploads_2021_10_Copy-of-RD16_EmiliaRomagna_2021-05519.jpg","contentUrl":"https:\/\/bxrepsol.s3.eu-west-1.amazonaws.com\/static\/2022\/08\/09140832\/http___repsolmedia.com_repsolmedia_wp-content_uploads_2021_10_Copy-of-RD16_EmiliaRomagna_2021-05519.jpg","width":2500,"height":1668},{"@type":"BreadcrumbList","@id":"https:\/\/www.boxrepsol.com\/es\/motogp\/victoria-y-segundo-puesto-para-el-equipo-repsol-honda-en-misano\/#breadcrumb","itemListElement":[{"@type":"ListItem","position":1,"name":"Home","item":"https:\/\/www.boxrepsol.com\/es\/"},{"@type":"ListItem","position":2,"name":"Victoria y segundo puesto para el equipo Repsol Honda en Misano"}]},{"@type":"WebSite","@id":"https:\/\/www.boxrepsol.com\/es\/#website","url":"https:\/\/www.boxrepsol.com\/es\/","name":"Box Repsol","description":"Box Repsol Site","publisher":{"@id":"https:\/\/www.boxrepsol.com\/es\/#organization"},"potentialAction":[{"@type":"SearchAction","target":{"@type":"EntryPoint","urlTemplate":"https:\/\/www.boxrepsol.com\/es\/?s={search_term_string}"},"query-input":{"@type":"PropertyValueSpecification","valueRequired":true,"valueName":"search_term_string"}}],"inLanguage":"es"},{"@type":"Organization","@id":"https:\/\/www.boxrepsol.com\/es\/#organization","name":"Box Repsol","url":"https:\/\/www.boxrepsol.com\/es\/","logo":{"@type":"ImageObject","inLanguage":"es","@id":"https:\/\/www.boxrepsol.com\/es\/#\/schema\/logo\/image\/","url":"https:\/\/bxrepsol.s3.eu-west-1.amazonaws.com\/static\/2025\/07\/30083337\/favicon-96x96-1.png","contentUrl":"https:\/\/bxrepsol.s3.eu-west-1.amazonaws.com\/static\/2025\/07\/30083337\/favicon-96x96-1.png","width":96,"height":96,"caption":"Box Repsol"},"image":{"@id":"https:\/\/www.boxrepsol.com\/es\/#\/schema\/logo\/image\/"},"sameAs":["https:\/\/www.facebook.com\/BoxRepsol","https:\/\/x.com\/box_repsol","http:\/\/instagram.com\/box_repsol","https:\/\/www.youtube.com\/user\/RepsolCompeticion","https:\/\/www.flickr.com\/photos\/box_repsol\/"]},{"@type":"Person","@id":"https:\/\/www.boxrepsol.com\/es\/#\/schema\/person\/c5c2138f2cca251b0ad92b7086bb60b7","name":"Redacci\u00f3n Box Repsol","image":{"@type":"ImageObject","inLanguage":"es","@id":"https:\/\/secure.gravatar.com\/avatar\/adf7b77e38b4419baf32c7e9c21dde01f4e40df611f0978e3006fc4ba0aaab7e?s=96&d=mm&r=g","url":"https:\/\/secure.gravatar.com\/avatar\/adf7b77e38b4419baf32c7e9c21dde01f4e40df611f0978e3006fc4ba0aaab7e?s=96&d=mm&r=g","contentUrl":"https:\/\/secure.gravatar.com\/avatar\/adf7b77e38b4419baf32c7e9c21dde01f4e40df611f0978e3006fc4ba0aaab7e?s=96&d=mm&r=g","caption":"Redacci\u00f3n Box Repsol"},"description":"Box Repsol lo forma un equipo de periodistas, community managers, dise\u00f1adores y fot\u00f3grafos con m\u00e1s de 20 a\u00f1os de experiencia en el mundo del motorsport. Hemos vivido el primer mundial de un espa\u00f1ol en la categor\u00eda reina de motociclismo con \u00c1lex Crivill\u00e9, estuvimos en las victorias de Pedrosa y los t\u00edtulos de M\u00e1rquez, acompa\u00f1amos en \u00c1frica a Nani Roma y Marc Coma en sus conquistas del Dakar y hemos vibrado con los t\u00edtulos de Toni Bou en Trial. Adem\u00e1s, en nuestro equipo contamos con expertos en el mundo de las dos y cuatro ruedas tanto de la calle y las carreteras, como de los circuitos. Periodistas que han trabajado en revistas y publicaciones para hacerte llegar desde rutas y consejos de mantenimiento, a curiosidades y trucos de pilotaje.","sameAs":["https:\/\/www.facebook.com\/BoxRepsol\/","https:\/\/www.instagram.com\/box_repsol\/","https:\/\/x.com\/https:\/\/twitter.com\/box_repsol","https:\/\/www.youtube.com\/@Boxrepsol"],"url":"https:\/\/www.boxrepsol.com\/es\/author\/redaccion-box-repsol\/"}]}},"_links":{"self":[{"href":"https:\/\/www.boxrepsol.com\/es\/wp-json\/wp\/v2\/posts\/95159","targetHints":{"allow":["GET"]}}],"collection":[{"href":"https:\/\/www.boxrepsol.com\/es\/wp-json\/wp\/v2\/posts"}],"about":[{"href":"https:\/\/www.boxrepsol.com\/es\/wp-json\/wp\/v2\/types\/post"}],"author":[{"embeddable":true,"href":"https:\/\/www.boxrepsol.com\/es\/wp-json\/wp\/v2\/users\/43146"}],"replies":[{"embeddable":true,"href":"https:\/\/www.boxrepsol.com\/es\/wp-json\/wp\/v2\/comments?post=95159"}],"version-history":[{"count":1,"href":"https:\/\/www.boxrepsol.com\/es\/wp-json\/wp\/v2\/posts\/95159\/revisions"}],"predecessor-version":[{"id":114728,"href":"https:\/\/www.boxrepsol.com\/es\/wp-json\/wp\/v2\/posts\/95159\/revisions\/114728"}],"wp:featuredmedia":[{"embeddable":true,"href":"https:\/\/www.boxrepsol.com\/es\/wp-json\/wp\/v2\/media\/44433"}],"wp:attachment":[{"href":"https:\/\/www.boxrepsol.com\/es\/wp-json\/wp\/v2\/media?parent=95159"}],"wp:term":[{"taxonomy":"category","embeddable":true,"href":"https:\/\/www.boxrepsol.com\/es\/wp-json\/wp\/v2\/categories?post=95159"},{"taxonomy":"post_tag","embeddable":true,"href":"https:\/\/www.boxrepsol.com\/es\/wp-json\/wp\/v2\/tags?post=95159"}],"curies":[{"name":"wp","href":"https:\/\/api.w.org\/{rel}","templated":true}]}}