{"id":95157,"date":"2021-10-22T00:00:00","date_gmt":"2021-10-22T02:00:00","guid":{"rendered":"http:\/\/pre.boxrepsol.com\/sin-categorizar\/lluvia-y-frio-durante-el-primer-dia-en-misano\/"},"modified":"2024-04-10T06:46:54","modified_gmt":"2024-04-10T08:46:54","slug":"lluvia-y-frio-durante-el-primer-dia-en-misano","status":"publish","type":"post","link":"https:\/\/www.boxrepsol.com\/es\/motogp\/lluvia-y-frio-durante-el-primer-dia-en-misano\/","title":{"rendered":"Lluvia y fr\u00edo durante el primer d\u00eda en Misano"},"content":{"rendered":"<p>Las condiciones meteorol\u00f3gicas han sido muy distintas a las del \u00faltimo Gran Premio celebrado en este mismo trazado y ello ha llevado a que los pilotos del equipo <strong>Repsol Honda,<\/strong> al igual que el resto de la parrilla de <strong>MotoGP,<\/strong> no hayan mejorado los registros de hace un mes en ninguna de las sesiones celebradas hoy.<\/p>\n<p><strong>Marc M\u00e1rquez<\/strong> ha finalizado el primer entrenamiento libre del d\u00eda en segunda posici\u00f3n bajo un cielo nublado, pero con la pista pr\u00e1cticamente seca. En la segunda sesi\u00f3n de la jornada y bajo una intensa lluvia que ha durado m\u00e1s de medio entrenamiento, M\u00e1rquez ha logrado un mejor registro de 1 minuto, 42 segundos y 883 mil\u00e9simas que lo ha situado en la decimocuarta posici\u00f3n.<\/p>\n<p>Su compa\u00f1ero de equipo, <strong>Pol Espargar\u00f3,<\/strong> ha tenido algunas dificultades\u00a0que le han hecho finalizar decimoquinto la FP1. Por la tarde, el piloto del equipo <strong>Repsol Honda<\/strong> ha sufrido una ca\u00edda sin graves consecuencias que no le ha permitido mejorar sus tiempos. Pol ha finalizado la jornada registrando un mejor tiempo de 1 minuto, 43 segundos y 470 mil\u00e9simas, situ\u00e1ndose decimonoveno en la tabla de tiempos.<\/p>\n<h3>Declaraciones de los pilotos<\/h3>\n<p><a href=\"https:\/\/twitter.com\/search?q=%23MM93&amp;src=hashtag_click\">#MM93<\/a><\/p>\n<p>\u00abEl d\u00eda ha empezado bastante bien y por la ma\u00f1ana hemos tenido buen ritmo, por la tarde la sesi\u00f3n ha sido un poco m\u00e1s complicada. No he podido hacer la vuelta perfecta, pero aun as\u00ed, parece que nuestro nivel en mojado no es tan alto como lo es normalmente. No creo que nuestra verdadera posici\u00f3n sea la 14\u00aa en condiciones de luvia, pero tenemos que entender mejor qu\u00e9 est\u00e1 pasando. Era importante aprovechar el d\u00eda de hoy porque el pron\u00f3stico para ma\u00f1ana y tambi\u00e9n para el domingo sigue siendo incierto\u00bb.<\/p>\n<p><a href=\"https:\/\/twitter.com\/search?q=%23POL44&amp;src=hashtag_click\">#POL44<\/a><\/p>\n<p>\u00abHoy ha sido un poco m\u00e1s dif\u00edcil de lo que esper\u00e1bamos, tambi\u00e9n para todos los pilotos de Honda, a la moto le faltaba algo de agarre, pero hemos podido hacer algunas mejoras. Cuando me he ca\u00eddo probablemente era cuando me sent\u00eda mejor, estaba rebajando mi tiempo, as\u00ed que ha sido una pena, pero hemos aprendido algunas cosas con eso. Al final, tenemos que mirar hacia ma\u00f1ana y ver qu\u00e9 podemos hacer. Si est\u00e1 seco, veremos qu\u00e9 podemos lograr porque hicimos un test bastante bueno aqu\u00ed. Si todav\u00eda est\u00e1 mojado, nos dar\u00e1 la oportunidad de mejorar nuestra sensaci\u00f3n actual\u00bb.<\/p>\n","protected":false},"excerpt":{"rendered":"<p>Marc M\u00e1rquez y Pol Espargar\u00f3 han completado hoy la primera jornada del Gran Premio dell\u2019Emilia &#8211; Romagna finalizando en decimocuarta y decimonovena posici\u00f3n, respectivamente<\/p>\n","protected":false},"author":43146,"featured_media":44407,"comment_status":"open","ping_status":"open","sticky":false,"template":"","format":"standard","meta":{"footnotes":""},"categories":[4],"tags":[194,6,142,128],"class_list":["post-95157","post","type-post","status-publish","format-standard","hentry","category-motogp","tag-194","tag-marc-marquez","tag-motogp-misano","tag-pol-espargaro"],"yoast_head":"<!-- This site is optimized with the Yoast SEO plugin v27.3 - https:\/\/yoast.com\/product\/yoast-seo-wordpress\/ -->\n<title>Lluvia y fr\u00edo durante el primer d\u00eda en Misano - Box Repsol<\/title>\n<link rel=\"canonical\" href=\"https:\/\/www.boxrepsol.com\/es\/motogp\/lluvia-y-frio-durante-el-primer-dia-en-misano\/\" \/>\n<meta property=\"og:locale\" content=\"es_ES\" \/>\n<meta property=\"og:type\" content=\"article\" \/>\n<meta property=\"og:title\" content=\"Lluvia y fr\u00edo durante el primer d\u00eda en Misano - Box Repsol\" \/>\n<meta property=\"og:description\" content=\"Marc M\u00e1rquez y Pol Espargar\u00f3 han completado hoy la primera jornada del Gran Premio dell\u2019Emilia - Romagna finalizando en decimocuarta y decimonovena posici\u00f3n, respectivamente\" \/>\n<meta property=\"og:url\" content=\"https:\/\/www.boxrepsol.com\/es\/motogp\/lluvia-y-frio-durante-el-primer-dia-en-misano\/\" \/>\n<meta property=\"og:site_name\" content=\"Box Repsol\" \/>\n<meta property=\"article:publisher\" content=\"https:\/\/www.facebook.com\/BoxRepsol\" \/>\n<meta property=\"article:author\" content=\"https:\/\/www.facebook.com\/BoxRepsol\/\" \/>\n<meta property=\"article:published_time\" content=\"2021-10-22T02:00:00+00:00\" \/>\n<meta property=\"article:modified_time\" content=\"2024-04-10T08:46:54+00:00\" \/>\n<meta property=\"og:image\" content=\"https:\/\/bxrepsol.s3.eu-west-1.amazonaws.com\/static\/2022\/08\/09140757\/http___repsolmedia.com_repsolmedia_wp-content_uploads_2021_10_Copy-of-RD16_EmiliaRomagna_Marc_2021-02219.jpg\" \/>\n\t<meta property=\"og:image:width\" content=\"1280\" \/>\n\t<meta property=\"og:image:height\" content=\"600\" \/>\n\t<meta property=\"og:image:type\" content=\"image\/jpeg\" \/>\n<meta name=\"author\" content=\"Redacci\u00f3n Box Repsol\" \/>\n<meta name=\"twitter:card\" content=\"summary_large_image\" \/>\n<meta name=\"twitter:creator\" content=\"@https:\/\/twitter.com\/box_repsol\" \/>\n<meta name=\"twitter:site\" content=\"@box_repsol\" \/>\n<meta name=\"twitter:label1\" content=\"Written by\" \/>\n\t<meta name=\"twitter:data1\" content=\"Redacci\u00f3n Box Repsol\" \/>\n\t<meta name=\"twitter:label2\" content=\"Est. reading time\" \/>\n\t<meta name=\"twitter:data2\" content=\"2 minutos\" \/>\n<script type=\"application\/ld+json\" class=\"yoast-schema-graph\">{\"@context\":\"https:\\\/\\\/schema.org\",\"@graph\":[{\"@type\":\"Article\",\"@id\":\"https:\\\/\\\/www.boxrepsol.com\\\/es\\\/motogp\\\/lluvia-y-frio-durante-el-primer-dia-en-misano\\\/#article\",\"isPartOf\":{\"@id\":\"https:\\\/\\\/www.boxrepsol.com\\\/es\\\/motogp\\\/lluvia-y-frio-durante-el-primer-dia-en-misano\\\/\"},\"author\":{\"name\":\"Redacci\u00f3n Box Repsol\",\"@id\":\"https:\\\/\\\/www.boxrepsol.com\\\/es\\\/#\\\/schema\\\/person\\\/c5c2138f2cca251b0ad92b7086bb60b7\"},\"headline\":\"Lluvia y fr\u00edo durante el primer d\u00eda en Misano\",\"datePublished\":\"2021-10-22T02:00:00+00:00\",\"dateModified\":\"2024-04-10T08:46:54+00:00\",\"mainEntityOfPage\":{\"@id\":\"https:\\\/\\\/www.boxrepsol.com\\\/es\\\/motogp\\\/lluvia-y-frio-durante-el-primer-dia-en-misano\\\/\"},\"wordCount\":416,\"commentCount\":0,\"publisher\":{\"@id\":\"https:\\\/\\\/www.boxrepsol.com\\\/es\\\/#organization\"},\"image\":{\"@id\":\"https:\\\/\\\/www.boxrepsol.com\\\/es\\\/motogp\\\/lluvia-y-frio-durante-el-primer-dia-en-misano\\\/#primaryimage\"},\"thumbnailUrl\":\"https:\\\/\\\/bxrepsol.s3.eu-west-1.amazonaws.com\\\/static\\\/2022\\\/08\\\/09140757\\\/http___repsolmedia.com_repsolmedia_wp-content_uploads_2021_10_Copy-of-RD16_EmiliaRomagna_Marc_2021-02219.jpg\",\"keywords\":[\"2021\",\"Marc M\u00e1rquez\",\"MotoGP Misano\",\"Pol Espargar\u00f3\"],\"articleSection\":[\"MotoGP\"],\"inLanguage\":\"es\",\"potentialAction\":[{\"@type\":\"CommentAction\",\"name\":\"Comment\",\"target\":[\"https:\\\/\\\/www.boxrepsol.com\\\/es\\\/motogp\\\/lluvia-y-frio-durante-el-primer-dia-en-misano\\\/#respond\"]}]},{\"@type\":\"WebPage\",\"@id\":\"https:\\\/\\\/www.boxrepsol.com\\\/es\\\/motogp\\\/lluvia-y-frio-durante-el-primer-dia-en-misano\\\/\",\"url\":\"https:\\\/\\\/www.boxrepsol.com\\\/es\\\/motogp\\\/lluvia-y-frio-durante-el-primer-dia-en-misano\\\/\",\"name\":\"Lluvia y fr\u00edo durante el primer d\u00eda en Misano - Box Repsol\",\"isPartOf\":{\"@id\":\"https:\\\/\\\/www.boxrepsol.com\\\/es\\\/#website\"},\"primaryImageOfPage\":{\"@id\":\"https:\\\/\\\/www.boxrepsol.com\\\/es\\\/motogp\\\/lluvia-y-frio-durante-el-primer-dia-en-misano\\\/#primaryimage\"},\"image\":{\"@id\":\"https:\\\/\\\/www.boxrepsol.com\\\/es\\\/motogp\\\/lluvia-y-frio-durante-el-primer-dia-en-misano\\\/#primaryimage\"},\"thumbnailUrl\":\"https:\\\/\\\/bxrepsol.s3.eu-west-1.amazonaws.com\\\/static\\\/2022\\\/08\\\/09140757\\\/http___repsolmedia.com_repsolmedia_wp-content_uploads_2021_10_Copy-of-RD16_EmiliaRomagna_Marc_2021-02219.jpg\",\"datePublished\":\"2021-10-22T02:00:00+00:00\",\"dateModified\":\"2024-04-10T08:46:54+00:00\",\"breadcrumb\":{\"@id\":\"https:\\\/\\\/www.boxrepsol.com\\\/es\\\/motogp\\\/lluvia-y-frio-durante-el-primer-dia-en-misano\\\/#breadcrumb\"},\"inLanguage\":\"es\",\"potentialAction\":[{\"@type\":\"ReadAction\",\"target\":[\"https:\\\/\\\/www.boxrepsol.com\\\/es\\\/motogp\\\/lluvia-y-frio-durante-el-primer-dia-en-misano\\\/\"]}]},{\"@type\":\"ImageObject\",\"inLanguage\":\"es\",\"@id\":\"https:\\\/\\\/www.boxrepsol.com\\\/es\\\/motogp\\\/lluvia-y-frio-durante-el-primer-dia-en-misano\\\/#primaryimage\",\"url\":\"https:\\\/\\\/bxrepsol.s3.eu-west-1.amazonaws.com\\\/static\\\/2022\\\/08\\\/09140757\\\/http___repsolmedia.com_repsolmedia_wp-content_uploads_2021_10_Copy-of-RD16_EmiliaRomagna_Marc_2021-02219.jpg\",\"contentUrl\":\"https:\\\/\\\/bxrepsol.s3.eu-west-1.amazonaws.com\\\/static\\\/2022\\\/08\\\/09140757\\\/http___repsolmedia.com_repsolmedia_wp-content_uploads_2021_10_Copy-of-RD16_EmiliaRomagna_Marc_2021-02219.jpg\",\"width\":1280,\"height\":600},{\"@type\":\"BreadcrumbList\",\"@id\":\"https:\\\/\\\/www.boxrepsol.com\\\/es\\\/motogp\\\/lluvia-y-frio-durante-el-primer-dia-en-misano\\\/#breadcrumb\",\"itemListElement\":[{\"@type\":\"ListItem\",\"position\":1,\"name\":\"Home\",\"item\":\"https:\\\/\\\/www.boxrepsol.com\\\/es\\\/\"},{\"@type\":\"ListItem\",\"position\":2,\"name\":\"Lluvia y fr\u00edo durante el primer d\u00eda en Misano\"}]},{\"@type\":\"WebSite\",\"@id\":\"https:\\\/\\\/www.boxrepsol.com\\\/es\\\/#website\",\"url\":\"https:\\\/\\\/www.boxrepsol.com\\\/es\\\/\",\"name\":\"Box Repsol\",\"description\":\"Box Repsol Site\",\"publisher\":{\"@id\":\"https:\\\/\\\/www.boxrepsol.com\\\/es\\\/#organization\"},\"potentialAction\":[{\"@type\":\"SearchAction\",\"target\":{\"@type\":\"EntryPoint\",\"urlTemplate\":\"https:\\\/\\\/www.boxrepsol.com\\\/es\\\/?s={search_term_string}\"},\"query-input\":{\"@type\":\"PropertyValueSpecification\",\"valueRequired\":true,\"valueName\":\"search_term_string\"}}],\"inLanguage\":\"es\"},{\"@type\":\"Organization\",\"@id\":\"https:\\\/\\\/www.boxrepsol.com\\\/es\\\/#organization\",\"name\":\"Box Repsol\",\"url\":\"https:\\\/\\\/www.boxrepsol.com\\\/es\\\/\",\"logo\":{\"@type\":\"ImageObject\",\"inLanguage\":\"es\",\"@id\":\"https:\\\/\\\/www.boxrepsol.com\\\/es\\\/#\\\/schema\\\/logo\\\/image\\\/\",\"url\":\"https:\\\/\\\/bxrepsol.s3.eu-west-1.amazonaws.com\\\/static\\\/2025\\\/07\\\/30083337\\\/favicon-96x96-1.png\",\"contentUrl\":\"https:\\\/\\\/bxrepsol.s3.eu-west-1.amazonaws.com\\\/static\\\/2025\\\/07\\\/30083337\\\/favicon-96x96-1.png\",\"width\":96,\"height\":96,\"caption\":\"Box Repsol\"},\"image\":{\"@id\":\"https:\\\/\\\/www.boxrepsol.com\\\/es\\\/#\\\/schema\\\/logo\\\/image\\\/\"},\"sameAs\":[\"https:\\\/\\\/www.facebook.com\\\/BoxRepsol\",\"https:\\\/\\\/x.com\\\/box_repsol\",\"http:\\\/\\\/instagram.com\\\/box_repsol\",\"https:\\\/\\\/www.youtube.com\\\/user\\\/RepsolCompeticion\",\"https:\\\/\\\/www.flickr.com\\\/photos\\\/box_repsol\\\/\"]},{\"@type\":\"Person\",\"@id\":\"https:\\\/\\\/www.boxrepsol.com\\\/es\\\/#\\\/schema\\\/person\\\/c5c2138f2cca251b0ad92b7086bb60b7\",\"name\":\"Redacci\u00f3n Box Repsol\",\"image\":{\"@type\":\"ImageObject\",\"inLanguage\":\"es\",\"@id\":\"https:\\\/\\\/secure.gravatar.com\\\/avatar\\\/adf7b77e38b4419baf32c7e9c21dde01f4e40df611f0978e3006fc4ba0aaab7e?s=96&d=mm&r=g\",\"url\":\"https:\\\/\\\/secure.gravatar.com\\\/avatar\\\/adf7b77e38b4419baf32c7e9c21dde01f4e40df611f0978e3006fc4ba0aaab7e?s=96&d=mm&r=g\",\"contentUrl\":\"https:\\\/\\\/secure.gravatar.com\\\/avatar\\\/adf7b77e38b4419baf32c7e9c21dde01f4e40df611f0978e3006fc4ba0aaab7e?s=96&d=mm&r=g\",\"caption\":\"Redacci\u00f3n Box Repsol\"},\"description\":\"Box Repsol lo forma un equipo de periodistas, community managers, dise\u00f1adores y fot\u00f3grafos con m\u00e1s de 20 a\u00f1os de experiencia en el mundo del motorsport. Hemos vivido el primer mundial de un espa\u00f1ol en la categor\u00eda reina de motociclismo con \u00c1lex Crivill\u00e9, estuvimos en las victorias de Pedrosa y los t\u00edtulos de M\u00e1rquez, acompa\u00f1amos en \u00c1frica a Nani Roma y Marc Coma en sus conquistas del Dakar y hemos vibrado con los t\u00edtulos de Toni Bou en Trial. Adem\u00e1s, en nuestro equipo contamos con expertos en el mundo de las dos y cuatro ruedas tanto de la calle y las carreteras, como de los circuitos. Periodistas que han trabajado en revistas y publicaciones para hacerte llegar desde rutas y consejos de mantenimiento, a curiosidades y trucos de pilotaje.\",\"sameAs\":[\"https:\\\/\\\/www.facebook.com\\\/BoxRepsol\\\/\",\"https:\\\/\\\/www.instagram.com\\\/box_repsol\\\/\",\"https:\\\/\\\/x.com\\\/https:\\\/\\\/twitter.com\\\/box_repsol\",\"https:\\\/\\\/www.youtube.com\\\/@Boxrepsol\"],\"url\":\"https:\\\/\\\/www.boxrepsol.com\\\/es\\\/author\\\/redaccion-box-repsol\\\/\"}]}<\/script>\n<!-- \/ Yoast SEO plugin. -->","yoast_head_json":{"title":"Lluvia y fr\u00edo durante el primer d\u00eda en Misano - Box Repsol","canonical":"https:\/\/www.boxrepsol.com\/es\/motogp\/lluvia-y-frio-durante-el-primer-dia-en-misano\/","og_locale":"es_ES","og_type":"article","og_title":"Lluvia y fr\u00edo durante el primer d\u00eda en Misano - Box Repsol","og_description":"Marc M\u00e1rquez y Pol Espargar\u00f3 han completado hoy la primera jornada del Gran Premio dell\u2019Emilia - Romagna finalizando en decimocuarta y decimonovena posici\u00f3n, respectivamente","og_url":"https:\/\/www.boxrepsol.com\/es\/motogp\/lluvia-y-frio-durante-el-primer-dia-en-misano\/","og_site_name":"Box Repsol","article_publisher":"https:\/\/www.facebook.com\/BoxRepsol","article_author":"https:\/\/www.facebook.com\/BoxRepsol\/","article_published_time":"2021-10-22T02:00:00+00:00","article_modified_time":"2024-04-10T08:46:54+00:00","og_image":[{"width":1280,"height":600,"url":"https:\/\/bxrepsol.s3.eu-west-1.amazonaws.com\/static\/2022\/08\/09140757\/http___repsolmedia.com_repsolmedia_wp-content_uploads_2021_10_Copy-of-RD16_EmiliaRomagna_Marc_2021-02219.jpg","type":"image\/jpeg"}],"author":"Redacci\u00f3n Box Repsol","twitter_card":"summary_large_image","twitter_creator":"@https:\/\/twitter.com\/box_repsol","twitter_site":"@box_repsol","twitter_misc":{"Written by":"Redacci\u00f3n Box Repsol","Est. reading time":"2 minutos"},"schema":{"@context":"https:\/\/schema.org","@graph":[{"@type":"Article","@id":"https:\/\/www.boxrepsol.com\/es\/motogp\/lluvia-y-frio-durante-el-primer-dia-en-misano\/#article","isPartOf":{"@id":"https:\/\/www.boxrepsol.com\/es\/motogp\/lluvia-y-frio-durante-el-primer-dia-en-misano\/"},"author":{"name":"Redacci\u00f3n Box Repsol","@id":"https:\/\/www.boxrepsol.com\/es\/#\/schema\/person\/c5c2138f2cca251b0ad92b7086bb60b7"},"headline":"Lluvia y fr\u00edo durante el primer d\u00eda en Misano","datePublished":"2021-10-22T02:00:00+00:00","dateModified":"2024-04-10T08:46:54+00:00","mainEntityOfPage":{"@id":"https:\/\/www.boxrepsol.com\/es\/motogp\/lluvia-y-frio-durante-el-primer-dia-en-misano\/"},"wordCount":416,"commentCount":0,"publisher":{"@id":"https:\/\/www.boxrepsol.com\/es\/#organization"},"image":{"@id":"https:\/\/www.boxrepsol.com\/es\/motogp\/lluvia-y-frio-durante-el-primer-dia-en-misano\/#primaryimage"},"thumbnailUrl":"https:\/\/bxrepsol.s3.eu-west-1.amazonaws.com\/static\/2022\/08\/09140757\/http___repsolmedia.com_repsolmedia_wp-content_uploads_2021_10_Copy-of-RD16_EmiliaRomagna_Marc_2021-02219.jpg","keywords":["2021","Marc M\u00e1rquez","MotoGP Misano","Pol Espargar\u00f3"],"articleSection":["MotoGP"],"inLanguage":"es","potentialAction":[{"@type":"CommentAction","name":"Comment","target":["https:\/\/www.boxrepsol.com\/es\/motogp\/lluvia-y-frio-durante-el-primer-dia-en-misano\/#respond"]}]},{"@type":"WebPage","@id":"https:\/\/www.boxrepsol.com\/es\/motogp\/lluvia-y-frio-durante-el-primer-dia-en-misano\/","url":"https:\/\/www.boxrepsol.com\/es\/motogp\/lluvia-y-frio-durante-el-primer-dia-en-misano\/","name":"Lluvia y fr\u00edo durante el primer d\u00eda en Misano - Box Repsol","isPartOf":{"@id":"https:\/\/www.boxrepsol.com\/es\/#website"},"primaryImageOfPage":{"@id":"https:\/\/www.boxrepsol.com\/es\/motogp\/lluvia-y-frio-durante-el-primer-dia-en-misano\/#primaryimage"},"image":{"@id":"https:\/\/www.boxrepsol.com\/es\/motogp\/lluvia-y-frio-durante-el-primer-dia-en-misano\/#primaryimage"},"thumbnailUrl":"https:\/\/bxrepsol.s3.eu-west-1.amazonaws.com\/static\/2022\/08\/09140757\/http___repsolmedia.com_repsolmedia_wp-content_uploads_2021_10_Copy-of-RD16_EmiliaRomagna_Marc_2021-02219.jpg","datePublished":"2021-10-22T02:00:00+00:00","dateModified":"2024-04-10T08:46:54+00:00","breadcrumb":{"@id":"https:\/\/www.boxrepsol.com\/es\/motogp\/lluvia-y-frio-durante-el-primer-dia-en-misano\/#breadcrumb"},"inLanguage":"es","potentialAction":[{"@type":"ReadAction","target":["https:\/\/www.boxrepsol.com\/es\/motogp\/lluvia-y-frio-durante-el-primer-dia-en-misano\/"]}]},{"@type":"ImageObject","inLanguage":"es","@id":"https:\/\/www.boxrepsol.com\/es\/motogp\/lluvia-y-frio-durante-el-primer-dia-en-misano\/#primaryimage","url":"https:\/\/bxrepsol.s3.eu-west-1.amazonaws.com\/static\/2022\/08\/09140757\/http___repsolmedia.com_repsolmedia_wp-content_uploads_2021_10_Copy-of-RD16_EmiliaRomagna_Marc_2021-02219.jpg","contentUrl":"https:\/\/bxrepsol.s3.eu-west-1.amazonaws.com\/static\/2022\/08\/09140757\/http___repsolmedia.com_repsolmedia_wp-content_uploads_2021_10_Copy-of-RD16_EmiliaRomagna_Marc_2021-02219.jpg","width":1280,"height":600},{"@type":"BreadcrumbList","@id":"https:\/\/www.boxrepsol.com\/es\/motogp\/lluvia-y-frio-durante-el-primer-dia-en-misano\/#breadcrumb","itemListElement":[{"@type":"ListItem","position":1,"name":"Home","item":"https:\/\/www.boxrepsol.com\/es\/"},{"@type":"ListItem","position":2,"name":"Lluvia y fr\u00edo durante el primer d\u00eda en Misano"}]},{"@type":"WebSite","@id":"https:\/\/www.boxrepsol.com\/es\/#website","url":"https:\/\/www.boxrepsol.com\/es\/","name":"Box Repsol","description":"Box Repsol Site","publisher":{"@id":"https:\/\/www.boxrepsol.com\/es\/#organization"},"potentialAction":[{"@type":"SearchAction","target":{"@type":"EntryPoint","urlTemplate":"https:\/\/www.boxrepsol.com\/es\/?s={search_term_string}"},"query-input":{"@type":"PropertyValueSpecification","valueRequired":true,"valueName":"search_term_string"}}],"inLanguage":"es"},{"@type":"Organization","@id":"https:\/\/www.boxrepsol.com\/es\/#organization","name":"Box Repsol","url":"https:\/\/www.boxrepsol.com\/es\/","logo":{"@type":"ImageObject","inLanguage":"es","@id":"https:\/\/www.boxrepsol.com\/es\/#\/schema\/logo\/image\/","url":"https:\/\/bxrepsol.s3.eu-west-1.amazonaws.com\/static\/2025\/07\/30083337\/favicon-96x96-1.png","contentUrl":"https:\/\/bxrepsol.s3.eu-west-1.amazonaws.com\/static\/2025\/07\/30083337\/favicon-96x96-1.png","width":96,"height":96,"caption":"Box Repsol"},"image":{"@id":"https:\/\/www.boxrepsol.com\/es\/#\/schema\/logo\/image\/"},"sameAs":["https:\/\/www.facebook.com\/BoxRepsol","https:\/\/x.com\/box_repsol","http:\/\/instagram.com\/box_repsol","https:\/\/www.youtube.com\/user\/RepsolCompeticion","https:\/\/www.flickr.com\/photos\/box_repsol\/"]},{"@type":"Person","@id":"https:\/\/www.boxrepsol.com\/es\/#\/schema\/person\/c5c2138f2cca251b0ad92b7086bb60b7","name":"Redacci\u00f3n Box Repsol","image":{"@type":"ImageObject","inLanguage":"es","@id":"https:\/\/secure.gravatar.com\/avatar\/adf7b77e38b4419baf32c7e9c21dde01f4e40df611f0978e3006fc4ba0aaab7e?s=96&d=mm&r=g","url":"https:\/\/secure.gravatar.com\/avatar\/adf7b77e38b4419baf32c7e9c21dde01f4e40df611f0978e3006fc4ba0aaab7e?s=96&d=mm&r=g","contentUrl":"https:\/\/secure.gravatar.com\/avatar\/adf7b77e38b4419baf32c7e9c21dde01f4e40df611f0978e3006fc4ba0aaab7e?s=96&d=mm&r=g","caption":"Redacci\u00f3n Box Repsol"},"description":"Box Repsol lo forma un equipo de periodistas, community managers, dise\u00f1adores y fot\u00f3grafos con m\u00e1s de 20 a\u00f1os de experiencia en el mundo del motorsport. Hemos vivido el primer mundial de un espa\u00f1ol en la categor\u00eda reina de motociclismo con \u00c1lex Crivill\u00e9, estuvimos en las victorias de Pedrosa y los t\u00edtulos de M\u00e1rquez, acompa\u00f1amos en \u00c1frica a Nani Roma y Marc Coma en sus conquistas del Dakar y hemos vibrado con los t\u00edtulos de Toni Bou en Trial. Adem\u00e1s, en nuestro equipo contamos con expertos en el mundo de las dos y cuatro ruedas tanto de la calle y las carreteras, como de los circuitos. Periodistas que han trabajado en revistas y publicaciones para hacerte llegar desde rutas y consejos de mantenimiento, a curiosidades y trucos de pilotaje.","sameAs":["https:\/\/www.facebook.com\/BoxRepsol\/","https:\/\/www.instagram.com\/box_repsol\/","https:\/\/x.com\/https:\/\/twitter.com\/box_repsol","https:\/\/www.youtube.com\/@Boxrepsol"],"url":"https:\/\/www.boxrepsol.com\/es\/author\/redaccion-box-repsol\/"}]}},"_links":{"self":[{"href":"https:\/\/www.boxrepsol.com\/es\/wp-json\/wp\/v2\/posts\/95157","targetHints":{"allow":["GET"]}}],"collection":[{"href":"https:\/\/www.boxrepsol.com\/es\/wp-json\/wp\/v2\/posts"}],"about":[{"href":"https:\/\/www.boxrepsol.com\/es\/wp-json\/wp\/v2\/types\/post"}],"author":[{"embeddable":true,"href":"https:\/\/www.boxrepsol.com\/es\/wp-json\/wp\/v2\/users\/43146"}],"replies":[{"embeddable":true,"href":"https:\/\/www.boxrepsol.com\/es\/wp-json\/wp\/v2\/comments?post=95157"}],"version-history":[{"count":1,"href":"https:\/\/www.boxrepsol.com\/es\/wp-json\/wp\/v2\/posts\/95157\/revisions"}],"predecessor-version":[{"id":114730,"href":"https:\/\/www.boxrepsol.com\/es\/wp-json\/wp\/v2\/posts\/95157\/revisions\/114730"}],"wp:featuredmedia":[{"embeddable":true,"href":"https:\/\/www.boxrepsol.com\/es\/wp-json\/wp\/v2\/media\/44407"}],"wp:attachment":[{"href":"https:\/\/www.boxrepsol.com\/es\/wp-json\/wp\/v2\/media?parent=95157"}],"wp:term":[{"taxonomy":"category","embeddable":true,"href":"https:\/\/www.boxrepsol.com\/es\/wp-json\/wp\/v2\/categories?post=95157"},{"taxonomy":"post_tag","embeddable":true,"href":"https:\/\/www.boxrepsol.com\/es\/wp-json\/wp\/v2\/tags?post=95157"}],"curies":[{"name":"wp","href":"https:\/\/api.w.org\/{rel}","templated":true}]}}