{"id":95152,"date":"2021-10-20T00:00:00","date_gmt":"2021-10-20T02:00:00","guid":{"rendered":"http:\/\/pre.boxrepsol.com\/sin-categorizar\/tras-la-victoria-de-austin-el-equipo-repsol-honda-regresa-a-misano\/"},"modified":"2024-04-10T06:58:14","modified_gmt":"2024-04-10T08:58:14","slug":"tras-la-victoria-de-austin-el-equipo-repsol-honda-regresa-a-misano","status":"publish","type":"post","link":"https:\/\/www.boxrepsol.com\/es\/motogp\/tras-la-victoria-de-austin-el-equipo-repsol-honda-regresa-a-misano\/","title":{"rendered":"Tras la victoria de Austin, el equipo Repsol Honda regresa a Misano"},"content":{"rendered":"<p>Este fin de semana, en <strong>Misano<\/strong>, el <strong>equipo Repsol Honda<\/strong> celebrar\u00e1 su <strong>Gran Premio n\u00famero 450<\/strong>. Los primeros pilotos en vestir los colores de la compa\u00f1\u00eda energ\u00e9tica fueron <strong>Mick<\/strong> <strong>Doohan<\/strong>, <strong>\u00c1lex<\/strong> <strong>Crivill\u00e9<\/strong> y <strong>Shinichi Ito<\/strong> all\u00e1 por la temporada de 1995. 26 a\u00f1os despu\u00e9s, <strong>Marc<\/strong> <strong>M\u00e1rquez<\/strong> y <strong>Pol Espargar\u00f3<\/strong> lo seguir\u00e1n haciendo en el Gran Premio dell\u2019Emilia &#8211; Romagna.<\/p>\n<p>Despu\u00e9s de dos semanas sin acci\u00f3n en la pista y de que <strong>Marc<\/strong> <strong>M\u00e1rquez<\/strong> lograse la victoria en el \u00faltimo Gran Premio en Estados Unidos, el piloto del equipo Repsol Honda regresa a Misano con el objetivo de seguir progresando paso a paso.<\/p>\n<p>El ocho veces Campe\u00f3n del Mundo termin\u00f3 cuarto en su \u00faltima participaci\u00f3n en este trazado, la del Gran Premio de Misano el pasado 19 de septiembre. <strong>Marc<\/strong> es s\u00e9ptimo en la general y con opciones de terminar entre los cinco primeros, aunque sin duda este no es su principal objetivo para esta temporada que est\u00e1 llegando a su fin.<\/p>\n<p><strong>Pol Espargar\u00f3<\/strong> afronta el Gran Premio dell\u2019Emilia &#8211; Romagna centr\u00e1ndose en todas las mejoras que obtuvo durante los dos d\u00edas de test posteriores al Gran Premio de Misano. Hace un mes, el piloto del equipo Repsol Honda finaliz\u00f3 s\u00e9ptimo la carrera en este mismo trazado.<\/p>\n<h3>Declaraciones de los pilotos<\/h3>\n<p><a href=\"https:\/\/twitter.com\/search?q=%23MM93&amp;src=hashtag_click\">#MM93<\/a><\/p>\n<p>\u00abRegresamos a Misano en una mejor situaci\u00f3n; durante cada fin de semana hemos podido mejorar un poco m\u00e1s. Ahora comenzamos las \u00faltimas tres carreras del a\u00f1o, as\u00ed que ojal\u00e1 podamos continuar con la tendencia de las \u00faltimas rondas y terminar bien la temporada. En la \u00faltima carrera aqu\u00ed tuve una batalla muy divertida con Miller y Mir, as\u00ed que espero que podamos estar peleando una vez m\u00e1s. Veamos qu\u00e9 sucede, las condiciones podr\u00edan ser bastante diferentes incluso siendo s\u00f3lo unas semanas despu\u00e9s\u00bb.<\/p>\n<p><a href=\"https:\/\/twitter.com\/search?q=%23POL44&amp;src=hashtag_click\">#POL44<\/a><\/p>\n<p>\u00abEs hora de concentrarse y terminar la temporada con unas \u00faltimas tres carreras s\u00f3lidas. Tenemos un buen potencial en Misano, especialmente despu\u00e9s del test en el que pudimos probar m\u00e1s cosas. Todos los dem\u00e1s pilotos tambi\u00e9n han rodado mucho tiempo en Misano, as\u00ed que ser\u00e1 un fin de semana r\u00e1pido desde el principio, pero creo que al ir all\u00ed unas semanas despu\u00e9s har\u00e1 que cambie la situaci\u00f3n con la temperatura y el clima. Como siempre, tenemos que trabajar desde el viernes y completar un buen s\u00e1bado para estar en condiciones de pelear el domingo\u00bb.<\/p>\n","protected":false},"excerpt":{"rendered":"<p>Este pr\u00f3ximo fin de semana, Marc M\u00e1rquez y Pol Espargar\u00f3 volver\u00e1n al trazado italiano para disputar la decimosexta prueba de la temporada, el Gran Premio dell\u2019Emilia &#8211; Romagna.<\/p>\n","protected":false},"author":43146,"featured_media":44368,"comment_status":"open","ping_status":"open","sticky":false,"template":"","format":"standard","meta":{"footnotes":""},"categories":[4],"tags":[194,6,142,128],"class_list":["post-95152","post","type-post","status-publish","format-standard","hentry","category-motogp","tag-194","tag-marc-marquez","tag-motogp-misano","tag-pol-espargaro"],"yoast_head":"<!-- This site is optimized with the Yoast SEO plugin v27.3 - https:\/\/yoast.com\/product\/yoast-seo-wordpress\/ -->\n<title>Tras la victoria de Austin, el equipo Repsol Honda regresa a Misano - Box Repsol<\/title>\n<link rel=\"canonical\" href=\"https:\/\/www.boxrepsol.com\/es\/motogp\/tras-la-victoria-de-austin-el-equipo-repsol-honda-regresa-a-misano\/\" \/>\n<meta property=\"og:locale\" content=\"es_ES\" \/>\n<meta property=\"og:type\" content=\"article\" \/>\n<meta property=\"og:title\" content=\"Tras la victoria de Austin, el equipo Repsol Honda regresa a Misano - Box Repsol\" \/>\n<meta property=\"og:description\" content=\"Este pr\u00f3ximo fin de semana, Marc M\u00e1rquez y Pol Espargar\u00f3 volver\u00e1n al trazado italiano para disputar la decimosexta prueba de la temporada, el Gran Premio dell\u2019Emilia - Romagna.\" \/>\n<meta property=\"og:url\" content=\"https:\/\/www.boxrepsol.com\/es\/motogp\/tras-la-victoria-de-austin-el-equipo-repsol-honda-regresa-a-misano\/\" \/>\n<meta property=\"og:site_name\" content=\"Box Repsol\" \/>\n<meta property=\"article:publisher\" content=\"https:\/\/www.facebook.com\/BoxRepsol\" \/>\n<meta property=\"article:author\" content=\"https:\/\/www.facebook.com\/BoxRepsol\/\" \/>\n<meta property=\"article:published_time\" content=\"2021-10-20T02:00:00+00:00\" \/>\n<meta property=\"article:modified_time\" content=\"2024-04-10T08:58:14+00:00\" \/>\n<meta property=\"og:image\" content=\"https:\/\/bxrepsol.s3.eu-west-1.amazonaws.com\/static\/2022\/08\/09140701\/http___repsolmedia.com_repsolmedia_wp-content_uploads_2021_10_http___repsolmedia.com_repsolmedia_wp-content_uploads_2021_09_Copy-of-RD14_Misano_Espargaro_2021-01319.jpg\" \/>\n\t<meta property=\"og:image:width\" content=\"2500\" \/>\n\t<meta property=\"og:image:height\" content=\"1667\" \/>\n\t<meta property=\"og:image:type\" content=\"image\/jpeg\" \/>\n<meta name=\"author\" content=\"Redacci\u00f3n Box Repsol\" \/>\n<meta name=\"twitter:card\" content=\"summary_large_image\" \/>\n<meta name=\"twitter:creator\" content=\"@https:\/\/twitter.com\/box_repsol\" \/>\n<meta name=\"twitter:site\" content=\"@box_repsol\" \/>\n<meta name=\"twitter:label1\" content=\"Written by\" \/>\n\t<meta name=\"twitter:data1\" content=\"Redacci\u00f3n Box Repsol\" \/>\n\t<meta name=\"twitter:label2\" content=\"Est. reading time\" \/>\n\t<meta name=\"twitter:data2\" content=\"2 minutos\" \/>\n<script type=\"application\/ld+json\" class=\"yoast-schema-graph\">{\"@context\":\"https:\\\/\\\/schema.org\",\"@graph\":[{\"@type\":\"Article\",\"@id\":\"https:\\\/\\\/www.boxrepsol.com\\\/es\\\/motogp\\\/tras-la-victoria-de-austin-el-equipo-repsol-honda-regresa-a-misano\\\/#article\",\"isPartOf\":{\"@id\":\"https:\\\/\\\/www.boxrepsol.com\\\/es\\\/motogp\\\/tras-la-victoria-de-austin-el-equipo-repsol-honda-regresa-a-misano\\\/\"},\"author\":{\"name\":\"Redacci\u00f3n Box Repsol\",\"@id\":\"https:\\\/\\\/www.boxrepsol.com\\\/es\\\/#\\\/schema\\\/person\\\/c5c2138f2cca251b0ad92b7086bb60b7\"},\"headline\":\"Tras la victoria de Austin, el equipo Repsol Honda regresa a Misano\",\"datePublished\":\"2021-10-20T02:00:00+00:00\",\"dateModified\":\"2024-04-10T08:58:14+00:00\",\"mainEntityOfPage\":{\"@id\":\"https:\\\/\\\/www.boxrepsol.com\\\/es\\\/motogp\\\/tras-la-victoria-de-austin-el-equipo-repsol-honda-regresa-a-misano\\\/\"},\"wordCount\":430,\"commentCount\":0,\"publisher\":{\"@id\":\"https:\\\/\\\/www.boxrepsol.com\\\/es\\\/#organization\"},\"image\":{\"@id\":\"https:\\\/\\\/www.boxrepsol.com\\\/es\\\/motogp\\\/tras-la-victoria-de-austin-el-equipo-repsol-honda-regresa-a-misano\\\/#primaryimage\"},\"thumbnailUrl\":\"https:\\\/\\\/bxrepsol.s3.eu-west-1.amazonaws.com\\\/static\\\/2022\\\/08\\\/09140701\\\/http___repsolmedia.com_repsolmedia_wp-content_uploads_2021_10_http___repsolmedia.com_repsolmedia_wp-content_uploads_2021_09_Copy-of-RD14_Misano_Espargaro_2021-01319.jpg\",\"keywords\":[\"2021\",\"Marc M\u00e1rquez\",\"MotoGP Misano\",\"Pol Espargar\u00f3\"],\"articleSection\":[\"MotoGP\"],\"inLanguage\":\"es\",\"potentialAction\":[{\"@type\":\"CommentAction\",\"name\":\"Comment\",\"target\":[\"https:\\\/\\\/www.boxrepsol.com\\\/es\\\/motogp\\\/tras-la-victoria-de-austin-el-equipo-repsol-honda-regresa-a-misano\\\/#respond\"]}]},{\"@type\":\"WebPage\",\"@id\":\"https:\\\/\\\/www.boxrepsol.com\\\/es\\\/motogp\\\/tras-la-victoria-de-austin-el-equipo-repsol-honda-regresa-a-misano\\\/\",\"url\":\"https:\\\/\\\/www.boxrepsol.com\\\/es\\\/motogp\\\/tras-la-victoria-de-austin-el-equipo-repsol-honda-regresa-a-misano\\\/\",\"name\":\"Tras la victoria de Austin, el equipo Repsol Honda regresa a Misano - Box Repsol\",\"isPartOf\":{\"@id\":\"https:\\\/\\\/www.boxrepsol.com\\\/es\\\/#website\"},\"primaryImageOfPage\":{\"@id\":\"https:\\\/\\\/www.boxrepsol.com\\\/es\\\/motogp\\\/tras-la-victoria-de-austin-el-equipo-repsol-honda-regresa-a-misano\\\/#primaryimage\"},\"image\":{\"@id\":\"https:\\\/\\\/www.boxrepsol.com\\\/es\\\/motogp\\\/tras-la-victoria-de-austin-el-equipo-repsol-honda-regresa-a-misano\\\/#primaryimage\"},\"thumbnailUrl\":\"https:\\\/\\\/bxrepsol.s3.eu-west-1.amazonaws.com\\\/static\\\/2022\\\/08\\\/09140701\\\/http___repsolmedia.com_repsolmedia_wp-content_uploads_2021_10_http___repsolmedia.com_repsolmedia_wp-content_uploads_2021_09_Copy-of-RD14_Misano_Espargaro_2021-01319.jpg\",\"datePublished\":\"2021-10-20T02:00:00+00:00\",\"dateModified\":\"2024-04-10T08:58:14+00:00\",\"breadcrumb\":{\"@id\":\"https:\\\/\\\/www.boxrepsol.com\\\/es\\\/motogp\\\/tras-la-victoria-de-austin-el-equipo-repsol-honda-regresa-a-misano\\\/#breadcrumb\"},\"inLanguage\":\"es\",\"potentialAction\":[{\"@type\":\"ReadAction\",\"target\":[\"https:\\\/\\\/www.boxrepsol.com\\\/es\\\/motogp\\\/tras-la-victoria-de-austin-el-equipo-repsol-honda-regresa-a-misano\\\/\"]}]},{\"@type\":\"ImageObject\",\"inLanguage\":\"es\",\"@id\":\"https:\\\/\\\/www.boxrepsol.com\\\/es\\\/motogp\\\/tras-la-victoria-de-austin-el-equipo-repsol-honda-regresa-a-misano\\\/#primaryimage\",\"url\":\"https:\\\/\\\/bxrepsol.s3.eu-west-1.amazonaws.com\\\/static\\\/2022\\\/08\\\/09140701\\\/http___repsolmedia.com_repsolmedia_wp-content_uploads_2021_10_http___repsolmedia.com_repsolmedia_wp-content_uploads_2021_09_Copy-of-RD14_Misano_Espargaro_2021-01319.jpg\",\"contentUrl\":\"https:\\\/\\\/bxrepsol.s3.eu-west-1.amazonaws.com\\\/static\\\/2022\\\/08\\\/09140701\\\/http___repsolmedia.com_repsolmedia_wp-content_uploads_2021_10_http___repsolmedia.com_repsolmedia_wp-content_uploads_2021_09_Copy-of-RD14_Misano_Espargaro_2021-01319.jpg\",\"width\":2500,\"height\":1667},{\"@type\":\"BreadcrumbList\",\"@id\":\"https:\\\/\\\/www.boxrepsol.com\\\/es\\\/motogp\\\/tras-la-victoria-de-austin-el-equipo-repsol-honda-regresa-a-misano\\\/#breadcrumb\",\"itemListElement\":[{\"@type\":\"ListItem\",\"position\":1,\"name\":\"Home\",\"item\":\"https:\\\/\\\/www.boxrepsol.com\\\/es\\\/\"},{\"@type\":\"ListItem\",\"position\":2,\"name\":\"Tras la victoria de Austin, el equipo Repsol Honda regresa a Misano\"}]},{\"@type\":\"WebSite\",\"@id\":\"https:\\\/\\\/www.boxrepsol.com\\\/es\\\/#website\",\"url\":\"https:\\\/\\\/www.boxrepsol.com\\\/es\\\/\",\"name\":\"Box Repsol\",\"description\":\"Box Repsol Site\",\"publisher\":{\"@id\":\"https:\\\/\\\/www.boxrepsol.com\\\/es\\\/#organization\"},\"potentialAction\":[{\"@type\":\"SearchAction\",\"target\":{\"@type\":\"EntryPoint\",\"urlTemplate\":\"https:\\\/\\\/www.boxrepsol.com\\\/es\\\/?s={search_term_string}\"},\"query-input\":{\"@type\":\"PropertyValueSpecification\",\"valueRequired\":true,\"valueName\":\"search_term_string\"}}],\"inLanguage\":\"es\"},{\"@type\":\"Organization\",\"@id\":\"https:\\\/\\\/www.boxrepsol.com\\\/es\\\/#organization\",\"name\":\"Box Repsol\",\"url\":\"https:\\\/\\\/www.boxrepsol.com\\\/es\\\/\",\"logo\":{\"@type\":\"ImageObject\",\"inLanguage\":\"es\",\"@id\":\"https:\\\/\\\/www.boxrepsol.com\\\/es\\\/#\\\/schema\\\/logo\\\/image\\\/\",\"url\":\"https:\\\/\\\/bxrepsol.s3.eu-west-1.amazonaws.com\\\/static\\\/2025\\\/07\\\/30083337\\\/favicon-96x96-1.png\",\"contentUrl\":\"https:\\\/\\\/bxrepsol.s3.eu-west-1.amazonaws.com\\\/static\\\/2025\\\/07\\\/30083337\\\/favicon-96x96-1.png\",\"width\":96,\"height\":96,\"caption\":\"Box Repsol\"},\"image\":{\"@id\":\"https:\\\/\\\/www.boxrepsol.com\\\/es\\\/#\\\/schema\\\/logo\\\/image\\\/\"},\"sameAs\":[\"https:\\\/\\\/www.facebook.com\\\/BoxRepsol\",\"https:\\\/\\\/x.com\\\/box_repsol\",\"http:\\\/\\\/instagram.com\\\/box_repsol\",\"https:\\\/\\\/www.youtube.com\\\/user\\\/RepsolCompeticion\",\"https:\\\/\\\/www.flickr.com\\\/photos\\\/box_repsol\\\/\"]},{\"@type\":\"Person\",\"@id\":\"https:\\\/\\\/www.boxrepsol.com\\\/es\\\/#\\\/schema\\\/person\\\/c5c2138f2cca251b0ad92b7086bb60b7\",\"name\":\"Redacci\u00f3n Box Repsol\",\"image\":{\"@type\":\"ImageObject\",\"inLanguage\":\"es\",\"@id\":\"https:\\\/\\\/secure.gravatar.com\\\/avatar\\\/adf7b77e38b4419baf32c7e9c21dde01f4e40df611f0978e3006fc4ba0aaab7e?s=96&d=mm&r=g\",\"url\":\"https:\\\/\\\/secure.gravatar.com\\\/avatar\\\/adf7b77e38b4419baf32c7e9c21dde01f4e40df611f0978e3006fc4ba0aaab7e?s=96&d=mm&r=g\",\"contentUrl\":\"https:\\\/\\\/secure.gravatar.com\\\/avatar\\\/adf7b77e38b4419baf32c7e9c21dde01f4e40df611f0978e3006fc4ba0aaab7e?s=96&d=mm&r=g\",\"caption\":\"Redacci\u00f3n Box Repsol\"},\"description\":\"Box Repsol lo forma un equipo de periodistas, community managers, dise\u00f1adores y fot\u00f3grafos con m\u00e1s de 20 a\u00f1os de experiencia en el mundo del motorsport. Hemos vivido el primer mundial de un espa\u00f1ol en la categor\u00eda reina de motociclismo con \u00c1lex Crivill\u00e9, estuvimos en las victorias de Pedrosa y los t\u00edtulos de M\u00e1rquez, acompa\u00f1amos en \u00c1frica a Nani Roma y Marc Coma en sus conquistas del Dakar y hemos vibrado con los t\u00edtulos de Toni Bou en Trial. Adem\u00e1s, en nuestro equipo contamos con expertos en el mundo de las dos y cuatro ruedas tanto de la calle y las carreteras, como de los circuitos. Periodistas que han trabajado en revistas y publicaciones para hacerte llegar desde rutas y consejos de mantenimiento, a curiosidades y trucos de pilotaje.\",\"sameAs\":[\"https:\\\/\\\/www.facebook.com\\\/BoxRepsol\\\/\",\"https:\\\/\\\/www.instagram.com\\\/box_repsol\\\/\",\"https:\\\/\\\/x.com\\\/https:\\\/\\\/twitter.com\\\/box_repsol\",\"https:\\\/\\\/www.youtube.com\\\/@Boxrepsol\"],\"url\":\"https:\\\/\\\/www.boxrepsol.com\\\/es\\\/author\\\/redaccion-box-repsol\\\/\"}]}<\/script>\n<!-- \/ Yoast SEO plugin. -->","yoast_head_json":{"title":"Tras la victoria de Austin, el equipo Repsol Honda regresa a Misano - Box Repsol","canonical":"https:\/\/www.boxrepsol.com\/es\/motogp\/tras-la-victoria-de-austin-el-equipo-repsol-honda-regresa-a-misano\/","og_locale":"es_ES","og_type":"article","og_title":"Tras la victoria de Austin, el equipo Repsol Honda regresa a Misano - Box Repsol","og_description":"Este pr\u00f3ximo fin de semana, Marc M\u00e1rquez y Pol Espargar\u00f3 volver\u00e1n al trazado italiano para disputar la decimosexta prueba de la temporada, el Gran Premio dell\u2019Emilia - Romagna.","og_url":"https:\/\/www.boxrepsol.com\/es\/motogp\/tras-la-victoria-de-austin-el-equipo-repsol-honda-regresa-a-misano\/","og_site_name":"Box Repsol","article_publisher":"https:\/\/www.facebook.com\/BoxRepsol","article_author":"https:\/\/www.facebook.com\/BoxRepsol\/","article_published_time":"2021-10-20T02:00:00+00:00","article_modified_time":"2024-04-10T08:58:14+00:00","og_image":[{"width":2500,"height":1667,"url":"https:\/\/bxrepsol.s3.eu-west-1.amazonaws.com\/static\/2022\/08\/09140701\/http___repsolmedia.com_repsolmedia_wp-content_uploads_2021_10_http___repsolmedia.com_repsolmedia_wp-content_uploads_2021_09_Copy-of-RD14_Misano_Espargaro_2021-01319.jpg","type":"image\/jpeg"}],"author":"Redacci\u00f3n Box Repsol","twitter_card":"summary_large_image","twitter_creator":"@https:\/\/twitter.com\/box_repsol","twitter_site":"@box_repsol","twitter_misc":{"Written by":"Redacci\u00f3n Box Repsol","Est. reading time":"2 minutos"},"schema":{"@context":"https:\/\/schema.org","@graph":[{"@type":"Article","@id":"https:\/\/www.boxrepsol.com\/es\/motogp\/tras-la-victoria-de-austin-el-equipo-repsol-honda-regresa-a-misano\/#article","isPartOf":{"@id":"https:\/\/www.boxrepsol.com\/es\/motogp\/tras-la-victoria-de-austin-el-equipo-repsol-honda-regresa-a-misano\/"},"author":{"name":"Redacci\u00f3n Box Repsol","@id":"https:\/\/www.boxrepsol.com\/es\/#\/schema\/person\/c5c2138f2cca251b0ad92b7086bb60b7"},"headline":"Tras la victoria de Austin, el equipo Repsol Honda regresa a Misano","datePublished":"2021-10-20T02:00:00+00:00","dateModified":"2024-04-10T08:58:14+00:00","mainEntityOfPage":{"@id":"https:\/\/www.boxrepsol.com\/es\/motogp\/tras-la-victoria-de-austin-el-equipo-repsol-honda-regresa-a-misano\/"},"wordCount":430,"commentCount":0,"publisher":{"@id":"https:\/\/www.boxrepsol.com\/es\/#organization"},"image":{"@id":"https:\/\/www.boxrepsol.com\/es\/motogp\/tras-la-victoria-de-austin-el-equipo-repsol-honda-regresa-a-misano\/#primaryimage"},"thumbnailUrl":"https:\/\/bxrepsol.s3.eu-west-1.amazonaws.com\/static\/2022\/08\/09140701\/http___repsolmedia.com_repsolmedia_wp-content_uploads_2021_10_http___repsolmedia.com_repsolmedia_wp-content_uploads_2021_09_Copy-of-RD14_Misano_Espargaro_2021-01319.jpg","keywords":["2021","Marc M\u00e1rquez","MotoGP Misano","Pol Espargar\u00f3"],"articleSection":["MotoGP"],"inLanguage":"es","potentialAction":[{"@type":"CommentAction","name":"Comment","target":["https:\/\/www.boxrepsol.com\/es\/motogp\/tras-la-victoria-de-austin-el-equipo-repsol-honda-regresa-a-misano\/#respond"]}]},{"@type":"WebPage","@id":"https:\/\/www.boxrepsol.com\/es\/motogp\/tras-la-victoria-de-austin-el-equipo-repsol-honda-regresa-a-misano\/","url":"https:\/\/www.boxrepsol.com\/es\/motogp\/tras-la-victoria-de-austin-el-equipo-repsol-honda-regresa-a-misano\/","name":"Tras la victoria de Austin, el equipo Repsol Honda regresa a Misano - Box Repsol","isPartOf":{"@id":"https:\/\/www.boxrepsol.com\/es\/#website"},"primaryImageOfPage":{"@id":"https:\/\/www.boxrepsol.com\/es\/motogp\/tras-la-victoria-de-austin-el-equipo-repsol-honda-regresa-a-misano\/#primaryimage"},"image":{"@id":"https:\/\/www.boxrepsol.com\/es\/motogp\/tras-la-victoria-de-austin-el-equipo-repsol-honda-regresa-a-misano\/#primaryimage"},"thumbnailUrl":"https:\/\/bxrepsol.s3.eu-west-1.amazonaws.com\/static\/2022\/08\/09140701\/http___repsolmedia.com_repsolmedia_wp-content_uploads_2021_10_http___repsolmedia.com_repsolmedia_wp-content_uploads_2021_09_Copy-of-RD14_Misano_Espargaro_2021-01319.jpg","datePublished":"2021-10-20T02:00:00+00:00","dateModified":"2024-04-10T08:58:14+00:00","breadcrumb":{"@id":"https:\/\/www.boxrepsol.com\/es\/motogp\/tras-la-victoria-de-austin-el-equipo-repsol-honda-regresa-a-misano\/#breadcrumb"},"inLanguage":"es","potentialAction":[{"@type":"ReadAction","target":["https:\/\/www.boxrepsol.com\/es\/motogp\/tras-la-victoria-de-austin-el-equipo-repsol-honda-regresa-a-misano\/"]}]},{"@type":"ImageObject","inLanguage":"es","@id":"https:\/\/www.boxrepsol.com\/es\/motogp\/tras-la-victoria-de-austin-el-equipo-repsol-honda-regresa-a-misano\/#primaryimage","url":"https:\/\/bxrepsol.s3.eu-west-1.amazonaws.com\/static\/2022\/08\/09140701\/http___repsolmedia.com_repsolmedia_wp-content_uploads_2021_10_http___repsolmedia.com_repsolmedia_wp-content_uploads_2021_09_Copy-of-RD14_Misano_Espargaro_2021-01319.jpg","contentUrl":"https:\/\/bxrepsol.s3.eu-west-1.amazonaws.com\/static\/2022\/08\/09140701\/http___repsolmedia.com_repsolmedia_wp-content_uploads_2021_10_http___repsolmedia.com_repsolmedia_wp-content_uploads_2021_09_Copy-of-RD14_Misano_Espargaro_2021-01319.jpg","width":2500,"height":1667},{"@type":"BreadcrumbList","@id":"https:\/\/www.boxrepsol.com\/es\/motogp\/tras-la-victoria-de-austin-el-equipo-repsol-honda-regresa-a-misano\/#breadcrumb","itemListElement":[{"@type":"ListItem","position":1,"name":"Home","item":"https:\/\/www.boxrepsol.com\/es\/"},{"@type":"ListItem","position":2,"name":"Tras la victoria de Austin, el equipo Repsol Honda regresa a Misano"}]},{"@type":"WebSite","@id":"https:\/\/www.boxrepsol.com\/es\/#website","url":"https:\/\/www.boxrepsol.com\/es\/","name":"Box Repsol","description":"Box Repsol Site","publisher":{"@id":"https:\/\/www.boxrepsol.com\/es\/#organization"},"potentialAction":[{"@type":"SearchAction","target":{"@type":"EntryPoint","urlTemplate":"https:\/\/www.boxrepsol.com\/es\/?s={search_term_string}"},"query-input":{"@type":"PropertyValueSpecification","valueRequired":true,"valueName":"search_term_string"}}],"inLanguage":"es"},{"@type":"Organization","@id":"https:\/\/www.boxrepsol.com\/es\/#organization","name":"Box Repsol","url":"https:\/\/www.boxrepsol.com\/es\/","logo":{"@type":"ImageObject","inLanguage":"es","@id":"https:\/\/www.boxrepsol.com\/es\/#\/schema\/logo\/image\/","url":"https:\/\/bxrepsol.s3.eu-west-1.amazonaws.com\/static\/2025\/07\/30083337\/favicon-96x96-1.png","contentUrl":"https:\/\/bxrepsol.s3.eu-west-1.amazonaws.com\/static\/2025\/07\/30083337\/favicon-96x96-1.png","width":96,"height":96,"caption":"Box Repsol"},"image":{"@id":"https:\/\/www.boxrepsol.com\/es\/#\/schema\/logo\/image\/"},"sameAs":["https:\/\/www.facebook.com\/BoxRepsol","https:\/\/x.com\/box_repsol","http:\/\/instagram.com\/box_repsol","https:\/\/www.youtube.com\/user\/RepsolCompeticion","https:\/\/www.flickr.com\/photos\/box_repsol\/"]},{"@type":"Person","@id":"https:\/\/www.boxrepsol.com\/es\/#\/schema\/person\/c5c2138f2cca251b0ad92b7086bb60b7","name":"Redacci\u00f3n Box Repsol","image":{"@type":"ImageObject","inLanguage":"es","@id":"https:\/\/secure.gravatar.com\/avatar\/adf7b77e38b4419baf32c7e9c21dde01f4e40df611f0978e3006fc4ba0aaab7e?s=96&d=mm&r=g","url":"https:\/\/secure.gravatar.com\/avatar\/adf7b77e38b4419baf32c7e9c21dde01f4e40df611f0978e3006fc4ba0aaab7e?s=96&d=mm&r=g","contentUrl":"https:\/\/secure.gravatar.com\/avatar\/adf7b77e38b4419baf32c7e9c21dde01f4e40df611f0978e3006fc4ba0aaab7e?s=96&d=mm&r=g","caption":"Redacci\u00f3n Box Repsol"},"description":"Box Repsol lo forma un equipo de periodistas, community managers, dise\u00f1adores y fot\u00f3grafos con m\u00e1s de 20 a\u00f1os de experiencia en el mundo del motorsport. Hemos vivido el primer mundial de un espa\u00f1ol en la categor\u00eda reina de motociclismo con \u00c1lex Crivill\u00e9, estuvimos en las victorias de Pedrosa y los t\u00edtulos de M\u00e1rquez, acompa\u00f1amos en \u00c1frica a Nani Roma y Marc Coma en sus conquistas del Dakar y hemos vibrado con los t\u00edtulos de Toni Bou en Trial. Adem\u00e1s, en nuestro equipo contamos con expertos en el mundo de las dos y cuatro ruedas tanto de la calle y las carreteras, como de los circuitos. Periodistas que han trabajado en revistas y publicaciones para hacerte llegar desde rutas y consejos de mantenimiento, a curiosidades y trucos de pilotaje.","sameAs":["https:\/\/www.facebook.com\/BoxRepsol\/","https:\/\/www.instagram.com\/box_repsol\/","https:\/\/x.com\/https:\/\/twitter.com\/box_repsol","https:\/\/www.youtube.com\/@Boxrepsol"],"url":"https:\/\/www.boxrepsol.com\/es\/author\/redaccion-box-repsol\/"}]}},"_links":{"self":[{"href":"https:\/\/www.boxrepsol.com\/es\/wp-json\/wp\/v2\/posts\/95152","targetHints":{"allow":["GET"]}}],"collection":[{"href":"https:\/\/www.boxrepsol.com\/es\/wp-json\/wp\/v2\/posts"}],"about":[{"href":"https:\/\/www.boxrepsol.com\/es\/wp-json\/wp\/v2\/types\/post"}],"author":[{"embeddable":true,"href":"https:\/\/www.boxrepsol.com\/es\/wp-json\/wp\/v2\/users\/43146"}],"replies":[{"embeddable":true,"href":"https:\/\/www.boxrepsol.com\/es\/wp-json\/wp\/v2\/comments?post=95152"}],"version-history":[{"count":1,"href":"https:\/\/www.boxrepsol.com\/es\/wp-json\/wp\/v2\/posts\/95152\/revisions"}],"predecessor-version":[{"id":114734,"href":"https:\/\/www.boxrepsol.com\/es\/wp-json\/wp\/v2\/posts\/95152\/revisions\/114734"}],"wp:featuredmedia":[{"embeddable":true,"href":"https:\/\/www.boxrepsol.com\/es\/wp-json\/wp\/v2\/media\/44368"}],"wp:attachment":[{"href":"https:\/\/www.boxrepsol.com\/es\/wp-json\/wp\/v2\/media?parent=95152"}],"wp:term":[{"taxonomy":"category","embeddable":true,"href":"https:\/\/www.boxrepsol.com\/es\/wp-json\/wp\/v2\/categories?post=95152"},{"taxonomy":"post_tag","embeddable":true,"href":"https:\/\/www.boxrepsol.com\/es\/wp-json\/wp\/v2\/tags?post=95152"}],"curies":[{"name":"wp","href":"https:\/\/api.w.org\/{rel}","templated":true}]}}