{"id":95142,"date":"2021-10-18T00:00:00","date_gmt":"2021-10-18T02:00:00","guid":{"rendered":"http:\/\/pre.boxrepsol.com\/sin-categorizar\/puntos-recarga-vehiculos-electricos\/"},"modified":"2025-06-27T06:32:59","modified_gmt":"2025-06-27T08:32:59","slug":"puntos-recarga-vehiculos-electricos","status":"publish","type":"post","link":"https:\/\/www.boxrepsol.com\/es\/tecnologia\/puntos-recarga-vehiculos-electricos\/","title":{"rendered":"Puntos de recarga para veh\u00edculos el\u00e9ctricos"},"content":{"rendered":"<figure class=\"wp-block-post-featured-image\"><img loading=\"lazy\" decoding=\"async\" width=\"1280\" height=\"600\" src=\"https:\/\/bxrepsol.s3.eu-west-1.amazonaws.com\/static\/2023\/06\/26081821\/40412scr_2c06c4ac0b1eca6-copia.jpg\" class=\"attachment-post-thumbnail size-post-thumbnail wp-post-image\" alt=\"\" style=\"object-fit:cover;\" srcset=\"https:\/\/bxrepsol.s3.eu-west-1.amazonaws.com\/static\/2023\/06\/26081821\/40412scr_2c06c4ac0b1eca6-copia.jpg 1280w, https:\/\/bxrepsol.s3.eu-west-1.amazonaws.com\/static\/2023\/06\/26081821\/40412scr_2c06c4ac0b1eca6-copia-300x141.jpg 300w, https:\/\/bxrepsol.s3.eu-west-1.amazonaws.com\/static\/2023\/06\/26081821\/40412scr_2c06c4ac0b1eca6-copia-1024x480.jpg 1024w, https:\/\/bxrepsol.s3.eu-west-1.amazonaws.com\/static\/2023\/06\/26081821\/40412scr_2c06c4ac0b1eca6-copia-768x360.jpg 768w\" sizes=\"auto, (max-width: 1280px) 100vw, 1280px\" \/><\/figure>\n\n\n<p>Un punto de recarga se utiliza para cargar un veh\u00edculo el\u00e9ctrico, ya sea coche o moto. Este tipo de veh\u00edculos son propulsados por energ\u00eda el\u00e9ctrica, la cual se encuentra almacenada en bater\u00edas que necesitan ser recargadas cada cierto tiempo, concretamente cuando la autonom\u00eda de estas llega a su fin.<\/p>\n\n\n\n<p><strong><div id=\"ez-toc-container\" class=\"ez-toc-v2_0_82_2 counter-hierarchy ez-toc-counter ez-toc-grey ez-toc-container-direction\">\n<div class=\"ez-toc-title-container\">\n<p class=\"ez-toc-title\" style=\"cursor:inherit\">\u00cdndice<\/p>\n<span class=\"ez-toc-title-toggle\"><a href=\"#\" class=\"ez-toc-pull-right ez-toc-btn ez-toc-btn-xs ez-toc-btn-default ez-toc-toggle\" aria-label=\"Toggle Table of Content\"><span class=\"ez-toc-js-icon-con\"><span class=\"\"><span class=\"eztoc-hide\" style=\"display:none;\">Toggle<\/span><span class=\"ez-toc-icon-toggle-span\"><svg style=\"fill: #999;color:#999\" xmlns=\"http:\/\/www.w3.org\/2000\/svg\" class=\"list-377408\" width=\"20px\" height=\"20px\" viewBox=\"0 0 24 24\" fill=\"none\"><path d=\"M6 6H4v2h2V6zm14 0H8v2h12V6zM4 11h2v2H4v-2zm16 0H8v2h12v-2zM4 16h2v2H4v-2zm16 0H8v2h12v-2z\" fill=\"currentColor\"><\/path><\/svg><svg style=\"fill: #999;color:#999\" class=\"arrow-unsorted-368013\" xmlns=\"http:\/\/www.w3.org\/2000\/svg\" width=\"10px\" height=\"10px\" viewBox=\"0 0 24 24\" version=\"1.2\" baseProfile=\"tiny\"><path d=\"M18.2 9.3l-6.2-6.3-6.2 6.3c-.2.2-.3.4-.3.7s.1.5.3.7c.2.2.4.3.7.3h11c.3 0 .5-.1.7-.3.2-.2.3-.5.3-.7s-.1-.5-.3-.7zM5.8 14.7l6.2 6.3 6.2-6.3c.2-.2.3-.5.3-.7s-.1-.5-.3-.7c-.2-.2-.4-.3-.7-.3h-11c-.3 0-.5.1-.7.3-.2.2-.3.5-.3.7s.1.5.3.7z\"\/><\/svg><\/span><\/span><\/span><\/a><\/span><\/div>\n<nav><ul class='ez-toc-list ez-toc-list-level-1 ' ><li class='ez-toc-page-1 ez-toc-heading-level-2'><a class=\"ez-toc-link ez-toc-heading-1\" href=\"https:\/\/www.boxrepsol.com\/es\/tecnologia\/puntos-recarga-vehiculos-electricos\/#Vehiculos_electricos_caracteristicas_a_tener_en_cuenta\" >Veh\u00edculos el\u00e9ctricos: caracter\u00edsticas a tener en cuenta<\/a><\/li><li class='ez-toc-page-1 ez-toc-heading-level-2'><a class=\"ez-toc-link ez-toc-heading-2\" href=\"https:\/\/www.boxrepsol.com\/es\/tecnologia\/puntos-recarga-vehiculos-electricos\/#Como_funcionan_los_puntos_de_recarga_de_vehiculos_electricos\" >C\u00f3mo funcionan los puntos de recarga de veh\u00edculos el\u00e9ctricos<\/a><ul class='ez-toc-list-level-3' ><li class='ez-toc-heading-level-3'><a class=\"ez-toc-link ez-toc-heading-3\" href=\"https:\/\/www.boxrepsol.com\/es\/tecnologia\/puntos-recarga-vehiculos-electricos\/#%C2%BFCuanto_tarda_en_cargar_un_coche_electrico\" >\u00bfCu\u00e1nto tarda en cargar un coche el\u00e9ctrico?<\/a><\/li><li class='ez-toc-page-1 ez-toc-heading-level-3'><a class=\"ez-toc-link ez-toc-heading-4\" href=\"https:\/\/www.boxrepsol.com\/es\/tecnologia\/puntos-recarga-vehiculos-electricos\/#%C2%BFCuanto_tarda_en_cargar_una_moto_electrica\" >\u00bfCu\u00e1nto tarda en cargar una moto el\u00e9ctrica?<\/a><\/li><li class='ez-toc-page-1 ez-toc-heading-level-3'><a class=\"ez-toc-link ez-toc-heading-5\" href=\"https:\/\/www.boxrepsol.com\/es\/tecnologia\/puntos-recarga-vehiculos-electricos\/#%C2%BFCuanto_cuesta_recargar_la_bateria_de_mi_coche_electrico\" >\u00bfCu\u00e1nto cuesta recargar la bater\u00eda de mi coche el\u00e9ctrico?<\/a><\/li><\/ul><\/li><li class='ez-toc-page-1 ez-toc-heading-level-2'><a class=\"ez-toc-link ez-toc-heading-6\" href=\"https:\/\/www.boxrepsol.com\/es\/tecnologia\/puntos-recarga-vehiculos-electricos\/#Puntos_de_recarga_de_vehiculos_electricos_en_casa\" >Puntos de recarga de veh\u00edculos el\u00e9ctricos en casa<\/a><\/li><\/ul><\/nav><\/div>\n<\/strong><\/p>\n\n\n\n<p>A continuaci\u00f3n, te explicaremos las caracter\u00edsticas m\u00e1s importantes de los veh\u00edculos el\u00e9ctricos, concretamente de la gama de motos, c\u00f3mo funcionan los puntos de recarga y los tipos de puntos que existen.<\/p>\n\n\n\n<h2 class=\"wp-block-heading\"><span class=\"ez-toc-section\" id=\"Vehiculos_electricos_caracteristicas_a_tener_en_cuenta\"><\/span>Veh\u00edculos el\u00e9ctricos: caracter\u00edsticas a tener en cuenta<span class=\"ez-toc-section-end\"><\/span><\/h2>\n\n\n\n<p>Los coches y <a href=\"https:\/\/www.boxrepsol.com\/es\/vive-tu-moto\/las-motos-electricas-honda-vienen\/\" target=\"_blank\" rel=\"noopener\">motos el\u00e9ctricas&nbsp;<\/a>se han convertido en una alternativa de movilidad al alcance de los usuarios. A pesar de las <a href=\"https:\/\/www.boxrepsol.com\/es\/tecnologia\/ventajas-desventajas-las-motos-electricas\/\" target=\"_blank\" rel=\"noopener\">ventajas y desventajas de las motos y coches el\u00e9ctricos<\/a>, estos, han llegado para quedarse. Por ello, su aparici\u00f3n requiere m\u00e1s <strong>puntos de recarga&nbsp;para veh\u00edculos el\u00e9ctricos<\/strong>&nbsp;y sus conductores.<\/p>\n\n\n\n<p>Algunas de las principales caracter\u00edsticas de los veh\u00edculos el\u00e9ctricos son:<\/p>\n\n\n\n<ul class=\"wp-block-list\">\n<li><strong>Necesitan enchufarse a una red el\u00e9ctrica<\/strong>: Muchos fabricantes indican que la potencia ideal es entre 3,6 y 22 kW (kilovatios) cuando los niveles de bater\u00eda est\u00e9n entre el 20% y el 80%. De esta forma, la autonom\u00eda de la bater\u00eda durar\u00e1 mucho m\u00e1s tiempo.<\/li>\n\n\n\n<li><strong>Disponen de una bater\u00eda de iones de litio<\/strong>: esta garantiza la alimentaci\u00f3n del propio motor. Adem\u00e1s, la capacidad est\u00e1 relacionada con la autonom\u00eda del coche o la moto.<\/li>\n\n\n\n<li><strong>Tienen un mantenimiento econ\u00f3mico<\/strong>: Las motos el\u00e9ctricas tienen diferente mantenimiento que los coches de combusti\u00f3n ya que el veh\u00edculo el\u00e9ctrico no necesita buj\u00edas, tubo de escape, cambios de aceite\u2026 No obstante, requiere de otro tipo de mantenimiento como el de la bater\u00eda, que ser\u00e1 necesario cambiarla pasado cierto tiempo.<\/li>\n\n\n\n<li><strong>Los coches el\u00e9ctricos tienen una autonom\u00eda media de 200-300 km y las motos pueden llegar a los 55 km<\/strong>. Sin embargo, esta autonom\u00eda depender\u00e1 de la capacidad que tenga la propia bater\u00eda y de la conducci\u00f3n del propietario.<\/li>\n<\/ul>\n\n\n\n<figure class=\"wp-block-image size-large\"><img loading=\"lazy\" decoding=\"async\" width=\"1024\" height=\"683\" src=\"https:\/\/bxrepsol.s3.eu-west-1.amazonaws.com\/static\/2023\/06\/26081935\/124274scr_978320bd114f339-1024x683.jpg\" alt=\"\" class=\"wp-image-103732\" srcset=\"https:\/\/bxrepsol.s3.eu-west-1.amazonaws.com\/static\/2023\/06\/26081935\/124274scr_978320bd114f339-1024x683.jpg 1024w, https:\/\/bxrepsol.s3.eu-west-1.amazonaws.com\/static\/2023\/06\/26081935\/124274scr_978320bd114f339-300x200.jpg 300w, https:\/\/bxrepsol.s3.eu-west-1.amazonaws.com\/static\/2023\/06\/26081935\/124274scr_978320bd114f339-768x512.jpg 768w, https:\/\/bxrepsol.s3.eu-west-1.amazonaws.com\/static\/2023\/06\/26081935\/124274scr_978320bd114f339.jpg 1199w\" sizes=\"auto, (max-width: 1024px) 100vw, 1024px\" \/><\/figure>\n\n\n\n<h2 class=\"wp-block-heading\"><span class=\"ez-toc-section\" id=\"Como_funcionan_los_puntos_de_recarga_de_vehiculos_electricos\"><\/span>C\u00f3mo funcionan los puntos de recarga de veh\u00edculos el\u00e9ctricos<span class=\"ez-toc-section-end\"><\/span><\/h2>\n\n\n\n<p>El funcionamiento de los <strong>puntos de recarga para veh\u00edculos el\u00e9ctricos<\/strong> es muy sencillo. El conductor \u00fanicamente debe seleccionar el tipo de recarga que desea, y a partir de ese momento se extrae el cable del veh\u00edculo y se conecta directamente al enchufe del punto de recarga.<\/p>\n\n\n\n<p>En Espa\u00f1a existen m\u00e1s de <strong>20.000 puntos p\u00fablicos operativos<\/strong>. Por su parte, <a href=\"http:\/\/repsol.es\/es\/productos-y-servicios\/estaciones-de-servicio\/servicios\/recarga-electrica\/index.cshtml\" target=\"_blank\" rel=\"noopener\">Repsol cuenta con m\u00e1s de 1.800 puntos de recarga<\/a>&nbsp;p\u00fablicos instalados en la Pen\u00ednsula Ib\u00e9rica, de los que ya est\u00e1n operativos 950 en Espa\u00f1a y 162 en Portugal. En este sentido, Repsol cuenta en los principales corredores de la Pen\u00ednsula Ib\u00e9rica con estaciones de servicio con puntos de recarga r\u00e1pida o ultrarr\u00e1pida con conectores compatibles para cualquier tipo de veh\u00edculo el\u00e9ctrico, siempre operativos; con atenci\u00f3n presencial durante gran parte del horario; asistencia y<strong> atenci\u00f3n telef\u00f3nica las 24 horas<\/strong>, y servicios adicionales a disposici\u00f3n de los usuarios.<\/p>\n\n\n\n<h3 class=\"wp-block-heading\"><span class=\"ez-toc-section\" id=\"%C2%BFCuanto_tarda_en_cargar_un_coche_electrico\"><\/span>\u00bfCu\u00e1nto tarda en cargar un coche el\u00e9ctrico?<span class=\"ez-toc-section-end\"><\/span><\/h3>\n\n\n\n<p>Depende sobre todo de dos factores:<strong> la cantidad de energ\u00eda que pueda conseguir almacenar la bater\u00eda y la potencia del punto de suministro en el que se recarga<\/strong>. Tambi\u00e9n entra en juego el tipo de coche, porque no todos admiten la misma potencia de recarga.<\/p>\n\n\n\n<p>Los puntos de recarga se pueden clasificar en cuatro tipolog\u00edas en funci\u00f3n de su potencia de carga, que influir\u00e1 de forma directa en le tiempo en el que tarda en cargarse la bater\u00eda.<\/p>\n\n\n\n<figure class=\"wp-block-image\"><img decoding=\"async\" src=\"https:\/\/bxrepsol.s3.eu-west-1.amazonaws.com\/static\/2023\/02\/06082518\/Imagen11.png\" alt=\"\"\/><\/figure>\n\n\n\n<p>La recarga lenta o normal se realiza en garajes privados de domicilios o empresas, mientras que el resto de las recargas de mayores potencias suelen producirse en \u00e1mbito p\u00fablico: entorno urbano e interurbano para recargas semi-r\u00e1pida y r\u00e1pida y larga distancia donde est\u00e1 indicada las recargas mayor potencia puesto que replican la din\u00e1mica del suministro actual.<\/p>\n\n\n\n<p>La velocidad de recarga de la bater\u00eda del veh\u00edculo el\u00e9ctrico la determina el m\u00ednimo entre la potencia del punto de suministro y la potencia que admite el propio veh\u00edculo. Esto es, si el veh\u00edculo admite la carga hasta 100 kW y la recarga se produce en un punto de recarga de 350 kW, la potencia que determinar\u00e1 la velocidad de llenado ser\u00e1 la de 100 kW. En el caso de que ese mismo veh\u00edculo recargar\u00e1 en un punto de 22 kW, ser\u00eda esta \u00faltima potencia la que determinar\u00e1 la velocidad de recarga.<\/p>\n\n\n\n<p>As\u00ed, en un punto de recarga ultrarr\u00e1pida, que va desde los 150 kW hasta los 350 kW, se puede recargar el 80% de una bater\u00eda de 40 kWh en unos 5 &#8211; 10 minutos, para recorrer aproximadamente 160 km (con un consumo de 20 kWh\/100 km). En un punto r\u00e1pido, de 50 kW, este tiempo es de aproximadamente entre 25 y 30 minutos, mientras que en uno semi-r\u00e1pido, de 22 kW, se necesita 1,5 horas.<\/p>\n\n\n\n<h3 class=\"wp-block-heading\"><span class=\"ez-toc-section\" id=\"%C2%BFCuanto_tarda_en_cargar_una_moto_electrica\"><\/span>\u00bfCu\u00e1nto tarda en cargar una moto el\u00e9ctrica?<span class=\"ez-toc-section-end\"><\/span><\/h3>\n\n\n\n<p>Siempre depende de la capacidad de la propia bater\u00eda, pero para que se cargue al 100% suele tardar entre 4 y 6 horas aproximadamente. A diferencia de los coches, las motos el\u00e9ctricas solamente pueden cargarse mediante el sistema de carga lenta, as\u00ed como pocas excepciones que tambi\u00e9n disponen de un sistema de carga semi-r\u00e1pida. Sin duda esta es una de las \u00e1reas en las que m\u00e1s se mejorar\u00e1 en los pr\u00f3ximos a\u00f1os de cara a ofrecer m\u00e1s garant\u00edas a aquellos usuarios que puedan sentirse atra\u00eddos por este tipo de motos.<\/p>\n\n\n\n<h3 class=\"wp-block-heading\"><span class=\"ez-toc-section\" id=\"%C2%BFCuanto_cuesta_recargar_la_bateria_de_mi_coche_electrico\"><\/span>\u00bfCu\u00e1nto cuesta recargar la bater\u00eda de mi coche el\u00e9ctrico?<span class=\"ez-toc-section-end\"><\/span><\/h3>\n\n\n\n<p><strong>Todo depende de si la bater\u00eda del veh\u00edculo se recarga en casa o en un punto p\u00fablico<\/strong>. El coste de la recarga de la bater\u00eda en el domicilio var\u00eda en funci\u00f3n de la tarifa el\u00e9ctrica que la persona tenga contratada. Por ejemplo, para una bater\u00eda de 30 kWh (kilovatios por hora), cargarla entera te costar\u00eda 4\u20ac con los que podr\u00e1s recorrer, de media, 150 km. Sin embargo, en un punto p\u00fablico la misma recarga de la bater\u00eda se realiza mucho m\u00e1s r\u00e1pido y cuesta sobre 12-15 euros.<\/p>\n\n\n\n<p><strong>Pagar en los puntos de recarga de Repsol es muy f\u00e1cil y puedes elegir entre una de estas opciones<\/strong><\/p>\n\n\n\n<p>Pago por uso de cada recarga<\/p>\n\n\n\n<p>Es el tipo de recarga m\u00e1s com\u00fan y se realiza despu\u00e9s de cada una de tus recargas, sin tener ning\u00fan tipo de suscripci\u00f3n. Para abonar el importe, puedes pagar con tarjeta, por domiciliaci\u00f3n bancaria (si tienes la luz o el gas con nosotros) o con nuestra aplicaci\u00f3n Waylet. Los precios por esta forma de pago var\u00edan en funci\u00f3n de la rapidez de la recarga y son los siguientes:<\/p>\n\n\n\n<ul class=\"wp-block-list\">\n<li><strong>Motos<\/strong>: 0,29\u20ac\/kWh<\/li>\n\n\n\n<li><strong>Recarga de coches normal<\/strong>: 0,29\u20ac\/kWh<\/li>\n\n\n\n<li><strong>Recarga de coches r\u00e1pida<\/strong>: 0,39\u20ac\/kWh<\/li>\n\n\n\n<li><strong>Recarga de coches ultrarr\u00e1pida<\/strong>: 0,446\u20ac\/kWh.<\/li>\n<\/ul>\n\n\n\n<p>Pago por suscripci\u00f3n a una tarifa de movilidad<\/p>\n\n\n\n<p>Descarg\u00e1ndote Waylet, podr\u00e1s contratar una tarifa de suscripci\u00f3n mensual con la que abonar, autom\u00e1ticamente, tus recargas. Puedes elegir que m\u00e1s se adec\u00fae a tus necesidades y as\u00ed ahorrar y olvidarte de pagar por cada recarga. Estas tarifas se renuevan autom\u00e1ticamente cada 30 d\u00edas naturales y se abonan en el momento de la contrataci\u00f3n. Actualmente contamos con dos tarifas disponibles cuyo precio var\u00eda en funci\u00f3n de los kWh contratados:<\/p>\n\n\n\n<ul class=\"wp-block-list\">\n<li><strong>Tarifa de movilidad 100<\/strong>: para un consumo m\u00e1ximo de 100kWh por 30\u20ac\/mes*.<\/li>\n\n\n\n<li><strong>Tarifa de movilidad 150<\/strong>: para un consumo m\u00e1ximo de 150kWh por 40\u20ac\/mes*.<\/li>\n<\/ul>\n\n\n\n<p>Adem\u00e1s, con ambas formas de pago, si tienes contratada la luz de tu casa con nosotros, tendr\u00e1s una recarga gratuita al mes y un 50% de saldo en Waylet cada vez que recargues. Y si no tienes contratada una tarifa, pero s\u00ed perteneces a Waylet, tendr\u00e1s el 3% de saldo en la aplicaci\u00f3n por cada una de tus recargas.<\/p>\n\n\n\n<p>Igualmente, y si buscas la comodidad de recargar tu veh\u00edculo el\u00e9ctrico en casa, nosotros nos encargamos de instal\u00e1rtelo.<\/p>\n\n\n\n<p>Adem\u00e1s, con los Planes Energ\u00edas para ahorrar, ahora, puedes conseguir hasta el 100% del importe de tus recargas el\u00e9ctricas en la v\u00eda p\u00fablica en saldo Waylet al contratar energ\u00edas con Repsol y pagar a trav\u00e9s de la App.<\/p>\n\n\n\n<h2 class=\"wp-block-heading\"><span class=\"ez-toc-section\" id=\"Puntos_de_recarga_de_vehiculos_electricos_en_casa\"><\/span><strong>Puntos de recarga de veh\u00edculos el\u00e9ctricos en casa<\/strong><span class=\"ez-toc-section-end\"><\/span><\/h2>\n\n\n\n<p>Si dispones de un veh\u00edculo el\u00e9ctrico, puedes instalar un punto de recarga en tu domicilio para recargar la bater\u00eda de tu coche. <\/p>\n\n\n\n<p>Puedes instalar un punto de recarga el\u00e9ctrico en tu propio garaje, en el de tu comunidad o en el de la empresa en la que trabajas. El coste de la instalaci\u00f3n m\u00e1s el precio del terminal es a partir de 242 euros, dependiendo de la complejidad de la instalaci\u00f3n y de la ubicaci\u00f3n de esa plaza de garaje. Tambi\u00e9n existen <a href=\"https:\/\/www.repsol.es\/particulares\/vehiculos\/movilidad-electrica\/tarifas\/\">tarifas espec\u00edficas<\/a> para poder recargar en casa al mejor precio: una tarifa con una cuota fija al mes y una tarifa plana para que recargues tu veh\u00edculo el\u00e9ctrico tanto dentro como fuera de casa. <\/p>\n\n\n\n<figure class=\"wp-block-image size-large\"><img loading=\"lazy\" decoding=\"async\" width=\"1024\" height=\"683\" src=\"https:\/\/bxrepsol.s3.eu-west-1.amazonaws.com\/static\/2023\/06\/30090146\/19940scr_7ed6461ecc34d53-1024x683.jpg\" alt=\"\" class=\"wp-image-103792\" srcset=\"https:\/\/bxrepsol.s3.eu-west-1.amazonaws.com\/static\/2023\/06\/30090146\/19940scr_7ed6461ecc34d53-1024x683.jpg 1024w, https:\/\/bxrepsol.s3.eu-west-1.amazonaws.com\/static\/2023\/06\/30090146\/19940scr_7ed6461ecc34d53-300x200.jpg 300w, https:\/\/bxrepsol.s3.eu-west-1.amazonaws.com\/static\/2023\/06\/30090146\/19940scr_7ed6461ecc34d53-768x512.jpg 768w, https:\/\/bxrepsol.s3.eu-west-1.amazonaws.com\/static\/2023\/06\/30090146\/19940scr_7ed6461ecc34d53.jpg 1200w\" sizes=\"auto, (max-width: 1024px) 100vw, 1024px\" \/><\/figure>\n","protected":false},"excerpt":{"rendered":"<p>Descubre c\u00f3mo funcionan los puntos de recarga para veh\u00edculos el\u00e9ctricos, cu\u00e1ntos tipos hay, cu\u00e1nto tardan, cu\u00e1nto cuesta recargar la bater\u00eda y mucho m\u00e1s.<\/p>\n","protected":false},"author":43146,"featured_media":103730,"comment_status":"open","ping_status":"open","sticky":false,"template":"","format":"standard","meta":{"footnotes":""},"categories":[3],"tags":[591],"class_list":["post-95142","post","type-post","status-publish","format-standard","hentry","category-tecnologia","tag-energias-y-movilidad"],"yoast_head":"<!-- This site is optimized with the Yoast SEO plugin v27.3 - https:\/\/yoast.com\/product\/yoast-seo-wordpress\/ -->\n<title>Puntos de recarga para veh\u00edculos el\u00e9ctricos - Box Repsol<\/title>\n<meta name=\"description\" content=\"Puntos de recarga para veh\u00edculos el\u00e9ctricos: Explora la tecnolog\u00eda detr\u00e1s de la carga y c\u00f3mo encontrar los puntos de recarga en nuestra gu\u00eda\" \/>\n<link rel=\"canonical\" href=\"https:\/\/www.boxrepsol.com\/es\/tecnologia\/puntos-recarga-vehiculos-electricos\/\" \/>\n<meta property=\"og:locale\" content=\"es_ES\" \/>\n<meta property=\"og:type\" content=\"article\" \/>\n<meta property=\"og:title\" content=\"Puntos de recarga para veh\u00edculos el\u00e9ctricos - Box Repsol\" \/>\n<meta property=\"og:description\" content=\"Puntos de recarga para veh\u00edculos el\u00e9ctricos: Explora la tecnolog\u00eda detr\u00e1s de la carga y c\u00f3mo encontrar los puntos de recarga en nuestra gu\u00eda\" \/>\n<meta property=\"og:url\" content=\"https:\/\/www.boxrepsol.com\/es\/tecnologia\/puntos-recarga-vehiculos-electricos\/\" \/>\n<meta property=\"og:site_name\" content=\"Box Repsol\" \/>\n<meta property=\"article:publisher\" content=\"https:\/\/www.facebook.com\/BoxRepsol\" \/>\n<meta property=\"article:author\" content=\"https:\/\/www.facebook.com\/BoxRepsol\/\" \/>\n<meta property=\"article:published_time\" content=\"2021-10-18T02:00:00+00:00\" \/>\n<meta property=\"article:modified_time\" content=\"2025-06-27T08:32:59+00:00\" \/>\n<meta property=\"og:image\" content=\"https:\/\/bxrepsol.s3.eu-west-1.amazonaws.com\/static\/2023\/06\/26081821\/40412scr_2c06c4ac0b1eca6-copia.jpg\" \/>\n\t<meta property=\"og:image:width\" content=\"1280\" \/>\n\t<meta property=\"og:image:height\" content=\"600\" \/>\n\t<meta property=\"og:image:type\" content=\"image\/jpeg\" \/>\n<meta name=\"author\" content=\"Redacci\u00f3n Box Repsol\" \/>\n<meta name=\"twitter:card\" content=\"summary_large_image\" \/>\n<meta name=\"twitter:creator\" content=\"@https:\/\/twitter.com\/box_repsol\" \/>\n<meta name=\"twitter:site\" content=\"@box_repsol\" \/>\n<meta name=\"twitter:label1\" content=\"Written by\" \/>\n\t<meta name=\"twitter:data1\" content=\"Redacci\u00f3n Box Repsol\" \/>\n\t<meta name=\"twitter:label2\" content=\"Est. reading time\" \/>\n\t<meta name=\"twitter:data2\" content=\"8 minutos\" \/>\n<script type=\"application\/ld+json\" class=\"yoast-schema-graph\">{\"@context\":\"https:\\\/\\\/schema.org\",\"@graph\":[{\"@type\":\"Article\",\"@id\":\"https:\\\/\\\/www.boxrepsol.com\\\/es\\\/tecnologia\\\/puntos-recarga-vehiculos-electricos\\\/#article\",\"isPartOf\":{\"@id\":\"https:\\\/\\\/www.boxrepsol.com\\\/es\\\/tecnologia\\\/puntos-recarga-vehiculos-electricos\\\/\"},\"author\":{\"name\":\"Redacci\u00f3n Box Repsol\",\"@id\":\"https:\\\/\\\/www.boxrepsol.com\\\/es\\\/#\\\/schema\\\/person\\\/c5c2138f2cca251b0ad92b7086bb60b7\"},\"headline\":\"Puntos de recarga para veh\u00edculos el\u00e9ctricos\",\"datePublished\":\"2021-10-18T02:00:00+00:00\",\"dateModified\":\"2025-06-27T08:32:59+00:00\",\"mainEntityOfPage\":{\"@id\":\"https:\\\/\\\/www.boxrepsol.com\\\/es\\\/tecnologia\\\/puntos-recarga-vehiculos-electricos\\\/\"},\"wordCount\":1562,\"commentCount\":2,\"publisher\":{\"@id\":\"https:\\\/\\\/www.boxrepsol.com\\\/es\\\/#organization\"},\"image\":{\"@id\":\"https:\\\/\\\/www.boxrepsol.com\\\/es\\\/tecnologia\\\/puntos-recarga-vehiculos-electricos\\\/#primaryimage\"},\"thumbnailUrl\":\"https:\\\/\\\/bxrepsol.s3.eu-west-1.amazonaws.com\\\/static\\\/2023\\\/06\\\/26081821\\\/40412scr_2c06c4ac0b1eca6-copia.jpg\",\"keywords\":[\"energ\u00edas y movilidad\"],\"articleSection\":[\"Tecnologia\"],\"inLanguage\":\"es\",\"potentialAction\":[{\"@type\":\"CommentAction\",\"name\":\"Comment\",\"target\":[\"https:\\\/\\\/www.boxrepsol.com\\\/es\\\/tecnologia\\\/puntos-recarga-vehiculos-electricos\\\/#respond\"]}]},{\"@type\":\"WebPage\",\"@id\":\"https:\\\/\\\/www.boxrepsol.com\\\/es\\\/tecnologia\\\/puntos-recarga-vehiculos-electricos\\\/\",\"url\":\"https:\\\/\\\/www.boxrepsol.com\\\/es\\\/tecnologia\\\/puntos-recarga-vehiculos-electricos\\\/\",\"name\":\"Puntos de recarga para veh\u00edculos el\u00e9ctricos - Box Repsol\",\"isPartOf\":{\"@id\":\"https:\\\/\\\/www.boxrepsol.com\\\/es\\\/#website\"},\"primaryImageOfPage\":{\"@id\":\"https:\\\/\\\/www.boxrepsol.com\\\/es\\\/tecnologia\\\/puntos-recarga-vehiculos-electricos\\\/#primaryimage\"},\"image\":{\"@id\":\"https:\\\/\\\/www.boxrepsol.com\\\/es\\\/tecnologia\\\/puntos-recarga-vehiculos-electricos\\\/#primaryimage\"},\"thumbnailUrl\":\"https:\\\/\\\/bxrepsol.s3.eu-west-1.amazonaws.com\\\/static\\\/2023\\\/06\\\/26081821\\\/40412scr_2c06c4ac0b1eca6-copia.jpg\",\"datePublished\":\"2021-10-18T02:00:00+00:00\",\"dateModified\":\"2025-06-27T08:32:59+00:00\",\"description\":\"Puntos de recarga para veh\u00edculos el\u00e9ctricos: Explora la tecnolog\u00eda detr\u00e1s de la carga y c\u00f3mo encontrar los puntos de recarga en nuestra gu\u00eda\",\"breadcrumb\":{\"@id\":\"https:\\\/\\\/www.boxrepsol.com\\\/es\\\/tecnologia\\\/puntos-recarga-vehiculos-electricos\\\/#breadcrumb\"},\"inLanguage\":\"es\",\"potentialAction\":[{\"@type\":\"ReadAction\",\"target\":[\"https:\\\/\\\/www.boxrepsol.com\\\/es\\\/tecnologia\\\/puntos-recarga-vehiculos-electricos\\\/\"]}]},{\"@type\":\"ImageObject\",\"inLanguage\":\"es\",\"@id\":\"https:\\\/\\\/www.boxrepsol.com\\\/es\\\/tecnologia\\\/puntos-recarga-vehiculos-electricos\\\/#primaryimage\",\"url\":\"https:\\\/\\\/bxrepsol.s3.eu-west-1.amazonaws.com\\\/static\\\/2023\\\/06\\\/26081821\\\/40412scr_2c06c4ac0b1eca6-copia.jpg\",\"contentUrl\":\"https:\\\/\\\/bxrepsol.s3.eu-west-1.amazonaws.com\\\/static\\\/2023\\\/06\\\/26081821\\\/40412scr_2c06c4ac0b1eca6-copia.jpg\",\"width\":1280,\"height\":600},{\"@type\":\"BreadcrumbList\",\"@id\":\"https:\\\/\\\/www.boxrepsol.com\\\/es\\\/tecnologia\\\/puntos-recarga-vehiculos-electricos\\\/#breadcrumb\",\"itemListElement\":[{\"@type\":\"ListItem\",\"position\":1,\"name\":\"Home\",\"item\":\"https:\\\/\\\/www.boxrepsol.com\\\/es\\\/\"},{\"@type\":\"ListItem\",\"position\":2,\"name\":\"Puntos de recarga para veh\u00edculos el\u00e9ctricos\"}]},{\"@type\":\"WebSite\",\"@id\":\"https:\\\/\\\/www.boxrepsol.com\\\/es\\\/#website\",\"url\":\"https:\\\/\\\/www.boxrepsol.com\\\/es\\\/\",\"name\":\"Box Repsol\",\"description\":\"Box Repsol Site\",\"publisher\":{\"@id\":\"https:\\\/\\\/www.boxrepsol.com\\\/es\\\/#organization\"},\"potentialAction\":[{\"@type\":\"SearchAction\",\"target\":{\"@type\":\"EntryPoint\",\"urlTemplate\":\"https:\\\/\\\/www.boxrepsol.com\\\/es\\\/?s={search_term_string}\"},\"query-input\":{\"@type\":\"PropertyValueSpecification\",\"valueRequired\":true,\"valueName\":\"search_term_string\"}}],\"inLanguage\":\"es\"},{\"@type\":\"Organization\",\"@id\":\"https:\\\/\\\/www.boxrepsol.com\\\/es\\\/#organization\",\"name\":\"Box Repsol\",\"url\":\"https:\\\/\\\/www.boxrepsol.com\\\/es\\\/\",\"logo\":{\"@type\":\"ImageObject\",\"inLanguage\":\"es\",\"@id\":\"https:\\\/\\\/www.boxrepsol.com\\\/es\\\/#\\\/schema\\\/logo\\\/image\\\/\",\"url\":\"https:\\\/\\\/bxrepsol.s3.eu-west-1.amazonaws.com\\\/static\\\/2025\\\/07\\\/30083337\\\/favicon-96x96-1.png\",\"contentUrl\":\"https:\\\/\\\/bxrepsol.s3.eu-west-1.amazonaws.com\\\/static\\\/2025\\\/07\\\/30083337\\\/favicon-96x96-1.png\",\"width\":96,\"height\":96,\"caption\":\"Box Repsol\"},\"image\":{\"@id\":\"https:\\\/\\\/www.boxrepsol.com\\\/es\\\/#\\\/schema\\\/logo\\\/image\\\/\"},\"sameAs\":[\"https:\\\/\\\/www.facebook.com\\\/BoxRepsol\",\"https:\\\/\\\/x.com\\\/box_repsol\",\"http:\\\/\\\/instagram.com\\\/box_repsol\",\"https:\\\/\\\/www.youtube.com\\\/user\\\/RepsolCompeticion\",\"https:\\\/\\\/www.flickr.com\\\/photos\\\/box_repsol\\\/\"]},{\"@type\":\"Person\",\"@id\":\"https:\\\/\\\/www.boxrepsol.com\\\/es\\\/#\\\/schema\\\/person\\\/c5c2138f2cca251b0ad92b7086bb60b7\",\"name\":\"Redacci\u00f3n Box Repsol\",\"image\":{\"@type\":\"ImageObject\",\"inLanguage\":\"es\",\"@id\":\"https:\\\/\\\/secure.gravatar.com\\\/avatar\\\/adf7b77e38b4419baf32c7e9c21dde01f4e40df611f0978e3006fc4ba0aaab7e?s=96&d=mm&r=g\",\"url\":\"https:\\\/\\\/secure.gravatar.com\\\/avatar\\\/adf7b77e38b4419baf32c7e9c21dde01f4e40df611f0978e3006fc4ba0aaab7e?s=96&d=mm&r=g\",\"contentUrl\":\"https:\\\/\\\/secure.gravatar.com\\\/avatar\\\/adf7b77e38b4419baf32c7e9c21dde01f4e40df611f0978e3006fc4ba0aaab7e?s=96&d=mm&r=g\",\"caption\":\"Redacci\u00f3n Box Repsol\"},\"description\":\"Box Repsol lo forma un equipo de periodistas, community managers, dise\u00f1adores y fot\u00f3grafos con m\u00e1s de 20 a\u00f1os de experiencia en el mundo del motorsport. Hemos vivido el primer mundial de un espa\u00f1ol en la categor\u00eda reina de motociclismo con \u00c1lex Crivill\u00e9, estuvimos en las victorias de Pedrosa y los t\u00edtulos de M\u00e1rquez, acompa\u00f1amos en \u00c1frica a Nani Roma y Marc Coma en sus conquistas del Dakar y hemos vibrado con los t\u00edtulos de Toni Bou en Trial. Adem\u00e1s, en nuestro equipo contamos con expertos en el mundo de las dos y cuatro ruedas tanto de la calle y las carreteras, como de los circuitos. Periodistas que han trabajado en revistas y publicaciones para hacerte llegar desde rutas y consejos de mantenimiento, a curiosidades y trucos de pilotaje.\",\"sameAs\":[\"https:\\\/\\\/www.facebook.com\\\/BoxRepsol\\\/\",\"https:\\\/\\\/www.instagram.com\\\/box_repsol\\\/\",\"https:\\\/\\\/x.com\\\/https:\\\/\\\/twitter.com\\\/box_repsol\",\"https:\\\/\\\/www.youtube.com\\\/@Boxrepsol\"],\"url\":\"https:\\\/\\\/www.boxrepsol.com\\\/es\\\/author\\\/redaccion-box-repsol\\\/\"}]}<\/script>\n<!-- \/ Yoast SEO plugin. -->","yoast_head_json":{"title":"Puntos de recarga para veh\u00edculos el\u00e9ctricos - Box Repsol","description":"Puntos de recarga para veh\u00edculos el\u00e9ctricos: Explora la tecnolog\u00eda detr\u00e1s de la carga y c\u00f3mo encontrar los puntos de recarga en nuestra gu\u00eda","canonical":"https:\/\/www.boxrepsol.com\/es\/tecnologia\/puntos-recarga-vehiculos-electricos\/","og_locale":"es_ES","og_type":"article","og_title":"Puntos de recarga para veh\u00edculos el\u00e9ctricos - Box Repsol","og_description":"Puntos de recarga para veh\u00edculos el\u00e9ctricos: Explora la tecnolog\u00eda detr\u00e1s de la carga y c\u00f3mo encontrar los puntos de recarga en nuestra gu\u00eda","og_url":"https:\/\/www.boxrepsol.com\/es\/tecnologia\/puntos-recarga-vehiculos-electricos\/","og_site_name":"Box Repsol","article_publisher":"https:\/\/www.facebook.com\/BoxRepsol","article_author":"https:\/\/www.facebook.com\/BoxRepsol\/","article_published_time":"2021-10-18T02:00:00+00:00","article_modified_time":"2025-06-27T08:32:59+00:00","og_image":[{"width":1280,"height":600,"url":"https:\/\/bxrepsol.s3.eu-west-1.amazonaws.com\/static\/2023\/06\/26081821\/40412scr_2c06c4ac0b1eca6-copia.jpg","type":"image\/jpeg"}],"author":"Redacci\u00f3n Box Repsol","twitter_card":"summary_large_image","twitter_creator":"@https:\/\/twitter.com\/box_repsol","twitter_site":"@box_repsol","twitter_misc":{"Written by":"Redacci\u00f3n Box Repsol","Est. reading time":"8 minutos"},"schema":{"@context":"https:\/\/schema.org","@graph":[{"@type":"Article","@id":"https:\/\/www.boxrepsol.com\/es\/tecnologia\/puntos-recarga-vehiculos-electricos\/#article","isPartOf":{"@id":"https:\/\/www.boxrepsol.com\/es\/tecnologia\/puntos-recarga-vehiculos-electricos\/"},"author":{"name":"Redacci\u00f3n Box Repsol","@id":"https:\/\/www.boxrepsol.com\/es\/#\/schema\/person\/c5c2138f2cca251b0ad92b7086bb60b7"},"headline":"Puntos de recarga para veh\u00edculos el\u00e9ctricos","datePublished":"2021-10-18T02:00:00+00:00","dateModified":"2025-06-27T08:32:59+00:00","mainEntityOfPage":{"@id":"https:\/\/www.boxrepsol.com\/es\/tecnologia\/puntos-recarga-vehiculos-electricos\/"},"wordCount":1562,"commentCount":2,"publisher":{"@id":"https:\/\/www.boxrepsol.com\/es\/#organization"},"image":{"@id":"https:\/\/www.boxrepsol.com\/es\/tecnologia\/puntos-recarga-vehiculos-electricos\/#primaryimage"},"thumbnailUrl":"https:\/\/bxrepsol.s3.eu-west-1.amazonaws.com\/static\/2023\/06\/26081821\/40412scr_2c06c4ac0b1eca6-copia.jpg","keywords":["energ\u00edas y movilidad"],"articleSection":["Tecnologia"],"inLanguage":"es","potentialAction":[{"@type":"CommentAction","name":"Comment","target":["https:\/\/www.boxrepsol.com\/es\/tecnologia\/puntos-recarga-vehiculos-electricos\/#respond"]}]},{"@type":"WebPage","@id":"https:\/\/www.boxrepsol.com\/es\/tecnologia\/puntos-recarga-vehiculos-electricos\/","url":"https:\/\/www.boxrepsol.com\/es\/tecnologia\/puntos-recarga-vehiculos-electricos\/","name":"Puntos de recarga para veh\u00edculos el\u00e9ctricos - Box Repsol","isPartOf":{"@id":"https:\/\/www.boxrepsol.com\/es\/#website"},"primaryImageOfPage":{"@id":"https:\/\/www.boxrepsol.com\/es\/tecnologia\/puntos-recarga-vehiculos-electricos\/#primaryimage"},"image":{"@id":"https:\/\/www.boxrepsol.com\/es\/tecnologia\/puntos-recarga-vehiculos-electricos\/#primaryimage"},"thumbnailUrl":"https:\/\/bxrepsol.s3.eu-west-1.amazonaws.com\/static\/2023\/06\/26081821\/40412scr_2c06c4ac0b1eca6-copia.jpg","datePublished":"2021-10-18T02:00:00+00:00","dateModified":"2025-06-27T08:32:59+00:00","description":"Puntos de recarga para veh\u00edculos el\u00e9ctricos: Explora la tecnolog\u00eda detr\u00e1s de la carga y c\u00f3mo encontrar los puntos de recarga en nuestra gu\u00eda","breadcrumb":{"@id":"https:\/\/www.boxrepsol.com\/es\/tecnologia\/puntos-recarga-vehiculos-electricos\/#breadcrumb"},"inLanguage":"es","potentialAction":[{"@type":"ReadAction","target":["https:\/\/www.boxrepsol.com\/es\/tecnologia\/puntos-recarga-vehiculos-electricos\/"]}]},{"@type":"ImageObject","inLanguage":"es","@id":"https:\/\/www.boxrepsol.com\/es\/tecnologia\/puntos-recarga-vehiculos-electricos\/#primaryimage","url":"https:\/\/bxrepsol.s3.eu-west-1.amazonaws.com\/static\/2023\/06\/26081821\/40412scr_2c06c4ac0b1eca6-copia.jpg","contentUrl":"https:\/\/bxrepsol.s3.eu-west-1.amazonaws.com\/static\/2023\/06\/26081821\/40412scr_2c06c4ac0b1eca6-copia.jpg","width":1280,"height":600},{"@type":"BreadcrumbList","@id":"https:\/\/www.boxrepsol.com\/es\/tecnologia\/puntos-recarga-vehiculos-electricos\/#breadcrumb","itemListElement":[{"@type":"ListItem","position":1,"name":"Home","item":"https:\/\/www.boxrepsol.com\/es\/"},{"@type":"ListItem","position":2,"name":"Puntos de recarga para veh\u00edculos el\u00e9ctricos"}]},{"@type":"WebSite","@id":"https:\/\/www.boxrepsol.com\/es\/#website","url":"https:\/\/www.boxrepsol.com\/es\/","name":"Box Repsol","description":"Box Repsol Site","publisher":{"@id":"https:\/\/www.boxrepsol.com\/es\/#organization"},"potentialAction":[{"@type":"SearchAction","target":{"@type":"EntryPoint","urlTemplate":"https:\/\/www.boxrepsol.com\/es\/?s={search_term_string}"},"query-input":{"@type":"PropertyValueSpecification","valueRequired":true,"valueName":"search_term_string"}}],"inLanguage":"es"},{"@type":"Organization","@id":"https:\/\/www.boxrepsol.com\/es\/#organization","name":"Box Repsol","url":"https:\/\/www.boxrepsol.com\/es\/","logo":{"@type":"ImageObject","inLanguage":"es","@id":"https:\/\/www.boxrepsol.com\/es\/#\/schema\/logo\/image\/","url":"https:\/\/bxrepsol.s3.eu-west-1.amazonaws.com\/static\/2025\/07\/30083337\/favicon-96x96-1.png","contentUrl":"https:\/\/bxrepsol.s3.eu-west-1.amazonaws.com\/static\/2025\/07\/30083337\/favicon-96x96-1.png","width":96,"height":96,"caption":"Box Repsol"},"image":{"@id":"https:\/\/www.boxrepsol.com\/es\/#\/schema\/logo\/image\/"},"sameAs":["https:\/\/www.facebook.com\/BoxRepsol","https:\/\/x.com\/box_repsol","http:\/\/instagram.com\/box_repsol","https:\/\/www.youtube.com\/user\/RepsolCompeticion","https:\/\/www.flickr.com\/photos\/box_repsol\/"]},{"@type":"Person","@id":"https:\/\/www.boxrepsol.com\/es\/#\/schema\/person\/c5c2138f2cca251b0ad92b7086bb60b7","name":"Redacci\u00f3n Box Repsol","image":{"@type":"ImageObject","inLanguage":"es","@id":"https:\/\/secure.gravatar.com\/avatar\/adf7b77e38b4419baf32c7e9c21dde01f4e40df611f0978e3006fc4ba0aaab7e?s=96&d=mm&r=g","url":"https:\/\/secure.gravatar.com\/avatar\/adf7b77e38b4419baf32c7e9c21dde01f4e40df611f0978e3006fc4ba0aaab7e?s=96&d=mm&r=g","contentUrl":"https:\/\/secure.gravatar.com\/avatar\/adf7b77e38b4419baf32c7e9c21dde01f4e40df611f0978e3006fc4ba0aaab7e?s=96&d=mm&r=g","caption":"Redacci\u00f3n Box Repsol"},"description":"Box Repsol lo forma un equipo de periodistas, community managers, dise\u00f1adores y fot\u00f3grafos con m\u00e1s de 20 a\u00f1os de experiencia en el mundo del motorsport. Hemos vivido el primer mundial de un espa\u00f1ol en la categor\u00eda reina de motociclismo con \u00c1lex Crivill\u00e9, estuvimos en las victorias de Pedrosa y los t\u00edtulos de M\u00e1rquez, acompa\u00f1amos en \u00c1frica a Nani Roma y Marc Coma en sus conquistas del Dakar y hemos vibrado con los t\u00edtulos de Toni Bou en Trial. Adem\u00e1s, en nuestro equipo contamos con expertos en el mundo de las dos y cuatro ruedas tanto de la calle y las carreteras, como de los circuitos. Periodistas que han trabajado en revistas y publicaciones para hacerte llegar desde rutas y consejos de mantenimiento, a curiosidades y trucos de pilotaje.","sameAs":["https:\/\/www.facebook.com\/BoxRepsol\/","https:\/\/www.instagram.com\/box_repsol\/","https:\/\/x.com\/https:\/\/twitter.com\/box_repsol","https:\/\/www.youtube.com\/@Boxrepsol"],"url":"https:\/\/www.boxrepsol.com\/es\/author\/redaccion-box-repsol\/"}]}},"_links":{"self":[{"href":"https:\/\/www.boxrepsol.com\/es\/wp-json\/wp\/v2\/posts\/95142","targetHints":{"allow":["GET"]}}],"collection":[{"href":"https:\/\/www.boxrepsol.com\/es\/wp-json\/wp\/v2\/posts"}],"about":[{"href":"https:\/\/www.boxrepsol.com\/es\/wp-json\/wp\/v2\/types\/post"}],"author":[{"embeddable":true,"href":"https:\/\/www.boxrepsol.com\/es\/wp-json\/wp\/v2\/users\/43146"}],"replies":[{"embeddable":true,"href":"https:\/\/www.boxrepsol.com\/es\/wp-json\/wp\/v2\/comments?post=95142"}],"version-history":[{"count":23,"href":"https:\/\/www.boxrepsol.com\/es\/wp-json\/wp\/v2\/posts\/95142\/revisions"}],"predecessor-version":[{"id":114038,"href":"https:\/\/www.boxrepsol.com\/es\/wp-json\/wp\/v2\/posts\/95142\/revisions\/114038"}],"wp:featuredmedia":[{"embeddable":true,"href":"https:\/\/www.boxrepsol.com\/es\/wp-json\/wp\/v2\/media\/103730"}],"wp:attachment":[{"href":"https:\/\/www.boxrepsol.com\/es\/wp-json\/wp\/v2\/media?parent=95142"}],"wp:term":[{"taxonomy":"category","embeddable":true,"href":"https:\/\/www.boxrepsol.com\/es\/wp-json\/wp\/v2\/categories?post=95142"},{"taxonomy":"post_tag","embeddable":true,"href":"https:\/\/www.boxrepsol.com\/es\/wp-json\/wp\/v2\/tags?post=95142"}],"curies":[{"name":"wp","href":"https:\/\/api.w.org\/{rel}","templated":true}]}}