{"id":95140,"date":"2021-10-18T00:00:00","date_gmt":"2021-10-18T02:00:00","guid":{"rendered":"http:\/\/pre.boxrepsol.com\/sin-categorizar\/modos-de-carga-para-una-moto-electrica\/"},"modified":"2024-04-10T06:58:52","modified_gmt":"2024-04-10T08:58:52","slug":"modos-de-carga-para-una-moto-electrica","status":"publish","type":"post","link":"https:\/\/www.boxrepsol.com\/es\/tecnologia\/modos-de-carga-para-una-moto-electrica\/","title":{"rendered":"Modos de carga para una moto el\u00e9ctrica"},"content":{"rendered":"<p>Por norma general, la <strong>autonom\u00eda de una moto el\u00e9ctrica<\/strong> ronda los 60 kil\u00f3metros, pudi\u00e9ndose superar dicho l\u00edmite seg\u00fan el modelo de la moto el\u00e9ctrica que se conduzca. Y agotada dicha autonom\u00eda, llega el momento de la necesaria <strong>carga de la moto el\u00e9ctrica<\/strong>, que ofrece dos opciones:<\/p>\n<ul>\n<li><strong>Utilizar puntos de carga p\u00fablicos<\/strong>: Espa\u00f1a cuenta con m\u00e1s de 7.000 puntos de carga p\u00fablicos.<\/li>\n<li><strong>Cargar la moto el\u00e9ctrica desde casa<\/strong>: partiendo de que algunas bater\u00edas son extra\u00edbles, solo necesitas conectar el cable de carga a un enchufe dom\u00e9stico de 220 voltios.<\/li>\n<\/ul>\n<p><b><div id=\"ez-toc-container\" class=\"ez-toc-v2_0_82_2 counter-hierarchy ez-toc-counter ez-toc-grey ez-toc-container-direction\">\n<div class=\"ez-toc-title-container\">\n<p class=\"ez-toc-title\" style=\"cursor:inherit\">\u00cdndice<\/p>\n<span class=\"ez-toc-title-toggle\"><a href=\"#\" class=\"ez-toc-pull-right ez-toc-btn ez-toc-btn-xs ez-toc-btn-default ez-toc-toggle\" aria-label=\"Toggle Table of Content\"><span class=\"ez-toc-js-icon-con\"><span class=\"\"><span class=\"eztoc-hide\" style=\"display:none;\">Toggle<\/span><span class=\"ez-toc-icon-toggle-span\"><svg style=\"fill: #999;color:#999\" xmlns=\"http:\/\/www.w3.org\/2000\/svg\" class=\"list-377408\" width=\"20px\" height=\"20px\" viewBox=\"0 0 24 24\" fill=\"none\"><path d=\"M6 6H4v2h2V6zm14 0H8v2h12V6zM4 11h2v2H4v-2zm16 0H8v2h12v-2zM4 16h2v2H4v-2zm16 0H8v2h12v-2z\" fill=\"currentColor\"><\/path><\/svg><svg style=\"fill: #999;color:#999\" class=\"arrow-unsorted-368013\" xmlns=\"http:\/\/www.w3.org\/2000\/svg\" width=\"10px\" height=\"10px\" viewBox=\"0 0 24 24\" version=\"1.2\" baseProfile=\"tiny\"><path d=\"M18.2 9.3l-6.2-6.3-6.2 6.3c-.2.2-.3.4-.3.7s.1.5.3.7c.2.2.4.3.7.3h11c.3 0 .5-.1.7-.3.2-.2.3-.5.3-.7s-.1-.5-.3-.7zM5.8 14.7l6.2 6.3 6.2-6.3c.2-.2.3-.5.3-.7s-.1-.5-.3-.7c-.2-.2-.4-.3-.7-.3h-11c-.3 0-.5.1-.7.3-.2.2-.3.5-.3.7s.1.5.3.7z\"\/><\/svg><\/span><\/span><\/span><\/a><\/span><\/div>\n<nav><ul class='ez-toc-list ez-toc-list-level-1 ' ><li class='ez-toc-page-1 ez-toc-heading-level-2'><a class=\"ez-toc-link ez-toc-heading-1\" href=\"https:\/\/www.boxrepsol.com\/es\/tecnologia\/modos-de-carga-para-una-moto-electrica\/#Cargar_una_moto_electrica_en_puntos_de_carga_publicos\" >Cargar una moto el\u00e9ctrica en puntos de carga p\u00fablicos<\/a><\/li><li class='ez-toc-page-1 ez-toc-heading-level-2'><a class=\"ez-toc-link ez-toc-heading-2\" href=\"https:\/\/www.boxrepsol.com\/es\/tecnologia\/modos-de-carga-para-una-moto-electrica\/#Cargar_una_moto_electrica_desde_casa\" >Cargar una moto el\u00e9ctrica desde casa<\/a><\/li><li class='ez-toc-page-1 ez-toc-heading-level-2'><a class=\"ez-toc-link ez-toc-heading-3\" href=\"https:\/\/www.boxrepsol.com\/es\/tecnologia\/modos-de-carga-para-una-moto-electrica\/#Consejos_para_alargar_la_vida_de_la_bateria\" >Consejos para alargar la vida de la bater\u00eda<\/a><\/li><li class='ez-toc-page-1 ez-toc-heading-level-2'><a class=\"ez-toc-link ez-toc-heading-4\" href=\"https:\/\/www.boxrepsol.com\/es\/tecnologia\/modos-de-carga-para-una-moto-electrica\/#Otras_caracteristicas_a_tener_en_cuenta\" >Otras caracter\u00edsticas a tener en cuenta<\/a><\/li><\/ul><\/nav><\/div>\n<\/b><\/p>\n<p>Otras cuestiones a tener en cuenta son el <strong>tiempo que tarda en cargar la moto el\u00e9ctrica<\/strong> y el <strong>gasto econ\u00f3mico que supone<\/strong> dicha carga. Cuestiones que abordaremos a continuaci\u00f3n en funci\u00f3n de la opci\u00f3n de recarga que se elija.<\/p>\n<h2><span class=\"ez-toc-section\" id=\"Cargar_una_moto_electrica_en_puntos_de_carga_publicos\"><\/span>Cargar una moto el\u00e9ctrica en puntos de carga p\u00fablicos<span class=\"ez-toc-section-end\"><\/span><\/h2>\n<p>Diversos puntos de recarga se encuentran <strong>repartidos por las ciudades e incluso en los aparcamientos<\/strong> de centros comerciales y hoteles. Por su parte, Repsol cuenta con 350 de estos puntos, disponiendo de la mayor red de <a href=\"https:\/\/www.repsol.es\/imagenes\/infografias\/es\/productos-y-servicios\/movilidad-electrica\/localizador\/index.html\">puntos de carga r\u00e1pida en estaciones de servicios en Espa\u00f1a<\/a>. Red que tambi\u00e9n cuenta con un plan de expansi\u00f3n que pretende llegar a los 1.000 puntos de recarga.<\/p>\n<p>Cabe destacar que en lo relativo al <strong>tiempo que tarda en cargar una moto el\u00e9ctrica <\/strong>desde este tipo de puntos hay que valorar la capacidad del dep\u00f3sito y del caudal que proporcione la manguera, adem\u00e1s de la capacidad de la bater\u00eda, de la potencia del cargador y del nivel de carga del que disponga la bater\u00eda en el momento de enchufarse. Por lo general, el <strong>tiempo de una carga completa<\/strong> <strong>ronda las 4 horas.<\/strong><\/p>\n<p><img loading=\"lazy\" decoding=\"async\" src=\"https:\/\/bxrepsol.s3.eu-west-1.amazonaws.com\/static\/2022\/08\/09140316\/shutterstock_1599490732-2-scaled.jpg\" alt=\"\" width=\"6000\" height=\"2500\" \/><\/p>\n<p>Pese a todo, Repsol cuenta con <strong>puntos de recarga r\u00e1pida<\/strong> que ofrecen una potencia de entre 40 y 50 kilovatios (kW) de potencia que completa la carga de una moto el\u00e9ctrica en 30 minutos; y tambi\u00e9n con <strong>puntos de recarga ultra-r\u00e1pida<\/strong>, de 175 a 450 kW de potencia, que en apenas 15 minutos carga al 100% la bater\u00eda de una moto el\u00e9ctrica. Otro punto a favor sobre este tipo de carga es el hecho de que algunas <strong>bater\u00edas<\/strong> <strong>de las motos el\u00e9ctricas sean<\/strong> <strong>extra\u00edbles<\/strong>, lo que facilita el proceso de carga.<\/p>\n<p>Y con <strong>respecto al precio<\/strong> que supone esta clase de carga, de nuevo hay que realizar una estimaci\u00f3n en funci\u00f3n del modelo de la moto el\u00e9ctrica ya que puede contar con diferentes tipos de energ\u00eda y potencia en sus respectivas bater\u00edas.<\/p>\n<p>De ah\u00ed que haya que recurrir a una <strong>f\u00f3rmula<\/strong> <strong>para calcular el gasto total.<\/strong> Este c\u00e1lculo se basa en multiplicar el voltaje y el amperaje de su bater\u00eda y su resultado hay que volver a multiplicarlo por el precio que ofrece cada compa\u00f1\u00eda por kW\/h. As\u00ed, nos haremos una idea del precio que tiene la carga de una moto el\u00e9ctrica por kW\/h.<\/p>\n<h2><span class=\"ez-toc-section\" id=\"Cargar_una_moto_electrica_desde_casa\"><\/span>Cargar una moto el\u00e9ctrica desde casa<span class=\"ez-toc-section-end\"><\/span><\/h2>\n<p>En caso de optar por <strong>cargar la moto el\u00e9ctrica desde el garaje de casa<\/strong>, har\u00e1 falta un <strong>enchufe dom\u00e9stico<\/strong> de 220 voltios.<\/p>\n<p>Aqu\u00ed el tiempo que puede tardar la bater\u00eda en cargarse de forma completa suele rondar entre <strong>4 y 6 horas<\/strong>, mientras que el precio que conlleva <strong>depende del <a href=\"https:\/\/www.repsol.com\/es\/productos-y-servicios\/luz-gas-natural\/index.cshtml\">servicio de luz y gas <\/a><\/strong>que se tenga contratado, tal y como ofrece la propia <strong>Repsol<\/strong>.<\/p>\n<p>Con todo, existe la posibilidad de <strong>instalar un punto de carga en la misma casa<\/strong> y as\u00ed proteger la red el\u00e9ctrica. Para estos casos es aconsejable elegir un cargador adecuado para las caracter\u00edsticas de la moto el\u00e9ctrica y tambi\u00e9n escoger el lugar en base a que satisfaga las necesidades requeridas.<\/p>\n<p>De este modo, se puede instalar un punto de recarga en un garaje privado de una vivienda unifamiliar, cuyo <strong>precio de instalaci\u00f3n<\/strong> partir\u00eda de los 250 euros, y en la plaza de un garaje comunitario, cuyo coste superar\u00eda los 300 euros, opci\u00f3n que tambi\u00e9n est\u00e1 disponible para empresas.<\/p>\n<h2><span class=\"ez-toc-section\" id=\"Consejos_para_alargar_la_vida_de_la_bateria\"><\/span>Consejos para alargar la vida de la bater\u00eda<span class=\"ez-toc-section-end\"><\/span><\/h2>\n<p>Independientemente de la opci\u00f3n de carga a la que se recurra, el <strong>mantenimiento de las bater\u00edas<\/strong> es otro punto a tener en cuenta, ya que con el tiempo la propia moto exige su recambio.<\/p>\n<p><img loading=\"lazy\" decoding=\"async\" src=\"https:\/\/bxrepsol.s3.eu-west-1.amazonaws.com\/static\/2022\/08\/09140321\/Honda-pcx-electric-5-2-scaled.jpg\" alt=\"\" width=\"5100\" height=\"3400\" \/><\/p>\n<p>Algunas de las formas en las que se pueden cuidar estas bater\u00edas para que duren m\u00e1s tiempo pasan por:<\/p>\n<ul>\n<li><strong>Hacer un ciclo de carga completa al menos una vez al mes<\/strong>: se trata de una estimaci\u00f3n aproximada y consiste en agotar por completo la bater\u00eda de la moto el\u00e9ctrica para despu\u00e9s cargarla al 100%. De esta forma los expertos consideran que se alarga la vida \u00fatil de su bater\u00eda.<\/li>\n<li><strong>No dejar la moto conectada tras alcanzar el 100% de carga<\/strong>: los propios fabricantes se\u00f1alan que esta sobrecarga durante largos periodos de tiempo repercute de manera negativa en el rendimiento de la bater\u00eda.<\/li>\n<li><strong>No cargarla de forma completa si no se va a utilizar en un tiempo<\/strong>: para esos casos, lo ideal es dejarla cargada hasta un 60%.<\/li>\n<li><strong>No permitir que se sobrecaliente<\/strong>: se recomienda proteger la moto el\u00e9ctrica de la incidencia directa del sol cuando no se use puesto que las altas temperaturas pueden deteriorar la vida \u00fatil de su bater\u00eda.<\/li>\n<\/ul>\n<p>De este modo, puedes comprobar que <strong>cargar una moto el\u00e9ctrica<\/strong> es un proceso sencillo para el que solo tienes que tener en cuenta las caracter\u00edsticas t\u00e9cnicas que ofrecen los diferentes modelos de este tipo de motos, y valorar la mejor opci\u00f3n para recargar su bater\u00eda en funci\u00f3n del acceso a la infraestructura necesaria para realizar dicha carga y del tiempo y el coste que esta supone.<\/p>\n<h2><span class=\"ez-toc-section\" id=\"Otras_caracteristicas_a_tener_en_cuenta\"><\/span>Otras caracter\u00edsticas a tener en cuenta<span class=\"ez-toc-section-end\"><\/span><\/h2>\n<p>Nunca est\u00e1 de m\u00e1s recordar que una moto de estas caracter\u00edsticas va propulsada por electricidad. Para ello, cuenta con una bater\u00eda, habitualmente de litio, que a su vez <strong>transmite energ\u00eda al motor el\u00e9ctrico<\/strong>, produciendo en \u00faltima instancia el arranque y movimiento de la moto.<\/p>\n<p>Si bien una moto el\u00e9ctrica goza de cierta <strong>autonom\u00eda<\/strong>, es decir, la capacidad que tiene su bater\u00eda de suministrar energ\u00eda el\u00e9ctrica sin necesidad de tener que cargarse, al cabo de una determinada cantidad de kil\u00f3metros recorridos la carga de esta bater\u00eda se agota, provocando que la moto se detenga y no pueda volver a funcionar hasta que se cargue de nuevo.<\/p>\n<p>A su vez, la <a href=\"https:\/\/www.boxrepsol.com\/es\/tecnologia\/la-autonomia-una-moto-electrica\/\"><strong>autonom\u00eda de una moto el\u00e9ctrica<\/strong><\/a> var\u00eda en funci\u00f3n de <strong>numerosos factores<\/strong> que ayudan a ahorrar carga de su bater\u00eda o, por el contrario, motivan que se gaste m\u00e1s r\u00e1pidamente. De esta forma, el peso del conductor y de sus pertenencias, las condiciones en las que se encuentra el terreno por el que pasa la moto el\u00e9ctrica, las inclemencias climatol\u00f3gicas, la capacidad que posee la bater\u00eda en t\u00e9rminos de vatios, la potencia del motor y la velocidad que se alcance, influyen a la hora de que se pueda aprovechar durante m\u00e1s o menos tiempo de la autonom\u00eda de la moto el\u00e9ctrica.<\/p>\n","protected":false},"excerpt":{"rendered":"<p>Te explicamos c\u00f3mo cargar una moto el\u00e9ctrica, adem\u00e1s de las diferentes opciones que existen para llevar a cabo dicho proceso<\/p>\n","protected":false},"author":43146,"featured_media":44313,"comment_status":"open","ping_status":"open","sticky":false,"template":"","format":"standard","meta":{"footnotes":""},"categories":[3],"tags":[173],"class_list":["post-95140","post","type-post","status-publish","format-standard","hentry","category-tecnologia","tag-tipos-de-motos"],"yoast_head":"<!-- This site is optimized with the Yoast SEO plugin v27.3 - https:\/\/yoast.com\/product\/yoast-seo-wordpress\/ -->\n<title>C\u00f3mo cargar una moto el\u00e9ctrica: tipos de carga y consejos - Box Repsol<\/title>\n<meta name=\"description\" content=\"Te explicamos c\u00f3mo cargar una moto el\u00e9ctrica, adem\u00e1s de las diferentes opciones que existen para llevar a cabo dicho proceso.\" \/>\n<link rel=\"canonical\" href=\"https:\/\/www.boxrepsol.com\/es\/tecnologia\/modos-de-carga-para-una-moto-electrica\/\" \/>\n<meta property=\"og:locale\" content=\"es_ES\" \/>\n<meta property=\"og:type\" content=\"article\" \/>\n<meta property=\"og:title\" content=\"C\u00f3mo cargar una moto el\u00e9ctrica: tipos de carga y consejos - Box Repsol\" \/>\n<meta property=\"og:description\" content=\"Te explicamos c\u00f3mo cargar una moto el\u00e9ctrica, adem\u00e1s de las diferentes opciones que existen para llevar a cabo dicho proceso.\" \/>\n<meta property=\"og:url\" content=\"https:\/\/www.boxrepsol.com\/es\/tecnologia\/modos-de-carga-para-una-moto-electrica\/\" \/>\n<meta property=\"og:site_name\" content=\"Box Repsol\" \/>\n<meta property=\"article:publisher\" content=\"https:\/\/www.facebook.com\/BoxRepsol\" \/>\n<meta property=\"article:author\" content=\"https:\/\/www.facebook.com\/BoxRepsol\/\" \/>\n<meta property=\"article:published_time\" content=\"2021-10-18T02:00:00+00:00\" \/>\n<meta property=\"article:modified_time\" content=\"2024-04-10T08:58:52+00:00\" \/>\n<meta property=\"og:image\" content=\"https:\/\/bxrepsol.s3.eu-west-1.amazonaws.com\/static\/2022\/08\/09140329\/shutterstock_1979542031-1-1024x683.jpg\" \/>\n\t<meta property=\"og:image:width\" content=\"1024\" \/>\n\t<meta property=\"og:image:height\" content=\"683\" \/>\n\t<meta property=\"og:image:type\" content=\"image\/jpeg\" \/>\n<meta name=\"author\" content=\"Redacci\u00f3n Box Repsol\" \/>\n<meta name=\"twitter:card\" content=\"summary_large_image\" \/>\n<meta name=\"twitter:creator\" content=\"@https:\/\/twitter.com\/box_repsol\" \/>\n<meta name=\"twitter:site\" content=\"@box_repsol\" \/>\n<meta name=\"twitter:label1\" content=\"Written by\" \/>\n\t<meta name=\"twitter:data1\" content=\"Redacci\u00f3n Box Repsol\" \/>\n\t<meta name=\"twitter:label2\" content=\"Est. reading time\" \/>\n\t<meta name=\"twitter:data2\" content=\"6 minutos\" \/>\n<script type=\"application\/ld+json\" class=\"yoast-schema-graph\">{\"@context\":\"https:\\\/\\\/schema.org\",\"@graph\":[{\"@type\":\"Article\",\"@id\":\"https:\\\/\\\/www.boxrepsol.com\\\/es\\\/tecnologia\\\/modos-de-carga-para-una-moto-electrica\\\/#article\",\"isPartOf\":{\"@id\":\"https:\\\/\\\/www.boxrepsol.com\\\/es\\\/tecnologia\\\/modos-de-carga-para-una-moto-electrica\\\/\"},\"author\":{\"name\":\"Redacci\u00f3n Box Repsol\",\"@id\":\"https:\\\/\\\/www.boxrepsol.com\\\/es\\\/#\\\/schema\\\/person\\\/c5c2138f2cca251b0ad92b7086bb60b7\"},\"headline\":\"Modos de carga para una moto el\u00e9ctrica\",\"datePublished\":\"2021-10-18T02:00:00+00:00\",\"dateModified\":\"2024-04-10T08:58:52+00:00\",\"mainEntityOfPage\":{\"@id\":\"https:\\\/\\\/www.boxrepsol.com\\\/es\\\/tecnologia\\\/modos-de-carga-para-una-moto-electrica\\\/\"},\"wordCount\":1224,\"commentCount\":1,\"publisher\":{\"@id\":\"https:\\\/\\\/www.boxrepsol.com\\\/es\\\/#organization\"},\"image\":{\"@id\":\"https:\\\/\\\/www.boxrepsol.com\\\/es\\\/tecnologia\\\/modos-de-carga-para-una-moto-electrica\\\/#primaryimage\"},\"thumbnailUrl\":\"https:\\\/\\\/bxrepsol.s3.eu-west-1.amazonaws.com\\\/static\\\/2022\\\/08\\\/09140329\\\/shutterstock_1979542031-1.jpg\",\"keywords\":[\"tipos de motos\"],\"articleSection\":[\"Tecnologia\"],\"inLanguage\":\"es\",\"potentialAction\":[{\"@type\":\"CommentAction\",\"name\":\"Comment\",\"target\":[\"https:\\\/\\\/www.boxrepsol.com\\\/es\\\/tecnologia\\\/modos-de-carga-para-una-moto-electrica\\\/#respond\"]}]},{\"@type\":\"WebPage\",\"@id\":\"https:\\\/\\\/www.boxrepsol.com\\\/es\\\/tecnologia\\\/modos-de-carga-para-una-moto-electrica\\\/\",\"url\":\"https:\\\/\\\/www.boxrepsol.com\\\/es\\\/tecnologia\\\/modos-de-carga-para-una-moto-electrica\\\/\",\"name\":\"C\u00f3mo cargar una moto el\u00e9ctrica: tipos de carga y consejos - Box Repsol\",\"isPartOf\":{\"@id\":\"https:\\\/\\\/www.boxrepsol.com\\\/es\\\/#website\"},\"primaryImageOfPage\":{\"@id\":\"https:\\\/\\\/www.boxrepsol.com\\\/es\\\/tecnologia\\\/modos-de-carga-para-una-moto-electrica\\\/#primaryimage\"},\"image\":{\"@id\":\"https:\\\/\\\/www.boxrepsol.com\\\/es\\\/tecnologia\\\/modos-de-carga-para-una-moto-electrica\\\/#primaryimage\"},\"thumbnailUrl\":\"https:\\\/\\\/bxrepsol.s3.eu-west-1.amazonaws.com\\\/static\\\/2022\\\/08\\\/09140329\\\/shutterstock_1979542031-1.jpg\",\"datePublished\":\"2021-10-18T02:00:00+00:00\",\"dateModified\":\"2024-04-10T08:58:52+00:00\",\"description\":\"Te explicamos c\u00f3mo cargar una moto el\u00e9ctrica, adem\u00e1s de las diferentes opciones que existen para llevar a cabo dicho proceso.\",\"breadcrumb\":{\"@id\":\"https:\\\/\\\/www.boxrepsol.com\\\/es\\\/tecnologia\\\/modos-de-carga-para-una-moto-electrica\\\/#breadcrumb\"},\"inLanguage\":\"es\",\"potentialAction\":[{\"@type\":\"ReadAction\",\"target\":[\"https:\\\/\\\/www.boxrepsol.com\\\/es\\\/tecnologia\\\/modos-de-carga-para-una-moto-electrica\\\/\"]}]},{\"@type\":\"ImageObject\",\"inLanguage\":\"es\",\"@id\":\"https:\\\/\\\/www.boxrepsol.com\\\/es\\\/tecnologia\\\/modos-de-carga-para-una-moto-electrica\\\/#primaryimage\",\"url\":\"https:\\\/\\\/bxrepsol.s3.eu-west-1.amazonaws.com\\\/static\\\/2022\\\/08\\\/09140329\\\/shutterstock_1979542031-1.jpg\",\"contentUrl\":\"https:\\\/\\\/bxrepsol.s3.eu-west-1.amazonaws.com\\\/static\\\/2022\\\/08\\\/09140329\\\/shutterstock_1979542031-1.jpg\",\"width\":8256,\"height\":5504},{\"@type\":\"BreadcrumbList\",\"@id\":\"https:\\\/\\\/www.boxrepsol.com\\\/es\\\/tecnologia\\\/modos-de-carga-para-una-moto-electrica\\\/#breadcrumb\",\"itemListElement\":[{\"@type\":\"ListItem\",\"position\":1,\"name\":\"Home\",\"item\":\"https:\\\/\\\/www.boxrepsol.com\\\/es\\\/\"},{\"@type\":\"ListItem\",\"position\":2,\"name\":\"Modos de carga para una moto el\u00e9ctrica\"}]},{\"@type\":\"WebSite\",\"@id\":\"https:\\\/\\\/www.boxrepsol.com\\\/es\\\/#website\",\"url\":\"https:\\\/\\\/www.boxrepsol.com\\\/es\\\/\",\"name\":\"Box Repsol\",\"description\":\"Box Repsol Site\",\"publisher\":{\"@id\":\"https:\\\/\\\/www.boxrepsol.com\\\/es\\\/#organization\"},\"potentialAction\":[{\"@type\":\"SearchAction\",\"target\":{\"@type\":\"EntryPoint\",\"urlTemplate\":\"https:\\\/\\\/www.boxrepsol.com\\\/es\\\/?s={search_term_string}\"},\"query-input\":{\"@type\":\"PropertyValueSpecification\",\"valueRequired\":true,\"valueName\":\"search_term_string\"}}],\"inLanguage\":\"es\"},{\"@type\":\"Organization\",\"@id\":\"https:\\\/\\\/www.boxrepsol.com\\\/es\\\/#organization\",\"name\":\"Box Repsol\",\"url\":\"https:\\\/\\\/www.boxrepsol.com\\\/es\\\/\",\"logo\":{\"@type\":\"ImageObject\",\"inLanguage\":\"es\",\"@id\":\"https:\\\/\\\/www.boxrepsol.com\\\/es\\\/#\\\/schema\\\/logo\\\/image\\\/\",\"url\":\"https:\\\/\\\/bxrepsol.s3.eu-west-1.amazonaws.com\\\/static\\\/2025\\\/07\\\/30083337\\\/favicon-96x96-1.png\",\"contentUrl\":\"https:\\\/\\\/bxrepsol.s3.eu-west-1.amazonaws.com\\\/static\\\/2025\\\/07\\\/30083337\\\/favicon-96x96-1.png\",\"width\":96,\"height\":96,\"caption\":\"Box Repsol\"},\"image\":{\"@id\":\"https:\\\/\\\/www.boxrepsol.com\\\/es\\\/#\\\/schema\\\/logo\\\/image\\\/\"},\"sameAs\":[\"https:\\\/\\\/www.facebook.com\\\/BoxRepsol\",\"https:\\\/\\\/x.com\\\/box_repsol\",\"http:\\\/\\\/instagram.com\\\/box_repsol\",\"https:\\\/\\\/www.youtube.com\\\/user\\\/RepsolCompeticion\",\"https:\\\/\\\/www.flickr.com\\\/photos\\\/box_repsol\\\/\"]},{\"@type\":\"Person\",\"@id\":\"https:\\\/\\\/www.boxrepsol.com\\\/es\\\/#\\\/schema\\\/person\\\/c5c2138f2cca251b0ad92b7086bb60b7\",\"name\":\"Redacci\u00f3n Box Repsol\",\"image\":{\"@type\":\"ImageObject\",\"inLanguage\":\"es\",\"@id\":\"https:\\\/\\\/secure.gravatar.com\\\/avatar\\\/adf7b77e38b4419baf32c7e9c21dde01f4e40df611f0978e3006fc4ba0aaab7e?s=96&d=mm&r=g\",\"url\":\"https:\\\/\\\/secure.gravatar.com\\\/avatar\\\/adf7b77e38b4419baf32c7e9c21dde01f4e40df611f0978e3006fc4ba0aaab7e?s=96&d=mm&r=g\",\"contentUrl\":\"https:\\\/\\\/secure.gravatar.com\\\/avatar\\\/adf7b77e38b4419baf32c7e9c21dde01f4e40df611f0978e3006fc4ba0aaab7e?s=96&d=mm&r=g\",\"caption\":\"Redacci\u00f3n Box Repsol\"},\"description\":\"Box Repsol lo forma un equipo de periodistas, community managers, dise\u00f1adores y fot\u00f3grafos con m\u00e1s de 20 a\u00f1os de experiencia en el mundo del motorsport. Hemos vivido el primer mundial de un espa\u00f1ol en la categor\u00eda reina de motociclismo con \u00c1lex Crivill\u00e9, estuvimos en las victorias de Pedrosa y los t\u00edtulos de M\u00e1rquez, acompa\u00f1amos en \u00c1frica a Nani Roma y Marc Coma en sus conquistas del Dakar y hemos vibrado con los t\u00edtulos de Toni Bou en Trial. Adem\u00e1s, en nuestro equipo contamos con expertos en el mundo de las dos y cuatro ruedas tanto de la calle y las carreteras, como de los circuitos. Periodistas que han trabajado en revistas y publicaciones para hacerte llegar desde rutas y consejos de mantenimiento, a curiosidades y trucos de pilotaje.\",\"sameAs\":[\"https:\\\/\\\/www.facebook.com\\\/BoxRepsol\\\/\",\"https:\\\/\\\/www.instagram.com\\\/box_repsol\\\/\",\"https:\\\/\\\/x.com\\\/https:\\\/\\\/twitter.com\\\/box_repsol\",\"https:\\\/\\\/www.youtube.com\\\/@Boxrepsol\"],\"url\":\"https:\\\/\\\/www.boxrepsol.com\\\/es\\\/author\\\/redaccion-box-repsol\\\/\"}]}<\/script>\n<!-- \/ Yoast SEO plugin. -->","yoast_head_json":{"title":"C\u00f3mo cargar una moto el\u00e9ctrica: tipos de carga y consejos - Box Repsol","description":"Te explicamos c\u00f3mo cargar una moto el\u00e9ctrica, adem\u00e1s de las diferentes opciones que existen para llevar a cabo dicho proceso.","canonical":"https:\/\/www.boxrepsol.com\/es\/tecnologia\/modos-de-carga-para-una-moto-electrica\/","og_locale":"es_ES","og_type":"article","og_title":"C\u00f3mo cargar una moto el\u00e9ctrica: tipos de carga y consejos - Box Repsol","og_description":"Te explicamos c\u00f3mo cargar una moto el\u00e9ctrica, adem\u00e1s de las diferentes opciones que existen para llevar a cabo dicho proceso.","og_url":"https:\/\/www.boxrepsol.com\/es\/tecnologia\/modos-de-carga-para-una-moto-electrica\/","og_site_name":"Box Repsol","article_publisher":"https:\/\/www.facebook.com\/BoxRepsol","article_author":"https:\/\/www.facebook.com\/BoxRepsol\/","article_published_time":"2021-10-18T02:00:00+00:00","article_modified_time":"2024-04-10T08:58:52+00:00","og_image":[{"width":1024,"height":683,"url":"https:\/\/bxrepsol.s3.eu-west-1.amazonaws.com\/static\/2022\/08\/09140329\/shutterstock_1979542031-1-1024x683.jpg","type":"image\/jpeg"}],"author":"Redacci\u00f3n Box Repsol","twitter_card":"summary_large_image","twitter_creator":"@https:\/\/twitter.com\/box_repsol","twitter_site":"@box_repsol","twitter_misc":{"Written by":"Redacci\u00f3n Box Repsol","Est. reading time":"6 minutos"},"schema":{"@context":"https:\/\/schema.org","@graph":[{"@type":"Article","@id":"https:\/\/www.boxrepsol.com\/es\/tecnologia\/modos-de-carga-para-una-moto-electrica\/#article","isPartOf":{"@id":"https:\/\/www.boxrepsol.com\/es\/tecnologia\/modos-de-carga-para-una-moto-electrica\/"},"author":{"name":"Redacci\u00f3n Box Repsol","@id":"https:\/\/www.boxrepsol.com\/es\/#\/schema\/person\/c5c2138f2cca251b0ad92b7086bb60b7"},"headline":"Modos de carga para una moto el\u00e9ctrica","datePublished":"2021-10-18T02:00:00+00:00","dateModified":"2024-04-10T08:58:52+00:00","mainEntityOfPage":{"@id":"https:\/\/www.boxrepsol.com\/es\/tecnologia\/modos-de-carga-para-una-moto-electrica\/"},"wordCount":1224,"commentCount":1,"publisher":{"@id":"https:\/\/www.boxrepsol.com\/es\/#organization"},"image":{"@id":"https:\/\/www.boxrepsol.com\/es\/tecnologia\/modos-de-carga-para-una-moto-electrica\/#primaryimage"},"thumbnailUrl":"https:\/\/bxrepsol.s3.eu-west-1.amazonaws.com\/static\/2022\/08\/09140329\/shutterstock_1979542031-1.jpg","keywords":["tipos de motos"],"articleSection":["Tecnologia"],"inLanguage":"es","potentialAction":[{"@type":"CommentAction","name":"Comment","target":["https:\/\/www.boxrepsol.com\/es\/tecnologia\/modos-de-carga-para-una-moto-electrica\/#respond"]}]},{"@type":"WebPage","@id":"https:\/\/www.boxrepsol.com\/es\/tecnologia\/modos-de-carga-para-una-moto-electrica\/","url":"https:\/\/www.boxrepsol.com\/es\/tecnologia\/modos-de-carga-para-una-moto-electrica\/","name":"C\u00f3mo cargar una moto el\u00e9ctrica: tipos de carga y consejos - Box Repsol","isPartOf":{"@id":"https:\/\/www.boxrepsol.com\/es\/#website"},"primaryImageOfPage":{"@id":"https:\/\/www.boxrepsol.com\/es\/tecnologia\/modos-de-carga-para-una-moto-electrica\/#primaryimage"},"image":{"@id":"https:\/\/www.boxrepsol.com\/es\/tecnologia\/modos-de-carga-para-una-moto-electrica\/#primaryimage"},"thumbnailUrl":"https:\/\/bxrepsol.s3.eu-west-1.amazonaws.com\/static\/2022\/08\/09140329\/shutterstock_1979542031-1.jpg","datePublished":"2021-10-18T02:00:00+00:00","dateModified":"2024-04-10T08:58:52+00:00","description":"Te explicamos c\u00f3mo cargar una moto el\u00e9ctrica, adem\u00e1s de las diferentes opciones que existen para llevar a cabo dicho proceso.","breadcrumb":{"@id":"https:\/\/www.boxrepsol.com\/es\/tecnologia\/modos-de-carga-para-una-moto-electrica\/#breadcrumb"},"inLanguage":"es","potentialAction":[{"@type":"ReadAction","target":["https:\/\/www.boxrepsol.com\/es\/tecnologia\/modos-de-carga-para-una-moto-electrica\/"]}]},{"@type":"ImageObject","inLanguage":"es","@id":"https:\/\/www.boxrepsol.com\/es\/tecnologia\/modos-de-carga-para-una-moto-electrica\/#primaryimage","url":"https:\/\/bxrepsol.s3.eu-west-1.amazonaws.com\/static\/2022\/08\/09140329\/shutterstock_1979542031-1.jpg","contentUrl":"https:\/\/bxrepsol.s3.eu-west-1.amazonaws.com\/static\/2022\/08\/09140329\/shutterstock_1979542031-1.jpg","width":8256,"height":5504},{"@type":"BreadcrumbList","@id":"https:\/\/www.boxrepsol.com\/es\/tecnologia\/modos-de-carga-para-una-moto-electrica\/#breadcrumb","itemListElement":[{"@type":"ListItem","position":1,"name":"Home","item":"https:\/\/www.boxrepsol.com\/es\/"},{"@type":"ListItem","position":2,"name":"Modos de carga para una moto el\u00e9ctrica"}]},{"@type":"WebSite","@id":"https:\/\/www.boxrepsol.com\/es\/#website","url":"https:\/\/www.boxrepsol.com\/es\/","name":"Box Repsol","description":"Box Repsol Site","publisher":{"@id":"https:\/\/www.boxrepsol.com\/es\/#organization"},"potentialAction":[{"@type":"SearchAction","target":{"@type":"EntryPoint","urlTemplate":"https:\/\/www.boxrepsol.com\/es\/?s={search_term_string}"},"query-input":{"@type":"PropertyValueSpecification","valueRequired":true,"valueName":"search_term_string"}}],"inLanguage":"es"},{"@type":"Organization","@id":"https:\/\/www.boxrepsol.com\/es\/#organization","name":"Box Repsol","url":"https:\/\/www.boxrepsol.com\/es\/","logo":{"@type":"ImageObject","inLanguage":"es","@id":"https:\/\/www.boxrepsol.com\/es\/#\/schema\/logo\/image\/","url":"https:\/\/bxrepsol.s3.eu-west-1.amazonaws.com\/static\/2025\/07\/30083337\/favicon-96x96-1.png","contentUrl":"https:\/\/bxrepsol.s3.eu-west-1.amazonaws.com\/static\/2025\/07\/30083337\/favicon-96x96-1.png","width":96,"height":96,"caption":"Box Repsol"},"image":{"@id":"https:\/\/www.boxrepsol.com\/es\/#\/schema\/logo\/image\/"},"sameAs":["https:\/\/www.facebook.com\/BoxRepsol","https:\/\/x.com\/box_repsol","http:\/\/instagram.com\/box_repsol","https:\/\/www.youtube.com\/user\/RepsolCompeticion","https:\/\/www.flickr.com\/photos\/box_repsol\/"]},{"@type":"Person","@id":"https:\/\/www.boxrepsol.com\/es\/#\/schema\/person\/c5c2138f2cca251b0ad92b7086bb60b7","name":"Redacci\u00f3n Box Repsol","image":{"@type":"ImageObject","inLanguage":"es","@id":"https:\/\/secure.gravatar.com\/avatar\/adf7b77e38b4419baf32c7e9c21dde01f4e40df611f0978e3006fc4ba0aaab7e?s=96&d=mm&r=g","url":"https:\/\/secure.gravatar.com\/avatar\/adf7b77e38b4419baf32c7e9c21dde01f4e40df611f0978e3006fc4ba0aaab7e?s=96&d=mm&r=g","contentUrl":"https:\/\/secure.gravatar.com\/avatar\/adf7b77e38b4419baf32c7e9c21dde01f4e40df611f0978e3006fc4ba0aaab7e?s=96&d=mm&r=g","caption":"Redacci\u00f3n Box Repsol"},"description":"Box Repsol lo forma un equipo de periodistas, community managers, dise\u00f1adores y fot\u00f3grafos con m\u00e1s de 20 a\u00f1os de experiencia en el mundo del motorsport. Hemos vivido el primer mundial de un espa\u00f1ol en la categor\u00eda reina de motociclismo con \u00c1lex Crivill\u00e9, estuvimos en las victorias de Pedrosa y los t\u00edtulos de M\u00e1rquez, acompa\u00f1amos en \u00c1frica a Nani Roma y Marc Coma en sus conquistas del Dakar y hemos vibrado con los t\u00edtulos de Toni Bou en Trial. Adem\u00e1s, en nuestro equipo contamos con expertos en el mundo de las dos y cuatro ruedas tanto de la calle y las carreteras, como de los circuitos. Periodistas que han trabajado en revistas y publicaciones para hacerte llegar desde rutas y consejos de mantenimiento, a curiosidades y trucos de pilotaje.","sameAs":["https:\/\/www.facebook.com\/BoxRepsol\/","https:\/\/www.instagram.com\/box_repsol\/","https:\/\/x.com\/https:\/\/twitter.com\/box_repsol","https:\/\/www.youtube.com\/@Boxrepsol"],"url":"https:\/\/www.boxrepsol.com\/es\/author\/redaccion-box-repsol\/"}]}},"_links":{"self":[{"href":"https:\/\/www.boxrepsol.com\/es\/wp-json\/wp\/v2\/posts\/95140","targetHints":{"allow":["GET"]}}],"collection":[{"href":"https:\/\/www.boxrepsol.com\/es\/wp-json\/wp\/v2\/posts"}],"about":[{"href":"https:\/\/www.boxrepsol.com\/es\/wp-json\/wp\/v2\/types\/post"}],"author":[{"embeddable":true,"href":"https:\/\/www.boxrepsol.com\/es\/wp-json\/wp\/v2\/users\/43146"}],"replies":[{"embeddable":true,"href":"https:\/\/www.boxrepsol.com\/es\/wp-json\/wp\/v2\/comments?post=95140"}],"version-history":[{"count":2,"href":"https:\/\/www.boxrepsol.com\/es\/wp-json\/wp\/v2\/posts\/95140\/revisions"}],"predecessor-version":[{"id":114039,"href":"https:\/\/www.boxrepsol.com\/es\/wp-json\/wp\/v2\/posts\/95140\/revisions\/114039"}],"wp:featuredmedia":[{"embeddable":true,"href":"https:\/\/www.boxrepsol.com\/es\/wp-json\/wp\/v2\/media\/44313"}],"wp:attachment":[{"href":"https:\/\/www.boxrepsol.com\/es\/wp-json\/wp\/v2\/media?parent=95140"}],"wp:term":[{"taxonomy":"category","embeddable":true,"href":"https:\/\/www.boxrepsol.com\/es\/wp-json\/wp\/v2\/categories?post=95140"},{"taxonomy":"post_tag","embeddable":true,"href":"https:\/\/www.boxrepsol.com\/es\/wp-json\/wp\/v2\/tags?post=95140"}],"curies":[{"name":"wp","href":"https:\/\/api.w.org\/{rel}","templated":true}]}}