{"id":95124,"date":"2021-10-13T00:00:00","date_gmt":"2021-10-13T02:00:00","guid":{"rendered":"http:\/\/pre.boxrepsol.com\/sin-categorizar\/la-autonomia-una-moto-electrica\/"},"modified":"2024-04-10T07:29:06","modified_gmt":"2024-04-10T09:29:06","slug":"la-autonomia-una-moto-electrica","status":"publish","type":"post","link":"https:\/\/www.boxrepsol.com\/es\/tecnologia\/la-autonomia-una-moto-electrica\/","title":{"rendered":"Todo sobre la autonom\u00eda de las motos el\u00e9ctricas"},"content":{"rendered":"\n<p>Si est\u00e1s pensando en comprarte una <a href=\"https:\/\/www.boxrepsol.com\/es\/tecnologia\/ventajas-desventajas-las-motos-electricas\/\">moto el\u00e9ctrica<\/a>, adem\u00e1s de las prestaciones y el dise\u00f1o, seguro que te preocupa especialmente <strong>la autonom\u00eda de tus motos el\u00e9ctricas<\/strong> favoritas.<\/p>\n\n\n\n<p><strong><div id=\"ez-toc-container\" class=\"ez-toc-v2_0_82_2 counter-hierarchy ez-toc-counter ez-toc-grey ez-toc-container-direction\">\n<div class=\"ez-toc-title-container\">\n<p class=\"ez-toc-title\" style=\"cursor:inherit\">\u00cdndice<\/p>\n<span class=\"ez-toc-title-toggle\"><a href=\"#\" class=\"ez-toc-pull-right ez-toc-btn ez-toc-btn-xs ez-toc-btn-default ez-toc-toggle\" aria-label=\"Toggle Table of Content\"><span class=\"ez-toc-js-icon-con\"><span class=\"\"><span class=\"eztoc-hide\" style=\"display:none;\">Toggle<\/span><span class=\"ez-toc-icon-toggle-span\"><svg style=\"fill: #999;color:#999\" xmlns=\"http:\/\/www.w3.org\/2000\/svg\" class=\"list-377408\" width=\"20px\" height=\"20px\" viewBox=\"0 0 24 24\" fill=\"none\"><path d=\"M6 6H4v2h2V6zm14 0H8v2h12V6zM4 11h2v2H4v-2zm16 0H8v2h12v-2zM4 16h2v2H4v-2zm16 0H8v2h12v-2z\" fill=\"currentColor\"><\/path><\/svg><svg style=\"fill: #999;color:#999\" class=\"arrow-unsorted-368013\" xmlns=\"http:\/\/www.w3.org\/2000\/svg\" width=\"10px\" height=\"10px\" viewBox=\"0 0 24 24\" version=\"1.2\" baseProfile=\"tiny\"><path d=\"M18.2 9.3l-6.2-6.3-6.2 6.3c-.2.2-.3.4-.3.7s.1.5.3.7c.2.2.4.3.7.3h11c.3 0 .5-.1.7-.3.2-.2.3-.5.3-.7s-.1-.5-.3-.7zM5.8 14.7l6.2 6.3 6.2-6.3c.2-.2.3-.5.3-.7s-.1-.5-.3-.7c-.2-.2-.4-.3-.7-.3h-11c-.3 0-.5.1-.7.3-.2.2-.3.5-.3.7s.1.5.3.7z\"\/><\/svg><\/span><\/span><\/span><\/a><\/span><\/div>\n<nav><ul class='ez-toc-list ez-toc-list-level-1 ' ><li class='ez-toc-page-1 ez-toc-heading-level-2'><a class=\"ez-toc-link ez-toc-heading-1\" href=\"https:\/\/www.boxrepsol.com\/es\/tecnologia\/la-autonomia-una-moto-electrica\/#Importancia_de_la_autonomia_en_las_motos_electricas\" >Importancia de la autonom\u00eda en las motos el\u00e9ctricas<\/a><\/li><li class='ez-toc-page-1 ez-toc-heading-level-2'><a class=\"ez-toc-link ez-toc-heading-2\" href=\"https:\/\/www.boxrepsol.com\/es\/tecnologia\/la-autonomia-una-moto-electrica\/#Baterias_de_las_motos_electricas_su_fuente_de_autonomia\" >Bater\u00edas de las motos el\u00e9ctricas: su fuente de autonom\u00eda<\/a><ul class='ez-toc-list-level-3' ><li class='ez-toc-heading-level-3'><a class=\"ez-toc-link ez-toc-heading-3\" href=\"https:\/\/www.boxrepsol.com\/es\/tecnologia\/la-autonomia-una-moto-electrica\/#%C2%BFComo_aumenta_la_autonomia_de_tu_moto_electrica_el_freno_regenerativo\" >\u00bfC\u00f3mo aumenta la autonom\u00eda de tu moto el\u00e9ctrica el freno regenerativo?<\/a><\/li><\/ul><\/li><li class='ez-toc-page-1 ez-toc-heading-level-2'><a class=\"ez-toc-link ez-toc-heading-4\" href=\"https:\/\/www.boxrepsol.com\/es\/tecnologia\/la-autonomia-una-moto-electrica\/#Motos_electricas_con_mayor_autonomia\" >Motos el\u00e9ctricas con mayor autonom\u00eda&nbsp;<\/a><\/li><li class='ez-toc-page-1 ez-toc-heading-level-2'><a class=\"ez-toc-link ez-toc-heading-5\" href=\"https:\/\/www.boxrepsol.com\/es\/tecnologia\/la-autonomia-una-moto-electrica\/#Consejos_para_cuidar_la_bateria_de_tu_moto_electrica\" >Consejos para cuidar la bater\u00eda de tu moto el\u00e9ctrica&nbsp;<\/a><\/li><li class='ez-toc-page-1 ez-toc-heading-level-2'><a class=\"ez-toc-link ez-toc-heading-6\" href=\"https:\/\/www.boxrepsol.com\/es\/tecnologia\/la-autonomia-una-moto-electrica\/#Puntos_de_carga_de_motos_electricas\" >Puntos de carga de motos el\u00e9ctricas&nbsp;<\/a><\/li><\/ul><\/nav><\/div>\n<\/strong><\/p>\n\n\n\n<p>Es l\u00f3gico que este tema te interese especialmente porque <strong>de ello depende la distancia que podr\u00e1s recorrer a lomos de tu montura<\/strong> (sin tener que cargar de nuevo la bater\u00eda).&nbsp;<\/p>\n\n\n\n<p>Pero tambi\u00e9n consideramos fundamental tratar otras cuestiones como los <strong>factores que influyen en la autonom\u00eda de una moto el\u00e9ctrica<\/strong>, la vida \u00fatil de las bater\u00edas y la forma de <a href=\"https:\/\/www.boxrepsol.com\/es\/tecnologia\/modos-de-carga-para-una-moto-electrica\/\">cargar tu moto el\u00e9ctrica<\/a> cuando se agota la energ\u00eda el\u00e9ctrica que la propulsa.&nbsp;<\/p>\n\n\n\n<p>Para que salgas de dudas, hemos preparado esta gu\u00eda en la que vas a aprender todo lo necesario sobre la autonom\u00eda de las motos el\u00e9ctricas.<\/p>\n\n\n\n<p>Nos vemos en el siguiente ep\u00edgrafe.<\/p>\n\n\n\n<h2 class=\"wp-block-heading\"><span class=\"ez-toc-section\" id=\"Importancia_de_la_autonomia_en_las_motos_electricas\"><\/span>Importancia de la autonom\u00eda en las motos el\u00e9ctricas<span class=\"ez-toc-section-end\"><\/span><\/h2>\n\n\n\n<p>Lo primero que debes saber es que para medir la autonom\u00eda de las motos el\u00e9ctricas <strong>se ha estandarizado una forma de medirla conocida como ciclo WLTP<\/strong> (<em>Worldwide Harmonised Light vehicles Test Procedure<\/em>).<\/p>\n\n\n\n<p>Al realizarse todas las mediciones bajo las mismas condiciones y circunstancias, es m\u00e1s f\u00e1cil hacer comparativas para elegir el <a href=\"https:\/\/www.boxrepsol.com\/es\/vive-tu-moto\/las-motos-electricas-honda-vienen\/\">modelo de moto el\u00e9ctrica<\/a> que m\u00e1s te convenga para tus prop\u00f3sitos.&nbsp;<\/p>\n\n\n\n<p>De todos modos, tambi\u00e9n debes saber que la distancia que puede recorrer una moto con una sola carga de la bater\u00eda vendr\u00e1 determinada por estos dos factores:<\/p>\n\n\n\n<ul class=\"wp-block-list\">\n<li><strong>Tipo de v\u00eda<\/strong>: no es lo mismo circular por una carretera convencional que por una autopista o por una calle de una zona urbana.&nbsp;<\/li>\n\n\n\n<li><strong>Velocidades m\u00e1ximas de cada v\u00eda<\/strong>: seg\u00fan por donde circule la moto, la <a href=\"https:\/\/www.boxrepsol.com\/es\/cultura-motera\/limites-velocidad-espana\/\">velocidad m\u00e1xima en Espa\u00f1a<\/a> ser\u00e1 mayor o menor. Y eso es algo que tambi\u00e9n tiene una incidencia en la autonom\u00eda de la moto el\u00e9ctrica.&nbsp;<\/li>\n<\/ul>\n\n\n\n<figure class=\"wp-block-image size-large\"><img loading=\"lazy\" decoding=\"async\" width=\"1024\" height=\"683\" src=\"https:\/\/bxrepsol.s3.eu-west-1.amazonaws.com\/static\/2022\/08\/09140321\/Honda-pcx-electric-5-2-1024x683.jpg\" alt=\"moto el\u00e9ctrica honda\n\" class=\"wp-image-44310\" srcset=\"https:\/\/bxrepsol.s3.eu-west-1.amazonaws.com\/static\/2022\/08\/09140321\/Honda-pcx-electric-5-2-1024x683.jpg 1024w, https:\/\/bxrepsol.s3.eu-west-1.amazonaws.com\/static\/2022\/08\/09140321\/Honda-pcx-electric-5-2-300x200.jpg 300w, https:\/\/bxrepsol.s3.eu-west-1.amazonaws.com\/static\/2022\/08\/09140321\/Honda-pcx-electric-5-2-768x512.jpg 768w, https:\/\/bxrepsol.s3.eu-west-1.amazonaws.com\/static\/2022\/08\/09140321\/Honda-pcx-electric-5-2-1536x1024.jpg 1536w, https:\/\/bxrepsol.s3.eu-west-1.amazonaws.com\/static\/2022\/08\/09140321\/Honda-pcx-electric-5-2-2048x1365.jpg 2048w\" sizes=\"auto, (max-width: 1024px) 100vw, 1024px\" \/><\/figure>\n\n\n\n<h2 class=\"wp-block-heading\"><span class=\"ez-toc-section\" id=\"Baterias_de_las_motos_electricas_su_fuente_de_autonomia\"><\/span>Bater\u00edas de las motos el\u00e9ctricas: su fuente de autonom\u00eda<span class=\"ez-toc-section-end\"><\/span><\/h2>\n\n\n\n<p>Antes de continuar, conviene que entiendas que <strong>la bater\u00eda de una moto el\u00e9ctrica<\/strong> es el equivalente al dep\u00f3sito de combustible de una moto con un motor de combusti\u00f3n interna.&nbsp;<\/p>\n\n\n\n<p>La bater\u00eda, por tanto,<strong> acumula energ\u00eda el\u00e9ctrica que ser\u00e1 la que luego se encargue de generar el movimiento <\/strong>en el motor el\u00e9ctrico.<\/p>\n\n\n\n<p>Lo m\u00e1s habitual hoy en d\u00eda es que las <a href=\"https:\/\/www.boxrepsol.com\/es\/tecnologia\/cual-es-la-mejor-bateria-para-moto\/\">bater\u00edas de motos<\/a> est\u00e9n fabricadas con litio. Un compuesto que <strong>mejora mucho la capacidad de la bater\u00eda,<\/strong> a\u00f1adiendo un plus de seguridad y estabilidad, adem\u00e1s de contar con mayor capacidad de almacenamiento.&nbsp;<\/p>\n\n\n\n<p>Todo ello conlleva que <strong>las<\/strong> <strong>bater\u00edas de litio tengan una vida \u00fatil mayor <\/strong>que las anteriores de plomo. Por eso, se estima que la vida \u00fatil de una de estas bater\u00edas puede oscilar entre los 1.000 y los 1.500 ciclos de carga completa.&nbsp;<\/p>\n\n\n\n<p>Aunque vamos a dedicar a continuaci\u00f3n un ep\u00edgrafe espec\u00edfico al freno regenerativo \u2014por ser algo muy importante en una moto el\u00e9ctrica\u2014, queremos antes explicarte cu\u00e1les son los <strong>otros factores que influyen en la vida de la bater\u00eda:<\/strong>&nbsp;<\/p>\n\n\n\n<ul class=\"wp-block-list\">\n<li><strong>La temperatura medioambiental<\/strong>: un ambiente muy fr\u00edo influye en la autonom\u00eda de la moto el\u00e9ctrica. De hecho, si circulas por climas fr\u00edos es posible que no puedas andar tantos kil\u00f3metros con tu moto como en zonas m\u00e1s c\u00e1lidas.&nbsp;<\/li>\n\n\n\n<li><strong>El peso de la moto<\/strong>: otro tema importante es el peso de la motocicleta, ya que el nivel de exigencia sobre la bater\u00eda es mayor cuando se trata de mover una motocicleta m\u00e1s pesada.&nbsp;<\/li>\n\n\n\n<li><strong>Pendiente media superada<\/strong>: otro tema importante es el desnivel de la ruta. No es lo mismo circular en llano o cuesta abajo que hacerlo cuesta arriba. Cuanto mayor sea la pendiente hacia arriba, la autonom\u00eda ser\u00e1 menor.<\/li>\n<\/ul>\n\n\n\n<figure class=\"wp-block-image size-large\"><img decoding=\"async\" src=\"https:\/\/bxrepsol.s3.eu-west-1.amazonaws.com\/static\/2023\/08\/23041644\/Foto-5-1024x661.jpg\" alt=\"bater\u00edas de moto\"\/><\/figure>\n\n\n\n<h3 class=\"wp-block-heading\"><span class=\"ez-toc-section\" id=\"%C2%BFComo_aumenta_la_autonomia_de_tu_moto_electrica_el_freno_regenerativo\"><\/span><strong>\u00bfC\u00f3mo aumenta la autonom\u00eda de tu moto el\u00e9ctrica el freno regenerativo?<\/strong><span class=\"ez-toc-section-end\"><\/span><\/h3>\n\n\n\n<p>Hasta ahora hemos visto las cosas que limitan la autonom\u00eda de las motos el\u00e9ctricas. Pero ahora vamos a conocer un elemento que precisamente sirve para aumentar la autonom\u00eda. Estamos hablando del freno regenerativo.&nbsp;<\/p>\n\n\n\n<p>El freno regenerativo de una moto el\u00e9ctrica <strong>consiste en un sistema de recuperaci\u00f3n de energ\u00eda cin\u00e9tica<\/strong>.&nbsp;<\/p>\n\n\n\n<p>Esto quiere decir que la energ\u00eda cin\u00e9tica que se produce cada vez que frenas tu moto no se disipa en forma de calor (como ocurre en una moto convencional). En su lugar, <strong>se aprovecha transform\u00e1ndola en energ\u00eda el\u00e9ctrica<\/strong> que se acumula en la bater\u00eda.&nbsp;<\/p>\n\n\n\n<p>Imagina, por ejemplo, que tienes poca bater\u00eda y que vas bajando por un puerto de monta\u00f1a. Si vas utilizando el freno antes de entrar en cada curva, y controlas bien la velocidad sin necesidad de acelerar, es posible que toda esa energ\u00eda cin\u00e9tica de cada frenada se convierta en energ\u00eda el\u00e9ctrica que aumentar\u00e1 la autonom\u00eda de tu moto.&nbsp;<\/p>\n\n\n\n<p>Aunque <strong>el freno regenerativo es especialmente indicado para motos urbanas<\/strong>, que casi siempre circulan por ciudad. Ya que en el tr\u00e1fico urbano es donde m\u00e1s se frena de continuo.&nbsp;<\/p>\n\n\n\n<h2 class=\"wp-block-heading\"><span class=\"ez-toc-section\" id=\"Motos_electricas_con_mayor_autonomia\"><\/span>Motos el\u00e9ctricas con mayor autonom\u00eda&nbsp;<span class=\"ez-toc-section-end\"><\/span><\/h2>\n\n\n\n<p>Ahora llega el momento de ver cu\u00e1les son las motos el\u00e9ctricas con mayor autonom\u00eda en el mercado:&nbsp;<\/p>\n\n\n\n<ul class=\"wp-block-list\">\n<li><strong>Energica EVA Ribelle<\/strong>: <a href=\"https:\/\/www.boxrepsol.com\/es\/cultura-motera\/las-motos-mas-potentes-del-mercado\/\">motocicleta deportiva<\/a> con 171 CV de potencia que ofrece un rendimiento espectacular. La autonom\u00eda de su bater\u00eda \u2014de 21,5 kWh\u2014 permite recorrer en ciudad una distancia de <strong>420 kil\u00f3metros.&nbsp;<\/strong><\/li>\n\n\n\n<li><strong>Zero DS\/R<\/strong>: <a href=\"https:\/\/www.boxrepsol.com\/es\/vive-tu-moto\/motos-scrambler-cuales-son-y-sus-caracteristicas-principales\/\">moto tipo scrambler<\/a> que cuenta con un motor de 69 CV de potencia. Si compras tu moto con el opcional Power Tank, la autonom\u00eda de su bater\u00eda <strong>alcanza los 365 kil\u00f3metros<\/strong> en recorridos urbanos.&nbsp;<\/li>\n\n\n\n<li><strong>Urbet Lora S<\/strong>: dispone de un motor de 25,8 CV de potencia que ofrece interesantes prestaciones. La bater\u00eda \u2014de 15,12 kWh\u2014 permite recorrer <strong>360 kil\u00f3metros en ciudad<\/strong>.&nbsp;<\/li>\n\n\n\n<li><strong>Lightning Strike<\/strong>: moto de altas prestaciones con un motor el\u00e9ctrico que genera 90 CV de potencia. La bater\u00eda opcional m\u00e1s grande, de 20 kWh, te da una autonom\u00eda de hasta <strong>321 kil\u00f3metros en ciudad<\/strong>.&nbsp;<\/li>\n\n\n\n<li><strong>Harley-Davidson Livewire<\/strong>: esta moto el\u00e9ctrica de gran calidad est\u00e1 equipada con un motor de 105 CV de potencia. La bater\u00eda de 15,5 kWh dota de una autonom\u00eda m\u00e1xima de <strong>235 kil\u00f3metros en v\u00edas urbanas<\/strong>. Otro tema interesante es que la bater\u00eda puede recargarse en 40 minutos si se opta por carga r\u00e1pida.<\/li>\n<\/ul>\n\n\n\n<p><img loading=\"lazy\" decoding=\"async\" width=\"1248\" height=\"614\" src=\"https:\/\/bxrepsol.s3.eu-west-1.amazonaws.com\/static\/2022\/08\/09140004\/honda-u-be-2.png\" alt=\"\"><\/p>\n\n\n\n<h2 class=\"wp-block-heading\"><span class=\"ez-toc-section\" id=\"Consejos_para_cuidar_la_bateria_de_tu_moto_electrica\"><\/span>Consejos para cuidar la bater\u00eda de tu moto el\u00e9ctrica&nbsp;<span class=\"ez-toc-section-end\"><\/span><\/h2>\n\n\n\n<p>Queda claro que la autonom\u00eda de tu moto el\u00e9ctrica<strong> va a depender en gran medida de c\u00f3mo cuides la bater\u00eda<\/strong>.&nbsp;<\/p>\n\n\n\n<p>As\u00ed que presta mucha atenci\u00f3n a los siguientes consejos, si quieres que te dure m\u00e1s tiempo en estado \u00f3ptimo:<\/p>\n\n\n\n<ul class=\"wp-block-list\">\n<li><strong>Realiza ciclos de carga completos<\/strong>: en la medida de la posible, intenta realizar cargas completas siempre que puedas. Lo bueno es que la bater\u00eda de litio te permite cargar de nuevo, aunque no est\u00e9 completamente agotada. Pero recuerda dejar la moto enchufada hasta que se complete al 100% la carga.&nbsp;<\/li>\n\n\n\n<li><strong>Pilota tu moto con suavidad<\/strong>: si eres muy agresivo con el acelerador, es posible que la autonom\u00eda se reduzca m\u00e1s r\u00e1pido y la vida \u00fatil de la misma tambi\u00e9n empeorar\u00e1.&nbsp;<\/li>\n\n\n\n<li><strong>No viajes demasiado cargado<\/strong>: ya sabes que si viajas con mucho peso la autonom\u00eda de tu moto tambi\u00e9n ser\u00e1 m\u00e1s baja. Y todo lo que afecta a la autonom\u00eda termina afectando a la vida \u00fatil de la bater\u00eda.&nbsp;<\/li>\n\n\n\n<li><strong>No utilices la moto con temperaturas extremas<\/strong>: si hace mucho calor o mucho fr\u00edo, mejor que dejes la moto en el garaje, ya que las temperaturas extremas pueden afectar a la bater\u00eda.&nbsp;<\/li>\n<\/ul>\n\n\n\n<figure class=\"wp-block-image\"><img decoding=\"async\" src=\"https:\/\/bxrepsol.s3.eu-west-1.amazonaws.com\/static\/2022\/08\/05100920\/shutterstock_1445392574-scaled.jpg\" alt=\"Puntos de carga moto el\u00e9ctrica \"\/><\/figure>\n\n\n\n<h2 class=\"wp-block-heading\"><span class=\"ez-toc-section\" id=\"Puntos_de_carga_de_motos_electricas\"><\/span>Puntos de carga de motos el\u00e9ctricas&nbsp;<span class=\"ez-toc-section-end\"><\/span><\/h2>\n\n\n\n<p>Como la autonom\u00eda de las motos el\u00e9ctricas no es muy elevada, es necesario que sepas d\u00f3nde puedes efectuar recargas cuando uses la moto.&nbsp;<\/p>\n\n\n\n<p>Lo bueno es que <strong>las gasolineras de Repsol cuentan con m\u00e1s de 230 <a href=\"https:\/\/www.repsol.es\/es\/productos-y-servicios\/estaciones-de-servicio\/servicios\/recarga-electrica\/index.cshtml\" target=\"_blank\" rel=\"noreferrer noopener\">puntos de recarga para veh\u00edculos el\u00e9ctricos<\/a><\/strong>, as\u00ed que puedes utilizar la red de recarga para que tu moto siga funcionando.&nbsp;<\/p>\n\n\n\n<p>Por otra parte, tambi\u00e9n <strong>puedes cargar tu moto en tu propia casa<\/strong>. Pero recuerda que necesitas un enchufe de 220 voltios. Y deber\u00e1s <a href=\"https:\/\/www.repsol.com\/es\/productos-y-servicios\/luz-gas-natural\/index.cshtml\" target=\"_blank\" rel=\"noreferrer noopener\">contratar un plan de precios<\/a> que te permita realizar las recargas en horarios valle a las horas en las que tu moto permanece en casa.&nbsp;<\/p>\n","protected":false},"excerpt":{"rendered":"<p>Uno de los puntos clave de las motos el\u00e9ctricas es la autonom\u00eda que ofrece su bater\u00eda. En este nuevo art\u00edculo te contamos lo m\u00e1s importante. \u00a1Desc\u00fabrelo!<\/p>\n","protected":false},"author":43146,"featured_media":44223,"comment_status":"open","ping_status":"open","sticky":false,"template":"","format":"standard","meta":{"footnotes":""},"categories":[3],"tags":[387,380],"class_list":["post-95124","post","type-post","status-publish","format-standard","hentry","category-tecnologia","tag-motor","tag-novedades"],"yoast_head":"<!-- This site is optimized with the Yoast SEO plugin v27.3 - https:\/\/yoast.com\/product\/yoast-seo-wordpress\/ -->\n<title>Todo sobre la autonom\u00eda de las motos el\u00e9ctricas - Box Repsol<\/title>\n<meta name=\"description\" content=\"Explora la revoluci\u00f3n de las motos el\u00e9ctricas. Descubre todo lo que influye en su autonom\u00eda real y cu\u00e1les son las motos con mayor autonom\u00eda del mercado.\" \/>\n<link rel=\"canonical\" href=\"https:\/\/www.boxrepsol.com\/es\/tecnologia\/la-autonomia-una-moto-electrica\/\" \/>\n<meta property=\"og:locale\" content=\"es_ES\" \/>\n<meta property=\"og:type\" content=\"article\" \/>\n<meta property=\"og:title\" content=\"Todo sobre la autonom\u00eda de las motos el\u00e9ctricas - Box Repsol\" \/>\n<meta property=\"og:description\" content=\"Explora la revoluci\u00f3n de las motos el\u00e9ctricas. Descubre todo lo que influye en su autonom\u00eda real y cu\u00e1les son las motos con mayor autonom\u00eda del mercado.\" \/>\n<meta property=\"og:url\" content=\"https:\/\/www.boxrepsol.com\/es\/tecnologia\/la-autonomia-una-moto-electrica\/\" \/>\n<meta property=\"og:site_name\" content=\"Box Repsol\" \/>\n<meta property=\"article:publisher\" content=\"https:\/\/www.facebook.com\/BoxRepsol\" \/>\n<meta property=\"article:author\" content=\"https:\/\/www.facebook.com\/BoxRepsol\/\" \/>\n<meta property=\"article:published_time\" content=\"2021-10-13T02:00:00+00:00\" \/>\n<meta property=\"article:modified_time\" content=\"2024-04-10T09:29:06+00:00\" \/>\n<meta property=\"og:image\" content=\"https:\/\/bxrepsol.s3.eu-west-1.amazonaws.com\/static\/2022\/08\/09140009\/FOTO-5-Honda-pcx-electric-2-1-scaled.jpg\" \/>\n\t<meta property=\"og:image:width\" content=\"2560\" \/>\n\t<meta property=\"og:image:height\" content=\"1707\" \/>\n\t<meta property=\"og:image:type\" content=\"image\/jpeg\" \/>\n<meta name=\"author\" content=\"Redacci\u00f3n Box Repsol\" \/>\n<meta name=\"twitter:card\" content=\"summary_large_image\" \/>\n<meta name=\"twitter:creator\" content=\"@https:\/\/twitter.com\/box_repsol\" \/>\n<meta name=\"twitter:site\" content=\"@box_repsol\" \/>\n<meta name=\"twitter:label1\" content=\"Written by\" \/>\n\t<meta name=\"twitter:data1\" content=\"Redacci\u00f3n Box Repsol\" \/>\n\t<meta name=\"twitter:label2\" content=\"Est. reading time\" \/>\n\t<meta name=\"twitter:data2\" content=\"7 minutos\" \/>\n<script type=\"application\/ld+json\" class=\"yoast-schema-graph\">{\"@context\":\"https:\\\/\\\/schema.org\",\"@graph\":[{\"@type\":\"Article\",\"@id\":\"https:\\\/\\\/www.boxrepsol.com\\\/es\\\/tecnologia\\\/la-autonomia-una-moto-electrica\\\/#article\",\"isPartOf\":{\"@id\":\"https:\\\/\\\/www.boxrepsol.com\\\/es\\\/tecnologia\\\/la-autonomia-una-moto-electrica\\\/\"},\"author\":{\"name\":\"Redacci\u00f3n Box Repsol\",\"@id\":\"https:\\\/\\\/www.boxrepsol.com\\\/es\\\/#\\\/schema\\\/person\\\/c5c2138f2cca251b0ad92b7086bb60b7\"},\"headline\":\"Todo sobre la autonom\u00eda de las motos el\u00e9ctricas\",\"datePublished\":\"2021-10-13T02:00:00+00:00\",\"dateModified\":\"2024-04-10T09:29:06+00:00\",\"mainEntityOfPage\":{\"@id\":\"https:\\\/\\\/www.boxrepsol.com\\\/es\\\/tecnologia\\\/la-autonomia-una-moto-electrica\\\/\"},\"wordCount\":1459,\"commentCount\":1,\"publisher\":{\"@id\":\"https:\\\/\\\/www.boxrepsol.com\\\/es\\\/#organization\"},\"image\":{\"@id\":\"https:\\\/\\\/www.boxrepsol.com\\\/es\\\/tecnologia\\\/la-autonomia-una-moto-electrica\\\/#primaryimage\"},\"thumbnailUrl\":\"https:\\\/\\\/bxrepsol.s3.eu-west-1.amazonaws.com\\\/static\\\/2022\\\/08\\\/09140009\\\/FOTO-5-Honda-pcx-electric-2-1-scaled.jpg\",\"keywords\":[\"Motor\",\"Novedades\"],\"articleSection\":[\"Tecnologia\"],\"inLanguage\":\"es\",\"potentialAction\":[{\"@type\":\"CommentAction\",\"name\":\"Comment\",\"target\":[\"https:\\\/\\\/www.boxrepsol.com\\\/es\\\/tecnologia\\\/la-autonomia-una-moto-electrica\\\/#respond\"]}]},{\"@type\":\"WebPage\",\"@id\":\"https:\\\/\\\/www.boxrepsol.com\\\/es\\\/tecnologia\\\/la-autonomia-una-moto-electrica\\\/\",\"url\":\"https:\\\/\\\/www.boxrepsol.com\\\/es\\\/tecnologia\\\/la-autonomia-una-moto-electrica\\\/\",\"name\":\"Todo sobre la autonom\u00eda de las motos el\u00e9ctricas - Box Repsol\",\"isPartOf\":{\"@id\":\"https:\\\/\\\/www.boxrepsol.com\\\/es\\\/#website\"},\"primaryImageOfPage\":{\"@id\":\"https:\\\/\\\/www.boxrepsol.com\\\/es\\\/tecnologia\\\/la-autonomia-una-moto-electrica\\\/#primaryimage\"},\"image\":{\"@id\":\"https:\\\/\\\/www.boxrepsol.com\\\/es\\\/tecnologia\\\/la-autonomia-una-moto-electrica\\\/#primaryimage\"},\"thumbnailUrl\":\"https:\\\/\\\/bxrepsol.s3.eu-west-1.amazonaws.com\\\/static\\\/2022\\\/08\\\/09140009\\\/FOTO-5-Honda-pcx-electric-2-1-scaled.jpg\",\"datePublished\":\"2021-10-13T02:00:00+00:00\",\"dateModified\":\"2024-04-10T09:29:06+00:00\",\"description\":\"Explora la revoluci\u00f3n de las motos el\u00e9ctricas. Descubre todo lo que influye en su autonom\u00eda real y cu\u00e1les son las motos con mayor autonom\u00eda del mercado.\",\"breadcrumb\":{\"@id\":\"https:\\\/\\\/www.boxrepsol.com\\\/es\\\/tecnologia\\\/la-autonomia-una-moto-electrica\\\/#breadcrumb\"},\"inLanguage\":\"es\",\"potentialAction\":[{\"@type\":\"ReadAction\",\"target\":[\"https:\\\/\\\/www.boxrepsol.com\\\/es\\\/tecnologia\\\/la-autonomia-una-moto-electrica\\\/\"]}]},{\"@type\":\"ImageObject\",\"inLanguage\":\"es\",\"@id\":\"https:\\\/\\\/www.boxrepsol.com\\\/es\\\/tecnologia\\\/la-autonomia-una-moto-electrica\\\/#primaryimage\",\"url\":\"https:\\\/\\\/bxrepsol.s3.eu-west-1.amazonaws.com\\\/static\\\/2022\\\/08\\\/09140009\\\/FOTO-5-Honda-pcx-electric-2-1-scaled.jpg\",\"contentUrl\":\"https:\\\/\\\/bxrepsol.s3.eu-west-1.amazonaws.com\\\/static\\\/2022\\\/08\\\/09140009\\\/FOTO-5-Honda-pcx-electric-2-1-scaled.jpg\",\"width\":2560,\"height\":1707,\"caption\":\"PCX Electric\"},{\"@type\":\"BreadcrumbList\",\"@id\":\"https:\\\/\\\/www.boxrepsol.com\\\/es\\\/tecnologia\\\/la-autonomia-una-moto-electrica\\\/#breadcrumb\",\"itemListElement\":[{\"@type\":\"ListItem\",\"position\":1,\"name\":\"Home\",\"item\":\"https:\\\/\\\/www.boxrepsol.com\\\/es\\\/\"},{\"@type\":\"ListItem\",\"position\":2,\"name\":\"Todo sobre la autonom\u00eda de las motos el\u00e9ctricas\"}]},{\"@type\":\"WebSite\",\"@id\":\"https:\\\/\\\/www.boxrepsol.com\\\/es\\\/#website\",\"url\":\"https:\\\/\\\/www.boxrepsol.com\\\/es\\\/\",\"name\":\"Box Repsol\",\"description\":\"Box Repsol Site\",\"publisher\":{\"@id\":\"https:\\\/\\\/www.boxrepsol.com\\\/es\\\/#organization\"},\"potentialAction\":[{\"@type\":\"SearchAction\",\"target\":{\"@type\":\"EntryPoint\",\"urlTemplate\":\"https:\\\/\\\/www.boxrepsol.com\\\/es\\\/?s={search_term_string}\"},\"query-input\":{\"@type\":\"PropertyValueSpecification\",\"valueRequired\":true,\"valueName\":\"search_term_string\"}}],\"inLanguage\":\"es\"},{\"@type\":\"Organization\",\"@id\":\"https:\\\/\\\/www.boxrepsol.com\\\/es\\\/#organization\",\"name\":\"Box Repsol\",\"url\":\"https:\\\/\\\/www.boxrepsol.com\\\/es\\\/\",\"logo\":{\"@type\":\"ImageObject\",\"inLanguage\":\"es\",\"@id\":\"https:\\\/\\\/www.boxrepsol.com\\\/es\\\/#\\\/schema\\\/logo\\\/image\\\/\",\"url\":\"https:\\\/\\\/bxrepsol.s3.eu-west-1.amazonaws.com\\\/static\\\/2025\\\/07\\\/30083337\\\/favicon-96x96-1.png\",\"contentUrl\":\"https:\\\/\\\/bxrepsol.s3.eu-west-1.amazonaws.com\\\/static\\\/2025\\\/07\\\/30083337\\\/favicon-96x96-1.png\",\"width\":96,\"height\":96,\"caption\":\"Box Repsol\"},\"image\":{\"@id\":\"https:\\\/\\\/www.boxrepsol.com\\\/es\\\/#\\\/schema\\\/logo\\\/image\\\/\"},\"sameAs\":[\"https:\\\/\\\/www.facebook.com\\\/BoxRepsol\",\"https:\\\/\\\/x.com\\\/box_repsol\",\"http:\\\/\\\/instagram.com\\\/box_repsol\",\"https:\\\/\\\/www.youtube.com\\\/user\\\/RepsolCompeticion\",\"https:\\\/\\\/www.flickr.com\\\/photos\\\/box_repsol\\\/\"]},{\"@type\":\"Person\",\"@id\":\"https:\\\/\\\/www.boxrepsol.com\\\/es\\\/#\\\/schema\\\/person\\\/c5c2138f2cca251b0ad92b7086bb60b7\",\"name\":\"Redacci\u00f3n Box Repsol\",\"image\":{\"@type\":\"ImageObject\",\"inLanguage\":\"es\",\"@id\":\"https:\\\/\\\/secure.gravatar.com\\\/avatar\\\/adf7b77e38b4419baf32c7e9c21dde01f4e40df611f0978e3006fc4ba0aaab7e?s=96&d=mm&r=g\",\"url\":\"https:\\\/\\\/secure.gravatar.com\\\/avatar\\\/adf7b77e38b4419baf32c7e9c21dde01f4e40df611f0978e3006fc4ba0aaab7e?s=96&d=mm&r=g\",\"contentUrl\":\"https:\\\/\\\/secure.gravatar.com\\\/avatar\\\/adf7b77e38b4419baf32c7e9c21dde01f4e40df611f0978e3006fc4ba0aaab7e?s=96&d=mm&r=g\",\"caption\":\"Redacci\u00f3n Box Repsol\"},\"description\":\"Box Repsol lo forma un equipo de periodistas, community managers, dise\u00f1adores y fot\u00f3grafos con m\u00e1s de 20 a\u00f1os de experiencia en el mundo del motorsport. Hemos vivido el primer mundial de un espa\u00f1ol en la categor\u00eda reina de motociclismo con \u00c1lex Crivill\u00e9, estuvimos en las victorias de Pedrosa y los t\u00edtulos de M\u00e1rquez, acompa\u00f1amos en \u00c1frica a Nani Roma y Marc Coma en sus conquistas del Dakar y hemos vibrado con los t\u00edtulos de Toni Bou en Trial. Adem\u00e1s, en nuestro equipo contamos con expertos en el mundo de las dos y cuatro ruedas tanto de la calle y las carreteras, como de los circuitos. Periodistas que han trabajado en revistas y publicaciones para hacerte llegar desde rutas y consejos de mantenimiento, a curiosidades y trucos de pilotaje.\",\"sameAs\":[\"https:\\\/\\\/www.facebook.com\\\/BoxRepsol\\\/\",\"https:\\\/\\\/www.instagram.com\\\/box_repsol\\\/\",\"https:\\\/\\\/x.com\\\/https:\\\/\\\/twitter.com\\\/box_repsol\",\"https:\\\/\\\/www.youtube.com\\\/@Boxrepsol\"],\"url\":\"https:\\\/\\\/www.boxrepsol.com\\\/es\\\/author\\\/redaccion-box-repsol\\\/\"}]}<\/script>\n<!-- \/ Yoast SEO plugin. -->","yoast_head_json":{"title":"Todo sobre la autonom\u00eda de las motos el\u00e9ctricas - Box Repsol","description":"Explora la revoluci\u00f3n de las motos el\u00e9ctricas. Descubre todo lo que influye en su autonom\u00eda real y cu\u00e1les son las motos con mayor autonom\u00eda del mercado.","canonical":"https:\/\/www.boxrepsol.com\/es\/tecnologia\/la-autonomia-una-moto-electrica\/","og_locale":"es_ES","og_type":"article","og_title":"Todo sobre la autonom\u00eda de las motos el\u00e9ctricas - Box Repsol","og_description":"Explora la revoluci\u00f3n de las motos el\u00e9ctricas. Descubre todo lo que influye en su autonom\u00eda real y cu\u00e1les son las motos con mayor autonom\u00eda del mercado.","og_url":"https:\/\/www.boxrepsol.com\/es\/tecnologia\/la-autonomia-una-moto-electrica\/","og_site_name":"Box Repsol","article_publisher":"https:\/\/www.facebook.com\/BoxRepsol","article_author":"https:\/\/www.facebook.com\/BoxRepsol\/","article_published_time":"2021-10-13T02:00:00+00:00","article_modified_time":"2024-04-10T09:29:06+00:00","og_image":[{"width":2560,"height":1707,"url":"https:\/\/bxrepsol.s3.eu-west-1.amazonaws.com\/static\/2022\/08\/09140009\/FOTO-5-Honda-pcx-electric-2-1-scaled.jpg","type":"image\/jpeg"}],"author":"Redacci\u00f3n Box Repsol","twitter_card":"summary_large_image","twitter_creator":"@https:\/\/twitter.com\/box_repsol","twitter_site":"@box_repsol","twitter_misc":{"Written by":"Redacci\u00f3n Box Repsol","Est. reading time":"7 minutos"},"schema":{"@context":"https:\/\/schema.org","@graph":[{"@type":"Article","@id":"https:\/\/www.boxrepsol.com\/es\/tecnologia\/la-autonomia-una-moto-electrica\/#article","isPartOf":{"@id":"https:\/\/www.boxrepsol.com\/es\/tecnologia\/la-autonomia-una-moto-electrica\/"},"author":{"name":"Redacci\u00f3n Box Repsol","@id":"https:\/\/www.boxrepsol.com\/es\/#\/schema\/person\/c5c2138f2cca251b0ad92b7086bb60b7"},"headline":"Todo sobre la autonom\u00eda de las motos el\u00e9ctricas","datePublished":"2021-10-13T02:00:00+00:00","dateModified":"2024-04-10T09:29:06+00:00","mainEntityOfPage":{"@id":"https:\/\/www.boxrepsol.com\/es\/tecnologia\/la-autonomia-una-moto-electrica\/"},"wordCount":1459,"commentCount":1,"publisher":{"@id":"https:\/\/www.boxrepsol.com\/es\/#organization"},"image":{"@id":"https:\/\/www.boxrepsol.com\/es\/tecnologia\/la-autonomia-una-moto-electrica\/#primaryimage"},"thumbnailUrl":"https:\/\/bxrepsol.s3.eu-west-1.amazonaws.com\/static\/2022\/08\/09140009\/FOTO-5-Honda-pcx-electric-2-1-scaled.jpg","keywords":["Motor","Novedades"],"articleSection":["Tecnologia"],"inLanguage":"es","potentialAction":[{"@type":"CommentAction","name":"Comment","target":["https:\/\/www.boxrepsol.com\/es\/tecnologia\/la-autonomia-una-moto-electrica\/#respond"]}]},{"@type":"WebPage","@id":"https:\/\/www.boxrepsol.com\/es\/tecnologia\/la-autonomia-una-moto-electrica\/","url":"https:\/\/www.boxrepsol.com\/es\/tecnologia\/la-autonomia-una-moto-electrica\/","name":"Todo sobre la autonom\u00eda de las motos el\u00e9ctricas - Box Repsol","isPartOf":{"@id":"https:\/\/www.boxrepsol.com\/es\/#website"},"primaryImageOfPage":{"@id":"https:\/\/www.boxrepsol.com\/es\/tecnologia\/la-autonomia-una-moto-electrica\/#primaryimage"},"image":{"@id":"https:\/\/www.boxrepsol.com\/es\/tecnologia\/la-autonomia-una-moto-electrica\/#primaryimage"},"thumbnailUrl":"https:\/\/bxrepsol.s3.eu-west-1.amazonaws.com\/static\/2022\/08\/09140009\/FOTO-5-Honda-pcx-electric-2-1-scaled.jpg","datePublished":"2021-10-13T02:00:00+00:00","dateModified":"2024-04-10T09:29:06+00:00","description":"Explora la revoluci\u00f3n de las motos el\u00e9ctricas. Descubre todo lo que influye en su autonom\u00eda real y cu\u00e1les son las motos con mayor autonom\u00eda del mercado.","breadcrumb":{"@id":"https:\/\/www.boxrepsol.com\/es\/tecnologia\/la-autonomia-una-moto-electrica\/#breadcrumb"},"inLanguage":"es","potentialAction":[{"@type":"ReadAction","target":["https:\/\/www.boxrepsol.com\/es\/tecnologia\/la-autonomia-una-moto-electrica\/"]}]},{"@type":"ImageObject","inLanguage":"es","@id":"https:\/\/www.boxrepsol.com\/es\/tecnologia\/la-autonomia-una-moto-electrica\/#primaryimage","url":"https:\/\/bxrepsol.s3.eu-west-1.amazonaws.com\/static\/2022\/08\/09140009\/FOTO-5-Honda-pcx-electric-2-1-scaled.jpg","contentUrl":"https:\/\/bxrepsol.s3.eu-west-1.amazonaws.com\/static\/2022\/08\/09140009\/FOTO-5-Honda-pcx-electric-2-1-scaled.jpg","width":2560,"height":1707,"caption":"PCX Electric"},{"@type":"BreadcrumbList","@id":"https:\/\/www.boxrepsol.com\/es\/tecnologia\/la-autonomia-una-moto-electrica\/#breadcrumb","itemListElement":[{"@type":"ListItem","position":1,"name":"Home","item":"https:\/\/www.boxrepsol.com\/es\/"},{"@type":"ListItem","position":2,"name":"Todo sobre la autonom\u00eda de las motos el\u00e9ctricas"}]},{"@type":"WebSite","@id":"https:\/\/www.boxrepsol.com\/es\/#website","url":"https:\/\/www.boxrepsol.com\/es\/","name":"Box Repsol","description":"Box Repsol Site","publisher":{"@id":"https:\/\/www.boxrepsol.com\/es\/#organization"},"potentialAction":[{"@type":"SearchAction","target":{"@type":"EntryPoint","urlTemplate":"https:\/\/www.boxrepsol.com\/es\/?s={search_term_string}"},"query-input":{"@type":"PropertyValueSpecification","valueRequired":true,"valueName":"search_term_string"}}],"inLanguage":"es"},{"@type":"Organization","@id":"https:\/\/www.boxrepsol.com\/es\/#organization","name":"Box Repsol","url":"https:\/\/www.boxrepsol.com\/es\/","logo":{"@type":"ImageObject","inLanguage":"es","@id":"https:\/\/www.boxrepsol.com\/es\/#\/schema\/logo\/image\/","url":"https:\/\/bxrepsol.s3.eu-west-1.amazonaws.com\/static\/2025\/07\/30083337\/favicon-96x96-1.png","contentUrl":"https:\/\/bxrepsol.s3.eu-west-1.amazonaws.com\/static\/2025\/07\/30083337\/favicon-96x96-1.png","width":96,"height":96,"caption":"Box Repsol"},"image":{"@id":"https:\/\/www.boxrepsol.com\/es\/#\/schema\/logo\/image\/"},"sameAs":["https:\/\/www.facebook.com\/BoxRepsol","https:\/\/x.com\/box_repsol","http:\/\/instagram.com\/box_repsol","https:\/\/www.youtube.com\/user\/RepsolCompeticion","https:\/\/www.flickr.com\/photos\/box_repsol\/"]},{"@type":"Person","@id":"https:\/\/www.boxrepsol.com\/es\/#\/schema\/person\/c5c2138f2cca251b0ad92b7086bb60b7","name":"Redacci\u00f3n Box Repsol","image":{"@type":"ImageObject","inLanguage":"es","@id":"https:\/\/secure.gravatar.com\/avatar\/adf7b77e38b4419baf32c7e9c21dde01f4e40df611f0978e3006fc4ba0aaab7e?s=96&d=mm&r=g","url":"https:\/\/secure.gravatar.com\/avatar\/adf7b77e38b4419baf32c7e9c21dde01f4e40df611f0978e3006fc4ba0aaab7e?s=96&d=mm&r=g","contentUrl":"https:\/\/secure.gravatar.com\/avatar\/adf7b77e38b4419baf32c7e9c21dde01f4e40df611f0978e3006fc4ba0aaab7e?s=96&d=mm&r=g","caption":"Redacci\u00f3n Box Repsol"},"description":"Box Repsol lo forma un equipo de periodistas, community managers, dise\u00f1adores y fot\u00f3grafos con m\u00e1s de 20 a\u00f1os de experiencia en el mundo del motorsport. Hemos vivido el primer mundial de un espa\u00f1ol en la categor\u00eda reina de motociclismo con \u00c1lex Crivill\u00e9, estuvimos en las victorias de Pedrosa y los t\u00edtulos de M\u00e1rquez, acompa\u00f1amos en \u00c1frica a Nani Roma y Marc Coma en sus conquistas del Dakar y hemos vibrado con los t\u00edtulos de Toni Bou en Trial. Adem\u00e1s, en nuestro equipo contamos con expertos en el mundo de las dos y cuatro ruedas tanto de la calle y las carreteras, como de los circuitos. Periodistas que han trabajado en revistas y publicaciones para hacerte llegar desde rutas y consejos de mantenimiento, a curiosidades y trucos de pilotaje.","sameAs":["https:\/\/www.facebook.com\/BoxRepsol\/","https:\/\/www.instagram.com\/box_repsol\/","https:\/\/x.com\/https:\/\/twitter.com\/box_repsol","https:\/\/www.youtube.com\/@Boxrepsol"],"url":"https:\/\/www.boxrepsol.com\/es\/author\/redaccion-box-repsol\/"}]}},"_links":{"self":[{"href":"https:\/\/www.boxrepsol.com\/es\/wp-json\/wp\/v2\/posts\/95124","targetHints":{"allow":["GET"]}}],"collection":[{"href":"https:\/\/www.boxrepsol.com\/es\/wp-json\/wp\/v2\/posts"}],"about":[{"href":"https:\/\/www.boxrepsol.com\/es\/wp-json\/wp\/v2\/types\/post"}],"author":[{"embeddable":true,"href":"https:\/\/www.boxrepsol.com\/es\/wp-json\/wp\/v2\/users\/43146"}],"replies":[{"embeddable":true,"href":"https:\/\/www.boxrepsol.com\/es\/wp-json\/wp\/v2\/comments?post=95124"}],"version-history":[{"count":4,"href":"https:\/\/www.boxrepsol.com\/es\/wp-json\/wp\/v2\/posts\/95124\/revisions"}],"predecessor-version":[{"id":114042,"href":"https:\/\/www.boxrepsol.com\/es\/wp-json\/wp\/v2\/posts\/95124\/revisions\/114042"}],"wp:featuredmedia":[{"embeddable":true,"href":"https:\/\/www.boxrepsol.com\/es\/wp-json\/wp\/v2\/media\/44223"}],"wp:attachment":[{"href":"https:\/\/www.boxrepsol.com\/es\/wp-json\/wp\/v2\/media?parent=95124"}],"wp:term":[{"taxonomy":"category","embeddable":true,"href":"https:\/\/www.boxrepsol.com\/es\/wp-json\/wp\/v2\/categories?post=95124"},{"taxonomy":"post_tag","embeddable":true,"href":"https:\/\/www.boxrepsol.com\/es\/wp-json\/wp\/v2\/tags?post=95124"}],"curies":[{"name":"wp","href":"https:\/\/api.w.org\/{rel}","templated":true}]}}