{"id":95116,"date":"2021-10-02T00:00:00","date_gmt":"2021-10-02T02:00:00","guid":{"rendered":"http:\/\/pre.boxrepsol.com\/sin-categorizar\/primera-linea-para-marc-marquez-en-austin\/"},"modified":"2024-04-11T05:49:04","modified_gmt":"2024-04-11T07:49:04","slug":"primera-linea-para-marc-marquez-en-austin","status":"publish","type":"post","link":"https:\/\/www.boxrepsol.com\/es\/motogp\/primera-linea-para-marc-marquez-en-austin\/","title":{"rendered":"Primera l\u00ednea para Marc M\u00e1rquez en Austin"},"content":{"rendered":"<p>Los entrenamientos clasificatorios del <strong>Gran Premio de Las Am\u00e9ricas<\/strong> se han disputado en condiciones de seco, con los dos pilotos del <strong>equipo Repsol Honda<\/strong> pasando directamente a la Q2 gracias a sus tiempos en la FP3.<\/p>\n<p><strong>Marc M\u00e1rquez<\/strong> ha vuelto a finalizar un entrenamiento clasificatorio entre los tres primeros. El piloto del equipo Repsol Honda est\u00e1 haciendo un buen fin de semana en Austin y despu\u00e9s de haber logrado un mejor tiempo de 2 minutos, 3 segundos y 209 mil\u00e9simas, empezar\u00e1 la carrera de ma\u00f1ana desde la tercera posici\u00f3n de la parrilla.<\/p>\n<p><strong>Pol Espargar\u00f3<\/strong> saldr\u00e1 ma\u00f1ana desde la cuarta l\u00ednea de la parrilla tras haber marcado un mejor tiempo de 2 minutos, 3 segundos y 875 mil\u00e9simas. Con este registro, Pol saldr\u00e1 ma\u00f1ana desde la duod\u00e9cima posici\u00f3n de la parrilla.<\/p>\n<p>Ma\u00f1ana domingo, la carrera de MotoGP del Gran Premio de Las Am\u00e9ricas arrancar\u00e1 a las 21.00 horas (horario CET).<\/p>\n<h3>Declaraciones de los pilotos<\/h3>\n<p><a href=\"https:\/\/twitter.com\/search?q=%23MM93&amp;src=hashtag_click\">#MM93<\/a><\/p>\n<p>\u00abEstoy muy contento con esta primera l\u00ednea porque la clasificaci\u00f3n ha sido uno de mis puntos d\u00e9biles esta temporada. Con el primer neum\u00e1tico me he sentido bien y con el segundo he encontrado algo de tr\u00e1fico. Estaba primero en la clasificaci\u00f3n, as\u00ed que no hab\u00eda muchas razones para presionar en exceso. Es la primera vez en primera fila esta temporada, lo cual es extra\u00f1o decirlo, \u00a1pero as\u00ed es! Con el neum\u00e1tico usado me siento mejor que con el neum\u00e1tico nuevo; nuestro ritmo de carrera es bastante bueno. Intentaremos dar un paso m\u00e1s en el Warm Up y continuar en esta direcci\u00f3n\u00bb.<\/p>\n<p><a href=\"https:\/\/twitter.com\/search?q=%23POL44&amp;src=hashtag_click\">#POL44<\/a><\/p>\n<p>\u00abNuestra primera salida en la clasificaci\u00f3n no ha sido tan mala, s\u00f3lo estaba evaluando la moto despu\u00e9s de nuestra ca\u00edda y la sensaciones eran buenas. En la segunda salida he calculado mal el tiempo que me quedaba y estaba en un grupo con Jack y Marc, as\u00ed que no he tenido la oportunidad de apretar con el \u00faltimo neum\u00e1tico. Desafortunadamente he perdido mi oportunidad en la clasificaci\u00f3n. Todav\u00eda nos falta algo por encontrar en la parte delantera de la moto, pero \u00e9ste no ha sido el problema en la clasificaci\u00f3n. Ma\u00f1ana va a ser una carrera muy larga y f\u00edsica, lo \u00fanico que podemos hacer es agachar la cabeza y aprovechar al m\u00e1ximo lo que suceda. La primera curva tambi\u00e9n ser\u00e1 un punto cr\u00edtico\u00bb.<\/p>\n","protected":false},"excerpt":{"rendered":"<p>El piloto del equipo Repsol Honda, tercero, saldr\u00e1 desde la primera fila por primera vez este a\u00f1o. Pol Espargar\u00f3 arrancar\u00e1 desde la duod\u00e9cima posici\u00f3n<\/p>\n","protected":false},"author":43146,"featured_media":44164,"comment_status":"open","ping_status":"open","sticky":false,"template":"","format":"standard","meta":{"footnotes":""},"categories":[4],"tags":[194,6,155,128],"class_list":["post-95116","post","type-post","status-publish","format-standard","hentry","category-motogp","tag-194","tag-marc-marquez","tag-motogp-americas","tag-pol-espargaro"],"yoast_head":"<!-- This site is optimized with the Yoast SEO plugin v27.3 - https:\/\/yoast.com\/product\/yoast-seo-wordpress\/ -->\n<title>Primera l\u00ednea para Marc M\u00e1rquez en Austin - Box Repsol<\/title>\n<meta name=\"description\" content=\"Primera l\u00ednea para Marc M\u00e1rquez en Austin. Sigue de cerca la emocionante actuaci\u00f3n del piloto espa\u00f1ol en el Gran Premio de las Am\u00e9ricas.\" \/>\n<link rel=\"canonical\" href=\"https:\/\/www.boxrepsol.com\/es\/motogp\/primera-linea-para-marc-marquez-en-austin\/\" \/>\n<meta property=\"og:locale\" content=\"es_ES\" \/>\n<meta property=\"og:type\" content=\"article\" \/>\n<meta property=\"og:title\" content=\"Primera l\u00ednea para Marc M\u00e1rquez en Austin - Box Repsol\" \/>\n<meta property=\"og:description\" content=\"Primera l\u00ednea para Marc M\u00e1rquez en Austin. Sigue de cerca la emocionante actuaci\u00f3n del piloto espa\u00f1ol en el Gran Premio de las Am\u00e9ricas.\" \/>\n<meta property=\"og:url\" content=\"https:\/\/www.boxrepsol.com\/es\/motogp\/primera-linea-para-marc-marquez-en-austin\/\" \/>\n<meta property=\"og:site_name\" content=\"Box Repsol\" \/>\n<meta property=\"article:publisher\" content=\"https:\/\/www.facebook.com\/BoxRepsol\" \/>\n<meta property=\"article:author\" content=\"https:\/\/www.facebook.com\/BoxRepsol\/\" \/>\n<meta property=\"article:published_time\" content=\"2021-10-02T02:00:00+00:00\" \/>\n<meta property=\"article:modified_time\" content=\"2024-04-11T07:49:04+00:00\" \/>\n<meta property=\"og:image\" content=\"https:\/\/bxrepsol.s3.eu-west-1.amazonaws.com\/static\/2022\/08\/09135758\/http___repsolmedia.com_repsolmedia_wp-content_uploads_2021_10_Copy-of-RD15_Austin_Marc_2021-262.jpg\" \/>\n\t<meta property=\"og:image:width\" content=\"1280\" \/>\n\t<meta property=\"og:image:height\" content=\"600\" \/>\n\t<meta property=\"og:image:type\" content=\"image\/jpeg\" \/>\n<meta name=\"author\" content=\"Redacci\u00f3n Box Repsol\" \/>\n<meta name=\"twitter:card\" content=\"summary_large_image\" \/>\n<meta name=\"twitter:creator\" content=\"@https:\/\/twitter.com\/box_repsol\" \/>\n<meta name=\"twitter:site\" content=\"@box_repsol\" \/>\n<meta name=\"twitter:label1\" content=\"Written by\" \/>\n\t<meta name=\"twitter:data1\" content=\"Redacci\u00f3n Box Repsol\" \/>\n\t<meta name=\"twitter:label2\" content=\"Est. reading time\" \/>\n\t<meta name=\"twitter:data2\" content=\"2 minutos\" \/>\n<script type=\"application\/ld+json\" class=\"yoast-schema-graph\">{\"@context\":\"https:\\\/\\\/schema.org\",\"@graph\":[{\"@type\":\"Article\",\"@id\":\"https:\\\/\\\/www.boxrepsol.com\\\/es\\\/motogp\\\/primera-linea-para-marc-marquez-en-austin\\\/#article\",\"isPartOf\":{\"@id\":\"https:\\\/\\\/www.boxrepsol.com\\\/es\\\/motogp\\\/primera-linea-para-marc-marquez-en-austin\\\/\"},\"author\":{\"name\":\"Redacci\u00f3n Box Repsol\",\"@id\":\"https:\\\/\\\/www.boxrepsol.com\\\/es\\\/#\\\/schema\\\/person\\\/c5c2138f2cca251b0ad92b7086bb60b7\"},\"headline\":\"Primera l\u00ednea para Marc M\u00e1rquez en Austin\",\"datePublished\":\"2021-10-02T02:00:00+00:00\",\"dateModified\":\"2024-04-11T07:49:04+00:00\",\"mainEntityOfPage\":{\"@id\":\"https:\\\/\\\/www.boxrepsol.com\\\/es\\\/motogp\\\/primera-linea-para-marc-marquez-en-austin\\\/\"},\"wordCount\":421,\"commentCount\":0,\"publisher\":{\"@id\":\"https:\\\/\\\/www.boxrepsol.com\\\/es\\\/#organization\"},\"image\":{\"@id\":\"https:\\\/\\\/www.boxrepsol.com\\\/es\\\/motogp\\\/primera-linea-para-marc-marquez-en-austin\\\/#primaryimage\"},\"thumbnailUrl\":\"https:\\\/\\\/bxrepsol.s3.eu-west-1.amazonaws.com\\\/static\\\/2022\\\/08\\\/09135758\\\/http___repsolmedia.com_repsolmedia_wp-content_uploads_2021_10_Copy-of-RD15_Austin_Marc_2021-262.jpg\",\"keywords\":[\"2021\",\"Marc M\u00e1rquez\",\"MotoGP Americas\",\"Pol Espargar\u00f3\"],\"articleSection\":[\"MotoGP\"],\"inLanguage\":\"es\",\"potentialAction\":[{\"@type\":\"CommentAction\",\"name\":\"Comment\",\"target\":[\"https:\\\/\\\/www.boxrepsol.com\\\/es\\\/motogp\\\/primera-linea-para-marc-marquez-en-austin\\\/#respond\"]}]},{\"@type\":\"WebPage\",\"@id\":\"https:\\\/\\\/www.boxrepsol.com\\\/es\\\/motogp\\\/primera-linea-para-marc-marquez-en-austin\\\/\",\"url\":\"https:\\\/\\\/www.boxrepsol.com\\\/es\\\/motogp\\\/primera-linea-para-marc-marquez-en-austin\\\/\",\"name\":\"Primera l\u00ednea para Marc M\u00e1rquez en Austin - Box Repsol\",\"isPartOf\":{\"@id\":\"https:\\\/\\\/www.boxrepsol.com\\\/es\\\/#website\"},\"primaryImageOfPage\":{\"@id\":\"https:\\\/\\\/www.boxrepsol.com\\\/es\\\/motogp\\\/primera-linea-para-marc-marquez-en-austin\\\/#primaryimage\"},\"image\":{\"@id\":\"https:\\\/\\\/www.boxrepsol.com\\\/es\\\/motogp\\\/primera-linea-para-marc-marquez-en-austin\\\/#primaryimage\"},\"thumbnailUrl\":\"https:\\\/\\\/bxrepsol.s3.eu-west-1.amazonaws.com\\\/static\\\/2022\\\/08\\\/09135758\\\/http___repsolmedia.com_repsolmedia_wp-content_uploads_2021_10_Copy-of-RD15_Austin_Marc_2021-262.jpg\",\"datePublished\":\"2021-10-02T02:00:00+00:00\",\"dateModified\":\"2024-04-11T07:49:04+00:00\",\"description\":\"Primera l\u00ednea para Marc M\u00e1rquez en Austin. Sigue de cerca la emocionante actuaci\u00f3n del piloto espa\u00f1ol en el Gran Premio de las Am\u00e9ricas.\",\"breadcrumb\":{\"@id\":\"https:\\\/\\\/www.boxrepsol.com\\\/es\\\/motogp\\\/primera-linea-para-marc-marquez-en-austin\\\/#breadcrumb\"},\"inLanguage\":\"es\",\"potentialAction\":[{\"@type\":\"ReadAction\",\"target\":[\"https:\\\/\\\/www.boxrepsol.com\\\/es\\\/motogp\\\/primera-linea-para-marc-marquez-en-austin\\\/\"]}]},{\"@type\":\"ImageObject\",\"inLanguage\":\"es\",\"@id\":\"https:\\\/\\\/www.boxrepsol.com\\\/es\\\/motogp\\\/primera-linea-para-marc-marquez-en-austin\\\/#primaryimage\",\"url\":\"https:\\\/\\\/bxrepsol.s3.eu-west-1.amazonaws.com\\\/static\\\/2022\\\/08\\\/09135758\\\/http___repsolmedia.com_repsolmedia_wp-content_uploads_2021_10_Copy-of-RD15_Austin_Marc_2021-262.jpg\",\"contentUrl\":\"https:\\\/\\\/bxrepsol.s3.eu-west-1.amazonaws.com\\\/static\\\/2022\\\/08\\\/09135758\\\/http___repsolmedia.com_repsolmedia_wp-content_uploads_2021_10_Copy-of-RD15_Austin_Marc_2021-262.jpg\",\"width\":1280,\"height\":600},{\"@type\":\"BreadcrumbList\",\"@id\":\"https:\\\/\\\/www.boxrepsol.com\\\/es\\\/motogp\\\/primera-linea-para-marc-marquez-en-austin\\\/#breadcrumb\",\"itemListElement\":[{\"@type\":\"ListItem\",\"position\":1,\"name\":\"Home\",\"item\":\"https:\\\/\\\/www.boxrepsol.com\\\/es\\\/\"},{\"@type\":\"ListItem\",\"position\":2,\"name\":\"Primera l\u00ednea para Marc M\u00e1rquez en Austin\"}]},{\"@type\":\"WebSite\",\"@id\":\"https:\\\/\\\/www.boxrepsol.com\\\/es\\\/#website\",\"url\":\"https:\\\/\\\/www.boxrepsol.com\\\/es\\\/\",\"name\":\"Box Repsol\",\"description\":\"Box Repsol Site\",\"publisher\":{\"@id\":\"https:\\\/\\\/www.boxrepsol.com\\\/es\\\/#organization\"},\"potentialAction\":[{\"@type\":\"SearchAction\",\"target\":{\"@type\":\"EntryPoint\",\"urlTemplate\":\"https:\\\/\\\/www.boxrepsol.com\\\/es\\\/?s={search_term_string}\"},\"query-input\":{\"@type\":\"PropertyValueSpecification\",\"valueRequired\":true,\"valueName\":\"search_term_string\"}}],\"inLanguage\":\"es\"},{\"@type\":\"Organization\",\"@id\":\"https:\\\/\\\/www.boxrepsol.com\\\/es\\\/#organization\",\"name\":\"Box Repsol\",\"url\":\"https:\\\/\\\/www.boxrepsol.com\\\/es\\\/\",\"logo\":{\"@type\":\"ImageObject\",\"inLanguage\":\"es\",\"@id\":\"https:\\\/\\\/www.boxrepsol.com\\\/es\\\/#\\\/schema\\\/logo\\\/image\\\/\",\"url\":\"https:\\\/\\\/bxrepsol.s3.eu-west-1.amazonaws.com\\\/static\\\/2025\\\/07\\\/30083337\\\/favicon-96x96-1.png\",\"contentUrl\":\"https:\\\/\\\/bxrepsol.s3.eu-west-1.amazonaws.com\\\/static\\\/2025\\\/07\\\/30083337\\\/favicon-96x96-1.png\",\"width\":96,\"height\":96,\"caption\":\"Box Repsol\"},\"image\":{\"@id\":\"https:\\\/\\\/www.boxrepsol.com\\\/es\\\/#\\\/schema\\\/logo\\\/image\\\/\"},\"sameAs\":[\"https:\\\/\\\/www.facebook.com\\\/BoxRepsol\",\"https:\\\/\\\/x.com\\\/box_repsol\",\"http:\\\/\\\/instagram.com\\\/box_repsol\",\"https:\\\/\\\/www.youtube.com\\\/user\\\/RepsolCompeticion\",\"https:\\\/\\\/www.flickr.com\\\/photos\\\/box_repsol\\\/\"]},{\"@type\":\"Person\",\"@id\":\"https:\\\/\\\/www.boxrepsol.com\\\/es\\\/#\\\/schema\\\/person\\\/c5c2138f2cca251b0ad92b7086bb60b7\",\"name\":\"Redacci\u00f3n Box Repsol\",\"image\":{\"@type\":\"ImageObject\",\"inLanguage\":\"es\",\"@id\":\"https:\\\/\\\/secure.gravatar.com\\\/avatar\\\/adf7b77e38b4419baf32c7e9c21dde01f4e40df611f0978e3006fc4ba0aaab7e?s=96&d=mm&r=g\",\"url\":\"https:\\\/\\\/secure.gravatar.com\\\/avatar\\\/adf7b77e38b4419baf32c7e9c21dde01f4e40df611f0978e3006fc4ba0aaab7e?s=96&d=mm&r=g\",\"contentUrl\":\"https:\\\/\\\/secure.gravatar.com\\\/avatar\\\/adf7b77e38b4419baf32c7e9c21dde01f4e40df611f0978e3006fc4ba0aaab7e?s=96&d=mm&r=g\",\"caption\":\"Redacci\u00f3n Box Repsol\"},\"description\":\"Box Repsol lo forma un equipo de periodistas, community managers, dise\u00f1adores y fot\u00f3grafos con m\u00e1s de 20 a\u00f1os de experiencia en el mundo del motorsport. Hemos vivido el primer mundial de un espa\u00f1ol en la categor\u00eda reina de motociclismo con \u00c1lex Crivill\u00e9, estuvimos en las victorias de Pedrosa y los t\u00edtulos de M\u00e1rquez, acompa\u00f1amos en \u00c1frica a Nani Roma y Marc Coma en sus conquistas del Dakar y hemos vibrado con los t\u00edtulos de Toni Bou en Trial. Adem\u00e1s, en nuestro equipo contamos con expertos en el mundo de las dos y cuatro ruedas tanto de la calle y las carreteras, como de los circuitos. Periodistas que han trabajado en revistas y publicaciones para hacerte llegar desde rutas y consejos de mantenimiento, a curiosidades y trucos de pilotaje.\",\"sameAs\":[\"https:\\\/\\\/www.facebook.com\\\/BoxRepsol\\\/\",\"https:\\\/\\\/www.instagram.com\\\/box_repsol\\\/\",\"https:\\\/\\\/x.com\\\/https:\\\/\\\/twitter.com\\\/box_repsol\",\"https:\\\/\\\/www.youtube.com\\\/@Boxrepsol\"],\"url\":\"https:\\\/\\\/www.boxrepsol.com\\\/es\\\/author\\\/redaccion-box-repsol\\\/\"}]}<\/script>\n<!-- \/ Yoast SEO plugin. -->","yoast_head_json":{"title":"Primera l\u00ednea para Marc M\u00e1rquez en Austin - Box Repsol","description":"Primera l\u00ednea para Marc M\u00e1rquez en Austin. Sigue de cerca la emocionante actuaci\u00f3n del piloto espa\u00f1ol en el Gran Premio de las Am\u00e9ricas.","canonical":"https:\/\/www.boxrepsol.com\/es\/motogp\/primera-linea-para-marc-marquez-en-austin\/","og_locale":"es_ES","og_type":"article","og_title":"Primera l\u00ednea para Marc M\u00e1rquez en Austin - Box Repsol","og_description":"Primera l\u00ednea para Marc M\u00e1rquez en Austin. Sigue de cerca la emocionante actuaci\u00f3n del piloto espa\u00f1ol en el Gran Premio de las Am\u00e9ricas.","og_url":"https:\/\/www.boxrepsol.com\/es\/motogp\/primera-linea-para-marc-marquez-en-austin\/","og_site_name":"Box Repsol","article_publisher":"https:\/\/www.facebook.com\/BoxRepsol","article_author":"https:\/\/www.facebook.com\/BoxRepsol\/","article_published_time":"2021-10-02T02:00:00+00:00","article_modified_time":"2024-04-11T07:49:04+00:00","og_image":[{"width":1280,"height":600,"url":"https:\/\/bxrepsol.s3.eu-west-1.amazonaws.com\/static\/2022\/08\/09135758\/http___repsolmedia.com_repsolmedia_wp-content_uploads_2021_10_Copy-of-RD15_Austin_Marc_2021-262.jpg","type":"image\/jpeg"}],"author":"Redacci\u00f3n Box Repsol","twitter_card":"summary_large_image","twitter_creator":"@https:\/\/twitter.com\/box_repsol","twitter_site":"@box_repsol","twitter_misc":{"Written by":"Redacci\u00f3n Box Repsol","Est. reading time":"2 minutos"},"schema":{"@context":"https:\/\/schema.org","@graph":[{"@type":"Article","@id":"https:\/\/www.boxrepsol.com\/es\/motogp\/primera-linea-para-marc-marquez-en-austin\/#article","isPartOf":{"@id":"https:\/\/www.boxrepsol.com\/es\/motogp\/primera-linea-para-marc-marquez-en-austin\/"},"author":{"name":"Redacci\u00f3n Box Repsol","@id":"https:\/\/www.boxrepsol.com\/es\/#\/schema\/person\/c5c2138f2cca251b0ad92b7086bb60b7"},"headline":"Primera l\u00ednea para Marc M\u00e1rquez en Austin","datePublished":"2021-10-02T02:00:00+00:00","dateModified":"2024-04-11T07:49:04+00:00","mainEntityOfPage":{"@id":"https:\/\/www.boxrepsol.com\/es\/motogp\/primera-linea-para-marc-marquez-en-austin\/"},"wordCount":421,"commentCount":0,"publisher":{"@id":"https:\/\/www.boxrepsol.com\/es\/#organization"},"image":{"@id":"https:\/\/www.boxrepsol.com\/es\/motogp\/primera-linea-para-marc-marquez-en-austin\/#primaryimage"},"thumbnailUrl":"https:\/\/bxrepsol.s3.eu-west-1.amazonaws.com\/static\/2022\/08\/09135758\/http___repsolmedia.com_repsolmedia_wp-content_uploads_2021_10_Copy-of-RD15_Austin_Marc_2021-262.jpg","keywords":["2021","Marc M\u00e1rquez","MotoGP Americas","Pol Espargar\u00f3"],"articleSection":["MotoGP"],"inLanguage":"es","potentialAction":[{"@type":"CommentAction","name":"Comment","target":["https:\/\/www.boxrepsol.com\/es\/motogp\/primera-linea-para-marc-marquez-en-austin\/#respond"]}]},{"@type":"WebPage","@id":"https:\/\/www.boxrepsol.com\/es\/motogp\/primera-linea-para-marc-marquez-en-austin\/","url":"https:\/\/www.boxrepsol.com\/es\/motogp\/primera-linea-para-marc-marquez-en-austin\/","name":"Primera l\u00ednea para Marc M\u00e1rquez en Austin - Box Repsol","isPartOf":{"@id":"https:\/\/www.boxrepsol.com\/es\/#website"},"primaryImageOfPage":{"@id":"https:\/\/www.boxrepsol.com\/es\/motogp\/primera-linea-para-marc-marquez-en-austin\/#primaryimage"},"image":{"@id":"https:\/\/www.boxrepsol.com\/es\/motogp\/primera-linea-para-marc-marquez-en-austin\/#primaryimage"},"thumbnailUrl":"https:\/\/bxrepsol.s3.eu-west-1.amazonaws.com\/static\/2022\/08\/09135758\/http___repsolmedia.com_repsolmedia_wp-content_uploads_2021_10_Copy-of-RD15_Austin_Marc_2021-262.jpg","datePublished":"2021-10-02T02:00:00+00:00","dateModified":"2024-04-11T07:49:04+00:00","description":"Primera l\u00ednea para Marc M\u00e1rquez en Austin. Sigue de cerca la emocionante actuaci\u00f3n del piloto espa\u00f1ol en el Gran Premio de las Am\u00e9ricas.","breadcrumb":{"@id":"https:\/\/www.boxrepsol.com\/es\/motogp\/primera-linea-para-marc-marquez-en-austin\/#breadcrumb"},"inLanguage":"es","potentialAction":[{"@type":"ReadAction","target":["https:\/\/www.boxrepsol.com\/es\/motogp\/primera-linea-para-marc-marquez-en-austin\/"]}]},{"@type":"ImageObject","inLanguage":"es","@id":"https:\/\/www.boxrepsol.com\/es\/motogp\/primera-linea-para-marc-marquez-en-austin\/#primaryimage","url":"https:\/\/bxrepsol.s3.eu-west-1.amazonaws.com\/static\/2022\/08\/09135758\/http___repsolmedia.com_repsolmedia_wp-content_uploads_2021_10_Copy-of-RD15_Austin_Marc_2021-262.jpg","contentUrl":"https:\/\/bxrepsol.s3.eu-west-1.amazonaws.com\/static\/2022\/08\/09135758\/http___repsolmedia.com_repsolmedia_wp-content_uploads_2021_10_Copy-of-RD15_Austin_Marc_2021-262.jpg","width":1280,"height":600},{"@type":"BreadcrumbList","@id":"https:\/\/www.boxrepsol.com\/es\/motogp\/primera-linea-para-marc-marquez-en-austin\/#breadcrumb","itemListElement":[{"@type":"ListItem","position":1,"name":"Home","item":"https:\/\/www.boxrepsol.com\/es\/"},{"@type":"ListItem","position":2,"name":"Primera l\u00ednea para Marc M\u00e1rquez en Austin"}]},{"@type":"WebSite","@id":"https:\/\/www.boxrepsol.com\/es\/#website","url":"https:\/\/www.boxrepsol.com\/es\/","name":"Box Repsol","description":"Box Repsol Site","publisher":{"@id":"https:\/\/www.boxrepsol.com\/es\/#organization"},"potentialAction":[{"@type":"SearchAction","target":{"@type":"EntryPoint","urlTemplate":"https:\/\/www.boxrepsol.com\/es\/?s={search_term_string}"},"query-input":{"@type":"PropertyValueSpecification","valueRequired":true,"valueName":"search_term_string"}}],"inLanguage":"es"},{"@type":"Organization","@id":"https:\/\/www.boxrepsol.com\/es\/#organization","name":"Box Repsol","url":"https:\/\/www.boxrepsol.com\/es\/","logo":{"@type":"ImageObject","inLanguage":"es","@id":"https:\/\/www.boxrepsol.com\/es\/#\/schema\/logo\/image\/","url":"https:\/\/bxrepsol.s3.eu-west-1.amazonaws.com\/static\/2025\/07\/30083337\/favicon-96x96-1.png","contentUrl":"https:\/\/bxrepsol.s3.eu-west-1.amazonaws.com\/static\/2025\/07\/30083337\/favicon-96x96-1.png","width":96,"height":96,"caption":"Box Repsol"},"image":{"@id":"https:\/\/www.boxrepsol.com\/es\/#\/schema\/logo\/image\/"},"sameAs":["https:\/\/www.facebook.com\/BoxRepsol","https:\/\/x.com\/box_repsol","http:\/\/instagram.com\/box_repsol","https:\/\/www.youtube.com\/user\/RepsolCompeticion","https:\/\/www.flickr.com\/photos\/box_repsol\/"]},{"@type":"Person","@id":"https:\/\/www.boxrepsol.com\/es\/#\/schema\/person\/c5c2138f2cca251b0ad92b7086bb60b7","name":"Redacci\u00f3n Box Repsol","image":{"@type":"ImageObject","inLanguage":"es","@id":"https:\/\/secure.gravatar.com\/avatar\/adf7b77e38b4419baf32c7e9c21dde01f4e40df611f0978e3006fc4ba0aaab7e?s=96&d=mm&r=g","url":"https:\/\/secure.gravatar.com\/avatar\/adf7b77e38b4419baf32c7e9c21dde01f4e40df611f0978e3006fc4ba0aaab7e?s=96&d=mm&r=g","contentUrl":"https:\/\/secure.gravatar.com\/avatar\/adf7b77e38b4419baf32c7e9c21dde01f4e40df611f0978e3006fc4ba0aaab7e?s=96&d=mm&r=g","caption":"Redacci\u00f3n Box Repsol"},"description":"Box Repsol lo forma un equipo de periodistas, community managers, dise\u00f1adores y fot\u00f3grafos con m\u00e1s de 20 a\u00f1os de experiencia en el mundo del motorsport. Hemos vivido el primer mundial de un espa\u00f1ol en la categor\u00eda reina de motociclismo con \u00c1lex Crivill\u00e9, estuvimos en las victorias de Pedrosa y los t\u00edtulos de M\u00e1rquez, acompa\u00f1amos en \u00c1frica a Nani Roma y Marc Coma en sus conquistas del Dakar y hemos vibrado con los t\u00edtulos de Toni Bou en Trial. Adem\u00e1s, en nuestro equipo contamos con expertos en el mundo de las dos y cuatro ruedas tanto de la calle y las carreteras, como de los circuitos. Periodistas que han trabajado en revistas y publicaciones para hacerte llegar desde rutas y consejos de mantenimiento, a curiosidades y trucos de pilotaje.","sameAs":["https:\/\/www.facebook.com\/BoxRepsol\/","https:\/\/www.instagram.com\/box_repsol\/","https:\/\/x.com\/https:\/\/twitter.com\/box_repsol","https:\/\/www.youtube.com\/@Boxrepsol"],"url":"https:\/\/www.boxrepsol.com\/es\/author\/redaccion-box-repsol\/"}]}},"_links":{"self":[{"href":"https:\/\/www.boxrepsol.com\/es\/wp-json\/wp\/v2\/posts\/95116","targetHints":{"allow":["GET"]}}],"collection":[{"href":"https:\/\/www.boxrepsol.com\/es\/wp-json\/wp\/v2\/posts"}],"about":[{"href":"https:\/\/www.boxrepsol.com\/es\/wp-json\/wp\/v2\/types\/post"}],"author":[{"embeddable":true,"href":"https:\/\/www.boxrepsol.com\/es\/wp-json\/wp\/v2\/users\/43146"}],"replies":[{"embeddable":true,"href":"https:\/\/www.boxrepsol.com\/es\/wp-json\/wp\/v2\/comments?post=95116"}],"version-history":[{"count":1,"href":"https:\/\/www.boxrepsol.com\/es\/wp-json\/wp\/v2\/posts\/95116\/revisions"}],"predecessor-version":[{"id":109453,"href":"https:\/\/www.boxrepsol.com\/es\/wp-json\/wp\/v2\/posts\/95116\/revisions\/109453"}],"wp:featuredmedia":[{"embeddable":true,"href":"https:\/\/www.boxrepsol.com\/es\/wp-json\/wp\/v2\/media\/44164"}],"wp:attachment":[{"href":"https:\/\/www.boxrepsol.com\/es\/wp-json\/wp\/v2\/media?parent=95116"}],"wp:term":[{"taxonomy":"category","embeddable":true,"href":"https:\/\/www.boxrepsol.com\/es\/wp-json\/wp\/v2\/categories?post=95116"},{"taxonomy":"post_tag","embeddable":true,"href":"https:\/\/www.boxrepsol.com\/es\/wp-json\/wp\/v2\/tags?post=95116"}],"curies":[{"name":"wp","href":"https:\/\/api.w.org\/{rel}","templated":true}]}}