{"id":95110,"date":"2021-09-24T00:00:00","date_gmt":"2021-09-24T02:00:00","guid":{"rendered":"http:\/\/pre.boxrepsol.com\/sin-categorizar\/equipo-repsol-honda-toma-liderato-brillante-adriaan_26\/"},"modified":"2024-04-11T05:50:11","modified_gmt":"2024-04-11T07:50:11","slug":"equipo-repsol-honda-toma-liderato-brillante-adriaan_26","status":"publish","type":"post","link":"https:\/\/www.boxrepsol.com\/es\/motogp\/equipo-repsol-honda-toma-liderato-brillante-adriaan_26\/","title":{"rendered":"El equipo Repsol Honda toma el liderato con un brillante Adriaan_26"},"content":{"rendered":"<p>La pen\u00faltima ronda del <strong>Mundial de eSport MotoGP<\/strong> 2021 vivi\u00f3 tres enfrentamientos clave para el t\u00edtulo que elevaron la intensidad de las carreras y las luchas por la victoria en las dos pruebas disputadas en el trazado de Phillip Island y en el Misano World Circuit Marco Simoncelli. <strong>Adriaan_26<\/strong> exhibi\u00f3 su habilidad y experiencia en ambas carreras con el <strong>equipo Repsol Honda<\/strong> para presentar su candidatura a la defensa del t\u00edtulo.<\/p>\n<p>Desde el tercer puesto de la parrilla en Australia, Adriaan_26 hizo una buena salida con la RC213V para defender su posici\u00f3n durante las primeras curvas. Mientras avanzaban las vueltas, estaba claro que el \u00fanico rival de Adri\u00e1n en esta carrera ser\u00eda AndrewZH, ya que los dos se escaparon del resto. Todo se decidi\u00f3 en este enfrentamiento entre el piloto del equipo Repsol Honda y la Ducati de AndrewZH, imponi\u00e9ndose el poder de la Honda virtual y consiguiendo Adri\u00e1n la victoria por s\u00f3lo una mil\u00e9sima, en un cl\u00e1sico final de <strong>Phillip Island<\/strong>.<\/p>\n<p>En Misano, Adriaan_26 situ\u00f3 su moto del equipo Repsol Honda en la pole position con Trastevere73 y AndrewZH justo detr\u00e1s de \u00e9l. Una consistente salida situ\u00f3 a Adri\u00e1n en segunda posici\u00f3n mientras Trastevere73 intentaba escaparse. En las siguientes vueltas, Adri\u00e1n se esforz\u00f3 al m\u00e1ximo para recortar distancias con el piloto de Yamaha. Finalmente consigui\u00f3 la segunda posici\u00f3n -a 668 mil\u00e9simas del primero- y una gran cantidad de puntos.<\/p>\n<p>Con una victoria y un segundo puesto en su bolsillo, Adriaan_26 alcanza el liderato del Mundial de eSport MotoGP cuando s\u00f3lo queda una ronda para terminar la temporada 2021. Mantener su extraordinaria consistencia ser\u00e1 el principal objetivo de Adri\u00e1n en las dos carreras finales mientras lucha por defender su corona en eSport.<\/p>\n<p>La ronda final del campeonato tendr\u00e1 lugar el 12 de noviembre en el Circuito Ricardo Tormo junto con la cita final del Mundial de MotoGP.<\/p>\n<h2>Declaraciones del piloto<\/h2>\n<h3>Adri\u00e1n Montenegro<\/h3>\n<p><em>\u00abHa sido una gran ronda para nosotros, estoy muy contento por mis resultados en ambas carreras y por liderar el campeonato. En las dos pruebas AndrewZH y Trastevere73 me han hecho trabajar duro, y especialmente la carrera en Phillip Island con Andrew ha sido muy divertida sin decidirse hasta la l\u00ednea de meta. Quiero dar las gracias al equipo Repsol Honda por su apoyo; estamos al frente del campeonato y con una ronda para acabar, s\u00e9 qu\u00e9 tenemos que hacer\u00bb.<\/em><\/p>\n","protected":false},"excerpt":{"rendered":"<p>Una victoria y un segundo sit\u00faan a Adriaan_26 y al equipo Repsol Honda al frente de la general del campeonato, cuando queda una ronda para el final de la temporada<\/p>\n","protected":false},"author":43146,"featured_media":44118,"comment_status":"open","ping_status":"open","sticky":false,"template":"","format":"standard","meta":{"footnotes":""},"categories":[4],"tags":[194,126],"class_list":["post-95110","post","type-post","status-publish","format-standard","hentry","category-motogp","tag-194","tag-carrera-y-competicion"],"yoast_head":"<!-- This site is optimized with the Yoast SEO plugin v27.3 - https:\/\/yoast.com\/product\/yoast-seo-wordpress\/ -->\n<title>El equipo Repsol Honda toma el liderato con un brillante Adriaan_26 - Box Repsol<\/title>\n<meta name=\"description\" content=\"Sigue la emocionante carrera del equipo Repsol Honda en esta competici\u00f3n de ESports. Descubre c\u00f3mo Adriaan_26 logr\u00f3 esta haza\u00f1a.\" \/>\n<link rel=\"canonical\" href=\"https:\/\/www.boxrepsol.com\/es\/motogp\/equipo-repsol-honda-toma-liderato-brillante-adriaan_26\/\" \/>\n<meta property=\"og:locale\" content=\"es_ES\" \/>\n<meta property=\"og:type\" content=\"article\" \/>\n<meta property=\"og:title\" content=\"El equipo Repsol Honda toma el liderato con un brillante Adriaan_26 - Box Repsol\" \/>\n<meta property=\"og:description\" content=\"Sigue la emocionante carrera del equipo Repsol Honda en esta competici\u00f3n de ESports. Descubre c\u00f3mo Adriaan_26 logr\u00f3 esta haza\u00f1a.\" \/>\n<meta property=\"og:url\" content=\"https:\/\/www.boxrepsol.com\/es\/motogp\/equipo-repsol-honda-toma-liderato-brillante-adriaan_26\/\" \/>\n<meta property=\"og:site_name\" content=\"Box Repsol\" \/>\n<meta property=\"article:publisher\" content=\"https:\/\/www.facebook.com\/BoxRepsol\" \/>\n<meta property=\"article:author\" content=\"https:\/\/www.facebook.com\/BoxRepsol\/\" \/>\n<meta property=\"article:published_time\" content=\"2021-09-24T02:00:00+00:00\" \/>\n<meta property=\"article:modified_time\" content=\"2024-04-11T07:50:11+00:00\" \/>\n<meta property=\"og:image\" content=\"https:\/\/bxrepsol.s3.eu-west-1.amazonaws.com\/static\/2022\/08\/09135531\/http___repsolmedia.com_repsolmedia_wp-content_uploads_2021_09_2021_PGM_GS3_AUS_P1_ADRIAN_1.jpg\" \/>\n\t<meta property=\"og:image:width\" content=\"1920\" \/>\n\t<meta property=\"og:image:height\" content=\"1080\" \/>\n\t<meta property=\"og:image:type\" content=\"image\/jpeg\" \/>\n<meta name=\"author\" content=\"Redacci\u00f3n Box Repsol\" \/>\n<meta name=\"twitter:card\" content=\"summary_large_image\" \/>\n<meta name=\"twitter:creator\" content=\"@https:\/\/twitter.com\/box_repsol\" \/>\n<meta name=\"twitter:site\" content=\"@box_repsol\" \/>\n<meta name=\"twitter:label1\" content=\"Written by\" \/>\n\t<meta name=\"twitter:data1\" content=\"Redacci\u00f3n Box Repsol\" \/>\n\t<meta name=\"twitter:label2\" content=\"Est. reading time\" \/>\n\t<meta name=\"twitter:data2\" content=\"2 minutos\" \/>\n<script type=\"application\/ld+json\" class=\"yoast-schema-graph\">{\"@context\":\"https:\\\/\\\/schema.org\",\"@graph\":[{\"@type\":\"Article\",\"@id\":\"https:\\\/\\\/www.boxrepsol.com\\\/es\\\/motogp\\\/equipo-repsol-honda-toma-liderato-brillante-adriaan_26\\\/#article\",\"isPartOf\":{\"@id\":\"https:\\\/\\\/www.boxrepsol.com\\\/es\\\/motogp\\\/equipo-repsol-honda-toma-liderato-brillante-adriaan_26\\\/\"},\"author\":{\"name\":\"Redacci\u00f3n Box Repsol\",\"@id\":\"https:\\\/\\\/www.boxrepsol.com\\\/es\\\/#\\\/schema\\\/person\\\/c5c2138f2cca251b0ad92b7086bb60b7\"},\"headline\":\"El equipo Repsol Honda toma el liderato con un brillante Adriaan_26\",\"datePublished\":\"2021-09-24T02:00:00+00:00\",\"dateModified\":\"2024-04-11T07:50:11+00:00\",\"mainEntityOfPage\":{\"@id\":\"https:\\\/\\\/www.boxrepsol.com\\\/es\\\/motogp\\\/equipo-repsol-honda-toma-liderato-brillante-adriaan_26\\\/\"},\"wordCount\":422,\"commentCount\":0,\"publisher\":{\"@id\":\"https:\\\/\\\/www.boxrepsol.com\\\/es\\\/#organization\"},\"image\":{\"@id\":\"https:\\\/\\\/www.boxrepsol.com\\\/es\\\/motogp\\\/equipo-repsol-honda-toma-liderato-brillante-adriaan_26\\\/#primaryimage\"},\"thumbnailUrl\":\"https:\\\/\\\/bxrepsol.s3.eu-west-1.amazonaws.com\\\/static\\\/2022\\\/08\\\/09135531\\\/http___repsolmedia.com_repsolmedia_wp-content_uploads_2021_09_2021_PGM_GS3_AUS_P1_ADRIAN_1.jpg\",\"keywords\":[\"2021\",\"carrera y competici\u00f3n\"],\"articleSection\":[\"MotoGP\"],\"inLanguage\":\"es\",\"potentialAction\":[{\"@type\":\"CommentAction\",\"name\":\"Comment\",\"target\":[\"https:\\\/\\\/www.boxrepsol.com\\\/es\\\/motogp\\\/equipo-repsol-honda-toma-liderato-brillante-adriaan_26\\\/#respond\"]}]},{\"@type\":\"WebPage\",\"@id\":\"https:\\\/\\\/www.boxrepsol.com\\\/es\\\/motogp\\\/equipo-repsol-honda-toma-liderato-brillante-adriaan_26\\\/\",\"url\":\"https:\\\/\\\/www.boxrepsol.com\\\/es\\\/motogp\\\/equipo-repsol-honda-toma-liderato-brillante-adriaan_26\\\/\",\"name\":\"El equipo Repsol Honda toma el liderato con un brillante Adriaan_26 - Box Repsol\",\"isPartOf\":{\"@id\":\"https:\\\/\\\/www.boxrepsol.com\\\/es\\\/#website\"},\"primaryImageOfPage\":{\"@id\":\"https:\\\/\\\/www.boxrepsol.com\\\/es\\\/motogp\\\/equipo-repsol-honda-toma-liderato-brillante-adriaan_26\\\/#primaryimage\"},\"image\":{\"@id\":\"https:\\\/\\\/www.boxrepsol.com\\\/es\\\/motogp\\\/equipo-repsol-honda-toma-liderato-brillante-adriaan_26\\\/#primaryimage\"},\"thumbnailUrl\":\"https:\\\/\\\/bxrepsol.s3.eu-west-1.amazonaws.com\\\/static\\\/2022\\\/08\\\/09135531\\\/http___repsolmedia.com_repsolmedia_wp-content_uploads_2021_09_2021_PGM_GS3_AUS_P1_ADRIAN_1.jpg\",\"datePublished\":\"2021-09-24T02:00:00+00:00\",\"dateModified\":\"2024-04-11T07:50:11+00:00\",\"description\":\"Sigue la emocionante carrera del equipo Repsol Honda en esta competici\u00f3n de ESports. Descubre c\u00f3mo Adriaan_26 logr\u00f3 esta haza\u00f1a.\",\"breadcrumb\":{\"@id\":\"https:\\\/\\\/www.boxrepsol.com\\\/es\\\/motogp\\\/equipo-repsol-honda-toma-liderato-brillante-adriaan_26\\\/#breadcrumb\"},\"inLanguage\":\"es\",\"potentialAction\":[{\"@type\":\"ReadAction\",\"target\":[\"https:\\\/\\\/www.boxrepsol.com\\\/es\\\/motogp\\\/equipo-repsol-honda-toma-liderato-brillante-adriaan_26\\\/\"]}]},{\"@type\":\"ImageObject\",\"inLanguage\":\"es\",\"@id\":\"https:\\\/\\\/www.boxrepsol.com\\\/es\\\/motogp\\\/equipo-repsol-honda-toma-liderato-brillante-adriaan_26\\\/#primaryimage\",\"url\":\"https:\\\/\\\/bxrepsol.s3.eu-west-1.amazonaws.com\\\/static\\\/2022\\\/08\\\/09135531\\\/http___repsolmedia.com_repsolmedia_wp-content_uploads_2021_09_2021_PGM_GS3_AUS_P1_ADRIAN_1.jpg\",\"contentUrl\":\"https:\\\/\\\/bxrepsol.s3.eu-west-1.amazonaws.com\\\/static\\\/2022\\\/08\\\/09135531\\\/http___repsolmedia.com_repsolmedia_wp-content_uploads_2021_09_2021_PGM_GS3_AUS_P1_ADRIAN_1.jpg\",\"width\":1920,\"height\":1080},{\"@type\":\"BreadcrumbList\",\"@id\":\"https:\\\/\\\/www.boxrepsol.com\\\/es\\\/motogp\\\/equipo-repsol-honda-toma-liderato-brillante-adriaan_26\\\/#breadcrumb\",\"itemListElement\":[{\"@type\":\"ListItem\",\"position\":1,\"name\":\"Home\",\"item\":\"https:\\\/\\\/www.boxrepsol.com\\\/es\\\/\"},{\"@type\":\"ListItem\",\"position\":2,\"name\":\"El equipo Repsol Honda toma el liderato con un brillante Adriaan_26\"}]},{\"@type\":\"WebSite\",\"@id\":\"https:\\\/\\\/www.boxrepsol.com\\\/es\\\/#website\",\"url\":\"https:\\\/\\\/www.boxrepsol.com\\\/es\\\/\",\"name\":\"Box Repsol\",\"description\":\"Box Repsol Site\",\"publisher\":{\"@id\":\"https:\\\/\\\/www.boxrepsol.com\\\/es\\\/#organization\"},\"potentialAction\":[{\"@type\":\"SearchAction\",\"target\":{\"@type\":\"EntryPoint\",\"urlTemplate\":\"https:\\\/\\\/www.boxrepsol.com\\\/es\\\/?s={search_term_string}\"},\"query-input\":{\"@type\":\"PropertyValueSpecification\",\"valueRequired\":true,\"valueName\":\"search_term_string\"}}],\"inLanguage\":\"es\"},{\"@type\":\"Organization\",\"@id\":\"https:\\\/\\\/www.boxrepsol.com\\\/es\\\/#organization\",\"name\":\"Box Repsol\",\"url\":\"https:\\\/\\\/www.boxrepsol.com\\\/es\\\/\",\"logo\":{\"@type\":\"ImageObject\",\"inLanguage\":\"es\",\"@id\":\"https:\\\/\\\/www.boxrepsol.com\\\/es\\\/#\\\/schema\\\/logo\\\/image\\\/\",\"url\":\"https:\\\/\\\/bxrepsol.s3.eu-west-1.amazonaws.com\\\/static\\\/2025\\\/07\\\/30083337\\\/favicon-96x96-1.png\",\"contentUrl\":\"https:\\\/\\\/bxrepsol.s3.eu-west-1.amazonaws.com\\\/static\\\/2025\\\/07\\\/30083337\\\/favicon-96x96-1.png\",\"width\":96,\"height\":96,\"caption\":\"Box Repsol\"},\"image\":{\"@id\":\"https:\\\/\\\/www.boxrepsol.com\\\/es\\\/#\\\/schema\\\/logo\\\/image\\\/\"},\"sameAs\":[\"https:\\\/\\\/www.facebook.com\\\/BoxRepsol\",\"https:\\\/\\\/x.com\\\/box_repsol\",\"http:\\\/\\\/instagram.com\\\/box_repsol\",\"https:\\\/\\\/www.youtube.com\\\/user\\\/RepsolCompeticion\",\"https:\\\/\\\/www.flickr.com\\\/photos\\\/box_repsol\\\/\"]},{\"@type\":\"Person\",\"@id\":\"https:\\\/\\\/www.boxrepsol.com\\\/es\\\/#\\\/schema\\\/person\\\/c5c2138f2cca251b0ad92b7086bb60b7\",\"name\":\"Redacci\u00f3n Box Repsol\",\"image\":{\"@type\":\"ImageObject\",\"inLanguage\":\"es\",\"@id\":\"https:\\\/\\\/secure.gravatar.com\\\/avatar\\\/adf7b77e38b4419baf32c7e9c21dde01f4e40df611f0978e3006fc4ba0aaab7e?s=96&d=mm&r=g\",\"url\":\"https:\\\/\\\/secure.gravatar.com\\\/avatar\\\/adf7b77e38b4419baf32c7e9c21dde01f4e40df611f0978e3006fc4ba0aaab7e?s=96&d=mm&r=g\",\"contentUrl\":\"https:\\\/\\\/secure.gravatar.com\\\/avatar\\\/adf7b77e38b4419baf32c7e9c21dde01f4e40df611f0978e3006fc4ba0aaab7e?s=96&d=mm&r=g\",\"caption\":\"Redacci\u00f3n Box Repsol\"},\"description\":\"Box Repsol lo forma un equipo de periodistas, community managers, dise\u00f1adores y fot\u00f3grafos con m\u00e1s de 20 a\u00f1os de experiencia en el mundo del motorsport. Hemos vivido el primer mundial de un espa\u00f1ol en la categor\u00eda reina de motociclismo con \u00c1lex Crivill\u00e9, estuvimos en las victorias de Pedrosa y los t\u00edtulos de M\u00e1rquez, acompa\u00f1amos en \u00c1frica a Nani Roma y Marc Coma en sus conquistas del Dakar y hemos vibrado con los t\u00edtulos de Toni Bou en Trial. Adem\u00e1s, en nuestro equipo contamos con expertos en el mundo de las dos y cuatro ruedas tanto de la calle y las carreteras, como de los circuitos. Periodistas que han trabajado en revistas y publicaciones para hacerte llegar desde rutas y consejos de mantenimiento, a curiosidades y trucos de pilotaje.\",\"sameAs\":[\"https:\\\/\\\/www.facebook.com\\\/BoxRepsol\\\/\",\"https:\\\/\\\/www.instagram.com\\\/box_repsol\\\/\",\"https:\\\/\\\/x.com\\\/https:\\\/\\\/twitter.com\\\/box_repsol\",\"https:\\\/\\\/www.youtube.com\\\/@Boxrepsol\"],\"url\":\"https:\\\/\\\/www.boxrepsol.com\\\/es\\\/author\\\/redaccion-box-repsol\\\/\"}]}<\/script>\n<!-- \/ Yoast SEO plugin. -->","yoast_head_json":{"title":"El equipo Repsol Honda toma el liderato con un brillante Adriaan_26 - Box Repsol","description":"Sigue la emocionante carrera del equipo Repsol Honda en esta competici\u00f3n de ESports. Descubre c\u00f3mo Adriaan_26 logr\u00f3 esta haza\u00f1a.","canonical":"https:\/\/www.boxrepsol.com\/es\/motogp\/equipo-repsol-honda-toma-liderato-brillante-adriaan_26\/","og_locale":"es_ES","og_type":"article","og_title":"El equipo Repsol Honda toma el liderato con un brillante Adriaan_26 - Box Repsol","og_description":"Sigue la emocionante carrera del equipo Repsol Honda en esta competici\u00f3n de ESports. Descubre c\u00f3mo Adriaan_26 logr\u00f3 esta haza\u00f1a.","og_url":"https:\/\/www.boxrepsol.com\/es\/motogp\/equipo-repsol-honda-toma-liderato-brillante-adriaan_26\/","og_site_name":"Box Repsol","article_publisher":"https:\/\/www.facebook.com\/BoxRepsol","article_author":"https:\/\/www.facebook.com\/BoxRepsol\/","article_published_time":"2021-09-24T02:00:00+00:00","article_modified_time":"2024-04-11T07:50:11+00:00","og_image":[{"width":1920,"height":1080,"url":"https:\/\/bxrepsol.s3.eu-west-1.amazonaws.com\/static\/2022\/08\/09135531\/http___repsolmedia.com_repsolmedia_wp-content_uploads_2021_09_2021_PGM_GS3_AUS_P1_ADRIAN_1.jpg","type":"image\/jpeg"}],"author":"Redacci\u00f3n Box Repsol","twitter_card":"summary_large_image","twitter_creator":"@https:\/\/twitter.com\/box_repsol","twitter_site":"@box_repsol","twitter_misc":{"Written by":"Redacci\u00f3n Box Repsol","Est. reading time":"2 minutos"},"schema":{"@context":"https:\/\/schema.org","@graph":[{"@type":"Article","@id":"https:\/\/www.boxrepsol.com\/es\/motogp\/equipo-repsol-honda-toma-liderato-brillante-adriaan_26\/#article","isPartOf":{"@id":"https:\/\/www.boxrepsol.com\/es\/motogp\/equipo-repsol-honda-toma-liderato-brillante-adriaan_26\/"},"author":{"name":"Redacci\u00f3n Box Repsol","@id":"https:\/\/www.boxrepsol.com\/es\/#\/schema\/person\/c5c2138f2cca251b0ad92b7086bb60b7"},"headline":"El equipo Repsol Honda toma el liderato con un brillante Adriaan_26","datePublished":"2021-09-24T02:00:00+00:00","dateModified":"2024-04-11T07:50:11+00:00","mainEntityOfPage":{"@id":"https:\/\/www.boxrepsol.com\/es\/motogp\/equipo-repsol-honda-toma-liderato-brillante-adriaan_26\/"},"wordCount":422,"commentCount":0,"publisher":{"@id":"https:\/\/www.boxrepsol.com\/es\/#organization"},"image":{"@id":"https:\/\/www.boxrepsol.com\/es\/motogp\/equipo-repsol-honda-toma-liderato-brillante-adriaan_26\/#primaryimage"},"thumbnailUrl":"https:\/\/bxrepsol.s3.eu-west-1.amazonaws.com\/static\/2022\/08\/09135531\/http___repsolmedia.com_repsolmedia_wp-content_uploads_2021_09_2021_PGM_GS3_AUS_P1_ADRIAN_1.jpg","keywords":["2021","carrera y competici\u00f3n"],"articleSection":["MotoGP"],"inLanguage":"es","potentialAction":[{"@type":"CommentAction","name":"Comment","target":["https:\/\/www.boxrepsol.com\/es\/motogp\/equipo-repsol-honda-toma-liderato-brillante-adriaan_26\/#respond"]}]},{"@type":"WebPage","@id":"https:\/\/www.boxrepsol.com\/es\/motogp\/equipo-repsol-honda-toma-liderato-brillante-adriaan_26\/","url":"https:\/\/www.boxrepsol.com\/es\/motogp\/equipo-repsol-honda-toma-liderato-brillante-adriaan_26\/","name":"El equipo Repsol Honda toma el liderato con un brillante Adriaan_26 - Box Repsol","isPartOf":{"@id":"https:\/\/www.boxrepsol.com\/es\/#website"},"primaryImageOfPage":{"@id":"https:\/\/www.boxrepsol.com\/es\/motogp\/equipo-repsol-honda-toma-liderato-brillante-adriaan_26\/#primaryimage"},"image":{"@id":"https:\/\/www.boxrepsol.com\/es\/motogp\/equipo-repsol-honda-toma-liderato-brillante-adriaan_26\/#primaryimage"},"thumbnailUrl":"https:\/\/bxrepsol.s3.eu-west-1.amazonaws.com\/static\/2022\/08\/09135531\/http___repsolmedia.com_repsolmedia_wp-content_uploads_2021_09_2021_PGM_GS3_AUS_P1_ADRIAN_1.jpg","datePublished":"2021-09-24T02:00:00+00:00","dateModified":"2024-04-11T07:50:11+00:00","description":"Sigue la emocionante carrera del equipo Repsol Honda en esta competici\u00f3n de ESports. Descubre c\u00f3mo Adriaan_26 logr\u00f3 esta haza\u00f1a.","breadcrumb":{"@id":"https:\/\/www.boxrepsol.com\/es\/motogp\/equipo-repsol-honda-toma-liderato-brillante-adriaan_26\/#breadcrumb"},"inLanguage":"es","potentialAction":[{"@type":"ReadAction","target":["https:\/\/www.boxrepsol.com\/es\/motogp\/equipo-repsol-honda-toma-liderato-brillante-adriaan_26\/"]}]},{"@type":"ImageObject","inLanguage":"es","@id":"https:\/\/www.boxrepsol.com\/es\/motogp\/equipo-repsol-honda-toma-liderato-brillante-adriaan_26\/#primaryimage","url":"https:\/\/bxrepsol.s3.eu-west-1.amazonaws.com\/static\/2022\/08\/09135531\/http___repsolmedia.com_repsolmedia_wp-content_uploads_2021_09_2021_PGM_GS3_AUS_P1_ADRIAN_1.jpg","contentUrl":"https:\/\/bxrepsol.s3.eu-west-1.amazonaws.com\/static\/2022\/08\/09135531\/http___repsolmedia.com_repsolmedia_wp-content_uploads_2021_09_2021_PGM_GS3_AUS_P1_ADRIAN_1.jpg","width":1920,"height":1080},{"@type":"BreadcrumbList","@id":"https:\/\/www.boxrepsol.com\/es\/motogp\/equipo-repsol-honda-toma-liderato-brillante-adriaan_26\/#breadcrumb","itemListElement":[{"@type":"ListItem","position":1,"name":"Home","item":"https:\/\/www.boxrepsol.com\/es\/"},{"@type":"ListItem","position":2,"name":"El equipo Repsol Honda toma el liderato con un brillante Adriaan_26"}]},{"@type":"WebSite","@id":"https:\/\/www.boxrepsol.com\/es\/#website","url":"https:\/\/www.boxrepsol.com\/es\/","name":"Box Repsol","description":"Box Repsol Site","publisher":{"@id":"https:\/\/www.boxrepsol.com\/es\/#organization"},"potentialAction":[{"@type":"SearchAction","target":{"@type":"EntryPoint","urlTemplate":"https:\/\/www.boxrepsol.com\/es\/?s={search_term_string}"},"query-input":{"@type":"PropertyValueSpecification","valueRequired":true,"valueName":"search_term_string"}}],"inLanguage":"es"},{"@type":"Organization","@id":"https:\/\/www.boxrepsol.com\/es\/#organization","name":"Box Repsol","url":"https:\/\/www.boxrepsol.com\/es\/","logo":{"@type":"ImageObject","inLanguage":"es","@id":"https:\/\/www.boxrepsol.com\/es\/#\/schema\/logo\/image\/","url":"https:\/\/bxrepsol.s3.eu-west-1.amazonaws.com\/static\/2025\/07\/30083337\/favicon-96x96-1.png","contentUrl":"https:\/\/bxrepsol.s3.eu-west-1.amazonaws.com\/static\/2025\/07\/30083337\/favicon-96x96-1.png","width":96,"height":96,"caption":"Box Repsol"},"image":{"@id":"https:\/\/www.boxrepsol.com\/es\/#\/schema\/logo\/image\/"},"sameAs":["https:\/\/www.facebook.com\/BoxRepsol","https:\/\/x.com\/box_repsol","http:\/\/instagram.com\/box_repsol","https:\/\/www.youtube.com\/user\/RepsolCompeticion","https:\/\/www.flickr.com\/photos\/box_repsol\/"]},{"@type":"Person","@id":"https:\/\/www.boxrepsol.com\/es\/#\/schema\/person\/c5c2138f2cca251b0ad92b7086bb60b7","name":"Redacci\u00f3n Box Repsol","image":{"@type":"ImageObject","inLanguage":"es","@id":"https:\/\/secure.gravatar.com\/avatar\/adf7b77e38b4419baf32c7e9c21dde01f4e40df611f0978e3006fc4ba0aaab7e?s=96&d=mm&r=g","url":"https:\/\/secure.gravatar.com\/avatar\/adf7b77e38b4419baf32c7e9c21dde01f4e40df611f0978e3006fc4ba0aaab7e?s=96&d=mm&r=g","contentUrl":"https:\/\/secure.gravatar.com\/avatar\/adf7b77e38b4419baf32c7e9c21dde01f4e40df611f0978e3006fc4ba0aaab7e?s=96&d=mm&r=g","caption":"Redacci\u00f3n Box Repsol"},"description":"Box Repsol lo forma un equipo de periodistas, community managers, dise\u00f1adores y fot\u00f3grafos con m\u00e1s de 20 a\u00f1os de experiencia en el mundo del motorsport. Hemos vivido el primer mundial de un espa\u00f1ol en la categor\u00eda reina de motociclismo con \u00c1lex Crivill\u00e9, estuvimos en las victorias de Pedrosa y los t\u00edtulos de M\u00e1rquez, acompa\u00f1amos en \u00c1frica a Nani Roma y Marc Coma en sus conquistas del Dakar y hemos vibrado con los t\u00edtulos de Toni Bou en Trial. Adem\u00e1s, en nuestro equipo contamos con expertos en el mundo de las dos y cuatro ruedas tanto de la calle y las carreteras, como de los circuitos. Periodistas que han trabajado en revistas y publicaciones para hacerte llegar desde rutas y consejos de mantenimiento, a curiosidades y trucos de pilotaje.","sameAs":["https:\/\/www.facebook.com\/BoxRepsol\/","https:\/\/www.instagram.com\/box_repsol\/","https:\/\/x.com\/https:\/\/twitter.com\/box_repsol","https:\/\/www.youtube.com\/@Boxrepsol"],"url":"https:\/\/www.boxrepsol.com\/es\/author\/redaccion-box-repsol\/"}]}},"_links":{"self":[{"href":"https:\/\/www.boxrepsol.com\/es\/wp-json\/wp\/v2\/posts\/95110","targetHints":{"allow":["GET"]}}],"collection":[{"href":"https:\/\/www.boxrepsol.com\/es\/wp-json\/wp\/v2\/posts"}],"about":[{"href":"https:\/\/www.boxrepsol.com\/es\/wp-json\/wp\/v2\/types\/post"}],"author":[{"embeddable":true,"href":"https:\/\/www.boxrepsol.com\/es\/wp-json\/wp\/v2\/users\/43146"}],"replies":[{"embeddable":true,"href":"https:\/\/www.boxrepsol.com\/es\/wp-json\/wp\/v2\/comments?post=95110"}],"version-history":[{"count":1,"href":"https:\/\/www.boxrepsol.com\/es\/wp-json\/wp\/v2\/posts\/95110\/revisions"}],"predecessor-version":[{"id":109228,"href":"https:\/\/www.boxrepsol.com\/es\/wp-json\/wp\/v2\/posts\/95110\/revisions\/109228"}],"wp:featuredmedia":[{"embeddable":true,"href":"https:\/\/www.boxrepsol.com\/es\/wp-json\/wp\/v2\/media\/44118"}],"wp:attachment":[{"href":"https:\/\/www.boxrepsol.com\/es\/wp-json\/wp\/v2\/media?parent=95110"}],"wp:term":[{"taxonomy":"category","embeddable":true,"href":"https:\/\/www.boxrepsol.com\/es\/wp-json\/wp\/v2\/categories?post=95110"},{"taxonomy":"post_tag","embeddable":true,"href":"https:\/\/www.boxrepsol.com\/es\/wp-json\/wp\/v2\/tags?post=95110"}],"curies":[{"name":"wp","href":"https:\/\/api.w.org\/{rel}","templated":true}]}}