{"id":95107,"date":"2021-09-21T00:00:00","date_gmt":"2021-09-21T02:00:00","guid":{"rendered":"http:\/\/pre.boxrepsol.com\/sin-categorizar\/primer-dia-de-test-para-el-equipo-repsol-honda-en-misano\/"},"modified":"2024-04-11T05:51:02","modified_gmt":"2024-04-11T07:51:02","slug":"primer-dia-de-test-para-el-equipo-repsol-honda-en-misano","status":"publish","type":"post","link":"https:\/\/www.boxrepsol.com\/es\/motogp\/primer-dia-de-test-para-el-equipo-repsol-honda-en-misano\/","title":{"rendered":"Primer d\u00eda de test para el equipo Repsol Honda en Misano"},"content":{"rendered":"<p><strong>Marc M\u00e1rquez<\/strong> y <strong>Pol<\/strong> <strong>Espargar\u00f3<\/strong> han salido a pista a las 14:00 hora local despu\u00e9s de la pausa para comer, cuando el cielo de <strong>Misano<\/strong> se ha despejado. Los dos pilotos han aprovechado al m\u00e1ximo el tiempo de pista disponible y han completado 112 vueltas entre los dos.<\/p>\n<p>Espargar\u00f3 ha pasado el primer d\u00eda de test trabajando en su estilo de pilotaje y probando varias piezas para la <strong>Honda RC213V<\/strong>. El piloto del equipo <strong>Repsol Honda<\/strong> ha dado un total de 65 vueltas, registrando un mejor tiempo de 1 minuto, 31 segundos y 631 mil\u00e9simas que le ha permitido colocarse segundo en la general y a 0.107 mil\u00e9simas detr\u00e1s de Bagnaia, que ha liderado la jornada de entrenamientos. Pol ha sido 0.3 mil\u00e9simas m\u00e1s r\u00e1pido que el tiempo que registr\u00f3 en la Q2 del pasado s\u00e1bado.<\/p>\n<p>Su compa\u00f1ero de equipo, Marc M\u00e1rquez, tambi\u00e9n ha tenido un d\u00eda productivo en sus 47 vueltas al circuito de Misano. Despu\u00e9s de terminar cuarto en la carrera del domingo, el piloto del equipo <strong>Repsol Honda<\/strong> ha trabajado en su plan de pruebas y ha logrado finalizar la jornada con un mejor tiempo de 1 minuto, 32 segundos y 448 mil\u00e9simas. M\u00e1rquez se ha quedado a 0.8 mil\u00e9simas de Pol Espargar\u00f3 y a 0.924 mil\u00e9simas del mejor tiempo de Bagnaia.<\/p>\n<p>Ambos pilotos, junto con Stefan Bradl, tambi\u00e9n han evaluado las posibles opciones de desarrollo para el futuro. M\u00e1rquez y Espargar\u00f3 volver\u00e1n ma\u00f1ana al circuito para el segundo y \u00faltimo d\u00eda de test en Misano antes de viajar a <strong>Austin<\/strong>.<\/p>\n<h3>Declaraciones de los pilotos<\/h3>\n<p><a href=\"https:\/\/twitter.com\/search?q=%23MM93&amp;src=hashtag_click\">#MM93<\/a><\/p>\n<p>\u00abHoy hemos probado una moto con algunos componentes nuevos y ha sido muy interesante, hab\u00eda mucho trabajo por hacer. Estoy contento con lo que hemos hecho, pero todav\u00eda queda mucho. Ha habido algunos aspectos positivos y negativos de lo que hemos probado, pero necesitamos m\u00e1s tiempo para entenderlo todo y hoy hemos ido con cuidado de no apretar demasiado y tomar riesgos. Ma\u00f1ana seguiremos probando\u00bb.<\/p>\n<p><a href=\"https:\/\/twitter.com\/search?q=%23POL44&amp;src=hashtag_click\">#POL44<\/a><\/p>\n<p>\u00abEstoy muy contento de c\u00f3mo ha ido hoy en general. Hemos mejorado nuestro tiempo de la Q2, y he sido uno de los pocos pilotos que lo ha hecho hoy. La mejora m\u00e1s importante de hoy ha sido nuestro ritmo de carrera, much\u00edsimo mejor que durante el fin de semana. Hemos trabajado mucho en las ideas que ten\u00edamos durante las carreras, pero que no ten\u00edamos tiempo de probar durante el fin de semana. A veces, cuando intentas este tipo de cosas durante un GP, puedes perder el rumbo, por lo que en un test es el momento de probarlas\u00bb.<\/p>\n","protected":false},"excerpt":{"rendered":"<p>La lluvia durante la noche y los chaparrones breves a lo largo de la ma\u00f1ana han obligado a que el test de Misano empezara tarde. Pol Espargar\u00f3 ha sido el \u00fanico piloto del equipo Repsol Honda que ha salido a pista antes de la pausa para comer pero s\u00f3lo ha completado dos vueltas<\/p>\n","protected":false},"author":43146,"featured_media":44097,"comment_status":"open","ping_status":"open","sticky":false,"template":"","format":"standard","meta":{"footnotes":""},"categories":[4],"tags":[194,6,128],"class_list":["post-95107","post","type-post","status-publish","format-standard","hentry","category-motogp","tag-194","tag-marc-marquez","tag-pol-espargaro"],"yoast_head":"<!-- This site is optimized with the Yoast SEO plugin v27.3 - https:\/\/yoast.com\/product\/yoast-seo-wordpress\/ -->\n<title>Primer d\u00eda de test para el equipo Repsol Honda en Misano - Box Repsol<\/title>\n<link rel=\"canonical\" href=\"https:\/\/www.boxrepsol.com\/es\/motogp\/primer-dia-de-test-para-el-equipo-repsol-honda-en-misano\/\" \/>\n<meta property=\"og:locale\" content=\"es_ES\" \/>\n<meta property=\"og:type\" content=\"article\" \/>\n<meta property=\"og:title\" content=\"Primer d\u00eda de test para el equipo Repsol Honda en Misano - Box Repsol\" \/>\n<meta property=\"og:description\" content=\"La lluvia durante la noche y los chaparrones breves a lo largo de la ma\u00f1ana han obligado a que el test de Misano empezara tarde. Pol Espargar\u00f3 ha sido el \u00fanico piloto del equipo Repsol Honda que ha salido a pista antes de la pausa para comer pero s\u00f3lo ha completado dos vueltas\" \/>\n<meta property=\"og:url\" content=\"https:\/\/www.boxrepsol.com\/es\/motogp\/primer-dia-de-test-para-el-equipo-repsol-honda-en-misano\/\" \/>\n<meta property=\"og:site_name\" content=\"Box Repsol\" \/>\n<meta property=\"article:publisher\" content=\"https:\/\/www.facebook.com\/BoxRepsol\" \/>\n<meta property=\"article:author\" content=\"https:\/\/www.facebook.com\/BoxRepsol\/\" \/>\n<meta property=\"article:published_time\" content=\"2021-09-21T02:00:00+00:00\" \/>\n<meta property=\"article:modified_time\" content=\"2024-04-11T07:51:02+00:00\" \/>\n<meta property=\"og:image\" content=\"https:\/\/bxrepsol.s3.eu-west-1.amazonaws.com\/static\/2022\/08\/09135439\/http___repsolmedia.com_repsolmedia_wp-content_uploads_2021_09_RD14.5_MisanoTest_Espargaro_2021-05910-1.jpg\" \/>\n\t<meta property=\"og:image:width\" content=\"2500\" \/>\n\t<meta property=\"og:image:height\" content=\"1667\" \/>\n\t<meta property=\"og:image:type\" content=\"image\/jpeg\" \/>\n<meta name=\"author\" content=\"Redacci\u00f3n Box Repsol\" \/>\n<meta name=\"twitter:card\" content=\"summary_large_image\" \/>\n<meta name=\"twitter:creator\" content=\"@https:\/\/twitter.com\/box_repsol\" \/>\n<meta name=\"twitter:site\" content=\"@box_repsol\" \/>\n<meta name=\"twitter:label1\" content=\"Written by\" \/>\n\t<meta name=\"twitter:data1\" content=\"Redacci\u00f3n Box Repsol\" \/>\n\t<meta name=\"twitter:label2\" content=\"Est. reading time\" \/>\n\t<meta name=\"twitter:data2\" content=\"2 minutos\" \/>\n<script type=\"application\/ld+json\" class=\"yoast-schema-graph\">{\"@context\":\"https:\\\/\\\/schema.org\",\"@graph\":[{\"@type\":\"Article\",\"@id\":\"https:\\\/\\\/www.boxrepsol.com\\\/es\\\/motogp\\\/primer-dia-de-test-para-el-equipo-repsol-honda-en-misano\\\/#article\",\"isPartOf\":{\"@id\":\"https:\\\/\\\/www.boxrepsol.com\\\/es\\\/motogp\\\/primer-dia-de-test-para-el-equipo-repsol-honda-en-misano\\\/\"},\"author\":{\"name\":\"Redacci\u00f3n Box Repsol\",\"@id\":\"https:\\\/\\\/www.boxrepsol.com\\\/es\\\/#\\\/schema\\\/person\\\/c5c2138f2cca251b0ad92b7086bb60b7\"},\"headline\":\"Primer d\u00eda de test para el equipo Repsol Honda en Misano\",\"datePublished\":\"2021-09-21T02:00:00+00:00\",\"dateModified\":\"2024-04-11T07:51:02+00:00\",\"mainEntityOfPage\":{\"@id\":\"https:\\\/\\\/www.boxrepsol.com\\\/es\\\/motogp\\\/primer-dia-de-test-para-el-equipo-repsol-honda-en-misano\\\/\"},\"wordCount\":457,\"commentCount\":0,\"publisher\":{\"@id\":\"https:\\\/\\\/www.boxrepsol.com\\\/es\\\/#organization\"},\"image\":{\"@id\":\"https:\\\/\\\/www.boxrepsol.com\\\/es\\\/motogp\\\/primer-dia-de-test-para-el-equipo-repsol-honda-en-misano\\\/#primaryimage\"},\"thumbnailUrl\":\"https:\\\/\\\/bxrepsol.s3.eu-west-1.amazonaws.com\\\/static\\\/2022\\\/08\\\/09135439\\\/http___repsolmedia.com_repsolmedia_wp-content_uploads_2021_09_RD14.5_MisanoTest_Espargaro_2021-05910-1.jpg\",\"keywords\":[\"2021\",\"Marc M\u00e1rquez\",\"Pol Espargar\u00f3\"],\"articleSection\":[\"MotoGP\"],\"inLanguage\":\"es\",\"potentialAction\":[{\"@type\":\"CommentAction\",\"name\":\"Comment\",\"target\":[\"https:\\\/\\\/www.boxrepsol.com\\\/es\\\/motogp\\\/primer-dia-de-test-para-el-equipo-repsol-honda-en-misano\\\/#respond\"]}]},{\"@type\":\"WebPage\",\"@id\":\"https:\\\/\\\/www.boxrepsol.com\\\/es\\\/motogp\\\/primer-dia-de-test-para-el-equipo-repsol-honda-en-misano\\\/\",\"url\":\"https:\\\/\\\/www.boxrepsol.com\\\/es\\\/motogp\\\/primer-dia-de-test-para-el-equipo-repsol-honda-en-misano\\\/\",\"name\":\"Primer d\u00eda de test para el equipo Repsol Honda en Misano - Box Repsol\",\"isPartOf\":{\"@id\":\"https:\\\/\\\/www.boxrepsol.com\\\/es\\\/#website\"},\"primaryImageOfPage\":{\"@id\":\"https:\\\/\\\/www.boxrepsol.com\\\/es\\\/motogp\\\/primer-dia-de-test-para-el-equipo-repsol-honda-en-misano\\\/#primaryimage\"},\"image\":{\"@id\":\"https:\\\/\\\/www.boxrepsol.com\\\/es\\\/motogp\\\/primer-dia-de-test-para-el-equipo-repsol-honda-en-misano\\\/#primaryimage\"},\"thumbnailUrl\":\"https:\\\/\\\/bxrepsol.s3.eu-west-1.amazonaws.com\\\/static\\\/2022\\\/08\\\/09135439\\\/http___repsolmedia.com_repsolmedia_wp-content_uploads_2021_09_RD14.5_MisanoTest_Espargaro_2021-05910-1.jpg\",\"datePublished\":\"2021-09-21T02:00:00+00:00\",\"dateModified\":\"2024-04-11T07:51:02+00:00\",\"breadcrumb\":{\"@id\":\"https:\\\/\\\/www.boxrepsol.com\\\/es\\\/motogp\\\/primer-dia-de-test-para-el-equipo-repsol-honda-en-misano\\\/#breadcrumb\"},\"inLanguage\":\"es\",\"potentialAction\":[{\"@type\":\"ReadAction\",\"target\":[\"https:\\\/\\\/www.boxrepsol.com\\\/es\\\/motogp\\\/primer-dia-de-test-para-el-equipo-repsol-honda-en-misano\\\/\"]}]},{\"@type\":\"ImageObject\",\"inLanguage\":\"es\",\"@id\":\"https:\\\/\\\/www.boxrepsol.com\\\/es\\\/motogp\\\/primer-dia-de-test-para-el-equipo-repsol-honda-en-misano\\\/#primaryimage\",\"url\":\"https:\\\/\\\/bxrepsol.s3.eu-west-1.amazonaws.com\\\/static\\\/2022\\\/08\\\/09135439\\\/http___repsolmedia.com_repsolmedia_wp-content_uploads_2021_09_RD14.5_MisanoTest_Espargaro_2021-05910-1.jpg\",\"contentUrl\":\"https:\\\/\\\/bxrepsol.s3.eu-west-1.amazonaws.com\\\/static\\\/2022\\\/08\\\/09135439\\\/http___repsolmedia.com_repsolmedia_wp-content_uploads_2021_09_RD14.5_MisanoTest_Espargaro_2021-05910-1.jpg\",\"width\":2500,\"height\":1667},{\"@type\":\"BreadcrumbList\",\"@id\":\"https:\\\/\\\/www.boxrepsol.com\\\/es\\\/motogp\\\/primer-dia-de-test-para-el-equipo-repsol-honda-en-misano\\\/#breadcrumb\",\"itemListElement\":[{\"@type\":\"ListItem\",\"position\":1,\"name\":\"Home\",\"item\":\"https:\\\/\\\/www.boxrepsol.com\\\/es\\\/\"},{\"@type\":\"ListItem\",\"position\":2,\"name\":\"Primer d\u00eda de test para el equipo Repsol Honda en Misano\"}]},{\"@type\":\"WebSite\",\"@id\":\"https:\\\/\\\/www.boxrepsol.com\\\/es\\\/#website\",\"url\":\"https:\\\/\\\/www.boxrepsol.com\\\/es\\\/\",\"name\":\"Box Repsol\",\"description\":\"Box Repsol Site\",\"publisher\":{\"@id\":\"https:\\\/\\\/www.boxrepsol.com\\\/es\\\/#organization\"},\"potentialAction\":[{\"@type\":\"SearchAction\",\"target\":{\"@type\":\"EntryPoint\",\"urlTemplate\":\"https:\\\/\\\/www.boxrepsol.com\\\/es\\\/?s={search_term_string}\"},\"query-input\":{\"@type\":\"PropertyValueSpecification\",\"valueRequired\":true,\"valueName\":\"search_term_string\"}}],\"inLanguage\":\"es\"},{\"@type\":\"Organization\",\"@id\":\"https:\\\/\\\/www.boxrepsol.com\\\/es\\\/#organization\",\"name\":\"Box Repsol\",\"url\":\"https:\\\/\\\/www.boxrepsol.com\\\/es\\\/\",\"logo\":{\"@type\":\"ImageObject\",\"inLanguage\":\"es\",\"@id\":\"https:\\\/\\\/www.boxrepsol.com\\\/es\\\/#\\\/schema\\\/logo\\\/image\\\/\",\"url\":\"https:\\\/\\\/bxrepsol.s3.eu-west-1.amazonaws.com\\\/static\\\/2025\\\/07\\\/30083337\\\/favicon-96x96-1.png\",\"contentUrl\":\"https:\\\/\\\/bxrepsol.s3.eu-west-1.amazonaws.com\\\/static\\\/2025\\\/07\\\/30083337\\\/favicon-96x96-1.png\",\"width\":96,\"height\":96,\"caption\":\"Box Repsol\"},\"image\":{\"@id\":\"https:\\\/\\\/www.boxrepsol.com\\\/es\\\/#\\\/schema\\\/logo\\\/image\\\/\"},\"sameAs\":[\"https:\\\/\\\/www.facebook.com\\\/BoxRepsol\",\"https:\\\/\\\/x.com\\\/box_repsol\",\"http:\\\/\\\/instagram.com\\\/box_repsol\",\"https:\\\/\\\/www.youtube.com\\\/user\\\/RepsolCompeticion\",\"https:\\\/\\\/www.flickr.com\\\/photos\\\/box_repsol\\\/\"]},{\"@type\":\"Person\",\"@id\":\"https:\\\/\\\/www.boxrepsol.com\\\/es\\\/#\\\/schema\\\/person\\\/c5c2138f2cca251b0ad92b7086bb60b7\",\"name\":\"Redacci\u00f3n Box Repsol\",\"image\":{\"@type\":\"ImageObject\",\"inLanguage\":\"es\",\"@id\":\"https:\\\/\\\/secure.gravatar.com\\\/avatar\\\/adf7b77e38b4419baf32c7e9c21dde01f4e40df611f0978e3006fc4ba0aaab7e?s=96&d=mm&r=g\",\"url\":\"https:\\\/\\\/secure.gravatar.com\\\/avatar\\\/adf7b77e38b4419baf32c7e9c21dde01f4e40df611f0978e3006fc4ba0aaab7e?s=96&d=mm&r=g\",\"contentUrl\":\"https:\\\/\\\/secure.gravatar.com\\\/avatar\\\/adf7b77e38b4419baf32c7e9c21dde01f4e40df611f0978e3006fc4ba0aaab7e?s=96&d=mm&r=g\",\"caption\":\"Redacci\u00f3n Box Repsol\"},\"description\":\"Box Repsol lo forma un equipo de periodistas, community managers, dise\u00f1adores y fot\u00f3grafos con m\u00e1s de 20 a\u00f1os de experiencia en el mundo del motorsport. Hemos vivido el primer mundial de un espa\u00f1ol en la categor\u00eda reina de motociclismo con \u00c1lex Crivill\u00e9, estuvimos en las victorias de Pedrosa y los t\u00edtulos de M\u00e1rquez, acompa\u00f1amos en \u00c1frica a Nani Roma y Marc Coma en sus conquistas del Dakar y hemos vibrado con los t\u00edtulos de Toni Bou en Trial. Adem\u00e1s, en nuestro equipo contamos con expertos en el mundo de las dos y cuatro ruedas tanto de la calle y las carreteras, como de los circuitos. Periodistas que han trabajado en revistas y publicaciones para hacerte llegar desde rutas y consejos de mantenimiento, a curiosidades y trucos de pilotaje.\",\"sameAs\":[\"https:\\\/\\\/www.facebook.com\\\/BoxRepsol\\\/\",\"https:\\\/\\\/www.instagram.com\\\/box_repsol\\\/\",\"https:\\\/\\\/x.com\\\/https:\\\/\\\/twitter.com\\\/box_repsol\",\"https:\\\/\\\/www.youtube.com\\\/@Boxrepsol\"],\"url\":\"https:\\\/\\\/www.boxrepsol.com\\\/es\\\/author\\\/redaccion-box-repsol\\\/\"}]}<\/script>\n<!-- \/ Yoast SEO plugin. -->","yoast_head_json":{"title":"Primer d\u00eda de test para el equipo Repsol Honda en Misano - Box Repsol","canonical":"https:\/\/www.boxrepsol.com\/es\/motogp\/primer-dia-de-test-para-el-equipo-repsol-honda-en-misano\/","og_locale":"es_ES","og_type":"article","og_title":"Primer d\u00eda de test para el equipo Repsol Honda en Misano - Box Repsol","og_description":"La lluvia durante la noche y los chaparrones breves a lo largo de la ma\u00f1ana han obligado a que el test de Misano empezara tarde. Pol Espargar\u00f3 ha sido el \u00fanico piloto del equipo Repsol Honda que ha salido a pista antes de la pausa para comer pero s\u00f3lo ha completado dos vueltas","og_url":"https:\/\/www.boxrepsol.com\/es\/motogp\/primer-dia-de-test-para-el-equipo-repsol-honda-en-misano\/","og_site_name":"Box Repsol","article_publisher":"https:\/\/www.facebook.com\/BoxRepsol","article_author":"https:\/\/www.facebook.com\/BoxRepsol\/","article_published_time":"2021-09-21T02:00:00+00:00","article_modified_time":"2024-04-11T07:51:02+00:00","og_image":[{"width":2500,"height":1667,"url":"https:\/\/bxrepsol.s3.eu-west-1.amazonaws.com\/static\/2022\/08\/09135439\/http___repsolmedia.com_repsolmedia_wp-content_uploads_2021_09_RD14.5_MisanoTest_Espargaro_2021-05910-1.jpg","type":"image\/jpeg"}],"author":"Redacci\u00f3n Box Repsol","twitter_card":"summary_large_image","twitter_creator":"@https:\/\/twitter.com\/box_repsol","twitter_site":"@box_repsol","twitter_misc":{"Written by":"Redacci\u00f3n Box Repsol","Est. reading time":"2 minutos"},"schema":{"@context":"https:\/\/schema.org","@graph":[{"@type":"Article","@id":"https:\/\/www.boxrepsol.com\/es\/motogp\/primer-dia-de-test-para-el-equipo-repsol-honda-en-misano\/#article","isPartOf":{"@id":"https:\/\/www.boxrepsol.com\/es\/motogp\/primer-dia-de-test-para-el-equipo-repsol-honda-en-misano\/"},"author":{"name":"Redacci\u00f3n Box Repsol","@id":"https:\/\/www.boxrepsol.com\/es\/#\/schema\/person\/c5c2138f2cca251b0ad92b7086bb60b7"},"headline":"Primer d\u00eda de test para el equipo Repsol Honda en Misano","datePublished":"2021-09-21T02:00:00+00:00","dateModified":"2024-04-11T07:51:02+00:00","mainEntityOfPage":{"@id":"https:\/\/www.boxrepsol.com\/es\/motogp\/primer-dia-de-test-para-el-equipo-repsol-honda-en-misano\/"},"wordCount":457,"commentCount":0,"publisher":{"@id":"https:\/\/www.boxrepsol.com\/es\/#organization"},"image":{"@id":"https:\/\/www.boxrepsol.com\/es\/motogp\/primer-dia-de-test-para-el-equipo-repsol-honda-en-misano\/#primaryimage"},"thumbnailUrl":"https:\/\/bxrepsol.s3.eu-west-1.amazonaws.com\/static\/2022\/08\/09135439\/http___repsolmedia.com_repsolmedia_wp-content_uploads_2021_09_RD14.5_MisanoTest_Espargaro_2021-05910-1.jpg","keywords":["2021","Marc M\u00e1rquez","Pol Espargar\u00f3"],"articleSection":["MotoGP"],"inLanguage":"es","potentialAction":[{"@type":"CommentAction","name":"Comment","target":["https:\/\/www.boxrepsol.com\/es\/motogp\/primer-dia-de-test-para-el-equipo-repsol-honda-en-misano\/#respond"]}]},{"@type":"WebPage","@id":"https:\/\/www.boxrepsol.com\/es\/motogp\/primer-dia-de-test-para-el-equipo-repsol-honda-en-misano\/","url":"https:\/\/www.boxrepsol.com\/es\/motogp\/primer-dia-de-test-para-el-equipo-repsol-honda-en-misano\/","name":"Primer d\u00eda de test para el equipo Repsol Honda en Misano - Box Repsol","isPartOf":{"@id":"https:\/\/www.boxrepsol.com\/es\/#website"},"primaryImageOfPage":{"@id":"https:\/\/www.boxrepsol.com\/es\/motogp\/primer-dia-de-test-para-el-equipo-repsol-honda-en-misano\/#primaryimage"},"image":{"@id":"https:\/\/www.boxrepsol.com\/es\/motogp\/primer-dia-de-test-para-el-equipo-repsol-honda-en-misano\/#primaryimage"},"thumbnailUrl":"https:\/\/bxrepsol.s3.eu-west-1.amazonaws.com\/static\/2022\/08\/09135439\/http___repsolmedia.com_repsolmedia_wp-content_uploads_2021_09_RD14.5_MisanoTest_Espargaro_2021-05910-1.jpg","datePublished":"2021-09-21T02:00:00+00:00","dateModified":"2024-04-11T07:51:02+00:00","breadcrumb":{"@id":"https:\/\/www.boxrepsol.com\/es\/motogp\/primer-dia-de-test-para-el-equipo-repsol-honda-en-misano\/#breadcrumb"},"inLanguage":"es","potentialAction":[{"@type":"ReadAction","target":["https:\/\/www.boxrepsol.com\/es\/motogp\/primer-dia-de-test-para-el-equipo-repsol-honda-en-misano\/"]}]},{"@type":"ImageObject","inLanguage":"es","@id":"https:\/\/www.boxrepsol.com\/es\/motogp\/primer-dia-de-test-para-el-equipo-repsol-honda-en-misano\/#primaryimage","url":"https:\/\/bxrepsol.s3.eu-west-1.amazonaws.com\/static\/2022\/08\/09135439\/http___repsolmedia.com_repsolmedia_wp-content_uploads_2021_09_RD14.5_MisanoTest_Espargaro_2021-05910-1.jpg","contentUrl":"https:\/\/bxrepsol.s3.eu-west-1.amazonaws.com\/static\/2022\/08\/09135439\/http___repsolmedia.com_repsolmedia_wp-content_uploads_2021_09_RD14.5_MisanoTest_Espargaro_2021-05910-1.jpg","width":2500,"height":1667},{"@type":"BreadcrumbList","@id":"https:\/\/www.boxrepsol.com\/es\/motogp\/primer-dia-de-test-para-el-equipo-repsol-honda-en-misano\/#breadcrumb","itemListElement":[{"@type":"ListItem","position":1,"name":"Home","item":"https:\/\/www.boxrepsol.com\/es\/"},{"@type":"ListItem","position":2,"name":"Primer d\u00eda de test para el equipo Repsol Honda en Misano"}]},{"@type":"WebSite","@id":"https:\/\/www.boxrepsol.com\/es\/#website","url":"https:\/\/www.boxrepsol.com\/es\/","name":"Box Repsol","description":"Box Repsol Site","publisher":{"@id":"https:\/\/www.boxrepsol.com\/es\/#organization"},"potentialAction":[{"@type":"SearchAction","target":{"@type":"EntryPoint","urlTemplate":"https:\/\/www.boxrepsol.com\/es\/?s={search_term_string}"},"query-input":{"@type":"PropertyValueSpecification","valueRequired":true,"valueName":"search_term_string"}}],"inLanguage":"es"},{"@type":"Organization","@id":"https:\/\/www.boxrepsol.com\/es\/#organization","name":"Box Repsol","url":"https:\/\/www.boxrepsol.com\/es\/","logo":{"@type":"ImageObject","inLanguage":"es","@id":"https:\/\/www.boxrepsol.com\/es\/#\/schema\/logo\/image\/","url":"https:\/\/bxrepsol.s3.eu-west-1.amazonaws.com\/static\/2025\/07\/30083337\/favicon-96x96-1.png","contentUrl":"https:\/\/bxrepsol.s3.eu-west-1.amazonaws.com\/static\/2025\/07\/30083337\/favicon-96x96-1.png","width":96,"height":96,"caption":"Box Repsol"},"image":{"@id":"https:\/\/www.boxrepsol.com\/es\/#\/schema\/logo\/image\/"},"sameAs":["https:\/\/www.facebook.com\/BoxRepsol","https:\/\/x.com\/box_repsol","http:\/\/instagram.com\/box_repsol","https:\/\/www.youtube.com\/user\/RepsolCompeticion","https:\/\/www.flickr.com\/photos\/box_repsol\/"]},{"@type":"Person","@id":"https:\/\/www.boxrepsol.com\/es\/#\/schema\/person\/c5c2138f2cca251b0ad92b7086bb60b7","name":"Redacci\u00f3n Box Repsol","image":{"@type":"ImageObject","inLanguage":"es","@id":"https:\/\/secure.gravatar.com\/avatar\/adf7b77e38b4419baf32c7e9c21dde01f4e40df611f0978e3006fc4ba0aaab7e?s=96&d=mm&r=g","url":"https:\/\/secure.gravatar.com\/avatar\/adf7b77e38b4419baf32c7e9c21dde01f4e40df611f0978e3006fc4ba0aaab7e?s=96&d=mm&r=g","contentUrl":"https:\/\/secure.gravatar.com\/avatar\/adf7b77e38b4419baf32c7e9c21dde01f4e40df611f0978e3006fc4ba0aaab7e?s=96&d=mm&r=g","caption":"Redacci\u00f3n Box Repsol"},"description":"Box Repsol lo forma un equipo de periodistas, community managers, dise\u00f1adores y fot\u00f3grafos con m\u00e1s de 20 a\u00f1os de experiencia en el mundo del motorsport. Hemos vivido el primer mundial de un espa\u00f1ol en la categor\u00eda reina de motociclismo con \u00c1lex Crivill\u00e9, estuvimos en las victorias de Pedrosa y los t\u00edtulos de M\u00e1rquez, acompa\u00f1amos en \u00c1frica a Nani Roma y Marc Coma en sus conquistas del Dakar y hemos vibrado con los t\u00edtulos de Toni Bou en Trial. Adem\u00e1s, en nuestro equipo contamos con expertos en el mundo de las dos y cuatro ruedas tanto de la calle y las carreteras, como de los circuitos. Periodistas que han trabajado en revistas y publicaciones para hacerte llegar desde rutas y consejos de mantenimiento, a curiosidades y trucos de pilotaje.","sameAs":["https:\/\/www.facebook.com\/BoxRepsol\/","https:\/\/www.instagram.com\/box_repsol\/","https:\/\/x.com\/https:\/\/twitter.com\/box_repsol","https:\/\/www.youtube.com\/@Boxrepsol"],"url":"https:\/\/www.boxrepsol.com\/es\/author\/redaccion-box-repsol\/"}]}},"_links":{"self":[{"href":"https:\/\/www.boxrepsol.com\/es\/wp-json\/wp\/v2\/posts\/95107","targetHints":{"allow":["GET"]}}],"collection":[{"href":"https:\/\/www.boxrepsol.com\/es\/wp-json\/wp\/v2\/posts"}],"about":[{"href":"https:\/\/www.boxrepsol.com\/es\/wp-json\/wp\/v2\/types\/post"}],"author":[{"embeddable":true,"href":"https:\/\/www.boxrepsol.com\/es\/wp-json\/wp\/v2\/users\/43146"}],"replies":[{"embeddable":true,"href":"https:\/\/www.boxrepsol.com\/es\/wp-json\/wp\/v2\/comments?post=95107"}],"version-history":[{"count":1,"href":"https:\/\/www.boxrepsol.com\/es\/wp-json\/wp\/v2\/posts\/95107\/revisions"}],"predecessor-version":[{"id":114749,"href":"https:\/\/www.boxrepsol.com\/es\/wp-json\/wp\/v2\/posts\/95107\/revisions\/114749"}],"wp:featuredmedia":[{"embeddable":true,"href":"https:\/\/www.boxrepsol.com\/es\/wp-json\/wp\/v2\/media\/44097"}],"wp:attachment":[{"href":"https:\/\/www.boxrepsol.com\/es\/wp-json\/wp\/v2\/media?parent=95107"}],"wp:term":[{"taxonomy":"category","embeddable":true,"href":"https:\/\/www.boxrepsol.com\/es\/wp-json\/wp\/v2\/categories?post=95107"},{"taxonomy":"post_tag","embeddable":true,"href":"https:\/\/www.boxrepsol.com\/es\/wp-json\/wp\/v2\/tags?post=95107"}],"curies":[{"name":"wp","href":"https:\/\/api.w.org\/{rel}","templated":true}]}}