{"id":95101,"date":"2021-09-18T00:00:00","date_gmt":"2021-09-18T02:00:00","guid":{"rendered":"http:\/\/pre.boxrepsol.com\/sin-categorizar\/victoria-y-29o-titulo-para-toni-bou-en-la-despedida-de-takahisa-fujinami\/"},"modified":"2024-04-11T05:52:38","modified_gmt":"2024-04-11T07:52:38","slug":"victoria-y-29o-titulo-para-toni-bou-en-la-despedida-de-takahisa-fujinami","status":"publish","type":"post","link":"https:\/\/www.boxrepsol.com\/es\/trial\/victoria-y-29o-titulo-para-toni-bou-en-la-despedida-de-takahisa-fujinami\/","title":{"rendered":"Victoria y 29\u00ba t\u00edtulo para Toni Bou en la despedida de Takahisa Fujinami"},"content":{"rendered":"<p>Punto y final a la temporada del <strong>TrialGP<\/strong>, que ha celebrado su \u00faltima cita en la localidad portuguesa de <strong>Gouveia<\/strong> y que ha significado un<strong> nuevo t\u00edtulo mundial para Toni Bou<\/strong>, el 29\u00ba de su carrera y el 15\u00b0 al aire libre. Por su parte, esta ha sido la \u00faltima prueba para <strong>Takahisa Fujinami<\/strong>, que anunci\u00f3 recientemente su retirada de la competici\u00f3n.<\/p>\n<p>Adem\u00e1s del t\u00edtulo mundial, Toni Bou ha conseguido cerrar la temporada con una nueva victoria, la s\u00e9ptima de nueve posibles y sin bajarse del podio en ninguna. Con este triunfo, el del <strong>equipo<\/strong> <strong>Repsol<\/strong> <strong>Honda<\/strong> ha sumado su triunfo n\u00famero 125 en el Campeonato del Mundo de Trial.<\/p>\n<p>Su compa\u00f1ero de equipo, Takahisa Fujinami, ha terminado su \u00faltima prueba en s\u00e9ptimo lugar. El piloto japon\u00e9s ha conseguido remontar algunas plazas en el segundo tramo de la cita portuguesa y se ha quedado a tan solo 3 puntos de la quinta plaza. As\u00ed pues, Fujinami da por terminada su \u00faltima temporada en el TrialGP con la sexta posici\u00f3n de la clasificaci\u00f3n general, con 94 puntos.<\/p>\n<h3>Declaraciones de los pilotos<\/h3>\n<p><strong>Toni Bou<\/strong><\/p>\n<p>\u00ab<em>Este a\u00f1o ha sido muy especial para m\u00ed porque al principio se me complicaron mucho las cosas con la lesi\u00f3n a un mes de empezar el campeonato. Al final llegar\u00e1 un a\u00f1o en el que no pueda ganar -llevo ganando 15 a\u00f1os consecutivos-, pero el hecho de lesionarme justo antes de empezar el mundial, fue especial y no quer\u00eda perder un campeonato de esta manera. Una vez m\u00e1s lo hemos luchado al 100%, hemos ido cogiendo la forma a medida que avanzaba el campeonato y el hecho de llevar un muy buen ritmo de trabajo antes de lesionarme tambi\u00e9n ayud\u00f3 a poder recuperarme m\u00e1s deprisa. Estoy muy contento de poder conseguir otro mundial. Una vez m\u00e1s muchas gracias a todo el equipo. Hoy tambi\u00e9n ha sido un d\u00eda muy especial para todos con la \u00faltima carrera de Fujinami. Se hace muy dif\u00edcil pensar en el equipo HRC sin \u00e9l. Le deseo lo mejor en su futuro<\/em>\u00ab.<\/p>\n<p><strong>Takahisa Fujinami<\/strong><\/p>\n<p>\u00ab<em>Para empezar, quiero dar las gracias a Honda, HRC y a todo el equipo Montesa, incluidos mec\u00e1nicos, mochileros y todas las personas que me han ayudado durante estos 26 a\u00f1os. Sin todos ellos no hubiera podido estar 26 a\u00f1os en el Mundial. Hoy quer\u00eda conseguir un buen resultado, finalmente hemos terminado s\u00e9ptimos, pero, aun as\u00ed, estoy contento con el pilotaje de hoy, he luchado hasta el final. Hoy cierro esta etapa, pero estoy seguro de que el futuro ser\u00e1 prometedor. Hoy ha sido un d\u00eda realmente especial, gracias a toda la familia del trial, todas las marcas y toda la gente que ha estado hoy en Portugal. Estoy muy orgulloso de haber compartido este d\u00eda con todos ellos<\/em>\u00ab.<\/p>\n","protected":false},"excerpt":{"rendered":"<p>Los pilotos del equipo Repsol Honda han cerrado la temporada con una victoria del espa\u00f1ol y un s\u00e9ptimo puesto del japon\u00e9s<\/p>\n","protected":false},"author":43146,"featured_media":44027,"comment_status":"open","ping_status":"open","sticky":false,"template":"","format":"standard","meta":{"footnotes":""},"categories":[23],"tags":[194,130,49,21],"class_list":["post-95101","post","type-post","status-publish","format-standard","hentry","category-trial","tag-194","tag-otros-eventos-y-competiciones","tag-takahisa-fujinami","tag-toni-bou"],"yoast_head":"<!-- This site is optimized with the Yoast SEO plugin v27.3 - https:\/\/yoast.com\/product\/yoast-seo-wordpress\/ -->\n<title>Victoria y 29\u00ba t\u00edtulo para Toni Bou en la despedida de Takahisa Fujinami - Box Repsol<\/title>\n<link rel=\"canonical\" href=\"https:\/\/www.boxrepsol.com\/es\/trial\/victoria-y-29o-titulo-para-toni-bou-en-la-despedida-de-takahisa-fujinami\/\" \/>\n<meta property=\"og:locale\" content=\"es_ES\" \/>\n<meta property=\"og:type\" content=\"article\" \/>\n<meta property=\"og:title\" content=\"Victoria y 29\u00ba t\u00edtulo para Toni Bou en la despedida de Takahisa Fujinami - Box Repsol\" \/>\n<meta property=\"og:description\" content=\"Los pilotos del equipo Repsol Honda han cerrado la temporada con una victoria del espa\u00f1ol y un s\u00e9ptimo puesto del japon\u00e9s\" \/>\n<meta property=\"og:url\" content=\"https:\/\/www.boxrepsol.com\/es\/trial\/victoria-y-29o-titulo-para-toni-bou-en-la-despedida-de-takahisa-fujinami\/\" \/>\n<meta property=\"og:site_name\" content=\"Box Repsol\" \/>\n<meta property=\"article:publisher\" content=\"https:\/\/www.facebook.com\/BoxRepsol\" \/>\n<meta property=\"article:author\" content=\"https:\/\/www.facebook.com\/BoxRepsol\/\" \/>\n<meta property=\"article:published_time\" content=\"2021-09-18T02:00:00+00:00\" \/>\n<meta property=\"article:modified_time\" content=\"2024-04-11T07:52:38+00:00\" \/>\n<meta property=\"og:image\" content=\"https:\/\/bxrepsol.s3.eu-west-1.amazonaws.com\/static\/2022\/08\/09135145\/http___repsolmedia.com_repsolmedia_wp-content_uploads_2021_09_FIM_TrialGP21_r9_Podium_8357_ps-scaled-1.jpg\" \/>\n\t<meta property=\"og:image:width\" content=\"2560\" \/>\n\t<meta property=\"og:image:height\" content=\"1706\" \/>\n\t<meta property=\"og:image:type\" content=\"image\/jpeg\" \/>\n<meta name=\"author\" content=\"Redacci\u00f3n Box Repsol\" \/>\n<meta name=\"twitter:card\" content=\"summary_large_image\" \/>\n<meta name=\"twitter:creator\" content=\"@https:\/\/twitter.com\/box_repsol\" \/>\n<meta name=\"twitter:site\" content=\"@box_repsol\" \/>\n<meta name=\"twitter:label1\" content=\"Written by\" \/>\n\t<meta name=\"twitter:data1\" content=\"Redacci\u00f3n Box Repsol\" \/>\n\t<meta name=\"twitter:label2\" content=\"Est. reading time\" \/>\n\t<meta name=\"twitter:data2\" content=\"2 minutos\" \/>\n<script type=\"application\/ld+json\" class=\"yoast-schema-graph\">{\"@context\":\"https:\\\/\\\/schema.org\",\"@graph\":[{\"@type\":\"Article\",\"@id\":\"https:\\\/\\\/www.boxrepsol.com\\\/es\\\/trial\\\/victoria-y-29o-titulo-para-toni-bou-en-la-despedida-de-takahisa-fujinami\\\/#article\",\"isPartOf\":{\"@id\":\"https:\\\/\\\/www.boxrepsol.com\\\/es\\\/trial\\\/victoria-y-29o-titulo-para-toni-bou-en-la-despedida-de-takahisa-fujinami\\\/\"},\"author\":{\"name\":\"Redacci\u00f3n Box Repsol\",\"@id\":\"https:\\\/\\\/www.boxrepsol.com\\\/es\\\/#\\\/schema\\\/person\\\/c5c2138f2cca251b0ad92b7086bb60b7\"},\"headline\":\"Victoria y 29\u00ba t\u00edtulo para Toni Bou en la despedida de Takahisa Fujinami\",\"datePublished\":\"2021-09-18T02:00:00+00:00\",\"dateModified\":\"2024-04-11T07:52:38+00:00\",\"mainEntityOfPage\":{\"@id\":\"https:\\\/\\\/www.boxrepsol.com\\\/es\\\/trial\\\/victoria-y-29o-titulo-para-toni-bou-en-la-despedida-de-takahisa-fujinami\\\/\"},\"wordCount\":492,\"commentCount\":0,\"publisher\":{\"@id\":\"https:\\\/\\\/www.boxrepsol.com\\\/es\\\/#organization\"},\"image\":{\"@id\":\"https:\\\/\\\/www.boxrepsol.com\\\/es\\\/trial\\\/victoria-y-29o-titulo-para-toni-bou-en-la-despedida-de-takahisa-fujinami\\\/#primaryimage\"},\"thumbnailUrl\":\"https:\\\/\\\/bxrepsol.s3.eu-west-1.amazonaws.com\\\/static\\\/2022\\\/08\\\/09135145\\\/http___repsolmedia.com_repsolmedia_wp-content_uploads_2021_09_FIM_TrialGP21_r9_Podium_8357_ps-scaled-1.jpg\",\"keywords\":[\"2021\",\"otros eventos y competiciones\",\"Takahisa Fujinami\",\"Toni Bou\"],\"articleSection\":[\"Trial\"],\"inLanguage\":\"es\",\"potentialAction\":[{\"@type\":\"CommentAction\",\"name\":\"Comment\",\"target\":[\"https:\\\/\\\/www.boxrepsol.com\\\/es\\\/trial\\\/victoria-y-29o-titulo-para-toni-bou-en-la-despedida-de-takahisa-fujinami\\\/#respond\"]}]},{\"@type\":\"WebPage\",\"@id\":\"https:\\\/\\\/www.boxrepsol.com\\\/es\\\/trial\\\/victoria-y-29o-titulo-para-toni-bou-en-la-despedida-de-takahisa-fujinami\\\/\",\"url\":\"https:\\\/\\\/www.boxrepsol.com\\\/es\\\/trial\\\/victoria-y-29o-titulo-para-toni-bou-en-la-despedida-de-takahisa-fujinami\\\/\",\"name\":\"Victoria y 29\u00ba t\u00edtulo para Toni Bou en la despedida de Takahisa Fujinami - Box Repsol\",\"isPartOf\":{\"@id\":\"https:\\\/\\\/www.boxrepsol.com\\\/es\\\/#website\"},\"primaryImageOfPage\":{\"@id\":\"https:\\\/\\\/www.boxrepsol.com\\\/es\\\/trial\\\/victoria-y-29o-titulo-para-toni-bou-en-la-despedida-de-takahisa-fujinami\\\/#primaryimage\"},\"image\":{\"@id\":\"https:\\\/\\\/www.boxrepsol.com\\\/es\\\/trial\\\/victoria-y-29o-titulo-para-toni-bou-en-la-despedida-de-takahisa-fujinami\\\/#primaryimage\"},\"thumbnailUrl\":\"https:\\\/\\\/bxrepsol.s3.eu-west-1.amazonaws.com\\\/static\\\/2022\\\/08\\\/09135145\\\/http___repsolmedia.com_repsolmedia_wp-content_uploads_2021_09_FIM_TrialGP21_r9_Podium_8357_ps-scaled-1.jpg\",\"datePublished\":\"2021-09-18T02:00:00+00:00\",\"dateModified\":\"2024-04-11T07:52:38+00:00\",\"breadcrumb\":{\"@id\":\"https:\\\/\\\/www.boxrepsol.com\\\/es\\\/trial\\\/victoria-y-29o-titulo-para-toni-bou-en-la-despedida-de-takahisa-fujinami\\\/#breadcrumb\"},\"inLanguage\":\"es\",\"potentialAction\":[{\"@type\":\"ReadAction\",\"target\":[\"https:\\\/\\\/www.boxrepsol.com\\\/es\\\/trial\\\/victoria-y-29o-titulo-para-toni-bou-en-la-despedida-de-takahisa-fujinami\\\/\"]}]},{\"@type\":\"ImageObject\",\"inLanguage\":\"es\",\"@id\":\"https:\\\/\\\/www.boxrepsol.com\\\/es\\\/trial\\\/victoria-y-29o-titulo-para-toni-bou-en-la-despedida-de-takahisa-fujinami\\\/#primaryimage\",\"url\":\"https:\\\/\\\/bxrepsol.s3.eu-west-1.amazonaws.com\\\/static\\\/2022\\\/08\\\/09135145\\\/http___repsolmedia.com_repsolmedia_wp-content_uploads_2021_09_FIM_TrialGP21_r9_Podium_8357_ps-scaled-1.jpg\",\"contentUrl\":\"https:\\\/\\\/bxrepsol.s3.eu-west-1.amazonaws.com\\\/static\\\/2022\\\/08\\\/09135145\\\/http___repsolmedia.com_repsolmedia_wp-content_uploads_2021_09_FIM_TrialGP21_r9_Podium_8357_ps-scaled-1.jpg\",\"width\":2560,\"height\":1706},{\"@type\":\"BreadcrumbList\",\"@id\":\"https:\\\/\\\/www.boxrepsol.com\\\/es\\\/trial\\\/victoria-y-29o-titulo-para-toni-bou-en-la-despedida-de-takahisa-fujinami\\\/#breadcrumb\",\"itemListElement\":[{\"@type\":\"ListItem\",\"position\":1,\"name\":\"Home\",\"item\":\"https:\\\/\\\/www.boxrepsol.com\\\/es\\\/\"},{\"@type\":\"ListItem\",\"position\":2,\"name\":\"Victoria y 29\u00ba t\u00edtulo para Toni Bou en la despedida de Takahisa Fujinami\"}]},{\"@type\":\"WebSite\",\"@id\":\"https:\\\/\\\/www.boxrepsol.com\\\/es\\\/#website\",\"url\":\"https:\\\/\\\/www.boxrepsol.com\\\/es\\\/\",\"name\":\"Box Repsol\",\"description\":\"Box Repsol Site\",\"publisher\":{\"@id\":\"https:\\\/\\\/www.boxrepsol.com\\\/es\\\/#organization\"},\"potentialAction\":[{\"@type\":\"SearchAction\",\"target\":{\"@type\":\"EntryPoint\",\"urlTemplate\":\"https:\\\/\\\/www.boxrepsol.com\\\/es\\\/?s={search_term_string}\"},\"query-input\":{\"@type\":\"PropertyValueSpecification\",\"valueRequired\":true,\"valueName\":\"search_term_string\"}}],\"inLanguage\":\"es\"},{\"@type\":\"Organization\",\"@id\":\"https:\\\/\\\/www.boxrepsol.com\\\/es\\\/#organization\",\"name\":\"Box Repsol\",\"url\":\"https:\\\/\\\/www.boxrepsol.com\\\/es\\\/\",\"logo\":{\"@type\":\"ImageObject\",\"inLanguage\":\"es\",\"@id\":\"https:\\\/\\\/www.boxrepsol.com\\\/es\\\/#\\\/schema\\\/logo\\\/image\\\/\",\"url\":\"https:\\\/\\\/bxrepsol.s3.eu-west-1.amazonaws.com\\\/static\\\/2025\\\/07\\\/30083337\\\/favicon-96x96-1.png\",\"contentUrl\":\"https:\\\/\\\/bxrepsol.s3.eu-west-1.amazonaws.com\\\/static\\\/2025\\\/07\\\/30083337\\\/favicon-96x96-1.png\",\"width\":96,\"height\":96,\"caption\":\"Box Repsol\"},\"image\":{\"@id\":\"https:\\\/\\\/www.boxrepsol.com\\\/es\\\/#\\\/schema\\\/logo\\\/image\\\/\"},\"sameAs\":[\"https:\\\/\\\/www.facebook.com\\\/BoxRepsol\",\"https:\\\/\\\/x.com\\\/box_repsol\",\"http:\\\/\\\/instagram.com\\\/box_repsol\",\"https:\\\/\\\/www.youtube.com\\\/user\\\/RepsolCompeticion\",\"https:\\\/\\\/www.flickr.com\\\/photos\\\/box_repsol\\\/\"]},{\"@type\":\"Person\",\"@id\":\"https:\\\/\\\/www.boxrepsol.com\\\/es\\\/#\\\/schema\\\/person\\\/c5c2138f2cca251b0ad92b7086bb60b7\",\"name\":\"Redacci\u00f3n Box Repsol\",\"image\":{\"@type\":\"ImageObject\",\"inLanguage\":\"es\",\"@id\":\"https:\\\/\\\/secure.gravatar.com\\\/avatar\\\/adf7b77e38b4419baf32c7e9c21dde01f4e40df611f0978e3006fc4ba0aaab7e?s=96&d=mm&r=g\",\"url\":\"https:\\\/\\\/secure.gravatar.com\\\/avatar\\\/adf7b77e38b4419baf32c7e9c21dde01f4e40df611f0978e3006fc4ba0aaab7e?s=96&d=mm&r=g\",\"contentUrl\":\"https:\\\/\\\/secure.gravatar.com\\\/avatar\\\/adf7b77e38b4419baf32c7e9c21dde01f4e40df611f0978e3006fc4ba0aaab7e?s=96&d=mm&r=g\",\"caption\":\"Redacci\u00f3n Box Repsol\"},\"description\":\"Box Repsol lo forma un equipo de periodistas, community managers, dise\u00f1adores y fot\u00f3grafos con m\u00e1s de 20 a\u00f1os de experiencia en el mundo del motorsport. Hemos vivido el primer mundial de un espa\u00f1ol en la categor\u00eda reina de motociclismo con \u00c1lex Crivill\u00e9, estuvimos en las victorias de Pedrosa y los t\u00edtulos de M\u00e1rquez, acompa\u00f1amos en \u00c1frica a Nani Roma y Marc Coma en sus conquistas del Dakar y hemos vibrado con los t\u00edtulos de Toni Bou en Trial. Adem\u00e1s, en nuestro equipo contamos con expertos en el mundo de las dos y cuatro ruedas tanto de la calle y las carreteras, como de los circuitos. Periodistas que han trabajado en revistas y publicaciones para hacerte llegar desde rutas y consejos de mantenimiento, a curiosidades y trucos de pilotaje.\",\"sameAs\":[\"https:\\\/\\\/www.facebook.com\\\/BoxRepsol\\\/\",\"https:\\\/\\\/www.instagram.com\\\/box_repsol\\\/\",\"https:\\\/\\\/x.com\\\/https:\\\/\\\/twitter.com\\\/box_repsol\",\"https:\\\/\\\/www.youtube.com\\\/@Boxrepsol\"],\"url\":\"https:\\\/\\\/www.boxrepsol.com\\\/es\\\/author\\\/redaccion-box-repsol\\\/\"}]}<\/script>\n<!-- \/ Yoast SEO plugin. -->","yoast_head_json":{"title":"Victoria y 29\u00ba t\u00edtulo para Toni Bou en la despedida de Takahisa Fujinami - Box Repsol","canonical":"https:\/\/www.boxrepsol.com\/es\/trial\/victoria-y-29o-titulo-para-toni-bou-en-la-despedida-de-takahisa-fujinami\/","og_locale":"es_ES","og_type":"article","og_title":"Victoria y 29\u00ba t\u00edtulo para Toni Bou en la despedida de Takahisa Fujinami - Box Repsol","og_description":"Los pilotos del equipo Repsol Honda han cerrado la temporada con una victoria del espa\u00f1ol y un s\u00e9ptimo puesto del japon\u00e9s","og_url":"https:\/\/www.boxrepsol.com\/es\/trial\/victoria-y-29o-titulo-para-toni-bou-en-la-despedida-de-takahisa-fujinami\/","og_site_name":"Box Repsol","article_publisher":"https:\/\/www.facebook.com\/BoxRepsol","article_author":"https:\/\/www.facebook.com\/BoxRepsol\/","article_published_time":"2021-09-18T02:00:00+00:00","article_modified_time":"2024-04-11T07:52:38+00:00","og_image":[{"width":2560,"height":1706,"url":"https:\/\/bxrepsol.s3.eu-west-1.amazonaws.com\/static\/2022\/08\/09135145\/http___repsolmedia.com_repsolmedia_wp-content_uploads_2021_09_FIM_TrialGP21_r9_Podium_8357_ps-scaled-1.jpg","type":"image\/jpeg"}],"author":"Redacci\u00f3n Box Repsol","twitter_card":"summary_large_image","twitter_creator":"@https:\/\/twitter.com\/box_repsol","twitter_site":"@box_repsol","twitter_misc":{"Written by":"Redacci\u00f3n Box Repsol","Est. reading time":"2 minutos"},"schema":{"@context":"https:\/\/schema.org","@graph":[{"@type":"Article","@id":"https:\/\/www.boxrepsol.com\/es\/trial\/victoria-y-29o-titulo-para-toni-bou-en-la-despedida-de-takahisa-fujinami\/#article","isPartOf":{"@id":"https:\/\/www.boxrepsol.com\/es\/trial\/victoria-y-29o-titulo-para-toni-bou-en-la-despedida-de-takahisa-fujinami\/"},"author":{"name":"Redacci\u00f3n Box Repsol","@id":"https:\/\/www.boxrepsol.com\/es\/#\/schema\/person\/c5c2138f2cca251b0ad92b7086bb60b7"},"headline":"Victoria y 29\u00ba t\u00edtulo para Toni Bou en la despedida de Takahisa Fujinami","datePublished":"2021-09-18T02:00:00+00:00","dateModified":"2024-04-11T07:52:38+00:00","mainEntityOfPage":{"@id":"https:\/\/www.boxrepsol.com\/es\/trial\/victoria-y-29o-titulo-para-toni-bou-en-la-despedida-de-takahisa-fujinami\/"},"wordCount":492,"commentCount":0,"publisher":{"@id":"https:\/\/www.boxrepsol.com\/es\/#organization"},"image":{"@id":"https:\/\/www.boxrepsol.com\/es\/trial\/victoria-y-29o-titulo-para-toni-bou-en-la-despedida-de-takahisa-fujinami\/#primaryimage"},"thumbnailUrl":"https:\/\/bxrepsol.s3.eu-west-1.amazonaws.com\/static\/2022\/08\/09135145\/http___repsolmedia.com_repsolmedia_wp-content_uploads_2021_09_FIM_TrialGP21_r9_Podium_8357_ps-scaled-1.jpg","keywords":["2021","otros eventos y competiciones","Takahisa Fujinami","Toni Bou"],"articleSection":["Trial"],"inLanguage":"es","potentialAction":[{"@type":"CommentAction","name":"Comment","target":["https:\/\/www.boxrepsol.com\/es\/trial\/victoria-y-29o-titulo-para-toni-bou-en-la-despedida-de-takahisa-fujinami\/#respond"]}]},{"@type":"WebPage","@id":"https:\/\/www.boxrepsol.com\/es\/trial\/victoria-y-29o-titulo-para-toni-bou-en-la-despedida-de-takahisa-fujinami\/","url":"https:\/\/www.boxrepsol.com\/es\/trial\/victoria-y-29o-titulo-para-toni-bou-en-la-despedida-de-takahisa-fujinami\/","name":"Victoria y 29\u00ba t\u00edtulo para Toni Bou en la despedida de Takahisa Fujinami - Box Repsol","isPartOf":{"@id":"https:\/\/www.boxrepsol.com\/es\/#website"},"primaryImageOfPage":{"@id":"https:\/\/www.boxrepsol.com\/es\/trial\/victoria-y-29o-titulo-para-toni-bou-en-la-despedida-de-takahisa-fujinami\/#primaryimage"},"image":{"@id":"https:\/\/www.boxrepsol.com\/es\/trial\/victoria-y-29o-titulo-para-toni-bou-en-la-despedida-de-takahisa-fujinami\/#primaryimage"},"thumbnailUrl":"https:\/\/bxrepsol.s3.eu-west-1.amazonaws.com\/static\/2022\/08\/09135145\/http___repsolmedia.com_repsolmedia_wp-content_uploads_2021_09_FIM_TrialGP21_r9_Podium_8357_ps-scaled-1.jpg","datePublished":"2021-09-18T02:00:00+00:00","dateModified":"2024-04-11T07:52:38+00:00","breadcrumb":{"@id":"https:\/\/www.boxrepsol.com\/es\/trial\/victoria-y-29o-titulo-para-toni-bou-en-la-despedida-de-takahisa-fujinami\/#breadcrumb"},"inLanguage":"es","potentialAction":[{"@type":"ReadAction","target":["https:\/\/www.boxrepsol.com\/es\/trial\/victoria-y-29o-titulo-para-toni-bou-en-la-despedida-de-takahisa-fujinami\/"]}]},{"@type":"ImageObject","inLanguage":"es","@id":"https:\/\/www.boxrepsol.com\/es\/trial\/victoria-y-29o-titulo-para-toni-bou-en-la-despedida-de-takahisa-fujinami\/#primaryimage","url":"https:\/\/bxrepsol.s3.eu-west-1.amazonaws.com\/static\/2022\/08\/09135145\/http___repsolmedia.com_repsolmedia_wp-content_uploads_2021_09_FIM_TrialGP21_r9_Podium_8357_ps-scaled-1.jpg","contentUrl":"https:\/\/bxrepsol.s3.eu-west-1.amazonaws.com\/static\/2022\/08\/09135145\/http___repsolmedia.com_repsolmedia_wp-content_uploads_2021_09_FIM_TrialGP21_r9_Podium_8357_ps-scaled-1.jpg","width":2560,"height":1706},{"@type":"BreadcrumbList","@id":"https:\/\/www.boxrepsol.com\/es\/trial\/victoria-y-29o-titulo-para-toni-bou-en-la-despedida-de-takahisa-fujinami\/#breadcrumb","itemListElement":[{"@type":"ListItem","position":1,"name":"Home","item":"https:\/\/www.boxrepsol.com\/es\/"},{"@type":"ListItem","position":2,"name":"Victoria y 29\u00ba t\u00edtulo para Toni Bou en la despedida de Takahisa Fujinami"}]},{"@type":"WebSite","@id":"https:\/\/www.boxrepsol.com\/es\/#website","url":"https:\/\/www.boxrepsol.com\/es\/","name":"Box Repsol","description":"Box Repsol Site","publisher":{"@id":"https:\/\/www.boxrepsol.com\/es\/#organization"},"potentialAction":[{"@type":"SearchAction","target":{"@type":"EntryPoint","urlTemplate":"https:\/\/www.boxrepsol.com\/es\/?s={search_term_string}"},"query-input":{"@type":"PropertyValueSpecification","valueRequired":true,"valueName":"search_term_string"}}],"inLanguage":"es"},{"@type":"Organization","@id":"https:\/\/www.boxrepsol.com\/es\/#organization","name":"Box Repsol","url":"https:\/\/www.boxrepsol.com\/es\/","logo":{"@type":"ImageObject","inLanguage":"es","@id":"https:\/\/www.boxrepsol.com\/es\/#\/schema\/logo\/image\/","url":"https:\/\/bxrepsol.s3.eu-west-1.amazonaws.com\/static\/2025\/07\/30083337\/favicon-96x96-1.png","contentUrl":"https:\/\/bxrepsol.s3.eu-west-1.amazonaws.com\/static\/2025\/07\/30083337\/favicon-96x96-1.png","width":96,"height":96,"caption":"Box Repsol"},"image":{"@id":"https:\/\/www.boxrepsol.com\/es\/#\/schema\/logo\/image\/"},"sameAs":["https:\/\/www.facebook.com\/BoxRepsol","https:\/\/x.com\/box_repsol","http:\/\/instagram.com\/box_repsol","https:\/\/www.youtube.com\/user\/RepsolCompeticion","https:\/\/www.flickr.com\/photos\/box_repsol\/"]},{"@type":"Person","@id":"https:\/\/www.boxrepsol.com\/es\/#\/schema\/person\/c5c2138f2cca251b0ad92b7086bb60b7","name":"Redacci\u00f3n Box Repsol","image":{"@type":"ImageObject","inLanguage":"es","@id":"https:\/\/secure.gravatar.com\/avatar\/adf7b77e38b4419baf32c7e9c21dde01f4e40df611f0978e3006fc4ba0aaab7e?s=96&d=mm&r=g","url":"https:\/\/secure.gravatar.com\/avatar\/adf7b77e38b4419baf32c7e9c21dde01f4e40df611f0978e3006fc4ba0aaab7e?s=96&d=mm&r=g","contentUrl":"https:\/\/secure.gravatar.com\/avatar\/adf7b77e38b4419baf32c7e9c21dde01f4e40df611f0978e3006fc4ba0aaab7e?s=96&d=mm&r=g","caption":"Redacci\u00f3n Box Repsol"},"description":"Box Repsol lo forma un equipo de periodistas, community managers, dise\u00f1adores y fot\u00f3grafos con m\u00e1s de 20 a\u00f1os de experiencia en el mundo del motorsport. Hemos vivido el primer mundial de un espa\u00f1ol en la categor\u00eda reina de motociclismo con \u00c1lex Crivill\u00e9, estuvimos en las victorias de Pedrosa y los t\u00edtulos de M\u00e1rquez, acompa\u00f1amos en \u00c1frica a Nani Roma y Marc Coma en sus conquistas del Dakar y hemos vibrado con los t\u00edtulos de Toni Bou en Trial. Adem\u00e1s, en nuestro equipo contamos con expertos en el mundo de las dos y cuatro ruedas tanto de la calle y las carreteras, como de los circuitos. Periodistas que han trabajado en revistas y publicaciones para hacerte llegar desde rutas y consejos de mantenimiento, a curiosidades y trucos de pilotaje.","sameAs":["https:\/\/www.facebook.com\/BoxRepsol\/","https:\/\/www.instagram.com\/box_repsol\/","https:\/\/x.com\/https:\/\/twitter.com\/box_repsol","https:\/\/www.youtube.com\/@Boxrepsol"],"url":"https:\/\/www.boxrepsol.com\/es\/author\/redaccion-box-repsol\/"}]}},"_links":{"self":[{"href":"https:\/\/www.boxrepsol.com\/es\/wp-json\/wp\/v2\/posts\/95101","targetHints":{"allow":["GET"]}}],"collection":[{"href":"https:\/\/www.boxrepsol.com\/es\/wp-json\/wp\/v2\/posts"}],"about":[{"href":"https:\/\/www.boxrepsol.com\/es\/wp-json\/wp\/v2\/types\/post"}],"author":[{"embeddable":true,"href":"https:\/\/www.boxrepsol.com\/es\/wp-json\/wp\/v2\/users\/43146"}],"replies":[{"embeddable":true,"href":"https:\/\/www.boxrepsol.com\/es\/wp-json\/wp\/v2\/comments?post=95101"}],"version-history":[{"count":1,"href":"https:\/\/www.boxrepsol.com\/es\/wp-json\/wp\/v2\/posts\/95101\/revisions"}],"predecessor-version":[{"id":114751,"href":"https:\/\/www.boxrepsol.com\/es\/wp-json\/wp\/v2\/posts\/95101\/revisions\/114751"}],"wp:featuredmedia":[{"embeddable":true,"href":"https:\/\/www.boxrepsol.com\/es\/wp-json\/wp\/v2\/media\/44027"}],"wp:attachment":[{"href":"https:\/\/www.boxrepsol.com\/es\/wp-json\/wp\/v2\/media?parent=95101"}],"wp:term":[{"taxonomy":"category","embeddable":true,"href":"https:\/\/www.boxrepsol.com\/es\/wp-json\/wp\/v2\/categories?post=95101"},{"taxonomy":"post_tag","embeddable":true,"href":"https:\/\/www.boxrepsol.com\/es\/wp-json\/wp\/v2\/tags?post=95101"}],"curies":[{"name":"wp","href":"https:\/\/api.w.org\/{rel}","templated":true}]}}