{"id":95095,"date":"2021-09-15T00:00:00","date_gmt":"2021-09-15T02:00:00","guid":{"rendered":"http:\/\/pre.boxrepsol.com\/sin-categorizar\/takahisa-fujinami-se-despedira-del-campeonato-del-mundo-de-trial-este-fin-de-semana-en-portugal\/"},"modified":"2024-04-11T05:53:47","modified_gmt":"2024-04-11T07:53:47","slug":"takahisa-fujinami-se-despedira-del-campeonato-del-mundo-de-trial-este-fin-de-semana-en-portugal","status":"publish","type":"post","link":"https:\/\/www.boxrepsol.com\/es\/trial\/takahisa-fujinami-se-despedira-del-campeonato-del-mundo-de-trial-este-fin-de-semana-en-portugal\/","title":{"rendered":"Takahisa Fujinami se despedir\u00e1 del campeonato del Mundo de Trial este fin de semana en Portugal"},"content":{"rendered":"<p>Tras 26 temporadas en el campeonato del Mundo de Trial, r\u00e9cord de participaciones con 168 p\u00f3diums, 34 victorias, siete subcampeonatos y un t\u00edtulo de campe\u00f3n, el piloto del Repsol Honda Team <strong>Takahisa Fujinami<\/strong> (Mie, Jap\u00f3n, 13\/01\/1980) cerrar\u00e1 su carrera deportiva este pr\u00f3ximo s\u00e1bado en Portugal.<\/p>\n<p>Desde su debut en Navacerrada, Espa\u00f1a, en 1996, con 16 a\u00f1os, ha sido m\u00e1s de un cuarto de siglo dedicado plenamente a la competici\u00f3n de trial, destacando varios \u00e9xitos, como la corona mundial conquistada en 2004. Adem\u00e1s, el piloto japon\u00e9s tambi\u00e9n acumula diferentes r\u00e9cords en la especialidad, como el del piloto m\u00e1s joven en ganar una prueba del campeonato del Mundo (Talheim, 1997), con 17 a\u00f1os, o incluso el m\u00e1s veterano: este mismo 2021 se impuso en Italia con 41 a\u00f1os. Precisamente, su longevidad le ha llevado a ser el piloto con mayor n\u00famero de participaciones en la m\u00e1xima competici\u00f3n: 355 con que disputar\u00e1 este s\u00e1bado en Gouveia.<\/p>\n<p>Con 34 victorias, y siempre con Montesa-Honda, Takahisa Fujinami es el quinto piloto con mayor n\u00famero de triunfos en carreras del mundial y el cuarto en n\u00famero de podios, s\u00f3lo superado por Adam Raga, Toni Bou y Dougie Lampkin. Adem\u00e1s, ha concluido entre los cinco mejores del mundial en 20 temporadas consecutivas. \u2018Fujigas\u2019 ha sido tambi\u00e9n 7 a\u00f1os subcampe\u00f3n del Mundo. A todo ello, hay que a\u00f1adir su participaci\u00f3n en las competiciones \u2018indoor\u2019: 1 subcampeonato, 1 victoria y 36 p\u00f3diums en 139 carreras. En Jap\u00f3n consigui\u00f3 5 t\u00edtulos nacionales, entre 1995 y 2001. Por concluir, con sus 15 participaciones en el Trial de las Naciones con el equipo nip\u00f3n, ha colaborado a finalizar en cinco ocasiones subcampe\u00f3n.<\/p>\n<p>\u00a1Gracias por tanto, leyenda!<\/p>\n<h2>La \u00faltima carrera del Mundial de TrialGP, este s\u00e1bado<\/h2>\n<p>En Gouveia se disputar\u00e1 este pr\u00f3ximo s\u00e1bado la \u00faltima carrera del campeonato del Mundo de TrialGP 2021. Esta cita viene a substituir la prueba cancelada que estaba prevista celebrar a principios de octubre en Gran Breta\u00f1a.<\/p>\n<p>Toni Bou es el gran favorito para proclamarse nuevamente campe\u00f3n del Mundo despu\u00e9s de su doblete el pasado fin de semana en el TrialGP de Espa\u00f1a.\u00a0A Bou le basta con conseguir un punto el pr\u00f3ximo s\u00e1bado para coronarse campe\u00f3n TrialGP 2021. Ser\u00e1 su d\u00e9cimo quinto t\u00edtulo consecutivo y el 29\u00ba de su carrera en la m\u00e1xima competici\u00f3n. Tras la cita del pasado fin de semana en Pobladura de las Regueras, el piloto del Repsol Honda Team lo tiene todo de cara para continuar su dominio y el de la Montesa Cota 4RT en el Mundial.<\/p>\n<p>La carrera se celebrar\u00e1 en el casco urbano de la poblaci\u00f3n portuguesa, donde se ubicar\u00e1n las doce zonas que deber\u00e1n superar en dos ocasiones para completar el recorrido fijado. Se espera que a las 15:00 horas (local) finalice la carrera y, acto seguido, se proceda a la ceremonia del podio, que incluir\u00e1 la entrega de medallas del campeonato.<\/p>\n<h3>Declaraciones<\/h3>\n<p>Takahisa Fujinami<\/p>\n<p>\u00ab<em>Creo firmemente que ha llegado el momento de poner punto y final a mi carrera deportiva como piloto del Campeonato del Mundo de Trial despu\u00e9s de 26 a\u00f1os en la competici\u00f3n. Gracias al apoyo de todos, durante todo este tiempo, he podido hacer del trial mi profesi\u00f3n y rendir a nivel m\u00e1s que satisfactorio durante m\u00e1s de un cuarto de siglo. Muchas gracias.<br \/>\nHan sido 26 buenos a\u00f1os. Y tengo que agradecerles todo a mi familia, que me apoy\u00f3 desde el primer momento, a mis compa\u00f1eros de equipo, la marca, los sponsor y tambi\u00e9n a los fans que me han animado en todo momento. Me gustar\u00eda saludar uno por uno a mis fans, y espero hacerlo alg\u00fan d\u00eda, para agradecer el enorme apoyo que me han brindado durante todo este tiempo.<br \/>\nHonda Racing y Montesa-Honda apostaron por m\u00ed y me entregaron una moto para participar en el campeonato del Mundo cuando ten\u00eda 16 a\u00f1os y, desde entonces, estoy orgulloso de haber luchado con este equipo hasta el \u00faltimo momento.<br \/>\nA\u00fan recuerdo los gritos y aplausos de apoyo en mi debut en Jap\u00f3n y tambi\u00e9n en Espa\u00f1a: ah\u00ed naci\u00f3 \u2018Fujigas\u2019! La primera victoria, en Alemania, los a\u00f1os dif\u00edciles y complicados, y tambi\u00e9n la alegr\u00eda del t\u00edtulo mundial en 2004. Hace tiempo de ello, pero es mi particular tesoro\u2026<br \/>\nQuiero tambi\u00e9n recordar especialmente el Gran Premio de Jap\u00f3n, en Motegi, que comenz\u00f3 en el a\u00f1o 2000 y siempre ha tenido un p\u00fablico entusiasta. Gracias, nuevamente.<br \/>\nSobre lo que har\u00e9 a partir de ahora\u2026 a\u00fan no s\u00e9. No he decidido a\u00fan qu\u00e9 har\u00e9 despu\u00e9s de retirarme de las carreras, pero espero seguir vinculado al trial de alguna manera. Conf\u00edo en que todo ir\u00e1 bien en mi nueva vida<\/em>\u00ab.<\/p>\n","protected":false},"excerpt":{"rendered":"<p>\u2018Fujigas\u2019, el carism\u00e1tico piloto japon\u00e9s del Repsol Honda Team, pondr\u00e1 punto y final a su largu\u00edsima carrera deportiva con la disputa de la \u00faltima carrera del Mundial de TrialGP que se celebrar\u00e1 en Gouveia este s\u00e1bado.<\/p>\n","protected":false},"author":43146,"featured_media":43965,"comment_status":"open","ping_status":"open","sticky":false,"template":"","format":"standard","meta":{"footnotes":""},"categories":[23],"tags":[194,130,49,21],"class_list":["post-95095","post","type-post","status-publish","format-standard","hentry","category-trial","tag-194","tag-otros-eventos-y-competiciones","tag-takahisa-fujinami","tag-toni-bou"],"yoast_head":"<!-- This site is optimized with the Yoast SEO plugin v27.3 - https:\/\/yoast.com\/product\/yoast-seo-wordpress\/ -->\n<title>Takahisa Fujinami se despedir\u00e1 del campeonato del Mundo de Trial este fin de semana en Portugal - Box Repsol<\/title>\n<link rel=\"canonical\" href=\"https:\/\/www.boxrepsol.com\/es\/trial\/takahisa-fujinami-se-despedira-del-campeonato-del-mundo-de-trial-este-fin-de-semana-en-portugal\/\" \/>\n<meta property=\"og:locale\" content=\"es_ES\" \/>\n<meta property=\"og:type\" content=\"article\" \/>\n<meta property=\"og:title\" content=\"Takahisa Fujinami se despedir\u00e1 del campeonato del Mundo de Trial este fin de semana en Portugal - Box Repsol\" \/>\n<meta property=\"og:description\" content=\"\u2018Fujigas\u2019, el carism\u00e1tico piloto japon\u00e9s del Repsol Honda Team, pondr\u00e1 punto y final a su largu\u00edsima carrera deportiva con la disputa de la \u00faltima carrera del Mundial de TrialGP que se celebrar\u00e1 en Gouveia este s\u00e1bado.\" \/>\n<meta property=\"og:url\" content=\"https:\/\/www.boxrepsol.com\/es\/trial\/takahisa-fujinami-se-despedira-del-campeonato-del-mundo-de-trial-este-fin-de-semana-en-portugal\/\" \/>\n<meta property=\"og:site_name\" content=\"Box Repsol\" \/>\n<meta property=\"article:publisher\" content=\"https:\/\/www.facebook.com\/BoxRepsol\" \/>\n<meta property=\"article:author\" content=\"https:\/\/www.facebook.com\/BoxRepsol\/\" \/>\n<meta property=\"article:published_time\" content=\"2021-09-15T02:00:00+00:00\" \/>\n<meta property=\"article:modified_time\" content=\"2024-04-11T07:53:47+00:00\" \/>\n<meta property=\"og:image\" content=\"https:\/\/bxrepsol.s3.eu-west-1.amazonaws.com\/static\/2022\/08\/09135025\/61406fdcef9e75.029888631-1.jpg\" \/>\n\t<meta property=\"og:image:width\" content=\"800\" \/>\n\t<meta property=\"og:image:height\" content=\"533\" \/>\n\t<meta property=\"og:image:type\" content=\"image\/jpeg\" \/>\n<meta name=\"author\" content=\"Redacci\u00f3n Box Repsol\" \/>\n<meta name=\"twitter:card\" content=\"summary_large_image\" \/>\n<meta name=\"twitter:creator\" content=\"@https:\/\/twitter.com\/box_repsol\" \/>\n<meta name=\"twitter:site\" content=\"@box_repsol\" \/>\n<meta name=\"twitter:label1\" content=\"Written by\" \/>\n\t<meta name=\"twitter:data1\" content=\"Redacci\u00f3n Box Repsol\" \/>\n\t<meta name=\"twitter:label2\" content=\"Est. reading time\" \/>\n\t<meta name=\"twitter:data2\" content=\"4 minutos\" \/>\n<script type=\"application\/ld+json\" class=\"yoast-schema-graph\">{\"@context\":\"https:\\\/\\\/schema.org\",\"@graph\":[{\"@type\":\"Article\",\"@id\":\"https:\\\/\\\/www.boxrepsol.com\\\/es\\\/trial\\\/takahisa-fujinami-se-despedira-del-campeonato-del-mundo-de-trial-este-fin-de-semana-en-portugal\\\/#article\",\"isPartOf\":{\"@id\":\"https:\\\/\\\/www.boxrepsol.com\\\/es\\\/trial\\\/takahisa-fujinami-se-despedira-del-campeonato-del-mundo-de-trial-este-fin-de-semana-en-portugal\\\/\"},\"author\":{\"name\":\"Redacci\u00f3n Box Repsol\",\"@id\":\"https:\\\/\\\/www.boxrepsol.com\\\/es\\\/#\\\/schema\\\/person\\\/c5c2138f2cca251b0ad92b7086bb60b7\"},\"headline\":\"Takahisa Fujinami se despedir\u00e1 del campeonato del Mundo de Trial este fin de semana en Portugal\",\"datePublished\":\"2021-09-15T02:00:00+00:00\",\"dateModified\":\"2024-04-11T07:53:47+00:00\",\"mainEntityOfPage\":{\"@id\":\"https:\\\/\\\/www.boxrepsol.com\\\/es\\\/trial\\\/takahisa-fujinami-se-despedira-del-campeonato-del-mundo-de-trial-este-fin-de-semana-en-portugal\\\/\"},\"wordCount\":830,\"commentCount\":0,\"publisher\":{\"@id\":\"https:\\\/\\\/www.boxrepsol.com\\\/es\\\/#organization\"},\"image\":{\"@id\":\"https:\\\/\\\/www.boxrepsol.com\\\/es\\\/trial\\\/takahisa-fujinami-se-despedira-del-campeonato-del-mundo-de-trial-este-fin-de-semana-en-portugal\\\/#primaryimage\"},\"thumbnailUrl\":\"https:\\\/\\\/bxrepsol.s3.eu-west-1.amazonaws.com\\\/static\\\/2022\\\/08\\\/09135025\\\/61406fdcef9e75.029888631-1.jpg\",\"keywords\":[\"2021\",\"otros eventos y competiciones\",\"Takahisa Fujinami\",\"Toni Bou\"],\"articleSection\":[\"Trial\"],\"inLanguage\":\"es\",\"potentialAction\":[{\"@type\":\"CommentAction\",\"name\":\"Comment\",\"target\":[\"https:\\\/\\\/www.boxrepsol.com\\\/es\\\/trial\\\/takahisa-fujinami-se-despedira-del-campeonato-del-mundo-de-trial-este-fin-de-semana-en-portugal\\\/#respond\"]}]},{\"@type\":\"WebPage\",\"@id\":\"https:\\\/\\\/www.boxrepsol.com\\\/es\\\/trial\\\/takahisa-fujinami-se-despedira-del-campeonato-del-mundo-de-trial-este-fin-de-semana-en-portugal\\\/\",\"url\":\"https:\\\/\\\/www.boxrepsol.com\\\/es\\\/trial\\\/takahisa-fujinami-se-despedira-del-campeonato-del-mundo-de-trial-este-fin-de-semana-en-portugal\\\/\",\"name\":\"Takahisa Fujinami se despedir\u00e1 del campeonato del Mundo de Trial este fin de semana en Portugal - Box Repsol\",\"isPartOf\":{\"@id\":\"https:\\\/\\\/www.boxrepsol.com\\\/es\\\/#website\"},\"primaryImageOfPage\":{\"@id\":\"https:\\\/\\\/www.boxrepsol.com\\\/es\\\/trial\\\/takahisa-fujinami-se-despedira-del-campeonato-del-mundo-de-trial-este-fin-de-semana-en-portugal\\\/#primaryimage\"},\"image\":{\"@id\":\"https:\\\/\\\/www.boxrepsol.com\\\/es\\\/trial\\\/takahisa-fujinami-se-despedira-del-campeonato-del-mundo-de-trial-este-fin-de-semana-en-portugal\\\/#primaryimage\"},\"thumbnailUrl\":\"https:\\\/\\\/bxrepsol.s3.eu-west-1.amazonaws.com\\\/static\\\/2022\\\/08\\\/09135025\\\/61406fdcef9e75.029888631-1.jpg\",\"datePublished\":\"2021-09-15T02:00:00+00:00\",\"dateModified\":\"2024-04-11T07:53:47+00:00\",\"breadcrumb\":{\"@id\":\"https:\\\/\\\/www.boxrepsol.com\\\/es\\\/trial\\\/takahisa-fujinami-se-despedira-del-campeonato-del-mundo-de-trial-este-fin-de-semana-en-portugal\\\/#breadcrumb\"},\"inLanguage\":\"es\",\"potentialAction\":[{\"@type\":\"ReadAction\",\"target\":[\"https:\\\/\\\/www.boxrepsol.com\\\/es\\\/trial\\\/takahisa-fujinami-se-despedira-del-campeonato-del-mundo-de-trial-este-fin-de-semana-en-portugal\\\/\"]}]},{\"@type\":\"ImageObject\",\"inLanguage\":\"es\",\"@id\":\"https:\\\/\\\/www.boxrepsol.com\\\/es\\\/trial\\\/takahisa-fujinami-se-despedira-del-campeonato-del-mundo-de-trial-este-fin-de-semana-en-portugal\\\/#primaryimage\",\"url\":\"https:\\\/\\\/bxrepsol.s3.eu-west-1.amazonaws.com\\\/static\\\/2022\\\/08\\\/09135025\\\/61406fdcef9e75.029888631-1.jpg\",\"contentUrl\":\"https:\\\/\\\/bxrepsol.s3.eu-west-1.amazonaws.com\\\/static\\\/2022\\\/08\\\/09135025\\\/61406fdcef9e75.029888631-1.jpg\",\"width\":800,\"height\":533},{\"@type\":\"BreadcrumbList\",\"@id\":\"https:\\\/\\\/www.boxrepsol.com\\\/es\\\/trial\\\/takahisa-fujinami-se-despedira-del-campeonato-del-mundo-de-trial-este-fin-de-semana-en-portugal\\\/#breadcrumb\",\"itemListElement\":[{\"@type\":\"ListItem\",\"position\":1,\"name\":\"Home\",\"item\":\"https:\\\/\\\/www.boxrepsol.com\\\/es\\\/\"},{\"@type\":\"ListItem\",\"position\":2,\"name\":\"Takahisa Fujinami se despedir\u00e1 del campeonato del Mundo de Trial este fin de semana en Portugal\"}]},{\"@type\":\"WebSite\",\"@id\":\"https:\\\/\\\/www.boxrepsol.com\\\/es\\\/#website\",\"url\":\"https:\\\/\\\/www.boxrepsol.com\\\/es\\\/\",\"name\":\"Box Repsol\",\"description\":\"Box Repsol Site\",\"publisher\":{\"@id\":\"https:\\\/\\\/www.boxrepsol.com\\\/es\\\/#organization\"},\"potentialAction\":[{\"@type\":\"SearchAction\",\"target\":{\"@type\":\"EntryPoint\",\"urlTemplate\":\"https:\\\/\\\/www.boxrepsol.com\\\/es\\\/?s={search_term_string}\"},\"query-input\":{\"@type\":\"PropertyValueSpecification\",\"valueRequired\":true,\"valueName\":\"search_term_string\"}}],\"inLanguage\":\"es\"},{\"@type\":\"Organization\",\"@id\":\"https:\\\/\\\/www.boxrepsol.com\\\/es\\\/#organization\",\"name\":\"Box Repsol\",\"url\":\"https:\\\/\\\/www.boxrepsol.com\\\/es\\\/\",\"logo\":{\"@type\":\"ImageObject\",\"inLanguage\":\"es\",\"@id\":\"https:\\\/\\\/www.boxrepsol.com\\\/es\\\/#\\\/schema\\\/logo\\\/image\\\/\",\"url\":\"https:\\\/\\\/bxrepsol.s3.eu-west-1.amazonaws.com\\\/static\\\/2025\\\/07\\\/30083337\\\/favicon-96x96-1.png\",\"contentUrl\":\"https:\\\/\\\/bxrepsol.s3.eu-west-1.amazonaws.com\\\/static\\\/2025\\\/07\\\/30083337\\\/favicon-96x96-1.png\",\"width\":96,\"height\":96,\"caption\":\"Box Repsol\"},\"image\":{\"@id\":\"https:\\\/\\\/www.boxrepsol.com\\\/es\\\/#\\\/schema\\\/logo\\\/image\\\/\"},\"sameAs\":[\"https:\\\/\\\/www.facebook.com\\\/BoxRepsol\",\"https:\\\/\\\/x.com\\\/box_repsol\",\"http:\\\/\\\/instagram.com\\\/box_repsol\",\"https:\\\/\\\/www.youtube.com\\\/user\\\/RepsolCompeticion\",\"https:\\\/\\\/www.flickr.com\\\/photos\\\/box_repsol\\\/\"]},{\"@type\":\"Person\",\"@id\":\"https:\\\/\\\/www.boxrepsol.com\\\/es\\\/#\\\/schema\\\/person\\\/c5c2138f2cca251b0ad92b7086bb60b7\",\"name\":\"Redacci\u00f3n Box Repsol\",\"image\":{\"@type\":\"ImageObject\",\"inLanguage\":\"es\",\"@id\":\"https:\\\/\\\/secure.gravatar.com\\\/avatar\\\/adf7b77e38b4419baf32c7e9c21dde01f4e40df611f0978e3006fc4ba0aaab7e?s=96&d=mm&r=g\",\"url\":\"https:\\\/\\\/secure.gravatar.com\\\/avatar\\\/adf7b77e38b4419baf32c7e9c21dde01f4e40df611f0978e3006fc4ba0aaab7e?s=96&d=mm&r=g\",\"contentUrl\":\"https:\\\/\\\/secure.gravatar.com\\\/avatar\\\/adf7b77e38b4419baf32c7e9c21dde01f4e40df611f0978e3006fc4ba0aaab7e?s=96&d=mm&r=g\",\"caption\":\"Redacci\u00f3n Box Repsol\"},\"description\":\"Box Repsol lo forma un equipo de periodistas, community managers, dise\u00f1adores y fot\u00f3grafos con m\u00e1s de 20 a\u00f1os de experiencia en el mundo del motorsport. Hemos vivido el primer mundial de un espa\u00f1ol en la categor\u00eda reina de motociclismo con \u00c1lex Crivill\u00e9, estuvimos en las victorias de Pedrosa y los t\u00edtulos de M\u00e1rquez, acompa\u00f1amos en \u00c1frica a Nani Roma y Marc Coma en sus conquistas del Dakar y hemos vibrado con los t\u00edtulos de Toni Bou en Trial. Adem\u00e1s, en nuestro equipo contamos con expertos en el mundo de las dos y cuatro ruedas tanto de la calle y las carreteras, como de los circuitos. Periodistas que han trabajado en revistas y publicaciones para hacerte llegar desde rutas y consejos de mantenimiento, a curiosidades y trucos de pilotaje.\",\"sameAs\":[\"https:\\\/\\\/www.facebook.com\\\/BoxRepsol\\\/\",\"https:\\\/\\\/www.instagram.com\\\/box_repsol\\\/\",\"https:\\\/\\\/x.com\\\/https:\\\/\\\/twitter.com\\\/box_repsol\",\"https:\\\/\\\/www.youtube.com\\\/@Boxrepsol\"],\"url\":\"https:\\\/\\\/www.boxrepsol.com\\\/es\\\/author\\\/redaccion-box-repsol\\\/\"}]}<\/script>\n<!-- \/ Yoast SEO plugin. -->","yoast_head_json":{"title":"Takahisa Fujinami se despedir\u00e1 del campeonato del Mundo de Trial este fin de semana en Portugal - Box Repsol","canonical":"https:\/\/www.boxrepsol.com\/es\/trial\/takahisa-fujinami-se-despedira-del-campeonato-del-mundo-de-trial-este-fin-de-semana-en-portugal\/","og_locale":"es_ES","og_type":"article","og_title":"Takahisa Fujinami se despedir\u00e1 del campeonato del Mundo de Trial este fin de semana en Portugal - Box Repsol","og_description":"\u2018Fujigas\u2019, el carism\u00e1tico piloto japon\u00e9s del Repsol Honda Team, pondr\u00e1 punto y final a su largu\u00edsima carrera deportiva con la disputa de la \u00faltima carrera del Mundial de TrialGP que se celebrar\u00e1 en Gouveia este s\u00e1bado.","og_url":"https:\/\/www.boxrepsol.com\/es\/trial\/takahisa-fujinami-se-despedira-del-campeonato-del-mundo-de-trial-este-fin-de-semana-en-portugal\/","og_site_name":"Box Repsol","article_publisher":"https:\/\/www.facebook.com\/BoxRepsol","article_author":"https:\/\/www.facebook.com\/BoxRepsol\/","article_published_time":"2021-09-15T02:00:00+00:00","article_modified_time":"2024-04-11T07:53:47+00:00","og_image":[{"width":800,"height":533,"url":"https:\/\/bxrepsol.s3.eu-west-1.amazonaws.com\/static\/2022\/08\/09135025\/61406fdcef9e75.029888631-1.jpg","type":"image\/jpeg"}],"author":"Redacci\u00f3n Box Repsol","twitter_card":"summary_large_image","twitter_creator":"@https:\/\/twitter.com\/box_repsol","twitter_site":"@box_repsol","twitter_misc":{"Written by":"Redacci\u00f3n Box Repsol","Est. reading time":"4 minutos"},"schema":{"@context":"https:\/\/schema.org","@graph":[{"@type":"Article","@id":"https:\/\/www.boxrepsol.com\/es\/trial\/takahisa-fujinami-se-despedira-del-campeonato-del-mundo-de-trial-este-fin-de-semana-en-portugal\/#article","isPartOf":{"@id":"https:\/\/www.boxrepsol.com\/es\/trial\/takahisa-fujinami-se-despedira-del-campeonato-del-mundo-de-trial-este-fin-de-semana-en-portugal\/"},"author":{"name":"Redacci\u00f3n Box Repsol","@id":"https:\/\/www.boxrepsol.com\/es\/#\/schema\/person\/c5c2138f2cca251b0ad92b7086bb60b7"},"headline":"Takahisa Fujinami se despedir\u00e1 del campeonato del Mundo de Trial este fin de semana en Portugal","datePublished":"2021-09-15T02:00:00+00:00","dateModified":"2024-04-11T07:53:47+00:00","mainEntityOfPage":{"@id":"https:\/\/www.boxrepsol.com\/es\/trial\/takahisa-fujinami-se-despedira-del-campeonato-del-mundo-de-trial-este-fin-de-semana-en-portugal\/"},"wordCount":830,"commentCount":0,"publisher":{"@id":"https:\/\/www.boxrepsol.com\/es\/#organization"},"image":{"@id":"https:\/\/www.boxrepsol.com\/es\/trial\/takahisa-fujinami-se-despedira-del-campeonato-del-mundo-de-trial-este-fin-de-semana-en-portugal\/#primaryimage"},"thumbnailUrl":"https:\/\/bxrepsol.s3.eu-west-1.amazonaws.com\/static\/2022\/08\/09135025\/61406fdcef9e75.029888631-1.jpg","keywords":["2021","otros eventos y competiciones","Takahisa Fujinami","Toni Bou"],"articleSection":["Trial"],"inLanguage":"es","potentialAction":[{"@type":"CommentAction","name":"Comment","target":["https:\/\/www.boxrepsol.com\/es\/trial\/takahisa-fujinami-se-despedira-del-campeonato-del-mundo-de-trial-este-fin-de-semana-en-portugal\/#respond"]}]},{"@type":"WebPage","@id":"https:\/\/www.boxrepsol.com\/es\/trial\/takahisa-fujinami-se-despedira-del-campeonato-del-mundo-de-trial-este-fin-de-semana-en-portugal\/","url":"https:\/\/www.boxrepsol.com\/es\/trial\/takahisa-fujinami-se-despedira-del-campeonato-del-mundo-de-trial-este-fin-de-semana-en-portugal\/","name":"Takahisa Fujinami se despedir\u00e1 del campeonato del Mundo de Trial este fin de semana en Portugal - Box Repsol","isPartOf":{"@id":"https:\/\/www.boxrepsol.com\/es\/#website"},"primaryImageOfPage":{"@id":"https:\/\/www.boxrepsol.com\/es\/trial\/takahisa-fujinami-se-despedira-del-campeonato-del-mundo-de-trial-este-fin-de-semana-en-portugal\/#primaryimage"},"image":{"@id":"https:\/\/www.boxrepsol.com\/es\/trial\/takahisa-fujinami-se-despedira-del-campeonato-del-mundo-de-trial-este-fin-de-semana-en-portugal\/#primaryimage"},"thumbnailUrl":"https:\/\/bxrepsol.s3.eu-west-1.amazonaws.com\/static\/2022\/08\/09135025\/61406fdcef9e75.029888631-1.jpg","datePublished":"2021-09-15T02:00:00+00:00","dateModified":"2024-04-11T07:53:47+00:00","breadcrumb":{"@id":"https:\/\/www.boxrepsol.com\/es\/trial\/takahisa-fujinami-se-despedira-del-campeonato-del-mundo-de-trial-este-fin-de-semana-en-portugal\/#breadcrumb"},"inLanguage":"es","potentialAction":[{"@type":"ReadAction","target":["https:\/\/www.boxrepsol.com\/es\/trial\/takahisa-fujinami-se-despedira-del-campeonato-del-mundo-de-trial-este-fin-de-semana-en-portugal\/"]}]},{"@type":"ImageObject","inLanguage":"es","@id":"https:\/\/www.boxrepsol.com\/es\/trial\/takahisa-fujinami-se-despedira-del-campeonato-del-mundo-de-trial-este-fin-de-semana-en-portugal\/#primaryimage","url":"https:\/\/bxrepsol.s3.eu-west-1.amazonaws.com\/static\/2022\/08\/09135025\/61406fdcef9e75.029888631-1.jpg","contentUrl":"https:\/\/bxrepsol.s3.eu-west-1.amazonaws.com\/static\/2022\/08\/09135025\/61406fdcef9e75.029888631-1.jpg","width":800,"height":533},{"@type":"BreadcrumbList","@id":"https:\/\/www.boxrepsol.com\/es\/trial\/takahisa-fujinami-se-despedira-del-campeonato-del-mundo-de-trial-este-fin-de-semana-en-portugal\/#breadcrumb","itemListElement":[{"@type":"ListItem","position":1,"name":"Home","item":"https:\/\/www.boxrepsol.com\/es\/"},{"@type":"ListItem","position":2,"name":"Takahisa Fujinami se despedir\u00e1 del campeonato del Mundo de Trial este fin de semana en Portugal"}]},{"@type":"WebSite","@id":"https:\/\/www.boxrepsol.com\/es\/#website","url":"https:\/\/www.boxrepsol.com\/es\/","name":"Box Repsol","description":"Box Repsol Site","publisher":{"@id":"https:\/\/www.boxrepsol.com\/es\/#organization"},"potentialAction":[{"@type":"SearchAction","target":{"@type":"EntryPoint","urlTemplate":"https:\/\/www.boxrepsol.com\/es\/?s={search_term_string}"},"query-input":{"@type":"PropertyValueSpecification","valueRequired":true,"valueName":"search_term_string"}}],"inLanguage":"es"},{"@type":"Organization","@id":"https:\/\/www.boxrepsol.com\/es\/#organization","name":"Box Repsol","url":"https:\/\/www.boxrepsol.com\/es\/","logo":{"@type":"ImageObject","inLanguage":"es","@id":"https:\/\/www.boxrepsol.com\/es\/#\/schema\/logo\/image\/","url":"https:\/\/bxrepsol.s3.eu-west-1.amazonaws.com\/static\/2025\/07\/30083337\/favicon-96x96-1.png","contentUrl":"https:\/\/bxrepsol.s3.eu-west-1.amazonaws.com\/static\/2025\/07\/30083337\/favicon-96x96-1.png","width":96,"height":96,"caption":"Box Repsol"},"image":{"@id":"https:\/\/www.boxrepsol.com\/es\/#\/schema\/logo\/image\/"},"sameAs":["https:\/\/www.facebook.com\/BoxRepsol","https:\/\/x.com\/box_repsol","http:\/\/instagram.com\/box_repsol","https:\/\/www.youtube.com\/user\/RepsolCompeticion","https:\/\/www.flickr.com\/photos\/box_repsol\/"]},{"@type":"Person","@id":"https:\/\/www.boxrepsol.com\/es\/#\/schema\/person\/c5c2138f2cca251b0ad92b7086bb60b7","name":"Redacci\u00f3n Box Repsol","image":{"@type":"ImageObject","inLanguage":"es","@id":"https:\/\/secure.gravatar.com\/avatar\/adf7b77e38b4419baf32c7e9c21dde01f4e40df611f0978e3006fc4ba0aaab7e?s=96&d=mm&r=g","url":"https:\/\/secure.gravatar.com\/avatar\/adf7b77e38b4419baf32c7e9c21dde01f4e40df611f0978e3006fc4ba0aaab7e?s=96&d=mm&r=g","contentUrl":"https:\/\/secure.gravatar.com\/avatar\/adf7b77e38b4419baf32c7e9c21dde01f4e40df611f0978e3006fc4ba0aaab7e?s=96&d=mm&r=g","caption":"Redacci\u00f3n Box Repsol"},"description":"Box Repsol lo forma un equipo de periodistas, community managers, dise\u00f1adores y fot\u00f3grafos con m\u00e1s de 20 a\u00f1os de experiencia en el mundo del motorsport. Hemos vivido el primer mundial de un espa\u00f1ol en la categor\u00eda reina de motociclismo con \u00c1lex Crivill\u00e9, estuvimos en las victorias de Pedrosa y los t\u00edtulos de M\u00e1rquez, acompa\u00f1amos en \u00c1frica a Nani Roma y Marc Coma en sus conquistas del Dakar y hemos vibrado con los t\u00edtulos de Toni Bou en Trial. Adem\u00e1s, en nuestro equipo contamos con expertos en el mundo de las dos y cuatro ruedas tanto de la calle y las carreteras, como de los circuitos. Periodistas que han trabajado en revistas y publicaciones para hacerte llegar desde rutas y consejos de mantenimiento, a curiosidades y trucos de pilotaje.","sameAs":["https:\/\/www.facebook.com\/BoxRepsol\/","https:\/\/www.instagram.com\/box_repsol\/","https:\/\/x.com\/https:\/\/twitter.com\/box_repsol","https:\/\/www.youtube.com\/@Boxrepsol"],"url":"https:\/\/www.boxrepsol.com\/es\/author\/redaccion-box-repsol\/"}]}},"_links":{"self":[{"href":"https:\/\/www.boxrepsol.com\/es\/wp-json\/wp\/v2\/posts\/95095","targetHints":{"allow":["GET"]}}],"collection":[{"href":"https:\/\/www.boxrepsol.com\/es\/wp-json\/wp\/v2\/posts"}],"about":[{"href":"https:\/\/www.boxrepsol.com\/es\/wp-json\/wp\/v2\/types\/post"}],"author":[{"embeddable":true,"href":"https:\/\/www.boxrepsol.com\/es\/wp-json\/wp\/v2\/users\/43146"}],"replies":[{"embeddable":true,"href":"https:\/\/www.boxrepsol.com\/es\/wp-json\/wp\/v2\/comments?post=95095"}],"version-history":[{"count":1,"href":"https:\/\/www.boxrepsol.com\/es\/wp-json\/wp\/v2\/posts\/95095\/revisions"}],"predecessor-version":[{"id":114754,"href":"https:\/\/www.boxrepsol.com\/es\/wp-json\/wp\/v2\/posts\/95095\/revisions\/114754"}],"wp:featuredmedia":[{"embeddable":true,"href":"https:\/\/www.boxrepsol.com\/es\/wp-json\/wp\/v2\/media\/43965"}],"wp:attachment":[{"href":"https:\/\/www.boxrepsol.com\/es\/wp-json\/wp\/v2\/media?parent=95095"}],"wp:term":[{"taxonomy":"category","embeddable":true,"href":"https:\/\/www.boxrepsol.com\/es\/wp-json\/wp\/v2\/categories?post=95095"},{"taxonomy":"post_tag","embeddable":true,"href":"https:\/\/www.boxrepsol.com\/es\/wp-json\/wp\/v2\/tags?post=95095"}],"curies":[{"name":"wp","href":"https:\/\/api.w.org\/{rel}","templated":true}]}}