{"id":95084,"date":"2021-09-07T00:00:00","date_gmt":"2021-09-07T02:00:00","guid":{"rendered":"http:\/\/pre.boxrepsol.com\/sin-categorizar\/empieza-la-recta-final-repsol-honda-team-mundial-trial\/"},"modified":"2024-04-11T05:58:09","modified_gmt":"2024-04-11T07:58:09","slug":"empieza-la-recta-final-repsol-honda-team-mundial-trial","status":"publish","type":"post","link":"https:\/\/www.boxrepsol.com\/es\/trial\/empieza-la-recta-final-repsol-honda-team-mundial-trial\/","title":{"rendered":"Empieza la recta final para el Repsol Honda Team en el Mundial de Trial"},"content":{"rendered":"<p><strong>Toni Bou y Takahisa Fujinami<\/strong> est\u00e1n preparados para atacar las \u00faltimas citas del campeonato del Mundo de TrialGP 2021. En primer lugar, los pilotos del <strong>Repsol Honda Team<\/strong> tomar\u00e1n parte, este pr\u00f3ximo fin de semana, en las carreras 7 y 8 del Mundial que tendr\u00e1n lugar en la <strong>Pobladura de las Regueras<\/strong> y que viene a sustituir la inicialmente prevista en la gallega localidad de Baiona.<\/p>\n<p><strong>Bou<\/strong> llega como l\u00edder s\u00f3lido del campeonato tras vencer en 4 de las seis carreras disputadas hasta el momento. Son once los puntos de ventaja sobre su m\u00e1ximo rival en la lucha por el t\u00edtulo. El piloto de la Montesa Cota 4RT espera salir de la manga espa\u00f1ola del Mundial ampliando diferencias al frente de la tabla. Toni Bou consigui\u00f3 la victoria el a\u00f1o pasado en Pobladura en las dos jornadas de carrera.<\/p>\n<p>Por su parte, el compa\u00f1ero japon\u00e9s de Bou en el Repsol Honda Team, <strong>Takahisa Fujinami<\/strong>, que es quinto en la general provisional, tiene ante s\u00ed una doble oportunidad para intentar acercarse a las posiciones de podio. No ser\u00e1 una misi\u00f3n nada f\u00e1cil, puesto que la igualdad entre los pilotos est\u00e1 siendo m\u00e1xima esta temporada, pero \u2018Fujigas\u2019 conf\u00eda en sorprender en un trial de alta monta\u00f1a.<\/p>\n<p>As\u00ed es, la carrera de Pobladura de las Regueras se caracteriza por un trial de altura, con un recorrido por encima de los <strong>900 metros<\/strong>, llegando algunas zonas hasta superar los 1000 metros de altitud. El TrialGP de Espa\u00f1a, como en 2020, se celebrar\u00e1 en<strong> dos jornadas<\/strong> de competici\u00f3n, s\u00e1bado y domingo, con un recorrido de unos<strong> 5 kil\u00f3metros<\/strong> donde se ubicar\u00e1n 12 zonas a las que se habr\u00e1 de dar dos vueltas.<\/p>\n<h2>Declaraciones de los pilotos<\/h2>\n<h3>Toni Bou<\/h3>\n<p><em>\u00abS\u00ed, el a\u00f1o pasado, aunque en unas condiciones bastante diferentes, conseguimos ganar los dos d\u00edas aqu\u00ed en Pobladura y el objetivo para este fin de semana es el mismo. Recuperamos las sensaciones en el anterior trial en Francia e intentaremos continuar en la buena l\u00ednea que llevamos para seguir l\u00edderes tras las dos carreras\u00bb.<\/em><\/p>\n<h3>Takahisa Fujinami<\/h3>\n<p><em>\u00abEl trial de Pobladura no es nada f\u00e1cil. Es dif\u00edcil y bastante t\u00e9cnico con zonas duras. Lo sufrimos el a\u00f1o pasado y seguramente este a\u00f1o no ser\u00e1 muy diferente. Nosotros intentaremos hacer una carrera para acabar en el podio o cerca de \u00e9l, como pas\u00f3 en Francia. La igualdad entre pilotos es muy grande y tocar\u00e1 sufrir, pero nos hemos preparado para ello\u00bb.<\/em><\/p>\n","protected":false},"excerpt":{"rendered":"<p>El Campeonato del Mundo de TrialGP retoma su actividad para afrontar la pen\u00faltima cita del a\u00f1o. Espa\u00f1a, este fin de semana, y Portugal, la semana siguiente, cerrar\u00e1n el calendario 2021.<\/p>\n","protected":false},"author":43146,"featured_media":43840,"comment_status":"open","ping_status":"open","sticky":false,"template":"","format":"standard","meta":{"footnotes":""},"categories":[23],"tags":[194,49,21],"class_list":["post-95084","post","type-post","status-publish","format-standard","hentry","category-trial","tag-194","tag-takahisa-fujinami","tag-toni-bou"],"yoast_head":"<!-- This site is optimized with the Yoast SEO plugin v27.3 - https:\/\/yoast.com\/product\/yoast-seo-wordpress\/ -->\n<title>Empieza la recta final para el Repsol Honda Team en el Mundial de Trial - Box Repsol<\/title>\n<link rel=\"canonical\" href=\"https:\/\/www.boxrepsol.com\/es\/trial\/empieza-la-recta-final-repsol-honda-team-mundial-trial\/\" \/>\n<meta property=\"og:locale\" content=\"es_ES\" \/>\n<meta property=\"og:type\" content=\"article\" \/>\n<meta property=\"og:title\" content=\"Empieza la recta final para el Repsol Honda Team en el Mundial de Trial - Box Repsol\" \/>\n<meta property=\"og:description\" content=\"El Campeonato del Mundo de TrialGP retoma su actividad para afrontar la pen\u00faltima cita del a\u00f1o. Espa\u00f1a, este fin de semana, y Portugal, la semana siguiente, cerrar\u00e1n el calendario 2021.\" \/>\n<meta property=\"og:url\" content=\"https:\/\/www.boxrepsol.com\/es\/trial\/empieza-la-recta-final-repsol-honda-team-mundial-trial\/\" \/>\n<meta property=\"og:site_name\" content=\"Box Repsol\" \/>\n<meta property=\"article:publisher\" content=\"https:\/\/www.facebook.com\/BoxRepsol\" \/>\n<meta property=\"article:author\" content=\"https:\/\/www.facebook.com\/BoxRepsol\/\" \/>\n<meta property=\"article:published_time\" content=\"2021-09-07T02:00:00+00:00\" \/>\n<meta property=\"article:modified_time\" content=\"2024-04-11T07:58:09+00:00\" \/>\n<meta property=\"og:image\" content=\"https:\/\/bxrepsol.s3.eu-west-1.amazonaws.com\/static\/2022\/08\/09134533\/portada5-1.jpg\" \/>\n\t<meta property=\"og:image:width\" content=\"800\" \/>\n\t<meta property=\"og:image:height\" content=\"533\" \/>\n\t<meta property=\"og:image:type\" content=\"image\/jpeg\" \/>\n<meta name=\"author\" content=\"Redacci\u00f3n Box Repsol\" \/>\n<meta name=\"twitter:card\" content=\"summary_large_image\" \/>\n<meta name=\"twitter:creator\" content=\"@https:\/\/twitter.com\/box_repsol\" \/>\n<meta name=\"twitter:site\" content=\"@box_repsol\" \/>\n<meta name=\"twitter:label1\" content=\"Written by\" \/>\n\t<meta name=\"twitter:data1\" content=\"Redacci\u00f3n Box Repsol\" \/>\n\t<meta name=\"twitter:label2\" content=\"Est. reading time\" \/>\n\t<meta name=\"twitter:data2\" content=\"2 minutos\" \/>\n<script type=\"application\/ld+json\" class=\"yoast-schema-graph\">{\"@context\":\"https:\\\/\\\/schema.org\",\"@graph\":[{\"@type\":\"Article\",\"@id\":\"https:\\\/\\\/www.boxrepsol.com\\\/es\\\/trial\\\/empieza-la-recta-final-repsol-honda-team-mundial-trial\\\/#article\",\"isPartOf\":{\"@id\":\"https:\\\/\\\/www.boxrepsol.com\\\/es\\\/trial\\\/empieza-la-recta-final-repsol-honda-team-mundial-trial\\\/\"},\"author\":{\"name\":\"Redacci\u00f3n Box Repsol\",\"@id\":\"https:\\\/\\\/www.boxrepsol.com\\\/es\\\/#\\\/schema\\\/person\\\/c5c2138f2cca251b0ad92b7086bb60b7\"},\"headline\":\"Empieza la recta final para el Repsol Honda Team en el Mundial de Trial\",\"datePublished\":\"2021-09-07T02:00:00+00:00\",\"dateModified\":\"2024-04-11T07:58:09+00:00\",\"mainEntityOfPage\":{\"@id\":\"https:\\\/\\\/www.boxrepsol.com\\\/es\\\/trial\\\/empieza-la-recta-final-repsol-honda-team-mundial-trial\\\/\"},\"wordCount\":438,\"commentCount\":0,\"publisher\":{\"@id\":\"https:\\\/\\\/www.boxrepsol.com\\\/es\\\/#organization\"},\"image\":{\"@id\":\"https:\\\/\\\/www.boxrepsol.com\\\/es\\\/trial\\\/empieza-la-recta-final-repsol-honda-team-mundial-trial\\\/#primaryimage\"},\"thumbnailUrl\":\"https:\\\/\\\/bxrepsol.s3.eu-west-1.amazonaws.com\\\/static\\\/2022\\\/08\\\/09134533\\\/portada5-1.jpg\",\"keywords\":[\"2021\",\"Takahisa Fujinami\",\"Toni Bou\"],\"articleSection\":[\"Trial\"],\"inLanguage\":\"es\",\"potentialAction\":[{\"@type\":\"CommentAction\",\"name\":\"Comment\",\"target\":[\"https:\\\/\\\/www.boxrepsol.com\\\/es\\\/trial\\\/empieza-la-recta-final-repsol-honda-team-mundial-trial\\\/#respond\"]}]},{\"@type\":\"WebPage\",\"@id\":\"https:\\\/\\\/www.boxrepsol.com\\\/es\\\/trial\\\/empieza-la-recta-final-repsol-honda-team-mundial-trial\\\/\",\"url\":\"https:\\\/\\\/www.boxrepsol.com\\\/es\\\/trial\\\/empieza-la-recta-final-repsol-honda-team-mundial-trial\\\/\",\"name\":\"Empieza la recta final para el Repsol Honda Team en el Mundial de Trial - Box Repsol\",\"isPartOf\":{\"@id\":\"https:\\\/\\\/www.boxrepsol.com\\\/es\\\/#website\"},\"primaryImageOfPage\":{\"@id\":\"https:\\\/\\\/www.boxrepsol.com\\\/es\\\/trial\\\/empieza-la-recta-final-repsol-honda-team-mundial-trial\\\/#primaryimage\"},\"image\":{\"@id\":\"https:\\\/\\\/www.boxrepsol.com\\\/es\\\/trial\\\/empieza-la-recta-final-repsol-honda-team-mundial-trial\\\/#primaryimage\"},\"thumbnailUrl\":\"https:\\\/\\\/bxrepsol.s3.eu-west-1.amazonaws.com\\\/static\\\/2022\\\/08\\\/09134533\\\/portada5-1.jpg\",\"datePublished\":\"2021-09-07T02:00:00+00:00\",\"dateModified\":\"2024-04-11T07:58:09+00:00\",\"breadcrumb\":{\"@id\":\"https:\\\/\\\/www.boxrepsol.com\\\/es\\\/trial\\\/empieza-la-recta-final-repsol-honda-team-mundial-trial\\\/#breadcrumb\"},\"inLanguage\":\"es\",\"potentialAction\":[{\"@type\":\"ReadAction\",\"target\":[\"https:\\\/\\\/www.boxrepsol.com\\\/es\\\/trial\\\/empieza-la-recta-final-repsol-honda-team-mundial-trial\\\/\"]}]},{\"@type\":\"ImageObject\",\"inLanguage\":\"es\",\"@id\":\"https:\\\/\\\/www.boxrepsol.com\\\/es\\\/trial\\\/empieza-la-recta-final-repsol-honda-team-mundial-trial\\\/#primaryimage\",\"url\":\"https:\\\/\\\/bxrepsol.s3.eu-west-1.amazonaws.com\\\/static\\\/2022\\\/08\\\/09134533\\\/portada5-1.jpg\",\"contentUrl\":\"https:\\\/\\\/bxrepsol.s3.eu-west-1.amazonaws.com\\\/static\\\/2022\\\/08\\\/09134533\\\/portada5-1.jpg\",\"width\":800,\"height\":533},{\"@type\":\"BreadcrumbList\",\"@id\":\"https:\\\/\\\/www.boxrepsol.com\\\/es\\\/trial\\\/empieza-la-recta-final-repsol-honda-team-mundial-trial\\\/#breadcrumb\",\"itemListElement\":[{\"@type\":\"ListItem\",\"position\":1,\"name\":\"Home\",\"item\":\"https:\\\/\\\/www.boxrepsol.com\\\/es\\\/\"},{\"@type\":\"ListItem\",\"position\":2,\"name\":\"Empieza la recta final para el Repsol Honda Team en el Mundial de Trial\"}]},{\"@type\":\"WebSite\",\"@id\":\"https:\\\/\\\/www.boxrepsol.com\\\/es\\\/#website\",\"url\":\"https:\\\/\\\/www.boxrepsol.com\\\/es\\\/\",\"name\":\"Box Repsol\",\"description\":\"Box Repsol Site\",\"publisher\":{\"@id\":\"https:\\\/\\\/www.boxrepsol.com\\\/es\\\/#organization\"},\"potentialAction\":[{\"@type\":\"SearchAction\",\"target\":{\"@type\":\"EntryPoint\",\"urlTemplate\":\"https:\\\/\\\/www.boxrepsol.com\\\/es\\\/?s={search_term_string}\"},\"query-input\":{\"@type\":\"PropertyValueSpecification\",\"valueRequired\":true,\"valueName\":\"search_term_string\"}}],\"inLanguage\":\"es\"},{\"@type\":\"Organization\",\"@id\":\"https:\\\/\\\/www.boxrepsol.com\\\/es\\\/#organization\",\"name\":\"Box Repsol\",\"url\":\"https:\\\/\\\/www.boxrepsol.com\\\/es\\\/\",\"logo\":{\"@type\":\"ImageObject\",\"inLanguage\":\"es\",\"@id\":\"https:\\\/\\\/www.boxrepsol.com\\\/es\\\/#\\\/schema\\\/logo\\\/image\\\/\",\"url\":\"https:\\\/\\\/bxrepsol.s3.eu-west-1.amazonaws.com\\\/static\\\/2025\\\/07\\\/30083337\\\/favicon-96x96-1.png\",\"contentUrl\":\"https:\\\/\\\/bxrepsol.s3.eu-west-1.amazonaws.com\\\/static\\\/2025\\\/07\\\/30083337\\\/favicon-96x96-1.png\",\"width\":96,\"height\":96,\"caption\":\"Box Repsol\"},\"image\":{\"@id\":\"https:\\\/\\\/www.boxrepsol.com\\\/es\\\/#\\\/schema\\\/logo\\\/image\\\/\"},\"sameAs\":[\"https:\\\/\\\/www.facebook.com\\\/BoxRepsol\",\"https:\\\/\\\/x.com\\\/box_repsol\",\"http:\\\/\\\/instagram.com\\\/box_repsol\",\"https:\\\/\\\/www.youtube.com\\\/user\\\/RepsolCompeticion\",\"https:\\\/\\\/www.flickr.com\\\/photos\\\/box_repsol\\\/\"]},{\"@type\":\"Person\",\"@id\":\"https:\\\/\\\/www.boxrepsol.com\\\/es\\\/#\\\/schema\\\/person\\\/c5c2138f2cca251b0ad92b7086bb60b7\",\"name\":\"Redacci\u00f3n Box Repsol\",\"image\":{\"@type\":\"ImageObject\",\"inLanguage\":\"es\",\"@id\":\"https:\\\/\\\/secure.gravatar.com\\\/avatar\\\/adf7b77e38b4419baf32c7e9c21dde01f4e40df611f0978e3006fc4ba0aaab7e?s=96&d=mm&r=g\",\"url\":\"https:\\\/\\\/secure.gravatar.com\\\/avatar\\\/adf7b77e38b4419baf32c7e9c21dde01f4e40df611f0978e3006fc4ba0aaab7e?s=96&d=mm&r=g\",\"contentUrl\":\"https:\\\/\\\/secure.gravatar.com\\\/avatar\\\/adf7b77e38b4419baf32c7e9c21dde01f4e40df611f0978e3006fc4ba0aaab7e?s=96&d=mm&r=g\",\"caption\":\"Redacci\u00f3n Box Repsol\"},\"description\":\"Box Repsol lo forma un equipo de periodistas, community managers, dise\u00f1adores y fot\u00f3grafos con m\u00e1s de 20 a\u00f1os de experiencia en el mundo del motorsport. Hemos vivido el primer mundial de un espa\u00f1ol en la categor\u00eda reina de motociclismo con \u00c1lex Crivill\u00e9, estuvimos en las victorias de Pedrosa y los t\u00edtulos de M\u00e1rquez, acompa\u00f1amos en \u00c1frica a Nani Roma y Marc Coma en sus conquistas del Dakar y hemos vibrado con los t\u00edtulos de Toni Bou en Trial. Adem\u00e1s, en nuestro equipo contamos con expertos en el mundo de las dos y cuatro ruedas tanto de la calle y las carreteras, como de los circuitos. Periodistas que han trabajado en revistas y publicaciones para hacerte llegar desde rutas y consejos de mantenimiento, a curiosidades y trucos de pilotaje.\",\"sameAs\":[\"https:\\\/\\\/www.facebook.com\\\/BoxRepsol\\\/\",\"https:\\\/\\\/www.instagram.com\\\/box_repsol\\\/\",\"https:\\\/\\\/x.com\\\/https:\\\/\\\/twitter.com\\\/box_repsol\",\"https:\\\/\\\/www.youtube.com\\\/@Boxrepsol\"],\"url\":\"https:\\\/\\\/www.boxrepsol.com\\\/es\\\/author\\\/redaccion-box-repsol\\\/\"}]}<\/script>\n<!-- \/ Yoast SEO plugin. -->","yoast_head_json":{"title":"Empieza la recta final para el Repsol Honda Team en el Mundial de Trial - Box Repsol","canonical":"https:\/\/www.boxrepsol.com\/es\/trial\/empieza-la-recta-final-repsol-honda-team-mundial-trial\/","og_locale":"es_ES","og_type":"article","og_title":"Empieza la recta final para el Repsol Honda Team en el Mundial de Trial - Box Repsol","og_description":"El Campeonato del Mundo de TrialGP retoma su actividad para afrontar la pen\u00faltima cita del a\u00f1o. Espa\u00f1a, este fin de semana, y Portugal, la semana siguiente, cerrar\u00e1n el calendario 2021.","og_url":"https:\/\/www.boxrepsol.com\/es\/trial\/empieza-la-recta-final-repsol-honda-team-mundial-trial\/","og_site_name":"Box Repsol","article_publisher":"https:\/\/www.facebook.com\/BoxRepsol","article_author":"https:\/\/www.facebook.com\/BoxRepsol\/","article_published_time":"2021-09-07T02:00:00+00:00","article_modified_time":"2024-04-11T07:58:09+00:00","og_image":[{"width":800,"height":533,"url":"https:\/\/bxrepsol.s3.eu-west-1.amazonaws.com\/static\/2022\/08\/09134533\/portada5-1.jpg","type":"image\/jpeg"}],"author":"Redacci\u00f3n Box Repsol","twitter_card":"summary_large_image","twitter_creator":"@https:\/\/twitter.com\/box_repsol","twitter_site":"@box_repsol","twitter_misc":{"Written by":"Redacci\u00f3n Box Repsol","Est. reading time":"2 minutos"},"schema":{"@context":"https:\/\/schema.org","@graph":[{"@type":"Article","@id":"https:\/\/www.boxrepsol.com\/es\/trial\/empieza-la-recta-final-repsol-honda-team-mundial-trial\/#article","isPartOf":{"@id":"https:\/\/www.boxrepsol.com\/es\/trial\/empieza-la-recta-final-repsol-honda-team-mundial-trial\/"},"author":{"name":"Redacci\u00f3n Box Repsol","@id":"https:\/\/www.boxrepsol.com\/es\/#\/schema\/person\/c5c2138f2cca251b0ad92b7086bb60b7"},"headline":"Empieza la recta final para el Repsol Honda Team en el Mundial de Trial","datePublished":"2021-09-07T02:00:00+00:00","dateModified":"2024-04-11T07:58:09+00:00","mainEntityOfPage":{"@id":"https:\/\/www.boxrepsol.com\/es\/trial\/empieza-la-recta-final-repsol-honda-team-mundial-trial\/"},"wordCount":438,"commentCount":0,"publisher":{"@id":"https:\/\/www.boxrepsol.com\/es\/#organization"},"image":{"@id":"https:\/\/www.boxrepsol.com\/es\/trial\/empieza-la-recta-final-repsol-honda-team-mundial-trial\/#primaryimage"},"thumbnailUrl":"https:\/\/bxrepsol.s3.eu-west-1.amazonaws.com\/static\/2022\/08\/09134533\/portada5-1.jpg","keywords":["2021","Takahisa Fujinami","Toni Bou"],"articleSection":["Trial"],"inLanguage":"es","potentialAction":[{"@type":"CommentAction","name":"Comment","target":["https:\/\/www.boxrepsol.com\/es\/trial\/empieza-la-recta-final-repsol-honda-team-mundial-trial\/#respond"]}]},{"@type":"WebPage","@id":"https:\/\/www.boxrepsol.com\/es\/trial\/empieza-la-recta-final-repsol-honda-team-mundial-trial\/","url":"https:\/\/www.boxrepsol.com\/es\/trial\/empieza-la-recta-final-repsol-honda-team-mundial-trial\/","name":"Empieza la recta final para el Repsol Honda Team en el Mundial de Trial - Box Repsol","isPartOf":{"@id":"https:\/\/www.boxrepsol.com\/es\/#website"},"primaryImageOfPage":{"@id":"https:\/\/www.boxrepsol.com\/es\/trial\/empieza-la-recta-final-repsol-honda-team-mundial-trial\/#primaryimage"},"image":{"@id":"https:\/\/www.boxrepsol.com\/es\/trial\/empieza-la-recta-final-repsol-honda-team-mundial-trial\/#primaryimage"},"thumbnailUrl":"https:\/\/bxrepsol.s3.eu-west-1.amazonaws.com\/static\/2022\/08\/09134533\/portada5-1.jpg","datePublished":"2021-09-07T02:00:00+00:00","dateModified":"2024-04-11T07:58:09+00:00","breadcrumb":{"@id":"https:\/\/www.boxrepsol.com\/es\/trial\/empieza-la-recta-final-repsol-honda-team-mundial-trial\/#breadcrumb"},"inLanguage":"es","potentialAction":[{"@type":"ReadAction","target":["https:\/\/www.boxrepsol.com\/es\/trial\/empieza-la-recta-final-repsol-honda-team-mundial-trial\/"]}]},{"@type":"ImageObject","inLanguage":"es","@id":"https:\/\/www.boxrepsol.com\/es\/trial\/empieza-la-recta-final-repsol-honda-team-mundial-trial\/#primaryimage","url":"https:\/\/bxrepsol.s3.eu-west-1.amazonaws.com\/static\/2022\/08\/09134533\/portada5-1.jpg","contentUrl":"https:\/\/bxrepsol.s3.eu-west-1.amazonaws.com\/static\/2022\/08\/09134533\/portada5-1.jpg","width":800,"height":533},{"@type":"BreadcrumbList","@id":"https:\/\/www.boxrepsol.com\/es\/trial\/empieza-la-recta-final-repsol-honda-team-mundial-trial\/#breadcrumb","itemListElement":[{"@type":"ListItem","position":1,"name":"Home","item":"https:\/\/www.boxrepsol.com\/es\/"},{"@type":"ListItem","position":2,"name":"Empieza la recta final para el Repsol Honda Team en el Mundial de Trial"}]},{"@type":"WebSite","@id":"https:\/\/www.boxrepsol.com\/es\/#website","url":"https:\/\/www.boxrepsol.com\/es\/","name":"Box Repsol","description":"Box Repsol Site","publisher":{"@id":"https:\/\/www.boxrepsol.com\/es\/#organization"},"potentialAction":[{"@type":"SearchAction","target":{"@type":"EntryPoint","urlTemplate":"https:\/\/www.boxrepsol.com\/es\/?s={search_term_string}"},"query-input":{"@type":"PropertyValueSpecification","valueRequired":true,"valueName":"search_term_string"}}],"inLanguage":"es"},{"@type":"Organization","@id":"https:\/\/www.boxrepsol.com\/es\/#organization","name":"Box Repsol","url":"https:\/\/www.boxrepsol.com\/es\/","logo":{"@type":"ImageObject","inLanguage":"es","@id":"https:\/\/www.boxrepsol.com\/es\/#\/schema\/logo\/image\/","url":"https:\/\/bxrepsol.s3.eu-west-1.amazonaws.com\/static\/2025\/07\/30083337\/favicon-96x96-1.png","contentUrl":"https:\/\/bxrepsol.s3.eu-west-1.amazonaws.com\/static\/2025\/07\/30083337\/favicon-96x96-1.png","width":96,"height":96,"caption":"Box Repsol"},"image":{"@id":"https:\/\/www.boxrepsol.com\/es\/#\/schema\/logo\/image\/"},"sameAs":["https:\/\/www.facebook.com\/BoxRepsol","https:\/\/x.com\/box_repsol","http:\/\/instagram.com\/box_repsol","https:\/\/www.youtube.com\/user\/RepsolCompeticion","https:\/\/www.flickr.com\/photos\/box_repsol\/"]},{"@type":"Person","@id":"https:\/\/www.boxrepsol.com\/es\/#\/schema\/person\/c5c2138f2cca251b0ad92b7086bb60b7","name":"Redacci\u00f3n Box Repsol","image":{"@type":"ImageObject","inLanguage":"es","@id":"https:\/\/secure.gravatar.com\/avatar\/adf7b77e38b4419baf32c7e9c21dde01f4e40df611f0978e3006fc4ba0aaab7e?s=96&d=mm&r=g","url":"https:\/\/secure.gravatar.com\/avatar\/adf7b77e38b4419baf32c7e9c21dde01f4e40df611f0978e3006fc4ba0aaab7e?s=96&d=mm&r=g","contentUrl":"https:\/\/secure.gravatar.com\/avatar\/adf7b77e38b4419baf32c7e9c21dde01f4e40df611f0978e3006fc4ba0aaab7e?s=96&d=mm&r=g","caption":"Redacci\u00f3n Box Repsol"},"description":"Box Repsol lo forma un equipo de periodistas, community managers, dise\u00f1adores y fot\u00f3grafos con m\u00e1s de 20 a\u00f1os de experiencia en el mundo del motorsport. Hemos vivido el primer mundial de un espa\u00f1ol en la categor\u00eda reina de motociclismo con \u00c1lex Crivill\u00e9, estuvimos en las victorias de Pedrosa y los t\u00edtulos de M\u00e1rquez, acompa\u00f1amos en \u00c1frica a Nani Roma y Marc Coma en sus conquistas del Dakar y hemos vibrado con los t\u00edtulos de Toni Bou en Trial. Adem\u00e1s, en nuestro equipo contamos con expertos en el mundo de las dos y cuatro ruedas tanto de la calle y las carreteras, como de los circuitos. Periodistas que han trabajado en revistas y publicaciones para hacerte llegar desde rutas y consejos de mantenimiento, a curiosidades y trucos de pilotaje.","sameAs":["https:\/\/www.facebook.com\/BoxRepsol\/","https:\/\/www.instagram.com\/box_repsol\/","https:\/\/x.com\/https:\/\/twitter.com\/box_repsol","https:\/\/www.youtube.com\/@Boxrepsol"],"url":"https:\/\/www.boxrepsol.com\/es\/author\/redaccion-box-repsol\/"}]}},"_links":{"self":[{"href":"https:\/\/www.boxrepsol.com\/es\/wp-json\/wp\/v2\/posts\/95084","targetHints":{"allow":["GET"]}}],"collection":[{"href":"https:\/\/www.boxrepsol.com\/es\/wp-json\/wp\/v2\/posts"}],"about":[{"href":"https:\/\/www.boxrepsol.com\/es\/wp-json\/wp\/v2\/types\/post"}],"author":[{"embeddable":true,"href":"https:\/\/www.boxrepsol.com\/es\/wp-json\/wp\/v2\/users\/43146"}],"replies":[{"embeddable":true,"href":"https:\/\/www.boxrepsol.com\/es\/wp-json\/wp\/v2\/comments?post=95084"}],"version-history":[{"count":1,"href":"https:\/\/www.boxrepsol.com\/es\/wp-json\/wp\/v2\/posts\/95084\/revisions"}],"predecessor-version":[{"id":114759,"href":"https:\/\/www.boxrepsol.com\/es\/wp-json\/wp\/v2\/posts\/95084\/revisions\/114759"}],"wp:featuredmedia":[{"embeddable":true,"href":"https:\/\/www.boxrepsol.com\/es\/wp-json\/wp\/v2\/media\/43840"}],"wp:attachment":[{"href":"https:\/\/www.boxrepsol.com\/es\/wp-json\/wp\/v2\/media?parent=95084"}],"wp:term":[{"taxonomy":"category","embeddable":true,"href":"https:\/\/www.boxrepsol.com\/es\/wp-json\/wp\/v2\/categories?post=95084"},{"taxonomy":"post_tag","embeddable":true,"href":"https:\/\/www.boxrepsol.com\/es\/wp-json\/wp\/v2\/tags?post=95084"}],"curies":[{"name":"wp","href":"https:\/\/api.w.org\/{rel}","templated":true}]}}