{"id":95078,"date":"2021-08-30T00:00:00","date_gmt":"2021-08-30T02:00:00","guid":{"rendered":"http:\/\/pre.boxrepsol.com\/sin-categorizar\/pol-espargaro-ha-podido-volver-a-su-verdadero-nivel\/"},"modified":"2024-04-11T05:59:27","modified_gmt":"2024-04-11T07:59:27","slug":"pol-espargaro-ha-podido-volver-a-su-verdadero-nivel","status":"publish","type":"post","link":"https:\/\/www.boxrepsol.com\/es\/motogp\/pol-espargaro-ha-podido-volver-a-su-verdadero-nivel\/","title":{"rendered":"\u00abPol Espargar\u00f3 ha podido volver a su verdadero nivel\u201d"},"content":{"rendered":"<p><strong>\u00bfEs Silverstone el punto de partida para ver el verdadero potencial de Espargar\u00f3?<\/strong><\/p>\n<p>\u00abEste fin de semana ha sido un punto de inflexi\u00f3n muy importante para Pol Espargar\u00f3. Creo que ha dado un paso enorme en comparaci\u00f3n con lo que ha estado haciendo hasta ahora a lo largo de 2021. Creo que la forma en que afront\u00f3 la carrera fue muy buena y pudo mostrar su potencial real. Pol es un piloto que puede estar en estas posiciones, por lo que esperamos que a partir de ahora pueda seguir as\u00ed y continuar progresando. Estamos muy contentos por Pol en el equipo, ha sido dif\u00edcil para \u00e9l y se merec\u00eda este buen resultado. Estuvo fant\u00e1stico durante la clasificaci\u00f3n para conseguir la \u2018pole position\u2019 y, aunque por supuesto aspiraba al podio en la carrera, ha podido dar un paso importante y volver a su antigua forma\u201d.<\/p>\n<p><strong>Marc M\u00e1rquez demostr\u00f3 su nivel en Austria y tambi\u00e9n le fue bien durante este fin de semana del GP de Gran Breta\u00f1a&#8230;<\/strong><\/p>\n<p>\u00abS\u00ed, hemos visto a M\u00e1rquez m\u00e1s fuerte en estas \u00faltimas rondas. Desafortunadamente, Marc calcul\u00f3 mal el adelantamiento con Mart\u00edn, no era su intenci\u00f3n, pero tuvieron un contacto durante la primera vuelta y ambos cayeron como resultado. Lo sentimos por Mart\u00edn y por su equipo. Esto es una carrera, estas cosas pueden suceder durante la primera vuelta, cuando todos los pilotos est\u00e1n juntos. Es una pena porque Marc podr\u00eda haber luchado por el podio, tal vez no por la victoria, pero seguro que por el podio\u201d.<\/p>\n<p><strong>\u00bfPuntos positivos y negativos despu\u00e9s de la carrera?<\/strong><\/p>\n<p>\u00abLo positivo es que Pol Espargar\u00f3 ha podido volver a su verdadero nivel, ha demostrado la raz\u00f3n por la que le pedimos que se uniera a HRC. Lo negativo es la ca\u00edda de M\u00e1rquez\u201d.<\/p>\n<p><strong>\u00bfC\u00f3mo se vio la carrera desde el \u2018pitlane\u2019?<\/strong><\/p>\n<p>\u00abFue triste ver a Marc caer durante la primera vuelta, pero por el otro lado fue emocionante ver la carrera de Pol. Intent\u00f3 mantenerse al frente en las primeras vueltas y luego pilot\u00f3 bien para defenderse de sus rivales y sobrevivir hasta el final del Gran Premio\u201d.<\/p>\n<p><strong>\u00bfCu\u00e1l fue la estrategia de Pol?<\/strong><\/p>\n<p>\u00abSu objetivo era hacer una buena carrera y fortalecerse, no busc\u00e1bamos el podio. Cuando comienzas la carrera desde la pole, normalmente tu objetivo deber\u00eda ser el podio, pero este no era el caso. De todos modos, es cierto que Pol sufri\u00f3 el deterioro de su neum\u00e1tico trasero, quiz\u00e1s nuestra decisi\u00f3n con el blando no fue la correcta. Sobre todo, lo importante es que vuelva a ser r\u00e1pido y a tener un buen fin de semana de viernes a domingo\u201d.<\/p>\n<p><strong>Pr\u00f3xima parada Arag\u00f3n, normalmente un buen circuito para la Honda RC213V\u2026<\/strong><\/p>\n<p>\u00abEstamos felices de volver de nuevo a Arag\u00f3n. Es una pista dif\u00edcil, pero Arag\u00f3n se adapta mucho a M\u00e1rquez y tambi\u00e9n Honda ha logrado resultados buenos y consistentes all\u00ed en el pasado. Pero, por supuesto, en 2021 llegamos en una situaci\u00f3n \u00fanica, ya que Marc no est\u00e1 al 100%; sin embargo, sabemos que seguir\u00e1 intentando alcanzar su m\u00e1ximo potencial. Ser\u00e1 interesante para Espargar\u00f3 confirmar su progreso\u201d.<\/p>\n","protected":false},"excerpt":{"rendered":"<p>Alberto Puig nos explica cu\u00e1les son sus conclusiones despu\u00e9s del Gran Premio de Gran Breta\u00f1a en Silverstone, duod\u00e9cima cita de la temporada<\/p>\n","protected":false},"author":43146,"featured_media":43806,"comment_status":"open","ping_status":"open","sticky":false,"template":"","format":"standard","meta":{"footnotes":""},"categories":[4],"tags":[194,143,128],"class_list":["post-95078","post","type-post","status-publish","format-standard","hentry","category-motogp","tag-194","tag-motogp-gran-bretana","tag-pol-espargaro"],"yoast_head":"<!-- This site is optimized with the Yoast SEO plugin v27.3 - https:\/\/yoast.com\/product\/yoast-seo-wordpress\/ -->\n<title>&quot;Pol Espargar\u00f3 ha podido volver a su verdadero nivel\u201d - Box Repsol<\/title>\n<meta name=\"description\" content=\"Alberto Puig nos explica cu\u00e1les son sus conclusiones despu\u00e9s del Gran Premio de Gran Breta\u00f1a en Silverstone, duod\u00e9cima cita de la temporada\" \/>\n<link rel=\"canonical\" href=\"https:\/\/www.boxrepsol.com\/es\/motogp\/pol-espargaro-ha-podido-volver-a-su-verdadero-nivel\/\" \/>\n<meta property=\"og:locale\" content=\"es_ES\" \/>\n<meta property=\"og:type\" content=\"article\" \/>\n<meta property=\"og:title\" content=\"&quot;Pol Espargar\u00f3 ha podido volver a su verdadero nivel\u201d - Box Repsol\" \/>\n<meta property=\"og:description\" content=\"Alberto Puig nos explica cu\u00e1les son sus conclusiones despu\u00e9s del Gran Premio de Gran Breta\u00f1a en Silverstone, duod\u00e9cima cita de la temporada\" \/>\n<meta property=\"og:url\" content=\"https:\/\/www.boxrepsol.com\/es\/motogp\/pol-espargaro-ha-podido-volver-a-su-verdadero-nivel\/\" \/>\n<meta property=\"og:site_name\" content=\"Box Repsol\" \/>\n<meta property=\"article:publisher\" content=\"https:\/\/www.facebook.com\/BoxRepsol\" \/>\n<meta property=\"article:author\" content=\"https:\/\/www.facebook.com\/BoxRepsol\/\" \/>\n<meta property=\"article:published_time\" content=\"2021-08-30T02:00:00+00:00\" \/>\n<meta property=\"article:modified_time\" content=\"2024-04-11T07:59:27+00:00\" \/>\n<meta property=\"og:image\" content=\"https:\/\/bxrepsol.s3.eu-west-1.amazonaws.com\/static\/2022\/08\/09134415\/RD11_Silverstone_2021-097021-1.jpg\" \/>\n\t<meta property=\"og:image:width\" content=\"1280\" \/>\n\t<meta property=\"og:image:height\" content=\"600\" \/>\n\t<meta property=\"og:image:type\" content=\"image\/jpeg\" \/>\n<meta name=\"author\" content=\"Redacci\u00f3n Box Repsol\" \/>\n<meta name=\"twitter:card\" content=\"summary_large_image\" \/>\n<meta name=\"twitter:creator\" content=\"@https:\/\/twitter.com\/box_repsol\" \/>\n<meta name=\"twitter:site\" content=\"@box_repsol\" \/>\n<meta name=\"twitter:label1\" content=\"Written by\" \/>\n\t<meta name=\"twitter:data1\" content=\"Redacci\u00f3n Box Repsol\" \/>\n\t<meta name=\"twitter:label2\" content=\"Est. reading time\" \/>\n\t<meta name=\"twitter:data2\" content=\"3 minutos\" \/>\n<script type=\"application\/ld+json\" class=\"yoast-schema-graph\">{\"@context\":\"https:\\\/\\\/schema.org\",\"@graph\":[{\"@type\":\"Article\",\"@id\":\"https:\\\/\\\/www.boxrepsol.com\\\/es\\\/motogp\\\/pol-espargaro-ha-podido-volver-a-su-verdadero-nivel\\\/#article\",\"isPartOf\":{\"@id\":\"https:\\\/\\\/www.boxrepsol.com\\\/es\\\/motogp\\\/pol-espargaro-ha-podido-volver-a-su-verdadero-nivel\\\/\"},\"author\":{\"name\":\"Redacci\u00f3n Box Repsol\",\"@id\":\"https:\\\/\\\/www.boxrepsol.com\\\/es\\\/#\\\/schema\\\/person\\\/c5c2138f2cca251b0ad92b7086bb60b7\"},\"headline\":\"\u00abPol Espargar\u00f3 ha podido volver a su verdadero nivel\u201d\",\"datePublished\":\"2021-08-30T02:00:00+00:00\",\"dateModified\":\"2024-04-11T07:59:27+00:00\",\"mainEntityOfPage\":{\"@id\":\"https:\\\/\\\/www.boxrepsol.com\\\/es\\\/motogp\\\/pol-espargaro-ha-podido-volver-a-su-verdadero-nivel\\\/\"},\"wordCount\":554,\"commentCount\":0,\"publisher\":{\"@id\":\"https:\\\/\\\/www.boxrepsol.com\\\/es\\\/#organization\"},\"image\":{\"@id\":\"https:\\\/\\\/www.boxrepsol.com\\\/es\\\/motogp\\\/pol-espargaro-ha-podido-volver-a-su-verdadero-nivel\\\/#primaryimage\"},\"thumbnailUrl\":\"https:\\\/\\\/bxrepsol.s3.eu-west-1.amazonaws.com\\\/static\\\/2022\\\/08\\\/09134415\\\/RD11_Silverstone_2021-097021-1.jpg\",\"keywords\":[\"2021\",\"MotoGP Gran Breta\u00f1a\",\"Pol Espargar\u00f3\"],\"articleSection\":[\"MotoGP\"],\"inLanguage\":\"es\",\"potentialAction\":[{\"@type\":\"CommentAction\",\"name\":\"Comment\",\"target\":[\"https:\\\/\\\/www.boxrepsol.com\\\/es\\\/motogp\\\/pol-espargaro-ha-podido-volver-a-su-verdadero-nivel\\\/#respond\"]}]},{\"@type\":\"WebPage\",\"@id\":\"https:\\\/\\\/www.boxrepsol.com\\\/es\\\/motogp\\\/pol-espargaro-ha-podido-volver-a-su-verdadero-nivel\\\/\",\"url\":\"https:\\\/\\\/www.boxrepsol.com\\\/es\\\/motogp\\\/pol-espargaro-ha-podido-volver-a-su-verdadero-nivel\\\/\",\"name\":\"\\\"Pol Espargar\u00f3 ha podido volver a su verdadero nivel\u201d - Box Repsol\",\"isPartOf\":{\"@id\":\"https:\\\/\\\/www.boxrepsol.com\\\/es\\\/#website\"},\"primaryImageOfPage\":{\"@id\":\"https:\\\/\\\/www.boxrepsol.com\\\/es\\\/motogp\\\/pol-espargaro-ha-podido-volver-a-su-verdadero-nivel\\\/#primaryimage\"},\"image\":{\"@id\":\"https:\\\/\\\/www.boxrepsol.com\\\/es\\\/motogp\\\/pol-espargaro-ha-podido-volver-a-su-verdadero-nivel\\\/#primaryimage\"},\"thumbnailUrl\":\"https:\\\/\\\/bxrepsol.s3.eu-west-1.amazonaws.com\\\/static\\\/2022\\\/08\\\/09134415\\\/RD11_Silverstone_2021-097021-1.jpg\",\"datePublished\":\"2021-08-30T02:00:00+00:00\",\"dateModified\":\"2024-04-11T07:59:27+00:00\",\"description\":\"Alberto Puig nos explica cu\u00e1les son sus conclusiones despu\u00e9s del Gran Premio de Gran Breta\u00f1a en Silverstone, duod\u00e9cima cita de la temporada\",\"breadcrumb\":{\"@id\":\"https:\\\/\\\/www.boxrepsol.com\\\/es\\\/motogp\\\/pol-espargaro-ha-podido-volver-a-su-verdadero-nivel\\\/#breadcrumb\"},\"inLanguage\":\"es\",\"potentialAction\":[{\"@type\":\"ReadAction\",\"target\":[\"https:\\\/\\\/www.boxrepsol.com\\\/es\\\/motogp\\\/pol-espargaro-ha-podido-volver-a-su-verdadero-nivel\\\/\"]}]},{\"@type\":\"ImageObject\",\"inLanguage\":\"es\",\"@id\":\"https:\\\/\\\/www.boxrepsol.com\\\/es\\\/motogp\\\/pol-espargaro-ha-podido-volver-a-su-verdadero-nivel\\\/#primaryimage\",\"url\":\"https:\\\/\\\/bxrepsol.s3.eu-west-1.amazonaws.com\\\/static\\\/2022\\\/08\\\/09134415\\\/RD11_Silverstone_2021-097021-1.jpg\",\"contentUrl\":\"https:\\\/\\\/bxrepsol.s3.eu-west-1.amazonaws.com\\\/static\\\/2022\\\/08\\\/09134415\\\/RD11_Silverstone_2021-097021-1.jpg\",\"width\":1280,\"height\":600},{\"@type\":\"BreadcrumbList\",\"@id\":\"https:\\\/\\\/www.boxrepsol.com\\\/es\\\/motogp\\\/pol-espargaro-ha-podido-volver-a-su-verdadero-nivel\\\/#breadcrumb\",\"itemListElement\":[{\"@type\":\"ListItem\",\"position\":1,\"name\":\"Home\",\"item\":\"https:\\\/\\\/www.boxrepsol.com\\\/es\\\/\"},{\"@type\":\"ListItem\",\"position\":2,\"name\":\"\u00abPol Espargar\u00f3 ha podido volver a su verdadero nivel\u201d\"}]},{\"@type\":\"WebSite\",\"@id\":\"https:\\\/\\\/www.boxrepsol.com\\\/es\\\/#website\",\"url\":\"https:\\\/\\\/www.boxrepsol.com\\\/es\\\/\",\"name\":\"Box Repsol\",\"description\":\"Box Repsol Site\",\"publisher\":{\"@id\":\"https:\\\/\\\/www.boxrepsol.com\\\/es\\\/#organization\"},\"potentialAction\":[{\"@type\":\"SearchAction\",\"target\":{\"@type\":\"EntryPoint\",\"urlTemplate\":\"https:\\\/\\\/www.boxrepsol.com\\\/es\\\/?s={search_term_string}\"},\"query-input\":{\"@type\":\"PropertyValueSpecification\",\"valueRequired\":true,\"valueName\":\"search_term_string\"}}],\"inLanguage\":\"es\"},{\"@type\":\"Organization\",\"@id\":\"https:\\\/\\\/www.boxrepsol.com\\\/es\\\/#organization\",\"name\":\"Box Repsol\",\"url\":\"https:\\\/\\\/www.boxrepsol.com\\\/es\\\/\",\"logo\":{\"@type\":\"ImageObject\",\"inLanguage\":\"es\",\"@id\":\"https:\\\/\\\/www.boxrepsol.com\\\/es\\\/#\\\/schema\\\/logo\\\/image\\\/\",\"url\":\"https:\\\/\\\/bxrepsol.s3.eu-west-1.amazonaws.com\\\/static\\\/2025\\\/07\\\/30083337\\\/favicon-96x96-1.png\",\"contentUrl\":\"https:\\\/\\\/bxrepsol.s3.eu-west-1.amazonaws.com\\\/static\\\/2025\\\/07\\\/30083337\\\/favicon-96x96-1.png\",\"width\":96,\"height\":96,\"caption\":\"Box Repsol\"},\"image\":{\"@id\":\"https:\\\/\\\/www.boxrepsol.com\\\/es\\\/#\\\/schema\\\/logo\\\/image\\\/\"},\"sameAs\":[\"https:\\\/\\\/www.facebook.com\\\/BoxRepsol\",\"https:\\\/\\\/x.com\\\/box_repsol\",\"http:\\\/\\\/instagram.com\\\/box_repsol\",\"https:\\\/\\\/www.youtube.com\\\/user\\\/RepsolCompeticion\",\"https:\\\/\\\/www.flickr.com\\\/photos\\\/box_repsol\\\/\"]},{\"@type\":\"Person\",\"@id\":\"https:\\\/\\\/www.boxrepsol.com\\\/es\\\/#\\\/schema\\\/person\\\/c5c2138f2cca251b0ad92b7086bb60b7\",\"name\":\"Redacci\u00f3n Box Repsol\",\"image\":{\"@type\":\"ImageObject\",\"inLanguage\":\"es\",\"@id\":\"https:\\\/\\\/secure.gravatar.com\\\/avatar\\\/adf7b77e38b4419baf32c7e9c21dde01f4e40df611f0978e3006fc4ba0aaab7e?s=96&d=mm&r=g\",\"url\":\"https:\\\/\\\/secure.gravatar.com\\\/avatar\\\/adf7b77e38b4419baf32c7e9c21dde01f4e40df611f0978e3006fc4ba0aaab7e?s=96&d=mm&r=g\",\"contentUrl\":\"https:\\\/\\\/secure.gravatar.com\\\/avatar\\\/adf7b77e38b4419baf32c7e9c21dde01f4e40df611f0978e3006fc4ba0aaab7e?s=96&d=mm&r=g\",\"caption\":\"Redacci\u00f3n Box Repsol\"},\"description\":\"Box Repsol lo forma un equipo de periodistas, community managers, dise\u00f1adores y fot\u00f3grafos con m\u00e1s de 20 a\u00f1os de experiencia en el mundo del motorsport. Hemos vivido el primer mundial de un espa\u00f1ol en la categor\u00eda reina de motociclismo con \u00c1lex Crivill\u00e9, estuvimos en las victorias de Pedrosa y los t\u00edtulos de M\u00e1rquez, acompa\u00f1amos en \u00c1frica a Nani Roma y Marc Coma en sus conquistas del Dakar y hemos vibrado con los t\u00edtulos de Toni Bou en Trial. Adem\u00e1s, en nuestro equipo contamos con expertos en el mundo de las dos y cuatro ruedas tanto de la calle y las carreteras, como de los circuitos. Periodistas que han trabajado en revistas y publicaciones para hacerte llegar desde rutas y consejos de mantenimiento, a curiosidades y trucos de pilotaje.\",\"sameAs\":[\"https:\\\/\\\/www.facebook.com\\\/BoxRepsol\\\/\",\"https:\\\/\\\/www.instagram.com\\\/box_repsol\\\/\",\"https:\\\/\\\/x.com\\\/https:\\\/\\\/twitter.com\\\/box_repsol\",\"https:\\\/\\\/www.youtube.com\\\/@Boxrepsol\"],\"url\":\"https:\\\/\\\/www.boxrepsol.com\\\/es\\\/author\\\/redaccion-box-repsol\\\/\"}]}<\/script>\n<!-- \/ Yoast SEO plugin. -->","yoast_head_json":{"title":"\"Pol Espargar\u00f3 ha podido volver a su verdadero nivel\u201d - Box Repsol","description":"Alberto Puig nos explica cu\u00e1les son sus conclusiones despu\u00e9s del Gran Premio de Gran Breta\u00f1a en Silverstone, duod\u00e9cima cita de la temporada","canonical":"https:\/\/www.boxrepsol.com\/es\/motogp\/pol-espargaro-ha-podido-volver-a-su-verdadero-nivel\/","og_locale":"es_ES","og_type":"article","og_title":"\"Pol Espargar\u00f3 ha podido volver a su verdadero nivel\u201d - Box Repsol","og_description":"Alberto Puig nos explica cu\u00e1les son sus conclusiones despu\u00e9s del Gran Premio de Gran Breta\u00f1a en Silverstone, duod\u00e9cima cita de la temporada","og_url":"https:\/\/www.boxrepsol.com\/es\/motogp\/pol-espargaro-ha-podido-volver-a-su-verdadero-nivel\/","og_site_name":"Box Repsol","article_publisher":"https:\/\/www.facebook.com\/BoxRepsol","article_author":"https:\/\/www.facebook.com\/BoxRepsol\/","article_published_time":"2021-08-30T02:00:00+00:00","article_modified_time":"2024-04-11T07:59:27+00:00","og_image":[{"width":1280,"height":600,"url":"https:\/\/bxrepsol.s3.eu-west-1.amazonaws.com\/static\/2022\/08\/09134415\/RD11_Silverstone_2021-097021-1.jpg","type":"image\/jpeg"}],"author":"Redacci\u00f3n Box Repsol","twitter_card":"summary_large_image","twitter_creator":"@https:\/\/twitter.com\/box_repsol","twitter_site":"@box_repsol","twitter_misc":{"Written by":"Redacci\u00f3n Box Repsol","Est. reading time":"3 minutos"},"schema":{"@context":"https:\/\/schema.org","@graph":[{"@type":"Article","@id":"https:\/\/www.boxrepsol.com\/es\/motogp\/pol-espargaro-ha-podido-volver-a-su-verdadero-nivel\/#article","isPartOf":{"@id":"https:\/\/www.boxrepsol.com\/es\/motogp\/pol-espargaro-ha-podido-volver-a-su-verdadero-nivel\/"},"author":{"name":"Redacci\u00f3n Box Repsol","@id":"https:\/\/www.boxrepsol.com\/es\/#\/schema\/person\/c5c2138f2cca251b0ad92b7086bb60b7"},"headline":"\u00abPol Espargar\u00f3 ha podido volver a su verdadero nivel\u201d","datePublished":"2021-08-30T02:00:00+00:00","dateModified":"2024-04-11T07:59:27+00:00","mainEntityOfPage":{"@id":"https:\/\/www.boxrepsol.com\/es\/motogp\/pol-espargaro-ha-podido-volver-a-su-verdadero-nivel\/"},"wordCount":554,"commentCount":0,"publisher":{"@id":"https:\/\/www.boxrepsol.com\/es\/#organization"},"image":{"@id":"https:\/\/www.boxrepsol.com\/es\/motogp\/pol-espargaro-ha-podido-volver-a-su-verdadero-nivel\/#primaryimage"},"thumbnailUrl":"https:\/\/bxrepsol.s3.eu-west-1.amazonaws.com\/static\/2022\/08\/09134415\/RD11_Silverstone_2021-097021-1.jpg","keywords":["2021","MotoGP Gran Breta\u00f1a","Pol Espargar\u00f3"],"articleSection":["MotoGP"],"inLanguage":"es","potentialAction":[{"@type":"CommentAction","name":"Comment","target":["https:\/\/www.boxrepsol.com\/es\/motogp\/pol-espargaro-ha-podido-volver-a-su-verdadero-nivel\/#respond"]}]},{"@type":"WebPage","@id":"https:\/\/www.boxrepsol.com\/es\/motogp\/pol-espargaro-ha-podido-volver-a-su-verdadero-nivel\/","url":"https:\/\/www.boxrepsol.com\/es\/motogp\/pol-espargaro-ha-podido-volver-a-su-verdadero-nivel\/","name":"\"Pol Espargar\u00f3 ha podido volver a su verdadero nivel\u201d - Box Repsol","isPartOf":{"@id":"https:\/\/www.boxrepsol.com\/es\/#website"},"primaryImageOfPage":{"@id":"https:\/\/www.boxrepsol.com\/es\/motogp\/pol-espargaro-ha-podido-volver-a-su-verdadero-nivel\/#primaryimage"},"image":{"@id":"https:\/\/www.boxrepsol.com\/es\/motogp\/pol-espargaro-ha-podido-volver-a-su-verdadero-nivel\/#primaryimage"},"thumbnailUrl":"https:\/\/bxrepsol.s3.eu-west-1.amazonaws.com\/static\/2022\/08\/09134415\/RD11_Silverstone_2021-097021-1.jpg","datePublished":"2021-08-30T02:00:00+00:00","dateModified":"2024-04-11T07:59:27+00:00","description":"Alberto Puig nos explica cu\u00e1les son sus conclusiones despu\u00e9s del Gran Premio de Gran Breta\u00f1a en Silverstone, duod\u00e9cima cita de la temporada","breadcrumb":{"@id":"https:\/\/www.boxrepsol.com\/es\/motogp\/pol-espargaro-ha-podido-volver-a-su-verdadero-nivel\/#breadcrumb"},"inLanguage":"es","potentialAction":[{"@type":"ReadAction","target":["https:\/\/www.boxrepsol.com\/es\/motogp\/pol-espargaro-ha-podido-volver-a-su-verdadero-nivel\/"]}]},{"@type":"ImageObject","inLanguage":"es","@id":"https:\/\/www.boxrepsol.com\/es\/motogp\/pol-espargaro-ha-podido-volver-a-su-verdadero-nivel\/#primaryimage","url":"https:\/\/bxrepsol.s3.eu-west-1.amazonaws.com\/static\/2022\/08\/09134415\/RD11_Silverstone_2021-097021-1.jpg","contentUrl":"https:\/\/bxrepsol.s3.eu-west-1.amazonaws.com\/static\/2022\/08\/09134415\/RD11_Silverstone_2021-097021-1.jpg","width":1280,"height":600},{"@type":"BreadcrumbList","@id":"https:\/\/www.boxrepsol.com\/es\/motogp\/pol-espargaro-ha-podido-volver-a-su-verdadero-nivel\/#breadcrumb","itemListElement":[{"@type":"ListItem","position":1,"name":"Home","item":"https:\/\/www.boxrepsol.com\/es\/"},{"@type":"ListItem","position":2,"name":"\u00abPol Espargar\u00f3 ha podido volver a su verdadero nivel\u201d"}]},{"@type":"WebSite","@id":"https:\/\/www.boxrepsol.com\/es\/#website","url":"https:\/\/www.boxrepsol.com\/es\/","name":"Box Repsol","description":"Box Repsol Site","publisher":{"@id":"https:\/\/www.boxrepsol.com\/es\/#organization"},"potentialAction":[{"@type":"SearchAction","target":{"@type":"EntryPoint","urlTemplate":"https:\/\/www.boxrepsol.com\/es\/?s={search_term_string}"},"query-input":{"@type":"PropertyValueSpecification","valueRequired":true,"valueName":"search_term_string"}}],"inLanguage":"es"},{"@type":"Organization","@id":"https:\/\/www.boxrepsol.com\/es\/#organization","name":"Box Repsol","url":"https:\/\/www.boxrepsol.com\/es\/","logo":{"@type":"ImageObject","inLanguage":"es","@id":"https:\/\/www.boxrepsol.com\/es\/#\/schema\/logo\/image\/","url":"https:\/\/bxrepsol.s3.eu-west-1.amazonaws.com\/static\/2025\/07\/30083337\/favicon-96x96-1.png","contentUrl":"https:\/\/bxrepsol.s3.eu-west-1.amazonaws.com\/static\/2025\/07\/30083337\/favicon-96x96-1.png","width":96,"height":96,"caption":"Box Repsol"},"image":{"@id":"https:\/\/www.boxrepsol.com\/es\/#\/schema\/logo\/image\/"},"sameAs":["https:\/\/www.facebook.com\/BoxRepsol","https:\/\/x.com\/box_repsol","http:\/\/instagram.com\/box_repsol","https:\/\/www.youtube.com\/user\/RepsolCompeticion","https:\/\/www.flickr.com\/photos\/box_repsol\/"]},{"@type":"Person","@id":"https:\/\/www.boxrepsol.com\/es\/#\/schema\/person\/c5c2138f2cca251b0ad92b7086bb60b7","name":"Redacci\u00f3n Box Repsol","image":{"@type":"ImageObject","inLanguage":"es","@id":"https:\/\/secure.gravatar.com\/avatar\/adf7b77e38b4419baf32c7e9c21dde01f4e40df611f0978e3006fc4ba0aaab7e?s=96&d=mm&r=g","url":"https:\/\/secure.gravatar.com\/avatar\/adf7b77e38b4419baf32c7e9c21dde01f4e40df611f0978e3006fc4ba0aaab7e?s=96&d=mm&r=g","contentUrl":"https:\/\/secure.gravatar.com\/avatar\/adf7b77e38b4419baf32c7e9c21dde01f4e40df611f0978e3006fc4ba0aaab7e?s=96&d=mm&r=g","caption":"Redacci\u00f3n Box Repsol"},"description":"Box Repsol lo forma un equipo de periodistas, community managers, dise\u00f1adores y fot\u00f3grafos con m\u00e1s de 20 a\u00f1os de experiencia en el mundo del motorsport. Hemos vivido el primer mundial de un espa\u00f1ol en la categor\u00eda reina de motociclismo con \u00c1lex Crivill\u00e9, estuvimos en las victorias de Pedrosa y los t\u00edtulos de M\u00e1rquez, acompa\u00f1amos en \u00c1frica a Nani Roma y Marc Coma en sus conquistas del Dakar y hemos vibrado con los t\u00edtulos de Toni Bou en Trial. Adem\u00e1s, en nuestro equipo contamos con expertos en el mundo de las dos y cuatro ruedas tanto de la calle y las carreteras, como de los circuitos. Periodistas que han trabajado en revistas y publicaciones para hacerte llegar desde rutas y consejos de mantenimiento, a curiosidades y trucos de pilotaje.","sameAs":["https:\/\/www.facebook.com\/BoxRepsol\/","https:\/\/www.instagram.com\/box_repsol\/","https:\/\/x.com\/https:\/\/twitter.com\/box_repsol","https:\/\/www.youtube.com\/@Boxrepsol"],"url":"https:\/\/www.boxrepsol.com\/es\/author\/redaccion-box-repsol\/"}]}},"_links":{"self":[{"href":"https:\/\/www.boxrepsol.com\/es\/wp-json\/wp\/v2\/posts\/95078","targetHints":{"allow":["GET"]}}],"collection":[{"href":"https:\/\/www.boxrepsol.com\/es\/wp-json\/wp\/v2\/posts"}],"about":[{"href":"https:\/\/www.boxrepsol.com\/es\/wp-json\/wp\/v2\/types\/post"}],"author":[{"embeddable":true,"href":"https:\/\/www.boxrepsol.com\/es\/wp-json\/wp\/v2\/users\/43146"}],"replies":[{"embeddable":true,"href":"https:\/\/www.boxrepsol.com\/es\/wp-json\/wp\/v2\/comments?post=95078"}],"version-history":[{"count":1,"href":"https:\/\/www.boxrepsol.com\/es\/wp-json\/wp\/v2\/posts\/95078\/revisions"}],"predecessor-version":[{"id":114762,"href":"https:\/\/www.boxrepsol.com\/es\/wp-json\/wp\/v2\/posts\/95078\/revisions\/114762"}],"wp:featuredmedia":[{"embeddable":true,"href":"https:\/\/www.boxrepsol.com\/es\/wp-json\/wp\/v2\/media\/43806"}],"wp:attachment":[{"href":"https:\/\/www.boxrepsol.com\/es\/wp-json\/wp\/v2\/media?parent=95078"}],"wp:term":[{"taxonomy":"category","embeddable":true,"href":"https:\/\/www.boxrepsol.com\/es\/wp-json\/wp\/v2\/categories?post=95078"},{"taxonomy":"post_tag","embeddable":true,"href":"https:\/\/www.boxrepsol.com\/es\/wp-json\/wp\/v2\/tags?post=95078"}],"curies":[{"name":"wp","href":"https:\/\/api.w.org\/{rel}","templated":true}]}}