{"id":95072,"date":"2021-08-25T00:00:00","date_gmt":"2021-08-25T02:00:00","guid":{"rendered":"http:\/\/pre.boxrepsol.com\/sin-categorizar\/el-trialgp-de-francia-tras-andorra-un-nuevo-objetivo-para-recuperar-sensaciones\/"},"modified":"2024-04-12T13:21:04","modified_gmt":"2024-04-12T15:21:04","slug":"el-trialgp-de-francia-tras-andorra-un-nuevo-objetivo-para-recuperar-sensaciones","status":"publish","type":"post","link":"https:\/\/www.boxrepsol.com\/es\/trial\/el-trialgp-de-francia-tras-andorra-un-nuevo-objetivo-para-recuperar-sensaciones\/","title":{"rendered":"El TrialGP de Francia, tras Andorra: un nuevo objetivo para recuperar sensaciones"},"content":{"rendered":"<p>Sin descanso, los pilotos del <strong>Repsol Honda Team<\/strong> tienen, este fin de semana, una nueva cita: el <strong>TrialGP de Francia.<\/strong> Y los objetivos para Toni Bou y Takahisa Fujinami coinciden en volver a retomar el camino de inicio de temporada, m\u00e1s satisfactorio no s\u00f3lo en resultados, sino tambi\u00e9n en pilotaje.<\/p>\n<p><strong>Toni Bou<\/strong> mantiene el liderato del Campeonato del Mundo de TrialGP tras cinco carreras, con ocho puntos de ventaja sobre el principal rival, Adam Raga. Bou buscar\u00e1 ampliar la diferencia en la provisional del campeonato para intentar cosechar su d\u00e9cimo quinto t\u00edtulo cuanto antes. Por su parte, <strong>Fujigas<\/strong> tambi\u00e9n quiere recuperar el espacio perdido en la carrera de los Pirineos y luchar por una posici\u00f3n de podio.<\/p>\n<p>La cita de <strong>Cahors<\/strong> es la segunda prueba de TrialGP que se celebra este a\u00f1o en Francia tras la cita de Charade. Como en la carrera celebrada en el Circuito de Charade, el TrialGP de Francia s\u00f3lo tendr\u00e1 un d\u00eda de competici\u00f3n: el domingo. Nunca antes se ha disputado un Mundial en la ciudad del r\u00edo Lot, aunque, desde hace algunos a\u00f1os los vecinos de la poblaci\u00f3n occitana ya conocen este deporte por celebrarse el Trial Urbano de Cahors que acostumbra a reunir a los principales pilotos de la especialidad. En esta ocasi\u00f3n, sin embargo, la carrera se alejar\u00e1 del centro de la poblaci\u00f3n por motivos sanitarios y para evitar concentraciones de espectadores, para buscar un recorrido alternativo por las afueras de Cahors. Ser\u00e1n nuevamente doce zonas y dos vueltas, con inicio a las 10h de la ma\u00f1ana y final sobre las 16h, aproximadamente.<\/p>\n<p>&nbsp;<\/p>\n<hr>\n<p>&nbsp;<\/p>\n<h2>Declaraciones de los pilotos<\/h2>\n<h3>Toni Bou<\/h3>\n<p><em>\u00abDespu\u00e9s del primer y tercer puesto en Andorra, que son un buen resultado, vamos a Francia con el objetivo de recobrar las sensaciones que ten\u00edamos antes del verano y olvidar lo sucedido en Andorra el domingo. De todas formas, siempre decimos, y lo vimos claramente, que la igualdad entre varios pilotos es muy grande este a\u00f1o y tocar\u00e1 centrarse bien en el objetivo para poder volver a estar delante. La carrera de Cahors es totalmente nueva y esto quiz\u00e1s nos puede dar algunas opciones para hacer un buen trial y recuperar algunos puntos en la clasificaci\u00f3n\u00bb.<\/em><\/p>\n<h3>Takahisa Fujinami<\/h3>\n<p><em>\u00abLa carrera de Andorra no fue bien y ahora tenemos que centrarnos en intentar acabar bien el campeonato, con mejores sensaciones que el pasado fin de semana. Creo que en Cahors se me puede dar bien. Las zonas probablemente no sean muy naturales, pero tengo esperanzas de poder sacar un buen resultado de esta nueva carrera de un solo d\u00eda. \u00a1Volver\u00e1 Fujigas!\u00bb.<\/em><\/p>\n","protected":false},"excerpt":{"rendered":"<p>El objetivo del Repsol Honda Team en Cahors es el de volver a recuperar las buenas sensaciones de principio de temporada. Una vez pasada la cita m\u00e1s complicada del calendario, Toni Bou y Takahisa Fujinami buscar\u00e1n volver a encontrar el buen ritmo con el que empezaron el campeonato del Mundo de TrialGP.<\/p>\n","protected":false},"author":43146,"featured_media":43738,"comment_status":"open","ping_status":"open","sticky":false,"template":"","format":"standard","meta":{"footnotes":""},"categories":[23],"tags":[194,126,49,21],"class_list":["post-95072","post","type-post","status-publish","format-standard","hentry","category-trial","tag-194","tag-carrera-y-competicion","tag-takahisa-fujinami","tag-toni-bou"],"yoast_head":"<!-- This site is optimized with the Yoast SEO plugin v27.3 - https:\/\/yoast.com\/product\/yoast-seo-wordpress\/ -->\n<title>El TrialGP de Francia, tras Andorra: un nuevo objetivo para recuperar sensaciones - Box Repsol<\/title>\n<meta name=\"description\" content=\"Acompa\u00f1a a los pilotos del trial en su b\u00fasqueda de recuperar sensaciones en el TrialGP de Francia, despu\u00e9s de la carrera en Andorra.\" \/>\n<link rel=\"canonical\" href=\"https:\/\/www.boxrepsol.com\/es\/trial\/el-trialgp-de-francia-tras-andorra-un-nuevo-objetivo-para-recuperar-sensaciones\/\" \/>\n<meta property=\"og:locale\" content=\"es_ES\" \/>\n<meta property=\"og:type\" content=\"article\" \/>\n<meta property=\"og:title\" content=\"El TrialGP de Francia, tras Andorra: un nuevo objetivo para recuperar sensaciones - Box Repsol\" \/>\n<meta property=\"og:description\" content=\"Acompa\u00f1a a los pilotos del trial en su b\u00fasqueda de recuperar sensaciones en el TrialGP de Francia, despu\u00e9s de la carrera en Andorra.\" \/>\n<meta property=\"og:url\" content=\"https:\/\/www.boxrepsol.com\/es\/trial\/el-trialgp-de-francia-tras-andorra-un-nuevo-objetivo-para-recuperar-sensaciones\/\" \/>\n<meta property=\"og:site_name\" content=\"Box Repsol\" \/>\n<meta property=\"article:publisher\" content=\"https:\/\/www.facebook.com\/BoxRepsol\" \/>\n<meta property=\"article:author\" content=\"https:\/\/www.facebook.com\/BoxRepsol\/\" \/>\n<meta property=\"article:published_time\" content=\"2021-08-25T02:00:00+00:00\" \/>\n<meta property=\"article:modified_time\" content=\"2024-04-12T15:21:04+00:00\" \/>\n<meta property=\"og:image\" content=\"https:\/\/bxrepsol.s3.eu-west-1.amazonaws.com\/static\/2022\/08\/09134131\/612120411a5863.08614084-1.jpg\" \/>\n\t<meta property=\"og:image:width\" content=\"800\" \/>\n\t<meta property=\"og:image:height\" content=\"533\" \/>\n\t<meta property=\"og:image:type\" content=\"image\/jpeg\" \/>\n<meta name=\"author\" content=\"Redacci\u00f3n Box Repsol\" \/>\n<meta name=\"twitter:card\" content=\"summary_large_image\" \/>\n<meta name=\"twitter:creator\" content=\"@https:\/\/twitter.com\/box_repsol\" \/>\n<meta name=\"twitter:site\" content=\"@box_repsol\" \/>\n<meta name=\"twitter:label1\" content=\"Written by\" \/>\n\t<meta name=\"twitter:data1\" content=\"Redacci\u00f3n Box Repsol\" \/>\n\t<meta name=\"twitter:label2\" content=\"Est. reading time\" \/>\n\t<meta name=\"twitter:data2\" content=\"2 minutos\" \/>\n<script type=\"application\/ld+json\" class=\"yoast-schema-graph\">{\"@context\":\"https:\\\/\\\/schema.org\",\"@graph\":[{\"@type\":\"Article\",\"@id\":\"https:\\\/\\\/www.boxrepsol.com\\\/es\\\/trial\\\/el-trialgp-de-francia-tras-andorra-un-nuevo-objetivo-para-recuperar-sensaciones\\\/#article\",\"isPartOf\":{\"@id\":\"https:\\\/\\\/www.boxrepsol.com\\\/es\\\/trial\\\/el-trialgp-de-francia-tras-andorra-un-nuevo-objetivo-para-recuperar-sensaciones\\\/\"},\"author\":{\"name\":\"Redacci\u00f3n Box Repsol\",\"@id\":\"https:\\\/\\\/www.boxrepsol.com\\\/es\\\/#\\\/schema\\\/person\\\/c5c2138f2cca251b0ad92b7086bb60b7\"},\"headline\":\"El TrialGP de Francia, tras Andorra: un nuevo objetivo para recuperar sensaciones\",\"datePublished\":\"2021-08-25T02:00:00+00:00\",\"dateModified\":\"2024-04-12T15:21:04+00:00\",\"mainEntityOfPage\":{\"@id\":\"https:\\\/\\\/www.boxrepsol.com\\\/es\\\/trial\\\/el-trialgp-de-francia-tras-andorra-un-nuevo-objetivo-para-recuperar-sensaciones\\\/\"},\"wordCount\":465,\"commentCount\":0,\"publisher\":{\"@id\":\"https:\\\/\\\/www.boxrepsol.com\\\/es\\\/#organization\"},\"image\":{\"@id\":\"https:\\\/\\\/www.boxrepsol.com\\\/es\\\/trial\\\/el-trialgp-de-francia-tras-andorra-un-nuevo-objetivo-para-recuperar-sensaciones\\\/#primaryimage\"},\"thumbnailUrl\":\"https:\\\/\\\/bxrepsol.s3.eu-west-1.amazonaws.com\\\/static\\\/2022\\\/08\\\/09134131\\\/612120411a5863.08614084-1.jpg\",\"keywords\":[\"2021\",\"carrera y competici\u00f3n\",\"Takahisa Fujinami\",\"Toni Bou\"],\"articleSection\":[\"Trial\"],\"inLanguage\":\"es\",\"potentialAction\":[{\"@type\":\"CommentAction\",\"name\":\"Comment\",\"target\":[\"https:\\\/\\\/www.boxrepsol.com\\\/es\\\/trial\\\/el-trialgp-de-francia-tras-andorra-un-nuevo-objetivo-para-recuperar-sensaciones\\\/#respond\"]}]},{\"@type\":\"WebPage\",\"@id\":\"https:\\\/\\\/www.boxrepsol.com\\\/es\\\/trial\\\/el-trialgp-de-francia-tras-andorra-un-nuevo-objetivo-para-recuperar-sensaciones\\\/\",\"url\":\"https:\\\/\\\/www.boxrepsol.com\\\/es\\\/trial\\\/el-trialgp-de-francia-tras-andorra-un-nuevo-objetivo-para-recuperar-sensaciones\\\/\",\"name\":\"El TrialGP de Francia, tras Andorra: un nuevo objetivo para recuperar sensaciones - Box Repsol\",\"isPartOf\":{\"@id\":\"https:\\\/\\\/www.boxrepsol.com\\\/es\\\/#website\"},\"primaryImageOfPage\":{\"@id\":\"https:\\\/\\\/www.boxrepsol.com\\\/es\\\/trial\\\/el-trialgp-de-francia-tras-andorra-un-nuevo-objetivo-para-recuperar-sensaciones\\\/#primaryimage\"},\"image\":{\"@id\":\"https:\\\/\\\/www.boxrepsol.com\\\/es\\\/trial\\\/el-trialgp-de-francia-tras-andorra-un-nuevo-objetivo-para-recuperar-sensaciones\\\/#primaryimage\"},\"thumbnailUrl\":\"https:\\\/\\\/bxrepsol.s3.eu-west-1.amazonaws.com\\\/static\\\/2022\\\/08\\\/09134131\\\/612120411a5863.08614084-1.jpg\",\"datePublished\":\"2021-08-25T02:00:00+00:00\",\"dateModified\":\"2024-04-12T15:21:04+00:00\",\"description\":\"Acompa\u00f1a a los pilotos del trial en su b\u00fasqueda de recuperar sensaciones en el TrialGP de Francia, despu\u00e9s de la carrera en Andorra.\",\"breadcrumb\":{\"@id\":\"https:\\\/\\\/www.boxrepsol.com\\\/es\\\/trial\\\/el-trialgp-de-francia-tras-andorra-un-nuevo-objetivo-para-recuperar-sensaciones\\\/#breadcrumb\"},\"inLanguage\":\"es\",\"potentialAction\":[{\"@type\":\"ReadAction\",\"target\":[\"https:\\\/\\\/www.boxrepsol.com\\\/es\\\/trial\\\/el-trialgp-de-francia-tras-andorra-un-nuevo-objetivo-para-recuperar-sensaciones\\\/\"]}]},{\"@type\":\"ImageObject\",\"inLanguage\":\"es\",\"@id\":\"https:\\\/\\\/www.boxrepsol.com\\\/es\\\/trial\\\/el-trialgp-de-francia-tras-andorra-un-nuevo-objetivo-para-recuperar-sensaciones\\\/#primaryimage\",\"url\":\"https:\\\/\\\/bxrepsol.s3.eu-west-1.amazonaws.com\\\/static\\\/2022\\\/08\\\/09134131\\\/612120411a5863.08614084-1.jpg\",\"contentUrl\":\"https:\\\/\\\/bxrepsol.s3.eu-west-1.amazonaws.com\\\/static\\\/2022\\\/08\\\/09134131\\\/612120411a5863.08614084-1.jpg\",\"width\":800,\"height\":533},{\"@type\":\"BreadcrumbList\",\"@id\":\"https:\\\/\\\/www.boxrepsol.com\\\/es\\\/trial\\\/el-trialgp-de-francia-tras-andorra-un-nuevo-objetivo-para-recuperar-sensaciones\\\/#breadcrumb\",\"itemListElement\":[{\"@type\":\"ListItem\",\"position\":1,\"name\":\"Home\",\"item\":\"https:\\\/\\\/www.boxrepsol.com\\\/es\\\/\"},{\"@type\":\"ListItem\",\"position\":2,\"name\":\"El TrialGP de Francia, tras Andorra: un nuevo objetivo para recuperar sensaciones\"}]},{\"@type\":\"WebSite\",\"@id\":\"https:\\\/\\\/www.boxrepsol.com\\\/es\\\/#website\",\"url\":\"https:\\\/\\\/www.boxrepsol.com\\\/es\\\/\",\"name\":\"Box Repsol\",\"description\":\"Box Repsol Site\",\"publisher\":{\"@id\":\"https:\\\/\\\/www.boxrepsol.com\\\/es\\\/#organization\"},\"potentialAction\":[{\"@type\":\"SearchAction\",\"target\":{\"@type\":\"EntryPoint\",\"urlTemplate\":\"https:\\\/\\\/www.boxrepsol.com\\\/es\\\/?s={search_term_string}\"},\"query-input\":{\"@type\":\"PropertyValueSpecification\",\"valueRequired\":true,\"valueName\":\"search_term_string\"}}],\"inLanguage\":\"es\"},{\"@type\":\"Organization\",\"@id\":\"https:\\\/\\\/www.boxrepsol.com\\\/es\\\/#organization\",\"name\":\"Box Repsol\",\"url\":\"https:\\\/\\\/www.boxrepsol.com\\\/es\\\/\",\"logo\":{\"@type\":\"ImageObject\",\"inLanguage\":\"es\",\"@id\":\"https:\\\/\\\/www.boxrepsol.com\\\/es\\\/#\\\/schema\\\/logo\\\/image\\\/\",\"url\":\"https:\\\/\\\/bxrepsol.s3.eu-west-1.amazonaws.com\\\/static\\\/2025\\\/07\\\/30083337\\\/favicon-96x96-1.png\",\"contentUrl\":\"https:\\\/\\\/bxrepsol.s3.eu-west-1.amazonaws.com\\\/static\\\/2025\\\/07\\\/30083337\\\/favicon-96x96-1.png\",\"width\":96,\"height\":96,\"caption\":\"Box Repsol\"},\"image\":{\"@id\":\"https:\\\/\\\/www.boxrepsol.com\\\/es\\\/#\\\/schema\\\/logo\\\/image\\\/\"},\"sameAs\":[\"https:\\\/\\\/www.facebook.com\\\/BoxRepsol\",\"https:\\\/\\\/x.com\\\/box_repsol\",\"http:\\\/\\\/instagram.com\\\/box_repsol\",\"https:\\\/\\\/www.youtube.com\\\/user\\\/RepsolCompeticion\",\"https:\\\/\\\/www.flickr.com\\\/photos\\\/box_repsol\\\/\"]},{\"@type\":\"Person\",\"@id\":\"https:\\\/\\\/www.boxrepsol.com\\\/es\\\/#\\\/schema\\\/person\\\/c5c2138f2cca251b0ad92b7086bb60b7\",\"name\":\"Redacci\u00f3n Box Repsol\",\"image\":{\"@type\":\"ImageObject\",\"inLanguage\":\"es\",\"@id\":\"https:\\\/\\\/secure.gravatar.com\\\/avatar\\\/adf7b77e38b4419baf32c7e9c21dde01f4e40df611f0978e3006fc4ba0aaab7e?s=96&d=mm&r=g\",\"url\":\"https:\\\/\\\/secure.gravatar.com\\\/avatar\\\/adf7b77e38b4419baf32c7e9c21dde01f4e40df611f0978e3006fc4ba0aaab7e?s=96&d=mm&r=g\",\"contentUrl\":\"https:\\\/\\\/secure.gravatar.com\\\/avatar\\\/adf7b77e38b4419baf32c7e9c21dde01f4e40df611f0978e3006fc4ba0aaab7e?s=96&d=mm&r=g\",\"caption\":\"Redacci\u00f3n Box Repsol\"},\"description\":\"Box Repsol lo forma un equipo de periodistas, community managers, dise\u00f1adores y fot\u00f3grafos con m\u00e1s de 20 a\u00f1os de experiencia en el mundo del motorsport. Hemos vivido el primer mundial de un espa\u00f1ol en la categor\u00eda reina de motociclismo con \u00c1lex Crivill\u00e9, estuvimos en las victorias de Pedrosa y los t\u00edtulos de M\u00e1rquez, acompa\u00f1amos en \u00c1frica a Nani Roma y Marc Coma en sus conquistas del Dakar y hemos vibrado con los t\u00edtulos de Toni Bou en Trial. Adem\u00e1s, en nuestro equipo contamos con expertos en el mundo de las dos y cuatro ruedas tanto de la calle y las carreteras, como de los circuitos. Periodistas que han trabajado en revistas y publicaciones para hacerte llegar desde rutas y consejos de mantenimiento, a curiosidades y trucos de pilotaje.\",\"sameAs\":[\"https:\\\/\\\/www.facebook.com\\\/BoxRepsol\\\/\",\"https:\\\/\\\/www.instagram.com\\\/box_repsol\\\/\",\"https:\\\/\\\/x.com\\\/https:\\\/\\\/twitter.com\\\/box_repsol\",\"https:\\\/\\\/www.youtube.com\\\/@Boxrepsol\"],\"url\":\"https:\\\/\\\/www.boxrepsol.com\\\/es\\\/author\\\/redaccion-box-repsol\\\/\"}]}<\/script>\n<!-- \/ Yoast SEO plugin. -->","yoast_head_json":{"title":"El TrialGP de Francia, tras Andorra: un nuevo objetivo para recuperar sensaciones - Box Repsol","description":"Acompa\u00f1a a los pilotos del trial en su b\u00fasqueda de recuperar sensaciones en el TrialGP de Francia, despu\u00e9s de la carrera en Andorra.","canonical":"https:\/\/www.boxrepsol.com\/es\/trial\/el-trialgp-de-francia-tras-andorra-un-nuevo-objetivo-para-recuperar-sensaciones\/","og_locale":"es_ES","og_type":"article","og_title":"El TrialGP de Francia, tras Andorra: un nuevo objetivo para recuperar sensaciones - Box Repsol","og_description":"Acompa\u00f1a a los pilotos del trial en su b\u00fasqueda de recuperar sensaciones en el TrialGP de Francia, despu\u00e9s de la carrera en Andorra.","og_url":"https:\/\/www.boxrepsol.com\/es\/trial\/el-trialgp-de-francia-tras-andorra-un-nuevo-objetivo-para-recuperar-sensaciones\/","og_site_name":"Box Repsol","article_publisher":"https:\/\/www.facebook.com\/BoxRepsol","article_author":"https:\/\/www.facebook.com\/BoxRepsol\/","article_published_time":"2021-08-25T02:00:00+00:00","article_modified_time":"2024-04-12T15:21:04+00:00","og_image":[{"width":800,"height":533,"url":"https:\/\/bxrepsol.s3.eu-west-1.amazonaws.com\/static\/2022\/08\/09134131\/612120411a5863.08614084-1.jpg","type":"image\/jpeg"}],"author":"Redacci\u00f3n Box Repsol","twitter_card":"summary_large_image","twitter_creator":"@https:\/\/twitter.com\/box_repsol","twitter_site":"@box_repsol","twitter_misc":{"Written by":"Redacci\u00f3n Box Repsol","Est. reading time":"2 minutos"},"schema":{"@context":"https:\/\/schema.org","@graph":[{"@type":"Article","@id":"https:\/\/www.boxrepsol.com\/es\/trial\/el-trialgp-de-francia-tras-andorra-un-nuevo-objetivo-para-recuperar-sensaciones\/#article","isPartOf":{"@id":"https:\/\/www.boxrepsol.com\/es\/trial\/el-trialgp-de-francia-tras-andorra-un-nuevo-objetivo-para-recuperar-sensaciones\/"},"author":{"name":"Redacci\u00f3n Box Repsol","@id":"https:\/\/www.boxrepsol.com\/es\/#\/schema\/person\/c5c2138f2cca251b0ad92b7086bb60b7"},"headline":"El TrialGP de Francia, tras Andorra: un nuevo objetivo para recuperar sensaciones","datePublished":"2021-08-25T02:00:00+00:00","dateModified":"2024-04-12T15:21:04+00:00","mainEntityOfPage":{"@id":"https:\/\/www.boxrepsol.com\/es\/trial\/el-trialgp-de-francia-tras-andorra-un-nuevo-objetivo-para-recuperar-sensaciones\/"},"wordCount":465,"commentCount":0,"publisher":{"@id":"https:\/\/www.boxrepsol.com\/es\/#organization"},"image":{"@id":"https:\/\/www.boxrepsol.com\/es\/trial\/el-trialgp-de-francia-tras-andorra-un-nuevo-objetivo-para-recuperar-sensaciones\/#primaryimage"},"thumbnailUrl":"https:\/\/bxrepsol.s3.eu-west-1.amazonaws.com\/static\/2022\/08\/09134131\/612120411a5863.08614084-1.jpg","keywords":["2021","carrera y competici\u00f3n","Takahisa Fujinami","Toni Bou"],"articleSection":["Trial"],"inLanguage":"es","potentialAction":[{"@type":"CommentAction","name":"Comment","target":["https:\/\/www.boxrepsol.com\/es\/trial\/el-trialgp-de-francia-tras-andorra-un-nuevo-objetivo-para-recuperar-sensaciones\/#respond"]}]},{"@type":"WebPage","@id":"https:\/\/www.boxrepsol.com\/es\/trial\/el-trialgp-de-francia-tras-andorra-un-nuevo-objetivo-para-recuperar-sensaciones\/","url":"https:\/\/www.boxrepsol.com\/es\/trial\/el-trialgp-de-francia-tras-andorra-un-nuevo-objetivo-para-recuperar-sensaciones\/","name":"El TrialGP de Francia, tras Andorra: un nuevo objetivo para recuperar sensaciones - Box Repsol","isPartOf":{"@id":"https:\/\/www.boxrepsol.com\/es\/#website"},"primaryImageOfPage":{"@id":"https:\/\/www.boxrepsol.com\/es\/trial\/el-trialgp-de-francia-tras-andorra-un-nuevo-objetivo-para-recuperar-sensaciones\/#primaryimage"},"image":{"@id":"https:\/\/www.boxrepsol.com\/es\/trial\/el-trialgp-de-francia-tras-andorra-un-nuevo-objetivo-para-recuperar-sensaciones\/#primaryimage"},"thumbnailUrl":"https:\/\/bxrepsol.s3.eu-west-1.amazonaws.com\/static\/2022\/08\/09134131\/612120411a5863.08614084-1.jpg","datePublished":"2021-08-25T02:00:00+00:00","dateModified":"2024-04-12T15:21:04+00:00","description":"Acompa\u00f1a a los pilotos del trial en su b\u00fasqueda de recuperar sensaciones en el TrialGP de Francia, despu\u00e9s de la carrera en Andorra.","breadcrumb":{"@id":"https:\/\/www.boxrepsol.com\/es\/trial\/el-trialgp-de-francia-tras-andorra-un-nuevo-objetivo-para-recuperar-sensaciones\/#breadcrumb"},"inLanguage":"es","potentialAction":[{"@type":"ReadAction","target":["https:\/\/www.boxrepsol.com\/es\/trial\/el-trialgp-de-francia-tras-andorra-un-nuevo-objetivo-para-recuperar-sensaciones\/"]}]},{"@type":"ImageObject","inLanguage":"es","@id":"https:\/\/www.boxrepsol.com\/es\/trial\/el-trialgp-de-francia-tras-andorra-un-nuevo-objetivo-para-recuperar-sensaciones\/#primaryimage","url":"https:\/\/bxrepsol.s3.eu-west-1.amazonaws.com\/static\/2022\/08\/09134131\/612120411a5863.08614084-1.jpg","contentUrl":"https:\/\/bxrepsol.s3.eu-west-1.amazonaws.com\/static\/2022\/08\/09134131\/612120411a5863.08614084-1.jpg","width":800,"height":533},{"@type":"BreadcrumbList","@id":"https:\/\/www.boxrepsol.com\/es\/trial\/el-trialgp-de-francia-tras-andorra-un-nuevo-objetivo-para-recuperar-sensaciones\/#breadcrumb","itemListElement":[{"@type":"ListItem","position":1,"name":"Home","item":"https:\/\/www.boxrepsol.com\/es\/"},{"@type":"ListItem","position":2,"name":"El TrialGP de Francia, tras Andorra: un nuevo objetivo para recuperar sensaciones"}]},{"@type":"WebSite","@id":"https:\/\/www.boxrepsol.com\/es\/#website","url":"https:\/\/www.boxrepsol.com\/es\/","name":"Box Repsol","description":"Box Repsol Site","publisher":{"@id":"https:\/\/www.boxrepsol.com\/es\/#organization"},"potentialAction":[{"@type":"SearchAction","target":{"@type":"EntryPoint","urlTemplate":"https:\/\/www.boxrepsol.com\/es\/?s={search_term_string}"},"query-input":{"@type":"PropertyValueSpecification","valueRequired":true,"valueName":"search_term_string"}}],"inLanguage":"es"},{"@type":"Organization","@id":"https:\/\/www.boxrepsol.com\/es\/#organization","name":"Box Repsol","url":"https:\/\/www.boxrepsol.com\/es\/","logo":{"@type":"ImageObject","inLanguage":"es","@id":"https:\/\/www.boxrepsol.com\/es\/#\/schema\/logo\/image\/","url":"https:\/\/bxrepsol.s3.eu-west-1.amazonaws.com\/static\/2025\/07\/30083337\/favicon-96x96-1.png","contentUrl":"https:\/\/bxrepsol.s3.eu-west-1.amazonaws.com\/static\/2025\/07\/30083337\/favicon-96x96-1.png","width":96,"height":96,"caption":"Box Repsol"},"image":{"@id":"https:\/\/www.boxrepsol.com\/es\/#\/schema\/logo\/image\/"},"sameAs":["https:\/\/www.facebook.com\/BoxRepsol","https:\/\/x.com\/box_repsol","http:\/\/instagram.com\/box_repsol","https:\/\/www.youtube.com\/user\/RepsolCompeticion","https:\/\/www.flickr.com\/photos\/box_repsol\/"]},{"@type":"Person","@id":"https:\/\/www.boxrepsol.com\/es\/#\/schema\/person\/c5c2138f2cca251b0ad92b7086bb60b7","name":"Redacci\u00f3n Box Repsol","image":{"@type":"ImageObject","inLanguage":"es","@id":"https:\/\/secure.gravatar.com\/avatar\/adf7b77e38b4419baf32c7e9c21dde01f4e40df611f0978e3006fc4ba0aaab7e?s=96&d=mm&r=g","url":"https:\/\/secure.gravatar.com\/avatar\/adf7b77e38b4419baf32c7e9c21dde01f4e40df611f0978e3006fc4ba0aaab7e?s=96&d=mm&r=g","contentUrl":"https:\/\/secure.gravatar.com\/avatar\/adf7b77e38b4419baf32c7e9c21dde01f4e40df611f0978e3006fc4ba0aaab7e?s=96&d=mm&r=g","caption":"Redacci\u00f3n Box Repsol"},"description":"Box Repsol lo forma un equipo de periodistas, community managers, dise\u00f1adores y fot\u00f3grafos con m\u00e1s de 20 a\u00f1os de experiencia en el mundo del motorsport. Hemos vivido el primer mundial de un espa\u00f1ol en la categor\u00eda reina de motociclismo con \u00c1lex Crivill\u00e9, estuvimos en las victorias de Pedrosa y los t\u00edtulos de M\u00e1rquez, acompa\u00f1amos en \u00c1frica a Nani Roma y Marc Coma en sus conquistas del Dakar y hemos vibrado con los t\u00edtulos de Toni Bou en Trial. Adem\u00e1s, en nuestro equipo contamos con expertos en el mundo de las dos y cuatro ruedas tanto de la calle y las carreteras, como de los circuitos. Periodistas que han trabajado en revistas y publicaciones para hacerte llegar desde rutas y consejos de mantenimiento, a curiosidades y trucos de pilotaje.","sameAs":["https:\/\/www.facebook.com\/BoxRepsol\/","https:\/\/www.instagram.com\/box_repsol\/","https:\/\/x.com\/https:\/\/twitter.com\/box_repsol","https:\/\/www.youtube.com\/@Boxrepsol"],"url":"https:\/\/www.boxrepsol.com\/es\/author\/redaccion-box-repsol\/"}]}},"_links":{"self":[{"href":"https:\/\/www.boxrepsol.com\/es\/wp-json\/wp\/v2\/posts\/95072","targetHints":{"allow":["GET"]}}],"collection":[{"href":"https:\/\/www.boxrepsol.com\/es\/wp-json\/wp\/v2\/posts"}],"about":[{"href":"https:\/\/www.boxrepsol.com\/es\/wp-json\/wp\/v2\/types\/post"}],"author":[{"embeddable":true,"href":"https:\/\/www.boxrepsol.com\/es\/wp-json\/wp\/v2\/users\/43146"}],"replies":[{"embeddable":true,"href":"https:\/\/www.boxrepsol.com\/es\/wp-json\/wp\/v2\/comments?post=95072"}],"version-history":[{"count":1,"href":"https:\/\/www.boxrepsol.com\/es\/wp-json\/wp\/v2\/posts\/95072\/revisions"}],"predecessor-version":[{"id":109234,"href":"https:\/\/www.boxrepsol.com\/es\/wp-json\/wp\/v2\/posts\/95072\/revisions\/109234"}],"wp:featuredmedia":[{"embeddable":true,"href":"https:\/\/www.boxrepsol.com\/es\/wp-json\/wp\/v2\/media\/43738"}],"wp:attachment":[{"href":"https:\/\/www.boxrepsol.com\/es\/wp-json\/wp\/v2\/media?parent=95072"}],"wp:term":[{"taxonomy":"category","embeddable":true,"href":"https:\/\/www.boxrepsol.com\/es\/wp-json\/wp\/v2\/categories?post=95072"},{"taxonomy":"post_tag","embeddable":true,"href":"https:\/\/www.boxrepsol.com\/es\/wp-json\/wp\/v2\/tags?post=95072"}],"curies":[{"name":"wp","href":"https:\/\/api.w.org\/{rel}","templated":true}]}}