{"id":95068,"date":"2021-08-23T00:00:00","date_gmt":"2021-08-23T02:00:00","guid":{"rendered":"http:\/\/pre.boxrepsol.com\/sin-categorizar\/carlos-sainz-1997-fin-una\/"},"modified":"2024-10-09T09:32:01","modified_gmt":"2024-10-09T11:32:01","slug":"carlos-sainz-1997-fin-una","status":"publish","type":"post","link":"https:\/\/www.boxrepsol.com\/es\/de-leyenda\/carlos-sainz-1997-fin-una\/","title":{"rendered":"Carlos Sainz 1997: el fin de una era"},"content":{"rendered":"<p>La situaci\u00f3n en el <strong>Mundial de Rallyes<\/strong> de cara a 1996 marc\u00f3 el camino a seguir por Carlos Sainz. Finalizada su relaci\u00f3n con Subaru, con Toyota sometida a un a\u00f1o de sanci\u00f3n por las irregularidades t\u00e9cnicas cometidas en el Rally de Catalu\u00f1a, y Mitsubishi descolgada por unas excesivas exigencias presupuestarias, Sainz tom\u00f3 la decisi\u00f3n de retornar a sus or\u00edgenes y correr con el equipo <strong>Ford Motorsport<\/strong>, a los mandos de un <strong>Ford Escort Cosworth<\/strong>. Fue como arrancar de cero, y despu\u00e9s de <a href=\"https:\/\/www.boxrepsol.com\/es\/de-leyenda\/carlos-sainz-1996-wrc-ford-escort-rs-cosworth-repsol\/\" target=\"_blank\" rel=\"noopener\">un a\u00f1o de acoplamiento<\/a>, en 1997 Sainz demostr\u00f3 que era capaz de todo.<\/p>\n<p>Frente a la temporada anterior, en 1997 hubo una novedad: la incorporaci\u00f3n de <strong>Malcolm<\/strong> <strong>Wilson<\/strong>, ex piloto, a la direcci\u00f3n deportiva del equipo, y su experiencia aport\u00f3 una mayor efectividad a la formaci\u00f3n. El Ford Escort WRC era un coche con limitaciones, menos potente que sus competidores, como el Mitsubishi Lancer Evo IV de Tommi M\u00e4kinen, o el Subaru Impreza WRC de Colin McRae, pero la consistencia de Sainz hac\u00eda confiar en que podr\u00eda defenderse con brillantez. De hecho, la temporada se iba a convertir en una cuesti\u00f3n entre estos tres pilotos, <strong>M\u00e4kinen, McRae y Sainz<\/strong>, los \u00fanicos que estar\u00edan presentes en las catorce carreras del Mundial, la cada vez m\u00e1s intensa temporada de rallyes que se extend\u00eda desde el mes de enero al de noviembre.<\/p>\n<p><img loading=\"lazy\" decoding=\"async\" src=\"https:\/\/bxrepsol.s3.eu-west-1.amazonaws.com\/static\/2022\/08\/09134034\/https___repsolmedia.com_repsolmedia_wp-content_uploads_1996_07_1996_CarlosSainz31-1.png\" alt=\"\" width=\"473\" height=\"586\" \/><\/p>\n<p><strong>Puesta a punto terminada <\/strong><\/p>\n<p>El arranque no pudo ser mejor para Sainz, que fue segundo en Montecarlo tras el sorprendente <strong>Piero Liatti<\/strong> y su Subaru, y repiti\u00f3 la segunda posici\u00f3n en Suecia, esta vez por detr\u00e1s del h\u00e9roe local, <strong>Kenneth Eriksson<\/strong>, tambi\u00e9n a los mandos de otro Impreza WRC. S\u00ed, Subaru dominaba la clasificaci\u00f3n de fabricantes, pero Sainz era l\u00edder del Mundial de pilotos, algo que muy pocos confiaban ver debido a las ya comentadas limitaciones del Escort.<\/p>\n<p>Pero no todo fue del color de rosa, porque con la llegada a climas c\u00e1lidos, el Ford enlaz\u00f3 una <strong>racha de malos resultados<\/strong> que lastraron a Sainz, mientras que M\u00e4kinen y McRae comenzaron a sumar victorias. Los abandonos en el Safari y Portugal, y la pobre d\u00e9cima plaza de Catalu\u00f1a, hicieron que el madrile\u00f1o perdiera terreno. En C\u00f3rcega volvi\u00f3 a ser segundo, por tercera vez, en una carrera marcada por la lluvia en la que las manos de Sainz lograron eliminar la ventaja de la caballer\u00eda del Subaru, aunque en esa carrera los <strong>Pirelli<\/strong> que montaba el escoc\u00e9s frente a los Michelin de Sainz fueron los que marcaron verdaderamente la diferencia.<\/p>\n<p><img loading=\"lazy\" decoding=\"async\" src=\"https:\/\/bxrepsol.s3.eu-west-1.amazonaws.com\/static\/2022\/08\/09134036\/http___repsolmedia.com_repsolmedia_wp-content_uploads_1997_07_carpeta68_12_armin_schwarz_giraudet_safari_kenya_1997-1-scaled.jpg\" alt=\"\" width=\"3543\" height=\"2382\" \/><\/p>\n<p>No obstante, el segundo puesto fue una inyecci\u00f3n de moral, y Sainz consigui\u00f3 acercarse a sus rivales, pero una nueva aver\u00eda en Argentina, cuando el Mundial llegaba a su ecuador, defini\u00f3 por completo la situaci\u00f3n: M\u00e4kinen y McRae se perfilaban como aspirantes al t\u00edtulo, mientras que Sainz iba a depender m\u00e1s de los errores ajenos que de sus propios aciertos para entrar en la disputa del campeonato.<\/p>\n<p><strong>Llegan las victorias<\/strong><\/p>\n<p>El <strong>Rally Acr\u00f3polis de Grecia,<\/strong> en el mes de junio, marcaba el arranque de la segunda mitad de la temporada, y en las siempre extremas condiciones de la prueba helena, Sainz sac\u00f3 a relucir su magia, anot\u00e1ndose la <strong>primera victoria <\/strong>de la temporada, e iniciando un periodo de buenos resultados que le permitir\u00eda meterse en la lucha por el t\u00edtulo.<\/p>\n<p>Casi dos meses despu\u00e9s de la prueba griega viajar\u00e1 a Nueva Zelanda, donde consigue ser segundo, mientras que M\u00e4kinen y McRae se quedan fuera de carrera. Las posibilidades de Sainz crecen, se sit\u00faa segundo en la clasificaci\u00f3n provisional superando a McRae. Tras semanas despu\u00e9s lleg\u00f3 el turno del <strong>Rally Mil Lagos<\/strong>, que a petici\u00f3n de la FIA (Federaci\u00f3n Internacional de Automovilismo) ese mismo a\u00f1o pas\u00f3 a denominarse sencillamente Rally de Finlandia. Pero en las tierras n\u00f3rdicas la suerte le fue esquiva y tuvo que abandonar, un duro varapalo precisamente cuando el equipo se encontraba pleno de moral y confiaba plenamente en sus posibilidades. No obstante, segu\u00eda segundo en el campeonato con solo cuatro citas por delante: Indonesia, Italia, Australia, y el Rally RAC en Reino Unido.<\/p>\n<p><img loading=\"lazy\" decoding=\"async\" src=\"https:\/\/bxrepsol.s3.eu-west-1.amazonaws.com\/static\/2022\/08\/09134041\/http___repsolmedia.com_repsolmedia_wp-content_uploads_1997_07_carpeta68_7_armin_schwarz_giraudet_rally_montecarlo_1997-1-scaled.jpg\" alt=\"\" width=\"3543\" height=\"2451\" \/><\/p>\n<p><strong>Indonesia<\/strong> tra\u00eda un buen recuerdo a Sainz ya que hab\u00eda conseguido all\u00ed su \u00fanica victoria de 1996. El arcilloso terreno de Medan, entre plantaciones de bananos, resultaba resbaladizo como pocos, y la elecci\u00f3n de los neum\u00e1ticos resultar\u00eda crucial. Y en esas dif\u00edciles condiciones, Sainz se mostr\u00f3 intratable, sumando la <strong>segunda victoria<\/strong> de la temporada, al tiempo que sus rivales se quedaban fuera de carrera, lo que volv\u00eda a meter al piloto madrile\u00f1o en la carrera por el t\u00edtulo.<\/p>\n<p><strong>\u00daltimas esperanzas<\/strong><\/p>\n<p>Pero las tres \u00faltimas carreras del a\u00f1o tuvieron un <strong>desenlace inesperado.<\/strong> McRae y su Subaru se mostraron intratables anot\u00e1ndose los tres triunfos. A <a href=\"https:\/\/www.boxrepsol.com\/es\/de-leyenda\/1991-ano-carlos-sainz-estuvo-punto-ganar-mundial\/\" target=\"_blank\" rel=\"noopener\">Sainz se le empiezan a escapar las opciones<\/a> en Italia, donde solo pudo ser cuarto, pero se queda definitivamente sin posibilidades de luchar por el campeonato en Australia, donde se vio obligado a retirarse. En la prueba final, el <strong>Rally RAC de Reino Unido<\/strong>, M\u00e4kinen y McRae se juegan el t\u00edtulo. El escoc\u00e9s tiene que ganar y que el finland\u00e9s no acabe entre los seis primeros, y la actuaci\u00f3n de Sainz pod\u00eda ser determinante para que el t\u00edtulo cayera de un lado o del otro.<\/p>\n<p>Ajeno a todo, <strong>Sainz sali\u00f3 a ganar<\/strong>. No pudo batir al intratable McRae, impulsado por el entusiasmo del p\u00fablico local, y se vio superado por su compa\u00f1ero Juha Kankkunen, que se hab\u00eda incorporado al equipo mediada la temporada, terminando en una valiosa tercera posici\u00f3n, el mismo puesto que obtendr\u00eda al acabar el campeonato.<\/p>\n<p><img loading=\"lazy\" decoding=\"async\" src=\"https:\/\/bxrepsol.s3.eu-west-1.amazonaws.com\/static\/2022\/08\/09134046\/https___repsolmedia.com_repsolmedia_wp-content_uploads_1996_07_carpeta90_12_bruno_thiry_prevot_rally_san_remo_1996-1-scaled.jpg\" alt=\"\" width=\"2411\" height=\"3543\" \/><\/p>\n<p>Fue una manera brillante de cerrar su segunda etapa en Ford, porque en 1998 regresar\u00eda a Toyota, tras su periplo de cinco temporadas en las que hab\u00eda corrido con Lancia, Subaru y Ford. Le esperaban nuevos desaf\u00edos.<\/p>\n<p>De esos desaf\u00edos que le esperaban y de aquellos que ya hab\u00eda superado, hemos hablado en otras ocasiones. Si quieres seguir conociendo la trayectoria de Carlos Sainz, te dejamos los siguientes art\u00edculos:<\/p>\n<ul>\n<li><a href=\"https:\/\/www.boxrepsol.com\/es\/de-leyenda\/1995-ano-apasionante-carlos-sainz\/\" target=\"_blank\" rel=\"noopener\"><strong>Mundial de Rallys 1995: un a\u00f1o apasionante para Carlos Sainz<\/strong><\/a><\/li>\n<li><a href=\"https:\/\/www.boxrepsol.com\/es\/de-leyenda\/1994-carlos-sainz-subaru-impreza-ano-intenso\/\" target=\"_blank\" rel=\"noopener\"><strong>1994: Carlos Sainz y el Subaru Impreza, un a\u00f1o intenso<\/strong><\/a><\/li>\n<li><a href=\"https:\/\/www.boxrepsol.com\/es\/de-leyenda\/debut-carlos-sainz-lancia\/\" target=\"_blank\" rel=\"noopener\"><strong>1993, el debut de Carlos Sainz en Lancia<\/strong><\/a><\/li>\n<li><a href=\"https:\/\/www.boxrepsol.com\/es\/de-leyenda\/1991-ano-carlos-sainz-estuvo-punto-ganar-mundial\/\" target=\"_blank\" rel=\"noopener\"><strong>Carlos Sainz y el Mundial de 1992, el merecido segundo t\u00edtulo<\/strong><\/a><\/li>\n<li><a href=\"https:\/\/www.boxrepsol.com\/es\/de-leyenda\/1990-ano-carlos-sainz-repsol-ganaron-mundial-rallys\/\" target=\"_blank\" rel=\"noopener\"><strong>1990, el a\u00f1o en el que Carlos Sainz y Repsol ganaron el Mundial de Rallys<\/strong><\/a><\/li>\n<li><a href=\"https:\/\/www.boxrepsol.com\/es\/de-leyenda\/1989-debut-repsol-mundial-rallys\/\" target=\"_blank\" rel=\"noopener\"><strong>1989, el debut de Repsol en el Mundial de Rallys<\/strong><\/a><\/li>\n<\/ul>\n\n\n<p><\/p>\n","protected":false},"excerpt":{"rendered":"<p>Tras su breve paso por Lancia y sus campa\u00f1as con Subaru, Carlos Sainz regres\u00f3 en 1996 a la marca que le llev\u00f3 al Mundial, Ford, y en 1997 volver\u00e1 a pelear por el t\u00edtulo.<\/p>\n","protected":false},"author":41268,"featured_media":43717,"comment_status":"open","ping_status":"open","sticky":false,"template":"","format":"standard","meta":{"footnotes":""},"categories":[164],"tags":[126,130,183],"class_list":["post-95068","post","type-post","status-publish","format-standard","hentry","category-de-leyenda","tag-carrera-y-competicion","tag-otros-eventos-y-competiciones","tag-repsol-rally-team"],"yoast_head":"<!-- This site is optimized with the Yoast SEO plugin v27.3 - https:\/\/yoast.com\/product\/yoast-seo-wordpress\/ -->\n<title>Carlos Sainz 1997: el fin de una era - Box Repsol<\/title>\n<meta name=\"description\" content=\"El a\u00f1o que marc\u00f3 el final de una era para Carlos Sainz fue 1997. Explora la emocionante historia de este legendario piloto en Box Repsol.\" \/>\n<link rel=\"canonical\" href=\"https:\/\/www.boxrepsol.com\/es\/de-leyenda\/carlos-sainz-1997-fin-una\/\" \/>\n<meta property=\"og:locale\" content=\"es_ES\" \/>\n<meta property=\"og:type\" content=\"article\" \/>\n<meta property=\"og:title\" content=\"Carlos Sainz 1997: el fin de una era - Box Repsol\" \/>\n<meta property=\"og:description\" content=\"El a\u00f1o que marc\u00f3 el final de una era para Carlos Sainz fue 1997. Explora la emocionante historia de este legendario piloto en Box Repsol.\" \/>\n<meta property=\"og:url\" content=\"https:\/\/www.boxrepsol.com\/es\/de-leyenda\/carlos-sainz-1997-fin-una\/\" \/>\n<meta property=\"og:site_name\" content=\"Box Repsol\" \/>\n<meta property=\"article:publisher\" content=\"https:\/\/www.facebook.com\/BoxRepsol\" \/>\n<meta property=\"article:published_time\" content=\"2021-08-23T02:00:00+00:00\" \/>\n<meta property=\"article:modified_time\" content=\"2024-10-09T11:32:01+00:00\" \/>\n<meta property=\"og:image\" content=\"https:\/\/bxrepsol.s3.eu-west-1.amazonaws.com\/static\/2022\/08\/09134052\/https___repsolmedia.com_repsolmedia_wp-content_uploads_1996_07_carpeta58_1_carlos_sainz_luis_moya_rally_argentina_1996-2-scaled.jpg\" \/>\n\t<meta property=\"og:image:width\" content=\"2560\" \/>\n\t<meta property=\"og:image:height\" content=\"1713\" \/>\n\t<meta property=\"og:image:type\" content=\"image\/jpeg\" \/>\n<meta name=\"author\" content=\"Juan Pedro de la Torre\" \/>\n<meta name=\"twitter:card\" content=\"summary_large_image\" \/>\n<meta name=\"twitter:creator\" content=\"@https:\/\/twitter.com\/JPdelaTorre1965\" \/>\n<meta name=\"twitter:site\" content=\"@box_repsol\" \/>\n<meta name=\"twitter:label1\" content=\"Written by\" \/>\n\t<meta name=\"twitter:data1\" content=\"Juan Pedro de la Torre\" \/>\n\t<meta name=\"twitter:label2\" content=\"Est. reading time\" \/>\n\t<meta name=\"twitter:data2\" content=\"6 minutos\" \/>\n<script type=\"application\/ld+json\" class=\"yoast-schema-graph\">{\"@context\":\"https:\\\/\\\/schema.org\",\"@graph\":[{\"@type\":\"Article\",\"@id\":\"https:\\\/\\\/www.boxrepsol.com\\\/es\\\/de-leyenda\\\/carlos-sainz-1997-fin-una\\\/#article\",\"isPartOf\":{\"@id\":\"https:\\\/\\\/www.boxrepsol.com\\\/es\\\/de-leyenda\\\/carlos-sainz-1997-fin-una\\\/\"},\"author\":{\"name\":\"Juan Pedro de la Torre\",\"@id\":\"https:\\\/\\\/www.boxrepsol.com\\\/es\\\/#\\\/schema\\\/person\\\/26abce1d675df22d63ac9e9d5f23e4aa\"},\"headline\":\"Carlos Sainz 1997: el fin de una era\",\"datePublished\":\"2021-08-23T02:00:00+00:00\",\"dateModified\":\"2024-10-09T11:32:01+00:00\",\"mainEntityOfPage\":{\"@id\":\"https:\\\/\\\/www.boxrepsol.com\\\/es\\\/de-leyenda\\\/carlos-sainz-1997-fin-una\\\/\"},\"wordCount\":1124,\"commentCount\":0,\"publisher\":{\"@id\":\"https:\\\/\\\/www.boxrepsol.com\\\/es\\\/#organization\"},\"image\":{\"@id\":\"https:\\\/\\\/www.boxrepsol.com\\\/es\\\/de-leyenda\\\/carlos-sainz-1997-fin-una\\\/#primaryimage\"},\"thumbnailUrl\":\"https:\\\/\\\/bxrepsol.s3.eu-west-1.amazonaws.com\\\/static\\\/2022\\\/08\\\/09134052\\\/https___repsolmedia.com_repsolmedia_wp-content_uploads_1996_07_carpeta58_1_carlos_sainz_luis_moya_rally_argentina_1996-2-scaled.jpg\",\"keywords\":[\"carrera y competici\u00f3n\",\"otros eventos y competiciones\",\"Repsol Rally Team\"],\"articleSection\":[\"De leyenda\"],\"inLanguage\":\"es\",\"potentialAction\":[{\"@type\":\"CommentAction\",\"name\":\"Comment\",\"target\":[\"https:\\\/\\\/www.boxrepsol.com\\\/es\\\/de-leyenda\\\/carlos-sainz-1997-fin-una\\\/#respond\"]}]},{\"@type\":\"WebPage\",\"@id\":\"https:\\\/\\\/www.boxrepsol.com\\\/es\\\/de-leyenda\\\/carlos-sainz-1997-fin-una\\\/\",\"url\":\"https:\\\/\\\/www.boxrepsol.com\\\/es\\\/de-leyenda\\\/carlos-sainz-1997-fin-una\\\/\",\"name\":\"Carlos Sainz 1997: el fin de una era - Box Repsol\",\"isPartOf\":{\"@id\":\"https:\\\/\\\/www.boxrepsol.com\\\/es\\\/#website\"},\"primaryImageOfPage\":{\"@id\":\"https:\\\/\\\/www.boxrepsol.com\\\/es\\\/de-leyenda\\\/carlos-sainz-1997-fin-una\\\/#primaryimage\"},\"image\":{\"@id\":\"https:\\\/\\\/www.boxrepsol.com\\\/es\\\/de-leyenda\\\/carlos-sainz-1997-fin-una\\\/#primaryimage\"},\"thumbnailUrl\":\"https:\\\/\\\/bxrepsol.s3.eu-west-1.amazonaws.com\\\/static\\\/2022\\\/08\\\/09134052\\\/https___repsolmedia.com_repsolmedia_wp-content_uploads_1996_07_carpeta58_1_carlos_sainz_luis_moya_rally_argentina_1996-2-scaled.jpg\",\"datePublished\":\"2021-08-23T02:00:00+00:00\",\"dateModified\":\"2024-10-09T11:32:01+00:00\",\"description\":\"El a\u00f1o que marc\u00f3 el final de una era para Carlos Sainz fue 1997. Explora la emocionante historia de este legendario piloto en Box Repsol.\",\"breadcrumb\":{\"@id\":\"https:\\\/\\\/www.boxrepsol.com\\\/es\\\/de-leyenda\\\/carlos-sainz-1997-fin-una\\\/#breadcrumb\"},\"inLanguage\":\"es\",\"potentialAction\":[{\"@type\":\"ReadAction\",\"target\":[\"https:\\\/\\\/www.boxrepsol.com\\\/es\\\/de-leyenda\\\/carlos-sainz-1997-fin-una\\\/\"]}]},{\"@type\":\"ImageObject\",\"inLanguage\":\"es\",\"@id\":\"https:\\\/\\\/www.boxrepsol.com\\\/es\\\/de-leyenda\\\/carlos-sainz-1997-fin-una\\\/#primaryimage\",\"url\":\"https:\\\/\\\/bxrepsol.s3.eu-west-1.amazonaws.com\\\/static\\\/2022\\\/08\\\/09134052\\\/https___repsolmedia.com_repsolmedia_wp-content_uploads_1996_07_carpeta58_1_carlos_sainz_luis_moya_rally_argentina_1996-2-scaled.jpg\",\"contentUrl\":\"https:\\\/\\\/bxrepsol.s3.eu-west-1.amazonaws.com\\\/static\\\/2022\\\/08\\\/09134052\\\/https___repsolmedia.com_repsolmedia_wp-content_uploads_1996_07_carpeta58_1_carlos_sainz_luis_moya_rally_argentina_1996-2-scaled.jpg\",\"width\":2560,\"height\":1713},{\"@type\":\"BreadcrumbList\",\"@id\":\"https:\\\/\\\/www.boxrepsol.com\\\/es\\\/de-leyenda\\\/carlos-sainz-1997-fin-una\\\/#breadcrumb\",\"itemListElement\":[{\"@type\":\"ListItem\",\"position\":1,\"name\":\"Home\",\"item\":\"https:\\\/\\\/www.boxrepsol.com\\\/es\\\/\"},{\"@type\":\"ListItem\",\"position\":2,\"name\":\"Carlos Sainz 1997: el fin de una era\"}]},{\"@type\":\"WebSite\",\"@id\":\"https:\\\/\\\/www.boxrepsol.com\\\/es\\\/#website\",\"url\":\"https:\\\/\\\/www.boxrepsol.com\\\/es\\\/\",\"name\":\"Box Repsol\",\"description\":\"Box Repsol Site\",\"publisher\":{\"@id\":\"https:\\\/\\\/www.boxrepsol.com\\\/es\\\/#organization\"},\"potentialAction\":[{\"@type\":\"SearchAction\",\"target\":{\"@type\":\"EntryPoint\",\"urlTemplate\":\"https:\\\/\\\/www.boxrepsol.com\\\/es\\\/?s={search_term_string}\"},\"query-input\":{\"@type\":\"PropertyValueSpecification\",\"valueRequired\":true,\"valueName\":\"search_term_string\"}}],\"inLanguage\":\"es\"},{\"@type\":\"Organization\",\"@id\":\"https:\\\/\\\/www.boxrepsol.com\\\/es\\\/#organization\",\"name\":\"Box Repsol\",\"url\":\"https:\\\/\\\/www.boxrepsol.com\\\/es\\\/\",\"logo\":{\"@type\":\"ImageObject\",\"inLanguage\":\"es\",\"@id\":\"https:\\\/\\\/www.boxrepsol.com\\\/es\\\/#\\\/schema\\\/logo\\\/image\\\/\",\"url\":\"https:\\\/\\\/bxrepsol.s3.eu-west-1.amazonaws.com\\\/static\\\/2025\\\/07\\\/30083337\\\/favicon-96x96-1.png\",\"contentUrl\":\"https:\\\/\\\/bxrepsol.s3.eu-west-1.amazonaws.com\\\/static\\\/2025\\\/07\\\/30083337\\\/favicon-96x96-1.png\",\"width\":96,\"height\":96,\"caption\":\"Box Repsol\"},\"image\":{\"@id\":\"https:\\\/\\\/www.boxrepsol.com\\\/es\\\/#\\\/schema\\\/logo\\\/image\\\/\"},\"sameAs\":[\"https:\\\/\\\/www.facebook.com\\\/BoxRepsol\",\"https:\\\/\\\/x.com\\\/box_repsol\",\"http:\\\/\\\/instagram.com\\\/box_repsol\",\"https:\\\/\\\/www.youtube.com\\\/user\\\/RepsolCompeticion\",\"https:\\\/\\\/www.flickr.com\\\/photos\\\/box_repsol\\\/\"]},{\"@type\":\"Person\",\"@id\":\"https:\\\/\\\/www.boxrepsol.com\\\/es\\\/#\\\/schema\\\/person\\\/26abce1d675df22d63ac9e9d5f23e4aa\",\"name\":\"Juan Pedro de la Torre\",\"image\":{\"@type\":\"ImageObject\",\"inLanguage\":\"es\",\"@id\":\"https:\\\/\\\/secure.gravatar.com\\\/avatar\\\/e81f780ee2930d7be330cb34304decf0e9bc66bec0158805a0fe2726f4517224?s=96&d=mm&r=g\",\"url\":\"https:\\\/\\\/secure.gravatar.com\\\/avatar\\\/e81f780ee2930d7be330cb34304decf0e9bc66bec0158805a0fe2726f4517224?s=96&d=mm&r=g\",\"contentUrl\":\"https:\\\/\\\/secure.gravatar.com\\\/avatar\\\/e81f780ee2930d7be330cb34304decf0e9bc66bec0158805a0fe2726f4517224?s=96&d=mm&r=g\",\"caption\":\"Juan Pedro de la Torre\"},\"description\":\"Se inici\u00f3 en el diario Marca en 1988 y posteriormente pas\u00f3 a la revista Motociclismo, donde llegar\u00eda a ser director de deporte. Despu\u00e9s fue editor y director de Motoworld.es y Sport Bikes y colabor\u00f3 con varios medios. Adem\u00e1s, ha publicado una docena de libros y actualmente trabaja como colaborador para Motociclismo, El Confidencial y Box Repsol.\",\"sameAs\":[\"https:\\\/\\\/x.com\\\/https:\\\/\\\/twitter.com\\\/JPdelaTorre1965\",\"https:\\\/\\\/youtube.com\\\/@juanpedrodelatorremotoworld\"],\"url\":\"https:\\\/\\\/www.boxrepsol.com\\\/es\\\/author\\\/juanpedro_delatorre\\\/\"}]}<\/script>\n<!-- \/ Yoast SEO plugin. -->","yoast_head_json":{"title":"Carlos Sainz 1997: el fin de una era - Box Repsol","description":"El a\u00f1o que marc\u00f3 el final de una era para Carlos Sainz fue 1997. Explora la emocionante historia de este legendario piloto en Box Repsol.","canonical":"https:\/\/www.boxrepsol.com\/es\/de-leyenda\/carlos-sainz-1997-fin-una\/","og_locale":"es_ES","og_type":"article","og_title":"Carlos Sainz 1997: el fin de una era - Box Repsol","og_description":"El a\u00f1o que marc\u00f3 el final de una era para Carlos Sainz fue 1997. Explora la emocionante historia de este legendario piloto en Box Repsol.","og_url":"https:\/\/www.boxrepsol.com\/es\/de-leyenda\/carlos-sainz-1997-fin-una\/","og_site_name":"Box Repsol","article_publisher":"https:\/\/www.facebook.com\/BoxRepsol","article_published_time":"2021-08-23T02:00:00+00:00","article_modified_time":"2024-10-09T11:32:01+00:00","og_image":[{"width":2560,"height":1713,"url":"https:\/\/bxrepsol.s3.eu-west-1.amazonaws.com\/static\/2022\/08\/09134052\/https___repsolmedia.com_repsolmedia_wp-content_uploads_1996_07_carpeta58_1_carlos_sainz_luis_moya_rally_argentina_1996-2-scaled.jpg","type":"image\/jpeg"}],"author":"Juan Pedro de la Torre","twitter_card":"summary_large_image","twitter_creator":"@https:\/\/twitter.com\/JPdelaTorre1965","twitter_site":"@box_repsol","twitter_misc":{"Written by":"Juan Pedro de la Torre","Est. reading time":"6 minutos"},"schema":{"@context":"https:\/\/schema.org","@graph":[{"@type":"Article","@id":"https:\/\/www.boxrepsol.com\/es\/de-leyenda\/carlos-sainz-1997-fin-una\/#article","isPartOf":{"@id":"https:\/\/www.boxrepsol.com\/es\/de-leyenda\/carlos-sainz-1997-fin-una\/"},"author":{"name":"Juan Pedro de la Torre","@id":"https:\/\/www.boxrepsol.com\/es\/#\/schema\/person\/26abce1d675df22d63ac9e9d5f23e4aa"},"headline":"Carlos Sainz 1997: el fin de una era","datePublished":"2021-08-23T02:00:00+00:00","dateModified":"2024-10-09T11:32:01+00:00","mainEntityOfPage":{"@id":"https:\/\/www.boxrepsol.com\/es\/de-leyenda\/carlos-sainz-1997-fin-una\/"},"wordCount":1124,"commentCount":0,"publisher":{"@id":"https:\/\/www.boxrepsol.com\/es\/#organization"},"image":{"@id":"https:\/\/www.boxrepsol.com\/es\/de-leyenda\/carlos-sainz-1997-fin-una\/#primaryimage"},"thumbnailUrl":"https:\/\/bxrepsol.s3.eu-west-1.amazonaws.com\/static\/2022\/08\/09134052\/https___repsolmedia.com_repsolmedia_wp-content_uploads_1996_07_carpeta58_1_carlos_sainz_luis_moya_rally_argentina_1996-2-scaled.jpg","keywords":["carrera y competici\u00f3n","otros eventos y competiciones","Repsol Rally Team"],"articleSection":["De leyenda"],"inLanguage":"es","potentialAction":[{"@type":"CommentAction","name":"Comment","target":["https:\/\/www.boxrepsol.com\/es\/de-leyenda\/carlos-sainz-1997-fin-una\/#respond"]}]},{"@type":"WebPage","@id":"https:\/\/www.boxrepsol.com\/es\/de-leyenda\/carlos-sainz-1997-fin-una\/","url":"https:\/\/www.boxrepsol.com\/es\/de-leyenda\/carlos-sainz-1997-fin-una\/","name":"Carlos Sainz 1997: el fin de una era - Box Repsol","isPartOf":{"@id":"https:\/\/www.boxrepsol.com\/es\/#website"},"primaryImageOfPage":{"@id":"https:\/\/www.boxrepsol.com\/es\/de-leyenda\/carlos-sainz-1997-fin-una\/#primaryimage"},"image":{"@id":"https:\/\/www.boxrepsol.com\/es\/de-leyenda\/carlos-sainz-1997-fin-una\/#primaryimage"},"thumbnailUrl":"https:\/\/bxrepsol.s3.eu-west-1.amazonaws.com\/static\/2022\/08\/09134052\/https___repsolmedia.com_repsolmedia_wp-content_uploads_1996_07_carpeta58_1_carlos_sainz_luis_moya_rally_argentina_1996-2-scaled.jpg","datePublished":"2021-08-23T02:00:00+00:00","dateModified":"2024-10-09T11:32:01+00:00","description":"El a\u00f1o que marc\u00f3 el final de una era para Carlos Sainz fue 1997. Explora la emocionante historia de este legendario piloto en Box Repsol.","breadcrumb":{"@id":"https:\/\/www.boxrepsol.com\/es\/de-leyenda\/carlos-sainz-1997-fin-una\/#breadcrumb"},"inLanguage":"es","potentialAction":[{"@type":"ReadAction","target":["https:\/\/www.boxrepsol.com\/es\/de-leyenda\/carlos-sainz-1997-fin-una\/"]}]},{"@type":"ImageObject","inLanguage":"es","@id":"https:\/\/www.boxrepsol.com\/es\/de-leyenda\/carlos-sainz-1997-fin-una\/#primaryimage","url":"https:\/\/bxrepsol.s3.eu-west-1.amazonaws.com\/static\/2022\/08\/09134052\/https___repsolmedia.com_repsolmedia_wp-content_uploads_1996_07_carpeta58_1_carlos_sainz_luis_moya_rally_argentina_1996-2-scaled.jpg","contentUrl":"https:\/\/bxrepsol.s3.eu-west-1.amazonaws.com\/static\/2022\/08\/09134052\/https___repsolmedia.com_repsolmedia_wp-content_uploads_1996_07_carpeta58_1_carlos_sainz_luis_moya_rally_argentina_1996-2-scaled.jpg","width":2560,"height":1713},{"@type":"BreadcrumbList","@id":"https:\/\/www.boxrepsol.com\/es\/de-leyenda\/carlos-sainz-1997-fin-una\/#breadcrumb","itemListElement":[{"@type":"ListItem","position":1,"name":"Home","item":"https:\/\/www.boxrepsol.com\/es\/"},{"@type":"ListItem","position":2,"name":"Carlos Sainz 1997: el fin de una era"}]},{"@type":"WebSite","@id":"https:\/\/www.boxrepsol.com\/es\/#website","url":"https:\/\/www.boxrepsol.com\/es\/","name":"Box Repsol","description":"Box Repsol Site","publisher":{"@id":"https:\/\/www.boxrepsol.com\/es\/#organization"},"potentialAction":[{"@type":"SearchAction","target":{"@type":"EntryPoint","urlTemplate":"https:\/\/www.boxrepsol.com\/es\/?s={search_term_string}"},"query-input":{"@type":"PropertyValueSpecification","valueRequired":true,"valueName":"search_term_string"}}],"inLanguage":"es"},{"@type":"Organization","@id":"https:\/\/www.boxrepsol.com\/es\/#organization","name":"Box Repsol","url":"https:\/\/www.boxrepsol.com\/es\/","logo":{"@type":"ImageObject","inLanguage":"es","@id":"https:\/\/www.boxrepsol.com\/es\/#\/schema\/logo\/image\/","url":"https:\/\/bxrepsol.s3.eu-west-1.amazonaws.com\/static\/2025\/07\/30083337\/favicon-96x96-1.png","contentUrl":"https:\/\/bxrepsol.s3.eu-west-1.amazonaws.com\/static\/2025\/07\/30083337\/favicon-96x96-1.png","width":96,"height":96,"caption":"Box Repsol"},"image":{"@id":"https:\/\/www.boxrepsol.com\/es\/#\/schema\/logo\/image\/"},"sameAs":["https:\/\/www.facebook.com\/BoxRepsol","https:\/\/x.com\/box_repsol","http:\/\/instagram.com\/box_repsol","https:\/\/www.youtube.com\/user\/RepsolCompeticion","https:\/\/www.flickr.com\/photos\/box_repsol\/"]},{"@type":"Person","@id":"https:\/\/www.boxrepsol.com\/es\/#\/schema\/person\/26abce1d675df22d63ac9e9d5f23e4aa","name":"Juan Pedro de la Torre","image":{"@type":"ImageObject","inLanguage":"es","@id":"https:\/\/secure.gravatar.com\/avatar\/e81f780ee2930d7be330cb34304decf0e9bc66bec0158805a0fe2726f4517224?s=96&d=mm&r=g","url":"https:\/\/secure.gravatar.com\/avatar\/e81f780ee2930d7be330cb34304decf0e9bc66bec0158805a0fe2726f4517224?s=96&d=mm&r=g","contentUrl":"https:\/\/secure.gravatar.com\/avatar\/e81f780ee2930d7be330cb34304decf0e9bc66bec0158805a0fe2726f4517224?s=96&d=mm&r=g","caption":"Juan Pedro de la Torre"},"description":"Se inici\u00f3 en el diario Marca en 1988 y posteriormente pas\u00f3 a la revista Motociclismo, donde llegar\u00eda a ser director de deporte. Despu\u00e9s fue editor y director de Motoworld.es y Sport Bikes y colabor\u00f3 con varios medios. Adem\u00e1s, ha publicado una docena de libros y actualmente trabaja como colaborador para Motociclismo, El Confidencial y Box Repsol.","sameAs":["https:\/\/x.com\/https:\/\/twitter.com\/JPdelaTorre1965","https:\/\/youtube.com\/@juanpedrodelatorremotoworld"],"url":"https:\/\/www.boxrepsol.com\/es\/author\/juanpedro_delatorre\/"}]}},"_links":{"self":[{"href":"https:\/\/www.boxrepsol.com\/es\/wp-json\/wp\/v2\/posts\/95068","targetHints":{"allow":["GET"]}}],"collection":[{"href":"https:\/\/www.boxrepsol.com\/es\/wp-json\/wp\/v2\/posts"}],"about":[{"href":"https:\/\/www.boxrepsol.com\/es\/wp-json\/wp\/v2\/types\/post"}],"author":[{"embeddable":true,"href":"https:\/\/www.boxrepsol.com\/es\/wp-json\/wp\/v2\/users\/41268"}],"replies":[{"embeddable":true,"href":"https:\/\/www.boxrepsol.com\/es\/wp-json\/wp\/v2\/comments?post=95068"}],"version-history":[{"count":13,"href":"https:\/\/www.boxrepsol.com\/es\/wp-json\/wp\/v2\/posts\/95068\/revisions"}],"predecessor-version":[{"id":120991,"href":"https:\/\/www.boxrepsol.com\/es\/wp-json\/wp\/v2\/posts\/95068\/revisions\/120991"}],"wp:featuredmedia":[{"embeddable":true,"href":"https:\/\/www.boxrepsol.com\/es\/wp-json\/wp\/v2\/media\/43717"}],"wp:attachment":[{"href":"https:\/\/www.boxrepsol.com\/es\/wp-json\/wp\/v2\/media?parent=95068"}],"wp:term":[{"taxonomy":"category","embeddable":true,"href":"https:\/\/www.boxrepsol.com\/es\/wp-json\/wp\/v2\/categories?post=95068"},{"taxonomy":"post_tag","embeddable":true,"href":"https:\/\/www.boxrepsol.com\/es\/wp-json\/wp\/v2\/tags?post=95068"}],"curies":[{"name":"wp","href":"https:\/\/api.w.org\/{rel}","templated":true}]}}