{"id":95063,"date":"2021-08-17T00:00:00","date_gmt":"2021-08-17T02:00:00","guid":{"rendered":"http:\/\/pre.boxrepsol.com\/sin-categorizar\/trialgp-andorra-espera-al-repsol-honda-team-tras-las-vacaciones-verano\/"},"modified":"2024-04-12T13:23:50","modified_gmt":"2024-04-12T15:23:50","slug":"trialgp-andorra-espera-al-repsol-honda-team-tras-las-vacaciones-verano","status":"publish","type":"post","link":"https:\/\/www.boxrepsol.com\/es\/trial\/trialgp-andorra-espera-al-repsol-honda-team-tras-las-vacaciones-verano\/","title":{"rendered":"El TrialGP de Andorra espera al Repsol Honda Team tras las vacaciones de verano"},"content":{"rendered":"<p>Poco m\u00e1s de un mes ha transcurrido desde la carrera del circuito de Charade hasta que los pilotos del <strong>Repsol Honda Team<\/strong> volver\u00e1n a vestirse con la ropa de competici\u00f3n. Desde entonces, unos d\u00edas de vacaciones para regresar a los entrenamientos para preparar una de las carreras m\u00e1s exigentes del calendario: <strong>Andorra<\/strong>. Una cita conocida, pero no por ello f\u00e1cil. La altura <strong>(1.450 metros)<\/strong> y las altas temperaturas del mes de agosto acostumbran a afectar en el rendimiento de los pilotos y sus monturas.<\/p>\n<p>Este pr\u00f3ximo fin de semana, 19 y 20 de agosto, el l\u00edder del campeonato tiene una importante cita. Es \u201cla carrera de casa\u201d para el piloto de la<strong> Montesa Cota 4RT<\/strong> y siempre quiere completar una buena actuaci\u00f3n ante los suyos. <strong>Toni Bou<\/strong> est\u00e1 al frente del campeonato, despu\u00e9s de dos victorias y un segundo puesto, con <strong>57 puntos<\/strong>, diez de ventaja sobre el segundo clasificado. Con ocho triunfos, Bou es el piloto que ha logrado mayores \u00e9xitos en Andorra.<\/p>\n<p>Por su parte, el piloto japon\u00e9s del Repsol Honda Team <strong>Takahisa Fujinami<\/strong> figura cuarto en la provisional a un solo punto del tercer clasificado y a cinco del segundo lugar. \u2018<strong>Fujigas<\/strong>\u2019, el piloto con mayor n\u00famero de participaciones en el campeonato del Mundo de Trial (<strong>349 carreras<\/strong>) quiere seguir manteniendo el buen nivel demostrado en las tres carreras de inicio de temporada. En el hist\u00f3rico de resultados, Fujinami no ha conseguido a\u00fan ninguna victoria en Andorra, pero s\u00ed ha conquistado en once ocasiones un lugar en el podio.<\/p>\n<p>El <strong>TrialGP de Andorra<\/strong> se disputar\u00e1 en dos jornadas independientes, <strong>s\u00e1bado y domingo<\/strong>. El viernes se habr\u00e1n realizado las preceptivas verificaciones y los pilotos podr\u00e1n reconocer las doce zonas a las que tendr\u00e1n que hacer frente en dos ocasiones, cada d\u00eda. El recorrido es diferente al de los \u00faltimos a\u00f1os y concentra la mayor\u00eda de doce zonas en tres grupos: Nagol, Aixirivall y Auviny\u00e0. Est\u00e1 previsto que, en ambas jornadas, la carrera termine sobre las 15:00 horas y el podio tenga lugar a las 15:30.<\/p>\n<h2>Declaraciones de los pilotos<\/h2>\n<h3>Toni Bou<\/h3>\n<p><em>\u00abPara m\u00ed, la carrera de Andorra es siempre especial. Salgo con las ganas de ganar en casa, pero como siempre, hay que estar muy atento y concentrado. Este a\u00f1o, con un recorrido parcialmente diferente al de los \u00faltimos a\u00f1os, puede ser muy selectivo. En este mes de agosto entramos en una parte decisiva del campeonato con las carreras de Andorra y Cahors; intentaremos luchar para seguir manteniendo el primer puesto una vez disputadas estas tres carreras\u00bb.<\/em><\/p>\n<h3>Takahisa Fujinami<\/h3>\n<p><em>\u00abCreo que estoy preparado para esta tercera prueba del campeonato. F\u00edsicamente he trabajado mucho y el equipo tambi\u00e9n se ha preparado para poder encarar una parte importante del a\u00f1o, con pruebas complicadas, sobretodo esta de Andorra, donde la altura y el calor puede afectar al rendimiento en general, tanto de pilotos como en las motos. Vamos a luchar como siempre para conseguir el mejor resultado posible\u00bb.<\/em><\/p>\n","protected":false},"excerpt":{"rendered":"<p>Toni Bou y Takahisa Fujinami afrontan este fin de semana una de las carreras m\u00e1s especiales: el TrialGP de Andorra. La altitud y las exigentes zonas pondr\u00e1n nuevamente a prueba a los pilotos del Repsol Honda Team.<\/p>\n","protected":false},"author":43146,"featured_media":43665,"comment_status":"open","ping_status":"open","sticky":false,"template":"","format":"standard","meta":{"footnotes":""},"categories":[23],"tags":[194,126,50,49,21],"class_list":["post-95063","post","type-post","status-publish","format-standard","hentry","category-trial","tag-194","tag-carrera-y-competicion","tag-equipo-repsol-honda","tag-takahisa-fujinami","tag-toni-bou"],"yoast_head":"<!-- This site is optimized with the Yoast SEO plugin v27.3 - https:\/\/yoast.com\/product\/yoast-seo-wordpress\/ -->\n<title>El TrialGP de Andorra espera al Repsol Honda Team tras las vacaciones de verano - Box Repsol<\/title>\n<meta name=\"description\" content=\"Descubre las expectativas y preparativos del equipo de Trial de Repsol para la segunda mitad de la temporada en Box Repsol.\" \/>\n<link rel=\"canonical\" href=\"https:\/\/www.boxrepsol.com\/es\/trial\/trialgp-andorra-espera-al-repsol-honda-team-tras-las-vacaciones-verano\/\" \/>\n<meta property=\"og:locale\" content=\"es_ES\" \/>\n<meta property=\"og:type\" content=\"article\" \/>\n<meta property=\"og:title\" content=\"El TrialGP de Andorra espera al Repsol Honda Team tras las vacaciones de verano - Box Repsol\" \/>\n<meta property=\"og:description\" content=\"Descubre las expectativas y preparativos del equipo de Trial de Repsol para la segunda mitad de la temporada en Box Repsol.\" \/>\n<meta property=\"og:url\" content=\"https:\/\/www.boxrepsol.com\/es\/trial\/trialgp-andorra-espera-al-repsol-honda-team-tras-las-vacaciones-verano\/\" \/>\n<meta property=\"og:site_name\" content=\"Box Repsol\" \/>\n<meta property=\"article:publisher\" content=\"https:\/\/www.facebook.com\/BoxRepsol\" \/>\n<meta property=\"article:author\" content=\"https:\/\/www.facebook.com\/BoxRepsol\/\" \/>\n<meta property=\"article:published_time\" content=\"2021-08-17T02:00:00+00:00\" \/>\n<meta property=\"article:modified_time\" content=\"2024-04-12T15:23:50+00:00\" \/>\n<meta property=\"og:image\" content=\"https:\/\/bxrepsol.s3.eu-west-1.amazonaws.com\/static\/2022\/08\/09134003\/611a0be5e61b90.37944278-1.jpg\" \/>\n\t<meta property=\"og:image:width\" content=\"800\" \/>\n\t<meta property=\"og:image:height\" content=\"533\" \/>\n\t<meta property=\"og:image:type\" content=\"image\/jpeg\" \/>\n<meta name=\"author\" content=\"Redacci\u00f3n Box Repsol\" \/>\n<meta name=\"twitter:card\" content=\"summary_large_image\" \/>\n<meta name=\"twitter:creator\" content=\"@https:\/\/twitter.com\/box_repsol\" \/>\n<meta name=\"twitter:site\" content=\"@box_repsol\" \/>\n<meta name=\"twitter:label1\" content=\"Written by\" \/>\n\t<meta name=\"twitter:data1\" content=\"Redacci\u00f3n Box Repsol\" \/>\n\t<meta name=\"twitter:label2\" content=\"Est. reading time\" \/>\n\t<meta name=\"twitter:data2\" content=\"3 minutos\" \/>\n<script type=\"application\/ld+json\" class=\"yoast-schema-graph\">{\"@context\":\"https:\\\/\\\/schema.org\",\"@graph\":[{\"@type\":\"Article\",\"@id\":\"https:\\\/\\\/www.boxrepsol.com\\\/es\\\/trial\\\/trialgp-andorra-espera-al-repsol-honda-team-tras-las-vacaciones-verano\\\/#article\",\"isPartOf\":{\"@id\":\"https:\\\/\\\/www.boxrepsol.com\\\/es\\\/trial\\\/trialgp-andorra-espera-al-repsol-honda-team-tras-las-vacaciones-verano\\\/\"},\"author\":{\"name\":\"Redacci\u00f3n Box Repsol\",\"@id\":\"https:\\\/\\\/www.boxrepsol.com\\\/es\\\/#\\\/schema\\\/person\\\/c5c2138f2cca251b0ad92b7086bb60b7\"},\"headline\":\"El TrialGP de Andorra espera al Repsol Honda Team tras las vacaciones de verano\",\"datePublished\":\"2021-08-17T02:00:00+00:00\",\"dateModified\":\"2024-04-12T15:23:50+00:00\",\"mainEntityOfPage\":{\"@id\":\"https:\\\/\\\/www.boxrepsol.com\\\/es\\\/trial\\\/trialgp-andorra-espera-al-repsol-honda-team-tras-las-vacaciones-verano\\\/\"},\"wordCount\":520,\"commentCount\":0,\"publisher\":{\"@id\":\"https:\\\/\\\/www.boxrepsol.com\\\/es\\\/#organization\"},\"image\":{\"@id\":\"https:\\\/\\\/www.boxrepsol.com\\\/es\\\/trial\\\/trialgp-andorra-espera-al-repsol-honda-team-tras-las-vacaciones-verano\\\/#primaryimage\"},\"thumbnailUrl\":\"https:\\\/\\\/bxrepsol.s3.eu-west-1.amazonaws.com\\\/static\\\/2022\\\/08\\\/09134003\\\/611a0be5e61b90.37944278-1.jpg\",\"keywords\":[\"2021\",\"carrera y competici\u00f3n\",\"Equipo Repsol Honda\",\"Takahisa Fujinami\",\"Toni Bou\"],\"articleSection\":[\"Trial\"],\"inLanguage\":\"es\",\"potentialAction\":[{\"@type\":\"CommentAction\",\"name\":\"Comment\",\"target\":[\"https:\\\/\\\/www.boxrepsol.com\\\/es\\\/trial\\\/trialgp-andorra-espera-al-repsol-honda-team-tras-las-vacaciones-verano\\\/#respond\"]}]},{\"@type\":\"WebPage\",\"@id\":\"https:\\\/\\\/www.boxrepsol.com\\\/es\\\/trial\\\/trialgp-andorra-espera-al-repsol-honda-team-tras-las-vacaciones-verano\\\/\",\"url\":\"https:\\\/\\\/www.boxrepsol.com\\\/es\\\/trial\\\/trialgp-andorra-espera-al-repsol-honda-team-tras-las-vacaciones-verano\\\/\",\"name\":\"El TrialGP de Andorra espera al Repsol Honda Team tras las vacaciones de verano - Box Repsol\",\"isPartOf\":{\"@id\":\"https:\\\/\\\/www.boxrepsol.com\\\/es\\\/#website\"},\"primaryImageOfPage\":{\"@id\":\"https:\\\/\\\/www.boxrepsol.com\\\/es\\\/trial\\\/trialgp-andorra-espera-al-repsol-honda-team-tras-las-vacaciones-verano\\\/#primaryimage\"},\"image\":{\"@id\":\"https:\\\/\\\/www.boxrepsol.com\\\/es\\\/trial\\\/trialgp-andorra-espera-al-repsol-honda-team-tras-las-vacaciones-verano\\\/#primaryimage\"},\"thumbnailUrl\":\"https:\\\/\\\/bxrepsol.s3.eu-west-1.amazonaws.com\\\/static\\\/2022\\\/08\\\/09134003\\\/611a0be5e61b90.37944278-1.jpg\",\"datePublished\":\"2021-08-17T02:00:00+00:00\",\"dateModified\":\"2024-04-12T15:23:50+00:00\",\"description\":\"Descubre las expectativas y preparativos del equipo de Trial de Repsol para la segunda mitad de la temporada en Box Repsol.\",\"breadcrumb\":{\"@id\":\"https:\\\/\\\/www.boxrepsol.com\\\/es\\\/trial\\\/trialgp-andorra-espera-al-repsol-honda-team-tras-las-vacaciones-verano\\\/#breadcrumb\"},\"inLanguage\":\"es\",\"potentialAction\":[{\"@type\":\"ReadAction\",\"target\":[\"https:\\\/\\\/www.boxrepsol.com\\\/es\\\/trial\\\/trialgp-andorra-espera-al-repsol-honda-team-tras-las-vacaciones-verano\\\/\"]}]},{\"@type\":\"ImageObject\",\"inLanguage\":\"es\",\"@id\":\"https:\\\/\\\/www.boxrepsol.com\\\/es\\\/trial\\\/trialgp-andorra-espera-al-repsol-honda-team-tras-las-vacaciones-verano\\\/#primaryimage\",\"url\":\"https:\\\/\\\/bxrepsol.s3.eu-west-1.amazonaws.com\\\/static\\\/2022\\\/08\\\/09134003\\\/611a0be5e61b90.37944278-1.jpg\",\"contentUrl\":\"https:\\\/\\\/bxrepsol.s3.eu-west-1.amazonaws.com\\\/static\\\/2022\\\/08\\\/09134003\\\/611a0be5e61b90.37944278-1.jpg\",\"width\":800,\"height\":533},{\"@type\":\"BreadcrumbList\",\"@id\":\"https:\\\/\\\/www.boxrepsol.com\\\/es\\\/trial\\\/trialgp-andorra-espera-al-repsol-honda-team-tras-las-vacaciones-verano\\\/#breadcrumb\",\"itemListElement\":[{\"@type\":\"ListItem\",\"position\":1,\"name\":\"Home\",\"item\":\"https:\\\/\\\/www.boxrepsol.com\\\/es\\\/\"},{\"@type\":\"ListItem\",\"position\":2,\"name\":\"El TrialGP de Andorra espera al Repsol Honda Team tras las vacaciones de verano\"}]},{\"@type\":\"WebSite\",\"@id\":\"https:\\\/\\\/www.boxrepsol.com\\\/es\\\/#website\",\"url\":\"https:\\\/\\\/www.boxrepsol.com\\\/es\\\/\",\"name\":\"Box Repsol\",\"description\":\"Box Repsol Site\",\"publisher\":{\"@id\":\"https:\\\/\\\/www.boxrepsol.com\\\/es\\\/#organization\"},\"potentialAction\":[{\"@type\":\"SearchAction\",\"target\":{\"@type\":\"EntryPoint\",\"urlTemplate\":\"https:\\\/\\\/www.boxrepsol.com\\\/es\\\/?s={search_term_string}\"},\"query-input\":{\"@type\":\"PropertyValueSpecification\",\"valueRequired\":true,\"valueName\":\"search_term_string\"}}],\"inLanguage\":\"es\"},{\"@type\":\"Organization\",\"@id\":\"https:\\\/\\\/www.boxrepsol.com\\\/es\\\/#organization\",\"name\":\"Box Repsol\",\"url\":\"https:\\\/\\\/www.boxrepsol.com\\\/es\\\/\",\"logo\":{\"@type\":\"ImageObject\",\"inLanguage\":\"es\",\"@id\":\"https:\\\/\\\/www.boxrepsol.com\\\/es\\\/#\\\/schema\\\/logo\\\/image\\\/\",\"url\":\"https:\\\/\\\/bxrepsol.s3.eu-west-1.amazonaws.com\\\/static\\\/2025\\\/07\\\/30083337\\\/favicon-96x96-1.png\",\"contentUrl\":\"https:\\\/\\\/bxrepsol.s3.eu-west-1.amazonaws.com\\\/static\\\/2025\\\/07\\\/30083337\\\/favicon-96x96-1.png\",\"width\":96,\"height\":96,\"caption\":\"Box Repsol\"},\"image\":{\"@id\":\"https:\\\/\\\/www.boxrepsol.com\\\/es\\\/#\\\/schema\\\/logo\\\/image\\\/\"},\"sameAs\":[\"https:\\\/\\\/www.facebook.com\\\/BoxRepsol\",\"https:\\\/\\\/x.com\\\/box_repsol\",\"http:\\\/\\\/instagram.com\\\/box_repsol\",\"https:\\\/\\\/www.youtube.com\\\/user\\\/RepsolCompeticion\",\"https:\\\/\\\/www.flickr.com\\\/photos\\\/box_repsol\\\/\"]},{\"@type\":\"Person\",\"@id\":\"https:\\\/\\\/www.boxrepsol.com\\\/es\\\/#\\\/schema\\\/person\\\/c5c2138f2cca251b0ad92b7086bb60b7\",\"name\":\"Redacci\u00f3n Box Repsol\",\"image\":{\"@type\":\"ImageObject\",\"inLanguage\":\"es\",\"@id\":\"https:\\\/\\\/secure.gravatar.com\\\/avatar\\\/adf7b77e38b4419baf32c7e9c21dde01f4e40df611f0978e3006fc4ba0aaab7e?s=96&d=mm&r=g\",\"url\":\"https:\\\/\\\/secure.gravatar.com\\\/avatar\\\/adf7b77e38b4419baf32c7e9c21dde01f4e40df611f0978e3006fc4ba0aaab7e?s=96&d=mm&r=g\",\"contentUrl\":\"https:\\\/\\\/secure.gravatar.com\\\/avatar\\\/adf7b77e38b4419baf32c7e9c21dde01f4e40df611f0978e3006fc4ba0aaab7e?s=96&d=mm&r=g\",\"caption\":\"Redacci\u00f3n Box Repsol\"},\"description\":\"Box Repsol lo forma un equipo de periodistas, community managers, dise\u00f1adores y fot\u00f3grafos con m\u00e1s de 20 a\u00f1os de experiencia en el mundo del motorsport. Hemos vivido el primer mundial de un espa\u00f1ol en la categor\u00eda reina de motociclismo con \u00c1lex Crivill\u00e9, estuvimos en las victorias de Pedrosa y los t\u00edtulos de M\u00e1rquez, acompa\u00f1amos en \u00c1frica a Nani Roma y Marc Coma en sus conquistas del Dakar y hemos vibrado con los t\u00edtulos de Toni Bou en Trial. Adem\u00e1s, en nuestro equipo contamos con expertos en el mundo de las dos y cuatro ruedas tanto de la calle y las carreteras, como de los circuitos. Periodistas que han trabajado en revistas y publicaciones para hacerte llegar desde rutas y consejos de mantenimiento, a curiosidades y trucos de pilotaje.\",\"sameAs\":[\"https:\\\/\\\/www.facebook.com\\\/BoxRepsol\\\/\",\"https:\\\/\\\/www.instagram.com\\\/box_repsol\\\/\",\"https:\\\/\\\/x.com\\\/https:\\\/\\\/twitter.com\\\/box_repsol\",\"https:\\\/\\\/www.youtube.com\\\/@Boxrepsol\"],\"url\":\"https:\\\/\\\/www.boxrepsol.com\\\/es\\\/author\\\/redaccion-box-repsol\\\/\"}]}<\/script>\n<!-- \/ Yoast SEO plugin. -->","yoast_head_json":{"title":"El TrialGP de Andorra espera al Repsol Honda Team tras las vacaciones de verano - Box Repsol","description":"Descubre las expectativas y preparativos del equipo de Trial de Repsol para la segunda mitad de la temporada en Box Repsol.","canonical":"https:\/\/www.boxrepsol.com\/es\/trial\/trialgp-andorra-espera-al-repsol-honda-team-tras-las-vacaciones-verano\/","og_locale":"es_ES","og_type":"article","og_title":"El TrialGP de Andorra espera al Repsol Honda Team tras las vacaciones de verano - Box Repsol","og_description":"Descubre las expectativas y preparativos del equipo de Trial de Repsol para la segunda mitad de la temporada en Box Repsol.","og_url":"https:\/\/www.boxrepsol.com\/es\/trial\/trialgp-andorra-espera-al-repsol-honda-team-tras-las-vacaciones-verano\/","og_site_name":"Box Repsol","article_publisher":"https:\/\/www.facebook.com\/BoxRepsol","article_author":"https:\/\/www.facebook.com\/BoxRepsol\/","article_published_time":"2021-08-17T02:00:00+00:00","article_modified_time":"2024-04-12T15:23:50+00:00","og_image":[{"width":800,"height":533,"url":"https:\/\/bxrepsol.s3.eu-west-1.amazonaws.com\/static\/2022\/08\/09134003\/611a0be5e61b90.37944278-1.jpg","type":"image\/jpeg"}],"author":"Redacci\u00f3n Box Repsol","twitter_card":"summary_large_image","twitter_creator":"@https:\/\/twitter.com\/box_repsol","twitter_site":"@box_repsol","twitter_misc":{"Written by":"Redacci\u00f3n Box Repsol","Est. reading time":"3 minutos"},"schema":{"@context":"https:\/\/schema.org","@graph":[{"@type":"Article","@id":"https:\/\/www.boxrepsol.com\/es\/trial\/trialgp-andorra-espera-al-repsol-honda-team-tras-las-vacaciones-verano\/#article","isPartOf":{"@id":"https:\/\/www.boxrepsol.com\/es\/trial\/trialgp-andorra-espera-al-repsol-honda-team-tras-las-vacaciones-verano\/"},"author":{"name":"Redacci\u00f3n Box Repsol","@id":"https:\/\/www.boxrepsol.com\/es\/#\/schema\/person\/c5c2138f2cca251b0ad92b7086bb60b7"},"headline":"El TrialGP de Andorra espera al Repsol Honda Team tras las vacaciones de verano","datePublished":"2021-08-17T02:00:00+00:00","dateModified":"2024-04-12T15:23:50+00:00","mainEntityOfPage":{"@id":"https:\/\/www.boxrepsol.com\/es\/trial\/trialgp-andorra-espera-al-repsol-honda-team-tras-las-vacaciones-verano\/"},"wordCount":520,"commentCount":0,"publisher":{"@id":"https:\/\/www.boxrepsol.com\/es\/#organization"},"image":{"@id":"https:\/\/www.boxrepsol.com\/es\/trial\/trialgp-andorra-espera-al-repsol-honda-team-tras-las-vacaciones-verano\/#primaryimage"},"thumbnailUrl":"https:\/\/bxrepsol.s3.eu-west-1.amazonaws.com\/static\/2022\/08\/09134003\/611a0be5e61b90.37944278-1.jpg","keywords":["2021","carrera y competici\u00f3n","Equipo Repsol Honda","Takahisa Fujinami","Toni Bou"],"articleSection":["Trial"],"inLanguage":"es","potentialAction":[{"@type":"CommentAction","name":"Comment","target":["https:\/\/www.boxrepsol.com\/es\/trial\/trialgp-andorra-espera-al-repsol-honda-team-tras-las-vacaciones-verano\/#respond"]}]},{"@type":"WebPage","@id":"https:\/\/www.boxrepsol.com\/es\/trial\/trialgp-andorra-espera-al-repsol-honda-team-tras-las-vacaciones-verano\/","url":"https:\/\/www.boxrepsol.com\/es\/trial\/trialgp-andorra-espera-al-repsol-honda-team-tras-las-vacaciones-verano\/","name":"El TrialGP de Andorra espera al Repsol Honda Team tras las vacaciones de verano - Box Repsol","isPartOf":{"@id":"https:\/\/www.boxrepsol.com\/es\/#website"},"primaryImageOfPage":{"@id":"https:\/\/www.boxrepsol.com\/es\/trial\/trialgp-andorra-espera-al-repsol-honda-team-tras-las-vacaciones-verano\/#primaryimage"},"image":{"@id":"https:\/\/www.boxrepsol.com\/es\/trial\/trialgp-andorra-espera-al-repsol-honda-team-tras-las-vacaciones-verano\/#primaryimage"},"thumbnailUrl":"https:\/\/bxrepsol.s3.eu-west-1.amazonaws.com\/static\/2022\/08\/09134003\/611a0be5e61b90.37944278-1.jpg","datePublished":"2021-08-17T02:00:00+00:00","dateModified":"2024-04-12T15:23:50+00:00","description":"Descubre las expectativas y preparativos del equipo de Trial de Repsol para la segunda mitad de la temporada en Box Repsol.","breadcrumb":{"@id":"https:\/\/www.boxrepsol.com\/es\/trial\/trialgp-andorra-espera-al-repsol-honda-team-tras-las-vacaciones-verano\/#breadcrumb"},"inLanguage":"es","potentialAction":[{"@type":"ReadAction","target":["https:\/\/www.boxrepsol.com\/es\/trial\/trialgp-andorra-espera-al-repsol-honda-team-tras-las-vacaciones-verano\/"]}]},{"@type":"ImageObject","inLanguage":"es","@id":"https:\/\/www.boxrepsol.com\/es\/trial\/trialgp-andorra-espera-al-repsol-honda-team-tras-las-vacaciones-verano\/#primaryimage","url":"https:\/\/bxrepsol.s3.eu-west-1.amazonaws.com\/static\/2022\/08\/09134003\/611a0be5e61b90.37944278-1.jpg","contentUrl":"https:\/\/bxrepsol.s3.eu-west-1.amazonaws.com\/static\/2022\/08\/09134003\/611a0be5e61b90.37944278-1.jpg","width":800,"height":533},{"@type":"BreadcrumbList","@id":"https:\/\/www.boxrepsol.com\/es\/trial\/trialgp-andorra-espera-al-repsol-honda-team-tras-las-vacaciones-verano\/#breadcrumb","itemListElement":[{"@type":"ListItem","position":1,"name":"Home","item":"https:\/\/www.boxrepsol.com\/es\/"},{"@type":"ListItem","position":2,"name":"El TrialGP de Andorra espera al Repsol Honda Team tras las vacaciones de verano"}]},{"@type":"WebSite","@id":"https:\/\/www.boxrepsol.com\/es\/#website","url":"https:\/\/www.boxrepsol.com\/es\/","name":"Box Repsol","description":"Box Repsol Site","publisher":{"@id":"https:\/\/www.boxrepsol.com\/es\/#organization"},"potentialAction":[{"@type":"SearchAction","target":{"@type":"EntryPoint","urlTemplate":"https:\/\/www.boxrepsol.com\/es\/?s={search_term_string}"},"query-input":{"@type":"PropertyValueSpecification","valueRequired":true,"valueName":"search_term_string"}}],"inLanguage":"es"},{"@type":"Organization","@id":"https:\/\/www.boxrepsol.com\/es\/#organization","name":"Box Repsol","url":"https:\/\/www.boxrepsol.com\/es\/","logo":{"@type":"ImageObject","inLanguage":"es","@id":"https:\/\/www.boxrepsol.com\/es\/#\/schema\/logo\/image\/","url":"https:\/\/bxrepsol.s3.eu-west-1.amazonaws.com\/static\/2025\/07\/30083337\/favicon-96x96-1.png","contentUrl":"https:\/\/bxrepsol.s3.eu-west-1.amazonaws.com\/static\/2025\/07\/30083337\/favicon-96x96-1.png","width":96,"height":96,"caption":"Box Repsol"},"image":{"@id":"https:\/\/www.boxrepsol.com\/es\/#\/schema\/logo\/image\/"},"sameAs":["https:\/\/www.facebook.com\/BoxRepsol","https:\/\/x.com\/box_repsol","http:\/\/instagram.com\/box_repsol","https:\/\/www.youtube.com\/user\/RepsolCompeticion","https:\/\/www.flickr.com\/photos\/box_repsol\/"]},{"@type":"Person","@id":"https:\/\/www.boxrepsol.com\/es\/#\/schema\/person\/c5c2138f2cca251b0ad92b7086bb60b7","name":"Redacci\u00f3n Box Repsol","image":{"@type":"ImageObject","inLanguage":"es","@id":"https:\/\/secure.gravatar.com\/avatar\/adf7b77e38b4419baf32c7e9c21dde01f4e40df611f0978e3006fc4ba0aaab7e?s=96&d=mm&r=g","url":"https:\/\/secure.gravatar.com\/avatar\/adf7b77e38b4419baf32c7e9c21dde01f4e40df611f0978e3006fc4ba0aaab7e?s=96&d=mm&r=g","contentUrl":"https:\/\/secure.gravatar.com\/avatar\/adf7b77e38b4419baf32c7e9c21dde01f4e40df611f0978e3006fc4ba0aaab7e?s=96&d=mm&r=g","caption":"Redacci\u00f3n Box Repsol"},"description":"Box Repsol lo forma un equipo de periodistas, community managers, dise\u00f1adores y fot\u00f3grafos con m\u00e1s de 20 a\u00f1os de experiencia en el mundo del motorsport. Hemos vivido el primer mundial de un espa\u00f1ol en la categor\u00eda reina de motociclismo con \u00c1lex Crivill\u00e9, estuvimos en las victorias de Pedrosa y los t\u00edtulos de M\u00e1rquez, acompa\u00f1amos en \u00c1frica a Nani Roma y Marc Coma en sus conquistas del Dakar y hemos vibrado con los t\u00edtulos de Toni Bou en Trial. Adem\u00e1s, en nuestro equipo contamos con expertos en el mundo de las dos y cuatro ruedas tanto de la calle y las carreteras, como de los circuitos. Periodistas que han trabajado en revistas y publicaciones para hacerte llegar desde rutas y consejos de mantenimiento, a curiosidades y trucos de pilotaje.","sameAs":["https:\/\/www.facebook.com\/BoxRepsol\/","https:\/\/www.instagram.com\/box_repsol\/","https:\/\/x.com\/https:\/\/twitter.com\/box_repsol","https:\/\/www.youtube.com\/@Boxrepsol"],"url":"https:\/\/www.boxrepsol.com\/es\/author\/redaccion-box-repsol\/"}]}},"_links":{"self":[{"href":"https:\/\/www.boxrepsol.com\/es\/wp-json\/wp\/v2\/posts\/95063","targetHints":{"allow":["GET"]}}],"collection":[{"href":"https:\/\/www.boxrepsol.com\/es\/wp-json\/wp\/v2\/posts"}],"about":[{"href":"https:\/\/www.boxrepsol.com\/es\/wp-json\/wp\/v2\/types\/post"}],"author":[{"embeddable":true,"href":"https:\/\/www.boxrepsol.com\/es\/wp-json\/wp\/v2\/users\/43146"}],"replies":[{"embeddable":true,"href":"https:\/\/www.boxrepsol.com\/es\/wp-json\/wp\/v2\/comments?post=95063"}],"version-history":[{"count":1,"href":"https:\/\/www.boxrepsol.com\/es\/wp-json\/wp\/v2\/posts\/95063\/revisions"}],"predecessor-version":[{"id":109485,"href":"https:\/\/www.boxrepsol.com\/es\/wp-json\/wp\/v2\/posts\/95063\/revisions\/109485"}],"wp:featuredmedia":[{"embeddable":true,"href":"https:\/\/www.boxrepsol.com\/es\/wp-json\/wp\/v2\/media\/43665"}],"wp:attachment":[{"href":"https:\/\/www.boxrepsol.com\/es\/wp-json\/wp\/v2\/media?parent=95063"}],"wp:term":[{"taxonomy":"category","embeddable":true,"href":"https:\/\/www.boxrepsol.com\/es\/wp-json\/wp\/v2\/categories?post=95063"},{"taxonomy":"post_tag","embeddable":true,"href":"https:\/\/www.boxrepsol.com\/es\/wp-json\/wp\/v2\/tags?post=95063"}],"curies":[{"name":"wp","href":"https:\/\/api.w.org\/{rel}","templated":true}]}}