{"id":95060,"date":"2021-08-16T00:00:00","date_gmt":"2021-08-16T02:00:00","guid":{"rendered":"http:\/\/pre.boxrepsol.com\/sin-categorizar\/que-es-un-casco-modular-y-que-ventajas-tiene\/"},"modified":"2024-03-22T08:35:30","modified_gmt":"2024-03-22T10:35:30","slug":"que-es-un-casco-modular-y-que-ventajas-tiene","status":"publish","type":"post","link":"https:\/\/www.boxrepsol.com\/es\/tecnologia\/que-es-un-casco-modular-y-que-ventajas-tiene\/","title":{"rendered":"Cascos modulares: qu\u00e9 son, qu\u00e9 ventajas tiene y c\u00f3mo funcionan"},"content":{"rendered":"<figure class=\"wp-block-post-featured-image\"><img loading=\"lazy\" decoding=\"async\" width=\"1500\" height=\"1001\" src=\"https:\/\/bxrepsol.s3.eu-west-1.amazonaws.com\/static\/2022\/08\/09133858\/Shoei-Neotec2-mood3-1.jpg\" class=\"attachment-post-thumbnail size-post-thumbnail wp-post-image\" alt=\"Piloto utilizando un casco modular abierto\" style=\"object-fit:cover;\" srcset=\"https:\/\/bxrepsol.s3.eu-west-1.amazonaws.com\/static\/2022\/08\/09133858\/Shoei-Neotec2-mood3-1.jpg 1500w, https:\/\/bxrepsol.s3.eu-west-1.amazonaws.com\/static\/2022\/08\/09133858\/Shoei-Neotec2-mood3-1-300x200.jpg 300w, https:\/\/bxrepsol.s3.eu-west-1.amazonaws.com\/static\/2022\/08\/09133858\/Shoei-Neotec2-mood3-1-1024x683.jpg 1024w, https:\/\/bxrepsol.s3.eu-west-1.amazonaws.com\/static\/2022\/08\/09133858\/Shoei-Neotec2-mood3-1-768x513.jpg 768w\" sizes=\"auto, (max-width: 1500px) 100vw, 1500px\" \/><\/figure>\n\n\n<p>El uso del casco a la hora de ir en moto es obligatorio y no pon\u00e9rselo conlleva una <a href=\"https:\/\/www.boxrepsol.com\/es\/vive-tu-moto\/cual-es-la-multa-por-no-llevar-casco\/\">multa<\/a>. De entre los tipos de casco existentes, est\u00e1 claro que los <strong>cascos modulares<\/strong> son una opci\u00f3n muy habitual especialmente para los moteros de ciudad. Facilitan algunos de los quehaceres m\u00e1s habituales que realizamos los que montamos en moto y ofrecen una protecci\u00f3n mayor que los cascos abiertos. De la misma forma, nadie pone en duda que no ofrecen todas las ventajas que encontramos en los <strong>cascos integrales<\/strong> (seguridad, peso, ruido\u2026).<\/p>\n\n\n\n<div id=\"ez-toc-container\" class=\"ez-toc-v2_0_82_2 counter-hierarchy ez-toc-counter ez-toc-grey ez-toc-container-direction\">\n<div class=\"ez-toc-title-container\">\n<p class=\"ez-toc-title\" style=\"cursor:inherit\">\u00cdndice<\/p>\n<span class=\"ez-toc-title-toggle\"><a href=\"#\" class=\"ez-toc-pull-right ez-toc-btn ez-toc-btn-xs ez-toc-btn-default ez-toc-toggle\" aria-label=\"Toggle Table of Content\"><span class=\"ez-toc-js-icon-con\"><span class=\"\"><span class=\"eztoc-hide\" style=\"display:none;\">Toggle<\/span><span class=\"ez-toc-icon-toggle-span\"><svg style=\"fill: #999;color:#999\" xmlns=\"http:\/\/www.w3.org\/2000\/svg\" class=\"list-377408\" width=\"20px\" height=\"20px\" viewBox=\"0 0 24 24\" fill=\"none\"><path d=\"M6 6H4v2h2V6zm14 0H8v2h12V6zM4 11h2v2H4v-2zm16 0H8v2h12v-2zM4 16h2v2H4v-2zm16 0H8v2h12v-2z\" fill=\"currentColor\"><\/path><\/svg><svg style=\"fill: #999;color:#999\" class=\"arrow-unsorted-368013\" xmlns=\"http:\/\/www.w3.org\/2000\/svg\" width=\"10px\" height=\"10px\" viewBox=\"0 0 24 24\" version=\"1.2\" baseProfile=\"tiny\"><path d=\"M18.2 9.3l-6.2-6.3-6.2 6.3c-.2.2-.3.4-.3.7s.1.5.3.7c.2.2.4.3.7.3h11c.3 0 .5-.1.7-.3.2-.2.3-.5.3-.7s-.1-.5-.3-.7zM5.8 14.7l6.2 6.3 6.2-6.3c.2-.2.3-.5.3-.7s-.1-.5-.3-.7c-.2-.2-.4-.3-.7-.3h-11c-.3 0-.5.1-.7.3-.2.2-.3.5-.3.7s.1.5.3.7z\"\/><\/svg><\/span><\/span><\/span><\/a><\/span><\/div>\n<nav><ul class='ez-toc-list ez-toc-list-level-1 ' ><li class='ez-toc-page-1 ez-toc-heading-level-2'><a class=\"ez-toc-link ez-toc-heading-1\" href=\"https:\/\/www.boxrepsol.com\/es\/tecnologia\/que-es-un-casco-modular-y-que-ventajas-tiene\/#%C2%BFQue_es_un_casco_modular\" >\u00bfQu\u00e9 es un casco modular?<\/a><\/li><li class='ez-toc-page-1 ez-toc-heading-level-2'><a class=\"ez-toc-link ez-toc-heading-2\" href=\"https:\/\/www.boxrepsol.com\/es\/tecnologia\/que-es-un-casco-modular-y-que-ventajas-tiene\/#%C2%BFCuales_son_las_ventajas_de_un_casco_modular\" >\u00bfCu\u00e1les son las ventajas de un casco modular?<\/a><\/li><li class='ez-toc-page-1 ez-toc-heading-level-2'><a class=\"ez-toc-link ez-toc-heading-3\" href=\"https:\/\/www.boxrepsol.com\/es\/tecnologia\/que-es-un-casco-modular-y-que-ventajas-tiene\/#%C2%BFQue_inconvenientes_tiene_un_casco_abatible\" >\u00bfQu\u00e9 inconvenientes tiene un casco abatible?<\/a><\/li><li class='ez-toc-page-1 ez-toc-heading-level-2'><a class=\"ez-toc-link ez-toc-heading-4\" href=\"https:\/\/www.boxrepsol.com\/es\/tecnologia\/que-es-un-casco-modular-y-que-ventajas-tiene\/#Consejos_para_elegir_el_mejor_casco_modular\" >Consejos para elegir el mejor casco modular<\/a><\/li><li class='ez-toc-page-1 ez-toc-heading-level-2'><a class=\"ez-toc-link ez-toc-heading-5\" href=\"https:\/\/www.boxrepsol.com\/es\/tecnologia\/que-es-un-casco-modular-y-que-ventajas-tiene\/#%C2%BFComo_funcionan_los_cascos_modulares\" >\u00bfC\u00f3mo funcionan los cascos modulares?<\/a><\/li><\/ul><\/nav><\/div>\n<h2 class=\"wp-block-heading\"><span class=\"ez-toc-section\" id=\"%C2%BFQue_es_un_casco_modular\"><\/span><strong>\u00bfQu\u00e9 es un casco modular?<\/strong><span class=\"ez-toc-section-end\"><\/span><\/h2>\n\n\n\n<p>Aunque mayoritariamente se conozca como modular, cuando se habla de <strong>convertible<\/strong> o <strong>abatible<\/strong>, se est\u00e1 haciendo referencia al mismo tipo de casco. Se trata de un casco que tiene incorporado un ment\u00f3n abatible en la parte frontal. De esta manera un mismo casco tiene dos usos: como <strong>jet<\/strong>, una vez se levanta la parte inferior, y como <strong>integral<\/strong>, cuando se devuelve a la posici\u00f3n original.<\/p>\n\n\n\n<p>Los primeros cascos modulares empezaron a fabricarse en la d\u00e9cada<strong> de los 80 <\/strong>con el objetivo de adentrarse en sectores como el <strong>urban y el mototurismo<\/strong> y adaptarse a las necesidades de muchos motoristas que buscan darle distintos usos a este elemento de protecci\u00f3n pasiva. <\/p>\n\n\n\n<figure class=\"wp-block-image size-large\"><img loading=\"lazy\" decoding=\"async\" width=\"1024\" height=\"684\" src=\"https:\/\/bxrepsol.s3.eu-west-1.amazonaws.com\/static\/2022\/08\/08073607\/P90308509-bmw-motorrad-presents-digital-accessories-new-communication-system-for-the-bmw-motorrad-system-7-car-2245px-1024x684.jpg\" alt=\"Casco modular con intercomunicador\" class=\"wp-image-30007\" srcset=\"https:\/\/bxrepsol.s3.eu-west-1.amazonaws.com\/static\/2022\/08\/08073607\/P90308509-bmw-motorrad-presents-digital-accessories-new-communication-system-for-the-bmw-motorrad-system-7-car-2245px-1024x684.jpg 1024w, https:\/\/bxrepsol.s3.eu-west-1.amazonaws.com\/static\/2022\/08\/08073607\/P90308509-bmw-motorrad-presents-digital-accessories-new-communication-system-for-the-bmw-motorrad-system-7-car-2245px-300x200.jpg 300w, https:\/\/bxrepsol.s3.eu-west-1.amazonaws.com\/static\/2022\/08\/08073607\/P90308509-bmw-motorrad-presents-digital-accessories-new-communication-system-for-the-bmw-motorrad-system-7-car-2245px-768x513.jpg 768w, https:\/\/bxrepsol.s3.eu-west-1.amazonaws.com\/static\/2022\/08\/08073607\/P90308509-bmw-motorrad-presents-digital-accessories-new-communication-system-for-the-bmw-motorrad-system-7-car-2245px-1536x1026.jpg 1536w, https:\/\/bxrepsol.s3.eu-west-1.amazonaws.com\/static\/2022\/08\/08073607\/P90308509-bmw-motorrad-presents-digital-accessories-new-communication-system-for-the-bmw-motorrad-system-7-car-2245px-2048x1368.jpg 2048w\" sizes=\"auto, (max-width: 1024px) 100vw, 1024px\" \/><\/figure>\n\n\n\n<p>Un punto imprescindible a la hora de escoger cascos modulares es conocer <strong>su homologaci\u00f3n<\/strong>. En el caso del mercado europeo, los cascos abatibles deben cumplir la norma de homologaci\u00f3n <strong>ECE\/ONU R22<\/strong>. Eso s\u00ed, a partir de 2024, todos los modelos que se comercialicen en Europa estar\u00e1n obligados a cumplir la nueva <strong>ECE\/ONU R22.06<\/strong>, una norma que hace especial hincapi\u00e9 en la seguridad del casco modular de moto. <\/p>\n\n\n\n<h2 class=\"wp-block-heading\"><span class=\"ez-toc-section\" id=\"%C2%BFCuales_son_las_ventajas_de_un_casco_modular\"><\/span><strong>\u00bfCu\u00e1les son las ventajas de un casco modular?<\/strong><span class=\"ez-toc-section-end\"><\/span><\/h2>\n\n\n\n<p>En tareas como las de pagar en una gasolinera, visitar un cajero autom\u00e1tico, hablar por tel\u00e9fono cuando nos detenemos o conversar con otra persona, entre otras, est\u00e1 claro que las ventajas de un <strong>caso modular<\/strong> frente a las de un integral son muchas.<\/p>\n\n\n\n<p>De hecho, los que se habit\u00faan al uso de un casco convertible, es muy dif\u00edcil que vuelvan atr\u00e1s, en particular aquellos que utilizan a menudo la moto por ciudad y que en muchos momentos se sienten agobiados cuando usan un casco integral.<\/p>\n\n\n\n<p>Son <strong>pr\u00e1cticos y vers\u00e1tiles<\/strong>: con un simple gesto, podemos subir la mentonera y la pantalla hacia arriba, y as\u00ed dejar nuestra cara al descubierto para sentirnos m\u00e1s libres al realizar las tareas citadas, u otras como las de poner y quitar el antirrobo, o simplemente la de escuchar un mensaje de voz.<\/p>\n\n\n\n<p>Adem\u00e1s, <strong>tambi\u00e9n evita incidentes<\/strong>, tanto en circulaci\u00f3n (frente a uno &#8216;Jet&#8217;), como fuera de ella, ya que no te obliga a llevarlo colgado de la mano o dejarlo provisionalmente en alg\u00fan sitio mientras hacemos alg\u00fan recado. Al llevarlo puesto en la cabeza tenemos las dos manos m\u00e1s libres y tambi\u00e9n evitamos que se lleve alg\u00fan roce indeseado o que, incluso, se pueda caer y rodar por el suelo.<\/p>\n\n\n\n<p>Y, sin ir m\u00e1s lejos, tambi\u00e9n es importante destacar que hay muchos cascos abatibles con preinstalaciones hechas <a href=\"https:\/\/www.boxrepsol.com\/es\/vive-tu-moto\/es-legal-utilizar-intercomunicadores-para-moto\/\">para llevar<strong> intercomunicador<\/strong><\/a>, si es que no lo incorporan de serie ahora que ya est\u00e1n homolgados por la DGT. <\/p>\n\n\n\n<figure class=\"wp-block-image size-large\"><img loading=\"lazy\" decoding=\"async\" width=\"1024\" height=\"683\" src=\"https:\/\/bxrepsol.s3.eu-west-1.amazonaws.com\/static\/2022\/08\/08073610\/Shoei-Neotec2-mood4-1024x683.jpg\" alt=\"Pilotos con cascos abatibles\" class=\"wp-image-30009\" srcset=\"https:\/\/bxrepsol.s3.eu-west-1.amazonaws.com\/static\/2022\/08\/08073610\/Shoei-Neotec2-mood4-1024x683.jpg 1024w, https:\/\/bxrepsol.s3.eu-west-1.amazonaws.com\/static\/2022\/08\/08073610\/Shoei-Neotec2-mood4-300x200.jpg 300w, https:\/\/bxrepsol.s3.eu-west-1.amazonaws.com\/static\/2022\/08\/08073610\/Shoei-Neotec2-mood4-768x513.jpg 768w, https:\/\/bxrepsol.s3.eu-west-1.amazonaws.com\/static\/2022\/08\/08073610\/Shoei-Neotec2-mood4.jpg 1500w\" sizes=\"auto, (max-width: 1024px) 100vw, 1024px\" \/><\/figure>\n\n\n\n<h2 class=\"wp-block-heading\"><span class=\"ez-toc-section\" id=\"%C2%BFQue_inconvenientes_tiene_un_casco_abatible\"><\/span><strong>\u00bfQu\u00e9<\/strong> <strong>inconvenientes tiene un casco abatible?<\/strong><span class=\"ez-toc-section-end\"><\/span><\/h2>\n\n\n\n<p>Como es l\u00f3gico, un casco modular conlleva algunos <strong>inconvenientes<\/strong> que deberemos asumir. En comparaci\u00f3n con un casco integral de la misma marca y del mismo rango de precio, es <strong>m\u00e1s pesado y m\u00e1s rumoroso<\/strong>. Adem\u00e1s, al contar con un dise\u00f1o m\u00e1s complicado, su <strong>coeficiente aerodin\u00e1mico<\/strong> es peor. Est\u00e1 claro que no existe el casco convertible que no produzca ruido al colarse el aire entre sus ranuras, pero algunos ya cuentan con cierres suficientemente herm\u00e9ticos.<\/p>\n\n\n\n<p>Otro aspecto a considerar es <strong>el tipo de homologaci\u00f3n<\/strong>. Muchos de los cascos no est\u00e1n homologados para poder circular con la mentonera levantada. Aunque lo m\u00e1s correcto y seguro es utilizarlos en su configuraci\u00f3n cerrada, algunos permiten que circulemos con ellos en su configuraci\u00f3n abierta. Para saberlo con exactitud, deberemos fijarnos en las siglas que aparecen en la obligatoria etiqueta de homologaci\u00f3n que suele ir cosida a una de las correas o en el forro interior.<\/p>\n\n\n\n<p>Por otro lado, al no estar fabricados de una sola pieza, no suelen ser <strong>tan seguros <\/strong>como uno integral, sobre todo si lo est\u00e1s usando en formato \u00abJet\u00bb y, por lo tanto, con la mentonera subida. Y, por \u00faltimo, suelen ser <strong>m\u00e1s caros<\/strong> ya que cuentan con mecanismos que uno integral no necesita en su proceso de fabricaci\u00f3n.<\/p>\n\n\n\n<h2 class=\"wp-block-heading\"><span class=\"ez-toc-section\" id=\"Consejos_para_elegir_el_mejor_casco_modular\"><\/span><strong>Consejos para elegir el mejor casco modular<\/strong><span class=\"ez-toc-section-end\"><\/span><\/h2>\n\n\n\n<p>Los cascos integrales homologados solo llevan <strong>la letra \u201cP\u201d<\/strong> de \u201cProtective\u201d y solo se puede circular con ellos cerrados. En el caso de incluir las siglas<strong> \u201cP\/J\u201d de \u201cProtective\/Jet\u201d<\/strong>, s\u00ed pueden utilizarse con la mentonera subida al ir en marcha. Adem\u00e1s, estos consienten el desmontaje de la citada mentonera y utilizarlos como un casco abierto de tipo jet. Es importante mencionar que podemos ser multados si circulamos con un casco sin la sigla \u201cJ\u201d en modo jet o abierto.<\/p>\n\n\n\n<p>Tal y como sucede con los cascos integrales, es muy importante <a href=\"https:\/\/www.boxrepsol.com\/es\/tecnologia\/como-debe-quedar-un-casco\/?_gl=1*w9t234*_up*MQ..&amp;gclid=Cj0KCQjw6ZOIBhDdARIsAMf8YyHbcQUhvXXt7IZIslw9R4FvpuNZFdAkXKnS4GT8SpuUyiFkcBCUrmkaAvwuEALw_wcB\" target=\"_blank\" rel=\"noopener\">elegir la talla correcta<\/a> de un casco modulable para que se ajuste bien a nuestra cabeza. Sin lugar a duda, la comodidad pasa a ser una necesidad fundamental: siempre hay que probarse el casco para asegurarse que te cubre bien la frente, que te ofrece buena visibilidad, que lo puedes modificar <a href=\"https:\/\/www.boxrepsol.com\/es\/cultura-motera\/es-obligatorio-usar-guantes-al-conducir-una-moto\/\">con guantes<\/a> o que no te resulta molesto en el caso de que uses gafas, por ejemplo. <\/p>\n\n\n\n<p>El casco es el elemento de seguridad m\u00e1s importante, pero no sirve de nada si no sabes <a href=\"https:\/\/www.boxrepsol.com\/es\/tecnologia\/cuando-debo-cambiar-casco\/\" target=\"_blank\" rel=\"noopener\">elegir el casco<\/a>, as\u00ed que hay que tener en cuenta algunos otros aspectos para asegurarte una buena elecci\u00f3n, como <strong>el material de la calota<\/strong> o los mecanismos de cierre, ya que se vuelven imprescindibles en caso de accidente. <\/p>\n\n\n\n<h2 class=\"wp-block-heading\"><span class=\"ez-toc-section\" id=\"%C2%BFComo_funcionan_los_cascos_modulares\"><\/span><strong>\u00bfC\u00f3mo funcionan los cascos modulares?<\/strong><span class=\"ez-toc-section-end\"><\/span><\/h2>\n\n\n\n<p>Con respecto a los mecanismos de apertura y cierre, existen varios sistemas dependiendo de cada marca. Lo m\u00e1s habitual es que el <strong>bot\u00f3n de apertura<\/strong> se encuentre en el interior de la parte central de la mentonera o en los laterales. Un aspecto a considerar es que en algunos modelos se intenta facilitar tanto la operaci\u00f3n de accionamiento que el bot\u00f3n queda demasiado expuesto y se puede prestar a una apertura indeseada por alg\u00fan roce fortuito. Por este motivo, es preferible que vaya escondido <strong>en la parte interior<\/strong>, aunque tampoco demasiado oculto, para que cuando lo utilicemos con guantes gruesos de invierno podamos presionarlo sin demasiados problemas.<\/p>\n\n\n\n<p>Al igual que ocurre con los cascos integrales, dentro de los cascos abatibles existe una oferta muy amplia con precios muy variados y, l\u00f3gicamente, con distintas caracter\u00edsticas. Como es lo habitual, m\u00e1s dinero significa m\u00e1s cuidado en los&nbsp;<strong>acabados<\/strong>, mejores calidades y m\u00e1s robustez en los componentes del mecanismo de apertura y cierre.<\/p>\n\n\n\n<figure class=\"wp-block-image size-large\"><img loading=\"lazy\" decoding=\"async\" width=\"1024\" height=\"683\" src=\"https:\/\/bxrepsol.s3.eu-west-1.amazonaws.com\/static\/2021\/08\/24094835\/12CBKHU05004-H00002-H97-FRONT-OPEN-CHIN-1024x683.jpg\" alt=\"Casco modular de frente\" class=\"wp-image-99931\" srcset=\"https:\/\/bxrepsol.s3.eu-west-1.amazonaws.com\/static\/2021\/08\/24094835\/12CBKHU05004-H00002-H97-FRONT-OPEN-CHIN-1024x683.jpg 1024w, https:\/\/bxrepsol.s3.eu-west-1.amazonaws.com\/static\/2021\/08\/24094835\/12CBKHU05004-H00002-H97-FRONT-OPEN-CHIN-300x200.jpg 300w, https:\/\/bxrepsol.s3.eu-west-1.amazonaws.com\/static\/2021\/08\/24094835\/12CBKHU05004-H00002-H97-FRONT-OPEN-CHIN-768x513.jpg 768w, https:\/\/bxrepsol.s3.eu-west-1.amazonaws.com\/static\/2021\/08\/24094835\/12CBKHU05004-H00002-H97-FRONT-OPEN-CHIN-1536x1025.jpg 1536w, https:\/\/bxrepsol.s3.eu-west-1.amazonaws.com\/static\/2021\/08\/24094835\/12CBKHU05004-H00002-H97-FRONT-OPEN-CHIN-2048x1367.jpg 2048w\" sizes=\"auto, (max-width: 1024px) 100vw, 1024px\" \/><\/figure>\n\n\n\n<figure class=\"wp-block-image size-large\"><img loading=\"lazy\" decoding=\"async\" width=\"1024\" height=\"683\" src=\"https:\/\/bxrepsol.s3.eu-west-1.amazonaws.com\/static\/2021\/08\/24094845\/12CBKHU05004-H00002-H97-OPEN-CHIN-1024x683.jpg\" alt=\"Casco abatible de perfil\" class=\"wp-image-99933\" srcset=\"https:\/\/bxrepsol.s3.eu-west-1.amazonaws.com\/static\/2021\/08\/24094845\/12CBKHU05004-H00002-H97-OPEN-CHIN-1024x683.jpg 1024w, https:\/\/bxrepsol.s3.eu-west-1.amazonaws.com\/static\/2021\/08\/24094845\/12CBKHU05004-H00002-H97-OPEN-CHIN-300x200.jpg 300w, https:\/\/bxrepsol.s3.eu-west-1.amazonaws.com\/static\/2021\/08\/24094845\/12CBKHU05004-H00002-H97-OPEN-CHIN-768x513.jpg 768w, https:\/\/bxrepsol.s3.eu-west-1.amazonaws.com\/static\/2021\/08\/24094845\/12CBKHU05004-H00002-H97-OPEN-CHIN-1536x1025.jpg 1536w, https:\/\/bxrepsol.s3.eu-west-1.amazonaws.com\/static\/2021\/08\/24094845\/12CBKHU05004-H00002-H97-OPEN-CHIN-2048x1367.jpg 2048w\" sizes=\"auto, (max-width: 1024px) 100vw, 1024px\" \/><\/figure>\n\n\n\n<figure class=\"wp-block-image size-large\"><img loading=\"lazy\" decoding=\"async\" width=\"1024\" height=\"683\" src=\"https:\/\/bxrepsol.s3.eu-west-1.amazonaws.com\/static\/2021\/08\/24094854\/12CBKHU05004-H00002-H107-OPEN-CHIN-SIDE-1024x683.jpg\" alt=\"Casco modular blanco\" class=\"wp-image-99935\" srcset=\"https:\/\/bxrepsol.s3.eu-west-1.amazonaws.com\/static\/2021\/08\/24094854\/12CBKHU05004-H00002-H107-OPEN-CHIN-SIDE-1024x683.jpg 1024w, https:\/\/bxrepsol.s3.eu-west-1.amazonaws.com\/static\/2021\/08\/24094854\/12CBKHU05004-H00002-H107-OPEN-CHIN-SIDE-300x200.jpg 300w, https:\/\/bxrepsol.s3.eu-west-1.amazonaws.com\/static\/2021\/08\/24094854\/12CBKHU05004-H00002-H107-OPEN-CHIN-SIDE-768x513.jpg 768w, https:\/\/bxrepsol.s3.eu-west-1.amazonaws.com\/static\/2021\/08\/24094854\/12CBKHU05004-H00002-H107-OPEN-CHIN-SIDE-1536x1025.jpg 1536w, https:\/\/bxrepsol.s3.eu-west-1.amazonaws.com\/static\/2021\/08\/24094854\/12CBKHU05004-H00002-H107-OPEN-CHIN-SIDE-2048x1367.jpg 2048w\" sizes=\"auto, (max-width: 1024px) 100vw, 1024px\" \/><\/figure>\n","protected":false},"excerpt":{"rendered":"<p>Los cascos modulares, tambi\u00e9n llamados convertibles o abatibles, tratan de combinar lo mejor de dos mundos: la libertad de los cascos jet y la seguridad de los cascos integrales.<\/p>\n","protected":false},"author":41267,"featured_media":43649,"comment_status":"open","ping_status":"open","sticky":false,"template":"","format":"standard","meta":{"footnotes":""},"categories":[3],"tags":[193,131],"class_list":["post-95060","post","type-post","status-publish","format-standard","hentry","category-tecnologia","tag-cascos-de-moto","tag-equipacion-y-accesorios-moto"],"yoast_head":"<!-- This site is optimized with the Yoast SEO plugin v27.3 - https:\/\/yoast.com\/product\/yoast-seo-wordpress\/ -->\n<title>\u00bfQu\u00e9 es un casco modular y qu\u00e9 ventajas tiene? - Box Repsol<\/title>\n<meta name=\"description\" content=\"\u00bfVas a comprar un casco para tu moto? Aqu\u00ed encontraras toda la informaci\u00f3n sobre los cascos modulares combinando comodidad y versatilidad.\" \/>\n<link rel=\"canonical\" href=\"https:\/\/www.boxrepsol.com\/es\/tecnologia\/que-es-un-casco-modular-y-que-ventajas-tiene\/\" \/>\n<meta property=\"og:locale\" content=\"es_ES\" \/>\n<meta property=\"og:type\" content=\"article\" \/>\n<meta property=\"og:title\" content=\"\u00bfQu\u00e9 es un casco modular y qu\u00e9 ventajas tiene? - Box Repsol\" \/>\n<meta property=\"og:description\" content=\"\u00bfVas a comprar un casco para tu moto? Aqu\u00ed encontraras toda la informaci\u00f3n sobre los cascos modulares combinando comodidad y versatilidad.\" \/>\n<meta property=\"og:url\" content=\"https:\/\/www.boxrepsol.com\/es\/tecnologia\/que-es-un-casco-modular-y-que-ventajas-tiene\/\" \/>\n<meta property=\"og:site_name\" content=\"Box Repsol\" \/>\n<meta property=\"article:publisher\" content=\"https:\/\/www.facebook.com\/BoxRepsol\" \/>\n<meta property=\"article:published_time\" content=\"2021-08-16T02:00:00+00:00\" \/>\n<meta property=\"article:modified_time\" content=\"2024-03-22T10:35:30+00:00\" \/>\n<meta property=\"og:image\" content=\"https:\/\/bxrepsol.s3.eu-west-1.amazonaws.com\/static\/2022\/08\/09133858\/Shoei-Neotec2-mood3-1.jpg\" \/>\n\t<meta property=\"og:image:width\" content=\"1500\" \/>\n\t<meta property=\"og:image:height\" content=\"1001\" \/>\n\t<meta property=\"og:image:type\" content=\"image\/jpeg\" \/>\n<meta name=\"author\" content=\"V\u00edctor Gancedo\" \/>\n<meta name=\"twitter:card\" content=\"summary_large_image\" \/>\n<meta name=\"twitter:creator\" content=\"@box_repsol\" \/>\n<meta name=\"twitter:site\" content=\"@box_repsol\" \/>\n<meta name=\"twitter:label1\" content=\"Written by\" \/>\n\t<meta name=\"twitter:data1\" content=\"V\u00edctor Gancedo\" \/>\n\t<meta name=\"twitter:label2\" content=\"Est. reading time\" \/>\n\t<meta name=\"twitter:data2\" content=\"6 minutos\" \/>\n<script type=\"application\/ld+json\" class=\"yoast-schema-graph\">{\"@context\":\"https:\\\/\\\/schema.org\",\"@graph\":[{\"@type\":\"Article\",\"@id\":\"https:\\\/\\\/www.boxrepsol.com\\\/es\\\/tecnologia\\\/que-es-un-casco-modular-y-que-ventajas-tiene\\\/#article\",\"isPartOf\":{\"@id\":\"https:\\\/\\\/www.boxrepsol.com\\\/es\\\/tecnologia\\\/que-es-un-casco-modular-y-que-ventajas-tiene\\\/\"},\"author\":{\"name\":\"V\u00edctor Gancedo\",\"@id\":\"https:\\\/\\\/www.boxrepsol.com\\\/es\\\/#\\\/schema\\\/person\\\/40c28bf318bbbe8fe3848b194b7385ca\"},\"headline\":\"Cascos modulares: qu\u00e9 son, qu\u00e9 ventajas tiene y c\u00f3mo funcionan\",\"datePublished\":\"2021-08-16T02:00:00+00:00\",\"dateModified\":\"2024-03-22T10:35:30+00:00\",\"mainEntityOfPage\":{\"@id\":\"https:\\\/\\\/www.boxrepsol.com\\\/es\\\/tecnologia\\\/que-es-un-casco-modular-y-que-ventajas-tiene\\\/\"},\"wordCount\":1196,\"commentCount\":0,\"publisher\":{\"@id\":\"https:\\\/\\\/www.boxrepsol.com\\\/es\\\/#organization\"},\"image\":{\"@id\":\"https:\\\/\\\/www.boxrepsol.com\\\/es\\\/tecnologia\\\/que-es-un-casco-modular-y-que-ventajas-tiene\\\/#primaryimage\"},\"thumbnailUrl\":\"https:\\\/\\\/bxrepsol.s3.eu-west-1.amazonaws.com\\\/static\\\/2022\\\/08\\\/09133858\\\/Shoei-Neotec2-mood3-1.jpg\",\"keywords\":[\"cascos de moto\",\"equipaci\u00f3n y accesorios moto\"],\"articleSection\":[\"Tecnologia\"],\"inLanguage\":\"es\",\"potentialAction\":[{\"@type\":\"CommentAction\",\"name\":\"Comment\",\"target\":[\"https:\\\/\\\/www.boxrepsol.com\\\/es\\\/tecnologia\\\/que-es-un-casco-modular-y-que-ventajas-tiene\\\/#respond\"]}]},{\"@type\":\"WebPage\",\"@id\":\"https:\\\/\\\/www.boxrepsol.com\\\/es\\\/tecnologia\\\/que-es-un-casco-modular-y-que-ventajas-tiene\\\/\",\"url\":\"https:\\\/\\\/www.boxrepsol.com\\\/es\\\/tecnologia\\\/que-es-un-casco-modular-y-que-ventajas-tiene\\\/\",\"name\":\"\u00bfQu\u00e9 es un casco modular y qu\u00e9 ventajas tiene? - Box Repsol\",\"isPartOf\":{\"@id\":\"https:\\\/\\\/www.boxrepsol.com\\\/es\\\/#website\"},\"primaryImageOfPage\":{\"@id\":\"https:\\\/\\\/www.boxrepsol.com\\\/es\\\/tecnologia\\\/que-es-un-casco-modular-y-que-ventajas-tiene\\\/#primaryimage\"},\"image\":{\"@id\":\"https:\\\/\\\/www.boxrepsol.com\\\/es\\\/tecnologia\\\/que-es-un-casco-modular-y-que-ventajas-tiene\\\/#primaryimage\"},\"thumbnailUrl\":\"https:\\\/\\\/bxrepsol.s3.eu-west-1.amazonaws.com\\\/static\\\/2022\\\/08\\\/09133858\\\/Shoei-Neotec2-mood3-1.jpg\",\"datePublished\":\"2021-08-16T02:00:00+00:00\",\"dateModified\":\"2024-03-22T10:35:30+00:00\",\"description\":\"\u00bfVas a comprar un casco para tu moto? Aqu\u00ed encontraras toda la informaci\u00f3n sobre los cascos modulares combinando comodidad y versatilidad.\",\"breadcrumb\":{\"@id\":\"https:\\\/\\\/www.boxrepsol.com\\\/es\\\/tecnologia\\\/que-es-un-casco-modular-y-que-ventajas-tiene\\\/#breadcrumb\"},\"inLanguage\":\"es\",\"potentialAction\":[{\"@type\":\"ReadAction\",\"target\":[\"https:\\\/\\\/www.boxrepsol.com\\\/es\\\/tecnologia\\\/que-es-un-casco-modular-y-que-ventajas-tiene\\\/\"]}]},{\"@type\":\"ImageObject\",\"inLanguage\":\"es\",\"@id\":\"https:\\\/\\\/www.boxrepsol.com\\\/es\\\/tecnologia\\\/que-es-un-casco-modular-y-que-ventajas-tiene\\\/#primaryimage\",\"url\":\"https:\\\/\\\/bxrepsol.s3.eu-west-1.amazonaws.com\\\/static\\\/2022\\\/08\\\/09133858\\\/Shoei-Neotec2-mood3-1.jpg\",\"contentUrl\":\"https:\\\/\\\/bxrepsol.s3.eu-west-1.amazonaws.com\\\/static\\\/2022\\\/08\\\/09133858\\\/Shoei-Neotec2-mood3-1.jpg\",\"width\":1500,\"height\":1001,\"caption\":\"Piloto utilizando un casco modular abierto\"},{\"@type\":\"BreadcrumbList\",\"@id\":\"https:\\\/\\\/www.boxrepsol.com\\\/es\\\/tecnologia\\\/que-es-un-casco-modular-y-que-ventajas-tiene\\\/#breadcrumb\",\"itemListElement\":[{\"@type\":\"ListItem\",\"position\":1,\"name\":\"Home\",\"item\":\"https:\\\/\\\/www.boxrepsol.com\\\/es\\\/\"},{\"@type\":\"ListItem\",\"position\":2,\"name\":\"Cascos modulares: qu\u00e9 son, qu\u00e9 ventajas tiene y c\u00f3mo funcionan\"}]},{\"@type\":\"WebSite\",\"@id\":\"https:\\\/\\\/www.boxrepsol.com\\\/es\\\/#website\",\"url\":\"https:\\\/\\\/www.boxrepsol.com\\\/es\\\/\",\"name\":\"Box Repsol\",\"description\":\"Box Repsol Site\",\"publisher\":{\"@id\":\"https:\\\/\\\/www.boxrepsol.com\\\/es\\\/#organization\"},\"potentialAction\":[{\"@type\":\"SearchAction\",\"target\":{\"@type\":\"EntryPoint\",\"urlTemplate\":\"https:\\\/\\\/www.boxrepsol.com\\\/es\\\/?s={search_term_string}\"},\"query-input\":{\"@type\":\"PropertyValueSpecification\",\"valueRequired\":true,\"valueName\":\"search_term_string\"}}],\"inLanguage\":\"es\"},{\"@type\":\"Organization\",\"@id\":\"https:\\\/\\\/www.boxrepsol.com\\\/es\\\/#organization\",\"name\":\"Box Repsol\",\"url\":\"https:\\\/\\\/www.boxrepsol.com\\\/es\\\/\",\"logo\":{\"@type\":\"ImageObject\",\"inLanguage\":\"es\",\"@id\":\"https:\\\/\\\/www.boxrepsol.com\\\/es\\\/#\\\/schema\\\/logo\\\/image\\\/\",\"url\":\"https:\\\/\\\/bxrepsol.s3.eu-west-1.amazonaws.com\\\/static\\\/2025\\\/07\\\/30083337\\\/favicon-96x96-1.png\",\"contentUrl\":\"https:\\\/\\\/bxrepsol.s3.eu-west-1.amazonaws.com\\\/static\\\/2025\\\/07\\\/30083337\\\/favicon-96x96-1.png\",\"width\":96,\"height\":96,\"caption\":\"Box Repsol\"},\"image\":{\"@id\":\"https:\\\/\\\/www.boxrepsol.com\\\/es\\\/#\\\/schema\\\/logo\\\/image\\\/\"},\"sameAs\":[\"https:\\\/\\\/www.facebook.com\\\/BoxRepsol\",\"https:\\\/\\\/x.com\\\/box_repsol\",\"http:\\\/\\\/instagram.com\\\/box_repsol\",\"https:\\\/\\\/www.youtube.com\\\/user\\\/RepsolCompeticion\",\"https:\\\/\\\/www.flickr.com\\\/photos\\\/box_repsol\\\/\"]},{\"@type\":\"Person\",\"@id\":\"https:\\\/\\\/www.boxrepsol.com\\\/es\\\/#\\\/schema\\\/person\\\/40c28bf318bbbe8fe3848b194b7385ca\",\"name\":\"V\u00edctor Gancedo\",\"image\":{\"@type\":\"ImageObject\",\"inLanguage\":\"es\",\"@id\":\"https:\\\/\\\/secure.gravatar.com\\\/avatar\\\/cd1439a66fca5d3425cd2a7b13f32cd43e25022a0436c1235ef2a28e14fa660a?s=96&d=mm&r=g\",\"url\":\"https:\\\/\\\/secure.gravatar.com\\\/avatar\\\/cd1439a66fca5d3425cd2a7b13f32cd43e25022a0436c1235ef2a28e14fa660a?s=96&d=mm&r=g\",\"contentUrl\":\"https:\\\/\\\/secure.gravatar.com\\\/avatar\\\/cd1439a66fca5d3425cd2a7b13f32cd43e25022a0436c1235ef2a28e14fa660a?s=96&d=mm&r=g\",\"caption\":\"V\u00edctor Gancedo\"},\"description\":\"Periodista especializado en el mundo de las motos, V\u00edctor ha probado pr\u00e1cticamente todas las que han salido al mercado desde 1990. En su larga trayectoria, ha desempe\u00f1ado cargos como los de Jefe de Pruebas de la revista Motociclismo o Responsable de Pruebas del \u00c1rea de Motos del Grupo Motorpress-Ib\u00e9rica, hoy llamado Sport Life Ib\u00e9rica, al cual sigue vinculado.\",\"sameAs\":[\"https:\\\/\\\/www.instagram.com\\\/vfgancedo\"],\"url\":\"https:\\\/\\\/www.boxrepsol.com\\\/es\\\/author\\\/victor_gancedo\\\/\"}]}<\/script>\n<!-- \/ Yoast SEO plugin. -->","yoast_head_json":{"title":"\u00bfQu\u00e9 es un casco modular y qu\u00e9 ventajas tiene? - Box Repsol","description":"\u00bfVas a comprar un casco para tu moto? Aqu\u00ed encontraras toda la informaci\u00f3n sobre los cascos modulares combinando comodidad y versatilidad.","canonical":"https:\/\/www.boxrepsol.com\/es\/tecnologia\/que-es-un-casco-modular-y-que-ventajas-tiene\/","og_locale":"es_ES","og_type":"article","og_title":"\u00bfQu\u00e9 es un casco modular y qu\u00e9 ventajas tiene? - Box Repsol","og_description":"\u00bfVas a comprar un casco para tu moto? Aqu\u00ed encontraras toda la informaci\u00f3n sobre los cascos modulares combinando comodidad y versatilidad.","og_url":"https:\/\/www.boxrepsol.com\/es\/tecnologia\/que-es-un-casco-modular-y-que-ventajas-tiene\/","og_site_name":"Box Repsol","article_publisher":"https:\/\/www.facebook.com\/BoxRepsol","article_published_time":"2021-08-16T02:00:00+00:00","article_modified_time":"2024-03-22T10:35:30+00:00","og_image":[{"width":1500,"height":1001,"url":"https:\/\/bxrepsol.s3.eu-west-1.amazonaws.com\/static\/2022\/08\/09133858\/Shoei-Neotec2-mood3-1.jpg","type":"image\/jpeg"}],"author":"V\u00edctor Gancedo","twitter_card":"summary_large_image","twitter_creator":"@box_repsol","twitter_site":"@box_repsol","twitter_misc":{"Written by":"V\u00edctor Gancedo","Est. reading time":"6 minutos"},"schema":{"@context":"https:\/\/schema.org","@graph":[{"@type":"Article","@id":"https:\/\/www.boxrepsol.com\/es\/tecnologia\/que-es-un-casco-modular-y-que-ventajas-tiene\/#article","isPartOf":{"@id":"https:\/\/www.boxrepsol.com\/es\/tecnologia\/que-es-un-casco-modular-y-que-ventajas-tiene\/"},"author":{"name":"V\u00edctor Gancedo","@id":"https:\/\/www.boxrepsol.com\/es\/#\/schema\/person\/40c28bf318bbbe8fe3848b194b7385ca"},"headline":"Cascos modulares: qu\u00e9 son, qu\u00e9 ventajas tiene y c\u00f3mo funcionan","datePublished":"2021-08-16T02:00:00+00:00","dateModified":"2024-03-22T10:35:30+00:00","mainEntityOfPage":{"@id":"https:\/\/www.boxrepsol.com\/es\/tecnologia\/que-es-un-casco-modular-y-que-ventajas-tiene\/"},"wordCount":1196,"commentCount":0,"publisher":{"@id":"https:\/\/www.boxrepsol.com\/es\/#organization"},"image":{"@id":"https:\/\/www.boxrepsol.com\/es\/tecnologia\/que-es-un-casco-modular-y-que-ventajas-tiene\/#primaryimage"},"thumbnailUrl":"https:\/\/bxrepsol.s3.eu-west-1.amazonaws.com\/static\/2022\/08\/09133858\/Shoei-Neotec2-mood3-1.jpg","keywords":["cascos de moto","equipaci\u00f3n y accesorios moto"],"articleSection":["Tecnologia"],"inLanguage":"es","potentialAction":[{"@type":"CommentAction","name":"Comment","target":["https:\/\/www.boxrepsol.com\/es\/tecnologia\/que-es-un-casco-modular-y-que-ventajas-tiene\/#respond"]}]},{"@type":"WebPage","@id":"https:\/\/www.boxrepsol.com\/es\/tecnologia\/que-es-un-casco-modular-y-que-ventajas-tiene\/","url":"https:\/\/www.boxrepsol.com\/es\/tecnologia\/que-es-un-casco-modular-y-que-ventajas-tiene\/","name":"\u00bfQu\u00e9 es un casco modular y qu\u00e9 ventajas tiene? - Box Repsol","isPartOf":{"@id":"https:\/\/www.boxrepsol.com\/es\/#website"},"primaryImageOfPage":{"@id":"https:\/\/www.boxrepsol.com\/es\/tecnologia\/que-es-un-casco-modular-y-que-ventajas-tiene\/#primaryimage"},"image":{"@id":"https:\/\/www.boxrepsol.com\/es\/tecnologia\/que-es-un-casco-modular-y-que-ventajas-tiene\/#primaryimage"},"thumbnailUrl":"https:\/\/bxrepsol.s3.eu-west-1.amazonaws.com\/static\/2022\/08\/09133858\/Shoei-Neotec2-mood3-1.jpg","datePublished":"2021-08-16T02:00:00+00:00","dateModified":"2024-03-22T10:35:30+00:00","description":"\u00bfVas a comprar un casco para tu moto? Aqu\u00ed encontraras toda la informaci\u00f3n sobre los cascos modulares combinando comodidad y versatilidad.","breadcrumb":{"@id":"https:\/\/www.boxrepsol.com\/es\/tecnologia\/que-es-un-casco-modular-y-que-ventajas-tiene\/#breadcrumb"},"inLanguage":"es","potentialAction":[{"@type":"ReadAction","target":["https:\/\/www.boxrepsol.com\/es\/tecnologia\/que-es-un-casco-modular-y-que-ventajas-tiene\/"]}]},{"@type":"ImageObject","inLanguage":"es","@id":"https:\/\/www.boxrepsol.com\/es\/tecnologia\/que-es-un-casco-modular-y-que-ventajas-tiene\/#primaryimage","url":"https:\/\/bxrepsol.s3.eu-west-1.amazonaws.com\/static\/2022\/08\/09133858\/Shoei-Neotec2-mood3-1.jpg","contentUrl":"https:\/\/bxrepsol.s3.eu-west-1.amazonaws.com\/static\/2022\/08\/09133858\/Shoei-Neotec2-mood3-1.jpg","width":1500,"height":1001,"caption":"Piloto utilizando un casco modular abierto"},{"@type":"BreadcrumbList","@id":"https:\/\/www.boxrepsol.com\/es\/tecnologia\/que-es-un-casco-modular-y-que-ventajas-tiene\/#breadcrumb","itemListElement":[{"@type":"ListItem","position":1,"name":"Home","item":"https:\/\/www.boxrepsol.com\/es\/"},{"@type":"ListItem","position":2,"name":"Cascos modulares: qu\u00e9 son, qu\u00e9 ventajas tiene y c\u00f3mo funcionan"}]},{"@type":"WebSite","@id":"https:\/\/www.boxrepsol.com\/es\/#website","url":"https:\/\/www.boxrepsol.com\/es\/","name":"Box Repsol","description":"Box Repsol Site","publisher":{"@id":"https:\/\/www.boxrepsol.com\/es\/#organization"},"potentialAction":[{"@type":"SearchAction","target":{"@type":"EntryPoint","urlTemplate":"https:\/\/www.boxrepsol.com\/es\/?s={search_term_string}"},"query-input":{"@type":"PropertyValueSpecification","valueRequired":true,"valueName":"search_term_string"}}],"inLanguage":"es"},{"@type":"Organization","@id":"https:\/\/www.boxrepsol.com\/es\/#organization","name":"Box Repsol","url":"https:\/\/www.boxrepsol.com\/es\/","logo":{"@type":"ImageObject","inLanguage":"es","@id":"https:\/\/www.boxrepsol.com\/es\/#\/schema\/logo\/image\/","url":"https:\/\/bxrepsol.s3.eu-west-1.amazonaws.com\/static\/2025\/07\/30083337\/favicon-96x96-1.png","contentUrl":"https:\/\/bxrepsol.s3.eu-west-1.amazonaws.com\/static\/2025\/07\/30083337\/favicon-96x96-1.png","width":96,"height":96,"caption":"Box Repsol"},"image":{"@id":"https:\/\/www.boxrepsol.com\/es\/#\/schema\/logo\/image\/"},"sameAs":["https:\/\/www.facebook.com\/BoxRepsol","https:\/\/x.com\/box_repsol","http:\/\/instagram.com\/box_repsol","https:\/\/www.youtube.com\/user\/RepsolCompeticion","https:\/\/www.flickr.com\/photos\/box_repsol\/"]},{"@type":"Person","@id":"https:\/\/www.boxrepsol.com\/es\/#\/schema\/person\/40c28bf318bbbe8fe3848b194b7385ca","name":"V\u00edctor Gancedo","image":{"@type":"ImageObject","inLanguage":"es","@id":"https:\/\/secure.gravatar.com\/avatar\/cd1439a66fca5d3425cd2a7b13f32cd43e25022a0436c1235ef2a28e14fa660a?s=96&d=mm&r=g","url":"https:\/\/secure.gravatar.com\/avatar\/cd1439a66fca5d3425cd2a7b13f32cd43e25022a0436c1235ef2a28e14fa660a?s=96&d=mm&r=g","contentUrl":"https:\/\/secure.gravatar.com\/avatar\/cd1439a66fca5d3425cd2a7b13f32cd43e25022a0436c1235ef2a28e14fa660a?s=96&d=mm&r=g","caption":"V\u00edctor Gancedo"},"description":"Periodista especializado en el mundo de las motos, V\u00edctor ha probado pr\u00e1cticamente todas las que han salido al mercado desde 1990. En su larga trayectoria, ha desempe\u00f1ado cargos como los de Jefe de Pruebas de la revista Motociclismo o Responsable de Pruebas del \u00c1rea de Motos del Grupo Motorpress-Ib\u00e9rica, hoy llamado Sport Life Ib\u00e9rica, al cual sigue vinculado.","sameAs":["https:\/\/www.instagram.com\/vfgancedo"],"url":"https:\/\/www.boxrepsol.com\/es\/author\/victor_gancedo\/"}]}},"_links":{"self":[{"href":"https:\/\/www.boxrepsol.com\/es\/wp-json\/wp\/v2\/posts\/95060","targetHints":{"allow":["GET"]}}],"collection":[{"href":"https:\/\/www.boxrepsol.com\/es\/wp-json\/wp\/v2\/posts"}],"about":[{"href":"https:\/\/www.boxrepsol.com\/es\/wp-json\/wp\/v2\/types\/post"}],"author":[{"embeddable":true,"href":"https:\/\/www.boxrepsol.com\/es\/wp-json\/wp\/v2\/users\/41267"}],"replies":[{"embeddable":true,"href":"https:\/\/www.boxrepsol.com\/es\/wp-json\/wp\/v2\/comments?post=95060"}],"version-history":[{"count":14,"href":"https:\/\/www.boxrepsol.com\/es\/wp-json\/wp\/v2\/posts\/95060\/revisions"}],"predecessor-version":[{"id":104866,"href":"https:\/\/www.boxrepsol.com\/es\/wp-json\/wp\/v2\/posts\/95060\/revisions\/104866"}],"wp:featuredmedia":[{"embeddable":true,"href":"https:\/\/www.boxrepsol.com\/es\/wp-json\/wp\/v2\/media\/43649"}],"wp:attachment":[{"href":"https:\/\/www.boxrepsol.com\/es\/wp-json\/wp\/v2\/media?parent=95060"}],"wp:term":[{"taxonomy":"category","embeddable":true,"href":"https:\/\/www.boxrepsol.com\/es\/wp-json\/wp\/v2\/categories?post=95060"},{"taxonomy":"post_tag","embeddable":true,"href":"https:\/\/www.boxrepsol.com\/es\/wp-json\/wp\/v2\/tags?post=95060"}],"curies":[{"name":"wp","href":"https:\/\/api.w.org\/{rel}","templated":true}]}}