{"id":95051,"date":"2021-08-08T00:00:00","date_gmt":"2021-08-08T02:00:00","guid":{"rendered":"http:\/\/pre.boxrepsol.com\/sin-categorizar\/marc-marquez-finaliza-octavo-el-gran-premio-de-estiria\/"},"modified":"2024-04-12T13:26:39","modified_gmt":"2024-04-12T15:26:39","slug":"marc-marquez-finaliza-octavo-el-gran-premio-de-estiria","status":"publish","type":"post","link":"https:\/\/www.boxrepsol.com\/es\/motogp\/marc-marquez-finaliza-octavo-el-gran-premio-de-estiria\/","title":{"rendered":"Marc M\u00e1rquez finaliza octavo el Gran Premio de Estiria"},"content":{"rendered":"<p>La carrera del <strong>Gran Premio de Estiria<\/strong>, que finalmente se ha disputado sin lluvia, se ha visto afectada por un accidente sin consecuencias para los pilotos implicados pero que ha dejado aceite en la pista. Ya con el asfalto limpio, la carrera se ha reanudado a 27 vueltas y con todos los equipos pendientes del cielo austr\u00edaco por si llegaba la lluvia.<\/p>\n<p><strong>Marc M\u00e1rquez<\/strong> ha empezado la d\u00e9cima prueba de la temporada desde la octava posici\u00f3n de la parrilla. Antes de que la carrera se parase debido a un accidente sin consecuencias, el piloto del equipo <strong>Repsol Honda<\/strong> rodaba en sexta posici\u00f3n manteniendo el ritmo de los puestos de cabeza. Una vez retomada la acci\u00f3n tras la segunda salida, Marc ha ido remontando posiciones despu\u00e9s de arrancar mal. Finalmente M\u00e1rquez ha podido cruzar la l\u00ednea de meta en octavo lugar y sumar ocho puntos.<\/p>\n<p><strong>Pol Espargar\u00f3<\/strong>, que part\u00eda desde la decimoquinta posici\u00f3n en la parrilla, no ha podido mantener el ritmo del grupo de pilotos que rodaban entre los diez primeros. Despu\u00e9s de intentar reducir su diferencia respecto a los rivales que estaban por delante suyo, el piloto del equipo Repsol Honda ha finalizado en decimosexta posici\u00f3n, a menos de una d\u00e9cima de sumar puntos.<\/p>\n<p>Despu\u00e9s del Gran Premio de Estiria, Marc M\u00e1rquez ocupa la d\u00e9cima posici\u00f3n en la clasificaci\u00f3n general con un total de 58 puntos y Pol Espargar\u00f3 es decimocuarto, con 41.<\/p>\n<h3>Declaraciones de los pilotos<\/h3>\n<p><a href=\"https:\/\/twitter.com\/hashtag\/MM93?src=hashtag_click\">#MM93<\/a><\/p>\n<p>\u201cEstoy feliz con el fin de semana; nuestro ritmo ha sido bueno y yo me he sentido bien. Pero no estoy contento con la carrera. En la primera me he sentido muy bien y he pensado \u201c\u00e9sta es mi carrera\u201d. En la segunda hemos cambiado neum\u00e1ticos y ya en la vuelta de salida he notado algo extra\u00f1o. No he podido encontrar el agarre suficiente. He intentado enfriar un poco el neum\u00e1tico y luego volver a presionar, pero he ido un segundo m\u00e1s lento que durante los entrenamientos. Todo lo que hemos podido hacer ha sido terminar la carrera e intentaremos mostrar nuestro verdadero nivel el pr\u00f3ximo fin de semana. En la primera carrera, cuando he pasado a Aleix y lo he tocado, ha sido m\u00e1s error m\u00edo; en la segunda, he hecho una mejor salida y estaba por dentro cuando me lo he encontrado, perdiendo mucho tiempo los dos. Esto es una carrera y suceden estas cosas\u00bb.<\/p>\n<p><a href=\"https:\/\/twitter.com\/hashtag\/POL44?src=hashtag_click\">#POL44<\/a><\/p>\n<p>\u201cObviamente ha sido duro y, sinceramente, un poco vergonzoso estar tan cerca del \u00faltimo. Creo que todo empez\u00f3 en la clasificaci\u00f3n porque no fuimos tan fuertes y adem\u00e1s, probamos la goma trasera media y nos hemos encontrado sin neum\u00e1ticos cuando la bandera roja nos ha hecho reiniciar de nuevo. Hemos salido con una goma trasera con cuatro vueltas de uso y creo que al pasar de fr\u00edo a caliente, con los calentadores y el estado de la pista, hemos destruido el neum\u00e1tico ya antes de la carrera. No creo que haya nada positivo, solo he tratado de sobrevivir. En la primera salida creo que podr\u00edamos haber hecho algo m\u00e1s interesante\u201d.<\/p>\n","protected":false},"excerpt":{"rendered":"<p>El ocho veces Campe\u00f3n del Mundo ha logrado finalizar entre los ocho mejores el primer Gran Premio despu\u00e9s del par\u00f3n veraniego. Pol Espargar\u00f3 ha sido decimosexto.<\/p>\n","protected":false},"author":43146,"featured_media":43549,"comment_status":"open","ping_status":"open","sticky":false,"template":"","format":"standard","meta":{"footnotes":""},"categories":[4],"tags":[194,6,246,128],"class_list":["post-95051","post","type-post","status-publish","format-standard","hentry","category-motogp","tag-194","tag-marc-marquez","tag-motogp-styria","tag-pol-espargaro"],"yoast_head":"<!-- This site is optimized with the Yoast SEO plugin v27.3 - https:\/\/yoast.com\/product\/yoast-seo-wordpress\/ -->\n<title>Marc M\u00e1rquez finaliza octavo el Gran Premio de Estiria - Box Repsol<\/title>\n<meta name=\"description\" content=\"El ocho veces Campe\u00f3n del Mundo ha logrado finalizar entre los ocho mejores el primer Gran Premio despu\u00e9s del par\u00f3n veraniego. Pol Espargar\u00f3 ha sido decimosexto.\" \/>\n<link rel=\"canonical\" href=\"https:\/\/www.boxrepsol.com\/es\/motogp\/marc-marquez-finaliza-octavo-el-gran-premio-de-estiria\/\" \/>\n<meta property=\"og:locale\" content=\"es_ES\" \/>\n<meta property=\"og:type\" content=\"article\" \/>\n<meta property=\"og:title\" content=\"Marc M\u00e1rquez finaliza octavo el Gran Premio de Estiria - Box Repsol\" \/>\n<meta property=\"og:description\" content=\"El ocho veces Campe\u00f3n del Mundo ha logrado finalizar entre los ocho mejores el primer Gran Premio despu\u00e9s del par\u00f3n veraniego. Pol Espargar\u00f3 ha sido decimosexto.\" \/>\n<meta property=\"og:url\" content=\"https:\/\/www.boxrepsol.com\/es\/motogp\/marc-marquez-finaliza-octavo-el-gran-premio-de-estiria\/\" \/>\n<meta property=\"og:site_name\" content=\"Box Repsol\" \/>\n<meta property=\"article:publisher\" content=\"https:\/\/www.facebook.com\/BoxRepsol\" \/>\n<meta property=\"article:author\" content=\"https:\/\/www.facebook.com\/BoxRepsol\/\" \/>\n<meta property=\"article:published_time\" content=\"2021-08-08T02:00:00+00:00\" \/>\n<meta property=\"article:modified_time\" content=\"2024-04-12T15:26:39+00:00\" \/>\n<meta property=\"og:image\" content=\"https:\/\/bxrepsol.s3.eu-west-1.amazonaws.com\/static\/2022\/08\/09133303\/Copy-of-RD10_Styria_Marc_2021-02087-1-1024x480.png\" \/>\n\t<meta property=\"og:image:width\" content=\"1024\" \/>\n\t<meta property=\"og:image:height\" content=\"480\" \/>\n\t<meta property=\"og:image:type\" content=\"image\/png\" \/>\n<meta name=\"author\" content=\"Redacci\u00f3n Box Repsol\" \/>\n<meta name=\"twitter:card\" content=\"summary_large_image\" \/>\n<meta name=\"twitter:creator\" content=\"@https:\/\/twitter.com\/box_repsol\" \/>\n<meta name=\"twitter:site\" content=\"@box_repsol\" \/>\n<meta name=\"twitter:label1\" content=\"Written by\" \/>\n\t<meta name=\"twitter:data1\" content=\"Redacci\u00f3n Box Repsol\" \/>\n\t<meta name=\"twitter:label2\" content=\"Est. reading time\" \/>\n\t<meta name=\"twitter:data2\" content=\"3 minutos\" \/>\n<script type=\"application\/ld+json\" class=\"yoast-schema-graph\">{\"@context\":\"https:\\\/\\\/schema.org\",\"@graph\":[{\"@type\":\"Article\",\"@id\":\"https:\\\/\\\/www.boxrepsol.com\\\/es\\\/motogp\\\/marc-marquez-finaliza-octavo-el-gran-premio-de-estiria\\\/#article\",\"isPartOf\":{\"@id\":\"https:\\\/\\\/www.boxrepsol.com\\\/es\\\/motogp\\\/marc-marquez-finaliza-octavo-el-gran-premio-de-estiria\\\/\"},\"author\":{\"name\":\"Redacci\u00f3n Box Repsol\",\"@id\":\"https:\\\/\\\/www.boxrepsol.com\\\/es\\\/#\\\/schema\\\/person\\\/c5c2138f2cca251b0ad92b7086bb60b7\"},\"headline\":\"Marc M\u00e1rquez finaliza octavo el Gran Premio de Estiria\",\"datePublished\":\"2021-08-08T02:00:00+00:00\",\"dateModified\":\"2024-04-12T15:26:39+00:00\",\"mainEntityOfPage\":{\"@id\":\"https:\\\/\\\/www.boxrepsol.com\\\/es\\\/motogp\\\/marc-marquez-finaliza-octavo-el-gran-premio-de-estiria\\\/\"},\"wordCount\":547,\"commentCount\":0,\"publisher\":{\"@id\":\"https:\\\/\\\/www.boxrepsol.com\\\/es\\\/#organization\"},\"image\":{\"@id\":\"https:\\\/\\\/www.boxrepsol.com\\\/es\\\/motogp\\\/marc-marquez-finaliza-octavo-el-gran-premio-de-estiria\\\/#primaryimage\"},\"thumbnailUrl\":\"https:\\\/\\\/bxrepsol.s3.eu-west-1.amazonaws.com\\\/static\\\/2022\\\/08\\\/09133303\\\/Copy-of-RD10_Styria_Marc_2021-02087-1.png\",\"keywords\":[\"2021\",\"Marc M\u00e1rquez\",\"MotoGP Styria\",\"Pol Espargar\u00f3\"],\"articleSection\":[\"MotoGP\"],\"inLanguage\":\"es\",\"potentialAction\":[{\"@type\":\"CommentAction\",\"name\":\"Comment\",\"target\":[\"https:\\\/\\\/www.boxrepsol.com\\\/es\\\/motogp\\\/marc-marquez-finaliza-octavo-el-gran-premio-de-estiria\\\/#respond\"]}]},{\"@type\":\"WebPage\",\"@id\":\"https:\\\/\\\/www.boxrepsol.com\\\/es\\\/motogp\\\/marc-marquez-finaliza-octavo-el-gran-premio-de-estiria\\\/\",\"url\":\"https:\\\/\\\/www.boxrepsol.com\\\/es\\\/motogp\\\/marc-marquez-finaliza-octavo-el-gran-premio-de-estiria\\\/\",\"name\":\"Marc M\u00e1rquez finaliza octavo el Gran Premio de Estiria - Box Repsol\",\"isPartOf\":{\"@id\":\"https:\\\/\\\/www.boxrepsol.com\\\/es\\\/#website\"},\"primaryImageOfPage\":{\"@id\":\"https:\\\/\\\/www.boxrepsol.com\\\/es\\\/motogp\\\/marc-marquez-finaliza-octavo-el-gran-premio-de-estiria\\\/#primaryimage\"},\"image\":{\"@id\":\"https:\\\/\\\/www.boxrepsol.com\\\/es\\\/motogp\\\/marc-marquez-finaliza-octavo-el-gran-premio-de-estiria\\\/#primaryimage\"},\"thumbnailUrl\":\"https:\\\/\\\/bxrepsol.s3.eu-west-1.amazonaws.com\\\/static\\\/2022\\\/08\\\/09133303\\\/Copy-of-RD10_Styria_Marc_2021-02087-1.png\",\"datePublished\":\"2021-08-08T02:00:00+00:00\",\"dateModified\":\"2024-04-12T15:26:39+00:00\",\"description\":\"El ocho veces Campe\u00f3n del Mundo ha logrado finalizar entre los ocho mejores el primer Gran Premio despu\u00e9s del par\u00f3n veraniego. Pol Espargar\u00f3 ha sido decimosexto.\",\"breadcrumb\":{\"@id\":\"https:\\\/\\\/www.boxrepsol.com\\\/es\\\/motogp\\\/marc-marquez-finaliza-octavo-el-gran-premio-de-estiria\\\/#breadcrumb\"},\"inLanguage\":\"es\",\"potentialAction\":[{\"@type\":\"ReadAction\",\"target\":[\"https:\\\/\\\/www.boxrepsol.com\\\/es\\\/motogp\\\/marc-marquez-finaliza-octavo-el-gran-premio-de-estiria\\\/\"]}]},{\"@type\":\"ImageObject\",\"inLanguage\":\"es\",\"@id\":\"https:\\\/\\\/www.boxrepsol.com\\\/es\\\/motogp\\\/marc-marquez-finaliza-octavo-el-gran-premio-de-estiria\\\/#primaryimage\",\"url\":\"https:\\\/\\\/bxrepsol.s3.eu-west-1.amazonaws.com\\\/static\\\/2022\\\/08\\\/09133303\\\/Copy-of-RD10_Styria_Marc_2021-02087-1.png\",\"contentUrl\":\"https:\\\/\\\/bxrepsol.s3.eu-west-1.amazonaws.com\\\/static\\\/2022\\\/08\\\/09133303\\\/Copy-of-RD10_Styria_Marc_2021-02087-1.png\",\"width\":4501,\"height\":2110},{\"@type\":\"BreadcrumbList\",\"@id\":\"https:\\\/\\\/www.boxrepsol.com\\\/es\\\/motogp\\\/marc-marquez-finaliza-octavo-el-gran-premio-de-estiria\\\/#breadcrumb\",\"itemListElement\":[{\"@type\":\"ListItem\",\"position\":1,\"name\":\"Home\",\"item\":\"https:\\\/\\\/www.boxrepsol.com\\\/es\\\/\"},{\"@type\":\"ListItem\",\"position\":2,\"name\":\"Marc M\u00e1rquez finaliza octavo el Gran Premio de Estiria\"}]},{\"@type\":\"WebSite\",\"@id\":\"https:\\\/\\\/www.boxrepsol.com\\\/es\\\/#website\",\"url\":\"https:\\\/\\\/www.boxrepsol.com\\\/es\\\/\",\"name\":\"Box Repsol\",\"description\":\"Box Repsol Site\",\"publisher\":{\"@id\":\"https:\\\/\\\/www.boxrepsol.com\\\/es\\\/#organization\"},\"potentialAction\":[{\"@type\":\"SearchAction\",\"target\":{\"@type\":\"EntryPoint\",\"urlTemplate\":\"https:\\\/\\\/www.boxrepsol.com\\\/es\\\/?s={search_term_string}\"},\"query-input\":{\"@type\":\"PropertyValueSpecification\",\"valueRequired\":true,\"valueName\":\"search_term_string\"}}],\"inLanguage\":\"es\"},{\"@type\":\"Organization\",\"@id\":\"https:\\\/\\\/www.boxrepsol.com\\\/es\\\/#organization\",\"name\":\"Box Repsol\",\"url\":\"https:\\\/\\\/www.boxrepsol.com\\\/es\\\/\",\"logo\":{\"@type\":\"ImageObject\",\"inLanguage\":\"es\",\"@id\":\"https:\\\/\\\/www.boxrepsol.com\\\/es\\\/#\\\/schema\\\/logo\\\/image\\\/\",\"url\":\"https:\\\/\\\/bxrepsol.s3.eu-west-1.amazonaws.com\\\/static\\\/2025\\\/07\\\/30083337\\\/favicon-96x96-1.png\",\"contentUrl\":\"https:\\\/\\\/bxrepsol.s3.eu-west-1.amazonaws.com\\\/static\\\/2025\\\/07\\\/30083337\\\/favicon-96x96-1.png\",\"width\":96,\"height\":96,\"caption\":\"Box Repsol\"},\"image\":{\"@id\":\"https:\\\/\\\/www.boxrepsol.com\\\/es\\\/#\\\/schema\\\/logo\\\/image\\\/\"},\"sameAs\":[\"https:\\\/\\\/www.facebook.com\\\/BoxRepsol\",\"https:\\\/\\\/x.com\\\/box_repsol\",\"http:\\\/\\\/instagram.com\\\/box_repsol\",\"https:\\\/\\\/www.youtube.com\\\/user\\\/RepsolCompeticion\",\"https:\\\/\\\/www.flickr.com\\\/photos\\\/box_repsol\\\/\"]},{\"@type\":\"Person\",\"@id\":\"https:\\\/\\\/www.boxrepsol.com\\\/es\\\/#\\\/schema\\\/person\\\/c5c2138f2cca251b0ad92b7086bb60b7\",\"name\":\"Redacci\u00f3n Box Repsol\",\"image\":{\"@type\":\"ImageObject\",\"inLanguage\":\"es\",\"@id\":\"https:\\\/\\\/secure.gravatar.com\\\/avatar\\\/adf7b77e38b4419baf32c7e9c21dde01f4e40df611f0978e3006fc4ba0aaab7e?s=96&d=mm&r=g\",\"url\":\"https:\\\/\\\/secure.gravatar.com\\\/avatar\\\/adf7b77e38b4419baf32c7e9c21dde01f4e40df611f0978e3006fc4ba0aaab7e?s=96&d=mm&r=g\",\"contentUrl\":\"https:\\\/\\\/secure.gravatar.com\\\/avatar\\\/adf7b77e38b4419baf32c7e9c21dde01f4e40df611f0978e3006fc4ba0aaab7e?s=96&d=mm&r=g\",\"caption\":\"Redacci\u00f3n Box Repsol\"},\"description\":\"Box Repsol lo forma un equipo de periodistas, community managers, dise\u00f1adores y fot\u00f3grafos con m\u00e1s de 20 a\u00f1os de experiencia en el mundo del motorsport. Hemos vivido el primer mundial de un espa\u00f1ol en la categor\u00eda reina de motociclismo con \u00c1lex Crivill\u00e9, estuvimos en las victorias de Pedrosa y los t\u00edtulos de M\u00e1rquez, acompa\u00f1amos en \u00c1frica a Nani Roma y Marc Coma en sus conquistas del Dakar y hemos vibrado con los t\u00edtulos de Toni Bou en Trial. Adem\u00e1s, en nuestro equipo contamos con expertos en el mundo de las dos y cuatro ruedas tanto de la calle y las carreteras, como de los circuitos. Periodistas que han trabajado en revistas y publicaciones para hacerte llegar desde rutas y consejos de mantenimiento, a curiosidades y trucos de pilotaje.\",\"sameAs\":[\"https:\\\/\\\/www.facebook.com\\\/BoxRepsol\\\/\",\"https:\\\/\\\/www.instagram.com\\\/box_repsol\\\/\",\"https:\\\/\\\/x.com\\\/https:\\\/\\\/twitter.com\\\/box_repsol\",\"https:\\\/\\\/www.youtube.com\\\/@Boxrepsol\"],\"url\":\"https:\\\/\\\/www.boxrepsol.com\\\/es\\\/author\\\/redaccion-box-repsol\\\/\"}]}<\/script>\n<!-- \/ Yoast SEO plugin. -->","yoast_head_json":{"title":"Marc M\u00e1rquez finaliza octavo el Gran Premio de Estiria - Box Repsol","description":"El ocho veces Campe\u00f3n del Mundo ha logrado finalizar entre los ocho mejores el primer Gran Premio despu\u00e9s del par\u00f3n veraniego. Pol Espargar\u00f3 ha sido decimosexto.","canonical":"https:\/\/www.boxrepsol.com\/es\/motogp\/marc-marquez-finaliza-octavo-el-gran-premio-de-estiria\/","og_locale":"es_ES","og_type":"article","og_title":"Marc M\u00e1rquez finaliza octavo el Gran Premio de Estiria - Box Repsol","og_description":"El ocho veces Campe\u00f3n del Mundo ha logrado finalizar entre los ocho mejores el primer Gran Premio despu\u00e9s del par\u00f3n veraniego. Pol Espargar\u00f3 ha sido decimosexto.","og_url":"https:\/\/www.boxrepsol.com\/es\/motogp\/marc-marquez-finaliza-octavo-el-gran-premio-de-estiria\/","og_site_name":"Box Repsol","article_publisher":"https:\/\/www.facebook.com\/BoxRepsol","article_author":"https:\/\/www.facebook.com\/BoxRepsol\/","article_published_time":"2021-08-08T02:00:00+00:00","article_modified_time":"2024-04-12T15:26:39+00:00","og_image":[{"width":1024,"height":480,"url":"https:\/\/bxrepsol.s3.eu-west-1.amazonaws.com\/static\/2022\/08\/09133303\/Copy-of-RD10_Styria_Marc_2021-02087-1-1024x480.png","type":"image\/png"}],"author":"Redacci\u00f3n Box Repsol","twitter_card":"summary_large_image","twitter_creator":"@https:\/\/twitter.com\/box_repsol","twitter_site":"@box_repsol","twitter_misc":{"Written by":"Redacci\u00f3n Box Repsol","Est. reading time":"3 minutos"},"schema":{"@context":"https:\/\/schema.org","@graph":[{"@type":"Article","@id":"https:\/\/www.boxrepsol.com\/es\/motogp\/marc-marquez-finaliza-octavo-el-gran-premio-de-estiria\/#article","isPartOf":{"@id":"https:\/\/www.boxrepsol.com\/es\/motogp\/marc-marquez-finaliza-octavo-el-gran-premio-de-estiria\/"},"author":{"name":"Redacci\u00f3n Box Repsol","@id":"https:\/\/www.boxrepsol.com\/es\/#\/schema\/person\/c5c2138f2cca251b0ad92b7086bb60b7"},"headline":"Marc M\u00e1rquez finaliza octavo el Gran Premio de Estiria","datePublished":"2021-08-08T02:00:00+00:00","dateModified":"2024-04-12T15:26:39+00:00","mainEntityOfPage":{"@id":"https:\/\/www.boxrepsol.com\/es\/motogp\/marc-marquez-finaliza-octavo-el-gran-premio-de-estiria\/"},"wordCount":547,"commentCount":0,"publisher":{"@id":"https:\/\/www.boxrepsol.com\/es\/#organization"},"image":{"@id":"https:\/\/www.boxrepsol.com\/es\/motogp\/marc-marquez-finaliza-octavo-el-gran-premio-de-estiria\/#primaryimage"},"thumbnailUrl":"https:\/\/bxrepsol.s3.eu-west-1.amazonaws.com\/static\/2022\/08\/09133303\/Copy-of-RD10_Styria_Marc_2021-02087-1.png","keywords":["2021","Marc M\u00e1rquez","MotoGP Styria","Pol Espargar\u00f3"],"articleSection":["MotoGP"],"inLanguage":"es","potentialAction":[{"@type":"CommentAction","name":"Comment","target":["https:\/\/www.boxrepsol.com\/es\/motogp\/marc-marquez-finaliza-octavo-el-gran-premio-de-estiria\/#respond"]}]},{"@type":"WebPage","@id":"https:\/\/www.boxrepsol.com\/es\/motogp\/marc-marquez-finaliza-octavo-el-gran-premio-de-estiria\/","url":"https:\/\/www.boxrepsol.com\/es\/motogp\/marc-marquez-finaliza-octavo-el-gran-premio-de-estiria\/","name":"Marc M\u00e1rquez finaliza octavo el Gran Premio de Estiria - Box Repsol","isPartOf":{"@id":"https:\/\/www.boxrepsol.com\/es\/#website"},"primaryImageOfPage":{"@id":"https:\/\/www.boxrepsol.com\/es\/motogp\/marc-marquez-finaliza-octavo-el-gran-premio-de-estiria\/#primaryimage"},"image":{"@id":"https:\/\/www.boxrepsol.com\/es\/motogp\/marc-marquez-finaliza-octavo-el-gran-premio-de-estiria\/#primaryimage"},"thumbnailUrl":"https:\/\/bxrepsol.s3.eu-west-1.amazonaws.com\/static\/2022\/08\/09133303\/Copy-of-RD10_Styria_Marc_2021-02087-1.png","datePublished":"2021-08-08T02:00:00+00:00","dateModified":"2024-04-12T15:26:39+00:00","description":"El ocho veces Campe\u00f3n del Mundo ha logrado finalizar entre los ocho mejores el primer Gran Premio despu\u00e9s del par\u00f3n veraniego. Pol Espargar\u00f3 ha sido decimosexto.","breadcrumb":{"@id":"https:\/\/www.boxrepsol.com\/es\/motogp\/marc-marquez-finaliza-octavo-el-gran-premio-de-estiria\/#breadcrumb"},"inLanguage":"es","potentialAction":[{"@type":"ReadAction","target":["https:\/\/www.boxrepsol.com\/es\/motogp\/marc-marquez-finaliza-octavo-el-gran-premio-de-estiria\/"]}]},{"@type":"ImageObject","inLanguage":"es","@id":"https:\/\/www.boxrepsol.com\/es\/motogp\/marc-marquez-finaliza-octavo-el-gran-premio-de-estiria\/#primaryimage","url":"https:\/\/bxrepsol.s3.eu-west-1.amazonaws.com\/static\/2022\/08\/09133303\/Copy-of-RD10_Styria_Marc_2021-02087-1.png","contentUrl":"https:\/\/bxrepsol.s3.eu-west-1.amazonaws.com\/static\/2022\/08\/09133303\/Copy-of-RD10_Styria_Marc_2021-02087-1.png","width":4501,"height":2110},{"@type":"BreadcrumbList","@id":"https:\/\/www.boxrepsol.com\/es\/motogp\/marc-marquez-finaliza-octavo-el-gran-premio-de-estiria\/#breadcrumb","itemListElement":[{"@type":"ListItem","position":1,"name":"Home","item":"https:\/\/www.boxrepsol.com\/es\/"},{"@type":"ListItem","position":2,"name":"Marc M\u00e1rquez finaliza octavo el Gran Premio de Estiria"}]},{"@type":"WebSite","@id":"https:\/\/www.boxrepsol.com\/es\/#website","url":"https:\/\/www.boxrepsol.com\/es\/","name":"Box Repsol","description":"Box Repsol Site","publisher":{"@id":"https:\/\/www.boxrepsol.com\/es\/#organization"},"potentialAction":[{"@type":"SearchAction","target":{"@type":"EntryPoint","urlTemplate":"https:\/\/www.boxrepsol.com\/es\/?s={search_term_string}"},"query-input":{"@type":"PropertyValueSpecification","valueRequired":true,"valueName":"search_term_string"}}],"inLanguage":"es"},{"@type":"Organization","@id":"https:\/\/www.boxrepsol.com\/es\/#organization","name":"Box Repsol","url":"https:\/\/www.boxrepsol.com\/es\/","logo":{"@type":"ImageObject","inLanguage":"es","@id":"https:\/\/www.boxrepsol.com\/es\/#\/schema\/logo\/image\/","url":"https:\/\/bxrepsol.s3.eu-west-1.amazonaws.com\/static\/2025\/07\/30083337\/favicon-96x96-1.png","contentUrl":"https:\/\/bxrepsol.s3.eu-west-1.amazonaws.com\/static\/2025\/07\/30083337\/favicon-96x96-1.png","width":96,"height":96,"caption":"Box Repsol"},"image":{"@id":"https:\/\/www.boxrepsol.com\/es\/#\/schema\/logo\/image\/"},"sameAs":["https:\/\/www.facebook.com\/BoxRepsol","https:\/\/x.com\/box_repsol","http:\/\/instagram.com\/box_repsol","https:\/\/www.youtube.com\/user\/RepsolCompeticion","https:\/\/www.flickr.com\/photos\/box_repsol\/"]},{"@type":"Person","@id":"https:\/\/www.boxrepsol.com\/es\/#\/schema\/person\/c5c2138f2cca251b0ad92b7086bb60b7","name":"Redacci\u00f3n Box Repsol","image":{"@type":"ImageObject","inLanguage":"es","@id":"https:\/\/secure.gravatar.com\/avatar\/adf7b77e38b4419baf32c7e9c21dde01f4e40df611f0978e3006fc4ba0aaab7e?s=96&d=mm&r=g","url":"https:\/\/secure.gravatar.com\/avatar\/adf7b77e38b4419baf32c7e9c21dde01f4e40df611f0978e3006fc4ba0aaab7e?s=96&d=mm&r=g","contentUrl":"https:\/\/secure.gravatar.com\/avatar\/adf7b77e38b4419baf32c7e9c21dde01f4e40df611f0978e3006fc4ba0aaab7e?s=96&d=mm&r=g","caption":"Redacci\u00f3n Box Repsol"},"description":"Box Repsol lo forma un equipo de periodistas, community managers, dise\u00f1adores y fot\u00f3grafos con m\u00e1s de 20 a\u00f1os de experiencia en el mundo del motorsport. Hemos vivido el primer mundial de un espa\u00f1ol en la categor\u00eda reina de motociclismo con \u00c1lex Crivill\u00e9, estuvimos en las victorias de Pedrosa y los t\u00edtulos de M\u00e1rquez, acompa\u00f1amos en \u00c1frica a Nani Roma y Marc Coma en sus conquistas del Dakar y hemos vibrado con los t\u00edtulos de Toni Bou en Trial. Adem\u00e1s, en nuestro equipo contamos con expertos en el mundo de las dos y cuatro ruedas tanto de la calle y las carreteras, como de los circuitos. Periodistas que han trabajado en revistas y publicaciones para hacerte llegar desde rutas y consejos de mantenimiento, a curiosidades y trucos de pilotaje.","sameAs":["https:\/\/www.facebook.com\/BoxRepsol\/","https:\/\/www.instagram.com\/box_repsol\/","https:\/\/x.com\/https:\/\/twitter.com\/box_repsol","https:\/\/www.youtube.com\/@Boxrepsol"],"url":"https:\/\/www.boxrepsol.com\/es\/author\/redaccion-box-repsol\/"}]}},"_links":{"self":[{"href":"https:\/\/www.boxrepsol.com\/es\/wp-json\/wp\/v2\/posts\/95051","targetHints":{"allow":["GET"]}}],"collection":[{"href":"https:\/\/www.boxrepsol.com\/es\/wp-json\/wp\/v2\/posts"}],"about":[{"href":"https:\/\/www.boxrepsol.com\/es\/wp-json\/wp\/v2\/types\/post"}],"author":[{"embeddable":true,"href":"https:\/\/www.boxrepsol.com\/es\/wp-json\/wp\/v2\/users\/43146"}],"replies":[{"embeddable":true,"href":"https:\/\/www.boxrepsol.com\/es\/wp-json\/wp\/v2\/comments?post=95051"}],"version-history":[{"count":1,"href":"https:\/\/www.boxrepsol.com\/es\/wp-json\/wp\/v2\/posts\/95051\/revisions"}],"predecessor-version":[{"id":114806,"href":"https:\/\/www.boxrepsol.com\/es\/wp-json\/wp\/v2\/posts\/95051\/revisions\/114806"}],"wp:featuredmedia":[{"embeddable":true,"href":"https:\/\/www.boxrepsol.com\/es\/wp-json\/wp\/v2\/media\/43549"}],"wp:attachment":[{"href":"https:\/\/www.boxrepsol.com\/es\/wp-json\/wp\/v2\/media?parent=95051"}],"wp:term":[{"taxonomy":"category","embeddable":true,"href":"https:\/\/www.boxrepsol.com\/es\/wp-json\/wp\/v2\/categories?post=95051"},{"taxonomy":"post_tag","embeddable":true,"href":"https:\/\/www.boxrepsol.com\/es\/wp-json\/wp\/v2\/tags?post=95051"}],"curies":[{"name":"wp","href":"https:\/\/api.w.org\/{rel}","templated":true}]}}