{"id":95038,"date":"2021-07-25T00:00:00","date_gmt":"2021-07-25T02:00:00","guid":{"rendered":"http:\/\/pre.boxrepsol.com\/sin-categorizar\/fallece-hugo-millan-tras-un-accidente-en-motorland-aragon\/"},"modified":"2024-04-12T13:28:17","modified_gmt":"2024-04-12T15:28:17","slug":"fallece-hugo-millan-tras-un-accidente-en-motorland-aragon","status":"publish","type":"post","link":"https:\/\/www.boxrepsol.com\/es\/sin-categorizar\/fallece-hugo-millan-tras-un-accidente-en-motorland-aragon\/","title":{"rendered":"Fallece Hugo Mill\u00e1n tras un accidente en MotorLand Arag\u00f3n"},"content":{"rendered":"<table width=\"650\">\n<tbody>\n<tr>\n<td>Hugo Mill\u00e1n ha fallecido este domingo, tras un accidente en la carrera de la European Talent Cup en el circuito de MotorLand Arag\u00f3n, donde se celebraba la quinta cita del FIM CEV Repsol de la temporada.<\/p>\n<p>El piloto onubense, de 14 a\u00f1os, ha ca\u00eddo en un accidente m\u00faltiple en la curva 5 y la carrera se ha detenido. Ha sido atendido en la propia pista por los servicios m\u00e9dicos antes de ser trasladado al centro m\u00e9dico del circuito, pero no ha podido superar las lesiones sufridas.<\/p>\n<p>La noticia del fallecimiento ha llegado una vez terminada la prueba de Moto3, cancel\u00e1ndose las dos carreras restantes de la jornada.<\/p>\n<p>En las tres pruebas disputadas hoy, los ganadores han sido David Mu\u00f1oz \u2013en el Campeonato del Mundo Junior FIM Moto3\u2122\u2013, Ferm\u00edn Aldeguer \u2013en el Europeo de Moto2\u2013 y Adri\u00e1n Cruces \u2013en la European Talent Cup\u2013.<\/p>\n<p>Lamentamos profundamente el fallecimiento del piloto Hugo Mill\u00e1n y nos unimos al dolor de su familia y equipo. DEP.<\/p>\n<p>&nbsp;<\/td>\n<\/tr>\n<\/tbody>\n<\/table>\n<p><strong>Clasificaci\u00f3n de la carrera de Moto3<\/strong><br \/>\n1. David Mu\u00f1oz &#8211; 30:01.905<br \/>\n2. Jos\u00e9 Antonio Rueda (+0.019)<br \/>\n3. Daniel Holgado (+0.131)<br \/>\n4. Iv\u00e1n Ortol\u00e1 (+0.172)<br \/>\n5. Marcos Uriarte (+0.206)<\/p>\n<p><strong>Clasificaci\u00f3n de la carrera de la ETC<\/strong><br \/>\n1. Adri\u00e1n Cruces &#8211; 18:26.378<br \/>\n2. Xabi Zurutuza (+0.032)<br \/>\n3. M\u00e1ximo Mart\u00ednez(+0.398)<br \/>\n4. Brian Uriarte(+0.474)<br \/>\n5. Roberto Garc\u00eda (+0.578)<\/p>\n<p><strong>Clasificaci\u00f3n de la carrera de Moto2<\/strong><br \/>\n1. Ferm\u00edn Aldeguer &#8211; 30:26.684<br \/>\n2. Alonso L\u00f3pez (+0.779)<br \/>\n3. Taiga Hada (+21.014)<br \/>\n4. Lukas Tulovic (+21.074)<br \/>\n5. Aleix Viu (+23.589)<\/p>\n","protected":false},"excerpt":{"rendered":"<p>La quinta prueba del FIM CEV Repsol ha quedado en segundo plano tras el grave suceso en la carrera de la European Talent Cup<\/p>\n","protected":false},"author":43146,"featured_media":43436,"comment_status":"open","ping_status":"open","sticky":false,"template":"","format":"standard","meta":{"footnotes":""},"categories":[1],"tags":[126],"class_list":["post-95038","post","type-post","status-publish","format-standard","hentry","category-sin-categorizar","tag-carrera-y-competicion"],"yoast_head":"<!-- This site is optimized with the Yoast SEO plugin v27.3 - https:\/\/yoast.com\/product\/yoast-seo-wordpress\/ -->\n<title>Fallece Hugo Mill\u00e1n tras un accidente en MotorLand Arag\u00f3n - Box Repsol<\/title>\n<meta name=\"description\" content=\"Lamentablemente, Hugo Mill\u00e1n fallece tras un accidente en la quinta jornada del MotorLand Arag\u00f3n. Un sentido homenaje y nuestras condolencias.\" \/>\n<link rel=\"canonical\" href=\"https:\/\/www.boxrepsol.com\/es\/sin-categorizar\/fallece-hugo-millan-tras-un-accidente-en-motorland-aragon\/\" \/>\n<meta property=\"og:locale\" content=\"es_ES\" \/>\n<meta property=\"og:type\" content=\"article\" \/>\n<meta property=\"og:title\" content=\"Fallece Hugo Mill\u00e1n tras un accidente en MotorLand Arag\u00f3n - Box Repsol\" \/>\n<meta property=\"og:description\" content=\"Lamentablemente, Hugo Mill\u00e1n fallece tras un accidente en la quinta jornada del MotorLand Arag\u00f3n. Un sentido homenaje y nuestras condolencias.\" \/>\n<meta property=\"og:url\" content=\"https:\/\/www.boxrepsol.com\/es\/sin-categorizar\/fallece-hugo-millan-tras-un-accidente-en-motorland-aragon\/\" \/>\n<meta property=\"og:site_name\" content=\"Box Repsol\" \/>\n<meta property=\"article:publisher\" content=\"https:\/\/www.facebook.com\/BoxRepsol\" \/>\n<meta property=\"article:author\" content=\"https:\/\/www.facebook.com\/BoxRepsol\/\" \/>\n<meta property=\"article:published_time\" content=\"2021-07-25T02:00:00+00:00\" \/>\n<meta property=\"article:modified_time\" content=\"2024-04-12T15:28:17+00:00\" \/>\n<meta property=\"og:image\" content=\"https:\/\/bxrepsol.s3.eu-west-1.amazonaws.com\/static\/2022\/08\/09133031\/PPP5FIM_ETC_2151-1.jpg\" \/>\n\t<meta property=\"og:image:width\" content=\"1600\" \/>\n\t<meta property=\"og:image:height\" content=\"900\" \/>\n\t<meta property=\"og:image:type\" content=\"image\/jpeg\" \/>\n<meta name=\"author\" content=\"Redacci\u00f3n Box Repsol\" \/>\n<meta name=\"twitter:card\" content=\"summary_large_image\" \/>\n<meta name=\"twitter:creator\" content=\"@https:\/\/twitter.com\/box_repsol\" \/>\n<meta name=\"twitter:site\" content=\"@box_repsol\" \/>\n<meta name=\"twitter:label1\" content=\"Written by\" \/>\n\t<meta name=\"twitter:data1\" content=\"Redacci\u00f3n Box Repsol\" \/>\n\t<meta name=\"twitter:label2\" content=\"Est. reading time\" \/>\n\t<meta name=\"twitter:data2\" content=\"1 minuto\" \/>\n<script type=\"application\/ld+json\" class=\"yoast-schema-graph\">{\"@context\":\"https:\\\/\\\/schema.org\",\"@graph\":[{\"@type\":\"Article\",\"@id\":\"https:\\\/\\\/www.boxrepsol.com\\\/es\\\/sin-categorizar\\\/fallece-hugo-millan-tras-un-accidente-en-motorland-aragon\\\/#article\",\"isPartOf\":{\"@id\":\"https:\\\/\\\/www.boxrepsol.com\\\/es\\\/sin-categorizar\\\/fallece-hugo-millan-tras-un-accidente-en-motorland-aragon\\\/\"},\"author\":{\"name\":\"Redacci\u00f3n Box Repsol\",\"@id\":\"https:\\\/\\\/www.boxrepsol.com\\\/es\\\/#\\\/schema\\\/person\\\/c5c2138f2cca251b0ad92b7086bb60b7\"},\"headline\":\"Fallece Hugo Mill\u00e1n tras un accidente en MotorLand Arag\u00f3n\",\"datePublished\":\"2021-07-25T02:00:00+00:00\",\"dateModified\":\"2024-04-12T15:28:17+00:00\",\"mainEntityOfPage\":{\"@id\":\"https:\\\/\\\/www.boxrepsol.com\\\/es\\\/sin-categorizar\\\/fallece-hugo-millan-tras-un-accidente-en-motorland-aragon\\\/\"},\"wordCount\":247,\"commentCount\":0,\"publisher\":{\"@id\":\"https:\\\/\\\/www.boxrepsol.com\\\/es\\\/#organization\"},\"image\":{\"@id\":\"https:\\\/\\\/www.boxrepsol.com\\\/es\\\/sin-categorizar\\\/fallece-hugo-millan-tras-un-accidente-en-motorland-aragon\\\/#primaryimage\"},\"thumbnailUrl\":\"https:\\\/\\\/bxrepsol.s3.eu-west-1.amazonaws.com\\\/static\\\/2022\\\/08\\\/09133031\\\/PPP5FIM_ETC_2151-1.jpg\",\"keywords\":[\"carrera y competici\u00f3n\"],\"articleSection\":[\"Sin categorizar\"],\"inLanguage\":\"es\",\"potentialAction\":[{\"@type\":\"CommentAction\",\"name\":\"Comment\",\"target\":[\"https:\\\/\\\/www.boxrepsol.com\\\/es\\\/sin-categorizar\\\/fallece-hugo-millan-tras-un-accidente-en-motorland-aragon\\\/#respond\"]}]},{\"@type\":\"WebPage\",\"@id\":\"https:\\\/\\\/www.boxrepsol.com\\\/es\\\/sin-categorizar\\\/fallece-hugo-millan-tras-un-accidente-en-motorland-aragon\\\/\",\"url\":\"https:\\\/\\\/www.boxrepsol.com\\\/es\\\/sin-categorizar\\\/fallece-hugo-millan-tras-un-accidente-en-motorland-aragon\\\/\",\"name\":\"Fallece Hugo Mill\u00e1n tras un accidente en MotorLand Arag\u00f3n - Box Repsol\",\"isPartOf\":{\"@id\":\"https:\\\/\\\/www.boxrepsol.com\\\/es\\\/#website\"},\"primaryImageOfPage\":{\"@id\":\"https:\\\/\\\/www.boxrepsol.com\\\/es\\\/sin-categorizar\\\/fallece-hugo-millan-tras-un-accidente-en-motorland-aragon\\\/#primaryimage\"},\"image\":{\"@id\":\"https:\\\/\\\/www.boxrepsol.com\\\/es\\\/sin-categorizar\\\/fallece-hugo-millan-tras-un-accidente-en-motorland-aragon\\\/#primaryimage\"},\"thumbnailUrl\":\"https:\\\/\\\/bxrepsol.s3.eu-west-1.amazonaws.com\\\/static\\\/2022\\\/08\\\/09133031\\\/PPP5FIM_ETC_2151-1.jpg\",\"datePublished\":\"2021-07-25T02:00:00+00:00\",\"dateModified\":\"2024-04-12T15:28:17+00:00\",\"description\":\"Lamentablemente, Hugo Mill\u00e1n fallece tras un accidente en la quinta jornada del MotorLand Arag\u00f3n. Un sentido homenaje y nuestras condolencias.\",\"breadcrumb\":{\"@id\":\"https:\\\/\\\/www.boxrepsol.com\\\/es\\\/sin-categorizar\\\/fallece-hugo-millan-tras-un-accidente-en-motorland-aragon\\\/#breadcrumb\"},\"inLanguage\":\"es\",\"potentialAction\":[{\"@type\":\"ReadAction\",\"target\":[\"https:\\\/\\\/www.boxrepsol.com\\\/es\\\/sin-categorizar\\\/fallece-hugo-millan-tras-un-accidente-en-motorland-aragon\\\/\"]}]},{\"@type\":\"ImageObject\",\"inLanguage\":\"es\",\"@id\":\"https:\\\/\\\/www.boxrepsol.com\\\/es\\\/sin-categorizar\\\/fallece-hugo-millan-tras-un-accidente-en-motorland-aragon\\\/#primaryimage\",\"url\":\"https:\\\/\\\/bxrepsol.s3.eu-west-1.amazonaws.com\\\/static\\\/2022\\\/08\\\/09133031\\\/PPP5FIM_ETC_2151-1.jpg\",\"contentUrl\":\"https:\\\/\\\/bxrepsol.s3.eu-west-1.amazonaws.com\\\/static\\\/2022\\\/08\\\/09133031\\\/PPP5FIM_ETC_2151-1.jpg\",\"width\":1600,\"height\":900,\"caption\":\"Hugo Mill\u00e1n, European Talent Cup (ETC), FIM CEV Repsol\"},{\"@type\":\"BreadcrumbList\",\"@id\":\"https:\\\/\\\/www.boxrepsol.com\\\/es\\\/sin-categorizar\\\/fallece-hugo-millan-tras-un-accidente-en-motorland-aragon\\\/#breadcrumb\",\"itemListElement\":[{\"@type\":\"ListItem\",\"position\":1,\"name\":\"Home\",\"item\":\"https:\\\/\\\/www.boxrepsol.com\\\/es\\\/\"},{\"@type\":\"ListItem\",\"position\":2,\"name\":\"Fallece Hugo Mill\u00e1n tras un accidente en MotorLand Arag\u00f3n\"}]},{\"@type\":\"WebSite\",\"@id\":\"https:\\\/\\\/www.boxrepsol.com\\\/es\\\/#website\",\"url\":\"https:\\\/\\\/www.boxrepsol.com\\\/es\\\/\",\"name\":\"Box Repsol\",\"description\":\"Box Repsol Site\",\"publisher\":{\"@id\":\"https:\\\/\\\/www.boxrepsol.com\\\/es\\\/#organization\"},\"potentialAction\":[{\"@type\":\"SearchAction\",\"target\":{\"@type\":\"EntryPoint\",\"urlTemplate\":\"https:\\\/\\\/www.boxrepsol.com\\\/es\\\/?s={search_term_string}\"},\"query-input\":{\"@type\":\"PropertyValueSpecification\",\"valueRequired\":true,\"valueName\":\"search_term_string\"}}],\"inLanguage\":\"es\"},{\"@type\":\"Organization\",\"@id\":\"https:\\\/\\\/www.boxrepsol.com\\\/es\\\/#organization\",\"name\":\"Box Repsol\",\"url\":\"https:\\\/\\\/www.boxrepsol.com\\\/es\\\/\",\"logo\":{\"@type\":\"ImageObject\",\"inLanguage\":\"es\",\"@id\":\"https:\\\/\\\/www.boxrepsol.com\\\/es\\\/#\\\/schema\\\/logo\\\/image\\\/\",\"url\":\"https:\\\/\\\/bxrepsol.s3.eu-west-1.amazonaws.com\\\/static\\\/2025\\\/07\\\/30083337\\\/favicon-96x96-1.png\",\"contentUrl\":\"https:\\\/\\\/bxrepsol.s3.eu-west-1.amazonaws.com\\\/static\\\/2025\\\/07\\\/30083337\\\/favicon-96x96-1.png\",\"width\":96,\"height\":96,\"caption\":\"Box Repsol\"},\"image\":{\"@id\":\"https:\\\/\\\/www.boxrepsol.com\\\/es\\\/#\\\/schema\\\/logo\\\/image\\\/\"},\"sameAs\":[\"https:\\\/\\\/www.facebook.com\\\/BoxRepsol\",\"https:\\\/\\\/x.com\\\/box_repsol\",\"http:\\\/\\\/instagram.com\\\/box_repsol\",\"https:\\\/\\\/www.youtube.com\\\/user\\\/RepsolCompeticion\",\"https:\\\/\\\/www.flickr.com\\\/photos\\\/box_repsol\\\/\"]},{\"@type\":\"Person\",\"@id\":\"https:\\\/\\\/www.boxrepsol.com\\\/es\\\/#\\\/schema\\\/person\\\/c5c2138f2cca251b0ad92b7086bb60b7\",\"name\":\"Redacci\u00f3n Box Repsol\",\"image\":{\"@type\":\"ImageObject\",\"inLanguage\":\"es\",\"@id\":\"https:\\\/\\\/secure.gravatar.com\\\/avatar\\\/adf7b77e38b4419baf32c7e9c21dde01f4e40df611f0978e3006fc4ba0aaab7e?s=96&d=mm&r=g\",\"url\":\"https:\\\/\\\/secure.gravatar.com\\\/avatar\\\/adf7b77e38b4419baf32c7e9c21dde01f4e40df611f0978e3006fc4ba0aaab7e?s=96&d=mm&r=g\",\"contentUrl\":\"https:\\\/\\\/secure.gravatar.com\\\/avatar\\\/adf7b77e38b4419baf32c7e9c21dde01f4e40df611f0978e3006fc4ba0aaab7e?s=96&d=mm&r=g\",\"caption\":\"Redacci\u00f3n Box Repsol\"},\"description\":\"Box Repsol lo forma un equipo de periodistas, community managers, dise\u00f1adores y fot\u00f3grafos con m\u00e1s de 20 a\u00f1os de experiencia en el mundo del motorsport. Hemos vivido el primer mundial de un espa\u00f1ol en la categor\u00eda reina de motociclismo con \u00c1lex Crivill\u00e9, estuvimos en las victorias de Pedrosa y los t\u00edtulos de M\u00e1rquez, acompa\u00f1amos en \u00c1frica a Nani Roma y Marc Coma en sus conquistas del Dakar y hemos vibrado con los t\u00edtulos de Toni Bou en Trial. Adem\u00e1s, en nuestro equipo contamos con expertos en el mundo de las dos y cuatro ruedas tanto de la calle y las carreteras, como de los circuitos. Periodistas que han trabajado en revistas y publicaciones para hacerte llegar desde rutas y consejos de mantenimiento, a curiosidades y trucos de pilotaje.\",\"sameAs\":[\"https:\\\/\\\/www.facebook.com\\\/BoxRepsol\\\/\",\"https:\\\/\\\/www.instagram.com\\\/box_repsol\\\/\",\"https:\\\/\\\/x.com\\\/https:\\\/\\\/twitter.com\\\/box_repsol\",\"https:\\\/\\\/www.youtube.com\\\/@Boxrepsol\"],\"url\":\"https:\\\/\\\/www.boxrepsol.com\\\/es\\\/author\\\/redaccion-box-repsol\\\/\"}]}<\/script>\n<!-- \/ Yoast SEO plugin. -->","yoast_head_json":{"title":"Fallece Hugo Mill\u00e1n tras un accidente en MotorLand Arag\u00f3n - Box Repsol","description":"Lamentablemente, Hugo Mill\u00e1n fallece tras un accidente en la quinta jornada del MotorLand Arag\u00f3n. Un sentido homenaje y nuestras condolencias.","canonical":"https:\/\/www.boxrepsol.com\/es\/sin-categorizar\/fallece-hugo-millan-tras-un-accidente-en-motorland-aragon\/","og_locale":"es_ES","og_type":"article","og_title":"Fallece Hugo Mill\u00e1n tras un accidente en MotorLand Arag\u00f3n - Box Repsol","og_description":"Lamentablemente, Hugo Mill\u00e1n fallece tras un accidente en la quinta jornada del MotorLand Arag\u00f3n. Un sentido homenaje y nuestras condolencias.","og_url":"https:\/\/www.boxrepsol.com\/es\/sin-categorizar\/fallece-hugo-millan-tras-un-accidente-en-motorland-aragon\/","og_site_name":"Box Repsol","article_publisher":"https:\/\/www.facebook.com\/BoxRepsol","article_author":"https:\/\/www.facebook.com\/BoxRepsol\/","article_published_time":"2021-07-25T02:00:00+00:00","article_modified_time":"2024-04-12T15:28:17+00:00","og_image":[{"width":1600,"height":900,"url":"https:\/\/bxrepsol.s3.eu-west-1.amazonaws.com\/static\/2022\/08\/09133031\/PPP5FIM_ETC_2151-1.jpg","type":"image\/jpeg"}],"author":"Redacci\u00f3n Box Repsol","twitter_card":"summary_large_image","twitter_creator":"@https:\/\/twitter.com\/box_repsol","twitter_site":"@box_repsol","twitter_misc":{"Written by":"Redacci\u00f3n Box Repsol","Est. reading time":"1 minuto"},"schema":{"@context":"https:\/\/schema.org","@graph":[{"@type":"Article","@id":"https:\/\/www.boxrepsol.com\/es\/sin-categorizar\/fallece-hugo-millan-tras-un-accidente-en-motorland-aragon\/#article","isPartOf":{"@id":"https:\/\/www.boxrepsol.com\/es\/sin-categorizar\/fallece-hugo-millan-tras-un-accidente-en-motorland-aragon\/"},"author":{"name":"Redacci\u00f3n Box Repsol","@id":"https:\/\/www.boxrepsol.com\/es\/#\/schema\/person\/c5c2138f2cca251b0ad92b7086bb60b7"},"headline":"Fallece Hugo Mill\u00e1n tras un accidente en MotorLand Arag\u00f3n","datePublished":"2021-07-25T02:00:00+00:00","dateModified":"2024-04-12T15:28:17+00:00","mainEntityOfPage":{"@id":"https:\/\/www.boxrepsol.com\/es\/sin-categorizar\/fallece-hugo-millan-tras-un-accidente-en-motorland-aragon\/"},"wordCount":247,"commentCount":0,"publisher":{"@id":"https:\/\/www.boxrepsol.com\/es\/#organization"},"image":{"@id":"https:\/\/www.boxrepsol.com\/es\/sin-categorizar\/fallece-hugo-millan-tras-un-accidente-en-motorland-aragon\/#primaryimage"},"thumbnailUrl":"https:\/\/bxrepsol.s3.eu-west-1.amazonaws.com\/static\/2022\/08\/09133031\/PPP5FIM_ETC_2151-1.jpg","keywords":["carrera y competici\u00f3n"],"articleSection":["Sin categorizar"],"inLanguage":"es","potentialAction":[{"@type":"CommentAction","name":"Comment","target":["https:\/\/www.boxrepsol.com\/es\/sin-categorizar\/fallece-hugo-millan-tras-un-accidente-en-motorland-aragon\/#respond"]}]},{"@type":"WebPage","@id":"https:\/\/www.boxrepsol.com\/es\/sin-categorizar\/fallece-hugo-millan-tras-un-accidente-en-motorland-aragon\/","url":"https:\/\/www.boxrepsol.com\/es\/sin-categorizar\/fallece-hugo-millan-tras-un-accidente-en-motorland-aragon\/","name":"Fallece Hugo Mill\u00e1n tras un accidente en MotorLand Arag\u00f3n - Box Repsol","isPartOf":{"@id":"https:\/\/www.boxrepsol.com\/es\/#website"},"primaryImageOfPage":{"@id":"https:\/\/www.boxrepsol.com\/es\/sin-categorizar\/fallece-hugo-millan-tras-un-accidente-en-motorland-aragon\/#primaryimage"},"image":{"@id":"https:\/\/www.boxrepsol.com\/es\/sin-categorizar\/fallece-hugo-millan-tras-un-accidente-en-motorland-aragon\/#primaryimage"},"thumbnailUrl":"https:\/\/bxrepsol.s3.eu-west-1.amazonaws.com\/static\/2022\/08\/09133031\/PPP5FIM_ETC_2151-1.jpg","datePublished":"2021-07-25T02:00:00+00:00","dateModified":"2024-04-12T15:28:17+00:00","description":"Lamentablemente, Hugo Mill\u00e1n fallece tras un accidente en la quinta jornada del MotorLand Arag\u00f3n. Un sentido homenaje y nuestras condolencias.","breadcrumb":{"@id":"https:\/\/www.boxrepsol.com\/es\/sin-categorizar\/fallece-hugo-millan-tras-un-accidente-en-motorland-aragon\/#breadcrumb"},"inLanguage":"es","potentialAction":[{"@type":"ReadAction","target":["https:\/\/www.boxrepsol.com\/es\/sin-categorizar\/fallece-hugo-millan-tras-un-accidente-en-motorland-aragon\/"]}]},{"@type":"ImageObject","inLanguage":"es","@id":"https:\/\/www.boxrepsol.com\/es\/sin-categorizar\/fallece-hugo-millan-tras-un-accidente-en-motorland-aragon\/#primaryimage","url":"https:\/\/bxrepsol.s3.eu-west-1.amazonaws.com\/static\/2022\/08\/09133031\/PPP5FIM_ETC_2151-1.jpg","contentUrl":"https:\/\/bxrepsol.s3.eu-west-1.amazonaws.com\/static\/2022\/08\/09133031\/PPP5FIM_ETC_2151-1.jpg","width":1600,"height":900,"caption":"Hugo Mill\u00e1n, European Talent Cup (ETC), FIM CEV Repsol"},{"@type":"BreadcrumbList","@id":"https:\/\/www.boxrepsol.com\/es\/sin-categorizar\/fallece-hugo-millan-tras-un-accidente-en-motorland-aragon\/#breadcrumb","itemListElement":[{"@type":"ListItem","position":1,"name":"Home","item":"https:\/\/www.boxrepsol.com\/es\/"},{"@type":"ListItem","position":2,"name":"Fallece Hugo Mill\u00e1n tras un accidente en MotorLand Arag\u00f3n"}]},{"@type":"WebSite","@id":"https:\/\/www.boxrepsol.com\/es\/#website","url":"https:\/\/www.boxrepsol.com\/es\/","name":"Box Repsol","description":"Box Repsol Site","publisher":{"@id":"https:\/\/www.boxrepsol.com\/es\/#organization"},"potentialAction":[{"@type":"SearchAction","target":{"@type":"EntryPoint","urlTemplate":"https:\/\/www.boxrepsol.com\/es\/?s={search_term_string}"},"query-input":{"@type":"PropertyValueSpecification","valueRequired":true,"valueName":"search_term_string"}}],"inLanguage":"es"},{"@type":"Organization","@id":"https:\/\/www.boxrepsol.com\/es\/#organization","name":"Box Repsol","url":"https:\/\/www.boxrepsol.com\/es\/","logo":{"@type":"ImageObject","inLanguage":"es","@id":"https:\/\/www.boxrepsol.com\/es\/#\/schema\/logo\/image\/","url":"https:\/\/bxrepsol.s3.eu-west-1.amazonaws.com\/static\/2025\/07\/30083337\/favicon-96x96-1.png","contentUrl":"https:\/\/bxrepsol.s3.eu-west-1.amazonaws.com\/static\/2025\/07\/30083337\/favicon-96x96-1.png","width":96,"height":96,"caption":"Box Repsol"},"image":{"@id":"https:\/\/www.boxrepsol.com\/es\/#\/schema\/logo\/image\/"},"sameAs":["https:\/\/www.facebook.com\/BoxRepsol","https:\/\/x.com\/box_repsol","http:\/\/instagram.com\/box_repsol","https:\/\/www.youtube.com\/user\/RepsolCompeticion","https:\/\/www.flickr.com\/photos\/box_repsol\/"]},{"@type":"Person","@id":"https:\/\/www.boxrepsol.com\/es\/#\/schema\/person\/c5c2138f2cca251b0ad92b7086bb60b7","name":"Redacci\u00f3n Box Repsol","image":{"@type":"ImageObject","inLanguage":"es","@id":"https:\/\/secure.gravatar.com\/avatar\/adf7b77e38b4419baf32c7e9c21dde01f4e40df611f0978e3006fc4ba0aaab7e?s=96&d=mm&r=g","url":"https:\/\/secure.gravatar.com\/avatar\/adf7b77e38b4419baf32c7e9c21dde01f4e40df611f0978e3006fc4ba0aaab7e?s=96&d=mm&r=g","contentUrl":"https:\/\/secure.gravatar.com\/avatar\/adf7b77e38b4419baf32c7e9c21dde01f4e40df611f0978e3006fc4ba0aaab7e?s=96&d=mm&r=g","caption":"Redacci\u00f3n Box Repsol"},"description":"Box Repsol lo forma un equipo de periodistas, community managers, dise\u00f1adores y fot\u00f3grafos con m\u00e1s de 20 a\u00f1os de experiencia en el mundo del motorsport. Hemos vivido el primer mundial de un espa\u00f1ol en la categor\u00eda reina de motociclismo con \u00c1lex Crivill\u00e9, estuvimos en las victorias de Pedrosa y los t\u00edtulos de M\u00e1rquez, acompa\u00f1amos en \u00c1frica a Nani Roma y Marc Coma en sus conquistas del Dakar y hemos vibrado con los t\u00edtulos de Toni Bou en Trial. Adem\u00e1s, en nuestro equipo contamos con expertos en el mundo de las dos y cuatro ruedas tanto de la calle y las carreteras, como de los circuitos. Periodistas que han trabajado en revistas y publicaciones para hacerte llegar desde rutas y consejos de mantenimiento, a curiosidades y trucos de pilotaje.","sameAs":["https:\/\/www.facebook.com\/BoxRepsol\/","https:\/\/www.instagram.com\/box_repsol\/","https:\/\/x.com\/https:\/\/twitter.com\/box_repsol","https:\/\/www.youtube.com\/@Boxrepsol"],"url":"https:\/\/www.boxrepsol.com\/es\/author\/redaccion-box-repsol\/"}]}},"_links":{"self":[{"href":"https:\/\/www.boxrepsol.com\/es\/wp-json\/wp\/v2\/posts\/95038","targetHints":{"allow":["GET"]}}],"collection":[{"href":"https:\/\/www.boxrepsol.com\/es\/wp-json\/wp\/v2\/posts"}],"about":[{"href":"https:\/\/www.boxrepsol.com\/es\/wp-json\/wp\/v2\/types\/post"}],"author":[{"embeddable":true,"href":"https:\/\/www.boxrepsol.com\/es\/wp-json\/wp\/v2\/users\/43146"}],"replies":[{"embeddable":true,"href":"https:\/\/www.boxrepsol.com\/es\/wp-json\/wp\/v2\/comments?post=95038"}],"version-history":[{"count":1,"href":"https:\/\/www.boxrepsol.com\/es\/wp-json\/wp\/v2\/posts\/95038\/revisions"}],"predecessor-version":[{"id":109484,"href":"https:\/\/www.boxrepsol.com\/es\/wp-json\/wp\/v2\/posts\/95038\/revisions\/109484"}],"wp:featuredmedia":[{"embeddable":true,"href":"https:\/\/www.boxrepsol.com\/es\/wp-json\/wp\/v2\/media\/43436"}],"wp:attachment":[{"href":"https:\/\/www.boxrepsol.com\/es\/wp-json\/wp\/v2\/media?parent=95038"}],"wp:term":[{"taxonomy":"category","embeddable":true,"href":"https:\/\/www.boxrepsol.com\/es\/wp-json\/wp\/v2\/categories?post=95038"},{"taxonomy":"post_tag","embeddable":true,"href":"https:\/\/www.boxrepsol.com\/es\/wp-json\/wp\/v2\/tags?post=95038"}],"curies":[{"name":"wp","href":"https:\/\/api.w.org\/{rel}","templated":true}]}}