{"id":95037,"date":"2021-07-26T00:00:00","date_gmt":"2021-07-26T02:00:00","guid":{"rendered":"http:\/\/pre.boxrepsol.com\/sin-categorizar\/isidre-esteve-acaba-decimotercero-la-baja-aragon-y-completa-su-mejor-actuacion-en-coche\/"},"modified":"2024-04-12T13:28:01","modified_gmt":"2024-04-12T15:28:01","slug":"isidre-esteve-acaba-decimotercero-la-baja-aragon-y-completa-su-mejor-actuacion-en-coche","status":"publish","type":"post","link":"https:\/\/www.boxrepsol.com\/es\/rally\/isidre-esteve-acaba-decimotercero-la-baja-aragon-y-completa-su-mejor-actuacion-en-coche\/","title":{"rendered":"Isidre Esteve acaba decimotercero la Baja Arag\u00f3n y completa su mejor actuaci\u00f3n en coche"},"content":{"rendered":"<p><strong>Isidre Esteve<\/strong> ha vuelto a hacer historia, al terminar <strong>decimotercero<\/strong> en la general de coches la <strong>Baja Espa\u00f1a Arag\u00f3n 2021<\/strong>; el mejor resultado en sus cuatro participaciones en la categor\u00eda de las cuatro ruedas. El piloto del<strong> Repsol Rally Team<\/strong> prolonga as\u00ed su id\u00edlica relaci\u00f3n con la prueba aragonesa, que disput\u00f3 por primera vez hace justo 30 a\u00f1os, y confirma la esperanzadora evoluci\u00f3n de su Toyota Hilux Overdrive dakariano.<\/p>\n<p><strong>D\u00e9cimo<\/strong> en la <strong>primera etapa<\/strong> disputada el viernes, su mejor resultado parcial en esta prueba hasta la fecha, Isidre Esteve y Txema Villalobos afrontaron con optimismo las dos especiales del s\u00e1bado. El piloto del Repsol Rally Team opt\u00f3 por no arriesgar y cuidar la mec\u00e1nica de su veh\u00edculo con los mandos adaptados en el volante, cruzando la l\u00ednea de meta de la <strong>segunda etapa<\/strong> con el <strong>decimoquinto<\/strong> mejor tiempo.<\/p>\n<p>Su tiempo total acumulado de 7 horas, 1 minuto y 5 segundos, le situ\u00f3 decimotercero en la general de coches, un resultado que representa la mejor clasificaci\u00f3n de Isidre Esteve tras sus cuatro participaciones en coche en la Baja Arag\u00f3n, al mejorar la decimosexta posici\u00f3n conseguida en 2018. En esta ocasi\u00f3n, su gesta tiene un m\u00e9rito enorme, no s\u00f3lo por la gran cantidad de inscritos (132), sino por el elevado nivel de participaci\u00f3n. El de Oliana ha finalizado a 28\u201921\u201d del ganador absoluto, el qatar\u00ed Nasser Al-Attiyah.<\/p>\n<p>\u201cHa sido un fin de semana incre\u00edble. Estoy contento con el ritmo y las sensaciones, lo que nos anima mucho de cara al futuro. Por primera vez, me he sentido muy a gusto y competitivo en cada kil\u00f3metro. Quiero agradecer el gran trabajo que ha realizado mi equipo para tener el Hilux Overdrive m\u00e1s a punto que nunca y adaptado a m\u00ed, lo que me permite ir m\u00e1s r\u00e1pido y seguro en carrera\u201d, reconoc\u00eda un satisfecho Isidre Esteve que ya piensa en su pr\u00f3ximo desaf\u00edo: el Rally de Marruecos, a celebrar del 8 al 13 de octubre.<\/p>\n","protected":false},"excerpt":{"rendered":"<p>A los mandos de un Toyota Hilux Overdrive adaptado, el piloto del Repsol Rally Team ha logrado su mejor resultado en la general de coches de la prueba aragonesa, coincidiendo con el 30 aniversario de su primera participaci\u00f3n en moto.<\/p>\n","protected":false},"author":43146,"featured_media":43421,"comment_status":"open","ping_status":"open","sticky":false,"template":"","format":"standard","meta":{"footnotes":""},"categories":[27],"tags":[194,29,183],"class_list":["post-95037","post","type-post","status-publish","format-standard","hentry","category-rally","tag-194","tag-isidre-esteve","tag-repsol-rally-team"],"yoast_head":"<!-- This site is optimized with the Yoast SEO plugin v27.3 - https:\/\/yoast.com\/product\/yoast-seo-wordpress\/ -->\n<title>Isidre Esteve acaba decimotercero la Baja Arag\u00f3n y completa su mejor actuaci\u00f3n en coche - Box Repsol<\/title>\n<link rel=\"canonical\" href=\"https:\/\/www.boxrepsol.com\/es\/rally\/isidre-esteve-acaba-decimotercero-la-baja-aragon-y-completa-su-mejor-actuacion-en-coche\/\" \/>\n<meta property=\"og:locale\" content=\"es_ES\" \/>\n<meta property=\"og:type\" content=\"article\" \/>\n<meta property=\"og:title\" content=\"Isidre Esteve acaba decimotercero la Baja Arag\u00f3n y completa su mejor actuaci\u00f3n en coche - Box Repsol\" \/>\n<meta property=\"og:description\" content=\"A los mandos de un Toyota Hilux Overdrive adaptado, el piloto del Repsol Rally Team ha logrado su mejor resultado en la general de coches de la prueba aragonesa, coincidiendo con el 30 aniversario de su primera participaci\u00f3n en moto.\" \/>\n<meta property=\"og:url\" content=\"https:\/\/www.boxrepsol.com\/es\/rally\/isidre-esteve-acaba-decimotercero-la-baja-aragon-y-completa-su-mejor-actuacion-en-coche\/\" \/>\n<meta property=\"og:site_name\" content=\"Box Repsol\" \/>\n<meta property=\"article:publisher\" content=\"https:\/\/www.facebook.com\/BoxRepsol\" \/>\n<meta property=\"article:author\" content=\"https:\/\/www.facebook.com\/BoxRepsol\/\" \/>\n<meta property=\"article:published_time\" content=\"2021-07-26T02:00:00+00:00\" \/>\n<meta property=\"article:modified_time\" content=\"2024-04-12T15:28:01+00:00\" \/>\n<meta property=\"og:image\" content=\"https:\/\/bxrepsol.s3.eu-west-1.amazonaws.com\/static\/2022\/08\/09133022\/Isidre_Baja2021_D2_2.jpg\" \/>\n\t<meta property=\"og:image:width\" content=\"1200\" \/>\n\t<meta property=\"og:image:height\" content=\"800\" \/>\n\t<meta property=\"og:image:type\" content=\"image\/jpeg\" \/>\n<meta name=\"author\" content=\"Redacci\u00f3n Box Repsol\" \/>\n<meta name=\"twitter:card\" content=\"summary_large_image\" \/>\n<meta name=\"twitter:creator\" content=\"@https:\/\/twitter.com\/box_repsol\" \/>\n<meta name=\"twitter:site\" content=\"@box_repsol\" \/>\n<meta name=\"twitter:label1\" content=\"Written by\" \/>\n\t<meta name=\"twitter:data1\" content=\"Redacci\u00f3n Box Repsol\" \/>\n\t<meta name=\"twitter:label2\" content=\"Est. reading time\" \/>\n\t<meta name=\"twitter:data2\" content=\"2 minutos\" \/>\n<script type=\"application\/ld+json\" class=\"yoast-schema-graph\">{\"@context\":\"https:\\\/\\\/schema.org\",\"@graph\":[{\"@type\":\"Article\",\"@id\":\"https:\\\/\\\/www.boxrepsol.com\\\/es\\\/rally\\\/isidre-esteve-acaba-decimotercero-la-baja-aragon-y-completa-su-mejor-actuacion-en-coche\\\/#article\",\"isPartOf\":{\"@id\":\"https:\\\/\\\/www.boxrepsol.com\\\/es\\\/rally\\\/isidre-esteve-acaba-decimotercero-la-baja-aragon-y-completa-su-mejor-actuacion-en-coche\\\/\"},\"author\":{\"name\":\"Redacci\u00f3n Box Repsol\",\"@id\":\"https:\\\/\\\/www.boxrepsol.com\\\/es\\\/#\\\/schema\\\/person\\\/c5c2138f2cca251b0ad92b7086bb60b7\"},\"headline\":\"Isidre Esteve acaba decimotercero la Baja Arag\u00f3n y completa su mejor actuaci\u00f3n en coche\",\"datePublished\":\"2021-07-26T02:00:00+00:00\",\"dateModified\":\"2024-04-12T15:28:01+00:00\",\"mainEntityOfPage\":{\"@id\":\"https:\\\/\\\/www.boxrepsol.com\\\/es\\\/rally\\\/isidre-esteve-acaba-decimotercero-la-baja-aragon-y-completa-su-mejor-actuacion-en-coche\\\/\"},\"wordCount\":355,\"commentCount\":0,\"publisher\":{\"@id\":\"https:\\\/\\\/www.boxrepsol.com\\\/es\\\/#organization\"},\"image\":{\"@id\":\"https:\\\/\\\/www.boxrepsol.com\\\/es\\\/rally\\\/isidre-esteve-acaba-decimotercero-la-baja-aragon-y-completa-su-mejor-actuacion-en-coche\\\/#primaryimage\"},\"thumbnailUrl\":\"https:\\\/\\\/bxrepsol.s3.eu-west-1.amazonaws.com\\\/static\\\/2022\\\/08\\\/09133022\\\/Isidre_Baja2021_D2_2.jpg\",\"keywords\":[\"2021\",\"Isidre Esteve\",\"Repsol Rally Team\"],\"articleSection\":[\"Rally\"],\"inLanguage\":\"es\",\"potentialAction\":[{\"@type\":\"CommentAction\",\"name\":\"Comment\",\"target\":[\"https:\\\/\\\/www.boxrepsol.com\\\/es\\\/rally\\\/isidre-esteve-acaba-decimotercero-la-baja-aragon-y-completa-su-mejor-actuacion-en-coche\\\/#respond\"]}]},{\"@type\":\"WebPage\",\"@id\":\"https:\\\/\\\/www.boxrepsol.com\\\/es\\\/rally\\\/isidre-esteve-acaba-decimotercero-la-baja-aragon-y-completa-su-mejor-actuacion-en-coche\\\/\",\"url\":\"https:\\\/\\\/www.boxrepsol.com\\\/es\\\/rally\\\/isidre-esteve-acaba-decimotercero-la-baja-aragon-y-completa-su-mejor-actuacion-en-coche\\\/\",\"name\":\"Isidre Esteve acaba decimotercero la Baja Arag\u00f3n y completa su mejor actuaci\u00f3n en coche - Box Repsol\",\"isPartOf\":{\"@id\":\"https:\\\/\\\/www.boxrepsol.com\\\/es\\\/#website\"},\"primaryImageOfPage\":{\"@id\":\"https:\\\/\\\/www.boxrepsol.com\\\/es\\\/rally\\\/isidre-esteve-acaba-decimotercero-la-baja-aragon-y-completa-su-mejor-actuacion-en-coche\\\/#primaryimage\"},\"image\":{\"@id\":\"https:\\\/\\\/www.boxrepsol.com\\\/es\\\/rally\\\/isidre-esteve-acaba-decimotercero-la-baja-aragon-y-completa-su-mejor-actuacion-en-coche\\\/#primaryimage\"},\"thumbnailUrl\":\"https:\\\/\\\/bxrepsol.s3.eu-west-1.amazonaws.com\\\/static\\\/2022\\\/08\\\/09133022\\\/Isidre_Baja2021_D2_2.jpg\",\"datePublished\":\"2021-07-26T02:00:00+00:00\",\"dateModified\":\"2024-04-12T15:28:01+00:00\",\"breadcrumb\":{\"@id\":\"https:\\\/\\\/www.boxrepsol.com\\\/es\\\/rally\\\/isidre-esteve-acaba-decimotercero-la-baja-aragon-y-completa-su-mejor-actuacion-en-coche\\\/#breadcrumb\"},\"inLanguage\":\"es\",\"potentialAction\":[{\"@type\":\"ReadAction\",\"target\":[\"https:\\\/\\\/www.boxrepsol.com\\\/es\\\/rally\\\/isidre-esteve-acaba-decimotercero-la-baja-aragon-y-completa-su-mejor-actuacion-en-coche\\\/\"]}]},{\"@type\":\"ImageObject\",\"inLanguage\":\"es\",\"@id\":\"https:\\\/\\\/www.boxrepsol.com\\\/es\\\/rally\\\/isidre-esteve-acaba-decimotercero-la-baja-aragon-y-completa-su-mejor-actuacion-en-coche\\\/#primaryimage\",\"url\":\"https:\\\/\\\/bxrepsol.s3.eu-west-1.amazonaws.com\\\/static\\\/2022\\\/08\\\/09133022\\\/Isidre_Baja2021_D2_2.jpg\",\"contentUrl\":\"https:\\\/\\\/bxrepsol.s3.eu-west-1.amazonaws.com\\\/static\\\/2022\\\/08\\\/09133022\\\/Isidre_Baja2021_D2_2.jpg\",\"width\":1200,\"height\":800,\"caption\":\"Isidre Esteve, Baja Aragon, Baja Aragon 2021\"},{\"@type\":\"BreadcrumbList\",\"@id\":\"https:\\\/\\\/www.boxrepsol.com\\\/es\\\/rally\\\/isidre-esteve-acaba-decimotercero-la-baja-aragon-y-completa-su-mejor-actuacion-en-coche\\\/#breadcrumb\",\"itemListElement\":[{\"@type\":\"ListItem\",\"position\":1,\"name\":\"Home\",\"item\":\"https:\\\/\\\/www.boxrepsol.com\\\/es\\\/\"},{\"@type\":\"ListItem\",\"position\":2,\"name\":\"Isidre Esteve acaba decimotercero la Baja Arag\u00f3n y completa su mejor actuaci\u00f3n en coche\"}]},{\"@type\":\"WebSite\",\"@id\":\"https:\\\/\\\/www.boxrepsol.com\\\/es\\\/#website\",\"url\":\"https:\\\/\\\/www.boxrepsol.com\\\/es\\\/\",\"name\":\"Box Repsol\",\"description\":\"Box Repsol Site\",\"publisher\":{\"@id\":\"https:\\\/\\\/www.boxrepsol.com\\\/es\\\/#organization\"},\"potentialAction\":[{\"@type\":\"SearchAction\",\"target\":{\"@type\":\"EntryPoint\",\"urlTemplate\":\"https:\\\/\\\/www.boxrepsol.com\\\/es\\\/?s={search_term_string}\"},\"query-input\":{\"@type\":\"PropertyValueSpecification\",\"valueRequired\":true,\"valueName\":\"search_term_string\"}}],\"inLanguage\":\"es\"},{\"@type\":\"Organization\",\"@id\":\"https:\\\/\\\/www.boxrepsol.com\\\/es\\\/#organization\",\"name\":\"Box Repsol\",\"url\":\"https:\\\/\\\/www.boxrepsol.com\\\/es\\\/\",\"logo\":{\"@type\":\"ImageObject\",\"inLanguage\":\"es\",\"@id\":\"https:\\\/\\\/www.boxrepsol.com\\\/es\\\/#\\\/schema\\\/logo\\\/image\\\/\",\"url\":\"https:\\\/\\\/bxrepsol.s3.eu-west-1.amazonaws.com\\\/static\\\/2025\\\/07\\\/30083337\\\/favicon-96x96-1.png\",\"contentUrl\":\"https:\\\/\\\/bxrepsol.s3.eu-west-1.amazonaws.com\\\/static\\\/2025\\\/07\\\/30083337\\\/favicon-96x96-1.png\",\"width\":96,\"height\":96,\"caption\":\"Box Repsol\"},\"image\":{\"@id\":\"https:\\\/\\\/www.boxrepsol.com\\\/es\\\/#\\\/schema\\\/logo\\\/image\\\/\"},\"sameAs\":[\"https:\\\/\\\/www.facebook.com\\\/BoxRepsol\",\"https:\\\/\\\/x.com\\\/box_repsol\",\"http:\\\/\\\/instagram.com\\\/box_repsol\",\"https:\\\/\\\/www.youtube.com\\\/user\\\/RepsolCompeticion\",\"https:\\\/\\\/www.flickr.com\\\/photos\\\/box_repsol\\\/\"]},{\"@type\":\"Person\",\"@id\":\"https:\\\/\\\/www.boxrepsol.com\\\/es\\\/#\\\/schema\\\/person\\\/c5c2138f2cca251b0ad92b7086bb60b7\",\"name\":\"Redacci\u00f3n Box Repsol\",\"image\":{\"@type\":\"ImageObject\",\"inLanguage\":\"es\",\"@id\":\"https:\\\/\\\/secure.gravatar.com\\\/avatar\\\/adf7b77e38b4419baf32c7e9c21dde01f4e40df611f0978e3006fc4ba0aaab7e?s=96&d=mm&r=g\",\"url\":\"https:\\\/\\\/secure.gravatar.com\\\/avatar\\\/adf7b77e38b4419baf32c7e9c21dde01f4e40df611f0978e3006fc4ba0aaab7e?s=96&d=mm&r=g\",\"contentUrl\":\"https:\\\/\\\/secure.gravatar.com\\\/avatar\\\/adf7b77e38b4419baf32c7e9c21dde01f4e40df611f0978e3006fc4ba0aaab7e?s=96&d=mm&r=g\",\"caption\":\"Redacci\u00f3n Box Repsol\"},\"description\":\"Box Repsol lo forma un equipo de periodistas, community managers, dise\u00f1adores y fot\u00f3grafos con m\u00e1s de 20 a\u00f1os de experiencia en el mundo del motorsport. Hemos vivido el primer mundial de un espa\u00f1ol en la categor\u00eda reina de motociclismo con \u00c1lex Crivill\u00e9, estuvimos en las victorias de Pedrosa y los t\u00edtulos de M\u00e1rquez, acompa\u00f1amos en \u00c1frica a Nani Roma y Marc Coma en sus conquistas del Dakar y hemos vibrado con los t\u00edtulos de Toni Bou en Trial. Adem\u00e1s, en nuestro equipo contamos con expertos en el mundo de las dos y cuatro ruedas tanto de la calle y las carreteras, como de los circuitos. Periodistas que han trabajado en revistas y publicaciones para hacerte llegar desde rutas y consejos de mantenimiento, a curiosidades y trucos de pilotaje.\",\"sameAs\":[\"https:\\\/\\\/www.facebook.com\\\/BoxRepsol\\\/\",\"https:\\\/\\\/www.instagram.com\\\/box_repsol\\\/\",\"https:\\\/\\\/x.com\\\/https:\\\/\\\/twitter.com\\\/box_repsol\",\"https:\\\/\\\/www.youtube.com\\\/@Boxrepsol\"],\"url\":\"https:\\\/\\\/www.boxrepsol.com\\\/es\\\/author\\\/redaccion-box-repsol\\\/\"}]}<\/script>\n<!-- \/ Yoast SEO plugin. -->","yoast_head_json":{"title":"Isidre Esteve acaba decimotercero la Baja Arag\u00f3n y completa su mejor actuaci\u00f3n en coche - Box Repsol","canonical":"https:\/\/www.boxrepsol.com\/es\/rally\/isidre-esteve-acaba-decimotercero-la-baja-aragon-y-completa-su-mejor-actuacion-en-coche\/","og_locale":"es_ES","og_type":"article","og_title":"Isidre Esteve acaba decimotercero la Baja Arag\u00f3n y completa su mejor actuaci\u00f3n en coche - Box Repsol","og_description":"A los mandos de un Toyota Hilux Overdrive adaptado, el piloto del Repsol Rally Team ha logrado su mejor resultado en la general de coches de la prueba aragonesa, coincidiendo con el 30 aniversario de su primera participaci\u00f3n en moto.","og_url":"https:\/\/www.boxrepsol.com\/es\/rally\/isidre-esteve-acaba-decimotercero-la-baja-aragon-y-completa-su-mejor-actuacion-en-coche\/","og_site_name":"Box Repsol","article_publisher":"https:\/\/www.facebook.com\/BoxRepsol","article_author":"https:\/\/www.facebook.com\/BoxRepsol\/","article_published_time":"2021-07-26T02:00:00+00:00","article_modified_time":"2024-04-12T15:28:01+00:00","og_image":[{"width":1200,"height":800,"url":"https:\/\/bxrepsol.s3.eu-west-1.amazonaws.com\/static\/2022\/08\/09133022\/Isidre_Baja2021_D2_2.jpg","type":"image\/jpeg"}],"author":"Redacci\u00f3n Box Repsol","twitter_card":"summary_large_image","twitter_creator":"@https:\/\/twitter.com\/box_repsol","twitter_site":"@box_repsol","twitter_misc":{"Written by":"Redacci\u00f3n Box Repsol","Est. reading time":"2 minutos"},"schema":{"@context":"https:\/\/schema.org","@graph":[{"@type":"Article","@id":"https:\/\/www.boxrepsol.com\/es\/rally\/isidre-esteve-acaba-decimotercero-la-baja-aragon-y-completa-su-mejor-actuacion-en-coche\/#article","isPartOf":{"@id":"https:\/\/www.boxrepsol.com\/es\/rally\/isidre-esteve-acaba-decimotercero-la-baja-aragon-y-completa-su-mejor-actuacion-en-coche\/"},"author":{"name":"Redacci\u00f3n Box Repsol","@id":"https:\/\/www.boxrepsol.com\/es\/#\/schema\/person\/c5c2138f2cca251b0ad92b7086bb60b7"},"headline":"Isidre Esteve acaba decimotercero la Baja Arag\u00f3n y completa su mejor actuaci\u00f3n en coche","datePublished":"2021-07-26T02:00:00+00:00","dateModified":"2024-04-12T15:28:01+00:00","mainEntityOfPage":{"@id":"https:\/\/www.boxrepsol.com\/es\/rally\/isidre-esteve-acaba-decimotercero-la-baja-aragon-y-completa-su-mejor-actuacion-en-coche\/"},"wordCount":355,"commentCount":0,"publisher":{"@id":"https:\/\/www.boxrepsol.com\/es\/#organization"},"image":{"@id":"https:\/\/www.boxrepsol.com\/es\/rally\/isidre-esteve-acaba-decimotercero-la-baja-aragon-y-completa-su-mejor-actuacion-en-coche\/#primaryimage"},"thumbnailUrl":"https:\/\/bxrepsol.s3.eu-west-1.amazonaws.com\/static\/2022\/08\/09133022\/Isidre_Baja2021_D2_2.jpg","keywords":["2021","Isidre Esteve","Repsol Rally Team"],"articleSection":["Rally"],"inLanguage":"es","potentialAction":[{"@type":"CommentAction","name":"Comment","target":["https:\/\/www.boxrepsol.com\/es\/rally\/isidre-esteve-acaba-decimotercero-la-baja-aragon-y-completa-su-mejor-actuacion-en-coche\/#respond"]}]},{"@type":"WebPage","@id":"https:\/\/www.boxrepsol.com\/es\/rally\/isidre-esteve-acaba-decimotercero-la-baja-aragon-y-completa-su-mejor-actuacion-en-coche\/","url":"https:\/\/www.boxrepsol.com\/es\/rally\/isidre-esteve-acaba-decimotercero-la-baja-aragon-y-completa-su-mejor-actuacion-en-coche\/","name":"Isidre Esteve acaba decimotercero la Baja Arag\u00f3n y completa su mejor actuaci\u00f3n en coche - Box Repsol","isPartOf":{"@id":"https:\/\/www.boxrepsol.com\/es\/#website"},"primaryImageOfPage":{"@id":"https:\/\/www.boxrepsol.com\/es\/rally\/isidre-esteve-acaba-decimotercero-la-baja-aragon-y-completa-su-mejor-actuacion-en-coche\/#primaryimage"},"image":{"@id":"https:\/\/www.boxrepsol.com\/es\/rally\/isidre-esteve-acaba-decimotercero-la-baja-aragon-y-completa-su-mejor-actuacion-en-coche\/#primaryimage"},"thumbnailUrl":"https:\/\/bxrepsol.s3.eu-west-1.amazonaws.com\/static\/2022\/08\/09133022\/Isidre_Baja2021_D2_2.jpg","datePublished":"2021-07-26T02:00:00+00:00","dateModified":"2024-04-12T15:28:01+00:00","breadcrumb":{"@id":"https:\/\/www.boxrepsol.com\/es\/rally\/isidre-esteve-acaba-decimotercero-la-baja-aragon-y-completa-su-mejor-actuacion-en-coche\/#breadcrumb"},"inLanguage":"es","potentialAction":[{"@type":"ReadAction","target":["https:\/\/www.boxrepsol.com\/es\/rally\/isidre-esteve-acaba-decimotercero-la-baja-aragon-y-completa-su-mejor-actuacion-en-coche\/"]}]},{"@type":"ImageObject","inLanguage":"es","@id":"https:\/\/www.boxrepsol.com\/es\/rally\/isidre-esteve-acaba-decimotercero-la-baja-aragon-y-completa-su-mejor-actuacion-en-coche\/#primaryimage","url":"https:\/\/bxrepsol.s3.eu-west-1.amazonaws.com\/static\/2022\/08\/09133022\/Isidre_Baja2021_D2_2.jpg","contentUrl":"https:\/\/bxrepsol.s3.eu-west-1.amazonaws.com\/static\/2022\/08\/09133022\/Isidre_Baja2021_D2_2.jpg","width":1200,"height":800,"caption":"Isidre Esteve, Baja Aragon, Baja Aragon 2021"},{"@type":"BreadcrumbList","@id":"https:\/\/www.boxrepsol.com\/es\/rally\/isidre-esteve-acaba-decimotercero-la-baja-aragon-y-completa-su-mejor-actuacion-en-coche\/#breadcrumb","itemListElement":[{"@type":"ListItem","position":1,"name":"Home","item":"https:\/\/www.boxrepsol.com\/es\/"},{"@type":"ListItem","position":2,"name":"Isidre Esteve acaba decimotercero la Baja Arag\u00f3n y completa su mejor actuaci\u00f3n en coche"}]},{"@type":"WebSite","@id":"https:\/\/www.boxrepsol.com\/es\/#website","url":"https:\/\/www.boxrepsol.com\/es\/","name":"Box Repsol","description":"Box Repsol Site","publisher":{"@id":"https:\/\/www.boxrepsol.com\/es\/#organization"},"potentialAction":[{"@type":"SearchAction","target":{"@type":"EntryPoint","urlTemplate":"https:\/\/www.boxrepsol.com\/es\/?s={search_term_string}"},"query-input":{"@type":"PropertyValueSpecification","valueRequired":true,"valueName":"search_term_string"}}],"inLanguage":"es"},{"@type":"Organization","@id":"https:\/\/www.boxrepsol.com\/es\/#organization","name":"Box Repsol","url":"https:\/\/www.boxrepsol.com\/es\/","logo":{"@type":"ImageObject","inLanguage":"es","@id":"https:\/\/www.boxrepsol.com\/es\/#\/schema\/logo\/image\/","url":"https:\/\/bxrepsol.s3.eu-west-1.amazonaws.com\/static\/2025\/07\/30083337\/favicon-96x96-1.png","contentUrl":"https:\/\/bxrepsol.s3.eu-west-1.amazonaws.com\/static\/2025\/07\/30083337\/favicon-96x96-1.png","width":96,"height":96,"caption":"Box Repsol"},"image":{"@id":"https:\/\/www.boxrepsol.com\/es\/#\/schema\/logo\/image\/"},"sameAs":["https:\/\/www.facebook.com\/BoxRepsol","https:\/\/x.com\/box_repsol","http:\/\/instagram.com\/box_repsol","https:\/\/www.youtube.com\/user\/RepsolCompeticion","https:\/\/www.flickr.com\/photos\/box_repsol\/"]},{"@type":"Person","@id":"https:\/\/www.boxrepsol.com\/es\/#\/schema\/person\/c5c2138f2cca251b0ad92b7086bb60b7","name":"Redacci\u00f3n Box Repsol","image":{"@type":"ImageObject","inLanguage":"es","@id":"https:\/\/secure.gravatar.com\/avatar\/adf7b77e38b4419baf32c7e9c21dde01f4e40df611f0978e3006fc4ba0aaab7e?s=96&d=mm&r=g","url":"https:\/\/secure.gravatar.com\/avatar\/adf7b77e38b4419baf32c7e9c21dde01f4e40df611f0978e3006fc4ba0aaab7e?s=96&d=mm&r=g","contentUrl":"https:\/\/secure.gravatar.com\/avatar\/adf7b77e38b4419baf32c7e9c21dde01f4e40df611f0978e3006fc4ba0aaab7e?s=96&d=mm&r=g","caption":"Redacci\u00f3n Box Repsol"},"description":"Box Repsol lo forma un equipo de periodistas, community managers, dise\u00f1adores y fot\u00f3grafos con m\u00e1s de 20 a\u00f1os de experiencia en el mundo del motorsport. Hemos vivido el primer mundial de un espa\u00f1ol en la categor\u00eda reina de motociclismo con \u00c1lex Crivill\u00e9, estuvimos en las victorias de Pedrosa y los t\u00edtulos de M\u00e1rquez, acompa\u00f1amos en \u00c1frica a Nani Roma y Marc Coma en sus conquistas del Dakar y hemos vibrado con los t\u00edtulos de Toni Bou en Trial. Adem\u00e1s, en nuestro equipo contamos con expertos en el mundo de las dos y cuatro ruedas tanto de la calle y las carreteras, como de los circuitos. Periodistas que han trabajado en revistas y publicaciones para hacerte llegar desde rutas y consejos de mantenimiento, a curiosidades y trucos de pilotaje.","sameAs":["https:\/\/www.facebook.com\/BoxRepsol\/","https:\/\/www.instagram.com\/box_repsol\/","https:\/\/x.com\/https:\/\/twitter.com\/box_repsol","https:\/\/www.youtube.com\/@Boxrepsol"],"url":"https:\/\/www.boxrepsol.com\/es\/author\/redaccion-box-repsol\/"}]}},"_links":{"self":[{"href":"https:\/\/www.boxrepsol.com\/es\/wp-json\/wp\/v2\/posts\/95037","targetHints":{"allow":["GET"]}}],"collection":[{"href":"https:\/\/www.boxrepsol.com\/es\/wp-json\/wp\/v2\/posts"}],"about":[{"href":"https:\/\/www.boxrepsol.com\/es\/wp-json\/wp\/v2\/types\/post"}],"author":[{"embeddable":true,"href":"https:\/\/www.boxrepsol.com\/es\/wp-json\/wp\/v2\/users\/43146"}],"replies":[{"embeddable":true,"href":"https:\/\/www.boxrepsol.com\/es\/wp-json\/wp\/v2\/comments?post=95037"}],"version-history":[{"count":1,"href":"https:\/\/www.boxrepsol.com\/es\/wp-json\/wp\/v2\/posts\/95037\/revisions"}],"predecessor-version":[{"id":114810,"href":"https:\/\/www.boxrepsol.com\/es\/wp-json\/wp\/v2\/posts\/95037\/revisions\/114810"}],"wp:featuredmedia":[{"embeddable":true,"href":"https:\/\/www.boxrepsol.com\/es\/wp-json\/wp\/v2\/media\/43421"}],"wp:attachment":[{"href":"https:\/\/www.boxrepsol.com\/es\/wp-json\/wp\/v2\/media?parent=95037"}],"wp:term":[{"taxonomy":"category","embeddable":true,"href":"https:\/\/www.boxrepsol.com\/es\/wp-json\/wp\/v2\/categories?post=95037"},{"taxonomy":"post_tag","embeddable":true,"href":"https:\/\/www.boxrepsol.com\/es\/wp-json\/wp\/v2\/tags?post=95037"}],"curies":[{"name":"wp","href":"https:\/\/api.w.org\/{rel}","templated":true}]}}