{"id":95026,"date":"2021-07-04T00:00:00","date_gmt":"2021-07-04T02:00:00","guid":{"rendered":"http:\/\/pre.boxrepsol.com\/sin-categorizar\/nuevo-doblete-de-aldeguer-y-victorias-de-kelso-y-zurutuza-en-el-algarve\/"},"modified":"2024-04-12T13:29:33","modified_gmt":"2024-04-12T15:29:33","slug":"nuevo-doblete-de-aldeguer-y-victorias-de-kelso-y-zurutuza-en-el-algarve","status":"publish","type":"post","link":"https:\/\/www.boxrepsol.com\/es\/sin-categorizar\/nuevo-doblete-de-aldeguer-y-victorias-de-kelso-y-zurutuza-en-el-algarve\/","title":{"rendered":"Nuevo doblete de Aldeguer y victorias de Kelso y Zurutuza en El Algarve"},"content":{"rendered":"<p>El <strong>Aut\u00f3dromo Internacional do Algarve<\/strong> ha celebrado la cuarta cita del <strong>FIM CEV Repsol 2021<\/strong>, con dos carreras del Europeo de Moto2, en las que se ha impuesto Ferm\u00edn Aldeguer, y una manga del Mundial Junior FIM de Moto3 y de la European Talent Cup, con Joel Kelso y Xabi Zurutuza como respectivos vencedores.<\/p>\n<p>En la primera carrera de la categor\u00eda de <strong>Moto2<\/strong> se ha repetido el mismo gui\u00f3n que en las anteriores citas, con <strong>Ferm\u00edn Aldeguer<\/strong> imponi\u00e9dose con autoridad por delante de su compa\u00f1ero de equipo, Alonso L\u00f3pez. En la segunda, Aldeguer ha repetido victoria, pero L\u00f3pez se ha visto relegado hasta la tercera posici\u00f3n al salirse de pista a falta de dos vueltas, cuando se jugaba el triunfo con su compa\u00f1ero. Con los dos de hoy, Aldeguer alarga su pleno de triunfos: <strong>siete de siete posibles<\/strong>.<\/p>\n<p><strong>Xabi Zurutuza<\/strong> ha logrado su segunda victoria en la <strong>European Talent Cup<\/strong>, la segunda consecutiva tras imponerse hace unas semanas en Catalunya. Con este triunfo, el piloto de Legazpi se sit\u00faa l\u00edder en la clasificaci\u00f3n general, con 8 de puntos de ventaja sobre el segundo clasificado.<\/p>\n<p>La carrera del <strong>Mundial Junior FIM de Moto3\u2122<\/strong> se ha visto interrumpida en la cuarta vuelta por una bandera roja, debido a la ca\u00edda de un piloto que ha quedado en medio de la pista y que el pelot\u00f3n ha alcanzado un giro m\u00e1s tarde, originando una ca\u00edda m\u00faltiple. A su reanudaci\u00f3n, en una manga a diez vueltas, el australiano <strong>Joel Kelso<\/strong> ha conseguido su primera victoria de la temporada, imponi\u00e9ndose en la \u00faltima curva a <strong>Daniel Holgado<\/strong>, que ha ampliado su liderato en la clasificaci\u00f3n general, con 133 puntos y 69 de ventaja sobre el segundo clasificado.<\/p>\n<p>La siguiente prueba del FIM CEV Repsol se celebrar\u00e1 el pr\u00f3ximo 25 de julio en el <strong>MotorLand Arag\u00f3n<\/strong>.<\/p>\n","protected":false},"excerpt":{"rendered":"<p>Xabi Zurutuza se sit\u00faa al frente de la ETC, mientras Ferm\u00edn Aldeguer y Daniel Holgado ampl\u00edan sus lideratos en la cuarta cita del FIM CEV Repsol.<\/p>\n","protected":false},"author":43146,"featured_media":43324,"comment_status":"open","ping_status":"open","sticky":false,"template":"","format":"standard","meta":{"footnotes":""},"categories":[1],"tags":[194,130],"class_list":["post-95026","post","type-post","status-publish","format-standard","hentry","category-sin-categorizar","tag-194","tag-otros-eventos-y-competiciones"],"yoast_head":"<!-- This site is optimized with the Yoast SEO plugin v27.3 - https:\/\/yoast.com\/product\/yoast-seo-wordpress\/ -->\n<title>Nuevo doblete de Aldeguer y victorias de Kelso y Zurutuza en El Algarve - Box Repsol<\/title>\n<meta name=\"description\" content=\"Xabi Zurutuza se sit\u00faa al frente de la ETC, mientras Ferm\u00edn Aldeguer y Daniel Holgado ampl\u00edan sus lideratos en la cuarta cita del FIM CEV Repsol.\" \/>\n<link rel=\"canonical\" href=\"https:\/\/www.boxrepsol.com\/es\/sin-categorizar\/nuevo-doblete-de-aldeguer-y-victorias-de-kelso-y-zurutuza-en-el-algarve\/\" \/>\n<meta property=\"og:locale\" content=\"es_ES\" \/>\n<meta property=\"og:type\" content=\"article\" \/>\n<meta property=\"og:title\" content=\"Nuevo doblete de Aldeguer y victorias de Kelso y Zurutuza en El Algarve - Box Repsol\" \/>\n<meta property=\"og:description\" content=\"Xabi Zurutuza se sit\u00faa al frente de la ETC, mientras Ferm\u00edn Aldeguer y Daniel Holgado ampl\u00edan sus lideratos en la cuarta cita del FIM CEV Repsol.\" \/>\n<meta property=\"og:url\" content=\"https:\/\/www.boxrepsol.com\/es\/sin-categorizar\/nuevo-doblete-de-aldeguer-y-victorias-de-kelso-y-zurutuza-en-el-algarve\/\" \/>\n<meta property=\"og:site_name\" content=\"Box Repsol\" \/>\n<meta property=\"article:publisher\" content=\"https:\/\/www.facebook.com\/BoxRepsol\" \/>\n<meta property=\"article:author\" content=\"https:\/\/www.facebook.com\/BoxRepsol\/\" \/>\n<meta property=\"article:published_time\" content=\"2021-07-04T02:00:00+00:00\" \/>\n<meta property=\"article:modified_time\" content=\"2024-04-12T15:29:33+00:00\" \/>\n<meta property=\"og:image\" content=\"https:\/\/bxrepsol.s3.eu-west-1.amazonaws.com\/static\/2022\/08\/09132402\/4FIM_M3_5251-1.jpg\" \/>\n\t<meta property=\"og:image:width\" content=\"2500\" \/>\n\t<meta property=\"og:image:height\" content=\"1667\" \/>\n\t<meta property=\"og:image:type\" content=\"image\/jpeg\" \/>\n<meta name=\"author\" content=\"Redacci\u00f3n Box Repsol\" \/>\n<meta name=\"twitter:card\" content=\"summary_large_image\" \/>\n<meta name=\"twitter:creator\" content=\"@https:\/\/twitter.com\/box_repsol\" \/>\n<meta name=\"twitter:site\" content=\"@box_repsol\" \/>\n<meta name=\"twitter:label1\" content=\"Written by\" \/>\n\t<meta name=\"twitter:data1\" content=\"Redacci\u00f3n Box Repsol\" \/>\n\t<meta name=\"twitter:label2\" content=\"Est. reading time\" \/>\n\t<meta name=\"twitter:data2\" content=\"2 minutos\" \/>\n<script type=\"application\/ld+json\" class=\"yoast-schema-graph\">{\"@context\":\"https:\\\/\\\/schema.org\",\"@graph\":[{\"@type\":\"Article\",\"@id\":\"https:\\\/\\\/www.boxrepsol.com\\\/es\\\/sin-categorizar\\\/nuevo-doblete-de-aldeguer-y-victorias-de-kelso-y-zurutuza-en-el-algarve\\\/#article\",\"isPartOf\":{\"@id\":\"https:\\\/\\\/www.boxrepsol.com\\\/es\\\/sin-categorizar\\\/nuevo-doblete-de-aldeguer-y-victorias-de-kelso-y-zurutuza-en-el-algarve\\\/\"},\"author\":{\"name\":\"Redacci\u00f3n Box Repsol\",\"@id\":\"https:\\\/\\\/www.boxrepsol.com\\\/es\\\/#\\\/schema\\\/person\\\/c5c2138f2cca251b0ad92b7086bb60b7\"},\"headline\":\"Nuevo doblete de Aldeguer y victorias de Kelso y Zurutuza en El Algarve\",\"datePublished\":\"2021-07-04T02:00:00+00:00\",\"dateModified\":\"2024-04-12T15:29:33+00:00\",\"mainEntityOfPage\":{\"@id\":\"https:\\\/\\\/www.boxrepsol.com\\\/es\\\/sin-categorizar\\\/nuevo-doblete-de-aldeguer-y-victorias-de-kelso-y-zurutuza-en-el-algarve\\\/\"},\"wordCount\":332,\"commentCount\":0,\"publisher\":{\"@id\":\"https:\\\/\\\/www.boxrepsol.com\\\/es\\\/#organization\"},\"image\":{\"@id\":\"https:\\\/\\\/www.boxrepsol.com\\\/es\\\/sin-categorizar\\\/nuevo-doblete-de-aldeguer-y-victorias-de-kelso-y-zurutuza-en-el-algarve\\\/#primaryimage\"},\"thumbnailUrl\":\"https:\\\/\\\/bxrepsol.s3.eu-west-1.amazonaws.com\\\/static\\\/2022\\\/08\\\/09132402\\\/4FIM_M3_5251-1.jpg\",\"keywords\":[\"2021\",\"otros eventos y competiciones\"],\"articleSection\":[\"Sin categorizar\"],\"inLanguage\":\"es\",\"potentialAction\":[{\"@type\":\"CommentAction\",\"name\":\"Comment\",\"target\":[\"https:\\\/\\\/www.boxrepsol.com\\\/es\\\/sin-categorizar\\\/nuevo-doblete-de-aldeguer-y-victorias-de-kelso-y-zurutuza-en-el-algarve\\\/#respond\"]}]},{\"@type\":\"WebPage\",\"@id\":\"https:\\\/\\\/www.boxrepsol.com\\\/es\\\/sin-categorizar\\\/nuevo-doblete-de-aldeguer-y-victorias-de-kelso-y-zurutuza-en-el-algarve\\\/\",\"url\":\"https:\\\/\\\/www.boxrepsol.com\\\/es\\\/sin-categorizar\\\/nuevo-doblete-de-aldeguer-y-victorias-de-kelso-y-zurutuza-en-el-algarve\\\/\",\"name\":\"Nuevo doblete de Aldeguer y victorias de Kelso y Zurutuza en El Algarve - Box Repsol\",\"isPartOf\":{\"@id\":\"https:\\\/\\\/www.boxrepsol.com\\\/es\\\/#website\"},\"primaryImageOfPage\":{\"@id\":\"https:\\\/\\\/www.boxrepsol.com\\\/es\\\/sin-categorizar\\\/nuevo-doblete-de-aldeguer-y-victorias-de-kelso-y-zurutuza-en-el-algarve\\\/#primaryimage\"},\"image\":{\"@id\":\"https:\\\/\\\/www.boxrepsol.com\\\/es\\\/sin-categorizar\\\/nuevo-doblete-de-aldeguer-y-victorias-de-kelso-y-zurutuza-en-el-algarve\\\/#primaryimage\"},\"thumbnailUrl\":\"https:\\\/\\\/bxrepsol.s3.eu-west-1.amazonaws.com\\\/static\\\/2022\\\/08\\\/09132402\\\/4FIM_M3_5251-1.jpg\",\"datePublished\":\"2021-07-04T02:00:00+00:00\",\"dateModified\":\"2024-04-12T15:29:33+00:00\",\"description\":\"Xabi Zurutuza se sit\u00faa al frente de la ETC, mientras Ferm\u00edn Aldeguer y Daniel Holgado ampl\u00edan sus lideratos en la cuarta cita del FIM CEV Repsol.\",\"breadcrumb\":{\"@id\":\"https:\\\/\\\/www.boxrepsol.com\\\/es\\\/sin-categorizar\\\/nuevo-doblete-de-aldeguer-y-victorias-de-kelso-y-zurutuza-en-el-algarve\\\/#breadcrumb\"},\"inLanguage\":\"es\",\"potentialAction\":[{\"@type\":\"ReadAction\",\"target\":[\"https:\\\/\\\/www.boxrepsol.com\\\/es\\\/sin-categorizar\\\/nuevo-doblete-de-aldeguer-y-victorias-de-kelso-y-zurutuza-en-el-algarve\\\/\"]}]},{\"@type\":\"ImageObject\",\"inLanguage\":\"es\",\"@id\":\"https:\\\/\\\/www.boxrepsol.com\\\/es\\\/sin-categorizar\\\/nuevo-doblete-de-aldeguer-y-victorias-de-kelso-y-zurutuza-en-el-algarve\\\/#primaryimage\",\"url\":\"https:\\\/\\\/bxrepsol.s3.eu-west-1.amazonaws.com\\\/static\\\/2022\\\/08\\\/09132402\\\/4FIM_M3_5251-1.jpg\",\"contentUrl\":\"https:\\\/\\\/bxrepsol.s3.eu-west-1.amazonaws.com\\\/static\\\/2022\\\/08\\\/09132402\\\/4FIM_M3_5251-1.jpg\",\"width\":2500,\"height\":1667},{\"@type\":\"BreadcrumbList\",\"@id\":\"https:\\\/\\\/www.boxrepsol.com\\\/es\\\/sin-categorizar\\\/nuevo-doblete-de-aldeguer-y-victorias-de-kelso-y-zurutuza-en-el-algarve\\\/#breadcrumb\",\"itemListElement\":[{\"@type\":\"ListItem\",\"position\":1,\"name\":\"Home\",\"item\":\"https:\\\/\\\/www.boxrepsol.com\\\/es\\\/\"},{\"@type\":\"ListItem\",\"position\":2,\"name\":\"Nuevo doblete de Aldeguer y victorias de Kelso y Zurutuza en El Algarve\"}]},{\"@type\":\"WebSite\",\"@id\":\"https:\\\/\\\/www.boxrepsol.com\\\/es\\\/#website\",\"url\":\"https:\\\/\\\/www.boxrepsol.com\\\/es\\\/\",\"name\":\"Box Repsol\",\"description\":\"Box Repsol Site\",\"publisher\":{\"@id\":\"https:\\\/\\\/www.boxrepsol.com\\\/es\\\/#organization\"},\"potentialAction\":[{\"@type\":\"SearchAction\",\"target\":{\"@type\":\"EntryPoint\",\"urlTemplate\":\"https:\\\/\\\/www.boxrepsol.com\\\/es\\\/?s={search_term_string}\"},\"query-input\":{\"@type\":\"PropertyValueSpecification\",\"valueRequired\":true,\"valueName\":\"search_term_string\"}}],\"inLanguage\":\"es\"},{\"@type\":\"Organization\",\"@id\":\"https:\\\/\\\/www.boxrepsol.com\\\/es\\\/#organization\",\"name\":\"Box Repsol\",\"url\":\"https:\\\/\\\/www.boxrepsol.com\\\/es\\\/\",\"logo\":{\"@type\":\"ImageObject\",\"inLanguage\":\"es\",\"@id\":\"https:\\\/\\\/www.boxrepsol.com\\\/es\\\/#\\\/schema\\\/logo\\\/image\\\/\",\"url\":\"https:\\\/\\\/bxrepsol.s3.eu-west-1.amazonaws.com\\\/static\\\/2025\\\/07\\\/30083337\\\/favicon-96x96-1.png\",\"contentUrl\":\"https:\\\/\\\/bxrepsol.s3.eu-west-1.amazonaws.com\\\/static\\\/2025\\\/07\\\/30083337\\\/favicon-96x96-1.png\",\"width\":96,\"height\":96,\"caption\":\"Box Repsol\"},\"image\":{\"@id\":\"https:\\\/\\\/www.boxrepsol.com\\\/es\\\/#\\\/schema\\\/logo\\\/image\\\/\"},\"sameAs\":[\"https:\\\/\\\/www.facebook.com\\\/BoxRepsol\",\"https:\\\/\\\/x.com\\\/box_repsol\",\"http:\\\/\\\/instagram.com\\\/box_repsol\",\"https:\\\/\\\/www.youtube.com\\\/user\\\/RepsolCompeticion\",\"https:\\\/\\\/www.flickr.com\\\/photos\\\/box_repsol\\\/\"]},{\"@type\":\"Person\",\"@id\":\"https:\\\/\\\/www.boxrepsol.com\\\/es\\\/#\\\/schema\\\/person\\\/c5c2138f2cca251b0ad92b7086bb60b7\",\"name\":\"Redacci\u00f3n Box Repsol\",\"image\":{\"@type\":\"ImageObject\",\"inLanguage\":\"es\",\"@id\":\"https:\\\/\\\/secure.gravatar.com\\\/avatar\\\/adf7b77e38b4419baf32c7e9c21dde01f4e40df611f0978e3006fc4ba0aaab7e?s=96&d=mm&r=g\",\"url\":\"https:\\\/\\\/secure.gravatar.com\\\/avatar\\\/adf7b77e38b4419baf32c7e9c21dde01f4e40df611f0978e3006fc4ba0aaab7e?s=96&d=mm&r=g\",\"contentUrl\":\"https:\\\/\\\/secure.gravatar.com\\\/avatar\\\/adf7b77e38b4419baf32c7e9c21dde01f4e40df611f0978e3006fc4ba0aaab7e?s=96&d=mm&r=g\",\"caption\":\"Redacci\u00f3n Box Repsol\"},\"description\":\"Box Repsol lo forma un equipo de periodistas, community managers, dise\u00f1adores y fot\u00f3grafos con m\u00e1s de 20 a\u00f1os de experiencia en el mundo del motorsport. Hemos vivido el primer mundial de un espa\u00f1ol en la categor\u00eda reina de motociclismo con \u00c1lex Crivill\u00e9, estuvimos en las victorias de Pedrosa y los t\u00edtulos de M\u00e1rquez, acompa\u00f1amos en \u00c1frica a Nani Roma y Marc Coma en sus conquistas del Dakar y hemos vibrado con los t\u00edtulos de Toni Bou en Trial. Adem\u00e1s, en nuestro equipo contamos con expertos en el mundo de las dos y cuatro ruedas tanto de la calle y las carreteras, como de los circuitos. Periodistas que han trabajado en revistas y publicaciones para hacerte llegar desde rutas y consejos de mantenimiento, a curiosidades y trucos de pilotaje.\",\"sameAs\":[\"https:\\\/\\\/www.facebook.com\\\/BoxRepsol\\\/\",\"https:\\\/\\\/www.instagram.com\\\/box_repsol\\\/\",\"https:\\\/\\\/x.com\\\/https:\\\/\\\/twitter.com\\\/box_repsol\",\"https:\\\/\\\/www.youtube.com\\\/@Boxrepsol\"],\"url\":\"https:\\\/\\\/www.boxrepsol.com\\\/es\\\/author\\\/redaccion-box-repsol\\\/\"}]}<\/script>\n<!-- \/ Yoast SEO plugin. -->","yoast_head_json":{"title":"Nuevo doblete de Aldeguer y victorias de Kelso y Zurutuza en El Algarve - Box Repsol","description":"Xabi Zurutuza se sit\u00faa al frente de la ETC, mientras Ferm\u00edn Aldeguer y Daniel Holgado ampl\u00edan sus lideratos en la cuarta cita del FIM CEV Repsol.","canonical":"https:\/\/www.boxrepsol.com\/es\/sin-categorizar\/nuevo-doblete-de-aldeguer-y-victorias-de-kelso-y-zurutuza-en-el-algarve\/","og_locale":"es_ES","og_type":"article","og_title":"Nuevo doblete de Aldeguer y victorias de Kelso y Zurutuza en El Algarve - Box Repsol","og_description":"Xabi Zurutuza se sit\u00faa al frente de la ETC, mientras Ferm\u00edn Aldeguer y Daniel Holgado ampl\u00edan sus lideratos en la cuarta cita del FIM CEV Repsol.","og_url":"https:\/\/www.boxrepsol.com\/es\/sin-categorizar\/nuevo-doblete-de-aldeguer-y-victorias-de-kelso-y-zurutuza-en-el-algarve\/","og_site_name":"Box Repsol","article_publisher":"https:\/\/www.facebook.com\/BoxRepsol","article_author":"https:\/\/www.facebook.com\/BoxRepsol\/","article_published_time":"2021-07-04T02:00:00+00:00","article_modified_time":"2024-04-12T15:29:33+00:00","og_image":[{"width":2500,"height":1667,"url":"https:\/\/bxrepsol.s3.eu-west-1.amazonaws.com\/static\/2022\/08\/09132402\/4FIM_M3_5251-1.jpg","type":"image\/jpeg"}],"author":"Redacci\u00f3n Box Repsol","twitter_card":"summary_large_image","twitter_creator":"@https:\/\/twitter.com\/box_repsol","twitter_site":"@box_repsol","twitter_misc":{"Written by":"Redacci\u00f3n Box Repsol","Est. reading time":"2 minutos"},"schema":{"@context":"https:\/\/schema.org","@graph":[{"@type":"Article","@id":"https:\/\/www.boxrepsol.com\/es\/sin-categorizar\/nuevo-doblete-de-aldeguer-y-victorias-de-kelso-y-zurutuza-en-el-algarve\/#article","isPartOf":{"@id":"https:\/\/www.boxrepsol.com\/es\/sin-categorizar\/nuevo-doblete-de-aldeguer-y-victorias-de-kelso-y-zurutuza-en-el-algarve\/"},"author":{"name":"Redacci\u00f3n Box Repsol","@id":"https:\/\/www.boxrepsol.com\/es\/#\/schema\/person\/c5c2138f2cca251b0ad92b7086bb60b7"},"headline":"Nuevo doblete de Aldeguer y victorias de Kelso y Zurutuza en El Algarve","datePublished":"2021-07-04T02:00:00+00:00","dateModified":"2024-04-12T15:29:33+00:00","mainEntityOfPage":{"@id":"https:\/\/www.boxrepsol.com\/es\/sin-categorizar\/nuevo-doblete-de-aldeguer-y-victorias-de-kelso-y-zurutuza-en-el-algarve\/"},"wordCount":332,"commentCount":0,"publisher":{"@id":"https:\/\/www.boxrepsol.com\/es\/#organization"},"image":{"@id":"https:\/\/www.boxrepsol.com\/es\/sin-categorizar\/nuevo-doblete-de-aldeguer-y-victorias-de-kelso-y-zurutuza-en-el-algarve\/#primaryimage"},"thumbnailUrl":"https:\/\/bxrepsol.s3.eu-west-1.amazonaws.com\/static\/2022\/08\/09132402\/4FIM_M3_5251-1.jpg","keywords":["2021","otros eventos y competiciones"],"articleSection":["Sin categorizar"],"inLanguage":"es","potentialAction":[{"@type":"CommentAction","name":"Comment","target":["https:\/\/www.boxrepsol.com\/es\/sin-categorizar\/nuevo-doblete-de-aldeguer-y-victorias-de-kelso-y-zurutuza-en-el-algarve\/#respond"]}]},{"@type":"WebPage","@id":"https:\/\/www.boxrepsol.com\/es\/sin-categorizar\/nuevo-doblete-de-aldeguer-y-victorias-de-kelso-y-zurutuza-en-el-algarve\/","url":"https:\/\/www.boxrepsol.com\/es\/sin-categorizar\/nuevo-doblete-de-aldeguer-y-victorias-de-kelso-y-zurutuza-en-el-algarve\/","name":"Nuevo doblete de Aldeguer y victorias de Kelso y Zurutuza en El Algarve - Box Repsol","isPartOf":{"@id":"https:\/\/www.boxrepsol.com\/es\/#website"},"primaryImageOfPage":{"@id":"https:\/\/www.boxrepsol.com\/es\/sin-categorizar\/nuevo-doblete-de-aldeguer-y-victorias-de-kelso-y-zurutuza-en-el-algarve\/#primaryimage"},"image":{"@id":"https:\/\/www.boxrepsol.com\/es\/sin-categorizar\/nuevo-doblete-de-aldeguer-y-victorias-de-kelso-y-zurutuza-en-el-algarve\/#primaryimage"},"thumbnailUrl":"https:\/\/bxrepsol.s3.eu-west-1.amazonaws.com\/static\/2022\/08\/09132402\/4FIM_M3_5251-1.jpg","datePublished":"2021-07-04T02:00:00+00:00","dateModified":"2024-04-12T15:29:33+00:00","description":"Xabi Zurutuza se sit\u00faa al frente de la ETC, mientras Ferm\u00edn Aldeguer y Daniel Holgado ampl\u00edan sus lideratos en la cuarta cita del FIM CEV Repsol.","breadcrumb":{"@id":"https:\/\/www.boxrepsol.com\/es\/sin-categorizar\/nuevo-doblete-de-aldeguer-y-victorias-de-kelso-y-zurutuza-en-el-algarve\/#breadcrumb"},"inLanguage":"es","potentialAction":[{"@type":"ReadAction","target":["https:\/\/www.boxrepsol.com\/es\/sin-categorizar\/nuevo-doblete-de-aldeguer-y-victorias-de-kelso-y-zurutuza-en-el-algarve\/"]}]},{"@type":"ImageObject","inLanguage":"es","@id":"https:\/\/www.boxrepsol.com\/es\/sin-categorizar\/nuevo-doblete-de-aldeguer-y-victorias-de-kelso-y-zurutuza-en-el-algarve\/#primaryimage","url":"https:\/\/bxrepsol.s3.eu-west-1.amazonaws.com\/static\/2022\/08\/09132402\/4FIM_M3_5251-1.jpg","contentUrl":"https:\/\/bxrepsol.s3.eu-west-1.amazonaws.com\/static\/2022\/08\/09132402\/4FIM_M3_5251-1.jpg","width":2500,"height":1667},{"@type":"BreadcrumbList","@id":"https:\/\/www.boxrepsol.com\/es\/sin-categorizar\/nuevo-doblete-de-aldeguer-y-victorias-de-kelso-y-zurutuza-en-el-algarve\/#breadcrumb","itemListElement":[{"@type":"ListItem","position":1,"name":"Home","item":"https:\/\/www.boxrepsol.com\/es\/"},{"@type":"ListItem","position":2,"name":"Nuevo doblete de Aldeguer y victorias de Kelso y Zurutuza en El Algarve"}]},{"@type":"WebSite","@id":"https:\/\/www.boxrepsol.com\/es\/#website","url":"https:\/\/www.boxrepsol.com\/es\/","name":"Box Repsol","description":"Box Repsol Site","publisher":{"@id":"https:\/\/www.boxrepsol.com\/es\/#organization"},"potentialAction":[{"@type":"SearchAction","target":{"@type":"EntryPoint","urlTemplate":"https:\/\/www.boxrepsol.com\/es\/?s={search_term_string}"},"query-input":{"@type":"PropertyValueSpecification","valueRequired":true,"valueName":"search_term_string"}}],"inLanguage":"es"},{"@type":"Organization","@id":"https:\/\/www.boxrepsol.com\/es\/#organization","name":"Box Repsol","url":"https:\/\/www.boxrepsol.com\/es\/","logo":{"@type":"ImageObject","inLanguage":"es","@id":"https:\/\/www.boxrepsol.com\/es\/#\/schema\/logo\/image\/","url":"https:\/\/bxrepsol.s3.eu-west-1.amazonaws.com\/static\/2025\/07\/30083337\/favicon-96x96-1.png","contentUrl":"https:\/\/bxrepsol.s3.eu-west-1.amazonaws.com\/static\/2025\/07\/30083337\/favicon-96x96-1.png","width":96,"height":96,"caption":"Box Repsol"},"image":{"@id":"https:\/\/www.boxrepsol.com\/es\/#\/schema\/logo\/image\/"},"sameAs":["https:\/\/www.facebook.com\/BoxRepsol","https:\/\/x.com\/box_repsol","http:\/\/instagram.com\/box_repsol","https:\/\/www.youtube.com\/user\/RepsolCompeticion","https:\/\/www.flickr.com\/photos\/box_repsol\/"]},{"@type":"Person","@id":"https:\/\/www.boxrepsol.com\/es\/#\/schema\/person\/c5c2138f2cca251b0ad92b7086bb60b7","name":"Redacci\u00f3n Box Repsol","image":{"@type":"ImageObject","inLanguage":"es","@id":"https:\/\/secure.gravatar.com\/avatar\/adf7b77e38b4419baf32c7e9c21dde01f4e40df611f0978e3006fc4ba0aaab7e?s=96&d=mm&r=g","url":"https:\/\/secure.gravatar.com\/avatar\/adf7b77e38b4419baf32c7e9c21dde01f4e40df611f0978e3006fc4ba0aaab7e?s=96&d=mm&r=g","contentUrl":"https:\/\/secure.gravatar.com\/avatar\/adf7b77e38b4419baf32c7e9c21dde01f4e40df611f0978e3006fc4ba0aaab7e?s=96&d=mm&r=g","caption":"Redacci\u00f3n Box Repsol"},"description":"Box Repsol lo forma un equipo de periodistas, community managers, dise\u00f1adores y fot\u00f3grafos con m\u00e1s de 20 a\u00f1os de experiencia en el mundo del motorsport. Hemos vivido el primer mundial de un espa\u00f1ol en la categor\u00eda reina de motociclismo con \u00c1lex Crivill\u00e9, estuvimos en las victorias de Pedrosa y los t\u00edtulos de M\u00e1rquez, acompa\u00f1amos en \u00c1frica a Nani Roma y Marc Coma en sus conquistas del Dakar y hemos vibrado con los t\u00edtulos de Toni Bou en Trial. Adem\u00e1s, en nuestro equipo contamos con expertos en el mundo de las dos y cuatro ruedas tanto de la calle y las carreteras, como de los circuitos. Periodistas que han trabajado en revistas y publicaciones para hacerte llegar desde rutas y consejos de mantenimiento, a curiosidades y trucos de pilotaje.","sameAs":["https:\/\/www.facebook.com\/BoxRepsol\/","https:\/\/www.instagram.com\/box_repsol\/","https:\/\/x.com\/https:\/\/twitter.com\/box_repsol","https:\/\/www.youtube.com\/@Boxrepsol"],"url":"https:\/\/www.boxrepsol.com\/es\/author\/redaccion-box-repsol\/"}]}},"_links":{"self":[{"href":"https:\/\/www.boxrepsol.com\/es\/wp-json\/wp\/v2\/posts\/95026","targetHints":{"allow":["GET"]}}],"collection":[{"href":"https:\/\/www.boxrepsol.com\/es\/wp-json\/wp\/v2\/posts"}],"about":[{"href":"https:\/\/www.boxrepsol.com\/es\/wp-json\/wp\/v2\/types\/post"}],"author":[{"embeddable":true,"href":"https:\/\/www.boxrepsol.com\/es\/wp-json\/wp\/v2\/users\/43146"}],"replies":[{"embeddable":true,"href":"https:\/\/www.boxrepsol.com\/es\/wp-json\/wp\/v2\/comments?post=95026"}],"version-history":[{"count":1,"href":"https:\/\/www.boxrepsol.com\/es\/wp-json\/wp\/v2\/posts\/95026\/revisions"}],"predecessor-version":[{"id":114814,"href":"https:\/\/www.boxrepsol.com\/es\/wp-json\/wp\/v2\/posts\/95026\/revisions\/114814"}],"wp:featuredmedia":[{"embeddable":true,"href":"https:\/\/www.boxrepsol.com\/es\/wp-json\/wp\/v2\/media\/43324"}],"wp:attachment":[{"href":"https:\/\/www.boxrepsol.com\/es\/wp-json\/wp\/v2\/media?parent=95026"}],"wp:term":[{"taxonomy":"category","embeddable":true,"href":"https:\/\/www.boxrepsol.com\/es\/wp-json\/wp\/v2\/categories?post=95026"},{"taxonomy":"post_tag","embeddable":true,"href":"https:\/\/www.boxrepsol.com\/es\/wp-json\/wp\/v2\/tags?post=95026"}],"curies":[{"name":"wp","href":"https:\/\/api.w.org\/{rel}","templated":true}]}}