{"id":95019,"date":"2021-06-28T00:00:00","date_gmt":"2021-06-28T02:00:00","guid":{"rendered":"http:\/\/pre.boxrepsol.com\/sin-categorizar\/equipamiento-para-montar-en-moto\/"},"modified":"2025-06-25T07:24:53","modified_gmt":"2025-06-25T09:24:53","slug":"equipamiento-para-montar-en-moto","status":"publish","type":"post","link":"https:\/\/www.boxrepsol.com\/es\/vive-tu-moto\/equipamiento-para-montar-en-moto\/","title":{"rendered":"Equipamiento para montar en moto"},"content":{"rendered":"\n<p>Es importante saber que existen elementos cuyo uso en Espa\u00f1a no es obligatorio, pero en otros pa\u00edses, como en Francia, si lo sea. Antes de realizar cualquier viaje al extranjero, aseg\u00farate de comprobar las normativas de aquellos lugares a donde te dirijas.<\/p>\n\n\n\n<p>Adem\u00e1s, tambi\u00e9n debes saber que en Espa\u00f1a, para realizar los ex\u00e1menes para obtener los diferentes permisos que permiten circular con motocicletas, es obligatorio acudir con casco, chaqueta, pantal\u00f3n, guantes y botas adecuados.<\/p>\n\n\n\n<h2 class=\"wp-block-heading\">Equipamiento b\u00e1sico para moto para disfrutar de tu ruta<\/h2>\n\n\n\n<h3 class=\"wp-block-heading\">El casco<\/h3>\n\n\n\n<p>El elemento fundamental para montar en moto. Jam\u00e1s debemos montar en nuestra moto si no es con el casco puesto, \u00a1y no sirve cualquiera!<\/p>\n\n\n\n<p>Desde hace muchos a\u00f1os, <strong><a href=\"https:\/\/www.boxrepsol.com\/es\/tecnologia\/como-debe-quedar-un-casco\/\" target=\"_blank\" rel=\"noopener\">el casco<\/a> es un elemento obligatorio<\/strong> si vamos a circular con una motocicleta por v\u00edas p\u00fablicas en Espa\u00f1a. Esto lo podemos comprobar en este extracto del reglamento general para la circulaci\u00f3n de veh\u00edculos \u00ab<em>los conductores y pasajeros de motocicletas o motocicletas con sidecar, de veh\u00edculos de tres ruedas y cuadriciclos, de ciclomotores y de veh\u00edculos especiales tipo \u00abquad\u00bb, deber\u00e1n utilizar adecuadamente cascos de protecci\u00f3n homologados o certificados seg\u00fan la legislaci\u00f3n vigente, cuando circulen tanto en v\u00edas urbanas como en interurbanas<\/em>\u201d<\/p>\n\n\n\n<figure class=\"wp-block-image size-large\"><img loading=\"lazy\" decoding=\"async\" width=\"1024\" height=\"640\" src=\"https:\/\/bxrepsol.s3.eu-west-1.amazonaws.com\/static\/2022\/08\/09132322\/motero-1024x640.jpg\" alt=\"\" class=\"wp-image-43286\" srcset=\"https:\/\/bxrepsol.s3.eu-west-1.amazonaws.com\/static\/2022\/08\/09132322\/motero-1024x640.jpg 1024w, https:\/\/bxrepsol.s3.eu-west-1.amazonaws.com\/static\/2022\/08\/09132322\/motero-300x188.jpg 300w, https:\/\/bxrepsol.s3.eu-west-1.amazonaws.com\/static\/2022\/08\/09132322\/motero-768x480.jpg 768w, https:\/\/bxrepsol.s3.eu-west-1.amazonaws.com\/static\/2022\/08\/09132322\/motero.jpg 1280w\" sizes=\"auto, (max-width: 1024px) 100vw, 1024px\" \/><\/figure>\n\n\n\n<p><\/p>\n\n\n\n<p>Sea cual sea tu modelo de casco, este deber\u00e1 contar con la homologaci\u00f3n pertinente. Ojo, que la homologaci\u00f3n puede variar de un pa\u00eds a otro. Para la zona europea la normativa de homologaci\u00f3n v\u00e1lida es la <strong>ECE\/ONU R22<\/strong>. Si tu casco no posee una etiqueta donde se muestre que cumple la homologaci\u00f3n europea, o muestra otra diferente, aunque pueda ser seguro, podr\u00eda suponerte una multa por usar un elemento no homologado para su uso aqu\u00ed.<\/p>\n\n\n\n<p>Dentro de los cascos podemos encontrar tres tipos diferentes. Los jet, los modulares y los <strong>integrales<\/strong>. Adem\u00e1s, el mercado ofrece una variedad de modelos enorme. Los encontramos de diferentes materiales tales como pl\u00e1sticos y fibras, siendo estos \u00faltimos los que mejor resultado ofrecen dada su ligereza extra y buena resistencia.<\/p>\n\n\n\n<p>Es importante tambi\u00e9n contar con un cierre de calidad. En el mercado existen tres tipos: los autom\u00e1ticos, los microm\u00e9tricos y los de doble D. El primero es el menos recomendable, mientras que la mejor opci\u00f3n es el de <strong>doble hebilla o doble D<\/strong>.<\/p>\n\n\n\n<p>Pese a que todos ellos deben pasar las pruebas pertinentes para su homologaci\u00f3n antes de su comercializaci\u00f3n, siempre es m\u00e1s recomendable utilizar un casco integral para contar con la m\u00e1xima protecci\u00f3n.<\/p>\n\n\n\n<p>A la hora de adquirir un casco es, pues, de suma importancia valorar estos factores, adem\u00e1s de otros como el peso total del casco, la facilidad de cambio de la pantalla, o la inclusi\u00f3n de elementos como el pinlock, pantallas solares internas, o posibilidad de una instalaci\u00f3n manos libres.<\/p>\n\n\n\n<figure class=\"wp-block-image size-large is-resized\"><img loading=\"lazy\" decoding=\"async\" width=\"1024\" height=\"576\" src=\"https:\/\/bxrepsol.s3.eu-west-1.amazonaws.com\/static\/2022\/08\/09132323\/casco-1024x576.jpg\" alt=\"\" class=\"wp-image-43288\" style=\"width:768px;height:432px\" srcset=\"https:\/\/bxrepsol.s3.eu-west-1.amazonaws.com\/static\/2022\/08\/09132323\/casco-1024x576.jpg 1024w, https:\/\/bxrepsol.s3.eu-west-1.amazonaws.com\/static\/2022\/08\/09132323\/casco-300x169.jpg 300w, https:\/\/bxrepsol.s3.eu-west-1.amazonaws.com\/static\/2022\/08\/09132323\/casco-768x432.jpg 768w, https:\/\/bxrepsol.s3.eu-west-1.amazonaws.com\/static\/2022\/08\/09132323\/casco.jpg 1280w\" sizes=\"auto, (max-width: 1024px) 100vw, 1024px\" \/><\/figure>\n\n\n\n<p><\/p>\n\n\n\n<p>No hay que olvidar otro de los aspectos fundamentales: \u00a1que el casco nos quede bien! Es importante, al igual que con la ropa, <strong>probarse el casco<\/strong> y asegurarnos de que la talla es la correcta. El casco debe quedar ajustado a la cabeza, sin que se nos mueva.<\/p>\n\n\n\n<p>Y recuerda que si tu casco sufre un impacto en una ca\u00edda, es conveniente sustituirlo, aunque aparente no tener da\u00f1os graves.<\/p>\n\n\n\n<p>Nuestra recomendaci\u00f3n para carretera: casco integral de fibra con cierre de doble D.<\/p>\n\n\n\n<h3 class=\"wp-block-heading\">Guantes para moto<\/h3>\n\n\n\n<p>Pese a que la DGT quiso incluir los <strong><a href=\"https:\/\/www.boxrepsol.com\/es\/cultura-motera\/es-obligatorio-usar-guantes-al-conducir-una-moto\/\" target=\"_blank\" rel=\"noreferrer noopener\">guantes para moto como elemento obligatorio<\/a><\/strong> para 2021, la medida finalmente no se encuentra en el reglamento de circulaci\u00f3n. Esto no quiere decir que debamos montar en nuestra moto sin utilizar unos guantes adecuados ya que, en caso de ca\u00edda, las manos son uno de los elementos que m\u00e1s lesiones suelen sufrir.<\/p>\n\n\n\n<p>Podremos encontrar una variedad de guantes enorme y para todo tipo de climatolog\u00eda, desde guantes frescos para circular en verano hasta guantes con diferentes membranas y tejidos para llevar las manos calientes y secas con los <a href=\"https:\/\/www.boxrepsol.com\/es\/tecnologia\/todo-sobre-los-guantes-calefactables\/\">guantes calefactables<\/a> en invierno o con mala climatolog\u00eda.<\/p>\n\n\n\n<figure class=\"wp-block-image size-large is-resized\"><img loading=\"lazy\" decoding=\"async\" width=\"1024\" height=\"576\" src=\"https:\/\/bxrepsol.s3.eu-west-1.amazonaws.com\/static\/2022\/08\/09132324\/guantes-1024x576.jpg\" alt=\"\" class=\"wp-image-43290\" style=\"width:768px;height:432px\" srcset=\"https:\/\/bxrepsol.s3.eu-west-1.amazonaws.com\/static\/2022\/08\/09132324\/guantes-1024x576.jpg 1024w, https:\/\/bxrepsol.s3.eu-west-1.amazonaws.com\/static\/2022\/08\/09132324\/guantes-300x169.jpg 300w, https:\/\/bxrepsol.s3.eu-west-1.amazonaws.com\/static\/2022\/08\/09132324\/guantes-768x432.jpg 768w, https:\/\/bxrepsol.s3.eu-west-1.amazonaws.com\/static\/2022\/08\/09132324\/guantes.jpg 1280w\" sizes=\"auto, (max-width: 1024px) 100vw, 1024px\" \/><\/figure>\n\n\n\n<p><\/p>\n\n\n\n<p>Al igual que los cascos, los guantes pueden contar con diferentes homologaciones, que indicar\u00e1n el tipo de protecci\u00f3n para el que est\u00e1 comprobado ese guante en concreto.<br>La recomendaci\u00f3n es <strong>buscar siempre la m\u00e1xima protecci\u00f3n<\/strong>, y si vamos a viajar al extranjero, comprobar que cumplan con la homologaci\u00f3n m\u00ednima requerida.<\/p>\n\n\n\n<p>La selecci\u00f3n del guante depender\u00e1 tambi\u00e9n del uso que vayamos a darle y de nuestras preferencias. \u00bfBuscamos un guante para ciudad? \u00bfPara circuito? \u00bfPara viajar? Las opciones son enormes, pero siempre hay que tener en cuenta que posibilidades nos ofrecer\u00e1 cada guante.<\/p>\n\n\n\n<p>Protecciones en los nudillos, mu\u00f1ecas y deslizaderas en la palma son los elementos m\u00e1s interesantes para asegurarnos la salud de nuestras manos. Elementos extra como protecci\u00f3n adicional para los dedos, compatibilidad con pantallas t\u00e1ctiles, o limpia viseras integrado, siempre ser\u00e1n de agradecer.<\/p>\n\n\n\n<p>Luego tendremos que considerar el tipo de guante que m\u00e1s se adec\u00fae a nuestra necesidad. Ca\u00f1a larga o corta, <a href=\"https:\/\/www.boxrepsol.com\/es\/cultura-motera\/los-mejores-guantes-de-verano-para-moto\/\">guantes para verano<\/a> o para invierno, impermeables o incluso calefactables. La variedad es enorme.<\/p>\n\n\n\n<p><\/p>\n\n\n\n<p>Antes de comprarlos, pru\u00e9batelos. Pese a las tablas de tallas, nunca hay que fiarse de las medidas o del ajuste a nuestras manos. Prob\u00e1ndotelos te asegurar\u00e1s elegir el m\u00e1s c\u00f3modo para ti.<\/p>\n\n\n\n<p>Nuestra recomendaci\u00f3n para carretera: dos parejas de guantes de ca\u00f1a alta, unos frescos para verano y otros con membranas t\u00e9rmicas e impermeables para invierno. En ambos casos con refuerzos en los nudillos, dedos, y con deslizaderas r\u00edgidas en la palma y que permitan un buen ajuste y protecci\u00f3n de la mu\u00f1eca.<\/p>\n\n\n\n<h3 class=\"wp-block-heading\">Chaquetas para moto<\/h3>\n\n\n\n<p>Las <a href=\"https:\/\/www.boxrepsol.com\/es\/vive-tu-moto\/por-que-deberias-usar-una-chaqueta-de-verano-para-moto\/\"><strong>chaquetas para moto<\/strong><\/a> son otro de los elementos fundamentales que siempre deben acompa\u00f1arnos en nuestros desplazamientos.<\/p>\n\n\n\n<p>Por mucho calor que haga, la idea de ir en manga corta en una moto, por corto que sea el trayecto, no es nada buena. Una ca\u00edda a baja velocidad nos ocasionar\u00e1, en el mejor de los casos, diversas contusiones y rozaduras con el asfalto.<\/p>\n\n\n\n<p>Al igual que con el resto de elementos, el mercado dispone de un amplio surtido de chaquetas para moto de todo tipo: ciudad, carretera, circuito, verano, invierno, o todo tiempo.<\/p>\n\n\n\n<figure class=\"wp-block-image size-large is-resized\"><img loading=\"lazy\" decoding=\"async\" width=\"1024\" height=\"576\" src=\"https:\/\/bxrepsol.s3.eu-west-1.amazonaws.com\/static\/2022\/08\/09132326\/equipandose-1024x576.jpg\" alt=\"Moteros prepar\u00e1ndose con equipamiento para ir en moto\" class=\"wp-image-43294\" style=\"width:768px;height:432px\" srcset=\"https:\/\/bxrepsol.s3.eu-west-1.amazonaws.com\/static\/2022\/08\/09132326\/equipandose-1024x576.jpg 1024w, https:\/\/bxrepsol.s3.eu-west-1.amazonaws.com\/static\/2022\/08\/09132326\/equipandose-300x169.jpg 300w, https:\/\/bxrepsol.s3.eu-west-1.amazonaws.com\/static\/2022\/08\/09132326\/equipandose-768x432.jpg 768w, https:\/\/bxrepsol.s3.eu-west-1.amazonaws.com\/static\/2022\/08\/09132326\/equipandose.jpg 1280w\" sizes=\"auto, (max-width: 1024px) 100vw, 1024px\" \/><\/figure>\n\n\n\n<p><\/p>\n\n\n\n<p>A la hora de seleccionar nuestra chaqueta, conviene comprobar el tipo de protecci\u00f3n que esta ofrecer\u00e1, as\u00ed como otros elementos que nos lleven a decantarnos por la mejor opci\u00f3n.<\/p>\n\n\n\n<p>Es fundamental que cuente con <strong>protecciones en codos, hombros y espalda<\/strong>, as\u00ed como con elementos reflectantes para cuando circulemos en condiciones de mala visibilidad. Muchas chaquetas para moto permiten adem\u00e1s a\u00f1adir <a href=\"https:\/\/www.boxrepsol.com\/es\/vive-tu-moto\/espaldera-en-moto-por-que-es-importante-llevarla\/\" target=\"_blank\" rel=\"noreferrer noopener\">espalderas<\/a> m\u00e1s grandes, aumentando notablemente nuestra seguridad en caso de impacto.<\/p>\n\n\n\n<p>Adem\u00e1s, el material con el que est\u00e9n fabricadas debe ser resistente a la abrasi\u00f3n, como la cordura, el cuerpo, el kevlar u otros elementos sint\u00e9ticos especialmente desarrollados para ello.<\/p>\n\n\n\n<p>Existen chaquetas modulares para usarlas durante las cuatro estaciones del a\u00f1o, ya que suelen disponer de diferentes membranas extra\u00edbles.<\/p>\n\n\n\n<p>A la hora de comprarla, y al Igual que con el resto de elementos, es importante que la chaqueta nos quede bien de talla, sobre todo para que las protecciones est\u00e9n situadas en su lugar correcto. Por suerte, muchas chaquetas traen correas para un ajuste adicional que nos permitan lograr el encaje perfecto. Hay que mirar tambi\u00e9n qu\u00e9 opciones incorporan, como ventilaci\u00f3n, huecos para protecciones extra, bolsillos o compartimentos para llevar plegadas las membranas extra.<\/p>\n\n\n\n<figure class=\"wp-block-image size-large is-resized\"><img loading=\"lazy\" decoding=\"async\" width=\"1024\" height=\"480\" src=\"https:\/\/bxrepsol.s3.eu-west-1.amazonaws.com\/static\/2022\/08\/09132321\/portada4-1024x480.jpg\" alt=\"\" class=\"wp-image-43284\" style=\"width:768px;height:360px\" srcset=\"https:\/\/bxrepsol.s3.eu-west-1.amazonaws.com\/static\/2022\/08\/09132321\/portada4-1024x480.jpg 1024w, https:\/\/bxrepsol.s3.eu-west-1.amazonaws.com\/static\/2022\/08\/09132321\/portada4-300x141.jpg 300w, https:\/\/bxrepsol.s3.eu-west-1.amazonaws.com\/static\/2022\/08\/09132321\/portada4-768x360.jpg 768w, https:\/\/bxrepsol.s3.eu-west-1.amazonaws.com\/static\/2022\/08\/09132321\/portada4.jpg 1280w\" sizes=\"auto, (max-width: 1024px) 100vw, 1024px\" \/><\/figure>\n\n\n\n<p><\/p>\n\n\n\n<p>Con todos estos puntos claros, la elecci\u00f3n terminar\u00e1 por definirse con base en el material de confecci\u00f3n que m\u00e1s nos guste y el dise\u00f1o de este. En este campo, podremos encontrar muchos tipos, algunos incluso similares a las chaquetas de calle.<\/p>\n\n\n\n<p>Nuestra recomendaci\u00f3n para carretera: una chaqueta modular con protecciones homologadas para codos, hombros y con espaldera completa y de color llamativo.<\/p>\n\n\n\n<h3 class=\"wp-block-heading\">Pantalones para moto<\/h3>\n\n\n\n<p>Los <strong>pantalones para moto<\/strong> complementar\u00e1n a la chaqueta en la protecci\u00f3n de nuestro cuerpo si nos vemos abocados a una ca\u00edda. La parte inferior del cuerpo es una de las que m\u00e1s sufre en una ca\u00edda con arrastre, por lo que es fundamental que la protejamos correctamente.<\/p>\n\n\n\n<p>Ir en pantal\u00f3n corto, en ch\u00e1ndal o incluso con un vaquero mientras circulamos en moto apenas nos otorgar\u00e1 protecci\u00f3n, por lo que conviene adquirir un pantal\u00f3n adecuado, sobre todo para desplazamientos por carretera, donde se alcanzan mayores velocidades.<\/p>\n\n\n\n<figure class=\"wp-block-image size-large is-resized\"><img loading=\"lazy\" decoding=\"async\" width=\"1024\" height=\"576\" src=\"https:\/\/bxrepsol.s3.eu-west-1.amazonaws.com\/static\/2022\/08\/09132329\/offorad-1024x576.jpg\" alt=\"\" class=\"wp-image-43298\" style=\"width:768px;height:432px\" srcset=\"https:\/\/bxrepsol.s3.eu-west-1.amazonaws.com\/static\/2022\/08\/09132329\/offorad-1024x576.jpg 1024w, https:\/\/bxrepsol.s3.eu-west-1.amazonaws.com\/static\/2022\/08\/09132329\/offorad-300x169.jpg 300w, https:\/\/bxrepsol.s3.eu-west-1.amazonaws.com\/static\/2022\/08\/09132329\/offorad-768x432.jpg 768w, https:\/\/bxrepsol.s3.eu-west-1.amazonaws.com\/static\/2022\/08\/09132329\/offorad.jpg 1280w\" sizes=\"auto, (max-width: 1024px) 100vw, 1024px\" \/><\/figure>\n\n\n\n<p><\/p>\n\n\n\n<p>Al igual que las chaquetas, los pantalones para moto deben estar realizados de material resistente a la abrasi\u00f3n y contar con protecciones o refuerzos en la zona de la rodilla y espinilla. Adem\u00e1s, existen tambi\u00e9n opciones para su uso por temporadas, y algunos modelos modulares que podremos usar todo el a\u00f1o extrayendo las membranas que no nos sean necesarias.<\/p>\n\n\n\n<p>Dependiendo del modelo que elijamos, se le podr\u00e1n incorporar protecciones extra o contar\u00e1n con elementos como aperturas de ventilaci\u00f3n o bolsillos.<\/p>\n\n\n\n<p>Tal y como pasa con las chaquetas, existen pantalones con dise\u00f1os de lo m\u00e1s variados, encontrando incluso modelos similares a vaqueros.<\/p>\n\n\n\n<p>Nuestra recomendaci\u00f3n para carretera: pantalones modulares de cordura.<\/p>\n\n\n\n<h3 class=\"wp-block-heading\">Calzado o botas para moto<\/h3>\n\n\n\n<p>El <a href=\"https:\/\/www.boxrepsol.com\/es\/vive-tu-moto\/elegir-tus-botas-montar-moto\/\" target=\"_blank\" rel=\"noopener\"><strong>calzado o las botas para moto<\/strong><\/a> son otro de los elementos a los que hay que prestar atenci\u00f3n.<\/p>\n\n\n\n<p>A la hora de adquirir calzado para moto, seguiremos las mismas directrices que para el resto de los elementos. Debe quedarnos bien de talla y estar realizado en materiales resistentes. Adem\u00e1s, deber\u00e1n contar con la mayor protecci\u00f3n posible. Refuerzos en tobillos, empeine y puntera son muy recomendables, y si adem\u00e1s son de ca\u00f1a alta, con protecci\u00f3n en la espinilla para complementar a la del pantal\u00f3n, mejor a\u00fan.<\/p>\n\n\n\n<figure class=\"wp-block-image size-large is-resized\"><img loading=\"lazy\" decoding=\"async\" width=\"1024\" height=\"576\" src=\"https:\/\/bxrepsol.s3.eu-west-1.amazonaws.com\/static\/2022\/08\/09132330\/botas-1024x576.jpg\" alt=\"\" class=\"wp-image-43300\" style=\"width:768px;height:432px\" srcset=\"https:\/\/bxrepsol.s3.eu-west-1.amazonaws.com\/static\/2022\/08\/09132330\/botas-1024x576.jpg 1024w, https:\/\/bxrepsol.s3.eu-west-1.amazonaws.com\/static\/2022\/08\/09132330\/botas-300x169.jpg 300w, https:\/\/bxrepsol.s3.eu-west-1.amazonaws.com\/static\/2022\/08\/09132330\/botas-768x432.jpg 768w, https:\/\/bxrepsol.s3.eu-west-1.amazonaws.com\/static\/2022\/08\/09132330\/botas.jpg 1280w\" sizes=\"auto, (max-width: 1024px) 100vw, 1024px\" \/><\/figure>\n\n\n\n<p><\/p>\n\n\n\n<p>En general, la selecci\u00f3n de nuestro calzado depender\u00e1 del uso que vayamos a darle. La comodidad de la bota es algo b\u00e1sico, y no es lo mismo hacer una ruta de dos horas con una bota para turismo que una para circuito. Nuestros pies agradecer\u00e1n una elecci\u00f3n adecuada.<\/p>\n\n\n\n<p>Otros dos elementos a los que hay que prestar atenci\u00f3n son la suela, que debe ser anti resbalones y resistente a productos como la gasolina, y el sistema de cierre, ya sea por cordones, cremalleras o mediante ajuste r\u00e1pido, en todos los casos lo importante es que nos permita un ajuste perfecto.<\/p>\n\n\n\n<p>Nuestra recomendaci\u00f3n para carretera: botas de ca\u00f1a media o alta.<\/p>\n\n\n\n<h3 class=\"wp-block-heading\">Otros equipamientos de seguridad para andar en moto<\/h3>\n\n\n\n<p>Como alternativa a la chaqueta y pantal\u00f3n podemos <strong>utilizar un mono<\/strong>, al igual que hacen los <a href=\"https:\/\/www.boxrepsol.com\/es\/motogp\/6-curiosidades-del-mono-competicion-marc-marquez\/\">pilotos de MotoGP<\/a>. Al ser una prenda de una sola pieza, su integridad y protecci\u00f3n siempre ser\u00e1 mayor, adem\u00e1s de que suelen contar con mayores protecciones. La comodidad, eso s\u00ed, puede ser un poco inferior.<\/p>\n\n\n\n<p>En moto es muy importante asegurarnos de que el resto de usuarios de la v\u00eda por la que circulamos nos vean correctamente. No est\u00e1 de m\u00e1s llevar un <strong>chaleco reflectante<\/strong> sobre nuestra chaqueta, o que esta sea de colores llamativos.<\/p>\n\n\n\n<p>Esto incrementar\u00e1 las posibilidades de que nos vean, sobre todo en <a href=\"https:\/\/www.boxrepsol.com\/es\/vive-tu-moto\/pilotar-tu-moto-con-viento-lluvia-nieve\/\">condiciones de baja luminosidad<\/a>.<\/p>\n\n\n\n<figure class=\"wp-block-image size-large is-resized\"><img loading=\"lazy\" decoding=\"async\" width=\"1024\" height=\"576\" src=\"https:\/\/bxrepsol.s3.eu-west-1.amazonaws.com\/static\/2022\/08\/09132331\/chaleco-1-1024x576.jpg\" alt=\"Motero con chaleco reflectante\" class=\"wp-image-43302\" style=\"width:768px;height:432px\" srcset=\"https:\/\/bxrepsol.s3.eu-west-1.amazonaws.com\/static\/2022\/08\/09132331\/chaleco-1-1024x576.jpg 1024w, https:\/\/bxrepsol.s3.eu-west-1.amazonaws.com\/static\/2022\/08\/09132331\/chaleco-1-300x169.jpg 300w, https:\/\/bxrepsol.s3.eu-west-1.amazonaws.com\/static\/2022\/08\/09132331\/chaleco-1-768x432.jpg 768w, https:\/\/bxrepsol.s3.eu-west-1.amazonaws.com\/static\/2022\/08\/09132331\/chaleco-1.jpg 1280w\" sizes=\"auto, (max-width: 1024px) 100vw, 1024px\" \/><\/figure>\n\n\n\n<p><\/p>\n\n\n\n<p>Los <a href=\"https:\/\/www.boxrepsol.com\/es\/tecnologia\/airbag-moto-elemento-clave-la-seguridad\/\" target=\"_blank\" rel=\"noopener\"><strong>airbags para moto<\/strong><\/a> cada vez est\u00e1n m\u00e1s extendidos, y se ha llegado a hablar de su posible obligatoriedad para circular por carretera, aunque de momento es solo una idea.<br>Pese a su alto precio y ligero engorro, el airbag para chaquetas o monos puede suponer una gran diferencia en la gravedad de las lesiones que podamos sufrir en caso de un percance, por lo que si realizas trayectos en moto de forma habitual, ser\u00eda una buena adquisici\u00f3n.<\/p>\n\n\n\n<p>Adem\u00e1s, motos como la <a href=\"https:\/\/www.boxrepsol.com\/es\/tecnologia\/honda-gold-wing-2020-tecnologia-motogp\/\">Honda Gold Wing <\/a>pueden llevan equipado un sistema de airbag frontal que elevar\u00e1 a otro nivel la protecci\u00f3n en caso de impacto frontal.<\/p>\n\n\n\n<p>Como recomendaci\u00f3n general, <strong>adquiere el equipamiento que mejor se vaya a ajustar a tu uso real de la moto<\/strong>. No es lo mismo realizar a diario trayectos urbanos para los que podremos adquirir ropa de un estilo m\u00e1s casual, que realizar trayectos por autopista o salir de ruta todos los fines de semana, donde lo ideal ser\u00eda una equipaci\u00f3n m\u00e1s turismo, o irnos a realizar enduro o tandas de circuito, donde la protecci\u00f3n extra del equipamiento espec\u00edfico nos ayudar\u00e1 en caso de irnos al suelo.<\/p>\n\n\n\n<p>Nuestra seguridad es primordial, y es mejor no escatimar en el precio de todos estos equipamientos. Aunque circulemos seguros, nunca se sabe cu\u00e1ndo puede ocurrir un percance, y contar con todos estos elementos nos asegurar\u00e1 la m\u00e1xima protecci\u00f3n posible.<\/p>\n\n\n\n<p>Adem\u00e1s, hoy en d\u00eda es posible encontrar dise\u00f1os de todo tipo para cada uno de los elementos mencionados, por lo que podr\u00e1s destacar a tu manera si as\u00ed lo deseas.<\/p>\n\n\n\n<figure class=\"wp-block-image size-large is-resized\"><img loading=\"lazy\" decoding=\"async\" width=\"1024\" height=\"576\" src=\"https:\/\/bxrepsol.s3.eu-west-1.amazonaws.com\/static\/2022\/08\/09132332\/no-pases-frio-en-moto-3-1024x576.jpg\" alt=\"guantes para ir en moto en invierno\" class=\"wp-image-43304\" style=\"width:768px;height:432px\" srcset=\"https:\/\/bxrepsol.s3.eu-west-1.amazonaws.com\/static\/2022\/08\/09132332\/no-pases-frio-en-moto-3-1024x576.jpg 1024w, https:\/\/bxrepsol.s3.eu-west-1.amazonaws.com\/static\/2022\/08\/09132332\/no-pases-frio-en-moto-3-300x169.jpg 300w, https:\/\/bxrepsol.s3.eu-west-1.amazonaws.com\/static\/2022\/08\/09132332\/no-pases-frio-en-moto-3-768x432.jpg 768w, https:\/\/bxrepsol.s3.eu-west-1.amazonaws.com\/static\/2022\/08\/09132332\/no-pases-frio-en-moto-3.jpg 1280w\" sizes=\"auto, (max-width: 1024px) 100vw, 1024px\" \/><\/figure>\n\n\n\n<p><\/p>\n","protected":false},"excerpt":{"rendered":"<p>Montar en moto es una actividad que nos encanta pero, al contrario que en los coches, nuestros cuerpos est\u00e1n expuestos a muchos m\u00e1s peligros en el caso de un golpe o de una ca\u00edda. Te contamos qu\u00e9 tipo de equipamiento es el imprescindible para montar en moto, as\u00ed como la normativa que debe cumplir.<\/p>\n","protected":false},"author":43146,"featured_media":43282,"comment_status":"open","ping_status":"open","sticky":false,"template":"","format":"standard","meta":{"footnotes":""},"categories":[122],"tags":[585,123,131,124,125],"class_list":["post-95019","post","type-post","status-publish","format-standard","hentry","category-vive-tu-moto","tag-conduccion","tag-consejos-moteros","tag-equipacion-y-accesorios-moto","tag-moteros","tag-vida-motera"],"yoast_head":"<!-- This site is optimized with the Yoast SEO plugin v27.3 - https:\/\/yoast.com\/product\/yoast-seo-wordpress\/ -->\n<title>Equipamiento para montar en moto - Box Repsol<\/title>\n<meta name=\"description\" content=\"Montar en moto es una actividad que nos encanta. Te contamos qu\u00e9 tipo de equipamiento es el imprescindible para montar en moto.\" \/>\n<link rel=\"canonical\" href=\"https:\/\/www.boxrepsol.com\/es\/vive-tu-moto\/equipamiento-para-montar-en-moto\/\" \/>\n<meta property=\"og:locale\" content=\"es_ES\" \/>\n<meta property=\"og:type\" content=\"article\" \/>\n<meta property=\"og:title\" content=\"Equipamiento para montar en moto - Box Repsol\" \/>\n<meta property=\"og:description\" content=\"Montar en moto es una actividad que nos encanta. Te contamos qu\u00e9 tipo de equipamiento es el imprescindible para montar en moto.\" \/>\n<meta property=\"og:url\" content=\"https:\/\/www.boxrepsol.com\/es\/vive-tu-moto\/equipamiento-para-montar-en-moto\/\" \/>\n<meta property=\"og:site_name\" content=\"Box Repsol\" \/>\n<meta property=\"article:publisher\" content=\"https:\/\/www.facebook.com\/BoxRepsol\" \/>\n<meta property=\"article:author\" content=\"https:\/\/www.facebook.com\/BoxRepsol\/\" \/>\n<meta property=\"article:published_time\" content=\"2021-06-28T02:00:00+00:00\" \/>\n<meta property=\"article:modified_time\" content=\"2025-06-25T09:24:53+00:00\" \/>\n<meta property=\"og:image\" content=\"https:\/\/bxrepsol.s3.eu-west-1.amazonaws.com\/static\/2022\/08\/09132320\/equipamiento-para-montar-en-moto-2.jpg\" \/>\n\t<meta property=\"og:image:width\" content=\"1280\" \/>\n\t<meta property=\"og:image:height\" content=\"600\" \/>\n\t<meta property=\"og:image:type\" content=\"image\/jpeg\" \/>\n<meta name=\"author\" content=\"Redacci\u00f3n Box Repsol\" \/>\n<meta name=\"twitter:card\" content=\"summary_large_image\" \/>\n<meta name=\"twitter:creator\" content=\"@https:\/\/twitter.com\/box_repsol\" \/>\n<meta name=\"twitter:site\" content=\"@box_repsol\" \/>\n<meta name=\"twitter:label1\" content=\"Written by\" \/>\n\t<meta name=\"twitter:data1\" content=\"Redacci\u00f3n Box Repsol\" \/>\n\t<meta name=\"twitter:label2\" content=\"Est. reading time\" \/>\n\t<meta name=\"twitter:data2\" content=\"11 minutos\" \/>\n<script type=\"application\/ld+json\" class=\"yoast-schema-graph\">{\"@context\":\"https:\\\/\\\/schema.org\",\"@graph\":[{\"@type\":\"Article\",\"@id\":\"https:\\\/\\\/www.boxrepsol.com\\\/es\\\/vive-tu-moto\\\/equipamiento-para-montar-en-moto\\\/#article\",\"isPartOf\":{\"@id\":\"https:\\\/\\\/www.boxrepsol.com\\\/es\\\/vive-tu-moto\\\/equipamiento-para-montar-en-moto\\\/\"},\"author\":{\"name\":\"Redacci\u00f3n Box Repsol\",\"@id\":\"https:\\\/\\\/www.boxrepsol.com\\\/es\\\/#\\\/schema\\\/person\\\/c5c2138f2cca251b0ad92b7086bb60b7\"},\"headline\":\"Equipamiento para montar en moto\",\"datePublished\":\"2021-06-28T02:00:00+00:00\",\"dateModified\":\"2025-06-25T09:24:53+00:00\",\"mainEntityOfPage\":{\"@id\":\"https:\\\/\\\/www.boxrepsol.com\\\/es\\\/vive-tu-moto\\\/equipamiento-para-montar-en-moto\\\/\"},\"wordCount\":2169,\"commentCount\":0,\"publisher\":{\"@id\":\"https:\\\/\\\/www.boxrepsol.com\\\/es\\\/#organization\"},\"image\":{\"@id\":\"https:\\\/\\\/www.boxrepsol.com\\\/es\\\/vive-tu-moto\\\/equipamiento-para-montar-en-moto\\\/#primaryimage\"},\"thumbnailUrl\":\"https:\\\/\\\/bxrepsol.s3.eu-west-1.amazonaws.com\\\/static\\\/2022\\\/08\\\/09132320\\\/equipamiento-para-montar-en-moto-2.jpg\",\"keywords\":[\"conducci\u00f3n\",\"consejos moteros\",\"equipaci\u00f3n y accesorios moto\",\"moteros\",\"vida motera\"],\"articleSection\":[\"Vive tu moto\"],\"inLanguage\":\"es\",\"potentialAction\":[{\"@type\":\"CommentAction\",\"name\":\"Comment\",\"target\":[\"https:\\\/\\\/www.boxrepsol.com\\\/es\\\/vive-tu-moto\\\/equipamiento-para-montar-en-moto\\\/#respond\"]}]},{\"@type\":\"WebPage\",\"@id\":\"https:\\\/\\\/www.boxrepsol.com\\\/es\\\/vive-tu-moto\\\/equipamiento-para-montar-en-moto\\\/\",\"url\":\"https:\\\/\\\/www.boxrepsol.com\\\/es\\\/vive-tu-moto\\\/equipamiento-para-montar-en-moto\\\/\",\"name\":\"Equipamiento para montar en moto - Box Repsol\",\"isPartOf\":{\"@id\":\"https:\\\/\\\/www.boxrepsol.com\\\/es\\\/#website\"},\"primaryImageOfPage\":{\"@id\":\"https:\\\/\\\/www.boxrepsol.com\\\/es\\\/vive-tu-moto\\\/equipamiento-para-montar-en-moto\\\/#primaryimage\"},\"image\":{\"@id\":\"https:\\\/\\\/www.boxrepsol.com\\\/es\\\/vive-tu-moto\\\/equipamiento-para-montar-en-moto\\\/#primaryimage\"},\"thumbnailUrl\":\"https:\\\/\\\/bxrepsol.s3.eu-west-1.amazonaws.com\\\/static\\\/2022\\\/08\\\/09132320\\\/equipamiento-para-montar-en-moto-2.jpg\",\"datePublished\":\"2021-06-28T02:00:00+00:00\",\"dateModified\":\"2025-06-25T09:24:53+00:00\",\"description\":\"Montar en moto es una actividad que nos encanta. Te contamos qu\u00e9 tipo de equipamiento es el imprescindible para montar en moto.\",\"breadcrumb\":{\"@id\":\"https:\\\/\\\/www.boxrepsol.com\\\/es\\\/vive-tu-moto\\\/equipamiento-para-montar-en-moto\\\/#breadcrumb\"},\"inLanguage\":\"es\",\"potentialAction\":[{\"@type\":\"ReadAction\",\"target\":[\"https:\\\/\\\/www.boxrepsol.com\\\/es\\\/vive-tu-moto\\\/equipamiento-para-montar-en-moto\\\/\"]}]},{\"@type\":\"ImageObject\",\"inLanguage\":\"es\",\"@id\":\"https:\\\/\\\/www.boxrepsol.com\\\/es\\\/vive-tu-moto\\\/equipamiento-para-montar-en-moto\\\/#primaryimage\",\"url\":\"https:\\\/\\\/bxrepsol.s3.eu-west-1.amazonaws.com\\\/static\\\/2022\\\/08\\\/09132320\\\/equipamiento-para-montar-en-moto-2.jpg\",\"contentUrl\":\"https:\\\/\\\/bxrepsol.s3.eu-west-1.amazonaws.com\\\/static\\\/2022\\\/08\\\/09132320\\\/equipamiento-para-montar-en-moto-2.jpg\",\"width\":1280,\"height\":600,\"caption\":\"motero con equipamiento para montar en moto\"},{\"@type\":\"BreadcrumbList\",\"@id\":\"https:\\\/\\\/www.boxrepsol.com\\\/es\\\/vive-tu-moto\\\/equipamiento-para-montar-en-moto\\\/#breadcrumb\",\"itemListElement\":[{\"@type\":\"ListItem\",\"position\":1,\"name\":\"Home\",\"item\":\"https:\\\/\\\/www.boxrepsol.com\\\/es\\\/\"},{\"@type\":\"ListItem\",\"position\":2,\"name\":\"Equipamiento para montar en moto\"}]},{\"@type\":\"WebSite\",\"@id\":\"https:\\\/\\\/www.boxrepsol.com\\\/es\\\/#website\",\"url\":\"https:\\\/\\\/www.boxrepsol.com\\\/es\\\/\",\"name\":\"Box Repsol\",\"description\":\"Box Repsol Site\",\"publisher\":{\"@id\":\"https:\\\/\\\/www.boxrepsol.com\\\/es\\\/#organization\"},\"potentialAction\":[{\"@type\":\"SearchAction\",\"target\":{\"@type\":\"EntryPoint\",\"urlTemplate\":\"https:\\\/\\\/www.boxrepsol.com\\\/es\\\/?s={search_term_string}\"},\"query-input\":{\"@type\":\"PropertyValueSpecification\",\"valueRequired\":true,\"valueName\":\"search_term_string\"}}],\"inLanguage\":\"es\"},{\"@type\":\"Organization\",\"@id\":\"https:\\\/\\\/www.boxrepsol.com\\\/es\\\/#organization\",\"name\":\"Box Repsol\",\"url\":\"https:\\\/\\\/www.boxrepsol.com\\\/es\\\/\",\"logo\":{\"@type\":\"ImageObject\",\"inLanguage\":\"es\",\"@id\":\"https:\\\/\\\/www.boxrepsol.com\\\/es\\\/#\\\/schema\\\/logo\\\/image\\\/\",\"url\":\"https:\\\/\\\/bxrepsol.s3.eu-west-1.amazonaws.com\\\/static\\\/2025\\\/07\\\/30083337\\\/favicon-96x96-1.png\",\"contentUrl\":\"https:\\\/\\\/bxrepsol.s3.eu-west-1.amazonaws.com\\\/static\\\/2025\\\/07\\\/30083337\\\/favicon-96x96-1.png\",\"width\":96,\"height\":96,\"caption\":\"Box Repsol\"},\"image\":{\"@id\":\"https:\\\/\\\/www.boxrepsol.com\\\/es\\\/#\\\/schema\\\/logo\\\/image\\\/\"},\"sameAs\":[\"https:\\\/\\\/www.facebook.com\\\/BoxRepsol\",\"https:\\\/\\\/x.com\\\/box_repsol\",\"http:\\\/\\\/instagram.com\\\/box_repsol\",\"https:\\\/\\\/www.youtube.com\\\/user\\\/RepsolCompeticion\",\"https:\\\/\\\/www.flickr.com\\\/photos\\\/box_repsol\\\/\"]},{\"@type\":\"Person\",\"@id\":\"https:\\\/\\\/www.boxrepsol.com\\\/es\\\/#\\\/schema\\\/person\\\/c5c2138f2cca251b0ad92b7086bb60b7\",\"name\":\"Redacci\u00f3n Box Repsol\",\"image\":{\"@type\":\"ImageObject\",\"inLanguage\":\"es\",\"@id\":\"https:\\\/\\\/secure.gravatar.com\\\/avatar\\\/adf7b77e38b4419baf32c7e9c21dde01f4e40df611f0978e3006fc4ba0aaab7e?s=96&d=mm&r=g\",\"url\":\"https:\\\/\\\/secure.gravatar.com\\\/avatar\\\/adf7b77e38b4419baf32c7e9c21dde01f4e40df611f0978e3006fc4ba0aaab7e?s=96&d=mm&r=g\",\"contentUrl\":\"https:\\\/\\\/secure.gravatar.com\\\/avatar\\\/adf7b77e38b4419baf32c7e9c21dde01f4e40df611f0978e3006fc4ba0aaab7e?s=96&d=mm&r=g\",\"caption\":\"Redacci\u00f3n Box Repsol\"},\"description\":\"Box Repsol lo forma un equipo de periodistas, community managers, dise\u00f1adores y fot\u00f3grafos con m\u00e1s de 20 a\u00f1os de experiencia en el mundo del motorsport. Hemos vivido el primer mundial de un espa\u00f1ol en la categor\u00eda reina de motociclismo con \u00c1lex Crivill\u00e9, estuvimos en las victorias de Pedrosa y los t\u00edtulos de M\u00e1rquez, acompa\u00f1amos en \u00c1frica a Nani Roma y Marc Coma en sus conquistas del Dakar y hemos vibrado con los t\u00edtulos de Toni Bou en Trial. Adem\u00e1s, en nuestro equipo contamos con expertos en el mundo de las dos y cuatro ruedas tanto de la calle y las carreteras, como de los circuitos. Periodistas que han trabajado en revistas y publicaciones para hacerte llegar desde rutas y consejos de mantenimiento, a curiosidades y trucos de pilotaje.\",\"sameAs\":[\"https:\\\/\\\/www.facebook.com\\\/BoxRepsol\\\/\",\"https:\\\/\\\/www.instagram.com\\\/box_repsol\\\/\",\"https:\\\/\\\/x.com\\\/https:\\\/\\\/twitter.com\\\/box_repsol\",\"https:\\\/\\\/www.youtube.com\\\/@Boxrepsol\"],\"url\":\"https:\\\/\\\/www.boxrepsol.com\\\/es\\\/author\\\/redaccion-box-repsol\\\/\"}]}<\/script>\n<!-- \/ Yoast SEO plugin. -->","yoast_head_json":{"title":"Equipamiento para montar en moto - Box Repsol","description":"Montar en moto es una actividad que nos encanta. Te contamos qu\u00e9 tipo de equipamiento es el imprescindible para montar en moto.","canonical":"https:\/\/www.boxrepsol.com\/es\/vive-tu-moto\/equipamiento-para-montar-en-moto\/","og_locale":"es_ES","og_type":"article","og_title":"Equipamiento para montar en moto - Box Repsol","og_description":"Montar en moto es una actividad que nos encanta. Te contamos qu\u00e9 tipo de equipamiento es el imprescindible para montar en moto.","og_url":"https:\/\/www.boxrepsol.com\/es\/vive-tu-moto\/equipamiento-para-montar-en-moto\/","og_site_name":"Box Repsol","article_publisher":"https:\/\/www.facebook.com\/BoxRepsol","article_author":"https:\/\/www.facebook.com\/BoxRepsol\/","article_published_time":"2021-06-28T02:00:00+00:00","article_modified_time":"2025-06-25T09:24:53+00:00","og_image":[{"width":1280,"height":600,"url":"https:\/\/bxrepsol.s3.eu-west-1.amazonaws.com\/static\/2022\/08\/09132320\/equipamiento-para-montar-en-moto-2.jpg","type":"image\/jpeg"}],"author":"Redacci\u00f3n Box Repsol","twitter_card":"summary_large_image","twitter_creator":"@https:\/\/twitter.com\/box_repsol","twitter_site":"@box_repsol","twitter_misc":{"Written by":"Redacci\u00f3n Box Repsol","Est. reading time":"11 minutos"},"schema":{"@context":"https:\/\/schema.org","@graph":[{"@type":"Article","@id":"https:\/\/www.boxrepsol.com\/es\/vive-tu-moto\/equipamiento-para-montar-en-moto\/#article","isPartOf":{"@id":"https:\/\/www.boxrepsol.com\/es\/vive-tu-moto\/equipamiento-para-montar-en-moto\/"},"author":{"name":"Redacci\u00f3n Box Repsol","@id":"https:\/\/www.boxrepsol.com\/es\/#\/schema\/person\/c5c2138f2cca251b0ad92b7086bb60b7"},"headline":"Equipamiento para montar en moto","datePublished":"2021-06-28T02:00:00+00:00","dateModified":"2025-06-25T09:24:53+00:00","mainEntityOfPage":{"@id":"https:\/\/www.boxrepsol.com\/es\/vive-tu-moto\/equipamiento-para-montar-en-moto\/"},"wordCount":2169,"commentCount":0,"publisher":{"@id":"https:\/\/www.boxrepsol.com\/es\/#organization"},"image":{"@id":"https:\/\/www.boxrepsol.com\/es\/vive-tu-moto\/equipamiento-para-montar-en-moto\/#primaryimage"},"thumbnailUrl":"https:\/\/bxrepsol.s3.eu-west-1.amazonaws.com\/static\/2022\/08\/09132320\/equipamiento-para-montar-en-moto-2.jpg","keywords":["conducci\u00f3n","consejos moteros","equipaci\u00f3n y accesorios moto","moteros","vida motera"],"articleSection":["Vive tu moto"],"inLanguage":"es","potentialAction":[{"@type":"CommentAction","name":"Comment","target":["https:\/\/www.boxrepsol.com\/es\/vive-tu-moto\/equipamiento-para-montar-en-moto\/#respond"]}]},{"@type":"WebPage","@id":"https:\/\/www.boxrepsol.com\/es\/vive-tu-moto\/equipamiento-para-montar-en-moto\/","url":"https:\/\/www.boxrepsol.com\/es\/vive-tu-moto\/equipamiento-para-montar-en-moto\/","name":"Equipamiento para montar en moto - Box Repsol","isPartOf":{"@id":"https:\/\/www.boxrepsol.com\/es\/#website"},"primaryImageOfPage":{"@id":"https:\/\/www.boxrepsol.com\/es\/vive-tu-moto\/equipamiento-para-montar-en-moto\/#primaryimage"},"image":{"@id":"https:\/\/www.boxrepsol.com\/es\/vive-tu-moto\/equipamiento-para-montar-en-moto\/#primaryimage"},"thumbnailUrl":"https:\/\/bxrepsol.s3.eu-west-1.amazonaws.com\/static\/2022\/08\/09132320\/equipamiento-para-montar-en-moto-2.jpg","datePublished":"2021-06-28T02:00:00+00:00","dateModified":"2025-06-25T09:24:53+00:00","description":"Montar en moto es una actividad que nos encanta. Te contamos qu\u00e9 tipo de equipamiento es el imprescindible para montar en moto.","breadcrumb":{"@id":"https:\/\/www.boxrepsol.com\/es\/vive-tu-moto\/equipamiento-para-montar-en-moto\/#breadcrumb"},"inLanguage":"es","potentialAction":[{"@type":"ReadAction","target":["https:\/\/www.boxrepsol.com\/es\/vive-tu-moto\/equipamiento-para-montar-en-moto\/"]}]},{"@type":"ImageObject","inLanguage":"es","@id":"https:\/\/www.boxrepsol.com\/es\/vive-tu-moto\/equipamiento-para-montar-en-moto\/#primaryimage","url":"https:\/\/bxrepsol.s3.eu-west-1.amazonaws.com\/static\/2022\/08\/09132320\/equipamiento-para-montar-en-moto-2.jpg","contentUrl":"https:\/\/bxrepsol.s3.eu-west-1.amazonaws.com\/static\/2022\/08\/09132320\/equipamiento-para-montar-en-moto-2.jpg","width":1280,"height":600,"caption":"motero con equipamiento para montar en moto"},{"@type":"BreadcrumbList","@id":"https:\/\/www.boxrepsol.com\/es\/vive-tu-moto\/equipamiento-para-montar-en-moto\/#breadcrumb","itemListElement":[{"@type":"ListItem","position":1,"name":"Home","item":"https:\/\/www.boxrepsol.com\/es\/"},{"@type":"ListItem","position":2,"name":"Equipamiento para montar en moto"}]},{"@type":"WebSite","@id":"https:\/\/www.boxrepsol.com\/es\/#website","url":"https:\/\/www.boxrepsol.com\/es\/","name":"Box Repsol","description":"Box Repsol Site","publisher":{"@id":"https:\/\/www.boxrepsol.com\/es\/#organization"},"potentialAction":[{"@type":"SearchAction","target":{"@type":"EntryPoint","urlTemplate":"https:\/\/www.boxrepsol.com\/es\/?s={search_term_string}"},"query-input":{"@type":"PropertyValueSpecification","valueRequired":true,"valueName":"search_term_string"}}],"inLanguage":"es"},{"@type":"Organization","@id":"https:\/\/www.boxrepsol.com\/es\/#organization","name":"Box Repsol","url":"https:\/\/www.boxrepsol.com\/es\/","logo":{"@type":"ImageObject","inLanguage":"es","@id":"https:\/\/www.boxrepsol.com\/es\/#\/schema\/logo\/image\/","url":"https:\/\/bxrepsol.s3.eu-west-1.amazonaws.com\/static\/2025\/07\/30083337\/favicon-96x96-1.png","contentUrl":"https:\/\/bxrepsol.s3.eu-west-1.amazonaws.com\/static\/2025\/07\/30083337\/favicon-96x96-1.png","width":96,"height":96,"caption":"Box Repsol"},"image":{"@id":"https:\/\/www.boxrepsol.com\/es\/#\/schema\/logo\/image\/"},"sameAs":["https:\/\/www.facebook.com\/BoxRepsol","https:\/\/x.com\/box_repsol","http:\/\/instagram.com\/box_repsol","https:\/\/www.youtube.com\/user\/RepsolCompeticion","https:\/\/www.flickr.com\/photos\/box_repsol\/"]},{"@type":"Person","@id":"https:\/\/www.boxrepsol.com\/es\/#\/schema\/person\/c5c2138f2cca251b0ad92b7086bb60b7","name":"Redacci\u00f3n Box Repsol","image":{"@type":"ImageObject","inLanguage":"es","@id":"https:\/\/secure.gravatar.com\/avatar\/adf7b77e38b4419baf32c7e9c21dde01f4e40df611f0978e3006fc4ba0aaab7e?s=96&d=mm&r=g","url":"https:\/\/secure.gravatar.com\/avatar\/adf7b77e38b4419baf32c7e9c21dde01f4e40df611f0978e3006fc4ba0aaab7e?s=96&d=mm&r=g","contentUrl":"https:\/\/secure.gravatar.com\/avatar\/adf7b77e38b4419baf32c7e9c21dde01f4e40df611f0978e3006fc4ba0aaab7e?s=96&d=mm&r=g","caption":"Redacci\u00f3n Box Repsol"},"description":"Box Repsol lo forma un equipo de periodistas, community managers, dise\u00f1adores y fot\u00f3grafos con m\u00e1s de 20 a\u00f1os de experiencia en el mundo del motorsport. Hemos vivido el primer mundial de un espa\u00f1ol en la categor\u00eda reina de motociclismo con \u00c1lex Crivill\u00e9, estuvimos en las victorias de Pedrosa y los t\u00edtulos de M\u00e1rquez, acompa\u00f1amos en \u00c1frica a Nani Roma y Marc Coma en sus conquistas del Dakar y hemos vibrado con los t\u00edtulos de Toni Bou en Trial. Adem\u00e1s, en nuestro equipo contamos con expertos en el mundo de las dos y cuatro ruedas tanto de la calle y las carreteras, como de los circuitos. Periodistas que han trabajado en revistas y publicaciones para hacerte llegar desde rutas y consejos de mantenimiento, a curiosidades y trucos de pilotaje.","sameAs":["https:\/\/www.facebook.com\/BoxRepsol\/","https:\/\/www.instagram.com\/box_repsol\/","https:\/\/x.com\/https:\/\/twitter.com\/box_repsol","https:\/\/www.youtube.com\/@Boxrepsol"],"url":"https:\/\/www.boxrepsol.com\/es\/author\/redaccion-box-repsol\/"}]}},"_links":{"self":[{"href":"https:\/\/www.boxrepsol.com\/es\/wp-json\/wp\/v2\/posts\/95019","targetHints":{"allow":["GET"]}}],"collection":[{"href":"https:\/\/www.boxrepsol.com\/es\/wp-json\/wp\/v2\/posts"}],"about":[{"href":"https:\/\/www.boxrepsol.com\/es\/wp-json\/wp\/v2\/types\/post"}],"author":[{"embeddable":true,"href":"https:\/\/www.boxrepsol.com\/es\/wp-json\/wp\/v2\/users\/43146"}],"replies":[{"embeddable":true,"href":"https:\/\/www.boxrepsol.com\/es\/wp-json\/wp\/v2\/comments?post=95019"}],"version-history":[{"count":10,"href":"https:\/\/www.boxrepsol.com\/es\/wp-json\/wp\/v2\/posts\/95019\/revisions"}],"predecessor-version":[{"id":126248,"href":"https:\/\/www.boxrepsol.com\/es\/wp-json\/wp\/v2\/posts\/95019\/revisions\/126248"}],"wp:featuredmedia":[{"embeddable":true,"href":"https:\/\/www.boxrepsol.com\/es\/wp-json\/wp\/v2\/media\/43282"}],"wp:attachment":[{"href":"https:\/\/www.boxrepsol.com\/es\/wp-json\/wp\/v2\/media?parent=95019"}],"wp:term":[{"taxonomy":"category","embeddable":true,"href":"https:\/\/www.boxrepsol.com\/es\/wp-json\/wp\/v2\/categories?post=95019"},{"taxonomy":"post_tag","embeddable":true,"href":"https:\/\/www.boxrepsol.com\/es\/wp-json\/wp\/v2\/tags?post=95019"}],"curies":[{"name":"wp","href":"https:\/\/api.w.org\/{rel}","templated":true}]}}