{"id":95018,"date":"2021-06-27T00:00:00","date_gmt":"2021-06-27T02:00:00","guid":{"rendered":"http:\/\/pre.boxrepsol.com\/sin-categorizar\/remontada-marquez-assen\/"},"modified":"2024-04-12T13:32:27","modified_gmt":"2024-04-12T15:32:27","slug":"remontada-marquez-assen","status":"publish","type":"post","link":"https:\/\/www.boxrepsol.com\/es\/motogp\/remontada-marquez-assen\/","title":{"rendered":"Marc M\u00e1rquez remonta trece posiciones en Assen"},"content":{"rendered":"<p><strong>Marc M\u00e1rquez,<\/strong> que part\u00eda desde la vig\u00e9sima posici\u00f3n en la parrilla, ha realizado hoy una gran remontada en el m\u00edtico trazado de Assen, finalizando s\u00e9ptimo a menos de dos segundos del top 5. Marc, que el viernes sufri\u00f3 una fuerte ca\u00edda sin graves consecuencias pero que le ha provocado tener molestias durante todo el fin de semana, ha realizado una gran salida que le ha permitido situarse r\u00e1pidamente entre los 15 primeros.<\/p>\n<p>Despu\u00e9s de lograr este resultado y sumar nueve puntos, el piloto del equipo<strong> Repsol Honda<\/strong> tendr\u00e1 todo el mes de julio para seguir con su recuperaci\u00f3n y encarar mejor la segunda mitad de la temporada.<\/p>\n<p>Al otro lado del box, <strong>Pol Espargar\u00f3<\/strong> ha finalizado la novena cita de la temporada en d\u00e9cima posici\u00f3n. Espargar\u00f3 empezaba la carrera del Gran Premio de Holanda und\u00e9cimo y despu\u00e9s de estar luchando para acercarse al grupo de cabeza durante las 26 vueltas, ha finalizado en el top 10.<\/p>\n<p>Al igual que Marc y el resto de pilotos de MotoGP, Pol dispone ahora de cinco semanas sin carreras para descansar y prepararse para el resto de la temporada.<br \/>\n<strong><br \/>\nLos pilotos del equipo Repsol Honda<\/strong> finalizan la primera mitad de la temporada en d\u00e9cima y duod\u00e9cima posici\u00f3n en la clasificaci\u00f3n general. Marc lo hace con un total de 50 puntos y Pol, con 41. El Campeonato del Mundo de MotoGP volver\u00e1 a retomar su actividad el fin de semana del 6 al 8 de agosto en el circuito de Spielberg, en Austria.<\/p>\n<h2>Declaraciones de los pilotos<\/h2>\n<p><a href=\"https:\/\/twitter.com\/hashtag\/MM93?src=hash&#038;lang=es\">#MM93<\/a><\/p>\n<p><em>\u201cEstoy muy contento hoy, seguro que si miras el resultado y ves el s\u00e9ptimo puesto no es demasiado impresionante, pero cuando empiezas desde el 20 en la parrilla, no est\u00e1 tan mal. He estado presionando mucho en la primera vuelta y estaba en el puesto 12. Luego he cometido un error a mitad de carrera y he perdido el contacto con el grupo de delante. A partir de entonces me he concentrado en volver y he podido pilotar bien hasta el final, con una bonita batalla con Aleix Espargar\u00f3 tambi\u00e9n en las \u00faltimas vueltas. Estaba destruido f\u00edsicamente, as\u00ed que no he podido apretar m\u00e1s a Bagnaia. Cuando he vuelto al box he agradecido al equipo y a Honda porque tras la ca\u00edda del viernes me han vuelto a dar la confianza cambiando algunos par\u00e1metros con el control de tracci\u00f3n y eso me ha permitido pilotar bien. El potencial de la moto era para acabar en el podio si hubi\u00e9ramos empezado m\u00e1s adelante. Ahora las vacaciones de verano, es hora de descansar y recuperarse, para volver m\u00e1s fuertes en la segunda mitad de la temporada\u201d.<br \/>\n<\/em><\/p>\n<hr\/>\n<p><a href=\"https:\/\/twitter.com\/hashtag\/POL44?src=hash&#038;lang=es\">#POL44<\/a><\/p>\n<p><em>\u201cSab\u00eda que ser\u00eda una carrera dif\u00edcil, todav\u00eda no puedo adelantar en el inicio de carrera con el tanque lleno de combustible. Si estoy solo puedo pilotar con un buen ritmo, como en el Warm Up, pero en el momento que ruedo con otros pilotos estoy demasiado a la defensiva, dejo de pilotar como quiero y cometo errores. Una vez m\u00e1s, tenemos que mejorar nuestro s\u00e1bado para estar en una mejor posici\u00f3n para el domingo. El trabajo para despu\u00e9s de las vacaciones de verano es mejorar en la clasificaci\u00f3n. El comienzo de la temporada no ha sido como yo quer\u00eda, as\u00ed que estoy deseando que llegue este momento para descansar y reiniciar\u00bb.<br \/>\n<\/em><\/p>\n","protected":false},"excerpt":{"rendered":"<p>El piloto del equipo Repsol Honda ha cruzado la l\u00ednea de meta en s\u00e9ptima posici\u00f3n, con su compa\u00f1ero Pol Espargar\u00f3 terminando d\u00e9cimo.<\/p>\n","protected":false},"author":43146,"featured_media":43276,"comment_status":"open","ping_status":"open","sticky":false,"template":"","format":"standard","meta":{"footnotes":""},"categories":[4],"tags":[194,136,153],"class_list":["post-95018","post","type-post","status-publish","format-standard","hentry","category-motogp","tag-194","tag-campeonato-del-mundo-de-motociclismo","tag-motogp-holanda"],"yoast_head":"<!-- This site is optimized with the Yoast SEO plugin v27.3 - https:\/\/yoast.com\/product\/yoast-seo-wordpress\/ -->\n<title>Marc M\u00e1rquez remonta trece posiciones en Assen - Box Repsol<\/title>\n<meta name=\"description\" content=\"El piloto del equipo Repsol Honda ha cruzado la l\u00ednea de meta en s\u00e9ptima posici\u00f3n, con su compa\u00f1ero Pol Espargar\u00f3 terminando d\u00e9cimo.\" \/>\n<link rel=\"canonical\" href=\"https:\/\/www.boxrepsol.com\/es\/motogp\/remontada-marquez-assen\/\" \/>\n<meta property=\"og:locale\" content=\"es_ES\" \/>\n<meta property=\"og:type\" content=\"article\" \/>\n<meta property=\"og:title\" content=\"Marc M\u00e1rquez remonta trece posiciones en Assen - Box Repsol\" \/>\n<meta property=\"og:description\" content=\"El piloto del equipo Repsol Honda ha cruzado la l\u00ednea de meta en s\u00e9ptima posici\u00f3n, con su compa\u00f1ero Pol Espargar\u00f3 terminando d\u00e9cimo.\" \/>\n<meta property=\"og:url\" content=\"https:\/\/www.boxrepsol.com\/es\/motogp\/remontada-marquez-assen\/\" \/>\n<meta property=\"og:site_name\" content=\"Box Repsol\" \/>\n<meta property=\"article:publisher\" content=\"https:\/\/www.facebook.com\/BoxRepsol\" \/>\n<meta property=\"article:author\" content=\"https:\/\/www.facebook.com\/BoxRepsol\/\" \/>\n<meta property=\"article:published_time\" content=\"2021-06-27T02:00:00+00:00\" \/>\n<meta property=\"article:modified_time\" content=\"2024-04-12T15:32:27+00:00\" \/>\n<meta property=\"og:image\" content=\"https:\/\/bxrepsol.s3.eu-west-1.amazonaws.com\/static\/2022\/08\/09132016\/Copy-of-RD9_Assen_Marc_2021-01010-scaled.jpg\" \/>\n\t<meta property=\"og:image:width\" content=\"2560\" \/>\n\t<meta property=\"og:image:height\" content=\"1707\" \/>\n\t<meta property=\"og:image:type\" content=\"image\/jpeg\" \/>\n<meta name=\"author\" content=\"Redacci\u00f3n Box Repsol\" \/>\n<meta name=\"twitter:card\" content=\"summary_large_image\" \/>\n<meta name=\"twitter:creator\" content=\"@https:\/\/twitter.com\/box_repsol\" \/>\n<meta name=\"twitter:site\" content=\"@box_repsol\" \/>\n<meta name=\"twitter:label1\" content=\"Written by\" \/>\n\t<meta name=\"twitter:data1\" content=\"Redacci\u00f3n Box Repsol\" \/>\n\t<meta name=\"twitter:label2\" content=\"Est. reading time\" \/>\n\t<meta name=\"twitter:data2\" content=\"3 minutos\" \/>\n<script type=\"application\/ld+json\" class=\"yoast-schema-graph\">{\"@context\":\"https:\\\/\\\/schema.org\",\"@graph\":[{\"@type\":\"Article\",\"@id\":\"https:\\\/\\\/www.boxrepsol.com\\\/es\\\/motogp\\\/remontada-marquez-assen\\\/#article\",\"isPartOf\":{\"@id\":\"https:\\\/\\\/www.boxrepsol.com\\\/es\\\/motogp\\\/remontada-marquez-assen\\\/\"},\"author\":{\"name\":\"Redacci\u00f3n Box Repsol\",\"@id\":\"https:\\\/\\\/www.boxrepsol.com\\\/es\\\/#\\\/schema\\\/person\\\/c5c2138f2cca251b0ad92b7086bb60b7\"},\"headline\":\"Marc M\u00e1rquez remonta trece posiciones en Assen\",\"datePublished\":\"2021-06-27T02:00:00+00:00\",\"dateModified\":\"2024-04-12T15:32:27+00:00\",\"mainEntityOfPage\":{\"@id\":\"https:\\\/\\\/www.boxrepsol.com\\\/es\\\/motogp\\\/remontada-marquez-assen\\\/\"},\"wordCount\":585,\"commentCount\":0,\"publisher\":{\"@id\":\"https:\\\/\\\/www.boxrepsol.com\\\/es\\\/#organization\"},\"image\":{\"@id\":\"https:\\\/\\\/www.boxrepsol.com\\\/es\\\/motogp\\\/remontada-marquez-assen\\\/#primaryimage\"},\"thumbnailUrl\":\"https:\\\/\\\/bxrepsol.s3.eu-west-1.amazonaws.com\\\/static\\\/2022\\\/08\\\/09132016\\\/Copy-of-RD9_Assen_Marc_2021-01010-scaled.jpg\",\"keywords\":[\"2021\",\"Campeonato del Mundo de Motociclismo\",\"MotoGP Holanda\"],\"articleSection\":[\"MotoGP\"],\"inLanguage\":\"es\",\"potentialAction\":[{\"@type\":\"CommentAction\",\"name\":\"Comment\",\"target\":[\"https:\\\/\\\/www.boxrepsol.com\\\/es\\\/motogp\\\/remontada-marquez-assen\\\/#respond\"]}]},{\"@type\":\"WebPage\",\"@id\":\"https:\\\/\\\/www.boxrepsol.com\\\/es\\\/motogp\\\/remontada-marquez-assen\\\/\",\"url\":\"https:\\\/\\\/www.boxrepsol.com\\\/es\\\/motogp\\\/remontada-marquez-assen\\\/\",\"name\":\"Marc M\u00e1rquez remonta trece posiciones en Assen - Box Repsol\",\"isPartOf\":{\"@id\":\"https:\\\/\\\/www.boxrepsol.com\\\/es\\\/#website\"},\"primaryImageOfPage\":{\"@id\":\"https:\\\/\\\/www.boxrepsol.com\\\/es\\\/motogp\\\/remontada-marquez-assen\\\/#primaryimage\"},\"image\":{\"@id\":\"https:\\\/\\\/www.boxrepsol.com\\\/es\\\/motogp\\\/remontada-marquez-assen\\\/#primaryimage\"},\"thumbnailUrl\":\"https:\\\/\\\/bxrepsol.s3.eu-west-1.amazonaws.com\\\/static\\\/2022\\\/08\\\/09132016\\\/Copy-of-RD9_Assen_Marc_2021-01010-scaled.jpg\",\"datePublished\":\"2021-06-27T02:00:00+00:00\",\"dateModified\":\"2024-04-12T15:32:27+00:00\",\"description\":\"El piloto del equipo Repsol Honda ha cruzado la l\u00ednea de meta en s\u00e9ptima posici\u00f3n, con su compa\u00f1ero Pol Espargar\u00f3 terminando d\u00e9cimo.\",\"breadcrumb\":{\"@id\":\"https:\\\/\\\/www.boxrepsol.com\\\/es\\\/motogp\\\/remontada-marquez-assen\\\/#breadcrumb\"},\"inLanguage\":\"es\",\"potentialAction\":[{\"@type\":\"ReadAction\",\"target\":[\"https:\\\/\\\/www.boxrepsol.com\\\/es\\\/motogp\\\/remontada-marquez-assen\\\/\"]}]},{\"@type\":\"ImageObject\",\"inLanguage\":\"es\",\"@id\":\"https:\\\/\\\/www.boxrepsol.com\\\/es\\\/motogp\\\/remontada-marquez-assen\\\/#primaryimage\",\"url\":\"https:\\\/\\\/bxrepsol.s3.eu-west-1.amazonaws.com\\\/static\\\/2022\\\/08\\\/09132016\\\/Copy-of-RD9_Assen_Marc_2021-01010-scaled.jpg\",\"contentUrl\":\"https:\\\/\\\/bxrepsol.s3.eu-west-1.amazonaws.com\\\/static\\\/2022\\\/08\\\/09132016\\\/Copy-of-RD9_Assen_Marc_2021-01010-scaled.jpg\",\"width\":2560,\"height\":1707,\"caption\":\"Marc M\u00e1rquez - Assen\"},{\"@type\":\"BreadcrumbList\",\"@id\":\"https:\\\/\\\/www.boxrepsol.com\\\/es\\\/motogp\\\/remontada-marquez-assen\\\/#breadcrumb\",\"itemListElement\":[{\"@type\":\"ListItem\",\"position\":1,\"name\":\"Home\",\"item\":\"https:\\\/\\\/www.boxrepsol.com\\\/es\\\/\"},{\"@type\":\"ListItem\",\"position\":2,\"name\":\"Marc M\u00e1rquez remonta trece posiciones en Assen\"}]},{\"@type\":\"WebSite\",\"@id\":\"https:\\\/\\\/www.boxrepsol.com\\\/es\\\/#website\",\"url\":\"https:\\\/\\\/www.boxrepsol.com\\\/es\\\/\",\"name\":\"Box Repsol\",\"description\":\"Box Repsol Site\",\"publisher\":{\"@id\":\"https:\\\/\\\/www.boxrepsol.com\\\/es\\\/#organization\"},\"potentialAction\":[{\"@type\":\"SearchAction\",\"target\":{\"@type\":\"EntryPoint\",\"urlTemplate\":\"https:\\\/\\\/www.boxrepsol.com\\\/es\\\/?s={search_term_string}\"},\"query-input\":{\"@type\":\"PropertyValueSpecification\",\"valueRequired\":true,\"valueName\":\"search_term_string\"}}],\"inLanguage\":\"es\"},{\"@type\":\"Organization\",\"@id\":\"https:\\\/\\\/www.boxrepsol.com\\\/es\\\/#organization\",\"name\":\"Box Repsol\",\"url\":\"https:\\\/\\\/www.boxrepsol.com\\\/es\\\/\",\"logo\":{\"@type\":\"ImageObject\",\"inLanguage\":\"es\",\"@id\":\"https:\\\/\\\/www.boxrepsol.com\\\/es\\\/#\\\/schema\\\/logo\\\/image\\\/\",\"url\":\"https:\\\/\\\/bxrepsol.s3.eu-west-1.amazonaws.com\\\/static\\\/2025\\\/07\\\/30083337\\\/favicon-96x96-1.png\",\"contentUrl\":\"https:\\\/\\\/bxrepsol.s3.eu-west-1.amazonaws.com\\\/static\\\/2025\\\/07\\\/30083337\\\/favicon-96x96-1.png\",\"width\":96,\"height\":96,\"caption\":\"Box Repsol\"},\"image\":{\"@id\":\"https:\\\/\\\/www.boxrepsol.com\\\/es\\\/#\\\/schema\\\/logo\\\/image\\\/\"},\"sameAs\":[\"https:\\\/\\\/www.facebook.com\\\/BoxRepsol\",\"https:\\\/\\\/x.com\\\/box_repsol\",\"http:\\\/\\\/instagram.com\\\/box_repsol\",\"https:\\\/\\\/www.youtube.com\\\/user\\\/RepsolCompeticion\",\"https:\\\/\\\/www.flickr.com\\\/photos\\\/box_repsol\\\/\"]},{\"@type\":\"Person\",\"@id\":\"https:\\\/\\\/www.boxrepsol.com\\\/es\\\/#\\\/schema\\\/person\\\/c5c2138f2cca251b0ad92b7086bb60b7\",\"name\":\"Redacci\u00f3n Box Repsol\",\"image\":{\"@type\":\"ImageObject\",\"inLanguage\":\"es\",\"@id\":\"https:\\\/\\\/secure.gravatar.com\\\/avatar\\\/adf7b77e38b4419baf32c7e9c21dde01f4e40df611f0978e3006fc4ba0aaab7e?s=96&d=mm&r=g\",\"url\":\"https:\\\/\\\/secure.gravatar.com\\\/avatar\\\/adf7b77e38b4419baf32c7e9c21dde01f4e40df611f0978e3006fc4ba0aaab7e?s=96&d=mm&r=g\",\"contentUrl\":\"https:\\\/\\\/secure.gravatar.com\\\/avatar\\\/adf7b77e38b4419baf32c7e9c21dde01f4e40df611f0978e3006fc4ba0aaab7e?s=96&d=mm&r=g\",\"caption\":\"Redacci\u00f3n Box Repsol\"},\"description\":\"Box Repsol lo forma un equipo de periodistas, community managers, dise\u00f1adores y fot\u00f3grafos con m\u00e1s de 20 a\u00f1os de experiencia en el mundo del motorsport. Hemos vivido el primer mundial de un espa\u00f1ol en la categor\u00eda reina de motociclismo con \u00c1lex Crivill\u00e9, estuvimos en las victorias de Pedrosa y los t\u00edtulos de M\u00e1rquez, acompa\u00f1amos en \u00c1frica a Nani Roma y Marc Coma en sus conquistas del Dakar y hemos vibrado con los t\u00edtulos de Toni Bou en Trial. Adem\u00e1s, en nuestro equipo contamos con expertos en el mundo de las dos y cuatro ruedas tanto de la calle y las carreteras, como de los circuitos. Periodistas que han trabajado en revistas y publicaciones para hacerte llegar desde rutas y consejos de mantenimiento, a curiosidades y trucos de pilotaje.\",\"sameAs\":[\"https:\\\/\\\/www.facebook.com\\\/BoxRepsol\\\/\",\"https:\\\/\\\/www.instagram.com\\\/box_repsol\\\/\",\"https:\\\/\\\/x.com\\\/https:\\\/\\\/twitter.com\\\/box_repsol\",\"https:\\\/\\\/www.youtube.com\\\/@Boxrepsol\"],\"url\":\"https:\\\/\\\/www.boxrepsol.com\\\/es\\\/author\\\/redaccion-box-repsol\\\/\"}]}<\/script>\n<!-- \/ Yoast SEO plugin. -->","yoast_head_json":{"title":"Marc M\u00e1rquez remonta trece posiciones en Assen - Box Repsol","description":"El piloto del equipo Repsol Honda ha cruzado la l\u00ednea de meta en s\u00e9ptima posici\u00f3n, con su compa\u00f1ero Pol Espargar\u00f3 terminando d\u00e9cimo.","canonical":"https:\/\/www.boxrepsol.com\/es\/motogp\/remontada-marquez-assen\/","og_locale":"es_ES","og_type":"article","og_title":"Marc M\u00e1rquez remonta trece posiciones en Assen - Box Repsol","og_description":"El piloto del equipo Repsol Honda ha cruzado la l\u00ednea de meta en s\u00e9ptima posici\u00f3n, con su compa\u00f1ero Pol Espargar\u00f3 terminando d\u00e9cimo.","og_url":"https:\/\/www.boxrepsol.com\/es\/motogp\/remontada-marquez-assen\/","og_site_name":"Box Repsol","article_publisher":"https:\/\/www.facebook.com\/BoxRepsol","article_author":"https:\/\/www.facebook.com\/BoxRepsol\/","article_published_time":"2021-06-27T02:00:00+00:00","article_modified_time":"2024-04-12T15:32:27+00:00","og_image":[{"width":2560,"height":1707,"url":"https:\/\/bxrepsol.s3.eu-west-1.amazonaws.com\/static\/2022\/08\/09132016\/Copy-of-RD9_Assen_Marc_2021-01010-scaled.jpg","type":"image\/jpeg"}],"author":"Redacci\u00f3n Box Repsol","twitter_card":"summary_large_image","twitter_creator":"@https:\/\/twitter.com\/box_repsol","twitter_site":"@box_repsol","twitter_misc":{"Written by":"Redacci\u00f3n Box Repsol","Est. reading time":"3 minutos"},"schema":{"@context":"https:\/\/schema.org","@graph":[{"@type":"Article","@id":"https:\/\/www.boxrepsol.com\/es\/motogp\/remontada-marquez-assen\/#article","isPartOf":{"@id":"https:\/\/www.boxrepsol.com\/es\/motogp\/remontada-marquez-assen\/"},"author":{"name":"Redacci\u00f3n Box Repsol","@id":"https:\/\/www.boxrepsol.com\/es\/#\/schema\/person\/c5c2138f2cca251b0ad92b7086bb60b7"},"headline":"Marc M\u00e1rquez remonta trece posiciones en Assen","datePublished":"2021-06-27T02:00:00+00:00","dateModified":"2024-04-12T15:32:27+00:00","mainEntityOfPage":{"@id":"https:\/\/www.boxrepsol.com\/es\/motogp\/remontada-marquez-assen\/"},"wordCount":585,"commentCount":0,"publisher":{"@id":"https:\/\/www.boxrepsol.com\/es\/#organization"},"image":{"@id":"https:\/\/www.boxrepsol.com\/es\/motogp\/remontada-marquez-assen\/#primaryimage"},"thumbnailUrl":"https:\/\/bxrepsol.s3.eu-west-1.amazonaws.com\/static\/2022\/08\/09132016\/Copy-of-RD9_Assen_Marc_2021-01010-scaled.jpg","keywords":["2021","Campeonato del Mundo de Motociclismo","MotoGP Holanda"],"articleSection":["MotoGP"],"inLanguage":"es","potentialAction":[{"@type":"CommentAction","name":"Comment","target":["https:\/\/www.boxrepsol.com\/es\/motogp\/remontada-marquez-assen\/#respond"]}]},{"@type":"WebPage","@id":"https:\/\/www.boxrepsol.com\/es\/motogp\/remontada-marquez-assen\/","url":"https:\/\/www.boxrepsol.com\/es\/motogp\/remontada-marquez-assen\/","name":"Marc M\u00e1rquez remonta trece posiciones en Assen - Box Repsol","isPartOf":{"@id":"https:\/\/www.boxrepsol.com\/es\/#website"},"primaryImageOfPage":{"@id":"https:\/\/www.boxrepsol.com\/es\/motogp\/remontada-marquez-assen\/#primaryimage"},"image":{"@id":"https:\/\/www.boxrepsol.com\/es\/motogp\/remontada-marquez-assen\/#primaryimage"},"thumbnailUrl":"https:\/\/bxrepsol.s3.eu-west-1.amazonaws.com\/static\/2022\/08\/09132016\/Copy-of-RD9_Assen_Marc_2021-01010-scaled.jpg","datePublished":"2021-06-27T02:00:00+00:00","dateModified":"2024-04-12T15:32:27+00:00","description":"El piloto del equipo Repsol Honda ha cruzado la l\u00ednea de meta en s\u00e9ptima posici\u00f3n, con su compa\u00f1ero Pol Espargar\u00f3 terminando d\u00e9cimo.","breadcrumb":{"@id":"https:\/\/www.boxrepsol.com\/es\/motogp\/remontada-marquez-assen\/#breadcrumb"},"inLanguage":"es","potentialAction":[{"@type":"ReadAction","target":["https:\/\/www.boxrepsol.com\/es\/motogp\/remontada-marquez-assen\/"]}]},{"@type":"ImageObject","inLanguage":"es","@id":"https:\/\/www.boxrepsol.com\/es\/motogp\/remontada-marquez-assen\/#primaryimage","url":"https:\/\/bxrepsol.s3.eu-west-1.amazonaws.com\/static\/2022\/08\/09132016\/Copy-of-RD9_Assen_Marc_2021-01010-scaled.jpg","contentUrl":"https:\/\/bxrepsol.s3.eu-west-1.amazonaws.com\/static\/2022\/08\/09132016\/Copy-of-RD9_Assen_Marc_2021-01010-scaled.jpg","width":2560,"height":1707,"caption":"Marc M\u00e1rquez - Assen"},{"@type":"BreadcrumbList","@id":"https:\/\/www.boxrepsol.com\/es\/motogp\/remontada-marquez-assen\/#breadcrumb","itemListElement":[{"@type":"ListItem","position":1,"name":"Home","item":"https:\/\/www.boxrepsol.com\/es\/"},{"@type":"ListItem","position":2,"name":"Marc M\u00e1rquez remonta trece posiciones en Assen"}]},{"@type":"WebSite","@id":"https:\/\/www.boxrepsol.com\/es\/#website","url":"https:\/\/www.boxrepsol.com\/es\/","name":"Box Repsol","description":"Box Repsol Site","publisher":{"@id":"https:\/\/www.boxrepsol.com\/es\/#organization"},"potentialAction":[{"@type":"SearchAction","target":{"@type":"EntryPoint","urlTemplate":"https:\/\/www.boxrepsol.com\/es\/?s={search_term_string}"},"query-input":{"@type":"PropertyValueSpecification","valueRequired":true,"valueName":"search_term_string"}}],"inLanguage":"es"},{"@type":"Organization","@id":"https:\/\/www.boxrepsol.com\/es\/#organization","name":"Box Repsol","url":"https:\/\/www.boxrepsol.com\/es\/","logo":{"@type":"ImageObject","inLanguage":"es","@id":"https:\/\/www.boxrepsol.com\/es\/#\/schema\/logo\/image\/","url":"https:\/\/bxrepsol.s3.eu-west-1.amazonaws.com\/static\/2025\/07\/30083337\/favicon-96x96-1.png","contentUrl":"https:\/\/bxrepsol.s3.eu-west-1.amazonaws.com\/static\/2025\/07\/30083337\/favicon-96x96-1.png","width":96,"height":96,"caption":"Box Repsol"},"image":{"@id":"https:\/\/www.boxrepsol.com\/es\/#\/schema\/logo\/image\/"},"sameAs":["https:\/\/www.facebook.com\/BoxRepsol","https:\/\/x.com\/box_repsol","http:\/\/instagram.com\/box_repsol","https:\/\/www.youtube.com\/user\/RepsolCompeticion","https:\/\/www.flickr.com\/photos\/box_repsol\/"]},{"@type":"Person","@id":"https:\/\/www.boxrepsol.com\/es\/#\/schema\/person\/c5c2138f2cca251b0ad92b7086bb60b7","name":"Redacci\u00f3n Box Repsol","image":{"@type":"ImageObject","inLanguage":"es","@id":"https:\/\/secure.gravatar.com\/avatar\/adf7b77e38b4419baf32c7e9c21dde01f4e40df611f0978e3006fc4ba0aaab7e?s=96&d=mm&r=g","url":"https:\/\/secure.gravatar.com\/avatar\/adf7b77e38b4419baf32c7e9c21dde01f4e40df611f0978e3006fc4ba0aaab7e?s=96&d=mm&r=g","contentUrl":"https:\/\/secure.gravatar.com\/avatar\/adf7b77e38b4419baf32c7e9c21dde01f4e40df611f0978e3006fc4ba0aaab7e?s=96&d=mm&r=g","caption":"Redacci\u00f3n Box Repsol"},"description":"Box Repsol lo forma un equipo de periodistas, community managers, dise\u00f1adores y fot\u00f3grafos con m\u00e1s de 20 a\u00f1os de experiencia en el mundo del motorsport. Hemos vivido el primer mundial de un espa\u00f1ol en la categor\u00eda reina de motociclismo con \u00c1lex Crivill\u00e9, estuvimos en las victorias de Pedrosa y los t\u00edtulos de M\u00e1rquez, acompa\u00f1amos en \u00c1frica a Nani Roma y Marc Coma en sus conquistas del Dakar y hemos vibrado con los t\u00edtulos de Toni Bou en Trial. Adem\u00e1s, en nuestro equipo contamos con expertos en el mundo de las dos y cuatro ruedas tanto de la calle y las carreteras, como de los circuitos. Periodistas que han trabajado en revistas y publicaciones para hacerte llegar desde rutas y consejos de mantenimiento, a curiosidades y trucos de pilotaje.","sameAs":["https:\/\/www.facebook.com\/BoxRepsol\/","https:\/\/www.instagram.com\/box_repsol\/","https:\/\/x.com\/https:\/\/twitter.com\/box_repsol","https:\/\/www.youtube.com\/@Boxrepsol"],"url":"https:\/\/www.boxrepsol.com\/es\/author\/redaccion-box-repsol\/"}]}},"_links":{"self":[{"href":"https:\/\/www.boxrepsol.com\/es\/wp-json\/wp\/v2\/posts\/95018","targetHints":{"allow":["GET"]}}],"collection":[{"href":"https:\/\/www.boxrepsol.com\/es\/wp-json\/wp\/v2\/posts"}],"about":[{"href":"https:\/\/www.boxrepsol.com\/es\/wp-json\/wp\/v2\/types\/post"}],"author":[{"embeddable":true,"href":"https:\/\/www.boxrepsol.com\/es\/wp-json\/wp\/v2\/users\/43146"}],"replies":[{"embeddable":true,"href":"https:\/\/www.boxrepsol.com\/es\/wp-json\/wp\/v2\/comments?post=95018"}],"version-history":[{"count":1,"href":"https:\/\/www.boxrepsol.com\/es\/wp-json\/wp\/v2\/posts\/95018\/revisions"}],"predecessor-version":[{"id":114821,"href":"https:\/\/www.boxrepsol.com\/es\/wp-json\/wp\/v2\/posts\/95018\/revisions\/114821"}],"wp:featuredmedia":[{"embeddable":true,"href":"https:\/\/www.boxrepsol.com\/es\/wp-json\/wp\/v2\/media\/43276"}],"wp:attachment":[{"href":"https:\/\/www.boxrepsol.com\/es\/wp-json\/wp\/v2\/media?parent=95018"}],"wp:term":[{"taxonomy":"category","embeddable":true,"href":"https:\/\/www.boxrepsol.com\/es\/wp-json\/wp\/v2\/categories?post=95018"},{"taxonomy":"post_tag","embeddable":true,"href":"https:\/\/www.boxrepsol.com\/es\/wp-json\/wp\/v2\/tags?post=95018"}],"curies":[{"name":"wp","href":"https:\/\/api.w.org\/{rel}","templated":true}]}}