{"id":95017,"date":"2021-06-26T00:00:00","date_gmt":"2021-06-26T02:00:00","guid":{"rendered":"http:\/\/pre.boxrepsol.com\/sin-categorizar\/qp-assen-espargaro\/"},"modified":"2024-04-12T13:32:44","modified_gmt":"2024-04-12T15:32:44","slug":"qp-assen-espargaro","status":"publish","type":"post","link":"https:\/\/www.boxrepsol.com\/es\/motogp\/qp-assen-espargaro\/","title":{"rendered":"GP de Holanda 2021: Und\u00e9cima posici\u00f3n para Pol Espargar\u00f3"},"content":{"rendered":"<p><strong>Pol Espargar\u00f3<\/strong>, que en el tercer entrenamiento libre disputado esta ma\u00f1ana ha sido capaz de pasar directamente a la Q2, saldr\u00e1 desde la und\u00e9cima posici\u00f3n en el Gran Premio de Holanda, novena cita de la temporada.<\/p>\n<p>Con un mejor registro de 1 minuto, 32 segundos y 830 mil\u00e9simas, el piloto del equipo <strong>Repsol Honda<\/strong> se ha quedado a poco m\u00e1s de un segundo del tiempo de la \u201cpole position\u201d.<br \/>\n<strong><br \/>\nMarc M\u00e1rquez<\/strong> no ha logrado el pase directo a la Q2 y ha tenido que disputar el primer entrenamiento clasificatorio de la jornada. M\u00e1rquez, que ha mantenido un buen ritmo durante toda la ma\u00f1ana, ha sufrido una ca\u00edda cuando estaba finalizando su vuelta lanzada para conseguir el pase a la Q2.<\/p>\n<p>El piloto del <strong>equipo Repsol Honda<\/strong> saldr\u00e1 ma\u00f1ana vig\u00e9simo, desde la s\u00e9ptima fila, despu\u00e9s de lograr un mejor tiempo de 1 minuto, 33 segundos y 477 mil\u00e9simas.<\/p>\n<p>La carrera de MotoGP tendr\u00e1 lugar ma\u00f1ana domingo a las 14.00 horas (CEST).<\/p>\n<h2>Declaraciones de los pilotos<\/h2>\n<p><a href=\"https:\/\/twitter.com\/hashtag\/MM93?src=hash&#038;lang=es\">#MM93<\/a><\/p>\n<p><em>\u201cMi cuerpo estaba sintiendo la ca\u00edda de ayer y al final ha provocado que todo fuera m\u00e1s dif\u00edcil. La ma\u00f1ana ha empezado bien, me he sentido bien en el FP3 y el FP4 y luego en la clasificaci\u00f3n las sensaciones con el primer neum\u00e1tico no han sido tan buenas, pero me he sentido mejor con el segundo. No he podido terminar la vuelta lanzada, esto puede pasar en la clasificaci\u00f3n cuando est\u00e1s apretando, he perdido la rueda delantera y me he ca\u00eddo. Realmente no estaba pilotando como quer\u00eda hoy. Ma\u00f1ana ser\u00e1 dif\u00edcil; 20\u00ba no es nuestra posici\u00f3n en absoluto. Empezar tan atr\u00e1s ser\u00e1 complicado, pero haremos lo que podamos y aprenderemos tanto como sea posible. Tambi\u00e9n tengo que agradecer a Honda su r\u00e1pido trabajo, despu\u00e9s de que ayer trajeron una soluci\u00f3n a nuestras preocupaciones de control de tracci\u00f3n hoy y ha ayudado. Esto es Honda\u00bb.<br \/>\n<\/em><\/p>\n<hr\/>\n<p><a href=\"https:\/\/twitter.com\/hashtag\/POL44?src=hash&#038;lang=es\">#POL44<\/a><\/p>\n<p><em>\u201cHoy no hemos cumplido en la clasificaci\u00f3n, deber\u00edamos haber estado al menos en las dos primeras filas. He cometido un error con el neum\u00e1tico delantero, he utilizado el blando dos veces y esto no era lo correcto. Esto es lo que pasa cuando tenemos una pretemporada tan corta y no somos capaces de cometer estos errores durante un test, tenemos que cometerlos durante un fin de semana de carrera y ponernos en esta dif\u00edcil situaci\u00f3n. Hemos estado volando todo el fin de semana, pero ahora partiendo tan atr\u00e1s ser\u00e1 dif\u00edcil ma\u00f1ana. De todos modos, veamos qu\u00e9 pasa el domingo\u00bb.<br \/>\n<\/em><\/p>\n","protected":false},"excerpt":{"rendered":"<p>El piloto del equipo Repsol Honda afrontar\u00e1 la carrera desde la cuarta fila de la parrilla. Una leve ca\u00edda impide a Marc M\u00e1rquez luchar por la Q2 y saldr\u00e1 ma\u00f1ana vig\u00e9simo.<\/p>\n","protected":false},"author":43146,"featured_media":43273,"comment_status":"open","ping_status":"open","sticky":false,"template":"","format":"standard","meta":{"footnotes":""},"categories":[4],"tags":[194,136,153],"class_list":["post-95017","post","type-post","status-publish","format-standard","hentry","category-motogp","tag-194","tag-campeonato-del-mundo-de-motociclismo","tag-motogp-holanda"],"yoast_head":"<!-- This site is optimized with the Yoast SEO plugin v27.3 - https:\/\/yoast.com\/product\/yoast-seo-wordpress\/ -->\n<title>GP de Holanda 2021: Und\u00e9cima posici\u00f3n para Pol Espargar\u00f3 - Box Repsol<\/title>\n<meta name=\"description\" content=\"El piloto del equipo Repsol Honda afrontar\u00e1 la carrera desde la cuarta fila de la parrilla. Una leve ca\u00edda impide a Marc M\u00e1rquez luchar por la Q2 y saldr\u00e1 ma\u00f1ana vig\u00e9simo.\" \/>\n<link rel=\"canonical\" href=\"https:\/\/www.boxrepsol.com\/es\/motogp\/qp-assen-espargaro\/\" \/>\n<meta property=\"og:locale\" content=\"es_ES\" \/>\n<meta property=\"og:type\" content=\"article\" \/>\n<meta property=\"og:title\" content=\"GP de Holanda 2021: Und\u00e9cima posici\u00f3n para Pol Espargar\u00f3 - Box Repsol\" \/>\n<meta property=\"og:description\" content=\"El piloto del equipo Repsol Honda afrontar\u00e1 la carrera desde la cuarta fila de la parrilla. Una leve ca\u00edda impide a Marc M\u00e1rquez luchar por la Q2 y saldr\u00e1 ma\u00f1ana vig\u00e9simo.\" \/>\n<meta property=\"og:url\" content=\"https:\/\/www.boxrepsol.com\/es\/motogp\/qp-assen-espargaro\/\" \/>\n<meta property=\"og:site_name\" content=\"Box Repsol\" \/>\n<meta property=\"article:publisher\" content=\"https:\/\/www.facebook.com\/BoxRepsol\" \/>\n<meta property=\"article:author\" content=\"https:\/\/www.facebook.com\/BoxRepsol\/\" \/>\n<meta property=\"article:published_time\" content=\"2021-06-26T02:00:00+00:00\" \/>\n<meta property=\"article:modified_time\" content=\"2024-04-12T15:32:44+00:00\" \/>\n<meta property=\"og:image\" content=\"https:\/\/bxrepsol.s3.eu-west-1.amazonaws.com\/static\/2022\/08\/09132012\/Espargaro_1280_720.jpg\" \/>\n\t<meta property=\"og:image:width\" content=\"1280\" \/>\n\t<meta property=\"og:image:height\" content=\"720\" \/>\n\t<meta property=\"og:image:type\" content=\"image\/jpeg\" \/>\n<meta name=\"author\" content=\"Redacci\u00f3n Box Repsol\" \/>\n<meta name=\"twitter:card\" content=\"summary_large_image\" \/>\n<meta name=\"twitter:creator\" content=\"@https:\/\/twitter.com\/box_repsol\" \/>\n<meta name=\"twitter:site\" content=\"@box_repsol\" \/>\n<meta name=\"twitter:label1\" content=\"Written by\" \/>\n\t<meta name=\"twitter:data1\" content=\"Redacci\u00f3n Box Repsol\" \/>\n\t<meta name=\"twitter:label2\" content=\"Est. reading time\" \/>\n\t<meta name=\"twitter:data2\" content=\"2 minutos\" \/>\n<script type=\"application\/ld+json\" class=\"yoast-schema-graph\">{\"@context\":\"https:\\\/\\\/schema.org\",\"@graph\":[{\"@type\":\"Article\",\"@id\":\"https:\\\/\\\/www.boxrepsol.com\\\/es\\\/motogp\\\/qp-assen-espargaro\\\/#article\",\"isPartOf\":{\"@id\":\"https:\\\/\\\/www.boxrepsol.com\\\/es\\\/motogp\\\/qp-assen-espargaro\\\/\"},\"author\":{\"name\":\"Redacci\u00f3n Box Repsol\",\"@id\":\"https:\\\/\\\/www.boxrepsol.com\\\/es\\\/#\\\/schema\\\/person\\\/c5c2138f2cca251b0ad92b7086bb60b7\"},\"headline\":\"GP de Holanda 2021: Und\u00e9cima posici\u00f3n para Pol Espargar\u00f3\",\"datePublished\":\"2021-06-26T02:00:00+00:00\",\"dateModified\":\"2024-04-12T15:32:44+00:00\",\"mainEntityOfPage\":{\"@id\":\"https:\\\/\\\/www.boxrepsol.com\\\/es\\\/motogp\\\/qp-assen-espargaro\\\/\"},\"wordCount\":454,\"commentCount\":0,\"publisher\":{\"@id\":\"https:\\\/\\\/www.boxrepsol.com\\\/es\\\/#organization\"},\"image\":{\"@id\":\"https:\\\/\\\/www.boxrepsol.com\\\/es\\\/motogp\\\/qp-assen-espargaro\\\/#primaryimage\"},\"thumbnailUrl\":\"https:\\\/\\\/bxrepsol.s3.eu-west-1.amazonaws.com\\\/static\\\/2022\\\/08\\\/09132012\\\/Espargaro_1280_720.jpg\",\"keywords\":[\"2021\",\"Campeonato del Mundo de Motociclismo\",\"MotoGP Holanda\"],\"articleSection\":[\"MotoGP\"],\"inLanguage\":\"es\",\"potentialAction\":[{\"@type\":\"CommentAction\",\"name\":\"Comment\",\"target\":[\"https:\\\/\\\/www.boxrepsol.com\\\/es\\\/motogp\\\/qp-assen-espargaro\\\/#respond\"]}]},{\"@type\":\"WebPage\",\"@id\":\"https:\\\/\\\/www.boxrepsol.com\\\/es\\\/motogp\\\/qp-assen-espargaro\\\/\",\"url\":\"https:\\\/\\\/www.boxrepsol.com\\\/es\\\/motogp\\\/qp-assen-espargaro\\\/\",\"name\":\"GP de Holanda 2021: Und\u00e9cima posici\u00f3n para Pol Espargar\u00f3 - Box Repsol\",\"isPartOf\":{\"@id\":\"https:\\\/\\\/www.boxrepsol.com\\\/es\\\/#website\"},\"primaryImageOfPage\":{\"@id\":\"https:\\\/\\\/www.boxrepsol.com\\\/es\\\/motogp\\\/qp-assen-espargaro\\\/#primaryimage\"},\"image\":{\"@id\":\"https:\\\/\\\/www.boxrepsol.com\\\/es\\\/motogp\\\/qp-assen-espargaro\\\/#primaryimage\"},\"thumbnailUrl\":\"https:\\\/\\\/bxrepsol.s3.eu-west-1.amazonaws.com\\\/static\\\/2022\\\/08\\\/09132012\\\/Espargaro_1280_720.jpg\",\"datePublished\":\"2021-06-26T02:00:00+00:00\",\"dateModified\":\"2024-04-12T15:32:44+00:00\",\"description\":\"El piloto del equipo Repsol Honda afrontar\u00e1 la carrera desde la cuarta fila de la parrilla. Una leve ca\u00edda impide a Marc M\u00e1rquez luchar por la Q2 y saldr\u00e1 ma\u00f1ana vig\u00e9simo.\",\"breadcrumb\":{\"@id\":\"https:\\\/\\\/www.boxrepsol.com\\\/es\\\/motogp\\\/qp-assen-espargaro\\\/#breadcrumb\"},\"inLanguage\":\"es\",\"potentialAction\":[{\"@type\":\"ReadAction\",\"target\":[\"https:\\\/\\\/www.boxrepsol.com\\\/es\\\/motogp\\\/qp-assen-espargaro\\\/\"]}]},{\"@type\":\"ImageObject\",\"inLanguage\":\"es\",\"@id\":\"https:\\\/\\\/www.boxrepsol.com\\\/es\\\/motogp\\\/qp-assen-espargaro\\\/#primaryimage\",\"url\":\"https:\\\/\\\/bxrepsol.s3.eu-west-1.amazonaws.com\\\/static\\\/2022\\\/08\\\/09132012\\\/Espargaro_1280_720.jpg\",\"contentUrl\":\"https:\\\/\\\/bxrepsol.s3.eu-west-1.amazonaws.com\\\/static\\\/2022\\\/08\\\/09132012\\\/Espargaro_1280_720.jpg\",\"width\":1280,\"height\":720,\"caption\":\"Espargar\u00f3_1280_720\"},{\"@type\":\"BreadcrumbList\",\"@id\":\"https:\\\/\\\/www.boxrepsol.com\\\/es\\\/motogp\\\/qp-assen-espargaro\\\/#breadcrumb\",\"itemListElement\":[{\"@type\":\"ListItem\",\"position\":1,\"name\":\"Home\",\"item\":\"https:\\\/\\\/www.boxrepsol.com\\\/es\\\/\"},{\"@type\":\"ListItem\",\"position\":2,\"name\":\"GP de Holanda 2021: Und\u00e9cima posici\u00f3n para Pol Espargar\u00f3\"}]},{\"@type\":\"WebSite\",\"@id\":\"https:\\\/\\\/www.boxrepsol.com\\\/es\\\/#website\",\"url\":\"https:\\\/\\\/www.boxrepsol.com\\\/es\\\/\",\"name\":\"Box Repsol\",\"description\":\"Box Repsol Site\",\"publisher\":{\"@id\":\"https:\\\/\\\/www.boxrepsol.com\\\/es\\\/#organization\"},\"potentialAction\":[{\"@type\":\"SearchAction\",\"target\":{\"@type\":\"EntryPoint\",\"urlTemplate\":\"https:\\\/\\\/www.boxrepsol.com\\\/es\\\/?s={search_term_string}\"},\"query-input\":{\"@type\":\"PropertyValueSpecification\",\"valueRequired\":true,\"valueName\":\"search_term_string\"}}],\"inLanguage\":\"es\"},{\"@type\":\"Organization\",\"@id\":\"https:\\\/\\\/www.boxrepsol.com\\\/es\\\/#organization\",\"name\":\"Box Repsol\",\"url\":\"https:\\\/\\\/www.boxrepsol.com\\\/es\\\/\",\"logo\":{\"@type\":\"ImageObject\",\"inLanguage\":\"es\",\"@id\":\"https:\\\/\\\/www.boxrepsol.com\\\/es\\\/#\\\/schema\\\/logo\\\/image\\\/\",\"url\":\"https:\\\/\\\/bxrepsol.s3.eu-west-1.amazonaws.com\\\/static\\\/2025\\\/07\\\/30083337\\\/favicon-96x96-1.png\",\"contentUrl\":\"https:\\\/\\\/bxrepsol.s3.eu-west-1.amazonaws.com\\\/static\\\/2025\\\/07\\\/30083337\\\/favicon-96x96-1.png\",\"width\":96,\"height\":96,\"caption\":\"Box Repsol\"},\"image\":{\"@id\":\"https:\\\/\\\/www.boxrepsol.com\\\/es\\\/#\\\/schema\\\/logo\\\/image\\\/\"},\"sameAs\":[\"https:\\\/\\\/www.facebook.com\\\/BoxRepsol\",\"https:\\\/\\\/x.com\\\/box_repsol\",\"http:\\\/\\\/instagram.com\\\/box_repsol\",\"https:\\\/\\\/www.youtube.com\\\/user\\\/RepsolCompeticion\",\"https:\\\/\\\/www.flickr.com\\\/photos\\\/box_repsol\\\/\"]},{\"@type\":\"Person\",\"@id\":\"https:\\\/\\\/www.boxrepsol.com\\\/es\\\/#\\\/schema\\\/person\\\/c5c2138f2cca251b0ad92b7086bb60b7\",\"name\":\"Redacci\u00f3n Box Repsol\",\"image\":{\"@type\":\"ImageObject\",\"inLanguage\":\"es\",\"@id\":\"https:\\\/\\\/secure.gravatar.com\\\/avatar\\\/adf7b77e38b4419baf32c7e9c21dde01f4e40df611f0978e3006fc4ba0aaab7e?s=96&d=mm&r=g\",\"url\":\"https:\\\/\\\/secure.gravatar.com\\\/avatar\\\/adf7b77e38b4419baf32c7e9c21dde01f4e40df611f0978e3006fc4ba0aaab7e?s=96&d=mm&r=g\",\"contentUrl\":\"https:\\\/\\\/secure.gravatar.com\\\/avatar\\\/adf7b77e38b4419baf32c7e9c21dde01f4e40df611f0978e3006fc4ba0aaab7e?s=96&d=mm&r=g\",\"caption\":\"Redacci\u00f3n Box Repsol\"},\"description\":\"Box Repsol lo forma un equipo de periodistas, community managers, dise\u00f1adores y fot\u00f3grafos con m\u00e1s de 20 a\u00f1os de experiencia en el mundo del motorsport. Hemos vivido el primer mundial de un espa\u00f1ol en la categor\u00eda reina de motociclismo con \u00c1lex Crivill\u00e9, estuvimos en las victorias de Pedrosa y los t\u00edtulos de M\u00e1rquez, acompa\u00f1amos en \u00c1frica a Nani Roma y Marc Coma en sus conquistas del Dakar y hemos vibrado con los t\u00edtulos de Toni Bou en Trial. Adem\u00e1s, en nuestro equipo contamos con expertos en el mundo de las dos y cuatro ruedas tanto de la calle y las carreteras, como de los circuitos. Periodistas que han trabajado en revistas y publicaciones para hacerte llegar desde rutas y consejos de mantenimiento, a curiosidades y trucos de pilotaje.\",\"sameAs\":[\"https:\\\/\\\/www.facebook.com\\\/BoxRepsol\\\/\",\"https:\\\/\\\/www.instagram.com\\\/box_repsol\\\/\",\"https:\\\/\\\/x.com\\\/https:\\\/\\\/twitter.com\\\/box_repsol\",\"https:\\\/\\\/www.youtube.com\\\/@Boxrepsol\"],\"url\":\"https:\\\/\\\/www.boxrepsol.com\\\/es\\\/author\\\/redaccion-box-repsol\\\/\"}]}<\/script>\n<!-- \/ Yoast SEO plugin. -->","yoast_head_json":{"title":"GP de Holanda 2021: Und\u00e9cima posici\u00f3n para Pol Espargar\u00f3 - Box Repsol","description":"El piloto del equipo Repsol Honda afrontar\u00e1 la carrera desde la cuarta fila de la parrilla. Una leve ca\u00edda impide a Marc M\u00e1rquez luchar por la Q2 y saldr\u00e1 ma\u00f1ana vig\u00e9simo.","canonical":"https:\/\/www.boxrepsol.com\/es\/motogp\/qp-assen-espargaro\/","og_locale":"es_ES","og_type":"article","og_title":"GP de Holanda 2021: Und\u00e9cima posici\u00f3n para Pol Espargar\u00f3 - Box Repsol","og_description":"El piloto del equipo Repsol Honda afrontar\u00e1 la carrera desde la cuarta fila de la parrilla. Una leve ca\u00edda impide a Marc M\u00e1rquez luchar por la Q2 y saldr\u00e1 ma\u00f1ana vig\u00e9simo.","og_url":"https:\/\/www.boxrepsol.com\/es\/motogp\/qp-assen-espargaro\/","og_site_name":"Box Repsol","article_publisher":"https:\/\/www.facebook.com\/BoxRepsol","article_author":"https:\/\/www.facebook.com\/BoxRepsol\/","article_published_time":"2021-06-26T02:00:00+00:00","article_modified_time":"2024-04-12T15:32:44+00:00","og_image":[{"width":1280,"height":720,"url":"https:\/\/bxrepsol.s3.eu-west-1.amazonaws.com\/static\/2022\/08\/09132012\/Espargaro_1280_720.jpg","type":"image\/jpeg"}],"author":"Redacci\u00f3n Box Repsol","twitter_card":"summary_large_image","twitter_creator":"@https:\/\/twitter.com\/box_repsol","twitter_site":"@box_repsol","twitter_misc":{"Written by":"Redacci\u00f3n Box Repsol","Est. reading time":"2 minutos"},"schema":{"@context":"https:\/\/schema.org","@graph":[{"@type":"Article","@id":"https:\/\/www.boxrepsol.com\/es\/motogp\/qp-assen-espargaro\/#article","isPartOf":{"@id":"https:\/\/www.boxrepsol.com\/es\/motogp\/qp-assen-espargaro\/"},"author":{"name":"Redacci\u00f3n Box Repsol","@id":"https:\/\/www.boxrepsol.com\/es\/#\/schema\/person\/c5c2138f2cca251b0ad92b7086bb60b7"},"headline":"GP de Holanda 2021: Und\u00e9cima posici\u00f3n para Pol Espargar\u00f3","datePublished":"2021-06-26T02:00:00+00:00","dateModified":"2024-04-12T15:32:44+00:00","mainEntityOfPage":{"@id":"https:\/\/www.boxrepsol.com\/es\/motogp\/qp-assen-espargaro\/"},"wordCount":454,"commentCount":0,"publisher":{"@id":"https:\/\/www.boxrepsol.com\/es\/#organization"},"image":{"@id":"https:\/\/www.boxrepsol.com\/es\/motogp\/qp-assen-espargaro\/#primaryimage"},"thumbnailUrl":"https:\/\/bxrepsol.s3.eu-west-1.amazonaws.com\/static\/2022\/08\/09132012\/Espargaro_1280_720.jpg","keywords":["2021","Campeonato del Mundo de Motociclismo","MotoGP Holanda"],"articleSection":["MotoGP"],"inLanguage":"es","potentialAction":[{"@type":"CommentAction","name":"Comment","target":["https:\/\/www.boxrepsol.com\/es\/motogp\/qp-assen-espargaro\/#respond"]}]},{"@type":"WebPage","@id":"https:\/\/www.boxrepsol.com\/es\/motogp\/qp-assen-espargaro\/","url":"https:\/\/www.boxrepsol.com\/es\/motogp\/qp-assen-espargaro\/","name":"GP de Holanda 2021: Und\u00e9cima posici\u00f3n para Pol Espargar\u00f3 - Box Repsol","isPartOf":{"@id":"https:\/\/www.boxrepsol.com\/es\/#website"},"primaryImageOfPage":{"@id":"https:\/\/www.boxrepsol.com\/es\/motogp\/qp-assen-espargaro\/#primaryimage"},"image":{"@id":"https:\/\/www.boxrepsol.com\/es\/motogp\/qp-assen-espargaro\/#primaryimage"},"thumbnailUrl":"https:\/\/bxrepsol.s3.eu-west-1.amazonaws.com\/static\/2022\/08\/09132012\/Espargaro_1280_720.jpg","datePublished":"2021-06-26T02:00:00+00:00","dateModified":"2024-04-12T15:32:44+00:00","description":"El piloto del equipo Repsol Honda afrontar\u00e1 la carrera desde la cuarta fila de la parrilla. Una leve ca\u00edda impide a Marc M\u00e1rquez luchar por la Q2 y saldr\u00e1 ma\u00f1ana vig\u00e9simo.","breadcrumb":{"@id":"https:\/\/www.boxrepsol.com\/es\/motogp\/qp-assen-espargaro\/#breadcrumb"},"inLanguage":"es","potentialAction":[{"@type":"ReadAction","target":["https:\/\/www.boxrepsol.com\/es\/motogp\/qp-assen-espargaro\/"]}]},{"@type":"ImageObject","inLanguage":"es","@id":"https:\/\/www.boxrepsol.com\/es\/motogp\/qp-assen-espargaro\/#primaryimage","url":"https:\/\/bxrepsol.s3.eu-west-1.amazonaws.com\/static\/2022\/08\/09132012\/Espargaro_1280_720.jpg","contentUrl":"https:\/\/bxrepsol.s3.eu-west-1.amazonaws.com\/static\/2022\/08\/09132012\/Espargaro_1280_720.jpg","width":1280,"height":720,"caption":"Espargar\u00f3_1280_720"},{"@type":"BreadcrumbList","@id":"https:\/\/www.boxrepsol.com\/es\/motogp\/qp-assen-espargaro\/#breadcrumb","itemListElement":[{"@type":"ListItem","position":1,"name":"Home","item":"https:\/\/www.boxrepsol.com\/es\/"},{"@type":"ListItem","position":2,"name":"GP de Holanda 2021: Und\u00e9cima posici\u00f3n para Pol Espargar\u00f3"}]},{"@type":"WebSite","@id":"https:\/\/www.boxrepsol.com\/es\/#website","url":"https:\/\/www.boxrepsol.com\/es\/","name":"Box Repsol","description":"Box Repsol Site","publisher":{"@id":"https:\/\/www.boxrepsol.com\/es\/#organization"},"potentialAction":[{"@type":"SearchAction","target":{"@type":"EntryPoint","urlTemplate":"https:\/\/www.boxrepsol.com\/es\/?s={search_term_string}"},"query-input":{"@type":"PropertyValueSpecification","valueRequired":true,"valueName":"search_term_string"}}],"inLanguage":"es"},{"@type":"Organization","@id":"https:\/\/www.boxrepsol.com\/es\/#organization","name":"Box Repsol","url":"https:\/\/www.boxrepsol.com\/es\/","logo":{"@type":"ImageObject","inLanguage":"es","@id":"https:\/\/www.boxrepsol.com\/es\/#\/schema\/logo\/image\/","url":"https:\/\/bxrepsol.s3.eu-west-1.amazonaws.com\/static\/2025\/07\/30083337\/favicon-96x96-1.png","contentUrl":"https:\/\/bxrepsol.s3.eu-west-1.amazonaws.com\/static\/2025\/07\/30083337\/favicon-96x96-1.png","width":96,"height":96,"caption":"Box Repsol"},"image":{"@id":"https:\/\/www.boxrepsol.com\/es\/#\/schema\/logo\/image\/"},"sameAs":["https:\/\/www.facebook.com\/BoxRepsol","https:\/\/x.com\/box_repsol","http:\/\/instagram.com\/box_repsol","https:\/\/www.youtube.com\/user\/RepsolCompeticion","https:\/\/www.flickr.com\/photos\/box_repsol\/"]},{"@type":"Person","@id":"https:\/\/www.boxrepsol.com\/es\/#\/schema\/person\/c5c2138f2cca251b0ad92b7086bb60b7","name":"Redacci\u00f3n Box Repsol","image":{"@type":"ImageObject","inLanguage":"es","@id":"https:\/\/secure.gravatar.com\/avatar\/adf7b77e38b4419baf32c7e9c21dde01f4e40df611f0978e3006fc4ba0aaab7e?s=96&d=mm&r=g","url":"https:\/\/secure.gravatar.com\/avatar\/adf7b77e38b4419baf32c7e9c21dde01f4e40df611f0978e3006fc4ba0aaab7e?s=96&d=mm&r=g","contentUrl":"https:\/\/secure.gravatar.com\/avatar\/adf7b77e38b4419baf32c7e9c21dde01f4e40df611f0978e3006fc4ba0aaab7e?s=96&d=mm&r=g","caption":"Redacci\u00f3n Box Repsol"},"description":"Box Repsol lo forma un equipo de periodistas, community managers, dise\u00f1adores y fot\u00f3grafos con m\u00e1s de 20 a\u00f1os de experiencia en el mundo del motorsport. Hemos vivido el primer mundial de un espa\u00f1ol en la categor\u00eda reina de motociclismo con \u00c1lex Crivill\u00e9, estuvimos en las victorias de Pedrosa y los t\u00edtulos de M\u00e1rquez, acompa\u00f1amos en \u00c1frica a Nani Roma y Marc Coma en sus conquistas del Dakar y hemos vibrado con los t\u00edtulos de Toni Bou en Trial. Adem\u00e1s, en nuestro equipo contamos con expertos en el mundo de las dos y cuatro ruedas tanto de la calle y las carreteras, como de los circuitos. Periodistas que han trabajado en revistas y publicaciones para hacerte llegar desde rutas y consejos de mantenimiento, a curiosidades y trucos de pilotaje.","sameAs":["https:\/\/www.facebook.com\/BoxRepsol\/","https:\/\/www.instagram.com\/box_repsol\/","https:\/\/x.com\/https:\/\/twitter.com\/box_repsol","https:\/\/www.youtube.com\/@Boxrepsol"],"url":"https:\/\/www.boxrepsol.com\/es\/author\/redaccion-box-repsol\/"}]}},"_links":{"self":[{"href":"https:\/\/www.boxrepsol.com\/es\/wp-json\/wp\/v2\/posts\/95017","targetHints":{"allow":["GET"]}}],"collection":[{"href":"https:\/\/www.boxrepsol.com\/es\/wp-json\/wp\/v2\/posts"}],"about":[{"href":"https:\/\/www.boxrepsol.com\/es\/wp-json\/wp\/v2\/types\/post"}],"author":[{"embeddable":true,"href":"https:\/\/www.boxrepsol.com\/es\/wp-json\/wp\/v2\/users\/43146"}],"replies":[{"embeddable":true,"href":"https:\/\/www.boxrepsol.com\/es\/wp-json\/wp\/v2\/comments?post=95017"}],"version-history":[{"count":1,"href":"https:\/\/www.boxrepsol.com\/es\/wp-json\/wp\/v2\/posts\/95017\/revisions"}],"predecessor-version":[{"id":114822,"href":"https:\/\/www.boxrepsol.com\/es\/wp-json\/wp\/v2\/posts\/95017\/revisions\/114822"}],"wp:featuredmedia":[{"embeddable":true,"href":"https:\/\/www.boxrepsol.com\/es\/wp-json\/wp\/v2\/media\/43273"}],"wp:attachment":[{"href":"https:\/\/www.boxrepsol.com\/es\/wp-json\/wp\/v2\/media?parent=95017"}],"wp:term":[{"taxonomy":"category","embeddable":true,"href":"https:\/\/www.boxrepsol.com\/es\/wp-json\/wp\/v2\/categories?post=95017"},{"taxonomy":"post_tag","embeddable":true,"href":"https:\/\/www.boxrepsol.com\/es\/wp-json\/wp\/v2\/tags?post=95017"}],"curies":[{"name":"wp","href":"https:\/\/api.w.org\/{rel}","templated":true}]}}