{"id":95016,"date":"2021-06-25T00:00:00","date_gmt":"2021-06-25T02:00:00","guid":{"rendered":"http:\/\/pre.boxrepsol.com\/sin-categorizar\/holanda-viernes-repsol-honda\/"},"modified":"2024-04-12T13:34:36","modified_gmt":"2024-04-12T15:34:36","slug":"holanda-viernes-repsol-honda","status":"publish","type":"post","link":"https:\/\/www.boxrepsol.com\/es\/motogp\/holanda-viernes-repsol-honda\/","title":{"rendered":"GP de Holanda 2021: Positivo primer d\u00eda para el equipo Repsol Honda"},"content":{"rendered":"<p>El circuito de Assen ha albergado hoy -con unas condiciones mixtas y estrenando un nuevo asfalto- las dos primeras sesiones de entrenamientos libres del fin de semana.<br \/>\n<strong><br \/>\nPol Espargar\u00f3<\/strong> ha completado el primer entrenamiento libre del d\u00eda con el segundo mejor tiempo. Debido a la lluvia que ha aparecido en la sesi\u00f3n de la tarde, en la que Pol ha logrado el d\u00e9cimo mejor tiempo, ha sido el registro del primer entrenamiento el que le ha servido al piloto del equipo <strong>Repsol Honda<\/strong> para asegurarse provisionalmente el pase a la Q2 de ma\u00f1ana s\u00e1bado.<\/p>\n<p>Con un tiempo de 1 minuto, 33 segundos y 183 mil\u00e9simas, Espargar\u00f3 ha completado hoy en Assen su mejor viernes desde que es piloto del equipo Repsol Honda.<\/p>\n<p>Su compa\u00f1ero de equipo, <strong>Marc M\u00e1rquez<\/strong>, tambi\u00e9n ha finalizado una jornada positiva en el m\u00edtico trazado holand\u00e9s. Por la ma\u00f1ana ha registrado el noveno mejor tiempo, pero en la segunda sesi\u00f3n del d\u00eda, en condiciones mixtas, el piloto del equipo <strong>Repsol Honda<\/strong> ha sido de los pocos que ha mejorado su registro.<\/p>\n<p>M\u00e1rquez, que ha sufrido una aparatosa ca\u00edda sin consecuencias en la segunda sesi\u00f3n, ha marcado un mejor tiempo de 1 minuto, 33 segundos y 560 mil\u00e9simas, registro que tambi\u00e9n le sit\u00faa provisionalmente en la Q2 de ma\u00f1ana.<\/p>\n<h2>Declaraciones de los pilotos<\/h2>\n<p><a href=\"https:\/\/twitter.com\/hashtag\/MM93?src=hash&#038;lang=es\">#MM93<\/a><\/p>\n<p><em>\u201cAntes que nada tengo que decir que me siento afortunado de estar en buenas condiciones en general, este tipo de ca\u00eddas pueden ser muy duras y peligrosas. Es doloroso, pero no pasa nada. Ha sido una ca\u00edda extra\u00f1a; no pens\u00e9 que estaba por encima del l\u00edmite y rodaba como si estuviera en la sesi\u00f3n de la ma\u00f1ana, encontrando el l\u00edmite y el camino a seguir. En esta curva confiamos mucho en el control de tracci\u00f3n, pero parece ser que algo ha pasado y cuando he cambiado la marcha, la parte trasera ha empezado a deslizar y luego me he ca\u00eddo. Necesitamos entender lo que ha sucedido para tener la confianza necesaria para atravesar esa curva nuevamente, porque ma\u00f1ana habr\u00e1 falta de confianza. A pesar de eso hemos tenido un d\u00eda positivo y en los entrenamientos libres 2 me he sentido bien\u201d.<br \/>\n<\/em><\/p>\n<hr\/>\n<p><a href=\"https:\/\/twitter.com\/hashtag\/POL44?src=hash&#038;lang=es\">#POL44<\/a><\/p>\n<p><em>\u201cHoy ha sido un buen d\u00eda, la moto ha funcionado bien, he estado pilotando realmente como quer\u00eda. Todo ha venido de una manera f\u00e1cil, no he tenido que sufrir. Por la tarde ten\u00edamos planes para probar otras cosas, pero la pista ha cambiado mucho incluso con lluvia ligera. En general, el resultado es muy positivo y estoy muy contento de c\u00f3mo ha ido el d\u00eda. El nuevo asfalto es realmente bueno, tiene mucho agarre. La ca\u00edda de hoy ha sido muy leve, \u00a1mi mono ni siquiera estaba rascado! Hoy, mis tiempos por vuelta muestran lo feliz que estoy sobre la moto\u201d.<br \/>\n<\/em><\/p>\n","protected":false},"excerpt":{"rendered":"<p>Pol Espargar\u00f3 ha finalizado la primera jornada del Gran Premio de Holanda como el segundo piloto m\u00e1s r\u00e1pido y Marc M\u00e1rquez lo ha hecho registrando el sexto mejor tiempo<\/p>\n","protected":false},"author":43146,"featured_media":43270,"comment_status":"open","ping_status":"open","sticky":false,"template":"","format":"standard","meta":{"footnotes":""},"categories":[4],"tags":[194,136,153],"class_list":["post-95016","post","type-post","status-publish","format-standard","hentry","category-motogp","tag-194","tag-campeonato-del-mundo-de-motociclismo","tag-motogp-holanda"],"yoast_head":"<!-- This site is optimized with the Yoast SEO plugin v27.3 - https:\/\/yoast.com\/product\/yoast-seo-wordpress\/ -->\n<title>GP de Holanda 2021: Positivo primer d\u00eda para el equipo Repsol Honda - Box Repsol<\/title>\n<meta name=\"description\" content=\"Pol Espargar\u00f3 ha finalizado la primera jornada del Gran Premio de Holanda como el segundo piloto m\u00e1s r\u00e1pido y Marc M\u00e1rquez con el sexto mejor tiempo.\" \/>\n<link rel=\"canonical\" href=\"https:\/\/www.boxrepsol.com\/es\/motogp\/holanda-viernes-repsol-honda\/\" \/>\n<meta property=\"og:locale\" content=\"es_ES\" \/>\n<meta property=\"og:type\" content=\"article\" \/>\n<meta property=\"og:title\" content=\"GP de Holanda 2021: Positivo primer d\u00eda para el equipo Repsol Honda - Box Repsol\" \/>\n<meta property=\"og:description\" content=\"Pol Espargar\u00f3 ha finalizado la primera jornada del Gran Premio de Holanda como el segundo piloto m\u00e1s r\u00e1pido y Marc M\u00e1rquez con el sexto mejor tiempo.\" \/>\n<meta property=\"og:url\" content=\"https:\/\/www.boxrepsol.com\/es\/motogp\/holanda-viernes-repsol-honda\/\" \/>\n<meta property=\"og:site_name\" content=\"Box Repsol\" \/>\n<meta property=\"article:publisher\" content=\"https:\/\/www.facebook.com\/BoxRepsol\" \/>\n<meta property=\"article:author\" content=\"https:\/\/www.facebook.com\/BoxRepsol\/\" \/>\n<meta property=\"article:published_time\" content=\"2021-06-25T02:00:00+00:00\" \/>\n<meta property=\"article:modified_time\" content=\"2024-04-12T15:34:36+00:00\" \/>\n<meta property=\"og:image\" content=\"https:\/\/bxrepsol.s3.eu-west-1.amazonaws.com\/static\/2022\/08\/09132010\/pol_espargaro_assen.jpg\" \/>\n\t<meta property=\"og:image:width\" content=\"1280\" \/>\n\t<meta property=\"og:image:height\" content=\"720\" \/>\n\t<meta property=\"og:image:type\" content=\"image\/jpeg\" \/>\n<meta name=\"author\" content=\"Redacci\u00f3n Box Repsol\" \/>\n<meta name=\"twitter:card\" content=\"summary_large_image\" \/>\n<meta name=\"twitter:creator\" content=\"@https:\/\/twitter.com\/box_repsol\" \/>\n<meta name=\"twitter:site\" content=\"@box_repsol\" \/>\n<meta name=\"twitter:label1\" content=\"Written by\" \/>\n\t<meta name=\"twitter:data1\" content=\"Redacci\u00f3n Box Repsol\" \/>\n\t<meta name=\"twitter:label2\" content=\"Est. reading time\" \/>\n\t<meta name=\"twitter:data2\" content=\"2 minutos\" \/>\n<script type=\"application\/ld+json\" class=\"yoast-schema-graph\">{\"@context\":\"https:\\\/\\\/schema.org\",\"@graph\":[{\"@type\":\"Article\",\"@id\":\"https:\\\/\\\/www.boxrepsol.com\\\/es\\\/motogp\\\/holanda-viernes-repsol-honda\\\/#article\",\"isPartOf\":{\"@id\":\"https:\\\/\\\/www.boxrepsol.com\\\/es\\\/motogp\\\/holanda-viernes-repsol-honda\\\/\"},\"author\":{\"name\":\"Redacci\u00f3n Box Repsol\",\"@id\":\"https:\\\/\\\/www.boxrepsol.com\\\/es\\\/#\\\/schema\\\/person\\\/c5c2138f2cca251b0ad92b7086bb60b7\"},\"headline\":\"GP de Holanda 2021: Positivo primer d\u00eda para el equipo Repsol Honda\",\"datePublished\":\"2021-06-25T02:00:00+00:00\",\"dateModified\":\"2024-04-12T15:34:36+00:00\",\"mainEntityOfPage\":{\"@id\":\"https:\\\/\\\/www.boxrepsol.com\\\/es\\\/motogp\\\/holanda-viernes-repsol-honda\\\/\"},\"wordCount\":503,\"commentCount\":0,\"publisher\":{\"@id\":\"https:\\\/\\\/www.boxrepsol.com\\\/es\\\/#organization\"},\"image\":{\"@id\":\"https:\\\/\\\/www.boxrepsol.com\\\/es\\\/motogp\\\/holanda-viernes-repsol-honda\\\/#primaryimage\"},\"thumbnailUrl\":\"https:\\\/\\\/bxrepsol.s3.eu-west-1.amazonaws.com\\\/static\\\/2022\\\/08\\\/09132010\\\/pol_espargaro_assen.jpg\",\"keywords\":[\"2021\",\"Campeonato del Mundo de Motociclismo\",\"MotoGP Holanda\"],\"articleSection\":[\"MotoGP\"],\"inLanguage\":\"es\",\"potentialAction\":[{\"@type\":\"CommentAction\",\"name\":\"Comment\",\"target\":[\"https:\\\/\\\/www.boxrepsol.com\\\/es\\\/motogp\\\/holanda-viernes-repsol-honda\\\/#respond\"]}]},{\"@type\":\"WebPage\",\"@id\":\"https:\\\/\\\/www.boxrepsol.com\\\/es\\\/motogp\\\/holanda-viernes-repsol-honda\\\/\",\"url\":\"https:\\\/\\\/www.boxrepsol.com\\\/es\\\/motogp\\\/holanda-viernes-repsol-honda\\\/\",\"name\":\"GP de Holanda 2021: Positivo primer d\u00eda para el equipo Repsol Honda - Box Repsol\",\"isPartOf\":{\"@id\":\"https:\\\/\\\/www.boxrepsol.com\\\/es\\\/#website\"},\"primaryImageOfPage\":{\"@id\":\"https:\\\/\\\/www.boxrepsol.com\\\/es\\\/motogp\\\/holanda-viernes-repsol-honda\\\/#primaryimage\"},\"image\":{\"@id\":\"https:\\\/\\\/www.boxrepsol.com\\\/es\\\/motogp\\\/holanda-viernes-repsol-honda\\\/#primaryimage\"},\"thumbnailUrl\":\"https:\\\/\\\/bxrepsol.s3.eu-west-1.amazonaws.com\\\/static\\\/2022\\\/08\\\/09132010\\\/pol_espargaro_assen.jpg\",\"datePublished\":\"2021-06-25T02:00:00+00:00\",\"dateModified\":\"2024-04-12T15:34:36+00:00\",\"description\":\"Pol Espargar\u00f3 ha finalizado la primera jornada del Gran Premio de Holanda como el segundo piloto m\u00e1s r\u00e1pido y Marc M\u00e1rquez con el sexto mejor tiempo.\",\"breadcrumb\":{\"@id\":\"https:\\\/\\\/www.boxrepsol.com\\\/es\\\/motogp\\\/holanda-viernes-repsol-honda\\\/#breadcrumb\"},\"inLanguage\":\"es\",\"potentialAction\":[{\"@type\":\"ReadAction\",\"target\":[\"https:\\\/\\\/www.boxrepsol.com\\\/es\\\/motogp\\\/holanda-viernes-repsol-honda\\\/\"]}]},{\"@type\":\"ImageObject\",\"inLanguage\":\"es\",\"@id\":\"https:\\\/\\\/www.boxrepsol.com\\\/es\\\/motogp\\\/holanda-viernes-repsol-honda\\\/#primaryimage\",\"url\":\"https:\\\/\\\/bxrepsol.s3.eu-west-1.amazonaws.com\\\/static\\\/2022\\\/08\\\/09132010\\\/pol_espargaro_assen.jpg\",\"contentUrl\":\"https:\\\/\\\/bxrepsol.s3.eu-west-1.amazonaws.com\\\/static\\\/2022\\\/08\\\/09132010\\\/pol_espargaro_assen.jpg\",\"width\":1280,\"height\":720,\"caption\":\"pol_espargaro_assen\"},{\"@type\":\"BreadcrumbList\",\"@id\":\"https:\\\/\\\/www.boxrepsol.com\\\/es\\\/motogp\\\/holanda-viernes-repsol-honda\\\/#breadcrumb\",\"itemListElement\":[{\"@type\":\"ListItem\",\"position\":1,\"name\":\"Home\",\"item\":\"https:\\\/\\\/www.boxrepsol.com\\\/es\\\/\"},{\"@type\":\"ListItem\",\"position\":2,\"name\":\"GP de Holanda 2021: Positivo primer d\u00eda para el equipo Repsol Honda\"}]},{\"@type\":\"WebSite\",\"@id\":\"https:\\\/\\\/www.boxrepsol.com\\\/es\\\/#website\",\"url\":\"https:\\\/\\\/www.boxrepsol.com\\\/es\\\/\",\"name\":\"Box Repsol\",\"description\":\"Box Repsol Site\",\"publisher\":{\"@id\":\"https:\\\/\\\/www.boxrepsol.com\\\/es\\\/#organization\"},\"potentialAction\":[{\"@type\":\"SearchAction\",\"target\":{\"@type\":\"EntryPoint\",\"urlTemplate\":\"https:\\\/\\\/www.boxrepsol.com\\\/es\\\/?s={search_term_string}\"},\"query-input\":{\"@type\":\"PropertyValueSpecification\",\"valueRequired\":true,\"valueName\":\"search_term_string\"}}],\"inLanguage\":\"es\"},{\"@type\":\"Organization\",\"@id\":\"https:\\\/\\\/www.boxrepsol.com\\\/es\\\/#organization\",\"name\":\"Box Repsol\",\"url\":\"https:\\\/\\\/www.boxrepsol.com\\\/es\\\/\",\"logo\":{\"@type\":\"ImageObject\",\"inLanguage\":\"es\",\"@id\":\"https:\\\/\\\/www.boxrepsol.com\\\/es\\\/#\\\/schema\\\/logo\\\/image\\\/\",\"url\":\"https:\\\/\\\/bxrepsol.s3.eu-west-1.amazonaws.com\\\/static\\\/2025\\\/07\\\/30083337\\\/favicon-96x96-1.png\",\"contentUrl\":\"https:\\\/\\\/bxrepsol.s3.eu-west-1.amazonaws.com\\\/static\\\/2025\\\/07\\\/30083337\\\/favicon-96x96-1.png\",\"width\":96,\"height\":96,\"caption\":\"Box Repsol\"},\"image\":{\"@id\":\"https:\\\/\\\/www.boxrepsol.com\\\/es\\\/#\\\/schema\\\/logo\\\/image\\\/\"},\"sameAs\":[\"https:\\\/\\\/www.facebook.com\\\/BoxRepsol\",\"https:\\\/\\\/x.com\\\/box_repsol\",\"http:\\\/\\\/instagram.com\\\/box_repsol\",\"https:\\\/\\\/www.youtube.com\\\/user\\\/RepsolCompeticion\",\"https:\\\/\\\/www.flickr.com\\\/photos\\\/box_repsol\\\/\"]},{\"@type\":\"Person\",\"@id\":\"https:\\\/\\\/www.boxrepsol.com\\\/es\\\/#\\\/schema\\\/person\\\/c5c2138f2cca251b0ad92b7086bb60b7\",\"name\":\"Redacci\u00f3n Box Repsol\",\"image\":{\"@type\":\"ImageObject\",\"inLanguage\":\"es\",\"@id\":\"https:\\\/\\\/secure.gravatar.com\\\/avatar\\\/adf7b77e38b4419baf32c7e9c21dde01f4e40df611f0978e3006fc4ba0aaab7e?s=96&d=mm&r=g\",\"url\":\"https:\\\/\\\/secure.gravatar.com\\\/avatar\\\/adf7b77e38b4419baf32c7e9c21dde01f4e40df611f0978e3006fc4ba0aaab7e?s=96&d=mm&r=g\",\"contentUrl\":\"https:\\\/\\\/secure.gravatar.com\\\/avatar\\\/adf7b77e38b4419baf32c7e9c21dde01f4e40df611f0978e3006fc4ba0aaab7e?s=96&d=mm&r=g\",\"caption\":\"Redacci\u00f3n Box Repsol\"},\"description\":\"Box Repsol lo forma un equipo de periodistas, community managers, dise\u00f1adores y fot\u00f3grafos con m\u00e1s de 20 a\u00f1os de experiencia en el mundo del motorsport. Hemos vivido el primer mundial de un espa\u00f1ol en la categor\u00eda reina de motociclismo con \u00c1lex Crivill\u00e9, estuvimos en las victorias de Pedrosa y los t\u00edtulos de M\u00e1rquez, acompa\u00f1amos en \u00c1frica a Nani Roma y Marc Coma en sus conquistas del Dakar y hemos vibrado con los t\u00edtulos de Toni Bou en Trial. Adem\u00e1s, en nuestro equipo contamos con expertos en el mundo de las dos y cuatro ruedas tanto de la calle y las carreteras, como de los circuitos. Periodistas que han trabajado en revistas y publicaciones para hacerte llegar desde rutas y consejos de mantenimiento, a curiosidades y trucos de pilotaje.\",\"sameAs\":[\"https:\\\/\\\/www.facebook.com\\\/BoxRepsol\\\/\",\"https:\\\/\\\/www.instagram.com\\\/box_repsol\\\/\",\"https:\\\/\\\/x.com\\\/https:\\\/\\\/twitter.com\\\/box_repsol\",\"https:\\\/\\\/www.youtube.com\\\/@Boxrepsol\"],\"url\":\"https:\\\/\\\/www.boxrepsol.com\\\/es\\\/author\\\/redaccion-box-repsol\\\/\"}]}<\/script>\n<!-- \/ Yoast SEO plugin. -->","yoast_head_json":{"title":"GP de Holanda 2021: Positivo primer d\u00eda para el equipo Repsol Honda - Box Repsol","description":"Pol Espargar\u00f3 ha finalizado la primera jornada del Gran Premio de Holanda como el segundo piloto m\u00e1s r\u00e1pido y Marc M\u00e1rquez con el sexto mejor tiempo.","canonical":"https:\/\/www.boxrepsol.com\/es\/motogp\/holanda-viernes-repsol-honda\/","og_locale":"es_ES","og_type":"article","og_title":"GP de Holanda 2021: Positivo primer d\u00eda para el equipo Repsol Honda - Box Repsol","og_description":"Pol Espargar\u00f3 ha finalizado la primera jornada del Gran Premio de Holanda como el segundo piloto m\u00e1s r\u00e1pido y Marc M\u00e1rquez con el sexto mejor tiempo.","og_url":"https:\/\/www.boxrepsol.com\/es\/motogp\/holanda-viernes-repsol-honda\/","og_site_name":"Box Repsol","article_publisher":"https:\/\/www.facebook.com\/BoxRepsol","article_author":"https:\/\/www.facebook.com\/BoxRepsol\/","article_published_time":"2021-06-25T02:00:00+00:00","article_modified_time":"2024-04-12T15:34:36+00:00","og_image":[{"width":1280,"height":720,"url":"https:\/\/bxrepsol.s3.eu-west-1.amazonaws.com\/static\/2022\/08\/09132010\/pol_espargaro_assen.jpg","type":"image\/jpeg"}],"author":"Redacci\u00f3n Box Repsol","twitter_card":"summary_large_image","twitter_creator":"@https:\/\/twitter.com\/box_repsol","twitter_site":"@box_repsol","twitter_misc":{"Written by":"Redacci\u00f3n Box Repsol","Est. reading time":"2 minutos"},"schema":{"@context":"https:\/\/schema.org","@graph":[{"@type":"Article","@id":"https:\/\/www.boxrepsol.com\/es\/motogp\/holanda-viernes-repsol-honda\/#article","isPartOf":{"@id":"https:\/\/www.boxrepsol.com\/es\/motogp\/holanda-viernes-repsol-honda\/"},"author":{"name":"Redacci\u00f3n Box Repsol","@id":"https:\/\/www.boxrepsol.com\/es\/#\/schema\/person\/c5c2138f2cca251b0ad92b7086bb60b7"},"headline":"GP de Holanda 2021: Positivo primer d\u00eda para el equipo Repsol Honda","datePublished":"2021-06-25T02:00:00+00:00","dateModified":"2024-04-12T15:34:36+00:00","mainEntityOfPage":{"@id":"https:\/\/www.boxrepsol.com\/es\/motogp\/holanda-viernes-repsol-honda\/"},"wordCount":503,"commentCount":0,"publisher":{"@id":"https:\/\/www.boxrepsol.com\/es\/#organization"},"image":{"@id":"https:\/\/www.boxrepsol.com\/es\/motogp\/holanda-viernes-repsol-honda\/#primaryimage"},"thumbnailUrl":"https:\/\/bxrepsol.s3.eu-west-1.amazonaws.com\/static\/2022\/08\/09132010\/pol_espargaro_assen.jpg","keywords":["2021","Campeonato del Mundo de Motociclismo","MotoGP Holanda"],"articleSection":["MotoGP"],"inLanguage":"es","potentialAction":[{"@type":"CommentAction","name":"Comment","target":["https:\/\/www.boxrepsol.com\/es\/motogp\/holanda-viernes-repsol-honda\/#respond"]}]},{"@type":"WebPage","@id":"https:\/\/www.boxrepsol.com\/es\/motogp\/holanda-viernes-repsol-honda\/","url":"https:\/\/www.boxrepsol.com\/es\/motogp\/holanda-viernes-repsol-honda\/","name":"GP de Holanda 2021: Positivo primer d\u00eda para el equipo Repsol Honda - Box Repsol","isPartOf":{"@id":"https:\/\/www.boxrepsol.com\/es\/#website"},"primaryImageOfPage":{"@id":"https:\/\/www.boxrepsol.com\/es\/motogp\/holanda-viernes-repsol-honda\/#primaryimage"},"image":{"@id":"https:\/\/www.boxrepsol.com\/es\/motogp\/holanda-viernes-repsol-honda\/#primaryimage"},"thumbnailUrl":"https:\/\/bxrepsol.s3.eu-west-1.amazonaws.com\/static\/2022\/08\/09132010\/pol_espargaro_assen.jpg","datePublished":"2021-06-25T02:00:00+00:00","dateModified":"2024-04-12T15:34:36+00:00","description":"Pol Espargar\u00f3 ha finalizado la primera jornada del Gran Premio de Holanda como el segundo piloto m\u00e1s r\u00e1pido y Marc M\u00e1rquez con el sexto mejor tiempo.","breadcrumb":{"@id":"https:\/\/www.boxrepsol.com\/es\/motogp\/holanda-viernes-repsol-honda\/#breadcrumb"},"inLanguage":"es","potentialAction":[{"@type":"ReadAction","target":["https:\/\/www.boxrepsol.com\/es\/motogp\/holanda-viernes-repsol-honda\/"]}]},{"@type":"ImageObject","inLanguage":"es","@id":"https:\/\/www.boxrepsol.com\/es\/motogp\/holanda-viernes-repsol-honda\/#primaryimage","url":"https:\/\/bxrepsol.s3.eu-west-1.amazonaws.com\/static\/2022\/08\/09132010\/pol_espargaro_assen.jpg","contentUrl":"https:\/\/bxrepsol.s3.eu-west-1.amazonaws.com\/static\/2022\/08\/09132010\/pol_espargaro_assen.jpg","width":1280,"height":720,"caption":"pol_espargaro_assen"},{"@type":"BreadcrumbList","@id":"https:\/\/www.boxrepsol.com\/es\/motogp\/holanda-viernes-repsol-honda\/#breadcrumb","itemListElement":[{"@type":"ListItem","position":1,"name":"Home","item":"https:\/\/www.boxrepsol.com\/es\/"},{"@type":"ListItem","position":2,"name":"GP de Holanda 2021: Positivo primer d\u00eda para el equipo Repsol Honda"}]},{"@type":"WebSite","@id":"https:\/\/www.boxrepsol.com\/es\/#website","url":"https:\/\/www.boxrepsol.com\/es\/","name":"Box Repsol","description":"Box Repsol Site","publisher":{"@id":"https:\/\/www.boxrepsol.com\/es\/#organization"},"potentialAction":[{"@type":"SearchAction","target":{"@type":"EntryPoint","urlTemplate":"https:\/\/www.boxrepsol.com\/es\/?s={search_term_string}"},"query-input":{"@type":"PropertyValueSpecification","valueRequired":true,"valueName":"search_term_string"}}],"inLanguage":"es"},{"@type":"Organization","@id":"https:\/\/www.boxrepsol.com\/es\/#organization","name":"Box Repsol","url":"https:\/\/www.boxrepsol.com\/es\/","logo":{"@type":"ImageObject","inLanguage":"es","@id":"https:\/\/www.boxrepsol.com\/es\/#\/schema\/logo\/image\/","url":"https:\/\/bxrepsol.s3.eu-west-1.amazonaws.com\/static\/2025\/07\/30083337\/favicon-96x96-1.png","contentUrl":"https:\/\/bxrepsol.s3.eu-west-1.amazonaws.com\/static\/2025\/07\/30083337\/favicon-96x96-1.png","width":96,"height":96,"caption":"Box Repsol"},"image":{"@id":"https:\/\/www.boxrepsol.com\/es\/#\/schema\/logo\/image\/"},"sameAs":["https:\/\/www.facebook.com\/BoxRepsol","https:\/\/x.com\/box_repsol","http:\/\/instagram.com\/box_repsol","https:\/\/www.youtube.com\/user\/RepsolCompeticion","https:\/\/www.flickr.com\/photos\/box_repsol\/"]},{"@type":"Person","@id":"https:\/\/www.boxrepsol.com\/es\/#\/schema\/person\/c5c2138f2cca251b0ad92b7086bb60b7","name":"Redacci\u00f3n Box Repsol","image":{"@type":"ImageObject","inLanguage":"es","@id":"https:\/\/secure.gravatar.com\/avatar\/adf7b77e38b4419baf32c7e9c21dde01f4e40df611f0978e3006fc4ba0aaab7e?s=96&d=mm&r=g","url":"https:\/\/secure.gravatar.com\/avatar\/adf7b77e38b4419baf32c7e9c21dde01f4e40df611f0978e3006fc4ba0aaab7e?s=96&d=mm&r=g","contentUrl":"https:\/\/secure.gravatar.com\/avatar\/adf7b77e38b4419baf32c7e9c21dde01f4e40df611f0978e3006fc4ba0aaab7e?s=96&d=mm&r=g","caption":"Redacci\u00f3n Box Repsol"},"description":"Box Repsol lo forma un equipo de periodistas, community managers, dise\u00f1adores y fot\u00f3grafos con m\u00e1s de 20 a\u00f1os de experiencia en el mundo del motorsport. Hemos vivido el primer mundial de un espa\u00f1ol en la categor\u00eda reina de motociclismo con \u00c1lex Crivill\u00e9, estuvimos en las victorias de Pedrosa y los t\u00edtulos de M\u00e1rquez, acompa\u00f1amos en \u00c1frica a Nani Roma y Marc Coma en sus conquistas del Dakar y hemos vibrado con los t\u00edtulos de Toni Bou en Trial. Adem\u00e1s, en nuestro equipo contamos con expertos en el mundo de las dos y cuatro ruedas tanto de la calle y las carreteras, como de los circuitos. Periodistas que han trabajado en revistas y publicaciones para hacerte llegar desde rutas y consejos de mantenimiento, a curiosidades y trucos de pilotaje.","sameAs":["https:\/\/www.facebook.com\/BoxRepsol\/","https:\/\/www.instagram.com\/box_repsol\/","https:\/\/x.com\/https:\/\/twitter.com\/box_repsol","https:\/\/www.youtube.com\/@Boxrepsol"],"url":"https:\/\/www.boxrepsol.com\/es\/author\/redaccion-box-repsol\/"}]}},"_links":{"self":[{"href":"https:\/\/www.boxrepsol.com\/es\/wp-json\/wp\/v2\/posts\/95016","targetHints":{"allow":["GET"]}}],"collection":[{"href":"https:\/\/www.boxrepsol.com\/es\/wp-json\/wp\/v2\/posts"}],"about":[{"href":"https:\/\/www.boxrepsol.com\/es\/wp-json\/wp\/v2\/types\/post"}],"author":[{"embeddable":true,"href":"https:\/\/www.boxrepsol.com\/es\/wp-json\/wp\/v2\/users\/43146"}],"replies":[{"embeddable":true,"href":"https:\/\/www.boxrepsol.com\/es\/wp-json\/wp\/v2\/comments?post=95016"}],"version-history":[{"count":1,"href":"https:\/\/www.boxrepsol.com\/es\/wp-json\/wp\/v2\/posts\/95016\/revisions"}],"predecessor-version":[{"id":114823,"href":"https:\/\/www.boxrepsol.com\/es\/wp-json\/wp\/v2\/posts\/95016\/revisions\/114823"}],"wp:featuredmedia":[{"embeddable":true,"href":"https:\/\/www.boxrepsol.com\/es\/wp-json\/wp\/v2\/media\/43270"}],"wp:attachment":[{"href":"https:\/\/www.boxrepsol.com\/es\/wp-json\/wp\/v2\/media?parent=95016"}],"wp:term":[{"taxonomy":"category","embeddable":true,"href":"https:\/\/www.boxrepsol.com\/es\/wp-json\/wp\/v2\/categories?post=95016"},{"taxonomy":"post_tag","embeddable":true,"href":"https:\/\/www.boxrepsol.com\/es\/wp-json\/wp\/v2\/tags?post=95016"}],"curies":[{"name":"wp","href":"https:\/\/api.w.org\/{rel}","templated":true}]}}