{"id":94991,"date":"2021-06-08T00:00:00","date_gmt":"2021-06-08T02:00:00","guid":{"rendered":"http:\/\/pre.boxrepsol.com\/sin-categorizar\/hay-un-problema-tenemos-que-solucionarlo-y-estamos-trabajando-en-ello\/"},"modified":"2024-04-12T13:49:57","modified_gmt":"2024-04-12T15:49:57","slug":"hay-un-problema-tenemos-que-solucionarlo-y-estamos-trabajando-en-ello","status":"publish","type":"post","link":"https:\/\/www.boxrepsol.com\/es\/motogp\/hay-un-problema-tenemos-que-solucionarlo-y-estamos-trabajando-en-ello\/","title":{"rendered":"\u201cHay un problema, tenemos que solucionarlo y estamos trabajando en ello\u201d"},"content":{"rendered":"<p><strong>El resultado en Barcelona fue peor de lo que se esperaba&#8230;<\/strong><\/p>\n<p>\u201cCorrecto, no esper\u00e1bamos que nuestros dos pilotos cayesen. No es bueno, no hay nada m\u00e1s que a\u00f1adir\u201d.<\/p>\n<p><strong>\u00bfHay algunos aspectos positivos?<\/strong><\/p>\n<p>\u201cDesde un punto de vista general, no se puede encontrar un punto positivo. Todo lo que podemos decir es que HRC y el equipo est\u00e1n 100% focalizados en resolver estos problemas y tratar de encontrar y crear soluciones para nuestros pilotos. Si hablamos de las ca\u00eddas en s\u00ed, entonces el punto positivo es que ambos pilotos salieron ilesos y sin consecuencias\u201d.<\/p>\n<p><strong>Todos los pilotos de Honda parecen estar sufriendo, Marc todav\u00eda no est\u00e1 al 100% en forma. \u00bfHay alguna excusa por parte de HRC?<\/strong><\/p>\n<p>\u201cHonda HRC nunca busca excusas y tampoco sus pilotos. Hay un problema, tenemos que solucionarlo y estamos trabajando en ello\u201d.<\/p>\n<p><strong>La pr\u00f3xima carrera es en Sachsenring, \u00bfes un trazado que ser\u00e1 mejor para nuestros pilotos?<\/strong><\/p>\n<p>\u201cAhora mismo, la prioridad es solucionar los problemas. Sachsenring es un circuito donde nuestros pilotos siempre han sido r\u00e1pidos, especialmente Marc. Todos conocemos su velocidad all\u00ed. Pero en este momento, no tenemos las circunstancias perfectas para dar un gran paso entre carreras, es decir, desde Barcelona para luego lograr un gran resultado en Alemania. En cualquier caso, por supuesto, lo intentaremos\u201d.<\/p>\n<p><strong>\u00bfAlg\u00fan aspecto a destacar a parte de las declaraciones oficiales?<\/strong><\/p>\n<p>\u201cFinalmente, este fin de semana vimos al p\u00fablico regresar a las gradas por primera vez en 2021; paso a paso, la situaci\u00f3n global se est\u00e1 acercando a la normalidad para todos. Pero para nosotros, no ser\u00e1 normal hasta que ganemos de nuevo\u201d.<\/p>\n","protected":false},"excerpt":{"rendered":"<p>Alberto Puig valora un fin de semana complicado en Barcelona para el equipo Repsol Honda, en la que ha sido la s\u00e9ptima cita de la temporada<\/p>\n","protected":false},"author":43146,"featured_media":40678,"comment_status":"open","ping_status":"open","sticky":false,"template":"","format":"standard","meta":{"footnotes":""},"categories":[4],"tags":[194,136],"class_list":["post-94991","post","type-post","status-publish","format-standard","hentry","category-motogp","tag-194","tag-campeonato-del-mundo-de-motociclismo"],"yoast_head":"<!-- This site is optimized with the Yoast SEO plugin v27.3 - https:\/\/yoast.com\/product\/yoast-seo-wordpress\/ -->\n<title>\u201cHay un problema, tenemos que solucionarlo y estamos trabajando en ello\u201d - Box Repsol<\/title>\n<meta name=\"description\" content=\"Alberto Puig valora un fin de semana complicado en Barcelona para el equipo Repsol Honda, en la que ha sido la s\u00e9ptima cita de la temporada\" \/>\n<link rel=\"canonical\" href=\"https:\/\/www.boxrepsol.com\/es\/motogp\/hay-un-problema-tenemos-que-solucionarlo-y-estamos-trabajando-en-ello\/\" \/>\n<meta property=\"og:locale\" content=\"es_ES\" \/>\n<meta property=\"og:type\" content=\"article\" \/>\n<meta property=\"og:title\" content=\"\u201cHay un problema, tenemos que solucionarlo y estamos trabajando en ello\u201d - Box Repsol\" \/>\n<meta property=\"og:description\" content=\"Alberto Puig valora un fin de semana complicado en Barcelona para el equipo Repsol Honda, en la que ha sido la s\u00e9ptima cita de la temporada\" \/>\n<meta property=\"og:url\" content=\"https:\/\/www.boxrepsol.com\/es\/motogp\/hay-un-problema-tenemos-que-solucionarlo-y-estamos-trabajando-en-ello\/\" \/>\n<meta property=\"og:site_name\" content=\"Box Repsol\" \/>\n<meta property=\"article:publisher\" content=\"https:\/\/www.facebook.com\/BoxRepsol\" \/>\n<meta property=\"article:author\" content=\"https:\/\/www.facebook.com\/BoxRepsol\/\" \/>\n<meta property=\"article:published_time\" content=\"2021-06-08T02:00:00+00:00\" \/>\n<meta property=\"article:modified_time\" content=\"2024-04-12T15:49:57+00:00\" \/>\n<meta property=\"og:image\" content=\"https:\/\/bxrepsol.s3.eu-west-1.amazonaws.com\/static\/2022\/08\/09115632\/alberto-puig.jpg\" \/>\n\t<meta property=\"og:image:width\" content=\"1280\" \/>\n\t<meta property=\"og:image:height\" content=\"720\" \/>\n\t<meta property=\"og:image:type\" content=\"image\/jpeg\" \/>\n<meta name=\"author\" content=\"Redacci\u00f3n Box Repsol\" \/>\n<meta name=\"twitter:card\" content=\"summary_large_image\" \/>\n<meta name=\"twitter:creator\" content=\"@https:\/\/twitter.com\/box_repsol\" \/>\n<meta name=\"twitter:site\" content=\"@box_repsol\" \/>\n<meta name=\"twitter:label1\" content=\"Written by\" \/>\n\t<meta name=\"twitter:data1\" content=\"Redacci\u00f3n Box Repsol\" \/>\n\t<meta name=\"twitter:label2\" content=\"Est. reading time\" \/>\n\t<meta name=\"twitter:data2\" content=\"1 minuto\" \/>\n<script type=\"application\/ld+json\" class=\"yoast-schema-graph\">{\"@context\":\"https:\\\/\\\/schema.org\",\"@graph\":[{\"@type\":\"Article\",\"@id\":\"https:\\\/\\\/www.boxrepsol.com\\\/es\\\/motogp\\\/hay-un-problema-tenemos-que-solucionarlo-y-estamos-trabajando-en-ello\\\/#article\",\"isPartOf\":{\"@id\":\"https:\\\/\\\/www.boxrepsol.com\\\/es\\\/motogp\\\/hay-un-problema-tenemos-que-solucionarlo-y-estamos-trabajando-en-ello\\\/\"},\"author\":{\"name\":\"Redacci\u00f3n Box Repsol\",\"@id\":\"https:\\\/\\\/www.boxrepsol.com\\\/es\\\/#\\\/schema\\\/person\\\/c5c2138f2cca251b0ad92b7086bb60b7\"},\"headline\":\"\u201cHay un problema, tenemos que solucionarlo y estamos trabajando en ello\u201d\",\"datePublished\":\"2021-06-08T02:00:00+00:00\",\"dateModified\":\"2024-04-12T15:49:57+00:00\",\"mainEntityOfPage\":{\"@id\":\"https:\\\/\\\/www.boxrepsol.com\\\/es\\\/motogp\\\/hay-un-problema-tenemos-que-solucionarlo-y-estamos-trabajando-en-ello\\\/\"},\"wordCount\":283,\"commentCount\":0,\"publisher\":{\"@id\":\"https:\\\/\\\/www.boxrepsol.com\\\/es\\\/#organization\"},\"image\":{\"@id\":\"https:\\\/\\\/www.boxrepsol.com\\\/es\\\/motogp\\\/hay-un-problema-tenemos-que-solucionarlo-y-estamos-trabajando-en-ello\\\/#primaryimage\"},\"thumbnailUrl\":\"https:\\\/\\\/bxrepsol.s3.eu-west-1.amazonaws.com\\\/static\\\/2022\\\/08\\\/09115632\\\/alberto-puig.jpg\",\"keywords\":[\"2021\",\"Campeonato del Mundo de Motociclismo\"],\"articleSection\":[\"MotoGP\"],\"inLanguage\":\"es\",\"potentialAction\":[{\"@type\":\"CommentAction\",\"name\":\"Comment\",\"target\":[\"https:\\\/\\\/www.boxrepsol.com\\\/es\\\/motogp\\\/hay-un-problema-tenemos-que-solucionarlo-y-estamos-trabajando-en-ello\\\/#respond\"]}]},{\"@type\":\"WebPage\",\"@id\":\"https:\\\/\\\/www.boxrepsol.com\\\/es\\\/motogp\\\/hay-un-problema-tenemos-que-solucionarlo-y-estamos-trabajando-en-ello\\\/\",\"url\":\"https:\\\/\\\/www.boxrepsol.com\\\/es\\\/motogp\\\/hay-un-problema-tenemos-que-solucionarlo-y-estamos-trabajando-en-ello\\\/\",\"name\":\"\u201cHay un problema, tenemos que solucionarlo y estamos trabajando en ello\u201d - Box Repsol\",\"isPartOf\":{\"@id\":\"https:\\\/\\\/www.boxrepsol.com\\\/es\\\/#website\"},\"primaryImageOfPage\":{\"@id\":\"https:\\\/\\\/www.boxrepsol.com\\\/es\\\/motogp\\\/hay-un-problema-tenemos-que-solucionarlo-y-estamos-trabajando-en-ello\\\/#primaryimage\"},\"image\":{\"@id\":\"https:\\\/\\\/www.boxrepsol.com\\\/es\\\/motogp\\\/hay-un-problema-tenemos-que-solucionarlo-y-estamos-trabajando-en-ello\\\/#primaryimage\"},\"thumbnailUrl\":\"https:\\\/\\\/bxrepsol.s3.eu-west-1.amazonaws.com\\\/static\\\/2022\\\/08\\\/09115632\\\/alberto-puig.jpg\",\"datePublished\":\"2021-06-08T02:00:00+00:00\",\"dateModified\":\"2024-04-12T15:49:57+00:00\",\"description\":\"Alberto Puig valora un fin de semana complicado en Barcelona para el equipo Repsol Honda, en la que ha sido la s\u00e9ptima cita de la temporada\",\"breadcrumb\":{\"@id\":\"https:\\\/\\\/www.boxrepsol.com\\\/es\\\/motogp\\\/hay-un-problema-tenemos-que-solucionarlo-y-estamos-trabajando-en-ello\\\/#breadcrumb\"},\"inLanguage\":\"es\",\"potentialAction\":[{\"@type\":\"ReadAction\",\"target\":[\"https:\\\/\\\/www.boxrepsol.com\\\/es\\\/motogp\\\/hay-un-problema-tenemos-que-solucionarlo-y-estamos-trabajando-en-ello\\\/\"]}]},{\"@type\":\"ImageObject\",\"inLanguage\":\"es\",\"@id\":\"https:\\\/\\\/www.boxrepsol.com\\\/es\\\/motogp\\\/hay-un-problema-tenemos-que-solucionarlo-y-estamos-trabajando-en-ello\\\/#primaryimage\",\"url\":\"https:\\\/\\\/bxrepsol.s3.eu-west-1.amazonaws.com\\\/static\\\/2022\\\/08\\\/09115632\\\/alberto-puig.jpg\",\"contentUrl\":\"https:\\\/\\\/bxrepsol.s3.eu-west-1.amazonaws.com\\\/static\\\/2022\\\/08\\\/09115632\\\/alberto-puig.jpg\",\"width\":1280,\"height\":720,\"caption\":\"Alberto Puig en una entrevista\"},{\"@type\":\"BreadcrumbList\",\"@id\":\"https:\\\/\\\/www.boxrepsol.com\\\/es\\\/motogp\\\/hay-un-problema-tenemos-que-solucionarlo-y-estamos-trabajando-en-ello\\\/#breadcrumb\",\"itemListElement\":[{\"@type\":\"ListItem\",\"position\":1,\"name\":\"Home\",\"item\":\"https:\\\/\\\/www.boxrepsol.com\\\/es\\\/\"},{\"@type\":\"ListItem\",\"position\":2,\"name\":\"\u201cHay un problema, tenemos que solucionarlo y estamos trabajando en ello\u201d\"}]},{\"@type\":\"WebSite\",\"@id\":\"https:\\\/\\\/www.boxrepsol.com\\\/es\\\/#website\",\"url\":\"https:\\\/\\\/www.boxrepsol.com\\\/es\\\/\",\"name\":\"Box Repsol\",\"description\":\"Box Repsol Site\",\"publisher\":{\"@id\":\"https:\\\/\\\/www.boxrepsol.com\\\/es\\\/#organization\"},\"potentialAction\":[{\"@type\":\"SearchAction\",\"target\":{\"@type\":\"EntryPoint\",\"urlTemplate\":\"https:\\\/\\\/www.boxrepsol.com\\\/es\\\/?s={search_term_string}\"},\"query-input\":{\"@type\":\"PropertyValueSpecification\",\"valueRequired\":true,\"valueName\":\"search_term_string\"}}],\"inLanguage\":\"es\"},{\"@type\":\"Organization\",\"@id\":\"https:\\\/\\\/www.boxrepsol.com\\\/es\\\/#organization\",\"name\":\"Box Repsol\",\"url\":\"https:\\\/\\\/www.boxrepsol.com\\\/es\\\/\",\"logo\":{\"@type\":\"ImageObject\",\"inLanguage\":\"es\",\"@id\":\"https:\\\/\\\/www.boxrepsol.com\\\/es\\\/#\\\/schema\\\/logo\\\/image\\\/\",\"url\":\"https:\\\/\\\/bxrepsol.s3.eu-west-1.amazonaws.com\\\/static\\\/2025\\\/07\\\/30083337\\\/favicon-96x96-1.png\",\"contentUrl\":\"https:\\\/\\\/bxrepsol.s3.eu-west-1.amazonaws.com\\\/static\\\/2025\\\/07\\\/30083337\\\/favicon-96x96-1.png\",\"width\":96,\"height\":96,\"caption\":\"Box Repsol\"},\"image\":{\"@id\":\"https:\\\/\\\/www.boxrepsol.com\\\/es\\\/#\\\/schema\\\/logo\\\/image\\\/\"},\"sameAs\":[\"https:\\\/\\\/www.facebook.com\\\/BoxRepsol\",\"https:\\\/\\\/x.com\\\/box_repsol\",\"http:\\\/\\\/instagram.com\\\/box_repsol\",\"https:\\\/\\\/www.youtube.com\\\/user\\\/RepsolCompeticion\",\"https:\\\/\\\/www.flickr.com\\\/photos\\\/box_repsol\\\/\"]},{\"@type\":\"Person\",\"@id\":\"https:\\\/\\\/www.boxrepsol.com\\\/es\\\/#\\\/schema\\\/person\\\/c5c2138f2cca251b0ad92b7086bb60b7\",\"name\":\"Redacci\u00f3n Box Repsol\",\"image\":{\"@type\":\"ImageObject\",\"inLanguage\":\"es\",\"@id\":\"https:\\\/\\\/secure.gravatar.com\\\/avatar\\\/adf7b77e38b4419baf32c7e9c21dde01f4e40df611f0978e3006fc4ba0aaab7e?s=96&d=mm&r=g\",\"url\":\"https:\\\/\\\/secure.gravatar.com\\\/avatar\\\/adf7b77e38b4419baf32c7e9c21dde01f4e40df611f0978e3006fc4ba0aaab7e?s=96&d=mm&r=g\",\"contentUrl\":\"https:\\\/\\\/secure.gravatar.com\\\/avatar\\\/adf7b77e38b4419baf32c7e9c21dde01f4e40df611f0978e3006fc4ba0aaab7e?s=96&d=mm&r=g\",\"caption\":\"Redacci\u00f3n Box Repsol\"},\"description\":\"Box Repsol lo forma un equipo de periodistas, community managers, dise\u00f1adores y fot\u00f3grafos con m\u00e1s de 20 a\u00f1os de experiencia en el mundo del motorsport. Hemos vivido el primer mundial de un espa\u00f1ol en la categor\u00eda reina de motociclismo con \u00c1lex Crivill\u00e9, estuvimos en las victorias de Pedrosa y los t\u00edtulos de M\u00e1rquez, acompa\u00f1amos en \u00c1frica a Nani Roma y Marc Coma en sus conquistas del Dakar y hemos vibrado con los t\u00edtulos de Toni Bou en Trial. Adem\u00e1s, en nuestro equipo contamos con expertos en el mundo de las dos y cuatro ruedas tanto de la calle y las carreteras, como de los circuitos. Periodistas que han trabajado en revistas y publicaciones para hacerte llegar desde rutas y consejos de mantenimiento, a curiosidades y trucos de pilotaje.\",\"sameAs\":[\"https:\\\/\\\/www.facebook.com\\\/BoxRepsol\\\/\",\"https:\\\/\\\/www.instagram.com\\\/box_repsol\\\/\",\"https:\\\/\\\/x.com\\\/https:\\\/\\\/twitter.com\\\/box_repsol\",\"https:\\\/\\\/www.youtube.com\\\/@Boxrepsol\"],\"url\":\"https:\\\/\\\/www.boxrepsol.com\\\/es\\\/author\\\/redaccion-box-repsol\\\/\"}]}<\/script>\n<!-- \/ Yoast SEO plugin. -->","yoast_head_json":{"title":"\u201cHay un problema, tenemos que solucionarlo y estamos trabajando en ello\u201d - Box Repsol","description":"Alberto Puig valora un fin de semana complicado en Barcelona para el equipo Repsol Honda, en la que ha sido la s\u00e9ptima cita de la temporada","canonical":"https:\/\/www.boxrepsol.com\/es\/motogp\/hay-un-problema-tenemos-que-solucionarlo-y-estamos-trabajando-en-ello\/","og_locale":"es_ES","og_type":"article","og_title":"\u201cHay un problema, tenemos que solucionarlo y estamos trabajando en ello\u201d - Box Repsol","og_description":"Alberto Puig valora un fin de semana complicado en Barcelona para el equipo Repsol Honda, en la que ha sido la s\u00e9ptima cita de la temporada","og_url":"https:\/\/www.boxrepsol.com\/es\/motogp\/hay-un-problema-tenemos-que-solucionarlo-y-estamos-trabajando-en-ello\/","og_site_name":"Box Repsol","article_publisher":"https:\/\/www.facebook.com\/BoxRepsol","article_author":"https:\/\/www.facebook.com\/BoxRepsol\/","article_published_time":"2021-06-08T02:00:00+00:00","article_modified_time":"2024-04-12T15:49:57+00:00","og_image":[{"width":1280,"height":720,"url":"https:\/\/bxrepsol.s3.eu-west-1.amazonaws.com\/static\/2022\/08\/09115632\/alberto-puig.jpg","type":"image\/jpeg"}],"author":"Redacci\u00f3n Box Repsol","twitter_card":"summary_large_image","twitter_creator":"@https:\/\/twitter.com\/box_repsol","twitter_site":"@box_repsol","twitter_misc":{"Written by":"Redacci\u00f3n Box Repsol","Est. reading time":"1 minuto"},"schema":{"@context":"https:\/\/schema.org","@graph":[{"@type":"Article","@id":"https:\/\/www.boxrepsol.com\/es\/motogp\/hay-un-problema-tenemos-que-solucionarlo-y-estamos-trabajando-en-ello\/#article","isPartOf":{"@id":"https:\/\/www.boxrepsol.com\/es\/motogp\/hay-un-problema-tenemos-que-solucionarlo-y-estamos-trabajando-en-ello\/"},"author":{"name":"Redacci\u00f3n Box Repsol","@id":"https:\/\/www.boxrepsol.com\/es\/#\/schema\/person\/c5c2138f2cca251b0ad92b7086bb60b7"},"headline":"\u201cHay un problema, tenemos que solucionarlo y estamos trabajando en ello\u201d","datePublished":"2021-06-08T02:00:00+00:00","dateModified":"2024-04-12T15:49:57+00:00","mainEntityOfPage":{"@id":"https:\/\/www.boxrepsol.com\/es\/motogp\/hay-un-problema-tenemos-que-solucionarlo-y-estamos-trabajando-en-ello\/"},"wordCount":283,"commentCount":0,"publisher":{"@id":"https:\/\/www.boxrepsol.com\/es\/#organization"},"image":{"@id":"https:\/\/www.boxrepsol.com\/es\/motogp\/hay-un-problema-tenemos-que-solucionarlo-y-estamos-trabajando-en-ello\/#primaryimage"},"thumbnailUrl":"https:\/\/bxrepsol.s3.eu-west-1.amazonaws.com\/static\/2022\/08\/09115632\/alberto-puig.jpg","keywords":["2021","Campeonato del Mundo de Motociclismo"],"articleSection":["MotoGP"],"inLanguage":"es","potentialAction":[{"@type":"CommentAction","name":"Comment","target":["https:\/\/www.boxrepsol.com\/es\/motogp\/hay-un-problema-tenemos-que-solucionarlo-y-estamos-trabajando-en-ello\/#respond"]}]},{"@type":"WebPage","@id":"https:\/\/www.boxrepsol.com\/es\/motogp\/hay-un-problema-tenemos-que-solucionarlo-y-estamos-trabajando-en-ello\/","url":"https:\/\/www.boxrepsol.com\/es\/motogp\/hay-un-problema-tenemos-que-solucionarlo-y-estamos-trabajando-en-ello\/","name":"\u201cHay un problema, tenemos que solucionarlo y estamos trabajando en ello\u201d - Box Repsol","isPartOf":{"@id":"https:\/\/www.boxrepsol.com\/es\/#website"},"primaryImageOfPage":{"@id":"https:\/\/www.boxrepsol.com\/es\/motogp\/hay-un-problema-tenemos-que-solucionarlo-y-estamos-trabajando-en-ello\/#primaryimage"},"image":{"@id":"https:\/\/www.boxrepsol.com\/es\/motogp\/hay-un-problema-tenemos-que-solucionarlo-y-estamos-trabajando-en-ello\/#primaryimage"},"thumbnailUrl":"https:\/\/bxrepsol.s3.eu-west-1.amazonaws.com\/static\/2022\/08\/09115632\/alberto-puig.jpg","datePublished":"2021-06-08T02:00:00+00:00","dateModified":"2024-04-12T15:49:57+00:00","description":"Alberto Puig valora un fin de semana complicado en Barcelona para el equipo Repsol Honda, en la que ha sido la s\u00e9ptima cita de la temporada","breadcrumb":{"@id":"https:\/\/www.boxrepsol.com\/es\/motogp\/hay-un-problema-tenemos-que-solucionarlo-y-estamos-trabajando-en-ello\/#breadcrumb"},"inLanguage":"es","potentialAction":[{"@type":"ReadAction","target":["https:\/\/www.boxrepsol.com\/es\/motogp\/hay-un-problema-tenemos-que-solucionarlo-y-estamos-trabajando-en-ello\/"]}]},{"@type":"ImageObject","inLanguage":"es","@id":"https:\/\/www.boxrepsol.com\/es\/motogp\/hay-un-problema-tenemos-que-solucionarlo-y-estamos-trabajando-en-ello\/#primaryimage","url":"https:\/\/bxrepsol.s3.eu-west-1.amazonaws.com\/static\/2022\/08\/09115632\/alberto-puig.jpg","contentUrl":"https:\/\/bxrepsol.s3.eu-west-1.amazonaws.com\/static\/2022\/08\/09115632\/alberto-puig.jpg","width":1280,"height":720,"caption":"Alberto Puig en una entrevista"},{"@type":"BreadcrumbList","@id":"https:\/\/www.boxrepsol.com\/es\/motogp\/hay-un-problema-tenemos-que-solucionarlo-y-estamos-trabajando-en-ello\/#breadcrumb","itemListElement":[{"@type":"ListItem","position":1,"name":"Home","item":"https:\/\/www.boxrepsol.com\/es\/"},{"@type":"ListItem","position":2,"name":"\u201cHay un problema, tenemos que solucionarlo y estamos trabajando en ello\u201d"}]},{"@type":"WebSite","@id":"https:\/\/www.boxrepsol.com\/es\/#website","url":"https:\/\/www.boxrepsol.com\/es\/","name":"Box Repsol","description":"Box Repsol Site","publisher":{"@id":"https:\/\/www.boxrepsol.com\/es\/#organization"},"potentialAction":[{"@type":"SearchAction","target":{"@type":"EntryPoint","urlTemplate":"https:\/\/www.boxrepsol.com\/es\/?s={search_term_string}"},"query-input":{"@type":"PropertyValueSpecification","valueRequired":true,"valueName":"search_term_string"}}],"inLanguage":"es"},{"@type":"Organization","@id":"https:\/\/www.boxrepsol.com\/es\/#organization","name":"Box Repsol","url":"https:\/\/www.boxrepsol.com\/es\/","logo":{"@type":"ImageObject","inLanguage":"es","@id":"https:\/\/www.boxrepsol.com\/es\/#\/schema\/logo\/image\/","url":"https:\/\/bxrepsol.s3.eu-west-1.amazonaws.com\/static\/2025\/07\/30083337\/favicon-96x96-1.png","contentUrl":"https:\/\/bxrepsol.s3.eu-west-1.amazonaws.com\/static\/2025\/07\/30083337\/favicon-96x96-1.png","width":96,"height":96,"caption":"Box Repsol"},"image":{"@id":"https:\/\/www.boxrepsol.com\/es\/#\/schema\/logo\/image\/"},"sameAs":["https:\/\/www.facebook.com\/BoxRepsol","https:\/\/x.com\/box_repsol","http:\/\/instagram.com\/box_repsol","https:\/\/www.youtube.com\/user\/RepsolCompeticion","https:\/\/www.flickr.com\/photos\/box_repsol\/"]},{"@type":"Person","@id":"https:\/\/www.boxrepsol.com\/es\/#\/schema\/person\/c5c2138f2cca251b0ad92b7086bb60b7","name":"Redacci\u00f3n Box Repsol","image":{"@type":"ImageObject","inLanguage":"es","@id":"https:\/\/secure.gravatar.com\/avatar\/adf7b77e38b4419baf32c7e9c21dde01f4e40df611f0978e3006fc4ba0aaab7e?s=96&d=mm&r=g","url":"https:\/\/secure.gravatar.com\/avatar\/adf7b77e38b4419baf32c7e9c21dde01f4e40df611f0978e3006fc4ba0aaab7e?s=96&d=mm&r=g","contentUrl":"https:\/\/secure.gravatar.com\/avatar\/adf7b77e38b4419baf32c7e9c21dde01f4e40df611f0978e3006fc4ba0aaab7e?s=96&d=mm&r=g","caption":"Redacci\u00f3n Box Repsol"},"description":"Box Repsol lo forma un equipo de periodistas, community managers, dise\u00f1adores y fot\u00f3grafos con m\u00e1s de 20 a\u00f1os de experiencia en el mundo del motorsport. Hemos vivido el primer mundial de un espa\u00f1ol en la categor\u00eda reina de motociclismo con \u00c1lex Crivill\u00e9, estuvimos en las victorias de Pedrosa y los t\u00edtulos de M\u00e1rquez, acompa\u00f1amos en \u00c1frica a Nani Roma y Marc Coma en sus conquistas del Dakar y hemos vibrado con los t\u00edtulos de Toni Bou en Trial. Adem\u00e1s, en nuestro equipo contamos con expertos en el mundo de las dos y cuatro ruedas tanto de la calle y las carreteras, como de los circuitos. Periodistas que han trabajado en revistas y publicaciones para hacerte llegar desde rutas y consejos de mantenimiento, a curiosidades y trucos de pilotaje.","sameAs":["https:\/\/www.facebook.com\/BoxRepsol\/","https:\/\/www.instagram.com\/box_repsol\/","https:\/\/x.com\/https:\/\/twitter.com\/box_repsol","https:\/\/www.youtube.com\/@Boxrepsol"],"url":"https:\/\/www.boxrepsol.com\/es\/author\/redaccion-box-repsol\/"}]}},"_links":{"self":[{"href":"https:\/\/www.boxrepsol.com\/es\/wp-json\/wp\/v2\/posts\/94991","targetHints":{"allow":["GET"]}}],"collection":[{"href":"https:\/\/www.boxrepsol.com\/es\/wp-json\/wp\/v2\/posts"}],"about":[{"href":"https:\/\/www.boxrepsol.com\/es\/wp-json\/wp\/v2\/types\/post"}],"author":[{"embeddable":true,"href":"https:\/\/www.boxrepsol.com\/es\/wp-json\/wp\/v2\/users\/43146"}],"replies":[{"embeddable":true,"href":"https:\/\/www.boxrepsol.com\/es\/wp-json\/wp\/v2\/comments?post=94991"}],"version-history":[{"count":1,"href":"https:\/\/www.boxrepsol.com\/es\/wp-json\/wp\/v2\/posts\/94991\/revisions"}],"predecessor-version":[{"id":114842,"href":"https:\/\/www.boxrepsol.com\/es\/wp-json\/wp\/v2\/posts\/94991\/revisions\/114842"}],"wp:featuredmedia":[{"embeddable":true,"href":"https:\/\/www.boxrepsol.com\/es\/wp-json\/wp\/v2\/media\/40678"}],"wp:attachment":[{"href":"https:\/\/www.boxrepsol.com\/es\/wp-json\/wp\/v2\/media?parent=94991"}],"wp:term":[{"taxonomy":"category","embeddable":true,"href":"https:\/\/www.boxrepsol.com\/es\/wp-json\/wp\/v2\/categories?post=94991"},{"taxonomy":"post_tag","embeddable":true,"href":"https:\/\/www.boxrepsol.com\/es\/wp-json\/wp\/v2\/tags?post=94991"}],"curies":[{"name":"wp","href":"https:\/\/api.w.org\/{rel}","templated":true}]}}