{"id":94986,"date":"2021-06-06T00:00:00","date_gmt":"2021-06-06T02:00:00","guid":{"rendered":"http:\/\/pre.boxrepsol.com\/sin-categorizar\/remontada-sin-premio-marc-marquez-gran-premi-catalunya\/"},"modified":"2024-04-12T13:53:15","modified_gmt":"2024-04-12T15:53:15","slug":"remontada-sin-premio-marc-marquez-gran-premi-catalunya","status":"publish","type":"post","link":"https:\/\/www.boxrepsol.com\/es\/motogp\/remontada-sin-premio-marc-marquez-gran-premi-catalunya\/","title":{"rendered":"Remontada sin premio para Marc M\u00e1rquez en el Gran Premi de Catalunya"},"content":{"rendered":"<p>Buena salida de <strong>Marc M\u00e1rquez<\/strong> desde la decimotercera posici\u00f3n en parrilla, que ha ido realizando una buena remontada hasta situarse quinto mientras se acercaba al grupo delantero. Pero a falta de 17 vueltas para el final, el piloto del equipo Repsol Honda ha sufrido una ca\u00edda sin consecuencias en la nueva curva 10 cuando giraba sexto.<\/p>\n<p><strong>Pol Espargar\u00f3<\/strong> tampoco ha podido completar con \u00e9xito el Gran Premi de Catalunya. Espargar\u00f3 ha sufrido una ca\u00edda cuando hab\u00edan transcurrido 4 vueltas de la carrera y finalizaba para \u00e9l, de esta forma, la s\u00e9ptima cita de la temporada de MotoGP.<\/p>\n<p>La pr\u00f3xima cita para el equipo Repsol Honda ser\u00e1 del 17 al 20 de junio en el Gran Premio de Alemania, en Sachsenring. Pero ma\u00f1ana lunes, tanto M\u00e1rquez como Espargar\u00f3 realizar\u00e1n un test en el Circuit de Barcelona \u2013 Catalunya para preparar las siguientes carreras.<\/p>\n<figure>\n        <picture style=\"padding-bottom: 49.21875%; background-image: url(https:\/\/www.boxrepsol.com\/wp-content\/uploads\/2021\/06\/Pilotos-del-Equipo-Repsol-en-Catalunya-2021-32x16.jpg);\">\n<p>            <noscript><\/noscript>\n        <\/picture><figcaption>Pilotos-del-Equipo-Repsol-en-Catalunya-2021<\/figcaption><\/figure>\n<h2>Declaraciones de los pilotos<\/h2>\n<p><a href=\"https:\/\/twitter.com\/hashtag\/MM93?src=hash&#038;lang=es\">#MM93<\/a><\/p>\n<p><em>\u201cMi objetivo hoy era empezar bien y presionar, porque pensaba que tal vez los dem\u00e1s intentar\u00edan gestionar sus neum\u00e1ticos. Lo he dado todo al principio porque si no hubiera hecho esto, no habr\u00eda dormido bien hoy. Vale, me he ca\u00eddo pero me he demostrado a m\u00ed mismo que puedo hacerlo, as\u00ed que esto ha sido positivo. En lugar de terminar en el puesto 12 o 13, hoy era el d\u00eda para correr algunos riesgos. Ma\u00f1ana tenemos un test, es un d\u00eda importante, m\u00e1s importante que hoy. Seguimos trabajando y no nos rendimos\u00bb.<br \/>\n<\/em><\/p>\n<hr\/>\n<p><a href=\"https:\/\/twitter.com\/hashtag\/POL44?src=hash&#038;lang=es\">#POL44<\/a><\/p>\n<p><em>\u201cLo estamos pasando mal, nos hemos ca\u00eddo en carrera. Hemos elegido el neum\u00e1tico duro, que era el mejor, dadas las condiciones que hemos visto hoy, pero hemos estado luchando con el agarre y hemos ido perdiendo tiempo. Ha sido una carrera frustrante, pero debemos mantener una actitud positiva y seguir trabajando. Tenemos que cambiar la situaci\u00f3n, todav\u00eda queda m\u00e1s de la mitad del campeonato. Ma\u00f1ana hay un test y estamos buscando grandes soluciones\u00bb.<br \/>\n<\/em><\/p>\n","protected":false},"excerpt":{"rendered":"<p>El piloto del equipo Repsol Honda ha sufrido una ca\u00edda cuando se encontraba en la sexta posici\u00f3n. Pol Espargar\u00f3 tambi\u00e9n se ha ca\u00eddo, en su caso en la cuarta vuelta.<\/p>\n","protected":false},"author":43146,"featured_media":43136,"comment_status":"open","ping_status":"open","sticky":false,"template":"","format":"standard","meta":{"footnotes":""},"categories":[4],"tags":[194],"class_list":["post-94986","post","type-post","status-publish","format-standard","hentry","category-motogp","tag-194"],"yoast_head":"<!-- This site is optimized with the Yoast SEO plugin v27.3 - https:\/\/yoast.com\/product\/yoast-seo-wordpress\/ -->\n<title>GP de Catalunya 2021 - Remontada sin premio para Marc M\u00e1rquez en el Gran Premi de Catalunya<\/title>\n<meta name=\"description\" content=\"El piloto del equipo Repsol Honda ha sufrido una ca\u00edda cuando se encontraba en la sexta posici\u00f3n.\" \/>\n<link rel=\"canonical\" href=\"https:\/\/www.boxrepsol.com\/es\/motogp\/remontada-sin-premio-marc-marquez-gran-premi-catalunya\/\" \/>\n<meta property=\"og:locale\" content=\"es_ES\" \/>\n<meta property=\"og:type\" content=\"article\" \/>\n<meta property=\"og:title\" content=\"GP de Catalunya 2021 - Remontada sin premio para Marc M\u00e1rquez en el Gran Premi de Catalunya\" \/>\n<meta property=\"og:description\" content=\"El piloto del equipo Repsol Honda ha sufrido una ca\u00edda cuando se encontraba en la sexta posici\u00f3n.\" \/>\n<meta property=\"og:url\" content=\"https:\/\/www.boxrepsol.com\/es\/motogp\/remontada-sin-premio-marc-marquez-gran-premi-catalunya\/\" \/>\n<meta property=\"og:site_name\" content=\"Box Repsol\" \/>\n<meta property=\"article:publisher\" content=\"https:\/\/www.facebook.com\/BoxRepsol\" \/>\n<meta property=\"article:author\" content=\"https:\/\/www.facebook.com\/BoxRepsol\/\" \/>\n<meta property=\"article:published_time\" content=\"2021-06-06T02:00:00+00:00\" \/>\n<meta property=\"article:modified_time\" content=\"2024-04-12T15:53:15+00:00\" \/>\n<meta property=\"og:image\" content=\"https:\/\/www.boxrepsol.com\/wp-content\/uploads\/2022\/08\/Marc-Marquez-en-el-GP-de-Catalunya-2021.jpg\" \/>\n\t<meta property=\"og:image:width\" content=\"1280\" \/>\n\t<meta property=\"og:image:height\" content=\"630\" \/>\n\t<meta property=\"og:image:type\" content=\"image\/jpeg\" \/>\n<meta name=\"author\" content=\"Redacci\u00f3n Box Repsol\" \/>\n<meta name=\"twitter:card\" content=\"summary_large_image\" \/>\n<meta name=\"twitter:creator\" content=\"@https:\/\/twitter.com\/box_repsol\" \/>\n<meta name=\"twitter:site\" content=\"@box_repsol\" \/>\n<meta name=\"twitter:label1\" content=\"Written by\" \/>\n\t<meta name=\"twitter:data1\" content=\"Redacci\u00f3n Box Repsol\" \/>\n\t<meta name=\"twitter:label2\" content=\"Est. reading time\" \/>\n\t<meta name=\"twitter:data2\" content=\"2 minutos\" \/>\n<script type=\"application\/ld+json\" class=\"yoast-schema-graph\">{\"@context\":\"https:\\\/\\\/schema.org\",\"@graph\":[{\"@type\":\"Article\",\"@id\":\"https:\\\/\\\/www.boxrepsol.com\\\/es\\\/motogp\\\/remontada-sin-premio-marc-marquez-gran-premi-catalunya\\\/#article\",\"isPartOf\":{\"@id\":\"https:\\\/\\\/www.boxrepsol.com\\\/es\\\/motogp\\\/remontada-sin-premio-marc-marquez-gran-premi-catalunya\\\/\"},\"author\":{\"name\":\"Redacci\u00f3n Box Repsol\",\"@id\":\"https:\\\/\\\/www.boxrepsol.com\\\/es\\\/#\\\/schema\\\/person\\\/c5c2138f2cca251b0ad92b7086bb60b7\"},\"headline\":\"Remontada sin premio para Marc M\u00e1rquez en el Gran Premi de Catalunya\",\"datePublished\":\"2021-06-06T02:00:00+00:00\",\"dateModified\":\"2024-04-12T15:53:15+00:00\",\"mainEntityOfPage\":{\"@id\":\"https:\\\/\\\/www.boxrepsol.com\\\/es\\\/motogp\\\/remontada-sin-premio-marc-marquez-gran-premi-catalunya\\\/\"},\"wordCount\":344,\"commentCount\":0,\"publisher\":{\"@id\":\"https:\\\/\\\/www.boxrepsol.com\\\/es\\\/#organization\"},\"image\":{\"@id\":\"https:\\\/\\\/www.boxrepsol.com\\\/es\\\/motogp\\\/remontada-sin-premio-marc-marquez-gran-premi-catalunya\\\/#primaryimage\"},\"thumbnailUrl\":\"https:\\\/\\\/www.boxrepsol.com\\\/wp-content\\\/uploads\\\/2022\\\/08\\\/Marc-Marquez-en-el-GP-de-Catalunya-2021.jpg\",\"keywords\":[\"2021\"],\"articleSection\":[\"MotoGP\"],\"inLanguage\":\"es\",\"potentialAction\":[{\"@type\":\"CommentAction\",\"name\":\"Comment\",\"target\":[\"https:\\\/\\\/www.boxrepsol.com\\\/es\\\/motogp\\\/remontada-sin-premio-marc-marquez-gran-premi-catalunya\\\/#respond\"]}]},{\"@type\":\"WebPage\",\"@id\":\"https:\\\/\\\/www.boxrepsol.com\\\/es\\\/motogp\\\/remontada-sin-premio-marc-marquez-gran-premi-catalunya\\\/\",\"url\":\"https:\\\/\\\/www.boxrepsol.com\\\/es\\\/motogp\\\/remontada-sin-premio-marc-marquez-gran-premi-catalunya\\\/\",\"name\":\"GP de Catalunya 2021 - Remontada sin premio para Marc M\u00e1rquez en el Gran Premi de Catalunya\",\"isPartOf\":{\"@id\":\"https:\\\/\\\/www.boxrepsol.com\\\/es\\\/#website\"},\"primaryImageOfPage\":{\"@id\":\"https:\\\/\\\/www.boxrepsol.com\\\/es\\\/motogp\\\/remontada-sin-premio-marc-marquez-gran-premi-catalunya\\\/#primaryimage\"},\"image\":{\"@id\":\"https:\\\/\\\/www.boxrepsol.com\\\/es\\\/motogp\\\/remontada-sin-premio-marc-marquez-gran-premi-catalunya\\\/#primaryimage\"},\"thumbnailUrl\":\"https:\\\/\\\/www.boxrepsol.com\\\/wp-content\\\/uploads\\\/2022\\\/08\\\/Marc-Marquez-en-el-GP-de-Catalunya-2021.jpg\",\"datePublished\":\"2021-06-06T02:00:00+00:00\",\"dateModified\":\"2024-04-12T15:53:15+00:00\",\"description\":\"El piloto del equipo Repsol Honda ha sufrido una ca\u00edda cuando se encontraba en la sexta posici\u00f3n.\",\"breadcrumb\":{\"@id\":\"https:\\\/\\\/www.boxrepsol.com\\\/es\\\/motogp\\\/remontada-sin-premio-marc-marquez-gran-premi-catalunya\\\/#breadcrumb\"},\"inLanguage\":\"es\",\"potentialAction\":[{\"@type\":\"ReadAction\",\"target\":[\"https:\\\/\\\/www.boxrepsol.com\\\/es\\\/motogp\\\/remontada-sin-premio-marc-marquez-gran-premi-catalunya\\\/\"]}]},{\"@type\":\"ImageObject\",\"inLanguage\":\"es\",\"@id\":\"https:\\\/\\\/www.boxrepsol.com\\\/es\\\/motogp\\\/remontada-sin-premio-marc-marquez-gran-premi-catalunya\\\/#primaryimage\",\"url\":\"https:\\\/\\\/www.boxrepsol.com\\\/wp-content\\\/uploads\\\/2022\\\/08\\\/Marc-Marquez-en-el-GP-de-Catalunya-2021.jpg\",\"contentUrl\":\"https:\\\/\\\/www.boxrepsol.com\\\/wp-content\\\/uploads\\\/2022\\\/08\\\/Marc-Marquez-en-el-GP-de-Catalunya-2021.jpg\",\"width\":1280,\"height\":630},{\"@type\":\"BreadcrumbList\",\"@id\":\"https:\\\/\\\/www.boxrepsol.com\\\/es\\\/motogp\\\/remontada-sin-premio-marc-marquez-gran-premi-catalunya\\\/#breadcrumb\",\"itemListElement\":[{\"@type\":\"ListItem\",\"position\":1,\"name\":\"Home\",\"item\":\"https:\\\/\\\/www.boxrepsol.com\\\/es\\\/\"},{\"@type\":\"ListItem\",\"position\":2,\"name\":\"Remontada sin premio para Marc M\u00e1rquez en el Gran Premi de Catalunya\"}]},{\"@type\":\"WebSite\",\"@id\":\"https:\\\/\\\/www.boxrepsol.com\\\/es\\\/#website\",\"url\":\"https:\\\/\\\/www.boxrepsol.com\\\/es\\\/\",\"name\":\"Box Repsol\",\"description\":\"Box Repsol Site\",\"publisher\":{\"@id\":\"https:\\\/\\\/www.boxrepsol.com\\\/es\\\/#organization\"},\"potentialAction\":[{\"@type\":\"SearchAction\",\"target\":{\"@type\":\"EntryPoint\",\"urlTemplate\":\"https:\\\/\\\/www.boxrepsol.com\\\/es\\\/?s={search_term_string}\"},\"query-input\":{\"@type\":\"PropertyValueSpecification\",\"valueRequired\":true,\"valueName\":\"search_term_string\"}}],\"inLanguage\":\"es\"},{\"@type\":\"Organization\",\"@id\":\"https:\\\/\\\/www.boxrepsol.com\\\/es\\\/#organization\",\"name\":\"Box Repsol\",\"url\":\"https:\\\/\\\/www.boxrepsol.com\\\/es\\\/\",\"logo\":{\"@type\":\"ImageObject\",\"inLanguage\":\"es\",\"@id\":\"https:\\\/\\\/www.boxrepsol.com\\\/es\\\/#\\\/schema\\\/logo\\\/image\\\/\",\"url\":\"https:\\\/\\\/bxrepsol.s3.eu-west-1.amazonaws.com\\\/static\\\/2025\\\/07\\\/30083337\\\/favicon-96x96-1.png\",\"contentUrl\":\"https:\\\/\\\/bxrepsol.s3.eu-west-1.amazonaws.com\\\/static\\\/2025\\\/07\\\/30083337\\\/favicon-96x96-1.png\",\"width\":96,\"height\":96,\"caption\":\"Box Repsol\"},\"image\":{\"@id\":\"https:\\\/\\\/www.boxrepsol.com\\\/es\\\/#\\\/schema\\\/logo\\\/image\\\/\"},\"sameAs\":[\"https:\\\/\\\/www.facebook.com\\\/BoxRepsol\",\"https:\\\/\\\/x.com\\\/box_repsol\",\"http:\\\/\\\/instagram.com\\\/box_repsol\",\"https:\\\/\\\/www.youtube.com\\\/user\\\/RepsolCompeticion\",\"https:\\\/\\\/www.flickr.com\\\/photos\\\/box_repsol\\\/\"]},{\"@type\":\"Person\",\"@id\":\"https:\\\/\\\/www.boxrepsol.com\\\/es\\\/#\\\/schema\\\/person\\\/c5c2138f2cca251b0ad92b7086bb60b7\",\"name\":\"Redacci\u00f3n Box Repsol\",\"image\":{\"@type\":\"ImageObject\",\"inLanguage\":\"es\",\"@id\":\"https:\\\/\\\/secure.gravatar.com\\\/avatar\\\/adf7b77e38b4419baf32c7e9c21dde01f4e40df611f0978e3006fc4ba0aaab7e?s=96&d=mm&r=g\",\"url\":\"https:\\\/\\\/secure.gravatar.com\\\/avatar\\\/adf7b77e38b4419baf32c7e9c21dde01f4e40df611f0978e3006fc4ba0aaab7e?s=96&d=mm&r=g\",\"contentUrl\":\"https:\\\/\\\/secure.gravatar.com\\\/avatar\\\/adf7b77e38b4419baf32c7e9c21dde01f4e40df611f0978e3006fc4ba0aaab7e?s=96&d=mm&r=g\",\"caption\":\"Redacci\u00f3n Box Repsol\"},\"description\":\"Box Repsol lo forma un equipo de periodistas, community managers, dise\u00f1adores y fot\u00f3grafos con m\u00e1s de 20 a\u00f1os de experiencia en el mundo del motorsport. Hemos vivido el primer mundial de un espa\u00f1ol en la categor\u00eda reina de motociclismo con \u00c1lex Crivill\u00e9, estuvimos en las victorias de Pedrosa y los t\u00edtulos de M\u00e1rquez, acompa\u00f1amos en \u00c1frica a Nani Roma y Marc Coma en sus conquistas del Dakar y hemos vibrado con los t\u00edtulos de Toni Bou en Trial. Adem\u00e1s, en nuestro equipo contamos con expertos en el mundo de las dos y cuatro ruedas tanto de la calle y las carreteras, como de los circuitos. Periodistas que han trabajado en revistas y publicaciones para hacerte llegar desde rutas y consejos de mantenimiento, a curiosidades y trucos de pilotaje.\",\"sameAs\":[\"https:\\\/\\\/www.facebook.com\\\/BoxRepsol\\\/\",\"https:\\\/\\\/www.instagram.com\\\/box_repsol\\\/\",\"https:\\\/\\\/x.com\\\/https:\\\/\\\/twitter.com\\\/box_repsol\",\"https:\\\/\\\/www.youtube.com\\\/@Boxrepsol\"],\"url\":\"https:\\\/\\\/www.boxrepsol.com\\\/es\\\/author\\\/redaccion-box-repsol\\\/\"}]}<\/script>\n<!-- \/ Yoast SEO plugin. -->","yoast_head_json":{"title":"GP de Catalunya 2021 - Remontada sin premio para Marc M\u00e1rquez en el Gran Premi de Catalunya","description":"El piloto del equipo Repsol Honda ha sufrido una ca\u00edda cuando se encontraba en la sexta posici\u00f3n.","canonical":"https:\/\/www.boxrepsol.com\/es\/motogp\/remontada-sin-premio-marc-marquez-gran-premi-catalunya\/","og_locale":"es_ES","og_type":"article","og_title":"GP de Catalunya 2021 - Remontada sin premio para Marc M\u00e1rquez en el Gran Premi de Catalunya","og_description":"El piloto del equipo Repsol Honda ha sufrido una ca\u00edda cuando se encontraba en la sexta posici\u00f3n.","og_url":"https:\/\/www.boxrepsol.com\/es\/motogp\/remontada-sin-premio-marc-marquez-gran-premi-catalunya\/","og_site_name":"Box Repsol","article_publisher":"https:\/\/www.facebook.com\/BoxRepsol","article_author":"https:\/\/www.facebook.com\/BoxRepsol\/","article_published_time":"2021-06-06T02:00:00+00:00","article_modified_time":"2024-04-12T15:53:15+00:00","og_image":[{"width":1280,"height":630,"url":"https:\/\/www.boxrepsol.com\/wp-content\/uploads\/2022\/08\/Marc-Marquez-en-el-GP-de-Catalunya-2021.jpg","type":"image\/jpeg"}],"author":"Redacci\u00f3n Box Repsol","twitter_card":"summary_large_image","twitter_creator":"@https:\/\/twitter.com\/box_repsol","twitter_site":"@box_repsol","twitter_misc":{"Written by":"Redacci\u00f3n Box Repsol","Est. reading time":"2 minutos"},"schema":{"@context":"https:\/\/schema.org","@graph":[{"@type":"Article","@id":"https:\/\/www.boxrepsol.com\/es\/motogp\/remontada-sin-premio-marc-marquez-gran-premi-catalunya\/#article","isPartOf":{"@id":"https:\/\/www.boxrepsol.com\/es\/motogp\/remontada-sin-premio-marc-marquez-gran-premi-catalunya\/"},"author":{"name":"Redacci\u00f3n Box Repsol","@id":"https:\/\/www.boxrepsol.com\/es\/#\/schema\/person\/c5c2138f2cca251b0ad92b7086bb60b7"},"headline":"Remontada sin premio para Marc M\u00e1rquez en el Gran Premi de Catalunya","datePublished":"2021-06-06T02:00:00+00:00","dateModified":"2024-04-12T15:53:15+00:00","mainEntityOfPage":{"@id":"https:\/\/www.boxrepsol.com\/es\/motogp\/remontada-sin-premio-marc-marquez-gran-premi-catalunya\/"},"wordCount":344,"commentCount":0,"publisher":{"@id":"https:\/\/www.boxrepsol.com\/es\/#organization"},"image":{"@id":"https:\/\/www.boxrepsol.com\/es\/motogp\/remontada-sin-premio-marc-marquez-gran-premi-catalunya\/#primaryimage"},"thumbnailUrl":"https:\/\/www.boxrepsol.com\/wp-content\/uploads\/2022\/08\/Marc-Marquez-en-el-GP-de-Catalunya-2021.jpg","keywords":["2021"],"articleSection":["MotoGP"],"inLanguage":"es","potentialAction":[{"@type":"CommentAction","name":"Comment","target":["https:\/\/www.boxrepsol.com\/es\/motogp\/remontada-sin-premio-marc-marquez-gran-premi-catalunya\/#respond"]}]},{"@type":"WebPage","@id":"https:\/\/www.boxrepsol.com\/es\/motogp\/remontada-sin-premio-marc-marquez-gran-premi-catalunya\/","url":"https:\/\/www.boxrepsol.com\/es\/motogp\/remontada-sin-premio-marc-marquez-gran-premi-catalunya\/","name":"GP de Catalunya 2021 - Remontada sin premio para Marc M\u00e1rquez en el Gran Premi de Catalunya","isPartOf":{"@id":"https:\/\/www.boxrepsol.com\/es\/#website"},"primaryImageOfPage":{"@id":"https:\/\/www.boxrepsol.com\/es\/motogp\/remontada-sin-premio-marc-marquez-gran-premi-catalunya\/#primaryimage"},"image":{"@id":"https:\/\/www.boxrepsol.com\/es\/motogp\/remontada-sin-premio-marc-marquez-gran-premi-catalunya\/#primaryimage"},"thumbnailUrl":"https:\/\/www.boxrepsol.com\/wp-content\/uploads\/2022\/08\/Marc-Marquez-en-el-GP-de-Catalunya-2021.jpg","datePublished":"2021-06-06T02:00:00+00:00","dateModified":"2024-04-12T15:53:15+00:00","description":"El piloto del equipo Repsol Honda ha sufrido una ca\u00edda cuando se encontraba en la sexta posici\u00f3n.","breadcrumb":{"@id":"https:\/\/www.boxrepsol.com\/es\/motogp\/remontada-sin-premio-marc-marquez-gran-premi-catalunya\/#breadcrumb"},"inLanguage":"es","potentialAction":[{"@type":"ReadAction","target":["https:\/\/www.boxrepsol.com\/es\/motogp\/remontada-sin-premio-marc-marquez-gran-premi-catalunya\/"]}]},{"@type":"ImageObject","inLanguage":"es","@id":"https:\/\/www.boxrepsol.com\/es\/motogp\/remontada-sin-premio-marc-marquez-gran-premi-catalunya\/#primaryimage","url":"https:\/\/www.boxrepsol.com\/wp-content\/uploads\/2022\/08\/Marc-Marquez-en-el-GP-de-Catalunya-2021.jpg","contentUrl":"https:\/\/www.boxrepsol.com\/wp-content\/uploads\/2022\/08\/Marc-Marquez-en-el-GP-de-Catalunya-2021.jpg","width":1280,"height":630},{"@type":"BreadcrumbList","@id":"https:\/\/www.boxrepsol.com\/es\/motogp\/remontada-sin-premio-marc-marquez-gran-premi-catalunya\/#breadcrumb","itemListElement":[{"@type":"ListItem","position":1,"name":"Home","item":"https:\/\/www.boxrepsol.com\/es\/"},{"@type":"ListItem","position":2,"name":"Remontada sin premio para Marc M\u00e1rquez en el Gran Premi de Catalunya"}]},{"@type":"WebSite","@id":"https:\/\/www.boxrepsol.com\/es\/#website","url":"https:\/\/www.boxrepsol.com\/es\/","name":"Box Repsol","description":"Box Repsol Site","publisher":{"@id":"https:\/\/www.boxrepsol.com\/es\/#organization"},"potentialAction":[{"@type":"SearchAction","target":{"@type":"EntryPoint","urlTemplate":"https:\/\/www.boxrepsol.com\/es\/?s={search_term_string}"},"query-input":{"@type":"PropertyValueSpecification","valueRequired":true,"valueName":"search_term_string"}}],"inLanguage":"es"},{"@type":"Organization","@id":"https:\/\/www.boxrepsol.com\/es\/#organization","name":"Box Repsol","url":"https:\/\/www.boxrepsol.com\/es\/","logo":{"@type":"ImageObject","inLanguage":"es","@id":"https:\/\/www.boxrepsol.com\/es\/#\/schema\/logo\/image\/","url":"https:\/\/bxrepsol.s3.eu-west-1.amazonaws.com\/static\/2025\/07\/30083337\/favicon-96x96-1.png","contentUrl":"https:\/\/bxrepsol.s3.eu-west-1.amazonaws.com\/static\/2025\/07\/30083337\/favicon-96x96-1.png","width":96,"height":96,"caption":"Box Repsol"},"image":{"@id":"https:\/\/www.boxrepsol.com\/es\/#\/schema\/logo\/image\/"},"sameAs":["https:\/\/www.facebook.com\/BoxRepsol","https:\/\/x.com\/box_repsol","http:\/\/instagram.com\/box_repsol","https:\/\/www.youtube.com\/user\/RepsolCompeticion","https:\/\/www.flickr.com\/photos\/box_repsol\/"]},{"@type":"Person","@id":"https:\/\/www.boxrepsol.com\/es\/#\/schema\/person\/c5c2138f2cca251b0ad92b7086bb60b7","name":"Redacci\u00f3n Box Repsol","image":{"@type":"ImageObject","inLanguage":"es","@id":"https:\/\/secure.gravatar.com\/avatar\/adf7b77e38b4419baf32c7e9c21dde01f4e40df611f0978e3006fc4ba0aaab7e?s=96&d=mm&r=g","url":"https:\/\/secure.gravatar.com\/avatar\/adf7b77e38b4419baf32c7e9c21dde01f4e40df611f0978e3006fc4ba0aaab7e?s=96&d=mm&r=g","contentUrl":"https:\/\/secure.gravatar.com\/avatar\/adf7b77e38b4419baf32c7e9c21dde01f4e40df611f0978e3006fc4ba0aaab7e?s=96&d=mm&r=g","caption":"Redacci\u00f3n Box Repsol"},"description":"Box Repsol lo forma un equipo de periodistas, community managers, dise\u00f1adores y fot\u00f3grafos con m\u00e1s de 20 a\u00f1os de experiencia en el mundo del motorsport. Hemos vivido el primer mundial de un espa\u00f1ol en la categor\u00eda reina de motociclismo con \u00c1lex Crivill\u00e9, estuvimos en las victorias de Pedrosa y los t\u00edtulos de M\u00e1rquez, acompa\u00f1amos en \u00c1frica a Nani Roma y Marc Coma en sus conquistas del Dakar y hemos vibrado con los t\u00edtulos de Toni Bou en Trial. Adem\u00e1s, en nuestro equipo contamos con expertos en el mundo de las dos y cuatro ruedas tanto de la calle y las carreteras, como de los circuitos. Periodistas que han trabajado en revistas y publicaciones para hacerte llegar desde rutas y consejos de mantenimiento, a curiosidades y trucos de pilotaje.","sameAs":["https:\/\/www.facebook.com\/BoxRepsol\/","https:\/\/www.instagram.com\/box_repsol\/","https:\/\/x.com\/https:\/\/twitter.com\/box_repsol","https:\/\/www.youtube.com\/@Boxrepsol"],"url":"https:\/\/www.boxrepsol.com\/es\/author\/redaccion-box-repsol\/"}]}},"_links":{"self":[{"href":"https:\/\/www.boxrepsol.com\/es\/wp-json\/wp\/v2\/posts\/94986","targetHints":{"allow":["GET"]}}],"collection":[{"href":"https:\/\/www.boxrepsol.com\/es\/wp-json\/wp\/v2\/posts"}],"about":[{"href":"https:\/\/www.boxrepsol.com\/es\/wp-json\/wp\/v2\/types\/post"}],"author":[{"embeddable":true,"href":"https:\/\/www.boxrepsol.com\/es\/wp-json\/wp\/v2\/users\/43146"}],"replies":[{"embeddable":true,"href":"https:\/\/www.boxrepsol.com\/es\/wp-json\/wp\/v2\/comments?post=94986"}],"version-history":[{"count":4,"href":"https:\/\/www.boxrepsol.com\/es\/wp-json\/wp\/v2\/posts\/94986\/revisions"}],"predecessor-version":[{"id":108806,"href":"https:\/\/www.boxrepsol.com\/es\/wp-json\/wp\/v2\/posts\/94986\/revisions\/108806"}],"wp:featuredmedia":[{"embeddable":true,"href":"https:\/\/www.boxrepsol.com\/es\/wp-json\/wp\/v2\/media\/43136"}],"wp:attachment":[{"href":"https:\/\/www.boxrepsol.com\/es\/wp-json\/wp\/v2\/media?parent=94986"}],"wp:term":[{"taxonomy":"category","embeddable":true,"href":"https:\/\/www.boxrepsol.com\/es\/wp-json\/wp\/v2\/categories?post=94986"},{"taxonomy":"post_tag","embeddable":true,"href":"https:\/\/www.boxrepsol.com\/es\/wp-json\/wp\/v2\/tags?post=94986"}],"curies":[{"name":"wp","href":"https:\/\/api.w.org\/{rel}","templated":true}]}}