{"id":94984,"date":"2021-06-05T00:00:00","date_gmt":"2021-06-05T02:00:00","guid":{"rendered":"http:\/\/pre.boxrepsol.com\/sin-categorizar\/sabado-catalunya-2021\/"},"modified":"2024-04-12T13:54:00","modified_gmt":"2024-04-12T15:54:00","slug":"sabado-catalunya-2021","status":"publish","type":"post","link":"https:\/\/www.boxrepsol.com\/es\/motogp\/sabado-catalunya-2021\/","title":{"rendered":"Cuarta y quinta fila para los pilotos del equipo Repsol Honda"},"content":{"rendered":"\n<p>Los dos pilotos del equipo Repsol Honda han tenido que pasar por la Q1 despu\u00e9s de que, en el tercer entrenamiento libre del Gran Premio, no lograsen registrar un tiempo que les diese acceso directo a la Q2.<\/p>\n\n\n\n<p><strong>Pol Espargar\u00f3<\/strong>, que ha registrado el octavo mejor tiempo en la FP4, ha sido capaz de finalizar el primer entrenamiento clasificatorio de la jornada en segunda posici\u00f3n, consiguiendo de esta forma el pase a la Q2.<\/p>\n\n\n\n<p>Espargar\u00f3 ha sido el \u00faltimo piloto en salir a pista tratando de exprimir al m\u00e1ximo su Honda RC213V, pero cuando iba mejorando su vuelta para introducirse en la segunda o tercera l\u00ednea de parrilla, ha sufrido una ca\u00edda sin consecuencias que le ha impedido completar su giro. De esta forma, el piloto del equipo Repsol Honda no ha podido mejorar su tiempo y finaliza el s\u00e1bado del Gran Premi de Catalunya duod\u00e9cimo, con un mejor registro de 1 minuto, 41 segundos y 791 mil\u00e9simas.<\/p>\n\n\n\n<p>Al otro lado del box, <strong>Marc M\u00e1rquez<\/strong> ha realizado una buena sesi\u00f3n FP4, logrando el sexto mejor tiempo. Despu\u00e9s, en la Q1, M\u00e1rquez ha trabajado para conseguir un tiempo que le permitiese acceder al segundo entrenamiento clasificatorio del d\u00eda, pero finalmente se ha quedado a 28 mil\u00e9simas de poder superar el corte.<\/p>\n\n\n\n<p>El piloto del equipo Repsol Honda saldr\u00e1 ma\u00f1ana decimotercero, desde la quinta fila, con un mejor tiempo de 1 minuto, 39 segundos y 181 mil\u00e9simas.<\/p>\n\n\n\n<p>La carrera del Gran Premi de Catalunya de la categor\u00eda reina ser\u00e1 ma\u00f1ana a las 13.00 horas (CEST), despu\u00e9s de la prueba de Moto3.<\/p>\n\n\n\n<figure class=\"wp-block-image size-large\"><img loading=\"lazy\" decoding=\"async\" width=\"1024\" height=\"480\" src=\"https:\/\/bxrepsol.s3.eu-west-1.amazonaws.com\/static\/2022\/08\/09131348\/Circuit-de-Catalunya-2021-1-1024x480.jpg\" alt=\"\" class=\"wp-image-43132\" srcset=\"https:\/\/bxrepsol.s3.eu-west-1.amazonaws.com\/static\/2022\/08\/09131348\/Circuit-de-Catalunya-2021-1-1024x480.jpg 1024w, https:\/\/bxrepsol.s3.eu-west-1.amazonaws.com\/static\/2022\/08\/09131348\/Circuit-de-Catalunya-2021-1-300x141.jpg 300w, https:\/\/bxrepsol.s3.eu-west-1.amazonaws.com\/static\/2022\/08\/09131348\/Circuit-de-Catalunya-2021-1-768x360.jpg 768w, https:\/\/bxrepsol.s3.eu-west-1.amazonaws.com\/static\/2022\/08\/09131348\/Circuit-de-Catalunya-2021-1.jpg 1280w\" sizes=\"auto, (max-width: 1024px) 100vw, 1024px\" \/><\/figure>\n\n\n\n<h2 class=\"wp-block-heading\">Declaraciones de los pilotos<\/h2>\n\n\n\n<p><a href=\"https:\/\/twitter.com\/hashtag\/MM93?src=hash&amp;lang=es\">#MM93<\/a><\/p>\n\n\n\n<p><em>\u201cComenzar 13\u00ba no es realmente diferente de hacerlo el 11\u00ba o 12\u00ba, as\u00ed que no estoy muy molesto por perderme la Q2. Ayer estaba bromeando con Miller en la Cl\u00ednica Mobile para ver si pod\u00eda ser su remolque y hoy ha sido el m\u00e1s r\u00e1pido de la sesi\u00f3n, as\u00ed que hab\u00eda llegado el momento de hacerlo. \u00a1Decidiremos el precio m\u00e1s tarde! Ma\u00f1ana tenemos que hacer una buena salida y ver qu\u00e9 es posible en la carrera; los tiempos est\u00e1n muy cerca, as\u00ed que ya veremos. Seguimos trabajando a nuestra manera para mejorar la situaci\u00f3n que tenemos\u201d.<br><\/em><\/p>\n\n\n\n<hr class=\"wp-block-separator has-alpha-channel-opacity\"\/>\n\n\n\n<p><a href=\"https:\/\/twitter.com\/hashtag\/POL44?src=hash&amp;lang=es\">#POL44<\/a><\/p>\n\n\n\n<p><em>\u201cLa Q1 de hoy ha sido buena, hemos podido pasar a la Q2. En la Q2 estaba presionando mucho y al l\u00edmite, probablemente por encima. El tiempo ha sido bueno, parec\u00eda un 1&#8217;39.1 como el que he marcado en la Q1, y eso nos podr\u00eda haber colocado en las dos primeras filas. He tenido algunos bloqueos con el cambio de asfalto en la curva 10 y me he ca\u00eddo, una verdadera l\u00e1stima. La mayor parte de la vuelta estaba hecha y lo hemos hecho bien, pero si no terminas, no importa lo que hagas. Es lo que es. Creo que la carrera volver\u00e1 a ser dif\u00edcil, pero seguimos trabajando y viendo lo que es posible. El cambio de hora antes de la carrera de Moto2 cambiar\u00e1 un poco la situaci\u00f3n\u201d.<br><\/em><\/p>\n","protected":false},"excerpt":{"rendered":"<p>Pol Espargar\u00f3 comenzar\u00e1 la carrera ma\u00f1ana desde la duod\u00e9cima posici\u00f3n en la parrilla, justo por delante de Marc M\u00e1rquez, que saldr\u00e1 decimotercero.<\/p>\n","protected":false},"author":43146,"featured_media":43130,"comment_status":"open","ping_status":"open","sticky":false,"template":"","format":"standard","meta":{"footnotes":""},"categories":[4],"tags":[194],"class_list":["post-94984","post","type-post","status-publish","format-standard","hentry","category-motogp","tag-194"],"yoast_head":"<!-- This site is optimized with the Yoast SEO plugin v27.3 - https:\/\/yoast.com\/product\/yoast-seo-wordpress\/ -->\n<title>GP de Catalunya 2021 - Cuarta y quinta fila para los pilotos del equipo Repsol Honda<\/title>\n<meta name=\"description\" content=\"Pol Espargar\u00f3 comenzar\u00e1 la carrera ma\u00f1ana desde la duod\u00e9cima posici\u00f3n en la parrilla, justo por delante de Marc M\u00e1rquez, que saldr\u00e1 decimotercero.\" \/>\n<link rel=\"canonical\" href=\"https:\/\/www.boxrepsol.com\/es\/motogp\/sabado-catalunya-2021\/\" \/>\n<meta property=\"og:locale\" content=\"es_ES\" \/>\n<meta property=\"og:type\" content=\"article\" \/>\n<meta property=\"og:title\" content=\"GP de Catalunya 2021 - Cuarta y quinta fila para los pilotos del equipo Repsol Honda\" \/>\n<meta property=\"og:description\" content=\"Pol Espargar\u00f3 comenzar\u00e1 la carrera ma\u00f1ana desde la duod\u00e9cima posici\u00f3n en la parrilla, justo por delante de Marc M\u00e1rquez, que saldr\u00e1 decimotercero.\" \/>\n<meta property=\"og:url\" content=\"https:\/\/www.boxrepsol.com\/es\/motogp\/sabado-catalunya-2021\/\" \/>\n<meta property=\"og:site_name\" content=\"Box Repsol\" \/>\n<meta property=\"article:publisher\" content=\"https:\/\/www.facebook.com\/BoxRepsol\" \/>\n<meta property=\"article:author\" content=\"https:\/\/www.facebook.com\/BoxRepsol\/\" \/>\n<meta property=\"article:published_time\" content=\"2021-06-05T02:00:00+00:00\" \/>\n<meta property=\"article:modified_time\" content=\"2024-04-12T15:54:00+00:00\" \/>\n<meta property=\"og:image\" content=\"https:\/\/bxrepsol.s3.eu-west-1.amazonaws.com\/static\/2022\/08\/09131346\/Marc-Marquez-en-Catalunya-2021-1.jpg\" \/>\n\t<meta property=\"og:image:width\" content=\"1280\" \/>\n\t<meta property=\"og:image:height\" content=\"700\" \/>\n\t<meta property=\"og:image:type\" content=\"image\/jpeg\" \/>\n<meta name=\"author\" content=\"Redacci\u00f3n Box Repsol\" \/>\n<meta name=\"twitter:card\" content=\"summary_large_image\" \/>\n<meta name=\"twitter:creator\" content=\"@https:\/\/twitter.com\/box_repsol\" \/>\n<meta name=\"twitter:site\" content=\"@box_repsol\" \/>\n<meta name=\"twitter:label1\" content=\"Written by\" \/>\n\t<meta name=\"twitter:data1\" content=\"Redacci\u00f3n Box Repsol\" \/>\n\t<meta name=\"twitter:label2\" content=\"Est. reading time\" \/>\n\t<meta name=\"twitter:data2\" content=\"3 minutos\" \/>\n<script type=\"application\/ld+json\" class=\"yoast-schema-graph\">{\"@context\":\"https:\\\/\\\/schema.org\",\"@graph\":[{\"@type\":\"Article\",\"@id\":\"https:\\\/\\\/www.boxrepsol.com\\\/es\\\/motogp\\\/sabado-catalunya-2021\\\/#article\",\"isPartOf\":{\"@id\":\"https:\\\/\\\/www.boxrepsol.com\\\/es\\\/motogp\\\/sabado-catalunya-2021\\\/\"},\"author\":{\"name\":\"Redacci\u00f3n Box Repsol\",\"@id\":\"https:\\\/\\\/www.boxrepsol.com\\\/es\\\/#\\\/schema\\\/person\\\/c5c2138f2cca251b0ad92b7086bb60b7\"},\"headline\":\"Cuarta y quinta fila para los pilotos del equipo Repsol Honda\",\"datePublished\":\"2021-06-05T02:00:00+00:00\",\"dateModified\":\"2024-04-12T15:54:00+00:00\",\"mainEntityOfPage\":{\"@id\":\"https:\\\/\\\/www.boxrepsol.com\\\/es\\\/motogp\\\/sabado-catalunya-2021\\\/\"},\"wordCount\":526,\"commentCount\":0,\"publisher\":{\"@id\":\"https:\\\/\\\/www.boxrepsol.com\\\/es\\\/#organization\"},\"image\":{\"@id\":\"https:\\\/\\\/www.boxrepsol.com\\\/es\\\/motogp\\\/sabado-catalunya-2021\\\/#primaryimage\"},\"thumbnailUrl\":\"https:\\\/\\\/bxrepsol.s3.eu-west-1.amazonaws.com\\\/static\\\/2022\\\/08\\\/09131346\\\/Marc-Marquez-en-Catalunya-2021-1.jpg\",\"keywords\":[\"2021\"],\"articleSection\":[\"MotoGP\"],\"inLanguage\":\"es\",\"potentialAction\":[{\"@type\":\"CommentAction\",\"name\":\"Comment\",\"target\":[\"https:\\\/\\\/www.boxrepsol.com\\\/es\\\/motogp\\\/sabado-catalunya-2021\\\/#respond\"]}]},{\"@type\":\"WebPage\",\"@id\":\"https:\\\/\\\/www.boxrepsol.com\\\/es\\\/motogp\\\/sabado-catalunya-2021\\\/\",\"url\":\"https:\\\/\\\/www.boxrepsol.com\\\/es\\\/motogp\\\/sabado-catalunya-2021\\\/\",\"name\":\"GP de Catalunya 2021 - Cuarta y quinta fila para los pilotos del equipo Repsol Honda\",\"isPartOf\":{\"@id\":\"https:\\\/\\\/www.boxrepsol.com\\\/es\\\/#website\"},\"primaryImageOfPage\":{\"@id\":\"https:\\\/\\\/www.boxrepsol.com\\\/es\\\/motogp\\\/sabado-catalunya-2021\\\/#primaryimage\"},\"image\":{\"@id\":\"https:\\\/\\\/www.boxrepsol.com\\\/es\\\/motogp\\\/sabado-catalunya-2021\\\/#primaryimage\"},\"thumbnailUrl\":\"https:\\\/\\\/bxrepsol.s3.eu-west-1.amazonaws.com\\\/static\\\/2022\\\/08\\\/09131346\\\/Marc-Marquez-en-Catalunya-2021-1.jpg\",\"datePublished\":\"2021-06-05T02:00:00+00:00\",\"dateModified\":\"2024-04-12T15:54:00+00:00\",\"description\":\"Pol Espargar\u00f3 comenzar\u00e1 la carrera ma\u00f1ana desde la duod\u00e9cima posici\u00f3n en la parrilla, justo por delante de Marc M\u00e1rquez, que saldr\u00e1 decimotercero.\",\"breadcrumb\":{\"@id\":\"https:\\\/\\\/www.boxrepsol.com\\\/es\\\/motogp\\\/sabado-catalunya-2021\\\/#breadcrumb\"},\"inLanguage\":\"es\",\"potentialAction\":[{\"@type\":\"ReadAction\",\"target\":[\"https:\\\/\\\/www.boxrepsol.com\\\/es\\\/motogp\\\/sabado-catalunya-2021\\\/\"]}]},{\"@type\":\"ImageObject\",\"inLanguage\":\"es\",\"@id\":\"https:\\\/\\\/www.boxrepsol.com\\\/es\\\/motogp\\\/sabado-catalunya-2021\\\/#primaryimage\",\"url\":\"https:\\\/\\\/bxrepsol.s3.eu-west-1.amazonaws.com\\\/static\\\/2022\\\/08\\\/09131346\\\/Marc-Marquez-en-Catalunya-2021-1.jpg\",\"contentUrl\":\"https:\\\/\\\/bxrepsol.s3.eu-west-1.amazonaws.com\\\/static\\\/2022\\\/08\\\/09131346\\\/Marc-Marquez-en-Catalunya-2021-1.jpg\",\"width\":1280,\"height\":700},{\"@type\":\"BreadcrumbList\",\"@id\":\"https:\\\/\\\/www.boxrepsol.com\\\/es\\\/motogp\\\/sabado-catalunya-2021\\\/#breadcrumb\",\"itemListElement\":[{\"@type\":\"ListItem\",\"position\":1,\"name\":\"Home\",\"item\":\"https:\\\/\\\/www.boxrepsol.com\\\/es\\\/\"},{\"@type\":\"ListItem\",\"position\":2,\"name\":\"Cuarta y quinta fila para los pilotos del equipo Repsol Honda\"}]},{\"@type\":\"WebSite\",\"@id\":\"https:\\\/\\\/www.boxrepsol.com\\\/es\\\/#website\",\"url\":\"https:\\\/\\\/www.boxrepsol.com\\\/es\\\/\",\"name\":\"Box Repsol\",\"description\":\"Box Repsol Site\",\"publisher\":{\"@id\":\"https:\\\/\\\/www.boxrepsol.com\\\/es\\\/#organization\"},\"potentialAction\":[{\"@type\":\"SearchAction\",\"target\":{\"@type\":\"EntryPoint\",\"urlTemplate\":\"https:\\\/\\\/www.boxrepsol.com\\\/es\\\/?s={search_term_string}\"},\"query-input\":{\"@type\":\"PropertyValueSpecification\",\"valueRequired\":true,\"valueName\":\"search_term_string\"}}],\"inLanguage\":\"es\"},{\"@type\":\"Organization\",\"@id\":\"https:\\\/\\\/www.boxrepsol.com\\\/es\\\/#organization\",\"name\":\"Box Repsol\",\"url\":\"https:\\\/\\\/www.boxrepsol.com\\\/es\\\/\",\"logo\":{\"@type\":\"ImageObject\",\"inLanguage\":\"es\",\"@id\":\"https:\\\/\\\/www.boxrepsol.com\\\/es\\\/#\\\/schema\\\/logo\\\/image\\\/\",\"url\":\"https:\\\/\\\/bxrepsol.s3.eu-west-1.amazonaws.com\\\/static\\\/2025\\\/07\\\/30083337\\\/favicon-96x96-1.png\",\"contentUrl\":\"https:\\\/\\\/bxrepsol.s3.eu-west-1.amazonaws.com\\\/static\\\/2025\\\/07\\\/30083337\\\/favicon-96x96-1.png\",\"width\":96,\"height\":96,\"caption\":\"Box Repsol\"},\"image\":{\"@id\":\"https:\\\/\\\/www.boxrepsol.com\\\/es\\\/#\\\/schema\\\/logo\\\/image\\\/\"},\"sameAs\":[\"https:\\\/\\\/www.facebook.com\\\/BoxRepsol\",\"https:\\\/\\\/x.com\\\/box_repsol\",\"http:\\\/\\\/instagram.com\\\/box_repsol\",\"https:\\\/\\\/www.youtube.com\\\/user\\\/RepsolCompeticion\",\"https:\\\/\\\/www.flickr.com\\\/photos\\\/box_repsol\\\/\"]},{\"@type\":\"Person\",\"@id\":\"https:\\\/\\\/www.boxrepsol.com\\\/es\\\/#\\\/schema\\\/person\\\/c5c2138f2cca251b0ad92b7086bb60b7\",\"name\":\"Redacci\u00f3n Box Repsol\",\"image\":{\"@type\":\"ImageObject\",\"inLanguage\":\"es\",\"@id\":\"https:\\\/\\\/secure.gravatar.com\\\/avatar\\\/adf7b77e38b4419baf32c7e9c21dde01f4e40df611f0978e3006fc4ba0aaab7e?s=96&d=mm&r=g\",\"url\":\"https:\\\/\\\/secure.gravatar.com\\\/avatar\\\/adf7b77e38b4419baf32c7e9c21dde01f4e40df611f0978e3006fc4ba0aaab7e?s=96&d=mm&r=g\",\"contentUrl\":\"https:\\\/\\\/secure.gravatar.com\\\/avatar\\\/adf7b77e38b4419baf32c7e9c21dde01f4e40df611f0978e3006fc4ba0aaab7e?s=96&d=mm&r=g\",\"caption\":\"Redacci\u00f3n Box Repsol\"},\"description\":\"Box Repsol lo forma un equipo de periodistas, community managers, dise\u00f1adores y fot\u00f3grafos con m\u00e1s de 20 a\u00f1os de experiencia en el mundo del motorsport. Hemos vivido el primer mundial de un espa\u00f1ol en la categor\u00eda reina de motociclismo con \u00c1lex Crivill\u00e9, estuvimos en las victorias de Pedrosa y los t\u00edtulos de M\u00e1rquez, acompa\u00f1amos en \u00c1frica a Nani Roma y Marc Coma en sus conquistas del Dakar y hemos vibrado con los t\u00edtulos de Toni Bou en Trial. Adem\u00e1s, en nuestro equipo contamos con expertos en el mundo de las dos y cuatro ruedas tanto de la calle y las carreteras, como de los circuitos. Periodistas que han trabajado en revistas y publicaciones para hacerte llegar desde rutas y consejos de mantenimiento, a curiosidades y trucos de pilotaje.\",\"sameAs\":[\"https:\\\/\\\/www.facebook.com\\\/BoxRepsol\\\/\",\"https:\\\/\\\/www.instagram.com\\\/box_repsol\\\/\",\"https:\\\/\\\/x.com\\\/https:\\\/\\\/twitter.com\\\/box_repsol\",\"https:\\\/\\\/www.youtube.com\\\/@Boxrepsol\"],\"url\":\"https:\\\/\\\/www.boxrepsol.com\\\/es\\\/author\\\/redaccion-box-repsol\\\/\"}]}<\/script>\n<!-- \/ Yoast SEO plugin. -->","yoast_head_json":{"title":"GP de Catalunya 2021 - Cuarta y quinta fila para los pilotos del equipo Repsol Honda","description":"Pol Espargar\u00f3 comenzar\u00e1 la carrera ma\u00f1ana desde la duod\u00e9cima posici\u00f3n en la parrilla, justo por delante de Marc M\u00e1rquez, que saldr\u00e1 decimotercero.","canonical":"https:\/\/www.boxrepsol.com\/es\/motogp\/sabado-catalunya-2021\/","og_locale":"es_ES","og_type":"article","og_title":"GP de Catalunya 2021 - Cuarta y quinta fila para los pilotos del equipo Repsol Honda","og_description":"Pol Espargar\u00f3 comenzar\u00e1 la carrera ma\u00f1ana desde la duod\u00e9cima posici\u00f3n en la parrilla, justo por delante de Marc M\u00e1rquez, que saldr\u00e1 decimotercero.","og_url":"https:\/\/www.boxrepsol.com\/es\/motogp\/sabado-catalunya-2021\/","og_site_name":"Box Repsol","article_publisher":"https:\/\/www.facebook.com\/BoxRepsol","article_author":"https:\/\/www.facebook.com\/BoxRepsol\/","article_published_time":"2021-06-05T02:00:00+00:00","article_modified_time":"2024-04-12T15:54:00+00:00","og_image":[{"width":1280,"height":700,"url":"https:\/\/bxrepsol.s3.eu-west-1.amazonaws.com\/static\/2022\/08\/09131346\/Marc-Marquez-en-Catalunya-2021-1.jpg","type":"image\/jpeg"}],"author":"Redacci\u00f3n Box Repsol","twitter_card":"summary_large_image","twitter_creator":"@https:\/\/twitter.com\/box_repsol","twitter_site":"@box_repsol","twitter_misc":{"Written by":"Redacci\u00f3n Box Repsol","Est. reading time":"3 minutos"},"schema":{"@context":"https:\/\/schema.org","@graph":[{"@type":"Article","@id":"https:\/\/www.boxrepsol.com\/es\/motogp\/sabado-catalunya-2021\/#article","isPartOf":{"@id":"https:\/\/www.boxrepsol.com\/es\/motogp\/sabado-catalunya-2021\/"},"author":{"name":"Redacci\u00f3n Box Repsol","@id":"https:\/\/www.boxrepsol.com\/es\/#\/schema\/person\/c5c2138f2cca251b0ad92b7086bb60b7"},"headline":"Cuarta y quinta fila para los pilotos del equipo Repsol Honda","datePublished":"2021-06-05T02:00:00+00:00","dateModified":"2024-04-12T15:54:00+00:00","mainEntityOfPage":{"@id":"https:\/\/www.boxrepsol.com\/es\/motogp\/sabado-catalunya-2021\/"},"wordCount":526,"commentCount":0,"publisher":{"@id":"https:\/\/www.boxrepsol.com\/es\/#organization"},"image":{"@id":"https:\/\/www.boxrepsol.com\/es\/motogp\/sabado-catalunya-2021\/#primaryimage"},"thumbnailUrl":"https:\/\/bxrepsol.s3.eu-west-1.amazonaws.com\/static\/2022\/08\/09131346\/Marc-Marquez-en-Catalunya-2021-1.jpg","keywords":["2021"],"articleSection":["MotoGP"],"inLanguage":"es","potentialAction":[{"@type":"CommentAction","name":"Comment","target":["https:\/\/www.boxrepsol.com\/es\/motogp\/sabado-catalunya-2021\/#respond"]}]},{"@type":"WebPage","@id":"https:\/\/www.boxrepsol.com\/es\/motogp\/sabado-catalunya-2021\/","url":"https:\/\/www.boxrepsol.com\/es\/motogp\/sabado-catalunya-2021\/","name":"GP de Catalunya 2021 - Cuarta y quinta fila para los pilotos del equipo Repsol Honda","isPartOf":{"@id":"https:\/\/www.boxrepsol.com\/es\/#website"},"primaryImageOfPage":{"@id":"https:\/\/www.boxrepsol.com\/es\/motogp\/sabado-catalunya-2021\/#primaryimage"},"image":{"@id":"https:\/\/www.boxrepsol.com\/es\/motogp\/sabado-catalunya-2021\/#primaryimage"},"thumbnailUrl":"https:\/\/bxrepsol.s3.eu-west-1.amazonaws.com\/static\/2022\/08\/09131346\/Marc-Marquez-en-Catalunya-2021-1.jpg","datePublished":"2021-06-05T02:00:00+00:00","dateModified":"2024-04-12T15:54:00+00:00","description":"Pol Espargar\u00f3 comenzar\u00e1 la carrera ma\u00f1ana desde la duod\u00e9cima posici\u00f3n en la parrilla, justo por delante de Marc M\u00e1rquez, que saldr\u00e1 decimotercero.","breadcrumb":{"@id":"https:\/\/www.boxrepsol.com\/es\/motogp\/sabado-catalunya-2021\/#breadcrumb"},"inLanguage":"es","potentialAction":[{"@type":"ReadAction","target":["https:\/\/www.boxrepsol.com\/es\/motogp\/sabado-catalunya-2021\/"]}]},{"@type":"ImageObject","inLanguage":"es","@id":"https:\/\/www.boxrepsol.com\/es\/motogp\/sabado-catalunya-2021\/#primaryimage","url":"https:\/\/bxrepsol.s3.eu-west-1.amazonaws.com\/static\/2022\/08\/09131346\/Marc-Marquez-en-Catalunya-2021-1.jpg","contentUrl":"https:\/\/bxrepsol.s3.eu-west-1.amazonaws.com\/static\/2022\/08\/09131346\/Marc-Marquez-en-Catalunya-2021-1.jpg","width":1280,"height":700},{"@type":"BreadcrumbList","@id":"https:\/\/www.boxrepsol.com\/es\/motogp\/sabado-catalunya-2021\/#breadcrumb","itemListElement":[{"@type":"ListItem","position":1,"name":"Home","item":"https:\/\/www.boxrepsol.com\/es\/"},{"@type":"ListItem","position":2,"name":"Cuarta y quinta fila para los pilotos del equipo Repsol Honda"}]},{"@type":"WebSite","@id":"https:\/\/www.boxrepsol.com\/es\/#website","url":"https:\/\/www.boxrepsol.com\/es\/","name":"Box Repsol","description":"Box Repsol Site","publisher":{"@id":"https:\/\/www.boxrepsol.com\/es\/#organization"},"potentialAction":[{"@type":"SearchAction","target":{"@type":"EntryPoint","urlTemplate":"https:\/\/www.boxrepsol.com\/es\/?s={search_term_string}"},"query-input":{"@type":"PropertyValueSpecification","valueRequired":true,"valueName":"search_term_string"}}],"inLanguage":"es"},{"@type":"Organization","@id":"https:\/\/www.boxrepsol.com\/es\/#organization","name":"Box Repsol","url":"https:\/\/www.boxrepsol.com\/es\/","logo":{"@type":"ImageObject","inLanguage":"es","@id":"https:\/\/www.boxrepsol.com\/es\/#\/schema\/logo\/image\/","url":"https:\/\/bxrepsol.s3.eu-west-1.amazonaws.com\/static\/2025\/07\/30083337\/favicon-96x96-1.png","contentUrl":"https:\/\/bxrepsol.s3.eu-west-1.amazonaws.com\/static\/2025\/07\/30083337\/favicon-96x96-1.png","width":96,"height":96,"caption":"Box Repsol"},"image":{"@id":"https:\/\/www.boxrepsol.com\/es\/#\/schema\/logo\/image\/"},"sameAs":["https:\/\/www.facebook.com\/BoxRepsol","https:\/\/x.com\/box_repsol","http:\/\/instagram.com\/box_repsol","https:\/\/www.youtube.com\/user\/RepsolCompeticion","https:\/\/www.flickr.com\/photos\/box_repsol\/"]},{"@type":"Person","@id":"https:\/\/www.boxrepsol.com\/es\/#\/schema\/person\/c5c2138f2cca251b0ad92b7086bb60b7","name":"Redacci\u00f3n Box Repsol","image":{"@type":"ImageObject","inLanguage":"es","@id":"https:\/\/secure.gravatar.com\/avatar\/adf7b77e38b4419baf32c7e9c21dde01f4e40df611f0978e3006fc4ba0aaab7e?s=96&d=mm&r=g","url":"https:\/\/secure.gravatar.com\/avatar\/adf7b77e38b4419baf32c7e9c21dde01f4e40df611f0978e3006fc4ba0aaab7e?s=96&d=mm&r=g","contentUrl":"https:\/\/secure.gravatar.com\/avatar\/adf7b77e38b4419baf32c7e9c21dde01f4e40df611f0978e3006fc4ba0aaab7e?s=96&d=mm&r=g","caption":"Redacci\u00f3n Box Repsol"},"description":"Box Repsol lo forma un equipo de periodistas, community managers, dise\u00f1adores y fot\u00f3grafos con m\u00e1s de 20 a\u00f1os de experiencia en el mundo del motorsport. Hemos vivido el primer mundial de un espa\u00f1ol en la categor\u00eda reina de motociclismo con \u00c1lex Crivill\u00e9, estuvimos en las victorias de Pedrosa y los t\u00edtulos de M\u00e1rquez, acompa\u00f1amos en \u00c1frica a Nani Roma y Marc Coma en sus conquistas del Dakar y hemos vibrado con los t\u00edtulos de Toni Bou en Trial. Adem\u00e1s, en nuestro equipo contamos con expertos en el mundo de las dos y cuatro ruedas tanto de la calle y las carreteras, como de los circuitos. Periodistas que han trabajado en revistas y publicaciones para hacerte llegar desde rutas y consejos de mantenimiento, a curiosidades y trucos de pilotaje.","sameAs":["https:\/\/www.facebook.com\/BoxRepsol\/","https:\/\/www.instagram.com\/box_repsol\/","https:\/\/x.com\/https:\/\/twitter.com\/box_repsol","https:\/\/www.youtube.com\/@Boxrepsol"],"url":"https:\/\/www.boxrepsol.com\/es\/author\/redaccion-box-repsol\/"}]}},"_links":{"self":[{"href":"https:\/\/www.boxrepsol.com\/es\/wp-json\/wp\/v2\/posts\/94984","targetHints":{"allow":["GET"]}}],"collection":[{"href":"https:\/\/www.boxrepsol.com\/es\/wp-json\/wp\/v2\/posts"}],"about":[{"href":"https:\/\/www.boxrepsol.com\/es\/wp-json\/wp\/v2\/types\/post"}],"author":[{"embeddable":true,"href":"https:\/\/www.boxrepsol.com\/es\/wp-json\/wp\/v2\/users\/43146"}],"replies":[{"embeddable":true,"href":"https:\/\/www.boxrepsol.com\/es\/wp-json\/wp\/v2\/comments?post=94984"}],"version-history":[{"count":2,"href":"https:\/\/www.boxrepsol.com\/es\/wp-json\/wp\/v2\/posts\/94984\/revisions"}],"predecessor-version":[{"id":102840,"href":"https:\/\/www.boxrepsol.com\/es\/wp-json\/wp\/v2\/posts\/94984\/revisions\/102840"}],"wp:featuredmedia":[{"embeddable":true,"href":"https:\/\/www.boxrepsol.com\/es\/wp-json\/wp\/v2\/media\/43130"}],"wp:attachment":[{"href":"https:\/\/www.boxrepsol.com\/es\/wp-json\/wp\/v2\/media?parent=94984"}],"wp:term":[{"taxonomy":"category","embeddable":true,"href":"https:\/\/www.boxrepsol.com\/es\/wp-json\/wp\/v2\/categories?post=94984"},{"taxonomy":"post_tag","embeddable":true,"href":"https:\/\/www.boxrepsol.com\/es\/wp-json\/wp\/v2\/tags?post=94984"}],"curies":[{"name":"wp","href":"https:\/\/api.w.org\/{rel}","templated":true}]}}