{"id":94982,"date":"2021-06-04T00:00:00","date_gmt":"2021-06-04T02:00:00","guid":{"rendered":"http:\/\/pre.boxrepsol.com\/sin-categorizar\/pol-espargaro-finaliza-primer-dia-los-diez-primeros\/"},"modified":"2024-04-12T13:55:54","modified_gmt":"2024-04-12T15:55:54","slug":"pol-espargaro-finaliza-primer-dia-los-diez-primeros","status":"publish","type":"post","link":"https:\/\/www.boxrepsol.com\/es\/motogp\/pol-espargaro-finaliza-primer-dia-los-diez-primeros\/","title":{"rendered":"Pol Espargar\u00f3 finaliza el primer d\u00eda entre los diez primeros"},"content":{"rendered":"\n<p>Primer d\u00eda positivo para <strong>Pol Espargar\u00f3<\/strong> en el Circuit de Barcelona \u2013 Catalunya. Espargar\u00f3, que sigue adapt\u00e1ndose a la RC213V, ha registrado el tercer mejor tiempo en el primer entrenamiento libre de la jornada, qued\u00e1ndose a menos de 4 d\u00e9cimas de la cabeza.<\/p>\n\n\n\n<p>Por la tarde, Pol ha logrado un mejor tiempo de 1 minuto, 39 segundos y 983 mil\u00e9simas, registro que le permite situarse provisionalmente en posici\u00f3n para disputar la Q2 de ma\u00f1ana s\u00e1bado.<\/p>\n\n\n\n<p>Su compa\u00f1ero de equipo, <strong>Marc M\u00e1rquez<\/strong>, tambi\u00e9n ha finalizado el viernes del Gran Premio de Catalunya con buenas sensaciones. Por la ma\u00f1ana, Marc se ha quedado a 4 d\u00e9cimas del top5.<\/p>\n\n\n\n<p>Durante la primera mitad del segundo entrenamiento libre del d\u00eda, el piloto del equipo Repsol Honda ha mantenido un buen ritmo, llegando a liderar la tabla de clasificaci\u00f3n durante unos minutos. Finalmente y dosificando su estado f\u00edsico para completar el fin de semana de la mejor forma posible, M\u00e1rquez ha registrado un mejor tiempo de 1 minuto, 40 segundos y 120 mil\u00e9simas, terminando la jornada en la decimoquinta posici\u00f3n.<\/p>\n\n\n\n<figure class=\"wp-block-image\"><img decoding=\"async\" src=\"https:\/\/bxrepsol.s3.eu-west-1.amazonaws.com\/static\/2022\/08\/09131318\/Pol-y-Marc-en-Catalunya-2021-2.jpg\" alt=\"\"\/><\/figure>\n\n\n\n<h2 class=\"wp-block-heading\">Declaraciones de los pilotos<\/h2>\n\n\n\n<p><a href=\"https:\/\/twitter.com\/hashtag\/MM93?src=hash&amp;lang=es\">#MM93<\/a><\/p>\n\n\n\n<p><em>\u201cHe luchado un poco hoy, como todos los viernes. En la FP2 me he sentido un poco mejor y ma\u00f1ana el objetivo es dar un paso m\u00e1s. Estamos aqu\u00ed intentando entender la forma en la que mejorar, paso a paso y dando vueltas al circuito. Hay un par de puntos en la pista en los que necesito trabajar para ajustar mi posici\u00f3n, pero en comparaci\u00f3n con las \u00faltimas carreras mi cuerpo se siente mejor. El trabajo realizado en la curva 10 es muy bueno; es una curva m\u00e1s natural y m\u00e1s cercana a lo que representa el resto del circuito. Creo que es un buen lugar para adelantar en las \u00faltimas vueltas\u201d.<br><\/em><\/p>\n\n\n\n<hr class=\"wp-block-separator has-alpha-channel-opacity\"\/>\n\n\n\n<p><a href=\"https:\/\/twitter.com\/hashtag\/POL44?src=hash&amp;lang=es\">#POL44<\/a><\/p>\n\n\n\n<p><em>\u201cHa sido un d\u00eda extra\u00f1o, honestamente hablando. Normalmente esta no es mi mejor pista porque cuando hace calor ofrece poco agarre y soy un piloto que prefiere diferentes condiciones. Los tiempos han llegado con bastante facilidad tanto por la ma\u00f1ana como por la tarde, no hemos estando apretando mucho y los tiempos se han ajustado. Pero cuando ponemos el neum\u00e1tico blando trasero todos ganan un segundo extra, pero nosotros no podemos encontrarlo, as\u00ed que aqu\u00ed es donde estamos sufriendo en este momento. Aparte de esto, tenemos muy buenas sensaciones y hemos empezado bien el fin de semana. Tambi\u00e9n tenemos que mencionar la reforma que se ha hecho en la curva 10, ha mejorado mucho\u00bb.<br><\/em><\/p>\n","protected":false},"excerpt":{"rendered":"<p>El piloto del equipo Repsol Honda marca el d\u00e9cimo mejor tiempo, con Marc M\u00e1rquez decimoquinto.<\/p>\n","protected":false},"author":43146,"featured_media":43122,"comment_status":"open","ping_status":"open","sticky":false,"template":"","format":"standard","meta":{"footnotes":""},"categories":[4],"tags":[194],"class_list":["post-94982","post","type-post","status-publish","format-standard","hentry","category-motogp","tag-194"],"yoast_head":"<!-- This site is optimized with the Yoast SEO plugin v27.3 - https:\/\/yoast.com\/product\/yoast-seo-wordpress\/ -->\n<title>GP de Catalunya 2021 - Pol Espargar\u00f3 finaliza el primer d\u00eda entre los diez primeros<\/title>\n<meta name=\"description\" content=\"El piloto del equipo Repsol Honda marca el d\u00e9cimo mejor tiempo, con Marc M\u00e1rquez decimoquinto.\" \/>\n<link rel=\"canonical\" href=\"https:\/\/www.boxrepsol.com\/es\/motogp\/pol-espargaro-finaliza-primer-dia-los-diez-primeros\/\" \/>\n<meta property=\"og:locale\" content=\"es_ES\" \/>\n<meta property=\"og:type\" content=\"article\" \/>\n<meta property=\"og:title\" content=\"GP de Catalunya 2021 - Pol Espargar\u00f3 finaliza el primer d\u00eda entre los diez primeros\" \/>\n<meta property=\"og:description\" content=\"El piloto del equipo Repsol Honda marca el d\u00e9cimo mejor tiempo, con Marc M\u00e1rquez decimoquinto.\" \/>\n<meta property=\"og:url\" content=\"https:\/\/www.boxrepsol.com\/es\/motogp\/pol-espargaro-finaliza-primer-dia-los-diez-primeros\/\" \/>\n<meta property=\"og:site_name\" content=\"Box Repsol\" \/>\n<meta property=\"article:publisher\" content=\"https:\/\/www.facebook.com\/BoxRepsol\" \/>\n<meta property=\"article:author\" content=\"https:\/\/www.facebook.com\/BoxRepsol\/\" \/>\n<meta property=\"article:published_time\" content=\"2021-06-04T02:00:00+00:00\" \/>\n<meta property=\"article:modified_time\" content=\"2024-04-12T15:55:54+00:00\" \/>\n<meta property=\"og:image\" content=\"https:\/\/bxrepsol.s3.eu-west-1.amazonaws.com\/static\/2022\/08\/09131321\/Pol-Espargaro-en-Catalunya-2021-1.jpg\" \/>\n\t<meta property=\"og:image:width\" content=\"1280\" \/>\n\t<meta property=\"og:image:height\" content=\"700\" \/>\n\t<meta property=\"og:image:type\" content=\"image\/jpeg\" \/>\n<meta name=\"author\" content=\"Redacci\u00f3n Box Repsol\" \/>\n<meta name=\"twitter:card\" content=\"summary_large_image\" \/>\n<meta name=\"twitter:creator\" content=\"@https:\/\/twitter.com\/box_repsol\" \/>\n<meta name=\"twitter:site\" content=\"@box_repsol\" \/>\n<meta name=\"twitter:label1\" content=\"Written by\" \/>\n\t<meta name=\"twitter:data1\" content=\"Redacci\u00f3n Box Repsol\" \/>\n\t<meta name=\"twitter:label2\" content=\"Est. reading time\" \/>\n\t<meta name=\"twitter:data2\" content=\"2 minutos\" \/>\n<script type=\"application\/ld+json\" class=\"yoast-schema-graph\">{\"@context\":\"https:\\\/\\\/schema.org\",\"@graph\":[{\"@type\":\"Article\",\"@id\":\"https:\\\/\\\/www.boxrepsol.com\\\/es\\\/motogp\\\/pol-espargaro-finaliza-primer-dia-los-diez-primeros\\\/#article\",\"isPartOf\":{\"@id\":\"https:\\\/\\\/www.boxrepsol.com\\\/es\\\/motogp\\\/pol-espargaro-finaliza-primer-dia-los-diez-primeros\\\/\"},\"author\":{\"name\":\"Redacci\u00f3n Box Repsol\",\"@id\":\"https:\\\/\\\/www.boxrepsol.com\\\/es\\\/#\\\/schema\\\/person\\\/c5c2138f2cca251b0ad92b7086bb60b7\"},\"headline\":\"Pol Espargar\u00f3 finaliza el primer d\u00eda entre los diez primeros\",\"datePublished\":\"2021-06-04T02:00:00+00:00\",\"dateModified\":\"2024-04-12T15:55:54+00:00\",\"mainEntityOfPage\":{\"@id\":\"https:\\\/\\\/www.boxrepsol.com\\\/es\\\/motogp\\\/pol-espargaro-finaliza-primer-dia-los-diez-primeros\\\/\"},\"wordCount\":438,\"commentCount\":0,\"publisher\":{\"@id\":\"https:\\\/\\\/www.boxrepsol.com\\\/es\\\/#organization\"},\"image\":{\"@id\":\"https:\\\/\\\/www.boxrepsol.com\\\/es\\\/motogp\\\/pol-espargaro-finaliza-primer-dia-los-diez-primeros\\\/#primaryimage\"},\"thumbnailUrl\":\"https:\\\/\\\/bxrepsol.s3.eu-west-1.amazonaws.com\\\/static\\\/2022\\\/08\\\/09131321\\\/Pol-Espargaro-en-Catalunya-2021-1.jpg\",\"keywords\":[\"2021\"],\"articleSection\":[\"MotoGP\"],\"inLanguage\":\"es\",\"potentialAction\":[{\"@type\":\"CommentAction\",\"name\":\"Comment\",\"target\":[\"https:\\\/\\\/www.boxrepsol.com\\\/es\\\/motogp\\\/pol-espargaro-finaliza-primer-dia-los-diez-primeros\\\/#respond\"]}]},{\"@type\":\"WebPage\",\"@id\":\"https:\\\/\\\/www.boxrepsol.com\\\/es\\\/motogp\\\/pol-espargaro-finaliza-primer-dia-los-diez-primeros\\\/\",\"url\":\"https:\\\/\\\/www.boxrepsol.com\\\/es\\\/motogp\\\/pol-espargaro-finaliza-primer-dia-los-diez-primeros\\\/\",\"name\":\"GP de Catalunya 2021 - Pol Espargar\u00f3 finaliza el primer d\u00eda entre los diez primeros\",\"isPartOf\":{\"@id\":\"https:\\\/\\\/www.boxrepsol.com\\\/es\\\/#website\"},\"primaryImageOfPage\":{\"@id\":\"https:\\\/\\\/www.boxrepsol.com\\\/es\\\/motogp\\\/pol-espargaro-finaliza-primer-dia-los-diez-primeros\\\/#primaryimage\"},\"image\":{\"@id\":\"https:\\\/\\\/www.boxrepsol.com\\\/es\\\/motogp\\\/pol-espargaro-finaliza-primer-dia-los-diez-primeros\\\/#primaryimage\"},\"thumbnailUrl\":\"https:\\\/\\\/bxrepsol.s3.eu-west-1.amazonaws.com\\\/static\\\/2022\\\/08\\\/09131321\\\/Pol-Espargaro-en-Catalunya-2021-1.jpg\",\"datePublished\":\"2021-06-04T02:00:00+00:00\",\"dateModified\":\"2024-04-12T15:55:54+00:00\",\"description\":\"El piloto del equipo Repsol Honda marca el d\u00e9cimo mejor tiempo, con Marc M\u00e1rquez decimoquinto.\",\"breadcrumb\":{\"@id\":\"https:\\\/\\\/www.boxrepsol.com\\\/es\\\/motogp\\\/pol-espargaro-finaliza-primer-dia-los-diez-primeros\\\/#breadcrumb\"},\"inLanguage\":\"es\",\"potentialAction\":[{\"@type\":\"ReadAction\",\"target\":[\"https:\\\/\\\/www.boxrepsol.com\\\/es\\\/motogp\\\/pol-espargaro-finaliza-primer-dia-los-diez-primeros\\\/\"]}]},{\"@type\":\"ImageObject\",\"inLanguage\":\"es\",\"@id\":\"https:\\\/\\\/www.boxrepsol.com\\\/es\\\/motogp\\\/pol-espargaro-finaliza-primer-dia-los-diez-primeros\\\/#primaryimage\",\"url\":\"https:\\\/\\\/bxrepsol.s3.eu-west-1.amazonaws.com\\\/static\\\/2022\\\/08\\\/09131321\\\/Pol-Espargaro-en-Catalunya-2021-1.jpg\",\"contentUrl\":\"https:\\\/\\\/bxrepsol.s3.eu-west-1.amazonaws.com\\\/static\\\/2022\\\/08\\\/09131321\\\/Pol-Espargaro-en-Catalunya-2021-1.jpg\",\"width\":1280,\"height\":700},{\"@type\":\"BreadcrumbList\",\"@id\":\"https:\\\/\\\/www.boxrepsol.com\\\/es\\\/motogp\\\/pol-espargaro-finaliza-primer-dia-los-diez-primeros\\\/#breadcrumb\",\"itemListElement\":[{\"@type\":\"ListItem\",\"position\":1,\"name\":\"Home\",\"item\":\"https:\\\/\\\/www.boxrepsol.com\\\/es\\\/\"},{\"@type\":\"ListItem\",\"position\":2,\"name\":\"Pol Espargar\u00f3 finaliza el primer d\u00eda entre los diez primeros\"}]},{\"@type\":\"WebSite\",\"@id\":\"https:\\\/\\\/www.boxrepsol.com\\\/es\\\/#website\",\"url\":\"https:\\\/\\\/www.boxrepsol.com\\\/es\\\/\",\"name\":\"Box Repsol\",\"description\":\"Box Repsol Site\",\"publisher\":{\"@id\":\"https:\\\/\\\/www.boxrepsol.com\\\/es\\\/#organization\"},\"potentialAction\":[{\"@type\":\"SearchAction\",\"target\":{\"@type\":\"EntryPoint\",\"urlTemplate\":\"https:\\\/\\\/www.boxrepsol.com\\\/es\\\/?s={search_term_string}\"},\"query-input\":{\"@type\":\"PropertyValueSpecification\",\"valueRequired\":true,\"valueName\":\"search_term_string\"}}],\"inLanguage\":\"es\"},{\"@type\":\"Organization\",\"@id\":\"https:\\\/\\\/www.boxrepsol.com\\\/es\\\/#organization\",\"name\":\"Box Repsol\",\"url\":\"https:\\\/\\\/www.boxrepsol.com\\\/es\\\/\",\"logo\":{\"@type\":\"ImageObject\",\"inLanguage\":\"es\",\"@id\":\"https:\\\/\\\/www.boxrepsol.com\\\/es\\\/#\\\/schema\\\/logo\\\/image\\\/\",\"url\":\"https:\\\/\\\/bxrepsol.s3.eu-west-1.amazonaws.com\\\/static\\\/2025\\\/07\\\/30083337\\\/favicon-96x96-1.png\",\"contentUrl\":\"https:\\\/\\\/bxrepsol.s3.eu-west-1.amazonaws.com\\\/static\\\/2025\\\/07\\\/30083337\\\/favicon-96x96-1.png\",\"width\":96,\"height\":96,\"caption\":\"Box Repsol\"},\"image\":{\"@id\":\"https:\\\/\\\/www.boxrepsol.com\\\/es\\\/#\\\/schema\\\/logo\\\/image\\\/\"},\"sameAs\":[\"https:\\\/\\\/www.facebook.com\\\/BoxRepsol\",\"https:\\\/\\\/x.com\\\/box_repsol\",\"http:\\\/\\\/instagram.com\\\/box_repsol\",\"https:\\\/\\\/www.youtube.com\\\/user\\\/RepsolCompeticion\",\"https:\\\/\\\/www.flickr.com\\\/photos\\\/box_repsol\\\/\"]},{\"@type\":\"Person\",\"@id\":\"https:\\\/\\\/www.boxrepsol.com\\\/es\\\/#\\\/schema\\\/person\\\/c5c2138f2cca251b0ad92b7086bb60b7\",\"name\":\"Redacci\u00f3n Box Repsol\",\"image\":{\"@type\":\"ImageObject\",\"inLanguage\":\"es\",\"@id\":\"https:\\\/\\\/secure.gravatar.com\\\/avatar\\\/adf7b77e38b4419baf32c7e9c21dde01f4e40df611f0978e3006fc4ba0aaab7e?s=96&d=mm&r=g\",\"url\":\"https:\\\/\\\/secure.gravatar.com\\\/avatar\\\/adf7b77e38b4419baf32c7e9c21dde01f4e40df611f0978e3006fc4ba0aaab7e?s=96&d=mm&r=g\",\"contentUrl\":\"https:\\\/\\\/secure.gravatar.com\\\/avatar\\\/adf7b77e38b4419baf32c7e9c21dde01f4e40df611f0978e3006fc4ba0aaab7e?s=96&d=mm&r=g\",\"caption\":\"Redacci\u00f3n Box Repsol\"},\"description\":\"Box Repsol lo forma un equipo de periodistas, community managers, dise\u00f1adores y fot\u00f3grafos con m\u00e1s de 20 a\u00f1os de experiencia en el mundo del motorsport. Hemos vivido el primer mundial de un espa\u00f1ol en la categor\u00eda reina de motociclismo con \u00c1lex Crivill\u00e9, estuvimos en las victorias de Pedrosa y los t\u00edtulos de M\u00e1rquez, acompa\u00f1amos en \u00c1frica a Nani Roma y Marc Coma en sus conquistas del Dakar y hemos vibrado con los t\u00edtulos de Toni Bou en Trial. Adem\u00e1s, en nuestro equipo contamos con expertos en el mundo de las dos y cuatro ruedas tanto de la calle y las carreteras, como de los circuitos. Periodistas que han trabajado en revistas y publicaciones para hacerte llegar desde rutas y consejos de mantenimiento, a curiosidades y trucos de pilotaje.\",\"sameAs\":[\"https:\\\/\\\/www.facebook.com\\\/BoxRepsol\\\/\",\"https:\\\/\\\/www.instagram.com\\\/box_repsol\\\/\",\"https:\\\/\\\/x.com\\\/https:\\\/\\\/twitter.com\\\/box_repsol\",\"https:\\\/\\\/www.youtube.com\\\/@Boxrepsol\"],\"url\":\"https:\\\/\\\/www.boxrepsol.com\\\/es\\\/author\\\/redaccion-box-repsol\\\/\"}]}<\/script>\n<!-- \/ Yoast SEO plugin. -->","yoast_head_json":{"title":"GP de Catalunya 2021 - Pol Espargar\u00f3 finaliza el primer d\u00eda entre los diez primeros","description":"El piloto del equipo Repsol Honda marca el d\u00e9cimo mejor tiempo, con Marc M\u00e1rquez decimoquinto.","canonical":"https:\/\/www.boxrepsol.com\/es\/motogp\/pol-espargaro-finaliza-primer-dia-los-diez-primeros\/","og_locale":"es_ES","og_type":"article","og_title":"GP de Catalunya 2021 - Pol Espargar\u00f3 finaliza el primer d\u00eda entre los diez primeros","og_description":"El piloto del equipo Repsol Honda marca el d\u00e9cimo mejor tiempo, con Marc M\u00e1rquez decimoquinto.","og_url":"https:\/\/www.boxrepsol.com\/es\/motogp\/pol-espargaro-finaliza-primer-dia-los-diez-primeros\/","og_site_name":"Box Repsol","article_publisher":"https:\/\/www.facebook.com\/BoxRepsol","article_author":"https:\/\/www.facebook.com\/BoxRepsol\/","article_published_time":"2021-06-04T02:00:00+00:00","article_modified_time":"2024-04-12T15:55:54+00:00","og_image":[{"width":1280,"height":700,"url":"https:\/\/bxrepsol.s3.eu-west-1.amazonaws.com\/static\/2022\/08\/09131321\/Pol-Espargaro-en-Catalunya-2021-1.jpg","type":"image\/jpeg"}],"author":"Redacci\u00f3n Box Repsol","twitter_card":"summary_large_image","twitter_creator":"@https:\/\/twitter.com\/box_repsol","twitter_site":"@box_repsol","twitter_misc":{"Written by":"Redacci\u00f3n Box Repsol","Est. reading time":"2 minutos"},"schema":{"@context":"https:\/\/schema.org","@graph":[{"@type":"Article","@id":"https:\/\/www.boxrepsol.com\/es\/motogp\/pol-espargaro-finaliza-primer-dia-los-diez-primeros\/#article","isPartOf":{"@id":"https:\/\/www.boxrepsol.com\/es\/motogp\/pol-espargaro-finaliza-primer-dia-los-diez-primeros\/"},"author":{"name":"Redacci\u00f3n Box Repsol","@id":"https:\/\/www.boxrepsol.com\/es\/#\/schema\/person\/c5c2138f2cca251b0ad92b7086bb60b7"},"headline":"Pol Espargar\u00f3 finaliza el primer d\u00eda entre los diez primeros","datePublished":"2021-06-04T02:00:00+00:00","dateModified":"2024-04-12T15:55:54+00:00","mainEntityOfPage":{"@id":"https:\/\/www.boxrepsol.com\/es\/motogp\/pol-espargaro-finaliza-primer-dia-los-diez-primeros\/"},"wordCount":438,"commentCount":0,"publisher":{"@id":"https:\/\/www.boxrepsol.com\/es\/#organization"},"image":{"@id":"https:\/\/www.boxrepsol.com\/es\/motogp\/pol-espargaro-finaliza-primer-dia-los-diez-primeros\/#primaryimage"},"thumbnailUrl":"https:\/\/bxrepsol.s3.eu-west-1.amazonaws.com\/static\/2022\/08\/09131321\/Pol-Espargaro-en-Catalunya-2021-1.jpg","keywords":["2021"],"articleSection":["MotoGP"],"inLanguage":"es","potentialAction":[{"@type":"CommentAction","name":"Comment","target":["https:\/\/www.boxrepsol.com\/es\/motogp\/pol-espargaro-finaliza-primer-dia-los-diez-primeros\/#respond"]}]},{"@type":"WebPage","@id":"https:\/\/www.boxrepsol.com\/es\/motogp\/pol-espargaro-finaliza-primer-dia-los-diez-primeros\/","url":"https:\/\/www.boxrepsol.com\/es\/motogp\/pol-espargaro-finaliza-primer-dia-los-diez-primeros\/","name":"GP de Catalunya 2021 - Pol Espargar\u00f3 finaliza el primer d\u00eda entre los diez primeros","isPartOf":{"@id":"https:\/\/www.boxrepsol.com\/es\/#website"},"primaryImageOfPage":{"@id":"https:\/\/www.boxrepsol.com\/es\/motogp\/pol-espargaro-finaliza-primer-dia-los-diez-primeros\/#primaryimage"},"image":{"@id":"https:\/\/www.boxrepsol.com\/es\/motogp\/pol-espargaro-finaliza-primer-dia-los-diez-primeros\/#primaryimage"},"thumbnailUrl":"https:\/\/bxrepsol.s3.eu-west-1.amazonaws.com\/static\/2022\/08\/09131321\/Pol-Espargaro-en-Catalunya-2021-1.jpg","datePublished":"2021-06-04T02:00:00+00:00","dateModified":"2024-04-12T15:55:54+00:00","description":"El piloto del equipo Repsol Honda marca el d\u00e9cimo mejor tiempo, con Marc M\u00e1rquez decimoquinto.","breadcrumb":{"@id":"https:\/\/www.boxrepsol.com\/es\/motogp\/pol-espargaro-finaliza-primer-dia-los-diez-primeros\/#breadcrumb"},"inLanguage":"es","potentialAction":[{"@type":"ReadAction","target":["https:\/\/www.boxrepsol.com\/es\/motogp\/pol-espargaro-finaliza-primer-dia-los-diez-primeros\/"]}]},{"@type":"ImageObject","inLanguage":"es","@id":"https:\/\/www.boxrepsol.com\/es\/motogp\/pol-espargaro-finaliza-primer-dia-los-diez-primeros\/#primaryimage","url":"https:\/\/bxrepsol.s3.eu-west-1.amazonaws.com\/static\/2022\/08\/09131321\/Pol-Espargaro-en-Catalunya-2021-1.jpg","contentUrl":"https:\/\/bxrepsol.s3.eu-west-1.amazonaws.com\/static\/2022\/08\/09131321\/Pol-Espargaro-en-Catalunya-2021-1.jpg","width":1280,"height":700},{"@type":"BreadcrumbList","@id":"https:\/\/www.boxrepsol.com\/es\/motogp\/pol-espargaro-finaliza-primer-dia-los-diez-primeros\/#breadcrumb","itemListElement":[{"@type":"ListItem","position":1,"name":"Home","item":"https:\/\/www.boxrepsol.com\/es\/"},{"@type":"ListItem","position":2,"name":"Pol Espargar\u00f3 finaliza el primer d\u00eda entre los diez primeros"}]},{"@type":"WebSite","@id":"https:\/\/www.boxrepsol.com\/es\/#website","url":"https:\/\/www.boxrepsol.com\/es\/","name":"Box Repsol","description":"Box Repsol Site","publisher":{"@id":"https:\/\/www.boxrepsol.com\/es\/#organization"},"potentialAction":[{"@type":"SearchAction","target":{"@type":"EntryPoint","urlTemplate":"https:\/\/www.boxrepsol.com\/es\/?s={search_term_string}"},"query-input":{"@type":"PropertyValueSpecification","valueRequired":true,"valueName":"search_term_string"}}],"inLanguage":"es"},{"@type":"Organization","@id":"https:\/\/www.boxrepsol.com\/es\/#organization","name":"Box Repsol","url":"https:\/\/www.boxrepsol.com\/es\/","logo":{"@type":"ImageObject","inLanguage":"es","@id":"https:\/\/www.boxrepsol.com\/es\/#\/schema\/logo\/image\/","url":"https:\/\/bxrepsol.s3.eu-west-1.amazonaws.com\/static\/2025\/07\/30083337\/favicon-96x96-1.png","contentUrl":"https:\/\/bxrepsol.s3.eu-west-1.amazonaws.com\/static\/2025\/07\/30083337\/favicon-96x96-1.png","width":96,"height":96,"caption":"Box Repsol"},"image":{"@id":"https:\/\/www.boxrepsol.com\/es\/#\/schema\/logo\/image\/"},"sameAs":["https:\/\/www.facebook.com\/BoxRepsol","https:\/\/x.com\/box_repsol","http:\/\/instagram.com\/box_repsol","https:\/\/www.youtube.com\/user\/RepsolCompeticion","https:\/\/www.flickr.com\/photos\/box_repsol\/"]},{"@type":"Person","@id":"https:\/\/www.boxrepsol.com\/es\/#\/schema\/person\/c5c2138f2cca251b0ad92b7086bb60b7","name":"Redacci\u00f3n Box Repsol","image":{"@type":"ImageObject","inLanguage":"es","@id":"https:\/\/secure.gravatar.com\/avatar\/adf7b77e38b4419baf32c7e9c21dde01f4e40df611f0978e3006fc4ba0aaab7e?s=96&d=mm&r=g","url":"https:\/\/secure.gravatar.com\/avatar\/adf7b77e38b4419baf32c7e9c21dde01f4e40df611f0978e3006fc4ba0aaab7e?s=96&d=mm&r=g","contentUrl":"https:\/\/secure.gravatar.com\/avatar\/adf7b77e38b4419baf32c7e9c21dde01f4e40df611f0978e3006fc4ba0aaab7e?s=96&d=mm&r=g","caption":"Redacci\u00f3n Box Repsol"},"description":"Box Repsol lo forma un equipo de periodistas, community managers, dise\u00f1adores y fot\u00f3grafos con m\u00e1s de 20 a\u00f1os de experiencia en el mundo del motorsport. Hemos vivido el primer mundial de un espa\u00f1ol en la categor\u00eda reina de motociclismo con \u00c1lex Crivill\u00e9, estuvimos en las victorias de Pedrosa y los t\u00edtulos de M\u00e1rquez, acompa\u00f1amos en \u00c1frica a Nani Roma y Marc Coma en sus conquistas del Dakar y hemos vibrado con los t\u00edtulos de Toni Bou en Trial. Adem\u00e1s, en nuestro equipo contamos con expertos en el mundo de las dos y cuatro ruedas tanto de la calle y las carreteras, como de los circuitos. Periodistas que han trabajado en revistas y publicaciones para hacerte llegar desde rutas y consejos de mantenimiento, a curiosidades y trucos de pilotaje.","sameAs":["https:\/\/www.facebook.com\/BoxRepsol\/","https:\/\/www.instagram.com\/box_repsol\/","https:\/\/x.com\/https:\/\/twitter.com\/box_repsol","https:\/\/www.youtube.com\/@Boxrepsol"],"url":"https:\/\/www.boxrepsol.com\/es\/author\/redaccion-box-repsol\/"}]}},"_links":{"self":[{"href":"https:\/\/www.boxrepsol.com\/es\/wp-json\/wp\/v2\/posts\/94982","targetHints":{"allow":["GET"]}}],"collection":[{"href":"https:\/\/www.boxrepsol.com\/es\/wp-json\/wp\/v2\/posts"}],"about":[{"href":"https:\/\/www.boxrepsol.com\/es\/wp-json\/wp\/v2\/types\/post"}],"author":[{"embeddable":true,"href":"https:\/\/www.boxrepsol.com\/es\/wp-json\/wp\/v2\/users\/43146"}],"replies":[{"embeddable":true,"href":"https:\/\/www.boxrepsol.com\/es\/wp-json\/wp\/v2\/comments?post=94982"}],"version-history":[{"count":2,"href":"https:\/\/www.boxrepsol.com\/es\/wp-json\/wp\/v2\/posts\/94982\/revisions"}],"predecessor-version":[{"id":102842,"href":"https:\/\/www.boxrepsol.com\/es\/wp-json\/wp\/v2\/posts\/94982\/revisions\/102842"}],"wp:featuredmedia":[{"embeddable":true,"href":"https:\/\/www.boxrepsol.com\/es\/wp-json\/wp\/v2\/media\/43122"}],"wp:attachment":[{"href":"https:\/\/www.boxrepsol.com\/es\/wp-json\/wp\/v2\/media?parent=94982"}],"wp:term":[{"taxonomy":"category","embeddable":true,"href":"https:\/\/www.boxrepsol.com\/es\/wp-json\/wp\/v2\/categories?post=94982"},{"taxonomy":"post_tag","embeddable":true,"href":"https:\/\/www.boxrepsol.com\/es\/wp-json\/wp\/v2\/tags?post=94982"}],"curies":[{"name":"wp","href":"https:\/\/api.w.org\/{rel}","templated":true}]}}