{"id":94979,"date":"2021-06-01T00:00:00","date_gmt":"2021-06-01T02:00:00","guid":{"rendered":"http:\/\/pre.boxrepsol.com\/sin-categorizar\/marc-marquez-y-pol-espargaro-listos-para-el-gran-premio-de-catalunya\/"},"modified":"2024-04-12T13:56:54","modified_gmt":"2024-04-12T15:56:54","slug":"marc-marquez-y-pol-espargaro-listos-para-el-gran-premio-de-catalunya","status":"publish","type":"post","link":"https:\/\/www.boxrepsol.com\/es\/motogp\/marc-marquez-y-pol-espargaro-listos-para-el-gran-premio-de-catalunya\/","title":{"rendered":"Marc M\u00e1rquez y Pol Espargar\u00f3, listos para el Gran Premio de Catalunya"},"content":{"rendered":"<p>Despu\u00e9s de disputar este pasado fin de semana el Gran Premio de Italia en Mugello, el equipo Repsol Honda afronta la s\u00e9ptima cita de la temporada de MotoGP en uno de los trazados m\u00e1s familiares tanto para Marc como para Pol.<\/p>\n<p>Marc M\u00e1rquez sigue trabajando en su mejora f\u00edsica y en recuperar las sensaciones para volver a pilotar como antes de su lesi\u00f3n. Este pr\u00f3ximo fin de semana, el piloto del equipo Repsol Honda completar\u00e1 por primera vez este a\u00f1o dos Grandes Premios consecutivos. Este hecho tambi\u00e9n ser\u00e1 una prueba importante para Marc, ya que podr\u00e1 comprobar c\u00f3mo se encuentra f\u00edsicamente y qu\u00e9 sensaciones tiene al no haber descansado entre carreras.<\/p>\n<p>Pol Espargar\u00f3 correr\u00e1 en el Circuit de Barcelona &#8211; Catalunya por primera vez como piloto del equipo Repsol Honda, una motivaci\u00f3n extra para seguir progresando encima de su Honda RC213V. Espargar\u00f3 buscar\u00e1 en Montmel\u00f3 lograr un resultado que confirme su proceso de adaptaci\u00f3n y su mejora a medida que avanza la temporada.<\/p>\n<h2>Declaraciones de los pilotos<\/h2>\n<p><a href=\"https:\/\/twitter.com\/hashtag\/MM93?src=hash&#038;lang=es\">#MM93<\/a><\/p>\n<p><em>\u201cAunque nuestra \u00faltima carrera no fue buena, en general Mugello fue un fin de semana con algunos aspectos positivos para nosotros, ya que fui bastante consistente. Sabemos d\u00f3nde estamos, sabemos hacia d\u00f3nde queremos ir y seguiremos los pasos correctos semana a semana. En Montmel\u00f3 parece que volver\u00e1 a haber aficionados en las tribunas, la afici\u00f3n da un gran ambiente y ser\u00e1 muy bonito volver a ver a la gente en las gradas del GP de casa\u00bb.<br \/>\n<\/em><\/p>\n<hr\/>\n<p><a href=\"https:\/\/twitter.com\/hashtag\/POL44?src=hash&#038;lang=es\">#POL44<\/a><\/p>\n<p><em>\u201cDespu\u00e9s de una carrera dif\u00edcil, a veces lo mejor es tener una carrera la siguiente semana. Tenemos que seguir movi\u00e9ndonos, esto es MotoGP y volvemos a la acci\u00f3n. Abordamos este nuevo fin de semana de la misma forma que el anterior; con todo nuestro potencial y el objetivo de mejorar. En Mugello encontramos algunas cosas que nos ayudar\u00e1n a seguir adelante. La carrera en casa siempre es especial, incluso si todos los fans no pueden volver a unirse a nosotros este a\u00f1o. Montmel\u00f3 es realmente especial para m\u00ed; crecer tan cerca de \u00e9l y ser ese el lugar donde hice mi debut en el Campeonato del Mundo en 2006, es algo que no se puede describir. Seguimos trabajando, seguimos mejorando, seguimos avanzando\u201d.<br \/>\n<\/em><\/p>\n","protected":false},"excerpt":{"rendered":"<p>Los dos pilotos del equipo Repsol Honda ya est\u00e1n en Barcelona para empezar otro fin de semana de carreras en el Circuit de Barcelona \u2013 Catalunya<\/p>\n","protected":false},"author":43146,"featured_media":42764,"comment_status":"open","ping_status":"open","sticky":false,"template":"","format":"standard","meta":{"footnotes":""},"categories":[4],"tags":[194,136,6,132],"class_list":["post-94979","post","type-post","status-publish","format-standard","hentry","category-motogp","tag-194","tag-campeonato-del-mundo-de-motociclismo","tag-marc-marquez","tag-motogp-catalunya"],"yoast_head":"<!-- This site is optimized with the Yoast SEO plugin v27.3 - https:\/\/yoast.com\/product\/yoast-seo-wordpress\/ -->\n<title>Marc M\u00e1rquez y Pol Espargar\u00f3, listos para el Gran Premio de Catalunya - Box Repsol<\/title>\n<meta name=\"description\" content=\"Los dos pilotos del equipo Repsol Honda ya est\u00e1n en Barcelona para empezar otro fin de semana de carreras en el Circuit de Barcelona \u2013 Catalunya\" \/>\n<link rel=\"canonical\" href=\"https:\/\/www.boxrepsol.com\/es\/motogp\/marc-marquez-y-pol-espargaro-listos-para-el-gran-premio-de-catalunya\/\" \/>\n<meta property=\"og:locale\" content=\"es_ES\" \/>\n<meta property=\"og:type\" content=\"article\" \/>\n<meta property=\"og:title\" content=\"Marc M\u00e1rquez y Pol Espargar\u00f3, listos para el Gran Premio de Catalunya - Box Repsol\" \/>\n<meta property=\"og:description\" content=\"Los dos pilotos del equipo Repsol Honda ya est\u00e1n en Barcelona para empezar otro fin de semana de carreras en el Circuit de Barcelona \u2013 Catalunya\" \/>\n<meta property=\"og:url\" content=\"https:\/\/www.boxrepsol.com\/es\/motogp\/marc-marquez-y-pol-espargaro-listos-para-el-gran-premio-de-catalunya\/\" \/>\n<meta property=\"og:site_name\" content=\"Box Repsol\" \/>\n<meta property=\"article:publisher\" content=\"https:\/\/www.facebook.com\/BoxRepsol\" \/>\n<meta property=\"article:author\" content=\"https:\/\/www.facebook.com\/BoxRepsol\/\" \/>\n<meta property=\"article:published_time\" content=\"2021-06-01T02:00:00+00:00\" \/>\n<meta property=\"article:modified_time\" content=\"2024-04-12T15:56:54+00:00\" \/>\n<meta property=\"og:image\" content=\"https:\/\/bxrepsol.s3.eu-west-1.amazonaws.com\/static\/2022\/08\/09130349\/portugal_motogp_marcmarquez-1.jpg\" \/>\n\t<meta property=\"og:image:width\" content=\"1280\" \/>\n\t<meta property=\"og:image:height\" content=\"720\" \/>\n\t<meta property=\"og:image:type\" content=\"image\/jpeg\" \/>\n<meta name=\"author\" content=\"Redacci\u00f3n Box Repsol\" \/>\n<meta name=\"twitter:card\" content=\"summary_large_image\" \/>\n<meta name=\"twitter:creator\" content=\"@https:\/\/twitter.com\/box_repsol\" \/>\n<meta name=\"twitter:site\" content=\"@box_repsol\" \/>\n<meta name=\"twitter:label1\" content=\"Written by\" \/>\n\t<meta name=\"twitter:data1\" content=\"Redacci\u00f3n Box Repsol\" \/>\n\t<meta name=\"twitter:label2\" content=\"Est. reading time\" \/>\n\t<meta name=\"twitter:data2\" content=\"2 minutos\" \/>\n<script type=\"application\/ld+json\" class=\"yoast-schema-graph\">{\"@context\":\"https:\\\/\\\/schema.org\",\"@graph\":[{\"@type\":\"Article\",\"@id\":\"https:\\\/\\\/www.boxrepsol.com\\\/es\\\/motogp\\\/marc-marquez-y-pol-espargaro-listos-para-el-gran-premio-de-catalunya\\\/#article\",\"isPartOf\":{\"@id\":\"https:\\\/\\\/www.boxrepsol.com\\\/es\\\/motogp\\\/marc-marquez-y-pol-espargaro-listos-para-el-gran-premio-de-catalunya\\\/\"},\"author\":{\"name\":\"Redacci\u00f3n Box Repsol\",\"@id\":\"https:\\\/\\\/www.boxrepsol.com\\\/es\\\/#\\\/schema\\\/person\\\/c5c2138f2cca251b0ad92b7086bb60b7\"},\"headline\":\"Marc M\u00e1rquez y Pol Espargar\u00f3, listos para el Gran Premio de Catalunya\",\"datePublished\":\"2021-06-01T02:00:00+00:00\",\"dateModified\":\"2024-04-12T15:56:54+00:00\",\"mainEntityOfPage\":{\"@id\":\"https:\\\/\\\/www.boxrepsol.com\\\/es\\\/motogp\\\/marc-marquez-y-pol-espargaro-listos-para-el-gran-premio-de-catalunya\\\/\"},\"wordCount\":402,\"commentCount\":0,\"publisher\":{\"@id\":\"https:\\\/\\\/www.boxrepsol.com\\\/es\\\/#organization\"},\"image\":{\"@id\":\"https:\\\/\\\/www.boxrepsol.com\\\/es\\\/motogp\\\/marc-marquez-y-pol-espargaro-listos-para-el-gran-premio-de-catalunya\\\/#primaryimage\"},\"thumbnailUrl\":\"https:\\\/\\\/bxrepsol.s3.eu-west-1.amazonaws.com\\\/static\\\/2022\\\/08\\\/09130349\\\/portugal_motogp_marcmarquez-1.jpg\",\"keywords\":[\"2021\",\"Campeonato del Mundo de Motociclismo\",\"Marc M\u00e1rquez\",\"MotoGP Catalunya\"],\"articleSection\":[\"MotoGP\"],\"inLanguage\":\"es\",\"potentialAction\":[{\"@type\":\"CommentAction\",\"name\":\"Comment\",\"target\":[\"https:\\\/\\\/www.boxrepsol.com\\\/es\\\/motogp\\\/marc-marquez-y-pol-espargaro-listos-para-el-gran-premio-de-catalunya\\\/#respond\"]}]},{\"@type\":\"WebPage\",\"@id\":\"https:\\\/\\\/www.boxrepsol.com\\\/es\\\/motogp\\\/marc-marquez-y-pol-espargaro-listos-para-el-gran-premio-de-catalunya\\\/\",\"url\":\"https:\\\/\\\/www.boxrepsol.com\\\/es\\\/motogp\\\/marc-marquez-y-pol-espargaro-listos-para-el-gran-premio-de-catalunya\\\/\",\"name\":\"Marc M\u00e1rquez y Pol Espargar\u00f3, listos para el Gran Premio de Catalunya - Box Repsol\",\"isPartOf\":{\"@id\":\"https:\\\/\\\/www.boxrepsol.com\\\/es\\\/#website\"},\"primaryImageOfPage\":{\"@id\":\"https:\\\/\\\/www.boxrepsol.com\\\/es\\\/motogp\\\/marc-marquez-y-pol-espargaro-listos-para-el-gran-premio-de-catalunya\\\/#primaryimage\"},\"image\":{\"@id\":\"https:\\\/\\\/www.boxrepsol.com\\\/es\\\/motogp\\\/marc-marquez-y-pol-espargaro-listos-para-el-gran-premio-de-catalunya\\\/#primaryimage\"},\"thumbnailUrl\":\"https:\\\/\\\/bxrepsol.s3.eu-west-1.amazonaws.com\\\/static\\\/2022\\\/08\\\/09130349\\\/portugal_motogp_marcmarquez-1.jpg\",\"datePublished\":\"2021-06-01T02:00:00+00:00\",\"dateModified\":\"2024-04-12T15:56:54+00:00\",\"description\":\"Los dos pilotos del equipo Repsol Honda ya est\u00e1n en Barcelona para empezar otro fin de semana de carreras en el Circuit de Barcelona \u2013 Catalunya\",\"breadcrumb\":{\"@id\":\"https:\\\/\\\/www.boxrepsol.com\\\/es\\\/motogp\\\/marc-marquez-y-pol-espargaro-listos-para-el-gran-premio-de-catalunya\\\/#breadcrumb\"},\"inLanguage\":\"es\",\"potentialAction\":[{\"@type\":\"ReadAction\",\"target\":[\"https:\\\/\\\/www.boxrepsol.com\\\/es\\\/motogp\\\/marc-marquez-y-pol-espargaro-listos-para-el-gran-premio-de-catalunya\\\/\"]}]},{\"@type\":\"ImageObject\",\"inLanguage\":\"es\",\"@id\":\"https:\\\/\\\/www.boxrepsol.com\\\/es\\\/motogp\\\/marc-marquez-y-pol-espargaro-listos-para-el-gran-premio-de-catalunya\\\/#primaryimage\",\"url\":\"https:\\\/\\\/bxrepsol.s3.eu-west-1.amazonaws.com\\\/static\\\/2022\\\/08\\\/09130349\\\/portugal_motogp_marcmarquez-1.jpg\",\"contentUrl\":\"https:\\\/\\\/bxrepsol.s3.eu-west-1.amazonaws.com\\\/static\\\/2022\\\/08\\\/09130349\\\/portugal_motogp_marcmarquez-1.jpg\",\"width\":1280,\"height\":720,\"caption\":\"portugal_motogp_marcmarquez\"},{\"@type\":\"BreadcrumbList\",\"@id\":\"https:\\\/\\\/www.boxrepsol.com\\\/es\\\/motogp\\\/marc-marquez-y-pol-espargaro-listos-para-el-gran-premio-de-catalunya\\\/#breadcrumb\",\"itemListElement\":[{\"@type\":\"ListItem\",\"position\":1,\"name\":\"Home\",\"item\":\"https:\\\/\\\/www.boxrepsol.com\\\/es\\\/\"},{\"@type\":\"ListItem\",\"position\":2,\"name\":\"Marc M\u00e1rquez y Pol Espargar\u00f3, listos para el Gran Premio de Catalunya\"}]},{\"@type\":\"WebSite\",\"@id\":\"https:\\\/\\\/www.boxrepsol.com\\\/es\\\/#website\",\"url\":\"https:\\\/\\\/www.boxrepsol.com\\\/es\\\/\",\"name\":\"Box Repsol\",\"description\":\"Box Repsol Site\",\"publisher\":{\"@id\":\"https:\\\/\\\/www.boxrepsol.com\\\/es\\\/#organization\"},\"potentialAction\":[{\"@type\":\"SearchAction\",\"target\":{\"@type\":\"EntryPoint\",\"urlTemplate\":\"https:\\\/\\\/www.boxrepsol.com\\\/es\\\/?s={search_term_string}\"},\"query-input\":{\"@type\":\"PropertyValueSpecification\",\"valueRequired\":true,\"valueName\":\"search_term_string\"}}],\"inLanguage\":\"es\"},{\"@type\":\"Organization\",\"@id\":\"https:\\\/\\\/www.boxrepsol.com\\\/es\\\/#organization\",\"name\":\"Box Repsol\",\"url\":\"https:\\\/\\\/www.boxrepsol.com\\\/es\\\/\",\"logo\":{\"@type\":\"ImageObject\",\"inLanguage\":\"es\",\"@id\":\"https:\\\/\\\/www.boxrepsol.com\\\/es\\\/#\\\/schema\\\/logo\\\/image\\\/\",\"url\":\"https:\\\/\\\/bxrepsol.s3.eu-west-1.amazonaws.com\\\/static\\\/2025\\\/07\\\/30083337\\\/favicon-96x96-1.png\",\"contentUrl\":\"https:\\\/\\\/bxrepsol.s3.eu-west-1.amazonaws.com\\\/static\\\/2025\\\/07\\\/30083337\\\/favicon-96x96-1.png\",\"width\":96,\"height\":96,\"caption\":\"Box Repsol\"},\"image\":{\"@id\":\"https:\\\/\\\/www.boxrepsol.com\\\/es\\\/#\\\/schema\\\/logo\\\/image\\\/\"},\"sameAs\":[\"https:\\\/\\\/www.facebook.com\\\/BoxRepsol\",\"https:\\\/\\\/x.com\\\/box_repsol\",\"http:\\\/\\\/instagram.com\\\/box_repsol\",\"https:\\\/\\\/www.youtube.com\\\/user\\\/RepsolCompeticion\",\"https:\\\/\\\/www.flickr.com\\\/photos\\\/box_repsol\\\/\"]},{\"@type\":\"Person\",\"@id\":\"https:\\\/\\\/www.boxrepsol.com\\\/es\\\/#\\\/schema\\\/person\\\/c5c2138f2cca251b0ad92b7086bb60b7\",\"name\":\"Redacci\u00f3n Box Repsol\",\"image\":{\"@type\":\"ImageObject\",\"inLanguage\":\"es\",\"@id\":\"https:\\\/\\\/secure.gravatar.com\\\/avatar\\\/adf7b77e38b4419baf32c7e9c21dde01f4e40df611f0978e3006fc4ba0aaab7e?s=96&d=mm&r=g\",\"url\":\"https:\\\/\\\/secure.gravatar.com\\\/avatar\\\/adf7b77e38b4419baf32c7e9c21dde01f4e40df611f0978e3006fc4ba0aaab7e?s=96&d=mm&r=g\",\"contentUrl\":\"https:\\\/\\\/secure.gravatar.com\\\/avatar\\\/adf7b77e38b4419baf32c7e9c21dde01f4e40df611f0978e3006fc4ba0aaab7e?s=96&d=mm&r=g\",\"caption\":\"Redacci\u00f3n Box Repsol\"},\"description\":\"Box Repsol lo forma un equipo de periodistas, community managers, dise\u00f1adores y fot\u00f3grafos con m\u00e1s de 20 a\u00f1os de experiencia en el mundo del motorsport. Hemos vivido el primer mundial de un espa\u00f1ol en la categor\u00eda reina de motociclismo con \u00c1lex Crivill\u00e9, estuvimos en las victorias de Pedrosa y los t\u00edtulos de M\u00e1rquez, acompa\u00f1amos en \u00c1frica a Nani Roma y Marc Coma en sus conquistas del Dakar y hemos vibrado con los t\u00edtulos de Toni Bou en Trial. Adem\u00e1s, en nuestro equipo contamos con expertos en el mundo de las dos y cuatro ruedas tanto de la calle y las carreteras, como de los circuitos. Periodistas que han trabajado en revistas y publicaciones para hacerte llegar desde rutas y consejos de mantenimiento, a curiosidades y trucos de pilotaje.\",\"sameAs\":[\"https:\\\/\\\/www.facebook.com\\\/BoxRepsol\\\/\",\"https:\\\/\\\/www.instagram.com\\\/box_repsol\\\/\",\"https:\\\/\\\/x.com\\\/https:\\\/\\\/twitter.com\\\/box_repsol\",\"https:\\\/\\\/www.youtube.com\\\/@Boxrepsol\"],\"url\":\"https:\\\/\\\/www.boxrepsol.com\\\/es\\\/author\\\/redaccion-box-repsol\\\/\"}]}<\/script>\n<!-- \/ Yoast SEO plugin. -->","yoast_head_json":{"title":"Marc M\u00e1rquez y Pol Espargar\u00f3, listos para el Gran Premio de Catalunya - Box Repsol","description":"Los dos pilotos del equipo Repsol Honda ya est\u00e1n en Barcelona para empezar otro fin de semana de carreras en el Circuit de Barcelona \u2013 Catalunya","canonical":"https:\/\/www.boxrepsol.com\/es\/motogp\/marc-marquez-y-pol-espargaro-listos-para-el-gran-premio-de-catalunya\/","og_locale":"es_ES","og_type":"article","og_title":"Marc M\u00e1rquez y Pol Espargar\u00f3, listos para el Gran Premio de Catalunya - Box Repsol","og_description":"Los dos pilotos del equipo Repsol Honda ya est\u00e1n en Barcelona para empezar otro fin de semana de carreras en el Circuit de Barcelona \u2013 Catalunya","og_url":"https:\/\/www.boxrepsol.com\/es\/motogp\/marc-marquez-y-pol-espargaro-listos-para-el-gran-premio-de-catalunya\/","og_site_name":"Box Repsol","article_publisher":"https:\/\/www.facebook.com\/BoxRepsol","article_author":"https:\/\/www.facebook.com\/BoxRepsol\/","article_published_time":"2021-06-01T02:00:00+00:00","article_modified_time":"2024-04-12T15:56:54+00:00","og_image":[{"width":1280,"height":720,"url":"https:\/\/bxrepsol.s3.eu-west-1.amazonaws.com\/static\/2022\/08\/09130349\/portugal_motogp_marcmarquez-1.jpg","type":"image\/jpeg"}],"author":"Redacci\u00f3n Box Repsol","twitter_card":"summary_large_image","twitter_creator":"@https:\/\/twitter.com\/box_repsol","twitter_site":"@box_repsol","twitter_misc":{"Written by":"Redacci\u00f3n Box Repsol","Est. reading time":"2 minutos"},"schema":{"@context":"https:\/\/schema.org","@graph":[{"@type":"Article","@id":"https:\/\/www.boxrepsol.com\/es\/motogp\/marc-marquez-y-pol-espargaro-listos-para-el-gran-premio-de-catalunya\/#article","isPartOf":{"@id":"https:\/\/www.boxrepsol.com\/es\/motogp\/marc-marquez-y-pol-espargaro-listos-para-el-gran-premio-de-catalunya\/"},"author":{"name":"Redacci\u00f3n Box Repsol","@id":"https:\/\/www.boxrepsol.com\/es\/#\/schema\/person\/c5c2138f2cca251b0ad92b7086bb60b7"},"headline":"Marc M\u00e1rquez y Pol Espargar\u00f3, listos para el Gran Premio de Catalunya","datePublished":"2021-06-01T02:00:00+00:00","dateModified":"2024-04-12T15:56:54+00:00","mainEntityOfPage":{"@id":"https:\/\/www.boxrepsol.com\/es\/motogp\/marc-marquez-y-pol-espargaro-listos-para-el-gran-premio-de-catalunya\/"},"wordCount":402,"commentCount":0,"publisher":{"@id":"https:\/\/www.boxrepsol.com\/es\/#organization"},"image":{"@id":"https:\/\/www.boxrepsol.com\/es\/motogp\/marc-marquez-y-pol-espargaro-listos-para-el-gran-premio-de-catalunya\/#primaryimage"},"thumbnailUrl":"https:\/\/bxrepsol.s3.eu-west-1.amazonaws.com\/static\/2022\/08\/09130349\/portugal_motogp_marcmarquez-1.jpg","keywords":["2021","Campeonato del Mundo de Motociclismo","Marc M\u00e1rquez","MotoGP Catalunya"],"articleSection":["MotoGP"],"inLanguage":"es","potentialAction":[{"@type":"CommentAction","name":"Comment","target":["https:\/\/www.boxrepsol.com\/es\/motogp\/marc-marquez-y-pol-espargaro-listos-para-el-gran-premio-de-catalunya\/#respond"]}]},{"@type":"WebPage","@id":"https:\/\/www.boxrepsol.com\/es\/motogp\/marc-marquez-y-pol-espargaro-listos-para-el-gran-premio-de-catalunya\/","url":"https:\/\/www.boxrepsol.com\/es\/motogp\/marc-marquez-y-pol-espargaro-listos-para-el-gran-premio-de-catalunya\/","name":"Marc M\u00e1rquez y Pol Espargar\u00f3, listos para el Gran Premio de Catalunya - Box Repsol","isPartOf":{"@id":"https:\/\/www.boxrepsol.com\/es\/#website"},"primaryImageOfPage":{"@id":"https:\/\/www.boxrepsol.com\/es\/motogp\/marc-marquez-y-pol-espargaro-listos-para-el-gran-premio-de-catalunya\/#primaryimage"},"image":{"@id":"https:\/\/www.boxrepsol.com\/es\/motogp\/marc-marquez-y-pol-espargaro-listos-para-el-gran-premio-de-catalunya\/#primaryimage"},"thumbnailUrl":"https:\/\/bxrepsol.s3.eu-west-1.amazonaws.com\/static\/2022\/08\/09130349\/portugal_motogp_marcmarquez-1.jpg","datePublished":"2021-06-01T02:00:00+00:00","dateModified":"2024-04-12T15:56:54+00:00","description":"Los dos pilotos del equipo Repsol Honda ya est\u00e1n en Barcelona para empezar otro fin de semana de carreras en el Circuit de Barcelona \u2013 Catalunya","breadcrumb":{"@id":"https:\/\/www.boxrepsol.com\/es\/motogp\/marc-marquez-y-pol-espargaro-listos-para-el-gran-premio-de-catalunya\/#breadcrumb"},"inLanguage":"es","potentialAction":[{"@type":"ReadAction","target":["https:\/\/www.boxrepsol.com\/es\/motogp\/marc-marquez-y-pol-espargaro-listos-para-el-gran-premio-de-catalunya\/"]}]},{"@type":"ImageObject","inLanguage":"es","@id":"https:\/\/www.boxrepsol.com\/es\/motogp\/marc-marquez-y-pol-espargaro-listos-para-el-gran-premio-de-catalunya\/#primaryimage","url":"https:\/\/bxrepsol.s3.eu-west-1.amazonaws.com\/static\/2022\/08\/09130349\/portugal_motogp_marcmarquez-1.jpg","contentUrl":"https:\/\/bxrepsol.s3.eu-west-1.amazonaws.com\/static\/2022\/08\/09130349\/portugal_motogp_marcmarquez-1.jpg","width":1280,"height":720,"caption":"portugal_motogp_marcmarquez"},{"@type":"BreadcrumbList","@id":"https:\/\/www.boxrepsol.com\/es\/motogp\/marc-marquez-y-pol-espargaro-listos-para-el-gran-premio-de-catalunya\/#breadcrumb","itemListElement":[{"@type":"ListItem","position":1,"name":"Home","item":"https:\/\/www.boxrepsol.com\/es\/"},{"@type":"ListItem","position":2,"name":"Marc M\u00e1rquez y Pol Espargar\u00f3, listos para el Gran Premio de Catalunya"}]},{"@type":"WebSite","@id":"https:\/\/www.boxrepsol.com\/es\/#website","url":"https:\/\/www.boxrepsol.com\/es\/","name":"Box Repsol","description":"Box Repsol Site","publisher":{"@id":"https:\/\/www.boxrepsol.com\/es\/#organization"},"potentialAction":[{"@type":"SearchAction","target":{"@type":"EntryPoint","urlTemplate":"https:\/\/www.boxrepsol.com\/es\/?s={search_term_string}"},"query-input":{"@type":"PropertyValueSpecification","valueRequired":true,"valueName":"search_term_string"}}],"inLanguage":"es"},{"@type":"Organization","@id":"https:\/\/www.boxrepsol.com\/es\/#organization","name":"Box Repsol","url":"https:\/\/www.boxrepsol.com\/es\/","logo":{"@type":"ImageObject","inLanguage":"es","@id":"https:\/\/www.boxrepsol.com\/es\/#\/schema\/logo\/image\/","url":"https:\/\/bxrepsol.s3.eu-west-1.amazonaws.com\/static\/2025\/07\/30083337\/favicon-96x96-1.png","contentUrl":"https:\/\/bxrepsol.s3.eu-west-1.amazonaws.com\/static\/2025\/07\/30083337\/favicon-96x96-1.png","width":96,"height":96,"caption":"Box Repsol"},"image":{"@id":"https:\/\/www.boxrepsol.com\/es\/#\/schema\/logo\/image\/"},"sameAs":["https:\/\/www.facebook.com\/BoxRepsol","https:\/\/x.com\/box_repsol","http:\/\/instagram.com\/box_repsol","https:\/\/www.youtube.com\/user\/RepsolCompeticion","https:\/\/www.flickr.com\/photos\/box_repsol\/"]},{"@type":"Person","@id":"https:\/\/www.boxrepsol.com\/es\/#\/schema\/person\/c5c2138f2cca251b0ad92b7086bb60b7","name":"Redacci\u00f3n Box Repsol","image":{"@type":"ImageObject","inLanguage":"es","@id":"https:\/\/secure.gravatar.com\/avatar\/adf7b77e38b4419baf32c7e9c21dde01f4e40df611f0978e3006fc4ba0aaab7e?s=96&d=mm&r=g","url":"https:\/\/secure.gravatar.com\/avatar\/adf7b77e38b4419baf32c7e9c21dde01f4e40df611f0978e3006fc4ba0aaab7e?s=96&d=mm&r=g","contentUrl":"https:\/\/secure.gravatar.com\/avatar\/adf7b77e38b4419baf32c7e9c21dde01f4e40df611f0978e3006fc4ba0aaab7e?s=96&d=mm&r=g","caption":"Redacci\u00f3n Box Repsol"},"description":"Box Repsol lo forma un equipo de periodistas, community managers, dise\u00f1adores y fot\u00f3grafos con m\u00e1s de 20 a\u00f1os de experiencia en el mundo del motorsport. Hemos vivido el primer mundial de un espa\u00f1ol en la categor\u00eda reina de motociclismo con \u00c1lex Crivill\u00e9, estuvimos en las victorias de Pedrosa y los t\u00edtulos de M\u00e1rquez, acompa\u00f1amos en \u00c1frica a Nani Roma y Marc Coma en sus conquistas del Dakar y hemos vibrado con los t\u00edtulos de Toni Bou en Trial. Adem\u00e1s, en nuestro equipo contamos con expertos en el mundo de las dos y cuatro ruedas tanto de la calle y las carreteras, como de los circuitos. Periodistas que han trabajado en revistas y publicaciones para hacerte llegar desde rutas y consejos de mantenimiento, a curiosidades y trucos de pilotaje.","sameAs":["https:\/\/www.facebook.com\/BoxRepsol\/","https:\/\/www.instagram.com\/box_repsol\/","https:\/\/x.com\/https:\/\/twitter.com\/box_repsol","https:\/\/www.youtube.com\/@Boxrepsol"],"url":"https:\/\/www.boxrepsol.com\/es\/author\/redaccion-box-repsol\/"}]}},"_links":{"self":[{"href":"https:\/\/www.boxrepsol.com\/es\/wp-json\/wp\/v2\/posts\/94979","targetHints":{"allow":["GET"]}}],"collection":[{"href":"https:\/\/www.boxrepsol.com\/es\/wp-json\/wp\/v2\/posts"}],"about":[{"href":"https:\/\/www.boxrepsol.com\/es\/wp-json\/wp\/v2\/types\/post"}],"author":[{"embeddable":true,"href":"https:\/\/www.boxrepsol.com\/es\/wp-json\/wp\/v2\/users\/43146"}],"replies":[{"embeddable":true,"href":"https:\/\/www.boxrepsol.com\/es\/wp-json\/wp\/v2\/comments?post=94979"}],"version-history":[{"count":1,"href":"https:\/\/www.boxrepsol.com\/es\/wp-json\/wp\/v2\/posts\/94979\/revisions"}],"predecessor-version":[{"id":114844,"href":"https:\/\/www.boxrepsol.com\/es\/wp-json\/wp\/v2\/posts\/94979\/revisions\/114844"}],"wp:featuredmedia":[{"embeddable":true,"href":"https:\/\/www.boxrepsol.com\/es\/wp-json\/wp\/v2\/media\/42764"}],"wp:attachment":[{"href":"https:\/\/www.boxrepsol.com\/es\/wp-json\/wp\/v2\/media?parent=94979"}],"wp:term":[{"taxonomy":"category","embeddable":true,"href":"https:\/\/www.boxrepsol.com\/es\/wp-json\/wp\/v2\/categories?post=94979"},{"taxonomy":"post_tag","embeddable":true,"href":"https:\/\/www.boxrepsol.com\/es\/wp-json\/wp\/v2\/tags?post=94979"}],"curies":[{"name":"wp","href":"https:\/\/api.w.org\/{rel}","templated":true}]}}