{"id":94978,"date":"2021-05-31T00:00:00","date_gmt":"2021-05-31T02:00:00","guid":{"rendered":"http:\/\/pre.boxrepsol.com\/sin-categorizar\/sabemos-no-estamos-mejor-momento-no-nos-rendiremos\/"},"modified":"2024-04-12T13:57:43","modified_gmt":"2024-04-12T15:57:43","slug":"sabemos-no-estamos-mejor-momento-no-nos-rendiremos","status":"publish","type":"post","link":"https:\/\/www.boxrepsol.com\/es\/motogp\/sabemos-no-estamos-mejor-momento-no-nos-rendiremos\/","title":{"rendered":"\u201cSabemos que no estamos en el mejor momento, pero no nos rendiremos\u201d"},"content":{"rendered":"<p><strong>Ha sido un fin de semana muy triste para MotoGP.<\/strong><\/p>\n<p>\u201cS\u00ed, ha sido un fin de semana muy triste; siempre es malo cuando sucede algo como esto. Sentimos mucho la p\u00e9rdida de Jason Dupasquier; deseamos que descanse en paz y que contin\u00fae en la memoria de la gente de todo el paddock. Nuestro m\u00e1s sentido p\u00e9same para su familia, amigos y su equipo\u201d.<\/p>\n<p><strong>No podemos evitar hablar de MotoGP, no ha sido el mejor fin de semana para los pilotos de HRC.<\/strong><\/p>\n<p>\u201cClaramente, de nuevo no ha sido el mejor fin de semana para nosotros. Sab\u00edamos que Mugello no iba a ser f\u00e1cil, pero no hemos sido tan competitivos como nos hubiera gustado. Creo que la historia positiva es la vuelta que hizo Marc M\u00e1rquez justo cuando empez\u00f3 la carrera, se sent\u00eda bien sobre la moto. Pero, lamentablemente, tuvo un accidente en el segundo giro, no pudo ver a Binder y cometi\u00f3 un error. Esto puede suceder.<\/p>\n<p>Pol Espargar\u00f3 tuvo algunos problemas durante la carrera y despu\u00e9s de siete u ocho vueltas no pudo cumplir con su potencial y perdi\u00f3 algunas posiciones. Tambi\u00e9n ten\u00edamos muchas esperanzas en Takaaki Nakagami, pero cometi\u00f3 un error al final de la carrera y se cay\u00f3. Su salida no fue la mejor, pero mostr\u00f3 un buen ritmo y podr\u00eda haber ganado algunos puntos. \u00c1lex M\u00e1rquez ha tenido un fin de semana muy complicado y no ha ido tan bien como esper\u00e1bamos\u201d.<\/p>\n<p><strong>Ahora llega otra carrera en Barcelona.<\/strong><\/p>\n<p>\u201cMugello no ha sido bueno para nosotros, pero lo \u00fanico que podemos hacer es seguir adelante. Sabemos que no estamos en el mejor momento, pero no nos rendiremos. Iremos a Barcelona y trataremos de encontrar la manera de superar nuestras dificultades. Nos mantenemos fuertes, nos mantenemos unidos como equipo. Nos enfrentamos a momentos dif\u00edciles, pero los hemos vivido en el pasado y los hemos superado, as\u00ed como superaremos este momento. Como equipo, volveremos a nuestro nivel correcto en el corto plazo\u201d.<\/p>\n","protected":false},"excerpt":{"rendered":"<p>Alberto Puig nos explica cu\u00e1les son sus conclusiones despu\u00e9s del Gran Premio de Italia en Mugello, un fin de semana complicado para el equipo Repsol Honda.<\/p>\n","protected":false},"author":43146,"featured_media":40344,"comment_status":"open","ping_status":"open","sticky":false,"template":"","format":"standard","meta":{"footnotes":""},"categories":[4],"tags":[136],"class_list":["post-94978","post","type-post","status-publish","format-standard","hentry","category-motogp","tag-campeonato-del-mundo-de-motociclismo"],"yoast_head":"<!-- This site is optimized with the Yoast SEO plugin v27.3 - https:\/\/yoast.com\/product\/yoast-seo-wordpress\/ -->\n<title>\u201cSabemos que no estamos en el mejor momento, pero no nos rendiremos\u201d - Box Repsol<\/title>\n<meta name=\"description\" content=\"Alberto Puig nos explica cu\u00e1les son sus conclusiones despu\u00e9s del Gran Premio de Italia en Mugello, un fin de semana complicado para el equipo Repsol Honda.\" \/>\n<link rel=\"canonical\" href=\"https:\/\/www.boxrepsol.com\/es\/motogp\/sabemos-no-estamos-mejor-momento-no-nos-rendiremos\/\" \/>\n<meta property=\"og:locale\" content=\"es_ES\" \/>\n<meta property=\"og:type\" content=\"article\" \/>\n<meta property=\"og:title\" content=\"\u201cSabemos que no estamos en el mejor momento, pero no nos rendiremos\u201d - Box Repsol\" \/>\n<meta property=\"og:description\" content=\"Alberto Puig nos explica cu\u00e1les son sus conclusiones despu\u00e9s del Gran Premio de Italia en Mugello, un fin de semana complicado para el equipo Repsol Honda.\" \/>\n<meta property=\"og:url\" content=\"https:\/\/www.boxrepsol.com\/es\/motogp\/sabemos-no-estamos-mejor-momento-no-nos-rendiremos\/\" \/>\n<meta property=\"og:site_name\" content=\"Box Repsol\" \/>\n<meta property=\"article:publisher\" content=\"https:\/\/www.facebook.com\/BoxRepsol\" \/>\n<meta property=\"article:author\" content=\"https:\/\/www.facebook.com\/BoxRepsol\/\" \/>\n<meta property=\"article:published_time\" content=\"2021-05-31T02:00:00+00:00\" \/>\n<meta property=\"article:modified_time\" content=\"2024-04-12T15:57:43+00:00\" \/>\n<meta property=\"og:image\" content=\"https:\/\/bxrepsol.s3.eu-west-1.amazonaws.com\/static\/2022\/08\/09104013\/Alberto-Puig1-1.jpg\" \/>\n\t<meta property=\"og:image:width\" content=\"1280\" \/>\n\t<meta property=\"og:image:height\" content=\"720\" \/>\n\t<meta property=\"og:image:type\" content=\"image\/jpeg\" \/>\n<meta name=\"author\" content=\"Redacci\u00f3n Box Repsol\" \/>\n<meta name=\"twitter:card\" content=\"summary_large_image\" \/>\n<meta name=\"twitter:creator\" content=\"@https:\/\/twitter.com\/box_repsol\" \/>\n<meta name=\"twitter:site\" content=\"@box_repsol\" \/>\n<meta name=\"twitter:label1\" content=\"Written by\" \/>\n\t<meta name=\"twitter:data1\" content=\"Redacci\u00f3n Box Repsol\" \/>\n\t<meta name=\"twitter:label2\" content=\"Est. reading time\" \/>\n\t<meta name=\"twitter:data2\" content=\"2 minutos\" \/>\n<script type=\"application\/ld+json\" class=\"yoast-schema-graph\">{\"@context\":\"https:\\\/\\\/schema.org\",\"@graph\":[{\"@type\":\"Article\",\"@id\":\"https:\\\/\\\/www.boxrepsol.com\\\/es\\\/motogp\\\/sabemos-no-estamos-mejor-momento-no-nos-rendiremos\\\/#article\",\"isPartOf\":{\"@id\":\"https:\\\/\\\/www.boxrepsol.com\\\/es\\\/motogp\\\/sabemos-no-estamos-mejor-momento-no-nos-rendiremos\\\/\"},\"author\":{\"name\":\"Redacci\u00f3n Box Repsol\",\"@id\":\"https:\\\/\\\/www.boxrepsol.com\\\/es\\\/#\\\/schema\\\/person\\\/c5c2138f2cca251b0ad92b7086bb60b7\"},\"headline\":\"\u201cSabemos que no estamos en el mejor momento, pero no nos rendiremos\u201d\",\"datePublished\":\"2021-05-31T02:00:00+00:00\",\"dateModified\":\"2024-04-12T15:57:43+00:00\",\"mainEntityOfPage\":{\"@id\":\"https:\\\/\\\/www.boxrepsol.com\\\/es\\\/motogp\\\/sabemos-no-estamos-mejor-momento-no-nos-rendiremos\\\/\"},\"wordCount\":350,\"commentCount\":0,\"publisher\":{\"@id\":\"https:\\\/\\\/www.boxrepsol.com\\\/es\\\/#organization\"},\"image\":{\"@id\":\"https:\\\/\\\/www.boxrepsol.com\\\/es\\\/motogp\\\/sabemos-no-estamos-mejor-momento-no-nos-rendiremos\\\/#primaryimage\"},\"thumbnailUrl\":\"https:\\\/\\\/bxrepsol.s3.eu-west-1.amazonaws.com\\\/static\\\/2022\\\/08\\\/09104013\\\/Alberto-Puig1-1.jpg\",\"keywords\":[\"Campeonato del Mundo de Motociclismo\"],\"articleSection\":[\"MotoGP\"],\"inLanguage\":\"es\",\"potentialAction\":[{\"@type\":\"CommentAction\",\"name\":\"Comment\",\"target\":[\"https:\\\/\\\/www.boxrepsol.com\\\/es\\\/motogp\\\/sabemos-no-estamos-mejor-momento-no-nos-rendiremos\\\/#respond\"]}]},{\"@type\":\"WebPage\",\"@id\":\"https:\\\/\\\/www.boxrepsol.com\\\/es\\\/motogp\\\/sabemos-no-estamos-mejor-momento-no-nos-rendiremos\\\/\",\"url\":\"https:\\\/\\\/www.boxrepsol.com\\\/es\\\/motogp\\\/sabemos-no-estamos-mejor-momento-no-nos-rendiremos\\\/\",\"name\":\"\u201cSabemos que no estamos en el mejor momento, pero no nos rendiremos\u201d - Box Repsol\",\"isPartOf\":{\"@id\":\"https:\\\/\\\/www.boxrepsol.com\\\/es\\\/#website\"},\"primaryImageOfPage\":{\"@id\":\"https:\\\/\\\/www.boxrepsol.com\\\/es\\\/motogp\\\/sabemos-no-estamos-mejor-momento-no-nos-rendiremos\\\/#primaryimage\"},\"image\":{\"@id\":\"https:\\\/\\\/www.boxrepsol.com\\\/es\\\/motogp\\\/sabemos-no-estamos-mejor-momento-no-nos-rendiremos\\\/#primaryimage\"},\"thumbnailUrl\":\"https:\\\/\\\/bxrepsol.s3.eu-west-1.amazonaws.com\\\/static\\\/2022\\\/08\\\/09104013\\\/Alberto-Puig1-1.jpg\",\"datePublished\":\"2021-05-31T02:00:00+00:00\",\"dateModified\":\"2024-04-12T15:57:43+00:00\",\"description\":\"Alberto Puig nos explica cu\u00e1les son sus conclusiones despu\u00e9s del Gran Premio de Italia en Mugello, un fin de semana complicado para el equipo Repsol Honda.\",\"breadcrumb\":{\"@id\":\"https:\\\/\\\/www.boxrepsol.com\\\/es\\\/motogp\\\/sabemos-no-estamos-mejor-momento-no-nos-rendiremos\\\/#breadcrumb\"},\"inLanguage\":\"es\",\"potentialAction\":[{\"@type\":\"ReadAction\",\"target\":[\"https:\\\/\\\/www.boxrepsol.com\\\/es\\\/motogp\\\/sabemos-no-estamos-mejor-momento-no-nos-rendiremos\\\/\"]}]},{\"@type\":\"ImageObject\",\"inLanguage\":\"es\",\"@id\":\"https:\\\/\\\/www.boxrepsol.com\\\/es\\\/motogp\\\/sabemos-no-estamos-mejor-momento-no-nos-rendiremos\\\/#primaryimage\",\"url\":\"https:\\\/\\\/bxrepsol.s3.eu-west-1.amazonaws.com\\\/static\\\/2022\\\/08\\\/09104013\\\/Alberto-Puig1-1.jpg\",\"contentUrl\":\"https:\\\/\\\/bxrepsol.s3.eu-west-1.amazonaws.com\\\/static\\\/2022\\\/08\\\/09104013\\\/Alberto-Puig1-1.jpg\",\"width\":1280,\"height\":720,\"caption\":\"Alberto Puig\"},{\"@type\":\"BreadcrumbList\",\"@id\":\"https:\\\/\\\/www.boxrepsol.com\\\/es\\\/motogp\\\/sabemos-no-estamos-mejor-momento-no-nos-rendiremos\\\/#breadcrumb\",\"itemListElement\":[{\"@type\":\"ListItem\",\"position\":1,\"name\":\"Home\",\"item\":\"https:\\\/\\\/www.boxrepsol.com\\\/es\\\/\"},{\"@type\":\"ListItem\",\"position\":2,\"name\":\"\u201cSabemos que no estamos en el mejor momento, pero no nos rendiremos\u201d\"}]},{\"@type\":\"WebSite\",\"@id\":\"https:\\\/\\\/www.boxrepsol.com\\\/es\\\/#website\",\"url\":\"https:\\\/\\\/www.boxrepsol.com\\\/es\\\/\",\"name\":\"Box Repsol\",\"description\":\"Box Repsol Site\",\"publisher\":{\"@id\":\"https:\\\/\\\/www.boxrepsol.com\\\/es\\\/#organization\"},\"potentialAction\":[{\"@type\":\"SearchAction\",\"target\":{\"@type\":\"EntryPoint\",\"urlTemplate\":\"https:\\\/\\\/www.boxrepsol.com\\\/es\\\/?s={search_term_string}\"},\"query-input\":{\"@type\":\"PropertyValueSpecification\",\"valueRequired\":true,\"valueName\":\"search_term_string\"}}],\"inLanguage\":\"es\"},{\"@type\":\"Organization\",\"@id\":\"https:\\\/\\\/www.boxrepsol.com\\\/es\\\/#organization\",\"name\":\"Box Repsol\",\"url\":\"https:\\\/\\\/www.boxrepsol.com\\\/es\\\/\",\"logo\":{\"@type\":\"ImageObject\",\"inLanguage\":\"es\",\"@id\":\"https:\\\/\\\/www.boxrepsol.com\\\/es\\\/#\\\/schema\\\/logo\\\/image\\\/\",\"url\":\"https:\\\/\\\/bxrepsol.s3.eu-west-1.amazonaws.com\\\/static\\\/2025\\\/07\\\/30083337\\\/favicon-96x96-1.png\",\"contentUrl\":\"https:\\\/\\\/bxrepsol.s3.eu-west-1.amazonaws.com\\\/static\\\/2025\\\/07\\\/30083337\\\/favicon-96x96-1.png\",\"width\":96,\"height\":96,\"caption\":\"Box Repsol\"},\"image\":{\"@id\":\"https:\\\/\\\/www.boxrepsol.com\\\/es\\\/#\\\/schema\\\/logo\\\/image\\\/\"},\"sameAs\":[\"https:\\\/\\\/www.facebook.com\\\/BoxRepsol\",\"https:\\\/\\\/x.com\\\/box_repsol\",\"http:\\\/\\\/instagram.com\\\/box_repsol\",\"https:\\\/\\\/www.youtube.com\\\/user\\\/RepsolCompeticion\",\"https:\\\/\\\/www.flickr.com\\\/photos\\\/box_repsol\\\/\"]},{\"@type\":\"Person\",\"@id\":\"https:\\\/\\\/www.boxrepsol.com\\\/es\\\/#\\\/schema\\\/person\\\/c5c2138f2cca251b0ad92b7086bb60b7\",\"name\":\"Redacci\u00f3n Box Repsol\",\"image\":{\"@type\":\"ImageObject\",\"inLanguage\":\"es\",\"@id\":\"https:\\\/\\\/secure.gravatar.com\\\/avatar\\\/adf7b77e38b4419baf32c7e9c21dde01f4e40df611f0978e3006fc4ba0aaab7e?s=96&d=mm&r=g\",\"url\":\"https:\\\/\\\/secure.gravatar.com\\\/avatar\\\/adf7b77e38b4419baf32c7e9c21dde01f4e40df611f0978e3006fc4ba0aaab7e?s=96&d=mm&r=g\",\"contentUrl\":\"https:\\\/\\\/secure.gravatar.com\\\/avatar\\\/adf7b77e38b4419baf32c7e9c21dde01f4e40df611f0978e3006fc4ba0aaab7e?s=96&d=mm&r=g\",\"caption\":\"Redacci\u00f3n Box Repsol\"},\"description\":\"Box Repsol lo forma un equipo de periodistas, community managers, dise\u00f1adores y fot\u00f3grafos con m\u00e1s de 20 a\u00f1os de experiencia en el mundo del motorsport. Hemos vivido el primer mundial de un espa\u00f1ol en la categor\u00eda reina de motociclismo con \u00c1lex Crivill\u00e9, estuvimos en las victorias de Pedrosa y los t\u00edtulos de M\u00e1rquez, acompa\u00f1amos en \u00c1frica a Nani Roma y Marc Coma en sus conquistas del Dakar y hemos vibrado con los t\u00edtulos de Toni Bou en Trial. Adem\u00e1s, en nuestro equipo contamos con expertos en el mundo de las dos y cuatro ruedas tanto de la calle y las carreteras, como de los circuitos. Periodistas que han trabajado en revistas y publicaciones para hacerte llegar desde rutas y consejos de mantenimiento, a curiosidades y trucos de pilotaje.\",\"sameAs\":[\"https:\\\/\\\/www.facebook.com\\\/BoxRepsol\\\/\",\"https:\\\/\\\/www.instagram.com\\\/box_repsol\\\/\",\"https:\\\/\\\/x.com\\\/https:\\\/\\\/twitter.com\\\/box_repsol\",\"https:\\\/\\\/www.youtube.com\\\/@Boxrepsol\"],\"url\":\"https:\\\/\\\/www.boxrepsol.com\\\/es\\\/author\\\/redaccion-box-repsol\\\/\"}]}<\/script>\n<!-- \/ Yoast SEO plugin. -->","yoast_head_json":{"title":"\u201cSabemos que no estamos en el mejor momento, pero no nos rendiremos\u201d - Box Repsol","description":"Alberto Puig nos explica cu\u00e1les son sus conclusiones despu\u00e9s del Gran Premio de Italia en Mugello, un fin de semana complicado para el equipo Repsol Honda.","canonical":"https:\/\/www.boxrepsol.com\/es\/motogp\/sabemos-no-estamos-mejor-momento-no-nos-rendiremos\/","og_locale":"es_ES","og_type":"article","og_title":"\u201cSabemos que no estamos en el mejor momento, pero no nos rendiremos\u201d - Box Repsol","og_description":"Alberto Puig nos explica cu\u00e1les son sus conclusiones despu\u00e9s del Gran Premio de Italia en Mugello, un fin de semana complicado para el equipo Repsol Honda.","og_url":"https:\/\/www.boxrepsol.com\/es\/motogp\/sabemos-no-estamos-mejor-momento-no-nos-rendiremos\/","og_site_name":"Box Repsol","article_publisher":"https:\/\/www.facebook.com\/BoxRepsol","article_author":"https:\/\/www.facebook.com\/BoxRepsol\/","article_published_time":"2021-05-31T02:00:00+00:00","article_modified_time":"2024-04-12T15:57:43+00:00","og_image":[{"width":1280,"height":720,"url":"https:\/\/bxrepsol.s3.eu-west-1.amazonaws.com\/static\/2022\/08\/09104013\/Alberto-Puig1-1.jpg","type":"image\/jpeg"}],"author":"Redacci\u00f3n Box Repsol","twitter_card":"summary_large_image","twitter_creator":"@https:\/\/twitter.com\/box_repsol","twitter_site":"@box_repsol","twitter_misc":{"Written by":"Redacci\u00f3n Box Repsol","Est. reading time":"2 minutos"},"schema":{"@context":"https:\/\/schema.org","@graph":[{"@type":"Article","@id":"https:\/\/www.boxrepsol.com\/es\/motogp\/sabemos-no-estamos-mejor-momento-no-nos-rendiremos\/#article","isPartOf":{"@id":"https:\/\/www.boxrepsol.com\/es\/motogp\/sabemos-no-estamos-mejor-momento-no-nos-rendiremos\/"},"author":{"name":"Redacci\u00f3n Box Repsol","@id":"https:\/\/www.boxrepsol.com\/es\/#\/schema\/person\/c5c2138f2cca251b0ad92b7086bb60b7"},"headline":"\u201cSabemos que no estamos en el mejor momento, pero no nos rendiremos\u201d","datePublished":"2021-05-31T02:00:00+00:00","dateModified":"2024-04-12T15:57:43+00:00","mainEntityOfPage":{"@id":"https:\/\/www.boxrepsol.com\/es\/motogp\/sabemos-no-estamos-mejor-momento-no-nos-rendiremos\/"},"wordCount":350,"commentCount":0,"publisher":{"@id":"https:\/\/www.boxrepsol.com\/es\/#organization"},"image":{"@id":"https:\/\/www.boxrepsol.com\/es\/motogp\/sabemos-no-estamos-mejor-momento-no-nos-rendiremos\/#primaryimage"},"thumbnailUrl":"https:\/\/bxrepsol.s3.eu-west-1.amazonaws.com\/static\/2022\/08\/09104013\/Alberto-Puig1-1.jpg","keywords":["Campeonato del Mundo de Motociclismo"],"articleSection":["MotoGP"],"inLanguage":"es","potentialAction":[{"@type":"CommentAction","name":"Comment","target":["https:\/\/www.boxrepsol.com\/es\/motogp\/sabemos-no-estamos-mejor-momento-no-nos-rendiremos\/#respond"]}]},{"@type":"WebPage","@id":"https:\/\/www.boxrepsol.com\/es\/motogp\/sabemos-no-estamos-mejor-momento-no-nos-rendiremos\/","url":"https:\/\/www.boxrepsol.com\/es\/motogp\/sabemos-no-estamos-mejor-momento-no-nos-rendiremos\/","name":"\u201cSabemos que no estamos en el mejor momento, pero no nos rendiremos\u201d - Box Repsol","isPartOf":{"@id":"https:\/\/www.boxrepsol.com\/es\/#website"},"primaryImageOfPage":{"@id":"https:\/\/www.boxrepsol.com\/es\/motogp\/sabemos-no-estamos-mejor-momento-no-nos-rendiremos\/#primaryimage"},"image":{"@id":"https:\/\/www.boxrepsol.com\/es\/motogp\/sabemos-no-estamos-mejor-momento-no-nos-rendiremos\/#primaryimage"},"thumbnailUrl":"https:\/\/bxrepsol.s3.eu-west-1.amazonaws.com\/static\/2022\/08\/09104013\/Alberto-Puig1-1.jpg","datePublished":"2021-05-31T02:00:00+00:00","dateModified":"2024-04-12T15:57:43+00:00","description":"Alberto Puig nos explica cu\u00e1les son sus conclusiones despu\u00e9s del Gran Premio de Italia en Mugello, un fin de semana complicado para el equipo Repsol Honda.","breadcrumb":{"@id":"https:\/\/www.boxrepsol.com\/es\/motogp\/sabemos-no-estamos-mejor-momento-no-nos-rendiremos\/#breadcrumb"},"inLanguage":"es","potentialAction":[{"@type":"ReadAction","target":["https:\/\/www.boxrepsol.com\/es\/motogp\/sabemos-no-estamos-mejor-momento-no-nos-rendiremos\/"]}]},{"@type":"ImageObject","inLanguage":"es","@id":"https:\/\/www.boxrepsol.com\/es\/motogp\/sabemos-no-estamos-mejor-momento-no-nos-rendiremos\/#primaryimage","url":"https:\/\/bxrepsol.s3.eu-west-1.amazonaws.com\/static\/2022\/08\/09104013\/Alberto-Puig1-1.jpg","contentUrl":"https:\/\/bxrepsol.s3.eu-west-1.amazonaws.com\/static\/2022\/08\/09104013\/Alberto-Puig1-1.jpg","width":1280,"height":720,"caption":"Alberto Puig"},{"@type":"BreadcrumbList","@id":"https:\/\/www.boxrepsol.com\/es\/motogp\/sabemos-no-estamos-mejor-momento-no-nos-rendiremos\/#breadcrumb","itemListElement":[{"@type":"ListItem","position":1,"name":"Home","item":"https:\/\/www.boxrepsol.com\/es\/"},{"@type":"ListItem","position":2,"name":"\u201cSabemos que no estamos en el mejor momento, pero no nos rendiremos\u201d"}]},{"@type":"WebSite","@id":"https:\/\/www.boxrepsol.com\/es\/#website","url":"https:\/\/www.boxrepsol.com\/es\/","name":"Box Repsol","description":"Box Repsol Site","publisher":{"@id":"https:\/\/www.boxrepsol.com\/es\/#organization"},"potentialAction":[{"@type":"SearchAction","target":{"@type":"EntryPoint","urlTemplate":"https:\/\/www.boxrepsol.com\/es\/?s={search_term_string}"},"query-input":{"@type":"PropertyValueSpecification","valueRequired":true,"valueName":"search_term_string"}}],"inLanguage":"es"},{"@type":"Organization","@id":"https:\/\/www.boxrepsol.com\/es\/#organization","name":"Box Repsol","url":"https:\/\/www.boxrepsol.com\/es\/","logo":{"@type":"ImageObject","inLanguage":"es","@id":"https:\/\/www.boxrepsol.com\/es\/#\/schema\/logo\/image\/","url":"https:\/\/bxrepsol.s3.eu-west-1.amazonaws.com\/static\/2025\/07\/30083337\/favicon-96x96-1.png","contentUrl":"https:\/\/bxrepsol.s3.eu-west-1.amazonaws.com\/static\/2025\/07\/30083337\/favicon-96x96-1.png","width":96,"height":96,"caption":"Box Repsol"},"image":{"@id":"https:\/\/www.boxrepsol.com\/es\/#\/schema\/logo\/image\/"},"sameAs":["https:\/\/www.facebook.com\/BoxRepsol","https:\/\/x.com\/box_repsol","http:\/\/instagram.com\/box_repsol","https:\/\/www.youtube.com\/user\/RepsolCompeticion","https:\/\/www.flickr.com\/photos\/box_repsol\/"]},{"@type":"Person","@id":"https:\/\/www.boxrepsol.com\/es\/#\/schema\/person\/c5c2138f2cca251b0ad92b7086bb60b7","name":"Redacci\u00f3n Box Repsol","image":{"@type":"ImageObject","inLanguage":"es","@id":"https:\/\/secure.gravatar.com\/avatar\/adf7b77e38b4419baf32c7e9c21dde01f4e40df611f0978e3006fc4ba0aaab7e?s=96&d=mm&r=g","url":"https:\/\/secure.gravatar.com\/avatar\/adf7b77e38b4419baf32c7e9c21dde01f4e40df611f0978e3006fc4ba0aaab7e?s=96&d=mm&r=g","contentUrl":"https:\/\/secure.gravatar.com\/avatar\/adf7b77e38b4419baf32c7e9c21dde01f4e40df611f0978e3006fc4ba0aaab7e?s=96&d=mm&r=g","caption":"Redacci\u00f3n Box Repsol"},"description":"Box Repsol lo forma un equipo de periodistas, community managers, dise\u00f1adores y fot\u00f3grafos con m\u00e1s de 20 a\u00f1os de experiencia en el mundo del motorsport. Hemos vivido el primer mundial de un espa\u00f1ol en la categor\u00eda reina de motociclismo con \u00c1lex Crivill\u00e9, estuvimos en las victorias de Pedrosa y los t\u00edtulos de M\u00e1rquez, acompa\u00f1amos en \u00c1frica a Nani Roma y Marc Coma en sus conquistas del Dakar y hemos vibrado con los t\u00edtulos de Toni Bou en Trial. Adem\u00e1s, en nuestro equipo contamos con expertos en el mundo de las dos y cuatro ruedas tanto de la calle y las carreteras, como de los circuitos. Periodistas que han trabajado en revistas y publicaciones para hacerte llegar desde rutas y consejos de mantenimiento, a curiosidades y trucos de pilotaje.","sameAs":["https:\/\/www.facebook.com\/BoxRepsol\/","https:\/\/www.instagram.com\/box_repsol\/","https:\/\/x.com\/https:\/\/twitter.com\/box_repsol","https:\/\/www.youtube.com\/@Boxrepsol"],"url":"https:\/\/www.boxrepsol.com\/es\/author\/redaccion-box-repsol\/"}]}},"_links":{"self":[{"href":"https:\/\/www.boxrepsol.com\/es\/wp-json\/wp\/v2\/posts\/94978","targetHints":{"allow":["GET"]}}],"collection":[{"href":"https:\/\/www.boxrepsol.com\/es\/wp-json\/wp\/v2\/posts"}],"about":[{"href":"https:\/\/www.boxrepsol.com\/es\/wp-json\/wp\/v2\/types\/post"}],"author":[{"embeddable":true,"href":"https:\/\/www.boxrepsol.com\/es\/wp-json\/wp\/v2\/users\/43146"}],"replies":[{"embeddable":true,"href":"https:\/\/www.boxrepsol.com\/es\/wp-json\/wp\/v2\/comments?post=94978"}],"version-history":[{"count":1,"href":"https:\/\/www.boxrepsol.com\/es\/wp-json\/wp\/v2\/posts\/94978\/revisions"}],"predecessor-version":[{"id":114846,"href":"https:\/\/www.boxrepsol.com\/es\/wp-json\/wp\/v2\/posts\/94978\/revisions\/114846"}],"wp:featuredmedia":[{"embeddable":true,"href":"https:\/\/www.boxrepsol.com\/es\/wp-json\/wp\/v2\/media\/40344"}],"wp:attachment":[{"href":"https:\/\/www.boxrepsol.com\/es\/wp-json\/wp\/v2\/media?parent=94978"}],"wp:term":[{"taxonomy":"category","embeddable":true,"href":"https:\/\/www.boxrepsol.com\/es\/wp-json\/wp\/v2\/categories?post=94978"},{"taxonomy":"post_tag","embeddable":true,"href":"https:\/\/www.boxrepsol.com\/es\/wp-json\/wp\/v2\/tags?post=94978"}],"curies":[{"name":"wp","href":"https:\/\/api.w.org\/{rel}","templated":true}]}}