{"id":94958,"date":"2021-05-17T00:00:00","date_gmt":"2021-05-17T02:00:00","guid":{"rendered":"http:\/\/pre.boxrepsol.com\/sin-categorizar\/rutas-en-moto-en-primavera\/"},"modified":"2024-04-12T16:07:47","modified_gmt":"2024-04-12T18:07:47","slug":"rutas-en-moto-en-primavera","status":"publish","type":"post","link":"https:\/\/www.boxrepsol.com\/es\/vive-tu-moto\/rutas-en-moto-en-primavera\/","title":{"rendered":"Rutas en moto para disfrutar esta primavera"},"content":{"rendered":"\n<h3 class=\"wp-block-heading\">Ruta de Santander a Fuente D\u00e9:<\/h3>\n\n\n\n<p><a href=\"https:\/\/goo.gl\/maps\/bmWWKgBTyYcUz5ds8\">Ruta en Google Maps<\/a><\/p>\n\n\n\n<p>Esta <strong>ruta de 138 km<\/strong>, con salida en el Palacio de la Magdalena en Santander, nos llevar\u00e1 por una parte de la costa cant\u00e1brica, descubriendo peque\u00f1os pueblos y adentr\u00e1ndonos despu\u00e9s en el impresionante Parque Natural de los Picos de Europa, vibrante durante la primavera, donde podremos finalizar la ruta disfrutando de unos paisajes asombrosos.<\/p>\n\n\n\n<figure class=\"wp-block-image size-large\"><img loading=\"lazy\" decoding=\"async\" width=\"1024\" height=\"576\" src=\"https:\/\/bxrepsol.s3.eu-west-1.amazonaws.com\/static\/2022\/08\/09131106\/palacio-de-la-magdalena-1024x576.jpg\" alt=\"Palacio de la Magdalena en Santander\" class=\"wp-image-43020\" srcset=\"https:\/\/bxrepsol.s3.eu-west-1.amazonaws.com\/static\/2022\/08\/09131106\/palacio-de-la-magdalena-1024x576.jpg 1024w, https:\/\/bxrepsol.s3.eu-west-1.amazonaws.com\/static\/2022\/08\/09131106\/palacio-de-la-magdalena-300x169.jpg 300w, https:\/\/bxrepsol.s3.eu-west-1.amazonaws.com\/static\/2022\/08\/09131106\/palacio-de-la-magdalena-768x432.jpg 768w, https:\/\/bxrepsol.s3.eu-west-1.amazonaws.com\/static\/2022\/08\/09131106\/palacio-de-la-magdalena.jpg 1280w\" sizes=\"auto, (max-width: 1024px) 100vw, 1024px\" \/><\/figure>\n\n\n\n<p><\/p>\n\n\n\n<p>Nuestro punto de salida ser\u00e1 el parking del <a href=\"https:\/\/palaciomagdalena.com\/es\/\">Palacio de la Magdalena<\/a>. Tras visitar este emblem\u00e1tico lugar de la capital c\u00e1ntabra, bordearemos la playa en direcci\u00f3n oeste, buscando el Palacio de Deportes de Santander y tomando en ese punto la S-20, una carretera urbana que nos conducir\u00e1 hasta la salida de la ciudad, donde tomaremos un tramo de autopista.<\/p>\n\n\n\n<p>Saldremos de esta en la salida 187, Santillana \/ Comillas, y nos uniremos a la N-611 siguiendo las se\u00f1ales que nos lleven a Santillana del Mar, Museo de Altamira tomando la CA-131. Nuestro primer destino estar\u00e1 cerca: las afamadas <a href=\"http:\/\/www.culturaydeporte.gob.es\/mnaltamira\/home.html\">cuevas de Altamira<\/a>, donde podr\u00e1s disfrutar de una visita a una reproducci\u00f3n de las mismas y tambi\u00e9n visitar el museo.<\/p>\n\n\n\n<figure class=\"wp-block-image size-large\"><img loading=\"lazy\" decoding=\"async\" width=\"1024\" height=\"576\" src=\"https:\/\/bxrepsol.s3.eu-west-1.amazonaws.com\/static\/2022\/08\/09131113\/santillana-de-mar-1024x576.jpg\" alt=\"Calle antigua en Santillana de Mar\" class=\"wp-image-43032\" srcset=\"https:\/\/bxrepsol.s3.eu-west-1.amazonaws.com\/static\/2022\/08\/09131113\/santillana-de-mar-1024x576.jpg 1024w, https:\/\/bxrepsol.s3.eu-west-1.amazonaws.com\/static\/2022\/08\/09131113\/santillana-de-mar-300x169.jpg 300w, https:\/\/bxrepsol.s3.eu-west-1.amazonaws.com\/static\/2022\/08\/09131113\/santillana-de-mar-768x432.jpg 768w, https:\/\/bxrepsol.s3.eu-west-1.amazonaws.com\/static\/2022\/08\/09131113\/santillana-de-mar.jpg 1280w\" sizes=\"auto, (max-width: 1024px) 100vw, 1024px\" \/><\/figure>\n\n\n\n<p><\/p>\n\n\n\n<p>Una vez acabada la visita tomaremos el camino de vuelta hasta <a href=\"https:\/\/santillanadelmarturismo.com\/\">Santillana del Mar<\/a>, donde podremos visitar las calles de esta antigua localidad, para continuar despu\u00e9s con nuestro viaje en direcci\u00f3n oeste.<\/p>\n\n\n\n<p>Pasando Ore\u00f1a, pronto empezaremos a ver el mar entre las colinas que pueblan esta bonita zona. \u00a1Se disfruta a tope tanto con buen tiempo como con cielos m\u00e1s grises! Seguiremos por la carretera pasando peque\u00f1os pueblos como To\u00f1anes o C\u00f3breces y llegaremos hasta Comillas, otra localidad en la que podremos parar para visitar el Capricho de Gaud\u00ed.<\/p>\n\n\n\n<p>Continuaremos direcci\u00f3n oeste hasta llegar a otro fant\u00e1stico pueblo, <a href=\"http:\/\/turismo.aytosanvicentedelabarquera.es\/\">San Vicente de la Barquera<\/a>, donde podremos disfrutar de una espectacular playa y, por qu\u00e9 no, almorzar antes de proseguir. En breve dejaremos atr\u00e1s el mar y empezaremos a adentrarnos en las monta\u00f1as.<\/p>\n\n\n\n<p>Saldremos de San Vicente de la Barquera en direcci\u00f3n sur, despidi\u00e9ndonos de la visi\u00f3n de la costa, hasta llegar a la autopista A-8, que tomaremos en direcci\u00f3n Unquera durante apenas unos minutos, tomando la salida 272 primero, y la N-621 posteriormente en direcci\u00f3n Potes \/ Picos de Europa.<\/p>\n\n\n\n<p>La carretera nos conducir\u00e1 al sur, pasando Buelles y Panes, y nos ir\u00e1 adentrando en la naturaleza entre bosques y montes, incorpor\u00e1ndose a nuestra vista el rio Deva, que nos acompa\u00f1ar\u00e1 durante largo rato. Hay que tener especial cuidado de no distraernos con los fant\u00e1sticos paisajes, ya que esta carretera es estrecha y llena de giros ciegos. \u00bfSignifica eso que no podremos disfrutar plenamente de las vistas? En ning\u00fan caso, ya que para nuestra suerte podremos parar ocasionalmente en zonas habilitadas y miradores para deleitarnos tranquilamente con el paisaje.<\/p>\n\n\n\n<figure class=\"wp-block-image size-large\"><img loading=\"lazy\" decoding=\"async\" width=\"1024\" height=\"576\" src=\"https:\/\/bxrepsol.s3.eu-west-1.amazonaws.com\/static\/2022\/08\/09131111\/potes-1024x576.jpg\" alt=\"Calles de Potes donde se ve el r\u00edo y uno de los puentes\" class=\"wp-image-43028\" srcset=\"https:\/\/bxrepsol.s3.eu-west-1.amazonaws.com\/static\/2022\/08\/09131111\/potes-1024x576.jpg 1024w, https:\/\/bxrepsol.s3.eu-west-1.amazonaws.com\/static\/2022\/08\/09131111\/potes-300x169.jpg 300w, https:\/\/bxrepsol.s3.eu-west-1.amazonaws.com\/static\/2022\/08\/09131111\/potes-768x432.jpg 768w, https:\/\/bxrepsol.s3.eu-west-1.amazonaws.com\/static\/2022\/08\/09131111\/potes.jpg 1280w\" sizes=\"auto, (max-width: 1024px) 100vw, 1024px\" \/><\/figure>\n\n\n\n<p><\/p>\n\n\n\n<p>Continuaremos siguiendo las se\u00f1ales en direcci\u00f3n<a href=\"https:\/\/www.turismodecantabria.com\/descubrela\/municipios\/45-potes\"> Potes<\/a>, y nos detendremos en este municipio, anta\u00f1o conocido como Villa de los Puentes (obligado paseo por los mismos), no sin degustar la excelente gastronom\u00eda de este lugar. Volveremos a la carretera y tomaremos direcci\u00f3n Fuente De \/ Picos de Europa. Aqu\u00ed el camino ir\u00e1 ganando altura poco a poco, mientras atravesamos un buen n\u00famero de peque\u00f1as y encantadoras localidades. Los bosques y montes nos empezar\u00e1n ya a dejar ver de forma ocasional los altos picos cercanos.<\/p>\n\n\n\n<p>Poco a poco cambiaremos los 300 metros de altura que ten\u00edamos en Potes y alcanzaremos los 660 de Are\u00f1os, donde la carretera nos conducir\u00e1 ahora al oeste y al tramo final de nuestra ruta, que nos llevar\u00e1 hasta los 1.100 metros de<a href=\"https:\/\/cantur.com\/instalaciones\/5-teleferico-de-fuente-de\"> Fuente De<\/a>, donde aparcaremos la moto y podremos tomar un telef\u00e9rico que nos subir\u00e1 hasta algo m\u00e1s de 1.800 metros de altura, con unas vistas impresionantes. \u00a1No olvid\u00e9is la c\u00e1mara o el m\u00f3vil!<\/p>\n\n\n\n<figure class=\"wp-block-image size-large\"><img loading=\"lazy\" decoding=\"async\" width=\"1024\" height=\"576\" src=\"https:\/\/bxrepsol.s3.eu-west-1.amazonaws.com\/static\/2022\/08\/09131120\/teleferico-a-fuente-de-1024x576.jpg\" alt=\"Telef\u00e9rico que sube a Fuente De\" class=\"wp-image-43044\" srcset=\"https:\/\/bxrepsol.s3.eu-west-1.amazonaws.com\/static\/2022\/08\/09131120\/teleferico-a-fuente-de-1024x576.jpg 1024w, https:\/\/bxrepsol.s3.eu-west-1.amazonaws.com\/static\/2022\/08\/09131120\/teleferico-a-fuente-de-300x169.jpg 300w, https:\/\/bxrepsol.s3.eu-west-1.amazonaws.com\/static\/2022\/08\/09131120\/teleferico-a-fuente-de-768x432.jpg 768w, https:\/\/bxrepsol.s3.eu-west-1.amazonaws.com\/static\/2022\/08\/09131120\/teleferico-a-fuente-de.jpg 1280w\" sizes=\"auto, (max-width: 1024px) 100vw, 1024px\" \/><\/figure>\n\n\n\n<p><\/p>\n\n\n\n<h3 class=\"wp-block-heading\">Ruta de Plasencia a Herv\u00e1s:<\/h3>\n\n\n\n<p><a href=\"https:\/\/goo.gl\/maps\/mC2xogVi4NkoksU39\">Ruta en Google Maps<\/a><\/p>\n\n\n\n<p>Esta ruta nos llevar\u00e1 por el<strong> Valle del Jerte<\/strong>, un lugar <strong>ideal para recorrer durante la primavera<\/strong>. En total recorreremos <strong>algo m\u00e1s de 75 km<\/strong>, sin contar los posibles desv\u00edos que tomemos para observar muchos de los puntos interesantes que iremos encontrando. Acabaremos en Herv\u00e1s tras pasar por un magn\u00edfico tramo de monta\u00f1a.<\/p>\n\n\n\n<figure class=\"wp-block-image size-large\"><img loading=\"lazy\" decoding=\"async\" width=\"1024\" height=\"576\" src=\"https:\/\/bxrepsol.s3.eu-west-1.amazonaws.com\/static\/2022\/08\/09131109\/plasencia-1024x576.jpg\" alt=\"Vista de Plasencia\" class=\"wp-image-43024\" srcset=\"https:\/\/bxrepsol.s3.eu-west-1.amazonaws.com\/static\/2022\/08\/09131109\/plasencia-1024x576.jpg 1024w, https:\/\/bxrepsol.s3.eu-west-1.amazonaws.com\/static\/2022\/08\/09131109\/plasencia-300x169.jpg 300w, https:\/\/bxrepsol.s3.eu-west-1.amazonaws.com\/static\/2022\/08\/09131109\/plasencia-768x432.jpg 768w, https:\/\/bxrepsol.s3.eu-west-1.amazonaws.com\/static\/2022\/08\/09131109\/plasencia.jpg 1280w\" sizes=\"auto, (max-width: 1024px) 100vw, 1024px\" \/><\/figure>\n\n\n\n<p><\/p>\n\n\n\n<p>El punto de salida ser\u00e1 el <a href=\"https:\/\/plasenciaturismo.es\/parque-de-los-pinos\">parque de los Pinos<\/a>. Este parque cuenta con numerosas aves y se encuentra en pleno centro de la ciudad. Desde su parking saldremos en direcci\u00f3n noreste y tomaremos la segunda salida de la rotonda. Seguiremos la calle, pasando otras dos rotondas, tomando la primera y segunda salida respectivamente hasta que pasemos el r\u00edo Jerte.<\/p>\n\n\n\n<p>Pasado el puente, en la rotonda tomaremos la salida \u201cValle del Jerte\u201d por la N-110. Esta carretera nos llevar\u00e1 en direcci\u00f3n noreste. Pronto llegaremos al embalse de <a href=\"https:\/\/dosaladeriva.com\/cosas-que-ver-en-plasencia-caceres\/\" target=\"_blank\" rel=\"noopener\">Plasencia<\/a>, que iremos bordeando en su totalidad, aunque la vegetaci\u00f3n y la tierra apenas nos permitir\u00e1n apreciarlo, salvo que nos desviemos expresamente para ello.<\/p>\n\n\n\n<p>Tras dejar atr\u00e1s el embalse deberemos estar atentos a un desv\u00edo para girar a la izquierda en direcci\u00f3n \u201cEl Torno\u201d y \u201cCabezabellosa\u201d, siendo la primera nuestro destino en el camino. La carretera es estrecha y asciende entre fincas, as\u00ed que es mejor ir con precauci\u00f3n.<br>Tras varias curvas podremos ver a nuestra derecha un \u00e1rea de descanso con unas figuras. Es el <a href=\"http:\/\/www.turismovalledeljerte.com\/que-ver-en-el-valle-del-jerte\/naturaleza\/mirador-de-la-memoria\">Mirador de la Memoria<\/a>, desde donde podremos disfrutar de unas magn\u00edficas vistas.<\/p>\n\n\n\n<figure class=\"wp-block-image size-large\"><img loading=\"lazy\" decoding=\"async\" width=\"1024\" height=\"576\" src=\"https:\/\/bxrepsol.s3.eu-west-1.amazonaws.com\/static\/2022\/08\/09131114\/valle-del-jerte-1024x576.jpg\" alt=\"Vista del Valle del Jerte con cerezos en flor\" class=\"wp-image-43034\" srcset=\"https:\/\/bxrepsol.s3.eu-west-1.amazonaws.com\/static\/2022\/08\/09131114\/valle-del-jerte-1024x576.jpg 1024w, https:\/\/bxrepsol.s3.eu-west-1.amazonaws.com\/static\/2022\/08\/09131114\/valle-del-jerte-300x169.jpg 300w, https:\/\/bxrepsol.s3.eu-west-1.amazonaws.com\/static\/2022\/08\/09131114\/valle-del-jerte-768x432.jpg 768w, https:\/\/bxrepsol.s3.eu-west-1.amazonaws.com\/static\/2022\/08\/09131114\/valle-del-jerte.jpg 1280w\" sizes=\"auto, (max-width: 1024px) 100vw, 1024px\" \/><\/figure>\n\n\n\n<p><\/p>\n\n\n\n<p>Continuaremos el ascenso hasta llegar a <a href=\"https:\/\/www.turismovalledeljerte.com\/poblaciones\/el-torno\">El Torno<\/a>. Este pueblo tambi\u00e9n es un buen punto para admirar el paisaje, y para los interesados en la historia, buenas noticias: es un gran punto de inter\u00e9s, porque el lugar ya estuvo habitado en la prehistoria.<\/p>\n\n\n\n<p>Atravesaremos el pueblo en direcci\u00f3n noreste y continuaremos por la carretera hasta llegar a Rebollar, desde donde seguiremos por la CC-133 bajando de nuevo a la N-110, donde seguiremos en direcci\u00f3n Navaconcejo y Avila.<\/p>\n\n\n\n<p>Esta zona est\u00e1 llena de casas rurales, un plan ideal si nuestra idea es la de quedarnos por all\u00ed m\u00e1s tiempo y disfrutar de las maravillas del valle en su plenitud.<\/p>\n\n\n\n<p>Seguiremos por la carretera hasta llegar a <a href=\"https:\/\/www.turismovalledeljerte.com\/poblaciones\/navaconcejo\">Navaconcejo<\/a>. Este lugar es ideal si queremos tomarnos un descanso y relajarnos en el rio Jerte, aprovechando varias de las zonas donde hay \u201ccharcos\u201d. Tambi\u00e9n podremos admirar algunos edificios singulares, como la f\u00e1brica de Sayales (del a\u00f1o 1625).<\/p>\n\n\n\n<figure class=\"wp-block-image size-large\"><img loading=\"lazy\" decoding=\"async\" width=\"1024\" height=\"576\" src=\"https:\/\/bxrepsol.s3.eu-west-1.amazonaws.com\/static\/2022\/08\/09131112\/puerto-de-honduras-1024x576.jpg\" alt=\"Carretera del Puerto de Honduras\" class=\"wp-image-43030\" srcset=\"https:\/\/bxrepsol.s3.eu-west-1.amazonaws.com\/static\/2022\/08\/09131112\/puerto-de-honduras-1024x576.jpg 1024w, https:\/\/bxrepsol.s3.eu-west-1.amazonaws.com\/static\/2022\/08\/09131112\/puerto-de-honduras-300x169.jpg 300w, https:\/\/bxrepsol.s3.eu-west-1.amazonaws.com\/static\/2022\/08\/09131112\/puerto-de-honduras-768x432.jpg 768w, https:\/\/bxrepsol.s3.eu-west-1.amazonaws.com\/static\/2022\/08\/09131112\/puerto-de-honduras.jpg 1280w\" sizes=\"auto, (max-width: 1024px) 100vw, 1024px\" \/><\/figure>\n\n\n\n<p><\/p>\n\n\n\n<p>Siguiendo la carretera llegaremos a Cabezuela del Valle, que pasaremos hasta cruzar un puente sobre el rio. En breve veremos las indicaciones para desviarnos a Herv\u00e1s y el Puerto de Honduras.<\/p>\n\n\n\n<p>Empezar\u00e1 ahora un largo tramo en subida por una estrecha carretera llena de horquillas, que nos llevar\u00e1 a descubrir progresivamente todo este entorno, cuyas vistas nos pondr\u00e1n muy dif\u00edcil no detenernos cada poco tiempo para sacar fotograf\u00edas. \u00a1Seguro!<br>Nos acompa\u00f1ar\u00e1n peque\u00f1as zonas boscosas y \u00e1rboles de baja altura, que ir\u00e1n desapareciendo a medida que ganemos altura. Llegaremos al mirador del Puerto de Honduras, donde podremos descansar de tanta curva antes de empezar el tramo de descenso a nuestro destino.<\/p>\n\n\n\n<p>La bajada ir\u00e1 dando paso cada vez a m\u00e1s vegetaci\u00f3n, hasta que lleguemos a una zona muy boscosa, con espl\u00e9ndidos \u00e1rboles cubri\u00e9ndonos de los rayos solares hasta pr\u00e1cticamente el final de la carretera y nuestro destino, <a href=\"https:\/\/www.turismodehervas.com\/\">Herv\u00e1s<\/a>, donde podremos acabar la ruta y comer algo. Adem\u00e1s, si nos quedan fuerzas, podremos disfrutar de alg\u00fan tramo de la <a href=\"https:\/\/www.turismodehervas.com\/index.php?option=com_content&amp;view=article&amp;id=523:2019-11-15-16-04-04&amp;catid=:latest-news\">v\u00eda verde de La Plata<\/a>.<\/p>\n\n\n\n<figure class=\"wp-block-image size-large\"><img loading=\"lazy\" decoding=\"async\" width=\"1024\" height=\"576\" src=\"https:\/\/bxrepsol.s3.eu-west-1.amazonaws.com\/static\/2022\/08\/09131118\/hervas-1024x576.jpg\" alt=\"Vista del Pueblo de Herv\u00e1s\" class=\"wp-image-43040\" srcset=\"https:\/\/bxrepsol.s3.eu-west-1.amazonaws.com\/static\/2022\/08\/09131118\/hervas-1024x576.jpg 1024w, https:\/\/bxrepsol.s3.eu-west-1.amazonaws.com\/static\/2022\/08\/09131118\/hervas-300x169.jpg 300w, https:\/\/bxrepsol.s3.eu-west-1.amazonaws.com\/static\/2022\/08\/09131118\/hervas-768x432.jpg 768w, https:\/\/bxrepsol.s3.eu-west-1.amazonaws.com\/static\/2022\/08\/09131118\/hervas.jpg 1280w\" sizes=\"auto, (max-width: 1024px) 100vw, 1024px\" \/><\/figure>\n\n\n\n<p><\/p>\n\n\n\n<h3 class=\"wp-block-heading\">Del Circuito a la monta\u00f1a:<\/h3>\n\n\n\n<p><a href=\"https:\/\/goo.gl\/maps\/MWRVXstsYNxVt5cb6\">Ruta en Google Maps<\/a><\/p>\n\n\n\n<p>Aprovechando alg\u00fan evento en el fant\u00e1stico <a href=\"https:\/\/www.jarama.org\/\">Circuito del Jarama<\/a>, como unas tandas o alguna competici\u00f3n, \u00bfqu\u00e9 mejor que dar un paseo por los montes cercanos y respirar aire monta\u00f1\u00e9s?<\/p>\n\n\n\n<p>Esta <strong>ruta de 133 kil\u00f3metros<\/strong> nos permitir\u00e1 pasar del bullicioso circuito a la calma del monte y la tranquilidad de los pinares y los pantanos, acabando en un lugar singular.<\/p>\n\n\n\n<figure class=\"wp-block-image size-large\"><img loading=\"lazy\" decoding=\"async\" width=\"1024\" height=\"576\" src=\"https:\/\/bxrepsol.s3.eu-west-1.amazonaws.com\/static\/2022\/08\/09131115\/circuito-del-jarama-1024x576.jpg\" alt=\"Vista a\u00e9rea del circuito del Jarama\" class=\"wp-image-43036\" srcset=\"https:\/\/bxrepsol.s3.eu-west-1.amazonaws.com\/static\/2022\/08\/09131115\/circuito-del-jarama-1024x576.jpg 1024w, https:\/\/bxrepsol.s3.eu-west-1.amazonaws.com\/static\/2022\/08\/09131115\/circuito-del-jarama-300x169.jpg 300w, https:\/\/bxrepsol.s3.eu-west-1.amazonaws.com\/static\/2022\/08\/09131115\/circuito-del-jarama-768x432.jpg 768w, https:\/\/bxrepsol.s3.eu-west-1.amazonaws.com\/static\/2022\/08\/09131115\/circuito-del-jarama.jpg 1280w\" sizes=\"auto, (max-width: 1024px) 100vw, 1024px\" \/><\/figure>\n\n\n\n<p><\/p>\n\n\n\n<p>Saldremos del circuito en direcci\u00f3n Burgos por la A-1, y en pocos kil\u00f3metros tomaremos la salida 34 a San Agust\u00edn de Guadalix y Colmenar Viejo, pasando la primera en direcci\u00f3n oeste y tomando ruta a la segunda por la M-104.<\/p>\n\n\n\n<p>Tras un rato rodando en una sinuosa carretera entre campos, y antes de llegar a Colmenar Viejo, tomaremos la salida a <a href=\"https:\/\/www.aytonavacerrada.org\/\">Navacerrada<\/a> por la M-607.<br>Iremos ganando altura poco a poco hasta llegar a esta ciudad, pero no abandonaremos la carretera para entrar en ella. En lugar de ello, seguiremos la ruta rodeando la ciudad por el norte hasta dar con la salida al Puerto de Navacerrada y Segovia.<\/p>\n\n\n\n<p>Tomaremos esta salida con cuidado, ya que su situaci\u00f3n en medio de la calzada exige una atenci\u00f3n completa, y r\u00e1pidamente encontraremos el desv\u00edo que nos llevar\u00e1 al puerto de monta\u00f1a. Es una magn\u00edfica carretera, que ser\u00e1 todo un deleite para los amantes de las curvas y que nos transportar\u00e1 a un mundo de calma y naturaleza, llegando a dejar, en funci\u00f3n de la situaci\u00f3n meteorol\u00f3gica, las nubes tras nosotros.<\/p>\n\n\n\n<figure class=\"wp-block-image size-large\"><img loading=\"lazy\" decoding=\"async\" width=\"1024\" height=\"576\" src=\"https:\/\/bxrepsol.s3.eu-west-1.amazonaws.com\/static\/2022\/08\/09131119\/navacerrada-1024x576.jpg\" alt=\"Vista de la estaci\u00f3n de Navacerrada\" class=\"wp-image-43042\" srcset=\"https:\/\/bxrepsol.s3.eu-west-1.amazonaws.com\/static\/2022\/08\/09131119\/navacerrada-1024x576.jpg 1024w, https:\/\/bxrepsol.s3.eu-west-1.amazonaws.com\/static\/2022\/08\/09131119\/navacerrada-300x169.jpg 300w, https:\/\/bxrepsol.s3.eu-west-1.amazonaws.com\/static\/2022\/08\/09131119\/navacerrada-768x432.jpg 768w, https:\/\/bxrepsol.s3.eu-west-1.amazonaws.com\/static\/2022\/08\/09131119\/navacerrada.jpg 1280w\" sizes=\"auto, (max-width: 1024px) 100vw, 1024px\" \/><\/figure>\n\n\n\n<p><\/p>\n\n\n\n<p>Enseguida entraremos en el inmenso pinar que cubre estos montes y comenzaremos a ganar altura muy r\u00e1pidamente, pasando de los poco m\u00e1s de 1.200 metros de la ciudad a m\u00e1s de 1.800 en algunos puntos, como la conocida <a href=\"https:\/\/puertonavacerrada.com\/\">estaci\u00f3n de esqu\u00ed de Navacerrada<\/a>. Si ha hecho fr\u00edo recientemente o tomas esta ruta en \u00e9poca de nieves, ten cuidado con el <a href=\"https:\/\/www.boxrepsol.com\/es\/vive-tu-moto\/pilotar-tu-moto-con-viento-lluvia-nieve\/\">pavimento deslizante<\/a>.<\/p>\n\n\n\n<p>Llegados a este punto, tomaremos el desv\u00edo al puerto de Los Cotos y comenzaremos un largo tramo en el que nos mantendremos sobre los 1.800 metros de altura, rodeados de pinos, picos monta\u00f1osos y nubes. Si el tiempo acompa\u00f1a disfrutaremos de unas im\u00e1genes espectaculares ante las que no podremos evitar detenernos para sacar fotograf\u00edas de este maravilloso entorno.<\/p>\n\n\n\n<p>Poco a poco el camino ir\u00e1 descendiendo, e iremos cambiando los pinos por otra gran cantidad de \u00e1rboles, mientras pasaremos por muchas de las numerosas peque\u00f1as localidades que pueblan la Sierra de Guadarrama, entre las que destacamos <a href=\"https:\/\/www.rascafria.org\/\">Rascafr\u00eda<\/a>, donde podremos parar a tomar algo, o incluso pasar noche si queremos descubrir muchos de los secretos de este parque natural lleno de sendas que recorrer, y<a href=\"https:\/\/turismolozoya.es\/\"> Lozoya<\/a>, un bonito pueblo a orillas del Embalse de Pinilla.<\/p>\n\n\n\n<figure class=\"wp-block-image size-large\"><img loading=\"lazy\" decoding=\"async\" width=\"1024\" height=\"576\" src=\"https:\/\/bxrepsol.s3.eu-west-1.amazonaws.com\/static\/2022\/08\/09131116\/embalse-de-pinilla-1024x576.jpg\" alt=\"Embalse de Pinilla al atardecer\" class=\"wp-image-43038\" srcset=\"https:\/\/bxrepsol.s3.eu-west-1.amazonaws.com\/static\/2022\/08\/09131116\/embalse-de-pinilla-1024x576.jpg 1024w, https:\/\/bxrepsol.s3.eu-west-1.amazonaws.com\/static\/2022\/08\/09131116\/embalse-de-pinilla-300x169.jpg 300w, https:\/\/bxrepsol.s3.eu-west-1.amazonaws.com\/static\/2022\/08\/09131116\/embalse-de-pinilla-768x432.jpg 768w, https:\/\/bxrepsol.s3.eu-west-1.amazonaws.com\/static\/2022\/08\/09131116\/embalse-de-pinilla.jpg 1280w\" sizes=\"auto, (max-width: 1024px) 100vw, 1024px\" \/><\/figure>\n\n\n\n<p><\/p>\n\n\n\n<p>Continuaremos nuestro descenso por la M-604 hasta la incorporaci\u00f3n a la A-1, a la que nos uniremos durante unos pocos minutos en direcci\u00f3n Madrid pasando Lozoyuela y tomando la salida 66 a esta localidad.<\/p>\n\n\n\n<p>Al llegar a la rotonda tomaremos la primera salida, direcci\u00f3n Torrelaguna por la M-131. Esta v\u00eda nos llevar\u00e1 por valles rodeados de monta\u00f1as hasta que encontremos el desv\u00edo a la presa del Atazar. Es otra salida delicada, pero con el aliciente de que nos acercamos al final de la ruta, \u00a1y el camino merece mucho la pena!<\/p>\n\n\n\n<p>La carretera nos llevar\u00e1 entre curvas por la ladera del <a href=\"https:\/\/embalsedelatazar.es\/\">embalse de Atazar<\/a> y, si lo deseamos, podremos acercarnos y pasar por encima de la presa de esta masa de agua, pero nuestro destino requerir\u00e1 que nos desviemos un poco antes, tomando la salida a Patones y descendiendo hasta llegar al parking de la presa del Pont\u00f3n de la Oliva, donde dejaremos la moto y caminaremos unos metros hasta esta impresionante obra de mamposter\u00eda que fue la primera presa hidr\u00e1ulica de Madrid.<\/p>\n\n\n\n<figure class=\"wp-block-image size-large\"><img loading=\"lazy\" decoding=\"async\" width=\"1024\" height=\"576\" src=\"https:\/\/bxrepsol.s3.eu-west-1.amazonaws.com\/static\/2022\/08\/09131110\/ponton-de-la-oliva-1024x576.jpg\" alt=\"el Pont\u00f3n de la Oliva\" class=\"wp-image-43026\" srcset=\"https:\/\/bxrepsol.s3.eu-west-1.amazonaws.com\/static\/2022\/08\/09131110\/ponton-de-la-oliva-1024x576.jpg 1024w, https:\/\/bxrepsol.s3.eu-west-1.amazonaws.com\/static\/2022\/08\/09131110\/ponton-de-la-oliva-300x169.jpg 300w, https:\/\/bxrepsol.s3.eu-west-1.amazonaws.com\/static\/2022\/08\/09131110\/ponton-de-la-oliva-768x432.jpg 768w, https:\/\/bxrepsol.s3.eu-west-1.amazonaws.com\/static\/2022\/08\/09131110\/ponton-de-la-oliva.jpg 1280w\" sizes=\"auto, (max-width: 1024px) 100vw, 1024px\" \/><\/figure>\n\n\n\n<p><\/p>\n\n\n\n<p>Terminaremos as\u00ed nuestra ruta, pudiendo regresar r\u00e1pidamente a Madrid o volver atr\u00e1s y quedarnos un rato m\u00e1s descubriendo este magn\u00edfico entorno.<\/p>\n\n\n\n<p>Antes de partir, <a href=\"https:\/\/www.boxrepsol.com\/es\/vive-tu-moto\/desescalada-en-moto-preparate-carretera\/\">aseg\u00farate de que tu moto est\u00e1 en condiciones \u00f3ptimas<\/a> y cuando regreses, no olvides <a href=\"https:\/\/www.boxrepsol.com\/es\/vive-tu-moto\/como-lavar-una-moto-productos-trucos-consejos\/\">dar una buena limpieza a la moto<\/a> antes de guardarla.<\/p>\n\n\n\n<p>Esperamos que disfrutes de estas rutas moteras y que descubras todos sus secretos, que no son pocos. Cuando lo hagas, \u00bfpor qu\u00e9 no compartes alguna foto en nuestras redes sociales? \u00a1Estaremos encantados de saber que has disfrutado de alguna de estas rutas que te proponemos!<\/p>\n","protected":false},"excerpt":{"rendered":"<p>Con la primavera, los montes vuelven a te\u00f1irse de verde y el fr\u00edo empieza a dejar paso a d\u00edas m\u00e1s calurosos. En boxrepsol.com te proponemos estas tres rutas en moto para disfrutar de esta estaci\u00f3n al m\u00e1ximo.<\/p>\n","protected":false},"author":43146,"featured_media":43018,"comment_status":"open","ping_status":"open","sticky":false,"template":"","format":"standard","meta":{"footnotes":""},"categories":[122],"tags":[124,168],"class_list":["post-94958","post","type-post","status-publish","format-standard","hentry","category-vive-tu-moto","tag-moteros","tag-salidas-y-rutas-en-moto"],"yoast_head":"<!-- This site is optimized with the Yoast SEO plugin v27.3 - https:\/\/yoast.com\/product\/yoast-seo-wordpress\/ -->\n<title>Rutas en moto para disfrutar esta primavera - Box Repsol<\/title>\n<meta name=\"description\" content=\"Con la primavera, los montes vuelven a te\u00f1irse de verde y el fr\u00edo empieza a dejar paso a d\u00edas m\u00e1s calurosos. Te proponemos estas tres rutas en moto.\" \/>\n<link rel=\"canonical\" href=\"https:\/\/www.boxrepsol.com\/es\/vive-tu-moto\/rutas-en-moto-en-primavera\/\" \/>\n<meta property=\"og:locale\" content=\"es_ES\" \/>\n<meta property=\"og:type\" content=\"article\" \/>\n<meta property=\"og:title\" content=\"Rutas en moto para disfrutar esta primavera - Box Repsol\" \/>\n<meta property=\"og:description\" content=\"Con la primavera, los montes vuelven a te\u00f1irse de verde y el fr\u00edo empieza a dejar paso a d\u00edas m\u00e1s calurosos. Te proponemos estas tres rutas en moto.\" \/>\n<meta property=\"og:url\" content=\"https:\/\/www.boxrepsol.com\/es\/vive-tu-moto\/rutas-en-moto-en-primavera\/\" \/>\n<meta property=\"og:site_name\" content=\"Box Repsol\" \/>\n<meta property=\"article:publisher\" content=\"https:\/\/www.facebook.com\/BoxRepsol\" \/>\n<meta property=\"article:author\" content=\"https:\/\/www.facebook.com\/BoxRepsol\/\" \/>\n<meta property=\"article:published_time\" content=\"2021-05-17T02:00:00+00:00\" \/>\n<meta property=\"article:modified_time\" content=\"2024-04-12T18:07:47+00:00\" \/>\n<meta property=\"og:image\" content=\"https:\/\/bxrepsol.s3.eu-west-1.amazonaws.com\/static\/2022\/08\/09131105\/picos-de-europa-cab.jpg\" \/>\n\t<meta property=\"og:image:width\" content=\"1280\" \/>\n\t<meta property=\"og:image:height\" content=\"600\" \/>\n\t<meta property=\"og:image:type\" content=\"image\/jpeg\" \/>\n<meta name=\"author\" content=\"Redacci\u00f3n Box Repsol\" \/>\n<meta name=\"twitter:card\" content=\"summary_large_image\" \/>\n<meta name=\"twitter:creator\" content=\"@https:\/\/twitter.com\/box_repsol\" \/>\n<meta name=\"twitter:site\" content=\"@box_repsol\" \/>\n<meta name=\"twitter:label1\" content=\"Written by\" \/>\n\t<meta name=\"twitter:data1\" content=\"Redacci\u00f3n Box Repsol\" \/>\n\t<meta name=\"twitter:label2\" content=\"Est. reading time\" \/>\n\t<meta name=\"twitter:data2\" content=\"10 minutos\" \/>\n<script type=\"application\/ld+json\" class=\"yoast-schema-graph\">{\"@context\":\"https:\\\/\\\/schema.org\",\"@graph\":[{\"@type\":\"Article\",\"@id\":\"https:\\\/\\\/www.boxrepsol.com\\\/es\\\/vive-tu-moto\\\/rutas-en-moto-en-primavera\\\/#article\",\"isPartOf\":{\"@id\":\"https:\\\/\\\/www.boxrepsol.com\\\/es\\\/vive-tu-moto\\\/rutas-en-moto-en-primavera\\\/\"},\"author\":{\"name\":\"Redacci\u00f3n Box Repsol\",\"@id\":\"https:\\\/\\\/www.boxrepsol.com\\\/es\\\/#\\\/schema\\\/person\\\/c5c2138f2cca251b0ad92b7086bb60b7\"},\"headline\":\"Rutas en moto para disfrutar esta primavera\",\"datePublished\":\"2021-05-17T02:00:00+00:00\",\"dateModified\":\"2024-04-12T18:07:47+00:00\",\"mainEntityOfPage\":{\"@id\":\"https:\\\/\\\/www.boxrepsol.com\\\/es\\\/vive-tu-moto\\\/rutas-en-moto-en-primavera\\\/\"},\"wordCount\":2008,\"commentCount\":0,\"publisher\":{\"@id\":\"https:\\\/\\\/www.boxrepsol.com\\\/es\\\/#organization\"},\"image\":{\"@id\":\"https:\\\/\\\/www.boxrepsol.com\\\/es\\\/vive-tu-moto\\\/rutas-en-moto-en-primavera\\\/#primaryimage\"},\"thumbnailUrl\":\"https:\\\/\\\/bxrepsol.s3.eu-west-1.amazonaws.com\\\/static\\\/2022\\\/08\\\/09131105\\\/picos-de-europa-cab.jpg\",\"keywords\":[\"moteros\",\"salidas y rutas en moto\"],\"articleSection\":[\"Vive tu moto\"],\"inLanguage\":\"es\",\"potentialAction\":[{\"@type\":\"CommentAction\",\"name\":\"Comment\",\"target\":[\"https:\\\/\\\/www.boxrepsol.com\\\/es\\\/vive-tu-moto\\\/rutas-en-moto-en-primavera\\\/#respond\"]}]},{\"@type\":\"WebPage\",\"@id\":\"https:\\\/\\\/www.boxrepsol.com\\\/es\\\/vive-tu-moto\\\/rutas-en-moto-en-primavera\\\/\",\"url\":\"https:\\\/\\\/www.boxrepsol.com\\\/es\\\/vive-tu-moto\\\/rutas-en-moto-en-primavera\\\/\",\"name\":\"Rutas en moto para disfrutar esta primavera - Box Repsol\",\"isPartOf\":{\"@id\":\"https:\\\/\\\/www.boxrepsol.com\\\/es\\\/#website\"},\"primaryImageOfPage\":{\"@id\":\"https:\\\/\\\/www.boxrepsol.com\\\/es\\\/vive-tu-moto\\\/rutas-en-moto-en-primavera\\\/#primaryimage\"},\"image\":{\"@id\":\"https:\\\/\\\/www.boxrepsol.com\\\/es\\\/vive-tu-moto\\\/rutas-en-moto-en-primavera\\\/#primaryimage\"},\"thumbnailUrl\":\"https:\\\/\\\/bxrepsol.s3.eu-west-1.amazonaws.com\\\/static\\\/2022\\\/08\\\/09131105\\\/picos-de-europa-cab.jpg\",\"datePublished\":\"2021-05-17T02:00:00+00:00\",\"dateModified\":\"2024-04-12T18:07:47+00:00\",\"description\":\"Con la primavera, los montes vuelven a te\u00f1irse de verde y el fr\u00edo empieza a dejar paso a d\u00edas m\u00e1s calurosos. Te proponemos estas tres rutas en moto.\",\"breadcrumb\":{\"@id\":\"https:\\\/\\\/www.boxrepsol.com\\\/es\\\/vive-tu-moto\\\/rutas-en-moto-en-primavera\\\/#breadcrumb\"},\"inLanguage\":\"es\",\"potentialAction\":[{\"@type\":\"ReadAction\",\"target\":[\"https:\\\/\\\/www.boxrepsol.com\\\/es\\\/vive-tu-moto\\\/rutas-en-moto-en-primavera\\\/\"]}]},{\"@type\":\"ImageObject\",\"inLanguage\":\"es\",\"@id\":\"https:\\\/\\\/www.boxrepsol.com\\\/es\\\/vive-tu-moto\\\/rutas-en-moto-en-primavera\\\/#primaryimage\",\"url\":\"https:\\\/\\\/bxrepsol.s3.eu-west-1.amazonaws.com\\\/static\\\/2022\\\/08\\\/09131105\\\/picos-de-europa-cab.jpg\",\"contentUrl\":\"https:\\\/\\\/bxrepsol.s3.eu-west-1.amazonaws.com\\\/static\\\/2022\\\/08\\\/09131105\\\/picos-de-europa-cab.jpg\",\"width\":1280,\"height\":600,\"caption\":\"carretera de monta\u00f1a para rutas en moto en primavera\"},{\"@type\":\"BreadcrumbList\",\"@id\":\"https:\\\/\\\/www.boxrepsol.com\\\/es\\\/vive-tu-moto\\\/rutas-en-moto-en-primavera\\\/#breadcrumb\",\"itemListElement\":[{\"@type\":\"ListItem\",\"position\":1,\"name\":\"Home\",\"item\":\"https:\\\/\\\/www.boxrepsol.com\\\/es\\\/\"},{\"@type\":\"ListItem\",\"position\":2,\"name\":\"Rutas en moto para disfrutar esta primavera\"}]},{\"@type\":\"WebSite\",\"@id\":\"https:\\\/\\\/www.boxrepsol.com\\\/es\\\/#website\",\"url\":\"https:\\\/\\\/www.boxrepsol.com\\\/es\\\/\",\"name\":\"Box Repsol\",\"description\":\"Box Repsol Site\",\"publisher\":{\"@id\":\"https:\\\/\\\/www.boxrepsol.com\\\/es\\\/#organization\"},\"potentialAction\":[{\"@type\":\"SearchAction\",\"target\":{\"@type\":\"EntryPoint\",\"urlTemplate\":\"https:\\\/\\\/www.boxrepsol.com\\\/es\\\/?s={search_term_string}\"},\"query-input\":{\"@type\":\"PropertyValueSpecification\",\"valueRequired\":true,\"valueName\":\"search_term_string\"}}],\"inLanguage\":\"es\"},{\"@type\":\"Organization\",\"@id\":\"https:\\\/\\\/www.boxrepsol.com\\\/es\\\/#organization\",\"name\":\"Box Repsol\",\"url\":\"https:\\\/\\\/www.boxrepsol.com\\\/es\\\/\",\"logo\":{\"@type\":\"ImageObject\",\"inLanguage\":\"es\",\"@id\":\"https:\\\/\\\/www.boxrepsol.com\\\/es\\\/#\\\/schema\\\/logo\\\/image\\\/\",\"url\":\"https:\\\/\\\/bxrepsol.s3.eu-west-1.amazonaws.com\\\/static\\\/2025\\\/07\\\/30083337\\\/favicon-96x96-1.png\",\"contentUrl\":\"https:\\\/\\\/bxrepsol.s3.eu-west-1.amazonaws.com\\\/static\\\/2025\\\/07\\\/30083337\\\/favicon-96x96-1.png\",\"width\":96,\"height\":96,\"caption\":\"Box Repsol\"},\"image\":{\"@id\":\"https:\\\/\\\/www.boxrepsol.com\\\/es\\\/#\\\/schema\\\/logo\\\/image\\\/\"},\"sameAs\":[\"https:\\\/\\\/www.facebook.com\\\/BoxRepsol\",\"https:\\\/\\\/x.com\\\/box_repsol\",\"http:\\\/\\\/instagram.com\\\/box_repsol\",\"https:\\\/\\\/www.youtube.com\\\/user\\\/RepsolCompeticion\",\"https:\\\/\\\/www.flickr.com\\\/photos\\\/box_repsol\\\/\"]},{\"@type\":\"Person\",\"@id\":\"https:\\\/\\\/www.boxrepsol.com\\\/es\\\/#\\\/schema\\\/person\\\/c5c2138f2cca251b0ad92b7086bb60b7\",\"name\":\"Redacci\u00f3n Box Repsol\",\"image\":{\"@type\":\"ImageObject\",\"inLanguage\":\"es\",\"@id\":\"https:\\\/\\\/secure.gravatar.com\\\/avatar\\\/adf7b77e38b4419baf32c7e9c21dde01f4e40df611f0978e3006fc4ba0aaab7e?s=96&d=mm&r=g\",\"url\":\"https:\\\/\\\/secure.gravatar.com\\\/avatar\\\/adf7b77e38b4419baf32c7e9c21dde01f4e40df611f0978e3006fc4ba0aaab7e?s=96&d=mm&r=g\",\"contentUrl\":\"https:\\\/\\\/secure.gravatar.com\\\/avatar\\\/adf7b77e38b4419baf32c7e9c21dde01f4e40df611f0978e3006fc4ba0aaab7e?s=96&d=mm&r=g\",\"caption\":\"Redacci\u00f3n Box Repsol\"},\"description\":\"Box Repsol lo forma un equipo de periodistas, community managers, dise\u00f1adores y fot\u00f3grafos con m\u00e1s de 20 a\u00f1os de experiencia en el mundo del motorsport. Hemos vivido el primer mundial de un espa\u00f1ol en la categor\u00eda reina de motociclismo con \u00c1lex Crivill\u00e9, estuvimos en las victorias de Pedrosa y los t\u00edtulos de M\u00e1rquez, acompa\u00f1amos en \u00c1frica a Nani Roma y Marc Coma en sus conquistas del Dakar y hemos vibrado con los t\u00edtulos de Toni Bou en Trial. Adem\u00e1s, en nuestro equipo contamos con expertos en el mundo de las dos y cuatro ruedas tanto de la calle y las carreteras, como de los circuitos. Periodistas que han trabajado en revistas y publicaciones para hacerte llegar desde rutas y consejos de mantenimiento, a curiosidades y trucos de pilotaje.\",\"sameAs\":[\"https:\\\/\\\/www.facebook.com\\\/BoxRepsol\\\/\",\"https:\\\/\\\/www.instagram.com\\\/box_repsol\\\/\",\"https:\\\/\\\/x.com\\\/https:\\\/\\\/twitter.com\\\/box_repsol\",\"https:\\\/\\\/www.youtube.com\\\/@Boxrepsol\"],\"url\":\"https:\\\/\\\/www.boxrepsol.com\\\/es\\\/author\\\/redaccion-box-repsol\\\/\"}]}<\/script>\n<!-- \/ Yoast SEO plugin. -->","yoast_head_json":{"title":"Rutas en moto para disfrutar esta primavera - Box Repsol","description":"Con la primavera, los montes vuelven a te\u00f1irse de verde y el fr\u00edo empieza a dejar paso a d\u00edas m\u00e1s calurosos. Te proponemos estas tres rutas en moto.","canonical":"https:\/\/www.boxrepsol.com\/es\/vive-tu-moto\/rutas-en-moto-en-primavera\/","og_locale":"es_ES","og_type":"article","og_title":"Rutas en moto para disfrutar esta primavera - Box Repsol","og_description":"Con la primavera, los montes vuelven a te\u00f1irse de verde y el fr\u00edo empieza a dejar paso a d\u00edas m\u00e1s calurosos. Te proponemos estas tres rutas en moto.","og_url":"https:\/\/www.boxrepsol.com\/es\/vive-tu-moto\/rutas-en-moto-en-primavera\/","og_site_name":"Box Repsol","article_publisher":"https:\/\/www.facebook.com\/BoxRepsol","article_author":"https:\/\/www.facebook.com\/BoxRepsol\/","article_published_time":"2021-05-17T02:00:00+00:00","article_modified_time":"2024-04-12T18:07:47+00:00","og_image":[{"width":1280,"height":600,"url":"https:\/\/bxrepsol.s3.eu-west-1.amazonaws.com\/static\/2022\/08\/09131105\/picos-de-europa-cab.jpg","type":"image\/jpeg"}],"author":"Redacci\u00f3n Box Repsol","twitter_card":"summary_large_image","twitter_creator":"@https:\/\/twitter.com\/box_repsol","twitter_site":"@box_repsol","twitter_misc":{"Written by":"Redacci\u00f3n Box Repsol","Est. reading time":"10 minutos"},"schema":{"@context":"https:\/\/schema.org","@graph":[{"@type":"Article","@id":"https:\/\/www.boxrepsol.com\/es\/vive-tu-moto\/rutas-en-moto-en-primavera\/#article","isPartOf":{"@id":"https:\/\/www.boxrepsol.com\/es\/vive-tu-moto\/rutas-en-moto-en-primavera\/"},"author":{"name":"Redacci\u00f3n Box Repsol","@id":"https:\/\/www.boxrepsol.com\/es\/#\/schema\/person\/c5c2138f2cca251b0ad92b7086bb60b7"},"headline":"Rutas en moto para disfrutar esta primavera","datePublished":"2021-05-17T02:00:00+00:00","dateModified":"2024-04-12T18:07:47+00:00","mainEntityOfPage":{"@id":"https:\/\/www.boxrepsol.com\/es\/vive-tu-moto\/rutas-en-moto-en-primavera\/"},"wordCount":2008,"commentCount":0,"publisher":{"@id":"https:\/\/www.boxrepsol.com\/es\/#organization"},"image":{"@id":"https:\/\/www.boxrepsol.com\/es\/vive-tu-moto\/rutas-en-moto-en-primavera\/#primaryimage"},"thumbnailUrl":"https:\/\/bxrepsol.s3.eu-west-1.amazonaws.com\/static\/2022\/08\/09131105\/picos-de-europa-cab.jpg","keywords":["moteros","salidas y rutas en moto"],"articleSection":["Vive tu moto"],"inLanguage":"es","potentialAction":[{"@type":"CommentAction","name":"Comment","target":["https:\/\/www.boxrepsol.com\/es\/vive-tu-moto\/rutas-en-moto-en-primavera\/#respond"]}]},{"@type":"WebPage","@id":"https:\/\/www.boxrepsol.com\/es\/vive-tu-moto\/rutas-en-moto-en-primavera\/","url":"https:\/\/www.boxrepsol.com\/es\/vive-tu-moto\/rutas-en-moto-en-primavera\/","name":"Rutas en moto para disfrutar esta primavera - Box Repsol","isPartOf":{"@id":"https:\/\/www.boxrepsol.com\/es\/#website"},"primaryImageOfPage":{"@id":"https:\/\/www.boxrepsol.com\/es\/vive-tu-moto\/rutas-en-moto-en-primavera\/#primaryimage"},"image":{"@id":"https:\/\/www.boxrepsol.com\/es\/vive-tu-moto\/rutas-en-moto-en-primavera\/#primaryimage"},"thumbnailUrl":"https:\/\/bxrepsol.s3.eu-west-1.amazonaws.com\/static\/2022\/08\/09131105\/picos-de-europa-cab.jpg","datePublished":"2021-05-17T02:00:00+00:00","dateModified":"2024-04-12T18:07:47+00:00","description":"Con la primavera, los montes vuelven a te\u00f1irse de verde y el fr\u00edo empieza a dejar paso a d\u00edas m\u00e1s calurosos. Te proponemos estas tres rutas en moto.","breadcrumb":{"@id":"https:\/\/www.boxrepsol.com\/es\/vive-tu-moto\/rutas-en-moto-en-primavera\/#breadcrumb"},"inLanguage":"es","potentialAction":[{"@type":"ReadAction","target":["https:\/\/www.boxrepsol.com\/es\/vive-tu-moto\/rutas-en-moto-en-primavera\/"]}]},{"@type":"ImageObject","inLanguage":"es","@id":"https:\/\/www.boxrepsol.com\/es\/vive-tu-moto\/rutas-en-moto-en-primavera\/#primaryimage","url":"https:\/\/bxrepsol.s3.eu-west-1.amazonaws.com\/static\/2022\/08\/09131105\/picos-de-europa-cab.jpg","contentUrl":"https:\/\/bxrepsol.s3.eu-west-1.amazonaws.com\/static\/2022\/08\/09131105\/picos-de-europa-cab.jpg","width":1280,"height":600,"caption":"carretera de monta\u00f1a para rutas en moto en primavera"},{"@type":"BreadcrumbList","@id":"https:\/\/www.boxrepsol.com\/es\/vive-tu-moto\/rutas-en-moto-en-primavera\/#breadcrumb","itemListElement":[{"@type":"ListItem","position":1,"name":"Home","item":"https:\/\/www.boxrepsol.com\/es\/"},{"@type":"ListItem","position":2,"name":"Rutas en moto para disfrutar esta primavera"}]},{"@type":"WebSite","@id":"https:\/\/www.boxrepsol.com\/es\/#website","url":"https:\/\/www.boxrepsol.com\/es\/","name":"Box Repsol","description":"Box Repsol Site","publisher":{"@id":"https:\/\/www.boxrepsol.com\/es\/#organization"},"potentialAction":[{"@type":"SearchAction","target":{"@type":"EntryPoint","urlTemplate":"https:\/\/www.boxrepsol.com\/es\/?s={search_term_string}"},"query-input":{"@type":"PropertyValueSpecification","valueRequired":true,"valueName":"search_term_string"}}],"inLanguage":"es"},{"@type":"Organization","@id":"https:\/\/www.boxrepsol.com\/es\/#organization","name":"Box Repsol","url":"https:\/\/www.boxrepsol.com\/es\/","logo":{"@type":"ImageObject","inLanguage":"es","@id":"https:\/\/www.boxrepsol.com\/es\/#\/schema\/logo\/image\/","url":"https:\/\/bxrepsol.s3.eu-west-1.amazonaws.com\/static\/2025\/07\/30083337\/favicon-96x96-1.png","contentUrl":"https:\/\/bxrepsol.s3.eu-west-1.amazonaws.com\/static\/2025\/07\/30083337\/favicon-96x96-1.png","width":96,"height":96,"caption":"Box Repsol"},"image":{"@id":"https:\/\/www.boxrepsol.com\/es\/#\/schema\/logo\/image\/"},"sameAs":["https:\/\/www.facebook.com\/BoxRepsol","https:\/\/x.com\/box_repsol","http:\/\/instagram.com\/box_repsol","https:\/\/www.youtube.com\/user\/RepsolCompeticion","https:\/\/www.flickr.com\/photos\/box_repsol\/"]},{"@type":"Person","@id":"https:\/\/www.boxrepsol.com\/es\/#\/schema\/person\/c5c2138f2cca251b0ad92b7086bb60b7","name":"Redacci\u00f3n Box Repsol","image":{"@type":"ImageObject","inLanguage":"es","@id":"https:\/\/secure.gravatar.com\/avatar\/adf7b77e38b4419baf32c7e9c21dde01f4e40df611f0978e3006fc4ba0aaab7e?s=96&d=mm&r=g","url":"https:\/\/secure.gravatar.com\/avatar\/adf7b77e38b4419baf32c7e9c21dde01f4e40df611f0978e3006fc4ba0aaab7e?s=96&d=mm&r=g","contentUrl":"https:\/\/secure.gravatar.com\/avatar\/adf7b77e38b4419baf32c7e9c21dde01f4e40df611f0978e3006fc4ba0aaab7e?s=96&d=mm&r=g","caption":"Redacci\u00f3n Box Repsol"},"description":"Box Repsol lo forma un equipo de periodistas, community managers, dise\u00f1adores y fot\u00f3grafos con m\u00e1s de 20 a\u00f1os de experiencia en el mundo del motorsport. Hemos vivido el primer mundial de un espa\u00f1ol en la categor\u00eda reina de motociclismo con \u00c1lex Crivill\u00e9, estuvimos en las victorias de Pedrosa y los t\u00edtulos de M\u00e1rquez, acompa\u00f1amos en \u00c1frica a Nani Roma y Marc Coma en sus conquistas del Dakar y hemos vibrado con los t\u00edtulos de Toni Bou en Trial. Adem\u00e1s, en nuestro equipo contamos con expertos en el mundo de las dos y cuatro ruedas tanto de la calle y las carreteras, como de los circuitos. Periodistas que han trabajado en revistas y publicaciones para hacerte llegar desde rutas y consejos de mantenimiento, a curiosidades y trucos de pilotaje.","sameAs":["https:\/\/www.facebook.com\/BoxRepsol\/","https:\/\/www.instagram.com\/box_repsol\/","https:\/\/x.com\/https:\/\/twitter.com\/box_repsol","https:\/\/www.youtube.com\/@Boxrepsol"],"url":"https:\/\/www.boxrepsol.com\/es\/author\/redaccion-box-repsol\/"}]}},"_links":{"self":[{"href":"https:\/\/www.boxrepsol.com\/es\/wp-json\/wp\/v2\/posts\/94958","targetHints":{"allow":["GET"]}}],"collection":[{"href":"https:\/\/www.boxrepsol.com\/es\/wp-json\/wp\/v2\/posts"}],"about":[{"href":"https:\/\/www.boxrepsol.com\/es\/wp-json\/wp\/v2\/types\/post"}],"author":[{"embeddable":true,"href":"https:\/\/www.boxrepsol.com\/es\/wp-json\/wp\/v2\/users\/43146"}],"replies":[{"embeddable":true,"href":"https:\/\/www.boxrepsol.com\/es\/wp-json\/wp\/v2\/comments?post=94958"}],"version-history":[{"count":4,"href":"https:\/\/www.boxrepsol.com\/es\/wp-json\/wp\/v2\/posts\/94958\/revisions"}],"predecessor-version":[{"id":108791,"href":"https:\/\/www.boxrepsol.com\/es\/wp-json\/wp\/v2\/posts\/94958\/revisions\/108791"}],"wp:featuredmedia":[{"embeddable":true,"href":"https:\/\/www.boxrepsol.com\/es\/wp-json\/wp\/v2\/media\/43018"}],"wp:attachment":[{"href":"https:\/\/www.boxrepsol.com\/es\/wp-json\/wp\/v2\/media?parent=94958"}],"wp:term":[{"taxonomy":"category","embeddable":true,"href":"https:\/\/www.boxrepsol.com\/es\/wp-json\/wp\/v2\/categories?post=94958"},{"taxonomy":"post_tag","embeddable":true,"href":"https:\/\/www.boxrepsol.com\/es\/wp-json\/wp\/v2\/tags?post=94958"}],"curies":[{"name":"wp","href":"https:\/\/api.w.org\/{rel}","templated":true}]}}