{"id":94939,"date":"2021-05-04T00:00:00","date_gmt":"2021-05-04T02:00:00","guid":{"rendered":"http:\/\/pre.boxrepsol.com\/sin-categorizar\/jornada-productiva-jerez-pol-espargaro\/"},"modified":"2024-04-12T16:24:26","modified_gmt":"2024-04-12T18:24:26","slug":"jornada-productiva-jerez-pol-espargaro","status":"publish","type":"post","link":"https:\/\/www.boxrepsol.com\/es\/motogp\/jornada-productiva-jerez-pol-espargaro\/","title":{"rendered":"Jornada productiva en Jerez para Pol Espargar\u00f3"},"content":{"rendered":"\n<p>Hoy lunes, despu\u00e9s del Gran Premio de Espa\u00f1a, la categor\u00eda de MotoGP ha completado su primer d\u00eda de test de la temporada de 2021. Ha habido una breve interrupci\u00f3n al comienzo de la jornada por una bandera roja despu\u00e9s de solo una hora de entrenamientos debido a distintas ca\u00eddas.<\/p>\n\n\n\n<p>Pol Espargar\u00f3 ha tenido un d\u00eda ajetreado en el Circuito de Jerez &#8211; \u00c1ngel Nieto, completando 89 vueltas con un mejor tiempo de 1 minuto, 37 segundos y 506 mil\u00e9simas. Alrededor del mediod\u00eda, Espargar\u00f3 ha sufrido una ca\u00edda en la curva 1, pero ha salido ileso y ha podido regresar r\u00e1pidamente al box. En la hora final de la jornada Espargar\u00f3 ha sufrido una segunda ca\u00edda, nuevamente sin consecuencias. Aparte de las ca\u00eddas, Espargar\u00f3 deja el test con una sensaci\u00f3n muy positiva despu\u00e9s de un d\u00eda intenso.<\/p>\n\n\n\n<p>La jornada en Jerez, en cambio, ha sido corta para Marc M\u00e1rquez, completando siete vueltas en dos salidas a pista antes de poner fin a su test. Tras un fin de semana exigente f\u00edsicamente, M\u00e1rquez y el equipo Repsol Honda han optado por centrarse en su recuperaci\u00f3n y permitir el m\u00e1ximo de tiempo para prepararse para el GP de Francia.<\/p>\n\n\n\n<figure class=\"wp-block-image\"><img decoding=\"async\" src=\"https:\/\/bxrepsol.s3.eu-west-1.amazonaws.com\/static\/2022\/08\/09130638\/RD4_JerezTest_Marc_2021-06435.jpg\" alt=\"\"\/><\/figure>\n\n\n\n<h2 class=\"wp-block-heading\">Declaraciones de los pilotos<\/h2>\n\n\n\n<p><a href=\"https:\/\/twitter.com\/hashtag\/MM93?src=hash&amp;lang=es\">#MM93<\/a><\/p>\n\n\n\n<p><em>\u201cHoy no hemos probado demasiado, solo una salida porque en la segunda, mi cuerpo ya se estaba bloqueando. Mi cuello y mi hombro derecho estaban r\u00edgidos, es una sensaci\u00f3n similar a despu\u00e9s de Portimao, pero no estaba tan bloqueado como despu\u00e9s de Portugal. El accidente que tuve el s\u00e1bado no ayud\u00f3 con mi condici\u00f3n f\u00edsica. He pensado que tal vez hoy, cuando mi cuerpo se hubiera calentado, ser\u00eda mejor y podr\u00eda intentarlo, pero de inmediato me he dado cuenta de que no estaba en un buen nivel para pilotar. Hemos hablado con el equipo y hemos decidido detener el test; debemos entender que estamos mejorando paso a paso y el pr\u00f3ximo objetivo es Le Mans, donde intentaremos mejorar nuevamente\u00bb.<br><\/em><\/p>\n\n\n\n<hr class=\"wp-block-separator has-alpha-channel-opacity\"\/>\n\n\n\n<p><a href=\"https:\/\/twitter.com\/hashtag\/POL44?src=hash&amp;lang=es\">#POL44<\/a><\/p>\n\n\n\n<p><em>\u201cHemos hecho 89 vueltas hoy; ha sido un d\u00eda muy ajetreado y productivo para nosotros. Hemos trabajado en muchas cosas, electr\u00f3nica, aerodin\u00e1mica, ergonom\u00eda; parecen temas simples, pero cuando a\u00fan eres nuevo con una moto, parecen peque\u00f1os pero pueden marcar una gran diferencia juntos. Hemos tenido un buen desempe\u00f1o hoy, he estado cerca de Taka, que ha sido la Honda m\u00e1s fuerte este fin de semana, as\u00ed que estoy feliz. Pase lo que pase, hemos aprendido mucho hoy y ha sido muy bueno para m\u00ed tener un d\u00eda como hoy, en el que hemos podido pilotar y probar cosas sin la presi\u00f3n de un fin de semana de carreras. Ahora miramos a Le Mans\u201d.<br><\/em><\/p>\n","protected":false},"excerpt":{"rendered":"<p>El primer test de la temporada de 2021 ha sido positivo para Pol Espargar\u00f3, proporcionando una direcci\u00f3n clara a seguir en las pr\u00f3ximas carreras. Marc M\u00e1rquez ha finalizado antes la jornada para centrarse en la recuperaci\u00f3n de su estado f\u00edsico.<\/p>\n","protected":false},"author":43146,"featured_media":42949,"comment_status":"open","ping_status":"open","sticky":false,"template":"","format":"standard","meta":{"footnotes":""},"categories":[4],"tags":[136,6],"class_list":["post-94939","post","type-post","status-publish","format-standard","hentry","category-motogp","tag-campeonato-del-mundo-de-motociclismo","tag-marc-marquez"],"yoast_head":"<!-- This site is optimized with the Yoast SEO plugin v27.3 - https:\/\/yoast.com\/product\/yoast-seo-wordpress\/ -->\n<title>Jornada productiva en Jerez para Pol Espargar\u00f3 - Box Repsol<\/title>\n<meta name=\"description\" content=\"El primer test de la temporada de 2021 ha sido positivo para Pol Espargar\u00f3, Marc M\u00e1rquez ha finalizado antes la jornada para centrarse en su estado f\u00edsico.\" \/>\n<link rel=\"canonical\" href=\"https:\/\/www.boxrepsol.com\/es\/motogp\/jornada-productiva-jerez-pol-espargaro\/\" \/>\n<meta property=\"og:locale\" content=\"es_ES\" \/>\n<meta property=\"og:type\" content=\"article\" \/>\n<meta property=\"og:title\" content=\"Jornada productiva en Jerez para Pol Espargar\u00f3 - Box Repsol\" \/>\n<meta property=\"og:description\" content=\"El primer test de la temporada de 2021 ha sido positivo para Pol Espargar\u00f3, Marc M\u00e1rquez ha finalizado antes la jornada para centrarse en su estado f\u00edsico.\" \/>\n<meta property=\"og:url\" content=\"https:\/\/www.boxrepsol.com\/es\/motogp\/jornada-productiva-jerez-pol-espargaro\/\" \/>\n<meta property=\"og:site_name\" content=\"Box Repsol\" \/>\n<meta property=\"article:publisher\" content=\"https:\/\/www.facebook.com\/BoxRepsol\" \/>\n<meta property=\"article:author\" content=\"https:\/\/www.facebook.com\/BoxRepsol\/\" \/>\n<meta property=\"article:published_time\" content=\"2021-05-04T02:00:00+00:00\" \/>\n<meta property=\"article:modified_time\" content=\"2024-04-12T18:24:26+00:00\" \/>\n<meta property=\"og:image\" content=\"https:\/\/bxrepsol.s3.eu-west-1.amazonaws.com\/static\/2022\/08\/09130640\/RD4_JerezTest_Espargaro_2021-05797.jpg\" \/>\n\t<meta property=\"og:image:width\" content=\"1280\" \/>\n\t<meta property=\"og:image:height\" content=\"720\" \/>\n\t<meta property=\"og:image:type\" content=\"image\/jpeg\" \/>\n<meta name=\"author\" content=\"Redacci\u00f3n Box Repsol\" \/>\n<meta name=\"twitter:card\" content=\"summary_large_image\" \/>\n<meta name=\"twitter:creator\" content=\"@https:\/\/twitter.com\/box_repsol\" \/>\n<meta name=\"twitter:site\" content=\"@box_repsol\" \/>\n<meta name=\"twitter:label1\" content=\"Written by\" \/>\n\t<meta name=\"twitter:data1\" content=\"Redacci\u00f3n Box Repsol\" \/>\n\t<meta name=\"twitter:label2\" content=\"Est. reading time\" \/>\n\t<meta name=\"twitter:data2\" content=\"2 minutos\" \/>\n<script type=\"application\/ld+json\" class=\"yoast-schema-graph\">{\"@context\":\"https:\\\/\\\/schema.org\",\"@graph\":[{\"@type\":\"Article\",\"@id\":\"https:\\\/\\\/www.boxrepsol.com\\\/es\\\/motogp\\\/jornada-productiva-jerez-pol-espargaro\\\/#article\",\"isPartOf\":{\"@id\":\"https:\\\/\\\/www.boxrepsol.com\\\/es\\\/motogp\\\/jornada-productiva-jerez-pol-espargaro\\\/\"},\"author\":{\"name\":\"Redacci\u00f3n Box Repsol\",\"@id\":\"https:\\\/\\\/www.boxrepsol.com\\\/es\\\/#\\\/schema\\\/person\\\/c5c2138f2cca251b0ad92b7086bb60b7\"},\"headline\":\"Jornada productiva en Jerez para Pol Espargar\u00f3\",\"datePublished\":\"2021-05-04T02:00:00+00:00\",\"dateModified\":\"2024-04-12T18:24:26+00:00\",\"mainEntityOfPage\":{\"@id\":\"https:\\\/\\\/www.boxrepsol.com\\\/es\\\/motogp\\\/jornada-productiva-jerez-pol-espargaro\\\/\"},\"wordCount\":476,\"commentCount\":0,\"publisher\":{\"@id\":\"https:\\\/\\\/www.boxrepsol.com\\\/es\\\/#organization\"},\"image\":{\"@id\":\"https:\\\/\\\/www.boxrepsol.com\\\/es\\\/motogp\\\/jornada-productiva-jerez-pol-espargaro\\\/#primaryimage\"},\"thumbnailUrl\":\"https:\\\/\\\/bxrepsol.s3.eu-west-1.amazonaws.com\\\/static\\\/2022\\\/08\\\/09130640\\\/RD4_JerezTest_Espargaro_2021-05797.jpg\",\"keywords\":[\"Campeonato del Mundo de Motociclismo\",\"Marc M\u00e1rquez\"],\"articleSection\":[\"MotoGP\"],\"inLanguage\":\"es\",\"potentialAction\":[{\"@type\":\"CommentAction\",\"name\":\"Comment\",\"target\":[\"https:\\\/\\\/www.boxrepsol.com\\\/es\\\/motogp\\\/jornada-productiva-jerez-pol-espargaro\\\/#respond\"]}]},{\"@type\":\"WebPage\",\"@id\":\"https:\\\/\\\/www.boxrepsol.com\\\/es\\\/motogp\\\/jornada-productiva-jerez-pol-espargaro\\\/\",\"url\":\"https:\\\/\\\/www.boxrepsol.com\\\/es\\\/motogp\\\/jornada-productiva-jerez-pol-espargaro\\\/\",\"name\":\"Jornada productiva en Jerez para Pol Espargar\u00f3 - Box Repsol\",\"isPartOf\":{\"@id\":\"https:\\\/\\\/www.boxrepsol.com\\\/es\\\/#website\"},\"primaryImageOfPage\":{\"@id\":\"https:\\\/\\\/www.boxrepsol.com\\\/es\\\/motogp\\\/jornada-productiva-jerez-pol-espargaro\\\/#primaryimage\"},\"image\":{\"@id\":\"https:\\\/\\\/www.boxrepsol.com\\\/es\\\/motogp\\\/jornada-productiva-jerez-pol-espargaro\\\/#primaryimage\"},\"thumbnailUrl\":\"https:\\\/\\\/bxrepsol.s3.eu-west-1.amazonaws.com\\\/static\\\/2022\\\/08\\\/09130640\\\/RD4_JerezTest_Espargaro_2021-05797.jpg\",\"datePublished\":\"2021-05-04T02:00:00+00:00\",\"dateModified\":\"2024-04-12T18:24:26+00:00\",\"description\":\"El primer test de la temporada de 2021 ha sido positivo para Pol Espargar\u00f3, Marc M\u00e1rquez ha finalizado antes la jornada para centrarse en su estado f\u00edsico.\",\"breadcrumb\":{\"@id\":\"https:\\\/\\\/www.boxrepsol.com\\\/es\\\/motogp\\\/jornada-productiva-jerez-pol-espargaro\\\/#breadcrumb\"},\"inLanguage\":\"es\",\"potentialAction\":[{\"@type\":\"ReadAction\",\"target\":[\"https:\\\/\\\/www.boxrepsol.com\\\/es\\\/motogp\\\/jornada-productiva-jerez-pol-espargaro\\\/\"]}]},{\"@type\":\"ImageObject\",\"inLanguage\":\"es\",\"@id\":\"https:\\\/\\\/www.boxrepsol.com\\\/es\\\/motogp\\\/jornada-productiva-jerez-pol-espargaro\\\/#primaryimage\",\"url\":\"https:\\\/\\\/bxrepsol.s3.eu-west-1.amazonaws.com\\\/static\\\/2022\\\/08\\\/09130640\\\/RD4_JerezTest_Espargaro_2021-05797.jpg\",\"contentUrl\":\"https:\\\/\\\/bxrepsol.s3.eu-west-1.amazonaws.com\\\/static\\\/2022\\\/08\\\/09130640\\\/RD4_JerezTest_Espargaro_2021-05797.jpg\",\"width\":1280,\"height\":720,\"caption\":\"Pol Espargar\u00f3 rodando en Jerez\"},{\"@type\":\"BreadcrumbList\",\"@id\":\"https:\\\/\\\/www.boxrepsol.com\\\/es\\\/motogp\\\/jornada-productiva-jerez-pol-espargaro\\\/#breadcrumb\",\"itemListElement\":[{\"@type\":\"ListItem\",\"position\":1,\"name\":\"Home\",\"item\":\"https:\\\/\\\/www.boxrepsol.com\\\/es\\\/\"},{\"@type\":\"ListItem\",\"position\":2,\"name\":\"Jornada productiva en Jerez para Pol Espargar\u00f3\"}]},{\"@type\":\"WebSite\",\"@id\":\"https:\\\/\\\/www.boxrepsol.com\\\/es\\\/#website\",\"url\":\"https:\\\/\\\/www.boxrepsol.com\\\/es\\\/\",\"name\":\"Box Repsol\",\"description\":\"Box Repsol Site\",\"publisher\":{\"@id\":\"https:\\\/\\\/www.boxrepsol.com\\\/es\\\/#organization\"},\"potentialAction\":[{\"@type\":\"SearchAction\",\"target\":{\"@type\":\"EntryPoint\",\"urlTemplate\":\"https:\\\/\\\/www.boxrepsol.com\\\/es\\\/?s={search_term_string}\"},\"query-input\":{\"@type\":\"PropertyValueSpecification\",\"valueRequired\":true,\"valueName\":\"search_term_string\"}}],\"inLanguage\":\"es\"},{\"@type\":\"Organization\",\"@id\":\"https:\\\/\\\/www.boxrepsol.com\\\/es\\\/#organization\",\"name\":\"Box Repsol\",\"url\":\"https:\\\/\\\/www.boxrepsol.com\\\/es\\\/\",\"logo\":{\"@type\":\"ImageObject\",\"inLanguage\":\"es\",\"@id\":\"https:\\\/\\\/www.boxrepsol.com\\\/es\\\/#\\\/schema\\\/logo\\\/image\\\/\",\"url\":\"https:\\\/\\\/bxrepsol.s3.eu-west-1.amazonaws.com\\\/static\\\/2025\\\/07\\\/30083337\\\/favicon-96x96-1.png\",\"contentUrl\":\"https:\\\/\\\/bxrepsol.s3.eu-west-1.amazonaws.com\\\/static\\\/2025\\\/07\\\/30083337\\\/favicon-96x96-1.png\",\"width\":96,\"height\":96,\"caption\":\"Box Repsol\"},\"image\":{\"@id\":\"https:\\\/\\\/www.boxrepsol.com\\\/es\\\/#\\\/schema\\\/logo\\\/image\\\/\"},\"sameAs\":[\"https:\\\/\\\/www.facebook.com\\\/BoxRepsol\",\"https:\\\/\\\/x.com\\\/box_repsol\",\"http:\\\/\\\/instagram.com\\\/box_repsol\",\"https:\\\/\\\/www.youtube.com\\\/user\\\/RepsolCompeticion\",\"https:\\\/\\\/www.flickr.com\\\/photos\\\/box_repsol\\\/\"]},{\"@type\":\"Person\",\"@id\":\"https:\\\/\\\/www.boxrepsol.com\\\/es\\\/#\\\/schema\\\/person\\\/c5c2138f2cca251b0ad92b7086bb60b7\",\"name\":\"Redacci\u00f3n Box Repsol\",\"image\":{\"@type\":\"ImageObject\",\"inLanguage\":\"es\",\"@id\":\"https:\\\/\\\/secure.gravatar.com\\\/avatar\\\/adf7b77e38b4419baf32c7e9c21dde01f4e40df611f0978e3006fc4ba0aaab7e?s=96&d=mm&r=g\",\"url\":\"https:\\\/\\\/secure.gravatar.com\\\/avatar\\\/adf7b77e38b4419baf32c7e9c21dde01f4e40df611f0978e3006fc4ba0aaab7e?s=96&d=mm&r=g\",\"contentUrl\":\"https:\\\/\\\/secure.gravatar.com\\\/avatar\\\/adf7b77e38b4419baf32c7e9c21dde01f4e40df611f0978e3006fc4ba0aaab7e?s=96&d=mm&r=g\",\"caption\":\"Redacci\u00f3n Box Repsol\"},\"description\":\"Box Repsol lo forma un equipo de periodistas, community managers, dise\u00f1adores y fot\u00f3grafos con m\u00e1s de 20 a\u00f1os de experiencia en el mundo del motorsport. Hemos vivido el primer mundial de un espa\u00f1ol en la categor\u00eda reina de motociclismo con \u00c1lex Crivill\u00e9, estuvimos en las victorias de Pedrosa y los t\u00edtulos de M\u00e1rquez, acompa\u00f1amos en \u00c1frica a Nani Roma y Marc Coma en sus conquistas del Dakar y hemos vibrado con los t\u00edtulos de Toni Bou en Trial. Adem\u00e1s, en nuestro equipo contamos con expertos en el mundo de las dos y cuatro ruedas tanto de la calle y las carreteras, como de los circuitos. Periodistas que han trabajado en revistas y publicaciones para hacerte llegar desde rutas y consejos de mantenimiento, a curiosidades y trucos de pilotaje.\",\"sameAs\":[\"https:\\\/\\\/www.facebook.com\\\/BoxRepsol\\\/\",\"https:\\\/\\\/www.instagram.com\\\/box_repsol\\\/\",\"https:\\\/\\\/x.com\\\/https:\\\/\\\/twitter.com\\\/box_repsol\",\"https:\\\/\\\/www.youtube.com\\\/@Boxrepsol\"],\"url\":\"https:\\\/\\\/www.boxrepsol.com\\\/es\\\/author\\\/redaccion-box-repsol\\\/\"}]}<\/script>\n<!-- \/ Yoast SEO plugin. -->","yoast_head_json":{"title":"Jornada productiva en Jerez para Pol Espargar\u00f3 - Box Repsol","description":"El primer test de la temporada de 2021 ha sido positivo para Pol Espargar\u00f3, Marc M\u00e1rquez ha finalizado antes la jornada para centrarse en su estado f\u00edsico.","canonical":"https:\/\/www.boxrepsol.com\/es\/motogp\/jornada-productiva-jerez-pol-espargaro\/","og_locale":"es_ES","og_type":"article","og_title":"Jornada productiva en Jerez para Pol Espargar\u00f3 - Box Repsol","og_description":"El primer test de la temporada de 2021 ha sido positivo para Pol Espargar\u00f3, Marc M\u00e1rquez ha finalizado antes la jornada para centrarse en su estado f\u00edsico.","og_url":"https:\/\/www.boxrepsol.com\/es\/motogp\/jornada-productiva-jerez-pol-espargaro\/","og_site_name":"Box Repsol","article_publisher":"https:\/\/www.facebook.com\/BoxRepsol","article_author":"https:\/\/www.facebook.com\/BoxRepsol\/","article_published_time":"2021-05-04T02:00:00+00:00","article_modified_time":"2024-04-12T18:24:26+00:00","og_image":[{"width":1280,"height":720,"url":"https:\/\/bxrepsol.s3.eu-west-1.amazonaws.com\/static\/2022\/08\/09130640\/RD4_JerezTest_Espargaro_2021-05797.jpg","type":"image\/jpeg"}],"author":"Redacci\u00f3n Box Repsol","twitter_card":"summary_large_image","twitter_creator":"@https:\/\/twitter.com\/box_repsol","twitter_site":"@box_repsol","twitter_misc":{"Written by":"Redacci\u00f3n Box Repsol","Est. reading time":"2 minutos"},"schema":{"@context":"https:\/\/schema.org","@graph":[{"@type":"Article","@id":"https:\/\/www.boxrepsol.com\/es\/motogp\/jornada-productiva-jerez-pol-espargaro\/#article","isPartOf":{"@id":"https:\/\/www.boxrepsol.com\/es\/motogp\/jornada-productiva-jerez-pol-espargaro\/"},"author":{"name":"Redacci\u00f3n Box Repsol","@id":"https:\/\/www.boxrepsol.com\/es\/#\/schema\/person\/c5c2138f2cca251b0ad92b7086bb60b7"},"headline":"Jornada productiva en Jerez para Pol Espargar\u00f3","datePublished":"2021-05-04T02:00:00+00:00","dateModified":"2024-04-12T18:24:26+00:00","mainEntityOfPage":{"@id":"https:\/\/www.boxrepsol.com\/es\/motogp\/jornada-productiva-jerez-pol-espargaro\/"},"wordCount":476,"commentCount":0,"publisher":{"@id":"https:\/\/www.boxrepsol.com\/es\/#organization"},"image":{"@id":"https:\/\/www.boxrepsol.com\/es\/motogp\/jornada-productiva-jerez-pol-espargaro\/#primaryimage"},"thumbnailUrl":"https:\/\/bxrepsol.s3.eu-west-1.amazonaws.com\/static\/2022\/08\/09130640\/RD4_JerezTest_Espargaro_2021-05797.jpg","keywords":["Campeonato del Mundo de Motociclismo","Marc M\u00e1rquez"],"articleSection":["MotoGP"],"inLanguage":"es","potentialAction":[{"@type":"CommentAction","name":"Comment","target":["https:\/\/www.boxrepsol.com\/es\/motogp\/jornada-productiva-jerez-pol-espargaro\/#respond"]}]},{"@type":"WebPage","@id":"https:\/\/www.boxrepsol.com\/es\/motogp\/jornada-productiva-jerez-pol-espargaro\/","url":"https:\/\/www.boxrepsol.com\/es\/motogp\/jornada-productiva-jerez-pol-espargaro\/","name":"Jornada productiva en Jerez para Pol Espargar\u00f3 - Box Repsol","isPartOf":{"@id":"https:\/\/www.boxrepsol.com\/es\/#website"},"primaryImageOfPage":{"@id":"https:\/\/www.boxrepsol.com\/es\/motogp\/jornada-productiva-jerez-pol-espargaro\/#primaryimage"},"image":{"@id":"https:\/\/www.boxrepsol.com\/es\/motogp\/jornada-productiva-jerez-pol-espargaro\/#primaryimage"},"thumbnailUrl":"https:\/\/bxrepsol.s3.eu-west-1.amazonaws.com\/static\/2022\/08\/09130640\/RD4_JerezTest_Espargaro_2021-05797.jpg","datePublished":"2021-05-04T02:00:00+00:00","dateModified":"2024-04-12T18:24:26+00:00","description":"El primer test de la temporada de 2021 ha sido positivo para Pol Espargar\u00f3, Marc M\u00e1rquez ha finalizado antes la jornada para centrarse en su estado f\u00edsico.","breadcrumb":{"@id":"https:\/\/www.boxrepsol.com\/es\/motogp\/jornada-productiva-jerez-pol-espargaro\/#breadcrumb"},"inLanguage":"es","potentialAction":[{"@type":"ReadAction","target":["https:\/\/www.boxrepsol.com\/es\/motogp\/jornada-productiva-jerez-pol-espargaro\/"]}]},{"@type":"ImageObject","inLanguage":"es","@id":"https:\/\/www.boxrepsol.com\/es\/motogp\/jornada-productiva-jerez-pol-espargaro\/#primaryimage","url":"https:\/\/bxrepsol.s3.eu-west-1.amazonaws.com\/static\/2022\/08\/09130640\/RD4_JerezTest_Espargaro_2021-05797.jpg","contentUrl":"https:\/\/bxrepsol.s3.eu-west-1.amazonaws.com\/static\/2022\/08\/09130640\/RD4_JerezTest_Espargaro_2021-05797.jpg","width":1280,"height":720,"caption":"Pol Espargar\u00f3 rodando en Jerez"},{"@type":"BreadcrumbList","@id":"https:\/\/www.boxrepsol.com\/es\/motogp\/jornada-productiva-jerez-pol-espargaro\/#breadcrumb","itemListElement":[{"@type":"ListItem","position":1,"name":"Home","item":"https:\/\/www.boxrepsol.com\/es\/"},{"@type":"ListItem","position":2,"name":"Jornada productiva en Jerez para Pol Espargar\u00f3"}]},{"@type":"WebSite","@id":"https:\/\/www.boxrepsol.com\/es\/#website","url":"https:\/\/www.boxrepsol.com\/es\/","name":"Box Repsol","description":"Box Repsol Site","publisher":{"@id":"https:\/\/www.boxrepsol.com\/es\/#organization"},"potentialAction":[{"@type":"SearchAction","target":{"@type":"EntryPoint","urlTemplate":"https:\/\/www.boxrepsol.com\/es\/?s={search_term_string}"},"query-input":{"@type":"PropertyValueSpecification","valueRequired":true,"valueName":"search_term_string"}}],"inLanguage":"es"},{"@type":"Organization","@id":"https:\/\/www.boxrepsol.com\/es\/#organization","name":"Box Repsol","url":"https:\/\/www.boxrepsol.com\/es\/","logo":{"@type":"ImageObject","inLanguage":"es","@id":"https:\/\/www.boxrepsol.com\/es\/#\/schema\/logo\/image\/","url":"https:\/\/bxrepsol.s3.eu-west-1.amazonaws.com\/static\/2025\/07\/30083337\/favicon-96x96-1.png","contentUrl":"https:\/\/bxrepsol.s3.eu-west-1.amazonaws.com\/static\/2025\/07\/30083337\/favicon-96x96-1.png","width":96,"height":96,"caption":"Box Repsol"},"image":{"@id":"https:\/\/www.boxrepsol.com\/es\/#\/schema\/logo\/image\/"},"sameAs":["https:\/\/www.facebook.com\/BoxRepsol","https:\/\/x.com\/box_repsol","http:\/\/instagram.com\/box_repsol","https:\/\/www.youtube.com\/user\/RepsolCompeticion","https:\/\/www.flickr.com\/photos\/box_repsol\/"]},{"@type":"Person","@id":"https:\/\/www.boxrepsol.com\/es\/#\/schema\/person\/c5c2138f2cca251b0ad92b7086bb60b7","name":"Redacci\u00f3n Box Repsol","image":{"@type":"ImageObject","inLanguage":"es","@id":"https:\/\/secure.gravatar.com\/avatar\/adf7b77e38b4419baf32c7e9c21dde01f4e40df611f0978e3006fc4ba0aaab7e?s=96&d=mm&r=g","url":"https:\/\/secure.gravatar.com\/avatar\/adf7b77e38b4419baf32c7e9c21dde01f4e40df611f0978e3006fc4ba0aaab7e?s=96&d=mm&r=g","contentUrl":"https:\/\/secure.gravatar.com\/avatar\/adf7b77e38b4419baf32c7e9c21dde01f4e40df611f0978e3006fc4ba0aaab7e?s=96&d=mm&r=g","caption":"Redacci\u00f3n Box Repsol"},"description":"Box Repsol lo forma un equipo de periodistas, community managers, dise\u00f1adores y fot\u00f3grafos con m\u00e1s de 20 a\u00f1os de experiencia en el mundo del motorsport. Hemos vivido el primer mundial de un espa\u00f1ol en la categor\u00eda reina de motociclismo con \u00c1lex Crivill\u00e9, estuvimos en las victorias de Pedrosa y los t\u00edtulos de M\u00e1rquez, acompa\u00f1amos en \u00c1frica a Nani Roma y Marc Coma en sus conquistas del Dakar y hemos vibrado con los t\u00edtulos de Toni Bou en Trial. Adem\u00e1s, en nuestro equipo contamos con expertos en el mundo de las dos y cuatro ruedas tanto de la calle y las carreteras, como de los circuitos. Periodistas que han trabajado en revistas y publicaciones para hacerte llegar desde rutas y consejos de mantenimiento, a curiosidades y trucos de pilotaje.","sameAs":["https:\/\/www.facebook.com\/BoxRepsol\/","https:\/\/www.instagram.com\/box_repsol\/","https:\/\/x.com\/https:\/\/twitter.com\/box_repsol","https:\/\/www.youtube.com\/@Boxrepsol"],"url":"https:\/\/www.boxrepsol.com\/es\/author\/redaccion-box-repsol\/"}]}},"_links":{"self":[{"href":"https:\/\/www.boxrepsol.com\/es\/wp-json\/wp\/v2\/posts\/94939","targetHints":{"allow":["GET"]}}],"collection":[{"href":"https:\/\/www.boxrepsol.com\/es\/wp-json\/wp\/v2\/posts"}],"about":[{"href":"https:\/\/www.boxrepsol.com\/es\/wp-json\/wp\/v2\/types\/post"}],"author":[{"embeddable":true,"href":"https:\/\/www.boxrepsol.com\/es\/wp-json\/wp\/v2\/users\/43146"}],"replies":[{"embeddable":true,"href":"https:\/\/www.boxrepsol.com\/es\/wp-json\/wp\/v2\/comments?post=94939"}],"version-history":[{"count":2,"href":"https:\/\/www.boxrepsol.com\/es\/wp-json\/wp\/v2\/posts\/94939\/revisions"}],"predecessor-version":[{"id":103760,"href":"https:\/\/www.boxrepsol.com\/es\/wp-json\/wp\/v2\/posts\/94939\/revisions\/103760"}],"wp:featuredmedia":[{"embeddable":true,"href":"https:\/\/www.boxrepsol.com\/es\/wp-json\/wp\/v2\/media\/42949"}],"wp:attachment":[{"href":"https:\/\/www.boxrepsol.com\/es\/wp-json\/wp\/v2\/media?parent=94939"}],"wp:term":[{"taxonomy":"category","embeddable":true,"href":"https:\/\/www.boxrepsol.com\/es\/wp-json\/wp\/v2\/categories?post=94939"},{"taxonomy":"post_tag","embeddable":true,"href":"https:\/\/www.boxrepsol.com\/es\/wp-json\/wp\/v2\/tags?post=94939"}],"curies":[{"name":"wp","href":"https:\/\/api.w.org\/{rel}","templated":true}]}}