{"id":94931,"date":"2021-04-30T00:00:00","date_gmt":"2021-04-30T02:00:00","guid":{"rendered":"http:\/\/pre.boxrepsol.com\/sin-categorizar\/jerez-2021\/"},"modified":"2024-04-12T16:26:51","modified_gmt":"2024-04-12T18:26:51","slug":"jerez-2021","status":"publish","type":"post","link":"https:\/\/www.boxrepsol.com\/es\/motogp\/jerez-2021\/","title":{"rendered":"Primera toma de contacto del equipo Repsol Honda con el circuito de Jerez"},"content":{"rendered":"\n<p>El ocho veces Campe\u00f3n del Mundo ha empezado su segundo Gran Premio de la temporada completando los dos primeros entrenamientos libres. Por la ma\u00f1ana, Marc se ha mostrado muy competitivo, manteniendo un buen ritmo durante toda la sesi\u00f3n en la que ha marcado el tercer mejor tiempo, a poco m\u00e1s de dos d\u00e9cimas del mejor clasificado.<\/p>\n\n\n\n<p>Por la tarde, en el segundo entrenamiento libre, M\u00e1rquez no ha podido mejorar su ritmo y ha finalizado la jornada en decimosexta posici\u00f3n -con un mejor registro de 1 minuto, 38 segundos y 295 mil\u00e9simas-, qued\u00e1ndose a poco m\u00e1s de un segundo de la cabeza.<\/p>\n\n\n\n<p>Pol Espargar\u00f3 ha realizado dos sesiones parecidas a las de su compa\u00f1ero de equipo. Espargar\u00f3 se ha quedado a tan s\u00f3lo 420 mil\u00e9simas del mejor tiempo de la ma\u00f1ana, terminando en la octava posici\u00f3n.<\/p>\n\n\n\n<p>En el segundo entrenamiento libre del d\u00eda, Pol ha registrado un mejor tiempo de 1 minuto, 38 segundos y 115 mil\u00e9simas, completando la primera jornada del Gran Premio de Espa\u00f1a en decimocuarta posici\u00f3n.<\/p>\n\n\n\n<figure class=\"wp-block-image size-large\"><img loading=\"lazy\" decoding=\"async\" width=\"1024\" height=\"576\" src=\"https:\/\/bxrepsol.s3.eu-west-1.amazonaws.com\/static\/2022\/08\/09130059\/espargaro_catar_2021-1024x576.jpg\" alt=\"espargaro_catar_2021\" class=\"wp-image-42611\" srcset=\"https:\/\/bxrepsol.s3.eu-west-1.amazonaws.com\/static\/2022\/08\/09130059\/espargaro_catar_2021-1024x576.jpg 1024w, https:\/\/bxrepsol.s3.eu-west-1.amazonaws.com\/static\/2022\/08\/09130059\/espargaro_catar_2021-300x169.jpg 300w, https:\/\/bxrepsol.s3.eu-west-1.amazonaws.com\/static\/2022\/08\/09130059\/espargaro_catar_2021-768x432.jpg 768w, https:\/\/bxrepsol.s3.eu-west-1.amazonaws.com\/static\/2022\/08\/09130059\/espargaro_catar_2021.jpg 1280w\" sizes=\"auto, (max-width: 1024px) 100vw, 1024px\" \/><\/figure>\n\n\n\n<h2 class=\"wp-block-heading\">Declaraciones de los pilotos<\/h2>\n\n\n\n<p><a href=\"https:\/\/twitter.com\/hashtag\/MM93?src=hash&amp;lang=es\">#MM93<\/a><\/p>\n\n\n\n<p><em>\u00abEl enfoque del fin de semana es un poco diferente al de Portimao, nuestro objetivo es mantener nuestra condici\u00f3n f\u00edsica m\u00e1s constante durante todo el fin de semana, por lo que no hemos forzado tanto hoy. Ma\u00f1ana es el momento de presionar y en general, me siento bastante bien con la moto, estoy contento de la posici\u00f3n en la que estamos en este momento. Todav\u00eda hay algo de trabajo que hacer en el aspecto f\u00edsico; mi posici\u00f3n en la moto a\u00fan no es perfecta, pero podemos presionar cuando lo necesitamos. Seguimos trabajando en todo y mejorando paso a paso\u00bb.<br><\/em><\/p>\n\n\n\n<hr class=\"wp-block-separator has-alpha-channel-opacity\"\/>\n\n\n\n<p><a href=\"https:\/\/twitter.com\/hashtag\/POL44?src=hash&amp;lang=es\">#POL44<\/a><\/p>\n\n\n\n<p><em>\u00abAl final del d\u00eda no hemos podido aprovechar al m\u00e1ximo el neum\u00e1tico nuevo, por lo que nuestra posici\u00f3n es un poco m\u00e1s retrasada de lo que podr\u00eda haber sido. Pero hemos estado trabajando mucho para entender los l\u00edmites de la moto y d\u00f3nde podemos presionar. Ya nos sentimos mejor con la moto que en Portimao y creo que podemos lograr algo interesante el s\u00e1bado. El objetivo es la Q2, pero nuestro ritmo de carrera no est\u00e1 tan mal. Es bueno estar en una pista tan familiar con condiciones m\u00e1s consistentes\u00bb.<br><\/em><\/p>\n","protected":false},"excerpt":{"rendered":"<p>Pol Espargar\u00f3 y Marc M\u00e1rquez han completado hoy la primera jornada de entrenamientos libres en el Circuito de Jerez \u00c1ngel Nieto, finalizando en decimocuarta y decimosexta posici\u00f3n, respectivamente.<\/p>\n","protected":false},"author":43146,"featured_media":42929,"comment_status":"open","ping_status":"open","sticky":false,"template":"","format":"standard","meta":{"footnotes":""},"categories":[4],"tags":[194,136,154],"class_list":["post-94931","post","type-post","status-publish","format-standard","hentry","category-motogp","tag-194","tag-campeonato-del-mundo-de-motociclismo","tag-motogp-espana"],"yoast_head":"<!-- This site is optimized with the Yoast SEO plugin v27.3 - https:\/\/yoast.com\/product\/yoast-seo-wordpress\/ -->\n<title>Primera toma de contacto del equipo Repsol Honda con el circuito de Jerez - Box Repsol<\/title>\n<meta name=\"description\" content=\"Pol Espargar\u00f3 y Marc M\u00e1rquez han completado hoy la primera jornada de entrenamientos libres en Jerez, finalizando en 14\u00aa y 16\u00aa posici\u00f3n, respectivamente.\" \/>\n<link rel=\"canonical\" href=\"https:\/\/www.boxrepsol.com\/es\/motogp\/jerez-2021\/\" \/>\n<meta property=\"og:locale\" content=\"es_ES\" \/>\n<meta property=\"og:type\" content=\"article\" \/>\n<meta property=\"og:title\" content=\"Primera toma de contacto del equipo Repsol Honda con el circuito de Jerez - Box Repsol\" \/>\n<meta property=\"og:description\" content=\"Pol Espargar\u00f3 y Marc M\u00e1rquez han completado hoy la primera jornada de entrenamientos libres en Jerez, finalizando en 14\u00aa y 16\u00aa posici\u00f3n, respectivamente.\" \/>\n<meta property=\"og:url\" content=\"https:\/\/www.boxrepsol.com\/es\/motogp\/jerez-2021\/\" \/>\n<meta property=\"og:site_name\" content=\"Box Repsol\" \/>\n<meta property=\"article:publisher\" content=\"https:\/\/www.facebook.com\/BoxRepsol\" \/>\n<meta property=\"article:author\" content=\"https:\/\/www.facebook.com\/BoxRepsol\/\" \/>\n<meta property=\"article:published_time\" content=\"2021-04-30T02:00:00+00:00\" \/>\n<meta property=\"article:modified_time\" content=\"2024-04-12T18:26:51+00:00\" \/>\n<meta property=\"og:image\" content=\"https:\/\/bxrepsol.s3.eu-west-1.amazonaws.com\/static\/2022\/08\/09130628\/foto_Marc_Marquez_Jerez.jpg\" \/>\n\t<meta property=\"og:image:width\" content=\"1280\" \/>\n\t<meta property=\"og:image:height\" content=\"720\" \/>\n\t<meta property=\"og:image:type\" content=\"image\/jpeg\" \/>\n<meta name=\"author\" content=\"Redacci\u00f3n Box Repsol\" \/>\n<meta name=\"twitter:card\" content=\"summary_large_image\" \/>\n<meta name=\"twitter:creator\" content=\"@https:\/\/twitter.com\/box_repsol\" \/>\n<meta name=\"twitter:site\" content=\"@box_repsol\" \/>\n<meta name=\"twitter:label1\" content=\"Written by\" \/>\n\t<meta name=\"twitter:data1\" content=\"Redacci\u00f3n Box Repsol\" \/>\n\t<meta name=\"twitter:label2\" content=\"Est. reading time\" \/>\n\t<meta name=\"twitter:data2\" content=\"2 minutos\" \/>\n<script type=\"application\/ld+json\" class=\"yoast-schema-graph\">{\"@context\":\"https:\\\/\\\/schema.org\",\"@graph\":[{\"@type\":\"Article\",\"@id\":\"https:\\\/\\\/www.boxrepsol.com\\\/es\\\/motogp\\\/jerez-2021\\\/#article\",\"isPartOf\":{\"@id\":\"https:\\\/\\\/www.boxrepsol.com\\\/es\\\/motogp\\\/jerez-2021\\\/\"},\"author\":{\"name\":\"Redacci\u00f3n Box Repsol\",\"@id\":\"https:\\\/\\\/www.boxrepsol.com\\\/es\\\/#\\\/schema\\\/person\\\/c5c2138f2cca251b0ad92b7086bb60b7\"},\"headline\":\"Primera toma de contacto del equipo Repsol Honda con el circuito de Jerez\",\"datePublished\":\"2021-04-30T02:00:00+00:00\",\"dateModified\":\"2024-04-12T18:26:51+00:00\",\"mainEntityOfPage\":{\"@id\":\"https:\\\/\\\/www.boxrepsol.com\\\/es\\\/motogp\\\/jerez-2021\\\/\"},\"wordCount\":407,\"commentCount\":0,\"publisher\":{\"@id\":\"https:\\\/\\\/www.boxrepsol.com\\\/es\\\/#organization\"},\"image\":{\"@id\":\"https:\\\/\\\/www.boxrepsol.com\\\/es\\\/motogp\\\/jerez-2021\\\/#primaryimage\"},\"thumbnailUrl\":\"https:\\\/\\\/bxrepsol.s3.eu-west-1.amazonaws.com\\\/static\\\/2022\\\/08\\\/09130628\\\/foto_Marc_Marquez_Jerez.jpg\",\"keywords\":[\"2021\",\"Campeonato del Mundo de Motociclismo\",\"MotoGP Espa\u00f1a\"],\"articleSection\":[\"MotoGP\"],\"inLanguage\":\"es\",\"potentialAction\":[{\"@type\":\"CommentAction\",\"name\":\"Comment\",\"target\":[\"https:\\\/\\\/www.boxrepsol.com\\\/es\\\/motogp\\\/jerez-2021\\\/#respond\"]}]},{\"@type\":\"WebPage\",\"@id\":\"https:\\\/\\\/www.boxrepsol.com\\\/es\\\/motogp\\\/jerez-2021\\\/\",\"url\":\"https:\\\/\\\/www.boxrepsol.com\\\/es\\\/motogp\\\/jerez-2021\\\/\",\"name\":\"Primera toma de contacto del equipo Repsol Honda con el circuito de Jerez - Box Repsol\",\"isPartOf\":{\"@id\":\"https:\\\/\\\/www.boxrepsol.com\\\/es\\\/#website\"},\"primaryImageOfPage\":{\"@id\":\"https:\\\/\\\/www.boxrepsol.com\\\/es\\\/motogp\\\/jerez-2021\\\/#primaryimage\"},\"image\":{\"@id\":\"https:\\\/\\\/www.boxrepsol.com\\\/es\\\/motogp\\\/jerez-2021\\\/#primaryimage\"},\"thumbnailUrl\":\"https:\\\/\\\/bxrepsol.s3.eu-west-1.amazonaws.com\\\/static\\\/2022\\\/08\\\/09130628\\\/foto_Marc_Marquez_Jerez.jpg\",\"datePublished\":\"2021-04-30T02:00:00+00:00\",\"dateModified\":\"2024-04-12T18:26:51+00:00\",\"description\":\"Pol Espargar\u00f3 y Marc M\u00e1rquez han completado hoy la primera jornada de entrenamientos libres en Jerez, finalizando en 14\u00aa y 16\u00aa posici\u00f3n, respectivamente.\",\"breadcrumb\":{\"@id\":\"https:\\\/\\\/www.boxrepsol.com\\\/es\\\/motogp\\\/jerez-2021\\\/#breadcrumb\"},\"inLanguage\":\"es\",\"potentialAction\":[{\"@type\":\"ReadAction\",\"target\":[\"https:\\\/\\\/www.boxrepsol.com\\\/es\\\/motogp\\\/jerez-2021\\\/\"]}]},{\"@type\":\"ImageObject\",\"inLanguage\":\"es\",\"@id\":\"https:\\\/\\\/www.boxrepsol.com\\\/es\\\/motogp\\\/jerez-2021\\\/#primaryimage\",\"url\":\"https:\\\/\\\/bxrepsol.s3.eu-west-1.amazonaws.com\\\/static\\\/2022\\\/08\\\/09130628\\\/foto_Marc_Marquez_Jerez.jpg\",\"contentUrl\":\"https:\\\/\\\/bxrepsol.s3.eu-west-1.amazonaws.com\\\/static\\\/2022\\\/08\\\/09130628\\\/foto_Marc_Marquez_Jerez.jpg\",\"width\":1280,\"height\":720,\"caption\":\"foto_Marc_Marquez_Jerez\"},{\"@type\":\"BreadcrumbList\",\"@id\":\"https:\\\/\\\/www.boxrepsol.com\\\/es\\\/motogp\\\/jerez-2021\\\/#breadcrumb\",\"itemListElement\":[{\"@type\":\"ListItem\",\"position\":1,\"name\":\"Home\",\"item\":\"https:\\\/\\\/www.boxrepsol.com\\\/es\\\/\"},{\"@type\":\"ListItem\",\"position\":2,\"name\":\"Primera toma de contacto del equipo Repsol Honda con el circuito de Jerez\"}]},{\"@type\":\"WebSite\",\"@id\":\"https:\\\/\\\/www.boxrepsol.com\\\/es\\\/#website\",\"url\":\"https:\\\/\\\/www.boxrepsol.com\\\/es\\\/\",\"name\":\"Box Repsol\",\"description\":\"Box Repsol Site\",\"publisher\":{\"@id\":\"https:\\\/\\\/www.boxrepsol.com\\\/es\\\/#organization\"},\"potentialAction\":[{\"@type\":\"SearchAction\",\"target\":{\"@type\":\"EntryPoint\",\"urlTemplate\":\"https:\\\/\\\/www.boxrepsol.com\\\/es\\\/?s={search_term_string}\"},\"query-input\":{\"@type\":\"PropertyValueSpecification\",\"valueRequired\":true,\"valueName\":\"search_term_string\"}}],\"inLanguage\":\"es\"},{\"@type\":\"Organization\",\"@id\":\"https:\\\/\\\/www.boxrepsol.com\\\/es\\\/#organization\",\"name\":\"Box Repsol\",\"url\":\"https:\\\/\\\/www.boxrepsol.com\\\/es\\\/\",\"logo\":{\"@type\":\"ImageObject\",\"inLanguage\":\"es\",\"@id\":\"https:\\\/\\\/www.boxrepsol.com\\\/es\\\/#\\\/schema\\\/logo\\\/image\\\/\",\"url\":\"https:\\\/\\\/bxrepsol.s3.eu-west-1.amazonaws.com\\\/static\\\/2025\\\/07\\\/30083337\\\/favicon-96x96-1.png\",\"contentUrl\":\"https:\\\/\\\/bxrepsol.s3.eu-west-1.amazonaws.com\\\/static\\\/2025\\\/07\\\/30083337\\\/favicon-96x96-1.png\",\"width\":96,\"height\":96,\"caption\":\"Box Repsol\"},\"image\":{\"@id\":\"https:\\\/\\\/www.boxrepsol.com\\\/es\\\/#\\\/schema\\\/logo\\\/image\\\/\"},\"sameAs\":[\"https:\\\/\\\/www.facebook.com\\\/BoxRepsol\",\"https:\\\/\\\/x.com\\\/box_repsol\",\"http:\\\/\\\/instagram.com\\\/box_repsol\",\"https:\\\/\\\/www.youtube.com\\\/user\\\/RepsolCompeticion\",\"https:\\\/\\\/www.flickr.com\\\/photos\\\/box_repsol\\\/\"]},{\"@type\":\"Person\",\"@id\":\"https:\\\/\\\/www.boxrepsol.com\\\/es\\\/#\\\/schema\\\/person\\\/c5c2138f2cca251b0ad92b7086bb60b7\",\"name\":\"Redacci\u00f3n Box Repsol\",\"image\":{\"@type\":\"ImageObject\",\"inLanguage\":\"es\",\"@id\":\"https:\\\/\\\/secure.gravatar.com\\\/avatar\\\/adf7b77e38b4419baf32c7e9c21dde01f4e40df611f0978e3006fc4ba0aaab7e?s=96&d=mm&r=g\",\"url\":\"https:\\\/\\\/secure.gravatar.com\\\/avatar\\\/adf7b77e38b4419baf32c7e9c21dde01f4e40df611f0978e3006fc4ba0aaab7e?s=96&d=mm&r=g\",\"contentUrl\":\"https:\\\/\\\/secure.gravatar.com\\\/avatar\\\/adf7b77e38b4419baf32c7e9c21dde01f4e40df611f0978e3006fc4ba0aaab7e?s=96&d=mm&r=g\",\"caption\":\"Redacci\u00f3n Box Repsol\"},\"description\":\"Box Repsol lo forma un equipo de periodistas, community managers, dise\u00f1adores y fot\u00f3grafos con m\u00e1s de 20 a\u00f1os de experiencia en el mundo del motorsport. Hemos vivido el primer mundial de un espa\u00f1ol en la categor\u00eda reina de motociclismo con \u00c1lex Crivill\u00e9, estuvimos en las victorias de Pedrosa y los t\u00edtulos de M\u00e1rquez, acompa\u00f1amos en \u00c1frica a Nani Roma y Marc Coma en sus conquistas del Dakar y hemos vibrado con los t\u00edtulos de Toni Bou en Trial. Adem\u00e1s, en nuestro equipo contamos con expertos en el mundo de las dos y cuatro ruedas tanto de la calle y las carreteras, como de los circuitos. Periodistas que han trabajado en revistas y publicaciones para hacerte llegar desde rutas y consejos de mantenimiento, a curiosidades y trucos de pilotaje.\",\"sameAs\":[\"https:\\\/\\\/www.facebook.com\\\/BoxRepsol\\\/\",\"https:\\\/\\\/www.instagram.com\\\/box_repsol\\\/\",\"https:\\\/\\\/x.com\\\/https:\\\/\\\/twitter.com\\\/box_repsol\",\"https:\\\/\\\/www.youtube.com\\\/@Boxrepsol\"],\"url\":\"https:\\\/\\\/www.boxrepsol.com\\\/es\\\/author\\\/redaccion-box-repsol\\\/\"}]}<\/script>\n<!-- \/ Yoast SEO plugin. -->","yoast_head_json":{"title":"Primera toma de contacto del equipo Repsol Honda con el circuito de Jerez - Box Repsol","description":"Pol Espargar\u00f3 y Marc M\u00e1rquez han completado hoy la primera jornada de entrenamientos libres en Jerez, finalizando en 14\u00aa y 16\u00aa posici\u00f3n, respectivamente.","canonical":"https:\/\/www.boxrepsol.com\/es\/motogp\/jerez-2021\/","og_locale":"es_ES","og_type":"article","og_title":"Primera toma de contacto del equipo Repsol Honda con el circuito de Jerez - Box Repsol","og_description":"Pol Espargar\u00f3 y Marc M\u00e1rquez han completado hoy la primera jornada de entrenamientos libres en Jerez, finalizando en 14\u00aa y 16\u00aa posici\u00f3n, respectivamente.","og_url":"https:\/\/www.boxrepsol.com\/es\/motogp\/jerez-2021\/","og_site_name":"Box Repsol","article_publisher":"https:\/\/www.facebook.com\/BoxRepsol","article_author":"https:\/\/www.facebook.com\/BoxRepsol\/","article_published_time":"2021-04-30T02:00:00+00:00","article_modified_time":"2024-04-12T18:26:51+00:00","og_image":[{"width":1280,"height":720,"url":"https:\/\/bxrepsol.s3.eu-west-1.amazonaws.com\/static\/2022\/08\/09130628\/foto_Marc_Marquez_Jerez.jpg","type":"image\/jpeg"}],"author":"Redacci\u00f3n Box Repsol","twitter_card":"summary_large_image","twitter_creator":"@https:\/\/twitter.com\/box_repsol","twitter_site":"@box_repsol","twitter_misc":{"Written by":"Redacci\u00f3n Box Repsol","Est. reading time":"2 minutos"},"schema":{"@context":"https:\/\/schema.org","@graph":[{"@type":"Article","@id":"https:\/\/www.boxrepsol.com\/es\/motogp\/jerez-2021\/#article","isPartOf":{"@id":"https:\/\/www.boxrepsol.com\/es\/motogp\/jerez-2021\/"},"author":{"name":"Redacci\u00f3n Box Repsol","@id":"https:\/\/www.boxrepsol.com\/es\/#\/schema\/person\/c5c2138f2cca251b0ad92b7086bb60b7"},"headline":"Primera toma de contacto del equipo Repsol Honda con el circuito de Jerez","datePublished":"2021-04-30T02:00:00+00:00","dateModified":"2024-04-12T18:26:51+00:00","mainEntityOfPage":{"@id":"https:\/\/www.boxrepsol.com\/es\/motogp\/jerez-2021\/"},"wordCount":407,"commentCount":0,"publisher":{"@id":"https:\/\/www.boxrepsol.com\/es\/#organization"},"image":{"@id":"https:\/\/www.boxrepsol.com\/es\/motogp\/jerez-2021\/#primaryimage"},"thumbnailUrl":"https:\/\/bxrepsol.s3.eu-west-1.amazonaws.com\/static\/2022\/08\/09130628\/foto_Marc_Marquez_Jerez.jpg","keywords":["2021","Campeonato del Mundo de Motociclismo","MotoGP Espa\u00f1a"],"articleSection":["MotoGP"],"inLanguage":"es","potentialAction":[{"@type":"CommentAction","name":"Comment","target":["https:\/\/www.boxrepsol.com\/es\/motogp\/jerez-2021\/#respond"]}]},{"@type":"WebPage","@id":"https:\/\/www.boxrepsol.com\/es\/motogp\/jerez-2021\/","url":"https:\/\/www.boxrepsol.com\/es\/motogp\/jerez-2021\/","name":"Primera toma de contacto del equipo Repsol Honda con el circuito de Jerez - Box Repsol","isPartOf":{"@id":"https:\/\/www.boxrepsol.com\/es\/#website"},"primaryImageOfPage":{"@id":"https:\/\/www.boxrepsol.com\/es\/motogp\/jerez-2021\/#primaryimage"},"image":{"@id":"https:\/\/www.boxrepsol.com\/es\/motogp\/jerez-2021\/#primaryimage"},"thumbnailUrl":"https:\/\/bxrepsol.s3.eu-west-1.amazonaws.com\/static\/2022\/08\/09130628\/foto_Marc_Marquez_Jerez.jpg","datePublished":"2021-04-30T02:00:00+00:00","dateModified":"2024-04-12T18:26:51+00:00","description":"Pol Espargar\u00f3 y Marc M\u00e1rquez han completado hoy la primera jornada de entrenamientos libres en Jerez, finalizando en 14\u00aa y 16\u00aa posici\u00f3n, respectivamente.","breadcrumb":{"@id":"https:\/\/www.boxrepsol.com\/es\/motogp\/jerez-2021\/#breadcrumb"},"inLanguage":"es","potentialAction":[{"@type":"ReadAction","target":["https:\/\/www.boxrepsol.com\/es\/motogp\/jerez-2021\/"]}]},{"@type":"ImageObject","inLanguage":"es","@id":"https:\/\/www.boxrepsol.com\/es\/motogp\/jerez-2021\/#primaryimage","url":"https:\/\/bxrepsol.s3.eu-west-1.amazonaws.com\/static\/2022\/08\/09130628\/foto_Marc_Marquez_Jerez.jpg","contentUrl":"https:\/\/bxrepsol.s3.eu-west-1.amazonaws.com\/static\/2022\/08\/09130628\/foto_Marc_Marquez_Jerez.jpg","width":1280,"height":720,"caption":"foto_Marc_Marquez_Jerez"},{"@type":"BreadcrumbList","@id":"https:\/\/www.boxrepsol.com\/es\/motogp\/jerez-2021\/#breadcrumb","itemListElement":[{"@type":"ListItem","position":1,"name":"Home","item":"https:\/\/www.boxrepsol.com\/es\/"},{"@type":"ListItem","position":2,"name":"Primera toma de contacto del equipo Repsol Honda con el circuito de Jerez"}]},{"@type":"WebSite","@id":"https:\/\/www.boxrepsol.com\/es\/#website","url":"https:\/\/www.boxrepsol.com\/es\/","name":"Box Repsol","description":"Box Repsol Site","publisher":{"@id":"https:\/\/www.boxrepsol.com\/es\/#organization"},"potentialAction":[{"@type":"SearchAction","target":{"@type":"EntryPoint","urlTemplate":"https:\/\/www.boxrepsol.com\/es\/?s={search_term_string}"},"query-input":{"@type":"PropertyValueSpecification","valueRequired":true,"valueName":"search_term_string"}}],"inLanguage":"es"},{"@type":"Organization","@id":"https:\/\/www.boxrepsol.com\/es\/#organization","name":"Box Repsol","url":"https:\/\/www.boxrepsol.com\/es\/","logo":{"@type":"ImageObject","inLanguage":"es","@id":"https:\/\/www.boxrepsol.com\/es\/#\/schema\/logo\/image\/","url":"https:\/\/bxrepsol.s3.eu-west-1.amazonaws.com\/static\/2025\/07\/30083337\/favicon-96x96-1.png","contentUrl":"https:\/\/bxrepsol.s3.eu-west-1.amazonaws.com\/static\/2025\/07\/30083337\/favicon-96x96-1.png","width":96,"height":96,"caption":"Box Repsol"},"image":{"@id":"https:\/\/www.boxrepsol.com\/es\/#\/schema\/logo\/image\/"},"sameAs":["https:\/\/www.facebook.com\/BoxRepsol","https:\/\/x.com\/box_repsol","http:\/\/instagram.com\/box_repsol","https:\/\/www.youtube.com\/user\/RepsolCompeticion","https:\/\/www.flickr.com\/photos\/box_repsol\/"]},{"@type":"Person","@id":"https:\/\/www.boxrepsol.com\/es\/#\/schema\/person\/c5c2138f2cca251b0ad92b7086bb60b7","name":"Redacci\u00f3n Box Repsol","image":{"@type":"ImageObject","inLanguage":"es","@id":"https:\/\/secure.gravatar.com\/avatar\/adf7b77e38b4419baf32c7e9c21dde01f4e40df611f0978e3006fc4ba0aaab7e?s=96&d=mm&r=g","url":"https:\/\/secure.gravatar.com\/avatar\/adf7b77e38b4419baf32c7e9c21dde01f4e40df611f0978e3006fc4ba0aaab7e?s=96&d=mm&r=g","contentUrl":"https:\/\/secure.gravatar.com\/avatar\/adf7b77e38b4419baf32c7e9c21dde01f4e40df611f0978e3006fc4ba0aaab7e?s=96&d=mm&r=g","caption":"Redacci\u00f3n Box Repsol"},"description":"Box Repsol lo forma un equipo de periodistas, community managers, dise\u00f1adores y fot\u00f3grafos con m\u00e1s de 20 a\u00f1os de experiencia en el mundo del motorsport. Hemos vivido el primer mundial de un espa\u00f1ol en la categor\u00eda reina de motociclismo con \u00c1lex Crivill\u00e9, estuvimos en las victorias de Pedrosa y los t\u00edtulos de M\u00e1rquez, acompa\u00f1amos en \u00c1frica a Nani Roma y Marc Coma en sus conquistas del Dakar y hemos vibrado con los t\u00edtulos de Toni Bou en Trial. Adem\u00e1s, en nuestro equipo contamos con expertos en el mundo de las dos y cuatro ruedas tanto de la calle y las carreteras, como de los circuitos. Periodistas que han trabajado en revistas y publicaciones para hacerte llegar desde rutas y consejos de mantenimiento, a curiosidades y trucos de pilotaje.","sameAs":["https:\/\/www.facebook.com\/BoxRepsol\/","https:\/\/www.instagram.com\/box_repsol\/","https:\/\/x.com\/https:\/\/twitter.com\/box_repsol","https:\/\/www.youtube.com\/@Boxrepsol"],"url":"https:\/\/www.boxrepsol.com\/es\/author\/redaccion-box-repsol\/"}]}},"_links":{"self":[{"href":"https:\/\/www.boxrepsol.com\/es\/wp-json\/wp\/v2\/posts\/94931","targetHints":{"allow":["GET"]}}],"collection":[{"href":"https:\/\/www.boxrepsol.com\/es\/wp-json\/wp\/v2\/posts"}],"about":[{"href":"https:\/\/www.boxrepsol.com\/es\/wp-json\/wp\/v2\/types\/post"}],"author":[{"embeddable":true,"href":"https:\/\/www.boxrepsol.com\/es\/wp-json\/wp\/v2\/users\/43146"}],"replies":[{"embeddable":true,"href":"https:\/\/www.boxrepsol.com\/es\/wp-json\/wp\/v2\/comments?post=94931"}],"version-history":[{"count":2,"href":"https:\/\/www.boxrepsol.com\/es\/wp-json\/wp\/v2\/posts\/94931\/revisions"}],"predecessor-version":[{"id":103767,"href":"https:\/\/www.boxrepsol.com\/es\/wp-json\/wp\/v2\/posts\/94931\/revisions\/103767"}],"wp:featuredmedia":[{"embeddable":true,"href":"https:\/\/www.boxrepsol.com\/es\/wp-json\/wp\/v2\/media\/42929"}],"wp:attachment":[{"href":"https:\/\/www.boxrepsol.com\/es\/wp-json\/wp\/v2\/media?parent=94931"}],"wp:term":[{"taxonomy":"category","embeddable":true,"href":"https:\/\/www.boxrepsol.com\/es\/wp-json\/wp\/v2\/categories?post=94931"},{"taxonomy":"post_tag","embeddable":true,"href":"https:\/\/www.boxrepsol.com\/es\/wp-json\/wp\/v2\/tags?post=94931"}],"curies":[{"name":"wp","href":"https:\/\/api.w.org\/{rel}","templated":true}]}}