{"id":94918,"date":"2021-04-20T00:00:00","date_gmt":"2021-04-20T02:00:00","guid":{"rendered":"http:\/\/pre.boxrepsol.com\/sin-categorizar\/entrevista-tetsuhiro-kuwata-vuelto-ver-marc-la-moto\/"},"modified":"2024-04-12T16:31:01","modified_gmt":"2024-04-12T18:31:01","slug":"entrevista-tetsuhiro-kuwata-vuelto-ver-marc-la-moto","status":"publish","type":"post","link":"https:\/\/www.boxrepsol.com\/es\/motogp\/entrevista-tetsuhiro-kuwata-vuelto-ver-marc-la-moto\/","title":{"rendered":"Entrevista a Tetsuhiro Kuwata: \u201cHemos vuelto a ver a Marc sobre la moto\u201d"},"content":{"rendered":"<blockquote><p>\n\t<a href=\"http:\/\/twitter.com\/share?text=%E2%80%9CHemos+vuelto+a+ver+a+Marc+sobre+la+moto%3B+%C3%A9ste+ha+sido+su+principal+objetivo+y+el+nuestro+durante+los+%C3%BAltimos+meses%22&#038;url=https%3A%2F%2Fwww.boxrepsol.com%2Fes%2F%3Fp%3D59873\" target=\"_blank\" rel=\"noopener\"><\/p>\n<p>\u201cHemos vuelto a ver a Marc sobre la moto; \u00e9ste ha sido su principal objetivo y el nuestro durante los \u00faltimos meses\u00bb<\/p>\n<p>\t<\/a>\n<\/p><\/blockquote>\n<p><strong>\u00bfCu\u00e1l era la estrategia para la carrera en Portimao?<\/strong><\/p>\n<p>\u201cLa estrategia con Marc M\u00e1rquez era intentar hacer una buena salida y mantener las fuerzas para el final de carrera. Sab\u00edamos que ser\u00eda una carrera muy larga para \u00e9l despu\u00e9s de mucho tiempo sin competir. Hizo un gran trabajo, un gran esfuerzo durante las 25 vueltas. Estamos muy orgullosos de \u00e9l. Pol Espargar\u00f3 tuvo que volver a empezar un poco retrasado. Su objetivo era hacer una gran salida e intentar hacer un trabajo similar al de Catar, donde estaba pilotando al mismo ritmo que los l\u00edderes. Pero, lamentablemente, tuvo que retirarse despu\u00e9s de cinco vueltas. Takaaki Nakagami, que se lesion\u00f3 tras el accidente del viernes, luch\u00f3 como un guerrero para terminar la carrera y conseguir algunos puntos. Tambi\u00e9n vimos una evoluci\u00f3n constante de \u00c1lex M\u00e1rquez despu\u00e9s de un primer par de carreras dif\u00edciles\u201d.<\/p>\n<p><strong>\u00bfCu\u00e1les son los puntos positivos y negativos despu\u00e9s de la carrera?<\/strong><\/p>\n<p>\u201cHemos vuelto a ver a Marc sobre la moto; \u00e9ste ha sido su principal objetivo y el nuestro durante los \u00faltimos meses. Este es el punto m\u00e1s positivo del fin de semana y quiz\u00e1s de lo que va de a\u00f1o. Ha hecho un gran trabajo, saliendo en sexta posici\u00f3n, acabando s\u00e9ptimo y a solo 13 segundos del ganador. Sabemos lo duro que ha sido para Marc, el valor de este fin de semana para \u00e9l, para el equipo, para Honda y para los aficionados de MotoGP. Adem\u00e1s, el resultado de \u00c1lex M\u00e1rquez ha sido positivo ya que regres\u00f3 al top 10 y c\u00f3mo \u201cTaka\u201d, pudo terminar la carrera despu\u00e9s de su ca\u00edda el viernes; tambi\u00e9n fue un punto brillante.<\/p>\n<p>Lamentablemente, el punto negativo ha sido la retirada de Pol. Tuvo un problema mec\u00e1nico despu\u00e9s de cinco vueltas y no pudo mostrar su progreso con nuestra m\u00e1quina\u00bb.<\/p>\n<p><strong>\u00bfC\u00f3mo se ha vivido la carrera desde el pitlane?<\/strong><\/p>\n<p>\u201cEst\u00e1bamos tan emocionados de ver a Marc por primera vez este a\u00f1o y no ten\u00edamos dudas sobre su enfoque de la carrera. Comenz\u00f3 a competir, tratando de mantenerse al frente, pero seguro que se sinti\u00f3 cansado. Finalmente termin\u00f3 y sum\u00f3 nueve puntos en el campeonato que ser\u00e1n muy \u00fatiles\u201d.<\/p>\n<p><strong>\u00bfAlg\u00fan comentario m\u00e1s, adem\u00e1s de las declaraciones oficiales?<\/strong><br \/>\n\u201cHa sido un fin de semana especial para Honda viendo el regreso de Marc. Supo manejar este primer Gran Premio despu\u00e9s de nueve meses y los involucrados han hecho un buen trabajo para hacer lo que hab\u00eda que hacer. Quiero agradecer a todo el equipo Repsol Honda y al Staff de HRC su paciencia y dedicaci\u00f3n; ahora podemos centrarnos en el pr\u00f3ximo cap\u00edtulo en Jerez, en dos semanas. Quiero dar las gracias tambi\u00e9n a Marc por lo que ha vuelto a hacer\u201d.<\/p>\n","protected":false},"excerpt":{"rendered":"<p>Tetsuhiro Kuwata, Director de HRC, nos cuenta c\u00f3mo ha vivido este pasado fin de semana el Gran Premio de Portugal, tercera cita de la temporada.<\/p>\n","protected":false},"author":43146,"featured_media":42891,"comment_status":"open","ping_status":"open","sticky":false,"template":"","format":"standard","meta":{"footnotes":""},"categories":[4],"tags":[194,50],"class_list":["post-94918","post","type-post","status-publish","format-standard","hentry","category-motogp","tag-194","tag-equipo-repsol-honda"],"yoast_head":"<!-- This site is optimized with the Yoast SEO plugin v27.3 - https:\/\/yoast.com\/product\/yoast-seo-wordpress\/ -->\n<title>Entrevista a Tetsuhiro Kuwata: \u201cHemos vuelto a ver a Marc sobre la moto\u201d - Box Repsol<\/title>\n<meta name=\"description\" content=\"Tetsuhiro Kuwata, Director de HRC, nos cuenta c\u00f3mo ha vivido este pasado fin de semana el Gran Premio de Portugal, tercera cita de la temporada.\" \/>\n<link rel=\"canonical\" href=\"https:\/\/www.boxrepsol.com\/es\/motogp\/entrevista-tetsuhiro-kuwata-vuelto-ver-marc-la-moto\/\" \/>\n<meta property=\"og:locale\" content=\"es_ES\" \/>\n<meta property=\"og:type\" content=\"article\" \/>\n<meta property=\"og:title\" content=\"Entrevista a Tetsuhiro Kuwata: \u201cHemos vuelto a ver a Marc sobre la moto\u201d - Box Repsol\" \/>\n<meta property=\"og:description\" content=\"Tetsuhiro Kuwata, Director de HRC, nos cuenta c\u00f3mo ha vivido este pasado fin de semana el Gran Premio de Portugal, tercera cita de la temporada.\" \/>\n<meta property=\"og:url\" content=\"https:\/\/www.boxrepsol.com\/es\/motogp\/entrevista-tetsuhiro-kuwata-vuelto-ver-marc-la-moto\/\" \/>\n<meta property=\"og:site_name\" content=\"Box Repsol\" \/>\n<meta property=\"article:publisher\" content=\"https:\/\/www.facebook.com\/BoxRepsol\" \/>\n<meta property=\"article:author\" content=\"https:\/\/www.facebook.com\/BoxRepsol\/\" \/>\n<meta property=\"article:published_time\" content=\"2021-04-20T02:00:00+00:00\" \/>\n<meta property=\"article:modified_time\" content=\"2024-04-12T18:31:01+00:00\" \/>\n<meta property=\"og:image\" content=\"https:\/\/bxrepsol.s3.eu-west-1.amazonaws.com\/static\/2022\/08\/09130500\/kuwata-port.jpg\" \/>\n\t<meta property=\"og:image:width\" content=\"1280\" \/>\n\t<meta property=\"og:image:height\" content=\"600\" \/>\n\t<meta property=\"og:image:type\" content=\"image\/jpeg\" \/>\n<meta name=\"author\" content=\"Redacci\u00f3n Box Repsol\" \/>\n<meta name=\"twitter:card\" content=\"summary_large_image\" \/>\n<meta name=\"twitter:creator\" content=\"@https:\/\/twitter.com\/box_repsol\" \/>\n<meta name=\"twitter:site\" content=\"@box_repsol\" \/>\n<meta name=\"twitter:label1\" content=\"Written by\" \/>\n\t<meta name=\"twitter:data1\" content=\"Redacci\u00f3n Box Repsol\" \/>\n\t<meta name=\"twitter:label2\" content=\"Est. reading time\" \/>\n\t<meta name=\"twitter:data2\" content=\"3 minutos\" \/>\n<script type=\"application\/ld+json\" class=\"yoast-schema-graph\">{\"@context\":\"https:\\\/\\\/schema.org\",\"@graph\":[{\"@type\":\"Article\",\"@id\":\"https:\\\/\\\/www.boxrepsol.com\\\/es\\\/motogp\\\/entrevista-tetsuhiro-kuwata-vuelto-ver-marc-la-moto\\\/#article\",\"isPartOf\":{\"@id\":\"https:\\\/\\\/www.boxrepsol.com\\\/es\\\/motogp\\\/entrevista-tetsuhiro-kuwata-vuelto-ver-marc-la-moto\\\/\"},\"author\":{\"name\":\"Redacci\u00f3n Box Repsol\",\"@id\":\"https:\\\/\\\/www.boxrepsol.com\\\/es\\\/#\\\/schema\\\/person\\\/c5c2138f2cca251b0ad92b7086bb60b7\"},\"headline\":\"Entrevista a Tetsuhiro Kuwata: \u201cHemos vuelto a ver a Marc sobre la moto\u201d\",\"datePublished\":\"2021-04-20T02:00:00+00:00\",\"dateModified\":\"2024-04-12T18:31:01+00:00\",\"mainEntityOfPage\":{\"@id\":\"https:\\\/\\\/www.boxrepsol.com\\\/es\\\/motogp\\\/entrevista-tetsuhiro-kuwata-vuelto-ver-marc-la-moto\\\/\"},\"wordCount\":521,\"commentCount\":0,\"publisher\":{\"@id\":\"https:\\\/\\\/www.boxrepsol.com\\\/es\\\/#organization\"},\"image\":{\"@id\":\"https:\\\/\\\/www.boxrepsol.com\\\/es\\\/motogp\\\/entrevista-tetsuhiro-kuwata-vuelto-ver-marc-la-moto\\\/#primaryimage\"},\"thumbnailUrl\":\"https:\\\/\\\/bxrepsol.s3.eu-west-1.amazonaws.com\\\/static\\\/2022\\\/08\\\/09130500\\\/kuwata-port.jpg\",\"keywords\":[\"2021\",\"Equipo Repsol Honda\"],\"articleSection\":[\"MotoGP\"],\"inLanguage\":\"es\",\"potentialAction\":[{\"@type\":\"CommentAction\",\"name\":\"Comment\",\"target\":[\"https:\\\/\\\/www.boxrepsol.com\\\/es\\\/motogp\\\/entrevista-tetsuhiro-kuwata-vuelto-ver-marc-la-moto\\\/#respond\"]}]},{\"@type\":\"WebPage\",\"@id\":\"https:\\\/\\\/www.boxrepsol.com\\\/es\\\/motogp\\\/entrevista-tetsuhiro-kuwata-vuelto-ver-marc-la-moto\\\/\",\"url\":\"https:\\\/\\\/www.boxrepsol.com\\\/es\\\/motogp\\\/entrevista-tetsuhiro-kuwata-vuelto-ver-marc-la-moto\\\/\",\"name\":\"Entrevista a Tetsuhiro Kuwata: \u201cHemos vuelto a ver a Marc sobre la moto\u201d - Box Repsol\",\"isPartOf\":{\"@id\":\"https:\\\/\\\/www.boxrepsol.com\\\/es\\\/#website\"},\"primaryImageOfPage\":{\"@id\":\"https:\\\/\\\/www.boxrepsol.com\\\/es\\\/motogp\\\/entrevista-tetsuhiro-kuwata-vuelto-ver-marc-la-moto\\\/#primaryimage\"},\"image\":{\"@id\":\"https:\\\/\\\/www.boxrepsol.com\\\/es\\\/motogp\\\/entrevista-tetsuhiro-kuwata-vuelto-ver-marc-la-moto\\\/#primaryimage\"},\"thumbnailUrl\":\"https:\\\/\\\/bxrepsol.s3.eu-west-1.amazonaws.com\\\/static\\\/2022\\\/08\\\/09130500\\\/kuwata-port.jpg\",\"datePublished\":\"2021-04-20T02:00:00+00:00\",\"dateModified\":\"2024-04-12T18:31:01+00:00\",\"description\":\"Tetsuhiro Kuwata, Director de HRC, nos cuenta c\u00f3mo ha vivido este pasado fin de semana el Gran Premio de Portugal, tercera cita de la temporada.\",\"breadcrumb\":{\"@id\":\"https:\\\/\\\/www.boxrepsol.com\\\/es\\\/motogp\\\/entrevista-tetsuhiro-kuwata-vuelto-ver-marc-la-moto\\\/#breadcrumb\"},\"inLanguage\":\"es\",\"potentialAction\":[{\"@type\":\"ReadAction\",\"target\":[\"https:\\\/\\\/www.boxrepsol.com\\\/es\\\/motogp\\\/entrevista-tetsuhiro-kuwata-vuelto-ver-marc-la-moto\\\/\"]}]},{\"@type\":\"ImageObject\",\"inLanguage\":\"es\",\"@id\":\"https:\\\/\\\/www.boxrepsol.com\\\/es\\\/motogp\\\/entrevista-tetsuhiro-kuwata-vuelto-ver-marc-la-moto\\\/#primaryimage\",\"url\":\"https:\\\/\\\/bxrepsol.s3.eu-west-1.amazonaws.com\\\/static\\\/2022\\\/08\\\/09130500\\\/kuwata-port.jpg\",\"contentUrl\":\"https:\\\/\\\/bxrepsol.s3.eu-west-1.amazonaws.com\\\/static\\\/2022\\\/08\\\/09130500\\\/kuwata-port.jpg\",\"width\":1280,\"height\":600,\"caption\":\"Tetsuhiro Kuwata\"},{\"@type\":\"BreadcrumbList\",\"@id\":\"https:\\\/\\\/www.boxrepsol.com\\\/es\\\/motogp\\\/entrevista-tetsuhiro-kuwata-vuelto-ver-marc-la-moto\\\/#breadcrumb\",\"itemListElement\":[{\"@type\":\"ListItem\",\"position\":1,\"name\":\"Home\",\"item\":\"https:\\\/\\\/www.boxrepsol.com\\\/es\\\/\"},{\"@type\":\"ListItem\",\"position\":2,\"name\":\"Entrevista a Tetsuhiro Kuwata: \u201cHemos vuelto a ver a Marc sobre la moto\u201d\"}]},{\"@type\":\"WebSite\",\"@id\":\"https:\\\/\\\/www.boxrepsol.com\\\/es\\\/#website\",\"url\":\"https:\\\/\\\/www.boxrepsol.com\\\/es\\\/\",\"name\":\"Box Repsol\",\"description\":\"Box Repsol Site\",\"publisher\":{\"@id\":\"https:\\\/\\\/www.boxrepsol.com\\\/es\\\/#organization\"},\"potentialAction\":[{\"@type\":\"SearchAction\",\"target\":{\"@type\":\"EntryPoint\",\"urlTemplate\":\"https:\\\/\\\/www.boxrepsol.com\\\/es\\\/?s={search_term_string}\"},\"query-input\":{\"@type\":\"PropertyValueSpecification\",\"valueRequired\":true,\"valueName\":\"search_term_string\"}}],\"inLanguage\":\"es\"},{\"@type\":\"Organization\",\"@id\":\"https:\\\/\\\/www.boxrepsol.com\\\/es\\\/#organization\",\"name\":\"Box Repsol\",\"url\":\"https:\\\/\\\/www.boxrepsol.com\\\/es\\\/\",\"logo\":{\"@type\":\"ImageObject\",\"inLanguage\":\"es\",\"@id\":\"https:\\\/\\\/www.boxrepsol.com\\\/es\\\/#\\\/schema\\\/logo\\\/image\\\/\",\"url\":\"https:\\\/\\\/bxrepsol.s3.eu-west-1.amazonaws.com\\\/static\\\/2025\\\/07\\\/30083337\\\/favicon-96x96-1.png\",\"contentUrl\":\"https:\\\/\\\/bxrepsol.s3.eu-west-1.amazonaws.com\\\/static\\\/2025\\\/07\\\/30083337\\\/favicon-96x96-1.png\",\"width\":96,\"height\":96,\"caption\":\"Box Repsol\"},\"image\":{\"@id\":\"https:\\\/\\\/www.boxrepsol.com\\\/es\\\/#\\\/schema\\\/logo\\\/image\\\/\"},\"sameAs\":[\"https:\\\/\\\/www.facebook.com\\\/BoxRepsol\",\"https:\\\/\\\/x.com\\\/box_repsol\",\"http:\\\/\\\/instagram.com\\\/box_repsol\",\"https:\\\/\\\/www.youtube.com\\\/user\\\/RepsolCompeticion\",\"https:\\\/\\\/www.flickr.com\\\/photos\\\/box_repsol\\\/\"]},{\"@type\":\"Person\",\"@id\":\"https:\\\/\\\/www.boxrepsol.com\\\/es\\\/#\\\/schema\\\/person\\\/c5c2138f2cca251b0ad92b7086bb60b7\",\"name\":\"Redacci\u00f3n Box Repsol\",\"image\":{\"@type\":\"ImageObject\",\"inLanguage\":\"es\",\"@id\":\"https:\\\/\\\/secure.gravatar.com\\\/avatar\\\/adf7b77e38b4419baf32c7e9c21dde01f4e40df611f0978e3006fc4ba0aaab7e?s=96&d=mm&r=g\",\"url\":\"https:\\\/\\\/secure.gravatar.com\\\/avatar\\\/adf7b77e38b4419baf32c7e9c21dde01f4e40df611f0978e3006fc4ba0aaab7e?s=96&d=mm&r=g\",\"contentUrl\":\"https:\\\/\\\/secure.gravatar.com\\\/avatar\\\/adf7b77e38b4419baf32c7e9c21dde01f4e40df611f0978e3006fc4ba0aaab7e?s=96&d=mm&r=g\",\"caption\":\"Redacci\u00f3n Box Repsol\"},\"description\":\"Box Repsol lo forma un equipo de periodistas, community managers, dise\u00f1adores y fot\u00f3grafos con m\u00e1s de 20 a\u00f1os de experiencia en el mundo del motorsport. Hemos vivido el primer mundial de un espa\u00f1ol en la categor\u00eda reina de motociclismo con \u00c1lex Crivill\u00e9, estuvimos en las victorias de Pedrosa y los t\u00edtulos de M\u00e1rquez, acompa\u00f1amos en \u00c1frica a Nani Roma y Marc Coma en sus conquistas del Dakar y hemos vibrado con los t\u00edtulos de Toni Bou en Trial. Adem\u00e1s, en nuestro equipo contamos con expertos en el mundo de las dos y cuatro ruedas tanto de la calle y las carreteras, como de los circuitos. Periodistas que han trabajado en revistas y publicaciones para hacerte llegar desde rutas y consejos de mantenimiento, a curiosidades y trucos de pilotaje.\",\"sameAs\":[\"https:\\\/\\\/www.facebook.com\\\/BoxRepsol\\\/\",\"https:\\\/\\\/www.instagram.com\\\/box_repsol\\\/\",\"https:\\\/\\\/x.com\\\/https:\\\/\\\/twitter.com\\\/box_repsol\",\"https:\\\/\\\/www.youtube.com\\\/@Boxrepsol\"],\"url\":\"https:\\\/\\\/www.boxrepsol.com\\\/es\\\/author\\\/redaccion-box-repsol\\\/\"}]}<\/script>\n<!-- \/ Yoast SEO plugin. -->","yoast_head_json":{"title":"Entrevista a Tetsuhiro Kuwata: \u201cHemos vuelto a ver a Marc sobre la moto\u201d - Box Repsol","description":"Tetsuhiro Kuwata, Director de HRC, nos cuenta c\u00f3mo ha vivido este pasado fin de semana el Gran Premio de Portugal, tercera cita de la temporada.","canonical":"https:\/\/www.boxrepsol.com\/es\/motogp\/entrevista-tetsuhiro-kuwata-vuelto-ver-marc-la-moto\/","og_locale":"es_ES","og_type":"article","og_title":"Entrevista a Tetsuhiro Kuwata: \u201cHemos vuelto a ver a Marc sobre la moto\u201d - Box Repsol","og_description":"Tetsuhiro Kuwata, Director de HRC, nos cuenta c\u00f3mo ha vivido este pasado fin de semana el Gran Premio de Portugal, tercera cita de la temporada.","og_url":"https:\/\/www.boxrepsol.com\/es\/motogp\/entrevista-tetsuhiro-kuwata-vuelto-ver-marc-la-moto\/","og_site_name":"Box Repsol","article_publisher":"https:\/\/www.facebook.com\/BoxRepsol","article_author":"https:\/\/www.facebook.com\/BoxRepsol\/","article_published_time":"2021-04-20T02:00:00+00:00","article_modified_time":"2024-04-12T18:31:01+00:00","og_image":[{"width":1280,"height":600,"url":"https:\/\/bxrepsol.s3.eu-west-1.amazonaws.com\/static\/2022\/08\/09130500\/kuwata-port.jpg","type":"image\/jpeg"}],"author":"Redacci\u00f3n Box Repsol","twitter_card":"summary_large_image","twitter_creator":"@https:\/\/twitter.com\/box_repsol","twitter_site":"@box_repsol","twitter_misc":{"Written by":"Redacci\u00f3n Box Repsol","Est. reading time":"3 minutos"},"schema":{"@context":"https:\/\/schema.org","@graph":[{"@type":"Article","@id":"https:\/\/www.boxrepsol.com\/es\/motogp\/entrevista-tetsuhiro-kuwata-vuelto-ver-marc-la-moto\/#article","isPartOf":{"@id":"https:\/\/www.boxrepsol.com\/es\/motogp\/entrevista-tetsuhiro-kuwata-vuelto-ver-marc-la-moto\/"},"author":{"name":"Redacci\u00f3n Box Repsol","@id":"https:\/\/www.boxrepsol.com\/es\/#\/schema\/person\/c5c2138f2cca251b0ad92b7086bb60b7"},"headline":"Entrevista a Tetsuhiro Kuwata: \u201cHemos vuelto a ver a Marc sobre la moto\u201d","datePublished":"2021-04-20T02:00:00+00:00","dateModified":"2024-04-12T18:31:01+00:00","mainEntityOfPage":{"@id":"https:\/\/www.boxrepsol.com\/es\/motogp\/entrevista-tetsuhiro-kuwata-vuelto-ver-marc-la-moto\/"},"wordCount":521,"commentCount":0,"publisher":{"@id":"https:\/\/www.boxrepsol.com\/es\/#organization"},"image":{"@id":"https:\/\/www.boxrepsol.com\/es\/motogp\/entrevista-tetsuhiro-kuwata-vuelto-ver-marc-la-moto\/#primaryimage"},"thumbnailUrl":"https:\/\/bxrepsol.s3.eu-west-1.amazonaws.com\/static\/2022\/08\/09130500\/kuwata-port.jpg","keywords":["2021","Equipo Repsol Honda"],"articleSection":["MotoGP"],"inLanguage":"es","potentialAction":[{"@type":"CommentAction","name":"Comment","target":["https:\/\/www.boxrepsol.com\/es\/motogp\/entrevista-tetsuhiro-kuwata-vuelto-ver-marc-la-moto\/#respond"]}]},{"@type":"WebPage","@id":"https:\/\/www.boxrepsol.com\/es\/motogp\/entrevista-tetsuhiro-kuwata-vuelto-ver-marc-la-moto\/","url":"https:\/\/www.boxrepsol.com\/es\/motogp\/entrevista-tetsuhiro-kuwata-vuelto-ver-marc-la-moto\/","name":"Entrevista a Tetsuhiro Kuwata: \u201cHemos vuelto a ver a Marc sobre la moto\u201d - Box Repsol","isPartOf":{"@id":"https:\/\/www.boxrepsol.com\/es\/#website"},"primaryImageOfPage":{"@id":"https:\/\/www.boxrepsol.com\/es\/motogp\/entrevista-tetsuhiro-kuwata-vuelto-ver-marc-la-moto\/#primaryimage"},"image":{"@id":"https:\/\/www.boxrepsol.com\/es\/motogp\/entrevista-tetsuhiro-kuwata-vuelto-ver-marc-la-moto\/#primaryimage"},"thumbnailUrl":"https:\/\/bxrepsol.s3.eu-west-1.amazonaws.com\/static\/2022\/08\/09130500\/kuwata-port.jpg","datePublished":"2021-04-20T02:00:00+00:00","dateModified":"2024-04-12T18:31:01+00:00","description":"Tetsuhiro Kuwata, Director de HRC, nos cuenta c\u00f3mo ha vivido este pasado fin de semana el Gran Premio de Portugal, tercera cita de la temporada.","breadcrumb":{"@id":"https:\/\/www.boxrepsol.com\/es\/motogp\/entrevista-tetsuhiro-kuwata-vuelto-ver-marc-la-moto\/#breadcrumb"},"inLanguage":"es","potentialAction":[{"@type":"ReadAction","target":["https:\/\/www.boxrepsol.com\/es\/motogp\/entrevista-tetsuhiro-kuwata-vuelto-ver-marc-la-moto\/"]}]},{"@type":"ImageObject","inLanguage":"es","@id":"https:\/\/www.boxrepsol.com\/es\/motogp\/entrevista-tetsuhiro-kuwata-vuelto-ver-marc-la-moto\/#primaryimage","url":"https:\/\/bxrepsol.s3.eu-west-1.amazonaws.com\/static\/2022\/08\/09130500\/kuwata-port.jpg","contentUrl":"https:\/\/bxrepsol.s3.eu-west-1.amazonaws.com\/static\/2022\/08\/09130500\/kuwata-port.jpg","width":1280,"height":600,"caption":"Tetsuhiro Kuwata"},{"@type":"BreadcrumbList","@id":"https:\/\/www.boxrepsol.com\/es\/motogp\/entrevista-tetsuhiro-kuwata-vuelto-ver-marc-la-moto\/#breadcrumb","itemListElement":[{"@type":"ListItem","position":1,"name":"Home","item":"https:\/\/www.boxrepsol.com\/es\/"},{"@type":"ListItem","position":2,"name":"Entrevista a Tetsuhiro Kuwata: \u201cHemos vuelto a ver a Marc sobre la moto\u201d"}]},{"@type":"WebSite","@id":"https:\/\/www.boxrepsol.com\/es\/#website","url":"https:\/\/www.boxrepsol.com\/es\/","name":"Box Repsol","description":"Box Repsol Site","publisher":{"@id":"https:\/\/www.boxrepsol.com\/es\/#organization"},"potentialAction":[{"@type":"SearchAction","target":{"@type":"EntryPoint","urlTemplate":"https:\/\/www.boxrepsol.com\/es\/?s={search_term_string}"},"query-input":{"@type":"PropertyValueSpecification","valueRequired":true,"valueName":"search_term_string"}}],"inLanguage":"es"},{"@type":"Organization","@id":"https:\/\/www.boxrepsol.com\/es\/#organization","name":"Box Repsol","url":"https:\/\/www.boxrepsol.com\/es\/","logo":{"@type":"ImageObject","inLanguage":"es","@id":"https:\/\/www.boxrepsol.com\/es\/#\/schema\/logo\/image\/","url":"https:\/\/bxrepsol.s3.eu-west-1.amazonaws.com\/static\/2025\/07\/30083337\/favicon-96x96-1.png","contentUrl":"https:\/\/bxrepsol.s3.eu-west-1.amazonaws.com\/static\/2025\/07\/30083337\/favicon-96x96-1.png","width":96,"height":96,"caption":"Box Repsol"},"image":{"@id":"https:\/\/www.boxrepsol.com\/es\/#\/schema\/logo\/image\/"},"sameAs":["https:\/\/www.facebook.com\/BoxRepsol","https:\/\/x.com\/box_repsol","http:\/\/instagram.com\/box_repsol","https:\/\/www.youtube.com\/user\/RepsolCompeticion","https:\/\/www.flickr.com\/photos\/box_repsol\/"]},{"@type":"Person","@id":"https:\/\/www.boxrepsol.com\/es\/#\/schema\/person\/c5c2138f2cca251b0ad92b7086bb60b7","name":"Redacci\u00f3n Box Repsol","image":{"@type":"ImageObject","inLanguage":"es","@id":"https:\/\/secure.gravatar.com\/avatar\/adf7b77e38b4419baf32c7e9c21dde01f4e40df611f0978e3006fc4ba0aaab7e?s=96&d=mm&r=g","url":"https:\/\/secure.gravatar.com\/avatar\/adf7b77e38b4419baf32c7e9c21dde01f4e40df611f0978e3006fc4ba0aaab7e?s=96&d=mm&r=g","contentUrl":"https:\/\/secure.gravatar.com\/avatar\/adf7b77e38b4419baf32c7e9c21dde01f4e40df611f0978e3006fc4ba0aaab7e?s=96&d=mm&r=g","caption":"Redacci\u00f3n Box Repsol"},"description":"Box Repsol lo forma un equipo de periodistas, community managers, dise\u00f1adores y fot\u00f3grafos con m\u00e1s de 20 a\u00f1os de experiencia en el mundo del motorsport. Hemos vivido el primer mundial de un espa\u00f1ol en la categor\u00eda reina de motociclismo con \u00c1lex Crivill\u00e9, estuvimos en las victorias de Pedrosa y los t\u00edtulos de M\u00e1rquez, acompa\u00f1amos en \u00c1frica a Nani Roma y Marc Coma en sus conquistas del Dakar y hemos vibrado con los t\u00edtulos de Toni Bou en Trial. Adem\u00e1s, en nuestro equipo contamos con expertos en el mundo de las dos y cuatro ruedas tanto de la calle y las carreteras, como de los circuitos. Periodistas que han trabajado en revistas y publicaciones para hacerte llegar desde rutas y consejos de mantenimiento, a curiosidades y trucos de pilotaje.","sameAs":["https:\/\/www.facebook.com\/BoxRepsol\/","https:\/\/www.instagram.com\/box_repsol\/","https:\/\/x.com\/https:\/\/twitter.com\/box_repsol","https:\/\/www.youtube.com\/@Boxrepsol"],"url":"https:\/\/www.boxrepsol.com\/es\/author\/redaccion-box-repsol\/"}]}},"_links":{"self":[{"href":"https:\/\/www.boxrepsol.com\/es\/wp-json\/wp\/v2\/posts\/94918","targetHints":{"allow":["GET"]}}],"collection":[{"href":"https:\/\/www.boxrepsol.com\/es\/wp-json\/wp\/v2\/posts"}],"about":[{"href":"https:\/\/www.boxrepsol.com\/es\/wp-json\/wp\/v2\/types\/post"}],"author":[{"embeddable":true,"href":"https:\/\/www.boxrepsol.com\/es\/wp-json\/wp\/v2\/users\/43146"}],"replies":[{"embeddable":true,"href":"https:\/\/www.boxrepsol.com\/es\/wp-json\/wp\/v2\/comments?post=94918"}],"version-history":[{"count":1,"href":"https:\/\/www.boxrepsol.com\/es\/wp-json\/wp\/v2\/posts\/94918\/revisions"}],"predecessor-version":[{"id":114862,"href":"https:\/\/www.boxrepsol.com\/es\/wp-json\/wp\/v2\/posts\/94918\/revisions\/114862"}],"wp:featuredmedia":[{"embeddable":true,"href":"https:\/\/www.boxrepsol.com\/es\/wp-json\/wp\/v2\/media\/42891"}],"wp:attachment":[{"href":"https:\/\/www.boxrepsol.com\/es\/wp-json\/wp\/v2\/media?parent=94918"}],"wp:term":[{"taxonomy":"category","embeddable":true,"href":"https:\/\/www.boxrepsol.com\/es\/wp-json\/wp\/v2\/categories?post=94918"},{"taxonomy":"post_tag","embeddable":true,"href":"https:\/\/www.boxrepsol.com\/es\/wp-json\/wp\/v2\/tags?post=94918"}],"curies":[{"name":"wp","href":"https:\/\/api.w.org\/{rel}","templated":true}]}}