{"id":94910,"date":"2021-04-16T00:00:00","date_gmt":"2021-04-16T02:00:00","guid":{"rendered":"http:\/\/pre.boxrepsol.com\/sin-categorizar\/marc-marquez-finaliza-sexto-primer-viernes-la-temporada\/"},"modified":"2024-04-12T16:36:50","modified_gmt":"2024-04-12T18:36:50","slug":"marc-marquez-finaliza-sexto-primer-viernes-la-temporada","status":"publish","type":"post","link":"https:\/\/www.boxrepsol.com\/es\/motogp\/marc-marquez-finaliza-sexto-primer-viernes-la-temporada\/","title":{"rendered":"Marc M\u00e1rquez finaliza sexto en su primer viernes de la temporada"},"content":{"rendered":"\n<p><strong>Marc M\u00e1rquez ha regresado a la acci\u00f3n <\/strong>hoy en Portugal. Nueve meses despu\u00e9s de la lesi\u00f3n que sufri\u00f3 en el Circuito de Jerez \u00c1ngel Nieto, M\u00e1rquez ha vuelto a subirse hoy a la Honda RC213V con motivo del Gran Premio de Portugal.<\/p>\n\n\n\n<p>El ocho veces Campe\u00f3n del Mundo ha finalizado el primer entrenamiento del d\u00eda en tercera posici\u00f3n. Ya por la tarde, con un tiempo de 1 minuto, 40 segundos y 339 mil\u00e9simas, M\u00e1rquez ha registrado el sexto mejor tiempo de la jornada a menos de medio segundo de la cabeza.<\/p>\n\n\n\n<p>Su compa\u00f1ero de equipo, <strong>Pol Espargar\u00f3, ha mejorado sus sensaciones <\/strong>y su ritmo respeto al \u00faltimo Gran Premio celebrado en Catar. Espargar\u00f3 ha empezado la jornada registrando el cuarto mejor tiempo a apenas dos mil\u00e9simas del mejor clasificado.<\/p>\n\n\n\n<p>En el segundo entrenamiento libre del d\u00eda, Pol ha marcado el duod\u00e9cimo mejor registro con un tiempo de 1 minuto, 40 segundos y 743 mil\u00e9simas.<\/p>\n\n\n\n<figure class=\"wp-block-image\"><img decoding=\"async\" src=\"https:\/\/bxrepsol.s3.eu-west-1.amazonaws.com\/static\/2022\/08\/09130354\/Pol-Espargaro-FP2-Portimao-2021.jpg\" alt=\"\"\/><\/figure>\n\n\n\n<h2 class=\"wp-block-heading\">Declaraciones de los pilotos<\/h2>\n\n\n\n<p><a href=\"https:\/\/twitter.com\/hashtag\/MM93?src=hash&amp;lang=es\">#MM93<\/a><\/p>\n\n\n\n<p><em>\u201cHa sido un gran d\u00eda, una gran sensaci\u00f3n estar de vuelta en MotoGP. La primera salida a pista no ha sido tan buena pero me he sentido bien sobre la moto. Me he notado mejor por la ma\u00f1ana porque el brazo estaba fresco, descansado y ten\u00eda buena fuerza. Por la tarde he tenido que trabajar m\u00e1s para calentar el brazo y he notado que estaba m\u00e1s cansado. Pero estamos en una situaci\u00f3n mejor de la que esper\u00e1bamos antes del fin de semana. Estoy pilotando bien, siguiendo mi propio camino y los tiempos por vuelta est\u00e1n llegando bien. La pregunta principal para m\u00ed sigue siendo c\u00f3mo reaccionar\u00e1 el brazo durante el fin de semana. Es genial estar de regreso, hemos trabajado muy duro para este momento y es genial lograrlo\u00bb.<br><\/em><\/p>\n\n\n\n<hr class=\"wp-block-separator has-alpha-channel-opacity\"\/>\n\n\n\n<p><a href=\"https:\/\/twitter.com\/hashtag\/POL44?src=hash&amp;lang=es\">#POL44<\/a><\/p>\n\n\n\n<p><em>\u201cHoy parece que es un mal d\u00eda, pero no es tan malo como parece. Nuestro tiempo de vuelta ideal est\u00e1 muy cerca de Marc, lo que significa que podemos lograrlo y estamos pilotando bien. Desafortunadamente, hoy he cometido algunos errores y no he podido hacer la vuelta perfecta, es el problema que estoy teniendo en este momento al apretar con un neum\u00e1tico en una pista nueva. Estoy cometiendo errores y corriendo de par en par, por lo que pagas bastante. Es solo la FP2, ma\u00f1ana tenemos que hacer una buena vuelta. Hoy se trataba de conocer la moto en esta pista y hemos pasado gran parte de la segunda sesi\u00f3n haciendo esto porque por la ma\u00f1ana la pista no estaba perfecta\u00bb.<br><\/em><\/p>\n","protected":false},"excerpt":{"rendered":"<p>El piloto del equipo Repsol Honda ha completado con \u00e9xito sus dos primeros entrenamientos libres del a\u00f1o. Pol Espargar\u00f3 ha finalizado la jornada duod\u00e9cimo.<\/p>\n","protected":false},"author":43146,"featured_media":42774,"comment_status":"open","ping_status":"open","sticky":false,"template":"","format":"standard","meta":{"footnotes":""},"categories":[4],"tags":[194,136,6],"class_list":["post-94910","post","type-post","status-publish","format-standard","hentry","category-motogp","tag-194","tag-campeonato-del-mundo-de-motociclismo","tag-marc-marquez"],"yoast_head":"<!-- This site is optimized with the Yoast SEO plugin v27.3 - https:\/\/yoast.com\/product\/yoast-seo-wordpress\/ -->\n<title>GP de Portugal 2021 - Marc M\u00e1rquez finaliza sexto en su primer viernes de la temporada<\/title>\n<meta name=\"description\" content=\"El piloto del equipo Repsol Honda ha completado con \u00e9xito sus dos primeros entrenamientos libres del a\u00f1o. Pol Espargar\u00f3 ha finalizado la jornada duod\u00e9cimo.\" \/>\n<link rel=\"canonical\" href=\"https:\/\/www.boxrepsol.com\/es\/motogp\/marc-marquez-finaliza-sexto-primer-viernes-la-temporada\/\" \/>\n<meta property=\"og:locale\" content=\"es_ES\" \/>\n<meta property=\"og:type\" content=\"article\" \/>\n<meta property=\"og:title\" content=\"GP de Portugal 2021 - Marc M\u00e1rquez finaliza sexto en su primer viernes de la temporada\" \/>\n<meta property=\"og:description\" content=\"El piloto del equipo Repsol Honda ha completado con \u00e9xito sus dos primeros entrenamientos libres del a\u00f1o. Pol Espargar\u00f3 ha finalizado la jornada duod\u00e9cimo.\" \/>\n<meta property=\"og:url\" content=\"https:\/\/www.boxrepsol.com\/es\/motogp\/marc-marquez-finaliza-sexto-primer-viernes-la-temporada\/\" \/>\n<meta property=\"og:site_name\" content=\"Box Repsol\" \/>\n<meta property=\"article:publisher\" content=\"https:\/\/www.facebook.com\/BoxRepsol\" \/>\n<meta property=\"article:author\" content=\"https:\/\/www.facebook.com\/BoxRepsol\/\" \/>\n<meta property=\"article:published_time\" content=\"2021-04-16T02:00:00+00:00\" \/>\n<meta property=\"article:modified_time\" content=\"2024-04-12T18:36:50+00:00\" \/>\n<meta property=\"og:image\" content=\"https:\/\/bxrepsol.s3.eu-west-1.amazonaws.com\/static\/2022\/08\/09130355\/Marc-Marquez-en-Portimao-FP2-2021.jpg\" \/>\n\t<meta property=\"og:image:width\" content=\"1280\" \/>\n\t<meta property=\"og:image:height\" content=\"800\" \/>\n\t<meta property=\"og:image:type\" content=\"image\/jpeg\" \/>\n<meta name=\"author\" content=\"Redacci\u00f3n Box Repsol\" \/>\n<meta name=\"twitter:card\" content=\"summary_large_image\" \/>\n<meta name=\"twitter:creator\" content=\"@https:\/\/twitter.com\/box_repsol\" \/>\n<meta name=\"twitter:site\" content=\"@box_repsol\" \/>\n<meta name=\"twitter:label1\" content=\"Written by\" \/>\n\t<meta name=\"twitter:data1\" content=\"Redacci\u00f3n Box Repsol\" \/>\n\t<meta name=\"twitter:label2\" content=\"Est. reading time\" \/>\n\t<meta name=\"twitter:data2\" content=\"2 minutos\" \/>\n<script type=\"application\/ld+json\" class=\"yoast-schema-graph\">{\"@context\":\"https:\\\/\\\/schema.org\",\"@graph\":[{\"@type\":\"Article\",\"@id\":\"https:\\\/\\\/www.boxrepsol.com\\\/es\\\/motogp\\\/marc-marquez-finaliza-sexto-primer-viernes-la-temporada\\\/#article\",\"isPartOf\":{\"@id\":\"https:\\\/\\\/www.boxrepsol.com\\\/es\\\/motogp\\\/marc-marquez-finaliza-sexto-primer-viernes-la-temporada\\\/\"},\"author\":{\"name\":\"Redacci\u00f3n Box Repsol\",\"@id\":\"https:\\\/\\\/www.boxrepsol.com\\\/es\\\/#\\\/schema\\\/person\\\/c5c2138f2cca251b0ad92b7086bb60b7\"},\"headline\":\"Marc M\u00e1rquez finaliza sexto en su primer viernes de la temporada\",\"datePublished\":\"2021-04-16T02:00:00+00:00\",\"dateModified\":\"2024-04-12T18:36:50+00:00\",\"mainEntityOfPage\":{\"@id\":\"https:\\\/\\\/www.boxrepsol.com\\\/es\\\/motogp\\\/marc-marquez-finaliza-sexto-primer-viernes-la-temporada\\\/\"},\"wordCount\":447,\"commentCount\":0,\"publisher\":{\"@id\":\"https:\\\/\\\/www.boxrepsol.com\\\/es\\\/#organization\"},\"image\":{\"@id\":\"https:\\\/\\\/www.boxrepsol.com\\\/es\\\/motogp\\\/marc-marquez-finaliza-sexto-primer-viernes-la-temporada\\\/#primaryimage\"},\"thumbnailUrl\":\"https:\\\/\\\/bxrepsol.s3.eu-west-1.amazonaws.com\\\/static\\\/2022\\\/08\\\/09130355\\\/Marc-Marquez-en-Portimao-FP2-2021.jpg\",\"keywords\":[\"2021\",\"Campeonato del Mundo de Motociclismo\",\"Marc M\u00e1rquez\"],\"articleSection\":[\"MotoGP\"],\"inLanguage\":\"es\",\"potentialAction\":[{\"@type\":\"CommentAction\",\"name\":\"Comment\",\"target\":[\"https:\\\/\\\/www.boxrepsol.com\\\/es\\\/motogp\\\/marc-marquez-finaliza-sexto-primer-viernes-la-temporada\\\/#respond\"]}]},{\"@type\":\"WebPage\",\"@id\":\"https:\\\/\\\/www.boxrepsol.com\\\/es\\\/motogp\\\/marc-marquez-finaliza-sexto-primer-viernes-la-temporada\\\/\",\"url\":\"https:\\\/\\\/www.boxrepsol.com\\\/es\\\/motogp\\\/marc-marquez-finaliza-sexto-primer-viernes-la-temporada\\\/\",\"name\":\"GP de Portugal 2021 - Marc M\u00e1rquez finaliza sexto en su primer viernes de la temporada\",\"isPartOf\":{\"@id\":\"https:\\\/\\\/www.boxrepsol.com\\\/es\\\/#website\"},\"primaryImageOfPage\":{\"@id\":\"https:\\\/\\\/www.boxrepsol.com\\\/es\\\/motogp\\\/marc-marquez-finaliza-sexto-primer-viernes-la-temporada\\\/#primaryimage\"},\"image\":{\"@id\":\"https:\\\/\\\/www.boxrepsol.com\\\/es\\\/motogp\\\/marc-marquez-finaliza-sexto-primer-viernes-la-temporada\\\/#primaryimage\"},\"thumbnailUrl\":\"https:\\\/\\\/bxrepsol.s3.eu-west-1.amazonaws.com\\\/static\\\/2022\\\/08\\\/09130355\\\/Marc-Marquez-en-Portimao-FP2-2021.jpg\",\"datePublished\":\"2021-04-16T02:00:00+00:00\",\"dateModified\":\"2024-04-12T18:36:50+00:00\",\"description\":\"El piloto del equipo Repsol Honda ha completado con \u00e9xito sus dos primeros entrenamientos libres del a\u00f1o. Pol Espargar\u00f3 ha finalizado la jornada duod\u00e9cimo.\",\"breadcrumb\":{\"@id\":\"https:\\\/\\\/www.boxrepsol.com\\\/es\\\/motogp\\\/marc-marquez-finaliza-sexto-primer-viernes-la-temporada\\\/#breadcrumb\"},\"inLanguage\":\"es\",\"potentialAction\":[{\"@type\":\"ReadAction\",\"target\":[\"https:\\\/\\\/www.boxrepsol.com\\\/es\\\/motogp\\\/marc-marquez-finaliza-sexto-primer-viernes-la-temporada\\\/\"]}]},{\"@type\":\"ImageObject\",\"inLanguage\":\"es\",\"@id\":\"https:\\\/\\\/www.boxrepsol.com\\\/es\\\/motogp\\\/marc-marquez-finaliza-sexto-primer-viernes-la-temporada\\\/#primaryimage\",\"url\":\"https:\\\/\\\/bxrepsol.s3.eu-west-1.amazonaws.com\\\/static\\\/2022\\\/08\\\/09130355\\\/Marc-Marquez-en-Portimao-FP2-2021.jpg\",\"contentUrl\":\"https:\\\/\\\/bxrepsol.s3.eu-west-1.amazonaws.com\\\/static\\\/2022\\\/08\\\/09130355\\\/Marc-Marquez-en-Portimao-FP2-2021.jpg\",\"width\":1280,\"height\":800,\"caption\":\"Marc M\u00e1rquez finaliza sexto en su primer viernes de la temporada\"},{\"@type\":\"BreadcrumbList\",\"@id\":\"https:\\\/\\\/www.boxrepsol.com\\\/es\\\/motogp\\\/marc-marquez-finaliza-sexto-primer-viernes-la-temporada\\\/#breadcrumb\",\"itemListElement\":[{\"@type\":\"ListItem\",\"position\":1,\"name\":\"Home\",\"item\":\"https:\\\/\\\/www.boxrepsol.com\\\/es\\\/\"},{\"@type\":\"ListItem\",\"position\":2,\"name\":\"Marc M\u00e1rquez finaliza sexto en su primer viernes de la temporada\"}]},{\"@type\":\"WebSite\",\"@id\":\"https:\\\/\\\/www.boxrepsol.com\\\/es\\\/#website\",\"url\":\"https:\\\/\\\/www.boxrepsol.com\\\/es\\\/\",\"name\":\"Box Repsol\",\"description\":\"Box Repsol Site\",\"publisher\":{\"@id\":\"https:\\\/\\\/www.boxrepsol.com\\\/es\\\/#organization\"},\"potentialAction\":[{\"@type\":\"SearchAction\",\"target\":{\"@type\":\"EntryPoint\",\"urlTemplate\":\"https:\\\/\\\/www.boxrepsol.com\\\/es\\\/?s={search_term_string}\"},\"query-input\":{\"@type\":\"PropertyValueSpecification\",\"valueRequired\":true,\"valueName\":\"search_term_string\"}}],\"inLanguage\":\"es\"},{\"@type\":\"Organization\",\"@id\":\"https:\\\/\\\/www.boxrepsol.com\\\/es\\\/#organization\",\"name\":\"Box Repsol\",\"url\":\"https:\\\/\\\/www.boxrepsol.com\\\/es\\\/\",\"logo\":{\"@type\":\"ImageObject\",\"inLanguage\":\"es\",\"@id\":\"https:\\\/\\\/www.boxrepsol.com\\\/es\\\/#\\\/schema\\\/logo\\\/image\\\/\",\"url\":\"https:\\\/\\\/bxrepsol.s3.eu-west-1.amazonaws.com\\\/static\\\/2025\\\/07\\\/30083337\\\/favicon-96x96-1.png\",\"contentUrl\":\"https:\\\/\\\/bxrepsol.s3.eu-west-1.amazonaws.com\\\/static\\\/2025\\\/07\\\/30083337\\\/favicon-96x96-1.png\",\"width\":96,\"height\":96,\"caption\":\"Box Repsol\"},\"image\":{\"@id\":\"https:\\\/\\\/www.boxrepsol.com\\\/es\\\/#\\\/schema\\\/logo\\\/image\\\/\"},\"sameAs\":[\"https:\\\/\\\/www.facebook.com\\\/BoxRepsol\",\"https:\\\/\\\/x.com\\\/box_repsol\",\"http:\\\/\\\/instagram.com\\\/box_repsol\",\"https:\\\/\\\/www.youtube.com\\\/user\\\/RepsolCompeticion\",\"https:\\\/\\\/www.flickr.com\\\/photos\\\/box_repsol\\\/\"]},{\"@type\":\"Person\",\"@id\":\"https:\\\/\\\/www.boxrepsol.com\\\/es\\\/#\\\/schema\\\/person\\\/c5c2138f2cca251b0ad92b7086bb60b7\",\"name\":\"Redacci\u00f3n Box Repsol\",\"image\":{\"@type\":\"ImageObject\",\"inLanguage\":\"es\",\"@id\":\"https:\\\/\\\/secure.gravatar.com\\\/avatar\\\/adf7b77e38b4419baf32c7e9c21dde01f4e40df611f0978e3006fc4ba0aaab7e?s=96&d=mm&r=g\",\"url\":\"https:\\\/\\\/secure.gravatar.com\\\/avatar\\\/adf7b77e38b4419baf32c7e9c21dde01f4e40df611f0978e3006fc4ba0aaab7e?s=96&d=mm&r=g\",\"contentUrl\":\"https:\\\/\\\/secure.gravatar.com\\\/avatar\\\/adf7b77e38b4419baf32c7e9c21dde01f4e40df611f0978e3006fc4ba0aaab7e?s=96&d=mm&r=g\",\"caption\":\"Redacci\u00f3n Box Repsol\"},\"description\":\"Box Repsol lo forma un equipo de periodistas, community managers, dise\u00f1adores y fot\u00f3grafos con m\u00e1s de 20 a\u00f1os de experiencia en el mundo del motorsport. Hemos vivido el primer mundial de un espa\u00f1ol en la categor\u00eda reina de motociclismo con \u00c1lex Crivill\u00e9, estuvimos en las victorias de Pedrosa y los t\u00edtulos de M\u00e1rquez, acompa\u00f1amos en \u00c1frica a Nani Roma y Marc Coma en sus conquistas del Dakar y hemos vibrado con los t\u00edtulos de Toni Bou en Trial. Adem\u00e1s, en nuestro equipo contamos con expertos en el mundo de las dos y cuatro ruedas tanto de la calle y las carreteras, como de los circuitos. Periodistas que han trabajado en revistas y publicaciones para hacerte llegar desde rutas y consejos de mantenimiento, a curiosidades y trucos de pilotaje.\",\"sameAs\":[\"https:\\\/\\\/www.facebook.com\\\/BoxRepsol\\\/\",\"https:\\\/\\\/www.instagram.com\\\/box_repsol\\\/\",\"https:\\\/\\\/x.com\\\/https:\\\/\\\/twitter.com\\\/box_repsol\",\"https:\\\/\\\/www.youtube.com\\\/@Boxrepsol\"],\"url\":\"https:\\\/\\\/www.boxrepsol.com\\\/es\\\/author\\\/redaccion-box-repsol\\\/\"}]}<\/script>\n<!-- \/ Yoast SEO plugin. -->","yoast_head_json":{"title":"GP de Portugal 2021 - Marc M\u00e1rquez finaliza sexto en su primer viernes de la temporada","description":"El piloto del equipo Repsol Honda ha completado con \u00e9xito sus dos primeros entrenamientos libres del a\u00f1o. Pol Espargar\u00f3 ha finalizado la jornada duod\u00e9cimo.","canonical":"https:\/\/www.boxrepsol.com\/es\/motogp\/marc-marquez-finaliza-sexto-primer-viernes-la-temporada\/","og_locale":"es_ES","og_type":"article","og_title":"GP de Portugal 2021 - Marc M\u00e1rquez finaliza sexto en su primer viernes de la temporada","og_description":"El piloto del equipo Repsol Honda ha completado con \u00e9xito sus dos primeros entrenamientos libres del a\u00f1o. Pol Espargar\u00f3 ha finalizado la jornada duod\u00e9cimo.","og_url":"https:\/\/www.boxrepsol.com\/es\/motogp\/marc-marquez-finaliza-sexto-primer-viernes-la-temporada\/","og_site_name":"Box Repsol","article_publisher":"https:\/\/www.facebook.com\/BoxRepsol","article_author":"https:\/\/www.facebook.com\/BoxRepsol\/","article_published_time":"2021-04-16T02:00:00+00:00","article_modified_time":"2024-04-12T18:36:50+00:00","og_image":[{"width":1280,"height":800,"url":"https:\/\/bxrepsol.s3.eu-west-1.amazonaws.com\/static\/2022\/08\/09130355\/Marc-Marquez-en-Portimao-FP2-2021.jpg","type":"image\/jpeg"}],"author":"Redacci\u00f3n Box Repsol","twitter_card":"summary_large_image","twitter_creator":"@https:\/\/twitter.com\/box_repsol","twitter_site":"@box_repsol","twitter_misc":{"Written by":"Redacci\u00f3n Box Repsol","Est. reading time":"2 minutos"},"schema":{"@context":"https:\/\/schema.org","@graph":[{"@type":"Article","@id":"https:\/\/www.boxrepsol.com\/es\/motogp\/marc-marquez-finaliza-sexto-primer-viernes-la-temporada\/#article","isPartOf":{"@id":"https:\/\/www.boxrepsol.com\/es\/motogp\/marc-marquez-finaliza-sexto-primer-viernes-la-temporada\/"},"author":{"name":"Redacci\u00f3n Box Repsol","@id":"https:\/\/www.boxrepsol.com\/es\/#\/schema\/person\/c5c2138f2cca251b0ad92b7086bb60b7"},"headline":"Marc M\u00e1rquez finaliza sexto en su primer viernes de la temporada","datePublished":"2021-04-16T02:00:00+00:00","dateModified":"2024-04-12T18:36:50+00:00","mainEntityOfPage":{"@id":"https:\/\/www.boxrepsol.com\/es\/motogp\/marc-marquez-finaliza-sexto-primer-viernes-la-temporada\/"},"wordCount":447,"commentCount":0,"publisher":{"@id":"https:\/\/www.boxrepsol.com\/es\/#organization"},"image":{"@id":"https:\/\/www.boxrepsol.com\/es\/motogp\/marc-marquez-finaliza-sexto-primer-viernes-la-temporada\/#primaryimage"},"thumbnailUrl":"https:\/\/bxrepsol.s3.eu-west-1.amazonaws.com\/static\/2022\/08\/09130355\/Marc-Marquez-en-Portimao-FP2-2021.jpg","keywords":["2021","Campeonato del Mundo de Motociclismo","Marc M\u00e1rquez"],"articleSection":["MotoGP"],"inLanguage":"es","potentialAction":[{"@type":"CommentAction","name":"Comment","target":["https:\/\/www.boxrepsol.com\/es\/motogp\/marc-marquez-finaliza-sexto-primer-viernes-la-temporada\/#respond"]}]},{"@type":"WebPage","@id":"https:\/\/www.boxrepsol.com\/es\/motogp\/marc-marquez-finaliza-sexto-primer-viernes-la-temporada\/","url":"https:\/\/www.boxrepsol.com\/es\/motogp\/marc-marquez-finaliza-sexto-primer-viernes-la-temporada\/","name":"GP de Portugal 2021 - Marc M\u00e1rquez finaliza sexto en su primer viernes de la temporada","isPartOf":{"@id":"https:\/\/www.boxrepsol.com\/es\/#website"},"primaryImageOfPage":{"@id":"https:\/\/www.boxrepsol.com\/es\/motogp\/marc-marquez-finaliza-sexto-primer-viernes-la-temporada\/#primaryimage"},"image":{"@id":"https:\/\/www.boxrepsol.com\/es\/motogp\/marc-marquez-finaliza-sexto-primer-viernes-la-temporada\/#primaryimage"},"thumbnailUrl":"https:\/\/bxrepsol.s3.eu-west-1.amazonaws.com\/static\/2022\/08\/09130355\/Marc-Marquez-en-Portimao-FP2-2021.jpg","datePublished":"2021-04-16T02:00:00+00:00","dateModified":"2024-04-12T18:36:50+00:00","description":"El piloto del equipo Repsol Honda ha completado con \u00e9xito sus dos primeros entrenamientos libres del a\u00f1o. Pol Espargar\u00f3 ha finalizado la jornada duod\u00e9cimo.","breadcrumb":{"@id":"https:\/\/www.boxrepsol.com\/es\/motogp\/marc-marquez-finaliza-sexto-primer-viernes-la-temporada\/#breadcrumb"},"inLanguage":"es","potentialAction":[{"@type":"ReadAction","target":["https:\/\/www.boxrepsol.com\/es\/motogp\/marc-marquez-finaliza-sexto-primer-viernes-la-temporada\/"]}]},{"@type":"ImageObject","inLanguage":"es","@id":"https:\/\/www.boxrepsol.com\/es\/motogp\/marc-marquez-finaliza-sexto-primer-viernes-la-temporada\/#primaryimage","url":"https:\/\/bxrepsol.s3.eu-west-1.amazonaws.com\/static\/2022\/08\/09130355\/Marc-Marquez-en-Portimao-FP2-2021.jpg","contentUrl":"https:\/\/bxrepsol.s3.eu-west-1.amazonaws.com\/static\/2022\/08\/09130355\/Marc-Marquez-en-Portimao-FP2-2021.jpg","width":1280,"height":800,"caption":"Marc M\u00e1rquez finaliza sexto en su primer viernes de la temporada"},{"@type":"BreadcrumbList","@id":"https:\/\/www.boxrepsol.com\/es\/motogp\/marc-marquez-finaliza-sexto-primer-viernes-la-temporada\/#breadcrumb","itemListElement":[{"@type":"ListItem","position":1,"name":"Home","item":"https:\/\/www.boxrepsol.com\/es\/"},{"@type":"ListItem","position":2,"name":"Marc M\u00e1rquez finaliza sexto en su primer viernes de la temporada"}]},{"@type":"WebSite","@id":"https:\/\/www.boxrepsol.com\/es\/#website","url":"https:\/\/www.boxrepsol.com\/es\/","name":"Box Repsol","description":"Box Repsol Site","publisher":{"@id":"https:\/\/www.boxrepsol.com\/es\/#organization"},"potentialAction":[{"@type":"SearchAction","target":{"@type":"EntryPoint","urlTemplate":"https:\/\/www.boxrepsol.com\/es\/?s={search_term_string}"},"query-input":{"@type":"PropertyValueSpecification","valueRequired":true,"valueName":"search_term_string"}}],"inLanguage":"es"},{"@type":"Organization","@id":"https:\/\/www.boxrepsol.com\/es\/#organization","name":"Box Repsol","url":"https:\/\/www.boxrepsol.com\/es\/","logo":{"@type":"ImageObject","inLanguage":"es","@id":"https:\/\/www.boxrepsol.com\/es\/#\/schema\/logo\/image\/","url":"https:\/\/bxrepsol.s3.eu-west-1.amazonaws.com\/static\/2025\/07\/30083337\/favicon-96x96-1.png","contentUrl":"https:\/\/bxrepsol.s3.eu-west-1.amazonaws.com\/static\/2025\/07\/30083337\/favicon-96x96-1.png","width":96,"height":96,"caption":"Box Repsol"},"image":{"@id":"https:\/\/www.boxrepsol.com\/es\/#\/schema\/logo\/image\/"},"sameAs":["https:\/\/www.facebook.com\/BoxRepsol","https:\/\/x.com\/box_repsol","http:\/\/instagram.com\/box_repsol","https:\/\/www.youtube.com\/user\/RepsolCompeticion","https:\/\/www.flickr.com\/photos\/box_repsol\/"]},{"@type":"Person","@id":"https:\/\/www.boxrepsol.com\/es\/#\/schema\/person\/c5c2138f2cca251b0ad92b7086bb60b7","name":"Redacci\u00f3n Box Repsol","image":{"@type":"ImageObject","inLanguage":"es","@id":"https:\/\/secure.gravatar.com\/avatar\/adf7b77e38b4419baf32c7e9c21dde01f4e40df611f0978e3006fc4ba0aaab7e?s=96&d=mm&r=g","url":"https:\/\/secure.gravatar.com\/avatar\/adf7b77e38b4419baf32c7e9c21dde01f4e40df611f0978e3006fc4ba0aaab7e?s=96&d=mm&r=g","contentUrl":"https:\/\/secure.gravatar.com\/avatar\/adf7b77e38b4419baf32c7e9c21dde01f4e40df611f0978e3006fc4ba0aaab7e?s=96&d=mm&r=g","caption":"Redacci\u00f3n Box Repsol"},"description":"Box Repsol lo forma un equipo de periodistas, community managers, dise\u00f1adores y fot\u00f3grafos con m\u00e1s de 20 a\u00f1os de experiencia en el mundo del motorsport. Hemos vivido el primer mundial de un espa\u00f1ol en la categor\u00eda reina de motociclismo con \u00c1lex Crivill\u00e9, estuvimos en las victorias de Pedrosa y los t\u00edtulos de M\u00e1rquez, acompa\u00f1amos en \u00c1frica a Nani Roma y Marc Coma en sus conquistas del Dakar y hemos vibrado con los t\u00edtulos de Toni Bou en Trial. Adem\u00e1s, en nuestro equipo contamos con expertos en el mundo de las dos y cuatro ruedas tanto de la calle y las carreteras, como de los circuitos. Periodistas que han trabajado en revistas y publicaciones para hacerte llegar desde rutas y consejos de mantenimiento, a curiosidades y trucos de pilotaje.","sameAs":["https:\/\/www.facebook.com\/BoxRepsol\/","https:\/\/www.instagram.com\/box_repsol\/","https:\/\/x.com\/https:\/\/twitter.com\/box_repsol","https:\/\/www.youtube.com\/@Boxrepsol"],"url":"https:\/\/www.boxrepsol.com\/es\/author\/redaccion-box-repsol\/"}]}},"_links":{"self":[{"href":"https:\/\/www.boxrepsol.com\/es\/wp-json\/wp\/v2\/posts\/94910","targetHints":{"allow":["GET"]}}],"collection":[{"href":"https:\/\/www.boxrepsol.com\/es\/wp-json\/wp\/v2\/posts"}],"about":[{"href":"https:\/\/www.boxrepsol.com\/es\/wp-json\/wp\/v2\/types\/post"}],"author":[{"embeddable":true,"href":"https:\/\/www.boxrepsol.com\/es\/wp-json\/wp\/v2\/users\/43146"}],"replies":[{"embeddable":true,"href":"https:\/\/www.boxrepsol.com\/es\/wp-json\/wp\/v2\/comments?post=94910"}],"version-history":[{"count":2,"href":"https:\/\/www.boxrepsol.com\/es\/wp-json\/wp\/v2\/posts\/94910\/revisions"}],"predecessor-version":[{"id":103779,"href":"https:\/\/www.boxrepsol.com\/es\/wp-json\/wp\/v2\/posts\/94910\/revisions\/103779"}],"wp:featuredmedia":[{"embeddable":true,"href":"https:\/\/www.boxrepsol.com\/es\/wp-json\/wp\/v2\/media\/42774"}],"wp:attachment":[{"href":"https:\/\/www.boxrepsol.com\/es\/wp-json\/wp\/v2\/media?parent=94910"}],"wp:term":[{"taxonomy":"category","embeddable":true,"href":"https:\/\/www.boxrepsol.com\/es\/wp-json\/wp\/v2\/categories?post=94910"},{"taxonomy":"post_tag","embeddable":true,"href":"https:\/\/www.boxrepsol.com\/es\/wp-json\/wp\/v2\/tags?post=94910"}],"curies":[{"name":"wp","href":"https:\/\/api.w.org\/{rel}","templated":true}]}}