{"id":94897,"date":"2021-04-04T00:00:00","date_gmt":"2021-04-04T02:00:00","guid":{"rendered":"http:\/\/pre.boxrepsol.com\/sin-categorizar\/espargaro-doha\/"},"modified":"2023-06-29T08:54:39","modified_gmt":"2023-06-29T10:54:39","slug":"espargaro-doha","status":"publish","type":"post","link":"https:\/\/www.boxrepsol.com\/es\/motogp\/espargaro-doha\/","title":{"rendered":"Pol Espargar\u00f3 sigue sumando puntos en el GP de Doha"},"content":{"rendered":"\n<p>Pol Espargar\u00f3, que sal\u00eda decimoquinto en la parrilla, ha logrado sumar tres puntos en su segunda carrera como piloto oficial del equipo Repsol Honda. Tras realizar una gran salida y lograr remontar hasta situarse d\u00e9cimo, Espargar\u00f3 ha cometido un error en la segunda mitad de la carrera que le ha provocado retroceder hasta el decimotercer puesto, sin posibilidad ya de recuperar posiciones.<\/p>\n\n\n\n<p>Su compa\u00f1ero de equipo, Stefan Bradl, tambi\u00e9n ha podido sumar puntos de forma consecutiva esta temporada. El piloto alem\u00e1n del equipo Repsol Honda ha finalizado decimocuarto, consiguiendo dos puntos y qued\u00e1ndose a poco m\u00e1s de un segundo del top 10.<\/p>\n\n\n\n<p>Despu\u00e9s del Gran Premio de Doha, Pol Espargar\u00f3 ocupa la d\u00e9cima posici\u00f3n con 11 puntos y Stefan Bradl es decimotercero con 7 puntos. La tercera cita de la temporada arrancar\u00e1 el pr\u00f3ximo 16 de abril en Portimao con el primer entrenamiento libre del Gran Premio de Portugal.<\/p>\n\n\n\n<figure class=\"wp-block-image\"><img decoding=\"async\" src=\"https:\/\/bxrepsol.s3.eu-west-1.amazonaws.com\/static\/2022\/08\/09130156\/foto-carrera-doha-2.jpg\" alt=\"\"\/><\/figure>\n\n\n\n<h2 class=\"wp-block-heading\">Declaraciones de los pilotos<\/h2>\n\n\n\n<p><a href=\"https:\/\/twitter.com\/hashtag\/POL44?src=hash&amp;lang=es\">#POL44<\/a><\/p>\n\n\n\n<p><em>\u201cEn esta carrera hemos demostrado una vez m\u00e1s que nuestro potencial es alto, nuestro ritmo ha sido fuerte, especialmente durante la mitad y el final de la carrera, pero he cometido dos grandes errores que arruinaron nuestras posibilidades. Podr\u00edamos haber estado luchando por mucho m\u00e1s, especialmente sin el segundo error. De nuevo hemos podido terminar cerca del ganador a pesar de esto, pero me quedo pregunt\u00e1ndome qu\u00e9 podr\u00eda haber sido. Estas dos carreras han demostrado que nuestro potencial con la Honda es muy, muy alto, pero todav\u00eda tenemos que trabajar en un par de cosas, incluida la clasificaci\u00f3n. Hay m\u00e1s por venir, lo intentaremos de nuevo en Portimao\u00bb.<br><\/em><\/p>\n\n\n\n<hr class=\"wp-block-separator has-alpha-channel-opacity\"\/>\n\n\n\n<p><a href=\"https:\/\/twitter.com\/hashtag\/SB6?src=hash&amp;lang=es\">#SB6<\/a><\/p>\n\n\n\n<p><em>\u201cLo primero que he hecho cuando he vuelto al box ha sido disculparme por la salida, ha sido mi error. Es un problema que nunca antes hab\u00eda tenido en mi carrera y es muy lamentable porque aqu\u00ed probablemente hemos perdido dos segundos. Despu\u00e9s de este gran error, nuestro ritmo ha sido muy bueno, y he podido atrapar al grupo y pilotar fuerte. Estoy bastante enfadado porque estaba pilotando bien y si no fuera por la salida, podr\u00edamos haber estado a\u00fan m\u00e1s cerca y luchando por posiciones m\u00e1s delanteras. Al final es lo que es. Ahora MotoGP vuelve a Europa y estoy seguro de que volveremos a ver a Honda m\u00e1s fuerte\u201d.<\/em><\/p>\n","protected":false},"excerpt":{"rendered":"<p>Espargar\u00f3 ha finalizado decimotercero el Gran Premio de Doha despu\u00e9s de estar luchando por terminar entre los diez primeros. Stefan Bradl ha finalizado decimocuarto.<\/p>\n","protected":false},"author":1,"featured_media":42653,"comment_status":"open","ping_status":"open","sticky":false,"template":"","format":"standard","meta":{"footnotes":""},"categories":[4],"tags":[194,136,50],"class_list":["post-94897","post","type-post","status-publish","format-standard","hentry","category-motogp","tag-194","tag-campeonato-del-mundo-de-motociclismo","tag-equipo-repsol-honda"],"yoast_head":"<!-- This site is optimized with the Yoast SEO plugin v27.3 - https:\/\/yoast.com\/product\/yoast-seo-wordpress\/ -->\n<title>Pol Espargar\u00f3 sigue sumando puntos en el GP de Doha - Box Repsol<\/title>\n<meta name=\"description\" content=\"Espargar\u00f3 ha finalizado decimotercero el Gran Premio de Doha despu\u00e9s de estar luchando por terminar entre los diez primeros. Stefan Bradl ha finalizado decimocuarto.\" \/>\n<link rel=\"canonical\" href=\"https:\/\/www.boxrepsol.com\/es\/motogp\/espargaro-doha\/\" \/>\n<meta property=\"og:locale\" content=\"es_ES\" \/>\n<meta property=\"og:type\" content=\"article\" \/>\n<meta property=\"og:title\" content=\"Pol Espargar\u00f3 sigue sumando puntos en el GP de Doha - Box Repsol\" \/>\n<meta property=\"og:description\" content=\"Espargar\u00f3 ha finalizado decimotercero el Gran Premio de Doha despu\u00e9s de estar luchando por terminar entre los diez primeros. Stefan Bradl ha finalizado decimocuarto.\" \/>\n<meta property=\"og:url\" content=\"https:\/\/www.boxrepsol.com\/es\/motogp\/espargaro-doha\/\" \/>\n<meta property=\"og:site_name\" content=\"Box Repsol\" \/>\n<meta property=\"article:publisher\" content=\"https:\/\/www.facebook.com\/BoxRepsol\" \/>\n<meta property=\"article:published_time\" content=\"2021-04-04T02:00:00+00:00\" \/>\n<meta property=\"article:modified_time\" content=\"2023-06-29T10:54:39+00:00\" \/>\n<meta property=\"og:image\" content=\"https:\/\/bxrepsol.s3.eu-west-1.amazonaws.com\/static\/2022\/08\/09130157\/foto-carrera-doha-1.jpg\" \/>\n\t<meta property=\"og:image:width\" content=\"1280\" \/>\n\t<meta property=\"og:image:height\" content=\"720\" \/>\n\t<meta property=\"og:image:type\" content=\"image\/jpeg\" \/>\n<meta name=\"author\" content=\"bx_ayesa\" \/>\n<meta name=\"twitter:card\" content=\"summary_large_image\" \/>\n<meta name=\"twitter:creator\" content=\"@box_repsol\" \/>\n<meta name=\"twitter:site\" content=\"@box_repsol\" \/>\n<meta name=\"twitter:label1\" content=\"Written by\" \/>\n\t<meta name=\"twitter:data1\" content=\"bx_ayesa\" \/>\n\t<meta name=\"twitter:label2\" content=\"Est. reading time\" \/>\n\t<meta name=\"twitter:data2\" content=\"2 minutos\" \/>\n<script type=\"application\/ld+json\" class=\"yoast-schema-graph\">{\"@context\":\"https:\\\/\\\/schema.org\",\"@graph\":[{\"@type\":\"Article\",\"@id\":\"https:\\\/\\\/www.boxrepsol.com\\\/es\\\/motogp\\\/espargaro-doha\\\/#article\",\"isPartOf\":{\"@id\":\"https:\\\/\\\/www.boxrepsol.com\\\/es\\\/motogp\\\/espargaro-doha\\\/\"},\"author\":{\"name\":\"bx_ayesa\",\"@id\":\"https:\\\/\\\/www.boxrepsol.com\\\/es\\\/#\\\/schema\\\/person\\\/d9d0f442a4332c7d099d31ffda4747a0\"},\"headline\":\"Pol Espargar\u00f3 sigue sumando puntos en el GP de Doha\",\"datePublished\":\"2021-04-04T02:00:00+00:00\",\"dateModified\":\"2023-06-29T10:54:39+00:00\",\"mainEntityOfPage\":{\"@id\":\"https:\\\/\\\/www.boxrepsol.com\\\/es\\\/motogp\\\/espargaro-doha\\\/\"},\"wordCount\":406,\"commentCount\":0,\"publisher\":{\"@id\":\"https:\\\/\\\/www.boxrepsol.com\\\/es\\\/#organization\"},\"image\":{\"@id\":\"https:\\\/\\\/www.boxrepsol.com\\\/es\\\/motogp\\\/espargaro-doha\\\/#primaryimage\"},\"thumbnailUrl\":\"https:\\\/\\\/bxrepsol.s3.eu-west-1.amazonaws.com\\\/static\\\/2022\\\/08\\\/09130157\\\/foto-carrera-doha-1.jpg\",\"keywords\":[\"2021\",\"Campeonato del Mundo de Motociclismo\",\"Equipo Repsol Honda\"],\"articleSection\":[\"MotoGP\"],\"inLanguage\":\"es\",\"potentialAction\":[{\"@type\":\"CommentAction\",\"name\":\"Comment\",\"target\":[\"https:\\\/\\\/www.boxrepsol.com\\\/es\\\/motogp\\\/espargaro-doha\\\/#respond\"]}]},{\"@type\":\"WebPage\",\"@id\":\"https:\\\/\\\/www.boxrepsol.com\\\/es\\\/motogp\\\/espargaro-doha\\\/\",\"url\":\"https:\\\/\\\/www.boxrepsol.com\\\/es\\\/motogp\\\/espargaro-doha\\\/\",\"name\":\"Pol Espargar\u00f3 sigue sumando puntos en el GP de Doha - Box Repsol\",\"isPartOf\":{\"@id\":\"https:\\\/\\\/www.boxrepsol.com\\\/es\\\/#website\"},\"primaryImageOfPage\":{\"@id\":\"https:\\\/\\\/www.boxrepsol.com\\\/es\\\/motogp\\\/espargaro-doha\\\/#primaryimage\"},\"image\":{\"@id\":\"https:\\\/\\\/www.boxrepsol.com\\\/es\\\/motogp\\\/espargaro-doha\\\/#primaryimage\"},\"thumbnailUrl\":\"https:\\\/\\\/bxrepsol.s3.eu-west-1.amazonaws.com\\\/static\\\/2022\\\/08\\\/09130157\\\/foto-carrera-doha-1.jpg\",\"datePublished\":\"2021-04-04T02:00:00+00:00\",\"dateModified\":\"2023-06-29T10:54:39+00:00\",\"description\":\"Espargar\u00f3 ha finalizado decimotercero el Gran Premio de Doha despu\u00e9s de estar luchando por terminar entre los diez primeros. Stefan Bradl ha finalizado decimocuarto.\",\"breadcrumb\":{\"@id\":\"https:\\\/\\\/www.boxrepsol.com\\\/es\\\/motogp\\\/espargaro-doha\\\/#breadcrumb\"},\"inLanguage\":\"es\",\"potentialAction\":[{\"@type\":\"ReadAction\",\"target\":[\"https:\\\/\\\/www.boxrepsol.com\\\/es\\\/motogp\\\/espargaro-doha\\\/\"]}]},{\"@type\":\"ImageObject\",\"inLanguage\":\"es\",\"@id\":\"https:\\\/\\\/www.boxrepsol.com\\\/es\\\/motogp\\\/espargaro-doha\\\/#primaryimage\",\"url\":\"https:\\\/\\\/bxrepsol.s3.eu-west-1.amazonaws.com\\\/static\\\/2022\\\/08\\\/09130157\\\/foto-carrera-doha-1.jpg\",\"contentUrl\":\"https:\\\/\\\/bxrepsol.s3.eu-west-1.amazonaws.com\\\/static\\\/2022\\\/08\\\/09130157\\\/foto-carrera-doha-1.jpg\",\"width\":1280,\"height\":720,\"caption\":\"foto-carrera-doha-1\"},{\"@type\":\"BreadcrumbList\",\"@id\":\"https:\\\/\\\/www.boxrepsol.com\\\/es\\\/motogp\\\/espargaro-doha\\\/#breadcrumb\",\"itemListElement\":[{\"@type\":\"ListItem\",\"position\":1,\"name\":\"Home\",\"item\":\"https:\\\/\\\/www.boxrepsol.com\\\/es\\\/\"},{\"@type\":\"ListItem\",\"position\":2,\"name\":\"Pol Espargar\u00f3 sigue sumando puntos en el GP de Doha\"}]},{\"@type\":\"WebSite\",\"@id\":\"https:\\\/\\\/www.boxrepsol.com\\\/es\\\/#website\",\"url\":\"https:\\\/\\\/www.boxrepsol.com\\\/es\\\/\",\"name\":\"Box Repsol\",\"description\":\"Box Repsol Site\",\"publisher\":{\"@id\":\"https:\\\/\\\/www.boxrepsol.com\\\/es\\\/#organization\"},\"potentialAction\":[{\"@type\":\"SearchAction\",\"target\":{\"@type\":\"EntryPoint\",\"urlTemplate\":\"https:\\\/\\\/www.boxrepsol.com\\\/es\\\/?s={search_term_string}\"},\"query-input\":{\"@type\":\"PropertyValueSpecification\",\"valueRequired\":true,\"valueName\":\"search_term_string\"}}],\"inLanguage\":\"es\"},{\"@type\":\"Organization\",\"@id\":\"https:\\\/\\\/www.boxrepsol.com\\\/es\\\/#organization\",\"name\":\"Box Repsol\",\"url\":\"https:\\\/\\\/www.boxrepsol.com\\\/es\\\/\",\"logo\":{\"@type\":\"ImageObject\",\"inLanguage\":\"es\",\"@id\":\"https:\\\/\\\/www.boxrepsol.com\\\/es\\\/#\\\/schema\\\/logo\\\/image\\\/\",\"url\":\"https:\\\/\\\/bxrepsol.s3.eu-west-1.amazonaws.com\\\/static\\\/2025\\\/07\\\/30083337\\\/favicon-96x96-1.png\",\"contentUrl\":\"https:\\\/\\\/bxrepsol.s3.eu-west-1.amazonaws.com\\\/static\\\/2025\\\/07\\\/30083337\\\/favicon-96x96-1.png\",\"width\":96,\"height\":96,\"caption\":\"Box Repsol\"},\"image\":{\"@id\":\"https:\\\/\\\/www.boxrepsol.com\\\/es\\\/#\\\/schema\\\/logo\\\/image\\\/\"},\"sameAs\":[\"https:\\\/\\\/www.facebook.com\\\/BoxRepsol\",\"https:\\\/\\\/x.com\\\/box_repsol\",\"http:\\\/\\\/instagram.com\\\/box_repsol\",\"https:\\\/\\\/www.youtube.com\\\/user\\\/RepsolCompeticion\",\"https:\\\/\\\/www.flickr.com\\\/photos\\\/box_repsol\\\/\"]},{\"@type\":\"Person\",\"@id\":\"https:\\\/\\\/www.boxrepsol.com\\\/es\\\/#\\\/schema\\\/person\\\/d9d0f442a4332c7d099d31ffda4747a0\",\"name\":\"bx_ayesa\",\"image\":{\"@type\":\"ImageObject\",\"inLanguage\":\"es\",\"@id\":\"https:\\\/\\\/secure.gravatar.com\\\/avatar\\\/059e1b9d3585083708845ba70e8dd968f143ff35f5e0e10cf2d1e7afe2c6a878?s=96&d=mm&r=g\",\"url\":\"https:\\\/\\\/secure.gravatar.com\\\/avatar\\\/059e1b9d3585083708845ba70e8dd968f143ff35f5e0e10cf2d1e7afe2c6a878?s=96&d=mm&r=g\",\"contentUrl\":\"https:\\\/\\\/secure.gravatar.com\\\/avatar\\\/059e1b9d3585083708845ba70e8dd968f143ff35f5e0e10cf2d1e7afe2c6a878?s=96&d=mm&r=g\",\"caption\":\"bx_ayesa\"},\"sameAs\":[\"http:\\\/\\\/54.155.157.200\"],\"url\":\"https:\\\/\\\/www.boxrepsol.com\\\/es\\\/author\\\/bx_ayesa\\\/\"}]}<\/script>\n<!-- \/ Yoast SEO plugin. -->","yoast_head_json":{"title":"Pol Espargar\u00f3 sigue sumando puntos en el GP de Doha - Box Repsol","description":"Espargar\u00f3 ha finalizado decimotercero el Gran Premio de Doha despu\u00e9s de estar luchando por terminar entre los diez primeros. Stefan Bradl ha finalizado decimocuarto.","canonical":"https:\/\/www.boxrepsol.com\/es\/motogp\/espargaro-doha\/","og_locale":"es_ES","og_type":"article","og_title":"Pol Espargar\u00f3 sigue sumando puntos en el GP de Doha - Box Repsol","og_description":"Espargar\u00f3 ha finalizado decimotercero el Gran Premio de Doha despu\u00e9s de estar luchando por terminar entre los diez primeros. Stefan Bradl ha finalizado decimocuarto.","og_url":"https:\/\/www.boxrepsol.com\/es\/motogp\/espargaro-doha\/","og_site_name":"Box Repsol","article_publisher":"https:\/\/www.facebook.com\/BoxRepsol","article_published_time":"2021-04-04T02:00:00+00:00","article_modified_time":"2023-06-29T10:54:39+00:00","og_image":[{"width":1280,"height":720,"url":"https:\/\/bxrepsol.s3.eu-west-1.amazonaws.com\/static\/2022\/08\/09130157\/foto-carrera-doha-1.jpg","type":"image\/jpeg"}],"author":"bx_ayesa","twitter_card":"summary_large_image","twitter_creator":"@box_repsol","twitter_site":"@box_repsol","twitter_misc":{"Written by":"bx_ayesa","Est. reading time":"2 minutos"},"schema":{"@context":"https:\/\/schema.org","@graph":[{"@type":"Article","@id":"https:\/\/www.boxrepsol.com\/es\/motogp\/espargaro-doha\/#article","isPartOf":{"@id":"https:\/\/www.boxrepsol.com\/es\/motogp\/espargaro-doha\/"},"author":{"name":"bx_ayesa","@id":"https:\/\/www.boxrepsol.com\/es\/#\/schema\/person\/d9d0f442a4332c7d099d31ffda4747a0"},"headline":"Pol Espargar\u00f3 sigue sumando puntos en el GP de Doha","datePublished":"2021-04-04T02:00:00+00:00","dateModified":"2023-06-29T10:54:39+00:00","mainEntityOfPage":{"@id":"https:\/\/www.boxrepsol.com\/es\/motogp\/espargaro-doha\/"},"wordCount":406,"commentCount":0,"publisher":{"@id":"https:\/\/www.boxrepsol.com\/es\/#organization"},"image":{"@id":"https:\/\/www.boxrepsol.com\/es\/motogp\/espargaro-doha\/#primaryimage"},"thumbnailUrl":"https:\/\/bxrepsol.s3.eu-west-1.amazonaws.com\/static\/2022\/08\/09130157\/foto-carrera-doha-1.jpg","keywords":["2021","Campeonato del Mundo de Motociclismo","Equipo Repsol Honda"],"articleSection":["MotoGP"],"inLanguage":"es","potentialAction":[{"@type":"CommentAction","name":"Comment","target":["https:\/\/www.boxrepsol.com\/es\/motogp\/espargaro-doha\/#respond"]}]},{"@type":"WebPage","@id":"https:\/\/www.boxrepsol.com\/es\/motogp\/espargaro-doha\/","url":"https:\/\/www.boxrepsol.com\/es\/motogp\/espargaro-doha\/","name":"Pol Espargar\u00f3 sigue sumando puntos en el GP de Doha - Box Repsol","isPartOf":{"@id":"https:\/\/www.boxrepsol.com\/es\/#website"},"primaryImageOfPage":{"@id":"https:\/\/www.boxrepsol.com\/es\/motogp\/espargaro-doha\/#primaryimage"},"image":{"@id":"https:\/\/www.boxrepsol.com\/es\/motogp\/espargaro-doha\/#primaryimage"},"thumbnailUrl":"https:\/\/bxrepsol.s3.eu-west-1.amazonaws.com\/static\/2022\/08\/09130157\/foto-carrera-doha-1.jpg","datePublished":"2021-04-04T02:00:00+00:00","dateModified":"2023-06-29T10:54:39+00:00","description":"Espargar\u00f3 ha finalizado decimotercero el Gran Premio de Doha despu\u00e9s de estar luchando por terminar entre los diez primeros. Stefan Bradl ha finalizado decimocuarto.","breadcrumb":{"@id":"https:\/\/www.boxrepsol.com\/es\/motogp\/espargaro-doha\/#breadcrumb"},"inLanguage":"es","potentialAction":[{"@type":"ReadAction","target":["https:\/\/www.boxrepsol.com\/es\/motogp\/espargaro-doha\/"]}]},{"@type":"ImageObject","inLanguage":"es","@id":"https:\/\/www.boxrepsol.com\/es\/motogp\/espargaro-doha\/#primaryimage","url":"https:\/\/bxrepsol.s3.eu-west-1.amazonaws.com\/static\/2022\/08\/09130157\/foto-carrera-doha-1.jpg","contentUrl":"https:\/\/bxrepsol.s3.eu-west-1.amazonaws.com\/static\/2022\/08\/09130157\/foto-carrera-doha-1.jpg","width":1280,"height":720,"caption":"foto-carrera-doha-1"},{"@type":"BreadcrumbList","@id":"https:\/\/www.boxrepsol.com\/es\/motogp\/espargaro-doha\/#breadcrumb","itemListElement":[{"@type":"ListItem","position":1,"name":"Home","item":"https:\/\/www.boxrepsol.com\/es\/"},{"@type":"ListItem","position":2,"name":"Pol Espargar\u00f3 sigue sumando puntos en el GP de Doha"}]},{"@type":"WebSite","@id":"https:\/\/www.boxrepsol.com\/es\/#website","url":"https:\/\/www.boxrepsol.com\/es\/","name":"Box Repsol","description":"Box Repsol Site","publisher":{"@id":"https:\/\/www.boxrepsol.com\/es\/#organization"},"potentialAction":[{"@type":"SearchAction","target":{"@type":"EntryPoint","urlTemplate":"https:\/\/www.boxrepsol.com\/es\/?s={search_term_string}"},"query-input":{"@type":"PropertyValueSpecification","valueRequired":true,"valueName":"search_term_string"}}],"inLanguage":"es"},{"@type":"Organization","@id":"https:\/\/www.boxrepsol.com\/es\/#organization","name":"Box Repsol","url":"https:\/\/www.boxrepsol.com\/es\/","logo":{"@type":"ImageObject","inLanguage":"es","@id":"https:\/\/www.boxrepsol.com\/es\/#\/schema\/logo\/image\/","url":"https:\/\/bxrepsol.s3.eu-west-1.amazonaws.com\/static\/2025\/07\/30083337\/favicon-96x96-1.png","contentUrl":"https:\/\/bxrepsol.s3.eu-west-1.amazonaws.com\/static\/2025\/07\/30083337\/favicon-96x96-1.png","width":96,"height":96,"caption":"Box Repsol"},"image":{"@id":"https:\/\/www.boxrepsol.com\/es\/#\/schema\/logo\/image\/"},"sameAs":["https:\/\/www.facebook.com\/BoxRepsol","https:\/\/x.com\/box_repsol","http:\/\/instagram.com\/box_repsol","https:\/\/www.youtube.com\/user\/RepsolCompeticion","https:\/\/www.flickr.com\/photos\/box_repsol\/"]},{"@type":"Person","@id":"https:\/\/www.boxrepsol.com\/es\/#\/schema\/person\/d9d0f442a4332c7d099d31ffda4747a0","name":"bx_ayesa","image":{"@type":"ImageObject","inLanguage":"es","@id":"https:\/\/secure.gravatar.com\/avatar\/059e1b9d3585083708845ba70e8dd968f143ff35f5e0e10cf2d1e7afe2c6a878?s=96&d=mm&r=g","url":"https:\/\/secure.gravatar.com\/avatar\/059e1b9d3585083708845ba70e8dd968f143ff35f5e0e10cf2d1e7afe2c6a878?s=96&d=mm&r=g","contentUrl":"https:\/\/secure.gravatar.com\/avatar\/059e1b9d3585083708845ba70e8dd968f143ff35f5e0e10cf2d1e7afe2c6a878?s=96&d=mm&r=g","caption":"bx_ayesa"},"sameAs":["http:\/\/54.155.157.200"],"url":"https:\/\/www.boxrepsol.com\/es\/author\/bx_ayesa\/"}]}},"_links":{"self":[{"href":"https:\/\/www.boxrepsol.com\/es\/wp-json\/wp\/v2\/posts\/94897","targetHints":{"allow":["GET"]}}],"collection":[{"href":"https:\/\/www.boxrepsol.com\/es\/wp-json\/wp\/v2\/posts"}],"about":[{"href":"https:\/\/www.boxrepsol.com\/es\/wp-json\/wp\/v2\/types\/post"}],"author":[{"embeddable":true,"href":"https:\/\/www.boxrepsol.com\/es\/wp-json\/wp\/v2\/users\/1"}],"replies":[{"embeddable":true,"href":"https:\/\/www.boxrepsol.com\/es\/wp-json\/wp\/v2\/comments?post=94897"}],"version-history":[{"count":2,"href":"https:\/\/www.boxrepsol.com\/es\/wp-json\/wp\/v2\/posts\/94897\/revisions"}],"predecessor-version":[{"id":103786,"href":"https:\/\/www.boxrepsol.com\/es\/wp-json\/wp\/v2\/posts\/94897\/revisions\/103786"}],"wp:featuredmedia":[{"embeddable":true,"href":"https:\/\/www.boxrepsol.com\/es\/wp-json\/wp\/v2\/media\/42653"}],"wp:attachment":[{"href":"https:\/\/www.boxrepsol.com\/es\/wp-json\/wp\/v2\/media?parent=94897"}],"wp:term":[{"taxonomy":"category","embeddable":true,"href":"https:\/\/www.boxrepsol.com\/es\/wp-json\/wp\/v2\/categories?post=94897"},{"taxonomy":"post_tag","embeddable":true,"href":"https:\/\/www.boxrepsol.com\/es\/wp-json\/wp\/v2\/tags?post=94897"}],"curies":[{"name":"wp","href":"https:\/\/api.w.org\/{rel}","templated":true}]}}