{"id":94888,"date":"2021-03-29T00:00:00","date_gmt":"2021-03-29T02:00:00","guid":{"rendered":"http:\/\/pre.boxrepsol.com\/sin-categorizar\/primera-carrera-pol-espargaro-nuestra-moto\/"},"modified":"2024-04-17T09:42:28","modified_gmt":"2024-04-17T11:42:28","slug":"primera-carrera-pol-espargaro-nuestra-moto","status":"publish","type":"post","link":"https:\/\/www.boxrepsol.com\/es\/motogp\/primera-carrera-pol-espargaro-nuestra-moto\/","title":{"rendered":"\u201cLa primera carrera de Pol Espargar\u00f3 con nuestra moto es positiva\u201d"},"content":{"rendered":"<p><strong>\u00bfCu\u00e1l era la estrategia para la carrera en Catar?<\/strong><\/p>\n<p>\u201cLa estrategia era terminar la carrera, \u00e9ste era el primer y principal objetivo. Fue una carrera complicada, de repente las temperaturas bajaron antes de la carrera despu\u00e9s de un d\u00eda de viento fuerte. Este es uno de los puntos \u00fanicos de las carreras nocturnas en Catar, las condiciones pueden cambiar mucho. El plan era hacer una buena salida y correr con buen ritmo. En la primera carrera del a\u00f1o siempre se trata de aprender, estudiar a nuestros rivales. Aprendemos mucho a trav\u00e9s de los tests, pero la primera carrera siempre es algo diferente y es importante prestar atenci\u00f3n\u201d.<\/p>\n<p><strong>\u00bfCu\u00e1les son los puntos positivos y negativos despu\u00e9s de la carrera?<\/strong><\/p>\n<p>\u201cLas ca\u00eddas de Takaaki Nakagami y \u00c1lex M\u00e1rquez fueron los puntos negativos, sin duda. Tuvieron un buen ritmo durante todo el fin de semana y ambos estaban siendo m\u00e1s fuertes en la carrera, as\u00ed que es una pena que se cayeran. Yo dir\u00eda que la primera carrera de Pol Espargar\u00f3 con nuestra moto fue positiva. Es cierto que durante las sesiones de entrenamientos le cost\u00f3 en varios puntos, tuvo algunas ca\u00eddas, no encontramos el camino. Pero en la carrera dio un paso claro. Se recuper\u00f3 muy bien y termin\u00f3 a seis segundos de los l\u00edderes; esto fue despu\u00e9s de un incidente con Mir en la primera vuelta y que le hizo perder tres segundos. No est\u00e1 mal para ser su primera carrera y cuando le quitas estos tres segundos de la primera vuelta, es a\u00fan m\u00e1s positivo. Estamos muy contentos con su actuaci\u00f3n. Pudo entender la moto durante la carrera y luego nos dio informaci\u00f3n \u00fatil. Stefan Bradl tambi\u00e9n hizo una buena carrera. Tuvo un problema con el neum\u00e1tico delantero, pero pudo manejarlo y terminar la carrera. Corri\u00f3 con cabeza, recopil\u00f3 puntos y datos importantes para nosotros\u00bb.<\/p>\n<p><strong>\u00bfC\u00f3mo se ha vivido la carrera desde el pitlane?<\/strong><\/p>\n<p>\u201cVimos c\u00f3mo empez\u00f3 Pol y luego el incidente con Mir que le hizo retroceder un poco, pero esto puede suceder en las carreras. La primera vuelta siempre es complicada, sobre todo si no empiezas por delante. Luego comenzamos a ver c\u00f3mo, vuelta a vuelta, Pol se acercaba a los pilotos de delante. Fue muy emocionante y creo que en dos o tres vueltas m\u00e1s habr\u00eda podido meterse en el grupo de delante. No fue un fin de semana f\u00e1cil y afrontamos la pr\u00f3xima carrera aqu\u00ed con m\u00e1s esperanzas que ayer\u201d.<\/p>\n","protected":false},"excerpt":{"rendered":"<p>Alberto Puig fue testigo el pasado domingo de la primera carrera del a\u00f1o en la que Pol Espargar\u00f3 logr\u00f3 sumar sus primeros puntos como piloto del equipo Repsol Honda y en la que su compa\u00f1ero Stefan Bradl finaliz\u00f3 und\u00e9cimo.<\/p>\n","protected":false},"author":43146,"featured_media":40344,"comment_status":"open","ping_status":"open","sticky":false,"template":"","format":"standard","meta":{"footnotes":""},"categories":[4],"tags":[194,136,157],"class_list":["post-94888","post","type-post","status-publish","format-standard","hentry","category-motogp","tag-194","tag-campeonato-del-mundo-de-motociclismo","tag-motogp-catar"],"yoast_head":"<!-- This site is optimized with the Yoast SEO plugin v27.3 - https:\/\/yoast.com\/product\/yoast-seo-wordpress\/ -->\n<title>\u201cLa primera carrera de Pol Espargar\u00f3 con nuestra moto es positiva\u201d - Box Repsol<\/title>\n<meta name=\"description\" content=\"Alberto Puig fue testigo el pasado domingo de la primera carrera del a\u00f1o en la que Pol Espargar\u00f3 logr\u00f3 sumar sus primeros puntos como piloto del equipo.\" \/>\n<link rel=\"canonical\" href=\"https:\/\/www.boxrepsol.com\/es\/motogp\/primera-carrera-pol-espargaro-nuestra-moto\/\" \/>\n<meta property=\"og:locale\" content=\"es_ES\" \/>\n<meta property=\"og:type\" content=\"article\" \/>\n<meta property=\"og:title\" content=\"\u201cLa primera carrera de Pol Espargar\u00f3 con nuestra moto es positiva\u201d - Box Repsol\" \/>\n<meta property=\"og:description\" content=\"Alberto Puig fue testigo el pasado domingo de la primera carrera del a\u00f1o en la que Pol Espargar\u00f3 logr\u00f3 sumar sus primeros puntos como piloto del equipo.\" \/>\n<meta property=\"og:url\" content=\"https:\/\/www.boxrepsol.com\/es\/motogp\/primera-carrera-pol-espargaro-nuestra-moto\/\" \/>\n<meta property=\"og:site_name\" content=\"Box Repsol\" \/>\n<meta property=\"article:publisher\" content=\"https:\/\/www.facebook.com\/BoxRepsol\" \/>\n<meta property=\"article:author\" content=\"https:\/\/www.facebook.com\/BoxRepsol\/\" \/>\n<meta property=\"article:published_time\" content=\"2021-03-29T02:00:00+00:00\" \/>\n<meta property=\"article:modified_time\" content=\"2024-04-17T11:42:28+00:00\" \/>\n<meta property=\"og:image\" content=\"https:\/\/bxrepsol.s3.eu-west-1.amazonaws.com\/static\/2022\/08\/09104013\/Alberto-Puig1-1.jpg\" \/>\n\t<meta property=\"og:image:width\" content=\"1280\" \/>\n\t<meta property=\"og:image:height\" content=\"720\" \/>\n\t<meta property=\"og:image:type\" content=\"image\/jpeg\" \/>\n<meta name=\"author\" content=\"Redacci\u00f3n Box Repsol\" \/>\n<meta name=\"twitter:card\" content=\"summary_large_image\" \/>\n<meta name=\"twitter:creator\" content=\"@https:\/\/twitter.com\/box_repsol\" \/>\n<meta name=\"twitter:site\" content=\"@box_repsol\" \/>\n<meta name=\"twitter:label1\" content=\"Written by\" \/>\n\t<meta name=\"twitter:data1\" content=\"Redacci\u00f3n Box Repsol\" \/>\n\t<meta name=\"twitter:label2\" content=\"Est. reading time\" \/>\n\t<meta name=\"twitter:data2\" content=\"2 minutos\" \/>\n<script type=\"application\/ld+json\" class=\"yoast-schema-graph\">{\"@context\":\"https:\\\/\\\/schema.org\",\"@graph\":[{\"@type\":\"Article\",\"@id\":\"https:\\\/\\\/www.boxrepsol.com\\\/es\\\/motogp\\\/primera-carrera-pol-espargaro-nuestra-moto\\\/#article\",\"isPartOf\":{\"@id\":\"https:\\\/\\\/www.boxrepsol.com\\\/es\\\/motogp\\\/primera-carrera-pol-espargaro-nuestra-moto\\\/\"},\"author\":{\"name\":\"Redacci\u00f3n Box Repsol\",\"@id\":\"https:\\\/\\\/www.boxrepsol.com\\\/es\\\/#\\\/schema\\\/person\\\/c5c2138f2cca251b0ad92b7086bb60b7\"},\"headline\":\"\u201cLa primera carrera de Pol Espargar\u00f3 con nuestra moto es positiva\u201d\",\"datePublished\":\"2021-03-29T02:00:00+00:00\",\"dateModified\":\"2024-04-17T11:42:28+00:00\",\"mainEntityOfPage\":{\"@id\":\"https:\\\/\\\/www.boxrepsol.com\\\/es\\\/motogp\\\/primera-carrera-pol-espargaro-nuestra-moto\\\/\"},\"wordCount\":444,\"commentCount\":0,\"publisher\":{\"@id\":\"https:\\\/\\\/www.boxrepsol.com\\\/es\\\/#organization\"},\"image\":{\"@id\":\"https:\\\/\\\/www.boxrepsol.com\\\/es\\\/motogp\\\/primera-carrera-pol-espargaro-nuestra-moto\\\/#primaryimage\"},\"thumbnailUrl\":\"https:\\\/\\\/bxrepsol.s3.eu-west-1.amazonaws.com\\\/static\\\/2022\\\/08\\\/09104013\\\/Alberto-Puig1-1.jpg\",\"keywords\":[\"2021\",\"Campeonato del Mundo de Motociclismo\",\"MotoGP Catar\"],\"articleSection\":[\"MotoGP\"],\"inLanguage\":\"es\",\"potentialAction\":[{\"@type\":\"CommentAction\",\"name\":\"Comment\",\"target\":[\"https:\\\/\\\/www.boxrepsol.com\\\/es\\\/motogp\\\/primera-carrera-pol-espargaro-nuestra-moto\\\/#respond\"]}]},{\"@type\":\"WebPage\",\"@id\":\"https:\\\/\\\/www.boxrepsol.com\\\/es\\\/motogp\\\/primera-carrera-pol-espargaro-nuestra-moto\\\/\",\"url\":\"https:\\\/\\\/www.boxrepsol.com\\\/es\\\/motogp\\\/primera-carrera-pol-espargaro-nuestra-moto\\\/\",\"name\":\"\u201cLa primera carrera de Pol Espargar\u00f3 con nuestra moto es positiva\u201d - Box Repsol\",\"isPartOf\":{\"@id\":\"https:\\\/\\\/www.boxrepsol.com\\\/es\\\/#website\"},\"primaryImageOfPage\":{\"@id\":\"https:\\\/\\\/www.boxrepsol.com\\\/es\\\/motogp\\\/primera-carrera-pol-espargaro-nuestra-moto\\\/#primaryimage\"},\"image\":{\"@id\":\"https:\\\/\\\/www.boxrepsol.com\\\/es\\\/motogp\\\/primera-carrera-pol-espargaro-nuestra-moto\\\/#primaryimage\"},\"thumbnailUrl\":\"https:\\\/\\\/bxrepsol.s3.eu-west-1.amazonaws.com\\\/static\\\/2022\\\/08\\\/09104013\\\/Alberto-Puig1-1.jpg\",\"datePublished\":\"2021-03-29T02:00:00+00:00\",\"dateModified\":\"2024-04-17T11:42:28+00:00\",\"description\":\"Alberto Puig fue testigo el pasado domingo de la primera carrera del a\u00f1o en la que Pol Espargar\u00f3 logr\u00f3 sumar sus primeros puntos como piloto del equipo.\",\"breadcrumb\":{\"@id\":\"https:\\\/\\\/www.boxrepsol.com\\\/es\\\/motogp\\\/primera-carrera-pol-espargaro-nuestra-moto\\\/#breadcrumb\"},\"inLanguage\":\"es\",\"potentialAction\":[{\"@type\":\"ReadAction\",\"target\":[\"https:\\\/\\\/www.boxrepsol.com\\\/es\\\/motogp\\\/primera-carrera-pol-espargaro-nuestra-moto\\\/\"]}]},{\"@type\":\"ImageObject\",\"inLanguage\":\"es\",\"@id\":\"https:\\\/\\\/www.boxrepsol.com\\\/es\\\/motogp\\\/primera-carrera-pol-espargaro-nuestra-moto\\\/#primaryimage\",\"url\":\"https:\\\/\\\/bxrepsol.s3.eu-west-1.amazonaws.com\\\/static\\\/2022\\\/08\\\/09104013\\\/Alberto-Puig1-1.jpg\",\"contentUrl\":\"https:\\\/\\\/bxrepsol.s3.eu-west-1.amazonaws.com\\\/static\\\/2022\\\/08\\\/09104013\\\/Alberto-Puig1-1.jpg\",\"width\":1280,\"height\":720,\"caption\":\"Alberto Puig\"},{\"@type\":\"BreadcrumbList\",\"@id\":\"https:\\\/\\\/www.boxrepsol.com\\\/es\\\/motogp\\\/primera-carrera-pol-espargaro-nuestra-moto\\\/#breadcrumb\",\"itemListElement\":[{\"@type\":\"ListItem\",\"position\":1,\"name\":\"Home\",\"item\":\"https:\\\/\\\/www.boxrepsol.com\\\/es\\\/\"},{\"@type\":\"ListItem\",\"position\":2,\"name\":\"\u201cLa primera carrera de Pol Espargar\u00f3 con nuestra moto es positiva\u201d\"}]},{\"@type\":\"WebSite\",\"@id\":\"https:\\\/\\\/www.boxrepsol.com\\\/es\\\/#website\",\"url\":\"https:\\\/\\\/www.boxrepsol.com\\\/es\\\/\",\"name\":\"Box Repsol\",\"description\":\"Box Repsol Site\",\"publisher\":{\"@id\":\"https:\\\/\\\/www.boxrepsol.com\\\/es\\\/#organization\"},\"potentialAction\":[{\"@type\":\"SearchAction\",\"target\":{\"@type\":\"EntryPoint\",\"urlTemplate\":\"https:\\\/\\\/www.boxrepsol.com\\\/es\\\/?s={search_term_string}\"},\"query-input\":{\"@type\":\"PropertyValueSpecification\",\"valueRequired\":true,\"valueName\":\"search_term_string\"}}],\"inLanguage\":\"es\"},{\"@type\":\"Organization\",\"@id\":\"https:\\\/\\\/www.boxrepsol.com\\\/es\\\/#organization\",\"name\":\"Box Repsol\",\"url\":\"https:\\\/\\\/www.boxrepsol.com\\\/es\\\/\",\"logo\":{\"@type\":\"ImageObject\",\"inLanguage\":\"es\",\"@id\":\"https:\\\/\\\/www.boxrepsol.com\\\/es\\\/#\\\/schema\\\/logo\\\/image\\\/\",\"url\":\"https:\\\/\\\/bxrepsol.s3.eu-west-1.amazonaws.com\\\/static\\\/2025\\\/07\\\/30083337\\\/favicon-96x96-1.png\",\"contentUrl\":\"https:\\\/\\\/bxrepsol.s3.eu-west-1.amazonaws.com\\\/static\\\/2025\\\/07\\\/30083337\\\/favicon-96x96-1.png\",\"width\":96,\"height\":96,\"caption\":\"Box Repsol\"},\"image\":{\"@id\":\"https:\\\/\\\/www.boxrepsol.com\\\/es\\\/#\\\/schema\\\/logo\\\/image\\\/\"},\"sameAs\":[\"https:\\\/\\\/www.facebook.com\\\/BoxRepsol\",\"https:\\\/\\\/x.com\\\/box_repsol\",\"http:\\\/\\\/instagram.com\\\/box_repsol\",\"https:\\\/\\\/www.youtube.com\\\/user\\\/RepsolCompeticion\",\"https:\\\/\\\/www.flickr.com\\\/photos\\\/box_repsol\\\/\"]},{\"@type\":\"Person\",\"@id\":\"https:\\\/\\\/www.boxrepsol.com\\\/es\\\/#\\\/schema\\\/person\\\/c5c2138f2cca251b0ad92b7086bb60b7\",\"name\":\"Redacci\u00f3n Box Repsol\",\"image\":{\"@type\":\"ImageObject\",\"inLanguage\":\"es\",\"@id\":\"https:\\\/\\\/secure.gravatar.com\\\/avatar\\\/adf7b77e38b4419baf32c7e9c21dde01f4e40df611f0978e3006fc4ba0aaab7e?s=96&d=mm&r=g\",\"url\":\"https:\\\/\\\/secure.gravatar.com\\\/avatar\\\/adf7b77e38b4419baf32c7e9c21dde01f4e40df611f0978e3006fc4ba0aaab7e?s=96&d=mm&r=g\",\"contentUrl\":\"https:\\\/\\\/secure.gravatar.com\\\/avatar\\\/adf7b77e38b4419baf32c7e9c21dde01f4e40df611f0978e3006fc4ba0aaab7e?s=96&d=mm&r=g\",\"caption\":\"Redacci\u00f3n Box Repsol\"},\"description\":\"Box Repsol lo forma un equipo de periodistas, community managers, dise\u00f1adores y fot\u00f3grafos con m\u00e1s de 20 a\u00f1os de experiencia en el mundo del motorsport. Hemos vivido el primer mundial de un espa\u00f1ol en la categor\u00eda reina de motociclismo con \u00c1lex Crivill\u00e9, estuvimos en las victorias de Pedrosa y los t\u00edtulos de M\u00e1rquez, acompa\u00f1amos en \u00c1frica a Nani Roma y Marc Coma en sus conquistas del Dakar y hemos vibrado con los t\u00edtulos de Toni Bou en Trial. Adem\u00e1s, en nuestro equipo contamos con expertos en el mundo de las dos y cuatro ruedas tanto de la calle y las carreteras, como de los circuitos. Periodistas que han trabajado en revistas y publicaciones para hacerte llegar desde rutas y consejos de mantenimiento, a curiosidades y trucos de pilotaje.\",\"sameAs\":[\"https:\\\/\\\/www.facebook.com\\\/BoxRepsol\\\/\",\"https:\\\/\\\/www.instagram.com\\\/box_repsol\\\/\",\"https:\\\/\\\/x.com\\\/https:\\\/\\\/twitter.com\\\/box_repsol\",\"https:\\\/\\\/www.youtube.com\\\/@Boxrepsol\"],\"url\":\"https:\\\/\\\/www.boxrepsol.com\\\/es\\\/author\\\/redaccion-box-repsol\\\/\"}]}<\/script>\n<!-- \/ Yoast SEO plugin. -->","yoast_head_json":{"title":"\u201cLa primera carrera de Pol Espargar\u00f3 con nuestra moto es positiva\u201d - Box Repsol","description":"Alberto Puig fue testigo el pasado domingo de la primera carrera del a\u00f1o en la que Pol Espargar\u00f3 logr\u00f3 sumar sus primeros puntos como piloto del equipo.","canonical":"https:\/\/www.boxrepsol.com\/es\/motogp\/primera-carrera-pol-espargaro-nuestra-moto\/","og_locale":"es_ES","og_type":"article","og_title":"\u201cLa primera carrera de Pol Espargar\u00f3 con nuestra moto es positiva\u201d - Box Repsol","og_description":"Alberto Puig fue testigo el pasado domingo de la primera carrera del a\u00f1o en la que Pol Espargar\u00f3 logr\u00f3 sumar sus primeros puntos como piloto del equipo.","og_url":"https:\/\/www.boxrepsol.com\/es\/motogp\/primera-carrera-pol-espargaro-nuestra-moto\/","og_site_name":"Box Repsol","article_publisher":"https:\/\/www.facebook.com\/BoxRepsol","article_author":"https:\/\/www.facebook.com\/BoxRepsol\/","article_published_time":"2021-03-29T02:00:00+00:00","article_modified_time":"2024-04-17T11:42:28+00:00","og_image":[{"width":1280,"height":720,"url":"https:\/\/bxrepsol.s3.eu-west-1.amazonaws.com\/static\/2022\/08\/09104013\/Alberto-Puig1-1.jpg","type":"image\/jpeg"}],"author":"Redacci\u00f3n Box Repsol","twitter_card":"summary_large_image","twitter_creator":"@https:\/\/twitter.com\/box_repsol","twitter_site":"@box_repsol","twitter_misc":{"Written by":"Redacci\u00f3n Box Repsol","Est. reading time":"2 minutos"},"schema":{"@context":"https:\/\/schema.org","@graph":[{"@type":"Article","@id":"https:\/\/www.boxrepsol.com\/es\/motogp\/primera-carrera-pol-espargaro-nuestra-moto\/#article","isPartOf":{"@id":"https:\/\/www.boxrepsol.com\/es\/motogp\/primera-carrera-pol-espargaro-nuestra-moto\/"},"author":{"name":"Redacci\u00f3n Box Repsol","@id":"https:\/\/www.boxrepsol.com\/es\/#\/schema\/person\/c5c2138f2cca251b0ad92b7086bb60b7"},"headline":"\u201cLa primera carrera de Pol Espargar\u00f3 con nuestra moto es positiva\u201d","datePublished":"2021-03-29T02:00:00+00:00","dateModified":"2024-04-17T11:42:28+00:00","mainEntityOfPage":{"@id":"https:\/\/www.boxrepsol.com\/es\/motogp\/primera-carrera-pol-espargaro-nuestra-moto\/"},"wordCount":444,"commentCount":0,"publisher":{"@id":"https:\/\/www.boxrepsol.com\/es\/#organization"},"image":{"@id":"https:\/\/www.boxrepsol.com\/es\/motogp\/primera-carrera-pol-espargaro-nuestra-moto\/#primaryimage"},"thumbnailUrl":"https:\/\/bxrepsol.s3.eu-west-1.amazonaws.com\/static\/2022\/08\/09104013\/Alberto-Puig1-1.jpg","keywords":["2021","Campeonato del Mundo de Motociclismo","MotoGP Catar"],"articleSection":["MotoGP"],"inLanguage":"es","potentialAction":[{"@type":"CommentAction","name":"Comment","target":["https:\/\/www.boxrepsol.com\/es\/motogp\/primera-carrera-pol-espargaro-nuestra-moto\/#respond"]}]},{"@type":"WebPage","@id":"https:\/\/www.boxrepsol.com\/es\/motogp\/primera-carrera-pol-espargaro-nuestra-moto\/","url":"https:\/\/www.boxrepsol.com\/es\/motogp\/primera-carrera-pol-espargaro-nuestra-moto\/","name":"\u201cLa primera carrera de Pol Espargar\u00f3 con nuestra moto es positiva\u201d - Box Repsol","isPartOf":{"@id":"https:\/\/www.boxrepsol.com\/es\/#website"},"primaryImageOfPage":{"@id":"https:\/\/www.boxrepsol.com\/es\/motogp\/primera-carrera-pol-espargaro-nuestra-moto\/#primaryimage"},"image":{"@id":"https:\/\/www.boxrepsol.com\/es\/motogp\/primera-carrera-pol-espargaro-nuestra-moto\/#primaryimage"},"thumbnailUrl":"https:\/\/bxrepsol.s3.eu-west-1.amazonaws.com\/static\/2022\/08\/09104013\/Alberto-Puig1-1.jpg","datePublished":"2021-03-29T02:00:00+00:00","dateModified":"2024-04-17T11:42:28+00:00","description":"Alberto Puig fue testigo el pasado domingo de la primera carrera del a\u00f1o en la que Pol Espargar\u00f3 logr\u00f3 sumar sus primeros puntos como piloto del equipo.","breadcrumb":{"@id":"https:\/\/www.boxrepsol.com\/es\/motogp\/primera-carrera-pol-espargaro-nuestra-moto\/#breadcrumb"},"inLanguage":"es","potentialAction":[{"@type":"ReadAction","target":["https:\/\/www.boxrepsol.com\/es\/motogp\/primera-carrera-pol-espargaro-nuestra-moto\/"]}]},{"@type":"ImageObject","inLanguage":"es","@id":"https:\/\/www.boxrepsol.com\/es\/motogp\/primera-carrera-pol-espargaro-nuestra-moto\/#primaryimage","url":"https:\/\/bxrepsol.s3.eu-west-1.amazonaws.com\/static\/2022\/08\/09104013\/Alberto-Puig1-1.jpg","contentUrl":"https:\/\/bxrepsol.s3.eu-west-1.amazonaws.com\/static\/2022\/08\/09104013\/Alberto-Puig1-1.jpg","width":1280,"height":720,"caption":"Alberto Puig"},{"@type":"BreadcrumbList","@id":"https:\/\/www.boxrepsol.com\/es\/motogp\/primera-carrera-pol-espargaro-nuestra-moto\/#breadcrumb","itemListElement":[{"@type":"ListItem","position":1,"name":"Home","item":"https:\/\/www.boxrepsol.com\/es\/"},{"@type":"ListItem","position":2,"name":"\u201cLa primera carrera de Pol Espargar\u00f3 con nuestra moto es positiva\u201d"}]},{"@type":"WebSite","@id":"https:\/\/www.boxrepsol.com\/es\/#website","url":"https:\/\/www.boxrepsol.com\/es\/","name":"Box Repsol","description":"Box Repsol Site","publisher":{"@id":"https:\/\/www.boxrepsol.com\/es\/#organization"},"potentialAction":[{"@type":"SearchAction","target":{"@type":"EntryPoint","urlTemplate":"https:\/\/www.boxrepsol.com\/es\/?s={search_term_string}"},"query-input":{"@type":"PropertyValueSpecification","valueRequired":true,"valueName":"search_term_string"}}],"inLanguage":"es"},{"@type":"Organization","@id":"https:\/\/www.boxrepsol.com\/es\/#organization","name":"Box Repsol","url":"https:\/\/www.boxrepsol.com\/es\/","logo":{"@type":"ImageObject","inLanguage":"es","@id":"https:\/\/www.boxrepsol.com\/es\/#\/schema\/logo\/image\/","url":"https:\/\/bxrepsol.s3.eu-west-1.amazonaws.com\/static\/2025\/07\/30083337\/favicon-96x96-1.png","contentUrl":"https:\/\/bxrepsol.s3.eu-west-1.amazonaws.com\/static\/2025\/07\/30083337\/favicon-96x96-1.png","width":96,"height":96,"caption":"Box Repsol"},"image":{"@id":"https:\/\/www.boxrepsol.com\/es\/#\/schema\/logo\/image\/"},"sameAs":["https:\/\/www.facebook.com\/BoxRepsol","https:\/\/x.com\/box_repsol","http:\/\/instagram.com\/box_repsol","https:\/\/www.youtube.com\/user\/RepsolCompeticion","https:\/\/www.flickr.com\/photos\/box_repsol\/"]},{"@type":"Person","@id":"https:\/\/www.boxrepsol.com\/es\/#\/schema\/person\/c5c2138f2cca251b0ad92b7086bb60b7","name":"Redacci\u00f3n Box Repsol","image":{"@type":"ImageObject","inLanguage":"es","@id":"https:\/\/secure.gravatar.com\/avatar\/adf7b77e38b4419baf32c7e9c21dde01f4e40df611f0978e3006fc4ba0aaab7e?s=96&d=mm&r=g","url":"https:\/\/secure.gravatar.com\/avatar\/adf7b77e38b4419baf32c7e9c21dde01f4e40df611f0978e3006fc4ba0aaab7e?s=96&d=mm&r=g","contentUrl":"https:\/\/secure.gravatar.com\/avatar\/adf7b77e38b4419baf32c7e9c21dde01f4e40df611f0978e3006fc4ba0aaab7e?s=96&d=mm&r=g","caption":"Redacci\u00f3n Box Repsol"},"description":"Box Repsol lo forma un equipo de periodistas, community managers, dise\u00f1adores y fot\u00f3grafos con m\u00e1s de 20 a\u00f1os de experiencia en el mundo del motorsport. Hemos vivido el primer mundial de un espa\u00f1ol en la categor\u00eda reina de motociclismo con \u00c1lex Crivill\u00e9, estuvimos en las victorias de Pedrosa y los t\u00edtulos de M\u00e1rquez, acompa\u00f1amos en \u00c1frica a Nani Roma y Marc Coma en sus conquistas del Dakar y hemos vibrado con los t\u00edtulos de Toni Bou en Trial. Adem\u00e1s, en nuestro equipo contamos con expertos en el mundo de las dos y cuatro ruedas tanto de la calle y las carreteras, como de los circuitos. Periodistas que han trabajado en revistas y publicaciones para hacerte llegar desde rutas y consejos de mantenimiento, a curiosidades y trucos de pilotaje.","sameAs":["https:\/\/www.facebook.com\/BoxRepsol\/","https:\/\/www.instagram.com\/box_repsol\/","https:\/\/x.com\/https:\/\/twitter.com\/box_repsol","https:\/\/www.youtube.com\/@Boxrepsol"],"url":"https:\/\/www.boxrepsol.com\/es\/author\/redaccion-box-repsol\/"}]}},"_links":{"self":[{"href":"https:\/\/www.boxrepsol.com\/es\/wp-json\/wp\/v2\/posts\/94888","targetHints":{"allow":["GET"]}}],"collection":[{"href":"https:\/\/www.boxrepsol.com\/es\/wp-json\/wp\/v2\/posts"}],"about":[{"href":"https:\/\/www.boxrepsol.com\/es\/wp-json\/wp\/v2\/types\/post"}],"author":[{"embeddable":true,"href":"https:\/\/www.boxrepsol.com\/es\/wp-json\/wp\/v2\/users\/43146"}],"replies":[{"embeddable":true,"href":"https:\/\/www.boxrepsol.com\/es\/wp-json\/wp\/v2\/comments?post=94888"}],"version-history":[{"count":1,"href":"https:\/\/www.boxrepsol.com\/es\/wp-json\/wp\/v2\/posts\/94888\/revisions"}],"predecessor-version":[{"id":115016,"href":"https:\/\/www.boxrepsol.com\/es\/wp-json\/wp\/v2\/posts\/94888\/revisions\/115016"}],"wp:featuredmedia":[{"embeddable":true,"href":"https:\/\/www.boxrepsol.com\/es\/wp-json\/wp\/v2\/media\/40344"}],"wp:attachment":[{"href":"https:\/\/www.boxrepsol.com\/es\/wp-json\/wp\/v2\/media?parent=94888"}],"wp:term":[{"taxonomy":"category","embeddable":true,"href":"https:\/\/www.boxrepsol.com\/es\/wp-json\/wp\/v2\/categories?post=94888"},{"taxonomy":"post_tag","embeddable":true,"href":"https:\/\/www.boxrepsol.com\/es\/wp-json\/wp\/v2\/tags?post=94888"}],"curies":[{"name":"wp","href":"https:\/\/api.w.org\/{rel}","templated":true}]}}