{"id":94881,"date":"2021-03-27T00:00:00","date_gmt":"2021-03-27T02:00:00","guid":{"rendered":"http:\/\/pre.boxrepsol.com\/sin-categorizar\/qp-espargaro-catar\/"},"modified":"2024-04-17T10:05:37","modified_gmt":"2024-04-17T12:05:37","slug":"qp-espargaro-catar","status":"publish","type":"post","link":"https:\/\/www.boxrepsol.com\/es\/motogp\/qp-espargaro-catar\/","title":{"rendered":"Pol Espargar\u00f3 saldr\u00e1 desde la cuarta fila ma\u00f1ana en Catar"},"content":{"rendered":"<p>Pol Espargar\u00f3 ha completado hoy su primer entrenamiento de clasificaci\u00f3n con el equipo Repsol Honda registrando un mejor tiempo de 1 minuto, 53 segundos y 930 mil\u00e9simas. El piloto espa\u00f1ol, que gracias al tiempo de ayer pasaba directamente a la Q2, ha ido mejorando su ritmo y sus sensaciones sobre la Honda RC213V, terminando duod\u00e9cimo en la parrilla de salida de la primera carrera del a\u00f1o que se celebrar\u00e1 ma\u00f1ana.<\/p>\n<p>Su compa\u00f1ero de equipo, Stefan Bradl, no ha conseguido esta ma\u00f1ana asegurarse una posici\u00f3n en la Q2. Con un mejor tiempo de 1 minuto, 53 segundos y 995 mil\u00e9simas, el piloto del equipo Repsol Honda saldr\u00e1 ma\u00f1ana desde la decimos\u00e9ptima posici\u00f3n.<\/p>\n<p>Ma\u00f1ana, a las 19.00 horas (CET), tendr\u00e1 lugar en el Circuito Internacional de Losail la primera carrera de la temporada 2021.<\/p>\n<figure>\n        <picture style=\"padding-bottom: 56.25%; background-image: url(https:\/\/www.boxrepsol.com\/wp-content\/uploads\/2021\/03\/pol-caballito-32x18.jpg);\">\n<p>            <noscript><\/noscript>\n        <\/picture><figcaption>Pol Espargar\u00f3 haciendo un caballito en el circuito de Losail<\/figcaption><\/figure>\n<h2>Declaraciones de los pilotos<\/h2>\n<p><a href=\"https:\/\/twitter.com\/hashtag\/POL44?src=hash&#038;lang=es\">#POL44<\/a><\/p>\n<p><em>\u201cAl final nuestras sensaciones han sido buenas, pero durante el d\u00eda hemos buscado soluciones, esto puede suceder cuando todav\u00eda no has pilotado mucho la moto. La FP4 no ha sido una buena sesi\u00f3n y hemos estado trabajando para frenar mejor la moto. Pero hemos reiniciado, ma\u00f1ana pelearemos de nuevo. Creo que podemos estar ah\u00ed en la carrera. Hoy no ha sido un buen d\u00eda, pero me siento preparado para una buena carrera. Necesitamos tener una buena ma\u00f1ana, pero tengo la sensaci\u00f3n de que ser\u00e1 una buena carrera y voy a intentarlo\u201d.<br \/>\n<\/em><\/p>\n<hr\/>\n<p><a href=\"https:\/\/twitter.com\/hashtag\/SB6?src=hash&#038;lang=es\">#SB6<\/a><\/p>\n<p><em>\u201cEl trabajo siempre contin\u00faa; en MotoGP no puedes parar. Hoy hemos tenido un d\u00eda ajetreado y hemos progresado un poco m\u00e1s. En los entrenamientos libres 3 y 4 me he sentido bastante bien, y nuestro ritmo de carrera parece mejor que donde nos hemos clasificado. Todav\u00eda hay algo m\u00e1s de rendimiento que ganar en una vuelta con un neum\u00e1tico nuevo. Pase lo que pase, seguiremos mejorando durante el calentamiento y lucharemos hacia adelante en la carrera para ganar tantas posiciones como sea posible. La temporada acaba de comenzar\u00bb.<br \/>\n<\/em><\/p>\n","protected":false},"excerpt":{"rendered":"<p>El piloto del equipo Repsol Honda ha finalizado el primer entrenamiento clasificatorio del a\u00f1o en duod\u00e9cima posici\u00f3n. Stefan Bradl saldr\u00e1 ma\u00f1ana desde la decimos\u00e9ptima posici\u00f3n en la parrilla.<\/p>\n","protected":false},"author":43146,"featured_media":42607,"comment_status":"open","ping_status":"open","sticky":false,"template":"","format":"standard","meta":{"footnotes":""},"categories":[4],"tags":[194,157],"class_list":["post-94881","post","type-post","status-publish","format-standard","hentry","category-motogp","tag-194","tag-motogp-catar"],"yoast_head":"<!-- This site is optimized with the Yoast SEO plugin v27.3 - https:\/\/yoast.com\/product\/yoast-seo-wordpress\/ -->\n<title>Pol Espargar\u00f3 saldr\u00e1 desde la cuarta fila ma\u00f1ana en Catar - Box Repsol<\/title>\n<meta name=\"description\" content=\"El piloto del equipo Repsol Honda ha finalizado en duod\u00e9cima posici\u00f3n. Stefan Bradl saldr\u00e1 ma\u00f1ana desde la decimos\u00e9ptima posici\u00f3n en la parrilla.\" \/>\n<link rel=\"canonical\" href=\"https:\/\/www.boxrepsol.com\/es\/motogp\/qp-espargaro-catar\/\" \/>\n<meta property=\"og:locale\" content=\"es_ES\" \/>\n<meta property=\"og:type\" content=\"article\" \/>\n<meta property=\"og:title\" content=\"Pol Espargar\u00f3 saldr\u00e1 desde la cuarta fila ma\u00f1ana en Catar - Box Repsol\" \/>\n<meta property=\"og:description\" content=\"El piloto del equipo Repsol Honda ha finalizado en duod\u00e9cima posici\u00f3n. Stefan Bradl saldr\u00e1 ma\u00f1ana desde la decimos\u00e9ptima posici\u00f3n en la parrilla.\" \/>\n<meta property=\"og:url\" content=\"https:\/\/www.boxrepsol.com\/es\/motogp\/qp-espargaro-catar\/\" \/>\n<meta property=\"og:site_name\" content=\"Box Repsol\" \/>\n<meta property=\"article:publisher\" content=\"https:\/\/www.facebook.com\/BoxRepsol\" \/>\n<meta property=\"article:author\" content=\"https:\/\/www.facebook.com\/BoxRepsol\/\" \/>\n<meta property=\"article:published_time\" content=\"2021-03-27T02:00:00+00:00\" \/>\n<meta property=\"article:modified_time\" content=\"2024-04-17T12:05:37+00:00\" \/>\n<meta property=\"og:image\" content=\"https:\/\/bxrepsol.s3.eu-west-1.amazonaws.com\/static\/2022\/08\/09130037\/foto_qp_catar_esparago-1.jpg\" \/>\n\t<meta property=\"og:image:width\" content=\"1280\" \/>\n\t<meta property=\"og:image:height\" content=\"720\" \/>\n\t<meta property=\"og:image:type\" content=\"image\/jpeg\" \/>\n<meta name=\"author\" content=\"Redacci\u00f3n Box Repsol\" \/>\n<meta name=\"twitter:card\" content=\"summary_large_image\" \/>\n<meta name=\"twitter:creator\" content=\"@https:\/\/twitter.com\/box_repsol\" \/>\n<meta name=\"twitter:site\" content=\"@box_repsol\" \/>\n<meta name=\"twitter:label1\" content=\"Written by\" \/>\n\t<meta name=\"twitter:data1\" content=\"Redacci\u00f3n Box Repsol\" \/>\n\t<meta name=\"twitter:label2\" content=\"Est. reading time\" \/>\n\t<meta name=\"twitter:data2\" content=\"2 minutos\" \/>\n<script type=\"application\/ld+json\" class=\"yoast-schema-graph\">{\"@context\":\"https:\\\/\\\/schema.org\",\"@graph\":[{\"@type\":\"Article\",\"@id\":\"https:\\\/\\\/www.boxrepsol.com\\\/es\\\/motogp\\\/qp-espargaro-catar\\\/#article\",\"isPartOf\":{\"@id\":\"https:\\\/\\\/www.boxrepsol.com\\\/es\\\/motogp\\\/qp-espargaro-catar\\\/\"},\"author\":{\"name\":\"Redacci\u00f3n Box Repsol\",\"@id\":\"https:\\\/\\\/www.boxrepsol.com\\\/es\\\/#\\\/schema\\\/person\\\/c5c2138f2cca251b0ad92b7086bb60b7\"},\"headline\":\"Pol Espargar\u00f3 saldr\u00e1 desde la cuarta fila ma\u00f1ana en Catar\",\"datePublished\":\"2021-03-27T02:00:00+00:00\",\"dateModified\":\"2024-04-17T12:05:37+00:00\",\"mainEntityOfPage\":{\"@id\":\"https:\\\/\\\/www.boxrepsol.com\\\/es\\\/motogp\\\/qp-espargaro-catar\\\/\"},\"wordCount\":356,\"commentCount\":0,\"publisher\":{\"@id\":\"https:\\\/\\\/www.boxrepsol.com\\\/es\\\/#organization\"},\"image\":{\"@id\":\"https:\\\/\\\/www.boxrepsol.com\\\/es\\\/motogp\\\/qp-espargaro-catar\\\/#primaryimage\"},\"thumbnailUrl\":\"https:\\\/\\\/bxrepsol.s3.eu-west-1.amazonaws.com\\\/static\\\/2022\\\/08\\\/09130037\\\/foto_qp_catar_esparago-1.jpg\",\"keywords\":[\"2021\",\"MotoGP Catar\"],\"articleSection\":[\"MotoGP\"],\"inLanguage\":\"es\",\"potentialAction\":[{\"@type\":\"CommentAction\",\"name\":\"Comment\",\"target\":[\"https:\\\/\\\/www.boxrepsol.com\\\/es\\\/motogp\\\/qp-espargaro-catar\\\/#respond\"]}]},{\"@type\":\"WebPage\",\"@id\":\"https:\\\/\\\/www.boxrepsol.com\\\/es\\\/motogp\\\/qp-espargaro-catar\\\/\",\"url\":\"https:\\\/\\\/www.boxrepsol.com\\\/es\\\/motogp\\\/qp-espargaro-catar\\\/\",\"name\":\"Pol Espargar\u00f3 saldr\u00e1 desde la cuarta fila ma\u00f1ana en Catar - Box Repsol\",\"isPartOf\":{\"@id\":\"https:\\\/\\\/www.boxrepsol.com\\\/es\\\/#website\"},\"primaryImageOfPage\":{\"@id\":\"https:\\\/\\\/www.boxrepsol.com\\\/es\\\/motogp\\\/qp-espargaro-catar\\\/#primaryimage\"},\"image\":{\"@id\":\"https:\\\/\\\/www.boxrepsol.com\\\/es\\\/motogp\\\/qp-espargaro-catar\\\/#primaryimage\"},\"thumbnailUrl\":\"https:\\\/\\\/bxrepsol.s3.eu-west-1.amazonaws.com\\\/static\\\/2022\\\/08\\\/09130037\\\/foto_qp_catar_esparago-1.jpg\",\"datePublished\":\"2021-03-27T02:00:00+00:00\",\"dateModified\":\"2024-04-17T12:05:37+00:00\",\"description\":\"El piloto del equipo Repsol Honda ha finalizado en duod\u00e9cima posici\u00f3n. Stefan Bradl saldr\u00e1 ma\u00f1ana desde la decimos\u00e9ptima posici\u00f3n en la parrilla.\",\"breadcrumb\":{\"@id\":\"https:\\\/\\\/www.boxrepsol.com\\\/es\\\/motogp\\\/qp-espargaro-catar\\\/#breadcrumb\"},\"inLanguage\":\"es\",\"potentialAction\":[{\"@type\":\"ReadAction\",\"target\":[\"https:\\\/\\\/www.boxrepsol.com\\\/es\\\/motogp\\\/qp-espargaro-catar\\\/\"]}]},{\"@type\":\"ImageObject\",\"inLanguage\":\"es\",\"@id\":\"https:\\\/\\\/www.boxrepsol.com\\\/es\\\/motogp\\\/qp-espargaro-catar\\\/#primaryimage\",\"url\":\"https:\\\/\\\/bxrepsol.s3.eu-west-1.amazonaws.com\\\/static\\\/2022\\\/08\\\/09130037\\\/foto_qp_catar_esparago-1.jpg\",\"contentUrl\":\"https:\\\/\\\/bxrepsol.s3.eu-west-1.amazonaws.com\\\/static\\\/2022\\\/08\\\/09130037\\\/foto_qp_catar_esparago-1.jpg\",\"width\":1280,\"height\":720,\"caption\":\"foto_qp_catar_esparago\"},{\"@type\":\"BreadcrumbList\",\"@id\":\"https:\\\/\\\/www.boxrepsol.com\\\/es\\\/motogp\\\/qp-espargaro-catar\\\/#breadcrumb\",\"itemListElement\":[{\"@type\":\"ListItem\",\"position\":1,\"name\":\"Home\",\"item\":\"https:\\\/\\\/www.boxrepsol.com\\\/es\\\/\"},{\"@type\":\"ListItem\",\"position\":2,\"name\":\"Pol Espargar\u00f3 saldr\u00e1 desde la cuarta fila ma\u00f1ana en Catar\"}]},{\"@type\":\"WebSite\",\"@id\":\"https:\\\/\\\/www.boxrepsol.com\\\/es\\\/#website\",\"url\":\"https:\\\/\\\/www.boxrepsol.com\\\/es\\\/\",\"name\":\"Box Repsol\",\"description\":\"Box Repsol Site\",\"publisher\":{\"@id\":\"https:\\\/\\\/www.boxrepsol.com\\\/es\\\/#organization\"},\"potentialAction\":[{\"@type\":\"SearchAction\",\"target\":{\"@type\":\"EntryPoint\",\"urlTemplate\":\"https:\\\/\\\/www.boxrepsol.com\\\/es\\\/?s={search_term_string}\"},\"query-input\":{\"@type\":\"PropertyValueSpecification\",\"valueRequired\":true,\"valueName\":\"search_term_string\"}}],\"inLanguage\":\"es\"},{\"@type\":\"Organization\",\"@id\":\"https:\\\/\\\/www.boxrepsol.com\\\/es\\\/#organization\",\"name\":\"Box Repsol\",\"url\":\"https:\\\/\\\/www.boxrepsol.com\\\/es\\\/\",\"logo\":{\"@type\":\"ImageObject\",\"inLanguage\":\"es\",\"@id\":\"https:\\\/\\\/www.boxrepsol.com\\\/es\\\/#\\\/schema\\\/logo\\\/image\\\/\",\"url\":\"https:\\\/\\\/bxrepsol.s3.eu-west-1.amazonaws.com\\\/static\\\/2025\\\/07\\\/30083337\\\/favicon-96x96-1.png\",\"contentUrl\":\"https:\\\/\\\/bxrepsol.s3.eu-west-1.amazonaws.com\\\/static\\\/2025\\\/07\\\/30083337\\\/favicon-96x96-1.png\",\"width\":96,\"height\":96,\"caption\":\"Box Repsol\"},\"image\":{\"@id\":\"https:\\\/\\\/www.boxrepsol.com\\\/es\\\/#\\\/schema\\\/logo\\\/image\\\/\"},\"sameAs\":[\"https:\\\/\\\/www.facebook.com\\\/BoxRepsol\",\"https:\\\/\\\/x.com\\\/box_repsol\",\"http:\\\/\\\/instagram.com\\\/box_repsol\",\"https:\\\/\\\/www.youtube.com\\\/user\\\/RepsolCompeticion\",\"https:\\\/\\\/www.flickr.com\\\/photos\\\/box_repsol\\\/\"]},{\"@type\":\"Person\",\"@id\":\"https:\\\/\\\/www.boxrepsol.com\\\/es\\\/#\\\/schema\\\/person\\\/c5c2138f2cca251b0ad92b7086bb60b7\",\"name\":\"Redacci\u00f3n Box Repsol\",\"image\":{\"@type\":\"ImageObject\",\"inLanguage\":\"es\",\"@id\":\"https:\\\/\\\/secure.gravatar.com\\\/avatar\\\/adf7b77e38b4419baf32c7e9c21dde01f4e40df611f0978e3006fc4ba0aaab7e?s=96&d=mm&r=g\",\"url\":\"https:\\\/\\\/secure.gravatar.com\\\/avatar\\\/adf7b77e38b4419baf32c7e9c21dde01f4e40df611f0978e3006fc4ba0aaab7e?s=96&d=mm&r=g\",\"contentUrl\":\"https:\\\/\\\/secure.gravatar.com\\\/avatar\\\/adf7b77e38b4419baf32c7e9c21dde01f4e40df611f0978e3006fc4ba0aaab7e?s=96&d=mm&r=g\",\"caption\":\"Redacci\u00f3n Box Repsol\"},\"description\":\"Box Repsol lo forma un equipo de periodistas, community managers, dise\u00f1adores y fot\u00f3grafos con m\u00e1s de 20 a\u00f1os de experiencia en el mundo del motorsport. Hemos vivido el primer mundial de un espa\u00f1ol en la categor\u00eda reina de motociclismo con \u00c1lex Crivill\u00e9, estuvimos en las victorias de Pedrosa y los t\u00edtulos de M\u00e1rquez, acompa\u00f1amos en \u00c1frica a Nani Roma y Marc Coma en sus conquistas del Dakar y hemos vibrado con los t\u00edtulos de Toni Bou en Trial. Adem\u00e1s, en nuestro equipo contamos con expertos en el mundo de las dos y cuatro ruedas tanto de la calle y las carreteras, como de los circuitos. Periodistas que han trabajado en revistas y publicaciones para hacerte llegar desde rutas y consejos de mantenimiento, a curiosidades y trucos de pilotaje.\",\"sameAs\":[\"https:\\\/\\\/www.facebook.com\\\/BoxRepsol\\\/\",\"https:\\\/\\\/www.instagram.com\\\/box_repsol\\\/\",\"https:\\\/\\\/x.com\\\/https:\\\/\\\/twitter.com\\\/box_repsol\",\"https:\\\/\\\/www.youtube.com\\\/@Boxrepsol\"],\"url\":\"https:\\\/\\\/www.boxrepsol.com\\\/es\\\/author\\\/redaccion-box-repsol\\\/\"}]}<\/script>\n<!-- \/ Yoast SEO plugin. -->","yoast_head_json":{"title":"Pol Espargar\u00f3 saldr\u00e1 desde la cuarta fila ma\u00f1ana en Catar - Box Repsol","description":"El piloto del equipo Repsol Honda ha finalizado en duod\u00e9cima posici\u00f3n. Stefan Bradl saldr\u00e1 ma\u00f1ana desde la decimos\u00e9ptima posici\u00f3n en la parrilla.","canonical":"https:\/\/www.boxrepsol.com\/es\/motogp\/qp-espargaro-catar\/","og_locale":"es_ES","og_type":"article","og_title":"Pol Espargar\u00f3 saldr\u00e1 desde la cuarta fila ma\u00f1ana en Catar - Box Repsol","og_description":"El piloto del equipo Repsol Honda ha finalizado en duod\u00e9cima posici\u00f3n. Stefan Bradl saldr\u00e1 ma\u00f1ana desde la decimos\u00e9ptima posici\u00f3n en la parrilla.","og_url":"https:\/\/www.boxrepsol.com\/es\/motogp\/qp-espargaro-catar\/","og_site_name":"Box Repsol","article_publisher":"https:\/\/www.facebook.com\/BoxRepsol","article_author":"https:\/\/www.facebook.com\/BoxRepsol\/","article_published_time":"2021-03-27T02:00:00+00:00","article_modified_time":"2024-04-17T12:05:37+00:00","og_image":[{"width":1280,"height":720,"url":"https:\/\/bxrepsol.s3.eu-west-1.amazonaws.com\/static\/2022\/08\/09130037\/foto_qp_catar_esparago-1.jpg","type":"image\/jpeg"}],"author":"Redacci\u00f3n Box Repsol","twitter_card":"summary_large_image","twitter_creator":"@https:\/\/twitter.com\/box_repsol","twitter_site":"@box_repsol","twitter_misc":{"Written by":"Redacci\u00f3n Box Repsol","Est. reading time":"2 minutos"},"schema":{"@context":"https:\/\/schema.org","@graph":[{"@type":"Article","@id":"https:\/\/www.boxrepsol.com\/es\/motogp\/qp-espargaro-catar\/#article","isPartOf":{"@id":"https:\/\/www.boxrepsol.com\/es\/motogp\/qp-espargaro-catar\/"},"author":{"name":"Redacci\u00f3n Box Repsol","@id":"https:\/\/www.boxrepsol.com\/es\/#\/schema\/person\/c5c2138f2cca251b0ad92b7086bb60b7"},"headline":"Pol Espargar\u00f3 saldr\u00e1 desde la cuarta fila ma\u00f1ana en Catar","datePublished":"2021-03-27T02:00:00+00:00","dateModified":"2024-04-17T12:05:37+00:00","mainEntityOfPage":{"@id":"https:\/\/www.boxrepsol.com\/es\/motogp\/qp-espargaro-catar\/"},"wordCount":356,"commentCount":0,"publisher":{"@id":"https:\/\/www.boxrepsol.com\/es\/#organization"},"image":{"@id":"https:\/\/www.boxrepsol.com\/es\/motogp\/qp-espargaro-catar\/#primaryimage"},"thumbnailUrl":"https:\/\/bxrepsol.s3.eu-west-1.amazonaws.com\/static\/2022\/08\/09130037\/foto_qp_catar_esparago-1.jpg","keywords":["2021","MotoGP Catar"],"articleSection":["MotoGP"],"inLanguage":"es","potentialAction":[{"@type":"CommentAction","name":"Comment","target":["https:\/\/www.boxrepsol.com\/es\/motogp\/qp-espargaro-catar\/#respond"]}]},{"@type":"WebPage","@id":"https:\/\/www.boxrepsol.com\/es\/motogp\/qp-espargaro-catar\/","url":"https:\/\/www.boxrepsol.com\/es\/motogp\/qp-espargaro-catar\/","name":"Pol Espargar\u00f3 saldr\u00e1 desde la cuarta fila ma\u00f1ana en Catar - Box Repsol","isPartOf":{"@id":"https:\/\/www.boxrepsol.com\/es\/#website"},"primaryImageOfPage":{"@id":"https:\/\/www.boxrepsol.com\/es\/motogp\/qp-espargaro-catar\/#primaryimage"},"image":{"@id":"https:\/\/www.boxrepsol.com\/es\/motogp\/qp-espargaro-catar\/#primaryimage"},"thumbnailUrl":"https:\/\/bxrepsol.s3.eu-west-1.amazonaws.com\/static\/2022\/08\/09130037\/foto_qp_catar_esparago-1.jpg","datePublished":"2021-03-27T02:00:00+00:00","dateModified":"2024-04-17T12:05:37+00:00","description":"El piloto del equipo Repsol Honda ha finalizado en duod\u00e9cima posici\u00f3n. Stefan Bradl saldr\u00e1 ma\u00f1ana desde la decimos\u00e9ptima posici\u00f3n en la parrilla.","breadcrumb":{"@id":"https:\/\/www.boxrepsol.com\/es\/motogp\/qp-espargaro-catar\/#breadcrumb"},"inLanguage":"es","potentialAction":[{"@type":"ReadAction","target":["https:\/\/www.boxrepsol.com\/es\/motogp\/qp-espargaro-catar\/"]}]},{"@type":"ImageObject","inLanguage":"es","@id":"https:\/\/www.boxrepsol.com\/es\/motogp\/qp-espargaro-catar\/#primaryimage","url":"https:\/\/bxrepsol.s3.eu-west-1.amazonaws.com\/static\/2022\/08\/09130037\/foto_qp_catar_esparago-1.jpg","contentUrl":"https:\/\/bxrepsol.s3.eu-west-1.amazonaws.com\/static\/2022\/08\/09130037\/foto_qp_catar_esparago-1.jpg","width":1280,"height":720,"caption":"foto_qp_catar_esparago"},{"@type":"BreadcrumbList","@id":"https:\/\/www.boxrepsol.com\/es\/motogp\/qp-espargaro-catar\/#breadcrumb","itemListElement":[{"@type":"ListItem","position":1,"name":"Home","item":"https:\/\/www.boxrepsol.com\/es\/"},{"@type":"ListItem","position":2,"name":"Pol Espargar\u00f3 saldr\u00e1 desde la cuarta fila ma\u00f1ana en Catar"}]},{"@type":"WebSite","@id":"https:\/\/www.boxrepsol.com\/es\/#website","url":"https:\/\/www.boxrepsol.com\/es\/","name":"Box Repsol","description":"Box Repsol Site","publisher":{"@id":"https:\/\/www.boxrepsol.com\/es\/#organization"},"potentialAction":[{"@type":"SearchAction","target":{"@type":"EntryPoint","urlTemplate":"https:\/\/www.boxrepsol.com\/es\/?s={search_term_string}"},"query-input":{"@type":"PropertyValueSpecification","valueRequired":true,"valueName":"search_term_string"}}],"inLanguage":"es"},{"@type":"Organization","@id":"https:\/\/www.boxrepsol.com\/es\/#organization","name":"Box Repsol","url":"https:\/\/www.boxrepsol.com\/es\/","logo":{"@type":"ImageObject","inLanguage":"es","@id":"https:\/\/www.boxrepsol.com\/es\/#\/schema\/logo\/image\/","url":"https:\/\/bxrepsol.s3.eu-west-1.amazonaws.com\/static\/2025\/07\/30083337\/favicon-96x96-1.png","contentUrl":"https:\/\/bxrepsol.s3.eu-west-1.amazonaws.com\/static\/2025\/07\/30083337\/favicon-96x96-1.png","width":96,"height":96,"caption":"Box Repsol"},"image":{"@id":"https:\/\/www.boxrepsol.com\/es\/#\/schema\/logo\/image\/"},"sameAs":["https:\/\/www.facebook.com\/BoxRepsol","https:\/\/x.com\/box_repsol","http:\/\/instagram.com\/box_repsol","https:\/\/www.youtube.com\/user\/RepsolCompeticion","https:\/\/www.flickr.com\/photos\/box_repsol\/"]},{"@type":"Person","@id":"https:\/\/www.boxrepsol.com\/es\/#\/schema\/person\/c5c2138f2cca251b0ad92b7086bb60b7","name":"Redacci\u00f3n Box Repsol","image":{"@type":"ImageObject","inLanguage":"es","@id":"https:\/\/secure.gravatar.com\/avatar\/adf7b77e38b4419baf32c7e9c21dde01f4e40df611f0978e3006fc4ba0aaab7e?s=96&d=mm&r=g","url":"https:\/\/secure.gravatar.com\/avatar\/adf7b77e38b4419baf32c7e9c21dde01f4e40df611f0978e3006fc4ba0aaab7e?s=96&d=mm&r=g","contentUrl":"https:\/\/secure.gravatar.com\/avatar\/adf7b77e38b4419baf32c7e9c21dde01f4e40df611f0978e3006fc4ba0aaab7e?s=96&d=mm&r=g","caption":"Redacci\u00f3n Box Repsol"},"description":"Box Repsol lo forma un equipo de periodistas, community managers, dise\u00f1adores y fot\u00f3grafos con m\u00e1s de 20 a\u00f1os de experiencia en el mundo del motorsport. Hemos vivido el primer mundial de un espa\u00f1ol en la categor\u00eda reina de motociclismo con \u00c1lex Crivill\u00e9, estuvimos en las victorias de Pedrosa y los t\u00edtulos de M\u00e1rquez, acompa\u00f1amos en \u00c1frica a Nani Roma y Marc Coma en sus conquistas del Dakar y hemos vibrado con los t\u00edtulos de Toni Bou en Trial. Adem\u00e1s, en nuestro equipo contamos con expertos en el mundo de las dos y cuatro ruedas tanto de la calle y las carreteras, como de los circuitos. Periodistas que han trabajado en revistas y publicaciones para hacerte llegar desde rutas y consejos de mantenimiento, a curiosidades y trucos de pilotaje.","sameAs":["https:\/\/www.facebook.com\/BoxRepsol\/","https:\/\/www.instagram.com\/box_repsol\/","https:\/\/x.com\/https:\/\/twitter.com\/box_repsol","https:\/\/www.youtube.com\/@Boxrepsol"],"url":"https:\/\/www.boxrepsol.com\/es\/author\/redaccion-box-repsol\/"}]}},"_links":{"self":[{"href":"https:\/\/www.boxrepsol.com\/es\/wp-json\/wp\/v2\/posts\/94881","targetHints":{"allow":["GET"]}}],"collection":[{"href":"https:\/\/www.boxrepsol.com\/es\/wp-json\/wp\/v2\/posts"}],"about":[{"href":"https:\/\/www.boxrepsol.com\/es\/wp-json\/wp\/v2\/types\/post"}],"author":[{"embeddable":true,"href":"https:\/\/www.boxrepsol.com\/es\/wp-json\/wp\/v2\/users\/43146"}],"replies":[{"embeddable":true,"href":"https:\/\/www.boxrepsol.com\/es\/wp-json\/wp\/v2\/comments?post=94881"}],"version-history":[{"count":4,"href":"https:\/\/www.boxrepsol.com\/es\/wp-json\/wp\/v2\/posts\/94881\/revisions"}],"predecessor-version":[{"id":108754,"href":"https:\/\/www.boxrepsol.com\/es\/wp-json\/wp\/v2\/posts\/94881\/revisions\/108754"}],"wp:featuredmedia":[{"embeddable":true,"href":"https:\/\/www.boxrepsol.com\/es\/wp-json\/wp\/v2\/media\/42607"}],"wp:attachment":[{"href":"https:\/\/www.boxrepsol.com\/es\/wp-json\/wp\/v2\/media?parent=94881"}],"wp:term":[{"taxonomy":"category","embeddable":true,"href":"https:\/\/www.boxrepsol.com\/es\/wp-json\/wp\/v2\/categories?post=94881"},{"taxonomy":"post_tag","embeddable":true,"href":"https:\/\/www.boxrepsol.com\/es\/wp-json\/wp\/v2\/tags?post=94881"}],"curies":[{"name":"wp","href":"https:\/\/api.w.org\/{rel}","templated":true}]}}